{"id":3477,"date":"2025-01-28T15:56:47","date_gmt":"2025-01-28T14:56:47","guid":{"rendered":"https:\/\/www.geopolitics.fr\/?p=3477"},"modified":"2025-01-28T15:56:51","modified_gmt":"2025-01-28T14:56:51","slug":"a-davos-le-chef-de-lonu-denonce-le-recul-des-engagements-des-etats-membres","status":"publish","type":"post","link":"https:\/\/www.geopolitics.fr\/en\/2025\/01\/28\/a-davos-le-chef-de-lonu-denonce-le-recul-des-engagements-des-etats-membres\/","title":{"rendered":"A Davos, le chef de l\u2019ONU d\u00e9nonce le recul des engagements des Etats membres"},"content":{"rendered":"<p class=\"has-medium-font-size wp-block-paragraph\"><em>L\u2019\u00e9lite politique et \u00e9conomique mondiale r\u00e9unie en grand-messe \u00e0 Davos s\u2019est fait tanc\u00e9e mercredi dernier lors d\u2019un discours sans concession du chef de l\u2019ONU Ant\u00f3nio Guterres, celui-ci d\u00e9non\u00e7ant le manque de collaboration multilat\u00e9rale dans un \u00ab monde de moins en moins gouvernable \u00bb, menac\u00e9 par deux dangers existentiels : le changement climatique et l\u2019intelligence artificielle (IA) non r\u00e9glement\u00e9e.<\/em><\/p>\n\n\n\n<p class=\"has-medium-font-size wp-block-paragraph\">Le Secr\u00e9taire g\u00e9n\u00e9ral de l\u2019ONU s\u2019est exprim\u00e9 lors de la r\u00e9union annuelle du Forum \u00e9conomique mondial, un \u00e9v\u00e9nement organis\u00e9 dans les Alpes suisses o\u00f9 se c\u00f4toient politiques, chefs d\u2019\u00c9tat et la cr\u00e8me de PDG des entreprises les plus importantes et les plus influentes du monde.<\/p>\n\n\n\n<p class=\"has-medium-font-size wp-block-paragraph\">Ant\u00f3nio Guterres s\u2019est attaqu\u00e9 sans m\u00e9nagement au th\u00e8me du cru 2025&nbsp;: \u00ab La collaboration \u00e0 l\u2019\u00e8re de l\u2019intelligence \u00bb. Sur un ton particuli\u00e8rement alarmiste, ce dernier n\u2019a pas h\u00e9sit\u00e9&nbsp; \u00e0 affirmer \u00ab&nbsp;<em>qu\u2019il n\u2019y a gu\u00e8re de preuves de collaboration ou d\u2019intelligence et qu\u2019il existe de nombreuses preuves de l\u2019aggravation de nombreux probl\u00e8mes dans le monde, qu\u2019il s\u2019agisse de conflits, d\u2019in\u00e9galit\u00e9s ou d\u2019atteintes aux droits de l\u2019homme<\/em>&nbsp;\u00bb.<\/p>\n\n\n\n<p class=\"has-medium-font-size wp-block-paragraph\">\u00ab&nbsp;<em>La guerre nucl\u00e9aire n\u2019est plus la seule menace existentielle pour l\u2019humanit\u00e9<\/em>&nbsp;\u00bb, a-t-il affirm\u00e9, \u00e9voquant la crise climatique et \u00ab l\u2019expansion incontr\u00f4l\u00e9e \u00bb de l\u2019intelligence artificielle.<\/p>\n\n\n\n<h2 class=\"wp-block-heading\" id=\"h-une-addiction-inquietante-aux-combustibles-fossiles\"><strong>Une addiction inqui\u00e9tante aux combustibles fossiles<\/strong><\/h2>\n\n\n\n<p class=\"has-medium-font-size wp-block-paragraph\">Comparant la d\u00e9pendance aux combustibles fossiles au monstre de Frankenstein, \u00ab <em>n\u2019\u00e9pargnant rien ni personne<\/em> \u00bb, le chef de l\u2019organisation internationale a martel\u00e9 non sans une certaine ironie le fait que \u00ab&nbsp;<em>13 des plus grands ports du monde pour les superp\u00e9troliers, sont sur le point d\u2019\u00eatre submerg\u00e9s par l\u2019\u00e9l\u00e9vation du niveau des mers, cons\u00e9quence de la hausse des temp\u00e9ratures et de la fonte des glaces, caus\u00e9e essentiellement par la combustion du charbon, du p\u00e9trole brut et du gaz naturel<\/em>&nbsp;\u00bb. Puis de constater le ton grave, qu\u2019un certain nombre d\u2019institutions financi\u00e8res et d\u2019industries reviennent sur leurs engagements en mati\u00e8re de climat. Ainsi dit&nbsp;: \u00ab <em>Il s\u2019agit d\u2019une d\u00e9cision \u00e0 courte vue qui, paradoxalement, est \u00e9go\u00efste et va \u00e0 l\u2019encontre du but recherch\u00e9. Vous \u00eates du mauvais c\u00f4t\u00e9 de l\u2019histoire. Vous \u00eates du mauvais c\u00f4t\u00e9 de la science. Et vous \u00eates du mauvais c\u00f4t\u00e9 des consommateurs qui recherchent plus de durabilit\u00e9, pas moins<\/em> \u00bb.<\/p>\n\n\n\n<p class=\"has-medium-font-size wp-block-paragraph\">Dans la sombre perspective d\u2019une \u00e9ni\u00e8me conf\u00e9rence des Nations Unies sur le climat (COP30) qui se tiendra au Br\u00e9sil en cette fin de l\u2019ann\u00e9e, Ant\u00f3nio Guterres a rappel\u00e9 aux dirigeants du monde qu\u2019ils devaient tenir leur promesse de produire de nouveaux plans d\u2019action nationaux sur le climat, \u00e0 l\u2019\u00e9chelle de l\u2019\u00e9conomie bien avant l\u2019\u00e9v\u00e9nement. Mais avec quelle port\u00e9e&nbsp;?<\/p>\n\n\n\n<p class=\"has-medium-font-size wp-block-paragraph\">Dans le leitmotiv habituel de l\u2019organisation et devant une assembl\u00e9e elle aussi habituellement sto\u00efque, les pays en d\u00e9veloppement ont besoin d\u2019une \u00ab <em>augmentation des financements<\/em> \u00bb pour l\u2019action climatique a-t-il une nouvelle fois fait valoir, exhortant non seulement les gouvernements, mais aussi toutes les entreprises et les institutions financi\u00e8res \u00e0 cr\u00e9er des plans de transition solides et responsables.<\/p>\n\n\n\n<h2 class=\"wp-block-heading\" id=\"h-les-fausses-et-inouies-promesses-de-l-ia\"><strong>Les fausses et inou\u00efes promesses de l\u2019IA<\/strong><\/h2>\n\n\n\n<p class=\"has-medium-font-size wp-block-paragraph\">Consid\u00e9rant l\u2019IA comme la prochaine menace existentielle, une arme \u00e0 double tranchant, Ant\u00f3nio Guterres a \u00e9galement soulev\u00e9 la question de cette nouvelle technologie, \u00ab&nbsp;<em>car certes elle est d\u00e9j\u00e0 en train de r\u00e9volutionner l\u2019apprentissage, de diagnostiquer des maladies, d\u2019aider les agriculteurs \u00e0 augmenter leurs rendements et d\u2019am\u00e9liorer le ciblage de l\u2019aide<\/em>. <em>Mais elle s\u2019accompagne de risques profonds si elle n\u2019est pas encadr\u00e9e : elle peut perturber les \u00e9conomies, saper la confiance dans les institutions et aggraver les in\u00e9galit\u00e9s&nbsp;<\/em>\u00bb, a averti le Secr\u00e9taire g\u00e9n\u00e9ral comme une pr\u00e9diction in\u00e9luctable.<\/p>\n\n\n\n<p class=\"has-medium-font-size wp-block-paragraph\">En effet, le Pacte mondial pour le num\u00e9rique, texte int\u00e9gr\u00e9 au Pacte pour l\u2019avenir adopt\u00e9 par les \u00c9tats membres de l\u2019ONU en septembre dernier, propose une \u00ab feuille de route pour exploiter l\u2019immense potentiel de la technologie num\u00e9rique et r\u00e9duire les fractures num\u00e9riques \u00bb, avec une vision commune de l\u2019IA au service de l\u2019humanit\u00e9, et non l\u2019inverse.<\/p>\n\n\n\n<p class=\"has-medium-font-size wp-block-paragraph\">\u00ab&nbsp;<em>Malgr\u00e9 les d\u00e9fis, les Nations Unies ne cesseront jamais d\u2019exiger la paix en s\u2019appuyant sur la Charte des Nations Unies, le droit international et les principes de souverainet\u00e9, d\u2019ind\u00e9pendance politique et d\u2019int\u00e9grit\u00e9 territoriale des \u00c9tats<\/em>&nbsp;\u00bb, a-t-il ainsi pr\u00e9venu.<\/p>\n\n\n\n<p class=\"has-medium-font-size wp-block-paragraph\">La r\u00e9forme des institutions, de l\u2019architecture financi\u00e8re mondiale au Conseil de s\u00e9curit\u00e9 des Nations Unies, est selon le chef de l\u2019ONU, une n\u00e9cessit\u00e9 car les syst\u00e8mes de gouvernance sont souvent mal \u00e9quip\u00e9s pour faire face aux d\u00e9fis actuels.<\/p>\n\n\n\n<p class=\"has-medium-font-size wp-block-paragraph\">\u00ab&nbsp;<em>Mais la r\u00e9alisation de ces changements essentiels, auxquels les dirigeants mondiaux se sont engag\u00e9s lors du Sommet de l\u2019avenir de septembre dernier, ne sera possible qu\u2019avec une volont\u00e9 politique<\/em>&nbsp;\u00bb, a-t-il d\u00e9clar\u00e9, tout en lan\u00e7ant une mise en garde : \u00ab <em>Je ne suis pas convaincu que les dirigeants aient compris<\/em> \u00bb.<\/p>\n\n\n\n<p class=\"has-medium-font-size wp-block-paragraph\">En m\u00eame temps, les promesses n\u2019engagent que ceux qui y croient..<\/p>","protected":false},"excerpt":{"rendered":"<p>L\u2019\u00e9lite politique et \u00e9conomique mondiale r\u00e9unie en grand-messe \u00e0 Davos s\u2019est fait tanc\u00e9e mercredi dernier lors d\u2019un discours sans concession du chef&hellip;<\/p>","protected":false},"author":93,"featured_media":3478,"comment_status":"open","ping_status":"open","sticky":false,"template":"","format":"standard","meta":{"_lmt_disableupdate":"","_lmt_disable":"","footnotes":""},"categories":[41,5,4],"tags":[469,354],"class_list":["post-3477","post","type-post","status-publish","format-standard","has-post-thumbnail","hentry","category-actualite","category-international","category-mis-en-avant","tag-davos","tag-guterres"],"yoast_head":"<!-- This site is optimized with the Yoast SEO Premium plugin v28.1 (Yoast SEO v28.1) - https:\/\/yoast.com\/product\/yoast-seo-premium-wordpress\/ -->\n<title>A Davos, le chef de l\u2019ONU d\u00e9nonce le recul des engagements des Etats membres | Geopolitics.fr<\/title>\n<meta name=\"description\" content=\"A Davos, Guterres a tenu un discours offensif, d\u00e9non\u00e7ant les reculs vis \u00e0 vis du vis-vis du changement climatique et l&#039;IA incontr\u00f4l\u00e9e.\" \/>\n<meta name=\"robots\" content=\"index, follow, max-snippet:-1, max-image-preview:large, max-video-preview:-1\" \/>\n<link rel=\"canonical\" href=\"https:\/\/www.geopolitics.fr\/en\/2025\/01\/28\/a-davos-le-chef-de-lonu-denonce-le-recul-des-engagements-des-etats-membres\/\" \/>\n<meta property=\"og:locale\" content=\"en_GB\" \/>\n<meta property=\"og:type\" content=\"article\" \/>\n<meta property=\"og:title\" content=\"A Davos, le chef de l\u2019ONU d\u00e9nonce le recul des engagements des Etats membres\" \/>\n<meta property=\"og:description\" content=\"A Davos, Guterres a tenu un discours offensif, d\u00e9non\u00e7ant les reculs vis \u00e0 vis du vis-vis du changement climatique et l&#039;IA incontr\u00f4l\u00e9e.\" \/>\n<meta property=\"og:url\" content=\"https:\/\/www.geopolitics.fr\/en\/2025\/01\/28\/a-davos-le-chef-de-lonu-denonce-le-recul-des-engagements-des-etats-membres\/\" \/>\n<meta property=\"og:site_name\" content=\"Geopolitics.fr\" \/>\n<meta property=\"article:publisher\" content=\"https:\/\/www.facebook.com\/people\/Erwan-Davoux\/61557098968092\/\" \/>\n<meta property=\"article:author\" content=\"https:\/\/www.facebook.com\/odelagarde\" \/>\n<meta property=\"article:published_time\" content=\"2025-01-28T14:56:47+00:00\" \/>\n<meta property=\"article:modified_time\" content=\"2025-01-28T14:56:51+00:00\" \/>\n<meta property=\"og:image\" content=\"https:\/\/www.geopolitics.fr\/wp-content\/uploads\/2025\/01\/Guteres-a-Davos.jpg\" \/>\n\t<meta property=\"og:image:width\" content=\"1170\" \/>\n\t<meta property=\"og:image:height\" content=\"530\" \/>\n\t<meta property=\"og:image:type\" content=\"image\/jpeg\" \/>\n<meta name=\"author\" content=\"Olivier DELAGARDE\" \/>\n<meta name=\"twitter:card\" content=\"summary_large_image\" \/>\n<meta name=\"twitter:creator\" content=\"@Geopolitics_Fr\" \/>\n<meta name=\"twitter:site\" content=\"@Geopolitics_Fr\" \/>\n<meta name=\"twitter:label1\" content=\"Written by\" \/>\n\t<meta name=\"twitter:data1\" content=\"Olivier DELAGARDE\" \/>\n\t<meta name=\"twitter:label2\" content=\"Estimated reading time\" \/>\n\t<meta name=\"twitter:data2\" content=\"4 minutes\" \/>\n<script type=\"application\/ld+json\" class=\"yoast-schema-graph\">{\"@context\":\"https:\\\/\\\/schema.org\",\"@graph\":[{\"@type\":\"Article\",\"@id\":\"https:\\\/\\\/www.geopolitics.fr\\\/2025\\\/01\\\/28\\\/a-davos-le-chef-de-lonu-denonce-le-recul-des-engagements-des-etats-membres\\\/#article\",\"isPartOf\":{\"@id\":\"https:\\\/\\\/www.geopolitics.fr\\\/2025\\\/01\\\/28\\\/a-davos-le-chef-de-lonu-denonce-le-recul-des-engagements-des-etats-membres\\\/\"},\"author\":{\"name\":\"Olivier DELAGARDE\",\"@id\":\"https:\\\/\\\/www.geopolitics.fr\\\/#\\\/schema\\\/person\\\/9b98d78234af63d6ad71199d66115350\"},\"headline\":\"A Davos, le chef de l\u2019ONU d\u00e9nonce le recul des engagements des Etats membres\",\"datePublished\":\"2025-01-28T14:56:47+00:00\",\"dateModified\":\"2025-01-28T14:56:51+00:00\",\"mainEntityOfPage\":{\"@id\":\"https:\\\/\\\/www.geopolitics.fr\\\/2025\\\/01\\\/28\\\/a-davos-le-chef-de-lonu-denonce-le-recul-des-engagements-des-etats-membres\\\/\"},\"wordCount\":918,\"commentCount\":0,\"publisher\":{\"@id\":\"https:\\\/\\\/www.geopolitics.fr\\\/#organization\"},\"image\":{\"@id\":\"https:\\\/\\\/www.geopolitics.fr\\\/2025\\\/01\\\/28\\\/a-davos-le-chef-de-lonu-denonce-le-recul-des-engagements-des-etats-membres\\\/#primaryimage\"},\"thumbnailUrl\":\"https:\\\/\\\/www.geopolitics.fr\\\/wp-content\\\/uploads\\\/2025\\\/01\\\/Guteres-a-Davos.jpg\",\"keywords\":[\"DAVOS\",\"GUTERRES\"],\"articleSection\":[\"Actualit\u00e9\",\"International\",\"Mis en AVANT\"],\"inLanguage\":\"en-GB\"},{\"@type\":\"WebPage\",\"@id\":\"https:\\\/\\\/www.geopolitics.fr\\\/2025\\\/01\\\/28\\\/a-davos-le-chef-de-lonu-denonce-le-recul-des-engagements-des-etats-membres\\\/\",\"url\":\"https:\\\/\\\/www.geopolitics.fr\\\/2025\\\/01\\\/28\\\/a-davos-le-chef-de-lonu-denonce-le-recul-des-engagements-des-etats-membres\\\/\",\"name\":\"A Davos, le chef de l\u2019ONU d\u00e9nonce le recul des engagements des Etats membres | Geopolitics.fr\",\"isPartOf\":{\"@id\":\"https:\\\/\\\/www.geopolitics.fr\\\/#website\"},\"primaryImageOfPage\":{\"@id\":\"https:\\\/\\\/www.geopolitics.fr\\\/2025\\\/01\\\/28\\\/a-davos-le-chef-de-lonu-denonce-le-recul-des-engagements-des-etats-membres\\\/#primaryimage\"},\"image\":{\"@id\":\"https:\\\/\\\/www.geopolitics.fr\\\/2025\\\/01\\\/28\\\/a-davos-le-chef-de-lonu-denonce-le-recul-des-engagements-des-etats-membres\\\/#primaryimage\"},\"thumbnailUrl\":\"https:\\\/\\\/www.geopolitics.fr\\\/wp-content\\\/uploads\\\/2025\\\/01\\\/Guteres-a-Davos.jpg\",\"datePublished\":\"2025-01-28T14:56:47+00:00\",\"dateModified\":\"2025-01-28T14:56:51+00:00\",\"description\":\"A Davos, Guterres a tenu un discours offensif, d\u00e9non\u00e7ant les reculs vis \u00e0 vis du vis-vis du changement climatique et l'IA incontr\u00f4l\u00e9e.\",\"breadcrumb\":{\"@id\":\"https:\\\/\\\/www.geopolitics.fr\\\/2025\\\/01\\\/28\\\/a-davos-le-chef-de-lonu-denonce-le-recul-des-engagements-des-etats-membres\\\/#breadcrumb\"},\"inLanguage\":\"en-GB\",\"potentialAction\":[{\"@type\":\"ReadAction\",\"target\":[\"https:\\\/\\\/www.geopolitics.fr\\\/2025\\\/01\\\/28\\\/a-davos-le-chef-de-lonu-denonce-le-recul-des-engagements-des-etats-membres\\\/\"]}]},{\"@type\":\"ImageObject\",\"inLanguage\":\"en-GB\",\"@id\":\"https:\\\/\\\/www.geopolitics.fr\\\/2025\\\/01\\\/28\\\/a-davos-le-chef-de-lonu-denonce-le-recul-des-engagements-des-etats-membres\\\/#primaryimage\",\"url\":\"https:\\\/\\\/www.geopolitics.fr\\\/wp-content\\\/uploads\\\/2025\\\/01\\\/Guteres-a-Davos.jpg\",\"contentUrl\":\"https:\\\/\\\/www.geopolitics.fr\\\/wp-content\\\/uploads\\\/2025\\\/01\\\/Guteres-a-Davos.jpg\",\"width\":1170,\"height\":530},{\"@type\":\"BreadcrumbList\",\"@id\":\"https:\\\/\\\/www.geopolitics.fr\\\/2025\\\/01\\\/28\\\/a-davos-le-chef-de-lonu-denonce-le-recul-des-engagements-des-etats-membres\\\/#breadcrumb\",\"itemListElement\":[{\"@type\":\"ListItem\",\"position\":1,\"name\":\"Accueil\",\"item\":\"https:\\\/\\\/www.geopolitics.fr\\\/\"},{\"@type\":\"ListItem\",\"position\":2,\"name\":\"A Davos, le chef de l\u2019ONU d\u00e9nonce le recul des engagements des Etats membres\"}]},{\"@type\":\"WebSite\",\"@id\":\"https:\\\/\\\/www.geopolitics.fr\\\/#website\",\"url\":\"https:\\\/\\\/www.geopolitics.fr\\\/\",\"name\":\"Geopolitics.fr\",\"description\":\"Geopolitics.fr Analyse politique, relations internationales, d\u00e9fense - ligne \u00e9ditoriale gaullo-chiraquienne\",\"publisher\":{\"@id\":\"https:\\\/\\\/www.geopolitics.fr\\\/#organization\"},\"potentialAction\":[{\"@type\":\"SearchAction\",\"target\":{\"@type\":\"EntryPoint\",\"urlTemplate\":\"https:\\\/\\\/www.geopolitics.fr\\\/?s={search_term_string}\"},\"query-input\":{\"@type\":\"PropertyValueSpecification\",\"valueRequired\":true,\"valueName\":\"search_term_string\"}}],\"inLanguage\":\"en-GB\"},{\"@type\":\"Organization\",\"@id\":\"https:\\\/\\\/www.geopolitics.fr\\\/#organization\",\"name\":\"Geopolitics.fr\",\"url\":\"https:\\\/\\\/www.geopolitics.fr\\\/\",\"logo\":{\"@type\":\"ImageObject\",\"inLanguage\":\"en-GB\",\"@id\":\"https:\\\/\\\/www.geopolitics.fr\\\/#\\\/schema\\\/logo\\\/image\\\/\",\"url\":\"https:\\\/\\\/www.geopolitics.fr\\\/wp-content\\\/uploads\\\/2024\\\/01\\\/logo.jpg\",\"contentUrl\":\"https:\\\/\\\/www.geopolitics.fr\\\/wp-content\\\/uploads\\\/2024\\\/01\\\/logo.jpg\",\"width\":500,\"height\":500,\"caption\":\"Geopolitics.fr\"},\"image\":{\"@id\":\"https:\\\/\\\/www.geopolitics.fr\\\/#\\\/schema\\\/logo\\\/image\\\/\"},\"sameAs\":[\"https:\\\/\\\/www.facebook.com\\\/people\\\/Erwan-Davoux\\\/61557098968092\\\/\",\"https:\\\/\\\/x.com\\\/Geopolitics_Fr\"]},{\"@type\":\"Person\",\"@id\":\"https:\\\/\\\/www.geopolitics.fr\\\/#\\\/schema\\\/person\\\/9b98d78234af63d6ad71199d66115350\",\"name\":\"Olivier DELAGARDE\",\"image\":{\"@type\":\"ImageObject\",\"inLanguage\":\"en-GB\",\"@id\":\"https:\\\/\\\/secure.gravatar.com\\\/avatar\\\/2c50afbd303b51697d9591857ee182bf3ead572fa530da00bb0278cf506c3a97?s=96&d=mm&r=g\",\"url\":\"https:\\\/\\\/secure.gravatar.com\\\/avatar\\\/2c50afbd303b51697d9591857ee182bf3ead572fa530da00bb0278cf506c3a97?s=96&d=mm&r=g\",\"contentUrl\":\"https:\\\/\\\/secure.gravatar.com\\\/avatar\\\/2c50afbd303b51697d9591857ee182bf3ead572fa530da00bb0278cf506c3a97?s=96&d=mm&r=g\",\"caption\":\"Olivier DELAGARDE\"},\"description\":\"Journaliste depuis plus de 20 ans, accr\u00e9dit\u00e9 aupr\u00e8s de l'Organisation des Nations Unies, de la Ligue des Etats Arabes, titulaire de la Carte d'Identit\u00e9 des Journalistes Professionnels en France et de la F\u00e9d\u00e9ration Internationale des Journalistes, Olivier a occup\u00e9 le poste de Grand reporter correspondant permanent en \u00c9gypte pour des m\u00e9dias de renomm\u00e9e mondiale tels que TV5 MONDE, le GROUPE M6, le GROUPE TF1 ou encore l\u2019AFP. Durant plus de dix ann\u00e9es, il a produit de nombreux reportages sur la politique internationale en Afrique de l'Est, tout en couvrant les principaux conflits au Proche et Moyen-Orient. En tant que Chef de bureau Proche-Orient pour TV5 MONDE, il \u00e9tait responsable de la production de reportages, des relations institutionnelles et de la repr\u00e9sentation de la cha\u00eene, tout en \u00e9crivant pour plusieurs m\u00e9dias europ\u00e9ens et internationaux.\",\"sameAs\":[\"https:\\\/\\\/www.facebook.com\\\/odelagarde\",\"https:\\\/\\\/www.linkedin.com\\\/in\\\/olivier-delagarde-816b17270\\\/\"],\"url\":\"https:\\\/\\\/www.geopolitics.fr\\\/en\\\/author\\\/odelagarde\\\/\"}]}<\/script>\n<!-- \/ Yoast SEO Premium plugin. -->","yoast_head_json":{"title":"A Davos, le chef de l\u2019ONU d\u00e9nonce le recul des engagements des Etats membres | Geopolitics.fr","description":"A Davos, Guterres a tenu un discours offensif, d\u00e9non\u00e7ant les reculs vis \u00e0 vis du vis-vis du changement climatique et l'IA incontr\u00f4l\u00e9e.","robots":{"index":"index","follow":"follow","max-snippet":"max-snippet:-1","max-image-preview":"max-image-preview:large","max-video-preview":"max-video-preview:-1"},"canonical":"https:\/\/www.geopolitics.fr\/en\/2025\/01\/28\/a-davos-le-chef-de-lonu-denonce-le-recul-des-engagements-des-etats-membres\/","og_locale":"en_GB","og_type":"article","og_title":"A Davos, le chef de l\u2019ONU d\u00e9nonce le recul des engagements des Etats membres","og_description":"A Davos, Guterres a tenu un discours offensif, d\u00e9non\u00e7ant les reculs vis \u00e0 vis du vis-vis du changement climatique et l'IA incontr\u00f4l\u00e9e.","og_url":"https:\/\/www.geopolitics.fr\/en\/2025\/01\/28\/a-davos-le-chef-de-lonu-denonce-le-recul-des-engagements-des-etats-membres\/","og_site_name":"Geopolitics.fr","article_publisher":"https:\/\/www.facebook.com\/people\/Erwan-Davoux\/61557098968092\/","article_author":"https:\/\/www.facebook.com\/odelagarde","article_published_time":"2025-01-28T14:56:47+00:00","article_modified_time":"2025-01-28T14:56:51+00:00","og_image":[{"width":1170,"height":530,"url":"https:\/\/www.geopolitics.fr\/wp-content\/uploads\/2025\/01\/Guteres-a-Davos.jpg","type":"image\/jpeg"}],"author":"Olivier DELAGARDE","twitter_card":"summary_large_image","twitter_creator":"@Geopolitics_Fr","twitter_site":"@Geopolitics_Fr","twitter_misc":{"Written by":"Olivier DELAGARDE","Estimated reading time":"4 minutes"},"schema":{"@context":"https:\/\/schema.org","@graph":[{"@type":"Article","@id":"https:\/\/www.geopolitics.fr\/2025\/01\/28\/a-davos-le-chef-de-lonu-denonce-le-recul-des-engagements-des-etats-membres\/#article","isPartOf":{"@id":"https:\/\/www.geopolitics.fr\/2025\/01\/28\/a-davos-le-chef-de-lonu-denonce-le-recul-des-engagements-des-etats-membres\/"},"author":{"name":"Olivier DELAGARDE","@id":"https:\/\/www.geopolitics.fr\/#\/schema\/person\/9b98d78234af63d6ad71199d66115350"},"headline":"A Davos, le chef de l\u2019ONU d\u00e9nonce le recul des engagements des Etats membres","datePublished":"2025-01-28T14:56:47+00:00","dateModified":"2025-01-28T14:56:51+00:00","mainEntityOfPage":{"@id":"https:\/\/www.geopolitics.fr\/2025\/01\/28\/a-davos-le-chef-de-lonu-denonce-le-recul-des-engagements-des-etats-membres\/"},"wordCount":918,"commentCount":0,"publisher":{"@id":"https:\/\/www.geopolitics.fr\/#organization"},"image":{"@id":"https:\/\/www.geopolitics.fr\/2025\/01\/28\/a-davos-le-chef-de-lonu-denonce-le-recul-des-engagements-des-etats-membres\/#primaryimage"},"thumbnailUrl":"https:\/\/www.geopolitics.fr\/wp-content\/uploads\/2025\/01\/Guteres-a-Davos.jpg","keywords":["DAVOS","GUTERRES"],"articleSection":["Actualit\u00e9","International","Mis en AVANT"],"inLanguage":"en-GB"},{"@type":"WebPage","@id":"https:\/\/www.geopolitics.fr\/2025\/01\/28\/a-davos-le-chef-de-lonu-denonce-le-recul-des-engagements-des-etats-membres\/","url":"https:\/\/www.geopolitics.fr\/2025\/01\/28\/a-davos-le-chef-de-lonu-denonce-le-recul-des-engagements-des-etats-membres\/","name":"A Davos, le chef de l\u2019ONU d\u00e9nonce le recul des engagements des Etats membres | Geopolitics.fr","isPartOf":{"@id":"https:\/\/www.geopolitics.fr\/#website"},"primaryImageOfPage":{"@id":"https:\/\/www.geopolitics.fr\/2025\/01\/28\/a-davos-le-chef-de-lonu-denonce-le-recul-des-engagements-des-etats-membres\/#primaryimage"},"image":{"@id":"https:\/\/www.geopolitics.fr\/2025\/01\/28\/a-davos-le-chef-de-lonu-denonce-le-recul-des-engagements-des-etats-membres\/#primaryimage"},"thumbnailUrl":"https:\/\/www.geopolitics.fr\/wp-content\/uploads\/2025\/01\/Guteres-a-Davos.jpg","datePublished":"2025-01-28T14:56:47+00:00","dateModified":"2025-01-28T14:56:51+00:00","description":"A Davos, Guterres a tenu un discours offensif, d\u00e9non\u00e7ant les reculs vis \u00e0 vis du vis-vis du changement climatique et l'IA incontr\u00f4l\u00e9e.","breadcrumb":{"@id":"https:\/\/www.geopolitics.fr\/2025\/01\/28\/a-davos-le-chef-de-lonu-denonce-le-recul-des-engagements-des-etats-membres\/#breadcrumb"},"inLanguage":"en-GB","potentialAction":[{"@type":"ReadAction","target":["https:\/\/www.geopolitics.fr\/2025\/01\/28\/a-davos-le-chef-de-lonu-denonce-le-recul-des-engagements-des-etats-membres\/"]}]},{"@type":"ImageObject","inLanguage":"en-GB","@id":"https:\/\/www.geopolitics.fr\/2025\/01\/28\/a-davos-le-chef-de-lonu-denonce-le-recul-des-engagements-des-etats-membres\/#primaryimage","url":"https:\/\/www.geopolitics.fr\/wp-content\/uploads\/2025\/01\/Guteres-a-Davos.jpg","contentUrl":"https:\/\/www.geopolitics.fr\/wp-content\/uploads\/2025\/01\/Guteres-a-Davos.jpg","width":1170,"height":530},{"@type":"BreadcrumbList","@id":"https:\/\/www.geopolitics.fr\/2025\/01\/28\/a-davos-le-chef-de-lonu-denonce-le-recul-des-engagements-des-etats-membres\/#breadcrumb","itemListElement":[{"@type":"ListItem","position":1,"name":"Accueil","item":"https:\/\/www.geopolitics.fr\/"},{"@type":"ListItem","position":2,"name":"A Davos, le chef de l\u2019ONU d\u00e9nonce le recul des engagements des Etats membres"}]},{"@type":"WebSite","@id":"https:\/\/www.geopolitics.fr\/#website","url":"https:\/\/www.geopolitics.fr\/","name":"Geopolitics.fr","description":"Geopolitics.fr Analyse politique, relations internationales, d\u00e9fense - ligne \u00e9ditoriale gaullo-chiraquienne","publisher":{"@id":"https:\/\/www.geopolitics.fr\/#organization"},"potentialAction":[{"@type":"SearchAction","target":{"@type":"EntryPoint","urlTemplate":"https:\/\/www.geopolitics.fr\/?s={search_term_string}"},"query-input":{"@type":"PropertyValueSpecification","valueRequired":true,"valueName":"search_term_string"}}],"inLanguage":"en-GB"},{"@type":"Organization","@id":"https:\/\/www.geopolitics.fr\/#organization","name":"Geopolitics.fr","url":"https:\/\/www.geopolitics.fr\/","logo":{"@type":"ImageObject","inLanguage":"en-GB","@id":"https:\/\/www.geopolitics.fr\/#\/schema\/logo\/image\/","url":"https:\/\/www.geopolitics.fr\/wp-content\/uploads\/2024\/01\/logo.jpg","contentUrl":"https:\/\/www.geopolitics.fr\/wp-content\/uploads\/2024\/01\/logo.jpg","width":500,"height":500,"caption":"Geopolitics.fr"},"image":{"@id":"https:\/\/www.geopolitics.fr\/#\/schema\/logo\/image\/"},"sameAs":["https:\/\/www.facebook.com\/people\/Erwan-Davoux\/61557098968092\/","https:\/\/x.com\/Geopolitics_Fr"]},{"@type":"Person","@id":"https:\/\/www.geopolitics.fr\/#\/schema\/person\/9b98d78234af63d6ad71199d66115350","name":"Olivier DELAGARDE","image":{"@type":"ImageObject","inLanguage":"en-GB","@id":"https:\/\/secure.gravatar.com\/avatar\/2c50afbd303b51697d9591857ee182bf3ead572fa530da00bb0278cf506c3a97?s=96&d=mm&r=g","url":"https:\/\/secure.gravatar.com\/avatar\/2c50afbd303b51697d9591857ee182bf3ead572fa530da00bb0278cf506c3a97?s=96&d=mm&r=g","contentUrl":"https:\/\/secure.gravatar.com\/avatar\/2c50afbd303b51697d9591857ee182bf3ead572fa530da00bb0278cf506c3a97?s=96&d=mm&r=g","caption":"Olivier DELAGARDE"},"description":"Journaliste depuis plus de 20 ans, accr\u00e9dit\u00e9 aupr\u00e8s de l'Organisation des Nations Unies, de la Ligue des Etats Arabes, titulaire de la Carte d'Identit\u00e9 des Journalistes Professionnels en France et de la F\u00e9d\u00e9ration Internationale des Journalistes, Olivier a occup\u00e9 le poste de Grand reporter correspondant permanent en \u00c9gypte pour des m\u00e9dias de renomm\u00e9e mondiale tels que TV5 MONDE, le GROUPE M6, le GROUPE TF1 ou encore l\u2019AFP. Durant plus de dix ann\u00e9es, il a produit de nombreux reportages sur la politique internationale en Afrique de l'Est, tout en couvrant les principaux conflits au Proche et Moyen-Orient. En tant que Chef de bureau Proche-Orient pour TV5 MONDE, il \u00e9tait responsable de la production de reportages, des relations institutionnelles et de la repr\u00e9sentation de la cha\u00eene, tout en \u00e9crivant pour plusieurs m\u00e9dias europ\u00e9ens et internationaux.","sameAs":["https:\/\/www.facebook.com\/odelagarde","https:\/\/www.linkedin.com\/in\/olivier-delagarde-816b17270\/"],"url":"https:\/\/www.geopolitics.fr\/en\/author\/odelagarde\/"}]}},"_links":{"self":[{"href":"https:\/\/www.geopolitics.fr\/en\/wp-json\/wp\/v2\/posts\/3477","targetHints":{"allow":["GET"]}}],"collection":[{"href":"https:\/\/www.geopolitics.fr\/en\/wp-json\/wp\/v2\/posts"}],"about":[{"href":"https:\/\/www.geopolitics.fr\/en\/wp-json\/wp\/v2\/types\/post"}],"author":[{"embeddable":true,"href":"https:\/\/www.geopolitics.fr\/en\/wp-json\/wp\/v2\/users\/93"}],"replies":[{"embeddable":true,"href":"https:\/\/www.geopolitics.fr\/en\/wp-json\/wp\/v2\/comments?post=3477"}],"version-history":[{"count":0,"href":"https:\/\/www.geopolitics.fr\/en\/wp-json\/wp\/v2\/posts\/3477\/revisions"}],"wp:featuredmedia":[{"embeddable":true,"href":"https:\/\/www.geopolitics.fr\/en\/wp-json\/wp\/v2\/media\/3478"}],"wp:attachment":[{"href":"https:\/\/www.geopolitics.fr\/en\/wp-json\/wp\/v2\/media?parent=3477"}],"wp:term":[{"taxonomy":"category","embeddable":true,"href":"https:\/\/www.geopolitics.fr\/en\/wp-json\/wp\/v2\/categories?post=3477"},{"taxonomy":"post_tag","embeddable":true,"href":"https:\/\/www.geopolitics.fr\/en\/wp-json\/wp\/v2\/tags?post=3477"}],"curies":[{"name":"wp","href":"https:\/\/api.w.org\/{rel}","templated":true}]}}