{"id":3467,"date":"2025-01-28T11:47:32","date_gmt":"2025-01-28T10:47:32","guid":{"rendered":"https:\/\/www.geopolitics.fr\/?p=3467"},"modified":"2025-01-28T11:47:34","modified_gmt":"2025-01-28T10:47:34","slug":"la-russie-et-liran-signent-un-accord-de-partenariat-strategique","status":"publish","type":"post","link":"https:\/\/www.geopolitics.fr\/en\/2025\/01\/28\/la-russie-et-liran-signent-un-accord-de-partenariat-strategique\/","title":{"rendered":"La Russie et l&rsquo;Iran signent un accord de partenariat strat\u00e9gique"},"content":{"rendered":"<p class=\"has-medium-font-size wp-block-paragraph\"><em>Le pr\u00e9sident russe Vladimir Poutine a re\u00e7u son homologue iranien au Kremlin, o\u00f9 les deux dirigeants ont notamment annonc\u00e9 un renforcement de leur coop\u00e9ration militaire.<\/em><\/p>\n\n\n\n<p class=\"has-medium-font-size wp-block-paragraph\">Le pr\u00e9sident russe Vladimir Poutine et son homologue iranien Massoud Pezeshkian, ont sign\u00e9 le vendredi 17 janvier dernier au Kremlin, un accord de partenariat strat\u00e9gique visant \u00e0 renforcer &nbsp;notamment leur \u00ab&nbsp;coop\u00e9ration militaire&nbsp;\u00bb, dans le cadre de leur alliance d\u00e9sir\u00e9e comme un contrepoids \u00e0 tout \u00ab&nbsp;diktat&nbsp;\u00bb de l&rsquo;Occident.<\/p>\n\n\n\n<p class=\"has-medium-font-size wp-block-paragraph\">Soumis respectivement \u00e0 de lourdes sanctions internationales qui affectent leurs \u00e9conomies, Moscou et T\u00e9h\u00e9ran mettent ainsi un coup d\u2019acc\u00e9l\u00e9rateur \u00e0 leur rapprochement initi\u00e9 ces derni\u00e8res ann\u00e9es, en particulier depuis le d\u00e9but du conflit en Ukraine.<\/p>\n\n\n\n<h2 class=\"wp-block-heading\" id=\"h-des-objectifs-ambitieux-annonces\"><strong>Des objectifs ambitieux annonc\u00e9s<\/strong><\/h2>\n\n\n\n<p class=\"has-medium-font-size wp-block-paragraph\">En effet, les deux pays n\u2019ont toujours pas dig\u00e9r\u00e9 en d\u00e9cembre, l\u2019\u00e9chec commun s\u2019assimilant \u00e0 une perte d&rsquo;influence avec la fuite de Syrie de leur alli\u00e9 Bachar al-Assad. Ce 17 dernier donc, Vladimir Poutine et Massoud Pezeshkian ont ainsi ratifi\u00e9 un \u00ab&nbsp;accord de partenariat strat\u00e9gique global&nbsp;\u00bb, ce pacte couvrant de multiples sujets civils et militaires.<\/p>\n\n\n\n<p class=\"has-medium-font-size wp-block-paragraph\">\u00ab<em>&nbsp;Il s&rsquo;agit d&rsquo;un texte aux objectifs ambitieux<\/em>&nbsp;\u00bb, s\u2019est d\u2019ores et d\u00e9j\u00e0 targu\u00e9 le ma\u00eetre du Kremlin, en affirmant que \u00ab&nbsp;<em>Moscou et T\u00e9h\u00e9ran s&rsquo;opposaient ensemble \u00e0 tout diktat venu de l&rsquo;ext\u00e9rieur<\/em>&nbsp;\u00bb. Massoud Pezeshkian s&rsquo;est lui satisfait d&rsquo;un accord qui ouvrira des \u00ab&nbsp;horizons entre les deux pays&nbsp;\u00bb, fin de citation.<\/p>\n\n\n\n<p class=\"has-medium-font-size wp-block-paragraph\">L&rsquo;accord que <strong><em>GEOpolitics<\/em><\/strong> a pu consulter, pr\u00e9voit notamment de \u00ab&nbsp;d\u00e9velopper la coop\u00e9ration militaire&nbsp;\u00bb, &nbsp;ainsi qu\u2019un soutien mutuel face \u00e0 des \u00ab&nbsp;menaces s\u00e9curitaires&nbsp;\u00bb, selon le contenu de ce pacte en 47 articles publi\u00e9 par le Kremlin d\u00e8s sa signature.<\/p>\n\n\n\n<p class=\"has-medium-font-size wp-block-paragraph\">A la lecture du document, il ressort toutefois que si la Russie ou l&rsquo;Iran devait faire face et \u00eatre l\u2019objet d\u2019une \u00ab&nbsp;agression&nbsp;\u00bb, l&rsquo;autre pays ne fournirait aucune aide \u00e0 l\u2019agresseur. Ce point possiblement interpr\u00e9table, ne pr\u00e9voit n\u00e9anmoins aucunement que les pays signataires s&rsquo;apporteraient une assistance militaire dans ce cas de figure.<\/p>\n\n\n\n<h2 class=\"wp-block-heading\" id=\"h-une-collaboration-sur-l-installation-d-une-energie-nucleaire-envisagee\"><strong>Une collaboration sur l\u2019installation d&rsquo;une \u00e9nergie nucl\u00e9aire envisag\u00e9e<\/strong><\/h2>\n\n\n\n<p class=\"has-medium-font-size wp-block-paragraph\">Souvenons-nous, Moscou avait conclu un texte portant le m\u00eame nom avec la Cor\u00e9e du Nord l&rsquo;an pass\u00e9. Aussi, un article de ce document de l\u2019\u00e9poque pr\u00e9voyait lui \u00ab&nbsp;une aide militaire imm\u00e9diate&nbsp;\u00bb en cas d&rsquo;agression arm\u00e9e d&rsquo;un pays tiers.<\/p>\n\n\n\n<p class=\"has-medium-font-size wp-block-paragraph\">Mais se voulant \u00ab&nbsp;rassurant&nbsp;\u00bb, le chef de la diplomatie iranienne Abbas Araghchi, cit\u00e9 par des m\u00e9dias russes, a affirm\u00e9 cette semaine que le trait\u00e9 avec T\u00e9h\u00e9ran ne visait pas \u00e0 \u00ab&nbsp;cr\u00e9er une alliance militaire&nbsp;\u00bb similaire \u00e0 celle scell\u00e9e entre Moscou et Pyongyang.<\/p>\n\n\n\n<p class=\"has-medium-font-size wp-block-paragraph\">La Cor\u00e9e du Nord est r\u00e9guli\u00e8rement accus\u00e9e par les autorit\u00e9s de Kiev, appuy\u00e9es par plusieurs puissances occidentales, d&rsquo;avoir envoy\u00e9 des soldats se m\u00ealer aux combats aux c\u00f4t\u00e9s de l&rsquo;arm\u00e9e russe, contre les forces ukrainiennes. Moscou et Pyongyang n&rsquo;ont jamais ni confirm\u00e9, ni d\u00e9menti.<\/p>\n\n\n\n<p class=\"has-medium-font-size wp-block-paragraph\">T\u00e9h\u00e9ran est de son c\u00f4t\u00e9, point\u00e9 du doigt par les occidentaux pour fournir des drones explosifs ainsi que des missiles de courte port\u00e9e \u00e0 la Russie, se faisant ainsi l\u2019alli\u00e9 de l&rsquo;arm\u00e9e russe en Ukraine. L\u00e0 encore, des accusations balay\u00e9es d\u2019un revers de manche par l&rsquo;Iran.<\/p>\n\n\n\n<p class=\"has-medium-font-size wp-block-paragraph\">Aussi l&rsquo;accord sign\u00e9 ce vendredi pr\u00e9voit en outre des \u00e9changes \u00ab&nbsp;dans le domaine des utilisations pacifiques de l&rsquo;\u00e9nergie atomique&nbsp;\u00bb, notamment \u00ab&nbsp;la construction d&rsquo;installations d&rsquo;\u00e9nergie nucl\u00e9aire&nbsp;\u00bb. A froid rien de neuf sous le soleil, T\u00e9h\u00e9ran et Moscou se voulant faire contrepoids, avec P\u00e9kin et Pyongyang, \u00e0 l&rsquo;influence US. Ainsi les partenaires renforcent des liens \u00e9troits tout en se soutenant dans de nombreux dossiers internationaux, du Moyen-Orient au conflit en Ukraine.<\/p>\n\n\n\n<h2 class=\"wp-block-heading\" id=\"h-et-du-cote-de-gaza-nbsp\"><strong>Et du c\u00f4t\u00e9 de Gaza&nbsp;?<\/strong><\/h2>\n\n\n\n<p class=\"has-medium-font-size wp-block-paragraph\">Cette signature est intervenue quelques jours avant le retour dans le bureau ovale \u00e0 Washington de Donald Trump, adepte d&rsquo;une politique dite de la \u00ab&nbsp;pression maximale&nbsp;\u00bb envers l&rsquo;Iran durant son premier mandat entre 2017 et 2021.<\/p>\n\n\n\n<p class=\"has-medium-font-size wp-block-paragraph\">Lors de sa campagne et \u00e0 grands renforts de relais m\u00e9diatiques, le pr\u00e9sident am\u00e9ricain a aussi promis de rapidement mettre un terme au conflit en Ukraine, sans en pr\u00e9ciser la m\u00e9thode.<\/p>\n\n\n\n<p class=\"has-medium-font-size wp-block-paragraph\">Vendredi dernier Massoud Pezeshkian a de son c\u00f4t\u00e9 appel\u00e9, durant sa conf\u00e9rence de presse commune avec Vladimir Poutine, \u00e0 \u00ab&nbsp;des n\u00e9gociations et la paix&nbsp;\u00bb entre Moscou et Kiev, trois ans apr\u00e8s le d\u00e9but de l&rsquo;assaut lanc\u00e9 par le Kremlin.<\/p>\n\n\n\n<p class=\"has-medium-font-size wp-block-paragraph\">Une pr\u00e9c\u00e9dente traduction en russe de ses propos \u00e9voquait un \u00ab&nbsp;r\u00e8glement politique&nbsp;\u00bb de ce conflit.<\/p>\n\n\n\n<p class=\"has-medium-font-size wp-block-paragraph\">Les deux dirigeants ont \u00e9galement pr\u00e9cis\u00e9 avoir \u00e9voqu\u00e9 l&rsquo;accord de tr\u00eave entre Isra\u00ebl et le Hamas, Vladimir Poutine esp\u00e9rant une \u00ab&nbsp;stabilisation \u00e0 long terme&nbsp;\u00bb.<\/p>\n\n\n\n<p class=\"has-medium-font-size wp-block-paragraph\">\u00ab&nbsp;<em>Nous esp\u00e9rons qu&rsquo;un cessez-le-feu permanent sera \u00e9tabli \u00e0 Gaza et que les agressions sur cette terre cesseront<\/em>&nbsp;\u00bb, a ainsi exprim\u00e9 Massoud Pezeshkian. \u00ab&nbsp;<em>L&rsquo;Iran et la Russie, conscients de leur responsabilit\u00e9 historique, construisent un nouvel ordre&nbsp;<\/em>\u00bb, a en outre ajout\u00e9 Abbas Araghchi, le chef de la diplomatie iranienne, dans un article publi\u00e9 cette semaine par l&rsquo;agence de presse russe Ria Novosti. Affirmant qu&rsquo;il s&rsquo;agissait de remplacer \u00ab&nbsp;l&rsquo;h\u00e9g\u00e9monie&nbsp;\u00bb, (NDLR&nbsp;: sous-entendu occidentale) par la \u00ab&nbsp;coop\u00e9ration&nbsp;\u00bb.<\/p>\n\n\n\n<p class=\"has-medium-font-size wp-block-paragraph\">D\u00e8s son arriv\u00e9e vendredi matin \u00e0 Moscou, Massoud Pezeshkian a tenu a marqu\u00e9 son amicale pr\u00e9sence par le d\u00e9p\u00f4t d\u2019une gerbe de fleurs devant la tombe du Soldat inconnu, avant de rencontrer le Premier ministre russe Mikha\u00efl Michoustine.<\/p>\n\n\n\n<p class=\"has-medium-font-size wp-block-paragraph\">La derni\u00e8re rencontre entre Massoud Pezeshkian et Poutine datait d\u2019octobre dernier, lors du sommet des BRICS en Russie. Vladimir Poutine avait alors fait le v\u0153u d\u2019une consolidation de la \u00ab&nbsp;dynamique positive&nbsp;\u00bb notamment en mati\u00e8re de coop\u00e9ration \u00e9conomique.<\/p>\n\n\n\n<p class=\"has-medium-font-size wp-block-paragraph\">En effet, il ne fait plus myst\u00e8re du souhait du Kremlin de d\u00e9velopper un projet de corridor logistique, rail et maritime, entre Moscou, Bakou et T\u00e9h\u00e9ran, sur un axe nord-sud.<\/p>\n\n\n\n<p class=\"has-medium-font-size wp-block-paragraph\">Pour sa part, Vladimir Poutine s&rsquo;\u00e9tait rendu en Iran pour la derni\u00e8re fois en juillet 2022, tandis que le chef de la diplomatie russe Sergue\u00ef Lavrov, avait \u00e9t\u00e9 re\u00e7u \u00e0 T\u00e9h\u00e9ran \u00e0 l\u2019automne dernier afin d\u2019engager plusieurs discussions strat\u00e9giques avec plusieurs dirigeants de la r\u00e9gion.<\/p>","protected":false},"excerpt":{"rendered":"<p>Le pr\u00e9sident russe Vladimir Poutine a re\u00e7u son homologue iranien au Kremlin, o\u00f9 les deux dirigeants ont notamment annonc\u00e9 un renforcement de&hellip;<\/p>","protected":false},"author":93,"featured_media":3468,"comment_status":"open","ping_status":"open","sticky":false,"template":"","format":"standard","meta":{"_lmt_disableupdate":"","_lmt_disable":"","footnotes":""},"categories":[5,4],"tags":[],"class_list":["post-3467","post","type-post","status-publish","format-standard","has-post-thumbnail","hentry","category-international","category-mis-en-avant"],"yoast_head":"<!-- This site is optimized with the Yoast SEO Premium plugin v28.1 (Yoast SEO v28.1) - https:\/\/yoast.com\/product\/yoast-seo-premium-wordpress\/ -->\n<title>La Russie et l&#039;Iran signent un accord de partenariat strat\u00e9gique | Geopolitics.fr<\/title>\n<meta name=\"description\" content=\"La Russie et l&#039;Iran ont sign\u00e9 un partenariat strat\u00e9gique. Les deux pays sont frapp\u00e9s par des sanctions et ont essuy\u00e9 un \u00e9chec en Syrie.\" \/>\n<meta name=\"robots\" content=\"index, follow, max-snippet:-1, max-image-preview:large, max-video-preview:-1\" \/>\n<link rel=\"canonical\" href=\"https:\/\/www.geopolitics.fr\/en\/2025\/01\/28\/la-russie-et-liran-signent-un-accord-de-partenariat-strategique\/\" \/>\n<meta property=\"og:locale\" content=\"en_GB\" \/>\n<meta property=\"og:type\" content=\"article\" \/>\n<meta property=\"og:title\" content=\"La Russie et l&#039;Iran signent un accord de partenariat strat\u00e9gique\" \/>\n<meta property=\"og:description\" content=\"La Russie et l&#039;Iran ont sign\u00e9 un partenariat strat\u00e9gique. Les deux pays sont frapp\u00e9s par des sanctions et ont essuy\u00e9 un \u00e9chec en Syrie.\" \/>\n<meta property=\"og:url\" content=\"https:\/\/www.geopolitics.fr\/en\/2025\/01\/28\/la-russie-et-liran-signent-un-accord-de-partenariat-strategique\/\" \/>\n<meta property=\"og:site_name\" content=\"Geopolitics.fr\" \/>\n<meta property=\"article:publisher\" content=\"https:\/\/www.facebook.com\/people\/Erwan-Davoux\/61557098968092\/\" \/>\n<meta property=\"article:author\" content=\"https:\/\/www.facebook.com\/odelagarde\" \/>\n<meta property=\"article:published_time\" content=\"2025-01-28T10:47:32+00:00\" \/>\n<meta property=\"article:modified_time\" content=\"2025-01-28T10:47:34+00:00\" \/>\n<meta property=\"og:image\" content=\"https:\/\/www.geopolitics.fr\/wp-content\/uploads\/2025\/01\/Vladimir-Poutine-et-le-president-iranien-Masoud-Pezeshkian.jpg\" \/>\n\t<meta property=\"og:image:width\" content=\"768\" \/>\n\t<meta property=\"og:image:height\" content=\"512\" \/>\n\t<meta property=\"og:image:type\" content=\"image\/jpeg\" \/>\n<meta name=\"author\" content=\"Olivier DELAGARDE\" \/>\n<meta name=\"twitter:card\" content=\"summary_large_image\" \/>\n<meta name=\"twitter:creator\" content=\"@Geopolitics_Fr\" \/>\n<meta name=\"twitter:site\" content=\"@Geopolitics_Fr\" \/>\n<meta name=\"twitter:label1\" content=\"Written by\" \/>\n\t<meta name=\"twitter:data1\" content=\"Olivier DELAGARDE\" \/>\n\t<meta name=\"twitter:label2\" content=\"Estimated reading time\" \/>\n\t<meta name=\"twitter:data2\" content=\"5 minutes\" \/>\n<script type=\"application\/ld+json\" class=\"yoast-schema-graph\">{\"@context\":\"https:\\\/\\\/schema.org\",\"@graph\":[{\"@type\":\"Article\",\"@id\":\"https:\\\/\\\/www.geopolitics.fr\\\/2025\\\/01\\\/28\\\/la-russie-et-liran-signent-un-accord-de-partenariat-strategique\\\/#article\",\"isPartOf\":{\"@id\":\"https:\\\/\\\/www.geopolitics.fr\\\/2025\\\/01\\\/28\\\/la-russie-et-liran-signent-un-accord-de-partenariat-strategique\\\/\"},\"author\":{\"name\":\"Olivier DELAGARDE\",\"@id\":\"https:\\\/\\\/www.geopolitics.fr\\\/#\\\/schema\\\/person\\\/9b98d78234af63d6ad71199d66115350\"},\"headline\":\"La Russie et l&rsquo;Iran signent un accord de partenariat strat\u00e9gique\",\"datePublished\":\"2025-01-28T10:47:32+00:00\",\"dateModified\":\"2025-01-28T10:47:34+00:00\",\"mainEntityOfPage\":{\"@id\":\"https:\\\/\\\/www.geopolitics.fr\\\/2025\\\/01\\\/28\\\/la-russie-et-liran-signent-un-accord-de-partenariat-strategique\\\/\"},\"wordCount\":1121,\"commentCount\":0,\"publisher\":{\"@id\":\"https:\\\/\\\/www.geopolitics.fr\\\/#organization\"},\"image\":{\"@id\":\"https:\\\/\\\/www.geopolitics.fr\\\/2025\\\/01\\\/28\\\/la-russie-et-liran-signent-un-accord-de-partenariat-strategique\\\/#primaryimage\"},\"thumbnailUrl\":\"https:\\\/\\\/www.geopolitics.fr\\\/wp-content\\\/uploads\\\/2025\\\/01\\\/Vladimir-Poutine-et-le-president-iranien-Masoud-Pezeshkian.jpg\",\"articleSection\":[\"International\",\"Mis en AVANT\"],\"inLanguage\":\"en-GB\"},{\"@type\":\"WebPage\",\"@id\":\"https:\\\/\\\/www.geopolitics.fr\\\/2025\\\/01\\\/28\\\/la-russie-et-liran-signent-un-accord-de-partenariat-strategique\\\/\",\"url\":\"https:\\\/\\\/www.geopolitics.fr\\\/2025\\\/01\\\/28\\\/la-russie-et-liran-signent-un-accord-de-partenariat-strategique\\\/\",\"name\":\"La Russie et l'Iran signent un accord de partenariat strat\u00e9gique | Geopolitics.fr\",\"isPartOf\":{\"@id\":\"https:\\\/\\\/www.geopolitics.fr\\\/#website\"},\"primaryImageOfPage\":{\"@id\":\"https:\\\/\\\/www.geopolitics.fr\\\/2025\\\/01\\\/28\\\/la-russie-et-liran-signent-un-accord-de-partenariat-strategique\\\/#primaryimage\"},\"image\":{\"@id\":\"https:\\\/\\\/www.geopolitics.fr\\\/2025\\\/01\\\/28\\\/la-russie-et-liran-signent-un-accord-de-partenariat-strategique\\\/#primaryimage\"},\"thumbnailUrl\":\"https:\\\/\\\/www.geopolitics.fr\\\/wp-content\\\/uploads\\\/2025\\\/01\\\/Vladimir-Poutine-et-le-president-iranien-Masoud-Pezeshkian.jpg\",\"datePublished\":\"2025-01-28T10:47:32+00:00\",\"dateModified\":\"2025-01-28T10:47:34+00:00\",\"description\":\"La Russie et l'Iran ont sign\u00e9 un partenariat strat\u00e9gique. Les deux pays sont frapp\u00e9s par des sanctions et ont essuy\u00e9 un \u00e9chec en Syrie.\",\"breadcrumb\":{\"@id\":\"https:\\\/\\\/www.geopolitics.fr\\\/2025\\\/01\\\/28\\\/la-russie-et-liran-signent-un-accord-de-partenariat-strategique\\\/#breadcrumb\"},\"inLanguage\":\"en-GB\",\"potentialAction\":[{\"@type\":\"ReadAction\",\"target\":[\"https:\\\/\\\/www.geopolitics.fr\\\/2025\\\/01\\\/28\\\/la-russie-et-liran-signent-un-accord-de-partenariat-strategique\\\/\"]}]},{\"@type\":\"ImageObject\",\"inLanguage\":\"en-GB\",\"@id\":\"https:\\\/\\\/www.geopolitics.fr\\\/2025\\\/01\\\/28\\\/la-russie-et-liran-signent-un-accord-de-partenariat-strategique\\\/#primaryimage\",\"url\":\"https:\\\/\\\/www.geopolitics.fr\\\/wp-content\\\/uploads\\\/2025\\\/01\\\/Vladimir-Poutine-et-le-president-iranien-Masoud-Pezeshkian.jpg\",\"contentUrl\":\"https:\\\/\\\/www.geopolitics.fr\\\/wp-content\\\/uploads\\\/2025\\\/01\\\/Vladimir-Poutine-et-le-president-iranien-Masoud-Pezeshkian.jpg\",\"width\":768,\"height\":512},{\"@type\":\"BreadcrumbList\",\"@id\":\"https:\\\/\\\/www.geopolitics.fr\\\/2025\\\/01\\\/28\\\/la-russie-et-liran-signent-un-accord-de-partenariat-strategique\\\/#breadcrumb\",\"itemListElement\":[{\"@type\":\"ListItem\",\"position\":1,\"name\":\"Accueil\",\"item\":\"https:\\\/\\\/www.geopolitics.fr\\\/\"},{\"@type\":\"ListItem\",\"position\":2,\"name\":\"La Russie et l&#8217;Iran signent un accord de partenariat strat\u00e9gique\"}]},{\"@type\":\"WebSite\",\"@id\":\"https:\\\/\\\/www.geopolitics.fr\\\/#website\",\"url\":\"https:\\\/\\\/www.geopolitics.fr\\\/\",\"name\":\"Geopolitics.fr\",\"description\":\"Geopolitics.fr Analyse politique, relations internationales, d\u00e9fense - ligne \u00e9ditoriale gaullo-chiraquienne\",\"publisher\":{\"@id\":\"https:\\\/\\\/www.geopolitics.fr\\\/#organization\"},\"potentialAction\":[{\"@type\":\"SearchAction\",\"target\":{\"@type\":\"EntryPoint\",\"urlTemplate\":\"https:\\\/\\\/www.geopolitics.fr\\\/?s={search_term_string}\"},\"query-input\":{\"@type\":\"PropertyValueSpecification\",\"valueRequired\":true,\"valueName\":\"search_term_string\"}}],\"inLanguage\":\"en-GB\"},{\"@type\":\"Organization\",\"@id\":\"https:\\\/\\\/www.geopolitics.fr\\\/#organization\",\"name\":\"Geopolitics.fr\",\"url\":\"https:\\\/\\\/www.geopolitics.fr\\\/\",\"logo\":{\"@type\":\"ImageObject\",\"inLanguage\":\"en-GB\",\"@id\":\"https:\\\/\\\/www.geopolitics.fr\\\/#\\\/schema\\\/logo\\\/image\\\/\",\"url\":\"https:\\\/\\\/www.geopolitics.fr\\\/wp-content\\\/uploads\\\/2024\\\/01\\\/logo.jpg\",\"contentUrl\":\"https:\\\/\\\/www.geopolitics.fr\\\/wp-content\\\/uploads\\\/2024\\\/01\\\/logo.jpg\",\"width\":500,\"height\":500,\"caption\":\"Geopolitics.fr\"},\"image\":{\"@id\":\"https:\\\/\\\/www.geopolitics.fr\\\/#\\\/schema\\\/logo\\\/image\\\/\"},\"sameAs\":[\"https:\\\/\\\/www.facebook.com\\\/people\\\/Erwan-Davoux\\\/61557098968092\\\/\",\"https:\\\/\\\/x.com\\\/Geopolitics_Fr\"]},{\"@type\":\"Person\",\"@id\":\"https:\\\/\\\/www.geopolitics.fr\\\/#\\\/schema\\\/person\\\/9b98d78234af63d6ad71199d66115350\",\"name\":\"Olivier DELAGARDE\",\"image\":{\"@type\":\"ImageObject\",\"inLanguage\":\"en-GB\",\"@id\":\"https:\\\/\\\/secure.gravatar.com\\\/avatar\\\/2c50afbd303b51697d9591857ee182bf3ead572fa530da00bb0278cf506c3a97?s=96&d=mm&r=g\",\"url\":\"https:\\\/\\\/secure.gravatar.com\\\/avatar\\\/2c50afbd303b51697d9591857ee182bf3ead572fa530da00bb0278cf506c3a97?s=96&d=mm&r=g\",\"contentUrl\":\"https:\\\/\\\/secure.gravatar.com\\\/avatar\\\/2c50afbd303b51697d9591857ee182bf3ead572fa530da00bb0278cf506c3a97?s=96&d=mm&r=g\",\"caption\":\"Olivier DELAGARDE\"},\"description\":\"Journaliste depuis plus de 20 ans, accr\u00e9dit\u00e9 aupr\u00e8s de l'Organisation des Nations Unies, de la Ligue des Etats Arabes, titulaire de la Carte d'Identit\u00e9 des Journalistes Professionnels en France et de la F\u00e9d\u00e9ration Internationale des Journalistes, Olivier a occup\u00e9 le poste de Grand reporter correspondant permanent en \u00c9gypte pour des m\u00e9dias de renomm\u00e9e mondiale tels que TV5 MONDE, le GROUPE M6, le GROUPE TF1 ou encore l\u2019AFP. Durant plus de dix ann\u00e9es, il a produit de nombreux reportages sur la politique internationale en Afrique de l'Est, tout en couvrant les principaux conflits au Proche et Moyen-Orient. En tant que Chef de bureau Proche-Orient pour TV5 MONDE, il \u00e9tait responsable de la production de reportages, des relations institutionnelles et de la repr\u00e9sentation de la cha\u00eene, tout en \u00e9crivant pour plusieurs m\u00e9dias europ\u00e9ens et internationaux.\",\"sameAs\":[\"https:\\\/\\\/www.facebook.com\\\/odelagarde\",\"https:\\\/\\\/www.linkedin.com\\\/in\\\/olivier-delagarde-816b17270\\\/\"],\"url\":\"https:\\\/\\\/www.geopolitics.fr\\\/en\\\/author\\\/odelagarde\\\/\"}]}<\/script>\n<!-- \/ Yoast SEO Premium plugin. -->","yoast_head_json":{"title":"La Russie et l'Iran signent un accord de partenariat strat\u00e9gique | Geopolitics.fr","description":"La Russie et l'Iran ont sign\u00e9 un partenariat strat\u00e9gique. Les deux pays sont frapp\u00e9s par des sanctions et ont essuy\u00e9 un \u00e9chec en Syrie.","robots":{"index":"index","follow":"follow","max-snippet":"max-snippet:-1","max-image-preview":"max-image-preview:large","max-video-preview":"max-video-preview:-1"},"canonical":"https:\/\/www.geopolitics.fr\/en\/2025\/01\/28\/la-russie-et-liran-signent-un-accord-de-partenariat-strategique\/","og_locale":"en_GB","og_type":"article","og_title":"La Russie et l'Iran signent un accord de partenariat strat\u00e9gique","og_description":"La Russie et l'Iran ont sign\u00e9 un partenariat strat\u00e9gique. Les deux pays sont frapp\u00e9s par des sanctions et ont essuy\u00e9 un \u00e9chec en Syrie.","og_url":"https:\/\/www.geopolitics.fr\/en\/2025\/01\/28\/la-russie-et-liran-signent-un-accord-de-partenariat-strategique\/","og_site_name":"Geopolitics.fr","article_publisher":"https:\/\/www.facebook.com\/people\/Erwan-Davoux\/61557098968092\/","article_author":"https:\/\/www.facebook.com\/odelagarde","article_published_time":"2025-01-28T10:47:32+00:00","article_modified_time":"2025-01-28T10:47:34+00:00","og_image":[{"width":768,"height":512,"url":"https:\/\/www.geopolitics.fr\/wp-content\/uploads\/2025\/01\/Vladimir-Poutine-et-le-president-iranien-Masoud-Pezeshkian.jpg","type":"image\/jpeg"}],"author":"Olivier DELAGARDE","twitter_card":"summary_large_image","twitter_creator":"@Geopolitics_Fr","twitter_site":"@Geopolitics_Fr","twitter_misc":{"Written by":"Olivier DELAGARDE","Estimated reading time":"5 minutes"},"schema":{"@context":"https:\/\/schema.org","@graph":[{"@type":"Article","@id":"https:\/\/www.geopolitics.fr\/2025\/01\/28\/la-russie-et-liran-signent-un-accord-de-partenariat-strategique\/#article","isPartOf":{"@id":"https:\/\/www.geopolitics.fr\/2025\/01\/28\/la-russie-et-liran-signent-un-accord-de-partenariat-strategique\/"},"author":{"name":"Olivier DELAGARDE","@id":"https:\/\/www.geopolitics.fr\/#\/schema\/person\/9b98d78234af63d6ad71199d66115350"},"headline":"La Russie et l&rsquo;Iran signent un accord de partenariat strat\u00e9gique","datePublished":"2025-01-28T10:47:32+00:00","dateModified":"2025-01-28T10:47:34+00:00","mainEntityOfPage":{"@id":"https:\/\/www.geopolitics.fr\/2025\/01\/28\/la-russie-et-liran-signent-un-accord-de-partenariat-strategique\/"},"wordCount":1121,"commentCount":0,"publisher":{"@id":"https:\/\/www.geopolitics.fr\/#organization"},"image":{"@id":"https:\/\/www.geopolitics.fr\/2025\/01\/28\/la-russie-et-liran-signent-un-accord-de-partenariat-strategique\/#primaryimage"},"thumbnailUrl":"https:\/\/www.geopolitics.fr\/wp-content\/uploads\/2025\/01\/Vladimir-Poutine-et-le-president-iranien-Masoud-Pezeshkian.jpg","articleSection":["International","Mis en AVANT"],"inLanguage":"en-GB"},{"@type":"WebPage","@id":"https:\/\/www.geopolitics.fr\/2025\/01\/28\/la-russie-et-liran-signent-un-accord-de-partenariat-strategique\/","url":"https:\/\/www.geopolitics.fr\/2025\/01\/28\/la-russie-et-liran-signent-un-accord-de-partenariat-strategique\/","name":"La Russie et l'Iran signent un accord de partenariat strat\u00e9gique | Geopolitics.fr","isPartOf":{"@id":"https:\/\/www.geopolitics.fr\/#website"},"primaryImageOfPage":{"@id":"https:\/\/www.geopolitics.fr\/2025\/01\/28\/la-russie-et-liran-signent-un-accord-de-partenariat-strategique\/#primaryimage"},"image":{"@id":"https:\/\/www.geopolitics.fr\/2025\/01\/28\/la-russie-et-liran-signent-un-accord-de-partenariat-strategique\/#primaryimage"},"thumbnailUrl":"https:\/\/www.geopolitics.fr\/wp-content\/uploads\/2025\/01\/Vladimir-Poutine-et-le-president-iranien-Masoud-Pezeshkian.jpg","datePublished":"2025-01-28T10:47:32+00:00","dateModified":"2025-01-28T10:47:34+00:00","description":"La Russie et l'Iran ont sign\u00e9 un partenariat strat\u00e9gique. Les deux pays sont frapp\u00e9s par des sanctions et ont essuy\u00e9 un \u00e9chec en Syrie.","breadcrumb":{"@id":"https:\/\/www.geopolitics.fr\/2025\/01\/28\/la-russie-et-liran-signent-un-accord-de-partenariat-strategique\/#breadcrumb"},"inLanguage":"en-GB","potentialAction":[{"@type":"ReadAction","target":["https:\/\/www.geopolitics.fr\/2025\/01\/28\/la-russie-et-liran-signent-un-accord-de-partenariat-strategique\/"]}]},{"@type":"ImageObject","inLanguage":"en-GB","@id":"https:\/\/www.geopolitics.fr\/2025\/01\/28\/la-russie-et-liran-signent-un-accord-de-partenariat-strategique\/#primaryimage","url":"https:\/\/www.geopolitics.fr\/wp-content\/uploads\/2025\/01\/Vladimir-Poutine-et-le-president-iranien-Masoud-Pezeshkian.jpg","contentUrl":"https:\/\/www.geopolitics.fr\/wp-content\/uploads\/2025\/01\/Vladimir-Poutine-et-le-president-iranien-Masoud-Pezeshkian.jpg","width":768,"height":512},{"@type":"BreadcrumbList","@id":"https:\/\/www.geopolitics.fr\/2025\/01\/28\/la-russie-et-liran-signent-un-accord-de-partenariat-strategique\/#breadcrumb","itemListElement":[{"@type":"ListItem","position":1,"name":"Accueil","item":"https:\/\/www.geopolitics.fr\/"},{"@type":"ListItem","position":2,"name":"La Russie et l&#8217;Iran signent un accord de partenariat strat\u00e9gique"}]},{"@type":"WebSite","@id":"https:\/\/www.geopolitics.fr\/#website","url":"https:\/\/www.geopolitics.fr\/","name":"Geopolitics.fr","description":"Geopolitics.fr Analyse politique, relations internationales, d\u00e9fense - ligne \u00e9ditoriale gaullo-chiraquienne","publisher":{"@id":"https:\/\/www.geopolitics.fr\/#organization"},"potentialAction":[{"@type":"SearchAction","target":{"@type":"EntryPoint","urlTemplate":"https:\/\/www.geopolitics.fr\/?s={search_term_string}"},"query-input":{"@type":"PropertyValueSpecification","valueRequired":true,"valueName":"search_term_string"}}],"inLanguage":"en-GB"},{"@type":"Organization","@id":"https:\/\/www.geopolitics.fr\/#organization","name":"Geopolitics.fr","url":"https:\/\/www.geopolitics.fr\/","logo":{"@type":"ImageObject","inLanguage":"en-GB","@id":"https:\/\/www.geopolitics.fr\/#\/schema\/logo\/image\/","url":"https:\/\/www.geopolitics.fr\/wp-content\/uploads\/2024\/01\/logo.jpg","contentUrl":"https:\/\/www.geopolitics.fr\/wp-content\/uploads\/2024\/01\/logo.jpg","width":500,"height":500,"caption":"Geopolitics.fr"},"image":{"@id":"https:\/\/www.geopolitics.fr\/#\/schema\/logo\/image\/"},"sameAs":["https:\/\/www.facebook.com\/people\/Erwan-Davoux\/61557098968092\/","https:\/\/x.com\/Geopolitics_Fr"]},{"@type":"Person","@id":"https:\/\/www.geopolitics.fr\/#\/schema\/person\/9b98d78234af63d6ad71199d66115350","name":"Olivier DELAGARDE","image":{"@type":"ImageObject","inLanguage":"en-GB","@id":"https:\/\/secure.gravatar.com\/avatar\/2c50afbd303b51697d9591857ee182bf3ead572fa530da00bb0278cf506c3a97?s=96&d=mm&r=g","url":"https:\/\/secure.gravatar.com\/avatar\/2c50afbd303b51697d9591857ee182bf3ead572fa530da00bb0278cf506c3a97?s=96&d=mm&r=g","contentUrl":"https:\/\/secure.gravatar.com\/avatar\/2c50afbd303b51697d9591857ee182bf3ead572fa530da00bb0278cf506c3a97?s=96&d=mm&r=g","caption":"Olivier DELAGARDE"},"description":"Journaliste depuis plus de 20 ans, accr\u00e9dit\u00e9 aupr\u00e8s de l'Organisation des Nations Unies, de la Ligue des Etats Arabes, titulaire de la Carte d'Identit\u00e9 des Journalistes Professionnels en France et de la F\u00e9d\u00e9ration Internationale des Journalistes, Olivier a occup\u00e9 le poste de Grand reporter correspondant permanent en \u00c9gypte pour des m\u00e9dias de renomm\u00e9e mondiale tels que TV5 MONDE, le GROUPE M6, le GROUPE TF1 ou encore l\u2019AFP. Durant plus de dix ann\u00e9es, il a produit de nombreux reportages sur la politique internationale en Afrique de l'Est, tout en couvrant les principaux conflits au Proche et Moyen-Orient. En tant que Chef de bureau Proche-Orient pour TV5 MONDE, il \u00e9tait responsable de la production de reportages, des relations institutionnelles et de la repr\u00e9sentation de la cha\u00eene, tout en \u00e9crivant pour plusieurs m\u00e9dias europ\u00e9ens et internationaux.","sameAs":["https:\/\/www.facebook.com\/odelagarde","https:\/\/www.linkedin.com\/in\/olivier-delagarde-816b17270\/"],"url":"https:\/\/www.geopolitics.fr\/en\/author\/odelagarde\/"}]}},"_links":{"self":[{"href":"https:\/\/www.geopolitics.fr\/en\/wp-json\/wp\/v2\/posts\/3467","targetHints":{"allow":["GET"]}}],"collection":[{"href":"https:\/\/www.geopolitics.fr\/en\/wp-json\/wp\/v2\/posts"}],"about":[{"href":"https:\/\/www.geopolitics.fr\/en\/wp-json\/wp\/v2\/types\/post"}],"author":[{"embeddable":true,"href":"https:\/\/www.geopolitics.fr\/en\/wp-json\/wp\/v2\/users\/93"}],"replies":[{"embeddable":true,"href":"https:\/\/www.geopolitics.fr\/en\/wp-json\/wp\/v2\/comments?post=3467"}],"version-history":[{"count":0,"href":"https:\/\/www.geopolitics.fr\/en\/wp-json\/wp\/v2\/posts\/3467\/revisions"}],"wp:featuredmedia":[{"embeddable":true,"href":"https:\/\/www.geopolitics.fr\/en\/wp-json\/wp\/v2\/media\/3468"}],"wp:attachment":[{"href":"https:\/\/www.geopolitics.fr\/en\/wp-json\/wp\/v2\/media?parent=3467"}],"wp:term":[{"taxonomy":"category","embeddable":true,"href":"https:\/\/www.geopolitics.fr\/en\/wp-json\/wp\/v2\/categories?post=3467"},{"taxonomy":"post_tag","embeddable":true,"href":"https:\/\/www.geopolitics.fr\/en\/wp-json\/wp\/v2\/tags?post=3467"}],"curies":[{"name":"wp","href":"https:\/\/api.w.org\/{rel}","templated":true}]}}