{"id":3463,"date":"2025-01-26T12:16:48","date_gmt":"2025-01-26T11:16:48","guid":{"rendered":"https:\/\/www.geopolitics.fr\/?p=3463"},"modified":"2025-01-26T12:16:51","modified_gmt":"2025-01-26T11:16:51","slug":"donald-trump-propose-de-deplacer-les-palestiniens-de-gaza-vers-legypte-et-la-jordanie","status":"publish","type":"post","link":"https:\/\/www.geopolitics.fr\/en\/2025\/01\/26\/donald-trump-propose-de-deplacer-les-palestiniens-de-gaza-vers-legypte-et-la-jordanie\/","title":{"rendered":"Donald Trump propose de d\u00e9placer les Palestiniens de Gaza vers l&rsquo;\u00c9gypte et la Jordanie"},"content":{"rendered":"<p class=\"has-medium-font-size wp-block-paragraph\"><em>Le pr\u00e9sident am\u00e9ricain a propos\u00e9 ce samedi soir, de d\u00e9placer les populations de la bande de Gaza vers l&rsquo;\u00c9gypte et la Jordanie dans le cadre d&rsquo;un plan de paix visant \u00e0 \u00ab&nbsp;faire le m\u00e9nage&nbsp;\u00bb dans le territoire palestinien. \u00ab&nbsp;Une excellente id\u00e9e&nbsp;\u00bb, a r\u00e9git d\u00e8s ce dimanche matin un ministre d&rsquo;extr\u00eame-droite du gouvernement isra\u00e9lien.<\/em><\/p>\n\n\n\n<p class=\"has-medium-font-size wp-block-paragraph\">Le revenant \u00e0 la Maison blanche a propos\u00e9 ce samedi 25 janvier de d\u00e9placer les habitants de la bande de Gaza vers l&rsquo;\u00c9gypte et la Jordanie dans le cadre d&rsquo;un plan de paix consistant \u00e0 \u00ab&nbsp;faire le m\u00e9nage&nbsp;\u00bb au c\u0153ur du territoire palestinien, o\u00f9 la tr\u00eave entre l\u2019Etat H\u00e9breu et le Hamas est entr\u00e9e dimanche dans sa deuxi\u00e8me semaine.<\/p>\n\n\n\n<p class=\"has-medium-font-size wp-block-paragraph\">Le fragile cessez-le-feu entr\u00e9 en vigueur le 19 janvier, a d\u2019ores et d\u00e9j\u00e0 permis ce samedi, l&rsquo;\u00e9change de quatre otages isra\u00e9liennes contre quelques 200 prisonniers palestiniens.<\/p>\n\n\n\n<p class=\"has-medium-font-size wp-block-paragraph\">Apr\u00e8s 15 mois de guerre d\u00e9clench\u00e9e par l&rsquo;offensive sans pr\u00e9c\u00e9dent du Hamas le 7 octobre 2023, Donald Trump a compar\u00e9 samedi soir le territoire gazaoui \u00e0 un \u00ab&nbsp;site de d\u00e9molition&nbsp;\u00bb, et annonce avoir discut\u00e9 de la situation avec le roi Abdallah II de Jordanie, ajoutant qu&rsquo;il allait faire de m\u00eame dimanche avec le pr\u00e9sident \u00e9gyptien Abdel Fattah al-Sissi.<\/p>\n\n\n\n<p class=\"has-medium-font-size wp-block-paragraph\">\u00ab&nbsp;<em>On parle d&rsquo;environ 1,5 million de personnes, et on fait tout simplement le m\u00e9nage l\u00e0-dedans. Vous savez, au fil des si\u00e8cles, ce site a connu de nombreux conflits. Et je ne sais pas, quelque chose doit se passer<\/em>&nbsp;\u00bb, a ainsi d\u00e9clar\u00e9 Donald Trump aux journalistes \u00e0 bord de l&rsquo;avion pr\u00e9sidentiel Air Force One.<\/p>\n\n\n\n<p class=\"has-medium-font-size wp-block-paragraph\">\u00ab&nbsp;<em>Je pr\u00e9f\u00e9rerais m&rsquo;impliquer avec certaines nations arabes et construire des logements \u00e0 un autre endroit o\u00f9 ils pourraient peut-\u00eatre vivre en paix pour une fois<\/em>&nbsp;\u00bb, a ajout\u00e9 le nouveau pr\u00e9sident am\u00e9ricain.<\/p>\n\n\n\n<p class=\"has-medium-font-size wp-block-paragraph\">Aussi selon ce dernier, le d\u00e9placement des habitants de Gaza pourrait \u00eatre \u00ab&nbsp;<em>temporaire ou \u00e0 long terme<\/em>&nbsp;\u00bb.<\/p>\n\n\n\n<p class=\"has-medium-font-size wp-block-paragraph\">Sans tarder, cette proposition de Donald Trump a \u00e9t\u00e9 accueillie comme \u00ab&nbsp;<em>une excellente id\u00e9e<\/em>&nbsp;\u00bb, a estim\u00e9 d\u00e8s dimanche matin un ministre d&rsquo;extr\u00eame-droite du gouvernement isra\u00e9lien.<\/p>\n\n\n\n<p class=\"has-medium-font-size wp-block-paragraph\">\u00ab&nbsp;<em>Apr\u00e8s des ann\u00e9es de glorification du terrorisme, les Palestiniens pourront \u00e9tablir une nouvelle et belle vie ailleurs<\/em>&nbsp;\u00bb, a ajout\u00e9 dans un communiqu\u00e9 le ministre des Finances Bezalel Smotrich, dont le parti est indispensable \u00e0 la coalition du gouvernement de Benjamin Netanyahu.<\/p>\n\n\n\n<p class=\"has-medium-font-size wp-block-paragraph\">Il est un fait que la grande majorit\u00e9 des 2,4 millions d&rsquo;habitants de Gaza ont d\u00e9j\u00e0 \u00e9t\u00e9 d\u00e9plac\u00e9s, souvent \u00e0 plusieurs reprises par le d\u00e9but du conflit et depuis l&rsquo;attaque du Hamas contre le sud d&rsquo;Isra\u00ebl le 7 octobre 2023.<\/p>\n\n\n\n<h2 class=\"wp-block-heading\" id=\"h-une-nouvelle-fourniture-d-armes-americaines\"><strong>Une nouvelle fourniture d\u2019armes am\u00e9ricaines<\/strong><\/h2>\n\n\n\n<p class=\"has-medium-font-size wp-block-paragraph\">Donald Trump, qui s&rsquo;est souvent targu\u00e9 durant son premier mandat pr\u00e9sidentiel qu&rsquo;Isra\u00ebl \u00ab&nbsp;n&rsquo;avait jamais eu de meilleur ami \u00e0 la Maison Blanche&nbsp;\u00bb, a \u00e9galement confirm\u00e9 avoir ordonn\u00e9 une livraison de bombes de 2 000 livres (907 kg) au service de son alli\u00e9.<\/p>\n\n\n\n<p class=\"has-medium-font-size wp-block-paragraph\">En son temps, l&rsquo;administration Biden avait suspendu l&rsquo;an pass\u00e9 les livraisons de telles munitions, largu\u00e9es par avion, \u00e0 la fois pr\u00e9cises et dot\u00e9es d&rsquo;une grande puissance destructrice, estimant que ces derni\u00e8res causeraient une \u00ab&nbsp;grande trag\u00e9die humaine&nbsp;\u00bb.<\/p>\n\n\n\n<p class=\"has-medium-font-size wp-block-paragraph\">De son c\u00f4t\u00e9, Donald Trump avait exerc\u00e9 une intense pression sur les deux camps pour que soit conclu avant son investiture le 20 janvier, un accord de cessez-le-feu.<\/p>\n\n\n\n<p class=\"has-medium-font-size wp-block-paragraph\">Dans le cadre de cet accord, les militaires isra\u00e9liennes Daniella Gilboa, Karina Ariev, Liri Albag et Naama Levy, \u00e2g\u00e9es de 19 \u00e0 20 ans, ont ainsi \u00e9t\u00e9 lib\u00e9r\u00e9es samedi et raccompagn\u00e9es vers Isra\u00ebl, o\u00f9 elles ont retrouv\u00e9 leurs parents, dont les longues \u00e9treintes ont \u00e9t\u00e9 largement diffus\u00e9es en images par Tsahal.<\/p>\n\n\n\n<p class=\"has-medium-font-size wp-block-paragraph\">Les jeunes femmes, qui effectuaient leur service militaire au moment de leur enl\u00e8vement et &nbsp;qui \u00e9taient affect\u00e9es \u00e0 la surveillance de la bande de Gaza, ont ensuite \u00e9t\u00e9 transf\u00e9r\u00e9es en h\u00e9licopt\u00e8re dans un h\u00f4pital proche de Tel-Aviv.<\/p>\n\n\n\n<p class=\"has-medium-font-size wp-block-paragraph\">Non satisfaits de ce premier \u00e9change et dans la soir\u00e9e, plusieurs proches d&rsquo;otages et leurs soutiens ont manifest\u00e9 \u00e0 Tel-Aviv afin d\u2019exiger le retour des otages restants, soit 87 personnes dont 34 mortes selon l&rsquo;arm\u00e9e, sur un total de 251 enlev\u00e9es le 7 octobre 2023.<\/p>\n\n\n\n<h2 class=\"wp-block-heading\" id=\"h-33-otages-contre-1-900-prisonniers\"><strong>33 otages contre 1 900 prisonniers<\/strong><\/h2>\n\n\n\n<p class=\"has-medium-font-size wp-block-paragraph\">De l\u2019autre c\u00f4t\u00e9 \u00e0 Ramallah, en Cisjordanie occup\u00e9e, une foule brandissant des drapeaux palestiniens a accueilli dans la jubilation une partie des quelques 200 Palestiniens fraichement &nbsp;lib\u00e9r\u00e9s.<\/p>\n\n\n\n<p class=\"has-medium-font-size wp-block-paragraph\">Port\u00e9s sur les \u00e9paules des habitants enflamm\u00e9s, toujours rev\u00eatus de l&rsquo;uniforme carc\u00e9ral, ceux-ci ont pu retrouver leurs proches, dans une \u00e9motion peu contenue.<\/p>\n\n\n\n<p class=\"has-medium-font-size wp-block-paragraph\">Un premier \u00e9change de trois otages isra\u00e9liens contre 90 prisonniers palestiniens s&rsquo;\u00e9tait d\u00e9j\u00e0 tenu le premier jour de la tr\u00eave le 19 janvier dernier, au sein du territoire palestinien d\u00e9vast\u00e9 et plong\u00e9 dans une crise humanitaire sans pr\u00e9c\u00e9dent.<\/p>\n\n\n\n<h2 class=\"wp-block-heading\" id=\"h-bisbilles-au-sein-du-gouvernement-netanyahu\"><strong>Bisbilles au sein du gouvernement Netanyahu<\/strong><\/h2>\n\n\n\n<p class=\"has-medium-font-size wp-block-paragraph\">L&rsquo;offensive du Hamas \u00e0 l\u2019encontre de l\u2019Etat H\u00e9breu du 7 octobre 2023, a entra\u00een\u00e9 la mort de 1 210 personnes du c\u00f4t\u00e9 isra\u00e9lien, en majorit\u00e9 des civils, selon un d\u00e9compte de l&rsquo;AFP bas\u00e9 sur des donn\u00e9es officielles.<\/p>\n\n\n\n<p class=\"has-medium-font-size wp-block-paragraph\">La r\u00e9ponse lanc\u00e9e en repr\u00e9sailles par Isra\u00ebl dans la bande de Gaza assi\u00e9g\u00e9e, a fait au moins 47 283 morts, \u00e9galement en majorit\u00e9 des civils, selon les donn\u00e9es du minist\u00e8re de la Sant\u00e9 du Hamas.<\/p>\n\n\n\n<p class=\"has-medium-font-size wp-block-paragraph\">Durant cette premi\u00e8re phase, doivent \u00eatre n\u00e9goci\u00e9es les modalit\u00e9s de la seconde, dont l\u2019objectif est de permettre la lib\u00e9ration des derniers otages, en pr\u00e9alable \u00e0 la derni\u00e8re \u00e9tape portant elle, sur la reconstruction de Gaza ainsi que la restitution des corps des otages morts en captivit\u00e9.<\/p>\n\n\n\n<p class=\"has-medium-font-size wp-block-paragraph\">Toutefois sous la pression de l&rsquo;extr\u00eame droite, une partie du gouvernement de Benjamin Netanyahu entend reprendre les combats et en d\u00e9coudre \u00e0 l&rsquo;issue de la premi\u00e8re phase de l&rsquo;accord, ce qui condamnerait plus que probablement les derniers otages.<\/p>\n\n\n\n<p class=\"has-medium-font-size wp-block-paragraph\">Signe des difficult\u00e9s \u00e0 mettre en \u0153uvre l&rsquo;accord, un diff\u00e9rend de derni\u00e8re minute a bloqu\u00e9 samedi le commencement du retour pr\u00e9vu dans le nord du territoire, de centaines de milliers d&rsquo;habitants d\u00e9plac\u00e9s par plus de 15 mois de guerre.<\/p>\n\n\n\n<p class=\"has-medium-font-size wp-block-paragraph\">Aussi l\u2019Etat isra\u00e9lien a conditionn\u00e9 l&rsquo;ouverture du \u00ab&nbsp;corridor de Netzarim&nbsp;\u00bb, qui isole le sud du nord de la bande de Gaza, \u00e0 la remise d&rsquo;une curieuse otage civile d\u00e9nomm\u00e9e Arbel Yehud, invoquant le non-respect par le Hamas d&rsquo;un terme de l&rsquo;accord de tr\u00eave qui n&rsquo;a pas \u00e9t\u00e9 rendu public, l&rsquo;obligeant \u00e0 rel\u00e2cher \u00ab&nbsp;en premier&nbsp;\u00bb les civiles. Le myst\u00e8re reste entier sur cette personne.<\/p>\n\n\n\n<p class=\"has-medium-font-size wp-block-paragraph\">En retour, un dirigeant du Hamas a affirm\u00e9 \u00e0 l&rsquo;AFP sous couvert d&rsquo;anonymat, que la myst\u00e9rieuse otage civile serait \u00ab&nbsp;rel\u00e2ch\u00e9e \u00e0 l&rsquo;occasion du troisi\u00e8me \u00e9change&nbsp;\u00bb, ce dernier \u00e9tant th\u00e9oriquement &nbsp;pr\u00e9vu le 1er f\u00e9vrier prochain.<\/p>\n\n\n\n<p class=\"wp-block-paragraph\"><em>R\u00e9dig\u00e9 avec l\u2019AFP<\/em><\/p>","protected":false},"excerpt":{"rendered":"<p>Le pr\u00e9sident am\u00e9ricain a propos\u00e9 ce samedi soir, de d\u00e9placer les populations de la bande de Gaza vers l&rsquo;\u00c9gypte et la Jordanie&hellip;<\/p>","protected":false},"author":9,"featured_media":3465,"comment_status":"open","ping_status":"open","sticky":false,"template":"","format":"standard","meta":{"_lmt_disableupdate":"","_lmt_disable":"","footnotes":""},"categories":[5,4],"tags":[69,307],"class_list":["post-3463","post","type-post","status-publish","format-standard","has-post-thumbnail","hentry","category-international","category-mis-en-avant","tag-gaza","tag-trump"],"yoast_head":"<!-- This site is optimized with the Yoast SEO Premium plugin v28.1 (Yoast SEO v28.1) - https:\/\/yoast.com\/product\/yoast-seo-premium-wordpress\/ -->\n<title>Donald Trump propose de d\u00e9placer les Palestiniens de Gaza vers l&#039;\u00c9gypte et la Jordanie | Geopolitics.fr<\/title>\n<meta name=\"robots\" content=\"index, follow, max-snippet:-1, max-image-preview:large, max-video-preview:-1\" \/>\n<link rel=\"canonical\" href=\"https:\/\/www.geopolitics.fr\/en\/2025\/01\/26\/donald-trump-propose-de-deplacer-les-palestiniens-de-gaza-vers-legypte-et-la-jordanie\/\" \/>\n<meta property=\"og:locale\" content=\"en_GB\" \/>\n<meta property=\"og:type\" content=\"article\" \/>\n<meta property=\"og:title\" content=\"Donald Trump propose de d\u00e9placer les Palestiniens de Gaza vers l&#039;\u00c9gypte et la Jordanie\" \/>\n<meta property=\"og:description\" content=\"Le pr\u00e9sident am\u00e9ricain a propos\u00e9 ce samedi soir, de d\u00e9placer les populations de la bande de Gaza vers l&rsquo;\u00c9gypte et la Jordanie&hellip;\" \/>\n<meta property=\"og:url\" content=\"https:\/\/www.geopolitics.fr\/en\/2025\/01\/26\/donald-trump-propose-de-deplacer-les-palestiniens-de-gaza-vers-legypte-et-la-jordanie\/\" \/>\n<meta property=\"og:site_name\" content=\"Geopolitics.fr\" \/>\n<meta property=\"article:publisher\" content=\"https:\/\/www.facebook.com\/people\/Erwan-Davoux\/61557098968092\/\" \/>\n<meta property=\"article:published_time\" content=\"2025-01-26T11:16:48+00:00\" \/>\n<meta property=\"article:modified_time\" content=\"2025-01-26T11:16:51+00:00\" \/>\n<meta property=\"og:image\" content=\"https:\/\/www.geopolitics.fr\/wp-content\/uploads\/2025\/01\/Trump-Air-Force-One-1.jpg\" \/>\n\t<meta property=\"og:image:width\" content=\"1920\" \/>\n\t<meta property=\"og:image:height\" content=\"1014\" \/>\n\t<meta property=\"og:image:type\" content=\"image\/jpeg\" \/>\n<meta name=\"author\" content=\"contact@geopolitics.fr\" \/>\n<meta name=\"twitter:card\" content=\"summary_large_image\" \/>\n<meta name=\"twitter:creator\" content=\"@Geopolitics_Fr\" \/>\n<meta name=\"twitter:site\" content=\"@Geopolitics_Fr\" \/>\n<meta name=\"twitter:label1\" content=\"Written by\" \/>\n\t<meta name=\"twitter:data1\" content=\"contact@geopolitics.fr\" \/>\n\t<meta name=\"twitter:label2\" content=\"Estimated reading time\" \/>\n\t<meta name=\"twitter:data2\" content=\"6 minutes\" \/>\n<script type=\"application\/ld+json\" class=\"yoast-schema-graph\">{\"@context\":\"https:\\\/\\\/schema.org\",\"@graph\":[{\"@type\":\"Article\",\"@id\":\"https:\\\/\\\/www.geopolitics.fr\\\/2025\\\/01\\\/26\\\/donald-trump-propose-de-deplacer-les-palestiniens-de-gaza-vers-legypte-et-la-jordanie\\\/#article\",\"isPartOf\":{\"@id\":\"https:\\\/\\\/www.geopolitics.fr\\\/2025\\\/01\\\/26\\\/donald-trump-propose-de-deplacer-les-palestiniens-de-gaza-vers-legypte-et-la-jordanie\\\/\"},\"author\":{\"name\":\"contact@geopolitics.fr\",\"@id\":\"https:\\\/\\\/www.geopolitics.fr\\\/#\\\/schema\\\/person\\\/69dde260ad11805e2aa68f0d9e9128da\"},\"headline\":\"Donald Trump propose de d\u00e9placer les Palestiniens de Gaza vers l&rsquo;\u00c9gypte et la Jordanie\",\"datePublished\":\"2025-01-26T11:16:48+00:00\",\"dateModified\":\"2025-01-26T11:16:51+00:00\",\"mainEntityOfPage\":{\"@id\":\"https:\\\/\\\/www.geopolitics.fr\\\/2025\\\/01\\\/26\\\/donald-trump-propose-de-deplacer-les-palestiniens-de-gaza-vers-legypte-et-la-jordanie\\\/\"},\"wordCount\":1215,\"commentCount\":0,\"publisher\":{\"@id\":\"https:\\\/\\\/www.geopolitics.fr\\\/#organization\"},\"image\":{\"@id\":\"https:\\\/\\\/www.geopolitics.fr\\\/2025\\\/01\\\/26\\\/donald-trump-propose-de-deplacer-les-palestiniens-de-gaza-vers-legypte-et-la-jordanie\\\/#primaryimage\"},\"thumbnailUrl\":\"https:\\\/\\\/www.geopolitics.fr\\\/wp-content\\\/uploads\\\/2025\\\/01\\\/Trump-Air-Force-One-1.jpg\",\"keywords\":[\"gaza\",\"TRUMP\"],\"articleSection\":[\"International\",\"Mis en AVANT\"],\"inLanguage\":\"en-GB\"},{\"@type\":\"WebPage\",\"@id\":\"https:\\\/\\\/www.geopolitics.fr\\\/2025\\\/01\\\/26\\\/donald-trump-propose-de-deplacer-les-palestiniens-de-gaza-vers-legypte-et-la-jordanie\\\/\",\"url\":\"https:\\\/\\\/www.geopolitics.fr\\\/2025\\\/01\\\/26\\\/donald-trump-propose-de-deplacer-les-palestiniens-de-gaza-vers-legypte-et-la-jordanie\\\/\",\"name\":\"Donald Trump propose de d\u00e9placer les Palestiniens de Gaza vers l'\u00c9gypte et la Jordanie | Geopolitics.fr\",\"isPartOf\":{\"@id\":\"https:\\\/\\\/www.geopolitics.fr\\\/#website\"},\"primaryImageOfPage\":{\"@id\":\"https:\\\/\\\/www.geopolitics.fr\\\/2025\\\/01\\\/26\\\/donald-trump-propose-de-deplacer-les-palestiniens-de-gaza-vers-legypte-et-la-jordanie\\\/#primaryimage\"},\"image\":{\"@id\":\"https:\\\/\\\/www.geopolitics.fr\\\/2025\\\/01\\\/26\\\/donald-trump-propose-de-deplacer-les-palestiniens-de-gaza-vers-legypte-et-la-jordanie\\\/#primaryimage\"},\"thumbnailUrl\":\"https:\\\/\\\/www.geopolitics.fr\\\/wp-content\\\/uploads\\\/2025\\\/01\\\/Trump-Air-Force-One-1.jpg\",\"datePublished\":\"2025-01-26T11:16:48+00:00\",\"dateModified\":\"2025-01-26T11:16:51+00:00\",\"breadcrumb\":{\"@id\":\"https:\\\/\\\/www.geopolitics.fr\\\/2025\\\/01\\\/26\\\/donald-trump-propose-de-deplacer-les-palestiniens-de-gaza-vers-legypte-et-la-jordanie\\\/#breadcrumb\"},\"inLanguage\":\"en-GB\",\"potentialAction\":[{\"@type\":\"ReadAction\",\"target\":[\"https:\\\/\\\/www.geopolitics.fr\\\/2025\\\/01\\\/26\\\/donald-trump-propose-de-deplacer-les-palestiniens-de-gaza-vers-legypte-et-la-jordanie\\\/\"]}]},{\"@type\":\"ImageObject\",\"inLanguage\":\"en-GB\",\"@id\":\"https:\\\/\\\/www.geopolitics.fr\\\/2025\\\/01\\\/26\\\/donald-trump-propose-de-deplacer-les-palestiniens-de-gaza-vers-legypte-et-la-jordanie\\\/#primaryimage\",\"url\":\"https:\\\/\\\/www.geopolitics.fr\\\/wp-content\\\/uploads\\\/2025\\\/01\\\/Trump-Air-Force-One-1.jpg\",\"contentUrl\":\"https:\\\/\\\/www.geopolitics.fr\\\/wp-content\\\/uploads\\\/2025\\\/01\\\/Trump-Air-Force-One-1.jpg\",\"width\":1920,\"height\":1014},{\"@type\":\"BreadcrumbList\",\"@id\":\"https:\\\/\\\/www.geopolitics.fr\\\/2025\\\/01\\\/26\\\/donald-trump-propose-de-deplacer-les-palestiniens-de-gaza-vers-legypte-et-la-jordanie\\\/#breadcrumb\",\"itemListElement\":[{\"@type\":\"ListItem\",\"position\":1,\"name\":\"Accueil\",\"item\":\"https:\\\/\\\/www.geopolitics.fr\\\/\"},{\"@type\":\"ListItem\",\"position\":2,\"name\":\"Donald Trump propose de d\u00e9placer les Palestiniens de Gaza vers l&#8217;\u00c9gypte et la Jordanie\"}]},{\"@type\":\"WebSite\",\"@id\":\"https:\\\/\\\/www.geopolitics.fr\\\/#website\",\"url\":\"https:\\\/\\\/www.geopolitics.fr\\\/\",\"name\":\"Geopolitics.fr\",\"description\":\"Geopolitics.fr Analyse politique, relations internationales, d\u00e9fense - ligne \u00e9ditoriale gaullo-chiraquienne\",\"publisher\":{\"@id\":\"https:\\\/\\\/www.geopolitics.fr\\\/#organization\"},\"potentialAction\":[{\"@type\":\"SearchAction\",\"target\":{\"@type\":\"EntryPoint\",\"urlTemplate\":\"https:\\\/\\\/www.geopolitics.fr\\\/?s={search_term_string}\"},\"query-input\":{\"@type\":\"PropertyValueSpecification\",\"valueRequired\":true,\"valueName\":\"search_term_string\"}}],\"inLanguage\":\"en-GB\"},{\"@type\":\"Organization\",\"@id\":\"https:\\\/\\\/www.geopolitics.fr\\\/#organization\",\"name\":\"Geopolitics.fr\",\"url\":\"https:\\\/\\\/www.geopolitics.fr\\\/\",\"logo\":{\"@type\":\"ImageObject\",\"inLanguage\":\"en-GB\",\"@id\":\"https:\\\/\\\/www.geopolitics.fr\\\/#\\\/schema\\\/logo\\\/image\\\/\",\"url\":\"https:\\\/\\\/www.geopolitics.fr\\\/wp-content\\\/uploads\\\/2024\\\/01\\\/logo.jpg\",\"contentUrl\":\"https:\\\/\\\/www.geopolitics.fr\\\/wp-content\\\/uploads\\\/2024\\\/01\\\/logo.jpg\",\"width\":500,\"height\":500,\"caption\":\"Geopolitics.fr\"},\"image\":{\"@id\":\"https:\\\/\\\/www.geopolitics.fr\\\/#\\\/schema\\\/logo\\\/image\\\/\"},\"sameAs\":[\"https:\\\/\\\/www.facebook.com\\\/people\\\/Erwan-Davoux\\\/61557098968092\\\/\",\"https:\\\/\\\/x.com\\\/Geopolitics_Fr\"]},{\"@type\":\"Person\",\"@id\":\"https:\\\/\\\/www.geopolitics.fr\\\/#\\\/schema\\\/person\\\/69dde260ad11805e2aa68f0d9e9128da\",\"name\":\"contact@geopolitics.fr\",\"image\":{\"@type\":\"ImageObject\",\"inLanguage\":\"en-GB\",\"@id\":\"https:\\\/\\\/www.geopolitics.fr\\\/wp-content\\\/uploads\\\/2024\\\/01\\\/edito-bonne-banniere-96x96.jpg\",\"url\":\"https:\\\/\\\/www.geopolitics.fr\\\/wp-content\\\/uploads\\\/2024\\\/01\\\/edito-bonne-banniere-96x96.jpg\",\"contentUrl\":\"https:\\\/\\\/www.geopolitics.fr\\\/wp-content\\\/uploads\\\/2024\\\/01\\\/edito-bonne-banniere-96x96.jpg\",\"caption\":\"contact@geopolitics.fr\"},\"url\":\"https:\\\/\\\/www.geopolitics.fr\\\/en\\\/author\\\/contactgeopolitics-fr\\\/\"}]}<\/script>\n<!-- \/ Yoast SEO Premium plugin. -->","yoast_head_json":{"title":"Donald Trump propose de d\u00e9placer les Palestiniens de Gaza vers l'\u00c9gypte et la Jordanie | Geopolitics.fr","robots":{"index":"index","follow":"follow","max-snippet":"max-snippet:-1","max-image-preview":"max-image-preview:large","max-video-preview":"max-video-preview:-1"},"canonical":"https:\/\/www.geopolitics.fr\/en\/2025\/01\/26\/donald-trump-propose-de-deplacer-les-palestiniens-de-gaza-vers-legypte-et-la-jordanie\/","og_locale":"en_GB","og_type":"article","og_title":"Donald Trump propose de d\u00e9placer les Palestiniens de Gaza vers l'\u00c9gypte et la Jordanie","og_description":"Le pr\u00e9sident am\u00e9ricain a propos\u00e9 ce samedi soir, de d\u00e9placer les populations de la bande de Gaza vers l&rsquo;\u00c9gypte et la Jordanie&hellip;","og_url":"https:\/\/www.geopolitics.fr\/en\/2025\/01\/26\/donald-trump-propose-de-deplacer-les-palestiniens-de-gaza-vers-legypte-et-la-jordanie\/","og_site_name":"Geopolitics.fr","article_publisher":"https:\/\/www.facebook.com\/people\/Erwan-Davoux\/61557098968092\/","article_published_time":"2025-01-26T11:16:48+00:00","article_modified_time":"2025-01-26T11:16:51+00:00","og_image":[{"width":1920,"height":1014,"url":"https:\/\/www.geopolitics.fr\/wp-content\/uploads\/2025\/01\/Trump-Air-Force-One-1.jpg","type":"image\/jpeg"}],"author":"contact@geopolitics.fr","twitter_card":"summary_large_image","twitter_creator":"@Geopolitics_Fr","twitter_site":"@Geopolitics_Fr","twitter_misc":{"Written by":"contact@geopolitics.fr","Estimated reading time":"6 minutes"},"schema":{"@context":"https:\/\/schema.org","@graph":[{"@type":"Article","@id":"https:\/\/www.geopolitics.fr\/2025\/01\/26\/donald-trump-propose-de-deplacer-les-palestiniens-de-gaza-vers-legypte-et-la-jordanie\/#article","isPartOf":{"@id":"https:\/\/www.geopolitics.fr\/2025\/01\/26\/donald-trump-propose-de-deplacer-les-palestiniens-de-gaza-vers-legypte-et-la-jordanie\/"},"author":{"name":"contact@geopolitics.fr","@id":"https:\/\/www.geopolitics.fr\/#\/schema\/person\/69dde260ad11805e2aa68f0d9e9128da"},"headline":"Donald Trump propose de d\u00e9placer les Palestiniens de Gaza vers l&rsquo;\u00c9gypte et la Jordanie","datePublished":"2025-01-26T11:16:48+00:00","dateModified":"2025-01-26T11:16:51+00:00","mainEntityOfPage":{"@id":"https:\/\/www.geopolitics.fr\/2025\/01\/26\/donald-trump-propose-de-deplacer-les-palestiniens-de-gaza-vers-legypte-et-la-jordanie\/"},"wordCount":1215,"commentCount":0,"publisher":{"@id":"https:\/\/www.geopolitics.fr\/#organization"},"image":{"@id":"https:\/\/www.geopolitics.fr\/2025\/01\/26\/donald-trump-propose-de-deplacer-les-palestiniens-de-gaza-vers-legypte-et-la-jordanie\/#primaryimage"},"thumbnailUrl":"https:\/\/www.geopolitics.fr\/wp-content\/uploads\/2025\/01\/Trump-Air-Force-One-1.jpg","keywords":["gaza","TRUMP"],"articleSection":["International","Mis en AVANT"],"inLanguage":"en-GB"},{"@type":"WebPage","@id":"https:\/\/www.geopolitics.fr\/2025\/01\/26\/donald-trump-propose-de-deplacer-les-palestiniens-de-gaza-vers-legypte-et-la-jordanie\/","url":"https:\/\/www.geopolitics.fr\/2025\/01\/26\/donald-trump-propose-de-deplacer-les-palestiniens-de-gaza-vers-legypte-et-la-jordanie\/","name":"Donald Trump propose de d\u00e9placer les Palestiniens de Gaza vers l'\u00c9gypte et la Jordanie | Geopolitics.fr","isPartOf":{"@id":"https:\/\/www.geopolitics.fr\/#website"},"primaryImageOfPage":{"@id":"https:\/\/www.geopolitics.fr\/2025\/01\/26\/donald-trump-propose-de-deplacer-les-palestiniens-de-gaza-vers-legypte-et-la-jordanie\/#primaryimage"},"image":{"@id":"https:\/\/www.geopolitics.fr\/2025\/01\/26\/donald-trump-propose-de-deplacer-les-palestiniens-de-gaza-vers-legypte-et-la-jordanie\/#primaryimage"},"thumbnailUrl":"https:\/\/www.geopolitics.fr\/wp-content\/uploads\/2025\/01\/Trump-Air-Force-One-1.jpg","datePublished":"2025-01-26T11:16:48+00:00","dateModified":"2025-01-26T11:16:51+00:00","breadcrumb":{"@id":"https:\/\/www.geopolitics.fr\/2025\/01\/26\/donald-trump-propose-de-deplacer-les-palestiniens-de-gaza-vers-legypte-et-la-jordanie\/#breadcrumb"},"inLanguage":"en-GB","potentialAction":[{"@type":"ReadAction","target":["https:\/\/www.geopolitics.fr\/2025\/01\/26\/donald-trump-propose-de-deplacer-les-palestiniens-de-gaza-vers-legypte-et-la-jordanie\/"]}]},{"@type":"ImageObject","inLanguage":"en-GB","@id":"https:\/\/www.geopolitics.fr\/2025\/01\/26\/donald-trump-propose-de-deplacer-les-palestiniens-de-gaza-vers-legypte-et-la-jordanie\/#primaryimage","url":"https:\/\/www.geopolitics.fr\/wp-content\/uploads\/2025\/01\/Trump-Air-Force-One-1.jpg","contentUrl":"https:\/\/www.geopolitics.fr\/wp-content\/uploads\/2025\/01\/Trump-Air-Force-One-1.jpg","width":1920,"height":1014},{"@type":"BreadcrumbList","@id":"https:\/\/www.geopolitics.fr\/2025\/01\/26\/donald-trump-propose-de-deplacer-les-palestiniens-de-gaza-vers-legypte-et-la-jordanie\/#breadcrumb","itemListElement":[{"@type":"ListItem","position":1,"name":"Accueil","item":"https:\/\/www.geopolitics.fr\/"},{"@type":"ListItem","position":2,"name":"Donald Trump propose de d\u00e9placer les Palestiniens de Gaza vers l&#8217;\u00c9gypte et la Jordanie"}]},{"@type":"WebSite","@id":"https:\/\/www.geopolitics.fr\/#website","url":"https:\/\/www.geopolitics.fr\/","name":"Geopolitics.fr","description":"Geopolitics.fr Analyse politique, relations internationales, d\u00e9fense - ligne \u00e9ditoriale gaullo-chiraquienne","publisher":{"@id":"https:\/\/www.geopolitics.fr\/#organization"},"potentialAction":[{"@type":"SearchAction","target":{"@type":"EntryPoint","urlTemplate":"https:\/\/www.geopolitics.fr\/?s={search_term_string}"},"query-input":{"@type":"PropertyValueSpecification","valueRequired":true,"valueName":"search_term_string"}}],"inLanguage":"en-GB"},{"@type":"Organization","@id":"https:\/\/www.geopolitics.fr\/#organization","name":"Geopolitics.fr","url":"https:\/\/www.geopolitics.fr\/","logo":{"@type":"ImageObject","inLanguage":"en-GB","@id":"https:\/\/www.geopolitics.fr\/#\/schema\/logo\/image\/","url":"https:\/\/www.geopolitics.fr\/wp-content\/uploads\/2024\/01\/logo.jpg","contentUrl":"https:\/\/www.geopolitics.fr\/wp-content\/uploads\/2024\/01\/logo.jpg","width":500,"height":500,"caption":"Geopolitics.fr"},"image":{"@id":"https:\/\/www.geopolitics.fr\/#\/schema\/logo\/image\/"},"sameAs":["https:\/\/www.facebook.com\/people\/Erwan-Davoux\/61557098968092\/","https:\/\/x.com\/Geopolitics_Fr"]},{"@type":"Person","@id":"https:\/\/www.geopolitics.fr\/#\/schema\/person\/69dde260ad11805e2aa68f0d9e9128da","name":"contact@geopolitics.fr","image":{"@type":"ImageObject","inLanguage":"en-GB","@id":"https:\/\/www.geopolitics.fr\/wp-content\/uploads\/2024\/01\/edito-bonne-banniere-96x96.jpg","url":"https:\/\/www.geopolitics.fr\/wp-content\/uploads\/2024\/01\/edito-bonne-banniere-96x96.jpg","contentUrl":"https:\/\/www.geopolitics.fr\/wp-content\/uploads\/2024\/01\/edito-bonne-banniere-96x96.jpg","caption":"contact@geopolitics.fr"},"url":"https:\/\/www.geopolitics.fr\/en\/author\/contactgeopolitics-fr\/"}]}},"_links":{"self":[{"href":"https:\/\/www.geopolitics.fr\/en\/wp-json\/wp\/v2\/posts\/3463","targetHints":{"allow":["GET"]}}],"collection":[{"href":"https:\/\/www.geopolitics.fr\/en\/wp-json\/wp\/v2\/posts"}],"about":[{"href":"https:\/\/www.geopolitics.fr\/en\/wp-json\/wp\/v2\/types\/post"}],"author":[{"embeddable":true,"href":"https:\/\/www.geopolitics.fr\/en\/wp-json\/wp\/v2\/users\/9"}],"replies":[{"embeddable":true,"href":"https:\/\/www.geopolitics.fr\/en\/wp-json\/wp\/v2\/comments?post=3463"}],"version-history":[{"count":0,"href":"https:\/\/www.geopolitics.fr\/en\/wp-json\/wp\/v2\/posts\/3463\/revisions"}],"wp:featuredmedia":[{"embeddable":true,"href":"https:\/\/www.geopolitics.fr\/en\/wp-json\/wp\/v2\/media\/3465"}],"wp:attachment":[{"href":"https:\/\/www.geopolitics.fr\/en\/wp-json\/wp\/v2\/media?parent=3463"}],"wp:term":[{"taxonomy":"category","embeddable":true,"href":"https:\/\/www.geopolitics.fr\/en\/wp-json\/wp\/v2\/categories?post=3463"},{"taxonomy":"post_tag","embeddable":true,"href":"https:\/\/www.geopolitics.fr\/en\/wp-json\/wp\/v2\/tags?post=3463"}],"curies":[{"name":"wp","href":"https:\/\/api.w.org\/{rel}","templated":true}]}}