{"id":3460,"date":"2025-01-24T18:53:34","date_gmt":"2025-01-24T17:53:34","guid":{"rendered":"https:\/\/www.geopolitics.fr\/?p=3460"},"modified":"2025-01-24T18:53:36","modified_gmt":"2025-01-24T17:53:36","slug":"enquete-dans-le-golan-les-syriens-refusent-de-partir-malgre-la-pression-israelienne","status":"publish","type":"post","link":"https:\/\/www.geopolitics.fr\/en\/2025\/01\/24\/enquete-dans-le-golan-les-syriens-refusent-de-partir-malgre-la-pression-israelienne\/","title":{"rendered":"[Enqu\u00eate] Dans le Golan, les Syriens refusent de partir malgr\u00e9 la pression isra\u00e9lienne"},"content":{"rendered":"<p class=\"has-medium-font-size wp-block-paragraph\"><em>Alors que Damas c\u00e9l\u00e9brait la fin du r\u00e8gne du clan Assad en d\u00e9cembre dernier, les habitants du gouvernorat de Quneitra, dans le Golan syrien, voyaient l&rsquo;arm\u00e9e isra\u00e9lienne investir plusieurs villages. Les raids quotidiens harc\u00e8lent la population, craignant que l&rsquo;occupation temporaire de la zone d\u00e9militaris\u00e9e depuis 1974 ne devienne permanente.<\/em><\/p>\n\n\n\n<p class=\"has-medium-font-size wp-block-paragraph\">A l\u2019entr\u00e9e du village, des blocs de b\u00e9ton bloquent le bout de la rue principale. Quelques centaines de m\u00e8tres plus loin, une large bande noire de remblai se d\u00e9marque de l&rsquo;horizon. Et un bruit incessant de pelleteuses. \u00ab&nbsp;<em>Ils creusent une tranch\u00e9e de trois m\u00e8tres de large et six m\u00e8tres de profondeur. Ils ont commenc\u00e9 il y a quatre mois, comme s\u2019ils savaient que Bachar (al-Assad) allait tomber<\/em>&nbsp;\u00bb, explique Ahmed Ali Tahar, maire d&rsquo;Al-Hurriyah dans le gouvernorat de Quneitra<em>,<\/em> au c\u0153ur &nbsp;du Golan syrien.<\/p>\n\n\n\n<p class=\"has-medium-font-size wp-block-paragraph\">Des travaux titanesques qui placent d\u00e9sormais la derni\u00e8re maison de ce petit village du plateau du Golan \u00e0 500 m\u00e8tres seulement de la fronti\u00e8re avec Isra\u00ebl, contre deux kilom\u00e8tres auparavant. En octobre 2023, les autorit\u00e9s isra\u00e9liennes ont annonc\u00e9 vouloir fortifier la ligne Alpha qui s\u00e9pare l&rsquo;\u00c9tat h\u00e9breu de la Syrie, afin d&rsquo;\u00e9viter toute attaque terroriste, \u00e0 l\u2019image de celle du 7 octobre 2023 perp\u00e9tr\u00e9e par le Hamas depuis Gaza.<\/p>\n\n\n\n<h2 class=\"wp-block-heading\" id=\"h-chute-d-assad-une-joie-de-tres-courte-duree\"><strong>Chute d\u2019Assad, une joie de tr\u00e8s courte dur\u00e9e<\/strong><\/h2>\n\n\n\n<p class=\"has-medium-font-size wp-block-paragraph\">Le 8 d\u00e9cembre 2024, la joie a fait place \u00e0 une autre inqui\u00e9tude. Puis tout a chang\u00e9 pour les habitants d&rsquo;Al-Hurriyah. \u00ab<em>&nbsp;Nous \u00e9tions si contents de la chute de Bachar mais Isra\u00ebl a g\u00e2ch\u00e9 notre joie. Ils sont arriv\u00e9s deux jours apr\u00e8s avec leurs chars et leurs bulldozers<\/em>&nbsp;\u00bb raconte le maire du village de 1 000 habitants.<\/p>\n\n\n\n<p class=\"has-medium-font-size wp-block-paragraph\">Quelques heures seulement apr\u00e8s la prise du pouvoir par Hayat Tahrir al-Cham (HTC ou HTS), le Premier ministre isra\u00e9lien Benjamin Netanyahu, a ordonn\u00e9 \u00e0 l\u2019arm\u00e9e de \u00ab&nbsp;prendre le contr\u00f4le&nbsp;\u00bb de la zone tampon d\u00e9militaris\u00e9e du plateau du Golan, un territoire strat\u00e9gique riche en eau surplombant le nord d\u2019Isra\u00ebl. Depuis 1974 pourtant, cette bande de 80 kilom\u00e8tres de long a \u00e9t\u00e9 d\u00e9limit\u00e9e par un accord de cessez-le-feu entre Isra\u00ebl et la Syrie, dont le respect est assur\u00e9 par la Force de l&rsquo;ONU pour l&rsquo;observation du d\u00e9sengagement (Fnuod). Malgr\u00e9 cela, l\u2019\u00c9tat h\u00e9breu occupe une partie de ce territoire montagneux qu\u2019il a annex\u00e9 arbitrairement en 1981 et que la communaut\u00e9 internationale, exception faite des \u00c9tats-Unis, consid\u00e8re comme occup\u00e9.<\/p>\n\n\n\n<p class=\"has-medium-font-size wp-block-paragraph\">\u00ab&nbsp;<em>Les soldats sont arriv\u00e9s et ont demand\u00e9 \u00e0 l\u2019imam de faire un appel afin de dire \u00e0 tout le monde de partir. Ils nous ont donn\u00e9 jusqu\u2019\u00e0 15 h. Nous avons fait partir les femmes et les enfants mais les hommes sont rest\u00e9s&nbsp;<\/em>\u00bb rapporte l\u2019\u00e9lu du village, pr\u00e9cisant que c\u2019\u00e9tait la premi\u00e8re fois qu\u2019il voyait des Isra\u00e9liens depuis son arriv\u00e9e en 1978.<\/p>\n\n\n\n<p class=\"has-medium-font-size wp-block-paragraph\">Maha* n\u2019oubliera jamais ce jour-l\u00e0. \u00ab&nbsp;<em>On ne nous a m\u00eame pas laiss\u00e9 le temps de prendre nos affaires, \u00e0 peine de quoi s\u2019habiller. Je suis rest\u00e9e pendant cinq jours \u00e0 Khan Arnabah avec les enfants avant de revenir<\/em>&nbsp;\u00bb se souvient cette derni\u00e8re. La sexag\u00e9naire, effray\u00e9e \u00e0 l\u2019id\u00e9e de repr\u00e9sailles, explique qu&rsquo;en vingt-cinq ans, elle n\u2019avait jamais vu les soldats isra\u00e9liens dans le village. \u00ab&nbsp;<em>Que ressentiriez-vous si on venait vous dire de partir de chez vous du jour au lendemain&nbsp;?&nbsp;<\/em>\u00bb, interroge-t-elle, en pr\u00e9cisant qu&rsquo;elle vit dans la peur que Tsahal ne les chasse de leur maison d\u00e9finitivement.<\/p>\n\n\n\n<h2 class=\"wp-block-heading\" id=\"h-plusieurs-centaines-de-villageois-toujours-deplaces-d-al-hurriyah\"><strong>Plusieurs centaines de villageois toujours d\u00e9plac\u00e9s d&rsquo;Al-Hurriyah<\/strong><\/h2>\n\n\n\n<p class=\"has-medium-font-size wp-block-paragraph\">En quelques heures \u00e0 peine, \u00e0 Al-Hurriyah, femmes et enfants fuient. Malgr\u00e9 la fin de l&rsquo;ultimatum, ce n&rsquo;est que le lendemain vers 10 h que les soldats isra\u00e9liens sont venus taper \u00e0 la porte de l\u2019\u00e9dile local. \u00ab&nbsp;<em>Ils m\u2019ont<\/em> <em>demand\u00e9 pourquoi nous n\u2019\u00e9tions pas partis avec l\u2019imam. Je leur ai dit que je n\u2019avais pas envie et que je n\u2019avais nulle part o\u00f9 aller. Ils m\u2019ont alors menac\u00e9 en pointant une arme : la prochaine fois, on t\u2019explose la t\u00eate !, <\/em>raconte Ahmed en comptant les perles en bois de son misbaha (NDLR&nbsp;: chapelet musulman).<em> \u00ab&nbsp;Nous leur avons dit que nous n\u2019\u00e9tions que des bergers et des agriculteurs, qu\u2019ils pouvaient fouiller nos maisons, que nous n\u2019avions pas d\u2019armes \u00e0 cacher. Ils n\u2019ont cherch\u00e9 que la mienne et celle d\u2019un vendeur de pain<\/em>&nbsp;\u00bb, ajoute-t-il.<\/p>\n\n\n\n<p class=\"has-medium-font-size wp-block-paragraph\">Ahmed n\u2019a d\u2019autre choix que de s\u2019ex\u00e9cuter en abandonnant le village. Trois jours plus tard, il re\u00e7oit un appel lui demandant de revenir \u00e0 Al-Hurriyah. \u00ab&nbsp;<em>Quand je suis arriv\u00e9 chez moi, il y avait une vingtaine de soldats arm\u00e9s. Ils m\u2019ont dit de faire revenir tout le monde mais ils n\u2019ont pas dit pourquoi<\/em>&nbsp;\u00bb.&nbsp; Depuis, quelques 600 habitants sont rentr\u00e9s au village. Les 400 autres sont toujours d\u00e9plac\u00e9s dans les villes environnantes, notamment \u00e0 Khan Arnabah.<\/p>\n\n\n\n<p class=\"has-medium-font-size wp-block-paragraph\">C\u2019est \u00e0 cet endroit que Bilal* vient travailler chaque jour. Le sexag\u00e9naire r\u00e9side \u00e0 Jubata al-Khashab, un village o\u00f9 les treillis verts sont omnipr\u00e9sents quotidiennement depuis le 8 d\u00e9cembre. Aucune personne ext\u00e9rieure n\u2019est autoris\u00e9e \u00e0 entrer.<\/p>\n\n\n\n<p class=\"has-medium-font-size wp-block-paragraph\">\u00ab&nbsp;<em>Les soldats vont et viennent sans arr\u00eat dans le village, raconte-t-il en demandant, \u00e0 nouveau, de garantir son anonymat. Je crains qu\u2019ils prennent ma maison. Je n\u2019ai aucune confiance en l\u2019ennemi<\/em>&nbsp;\u00bb, explique-t-il en pr\u00e9cisant l&rsquo;obligation de rentrer t\u00f4t compte tenu du danger.<\/p>\n\n\n\n<p class=\"has-medium-font-size wp-block-paragraph\">Bilal est terroris\u00e9 \u00e0 l\u2019id\u00e9e de repr\u00e9sailles, mais surtout de l\u2019avenir. Il ne cesse de se toucher les mains, sans doute pour refreiner des tremblements dus au stress. \u00ab&nbsp;<em>Je ne leur adresse pas la parole. Je ne sais pas comment ils pourraient r\u00e9agir. Je pourrais \u00eatre arr\u00eat\u00e9<\/em>&nbsp;\u00bb, poursuit-il en r\u00e9p\u00e9tant que les soldats terrorisent les villageois.<\/p>\n\n\n\n<h2 class=\"wp-block-heading\" id=\"h-une-occupation-temporaire-pour-securiser-les-frontieres-israeliennes\"><strong>Une occupation \u00ab\u00a0temporaire\u00a0\u00bb pour s\u00e9curiser les fronti\u00e8res isra\u00e9liennes<\/strong><\/h2>\n\n\n\n<p class=\"has-medium-font-size wp-block-paragraph\">En un mois, l\u2019Etat H\u00e9breu a men\u00e9 des centaines de frappes visant \u00e0 d\u00e9truire l\u2019arsenal militaire syrien, arguant chercher \u00e0 \u00e9viter qu\u2019il ne tombe entre les mains des nouvelles autorit\u00e9s qui \u00ab&nbsp;pourraient \u00eatre hostiles&nbsp;\u00bb. Plusieurs raids ont \u00e9galement \u00e9t\u00e9 men\u00e9s dans une vaste partie de la province de Quneitra, toujours justifi\u00e9e par la recherche d\u2019armes qui auraient pu \u00eatre abandonn\u00e9es en suite de la d\u00e9b\u00e2cle de l\u2019arm\u00e9e r\u00e9guli\u00e8re syrienne.<\/p>\n\n\n\n<p class=\"has-medium-font-size wp-block-paragraph\">\u00ab&nbsp;<em>Ils disent que nous avons des armes mais nous n\u2019en avons pas. Il n\u2019y a pas de groupe arm\u00e9 ici, ils emp\u00eachent les gens de circuler librement<\/em>&nbsp;\u00bb, poursuit ce t\u00e9moin.<\/p>\n\n\n\n<p class=\"has-medium-font-size wp-block-paragraph\">C\u2019est pour cela que Fatima Mansour a fait le choix contraint de ne pas rentrer \u00e0 Jubata al-Khashab. \u00ab&nbsp;<em>Je vis \u00e0 Khan Arnabah depuis douze jours car j\u2019avais peur de ne pas pouvoir venir ouvrir mon commerce tous les jours&nbsp;<\/em>\u00bb, explique-t-elle assise derri\u00e8re le comptoir de son magasin de v\u00eatements. \u00ab&nbsp;<em>Ils ne sont qu\u2019\u00e0 un kilom\u00e8tre de ma maison<\/em>&nbsp;\u00bb.<\/p>\n\n\n\n<p class=\"has-medium-font-size wp-block-paragraph\">Si Benjamin Netanyahu assure que la pr\u00e9sence des troupes de Tsahal est temporaire, les habitants du gouvernorat de Quneitra restent persuad\u00e9s qu\u2019elle pourrait devenir permanente. Et les exemples de telles affirmations sont nombreux. Trop. Ainsi, pr\u00e8s de 30 000 Isra\u00e9liens et 23 000 Druzes, b\u00e9n\u00e9ficiant du sacro sain statut de r\u00e9sidents isra\u00e9liens, vivent aujourd\u2019hui d\u2019une mani\u00e8re permanente dans le Golan annex\u00e9. D\u00e9j\u00e0 le 15 d\u00e9cembre 2023, le gouvernement Netanyahu avait approuv\u00e9 un projet visant \u00e0 doubler la population, abondant un budget de 40 millions de shekels (10,6 millions d&rsquo;euros) \u00e0 cette fin.<\/p>\n\n\n\n<p class=\"has-medium-font-size wp-block-paragraph\">\u00ab&nbsp;<em>Nous pensons qu\u2019ils veulent prendre nos terres mais on ne les laissera pas faire. On restera dans nos maisons<\/em>&nbsp;\u00bb, affirme Fatima. \u00ab&nbsp;<em>Ils veulent s\u2019agrandir, prendre le plus de terres possibles au Liban, \u00e0 la Palestine et \u00e0 la Syrie&nbsp;\u00bb, <\/em>abonde Bilal<em>. J\u2019ai peur mais je veux que le monde connaisse le vrai visage de notre ennemi. Ils se font passer pour les victimes mais ce sont eux les agresseurs<\/em>&nbsp;\u00bb.<\/p>\n\n\n\n<p class=\"has-medium-font-size wp-block-paragraph\">Alors que la Syrie tente de se reconstruire, le nouvel homme fort de Damas Ahmed al-Charaa, de son nom de guerre Abou Mohammed Al-Joulani, a estim\u00e9 qu\u2019apr\u00e8s des ann\u00e9es de lutte arm\u00e9e \u00ab&nbsp;l&rsquo;\u00e9tat d&rsquo;\u00e9puisement&nbsp;\u00bb du pays ne permettait pas \u00ab&nbsp;d&rsquo;entrer dans de nouveaux conflits&nbsp;\u00bb. De quoi nourrir l&rsquo;angoisse des habitants des terres fertiles du plateau du Golan. \u00ab&nbsp;<em>Inch Allah (NDLR&nbsp;: Si Dieu le veut), le nouveau gouvernement va discuter pour garder nos terres dans les limites de 1973<\/em>.&nbsp;<em>Je ne veux pas quitter ma terre en \u00e9change de la paix<\/em>&nbsp;\u00bb, esp\u00e8re Maha.<\/p>\n\n\n\n<p class=\"wp-block-paragraph\"><strong><em>*Certaines identit\u00e9s ont \u00e9t\u00e9 anonymis\u00e9es pour des raisons de s\u00e9curit\u00e9<\/em><\/strong><\/p>","protected":false},"excerpt":{"rendered":"<p>Alors que Damas c\u00e9l\u00e9brait la fin du r\u00e8gne du clan Assad en d\u00e9cembre dernier, les habitants du gouvernorat de Quneitra, dans le&hellip;<\/p>","protected":false},"author":93,"featured_media":3461,"comment_status":"open","ping_status":"open","sticky":false,"template":"","format":"standard","meta":{"_lmt_disableupdate":"","_lmt_disable":"","footnotes":""},"categories":[5,4],"tags":[],"class_list":["post-3460","post","type-post","status-publish","format-standard","has-post-thumbnail","hentry","category-international","category-mis-en-avant"],"yoast_head":"<!-- This site is optimized with the Yoast SEO Premium plugin v28.1 (Yoast SEO v28.1) - https:\/\/yoast.com\/product\/yoast-seo-premium-wordpress\/ -->\n<title>[Enqu\u00eate] Dans le Golan, les Syriens refusent de partir malgr\u00e9 la pression isra\u00e9lienne | Geopolitics.fr<\/title>\n<meta name=\"description\" content=\"Les habitants du Golan refusent de quitter leurs logements malgr\u00e9 les pressions et les annexions de l&#039;arm\u00e9e isra\u00e9lienne\" \/>\n<meta name=\"robots\" content=\"index, follow, max-snippet:-1, max-image-preview:large, max-video-preview:-1\" \/>\n<link rel=\"canonical\" href=\"https:\/\/www.geopolitics.fr\/en\/2025\/01\/24\/enquete-dans-le-golan-les-syriens-refusent-de-partir-malgre-la-pression-israelienne\/\" \/>\n<meta property=\"og:locale\" content=\"en_GB\" \/>\n<meta property=\"og:type\" content=\"article\" \/>\n<meta property=\"og:title\" content=\"[Enqu\u00eate] Dans le Golan, les Syriens refusent de partir malgr\u00e9 la pression isra\u00e9lienne\" \/>\n<meta property=\"og:description\" content=\"Les habitants du Golan refusent de quitter leurs logements malgr\u00e9 les pressions et les annexions de l&#039;arm\u00e9e isra\u00e9lienne\" \/>\n<meta property=\"og:url\" content=\"https:\/\/www.geopolitics.fr\/en\/2025\/01\/24\/enquete-dans-le-golan-les-syriens-refusent-de-partir-malgre-la-pression-israelienne\/\" \/>\n<meta property=\"og:site_name\" content=\"Geopolitics.fr\" \/>\n<meta property=\"article:publisher\" content=\"https:\/\/www.facebook.com\/people\/Erwan-Davoux\/61557098968092\/\" \/>\n<meta property=\"article:author\" content=\"https:\/\/www.facebook.com\/odelagarde\" \/>\n<meta property=\"article:published_time\" content=\"2025-01-24T17:53:34+00:00\" \/>\n<meta property=\"article:modified_time\" content=\"2025-01-24T17:53:36+00:00\" \/>\n<meta property=\"og:image\" content=\"https:\/\/www.geopolitics.fr\/wp-content\/uploads\/2025\/01\/golan.jpg\" \/>\n\t<meta property=\"og:image:width\" content=\"1920\" \/>\n\t<meta property=\"og:image:height\" content=\"1280\" \/>\n\t<meta property=\"og:image:type\" content=\"image\/jpeg\" \/>\n<meta name=\"author\" content=\"Olivier DELAGARDE\" \/>\n<meta name=\"twitter:card\" content=\"summary_large_image\" \/>\n<meta name=\"twitter:creator\" content=\"@Geopolitics_Fr\" \/>\n<meta name=\"twitter:site\" content=\"@Geopolitics_Fr\" \/>\n<meta name=\"twitter:label1\" content=\"Written by\" \/>\n\t<meta name=\"twitter:data1\" content=\"Olivier DELAGARDE\" \/>\n\t<meta name=\"twitter:label2\" content=\"Estimated reading time\" \/>\n\t<meta name=\"twitter:data2\" content=\"7 minutes\" \/>\n<script type=\"application\/ld+json\" class=\"yoast-schema-graph\">{\"@context\":\"https:\\\/\\\/schema.org\",\"@graph\":[{\"@type\":\"Article\",\"@id\":\"https:\\\/\\\/www.geopolitics.fr\\\/2025\\\/01\\\/24\\\/enquete-dans-le-golan-les-syriens-refusent-de-partir-malgre-la-pression-israelienne\\\/#article\",\"isPartOf\":{\"@id\":\"https:\\\/\\\/www.geopolitics.fr\\\/2025\\\/01\\\/24\\\/enquete-dans-le-golan-les-syriens-refusent-de-partir-malgre-la-pression-israelienne\\\/\"},\"author\":{\"name\":\"Olivier DELAGARDE\",\"@id\":\"https:\\\/\\\/www.geopolitics.fr\\\/#\\\/schema\\\/person\\\/9b98d78234af63d6ad71199d66115350\"},\"headline\":\"[Enqu\u00eate] Dans le Golan, les Syriens refusent de partir malgr\u00e9 la pression isra\u00e9lienne\",\"datePublished\":\"2025-01-24T17:53:34+00:00\",\"dateModified\":\"2025-01-24T17:53:36+00:00\",\"mainEntityOfPage\":{\"@id\":\"https:\\\/\\\/www.geopolitics.fr\\\/2025\\\/01\\\/24\\\/enquete-dans-le-golan-les-syriens-refusent-de-partir-malgre-la-pression-israelienne\\\/\"},\"wordCount\":1530,\"commentCount\":0,\"publisher\":{\"@id\":\"https:\\\/\\\/www.geopolitics.fr\\\/#organization\"},\"image\":{\"@id\":\"https:\\\/\\\/www.geopolitics.fr\\\/2025\\\/01\\\/24\\\/enquete-dans-le-golan-les-syriens-refusent-de-partir-malgre-la-pression-israelienne\\\/#primaryimage\"},\"thumbnailUrl\":\"https:\\\/\\\/www.geopolitics.fr\\\/wp-content\\\/uploads\\\/2025\\\/01\\\/golan.jpg\",\"articleSection\":[\"International\",\"Mis en AVANT\"],\"inLanguage\":\"en-GB\"},{\"@type\":\"WebPage\",\"@id\":\"https:\\\/\\\/www.geopolitics.fr\\\/2025\\\/01\\\/24\\\/enquete-dans-le-golan-les-syriens-refusent-de-partir-malgre-la-pression-israelienne\\\/\",\"url\":\"https:\\\/\\\/www.geopolitics.fr\\\/2025\\\/01\\\/24\\\/enquete-dans-le-golan-les-syriens-refusent-de-partir-malgre-la-pression-israelienne\\\/\",\"name\":\"[Enqu\u00eate] Dans le Golan, les Syriens refusent de partir malgr\u00e9 la pression isra\u00e9lienne | Geopolitics.fr\",\"isPartOf\":{\"@id\":\"https:\\\/\\\/www.geopolitics.fr\\\/#website\"},\"primaryImageOfPage\":{\"@id\":\"https:\\\/\\\/www.geopolitics.fr\\\/2025\\\/01\\\/24\\\/enquete-dans-le-golan-les-syriens-refusent-de-partir-malgre-la-pression-israelienne\\\/#primaryimage\"},\"image\":{\"@id\":\"https:\\\/\\\/www.geopolitics.fr\\\/2025\\\/01\\\/24\\\/enquete-dans-le-golan-les-syriens-refusent-de-partir-malgre-la-pression-israelienne\\\/#primaryimage\"},\"thumbnailUrl\":\"https:\\\/\\\/www.geopolitics.fr\\\/wp-content\\\/uploads\\\/2025\\\/01\\\/golan.jpg\",\"datePublished\":\"2025-01-24T17:53:34+00:00\",\"dateModified\":\"2025-01-24T17:53:36+00:00\",\"description\":\"Les habitants du Golan refusent de quitter leurs logements malgr\u00e9 les pressions et les annexions de l'arm\u00e9e isra\u00e9lienne\",\"breadcrumb\":{\"@id\":\"https:\\\/\\\/www.geopolitics.fr\\\/2025\\\/01\\\/24\\\/enquete-dans-le-golan-les-syriens-refusent-de-partir-malgre-la-pression-israelienne\\\/#breadcrumb\"},\"inLanguage\":\"en-GB\",\"potentialAction\":[{\"@type\":\"ReadAction\",\"target\":[\"https:\\\/\\\/www.geopolitics.fr\\\/2025\\\/01\\\/24\\\/enquete-dans-le-golan-les-syriens-refusent-de-partir-malgre-la-pression-israelienne\\\/\"]}]},{\"@type\":\"ImageObject\",\"inLanguage\":\"en-GB\",\"@id\":\"https:\\\/\\\/www.geopolitics.fr\\\/2025\\\/01\\\/24\\\/enquete-dans-le-golan-les-syriens-refusent-de-partir-malgre-la-pression-israelienne\\\/#primaryimage\",\"url\":\"https:\\\/\\\/www.geopolitics.fr\\\/wp-content\\\/uploads\\\/2025\\\/01\\\/golan.jpg\",\"contentUrl\":\"https:\\\/\\\/www.geopolitics.fr\\\/wp-content\\\/uploads\\\/2025\\\/01\\\/golan.jpg\",\"width\":1920,\"height\":1280},{\"@type\":\"BreadcrumbList\",\"@id\":\"https:\\\/\\\/www.geopolitics.fr\\\/2025\\\/01\\\/24\\\/enquete-dans-le-golan-les-syriens-refusent-de-partir-malgre-la-pression-israelienne\\\/#breadcrumb\",\"itemListElement\":[{\"@type\":\"ListItem\",\"position\":1,\"name\":\"Accueil\",\"item\":\"https:\\\/\\\/www.geopolitics.fr\\\/\"},{\"@type\":\"ListItem\",\"position\":2,\"name\":\"[Enqu\u00eate] Dans le Golan, les Syriens refusent de partir malgr\u00e9 la pression isra\u00e9lienne\"}]},{\"@type\":\"WebSite\",\"@id\":\"https:\\\/\\\/www.geopolitics.fr\\\/#website\",\"url\":\"https:\\\/\\\/www.geopolitics.fr\\\/\",\"name\":\"Geopolitics.fr\",\"description\":\"Geopolitics.fr Analyse politique, relations internationales, d\u00e9fense - ligne \u00e9ditoriale gaullo-chiraquienne\",\"publisher\":{\"@id\":\"https:\\\/\\\/www.geopolitics.fr\\\/#organization\"},\"potentialAction\":[{\"@type\":\"SearchAction\",\"target\":{\"@type\":\"EntryPoint\",\"urlTemplate\":\"https:\\\/\\\/www.geopolitics.fr\\\/?s={search_term_string}\"},\"query-input\":{\"@type\":\"PropertyValueSpecification\",\"valueRequired\":true,\"valueName\":\"search_term_string\"}}],\"inLanguage\":\"en-GB\"},{\"@type\":\"Organization\",\"@id\":\"https:\\\/\\\/www.geopolitics.fr\\\/#organization\",\"name\":\"Geopolitics.fr\",\"url\":\"https:\\\/\\\/www.geopolitics.fr\\\/\",\"logo\":{\"@type\":\"ImageObject\",\"inLanguage\":\"en-GB\",\"@id\":\"https:\\\/\\\/www.geopolitics.fr\\\/#\\\/schema\\\/logo\\\/image\\\/\",\"url\":\"https:\\\/\\\/www.geopolitics.fr\\\/wp-content\\\/uploads\\\/2024\\\/01\\\/logo.jpg\",\"contentUrl\":\"https:\\\/\\\/www.geopolitics.fr\\\/wp-content\\\/uploads\\\/2024\\\/01\\\/logo.jpg\",\"width\":500,\"height\":500,\"caption\":\"Geopolitics.fr\"},\"image\":{\"@id\":\"https:\\\/\\\/www.geopolitics.fr\\\/#\\\/schema\\\/logo\\\/image\\\/\"},\"sameAs\":[\"https:\\\/\\\/www.facebook.com\\\/people\\\/Erwan-Davoux\\\/61557098968092\\\/\",\"https:\\\/\\\/x.com\\\/Geopolitics_Fr\"]},{\"@type\":\"Person\",\"@id\":\"https:\\\/\\\/www.geopolitics.fr\\\/#\\\/schema\\\/person\\\/9b98d78234af63d6ad71199d66115350\",\"name\":\"Olivier DELAGARDE\",\"image\":{\"@type\":\"ImageObject\",\"inLanguage\":\"en-GB\",\"@id\":\"https:\\\/\\\/secure.gravatar.com\\\/avatar\\\/2c50afbd303b51697d9591857ee182bf3ead572fa530da00bb0278cf506c3a97?s=96&d=mm&r=g\",\"url\":\"https:\\\/\\\/secure.gravatar.com\\\/avatar\\\/2c50afbd303b51697d9591857ee182bf3ead572fa530da00bb0278cf506c3a97?s=96&d=mm&r=g\",\"contentUrl\":\"https:\\\/\\\/secure.gravatar.com\\\/avatar\\\/2c50afbd303b51697d9591857ee182bf3ead572fa530da00bb0278cf506c3a97?s=96&d=mm&r=g\",\"caption\":\"Olivier DELAGARDE\"},\"description\":\"Journaliste depuis plus de 20 ans, accr\u00e9dit\u00e9 aupr\u00e8s de l'Organisation des Nations Unies, de la Ligue des Etats Arabes, titulaire de la Carte d'Identit\u00e9 des Journalistes Professionnels en France et de la F\u00e9d\u00e9ration Internationale des Journalistes, Olivier a occup\u00e9 le poste de Grand reporter correspondant permanent en \u00c9gypte pour des m\u00e9dias de renomm\u00e9e mondiale tels que TV5 MONDE, le GROUPE M6, le GROUPE TF1 ou encore l\u2019AFP. Durant plus de dix ann\u00e9es, il a produit de nombreux reportages sur la politique internationale en Afrique de l'Est, tout en couvrant les principaux conflits au Proche et Moyen-Orient. En tant que Chef de bureau Proche-Orient pour TV5 MONDE, il \u00e9tait responsable de la production de reportages, des relations institutionnelles et de la repr\u00e9sentation de la cha\u00eene, tout en \u00e9crivant pour plusieurs m\u00e9dias europ\u00e9ens et internationaux.\",\"sameAs\":[\"https:\\\/\\\/www.facebook.com\\\/odelagarde\",\"https:\\\/\\\/www.linkedin.com\\\/in\\\/olivier-delagarde-816b17270\\\/\"],\"url\":\"https:\\\/\\\/www.geopolitics.fr\\\/en\\\/author\\\/odelagarde\\\/\"}]}<\/script>\n<!-- \/ Yoast SEO Premium plugin. -->","yoast_head_json":{"title":"[Enqu\u00eate] Dans le Golan, les Syriens refusent de partir malgr\u00e9 la pression isra\u00e9lienne | Geopolitics.fr","description":"Les habitants du Golan refusent de quitter leurs logements malgr\u00e9 les pressions et les annexions de l'arm\u00e9e isra\u00e9lienne","robots":{"index":"index","follow":"follow","max-snippet":"max-snippet:-1","max-image-preview":"max-image-preview:large","max-video-preview":"max-video-preview:-1"},"canonical":"https:\/\/www.geopolitics.fr\/en\/2025\/01\/24\/enquete-dans-le-golan-les-syriens-refusent-de-partir-malgre-la-pression-israelienne\/","og_locale":"en_GB","og_type":"article","og_title":"[Enqu\u00eate] Dans le Golan, les Syriens refusent de partir malgr\u00e9 la pression isra\u00e9lienne","og_description":"Les habitants du Golan refusent de quitter leurs logements malgr\u00e9 les pressions et les annexions de l'arm\u00e9e isra\u00e9lienne","og_url":"https:\/\/www.geopolitics.fr\/en\/2025\/01\/24\/enquete-dans-le-golan-les-syriens-refusent-de-partir-malgre-la-pression-israelienne\/","og_site_name":"Geopolitics.fr","article_publisher":"https:\/\/www.facebook.com\/people\/Erwan-Davoux\/61557098968092\/","article_author":"https:\/\/www.facebook.com\/odelagarde","article_published_time":"2025-01-24T17:53:34+00:00","article_modified_time":"2025-01-24T17:53:36+00:00","og_image":[{"width":1920,"height":1280,"url":"https:\/\/www.geopolitics.fr\/wp-content\/uploads\/2025\/01\/golan.jpg","type":"image\/jpeg"}],"author":"Olivier DELAGARDE","twitter_card":"summary_large_image","twitter_creator":"@Geopolitics_Fr","twitter_site":"@Geopolitics_Fr","twitter_misc":{"Written by":"Olivier DELAGARDE","Estimated reading time":"7 minutes"},"schema":{"@context":"https:\/\/schema.org","@graph":[{"@type":"Article","@id":"https:\/\/www.geopolitics.fr\/2025\/01\/24\/enquete-dans-le-golan-les-syriens-refusent-de-partir-malgre-la-pression-israelienne\/#article","isPartOf":{"@id":"https:\/\/www.geopolitics.fr\/2025\/01\/24\/enquete-dans-le-golan-les-syriens-refusent-de-partir-malgre-la-pression-israelienne\/"},"author":{"name":"Olivier DELAGARDE","@id":"https:\/\/www.geopolitics.fr\/#\/schema\/person\/9b98d78234af63d6ad71199d66115350"},"headline":"[Enqu\u00eate] Dans le Golan, les Syriens refusent de partir malgr\u00e9 la pression isra\u00e9lienne","datePublished":"2025-01-24T17:53:34+00:00","dateModified":"2025-01-24T17:53:36+00:00","mainEntityOfPage":{"@id":"https:\/\/www.geopolitics.fr\/2025\/01\/24\/enquete-dans-le-golan-les-syriens-refusent-de-partir-malgre-la-pression-israelienne\/"},"wordCount":1530,"commentCount":0,"publisher":{"@id":"https:\/\/www.geopolitics.fr\/#organization"},"image":{"@id":"https:\/\/www.geopolitics.fr\/2025\/01\/24\/enquete-dans-le-golan-les-syriens-refusent-de-partir-malgre-la-pression-israelienne\/#primaryimage"},"thumbnailUrl":"https:\/\/www.geopolitics.fr\/wp-content\/uploads\/2025\/01\/golan.jpg","articleSection":["International","Mis en AVANT"],"inLanguage":"en-GB"},{"@type":"WebPage","@id":"https:\/\/www.geopolitics.fr\/2025\/01\/24\/enquete-dans-le-golan-les-syriens-refusent-de-partir-malgre-la-pression-israelienne\/","url":"https:\/\/www.geopolitics.fr\/2025\/01\/24\/enquete-dans-le-golan-les-syriens-refusent-de-partir-malgre-la-pression-israelienne\/","name":"[Enqu\u00eate] Dans le Golan, les Syriens refusent de partir malgr\u00e9 la pression isra\u00e9lienne | Geopolitics.fr","isPartOf":{"@id":"https:\/\/www.geopolitics.fr\/#website"},"primaryImageOfPage":{"@id":"https:\/\/www.geopolitics.fr\/2025\/01\/24\/enquete-dans-le-golan-les-syriens-refusent-de-partir-malgre-la-pression-israelienne\/#primaryimage"},"image":{"@id":"https:\/\/www.geopolitics.fr\/2025\/01\/24\/enquete-dans-le-golan-les-syriens-refusent-de-partir-malgre-la-pression-israelienne\/#primaryimage"},"thumbnailUrl":"https:\/\/www.geopolitics.fr\/wp-content\/uploads\/2025\/01\/golan.jpg","datePublished":"2025-01-24T17:53:34+00:00","dateModified":"2025-01-24T17:53:36+00:00","description":"Les habitants du Golan refusent de quitter leurs logements malgr\u00e9 les pressions et les annexions de l'arm\u00e9e isra\u00e9lienne","breadcrumb":{"@id":"https:\/\/www.geopolitics.fr\/2025\/01\/24\/enquete-dans-le-golan-les-syriens-refusent-de-partir-malgre-la-pression-israelienne\/#breadcrumb"},"inLanguage":"en-GB","potentialAction":[{"@type":"ReadAction","target":["https:\/\/www.geopolitics.fr\/2025\/01\/24\/enquete-dans-le-golan-les-syriens-refusent-de-partir-malgre-la-pression-israelienne\/"]}]},{"@type":"ImageObject","inLanguage":"en-GB","@id":"https:\/\/www.geopolitics.fr\/2025\/01\/24\/enquete-dans-le-golan-les-syriens-refusent-de-partir-malgre-la-pression-israelienne\/#primaryimage","url":"https:\/\/www.geopolitics.fr\/wp-content\/uploads\/2025\/01\/golan.jpg","contentUrl":"https:\/\/www.geopolitics.fr\/wp-content\/uploads\/2025\/01\/golan.jpg","width":1920,"height":1280},{"@type":"BreadcrumbList","@id":"https:\/\/www.geopolitics.fr\/2025\/01\/24\/enquete-dans-le-golan-les-syriens-refusent-de-partir-malgre-la-pression-israelienne\/#breadcrumb","itemListElement":[{"@type":"ListItem","position":1,"name":"Accueil","item":"https:\/\/www.geopolitics.fr\/"},{"@type":"ListItem","position":2,"name":"[Enqu\u00eate] Dans le Golan, les Syriens refusent de partir malgr\u00e9 la pression isra\u00e9lienne"}]},{"@type":"WebSite","@id":"https:\/\/www.geopolitics.fr\/#website","url":"https:\/\/www.geopolitics.fr\/","name":"Geopolitics.fr","description":"Geopolitics.fr Analyse politique, relations internationales, d\u00e9fense - ligne \u00e9ditoriale gaullo-chiraquienne","publisher":{"@id":"https:\/\/www.geopolitics.fr\/#organization"},"potentialAction":[{"@type":"SearchAction","target":{"@type":"EntryPoint","urlTemplate":"https:\/\/www.geopolitics.fr\/?s={search_term_string}"},"query-input":{"@type":"PropertyValueSpecification","valueRequired":true,"valueName":"search_term_string"}}],"inLanguage":"en-GB"},{"@type":"Organization","@id":"https:\/\/www.geopolitics.fr\/#organization","name":"Geopolitics.fr","url":"https:\/\/www.geopolitics.fr\/","logo":{"@type":"ImageObject","inLanguage":"en-GB","@id":"https:\/\/www.geopolitics.fr\/#\/schema\/logo\/image\/","url":"https:\/\/www.geopolitics.fr\/wp-content\/uploads\/2024\/01\/logo.jpg","contentUrl":"https:\/\/www.geopolitics.fr\/wp-content\/uploads\/2024\/01\/logo.jpg","width":500,"height":500,"caption":"Geopolitics.fr"},"image":{"@id":"https:\/\/www.geopolitics.fr\/#\/schema\/logo\/image\/"},"sameAs":["https:\/\/www.facebook.com\/people\/Erwan-Davoux\/61557098968092\/","https:\/\/x.com\/Geopolitics_Fr"]},{"@type":"Person","@id":"https:\/\/www.geopolitics.fr\/#\/schema\/person\/9b98d78234af63d6ad71199d66115350","name":"Olivier DELAGARDE","image":{"@type":"ImageObject","inLanguage":"en-GB","@id":"https:\/\/secure.gravatar.com\/avatar\/2c50afbd303b51697d9591857ee182bf3ead572fa530da00bb0278cf506c3a97?s=96&d=mm&r=g","url":"https:\/\/secure.gravatar.com\/avatar\/2c50afbd303b51697d9591857ee182bf3ead572fa530da00bb0278cf506c3a97?s=96&d=mm&r=g","contentUrl":"https:\/\/secure.gravatar.com\/avatar\/2c50afbd303b51697d9591857ee182bf3ead572fa530da00bb0278cf506c3a97?s=96&d=mm&r=g","caption":"Olivier DELAGARDE"},"description":"Journaliste depuis plus de 20 ans, accr\u00e9dit\u00e9 aupr\u00e8s de l'Organisation des Nations Unies, de la Ligue des Etats Arabes, titulaire de la Carte d'Identit\u00e9 des Journalistes Professionnels en France et de la F\u00e9d\u00e9ration Internationale des Journalistes, Olivier a occup\u00e9 le poste de Grand reporter correspondant permanent en \u00c9gypte pour des m\u00e9dias de renomm\u00e9e mondiale tels que TV5 MONDE, le GROUPE M6, le GROUPE TF1 ou encore l\u2019AFP. Durant plus de dix ann\u00e9es, il a produit de nombreux reportages sur la politique internationale en Afrique de l'Est, tout en couvrant les principaux conflits au Proche et Moyen-Orient. En tant que Chef de bureau Proche-Orient pour TV5 MONDE, il \u00e9tait responsable de la production de reportages, des relations institutionnelles et de la repr\u00e9sentation de la cha\u00eene, tout en \u00e9crivant pour plusieurs m\u00e9dias europ\u00e9ens et internationaux.","sameAs":["https:\/\/www.facebook.com\/odelagarde","https:\/\/www.linkedin.com\/in\/olivier-delagarde-816b17270\/"],"url":"https:\/\/www.geopolitics.fr\/en\/author\/odelagarde\/"}]}},"_links":{"self":[{"href":"https:\/\/www.geopolitics.fr\/en\/wp-json\/wp\/v2\/posts\/3460","targetHints":{"allow":["GET"]}}],"collection":[{"href":"https:\/\/www.geopolitics.fr\/en\/wp-json\/wp\/v2\/posts"}],"about":[{"href":"https:\/\/www.geopolitics.fr\/en\/wp-json\/wp\/v2\/types\/post"}],"author":[{"embeddable":true,"href":"https:\/\/www.geopolitics.fr\/en\/wp-json\/wp\/v2\/users\/93"}],"replies":[{"embeddable":true,"href":"https:\/\/www.geopolitics.fr\/en\/wp-json\/wp\/v2\/comments?post=3460"}],"version-history":[{"count":0,"href":"https:\/\/www.geopolitics.fr\/en\/wp-json\/wp\/v2\/posts\/3460\/revisions"}],"wp:featuredmedia":[{"embeddable":true,"href":"https:\/\/www.geopolitics.fr\/en\/wp-json\/wp\/v2\/media\/3461"}],"wp:attachment":[{"href":"https:\/\/www.geopolitics.fr\/en\/wp-json\/wp\/v2\/media?parent=3460"}],"wp:term":[{"taxonomy":"category","embeddable":true,"href":"https:\/\/www.geopolitics.fr\/en\/wp-json\/wp\/v2\/categories?post=3460"},{"taxonomy":"post_tag","embeddable":true,"href":"https:\/\/www.geopolitics.fr\/en\/wp-json\/wp\/v2\/tags?post=3460"}],"curies":[{"name":"wp","href":"https:\/\/api.w.org\/{rel}","templated":true}]}}