{"id":3456,"date":"2025-01-24T11:51:58","date_gmt":"2025-01-24T10:51:58","guid":{"rendered":"https:\/\/www.geopolitics.fr\/?p=3456"},"modified":"2025-01-24T12:28:24","modified_gmt":"2025-01-24T11:28:24","slug":"la-cpi-demande-des-mandats-darret-contre-des-dirigeants-taliban","status":"publish","type":"post","link":"https:\/\/www.geopolitics.fr\/en\/2025\/01\/24\/la-cpi-demande-des-mandats-darret-contre-des-dirigeants-taliban\/","title":{"rendered":"La CPI demande des mandats d&rsquo;arr\u00eat contre des dirigeants Taliban"},"content":{"rendered":"<p class=\"has-medium-font-size wp-block-paragraph\"><em>Le Procureur de la Cour p\u00e9nale internationale (CPI) Karim Khan, a annonc\u00e9 ce jeudi, avoir requis des mandats d&rsquo;arr\u00eat contre deux hauts dirigeants du r\u00e9gime Taliban en Afghanistan, accus\u00e9s de crime contre l\u2019humanit\u00e9 ainsi que pour la violation syst\u00e9matique des droits fondamentaux des jeunes filles et femmes du pays.<\/em><\/p>\n\n\n\n<p class=\"has-medium-font-size wp-block-paragraph\">Au banc des accus\u00e9s figurent le chef supr\u00eame des Taliban Haibatullah Akhundzada, ainsi que le Pr\u00e9sident de la Cour supr\u00eame de \u00ab l\u2019\u00e9mirat islamique d\u2019Afghanistan \u00bb, Abdul Hakim Haqqani.<\/p>\n\n\n\n<p class=\"has-medium-font-size wp-block-paragraph\">A l&rsquo;issue d\u2019une enqu\u00eate men\u00e9e selon Karim Khan, \u00ab en toute ind\u00e9pendance et impartialit\u00e9 \u00bb, le Procureur a estim\u00e9 qu\u2019il existe des \u00ab motifs raisonnables \u00bb d\u00e9signant la responsabilit\u00e9 des deux hommes pour avoir \u00ab pers\u00e9cut\u00e9 des jeunes filles et des femmes afghanes \u00bb.<\/p>\n\n\n\n<p class=\"has-medium-font-size wp-block-paragraph\">Les deux hommes sont \u00e9galement accus\u00e9s de pers\u00e9cutions contre que \u00ab des personnes qui ne correspondaient pas \u00e0 leurs conceptions id\u00e9ologiques de l\u2019identit\u00e9 et de l\u2019expression de genre et des personnes qu\u2019ils consid\u00e9raient comme les alli\u00e9s des filles et des femmes \u00bb.<\/p>\n\n\n\n<p class=\"has-medium-font-size wp-block-paragraph\">Les faits reproch\u00e9s \u00e0 Akhundzada et Haqqani auraient \u00e9t\u00e9 commis \u00e0 partir du mois d\u2019ao\u00fbt 2021, date \u00e0 laquelle les Taliban ont repris les r\u00eanes du pouvoir en Afghanistan, \u00ab et se poursuivent \u00e0 l\u2019heure actuelle sur l\u2019ensemble du territoire afghan \u00bb, a pr\u00e9cis\u00e9 le Procureur de la CPI.<\/p>\n\n\n\n<h2 class=\"wp-block-heading\" id=\"h-meurtres-viols-et-disparitions-forcees\"><strong>Meurtres, viols et disparitions forc\u00e9es<\/strong><\/h2>\n\n\n\n<p class=\"has-medium-font-size wp-block-paragraph\">Selon le magistrat international, les pers\u00e9cutions se caract\u00e9risent par de nombreuses privations graves des droits fondamentaux des victimes, en violation de leur droit \u00e0 l\u2019int\u00e9grit\u00e9 physique, \u00e0 l\u2019autonomie corporelle, \u00e0 la libert\u00e9 de circulation et d\u2019expression, \u00e0 l\u2019\u00e9ducation, \u00e0 une vie priv\u00e9e et familiale et du droit de r\u00e9union.<\/p>\n\n\n\n<p class=\"has-medium-font-size wp-block-paragraph\">Concr\u00e8tement a ainsi pr\u00e9cis\u00e9 le Procureur, ces crimes se traduiraient dans les faits par des meurtres, des peines d\u2019emprisonnement, des tortures, le viol et des disparitions forc\u00e9es.<\/p>\n\n\n\n<h2 class=\"wp-block-heading\" id=\"h-d-autres-mandats-d-arret-a-venir\"><strong>D&rsquo;autres mandats d\u2019arr\u00eat \u00e0 venir<\/strong><\/h2>\n\n\n\n<p class=\"has-medium-font-size wp-block-paragraph\">Il s\u2019agit l\u00e0 des premi\u00e8res demandes de mandats d\u2019arr\u00eat pr\u00e9sent\u00e9es par la Cour p\u00e9nale internationale au regard de la situation en Afghanistan. Toutefois, Karim Khan a annonc\u00e9 que son bureau ne tardera pas \u00e0 en pr\u00e9senter d\u2019autres, \u00e9galement \u00e0 l\u2019encontre de hauts responsables Taliban.<\/p>\n\n\n\n<p class=\"has-medium-font-size wp-block-paragraph\">Les \u00e9l\u00e9ments de preuve dont disposent le bureau du Procureur sont compos\u00e9s de t\u00e9moignages d\u2019experts aux d\u00e9clarations de t\u00e9moins, en passant par l\u2019analyse de d\u00e9crets officiels afghans, de rapports criminalistiques, de d\u00e9clarations prononc\u00e9es par les suspects, ainsi que de nombreux documents audiovisuels.<\/p>\n\n\n\n<h2 class=\"wp-block-heading\" id=\"h-les-femmes-et-la-communaute-lgbtqi\"><strong>Les femmes et la communaut\u00e9 LGBTQI+<\/strong><\/h2>\n\n\n\n<p class=\"has-medium-font-size wp-block-paragraph\">\u00ab <em>Avec ces nouvelles demandes, mon bureau entend afficher sa d\u00e9termination \u00e0 poursuivre les auteurs de crimes li\u00e9s au genre, y compris la pers\u00e9cution li\u00e9e au genre, et \u00e0 en faire une priorit\u00e9 absolue<\/em> \u00bb, a indiqu\u00e9 Karim Khan dans son communiqu\u00e9.<\/p>\n\n\n\n<p class=\"has-medium-font-size wp-block-paragraph\">\u00ab <em>Les femmes et les filles afghanes ainsi que les membres de la communaut\u00e9 LGBTQI+ sont en proie \u00e0 des pers\u00e9cutions abjectes et r\u00e9p\u00e9t\u00e9es sans pr\u00e9c\u00e9dent de la part des Taliban<\/em> \u00bb, a-t-il ajout\u00e9.<\/p>\n\n\n\n<p class=\"has-medium-font-size wp-block-paragraph\">Le haut magistrat a en outre estim\u00e9 que l\u2019interpr\u00e9tation de la charia islamique par les Taliban ne saurait en aucun cas justifier la perp\u00e9tration de tels crimes, qui rel\u00e8vent selon lui du Statut de Rome, charte fondatrice de la CPI.<\/p>\n\n\n\n<h2 class=\"wp-block-heading\" id=\"h-resilience-des-victimes\"><strong>R\u00e9silience des victimes<\/strong><\/h2>\n\n\n\n<p class=\"has-medium-font-size wp-block-paragraph\">Le Procureur a enfin rendu hommage \u00ab au courage et \u00e0 la r\u00e9silience remarquables \u00bb des victimes et t\u00e9moins afghans, qui ont coop\u00e9r\u00e9 avec son bureau dans le cadre de l\u2019enqu\u00eate.<\/p>\n\n\n\n<p class=\"has-medium-font-size wp-block-paragraph\">\u00ab <em>Il appartient d\u00e9sormais aux juges de la Cour p\u00e9nale internationale de d\u00e9terminer si ces demandes de d\u00e9livrance de mandats d\u2019arr\u00eat procurent des motifs raisonnables permettant de croire que les personnes vis\u00e9es ont commis les crimes all\u00e9gu\u00e9s<\/em> \u00bb, a ainsi conclu le Procureur de la CPI.<\/p>\n\n\n\n<p class=\"has-medium-font-size wp-block-paragraph\">Si tel \u00e9tait le cas, Karim Khan a appel\u00e9 les Etats parties au Statut de Rome \u00e0 coop\u00e9rer avec la Cour, en vue de proc\u00e9der \u00e0 l\u2019arrestation des personnes vis\u00e9es.<\/p>","protected":false},"excerpt":{"rendered":"<p>Le Procureur de la Cour p\u00e9nale internationale (CPI) Karim Khan, a annonc\u00e9 ce jeudi, avoir requis des mandats d&rsquo;arr\u00eat contre deux hauts&hellip;<\/p>","protected":false},"author":93,"featured_media":3459,"comment_status":"open","ping_status":"open","sticky":false,"template":"","format":"standard","meta":{"_lmt_disableupdate":"","_lmt_disable":"","footnotes":""},"categories":[5,4],"tags":[],"class_list":["post-3456","post","type-post","status-publish","format-standard","has-post-thumbnail","hentry","category-international","category-mis-en-avant"],"yoast_head":"<!-- This site is optimized with the Yoast SEO Premium plugin v28.1 (Yoast SEO v28.1) - https:\/\/yoast.com\/product\/yoast-seo-premium-wordpress\/ -->\n<title>La CPI demande des mandats d&#039;arr\u00eat contre des dirigeants Taliban | Geopolitics.fr<\/title>\n<meta name=\"description\" content=\"Le Procureur de la CPI, Karim Khan \u00e9met des mandats d&#039;arr\u00eats contre les deux plus hauts dirigeants talibans. D&#039;autres \u00e0 venir.\" \/>\n<meta name=\"robots\" content=\"index, follow, max-snippet:-1, max-image-preview:large, max-video-preview:-1\" \/>\n<link rel=\"canonical\" href=\"https:\/\/www.geopolitics.fr\/en\/2025\/01\/24\/la-cpi-demande-des-mandats-darret-contre-des-dirigeants-taliban\/\" \/>\n<meta property=\"og:locale\" content=\"en_GB\" \/>\n<meta property=\"og:type\" content=\"article\" \/>\n<meta property=\"og:title\" content=\"La CPI demande des mandats d&#039;arr\u00eat contre des dirigeants Taliban\" \/>\n<meta property=\"og:description\" content=\"Le Procureur de la CPI, Karim Khan \u00e9met des mandats d&#039;arr\u00eats contre les deux plus hauts dirigeants talibans. D&#039;autres \u00e0 venir.\" \/>\n<meta property=\"og:url\" content=\"https:\/\/www.geopolitics.fr\/en\/2025\/01\/24\/la-cpi-demande-des-mandats-darret-contre-des-dirigeants-taliban\/\" \/>\n<meta property=\"og:site_name\" content=\"Geopolitics.fr\" \/>\n<meta property=\"article:publisher\" content=\"https:\/\/www.facebook.com\/people\/Erwan-Davoux\/61557098968092\/\" \/>\n<meta property=\"article:author\" content=\"https:\/\/www.facebook.com\/odelagarde\" \/>\n<meta property=\"article:published_time\" content=\"2025-01-24T10:51:58+00:00\" \/>\n<meta property=\"article:modified_time\" content=\"2025-01-24T11:28:24+00:00\" \/>\n<meta property=\"og:image\" content=\"https:\/\/www.geopolitics.fr\/wp-content\/uploads\/2025\/01\/TALIBANS.jpg\" \/>\n\t<meta property=\"og:image:width\" content=\"1920\" \/>\n\t<meta property=\"og:image:height\" content=\"1280\" \/>\n\t<meta property=\"og:image:type\" content=\"image\/jpeg\" \/>\n<meta name=\"author\" content=\"Olivier DELAGARDE\" \/>\n<meta name=\"twitter:card\" content=\"summary_large_image\" \/>\n<meta name=\"twitter:creator\" content=\"@Geopolitics_Fr\" \/>\n<meta name=\"twitter:site\" content=\"@Geopolitics_Fr\" \/>\n<meta name=\"twitter:label1\" content=\"Written by\" \/>\n\t<meta name=\"twitter:data1\" content=\"Olivier DELAGARDE\" \/>\n\t<meta name=\"twitter:label2\" content=\"Estimated reading time\" \/>\n\t<meta name=\"twitter:data2\" content=\"4 minutes\" \/>\n<script type=\"application\/ld+json\" class=\"yoast-schema-graph\">{\"@context\":\"https:\\\/\\\/schema.org\",\"@graph\":[{\"@type\":\"Article\",\"@id\":\"https:\\\/\\\/www.geopolitics.fr\\\/2025\\\/01\\\/24\\\/la-cpi-demande-des-mandats-darret-contre-des-dirigeants-taliban\\\/#article\",\"isPartOf\":{\"@id\":\"https:\\\/\\\/www.geopolitics.fr\\\/2025\\\/01\\\/24\\\/la-cpi-demande-des-mandats-darret-contre-des-dirigeants-taliban\\\/\"},\"author\":{\"name\":\"Olivier DELAGARDE\",\"@id\":\"https:\\\/\\\/www.geopolitics.fr\\\/#\\\/schema\\\/person\\\/9b98d78234af63d6ad71199d66115350\"},\"headline\":\"La CPI demande des mandats d&rsquo;arr\u00eat contre des dirigeants Taliban\",\"datePublished\":\"2025-01-24T10:51:58+00:00\",\"dateModified\":\"2025-01-24T11:28:24+00:00\",\"mainEntityOfPage\":{\"@id\":\"https:\\\/\\\/www.geopolitics.fr\\\/2025\\\/01\\\/24\\\/la-cpi-demande-des-mandats-darret-contre-des-dirigeants-taliban\\\/\"},\"wordCount\":695,\"commentCount\":0,\"publisher\":{\"@id\":\"https:\\\/\\\/www.geopolitics.fr\\\/#organization\"},\"image\":{\"@id\":\"https:\\\/\\\/www.geopolitics.fr\\\/2025\\\/01\\\/24\\\/la-cpi-demande-des-mandats-darret-contre-des-dirigeants-taliban\\\/#primaryimage\"},\"thumbnailUrl\":\"https:\\\/\\\/www.geopolitics.fr\\\/wp-content\\\/uploads\\\/2025\\\/01\\\/TALIBANS.jpg\",\"articleSection\":[\"International\",\"Mis en AVANT\"],\"inLanguage\":\"en-GB\"},{\"@type\":\"WebPage\",\"@id\":\"https:\\\/\\\/www.geopolitics.fr\\\/2025\\\/01\\\/24\\\/la-cpi-demande-des-mandats-darret-contre-des-dirigeants-taliban\\\/\",\"url\":\"https:\\\/\\\/www.geopolitics.fr\\\/2025\\\/01\\\/24\\\/la-cpi-demande-des-mandats-darret-contre-des-dirigeants-taliban\\\/\",\"name\":\"La CPI demande des mandats d'arr\u00eat contre des dirigeants Taliban | Geopolitics.fr\",\"isPartOf\":{\"@id\":\"https:\\\/\\\/www.geopolitics.fr\\\/#website\"},\"primaryImageOfPage\":{\"@id\":\"https:\\\/\\\/www.geopolitics.fr\\\/2025\\\/01\\\/24\\\/la-cpi-demande-des-mandats-darret-contre-des-dirigeants-taliban\\\/#primaryimage\"},\"image\":{\"@id\":\"https:\\\/\\\/www.geopolitics.fr\\\/2025\\\/01\\\/24\\\/la-cpi-demande-des-mandats-darret-contre-des-dirigeants-taliban\\\/#primaryimage\"},\"thumbnailUrl\":\"https:\\\/\\\/www.geopolitics.fr\\\/wp-content\\\/uploads\\\/2025\\\/01\\\/TALIBANS.jpg\",\"datePublished\":\"2025-01-24T10:51:58+00:00\",\"dateModified\":\"2025-01-24T11:28:24+00:00\",\"description\":\"Le Procureur de la CPI, Karim Khan \u00e9met des mandats d'arr\u00eats contre les deux plus hauts dirigeants talibans. D'autres \u00e0 venir.\",\"breadcrumb\":{\"@id\":\"https:\\\/\\\/www.geopolitics.fr\\\/2025\\\/01\\\/24\\\/la-cpi-demande-des-mandats-darret-contre-des-dirigeants-taliban\\\/#breadcrumb\"},\"inLanguage\":\"en-GB\",\"potentialAction\":[{\"@type\":\"ReadAction\",\"target\":[\"https:\\\/\\\/www.geopolitics.fr\\\/2025\\\/01\\\/24\\\/la-cpi-demande-des-mandats-darret-contre-des-dirigeants-taliban\\\/\"]}]},{\"@type\":\"ImageObject\",\"inLanguage\":\"en-GB\",\"@id\":\"https:\\\/\\\/www.geopolitics.fr\\\/2025\\\/01\\\/24\\\/la-cpi-demande-des-mandats-darret-contre-des-dirigeants-taliban\\\/#primaryimage\",\"url\":\"https:\\\/\\\/www.geopolitics.fr\\\/wp-content\\\/uploads\\\/2025\\\/01\\\/TALIBANS.jpg\",\"contentUrl\":\"https:\\\/\\\/www.geopolitics.fr\\\/wp-content\\\/uploads\\\/2025\\\/01\\\/TALIBANS.jpg\",\"width\":1920,\"height\":1280},{\"@type\":\"BreadcrumbList\",\"@id\":\"https:\\\/\\\/www.geopolitics.fr\\\/2025\\\/01\\\/24\\\/la-cpi-demande-des-mandats-darret-contre-des-dirigeants-taliban\\\/#breadcrumb\",\"itemListElement\":[{\"@type\":\"ListItem\",\"position\":1,\"name\":\"Accueil\",\"item\":\"https:\\\/\\\/www.geopolitics.fr\\\/\"},{\"@type\":\"ListItem\",\"position\":2,\"name\":\"La CPI demande des mandats d&#8217;arr\u00eat contre des dirigeants Taliban\"}]},{\"@type\":\"WebSite\",\"@id\":\"https:\\\/\\\/www.geopolitics.fr\\\/#website\",\"url\":\"https:\\\/\\\/www.geopolitics.fr\\\/\",\"name\":\"Geopolitics.fr\",\"description\":\"Geopolitics.fr Analyse politique, relations internationales, d\u00e9fense - ligne \u00e9ditoriale gaullo-chiraquienne\",\"publisher\":{\"@id\":\"https:\\\/\\\/www.geopolitics.fr\\\/#organization\"},\"potentialAction\":[{\"@type\":\"SearchAction\",\"target\":{\"@type\":\"EntryPoint\",\"urlTemplate\":\"https:\\\/\\\/www.geopolitics.fr\\\/?s={search_term_string}\"},\"query-input\":{\"@type\":\"PropertyValueSpecification\",\"valueRequired\":true,\"valueName\":\"search_term_string\"}}],\"inLanguage\":\"en-GB\"},{\"@type\":\"Organization\",\"@id\":\"https:\\\/\\\/www.geopolitics.fr\\\/#organization\",\"name\":\"Geopolitics.fr\",\"url\":\"https:\\\/\\\/www.geopolitics.fr\\\/\",\"logo\":{\"@type\":\"ImageObject\",\"inLanguage\":\"en-GB\",\"@id\":\"https:\\\/\\\/www.geopolitics.fr\\\/#\\\/schema\\\/logo\\\/image\\\/\",\"url\":\"https:\\\/\\\/www.geopolitics.fr\\\/wp-content\\\/uploads\\\/2024\\\/01\\\/logo.jpg\",\"contentUrl\":\"https:\\\/\\\/www.geopolitics.fr\\\/wp-content\\\/uploads\\\/2024\\\/01\\\/logo.jpg\",\"width\":500,\"height\":500,\"caption\":\"Geopolitics.fr\"},\"image\":{\"@id\":\"https:\\\/\\\/www.geopolitics.fr\\\/#\\\/schema\\\/logo\\\/image\\\/\"},\"sameAs\":[\"https:\\\/\\\/www.facebook.com\\\/people\\\/Erwan-Davoux\\\/61557098968092\\\/\",\"https:\\\/\\\/x.com\\\/Geopolitics_Fr\"]},{\"@type\":\"Person\",\"@id\":\"https:\\\/\\\/www.geopolitics.fr\\\/#\\\/schema\\\/person\\\/9b98d78234af63d6ad71199d66115350\",\"name\":\"Olivier DELAGARDE\",\"image\":{\"@type\":\"ImageObject\",\"inLanguage\":\"en-GB\",\"@id\":\"https:\\\/\\\/secure.gravatar.com\\\/avatar\\\/2c50afbd303b51697d9591857ee182bf3ead572fa530da00bb0278cf506c3a97?s=96&d=mm&r=g\",\"url\":\"https:\\\/\\\/secure.gravatar.com\\\/avatar\\\/2c50afbd303b51697d9591857ee182bf3ead572fa530da00bb0278cf506c3a97?s=96&d=mm&r=g\",\"contentUrl\":\"https:\\\/\\\/secure.gravatar.com\\\/avatar\\\/2c50afbd303b51697d9591857ee182bf3ead572fa530da00bb0278cf506c3a97?s=96&d=mm&r=g\",\"caption\":\"Olivier DELAGARDE\"},\"description\":\"Journaliste depuis plus de 20 ans, accr\u00e9dit\u00e9 aupr\u00e8s de l'Organisation des Nations Unies, de la Ligue des Etats Arabes, titulaire de la Carte d'Identit\u00e9 des Journalistes Professionnels en France et de la F\u00e9d\u00e9ration Internationale des Journalistes, Olivier a occup\u00e9 le poste de Grand reporter correspondant permanent en \u00c9gypte pour des m\u00e9dias de renomm\u00e9e mondiale tels que TV5 MONDE, le GROUPE M6, le GROUPE TF1 ou encore l\u2019AFP. Durant plus de dix ann\u00e9es, il a produit de nombreux reportages sur la politique internationale en Afrique de l'Est, tout en couvrant les principaux conflits au Proche et Moyen-Orient. En tant que Chef de bureau Proche-Orient pour TV5 MONDE, il \u00e9tait responsable de la production de reportages, des relations institutionnelles et de la repr\u00e9sentation de la cha\u00eene, tout en \u00e9crivant pour plusieurs m\u00e9dias europ\u00e9ens et internationaux.\",\"sameAs\":[\"https:\\\/\\\/www.facebook.com\\\/odelagarde\",\"https:\\\/\\\/www.linkedin.com\\\/in\\\/olivier-delagarde-816b17270\\\/\"],\"url\":\"https:\\\/\\\/www.geopolitics.fr\\\/en\\\/author\\\/odelagarde\\\/\"}]}<\/script>\n<!-- \/ Yoast SEO Premium plugin. -->","yoast_head_json":{"title":"La CPI demande des mandats d'arr\u00eat contre des dirigeants Taliban | Geopolitics.fr","description":"Le Procureur de la CPI, Karim Khan \u00e9met des mandats d'arr\u00eats contre les deux plus hauts dirigeants talibans. D'autres \u00e0 venir.","robots":{"index":"index","follow":"follow","max-snippet":"max-snippet:-1","max-image-preview":"max-image-preview:large","max-video-preview":"max-video-preview:-1"},"canonical":"https:\/\/www.geopolitics.fr\/en\/2025\/01\/24\/la-cpi-demande-des-mandats-darret-contre-des-dirigeants-taliban\/","og_locale":"en_GB","og_type":"article","og_title":"La CPI demande des mandats d'arr\u00eat contre des dirigeants Taliban","og_description":"Le Procureur de la CPI, Karim Khan \u00e9met des mandats d'arr\u00eats contre les deux plus hauts dirigeants talibans. D'autres \u00e0 venir.","og_url":"https:\/\/www.geopolitics.fr\/en\/2025\/01\/24\/la-cpi-demande-des-mandats-darret-contre-des-dirigeants-taliban\/","og_site_name":"Geopolitics.fr","article_publisher":"https:\/\/www.facebook.com\/people\/Erwan-Davoux\/61557098968092\/","article_author":"https:\/\/www.facebook.com\/odelagarde","article_published_time":"2025-01-24T10:51:58+00:00","article_modified_time":"2025-01-24T11:28:24+00:00","og_image":[{"width":1920,"height":1280,"url":"https:\/\/www.geopolitics.fr\/wp-content\/uploads\/2025\/01\/TALIBANS.jpg","type":"image\/jpeg"}],"author":"Olivier DELAGARDE","twitter_card":"summary_large_image","twitter_creator":"@Geopolitics_Fr","twitter_site":"@Geopolitics_Fr","twitter_misc":{"Written by":"Olivier DELAGARDE","Estimated reading time":"4 minutes"},"schema":{"@context":"https:\/\/schema.org","@graph":[{"@type":"Article","@id":"https:\/\/www.geopolitics.fr\/2025\/01\/24\/la-cpi-demande-des-mandats-darret-contre-des-dirigeants-taliban\/#article","isPartOf":{"@id":"https:\/\/www.geopolitics.fr\/2025\/01\/24\/la-cpi-demande-des-mandats-darret-contre-des-dirigeants-taliban\/"},"author":{"name":"Olivier DELAGARDE","@id":"https:\/\/www.geopolitics.fr\/#\/schema\/person\/9b98d78234af63d6ad71199d66115350"},"headline":"La CPI demande des mandats d&rsquo;arr\u00eat contre des dirigeants Taliban","datePublished":"2025-01-24T10:51:58+00:00","dateModified":"2025-01-24T11:28:24+00:00","mainEntityOfPage":{"@id":"https:\/\/www.geopolitics.fr\/2025\/01\/24\/la-cpi-demande-des-mandats-darret-contre-des-dirigeants-taliban\/"},"wordCount":695,"commentCount":0,"publisher":{"@id":"https:\/\/www.geopolitics.fr\/#organization"},"image":{"@id":"https:\/\/www.geopolitics.fr\/2025\/01\/24\/la-cpi-demande-des-mandats-darret-contre-des-dirigeants-taliban\/#primaryimage"},"thumbnailUrl":"https:\/\/www.geopolitics.fr\/wp-content\/uploads\/2025\/01\/TALIBANS.jpg","articleSection":["International","Mis en AVANT"],"inLanguage":"en-GB"},{"@type":"WebPage","@id":"https:\/\/www.geopolitics.fr\/2025\/01\/24\/la-cpi-demande-des-mandats-darret-contre-des-dirigeants-taliban\/","url":"https:\/\/www.geopolitics.fr\/2025\/01\/24\/la-cpi-demande-des-mandats-darret-contre-des-dirigeants-taliban\/","name":"La CPI demande des mandats d'arr\u00eat contre des dirigeants Taliban | Geopolitics.fr","isPartOf":{"@id":"https:\/\/www.geopolitics.fr\/#website"},"primaryImageOfPage":{"@id":"https:\/\/www.geopolitics.fr\/2025\/01\/24\/la-cpi-demande-des-mandats-darret-contre-des-dirigeants-taliban\/#primaryimage"},"image":{"@id":"https:\/\/www.geopolitics.fr\/2025\/01\/24\/la-cpi-demande-des-mandats-darret-contre-des-dirigeants-taliban\/#primaryimage"},"thumbnailUrl":"https:\/\/www.geopolitics.fr\/wp-content\/uploads\/2025\/01\/TALIBANS.jpg","datePublished":"2025-01-24T10:51:58+00:00","dateModified":"2025-01-24T11:28:24+00:00","description":"Le Procureur de la CPI, Karim Khan \u00e9met des mandats d'arr\u00eats contre les deux plus hauts dirigeants talibans. D'autres \u00e0 venir.","breadcrumb":{"@id":"https:\/\/www.geopolitics.fr\/2025\/01\/24\/la-cpi-demande-des-mandats-darret-contre-des-dirigeants-taliban\/#breadcrumb"},"inLanguage":"en-GB","potentialAction":[{"@type":"ReadAction","target":["https:\/\/www.geopolitics.fr\/2025\/01\/24\/la-cpi-demande-des-mandats-darret-contre-des-dirigeants-taliban\/"]}]},{"@type":"ImageObject","inLanguage":"en-GB","@id":"https:\/\/www.geopolitics.fr\/2025\/01\/24\/la-cpi-demande-des-mandats-darret-contre-des-dirigeants-taliban\/#primaryimage","url":"https:\/\/www.geopolitics.fr\/wp-content\/uploads\/2025\/01\/TALIBANS.jpg","contentUrl":"https:\/\/www.geopolitics.fr\/wp-content\/uploads\/2025\/01\/TALIBANS.jpg","width":1920,"height":1280},{"@type":"BreadcrumbList","@id":"https:\/\/www.geopolitics.fr\/2025\/01\/24\/la-cpi-demande-des-mandats-darret-contre-des-dirigeants-taliban\/#breadcrumb","itemListElement":[{"@type":"ListItem","position":1,"name":"Accueil","item":"https:\/\/www.geopolitics.fr\/"},{"@type":"ListItem","position":2,"name":"La CPI demande des mandats d&#8217;arr\u00eat contre des dirigeants Taliban"}]},{"@type":"WebSite","@id":"https:\/\/www.geopolitics.fr\/#website","url":"https:\/\/www.geopolitics.fr\/","name":"Geopolitics.fr","description":"Geopolitics.fr Analyse politique, relations internationales, d\u00e9fense - ligne \u00e9ditoriale gaullo-chiraquienne","publisher":{"@id":"https:\/\/www.geopolitics.fr\/#organization"},"potentialAction":[{"@type":"SearchAction","target":{"@type":"EntryPoint","urlTemplate":"https:\/\/www.geopolitics.fr\/?s={search_term_string}"},"query-input":{"@type":"PropertyValueSpecification","valueRequired":true,"valueName":"search_term_string"}}],"inLanguage":"en-GB"},{"@type":"Organization","@id":"https:\/\/www.geopolitics.fr\/#organization","name":"Geopolitics.fr","url":"https:\/\/www.geopolitics.fr\/","logo":{"@type":"ImageObject","inLanguage":"en-GB","@id":"https:\/\/www.geopolitics.fr\/#\/schema\/logo\/image\/","url":"https:\/\/www.geopolitics.fr\/wp-content\/uploads\/2024\/01\/logo.jpg","contentUrl":"https:\/\/www.geopolitics.fr\/wp-content\/uploads\/2024\/01\/logo.jpg","width":500,"height":500,"caption":"Geopolitics.fr"},"image":{"@id":"https:\/\/www.geopolitics.fr\/#\/schema\/logo\/image\/"},"sameAs":["https:\/\/www.facebook.com\/people\/Erwan-Davoux\/61557098968092\/","https:\/\/x.com\/Geopolitics_Fr"]},{"@type":"Person","@id":"https:\/\/www.geopolitics.fr\/#\/schema\/person\/9b98d78234af63d6ad71199d66115350","name":"Olivier DELAGARDE","image":{"@type":"ImageObject","inLanguage":"en-GB","@id":"https:\/\/secure.gravatar.com\/avatar\/2c50afbd303b51697d9591857ee182bf3ead572fa530da00bb0278cf506c3a97?s=96&d=mm&r=g","url":"https:\/\/secure.gravatar.com\/avatar\/2c50afbd303b51697d9591857ee182bf3ead572fa530da00bb0278cf506c3a97?s=96&d=mm&r=g","contentUrl":"https:\/\/secure.gravatar.com\/avatar\/2c50afbd303b51697d9591857ee182bf3ead572fa530da00bb0278cf506c3a97?s=96&d=mm&r=g","caption":"Olivier DELAGARDE"},"description":"Journaliste depuis plus de 20 ans, accr\u00e9dit\u00e9 aupr\u00e8s de l'Organisation des Nations Unies, de la Ligue des Etats Arabes, titulaire de la Carte d'Identit\u00e9 des Journalistes Professionnels en France et de la F\u00e9d\u00e9ration Internationale des Journalistes, Olivier a occup\u00e9 le poste de Grand reporter correspondant permanent en \u00c9gypte pour des m\u00e9dias de renomm\u00e9e mondiale tels que TV5 MONDE, le GROUPE M6, le GROUPE TF1 ou encore l\u2019AFP. Durant plus de dix ann\u00e9es, il a produit de nombreux reportages sur la politique internationale en Afrique de l'Est, tout en couvrant les principaux conflits au Proche et Moyen-Orient. En tant que Chef de bureau Proche-Orient pour TV5 MONDE, il \u00e9tait responsable de la production de reportages, des relations institutionnelles et de la repr\u00e9sentation de la cha\u00eene, tout en \u00e9crivant pour plusieurs m\u00e9dias europ\u00e9ens et internationaux.","sameAs":["https:\/\/www.facebook.com\/odelagarde","https:\/\/www.linkedin.com\/in\/olivier-delagarde-816b17270\/"],"url":"https:\/\/www.geopolitics.fr\/en\/author\/odelagarde\/"}]}},"_links":{"self":[{"href":"https:\/\/www.geopolitics.fr\/en\/wp-json\/wp\/v2\/posts\/3456","targetHints":{"allow":["GET"]}}],"collection":[{"href":"https:\/\/www.geopolitics.fr\/en\/wp-json\/wp\/v2\/posts"}],"about":[{"href":"https:\/\/www.geopolitics.fr\/en\/wp-json\/wp\/v2\/types\/post"}],"author":[{"embeddable":true,"href":"https:\/\/www.geopolitics.fr\/en\/wp-json\/wp\/v2\/users\/93"}],"replies":[{"embeddable":true,"href":"https:\/\/www.geopolitics.fr\/en\/wp-json\/wp\/v2\/comments?post=3456"}],"version-history":[{"count":0,"href":"https:\/\/www.geopolitics.fr\/en\/wp-json\/wp\/v2\/posts\/3456\/revisions"}],"wp:featuredmedia":[{"embeddable":true,"href":"https:\/\/www.geopolitics.fr\/en\/wp-json\/wp\/v2\/media\/3459"}],"wp:attachment":[{"href":"https:\/\/www.geopolitics.fr\/en\/wp-json\/wp\/v2\/media?parent=3456"}],"wp:term":[{"taxonomy":"category","embeddable":true,"href":"https:\/\/www.geopolitics.fr\/en\/wp-json\/wp\/v2\/categories?post=3456"},{"taxonomy":"post_tag","embeddable":true,"href":"https:\/\/www.geopolitics.fr\/en\/wp-json\/wp\/v2\/tags?post=3456"}],"curies":[{"name":"wp","href":"https:\/\/api.w.org\/{rel}","templated":true}]}}