{"id":3453,"date":"2025-01-23T17:51:11","date_gmt":"2025-01-23T16:51:11","guid":{"rendered":"https:\/\/www.geopolitics.fr\/?p=3453"},"modified":"2025-01-23T17:51:13","modified_gmt":"2025-01-23T16:51:13","slug":"coup-dur-pour-les-finances-de-lonu-a-la-suite-du-retrait-des-etats-unis-de-la-cooperation-mondiale-sur-la-sante-et-le-climat","status":"publish","type":"post","link":"https:\/\/www.geopolitics.fr\/en\/2025\/01\/23\/coup-dur-pour-les-finances-de-lonu-a-la-suite-du-retrait-des-etats-unis-de-la-cooperation-mondiale-sur-la-sante-et-le-climat\/","title":{"rendered":"Coup dur pour les finances de l&rsquo;ONU \u00e0 la suite du retrait des \u00c9tats-Unis de la coop\u00e9ration mondiale sur la sant\u00e9 et le climat"},"content":{"rendered":"<p class=\"has-medium-font-size wp-block-paragraph\"><em>Les agences de l&rsquo;ONU inqui\u00e8tes, ont vivement r\u00e9agi mardi aux d\u00e9crets du nouveau locataire de la Maison blanche Donald Trump, ce dernier mettant fin \u00e0 la participation des \u00c9tats-Unis \u00e0 l&rsquo;Organisation mondiale de la sant\u00e9 (OMS), puis en se retirant \u00e9galement de l&rsquo;Accord de Paris sur le climat. Pour les organisations onusiennes, ces d\u00e9cisions marquent un impact n\u00e9gatif massif sur la sant\u00e9 publique et les efforts visant \u00e0 freiner le r\u00e9chauffement climatique.<\/em><\/p>\n\n\n\n<p class=\"has-medium-font-size wp-block-paragraph\">Le couperet est tomb\u00e9. Bien entendu, l\u2019OMS d\u00e9plore cette d\u00e9cision et appelle le nouveau Pr\u00e9sident am\u00e9ricain a revenir sur son d\u00e9cret sign\u00e9 lundi, &nbsp;quelques heures apr\u00e8s son investiture.<\/p>\n\n\n\n<p class=\"has-medium-font-size wp-block-paragraph\">L\u2019Agence sanitaire mondiale de l\u2019ONU \u00ab <em>regrette l\u2019annonce de l\u2019intention des \u00c9tats-Unis d\u2019Am\u00e9rique de se retirer de l\u2019Organisation<\/em> \u00bb, s\u2019est ainsi exprim\u00e9 sur le r\u00e9seau social X, le Directeur g\u00e9n\u00e9ral de l\u2019OMS Tedros Adhanom Ghebreyesus.<\/p>\n\n\n\n<p class=\"has-medium-font-size wp-block-paragraph\">\u00ab <em>L\u2019OMS joue un r\u00f4le crucial dans la protection de la sant\u00e9 et de la s\u00e9curit\u00e9 des populations du monde entier, y compris des Am\u00e9ricains, en s\u2019attaquant aux causes profondes des maladies, en renfor\u00e7ant les syst\u00e8mes de sant\u00e9 et en d\u00e9tectant, pr\u00e9venant et r\u00e9pondant aux urgences sanitaires, y compris les \u00e9pid\u00e9mies, souvent dans des endroits dangereux o\u00f9 d\u2019autres ne peuvent pas aller<\/em> \u00bb, a rappel\u00e9 pour sa part un porte-parole de l\u2019OMS Tarik Ja\u0161arevi\u0107, lors d\u2019un point de presse r\u00e9gulier de l\u2019ONU \u00e0 Gen\u00e8ve.<\/p>\n\n\n\n<h2 class=\"wp-block-heading\" id=\"h-pour-un-dialogue-constructif-certes-mais-prevenir-un-seisme-financier\"><strong>Pour un dialogue constructif certes, mais pr\u00e9venir un s\u00e9isme financier<\/strong><\/h2>\n\n\n\n<p class=\"has-medium-font-size wp-block-paragraph\">Donald Trump a sign\u00e9 lundi 21 janvier et parmi les centaines annonc\u00e9s, un d\u00e9cret sur la fin de l\u2019adh\u00e9sion des \u00c9tats-Unis \u00e0 l\u2019Organisation mondiale de la sant\u00e9, qui perd ainsi son plus grand contributeur financier.<\/p>\n\n\n\n<p class=\"has-medium-font-size wp-block-paragraph\">Apr\u00e8s cette d\u00e9cision et \u00e0 la mani\u00e8re d\u2019une bouteille \u00e0 la mer, l&rsquo;OMS exhorte la Maison blanche \u00ab <em>d\u2019engager un dialogue constructif pour maintenir le partenariat entre les \u00c9tats-Unis et l\u2019OMS, au b\u00e9n\u00e9fice de la sant\u00e9 et du bien-\u00eatre de millions de personnes dans le monde <\/em>\u00bb, a ajout\u00e9 Tarik Ja\u0161arevi\u0107.<\/p>\n\n\n\n<p class=\"has-medium-font-size wp-block-paragraph\">La premi\u00e8re \u00e9tape vers le retrait des \u00c9tats-Unis consiste \u00e0 recevoir une lettre officielle de leur part, apr\u00e8s quoi les \u00c9tats-Unis quitteraient officiellement l\u2019organisation dans un an, tout en fermant le pr\u00e9cieux tiroir-caisse de plus d\u20191,5 milliard de dollars&nbsp;!<\/p>\n\n\n\n<p class=\"has-medium-font-size wp-block-paragraph\">Les Etats-Unis qui avaient d\u00e9j\u00e0 entam\u00e9 les d\u00e9marches afin de claquer la porte de l\u2019OMS lors du premier mandat de Donald Trump en 2020, sont le principal donateur et partenaire de cette organisation onusienne bas\u00e9e \u00e0 Gen\u00e8ve. Et non des moindres.<\/p>\n\n\n\n<h2 class=\"wp-block-heading\" id=\"h-le-seul-argument-nbsp-d-innombrables-vies-sauvees-nbsp-suffira-t-il-nbsp\"><strong>Le seul argument \u00ab&nbsp;d\u2019innombrables vies sauv\u00e9es&nbsp;\u00bb suffira-t-il&nbsp;?<\/strong><\/h2>\n\n\n\n<p class=\"has-medium-font-size wp-block-paragraph\">Selon l\u2019OMS et \u00e0 l\u2019instar de l\u2019ensemble de ses adh\u00e9rents, Washington contribue \u00e0 son financement via une cotisation index\u00e9e sur le PIB national, mais aussi par le biais de contributions volontaires. En 2023, ce montant \u00e9tait de 1,2 milliard de dollars.<\/p>\n\n\n\n<p class=\"has-medium-font-size wp-block-paragraph\">Et la d\u00e9cision de Donald Trump est d\u2019autant retentissante que les \u00c9tats-Unis ont \u00e9t\u00e9 l\u2019un des membres fondateurs de l\u2019OMS en 1948. Pendant plus de sept d\u00e9cennies, l\u2019OMS et les \u00c9tats-Unis ont sauv\u00e9 d\u2019innombrables vies et prot\u00e9g\u00e9 les Am\u00e9ricains et l\u2019ensemble de la population contre les menaces sanitaires, tente vainement d\u2019arguer les pilotes de l\u2019agence.<\/p>\n\n\n\n<p class=\"has-medium-font-size wp-block-paragraph\">\u00ab <em>Ensemble, nous avons mis fin \u00e0 la variole, et ensemble, nous avons amen\u00e9 la poliomy\u00e9lite au bord de l\u2019\u00e9radication. Les institutions am\u00e9ricaines ont contribu\u00e9 \u00e0 l\u2019adh\u00e9sion \u00e0 l\u2019OMS et en ont b\u00e9n\u00e9fici\u00e9<\/em> \u00bb, a fait en outre valoir le porte-parole de l\u2019agence onusienne.<\/p>\n\n\n\n<p class=\"has-medium-font-size wp-block-paragraph\">Il est juste qu\u2019avec la participation de son plus important bailleur de fonds ainsi que d\u2019autres \u00c9tats membres, l\u2019OMS a mis en \u0153uvre au cours des sept derni\u00e8res ann\u00e9es, le plus vaste ensemble de r\u00e9formes de son histoire, afin de transformer sa responsabilit\u00e9, sa rentabilit\u00e9 et son impact dans les pays.<\/p>\n\n\n\n<h2 class=\"wp-block-heading\" id=\"h-climato-septique-ne-aucune-surprise-sur-le-retrait-de-l-accord-de-paris-sur-le-climat\"><strong>Climato-septique n\u00e9, aucune surprise sur le retrait de l&rsquo;Accord de Paris sur le climat<\/strong><\/h2>\n\n\n\n<p class=\"has-medium-font-size wp-block-paragraph\">Et comme une mauvaise nouvelle n\u2019arrive jamais seule, Donald Trump met un coup de semonce suppl\u00e9mentaire par l\u2019annonce du retrait de l\u2019accord sur le climat.<\/p>\n\n\n\n<p class=\"has-medium-font-size wp-block-paragraph\">En r\u00e9ponse \u00e0 une question sur l\u2019annonce par la Maison Blanche du retrait des \u00c9tats-Unis de l\u2019Accord de Paris, une porte-parole de l\u2019ONU a rappel\u00e9 que cet accord a \u00e9t\u00e9 adopt\u00e9 par toutes les nations du monde en 2015 parce qu\u2019elles reconnaissent l\u2019immense pr\u00e9judice que le changement climatique cause d\u00e9j\u00e0, et l\u2019\u00e9norme opportunit\u00e9 que l\u2019action climatique pr\u00e9sente.<\/p>\n\n\n\n<p class=\"has-medium-font-size wp-block-paragraph\">Et pour l\u2019ONU de rappeler que la transformation envisag\u00e9e dans l\u2019Accord de Paris est d\u00e9j\u00e0 en cours. Cet accord a d\u00e9clench\u00e9 une r\u00e9volution \u00e9nerg\u00e9tique, offrant aux pays et aux entreprises des opportunit\u00e9s in\u00e9gal\u00e9es d\u2019investir dans les \u00e9nergies renouvelables qui alimentent les emplois et la prosp\u00e9rit\u00e9 du 21e si\u00e8cle. Ce qui sur la papier, est effectivement pav\u00e9 de bonnes intentions.<\/p>\n\n\n\n<p class=\"has-medium-font-size wp-block-paragraph\">\u00ab <em>Les dirigeants doivent saisir ces opportunit\u00e9s en cette d\u00e9cennie critique pour l\u2019action climatique<\/em> \u00bb, a d\u00e9clar\u00e9 Alessandra Vellucci, la porte-parole de l\u2019ONU \u00e0 Gen\u00e8ve. \u00ab <em>Le Secr\u00e9taire g\u00e9n\u00e9ral est convaincu que les villes, les \u00c9tats et les entreprises des \u00c9tats-Unis &#8211; ainsi que d\u2019autres pays &#8211; continueront \u00e0 faire preuve de vision et de leadership en \u0153uvrant pour une croissance \u00e9conomique \u00e0 faible \u00e9mission de carbone et r\u00e9siliente qui cr\u00e9era des emplois et des march\u00e9s de qualit\u00e9 pour la prosp\u00e9rit\u00e9 du XXIe si\u00e8cle<\/em> \u00bb, rench\u00e9rit-elle toujours au futur, relevant qu\u2019il est essentiel que les \u00c9tats-Unis restent \u00e0 la pointe des questions environnementales.<\/p>\n\n\n\n<h2 class=\"wp-block-heading\" id=\"h-le-changement-climatique-reste-t-il-un-defi-majeur-face-aux-economies-plus-que-tendues-nbsp\"><strong>Le changement climatique reste-t-il un d\u00e9fi majeur face aux \u00e9conomies plus que tendues&nbsp;?<\/strong><\/h2>\n\n\n\n<p class=\"has-medium-font-size wp-block-paragraph\">L\u2019annonce de la Maison blanche intervient alors que ces dix derni\u00e8res ann\u00e9es ont \u00e9t\u00e9 les plus chaudes de l\u2019histoire, et 2024 a \u00e9t\u00e9 l\u2019ann\u00e9e la plus chaude jamais enregistr\u00e9e, avec environ 1,55\u00b0C de plus que l\u2019\u00e8re pr\u00e9industrielle. C\u2019est un fait.<\/p>\n\n\n\n<p class=\"has-medium-font-size wp-block-paragraph\">\u00ab <em>Il suffit de regarder Los Angeles pour voir ce d\u00e9sastre humain, \u00e9cologique et \u00e9conomique se produire. Les efforts collectifs d\u00e9ploy\u00e9s dans le cadre de l\u2019Accord de Paris ont fait la diff\u00e9rence, mais nous devons aller beaucoup plus loin et plus vite ensemble <\/em>\u00bb, a insist\u00e9 Alessandra Vellucci.<\/p>\n\n\n\n<p class=\"has-medium-font-size wp-block-paragraph\">De son c\u00f4t\u00e9, l\u2019Organisation m\u00e9t\u00e9orologique mondiale (OMM) note que chaque fraction de degr\u00e9 de r\u00e9chauffement de la plan\u00e8te a un impact sur nos \u00e9conomies et nos vies. Le changement climatique doit \u00eatre envisag\u00e9 sur le long terme, et il s\u2019agit d\u2019un d\u00e9fi majeur de notre \u00e9poque. Mais de qui de l\u2019\u0153uf ou de la poule&nbsp;?<\/p>\n\n\n\n<p class=\"has-medium-font-size wp-block-paragraph\">Une fa\u00e7on pour l\u2019agence bas\u00e9e \u00e0 Gen\u00e8ve de souligner que la n\u00e9cessit\u00e9 de l\u2019Accord de Paris et de l\u2019action climatique est plus forte que jamais. \u00ab <em>Les gouvernements nationaux ont un r\u00f4le cl\u00e9 \u00e0 jouer. La r\u00e9volution vers les \u00e9nergies renouvelables ne peut pas \u00eatre arr\u00eat\u00e9e<\/em> \u00bb, a affirm\u00e9 Clare Nullis, porte-parole de l\u2019OMM.<\/p>\n\n\n\n<p class=\"has-medium-font-size wp-block-paragraph\">Ces d\u00e9clarations de bonnes intentions, objectives certes, suffiront-elles \u00e0 faire infl\u00e9chir Donald Trump dans son \u00e9lan protectionniste&nbsp;? Rien n\u2019est moins s\u00fbr.<\/p>","protected":false},"excerpt":{"rendered":"<p>Les agences de l&rsquo;ONU inqui\u00e8tes, ont vivement r\u00e9agi mardi aux d\u00e9crets du nouveau locataire de la Maison blanche Donald Trump, ce dernier&hellip;<\/p>","protected":false},"author":93,"featured_media":3454,"comment_status":"open","ping_status":"open","sticky":false,"template":"","format":"standard","meta":{"_lmt_disableupdate":"","_lmt_disable":"","footnotes":""},"categories":[5,4],"tags":[230,417],"class_list":["post-3453","post","type-post","status-publish","format-standard","has-post-thumbnail","hentry","category-international","category-mis-en-avant","tag-changement-climatique","tag-oms"],"yoast_head":"<!-- This site is optimized with the Yoast SEO Premium plugin v28.1 (Yoast SEO v28.1) - https:\/\/yoast.com\/product\/yoast-seo-premium-wordpress\/ -->\n<title>Coup dur pour les finances de l&#039;ONU \u00e0 la suite du retrait des \u00c9tats-Unis de la coop\u00e9ration mondiale sur la sant\u00e9 et le climat | Geopolitics.fr<\/title>\n<meta name=\"description\" content=\"L&#039;annonce par Trump du retrait de l&#039;OMS et de l&#039;Accord de Paris pose un probl\u00e8me de financement mais interroge aussi sur sa vision du monde\" \/>\n<meta name=\"robots\" content=\"index, follow, max-snippet:-1, max-image-preview:large, max-video-preview:-1\" \/>\n<link rel=\"canonical\" href=\"https:\/\/www.geopolitics.fr\/en\/2025\/01\/23\/coup-dur-pour-les-finances-de-lonu-a-la-suite-du-retrait-des-etats-unis-de-la-cooperation-mondiale-sur-la-sante-et-le-climat\/\" \/>\n<meta property=\"og:locale\" content=\"en_GB\" \/>\n<meta property=\"og:type\" content=\"article\" \/>\n<meta property=\"og:title\" content=\"Coup dur pour les finances de l&#039;ONU \u00e0 la suite du retrait des \u00c9tats-Unis de la coop\u00e9ration mondiale sur la sant\u00e9 et le climat\" \/>\n<meta property=\"og:description\" content=\"L&#039;annonce par Trump du retrait de l&#039;OMS et de l&#039;Accord de Paris pose un probl\u00e8me de financement mais interroge aussi sur sa vision du monde\" \/>\n<meta property=\"og:url\" content=\"https:\/\/www.geopolitics.fr\/en\/2025\/01\/23\/coup-dur-pour-les-finances-de-lonu-a-la-suite-du-retrait-des-etats-unis-de-la-cooperation-mondiale-sur-la-sante-et-le-climat\/\" \/>\n<meta property=\"og:site_name\" content=\"Geopolitics.fr\" \/>\n<meta property=\"article:publisher\" content=\"https:\/\/www.facebook.com\/people\/Erwan-Davoux\/61557098968092\/\" \/>\n<meta property=\"article:author\" content=\"https:\/\/www.facebook.com\/odelagarde\" \/>\n<meta property=\"article:published_time\" content=\"2025-01-23T16:51:11+00:00\" \/>\n<meta property=\"article:modified_time\" content=\"2025-01-23T16:51:13+00:00\" \/>\n<meta property=\"og:image\" content=\"https:\/\/www.geopolitics.fr\/wp-content\/uploads\/2025\/01\/oms-retrait.jpg\" \/>\n\t<meta property=\"og:image:width\" content=\"1920\" \/>\n\t<meta property=\"og:image:height\" content=\"1280\" \/>\n\t<meta property=\"og:image:type\" content=\"image\/jpeg\" \/>\n<meta name=\"author\" content=\"Olivier DELAGARDE\" \/>\n<meta name=\"twitter:card\" content=\"summary_large_image\" \/>\n<meta name=\"twitter:creator\" content=\"@Geopolitics_Fr\" \/>\n<meta name=\"twitter:site\" content=\"@Geopolitics_Fr\" \/>\n<meta name=\"twitter:label1\" content=\"Written by\" \/>\n\t<meta name=\"twitter:data1\" content=\"Olivier DELAGARDE\" \/>\n\t<meta name=\"twitter:label2\" content=\"Estimated reading time\" \/>\n\t<meta name=\"twitter:data2\" content=\"6 minutes\" \/>\n<script type=\"application\/ld+json\" class=\"yoast-schema-graph\">{\"@context\":\"https:\\\/\\\/schema.org\",\"@graph\":[{\"@type\":\"Article\",\"@id\":\"https:\\\/\\\/www.geopolitics.fr\\\/2025\\\/01\\\/23\\\/coup-dur-pour-les-finances-de-lonu-a-la-suite-du-retrait-des-etats-unis-de-la-cooperation-mondiale-sur-la-sante-et-le-climat\\\/#article\",\"isPartOf\":{\"@id\":\"https:\\\/\\\/www.geopolitics.fr\\\/2025\\\/01\\\/23\\\/coup-dur-pour-les-finances-de-lonu-a-la-suite-du-retrait-des-etats-unis-de-la-cooperation-mondiale-sur-la-sante-et-le-climat\\\/\"},\"author\":{\"name\":\"Olivier DELAGARDE\",\"@id\":\"https:\\\/\\\/www.geopolitics.fr\\\/#\\\/schema\\\/person\\\/9b98d78234af63d6ad71199d66115350\"},\"headline\":\"Coup dur pour les finances de l&rsquo;ONU \u00e0 la suite du retrait des \u00c9tats-Unis de la coop\u00e9ration mondiale sur la sant\u00e9 et le climat\",\"datePublished\":\"2025-01-23T16:51:11+00:00\",\"dateModified\":\"2025-01-23T16:51:13+00:00\",\"mainEntityOfPage\":{\"@id\":\"https:\\\/\\\/www.geopolitics.fr\\\/2025\\\/01\\\/23\\\/coup-dur-pour-les-finances-de-lonu-a-la-suite-du-retrait-des-etats-unis-de-la-cooperation-mondiale-sur-la-sante-et-le-climat\\\/\"},\"wordCount\":1265,\"commentCount\":0,\"publisher\":{\"@id\":\"https:\\\/\\\/www.geopolitics.fr\\\/#organization\"},\"image\":{\"@id\":\"https:\\\/\\\/www.geopolitics.fr\\\/2025\\\/01\\\/23\\\/coup-dur-pour-les-finances-de-lonu-a-la-suite-du-retrait-des-etats-unis-de-la-cooperation-mondiale-sur-la-sante-et-le-climat\\\/#primaryimage\"},\"thumbnailUrl\":\"https:\\\/\\\/www.geopolitics.fr\\\/wp-content\\\/uploads\\\/2025\\\/01\\\/oms-retrait.jpg\",\"keywords\":[\"CHANGEMENT CLIMATIQUE\",\"OMS\"],\"articleSection\":[\"International\",\"Mis en AVANT\"],\"inLanguage\":\"en-GB\"},{\"@type\":\"WebPage\",\"@id\":\"https:\\\/\\\/www.geopolitics.fr\\\/2025\\\/01\\\/23\\\/coup-dur-pour-les-finances-de-lonu-a-la-suite-du-retrait-des-etats-unis-de-la-cooperation-mondiale-sur-la-sante-et-le-climat\\\/\",\"url\":\"https:\\\/\\\/www.geopolitics.fr\\\/2025\\\/01\\\/23\\\/coup-dur-pour-les-finances-de-lonu-a-la-suite-du-retrait-des-etats-unis-de-la-cooperation-mondiale-sur-la-sante-et-le-climat\\\/\",\"name\":\"Coup dur pour les finances de l'ONU \u00e0 la suite du retrait des \u00c9tats-Unis de la coop\u00e9ration mondiale sur la sant\u00e9 et le climat | Geopolitics.fr\",\"isPartOf\":{\"@id\":\"https:\\\/\\\/www.geopolitics.fr\\\/#website\"},\"primaryImageOfPage\":{\"@id\":\"https:\\\/\\\/www.geopolitics.fr\\\/2025\\\/01\\\/23\\\/coup-dur-pour-les-finances-de-lonu-a-la-suite-du-retrait-des-etats-unis-de-la-cooperation-mondiale-sur-la-sante-et-le-climat\\\/#primaryimage\"},\"image\":{\"@id\":\"https:\\\/\\\/www.geopolitics.fr\\\/2025\\\/01\\\/23\\\/coup-dur-pour-les-finances-de-lonu-a-la-suite-du-retrait-des-etats-unis-de-la-cooperation-mondiale-sur-la-sante-et-le-climat\\\/#primaryimage\"},\"thumbnailUrl\":\"https:\\\/\\\/www.geopolitics.fr\\\/wp-content\\\/uploads\\\/2025\\\/01\\\/oms-retrait.jpg\",\"datePublished\":\"2025-01-23T16:51:11+00:00\",\"dateModified\":\"2025-01-23T16:51:13+00:00\",\"description\":\"L'annonce par Trump du retrait de l'OMS et de l'Accord de Paris pose un probl\u00e8me de financement mais interroge aussi sur sa vision du monde\",\"breadcrumb\":{\"@id\":\"https:\\\/\\\/www.geopolitics.fr\\\/2025\\\/01\\\/23\\\/coup-dur-pour-les-finances-de-lonu-a-la-suite-du-retrait-des-etats-unis-de-la-cooperation-mondiale-sur-la-sante-et-le-climat\\\/#breadcrumb\"},\"inLanguage\":\"en-GB\",\"potentialAction\":[{\"@type\":\"ReadAction\",\"target\":[\"https:\\\/\\\/www.geopolitics.fr\\\/2025\\\/01\\\/23\\\/coup-dur-pour-les-finances-de-lonu-a-la-suite-du-retrait-des-etats-unis-de-la-cooperation-mondiale-sur-la-sante-et-le-climat\\\/\"]}]},{\"@type\":\"ImageObject\",\"inLanguage\":\"en-GB\",\"@id\":\"https:\\\/\\\/www.geopolitics.fr\\\/2025\\\/01\\\/23\\\/coup-dur-pour-les-finances-de-lonu-a-la-suite-du-retrait-des-etats-unis-de-la-cooperation-mondiale-sur-la-sante-et-le-climat\\\/#primaryimage\",\"url\":\"https:\\\/\\\/www.geopolitics.fr\\\/wp-content\\\/uploads\\\/2025\\\/01\\\/oms-retrait.jpg\",\"contentUrl\":\"https:\\\/\\\/www.geopolitics.fr\\\/wp-content\\\/uploads\\\/2025\\\/01\\\/oms-retrait.jpg\",\"width\":1920,\"height\":1280},{\"@type\":\"BreadcrumbList\",\"@id\":\"https:\\\/\\\/www.geopolitics.fr\\\/2025\\\/01\\\/23\\\/coup-dur-pour-les-finances-de-lonu-a-la-suite-du-retrait-des-etats-unis-de-la-cooperation-mondiale-sur-la-sante-et-le-climat\\\/#breadcrumb\",\"itemListElement\":[{\"@type\":\"ListItem\",\"position\":1,\"name\":\"Accueil\",\"item\":\"https:\\\/\\\/www.geopolitics.fr\\\/\"},{\"@type\":\"ListItem\",\"position\":2,\"name\":\"Coup dur pour les finances de l&#8217;ONU \u00e0 la suite du retrait des \u00c9tats-Unis de la coop\u00e9ration mondiale sur la sant\u00e9 et le climat\"}]},{\"@type\":\"WebSite\",\"@id\":\"https:\\\/\\\/www.geopolitics.fr\\\/#website\",\"url\":\"https:\\\/\\\/www.geopolitics.fr\\\/\",\"name\":\"Geopolitics.fr\",\"description\":\"Geopolitics.fr Analyse politique, relations internationales, d\u00e9fense - ligne \u00e9ditoriale gaullo-chiraquienne\",\"publisher\":{\"@id\":\"https:\\\/\\\/www.geopolitics.fr\\\/#organization\"},\"potentialAction\":[{\"@type\":\"SearchAction\",\"target\":{\"@type\":\"EntryPoint\",\"urlTemplate\":\"https:\\\/\\\/www.geopolitics.fr\\\/?s={search_term_string}\"},\"query-input\":{\"@type\":\"PropertyValueSpecification\",\"valueRequired\":true,\"valueName\":\"search_term_string\"}}],\"inLanguage\":\"en-GB\"},{\"@type\":\"Organization\",\"@id\":\"https:\\\/\\\/www.geopolitics.fr\\\/#organization\",\"name\":\"Geopolitics.fr\",\"url\":\"https:\\\/\\\/www.geopolitics.fr\\\/\",\"logo\":{\"@type\":\"ImageObject\",\"inLanguage\":\"en-GB\",\"@id\":\"https:\\\/\\\/www.geopolitics.fr\\\/#\\\/schema\\\/logo\\\/image\\\/\",\"url\":\"https:\\\/\\\/www.geopolitics.fr\\\/wp-content\\\/uploads\\\/2024\\\/01\\\/logo.jpg\",\"contentUrl\":\"https:\\\/\\\/www.geopolitics.fr\\\/wp-content\\\/uploads\\\/2024\\\/01\\\/logo.jpg\",\"width\":500,\"height\":500,\"caption\":\"Geopolitics.fr\"},\"image\":{\"@id\":\"https:\\\/\\\/www.geopolitics.fr\\\/#\\\/schema\\\/logo\\\/image\\\/\"},\"sameAs\":[\"https:\\\/\\\/www.facebook.com\\\/people\\\/Erwan-Davoux\\\/61557098968092\\\/\",\"https:\\\/\\\/x.com\\\/Geopolitics_Fr\"]},{\"@type\":\"Person\",\"@id\":\"https:\\\/\\\/www.geopolitics.fr\\\/#\\\/schema\\\/person\\\/9b98d78234af63d6ad71199d66115350\",\"name\":\"Olivier DELAGARDE\",\"image\":{\"@type\":\"ImageObject\",\"inLanguage\":\"en-GB\",\"@id\":\"https:\\\/\\\/secure.gravatar.com\\\/avatar\\\/2c50afbd303b51697d9591857ee182bf3ead572fa530da00bb0278cf506c3a97?s=96&d=mm&r=g\",\"url\":\"https:\\\/\\\/secure.gravatar.com\\\/avatar\\\/2c50afbd303b51697d9591857ee182bf3ead572fa530da00bb0278cf506c3a97?s=96&d=mm&r=g\",\"contentUrl\":\"https:\\\/\\\/secure.gravatar.com\\\/avatar\\\/2c50afbd303b51697d9591857ee182bf3ead572fa530da00bb0278cf506c3a97?s=96&d=mm&r=g\",\"caption\":\"Olivier DELAGARDE\"},\"description\":\"Journaliste depuis plus de 20 ans, accr\u00e9dit\u00e9 aupr\u00e8s de l'Organisation des Nations Unies, de la Ligue des Etats Arabes, titulaire de la Carte d'Identit\u00e9 des Journalistes Professionnels en France et de la F\u00e9d\u00e9ration Internationale des Journalistes, Olivier a occup\u00e9 le poste de Grand reporter correspondant permanent en \u00c9gypte pour des m\u00e9dias de renomm\u00e9e mondiale tels que TV5 MONDE, le GROUPE M6, le GROUPE TF1 ou encore l\u2019AFP. Durant plus de dix ann\u00e9es, il a produit de nombreux reportages sur la politique internationale en Afrique de l'Est, tout en couvrant les principaux conflits au Proche et Moyen-Orient. En tant que Chef de bureau Proche-Orient pour TV5 MONDE, il \u00e9tait responsable de la production de reportages, des relations institutionnelles et de la repr\u00e9sentation de la cha\u00eene, tout en \u00e9crivant pour plusieurs m\u00e9dias europ\u00e9ens et internationaux.\",\"sameAs\":[\"https:\\\/\\\/www.facebook.com\\\/odelagarde\",\"https:\\\/\\\/www.linkedin.com\\\/in\\\/olivier-delagarde-816b17270\\\/\"],\"url\":\"https:\\\/\\\/www.geopolitics.fr\\\/en\\\/author\\\/odelagarde\\\/\"}]}<\/script>\n<!-- \/ Yoast SEO Premium plugin. -->","yoast_head_json":{"title":"Coup dur pour les finances de l'ONU \u00e0 la suite du retrait des \u00c9tats-Unis de la coop\u00e9ration mondiale sur la sant\u00e9 et le climat | Geopolitics.fr","description":"L'annonce par Trump du retrait de l'OMS et de l'Accord de Paris pose un probl\u00e8me de financement mais interroge aussi sur sa vision du monde","robots":{"index":"index","follow":"follow","max-snippet":"max-snippet:-1","max-image-preview":"max-image-preview:large","max-video-preview":"max-video-preview:-1"},"canonical":"https:\/\/www.geopolitics.fr\/en\/2025\/01\/23\/coup-dur-pour-les-finances-de-lonu-a-la-suite-du-retrait-des-etats-unis-de-la-cooperation-mondiale-sur-la-sante-et-le-climat\/","og_locale":"en_GB","og_type":"article","og_title":"Coup dur pour les finances de l'ONU \u00e0 la suite du retrait des \u00c9tats-Unis de la coop\u00e9ration mondiale sur la sant\u00e9 et le climat","og_description":"L'annonce par Trump du retrait de l'OMS et de l'Accord de Paris pose un probl\u00e8me de financement mais interroge aussi sur sa vision du monde","og_url":"https:\/\/www.geopolitics.fr\/en\/2025\/01\/23\/coup-dur-pour-les-finances-de-lonu-a-la-suite-du-retrait-des-etats-unis-de-la-cooperation-mondiale-sur-la-sante-et-le-climat\/","og_site_name":"Geopolitics.fr","article_publisher":"https:\/\/www.facebook.com\/people\/Erwan-Davoux\/61557098968092\/","article_author":"https:\/\/www.facebook.com\/odelagarde","article_published_time":"2025-01-23T16:51:11+00:00","article_modified_time":"2025-01-23T16:51:13+00:00","og_image":[{"width":1920,"height":1280,"url":"https:\/\/www.geopolitics.fr\/wp-content\/uploads\/2025\/01\/oms-retrait.jpg","type":"image\/jpeg"}],"author":"Olivier DELAGARDE","twitter_card":"summary_large_image","twitter_creator":"@Geopolitics_Fr","twitter_site":"@Geopolitics_Fr","twitter_misc":{"Written by":"Olivier DELAGARDE","Estimated reading time":"6 minutes"},"schema":{"@context":"https:\/\/schema.org","@graph":[{"@type":"Article","@id":"https:\/\/www.geopolitics.fr\/2025\/01\/23\/coup-dur-pour-les-finances-de-lonu-a-la-suite-du-retrait-des-etats-unis-de-la-cooperation-mondiale-sur-la-sante-et-le-climat\/#article","isPartOf":{"@id":"https:\/\/www.geopolitics.fr\/2025\/01\/23\/coup-dur-pour-les-finances-de-lonu-a-la-suite-du-retrait-des-etats-unis-de-la-cooperation-mondiale-sur-la-sante-et-le-climat\/"},"author":{"name":"Olivier DELAGARDE","@id":"https:\/\/www.geopolitics.fr\/#\/schema\/person\/9b98d78234af63d6ad71199d66115350"},"headline":"Coup dur pour les finances de l&rsquo;ONU \u00e0 la suite du retrait des \u00c9tats-Unis de la coop\u00e9ration mondiale sur la sant\u00e9 et le climat","datePublished":"2025-01-23T16:51:11+00:00","dateModified":"2025-01-23T16:51:13+00:00","mainEntityOfPage":{"@id":"https:\/\/www.geopolitics.fr\/2025\/01\/23\/coup-dur-pour-les-finances-de-lonu-a-la-suite-du-retrait-des-etats-unis-de-la-cooperation-mondiale-sur-la-sante-et-le-climat\/"},"wordCount":1265,"commentCount":0,"publisher":{"@id":"https:\/\/www.geopolitics.fr\/#organization"},"image":{"@id":"https:\/\/www.geopolitics.fr\/2025\/01\/23\/coup-dur-pour-les-finances-de-lonu-a-la-suite-du-retrait-des-etats-unis-de-la-cooperation-mondiale-sur-la-sante-et-le-climat\/#primaryimage"},"thumbnailUrl":"https:\/\/www.geopolitics.fr\/wp-content\/uploads\/2025\/01\/oms-retrait.jpg","keywords":["CHANGEMENT CLIMATIQUE","OMS"],"articleSection":["International","Mis en AVANT"],"inLanguage":"en-GB"},{"@type":"WebPage","@id":"https:\/\/www.geopolitics.fr\/2025\/01\/23\/coup-dur-pour-les-finances-de-lonu-a-la-suite-du-retrait-des-etats-unis-de-la-cooperation-mondiale-sur-la-sante-et-le-climat\/","url":"https:\/\/www.geopolitics.fr\/2025\/01\/23\/coup-dur-pour-les-finances-de-lonu-a-la-suite-du-retrait-des-etats-unis-de-la-cooperation-mondiale-sur-la-sante-et-le-climat\/","name":"Coup dur pour les finances de l'ONU \u00e0 la suite du retrait des \u00c9tats-Unis de la coop\u00e9ration mondiale sur la sant\u00e9 et le climat | Geopolitics.fr","isPartOf":{"@id":"https:\/\/www.geopolitics.fr\/#website"},"primaryImageOfPage":{"@id":"https:\/\/www.geopolitics.fr\/2025\/01\/23\/coup-dur-pour-les-finances-de-lonu-a-la-suite-du-retrait-des-etats-unis-de-la-cooperation-mondiale-sur-la-sante-et-le-climat\/#primaryimage"},"image":{"@id":"https:\/\/www.geopolitics.fr\/2025\/01\/23\/coup-dur-pour-les-finances-de-lonu-a-la-suite-du-retrait-des-etats-unis-de-la-cooperation-mondiale-sur-la-sante-et-le-climat\/#primaryimage"},"thumbnailUrl":"https:\/\/www.geopolitics.fr\/wp-content\/uploads\/2025\/01\/oms-retrait.jpg","datePublished":"2025-01-23T16:51:11+00:00","dateModified":"2025-01-23T16:51:13+00:00","description":"L'annonce par Trump du retrait de l'OMS et de l'Accord de Paris pose un probl\u00e8me de financement mais interroge aussi sur sa vision du monde","breadcrumb":{"@id":"https:\/\/www.geopolitics.fr\/2025\/01\/23\/coup-dur-pour-les-finances-de-lonu-a-la-suite-du-retrait-des-etats-unis-de-la-cooperation-mondiale-sur-la-sante-et-le-climat\/#breadcrumb"},"inLanguage":"en-GB","potentialAction":[{"@type":"ReadAction","target":["https:\/\/www.geopolitics.fr\/2025\/01\/23\/coup-dur-pour-les-finances-de-lonu-a-la-suite-du-retrait-des-etats-unis-de-la-cooperation-mondiale-sur-la-sante-et-le-climat\/"]}]},{"@type":"ImageObject","inLanguage":"en-GB","@id":"https:\/\/www.geopolitics.fr\/2025\/01\/23\/coup-dur-pour-les-finances-de-lonu-a-la-suite-du-retrait-des-etats-unis-de-la-cooperation-mondiale-sur-la-sante-et-le-climat\/#primaryimage","url":"https:\/\/www.geopolitics.fr\/wp-content\/uploads\/2025\/01\/oms-retrait.jpg","contentUrl":"https:\/\/www.geopolitics.fr\/wp-content\/uploads\/2025\/01\/oms-retrait.jpg","width":1920,"height":1280},{"@type":"BreadcrumbList","@id":"https:\/\/www.geopolitics.fr\/2025\/01\/23\/coup-dur-pour-les-finances-de-lonu-a-la-suite-du-retrait-des-etats-unis-de-la-cooperation-mondiale-sur-la-sante-et-le-climat\/#breadcrumb","itemListElement":[{"@type":"ListItem","position":1,"name":"Accueil","item":"https:\/\/www.geopolitics.fr\/"},{"@type":"ListItem","position":2,"name":"Coup dur pour les finances de l&#8217;ONU \u00e0 la suite du retrait des \u00c9tats-Unis de la coop\u00e9ration mondiale sur la sant\u00e9 et le climat"}]},{"@type":"WebSite","@id":"https:\/\/www.geopolitics.fr\/#website","url":"https:\/\/www.geopolitics.fr\/","name":"Geopolitics.fr","description":"Geopolitics.fr Analyse politique, relations internationales, d\u00e9fense - ligne \u00e9ditoriale gaullo-chiraquienne","publisher":{"@id":"https:\/\/www.geopolitics.fr\/#organization"},"potentialAction":[{"@type":"SearchAction","target":{"@type":"EntryPoint","urlTemplate":"https:\/\/www.geopolitics.fr\/?s={search_term_string}"},"query-input":{"@type":"PropertyValueSpecification","valueRequired":true,"valueName":"search_term_string"}}],"inLanguage":"en-GB"},{"@type":"Organization","@id":"https:\/\/www.geopolitics.fr\/#organization","name":"Geopolitics.fr","url":"https:\/\/www.geopolitics.fr\/","logo":{"@type":"ImageObject","inLanguage":"en-GB","@id":"https:\/\/www.geopolitics.fr\/#\/schema\/logo\/image\/","url":"https:\/\/www.geopolitics.fr\/wp-content\/uploads\/2024\/01\/logo.jpg","contentUrl":"https:\/\/www.geopolitics.fr\/wp-content\/uploads\/2024\/01\/logo.jpg","width":500,"height":500,"caption":"Geopolitics.fr"},"image":{"@id":"https:\/\/www.geopolitics.fr\/#\/schema\/logo\/image\/"},"sameAs":["https:\/\/www.facebook.com\/people\/Erwan-Davoux\/61557098968092\/","https:\/\/x.com\/Geopolitics_Fr"]},{"@type":"Person","@id":"https:\/\/www.geopolitics.fr\/#\/schema\/person\/9b98d78234af63d6ad71199d66115350","name":"Olivier DELAGARDE","image":{"@type":"ImageObject","inLanguage":"en-GB","@id":"https:\/\/secure.gravatar.com\/avatar\/2c50afbd303b51697d9591857ee182bf3ead572fa530da00bb0278cf506c3a97?s=96&d=mm&r=g","url":"https:\/\/secure.gravatar.com\/avatar\/2c50afbd303b51697d9591857ee182bf3ead572fa530da00bb0278cf506c3a97?s=96&d=mm&r=g","contentUrl":"https:\/\/secure.gravatar.com\/avatar\/2c50afbd303b51697d9591857ee182bf3ead572fa530da00bb0278cf506c3a97?s=96&d=mm&r=g","caption":"Olivier DELAGARDE"},"description":"Journaliste depuis plus de 20 ans, accr\u00e9dit\u00e9 aupr\u00e8s de l'Organisation des Nations Unies, de la Ligue des Etats Arabes, titulaire de la Carte d'Identit\u00e9 des Journalistes Professionnels en France et de la F\u00e9d\u00e9ration Internationale des Journalistes, Olivier a occup\u00e9 le poste de Grand reporter correspondant permanent en \u00c9gypte pour des m\u00e9dias de renomm\u00e9e mondiale tels que TV5 MONDE, le GROUPE M6, le GROUPE TF1 ou encore l\u2019AFP. Durant plus de dix ann\u00e9es, il a produit de nombreux reportages sur la politique internationale en Afrique de l'Est, tout en couvrant les principaux conflits au Proche et Moyen-Orient. En tant que Chef de bureau Proche-Orient pour TV5 MONDE, il \u00e9tait responsable de la production de reportages, des relations institutionnelles et de la repr\u00e9sentation de la cha\u00eene, tout en \u00e9crivant pour plusieurs m\u00e9dias europ\u00e9ens et internationaux.","sameAs":["https:\/\/www.facebook.com\/odelagarde","https:\/\/www.linkedin.com\/in\/olivier-delagarde-816b17270\/"],"url":"https:\/\/www.geopolitics.fr\/en\/author\/odelagarde\/"}]}},"_links":{"self":[{"href":"https:\/\/www.geopolitics.fr\/en\/wp-json\/wp\/v2\/posts\/3453","targetHints":{"allow":["GET"]}}],"collection":[{"href":"https:\/\/www.geopolitics.fr\/en\/wp-json\/wp\/v2\/posts"}],"about":[{"href":"https:\/\/www.geopolitics.fr\/en\/wp-json\/wp\/v2\/types\/post"}],"author":[{"embeddable":true,"href":"https:\/\/www.geopolitics.fr\/en\/wp-json\/wp\/v2\/users\/93"}],"replies":[{"embeddable":true,"href":"https:\/\/www.geopolitics.fr\/en\/wp-json\/wp\/v2\/comments?post=3453"}],"version-history":[{"count":0,"href":"https:\/\/www.geopolitics.fr\/en\/wp-json\/wp\/v2\/posts\/3453\/revisions"}],"wp:featuredmedia":[{"embeddable":true,"href":"https:\/\/www.geopolitics.fr\/en\/wp-json\/wp\/v2\/media\/3454"}],"wp:attachment":[{"href":"https:\/\/www.geopolitics.fr\/en\/wp-json\/wp\/v2\/media?parent=3453"}],"wp:term":[{"taxonomy":"category","embeddable":true,"href":"https:\/\/www.geopolitics.fr\/en\/wp-json\/wp\/v2\/categories?post=3453"},{"taxonomy":"post_tag","embeddable":true,"href":"https:\/\/www.geopolitics.fr\/en\/wp-json\/wp\/v2\/tags?post=3453"}],"curies":[{"name":"wp","href":"https:\/\/api.w.org\/{rel}","templated":true}]}}