{"id":3444,"date":"2025-01-22T18:14:07","date_gmt":"2025-01-22T17:14:07","guid":{"rendered":"https:\/\/www.geopolitics.fr\/?p=3444"},"modified":"2025-01-22T18:14:09","modified_gmt":"2025-01-22T17:14:09","slug":"resolument-les-africains-ne-veulent-plus-de-la-france-dans-leurs-pays","status":"publish","type":"post","link":"https:\/\/www.geopolitics.fr\/en\/2025\/01\/22\/resolument-les-africains-ne-veulent-plus-de-la-france-dans-leurs-pays\/","title":{"rendered":"R\u00e9solument, les Africains ne veulent plus de la France dans leurs pays"},"content":{"rendered":"<p class=\"has-medium-font-size wp-block-paragraph\"><em>Une r\u00e9cente enqu\u00eate d\u2019opinion aupr\u00e8s de populations africaines, r\u00e9alis\u00e9e par l\u2019ONG Tournons la page (TLP) en collaboration avec le Centre de recherches internationales de Sciences Po (CERI Sciences Po Paris), apporte un \u00e9clairage pr\u00e9cieux sur les raisons du rejet croissant de la pr\u00e9sence fran\u00e7aise en Afrique. Men\u00e9e dans six pays africains, cette \u00e9tude met en lumi\u00e8re des perceptions critiques de la politique \u00e9trang\u00e8re de la France.<\/em><\/p>\n\n\n\n<p class=\"has-medium-font-size wp-block-paragraph\">Ce rapport intitul\u00e9 \u00ab De quoi le rejet de la France en Afrique est-il le nom ? \u00bb r\u00e9sulte d\u2019une collaboration entre Tournons la page et le CERI Sciences Po. Il se concentre essentiellement sur six pays d\u2019Afrique francophone : le B\u00e9nin, le Cameroun, la C\u00f4te d\u2019Ivoire, le Gabon, le Niger et le Tchad, soit six anciennes colonies fran\u00e7aises. Cette enqu\u00eate, compos\u00e9e d\u2019un panel de 470 participants et d\u2019une cinquantaine de discussions en groupes, est une premi\u00e8re \u00e0 cette \u00e9chelle afin d\u2019analyser objectivement les opinions sur la pr\u00e9sence fran\u00e7aise en Afrique.<\/p>\n\n\n\n<h2 class=\"wp-block-heading\" id=\"h-une-enquete-inedite-en-afrique-francophone\"><strong>Une enqu\u00eate in\u00e9dite en Afrique francophone<\/strong><\/h2>\n\n\n\n<p class=\"has-medium-font-size wp-block-paragraph\">Selon TLP, l\u2019objectif principal de cette recherche vise \u00e0 comprendre sans parti pris, les multiples manifestations anti-fran\u00e7aises, puis de rechercher des cl\u00e9s de lecture aux d\u00e9bats sur la politique \u00e9trang\u00e8re fran\u00e7aise sur le continent. Ces mouvements ont \u00e9t\u00e9 abondamment interpr\u00e9t\u00e9s comme des expressions d\u2019un \u00ab sentiment anti-fran\u00e7ais \u00bb croissant, bien que peu d\u2019\u00e9tudes aient approfondi la question jusqu\u2019\u00e0 pr\u00e9sent.<\/p>\n\n\n\n<p class=\"has-medium-font-size wp-block-paragraph\">L\u2019un des aspects essentiels du rapport est l\u2019analyse de la pr\u00e9sence militaire fran\u00e7aise en Afrique. Une majorit\u00e9 \u00e9crasante des r\u00e9pondants (85 %) consid\u00e8rent que l\u2019influence militaire de la France est \u00ab importante ou tr\u00e8s importante \u00bb dans leur pays, avec une perception particuli\u00e8rement critique dans des pays comme le Niger, la C\u00f4te d\u2019Ivoire et le Gabon. Cependant au Cameroun, ce chiffre est l\u00e9g\u00e8rement plus bas (62 %).<\/p>\n\n\n\n<h2 class=\"wp-block-heading\" id=\"h-l-echec-des-multiples-interventions-de-l-armee-francaise-au-sahel\"><strong>L\u2019\u00e9chec des multiples interventions de l&rsquo;arm\u00e9e fran\u00e7aise au Sahel<\/strong><\/h2>\n\n\n\n<p class=\"has-medium-font-size wp-block-paragraph\">L\u2019intervention fran\u00e7aise au Sahel est per\u00e7ue comme un \u00e9chec, \u00e9tant jug\u00e9e inefficace dans la lutte contre les groupes arm\u00e9s. Selon le quotidien alg\u00e9rien El Watan qui a trait\u00e9 le sujet, un participant gabonais r\u00e9sume ainsi : \u00ab <em>Dans la plupart des cas o\u00f9 la France a \u00e9t\u00e9 pr\u00e9sente, on n\u2019a pas vu de stabilit\u00e9 <\/em>\u00bb. Un Camerounais ajoute : \u00ab <em>Nous assistons \u00e0 une bellicisation g\u00e9n\u00e9ralis\u00e9e dans les zones o\u00f9 la France est pr\u00e9sente<\/em> \u00bb. Cette critique est corrobor\u00e9e par un Nig\u00e9rien : \u00ab <em>Jamais en Afrique, de la colonisation \u00e0 nos jours, la France n\u2019a r\u00e9solu un conflit africain de mani\u00e8re d\u00e9finitive<\/em> \u00bb.<\/p>\n\n\n\n<p class=\"has-medium-font-size wp-block-paragraph\">Les \u00e9l\u00e9ments recueillis dans les groupes de discussions ont \u00e9galement port\u00e9 sur la capacit\u00e9 des pays africains \u00e0 g\u00e9rer leur propre s\u00e9curit\u00e9 sans l\u2019intervention d\u2019arm\u00e9es \u00e9trang\u00e8res. Si certains participants jugent cela faisable, beaucoup soulignent le manque de moyens et de formation des arm\u00e9es locales.<\/p>\n\n\n\n<h2 class=\"wp-block-heading\" id=\"h-une-aide-militaire-francaise-inadaptee\"><strong>Une aide militaire fran\u00e7aise inadapt\u00e9e<\/strong><\/h2>\n\n\n\n<p class=\"has-medium-font-size wp-block-paragraph\">Une participante gabonaise affirme : \u00ab <em>Il est illusoire de penser que les pays africains peuvent r\u00e9gler seuls leurs probl\u00e8mes de s\u00e9curit\u00e9 dans le contexte actuel<\/em> \u00bb. Cependant, un B\u00e9ninois insiste sur l\u2019importance de renforcer les arm\u00e9es locales : \u00ab <em>Plut\u00f4t que de compter sur des bases militaires \u00e9trang\u00e8res, il faut investir dans la formation et l\u2019\u00e9quipement de nos forces arm\u00e9es<\/em> \u00bb.<\/p>\n\n\n\n<p class=\"has-medium-font-size wp-block-paragraph\">Les pan\u00e9listes rel\u00e8vent \u00e9galement les limites de l\u2019aide militaire fran\u00e7aise. Un participant b\u00e9ninois note que \u00ab <em>les \u00e9quipements fournis par la France ne sont pas toujours adapt\u00e9s \u00e0 la r\u00e9alit\u00e9 du terrain<\/em> \u00bb. Cette perception alimente un d\u00e9sir croissant de diversifier les partenariats militaires, notamment avec des pays comme la Russie, jug\u00e9s plus enclins \u00e0 r\u00e9pondre aux besoins des arm\u00e9es africaines.<\/p>\n\n\n\n<p class=\"has-medium-font-size wp-block-paragraph\">Cette enqu\u00eate particuli\u00e8rement int\u00e9ressante met en \u00e9vidence une critique profonde et diversifi\u00e9e de la pr\u00e9sence fran\u00e7aise en Afrique. Les aspirations \u00e0 une autonomie accrue, notamment dans le domaine de la s\u00e9curit\u00e9, se heurtent \u00e0 des r\u00e9alit\u00e9s complexes li\u00e9es au manque de ressources. N\u00e9anmoins, les opinions recueillies refl\u00e8tent un rejet de plus en plus affirm\u00e9 d\u2019un mod\u00e8le d\u2019intervention ext\u00e9rieure jug\u00e9 obsol\u00e8te, ouvrant ainsi la voie \u00e0 une r\u00e9flexion renouvel\u00e9e sur les relations entre la France et l\u2019Afrique.<\/p>\n\n\n\n<p class=\"has-medium-font-size wp-block-paragraph\"><em>Enqu\u00eate compl\u00e8te \u00e0 retrouver sur&nbsp;: <\/em><a href=\"https:\/\/tournonslapage.org\/fr\/outils-et-ressources\/BD%20-%20De%20quoi%20le%20rejet%20de%20la%20France%20en%20Afrique%20est-il%20le%20nom%20%20.pdf\"><em>BD &#8211; De quoi le rejet de la France en Afrique est-il le nom .pdf<\/em><\/a><\/p>","protected":false},"excerpt":{"rendered":"<p>Une r\u00e9cente enqu\u00eate d\u2019opinion aupr\u00e8s de populations africaines, r\u00e9alis\u00e9e par l\u2019ONG Tournons la page (TLP) en collaboration avec le Centre de recherches&hellip;<\/p>","protected":false},"author":93,"featured_media":3445,"comment_status":"open","ping_status":"open","sticky":false,"template":"","format":"standard","meta":{"_lmt_disableupdate":"","_lmt_disable":"","footnotes":""},"categories":[5,4],"tags":[],"class_list":["post-3444","post","type-post","status-publish","format-standard","has-post-thumbnail","hentry","category-international","category-mis-en-avant"],"yoast_head":"<!-- This site is optimized with the Yoast SEO Premium plugin v28.1 (Yoast SEO v28.1) - https:\/\/yoast.com\/product\/yoast-seo-premium-wordpress\/ -->\n<title>R\u00e9solument, les Africains ne veulent plus de la France dans leurs pays | Geopolitics.fr<\/title>\n<meta name=\"description\" content=\"Les op\u00e9rations militaires sans r\u00e8glement politique ont beaucoup contribu\u00e9 au rejet de la France en Afrique\" \/>\n<meta name=\"robots\" content=\"index, follow, max-snippet:-1, max-image-preview:large, max-video-preview:-1\" \/>\n<link rel=\"canonical\" href=\"https:\/\/www.geopolitics.fr\/en\/2025\/01\/22\/resolument-les-africains-ne-veulent-plus-de-la-france-dans-leurs-pays\/\" \/>\n<meta property=\"og:locale\" content=\"en_GB\" \/>\n<meta property=\"og:type\" content=\"article\" \/>\n<meta property=\"og:title\" content=\"R\u00e9solument, les Africains ne veulent plus de la France dans leurs pays\" \/>\n<meta property=\"og:description\" content=\"Les op\u00e9rations militaires sans r\u00e8glement politique ont beaucoup contribu\u00e9 au rejet de la France en Afrique\" \/>\n<meta property=\"og:url\" content=\"https:\/\/www.geopolitics.fr\/en\/2025\/01\/22\/resolument-les-africains-ne-veulent-plus-de-la-france-dans-leurs-pays\/\" \/>\n<meta property=\"og:site_name\" content=\"Geopolitics.fr\" \/>\n<meta property=\"article:publisher\" content=\"https:\/\/www.facebook.com\/people\/Erwan-Davoux\/61557098968092\/\" \/>\n<meta property=\"article:author\" content=\"https:\/\/www.facebook.com\/odelagarde\" \/>\n<meta property=\"article:published_time\" content=\"2025-01-22T17:14:07+00:00\" \/>\n<meta property=\"article:modified_time\" content=\"2025-01-22T17:14:09+00:00\" \/>\n<meta property=\"og:image\" content=\"https:\/\/www.geopolitics.fr\/wp-content\/uploads\/2025\/01\/Africains-anti-France.jpg\" \/>\n\t<meta property=\"og:image:width\" content=\"768\" \/>\n\t<meta property=\"og:image:height\" content=\"465\" \/>\n\t<meta property=\"og:image:type\" content=\"image\/jpeg\" \/>\n<meta name=\"author\" content=\"Olivier DELAGARDE\" \/>\n<meta name=\"twitter:card\" content=\"summary_large_image\" \/>\n<meta name=\"twitter:creator\" content=\"@Geopolitics_Fr\" \/>\n<meta name=\"twitter:site\" content=\"@Geopolitics_Fr\" \/>\n<meta name=\"twitter:label1\" content=\"Written by\" \/>\n\t<meta name=\"twitter:data1\" content=\"Olivier DELAGARDE\" \/>\n\t<meta name=\"twitter:label2\" content=\"Estimated reading time\" \/>\n\t<meta name=\"twitter:data2\" content=\"4 minutes\" \/>\n<script type=\"application\/ld+json\" class=\"yoast-schema-graph\">{\"@context\":\"https:\\\/\\\/schema.org\",\"@graph\":[{\"@type\":\"Article\",\"@id\":\"https:\\\/\\\/www.geopolitics.fr\\\/2025\\\/01\\\/22\\\/resolument-les-africains-ne-veulent-plus-de-la-france-dans-leurs-pays\\\/#article\",\"isPartOf\":{\"@id\":\"https:\\\/\\\/www.geopolitics.fr\\\/2025\\\/01\\\/22\\\/resolument-les-africains-ne-veulent-plus-de-la-france-dans-leurs-pays\\\/\"},\"author\":{\"name\":\"Olivier DELAGARDE\",\"@id\":\"https:\\\/\\\/www.geopolitics.fr\\\/#\\\/schema\\\/person\\\/9b98d78234af63d6ad71199d66115350\"},\"headline\":\"R\u00e9solument, les Africains ne veulent plus de la France dans leurs pays\",\"datePublished\":\"2025-01-22T17:14:07+00:00\",\"dateModified\":\"2025-01-22T17:14:09+00:00\",\"mainEntityOfPage\":{\"@id\":\"https:\\\/\\\/www.geopolitics.fr\\\/2025\\\/01\\\/22\\\/resolument-les-africains-ne-veulent-plus-de-la-france-dans-leurs-pays\\\/\"},\"wordCount\":774,\"commentCount\":0,\"publisher\":{\"@id\":\"https:\\\/\\\/www.geopolitics.fr\\\/#organization\"},\"image\":{\"@id\":\"https:\\\/\\\/www.geopolitics.fr\\\/2025\\\/01\\\/22\\\/resolument-les-africains-ne-veulent-plus-de-la-france-dans-leurs-pays\\\/#primaryimage\"},\"thumbnailUrl\":\"https:\\\/\\\/www.geopolitics.fr\\\/wp-content\\\/uploads\\\/2025\\\/01\\\/Africains-anti-France.jpg\",\"articleSection\":[\"International\",\"Mis en AVANT\"],\"inLanguage\":\"en-GB\"},{\"@type\":\"WebPage\",\"@id\":\"https:\\\/\\\/www.geopolitics.fr\\\/2025\\\/01\\\/22\\\/resolument-les-africains-ne-veulent-plus-de-la-france-dans-leurs-pays\\\/\",\"url\":\"https:\\\/\\\/www.geopolitics.fr\\\/2025\\\/01\\\/22\\\/resolument-les-africains-ne-veulent-plus-de-la-france-dans-leurs-pays\\\/\",\"name\":\"R\u00e9solument, les Africains ne veulent plus de la France dans leurs pays | Geopolitics.fr\",\"isPartOf\":{\"@id\":\"https:\\\/\\\/www.geopolitics.fr\\\/#website\"},\"primaryImageOfPage\":{\"@id\":\"https:\\\/\\\/www.geopolitics.fr\\\/2025\\\/01\\\/22\\\/resolument-les-africains-ne-veulent-plus-de-la-france-dans-leurs-pays\\\/#primaryimage\"},\"image\":{\"@id\":\"https:\\\/\\\/www.geopolitics.fr\\\/2025\\\/01\\\/22\\\/resolument-les-africains-ne-veulent-plus-de-la-france-dans-leurs-pays\\\/#primaryimage\"},\"thumbnailUrl\":\"https:\\\/\\\/www.geopolitics.fr\\\/wp-content\\\/uploads\\\/2025\\\/01\\\/Africains-anti-France.jpg\",\"datePublished\":\"2025-01-22T17:14:07+00:00\",\"dateModified\":\"2025-01-22T17:14:09+00:00\",\"description\":\"Les op\u00e9rations militaires sans r\u00e8glement politique ont beaucoup contribu\u00e9 au rejet de la France en Afrique\",\"breadcrumb\":{\"@id\":\"https:\\\/\\\/www.geopolitics.fr\\\/2025\\\/01\\\/22\\\/resolument-les-africains-ne-veulent-plus-de-la-france-dans-leurs-pays\\\/#breadcrumb\"},\"inLanguage\":\"en-GB\",\"potentialAction\":[{\"@type\":\"ReadAction\",\"target\":[\"https:\\\/\\\/www.geopolitics.fr\\\/2025\\\/01\\\/22\\\/resolument-les-africains-ne-veulent-plus-de-la-france-dans-leurs-pays\\\/\"]}]},{\"@type\":\"ImageObject\",\"inLanguage\":\"en-GB\",\"@id\":\"https:\\\/\\\/www.geopolitics.fr\\\/2025\\\/01\\\/22\\\/resolument-les-africains-ne-veulent-plus-de-la-france-dans-leurs-pays\\\/#primaryimage\",\"url\":\"https:\\\/\\\/www.geopolitics.fr\\\/wp-content\\\/uploads\\\/2025\\\/01\\\/Africains-anti-France.jpg\",\"contentUrl\":\"https:\\\/\\\/www.geopolitics.fr\\\/wp-content\\\/uploads\\\/2025\\\/01\\\/Africains-anti-France.jpg\",\"width\":768,\"height\":465},{\"@type\":\"BreadcrumbList\",\"@id\":\"https:\\\/\\\/www.geopolitics.fr\\\/2025\\\/01\\\/22\\\/resolument-les-africains-ne-veulent-plus-de-la-france-dans-leurs-pays\\\/#breadcrumb\",\"itemListElement\":[{\"@type\":\"ListItem\",\"position\":1,\"name\":\"Accueil\",\"item\":\"https:\\\/\\\/www.geopolitics.fr\\\/\"},{\"@type\":\"ListItem\",\"position\":2,\"name\":\"R\u00e9solument, les Africains ne veulent plus de la France dans leurs pays\"}]},{\"@type\":\"WebSite\",\"@id\":\"https:\\\/\\\/www.geopolitics.fr\\\/#website\",\"url\":\"https:\\\/\\\/www.geopolitics.fr\\\/\",\"name\":\"Geopolitics.fr\",\"description\":\"Geopolitics.fr Analyse politique, relations internationales, d\u00e9fense - ligne \u00e9ditoriale gaullo-chiraquienne\",\"publisher\":{\"@id\":\"https:\\\/\\\/www.geopolitics.fr\\\/#organization\"},\"potentialAction\":[{\"@type\":\"SearchAction\",\"target\":{\"@type\":\"EntryPoint\",\"urlTemplate\":\"https:\\\/\\\/www.geopolitics.fr\\\/?s={search_term_string}\"},\"query-input\":{\"@type\":\"PropertyValueSpecification\",\"valueRequired\":true,\"valueName\":\"search_term_string\"}}],\"inLanguage\":\"en-GB\"},{\"@type\":\"Organization\",\"@id\":\"https:\\\/\\\/www.geopolitics.fr\\\/#organization\",\"name\":\"Geopolitics.fr\",\"url\":\"https:\\\/\\\/www.geopolitics.fr\\\/\",\"logo\":{\"@type\":\"ImageObject\",\"inLanguage\":\"en-GB\",\"@id\":\"https:\\\/\\\/www.geopolitics.fr\\\/#\\\/schema\\\/logo\\\/image\\\/\",\"url\":\"https:\\\/\\\/www.geopolitics.fr\\\/wp-content\\\/uploads\\\/2024\\\/01\\\/logo.jpg\",\"contentUrl\":\"https:\\\/\\\/www.geopolitics.fr\\\/wp-content\\\/uploads\\\/2024\\\/01\\\/logo.jpg\",\"width\":500,\"height\":500,\"caption\":\"Geopolitics.fr\"},\"image\":{\"@id\":\"https:\\\/\\\/www.geopolitics.fr\\\/#\\\/schema\\\/logo\\\/image\\\/\"},\"sameAs\":[\"https:\\\/\\\/www.facebook.com\\\/people\\\/Erwan-Davoux\\\/61557098968092\\\/\",\"https:\\\/\\\/x.com\\\/Geopolitics_Fr\"]},{\"@type\":\"Person\",\"@id\":\"https:\\\/\\\/www.geopolitics.fr\\\/#\\\/schema\\\/person\\\/9b98d78234af63d6ad71199d66115350\",\"name\":\"Olivier DELAGARDE\",\"image\":{\"@type\":\"ImageObject\",\"inLanguage\":\"en-GB\",\"@id\":\"https:\\\/\\\/secure.gravatar.com\\\/avatar\\\/2c50afbd303b51697d9591857ee182bf3ead572fa530da00bb0278cf506c3a97?s=96&d=mm&r=g\",\"url\":\"https:\\\/\\\/secure.gravatar.com\\\/avatar\\\/2c50afbd303b51697d9591857ee182bf3ead572fa530da00bb0278cf506c3a97?s=96&d=mm&r=g\",\"contentUrl\":\"https:\\\/\\\/secure.gravatar.com\\\/avatar\\\/2c50afbd303b51697d9591857ee182bf3ead572fa530da00bb0278cf506c3a97?s=96&d=mm&r=g\",\"caption\":\"Olivier DELAGARDE\"},\"description\":\"Journaliste depuis plus de 20 ans, accr\u00e9dit\u00e9 aupr\u00e8s de l'Organisation des Nations Unies, de la Ligue des Etats Arabes, titulaire de la Carte d'Identit\u00e9 des Journalistes Professionnels en France et de la F\u00e9d\u00e9ration Internationale des Journalistes, Olivier a occup\u00e9 le poste de Grand reporter correspondant permanent en \u00c9gypte pour des m\u00e9dias de renomm\u00e9e mondiale tels que TV5 MONDE, le GROUPE M6, le GROUPE TF1 ou encore l\u2019AFP. Durant plus de dix ann\u00e9es, il a produit de nombreux reportages sur la politique internationale en Afrique de l'Est, tout en couvrant les principaux conflits au Proche et Moyen-Orient. En tant que Chef de bureau Proche-Orient pour TV5 MONDE, il \u00e9tait responsable de la production de reportages, des relations institutionnelles et de la repr\u00e9sentation de la cha\u00eene, tout en \u00e9crivant pour plusieurs m\u00e9dias europ\u00e9ens et internationaux.\",\"sameAs\":[\"https:\\\/\\\/www.facebook.com\\\/odelagarde\",\"https:\\\/\\\/www.linkedin.com\\\/in\\\/olivier-delagarde-816b17270\\\/\"],\"url\":\"https:\\\/\\\/www.geopolitics.fr\\\/en\\\/author\\\/odelagarde\\\/\"}]}<\/script>\n<!-- \/ Yoast SEO Premium plugin. -->","yoast_head_json":{"title":"R\u00e9solument, les Africains ne veulent plus de la France dans leurs pays | Geopolitics.fr","description":"Les op\u00e9rations militaires sans r\u00e8glement politique ont beaucoup contribu\u00e9 au rejet de la France en Afrique","robots":{"index":"index","follow":"follow","max-snippet":"max-snippet:-1","max-image-preview":"max-image-preview:large","max-video-preview":"max-video-preview:-1"},"canonical":"https:\/\/www.geopolitics.fr\/en\/2025\/01\/22\/resolument-les-africains-ne-veulent-plus-de-la-france-dans-leurs-pays\/","og_locale":"en_GB","og_type":"article","og_title":"R\u00e9solument, les Africains ne veulent plus de la France dans leurs pays","og_description":"Les op\u00e9rations militaires sans r\u00e8glement politique ont beaucoup contribu\u00e9 au rejet de la France en Afrique","og_url":"https:\/\/www.geopolitics.fr\/en\/2025\/01\/22\/resolument-les-africains-ne-veulent-plus-de-la-france-dans-leurs-pays\/","og_site_name":"Geopolitics.fr","article_publisher":"https:\/\/www.facebook.com\/people\/Erwan-Davoux\/61557098968092\/","article_author":"https:\/\/www.facebook.com\/odelagarde","article_published_time":"2025-01-22T17:14:07+00:00","article_modified_time":"2025-01-22T17:14:09+00:00","og_image":[{"width":768,"height":465,"url":"https:\/\/www.geopolitics.fr\/wp-content\/uploads\/2025\/01\/Africains-anti-France.jpg","type":"image\/jpeg"}],"author":"Olivier DELAGARDE","twitter_card":"summary_large_image","twitter_creator":"@Geopolitics_Fr","twitter_site":"@Geopolitics_Fr","twitter_misc":{"Written by":"Olivier DELAGARDE","Estimated reading time":"4 minutes"},"schema":{"@context":"https:\/\/schema.org","@graph":[{"@type":"Article","@id":"https:\/\/www.geopolitics.fr\/2025\/01\/22\/resolument-les-africains-ne-veulent-plus-de-la-france-dans-leurs-pays\/#article","isPartOf":{"@id":"https:\/\/www.geopolitics.fr\/2025\/01\/22\/resolument-les-africains-ne-veulent-plus-de-la-france-dans-leurs-pays\/"},"author":{"name":"Olivier DELAGARDE","@id":"https:\/\/www.geopolitics.fr\/#\/schema\/person\/9b98d78234af63d6ad71199d66115350"},"headline":"R\u00e9solument, les Africains ne veulent plus de la France dans leurs pays","datePublished":"2025-01-22T17:14:07+00:00","dateModified":"2025-01-22T17:14:09+00:00","mainEntityOfPage":{"@id":"https:\/\/www.geopolitics.fr\/2025\/01\/22\/resolument-les-africains-ne-veulent-plus-de-la-france-dans-leurs-pays\/"},"wordCount":774,"commentCount":0,"publisher":{"@id":"https:\/\/www.geopolitics.fr\/#organization"},"image":{"@id":"https:\/\/www.geopolitics.fr\/2025\/01\/22\/resolument-les-africains-ne-veulent-plus-de-la-france-dans-leurs-pays\/#primaryimage"},"thumbnailUrl":"https:\/\/www.geopolitics.fr\/wp-content\/uploads\/2025\/01\/Africains-anti-France.jpg","articleSection":["International","Mis en AVANT"],"inLanguage":"en-GB"},{"@type":"WebPage","@id":"https:\/\/www.geopolitics.fr\/2025\/01\/22\/resolument-les-africains-ne-veulent-plus-de-la-france-dans-leurs-pays\/","url":"https:\/\/www.geopolitics.fr\/2025\/01\/22\/resolument-les-africains-ne-veulent-plus-de-la-france-dans-leurs-pays\/","name":"R\u00e9solument, les Africains ne veulent plus de la France dans leurs pays | Geopolitics.fr","isPartOf":{"@id":"https:\/\/www.geopolitics.fr\/#website"},"primaryImageOfPage":{"@id":"https:\/\/www.geopolitics.fr\/2025\/01\/22\/resolument-les-africains-ne-veulent-plus-de-la-france-dans-leurs-pays\/#primaryimage"},"image":{"@id":"https:\/\/www.geopolitics.fr\/2025\/01\/22\/resolument-les-africains-ne-veulent-plus-de-la-france-dans-leurs-pays\/#primaryimage"},"thumbnailUrl":"https:\/\/www.geopolitics.fr\/wp-content\/uploads\/2025\/01\/Africains-anti-France.jpg","datePublished":"2025-01-22T17:14:07+00:00","dateModified":"2025-01-22T17:14:09+00:00","description":"Les op\u00e9rations militaires sans r\u00e8glement politique ont beaucoup contribu\u00e9 au rejet de la France en Afrique","breadcrumb":{"@id":"https:\/\/www.geopolitics.fr\/2025\/01\/22\/resolument-les-africains-ne-veulent-plus-de-la-france-dans-leurs-pays\/#breadcrumb"},"inLanguage":"en-GB","potentialAction":[{"@type":"ReadAction","target":["https:\/\/www.geopolitics.fr\/2025\/01\/22\/resolument-les-africains-ne-veulent-plus-de-la-france-dans-leurs-pays\/"]}]},{"@type":"ImageObject","inLanguage":"en-GB","@id":"https:\/\/www.geopolitics.fr\/2025\/01\/22\/resolument-les-africains-ne-veulent-plus-de-la-france-dans-leurs-pays\/#primaryimage","url":"https:\/\/www.geopolitics.fr\/wp-content\/uploads\/2025\/01\/Africains-anti-France.jpg","contentUrl":"https:\/\/www.geopolitics.fr\/wp-content\/uploads\/2025\/01\/Africains-anti-France.jpg","width":768,"height":465},{"@type":"BreadcrumbList","@id":"https:\/\/www.geopolitics.fr\/2025\/01\/22\/resolument-les-africains-ne-veulent-plus-de-la-france-dans-leurs-pays\/#breadcrumb","itemListElement":[{"@type":"ListItem","position":1,"name":"Accueil","item":"https:\/\/www.geopolitics.fr\/"},{"@type":"ListItem","position":2,"name":"R\u00e9solument, les Africains ne veulent plus de la France dans leurs pays"}]},{"@type":"WebSite","@id":"https:\/\/www.geopolitics.fr\/#website","url":"https:\/\/www.geopolitics.fr\/","name":"Geopolitics.fr","description":"Geopolitics.fr Analyse politique, relations internationales, d\u00e9fense - ligne \u00e9ditoriale gaullo-chiraquienne","publisher":{"@id":"https:\/\/www.geopolitics.fr\/#organization"},"potentialAction":[{"@type":"SearchAction","target":{"@type":"EntryPoint","urlTemplate":"https:\/\/www.geopolitics.fr\/?s={search_term_string}"},"query-input":{"@type":"PropertyValueSpecification","valueRequired":true,"valueName":"search_term_string"}}],"inLanguage":"en-GB"},{"@type":"Organization","@id":"https:\/\/www.geopolitics.fr\/#organization","name":"Geopolitics.fr","url":"https:\/\/www.geopolitics.fr\/","logo":{"@type":"ImageObject","inLanguage":"en-GB","@id":"https:\/\/www.geopolitics.fr\/#\/schema\/logo\/image\/","url":"https:\/\/www.geopolitics.fr\/wp-content\/uploads\/2024\/01\/logo.jpg","contentUrl":"https:\/\/www.geopolitics.fr\/wp-content\/uploads\/2024\/01\/logo.jpg","width":500,"height":500,"caption":"Geopolitics.fr"},"image":{"@id":"https:\/\/www.geopolitics.fr\/#\/schema\/logo\/image\/"},"sameAs":["https:\/\/www.facebook.com\/people\/Erwan-Davoux\/61557098968092\/","https:\/\/x.com\/Geopolitics_Fr"]},{"@type":"Person","@id":"https:\/\/www.geopolitics.fr\/#\/schema\/person\/9b98d78234af63d6ad71199d66115350","name":"Olivier DELAGARDE","image":{"@type":"ImageObject","inLanguage":"en-GB","@id":"https:\/\/secure.gravatar.com\/avatar\/2c50afbd303b51697d9591857ee182bf3ead572fa530da00bb0278cf506c3a97?s=96&d=mm&r=g","url":"https:\/\/secure.gravatar.com\/avatar\/2c50afbd303b51697d9591857ee182bf3ead572fa530da00bb0278cf506c3a97?s=96&d=mm&r=g","contentUrl":"https:\/\/secure.gravatar.com\/avatar\/2c50afbd303b51697d9591857ee182bf3ead572fa530da00bb0278cf506c3a97?s=96&d=mm&r=g","caption":"Olivier DELAGARDE"},"description":"Journaliste depuis plus de 20 ans, accr\u00e9dit\u00e9 aupr\u00e8s de l'Organisation des Nations Unies, de la Ligue des Etats Arabes, titulaire de la Carte d'Identit\u00e9 des Journalistes Professionnels en France et de la F\u00e9d\u00e9ration Internationale des Journalistes, Olivier a occup\u00e9 le poste de Grand reporter correspondant permanent en \u00c9gypte pour des m\u00e9dias de renomm\u00e9e mondiale tels que TV5 MONDE, le GROUPE M6, le GROUPE TF1 ou encore l\u2019AFP. Durant plus de dix ann\u00e9es, il a produit de nombreux reportages sur la politique internationale en Afrique de l'Est, tout en couvrant les principaux conflits au Proche et Moyen-Orient. En tant que Chef de bureau Proche-Orient pour TV5 MONDE, il \u00e9tait responsable de la production de reportages, des relations institutionnelles et de la repr\u00e9sentation de la cha\u00eene, tout en \u00e9crivant pour plusieurs m\u00e9dias europ\u00e9ens et internationaux.","sameAs":["https:\/\/www.facebook.com\/odelagarde","https:\/\/www.linkedin.com\/in\/olivier-delagarde-816b17270\/"],"url":"https:\/\/www.geopolitics.fr\/en\/author\/odelagarde\/"}]}},"_links":{"self":[{"href":"https:\/\/www.geopolitics.fr\/en\/wp-json\/wp\/v2\/posts\/3444","targetHints":{"allow":["GET"]}}],"collection":[{"href":"https:\/\/www.geopolitics.fr\/en\/wp-json\/wp\/v2\/posts"}],"about":[{"href":"https:\/\/www.geopolitics.fr\/en\/wp-json\/wp\/v2\/types\/post"}],"author":[{"embeddable":true,"href":"https:\/\/www.geopolitics.fr\/en\/wp-json\/wp\/v2\/users\/93"}],"replies":[{"embeddable":true,"href":"https:\/\/www.geopolitics.fr\/en\/wp-json\/wp\/v2\/comments?post=3444"}],"version-history":[{"count":0,"href":"https:\/\/www.geopolitics.fr\/en\/wp-json\/wp\/v2\/posts\/3444\/revisions"}],"wp:featuredmedia":[{"embeddable":true,"href":"https:\/\/www.geopolitics.fr\/en\/wp-json\/wp\/v2\/media\/3445"}],"wp:attachment":[{"href":"https:\/\/www.geopolitics.fr\/en\/wp-json\/wp\/v2\/media?parent=3444"}],"wp:term":[{"taxonomy":"category","embeddable":true,"href":"https:\/\/www.geopolitics.fr\/en\/wp-json\/wp\/v2\/categories?post=3444"},{"taxonomy":"post_tag","embeddable":true,"href":"https:\/\/www.geopolitics.fr\/en\/wp-json\/wp\/v2\/tags?post=3444"}],"curies":[{"name":"wp","href":"https:\/\/api.w.org\/{rel}","templated":true}]}}