{"id":3433,"date":"2025-01-20T16:54:41","date_gmt":"2025-01-20T15:54:41","guid":{"rendered":"https:\/\/www.geopolitics.fr\/?p=3433"},"modified":"2025-01-20T16:54:44","modified_gmt":"2025-01-20T15:54:44","slug":"gaza-suite-apres-15-mois-de-guerre-ceux-qui-avaient-fui-se-preparent-au-retour","status":"publish","type":"post","link":"https:\/\/www.geopolitics.fr\/en\/2025\/01\/20\/gaza-suite-apres-15-mois-de-guerre-ceux-qui-avaient-fui-se-preparent-au-retour\/","title":{"rendered":"[Gaza, suite] Apr\u00e8s 15 mois de guerre, ceux qui avaient fui se pr\u00e9parent au retour"},"content":{"rendered":"<p class=\"has-medium-font-size wp-block-paragraph\"><em>Dans la bande de Gaza, le cessez-le-feu est entr\u00e9 en vigueur ce dimanche 19 janvier, apr\u00e8s 15 mois d\u2019une guerre qui aura fait 47 000 victimes Gazaouis. Accord bien fragile, cet arr\u00eat des combats est conditionn\u00e9 par la lib\u00e9ration en plusieurs \u00e9tapes d\u2019une trentaine d\u2019otages isra\u00e9liens. D\u00e9j\u00e0 d\u00e8s dimanche, trois otages f\u00e9minines ont retrouv\u00e9 la libert\u00e9 en \u00e9change de 150 prisonniers palestiniens d\u00e9tenus par l\u2019arm\u00e9e isra\u00e9lienne. Parmi les autres mesures pr\u00e9vues dans l\u2019accord, le retour chez eux des d\u00e9plac\u00e9s gazaouis, actuellement r\u00e9fugi\u00e9s dans le sud de l\u2019enclave.<\/em><\/p>\n\n\n\n<p class=\"has-medium-font-size wp-block-paragraph\">D\u00e8s le d\u00e9but de la guerre en octobre 2023, l\u2019Etat H\u00e9breu ordonne et oblige les habitants du nord de la bande de Gaza, \u00e0 abandonner leur domicile. Plusieurs villes du nord de l\u2019enclave sont alors quasiment d\u00e9sert\u00e9es par leur population historique, d\u00e9plac\u00e9e de force plus au sud. Comme Youssef*, natif de Gaza-ville.<\/p>\n\n\n\n<p class=\"has-medium-font-size wp-block-paragraph\">\u00ab <em>Tout le monde est en train de se pr\u00e9parer pour retourner dans le nord<\/em>. <em>Personnellement, j\u2019ai peur d\u2019y aller et de d\u00e9couvrir les d\u00e9combres de ma maison. Les endroits o\u00f9 j\u2019ai des souvenirs \u00e0 Gaza. Gaza est compl\u00e8tement d\u00e9truite. Mais je vais aller voir. Bien s\u00fbr que je vais y aller<\/em> \u00bb, explique Youssef.<\/p>\n\n\n\n<p class=\"has-medium-font-size wp-block-paragraph\">Toutefois, Youssef devra encore patienter sept jours apr\u00e8s le d\u00e9but du cessez-le-feu, afin de s\u2019engager sur le chemin du retour. C\u2019est ce que pr\u00e9voit l\u2019accord entre le Hamas et Isra\u00ebl.<\/p>\n\n\n\n<h2 class=\"wp-block-heading\" id=\"h-tenter-de-se-reapproprier-les-ruines\"><strong>Tenter de se r\u00e9approprier les ruines<\/strong><\/h2>\n\n\n\n<p class=\"has-medium-font-size wp-block-paragraph\">Amande Bazerolle est la coordinatrice des op\u00e9rations d\u2019urgence de M\u00e9decins sans fronti\u00e8res \u00e0 Gaza. Dans le camp de d\u00e9plac\u00e9s d\u2019al-Mawasi o\u00f9 elle travaille depuis deux mois, la majorit\u00e9 des familles envisagent un retour, m\u00eame si leurs maisons ont \u00e9t\u00e9 d\u00e9truites.<\/p>\n\n\n\n<p class=\"has-medium-font-size wp-block-paragraph\">\u00ab <em>Replanter leur tente sur le territoire qui \u00e9tait le leur est tr\u00e8s important pour eux<\/em> \u00bb, souligne Amande Bazerolle. \u00ab <em>Quand on est originaire du nord, on est du nord, pas du sud. Ils veulent aller voir leurs terres, chercher les gens qu\u2019ils ont perdus. Il y a des familles qui ont \u00e9t\u00e9 s\u00e9par\u00e9es. Il faut retourner chez soi. Se r\u00e9installer et reconstruire chez soi<\/em> \u00bb.<\/p>\n\n\n\n<p class=\"has-medium-font-size wp-block-paragraph\">Selon l&rsquo;ONU, pr\u00e8s de 2 millions de Gazaouis ont \u00e9t\u00e9 d\u00e9plac\u00e9s de force durant la guerre, soit presque la quasi-totalit\u00e9 des habitants de l\u2019enclave.<\/p>","protected":false},"excerpt":{"rendered":"<p>Dans la bande de Gaza, le cessez-le-feu est entr\u00e9 en vigueur ce dimanche 19 janvier, apr\u00e8s 15 mois d\u2019une guerre qui aura&hellip;<\/p>","protected":false},"author":93,"featured_media":3434,"comment_status":"open","ping_status":"open","sticky":false,"template":"","format":"standard","meta":{"_lmt_disableupdate":"","_lmt_disable":"","footnotes":""},"categories":[5,4],"tags":[200],"class_list":["post-3433","post","type-post","status-publish","format-standard","has-post-thumbnail","hentry","category-international","category-mis-en-avant","tag-cessez-le-feu-2"],"yoast_head":"<!-- This site is optimized with the Yoast SEO Premium plugin v28.1 (Yoast SEO v28.1) - https:\/\/yoast.com\/product\/yoast-seo-premium-wordpress\/ -->\n<title>[Gaza, suite] Apr\u00e8s 15 mois de guerre, ceux qui avaient fui se pr\u00e9parent au retour | Geopolitics.fr<\/title>\n<meta name=\"description\" content=\"Le fragile cessez-le-feu sign\u00e9 \u00e0 Gaza va permettre aux d\u00e9plac\u00e9s de retourner sur les terres m\u00eame s&#039;ils s&#039;attendent \u00e0 ne plus rien y trouver.\" \/>\n<meta name=\"robots\" content=\"index, follow, max-snippet:-1, max-image-preview:large, max-video-preview:-1\" \/>\n<link rel=\"canonical\" href=\"https:\/\/www.geopolitics.fr\/en\/2025\/01\/20\/gaza-suite-apres-15-mois-de-guerre-ceux-qui-avaient-fui-se-preparent-au-retour\/\" \/>\n<meta property=\"og:locale\" content=\"en_GB\" \/>\n<meta property=\"og:type\" content=\"article\" \/>\n<meta property=\"og:title\" content=\"[Gaza, suite] Apr\u00e8s 15 mois de guerre, ceux qui avaient fui se pr\u00e9parent au retour\" \/>\n<meta property=\"og:description\" content=\"Le fragile cessez-le-feu sign\u00e9 \u00e0 Gaza va permettre aux d\u00e9plac\u00e9s de retourner sur les terres m\u00eame s&#039;ils s&#039;attendent \u00e0 ne plus rien y trouver.\" \/>\n<meta property=\"og:url\" content=\"https:\/\/www.geopolitics.fr\/en\/2025\/01\/20\/gaza-suite-apres-15-mois-de-guerre-ceux-qui-avaient-fui-se-preparent-au-retour\/\" \/>\n<meta property=\"og:site_name\" content=\"Geopolitics.fr\" \/>\n<meta property=\"article:publisher\" content=\"https:\/\/www.facebook.com\/people\/Erwan-Davoux\/61557098968092\/\" \/>\n<meta property=\"article:author\" content=\"https:\/\/www.facebook.com\/odelagarde\" \/>\n<meta property=\"article:published_time\" content=\"2025-01-20T15:54:41+00:00\" \/>\n<meta property=\"article:modified_time\" content=\"2025-01-20T15:54:44+00:00\" \/>\n<meta property=\"og:image\" content=\"https:\/\/www.geopolitics.fr\/wp-content\/uploads\/2025\/01\/decombres.jpg\" \/>\n\t<meta property=\"og:image:width\" content=\"1200\" \/>\n\t<meta property=\"og:image:height\" content=\"800\" \/>\n\t<meta property=\"og:image:type\" content=\"image\/jpeg\" \/>\n<meta name=\"author\" content=\"Olivier DELAGARDE\" \/>\n<meta name=\"twitter:card\" content=\"summary_large_image\" \/>\n<meta name=\"twitter:creator\" content=\"@Geopolitics_Fr\" \/>\n<meta name=\"twitter:site\" content=\"@Geopolitics_Fr\" \/>\n<meta name=\"twitter:label1\" content=\"Written by\" \/>\n\t<meta name=\"twitter:data1\" content=\"Olivier DELAGARDE\" \/>\n\t<meta name=\"twitter:label2\" content=\"Estimated reading time\" \/>\n\t<meta name=\"twitter:data2\" content=\"3 minutes\" \/>\n<script type=\"application\/ld+json\" class=\"yoast-schema-graph\">{\"@context\":\"https:\\\/\\\/schema.org\",\"@graph\":[{\"@type\":\"Article\",\"@id\":\"https:\\\/\\\/www.geopolitics.fr\\\/2025\\\/01\\\/20\\\/gaza-suite-apres-15-mois-de-guerre-ceux-qui-avaient-fui-se-preparent-au-retour\\\/#article\",\"isPartOf\":{\"@id\":\"https:\\\/\\\/www.geopolitics.fr\\\/2025\\\/01\\\/20\\\/gaza-suite-apres-15-mois-de-guerre-ceux-qui-avaient-fui-se-preparent-au-retour\\\/\"},\"author\":{\"name\":\"Olivier DELAGARDE\",\"@id\":\"https:\\\/\\\/www.geopolitics.fr\\\/#\\\/schema\\\/person\\\/9b98d78234af63d6ad71199d66115350\"},\"headline\":\"[Gaza, suite] Apr\u00e8s 15 mois de guerre, ceux qui avaient fui se pr\u00e9parent au retour\",\"datePublished\":\"2025-01-20T15:54:41+00:00\",\"dateModified\":\"2025-01-20T15:54:44+00:00\",\"mainEntityOfPage\":{\"@id\":\"https:\\\/\\\/www.geopolitics.fr\\\/2025\\\/01\\\/20\\\/gaza-suite-apres-15-mois-de-guerre-ceux-qui-avaient-fui-se-preparent-au-retour\\\/\"},\"wordCount\":427,\"commentCount\":0,\"publisher\":{\"@id\":\"https:\\\/\\\/www.geopolitics.fr\\\/#organization\"},\"image\":{\"@id\":\"https:\\\/\\\/www.geopolitics.fr\\\/2025\\\/01\\\/20\\\/gaza-suite-apres-15-mois-de-guerre-ceux-qui-avaient-fui-se-preparent-au-retour\\\/#primaryimage\"},\"thumbnailUrl\":\"https:\\\/\\\/www.geopolitics.fr\\\/wp-content\\\/uploads\\\/2025\\\/01\\\/decombres.jpg\",\"keywords\":[\"CESSEZ-LE-FEU\"],\"articleSection\":[\"International\",\"Mis en AVANT\"],\"inLanguage\":\"en-GB\"},{\"@type\":\"WebPage\",\"@id\":\"https:\\\/\\\/www.geopolitics.fr\\\/2025\\\/01\\\/20\\\/gaza-suite-apres-15-mois-de-guerre-ceux-qui-avaient-fui-se-preparent-au-retour\\\/\",\"url\":\"https:\\\/\\\/www.geopolitics.fr\\\/2025\\\/01\\\/20\\\/gaza-suite-apres-15-mois-de-guerre-ceux-qui-avaient-fui-se-preparent-au-retour\\\/\",\"name\":\"[Gaza, suite] Apr\u00e8s 15 mois de guerre, ceux qui avaient fui se pr\u00e9parent au retour | Geopolitics.fr\",\"isPartOf\":{\"@id\":\"https:\\\/\\\/www.geopolitics.fr\\\/#website\"},\"primaryImageOfPage\":{\"@id\":\"https:\\\/\\\/www.geopolitics.fr\\\/2025\\\/01\\\/20\\\/gaza-suite-apres-15-mois-de-guerre-ceux-qui-avaient-fui-se-preparent-au-retour\\\/#primaryimage\"},\"image\":{\"@id\":\"https:\\\/\\\/www.geopolitics.fr\\\/2025\\\/01\\\/20\\\/gaza-suite-apres-15-mois-de-guerre-ceux-qui-avaient-fui-se-preparent-au-retour\\\/#primaryimage\"},\"thumbnailUrl\":\"https:\\\/\\\/www.geopolitics.fr\\\/wp-content\\\/uploads\\\/2025\\\/01\\\/decombres.jpg\",\"datePublished\":\"2025-01-20T15:54:41+00:00\",\"dateModified\":\"2025-01-20T15:54:44+00:00\",\"description\":\"Le fragile cessez-le-feu sign\u00e9 \u00e0 Gaza va permettre aux d\u00e9plac\u00e9s de retourner sur les terres m\u00eame s'ils s'attendent \u00e0 ne plus rien y trouver.\",\"breadcrumb\":{\"@id\":\"https:\\\/\\\/www.geopolitics.fr\\\/2025\\\/01\\\/20\\\/gaza-suite-apres-15-mois-de-guerre-ceux-qui-avaient-fui-se-preparent-au-retour\\\/#breadcrumb\"},\"inLanguage\":\"en-GB\",\"potentialAction\":[{\"@type\":\"ReadAction\",\"target\":[\"https:\\\/\\\/www.geopolitics.fr\\\/2025\\\/01\\\/20\\\/gaza-suite-apres-15-mois-de-guerre-ceux-qui-avaient-fui-se-preparent-au-retour\\\/\"]}]},{\"@type\":\"ImageObject\",\"inLanguage\":\"en-GB\",\"@id\":\"https:\\\/\\\/www.geopolitics.fr\\\/2025\\\/01\\\/20\\\/gaza-suite-apres-15-mois-de-guerre-ceux-qui-avaient-fui-se-preparent-au-retour\\\/#primaryimage\",\"url\":\"https:\\\/\\\/www.geopolitics.fr\\\/wp-content\\\/uploads\\\/2025\\\/01\\\/decombres.jpg\",\"contentUrl\":\"https:\\\/\\\/www.geopolitics.fr\\\/wp-content\\\/uploads\\\/2025\\\/01\\\/decombres.jpg\",\"width\":1200,\"height\":800},{\"@type\":\"BreadcrumbList\",\"@id\":\"https:\\\/\\\/www.geopolitics.fr\\\/2025\\\/01\\\/20\\\/gaza-suite-apres-15-mois-de-guerre-ceux-qui-avaient-fui-se-preparent-au-retour\\\/#breadcrumb\",\"itemListElement\":[{\"@type\":\"ListItem\",\"position\":1,\"name\":\"Accueil\",\"item\":\"https:\\\/\\\/www.geopolitics.fr\\\/\"},{\"@type\":\"ListItem\",\"position\":2,\"name\":\"[Gaza, suite] Apr\u00e8s 15 mois de guerre, ceux qui avaient fui se pr\u00e9parent au retour\"}]},{\"@type\":\"WebSite\",\"@id\":\"https:\\\/\\\/www.geopolitics.fr\\\/#website\",\"url\":\"https:\\\/\\\/www.geopolitics.fr\\\/\",\"name\":\"Geopolitics.fr\",\"description\":\"Geopolitics.fr Analyse politique, relations internationales, d\u00e9fense - ligne \u00e9ditoriale gaullo-chiraquienne\",\"publisher\":{\"@id\":\"https:\\\/\\\/www.geopolitics.fr\\\/#organization\"},\"potentialAction\":[{\"@type\":\"SearchAction\",\"target\":{\"@type\":\"EntryPoint\",\"urlTemplate\":\"https:\\\/\\\/www.geopolitics.fr\\\/?s={search_term_string}\"},\"query-input\":{\"@type\":\"PropertyValueSpecification\",\"valueRequired\":true,\"valueName\":\"search_term_string\"}}],\"inLanguage\":\"en-GB\"},{\"@type\":\"Organization\",\"@id\":\"https:\\\/\\\/www.geopolitics.fr\\\/#organization\",\"name\":\"Geopolitics.fr\",\"url\":\"https:\\\/\\\/www.geopolitics.fr\\\/\",\"logo\":{\"@type\":\"ImageObject\",\"inLanguage\":\"en-GB\",\"@id\":\"https:\\\/\\\/www.geopolitics.fr\\\/#\\\/schema\\\/logo\\\/image\\\/\",\"url\":\"https:\\\/\\\/www.geopolitics.fr\\\/wp-content\\\/uploads\\\/2024\\\/01\\\/logo.jpg\",\"contentUrl\":\"https:\\\/\\\/www.geopolitics.fr\\\/wp-content\\\/uploads\\\/2024\\\/01\\\/logo.jpg\",\"width\":500,\"height\":500,\"caption\":\"Geopolitics.fr\"},\"image\":{\"@id\":\"https:\\\/\\\/www.geopolitics.fr\\\/#\\\/schema\\\/logo\\\/image\\\/\"},\"sameAs\":[\"https:\\\/\\\/www.facebook.com\\\/people\\\/Erwan-Davoux\\\/61557098968092\\\/\",\"https:\\\/\\\/x.com\\\/Geopolitics_Fr\"]},{\"@type\":\"Person\",\"@id\":\"https:\\\/\\\/www.geopolitics.fr\\\/#\\\/schema\\\/person\\\/9b98d78234af63d6ad71199d66115350\",\"name\":\"Olivier DELAGARDE\",\"image\":{\"@type\":\"ImageObject\",\"inLanguage\":\"en-GB\",\"@id\":\"https:\\\/\\\/secure.gravatar.com\\\/avatar\\\/2c50afbd303b51697d9591857ee182bf3ead572fa530da00bb0278cf506c3a97?s=96&d=mm&r=g\",\"url\":\"https:\\\/\\\/secure.gravatar.com\\\/avatar\\\/2c50afbd303b51697d9591857ee182bf3ead572fa530da00bb0278cf506c3a97?s=96&d=mm&r=g\",\"contentUrl\":\"https:\\\/\\\/secure.gravatar.com\\\/avatar\\\/2c50afbd303b51697d9591857ee182bf3ead572fa530da00bb0278cf506c3a97?s=96&d=mm&r=g\",\"caption\":\"Olivier DELAGARDE\"},\"description\":\"Journaliste depuis plus de 20 ans, accr\u00e9dit\u00e9 aupr\u00e8s de l'Organisation des Nations Unies, de la Ligue des Etats Arabes, titulaire de la Carte d'Identit\u00e9 des Journalistes Professionnels en France et de la F\u00e9d\u00e9ration Internationale des Journalistes, Olivier a occup\u00e9 le poste de Grand reporter correspondant permanent en \u00c9gypte pour des m\u00e9dias de renomm\u00e9e mondiale tels que TV5 MONDE, le GROUPE M6, le GROUPE TF1 ou encore l\u2019AFP. Durant plus de dix ann\u00e9es, il a produit de nombreux reportages sur la politique internationale en Afrique de l'Est, tout en couvrant les principaux conflits au Proche et Moyen-Orient. En tant que Chef de bureau Proche-Orient pour TV5 MONDE, il \u00e9tait responsable de la production de reportages, des relations institutionnelles et de la repr\u00e9sentation de la cha\u00eene, tout en \u00e9crivant pour plusieurs m\u00e9dias europ\u00e9ens et internationaux.\",\"sameAs\":[\"https:\\\/\\\/www.facebook.com\\\/odelagarde\",\"https:\\\/\\\/www.linkedin.com\\\/in\\\/olivier-delagarde-816b17270\\\/\"],\"url\":\"https:\\\/\\\/www.geopolitics.fr\\\/en\\\/author\\\/odelagarde\\\/\"}]}<\/script>\n<!-- \/ Yoast SEO Premium plugin. -->","yoast_head_json":{"title":"[Gaza, suite] Apr\u00e8s 15 mois de guerre, ceux qui avaient fui se pr\u00e9parent au retour | Geopolitics.fr","description":"Le fragile cessez-le-feu sign\u00e9 \u00e0 Gaza va permettre aux d\u00e9plac\u00e9s de retourner sur les terres m\u00eame s'ils s'attendent \u00e0 ne plus rien y trouver.","robots":{"index":"index","follow":"follow","max-snippet":"max-snippet:-1","max-image-preview":"max-image-preview:large","max-video-preview":"max-video-preview:-1"},"canonical":"https:\/\/www.geopolitics.fr\/en\/2025\/01\/20\/gaza-suite-apres-15-mois-de-guerre-ceux-qui-avaient-fui-se-preparent-au-retour\/","og_locale":"en_GB","og_type":"article","og_title":"[Gaza, suite] Apr\u00e8s 15 mois de guerre, ceux qui avaient fui se pr\u00e9parent au retour","og_description":"Le fragile cessez-le-feu sign\u00e9 \u00e0 Gaza va permettre aux d\u00e9plac\u00e9s de retourner sur les terres m\u00eame s'ils s'attendent \u00e0 ne plus rien y trouver.","og_url":"https:\/\/www.geopolitics.fr\/en\/2025\/01\/20\/gaza-suite-apres-15-mois-de-guerre-ceux-qui-avaient-fui-se-preparent-au-retour\/","og_site_name":"Geopolitics.fr","article_publisher":"https:\/\/www.facebook.com\/people\/Erwan-Davoux\/61557098968092\/","article_author":"https:\/\/www.facebook.com\/odelagarde","article_published_time":"2025-01-20T15:54:41+00:00","article_modified_time":"2025-01-20T15:54:44+00:00","og_image":[{"width":1200,"height":800,"url":"https:\/\/www.geopolitics.fr\/wp-content\/uploads\/2025\/01\/decombres.jpg","type":"image\/jpeg"}],"author":"Olivier DELAGARDE","twitter_card":"summary_large_image","twitter_creator":"@Geopolitics_Fr","twitter_site":"@Geopolitics_Fr","twitter_misc":{"Written by":"Olivier DELAGARDE","Estimated reading time":"3 minutes"},"schema":{"@context":"https:\/\/schema.org","@graph":[{"@type":"Article","@id":"https:\/\/www.geopolitics.fr\/2025\/01\/20\/gaza-suite-apres-15-mois-de-guerre-ceux-qui-avaient-fui-se-preparent-au-retour\/#article","isPartOf":{"@id":"https:\/\/www.geopolitics.fr\/2025\/01\/20\/gaza-suite-apres-15-mois-de-guerre-ceux-qui-avaient-fui-se-preparent-au-retour\/"},"author":{"name":"Olivier DELAGARDE","@id":"https:\/\/www.geopolitics.fr\/#\/schema\/person\/9b98d78234af63d6ad71199d66115350"},"headline":"[Gaza, suite] Apr\u00e8s 15 mois de guerre, ceux qui avaient fui se pr\u00e9parent au retour","datePublished":"2025-01-20T15:54:41+00:00","dateModified":"2025-01-20T15:54:44+00:00","mainEntityOfPage":{"@id":"https:\/\/www.geopolitics.fr\/2025\/01\/20\/gaza-suite-apres-15-mois-de-guerre-ceux-qui-avaient-fui-se-preparent-au-retour\/"},"wordCount":427,"commentCount":0,"publisher":{"@id":"https:\/\/www.geopolitics.fr\/#organization"},"image":{"@id":"https:\/\/www.geopolitics.fr\/2025\/01\/20\/gaza-suite-apres-15-mois-de-guerre-ceux-qui-avaient-fui-se-preparent-au-retour\/#primaryimage"},"thumbnailUrl":"https:\/\/www.geopolitics.fr\/wp-content\/uploads\/2025\/01\/decombres.jpg","keywords":["CESSEZ-LE-FEU"],"articleSection":["International","Mis en AVANT"],"inLanguage":"en-GB"},{"@type":"WebPage","@id":"https:\/\/www.geopolitics.fr\/2025\/01\/20\/gaza-suite-apres-15-mois-de-guerre-ceux-qui-avaient-fui-se-preparent-au-retour\/","url":"https:\/\/www.geopolitics.fr\/2025\/01\/20\/gaza-suite-apres-15-mois-de-guerre-ceux-qui-avaient-fui-se-preparent-au-retour\/","name":"[Gaza, suite] Apr\u00e8s 15 mois de guerre, ceux qui avaient fui se pr\u00e9parent au retour | Geopolitics.fr","isPartOf":{"@id":"https:\/\/www.geopolitics.fr\/#website"},"primaryImageOfPage":{"@id":"https:\/\/www.geopolitics.fr\/2025\/01\/20\/gaza-suite-apres-15-mois-de-guerre-ceux-qui-avaient-fui-se-preparent-au-retour\/#primaryimage"},"image":{"@id":"https:\/\/www.geopolitics.fr\/2025\/01\/20\/gaza-suite-apres-15-mois-de-guerre-ceux-qui-avaient-fui-se-preparent-au-retour\/#primaryimage"},"thumbnailUrl":"https:\/\/www.geopolitics.fr\/wp-content\/uploads\/2025\/01\/decombres.jpg","datePublished":"2025-01-20T15:54:41+00:00","dateModified":"2025-01-20T15:54:44+00:00","description":"Le fragile cessez-le-feu sign\u00e9 \u00e0 Gaza va permettre aux d\u00e9plac\u00e9s de retourner sur les terres m\u00eame s'ils s'attendent \u00e0 ne plus rien y trouver.","breadcrumb":{"@id":"https:\/\/www.geopolitics.fr\/2025\/01\/20\/gaza-suite-apres-15-mois-de-guerre-ceux-qui-avaient-fui-se-preparent-au-retour\/#breadcrumb"},"inLanguage":"en-GB","potentialAction":[{"@type":"ReadAction","target":["https:\/\/www.geopolitics.fr\/2025\/01\/20\/gaza-suite-apres-15-mois-de-guerre-ceux-qui-avaient-fui-se-preparent-au-retour\/"]}]},{"@type":"ImageObject","inLanguage":"en-GB","@id":"https:\/\/www.geopolitics.fr\/2025\/01\/20\/gaza-suite-apres-15-mois-de-guerre-ceux-qui-avaient-fui-se-preparent-au-retour\/#primaryimage","url":"https:\/\/www.geopolitics.fr\/wp-content\/uploads\/2025\/01\/decombres.jpg","contentUrl":"https:\/\/www.geopolitics.fr\/wp-content\/uploads\/2025\/01\/decombres.jpg","width":1200,"height":800},{"@type":"BreadcrumbList","@id":"https:\/\/www.geopolitics.fr\/2025\/01\/20\/gaza-suite-apres-15-mois-de-guerre-ceux-qui-avaient-fui-se-preparent-au-retour\/#breadcrumb","itemListElement":[{"@type":"ListItem","position":1,"name":"Accueil","item":"https:\/\/www.geopolitics.fr\/"},{"@type":"ListItem","position":2,"name":"[Gaza, suite] Apr\u00e8s 15 mois de guerre, ceux qui avaient fui se pr\u00e9parent au retour"}]},{"@type":"WebSite","@id":"https:\/\/www.geopolitics.fr\/#website","url":"https:\/\/www.geopolitics.fr\/","name":"Geopolitics.fr","description":"Geopolitics.fr Analyse politique, relations internationales, d\u00e9fense - ligne \u00e9ditoriale gaullo-chiraquienne","publisher":{"@id":"https:\/\/www.geopolitics.fr\/#organization"},"potentialAction":[{"@type":"SearchAction","target":{"@type":"EntryPoint","urlTemplate":"https:\/\/www.geopolitics.fr\/?s={search_term_string}"},"query-input":{"@type":"PropertyValueSpecification","valueRequired":true,"valueName":"search_term_string"}}],"inLanguage":"en-GB"},{"@type":"Organization","@id":"https:\/\/www.geopolitics.fr\/#organization","name":"Geopolitics.fr","url":"https:\/\/www.geopolitics.fr\/","logo":{"@type":"ImageObject","inLanguage":"en-GB","@id":"https:\/\/www.geopolitics.fr\/#\/schema\/logo\/image\/","url":"https:\/\/www.geopolitics.fr\/wp-content\/uploads\/2024\/01\/logo.jpg","contentUrl":"https:\/\/www.geopolitics.fr\/wp-content\/uploads\/2024\/01\/logo.jpg","width":500,"height":500,"caption":"Geopolitics.fr"},"image":{"@id":"https:\/\/www.geopolitics.fr\/#\/schema\/logo\/image\/"},"sameAs":["https:\/\/www.facebook.com\/people\/Erwan-Davoux\/61557098968092\/","https:\/\/x.com\/Geopolitics_Fr"]},{"@type":"Person","@id":"https:\/\/www.geopolitics.fr\/#\/schema\/person\/9b98d78234af63d6ad71199d66115350","name":"Olivier DELAGARDE","image":{"@type":"ImageObject","inLanguage":"en-GB","@id":"https:\/\/secure.gravatar.com\/avatar\/2c50afbd303b51697d9591857ee182bf3ead572fa530da00bb0278cf506c3a97?s=96&d=mm&r=g","url":"https:\/\/secure.gravatar.com\/avatar\/2c50afbd303b51697d9591857ee182bf3ead572fa530da00bb0278cf506c3a97?s=96&d=mm&r=g","contentUrl":"https:\/\/secure.gravatar.com\/avatar\/2c50afbd303b51697d9591857ee182bf3ead572fa530da00bb0278cf506c3a97?s=96&d=mm&r=g","caption":"Olivier DELAGARDE"},"description":"Journaliste depuis plus de 20 ans, accr\u00e9dit\u00e9 aupr\u00e8s de l'Organisation des Nations Unies, de la Ligue des Etats Arabes, titulaire de la Carte d'Identit\u00e9 des Journalistes Professionnels en France et de la F\u00e9d\u00e9ration Internationale des Journalistes, Olivier a occup\u00e9 le poste de Grand reporter correspondant permanent en \u00c9gypte pour des m\u00e9dias de renomm\u00e9e mondiale tels que TV5 MONDE, le GROUPE M6, le GROUPE TF1 ou encore l\u2019AFP. Durant plus de dix ann\u00e9es, il a produit de nombreux reportages sur la politique internationale en Afrique de l'Est, tout en couvrant les principaux conflits au Proche et Moyen-Orient. En tant que Chef de bureau Proche-Orient pour TV5 MONDE, il \u00e9tait responsable de la production de reportages, des relations institutionnelles et de la repr\u00e9sentation de la cha\u00eene, tout en \u00e9crivant pour plusieurs m\u00e9dias europ\u00e9ens et internationaux.","sameAs":["https:\/\/www.facebook.com\/odelagarde","https:\/\/www.linkedin.com\/in\/olivier-delagarde-816b17270\/"],"url":"https:\/\/www.geopolitics.fr\/en\/author\/odelagarde\/"}]}},"_links":{"self":[{"href":"https:\/\/www.geopolitics.fr\/en\/wp-json\/wp\/v2\/posts\/3433","targetHints":{"allow":["GET"]}}],"collection":[{"href":"https:\/\/www.geopolitics.fr\/en\/wp-json\/wp\/v2\/posts"}],"about":[{"href":"https:\/\/www.geopolitics.fr\/en\/wp-json\/wp\/v2\/types\/post"}],"author":[{"embeddable":true,"href":"https:\/\/www.geopolitics.fr\/en\/wp-json\/wp\/v2\/users\/93"}],"replies":[{"embeddable":true,"href":"https:\/\/www.geopolitics.fr\/en\/wp-json\/wp\/v2\/comments?post=3433"}],"version-history":[{"count":0,"href":"https:\/\/www.geopolitics.fr\/en\/wp-json\/wp\/v2\/posts\/3433\/revisions"}],"wp:featuredmedia":[{"embeddable":true,"href":"https:\/\/www.geopolitics.fr\/en\/wp-json\/wp\/v2\/media\/3434"}],"wp:attachment":[{"href":"https:\/\/www.geopolitics.fr\/en\/wp-json\/wp\/v2\/media?parent=3433"}],"wp:term":[{"taxonomy":"category","embeddable":true,"href":"https:\/\/www.geopolitics.fr\/en\/wp-json\/wp\/v2\/categories?post=3433"},{"taxonomy":"post_tag","embeddable":true,"href":"https:\/\/www.geopolitics.fr\/en\/wp-json\/wp\/v2\/tags?post=3433"}],"curies":[{"name":"wp","href":"https:\/\/api.w.org\/{rel}","templated":true}]}}