{"id":3429,"date":"2025-01-17T18:14:39","date_gmt":"2025-01-17T17:14:39","guid":{"rendered":"https:\/\/www.geopolitics.fr\/?p=3429"},"modified":"2025-01-17T18:14:42","modified_gmt":"2025-01-17T17:14:42","slug":"syrie-suite-en-syrie-la-societe-civile-se-mobilise-contre-un-retour-a-lautoritarisme","status":"publish","type":"post","link":"https:\/\/www.geopolitics.fr\/en\/2025\/01\/17\/syrie-suite-en-syrie-la-societe-civile-se-mobilise-contre-un-retour-a-lautoritarisme\/","title":{"rendered":"[Syrie, suite] En Syrie, la soci\u00e9t\u00e9 civile se mobilise contre un retour \u00e0 l&rsquo;autoritarisme"},"content":{"rendered":"<p class=\"has-medium-font-size wp-block-paragraph\"><em>Dans le patio d&rsquo;une maison traditionnelle de Damas, des militants sont r\u00e9unis et \u00e9changent sur le r\u00f4le qu&rsquo;ils entendent jouer au c\u0153ur la \u00ab&nbsp;nouvelle Syrie&nbsp;\u00bb. Pour beaucoup d\u2019entre eux r\u00e9prim\u00e9s sous Bachar al-Assad, la soci\u00e9t\u00e9 civile est d\u00e9termin\u00e9e \u00e0 s&rsquo;imposer dans ce virage amorc\u00e9 en Syrie et afin d\u2019emp\u00eacher tout retour \u00e0 un r\u00e9gime autoritaire.<\/em><\/p>\n\n\n\n<p class=\"has-medium-font-size wp-block-paragraph\">Depuis le renversement de Bachar al-Assad par un mouvement islamiste radical, le 8 d\u00e9cembre dernier, \u00e0 l&rsquo;issue d&rsquo;une offensive arm\u00e9e, Damas bouillonne de d\u00e9bats et de r\u00e9unions publiques autrefois interdites, donnant lieu \u00e0 des retrouvailles \u00e9mouvantes entre les militants rest\u00e9s au pays et ceux revenus d&rsquo;un exil parfois forc\u00e9.<\/p>\n\n\n\n<p class=\"has-medium-font-size wp-block-paragraph\">Premier signe d\u2019un retour au calme tout relatif, le 4 janvier dernier les dirigeants d&rsquo;une plateforme communautaire r\u00e9unissant des dizaines d&rsquo;organisations de la soci\u00e9t\u00e9 civile, intitul\u00e9e \u00ab&nbsp;Madaniya&nbsp;\u00bb, ont rencontr\u00e9 le nouveau dirigeant syrien, Ahmad al-Chareh, afin de pr\u00e9senter leurs dol\u00e9ances.<\/p>\n\n\n\n<p class=\"has-medium-font-size wp-block-paragraph\">\u00ab&nbsp;<em>Nous avons soulign\u00e9 le r\u00f4le essentiel que doit jouer la soci\u00e9t\u00e9 civile dans la transition politique<\/em>&nbsp;\u00bb, assure la directrice ex\u00e9cutive de Madaniya Sawsan Abou Zainedin, r\u00e9sumant cette r\u00e9union lors d&rsquo;une conf\u00e9rence de presse du collectif.<\/p>\n\n\n\n<p class=\"has-medium-font-size wp-block-paragraph\">\u00ab&nbsp;<em>Nous avons insist\u00e9 sur la n\u00e9cessit\u00e9 de ne pas d\u00e9signer des personnes d&rsquo;un seul camp<\/em> <em>au sein de l&rsquo;autorit\u00e9 transitoire<\/em>&nbsp;\u00bb, ajoute-t-elle alors que le nouvel homme fort de la Syrie, a d\u2019ores et d\u00e9j\u00e0 nomm\u00e9 ses fid\u00e8les aux postes-cl\u00e9s de son gouvernement de transition.<\/p>\n\n\n\n<p class=\"has-medium-font-size wp-block-paragraph\">Sawsan Abou Zaineddin, qui a rencontr\u00e9 le nouveau dirigean syrien en compagnie du fondateur de Madaniya, l&rsquo;homme d&rsquo;affaires syro-britannique Ayman Asfari, indique qu&rsquo;ils ont m\u00eame \u00e9voqu\u00e9 \u00ab\u00a0le probl\u00e8me\u00a0\u00bb de la \u00ab\u00a0nomination de jihadistes \u00e9trangers\u00a0\u00bb au sein du minist\u00e8re cl\u00e9 de la D\u00e9fense.<\/p>\n\n\n\n<p class=\"has-medium-font-size wp-block-paragraph\">Bien que le portrait du nouveau tribun ai d\u00e9j\u00e0 fait tourner les rotatives du monde entier, personne n\u2019est dupe&nbsp;: Ahmad al-Chareh est le chef arm\u00e9 d&rsquo;un groupe islamiste radical, Hayat Tahrir al-Sham (HTS). &nbsp;Bien s\u00fbr, la surprise vient plus de celui qui affirme une main sur le c\u0153ur, avoir rompu avec le djihadisme. Dont acte.<\/p>\n\n\n\n<p class=\"has-medium-font-size wp-block-paragraph\">Toutefois, de l\u2019autre et apr\u00e8s avoir rev\u00eatu le costume cravate respectable de l\u2019homme d\u2019Etat, ce dernier n\u2019a aucunement trembl\u00e9 et encore moins concert\u00e9 pour nommer au moins six jihadistes \u00e9trangers \u00e0 des postes de commandement au sein de la future arm\u00e9e, qu&rsquo;il entend constituer apr\u00e8s la dissolution des groupes arm\u00e9s dans le pays, morcel\u00e9 par une guerre civile qui a fait en 13 ans plus d&rsquo;un demi-million de morts.<\/p>\n\n\n\n<h2 class=\"wp-block-heading\" id=\"h-un-absence-de-regles-constitutionnelles-prevoyant-une-transition\"><strong>Un absence de r\u00e8gles constitutionnelles pr\u00e9voyant une transition<\/strong><\/h2>\n\n\n\n<p class=\"has-medium-font-size wp-block-paragraph\">La responsable de Madaniya souligne en outre qu&rsquo;ils ont demand\u00e9 \u00ab&nbsp;une transparence absolue&nbsp;\u00bb dans la pr\u00e9paration de la conf\u00e9rence de dialogue national que le pouvoir entend organiser et notamment dans le choix des participants.<\/p>\n\n\n\n<p class=\"has-medium-font-size wp-block-paragraph\">En r\u00e9ponse et se voulant au premier abord consensuel, le nouveau ministre des Affaires \u00e9trang\u00e8res Assaad al-Chaibani, a de son c\u00f4t\u00e9 assur\u00e9 qu&rsquo;une commission \u00e9largie allait \u00eatre cr\u00e9\u00e9e afin de pr\u00e9parer cette conf\u00e9rence, dont la date n&rsquo;a pas \u00e9t\u00e9 annonc\u00e9e.<\/p>\n\n\n\n<p class=\"has-medium-font-size wp-block-paragraph\">\u00ab&nbsp;<em>Nous sommes dans une situation de vide constitutionnel, dans une p\u00e9riode de transition apr\u00e8s 62 ans de r\u00e8gne du parti Baas<\/em>&nbsp;\u00bb, explique \u00e0 l&rsquo;AFP l&rsquo;avocat Abdulhay Sayed, les nouvelles autorit\u00e9s ayant gel\u00e9 la Constitution et le Parlement.<\/p>\n\n\n\n<p class=\"has-medium-font-size wp-block-paragraph\">Et pour le juriste plut\u00f4t aguerri, la prudence est pour l\u2019heure de mise. Ce dernier est par ailleurs &nbsp;l&rsquo;un des plus de 300 signataires d&rsquo;une p\u00e9tition appelant \u00e0 des \u00e9lections libres \u00e0 l&rsquo;Ordre des avocats, o\u00f9 d\u2019ores et d\u00e9j\u00e0 et sans grande concertation, les nouvelles autorit\u00e9s ont nomm\u00e9 d&rsquo;office un nouveau b\u00e2tonnier rempla\u00e7ant le pr\u00e9c\u00e9dent impos\u00e9 par l&rsquo;ancien r\u00e9gime.<\/p>\n\n\n\n<p class=\"has-medium-font-size wp-block-paragraph\">Il souligne que la conf\u00e9rence de dialogue sera \u00ab&nbsp;cruciale&nbsp;\u00bb, \u00e0 condition que les organisations repr\u00e9sentant la soci\u00e9t\u00e9 civile ainsi que les syndicats y soient convi\u00e9s, ce qui permettrait d&rsquo;instaurer un \u00ab&nbsp;contre-pouvoir&nbsp;\u00bb et d&#8217;emp\u00eacher tout retour \u00e0 l&rsquo;autoritarisme. En des termes plus clairs&nbsp;mais n\u2019osant le dire trop haut : un r\u00e9gime d\u00e9mocratique.<\/p>\n\n\n\n<p class=\"has-medium-font-size wp-block-paragraph\">\u00ab&nbsp;<em>La conf\u00e9rence doit \u00e9tablir une feuille de route pour une loi \u00e9lectorale en vue d\u2019\u00e9lire une assembl\u00e9e constituante dans un an. Cette assembl\u00e9e sera charg\u00e9e de r\u00e9diger une Constitution permanente et pourra, par la suite, se transformer en un parlement<\/em>&nbsp;\u00bb, pr\u00e9conise-t-il.<\/p>\n\n\n\n<p class=\"has-medium-font-size wp-block-paragraph\">Deux salles, deux ambiances&nbsp;: apr\u00e8s l\u2019\u00e9pisode de la poign\u00e9e de main refus\u00e9e \u00e0 l\u2019\u00e9missaire allemande lors de la premi\u00e8re visite d\u2019une d\u00e9l\u00e9gation europ\u00e9enne, r\u00e9cemment le nouveau dirigeant syrien affirmait lors d&rsquo;une interview donn\u00e9e \u00e0 la cha\u00eene al-Arabiya, que la tenue d&rsquo;\u00e9lections pourrait prendre pas moins de quatre ans&nbsp;! Alors que le pays est assoiff\u00e9 de libert\u00e9 et de renouveau \u00e0 tous les \u00e9tages, le temps risque de paraitre bien long\u2026<\/p>\n\n\n\n<h2 class=\"wp-block-heading\" id=\"h-les-femmes-veulent-egalement-prendre-part-a-la-societe-en-devenir\"><strong>Les femmes veulent \u00e9galement prendre part \u00e0 la soci\u00e9t\u00e9 en devenir<\/strong><\/h2>\n\n\n\n<p class=\"has-medium-font-size wp-block-paragraph\">Le pouvoir cherche cependant \u00e0 rassurer les Syriens et la communaut\u00e9 internationale sur le respect des droits des minorit\u00e9s, dans un pays multiethnique et multiconfessionnel.<\/p>\n\n\n\n<p class=\"has-medium-font-size wp-block-paragraph\">La m\u00eame demande de participation est relay\u00e9e par des femmes r\u00e9unies le 8 janvier \u00e0 Damas lors d&rsquo;un congr\u00e8s du \u00ab\u00a0mouvement politique f\u00e9ministe syrien\u00a0\u00bb.<\/p>\n\n\n\n<p class=\"has-medium-font-size wp-block-paragraph\">\u00ab&nbsp;<em>Nous voulons et nous r\u00eavons d&rsquo;un Etat de droit&nbsp;<\/em>\u00bb affirme \u00e0 l&rsquo;AFP l&rsquo;une des participantes, la juriste Joumana Seif, qui travaille sur les crimes de guerre en Syrie.<\/p>\n\n\n\n<p class=\"has-medium-font-size wp-block-paragraph\">Cette avocate dont le p\u00e8re, le d\u00e9put\u00e9 Riad Seif, avait \u00e9t\u00e9 emprisonn\u00e9 par Bachar al-Assad, souligne que les femmes \u00ab\u00a0ont un grand r\u00f4le \u00e0 jouer\u00a0\u00bb dans la nouvelle Syrie et veulent \u00ab\u00a0une participation active \u00e0 la conf\u00e9rence de dialogue national.<\/p>\n\n\n\n<p class=\"has-medium-font-size wp-block-paragraph\">\u00ab&nbsp;<em>Nous ne voulons pas d&rsquo;un nouvel oppresseur<\/em>&nbsp;\u00bb, lance \u00e0 la tribune la militante et \u00e9crivaine Wajdan Nassif, qui s&rsquo;\u00e9tait exil\u00e9e apr\u00e8s avoir \u00e9t\u00e9 d\u00e9tenue.<\/p>\n\n\n\n<p class=\"has-medium-font-size wp-block-paragraph\">\u00ab&nbsp;<em>Nous ne voulons plus voir de prisons. Les femmes syriennes veulent participer \u00e0 part enti\u00e8re (&#8230;) \u00e0 la nouvelle \u00e8re en Syrie et nous ne voulons pas la r\u00e9\u00e9dition du terrible pass\u00e9<\/em>&nbsp;\u00bb.<\/p>","protected":false},"excerpt":{"rendered":"<p>Dans le patio d&rsquo;une maison traditionnelle de Damas, des militants sont r\u00e9unis et \u00e9changent sur le r\u00f4le qu&rsquo;ils entendent jouer au c\u0153ur&hellip;<\/p>","protected":false},"author":93,"featured_media":3431,"comment_status":"open","ping_status":"open","sticky":false,"template":"","format":"standard","meta":{"_lmt_disableupdate":"","_lmt_disable":"","footnotes":""},"categories":[5,4],"tags":[],"class_list":["post-3429","post","type-post","status-publish","format-standard","has-post-thumbnail","hentry","category-international","category-mis-en-avant"],"yoast_head":"<!-- This site is optimized with the Yoast SEO Premium plugin v28.1 (Yoast SEO v28.1) - https:\/\/yoast.com\/product\/yoast-seo-premium-wordpress\/ -->\n<title>[Syrie, suite] En Syrie, la soci\u00e9t\u00e9 civile se mobilise contre un retour \u00e0 l&#039;autoritarisme | Geopolitics.fr<\/title>\n<meta name=\"description\" content=\"En Syrie, la soci\u00e9t\u00e9 civile se mobilise d\u00e9j\u00e0 autour de la plateforme &quot;Madaniya&quot; pour contrecarrer le retour \u00e0 un pouvoir autoritaire\" \/>\n<meta name=\"robots\" content=\"index, follow, max-snippet:-1, max-image-preview:large, max-video-preview:-1\" \/>\n<link rel=\"canonical\" href=\"https:\/\/www.geopolitics.fr\/en\/2025\/01\/17\/syrie-suite-en-syrie-la-societe-civile-se-mobilise-contre-un-retour-a-lautoritarisme\/\" \/>\n<meta property=\"og:locale\" content=\"en_GB\" \/>\n<meta property=\"og:type\" content=\"article\" \/>\n<meta property=\"og:title\" content=\"[Syrie, suite] En Syrie, la soci\u00e9t\u00e9 civile se mobilise contre un retour \u00e0 l&#039;autoritarisme\" \/>\n<meta property=\"og:description\" content=\"En Syrie, la soci\u00e9t\u00e9 civile se mobilise d\u00e9j\u00e0 autour de la plateforme &quot;Madaniya&quot; pour contrecarrer le retour \u00e0 un pouvoir autoritaire\" \/>\n<meta property=\"og:url\" content=\"https:\/\/www.geopolitics.fr\/en\/2025\/01\/17\/syrie-suite-en-syrie-la-societe-civile-se-mobilise-contre-un-retour-a-lautoritarisme\/\" \/>\n<meta property=\"og:site_name\" content=\"Geopolitics.fr\" \/>\n<meta property=\"article:publisher\" content=\"https:\/\/www.facebook.com\/people\/Erwan-Davoux\/61557098968092\/\" \/>\n<meta property=\"article:author\" content=\"https:\/\/www.facebook.com\/odelagarde\" \/>\n<meta property=\"article:published_time\" content=\"2025-01-17T17:14:39+00:00\" \/>\n<meta property=\"article:modified_time\" content=\"2025-01-17T17:14:42+00:00\" \/>\n<meta property=\"og:image\" content=\"https:\/\/www.geopolitics.fr\/wp-content\/uploads\/2025\/01\/Reunion-societe-civile-en-Syrie-2.jpg\" \/>\n\t<meta property=\"og:image:width\" content=\"768\" \/>\n\t<meta property=\"og:image:height\" content=\"512\" \/>\n\t<meta property=\"og:image:type\" content=\"image\/jpeg\" \/>\n<meta name=\"author\" content=\"Olivier DELAGARDE\" \/>\n<meta name=\"twitter:card\" content=\"summary_large_image\" \/>\n<meta name=\"twitter:creator\" content=\"@Geopolitics_Fr\" \/>\n<meta name=\"twitter:site\" content=\"@Geopolitics_Fr\" \/>\n<meta name=\"twitter:label1\" content=\"Written by\" \/>\n\t<meta name=\"twitter:data1\" content=\"Olivier DELAGARDE\" \/>\n\t<meta name=\"twitter:label2\" content=\"Estimated reading time\" \/>\n\t<meta name=\"twitter:data2\" content=\"5 minutes\" \/>\n<script type=\"application\/ld+json\" class=\"yoast-schema-graph\">{\"@context\":\"https:\\\/\\\/schema.org\",\"@graph\":[{\"@type\":\"Article\",\"@id\":\"https:\\\/\\\/www.geopolitics.fr\\\/2025\\\/01\\\/17\\\/syrie-suite-en-syrie-la-societe-civile-se-mobilise-contre-un-retour-a-lautoritarisme\\\/#article\",\"isPartOf\":{\"@id\":\"https:\\\/\\\/www.geopolitics.fr\\\/2025\\\/01\\\/17\\\/syrie-suite-en-syrie-la-societe-civile-se-mobilise-contre-un-retour-a-lautoritarisme\\\/\"},\"author\":{\"name\":\"Olivier DELAGARDE\",\"@id\":\"https:\\\/\\\/www.geopolitics.fr\\\/#\\\/schema\\\/person\\\/9b98d78234af63d6ad71199d66115350\"},\"headline\":\"[Syrie, suite] En Syrie, la soci\u00e9t\u00e9 civile se mobilise contre un retour \u00e0 l&rsquo;autoritarisme\",\"datePublished\":\"2025-01-17T17:14:39+00:00\",\"dateModified\":\"2025-01-17T17:14:42+00:00\",\"mainEntityOfPage\":{\"@id\":\"https:\\\/\\\/www.geopolitics.fr\\\/2025\\\/01\\\/17\\\/syrie-suite-en-syrie-la-societe-civile-se-mobilise-contre-un-retour-a-lautoritarisme\\\/\"},\"wordCount\":1090,\"commentCount\":0,\"publisher\":{\"@id\":\"https:\\\/\\\/www.geopolitics.fr\\\/#organization\"},\"image\":{\"@id\":\"https:\\\/\\\/www.geopolitics.fr\\\/2025\\\/01\\\/17\\\/syrie-suite-en-syrie-la-societe-civile-se-mobilise-contre-un-retour-a-lautoritarisme\\\/#primaryimage\"},\"thumbnailUrl\":\"https:\\\/\\\/www.geopolitics.fr\\\/wp-content\\\/uploads\\\/2025\\\/01\\\/Reunion-societe-civile-en-Syrie-2.jpg\",\"articleSection\":[\"International\",\"Mis en AVANT\"],\"inLanguage\":\"en-GB\"},{\"@type\":\"WebPage\",\"@id\":\"https:\\\/\\\/www.geopolitics.fr\\\/2025\\\/01\\\/17\\\/syrie-suite-en-syrie-la-societe-civile-se-mobilise-contre-un-retour-a-lautoritarisme\\\/\",\"url\":\"https:\\\/\\\/www.geopolitics.fr\\\/2025\\\/01\\\/17\\\/syrie-suite-en-syrie-la-societe-civile-se-mobilise-contre-un-retour-a-lautoritarisme\\\/\",\"name\":\"[Syrie, suite] En Syrie, la soci\u00e9t\u00e9 civile se mobilise contre un retour \u00e0 l'autoritarisme | Geopolitics.fr\",\"isPartOf\":{\"@id\":\"https:\\\/\\\/www.geopolitics.fr\\\/#website\"},\"primaryImageOfPage\":{\"@id\":\"https:\\\/\\\/www.geopolitics.fr\\\/2025\\\/01\\\/17\\\/syrie-suite-en-syrie-la-societe-civile-se-mobilise-contre-un-retour-a-lautoritarisme\\\/#primaryimage\"},\"image\":{\"@id\":\"https:\\\/\\\/www.geopolitics.fr\\\/2025\\\/01\\\/17\\\/syrie-suite-en-syrie-la-societe-civile-se-mobilise-contre-un-retour-a-lautoritarisme\\\/#primaryimage\"},\"thumbnailUrl\":\"https:\\\/\\\/www.geopolitics.fr\\\/wp-content\\\/uploads\\\/2025\\\/01\\\/Reunion-societe-civile-en-Syrie-2.jpg\",\"datePublished\":\"2025-01-17T17:14:39+00:00\",\"dateModified\":\"2025-01-17T17:14:42+00:00\",\"description\":\"En Syrie, la soci\u00e9t\u00e9 civile se mobilise d\u00e9j\u00e0 autour de la plateforme \\\"Madaniya\\\" pour contrecarrer le retour \u00e0 un pouvoir autoritaire\",\"breadcrumb\":{\"@id\":\"https:\\\/\\\/www.geopolitics.fr\\\/2025\\\/01\\\/17\\\/syrie-suite-en-syrie-la-societe-civile-se-mobilise-contre-un-retour-a-lautoritarisme\\\/#breadcrumb\"},\"inLanguage\":\"en-GB\",\"potentialAction\":[{\"@type\":\"ReadAction\",\"target\":[\"https:\\\/\\\/www.geopolitics.fr\\\/2025\\\/01\\\/17\\\/syrie-suite-en-syrie-la-societe-civile-se-mobilise-contre-un-retour-a-lautoritarisme\\\/\"]}]},{\"@type\":\"ImageObject\",\"inLanguage\":\"en-GB\",\"@id\":\"https:\\\/\\\/www.geopolitics.fr\\\/2025\\\/01\\\/17\\\/syrie-suite-en-syrie-la-societe-civile-se-mobilise-contre-un-retour-a-lautoritarisme\\\/#primaryimage\",\"url\":\"https:\\\/\\\/www.geopolitics.fr\\\/wp-content\\\/uploads\\\/2025\\\/01\\\/Reunion-societe-civile-en-Syrie-2.jpg\",\"contentUrl\":\"https:\\\/\\\/www.geopolitics.fr\\\/wp-content\\\/uploads\\\/2025\\\/01\\\/Reunion-societe-civile-en-Syrie-2.jpg\",\"width\":768,\"height\":512},{\"@type\":\"BreadcrumbList\",\"@id\":\"https:\\\/\\\/www.geopolitics.fr\\\/2025\\\/01\\\/17\\\/syrie-suite-en-syrie-la-societe-civile-se-mobilise-contre-un-retour-a-lautoritarisme\\\/#breadcrumb\",\"itemListElement\":[{\"@type\":\"ListItem\",\"position\":1,\"name\":\"Accueil\",\"item\":\"https:\\\/\\\/www.geopolitics.fr\\\/\"},{\"@type\":\"ListItem\",\"position\":2,\"name\":\"[Syrie, suite] En Syrie, la soci\u00e9t\u00e9 civile se mobilise contre un retour \u00e0 l&#8217;autoritarisme\"}]},{\"@type\":\"WebSite\",\"@id\":\"https:\\\/\\\/www.geopolitics.fr\\\/#website\",\"url\":\"https:\\\/\\\/www.geopolitics.fr\\\/\",\"name\":\"Geopolitics.fr\",\"description\":\"Geopolitics.fr Analyse politique, relations internationales, d\u00e9fense - ligne \u00e9ditoriale gaullo-chiraquienne\",\"publisher\":{\"@id\":\"https:\\\/\\\/www.geopolitics.fr\\\/#organization\"},\"potentialAction\":[{\"@type\":\"SearchAction\",\"target\":{\"@type\":\"EntryPoint\",\"urlTemplate\":\"https:\\\/\\\/www.geopolitics.fr\\\/?s={search_term_string}\"},\"query-input\":{\"@type\":\"PropertyValueSpecification\",\"valueRequired\":true,\"valueName\":\"search_term_string\"}}],\"inLanguage\":\"en-GB\"},{\"@type\":\"Organization\",\"@id\":\"https:\\\/\\\/www.geopolitics.fr\\\/#organization\",\"name\":\"Geopolitics.fr\",\"url\":\"https:\\\/\\\/www.geopolitics.fr\\\/\",\"logo\":{\"@type\":\"ImageObject\",\"inLanguage\":\"en-GB\",\"@id\":\"https:\\\/\\\/www.geopolitics.fr\\\/#\\\/schema\\\/logo\\\/image\\\/\",\"url\":\"https:\\\/\\\/www.geopolitics.fr\\\/wp-content\\\/uploads\\\/2024\\\/01\\\/logo.jpg\",\"contentUrl\":\"https:\\\/\\\/www.geopolitics.fr\\\/wp-content\\\/uploads\\\/2024\\\/01\\\/logo.jpg\",\"width\":500,\"height\":500,\"caption\":\"Geopolitics.fr\"},\"image\":{\"@id\":\"https:\\\/\\\/www.geopolitics.fr\\\/#\\\/schema\\\/logo\\\/image\\\/\"},\"sameAs\":[\"https:\\\/\\\/www.facebook.com\\\/people\\\/Erwan-Davoux\\\/61557098968092\\\/\",\"https:\\\/\\\/x.com\\\/Geopolitics_Fr\"]},{\"@type\":\"Person\",\"@id\":\"https:\\\/\\\/www.geopolitics.fr\\\/#\\\/schema\\\/person\\\/9b98d78234af63d6ad71199d66115350\",\"name\":\"Olivier DELAGARDE\",\"image\":{\"@type\":\"ImageObject\",\"inLanguage\":\"en-GB\",\"@id\":\"https:\\\/\\\/secure.gravatar.com\\\/avatar\\\/2c50afbd303b51697d9591857ee182bf3ead572fa530da00bb0278cf506c3a97?s=96&d=mm&r=g\",\"url\":\"https:\\\/\\\/secure.gravatar.com\\\/avatar\\\/2c50afbd303b51697d9591857ee182bf3ead572fa530da00bb0278cf506c3a97?s=96&d=mm&r=g\",\"contentUrl\":\"https:\\\/\\\/secure.gravatar.com\\\/avatar\\\/2c50afbd303b51697d9591857ee182bf3ead572fa530da00bb0278cf506c3a97?s=96&d=mm&r=g\",\"caption\":\"Olivier DELAGARDE\"},\"description\":\"Journaliste depuis plus de 20 ans, accr\u00e9dit\u00e9 aupr\u00e8s de l'Organisation des Nations Unies, de la Ligue des Etats Arabes, titulaire de la Carte d'Identit\u00e9 des Journalistes Professionnels en France et de la F\u00e9d\u00e9ration Internationale des Journalistes, Olivier a occup\u00e9 le poste de Grand reporter correspondant permanent en \u00c9gypte pour des m\u00e9dias de renomm\u00e9e mondiale tels que TV5 MONDE, le GROUPE M6, le GROUPE TF1 ou encore l\u2019AFP. Durant plus de dix ann\u00e9es, il a produit de nombreux reportages sur la politique internationale en Afrique de l'Est, tout en couvrant les principaux conflits au Proche et Moyen-Orient. En tant que Chef de bureau Proche-Orient pour TV5 MONDE, il \u00e9tait responsable de la production de reportages, des relations institutionnelles et de la repr\u00e9sentation de la cha\u00eene, tout en \u00e9crivant pour plusieurs m\u00e9dias europ\u00e9ens et internationaux.\",\"sameAs\":[\"https:\\\/\\\/www.facebook.com\\\/odelagarde\",\"https:\\\/\\\/www.linkedin.com\\\/in\\\/olivier-delagarde-816b17270\\\/\"],\"url\":\"https:\\\/\\\/www.geopolitics.fr\\\/en\\\/author\\\/odelagarde\\\/\"}]}<\/script>\n<!-- \/ Yoast SEO Premium plugin. -->","yoast_head_json":{"title":"[Syrie, suite] En Syrie, la soci\u00e9t\u00e9 civile se mobilise contre un retour \u00e0 l'autoritarisme | Geopolitics.fr","description":"En Syrie, la soci\u00e9t\u00e9 civile se mobilise d\u00e9j\u00e0 autour de la plateforme \"Madaniya\" pour contrecarrer le retour \u00e0 un pouvoir autoritaire","robots":{"index":"index","follow":"follow","max-snippet":"max-snippet:-1","max-image-preview":"max-image-preview:large","max-video-preview":"max-video-preview:-1"},"canonical":"https:\/\/www.geopolitics.fr\/en\/2025\/01\/17\/syrie-suite-en-syrie-la-societe-civile-se-mobilise-contre-un-retour-a-lautoritarisme\/","og_locale":"en_GB","og_type":"article","og_title":"[Syrie, suite] En Syrie, la soci\u00e9t\u00e9 civile se mobilise contre un retour \u00e0 l'autoritarisme","og_description":"En Syrie, la soci\u00e9t\u00e9 civile se mobilise d\u00e9j\u00e0 autour de la plateforme \"Madaniya\" pour contrecarrer le retour \u00e0 un pouvoir autoritaire","og_url":"https:\/\/www.geopolitics.fr\/en\/2025\/01\/17\/syrie-suite-en-syrie-la-societe-civile-se-mobilise-contre-un-retour-a-lautoritarisme\/","og_site_name":"Geopolitics.fr","article_publisher":"https:\/\/www.facebook.com\/people\/Erwan-Davoux\/61557098968092\/","article_author":"https:\/\/www.facebook.com\/odelagarde","article_published_time":"2025-01-17T17:14:39+00:00","article_modified_time":"2025-01-17T17:14:42+00:00","og_image":[{"width":768,"height":512,"url":"https:\/\/www.geopolitics.fr\/wp-content\/uploads\/2025\/01\/Reunion-societe-civile-en-Syrie-2.jpg","type":"image\/jpeg"}],"author":"Olivier DELAGARDE","twitter_card":"summary_large_image","twitter_creator":"@Geopolitics_Fr","twitter_site":"@Geopolitics_Fr","twitter_misc":{"Written by":"Olivier DELAGARDE","Estimated reading time":"5 minutes"},"schema":{"@context":"https:\/\/schema.org","@graph":[{"@type":"Article","@id":"https:\/\/www.geopolitics.fr\/2025\/01\/17\/syrie-suite-en-syrie-la-societe-civile-se-mobilise-contre-un-retour-a-lautoritarisme\/#article","isPartOf":{"@id":"https:\/\/www.geopolitics.fr\/2025\/01\/17\/syrie-suite-en-syrie-la-societe-civile-se-mobilise-contre-un-retour-a-lautoritarisme\/"},"author":{"name":"Olivier DELAGARDE","@id":"https:\/\/www.geopolitics.fr\/#\/schema\/person\/9b98d78234af63d6ad71199d66115350"},"headline":"[Syrie, suite] En Syrie, la soci\u00e9t\u00e9 civile se mobilise contre un retour \u00e0 l&rsquo;autoritarisme","datePublished":"2025-01-17T17:14:39+00:00","dateModified":"2025-01-17T17:14:42+00:00","mainEntityOfPage":{"@id":"https:\/\/www.geopolitics.fr\/2025\/01\/17\/syrie-suite-en-syrie-la-societe-civile-se-mobilise-contre-un-retour-a-lautoritarisme\/"},"wordCount":1090,"commentCount":0,"publisher":{"@id":"https:\/\/www.geopolitics.fr\/#organization"},"image":{"@id":"https:\/\/www.geopolitics.fr\/2025\/01\/17\/syrie-suite-en-syrie-la-societe-civile-se-mobilise-contre-un-retour-a-lautoritarisme\/#primaryimage"},"thumbnailUrl":"https:\/\/www.geopolitics.fr\/wp-content\/uploads\/2025\/01\/Reunion-societe-civile-en-Syrie-2.jpg","articleSection":["International","Mis en AVANT"],"inLanguage":"en-GB"},{"@type":"WebPage","@id":"https:\/\/www.geopolitics.fr\/2025\/01\/17\/syrie-suite-en-syrie-la-societe-civile-se-mobilise-contre-un-retour-a-lautoritarisme\/","url":"https:\/\/www.geopolitics.fr\/2025\/01\/17\/syrie-suite-en-syrie-la-societe-civile-se-mobilise-contre-un-retour-a-lautoritarisme\/","name":"[Syrie, suite] En Syrie, la soci\u00e9t\u00e9 civile se mobilise contre un retour \u00e0 l'autoritarisme | Geopolitics.fr","isPartOf":{"@id":"https:\/\/www.geopolitics.fr\/#website"},"primaryImageOfPage":{"@id":"https:\/\/www.geopolitics.fr\/2025\/01\/17\/syrie-suite-en-syrie-la-societe-civile-se-mobilise-contre-un-retour-a-lautoritarisme\/#primaryimage"},"image":{"@id":"https:\/\/www.geopolitics.fr\/2025\/01\/17\/syrie-suite-en-syrie-la-societe-civile-se-mobilise-contre-un-retour-a-lautoritarisme\/#primaryimage"},"thumbnailUrl":"https:\/\/www.geopolitics.fr\/wp-content\/uploads\/2025\/01\/Reunion-societe-civile-en-Syrie-2.jpg","datePublished":"2025-01-17T17:14:39+00:00","dateModified":"2025-01-17T17:14:42+00:00","description":"En Syrie, la soci\u00e9t\u00e9 civile se mobilise d\u00e9j\u00e0 autour de la plateforme \"Madaniya\" pour contrecarrer le retour \u00e0 un pouvoir autoritaire","breadcrumb":{"@id":"https:\/\/www.geopolitics.fr\/2025\/01\/17\/syrie-suite-en-syrie-la-societe-civile-se-mobilise-contre-un-retour-a-lautoritarisme\/#breadcrumb"},"inLanguage":"en-GB","potentialAction":[{"@type":"ReadAction","target":["https:\/\/www.geopolitics.fr\/2025\/01\/17\/syrie-suite-en-syrie-la-societe-civile-se-mobilise-contre-un-retour-a-lautoritarisme\/"]}]},{"@type":"ImageObject","inLanguage":"en-GB","@id":"https:\/\/www.geopolitics.fr\/2025\/01\/17\/syrie-suite-en-syrie-la-societe-civile-se-mobilise-contre-un-retour-a-lautoritarisme\/#primaryimage","url":"https:\/\/www.geopolitics.fr\/wp-content\/uploads\/2025\/01\/Reunion-societe-civile-en-Syrie-2.jpg","contentUrl":"https:\/\/www.geopolitics.fr\/wp-content\/uploads\/2025\/01\/Reunion-societe-civile-en-Syrie-2.jpg","width":768,"height":512},{"@type":"BreadcrumbList","@id":"https:\/\/www.geopolitics.fr\/2025\/01\/17\/syrie-suite-en-syrie-la-societe-civile-se-mobilise-contre-un-retour-a-lautoritarisme\/#breadcrumb","itemListElement":[{"@type":"ListItem","position":1,"name":"Accueil","item":"https:\/\/www.geopolitics.fr\/"},{"@type":"ListItem","position":2,"name":"[Syrie, suite] En Syrie, la soci\u00e9t\u00e9 civile se mobilise contre un retour \u00e0 l&#8217;autoritarisme"}]},{"@type":"WebSite","@id":"https:\/\/www.geopolitics.fr\/#website","url":"https:\/\/www.geopolitics.fr\/","name":"Geopolitics.fr","description":"Geopolitics.fr Analyse politique, relations internationales, d\u00e9fense - ligne \u00e9ditoriale gaullo-chiraquienne","publisher":{"@id":"https:\/\/www.geopolitics.fr\/#organization"},"potentialAction":[{"@type":"SearchAction","target":{"@type":"EntryPoint","urlTemplate":"https:\/\/www.geopolitics.fr\/?s={search_term_string}"},"query-input":{"@type":"PropertyValueSpecification","valueRequired":true,"valueName":"search_term_string"}}],"inLanguage":"en-GB"},{"@type":"Organization","@id":"https:\/\/www.geopolitics.fr\/#organization","name":"Geopolitics.fr","url":"https:\/\/www.geopolitics.fr\/","logo":{"@type":"ImageObject","inLanguage":"en-GB","@id":"https:\/\/www.geopolitics.fr\/#\/schema\/logo\/image\/","url":"https:\/\/www.geopolitics.fr\/wp-content\/uploads\/2024\/01\/logo.jpg","contentUrl":"https:\/\/www.geopolitics.fr\/wp-content\/uploads\/2024\/01\/logo.jpg","width":500,"height":500,"caption":"Geopolitics.fr"},"image":{"@id":"https:\/\/www.geopolitics.fr\/#\/schema\/logo\/image\/"},"sameAs":["https:\/\/www.facebook.com\/people\/Erwan-Davoux\/61557098968092\/","https:\/\/x.com\/Geopolitics_Fr"]},{"@type":"Person","@id":"https:\/\/www.geopolitics.fr\/#\/schema\/person\/9b98d78234af63d6ad71199d66115350","name":"Olivier DELAGARDE","image":{"@type":"ImageObject","inLanguage":"en-GB","@id":"https:\/\/secure.gravatar.com\/avatar\/2c50afbd303b51697d9591857ee182bf3ead572fa530da00bb0278cf506c3a97?s=96&d=mm&r=g","url":"https:\/\/secure.gravatar.com\/avatar\/2c50afbd303b51697d9591857ee182bf3ead572fa530da00bb0278cf506c3a97?s=96&d=mm&r=g","contentUrl":"https:\/\/secure.gravatar.com\/avatar\/2c50afbd303b51697d9591857ee182bf3ead572fa530da00bb0278cf506c3a97?s=96&d=mm&r=g","caption":"Olivier DELAGARDE"},"description":"Journaliste depuis plus de 20 ans, accr\u00e9dit\u00e9 aupr\u00e8s de l'Organisation des Nations Unies, de la Ligue des Etats Arabes, titulaire de la Carte d'Identit\u00e9 des Journalistes Professionnels en France et de la F\u00e9d\u00e9ration Internationale des Journalistes, Olivier a occup\u00e9 le poste de Grand reporter correspondant permanent en \u00c9gypte pour des m\u00e9dias de renomm\u00e9e mondiale tels que TV5 MONDE, le GROUPE M6, le GROUPE TF1 ou encore l\u2019AFP. Durant plus de dix ann\u00e9es, il a produit de nombreux reportages sur la politique internationale en Afrique de l'Est, tout en couvrant les principaux conflits au Proche et Moyen-Orient. En tant que Chef de bureau Proche-Orient pour TV5 MONDE, il \u00e9tait responsable de la production de reportages, des relations institutionnelles et de la repr\u00e9sentation de la cha\u00eene, tout en \u00e9crivant pour plusieurs m\u00e9dias europ\u00e9ens et internationaux.","sameAs":["https:\/\/www.facebook.com\/odelagarde","https:\/\/www.linkedin.com\/in\/olivier-delagarde-816b17270\/"],"url":"https:\/\/www.geopolitics.fr\/en\/author\/odelagarde\/"}]}},"_links":{"self":[{"href":"https:\/\/www.geopolitics.fr\/en\/wp-json\/wp\/v2\/posts\/3429","targetHints":{"allow":["GET"]}}],"collection":[{"href":"https:\/\/www.geopolitics.fr\/en\/wp-json\/wp\/v2\/posts"}],"about":[{"href":"https:\/\/www.geopolitics.fr\/en\/wp-json\/wp\/v2\/types\/post"}],"author":[{"embeddable":true,"href":"https:\/\/www.geopolitics.fr\/en\/wp-json\/wp\/v2\/users\/93"}],"replies":[{"embeddable":true,"href":"https:\/\/www.geopolitics.fr\/en\/wp-json\/wp\/v2\/comments?post=3429"}],"version-history":[{"count":0,"href":"https:\/\/www.geopolitics.fr\/en\/wp-json\/wp\/v2\/posts\/3429\/revisions"}],"wp:featuredmedia":[{"embeddable":true,"href":"https:\/\/www.geopolitics.fr\/en\/wp-json\/wp\/v2\/media\/3431"}],"wp:attachment":[{"href":"https:\/\/www.geopolitics.fr\/en\/wp-json\/wp\/v2\/media?parent=3429"}],"wp:term":[{"taxonomy":"category","embeddable":true,"href":"https:\/\/www.geopolitics.fr\/en\/wp-json\/wp\/v2\/categories?post=3429"},{"taxonomy":"post_tag","embeddable":true,"href":"https:\/\/www.geopolitics.fr\/en\/wp-json\/wp\/v2\/tags?post=3429"}],"curies":[{"name":"wp","href":"https:\/\/api.w.org\/{rel}","templated":true}]}}