{"id":3416,"date":"2025-01-16T16:05:19","date_gmt":"2025-01-16T15:05:19","guid":{"rendered":"https:\/\/www.geopolitics.fr\/?p=3416"},"modified":"2025-01-16T16:05:21","modified_gmt":"2025-01-16T15:05:21","slug":"le-burkina-faso-sindigne-a-son-tour-des-propos-demmanuel-macron-sur-lafrique","status":"publish","type":"post","link":"https:\/\/www.geopolitics.fr\/en\/2025\/01\/16\/le-burkina-faso-sindigne-a-son-tour-des-propos-demmanuel-macron-sur-lafrique\/","title":{"rendered":"Le Burkina Faso s&rsquo;indigne \u00e0 son tour des propos d&rsquo;Emmanuel Macron sur l&rsquo;Afrique"},"content":{"rendered":"<p class=\"has-medium-font-size wp-block-paragraph\"><em>Le chef de la junte au Burkina Faso a estim\u00e9 lundi, qu&rsquo;Emmanuel Macron avait \u00ab&nbsp;insult\u00e9 tous les Africains&nbsp;\u00bb, lors de propos o\u00f9 ce dernier d\u00e9non\u00e7ait \u00ab&nbsp;l&rsquo;ingratitude&nbsp;\u00bb de certains pays envers la France, suscitant une col\u00e8re g\u00e9n\u00e9ralis\u00e9e sur le continent.<\/em><\/p>\n\n\n\n<p class=\"has-medium-font-size wp-block-paragraph\">\u00ab&nbsp;<em>Je crois qu&rsquo;on a oubli\u00e9 de nous dire merci. Ce n&rsquo;est pas grave, \u00e7a viendra avec le temps. L&rsquo;ingratitude, je suis bien plac\u00e9 pour le savoir, c&rsquo;est une maladie non transmissible \u00e0 l&rsquo;homme<\/em>&nbsp;\u00bb, avait notamment d\u00e9clar\u00e9 le pr\u00e9sident fran\u00e7ais, la semaine derni\u00e8re au sujet des interventions militaires fran\u00e7aises dans la lutte contre les mouvements jihadistes au Sahel.<\/p>\n\n\n\n<p class=\"has-medium-font-size wp-block-paragraph\">\u00ab&nbsp;<em>Il a insult\u00e9 tous les Africains. (&#8230;) Voil\u00e0 comment ce monsieur voit l&rsquo;Afrique, voit les Africains. Nous ne sommes pas des humains \u00e0 ses yeux<\/em>&nbsp;\u00bb, a r\u00e9agi lundi le capitaine Ibrahim Traor\u00e9, lors d&rsquo;une c\u00e9r\u00e9monie de v\u0153ux.<\/p>\n\n\n\n<p class=\"has-medium-font-size wp-block-paragraph\">A l\u2019instar de nombreux autres pays de l\u2019ouest africain, les relations entre le Burkina Faso et la France n&rsquo;ont cess\u00e9 de se d\u00e9grader depuis la prise de pouvoir de ce capitaine de 36 ans, en septembre 2022.<\/p>\n\n\n\n<p class=\"has-medium-font-size wp-block-paragraph\">Le Burkina, comme ses voisins et alli\u00e9s le Mali et le Niger, \u00e9galement gouvern\u00e9s par des hommes aux mains de fer hostiles \u00e0 Paris, ont obtenu entre 2022 et 2023 le d\u00e9part des soldats fran\u00e7ais de leurs territoires. Alors que les trois pays se sont parall\u00e8lement rapproch\u00e9s de Moscou, tout comme la Centrafrique qui avait \u00e9galement exig\u00e9 le d\u00e9part des fran\u00e7ais en 2022.<\/p>\n\n\n\n<h2 class=\"wp-block-heading\" id=\"h-une-nbsp-indignation-pour-l-ensemble-du-continent-africain-nbsp\"><strong>Une \u00ab&nbsp;Indignation pour l\u2019ensemble du continent africain&nbsp;\u00bb<\/strong><\/h2>\n\n\n\n<p class=\"has-medium-font-size wp-block-paragraph\">Sous les multiples pressions voire les ultimatums en cascade, la France a d\u00e9cid\u00e9 de \u00ab&nbsp;r\u00e9organiser&nbsp;\u00bb son dispositif militaire en Afrique en 2025, mais certains pays comme le Tchad et le S\u00e9n\u00e9gal ont d\u2019ores et d\u00e9j\u00e0 pris les devants d\u00e8s novembre dernier.<\/p>\n\n\n\n<p class=\"has-medium-font-size wp-block-paragraph\">Le Tchad, dernier point d&rsquo;ancrage de la France au Sahel, a d\u00e9nonc\u00e9 l&rsquo;accord de coop\u00e9ration militaire et exig\u00e9 un d\u00e9part d&rsquo;ici \u00e0 fin janvier des troupes fran\u00e7aises. Deux bases militaires ont d\u00e9j\u00e0 \u00e9t\u00e9 r\u00e9troc\u00e9d\u00e9es.<\/p>\n\n\n\n<p class=\"has-medium-font-size wp-block-paragraph\">Le S\u00e9n\u00e9gal a \u00e9galement de son c\u00f4t\u00e9 demand\u00e9 la fermeture des bases fran\u00e7aises et la fin de toutes les pr\u00e9sences militaires \u00e9trang\u00e8res, selon un calendrier \u00e0 d\u00e9finir.<\/p>\n\n\n\n<p class=\"has-medium-font-size wp-block-paragraph\">Et les deux pays dans une m\u00eame voix, de critiquer les propos d\u2019Emmanuel Macron qui avait \u00e9galement affirm\u00e9 que la France avait consenti par politesse \u00e0 certains pays africains \u00ab&nbsp;la primaut\u00e9 de l&rsquo;annonce&nbsp;\u00bb de la r\u00e9organisation de son dispositif militaire.<\/p>\n\n\n\n<p class=\"has-medium-font-size wp-block-paragraph\">\u00ab&nbsp;<em>Je voudrais exprimer mon indignation vis-\u00e0-vis des propos r\u00e9cemment tenus par le pr\u00e9sident Macron qui frisent le m\u00e9pris envers l&rsquo;Afrique et les Africains. Je crois qu&rsquo;il se trompe d&rsquo;\u00e9poque&nbsp;<\/em>\u00bb, avait d\u00e9clar\u00e9 le pr\u00e9sident tchadien Mahamat Idriss D\u00e9by Itno.<\/p>\n\n\n\n<p class=\"has-medium-font-size wp-block-paragraph\">Le Premier ministre s\u00e9n\u00e9galais Ousmane Sonko avait de son c\u00f4t\u00e9 d\u00e9nonc\u00e9 des propos \u00ab&nbsp;totalement erron\u00e9s&nbsp;\u00bb et que la d\u00e9cision du S\u00e9n\u00e9gal \u00ab&nbsp;d\u00e9coule de sa seule volont\u00e9&nbsp;\u00bb, en tant que \u00ab&nbsp;pays souverain&nbsp;\u00bb.<\/p>\n\n\n\n<p class=\"has-medium-font-size wp-block-paragraph\">\u00ab&nbsp;<em>Si vous voulez une rupture avec ces forces imp\u00e9rialistes, c&rsquo;est simple, on d\u00e9nonce les accords. Si on ne d\u00e9nonce pas les accords, juste dire qu&rsquo;ils quittent les bases (militaires), on n&rsquo;a rien fait<\/em>&nbsp;\u00bb, a affirm\u00e9 lundi le capitaine Traor\u00e9.<\/p>\n\n\n\n<p class=\"has-medium-font-size wp-block-paragraph\">\u00ab&nbsp;<em>Les Africains doivent se r\u00e9veiller. Nous devons travailler \u00e0 \u00eatre ind\u00e9pendants. Il faut d\u00e9coloniser les mentalit\u00e9s<\/em>&nbsp;\u00bb, a-t-il ajout\u00e9.<\/p>\n\n\n\n<p class=\"has-medium-font-size wp-block-paragraph\">Au pied du mur et repouss\u00e9e aux limites du continent, la France doit \u00e9galement retirer progressivement ses militaires de C\u00f4te d&rsquo;Ivoire et du Gabon, deux pays avec lesquels les relations diplomatiques restent toutefois cordiales.<\/p>\n\n\n\n<p class=\"has-medium-font-size wp-block-paragraph\">Une derni\u00e8re base militaire tricolore subsistera sur le continent africain, \u00e0 Djibouti pr\u00e9cis\u00e9ment. Avec pr\u00e8s de 1.500 hommes en son sein, cette derni\u00e8re abrite le plus gros contingent fran\u00e7ais \u00e0 l&rsquo;\u00e9tranger et les accords militaires qui lient les deux pays ont \u00e9t\u00e9 renouvel\u00e9s en juillet 2024.<\/p>","protected":false},"excerpt":{"rendered":"<p>Le chef de la junte au Burkina Faso a estim\u00e9 lundi, qu&rsquo;Emmanuel Macron avait \u00ab&nbsp;insult\u00e9 tous les Africains&nbsp;\u00bb, lors de propos o\u00f9&hellip;<\/p>","protected":false},"author":93,"featured_media":3417,"comment_status":"open","ping_status":"open","sticky":false,"template":"","format":"standard","meta":{"_lmt_disableupdate":"","_lmt_disable":"","footnotes":""},"categories":[5,4],"tags":[163,457,61],"class_list":["post-3416","post","type-post","status-publish","format-standard","has-post-thumbnail","hentry","category-international","category-mis-en-avant","tag-afrique","tag-burkina","tag-macron"],"yoast_head":"<!-- This site is optimized with the Yoast SEO Premium plugin v28.1 (Yoast SEO v28.1) - https:\/\/yoast.com\/product\/yoast-seo-premium-wordpress\/ -->\n<title>Le Burkina Faso s&#039;indigne \u00e0 son tour des propos d&#039;Emmanuel Macron sur l&#039;Afrique | Geopolitics.fr<\/title>\n<meta name=\"description\" content=\"Les propos d&#039;Emmanuel Macron sur l&#039;absence de remerciement des Africains ont provoqu\u00e9 un toll\u00e9. C&#039;est au tour du Burkina Faso de r\u00e9agir\" \/>\n<meta name=\"robots\" content=\"index, follow, max-snippet:-1, max-image-preview:large, max-video-preview:-1\" \/>\n<link rel=\"canonical\" href=\"https:\/\/www.geopolitics.fr\/en\/2025\/01\/16\/le-burkina-faso-sindigne-a-son-tour-des-propos-demmanuel-macron-sur-lafrique\/\" \/>\n<meta property=\"og:locale\" content=\"en_GB\" \/>\n<meta property=\"og:type\" content=\"article\" \/>\n<meta property=\"og:title\" content=\"Le Burkina Faso s&#039;indigne \u00e0 son tour des propos d&#039;Emmanuel Macron sur l&#039;Afrique\" \/>\n<meta property=\"og:description\" content=\"Les propos d&#039;Emmanuel Macron sur l&#039;absence de remerciement des Africains ont provoqu\u00e9 un toll\u00e9. C&#039;est au tour du Burkina Faso de r\u00e9agir\" \/>\n<meta property=\"og:url\" content=\"https:\/\/www.geopolitics.fr\/en\/2025\/01\/16\/le-burkina-faso-sindigne-a-son-tour-des-propos-demmanuel-macron-sur-lafrique\/\" \/>\n<meta property=\"og:site_name\" content=\"Geopolitics.fr\" \/>\n<meta property=\"article:publisher\" content=\"https:\/\/www.facebook.com\/people\/Erwan-Davoux\/61557098968092\/\" \/>\n<meta property=\"article:author\" content=\"https:\/\/www.facebook.com\/odelagarde\" \/>\n<meta property=\"article:published_time\" content=\"2025-01-16T15:05:19+00:00\" \/>\n<meta property=\"article:modified_time\" content=\"2025-01-16T15:05:21+00:00\" \/>\n<meta property=\"og:image\" content=\"https:\/\/www.geopolitics.fr\/wp-content\/uploads\/2025\/01\/Chef-de-la-junte-Burkina-Faso.jpg\" \/>\n\t<meta property=\"og:image:width\" content=\"768\" \/>\n\t<meta property=\"og:image:height\" content=\"432\" \/>\n\t<meta property=\"og:image:type\" content=\"image\/jpeg\" \/>\n<meta name=\"author\" content=\"Olivier DELAGARDE\" \/>\n<meta name=\"twitter:card\" content=\"summary_large_image\" \/>\n<meta name=\"twitter:creator\" content=\"@Geopolitics_Fr\" \/>\n<meta name=\"twitter:site\" content=\"@Geopolitics_Fr\" \/>\n<meta name=\"twitter:label1\" content=\"Written by\" \/>\n\t<meta name=\"twitter:data1\" content=\"Olivier DELAGARDE\" \/>\n\t<meta name=\"twitter:label2\" content=\"Estimated reading time\" \/>\n\t<meta name=\"twitter:data2\" content=\"4 minutes\" \/>\n<script type=\"application\/ld+json\" class=\"yoast-schema-graph\">{\"@context\":\"https:\\\/\\\/schema.org\",\"@graph\":[{\"@type\":\"Article\",\"@id\":\"https:\\\/\\\/www.geopolitics.fr\\\/2025\\\/01\\\/16\\\/le-burkina-faso-sindigne-a-son-tour-des-propos-demmanuel-macron-sur-lafrique\\\/#article\",\"isPartOf\":{\"@id\":\"https:\\\/\\\/www.geopolitics.fr\\\/2025\\\/01\\\/16\\\/le-burkina-faso-sindigne-a-son-tour-des-propos-demmanuel-macron-sur-lafrique\\\/\"},\"author\":{\"name\":\"Olivier DELAGARDE\",\"@id\":\"https:\\\/\\\/www.geopolitics.fr\\\/#\\\/schema\\\/person\\\/9b98d78234af63d6ad71199d66115350\"},\"headline\":\"Le Burkina Faso s&rsquo;indigne \u00e0 son tour des propos d&rsquo;Emmanuel Macron sur l&rsquo;Afrique\",\"datePublished\":\"2025-01-16T15:05:19+00:00\",\"dateModified\":\"2025-01-16T15:05:21+00:00\",\"mainEntityOfPage\":{\"@id\":\"https:\\\/\\\/www.geopolitics.fr\\\/2025\\\/01\\\/16\\\/le-burkina-faso-sindigne-a-son-tour-des-propos-demmanuel-macron-sur-lafrique\\\/\"},\"wordCount\":717,\"commentCount\":0,\"publisher\":{\"@id\":\"https:\\\/\\\/www.geopolitics.fr\\\/#organization\"},\"image\":{\"@id\":\"https:\\\/\\\/www.geopolitics.fr\\\/2025\\\/01\\\/16\\\/le-burkina-faso-sindigne-a-son-tour-des-propos-demmanuel-macron-sur-lafrique\\\/#primaryimage\"},\"thumbnailUrl\":\"https:\\\/\\\/www.geopolitics.fr\\\/wp-content\\\/uploads\\\/2025\\\/01\\\/Chef-de-la-junte-Burkina-Faso.jpg\",\"keywords\":[\"AFRIQUE\",\"BURKINA\",\"Macron\"],\"articleSection\":[\"International\",\"Mis en AVANT\"],\"inLanguage\":\"en-GB\"},{\"@type\":\"WebPage\",\"@id\":\"https:\\\/\\\/www.geopolitics.fr\\\/2025\\\/01\\\/16\\\/le-burkina-faso-sindigne-a-son-tour-des-propos-demmanuel-macron-sur-lafrique\\\/\",\"url\":\"https:\\\/\\\/www.geopolitics.fr\\\/2025\\\/01\\\/16\\\/le-burkina-faso-sindigne-a-son-tour-des-propos-demmanuel-macron-sur-lafrique\\\/\",\"name\":\"Le Burkina Faso s'indigne \u00e0 son tour des propos d'Emmanuel Macron sur l'Afrique | Geopolitics.fr\",\"isPartOf\":{\"@id\":\"https:\\\/\\\/www.geopolitics.fr\\\/#website\"},\"primaryImageOfPage\":{\"@id\":\"https:\\\/\\\/www.geopolitics.fr\\\/2025\\\/01\\\/16\\\/le-burkina-faso-sindigne-a-son-tour-des-propos-demmanuel-macron-sur-lafrique\\\/#primaryimage\"},\"image\":{\"@id\":\"https:\\\/\\\/www.geopolitics.fr\\\/2025\\\/01\\\/16\\\/le-burkina-faso-sindigne-a-son-tour-des-propos-demmanuel-macron-sur-lafrique\\\/#primaryimage\"},\"thumbnailUrl\":\"https:\\\/\\\/www.geopolitics.fr\\\/wp-content\\\/uploads\\\/2025\\\/01\\\/Chef-de-la-junte-Burkina-Faso.jpg\",\"datePublished\":\"2025-01-16T15:05:19+00:00\",\"dateModified\":\"2025-01-16T15:05:21+00:00\",\"description\":\"Les propos d'Emmanuel Macron sur l'absence de remerciement des Africains ont provoqu\u00e9 un toll\u00e9. C'est au tour du Burkina Faso de r\u00e9agir\",\"breadcrumb\":{\"@id\":\"https:\\\/\\\/www.geopolitics.fr\\\/2025\\\/01\\\/16\\\/le-burkina-faso-sindigne-a-son-tour-des-propos-demmanuel-macron-sur-lafrique\\\/#breadcrumb\"},\"inLanguage\":\"en-GB\",\"potentialAction\":[{\"@type\":\"ReadAction\",\"target\":[\"https:\\\/\\\/www.geopolitics.fr\\\/2025\\\/01\\\/16\\\/le-burkina-faso-sindigne-a-son-tour-des-propos-demmanuel-macron-sur-lafrique\\\/\"]}]},{\"@type\":\"ImageObject\",\"inLanguage\":\"en-GB\",\"@id\":\"https:\\\/\\\/www.geopolitics.fr\\\/2025\\\/01\\\/16\\\/le-burkina-faso-sindigne-a-son-tour-des-propos-demmanuel-macron-sur-lafrique\\\/#primaryimage\",\"url\":\"https:\\\/\\\/www.geopolitics.fr\\\/wp-content\\\/uploads\\\/2025\\\/01\\\/Chef-de-la-junte-Burkina-Faso.jpg\",\"contentUrl\":\"https:\\\/\\\/www.geopolitics.fr\\\/wp-content\\\/uploads\\\/2025\\\/01\\\/Chef-de-la-junte-Burkina-Faso.jpg\",\"width\":768,\"height\":432},{\"@type\":\"BreadcrumbList\",\"@id\":\"https:\\\/\\\/www.geopolitics.fr\\\/2025\\\/01\\\/16\\\/le-burkina-faso-sindigne-a-son-tour-des-propos-demmanuel-macron-sur-lafrique\\\/#breadcrumb\",\"itemListElement\":[{\"@type\":\"ListItem\",\"position\":1,\"name\":\"Accueil\",\"item\":\"https:\\\/\\\/www.geopolitics.fr\\\/\"},{\"@type\":\"ListItem\",\"position\":2,\"name\":\"Le Burkina Faso s&#8217;indigne \u00e0 son tour des propos d&#8217;Emmanuel Macron sur l&#8217;Afrique\"}]},{\"@type\":\"WebSite\",\"@id\":\"https:\\\/\\\/www.geopolitics.fr\\\/#website\",\"url\":\"https:\\\/\\\/www.geopolitics.fr\\\/\",\"name\":\"Geopolitics.fr\",\"description\":\"Geopolitics.fr Analyse politique, relations internationales, d\u00e9fense - ligne \u00e9ditoriale gaullo-chiraquienne\",\"publisher\":{\"@id\":\"https:\\\/\\\/www.geopolitics.fr\\\/#organization\"},\"potentialAction\":[{\"@type\":\"SearchAction\",\"target\":{\"@type\":\"EntryPoint\",\"urlTemplate\":\"https:\\\/\\\/www.geopolitics.fr\\\/?s={search_term_string}\"},\"query-input\":{\"@type\":\"PropertyValueSpecification\",\"valueRequired\":true,\"valueName\":\"search_term_string\"}}],\"inLanguage\":\"en-GB\"},{\"@type\":\"Organization\",\"@id\":\"https:\\\/\\\/www.geopolitics.fr\\\/#organization\",\"name\":\"Geopolitics.fr\",\"url\":\"https:\\\/\\\/www.geopolitics.fr\\\/\",\"logo\":{\"@type\":\"ImageObject\",\"inLanguage\":\"en-GB\",\"@id\":\"https:\\\/\\\/www.geopolitics.fr\\\/#\\\/schema\\\/logo\\\/image\\\/\",\"url\":\"https:\\\/\\\/www.geopolitics.fr\\\/wp-content\\\/uploads\\\/2024\\\/01\\\/logo.jpg\",\"contentUrl\":\"https:\\\/\\\/www.geopolitics.fr\\\/wp-content\\\/uploads\\\/2024\\\/01\\\/logo.jpg\",\"width\":500,\"height\":500,\"caption\":\"Geopolitics.fr\"},\"image\":{\"@id\":\"https:\\\/\\\/www.geopolitics.fr\\\/#\\\/schema\\\/logo\\\/image\\\/\"},\"sameAs\":[\"https:\\\/\\\/www.facebook.com\\\/people\\\/Erwan-Davoux\\\/61557098968092\\\/\",\"https:\\\/\\\/x.com\\\/Geopolitics_Fr\"]},{\"@type\":\"Person\",\"@id\":\"https:\\\/\\\/www.geopolitics.fr\\\/#\\\/schema\\\/person\\\/9b98d78234af63d6ad71199d66115350\",\"name\":\"Olivier DELAGARDE\",\"image\":{\"@type\":\"ImageObject\",\"inLanguage\":\"en-GB\",\"@id\":\"https:\\\/\\\/secure.gravatar.com\\\/avatar\\\/2c50afbd303b51697d9591857ee182bf3ead572fa530da00bb0278cf506c3a97?s=96&d=mm&r=g\",\"url\":\"https:\\\/\\\/secure.gravatar.com\\\/avatar\\\/2c50afbd303b51697d9591857ee182bf3ead572fa530da00bb0278cf506c3a97?s=96&d=mm&r=g\",\"contentUrl\":\"https:\\\/\\\/secure.gravatar.com\\\/avatar\\\/2c50afbd303b51697d9591857ee182bf3ead572fa530da00bb0278cf506c3a97?s=96&d=mm&r=g\",\"caption\":\"Olivier DELAGARDE\"},\"description\":\"Journaliste depuis plus de 20 ans, accr\u00e9dit\u00e9 aupr\u00e8s de l'Organisation des Nations Unies, de la Ligue des Etats Arabes, titulaire de la Carte d'Identit\u00e9 des Journalistes Professionnels en France et de la F\u00e9d\u00e9ration Internationale des Journalistes, Olivier a occup\u00e9 le poste de Grand reporter correspondant permanent en \u00c9gypte pour des m\u00e9dias de renomm\u00e9e mondiale tels que TV5 MONDE, le GROUPE M6, le GROUPE TF1 ou encore l\u2019AFP. Durant plus de dix ann\u00e9es, il a produit de nombreux reportages sur la politique internationale en Afrique de l'Est, tout en couvrant les principaux conflits au Proche et Moyen-Orient. En tant que Chef de bureau Proche-Orient pour TV5 MONDE, il \u00e9tait responsable de la production de reportages, des relations institutionnelles et de la repr\u00e9sentation de la cha\u00eene, tout en \u00e9crivant pour plusieurs m\u00e9dias europ\u00e9ens et internationaux.\",\"sameAs\":[\"https:\\\/\\\/www.facebook.com\\\/odelagarde\",\"https:\\\/\\\/www.linkedin.com\\\/in\\\/olivier-delagarde-816b17270\\\/\"],\"url\":\"https:\\\/\\\/www.geopolitics.fr\\\/en\\\/author\\\/odelagarde\\\/\"}]}<\/script>\n<!-- \/ Yoast SEO Premium plugin. -->","yoast_head_json":{"title":"Le Burkina Faso s'indigne \u00e0 son tour des propos d'Emmanuel Macron sur l'Afrique | Geopolitics.fr","description":"Les propos d'Emmanuel Macron sur l'absence de remerciement des Africains ont provoqu\u00e9 un toll\u00e9. C'est au tour du Burkina Faso de r\u00e9agir","robots":{"index":"index","follow":"follow","max-snippet":"max-snippet:-1","max-image-preview":"max-image-preview:large","max-video-preview":"max-video-preview:-1"},"canonical":"https:\/\/www.geopolitics.fr\/en\/2025\/01\/16\/le-burkina-faso-sindigne-a-son-tour-des-propos-demmanuel-macron-sur-lafrique\/","og_locale":"en_GB","og_type":"article","og_title":"Le Burkina Faso s'indigne \u00e0 son tour des propos d'Emmanuel Macron sur l'Afrique","og_description":"Les propos d'Emmanuel Macron sur l'absence de remerciement des Africains ont provoqu\u00e9 un toll\u00e9. C'est au tour du Burkina Faso de r\u00e9agir","og_url":"https:\/\/www.geopolitics.fr\/en\/2025\/01\/16\/le-burkina-faso-sindigne-a-son-tour-des-propos-demmanuel-macron-sur-lafrique\/","og_site_name":"Geopolitics.fr","article_publisher":"https:\/\/www.facebook.com\/people\/Erwan-Davoux\/61557098968092\/","article_author":"https:\/\/www.facebook.com\/odelagarde","article_published_time":"2025-01-16T15:05:19+00:00","article_modified_time":"2025-01-16T15:05:21+00:00","og_image":[{"width":768,"height":432,"url":"https:\/\/www.geopolitics.fr\/wp-content\/uploads\/2025\/01\/Chef-de-la-junte-Burkina-Faso.jpg","type":"image\/jpeg"}],"author":"Olivier DELAGARDE","twitter_card":"summary_large_image","twitter_creator":"@Geopolitics_Fr","twitter_site":"@Geopolitics_Fr","twitter_misc":{"Written by":"Olivier DELAGARDE","Estimated reading time":"4 minutes"},"schema":{"@context":"https:\/\/schema.org","@graph":[{"@type":"Article","@id":"https:\/\/www.geopolitics.fr\/2025\/01\/16\/le-burkina-faso-sindigne-a-son-tour-des-propos-demmanuel-macron-sur-lafrique\/#article","isPartOf":{"@id":"https:\/\/www.geopolitics.fr\/2025\/01\/16\/le-burkina-faso-sindigne-a-son-tour-des-propos-demmanuel-macron-sur-lafrique\/"},"author":{"name":"Olivier DELAGARDE","@id":"https:\/\/www.geopolitics.fr\/#\/schema\/person\/9b98d78234af63d6ad71199d66115350"},"headline":"Le Burkina Faso s&rsquo;indigne \u00e0 son tour des propos d&rsquo;Emmanuel Macron sur l&rsquo;Afrique","datePublished":"2025-01-16T15:05:19+00:00","dateModified":"2025-01-16T15:05:21+00:00","mainEntityOfPage":{"@id":"https:\/\/www.geopolitics.fr\/2025\/01\/16\/le-burkina-faso-sindigne-a-son-tour-des-propos-demmanuel-macron-sur-lafrique\/"},"wordCount":717,"commentCount":0,"publisher":{"@id":"https:\/\/www.geopolitics.fr\/#organization"},"image":{"@id":"https:\/\/www.geopolitics.fr\/2025\/01\/16\/le-burkina-faso-sindigne-a-son-tour-des-propos-demmanuel-macron-sur-lafrique\/#primaryimage"},"thumbnailUrl":"https:\/\/www.geopolitics.fr\/wp-content\/uploads\/2025\/01\/Chef-de-la-junte-Burkina-Faso.jpg","keywords":["AFRIQUE","BURKINA","Macron"],"articleSection":["International","Mis en AVANT"],"inLanguage":"en-GB"},{"@type":"WebPage","@id":"https:\/\/www.geopolitics.fr\/2025\/01\/16\/le-burkina-faso-sindigne-a-son-tour-des-propos-demmanuel-macron-sur-lafrique\/","url":"https:\/\/www.geopolitics.fr\/2025\/01\/16\/le-burkina-faso-sindigne-a-son-tour-des-propos-demmanuel-macron-sur-lafrique\/","name":"Le Burkina Faso s'indigne \u00e0 son tour des propos d'Emmanuel Macron sur l'Afrique | Geopolitics.fr","isPartOf":{"@id":"https:\/\/www.geopolitics.fr\/#website"},"primaryImageOfPage":{"@id":"https:\/\/www.geopolitics.fr\/2025\/01\/16\/le-burkina-faso-sindigne-a-son-tour-des-propos-demmanuel-macron-sur-lafrique\/#primaryimage"},"image":{"@id":"https:\/\/www.geopolitics.fr\/2025\/01\/16\/le-burkina-faso-sindigne-a-son-tour-des-propos-demmanuel-macron-sur-lafrique\/#primaryimage"},"thumbnailUrl":"https:\/\/www.geopolitics.fr\/wp-content\/uploads\/2025\/01\/Chef-de-la-junte-Burkina-Faso.jpg","datePublished":"2025-01-16T15:05:19+00:00","dateModified":"2025-01-16T15:05:21+00:00","description":"Les propos d'Emmanuel Macron sur l'absence de remerciement des Africains ont provoqu\u00e9 un toll\u00e9. C'est au tour du Burkina Faso de r\u00e9agir","breadcrumb":{"@id":"https:\/\/www.geopolitics.fr\/2025\/01\/16\/le-burkina-faso-sindigne-a-son-tour-des-propos-demmanuel-macron-sur-lafrique\/#breadcrumb"},"inLanguage":"en-GB","potentialAction":[{"@type":"ReadAction","target":["https:\/\/www.geopolitics.fr\/2025\/01\/16\/le-burkina-faso-sindigne-a-son-tour-des-propos-demmanuel-macron-sur-lafrique\/"]}]},{"@type":"ImageObject","inLanguage":"en-GB","@id":"https:\/\/www.geopolitics.fr\/2025\/01\/16\/le-burkina-faso-sindigne-a-son-tour-des-propos-demmanuel-macron-sur-lafrique\/#primaryimage","url":"https:\/\/www.geopolitics.fr\/wp-content\/uploads\/2025\/01\/Chef-de-la-junte-Burkina-Faso.jpg","contentUrl":"https:\/\/www.geopolitics.fr\/wp-content\/uploads\/2025\/01\/Chef-de-la-junte-Burkina-Faso.jpg","width":768,"height":432},{"@type":"BreadcrumbList","@id":"https:\/\/www.geopolitics.fr\/2025\/01\/16\/le-burkina-faso-sindigne-a-son-tour-des-propos-demmanuel-macron-sur-lafrique\/#breadcrumb","itemListElement":[{"@type":"ListItem","position":1,"name":"Accueil","item":"https:\/\/www.geopolitics.fr\/"},{"@type":"ListItem","position":2,"name":"Le Burkina Faso s&#8217;indigne \u00e0 son tour des propos d&#8217;Emmanuel Macron sur l&#8217;Afrique"}]},{"@type":"WebSite","@id":"https:\/\/www.geopolitics.fr\/#website","url":"https:\/\/www.geopolitics.fr\/","name":"Geopolitics.fr","description":"Geopolitics.fr Analyse politique, relations internationales, d\u00e9fense - ligne \u00e9ditoriale gaullo-chiraquienne","publisher":{"@id":"https:\/\/www.geopolitics.fr\/#organization"},"potentialAction":[{"@type":"SearchAction","target":{"@type":"EntryPoint","urlTemplate":"https:\/\/www.geopolitics.fr\/?s={search_term_string}"},"query-input":{"@type":"PropertyValueSpecification","valueRequired":true,"valueName":"search_term_string"}}],"inLanguage":"en-GB"},{"@type":"Organization","@id":"https:\/\/www.geopolitics.fr\/#organization","name":"Geopolitics.fr","url":"https:\/\/www.geopolitics.fr\/","logo":{"@type":"ImageObject","inLanguage":"en-GB","@id":"https:\/\/www.geopolitics.fr\/#\/schema\/logo\/image\/","url":"https:\/\/www.geopolitics.fr\/wp-content\/uploads\/2024\/01\/logo.jpg","contentUrl":"https:\/\/www.geopolitics.fr\/wp-content\/uploads\/2024\/01\/logo.jpg","width":500,"height":500,"caption":"Geopolitics.fr"},"image":{"@id":"https:\/\/www.geopolitics.fr\/#\/schema\/logo\/image\/"},"sameAs":["https:\/\/www.facebook.com\/people\/Erwan-Davoux\/61557098968092\/","https:\/\/x.com\/Geopolitics_Fr"]},{"@type":"Person","@id":"https:\/\/www.geopolitics.fr\/#\/schema\/person\/9b98d78234af63d6ad71199d66115350","name":"Olivier DELAGARDE","image":{"@type":"ImageObject","inLanguage":"en-GB","@id":"https:\/\/secure.gravatar.com\/avatar\/2c50afbd303b51697d9591857ee182bf3ead572fa530da00bb0278cf506c3a97?s=96&d=mm&r=g","url":"https:\/\/secure.gravatar.com\/avatar\/2c50afbd303b51697d9591857ee182bf3ead572fa530da00bb0278cf506c3a97?s=96&d=mm&r=g","contentUrl":"https:\/\/secure.gravatar.com\/avatar\/2c50afbd303b51697d9591857ee182bf3ead572fa530da00bb0278cf506c3a97?s=96&d=mm&r=g","caption":"Olivier DELAGARDE"},"description":"Journaliste depuis plus de 20 ans, accr\u00e9dit\u00e9 aupr\u00e8s de l'Organisation des Nations Unies, de la Ligue des Etats Arabes, titulaire de la Carte d'Identit\u00e9 des Journalistes Professionnels en France et de la F\u00e9d\u00e9ration Internationale des Journalistes, Olivier a occup\u00e9 le poste de Grand reporter correspondant permanent en \u00c9gypte pour des m\u00e9dias de renomm\u00e9e mondiale tels que TV5 MONDE, le GROUPE M6, le GROUPE TF1 ou encore l\u2019AFP. Durant plus de dix ann\u00e9es, il a produit de nombreux reportages sur la politique internationale en Afrique de l'Est, tout en couvrant les principaux conflits au Proche et Moyen-Orient. En tant que Chef de bureau Proche-Orient pour TV5 MONDE, il \u00e9tait responsable de la production de reportages, des relations institutionnelles et de la repr\u00e9sentation de la cha\u00eene, tout en \u00e9crivant pour plusieurs m\u00e9dias europ\u00e9ens et internationaux.","sameAs":["https:\/\/www.facebook.com\/odelagarde","https:\/\/www.linkedin.com\/in\/olivier-delagarde-816b17270\/"],"url":"https:\/\/www.geopolitics.fr\/en\/author\/odelagarde\/"}]}},"_links":{"self":[{"href":"https:\/\/www.geopolitics.fr\/en\/wp-json\/wp\/v2\/posts\/3416","targetHints":{"allow":["GET"]}}],"collection":[{"href":"https:\/\/www.geopolitics.fr\/en\/wp-json\/wp\/v2\/posts"}],"about":[{"href":"https:\/\/www.geopolitics.fr\/en\/wp-json\/wp\/v2\/types\/post"}],"author":[{"embeddable":true,"href":"https:\/\/www.geopolitics.fr\/en\/wp-json\/wp\/v2\/users\/93"}],"replies":[{"embeddable":true,"href":"https:\/\/www.geopolitics.fr\/en\/wp-json\/wp\/v2\/comments?post=3416"}],"version-history":[{"count":0,"href":"https:\/\/www.geopolitics.fr\/en\/wp-json\/wp\/v2\/posts\/3416\/revisions"}],"wp:featuredmedia":[{"embeddable":true,"href":"https:\/\/www.geopolitics.fr\/en\/wp-json\/wp\/v2\/media\/3417"}],"wp:attachment":[{"href":"https:\/\/www.geopolitics.fr\/en\/wp-json\/wp\/v2\/media?parent=3416"}],"wp:term":[{"taxonomy":"category","embeddable":true,"href":"https:\/\/www.geopolitics.fr\/en\/wp-json\/wp\/v2\/categories?post=3416"},{"taxonomy":"post_tag","embeddable":true,"href":"https:\/\/www.geopolitics.fr\/en\/wp-json\/wp\/v2\/tags?post=3416"}],"curies":[{"name":"wp","href":"https:\/\/api.w.org\/{rel}","templated":true}]}}