{"id":3371,"date":"2025-01-15T14:43:37","date_gmt":"2025-01-15T13:43:37","guid":{"rendered":"https:\/\/www.geopolitics.fr\/?p=3371"},"modified":"2025-01-15T14:44:48","modified_gmt":"2025-01-15T13:44:48","slug":"macron-en-visite-officielle-au-liban-vendredi","status":"publish","type":"post","link":"https:\/\/www.geopolitics.fr\/en\/2025\/01\/15\/macron-en-visite-officielle-au-liban-vendredi\/","title":{"rendered":"Macron en visite officielle au Liban vendredi"},"content":{"rendered":"<p class=\"has-medium-font-size wp-block-paragraph\"><br>PARIS (Reuters) Emmanuel Macron effectuera vendredi une visite officielle au Liban, a<br>annonc\u00e9 l\u2019Elys\u00e9e ce mardi soir. Un d\u00e9placement qui intervient \u00e0 la suite de l&rsquo;\u00e9lection la<br>semaine derni\u00e8re du commandant en chef de l&rsquo;arm\u00e9e, le g\u00e9n\u00e9ral Joseph Aoun, \u00e0 la<br>pr\u00e9sidence libanaise.<br>Emmanuel Macron veut ainsi \u00ab\u00a0marquer l&rsquo;engagement sans faille\u00a0\u00bb de la France en soutien au Liban, qui vit un \u00ab\u00a0moment historique\u00a0\u00bb, a d\u00e9clar\u00e9 la pr\u00e9sidence fran\u00e7aise dans un communiqu\u00e9.<br>L&rsquo;\u00e9lection de Joseph Aoun, qui b\u00e9n\u00e9ficie du soutien d&rsquo;une grande partie de la communaut\u00e9 internationale, a mis fin \u00e0 une vacance de plus de deux ans \u00e0 la pr\u00e9sidence libanaise, depuis la fin du mandat de Michel Aoun en octobre 2022.<br>Dans son communiqu\u00e9, l&rsquo;Elys\u00e9e a soulign\u00e9 que le d\u00e9placement d&rsquo;Emmanuel Macron<br>permettrait \u00e9galement de \u00ab\u00a0travailler \u00e0 la pleine mise en \u0153uvre\u00a0\u00bb de l&rsquo;accord de cessez-le-feu au Liban annonc\u00e9 en novembre dernier par le pr\u00e9sident fran\u00e7ais et son homologue am\u00e9ricain Joe Biden, dont le mandat \u00e0 la Maison blanche prendra fin formellement lundi prochain.<br>Paris dit souhaiter la formation \u00ab\u00a0dans les meilleurs d\u00e9lais\u00a0\u00bb d&rsquo;un gouvernement libanais<br>capable de \u00ab\u00a0rassembler\u00a0\u00bb et de \u00ab\u00a0mener les r\u00e9formes essentielles au redressement du pays (\u2026) ainsi qu&rsquo;\u00e0 la restauration de la s\u00e9curit\u00e9 et de la souverainet\u00e9 du Liban sur son territoire\u00a0\u00bb.<br>En parall\u00e8le au si\u00e8ge de la bande de Gaza d\u00e9cid\u00e9 en r\u00e9ponse \u00e0 l&rsquo;attaque du Hamas<br>palestinien le 7 octobre 2023, Isra\u00ebl a entam\u00e9 en septembre dernier une campagne militaire au Liban, pr\u00e9textant vouloir \u00e9radiquer le Hezbollah.<br>Au cours de sa premi\u00e8re prise de parole \u00e0 la suite du vote des d\u00e9put\u00e9s libanais jeudi dernier, Joseph Aoun a fait allusion au d\u00e9sarmement du Hezbollah, d\u00e9clarant vouloir que l&rsquo;arm\u00e9e libanaise, qui se tient \u00e0 l&rsquo;\u00e9cart des affrontements entre Tsahal et le mouvement align\u00e9 sur l&rsquo;Iran, ait le \u00ab\u00a0monopole du port des armes\u00a0\u00bb.<br>L\u2019Etat H\u00e9breu et le Hezbollah s&rsquo;accusent mutuellement de violations du cessez-le-feu au<br>Liban, dans ce qui constitue un conflit sans pr\u00e9c\u00e9dent depuis leur guerre en 2006.<\/p>","protected":false},"excerpt":{"rendered":"<p>PARIS (Reuters) Emmanuel Macron effectuera vendredi une visite officielle au Liban, aannonc\u00e9 l\u2019Elys\u00e9e ce mardi soir. Un d\u00e9placement qui intervient \u00e0 la&hellip;<\/p>","protected":false},"author":9,"featured_media":3372,"comment_status":"open","ping_status":"open","sticky":false,"template":"","format":"standard","meta":{"_lmt_disableupdate":"","_lmt_disable":"","footnotes":""},"categories":[4,3],"tags":[],"class_list":["post-3371","post","type-post","status-publish","format-standard","has-post-thumbnail","hentry","category-mis-en-avant","category-politique"],"yoast_head":"<!-- This site is optimized with the Yoast SEO Premium plugin v28.1 (Yoast SEO v28.1) - https:\/\/yoast.com\/product\/yoast-seo-premium-wordpress\/ -->\n<title>Macron en visite officielle au Liban vendredi | Geopolitics.fr<\/title>\n<meta name=\"description\" content=\"Emmanuel Macron effectuera une visite au Liban le 17 janvier suite \u00e0 l&#039;\u00e9lection de Joseph Aoun, alors que le cessez-le-feu est fragile.\" \/>\n<meta name=\"robots\" content=\"index, follow, max-snippet:-1, max-image-preview:large, max-video-preview:-1\" \/>\n<link rel=\"canonical\" href=\"https:\/\/www.geopolitics.fr\/en\/2025\/01\/15\/macron-en-visite-officielle-au-liban-vendredi\/\" \/>\n<meta property=\"og:locale\" content=\"en_GB\" \/>\n<meta property=\"og:type\" content=\"article\" \/>\n<meta property=\"og:title\" content=\"Macron en visite officielle au Liban vendredi\" \/>\n<meta property=\"og:description\" content=\"Emmanuel Macron effectuera une visite au Liban le 17 janvier suite \u00e0 l&#039;\u00e9lection de Joseph Aoun, alors que le cessez-le-feu est fragile.\" \/>\n<meta property=\"og:url\" content=\"https:\/\/www.geopolitics.fr\/en\/2025\/01\/15\/macron-en-visite-officielle-au-liban-vendredi\/\" \/>\n<meta property=\"og:site_name\" content=\"Geopolitics.fr\" \/>\n<meta property=\"article:publisher\" content=\"https:\/\/www.facebook.com\/people\/Erwan-Davoux\/61557098968092\/\" \/>\n<meta property=\"article:published_time\" content=\"2025-01-15T13:43:37+00:00\" \/>\n<meta property=\"article:modified_time\" content=\"2025-01-15T13:44:48+00:00\" \/>\n<meta property=\"og:image\" content=\"https:\/\/www.geopolitics.fr\/wp-content\/uploads\/2025\/01\/Macron-liban.jpg\" \/>\n\t<meta property=\"og:image:width\" content=\"768\" \/>\n\t<meta property=\"og:image:height\" content=\"513\" \/>\n\t<meta property=\"og:image:type\" content=\"image\/jpeg\" \/>\n<meta name=\"author\" content=\"contact@geopolitics.fr\" \/>\n<meta name=\"twitter:card\" content=\"summary_large_image\" \/>\n<meta name=\"twitter:creator\" content=\"@Geopolitics_Fr\" \/>\n<meta name=\"twitter:site\" content=\"@Geopolitics_Fr\" \/>\n<meta name=\"twitter:label1\" content=\"Written by\" \/>\n\t<meta name=\"twitter:data1\" content=\"contact@geopolitics.fr\" \/>\n\t<meta name=\"twitter:label2\" content=\"Estimated reading time\" \/>\n\t<meta name=\"twitter:data2\" content=\"2 minutes\" \/>\n<script type=\"application\/ld+json\" class=\"yoast-schema-graph\">{\"@context\":\"https:\\\/\\\/schema.org\",\"@graph\":[{\"@type\":\"Article\",\"@id\":\"https:\\\/\\\/www.geopolitics.fr\\\/2025\\\/01\\\/15\\\/macron-en-visite-officielle-au-liban-vendredi\\\/#article\",\"isPartOf\":{\"@id\":\"https:\\\/\\\/www.geopolitics.fr\\\/2025\\\/01\\\/15\\\/macron-en-visite-officielle-au-liban-vendredi\\\/\"},\"author\":{\"name\":\"contact@geopolitics.fr\",\"@id\":\"https:\\\/\\\/www.geopolitics.fr\\\/#\\\/schema\\\/person\\\/69dde260ad11805e2aa68f0d9e9128da\"},\"headline\":\"Macron en visite officielle au Liban vendredi\",\"datePublished\":\"2025-01-15T13:43:37+00:00\",\"dateModified\":\"2025-01-15T13:44:48+00:00\",\"mainEntityOfPage\":{\"@id\":\"https:\\\/\\\/www.geopolitics.fr\\\/2025\\\/01\\\/15\\\/macron-en-visite-officielle-au-liban-vendredi\\\/\"},\"wordCount\":362,\"commentCount\":0,\"publisher\":{\"@id\":\"https:\\\/\\\/www.geopolitics.fr\\\/#organization\"},\"image\":{\"@id\":\"https:\\\/\\\/www.geopolitics.fr\\\/2025\\\/01\\\/15\\\/macron-en-visite-officielle-au-liban-vendredi\\\/#primaryimage\"},\"thumbnailUrl\":\"https:\\\/\\\/www.geopolitics.fr\\\/wp-content\\\/uploads\\\/2025\\\/01\\\/Macron-liban.jpg\",\"articleSection\":[\"Mis en AVANT\",\"Politique\"],\"inLanguage\":\"en-GB\"},{\"@type\":\"WebPage\",\"@id\":\"https:\\\/\\\/www.geopolitics.fr\\\/2025\\\/01\\\/15\\\/macron-en-visite-officielle-au-liban-vendredi\\\/\",\"url\":\"https:\\\/\\\/www.geopolitics.fr\\\/2025\\\/01\\\/15\\\/macron-en-visite-officielle-au-liban-vendredi\\\/\",\"name\":\"Macron en visite officielle au Liban vendredi | Geopolitics.fr\",\"isPartOf\":{\"@id\":\"https:\\\/\\\/www.geopolitics.fr\\\/#website\"},\"primaryImageOfPage\":{\"@id\":\"https:\\\/\\\/www.geopolitics.fr\\\/2025\\\/01\\\/15\\\/macron-en-visite-officielle-au-liban-vendredi\\\/#primaryimage\"},\"image\":{\"@id\":\"https:\\\/\\\/www.geopolitics.fr\\\/2025\\\/01\\\/15\\\/macron-en-visite-officielle-au-liban-vendredi\\\/#primaryimage\"},\"thumbnailUrl\":\"https:\\\/\\\/www.geopolitics.fr\\\/wp-content\\\/uploads\\\/2025\\\/01\\\/Macron-liban.jpg\",\"datePublished\":\"2025-01-15T13:43:37+00:00\",\"dateModified\":\"2025-01-15T13:44:48+00:00\",\"description\":\"Emmanuel Macron effectuera une visite au Liban le 17 janvier suite \u00e0 l'\u00e9lection de Joseph Aoun, alors que le cessez-le-feu est fragile.\",\"breadcrumb\":{\"@id\":\"https:\\\/\\\/www.geopolitics.fr\\\/2025\\\/01\\\/15\\\/macron-en-visite-officielle-au-liban-vendredi\\\/#breadcrumb\"},\"inLanguage\":\"en-GB\",\"potentialAction\":[{\"@type\":\"ReadAction\",\"target\":[\"https:\\\/\\\/www.geopolitics.fr\\\/2025\\\/01\\\/15\\\/macron-en-visite-officielle-au-liban-vendredi\\\/\"]}]},{\"@type\":\"ImageObject\",\"inLanguage\":\"en-GB\",\"@id\":\"https:\\\/\\\/www.geopolitics.fr\\\/2025\\\/01\\\/15\\\/macron-en-visite-officielle-au-liban-vendredi\\\/#primaryimage\",\"url\":\"https:\\\/\\\/www.geopolitics.fr\\\/wp-content\\\/uploads\\\/2025\\\/01\\\/Macron-liban.jpg\",\"contentUrl\":\"https:\\\/\\\/www.geopolitics.fr\\\/wp-content\\\/uploads\\\/2025\\\/01\\\/Macron-liban.jpg\",\"width\":768,\"height\":513},{\"@type\":\"BreadcrumbList\",\"@id\":\"https:\\\/\\\/www.geopolitics.fr\\\/2025\\\/01\\\/15\\\/macron-en-visite-officielle-au-liban-vendredi\\\/#breadcrumb\",\"itemListElement\":[{\"@type\":\"ListItem\",\"position\":1,\"name\":\"Accueil\",\"item\":\"https:\\\/\\\/www.geopolitics.fr\\\/\"},{\"@type\":\"ListItem\",\"position\":2,\"name\":\"Macron en visite officielle au Liban vendredi\"}]},{\"@type\":\"WebSite\",\"@id\":\"https:\\\/\\\/www.geopolitics.fr\\\/#website\",\"url\":\"https:\\\/\\\/www.geopolitics.fr\\\/\",\"name\":\"Geopolitics.fr\",\"description\":\"Geopolitics.fr Analyse politique, relations internationales, d\u00e9fense - ligne \u00e9ditoriale gaullo-chiraquienne\",\"publisher\":{\"@id\":\"https:\\\/\\\/www.geopolitics.fr\\\/#organization\"},\"potentialAction\":[{\"@type\":\"SearchAction\",\"target\":{\"@type\":\"EntryPoint\",\"urlTemplate\":\"https:\\\/\\\/www.geopolitics.fr\\\/?s={search_term_string}\"},\"query-input\":{\"@type\":\"PropertyValueSpecification\",\"valueRequired\":true,\"valueName\":\"search_term_string\"}}],\"inLanguage\":\"en-GB\"},{\"@type\":\"Organization\",\"@id\":\"https:\\\/\\\/www.geopolitics.fr\\\/#organization\",\"name\":\"Geopolitics.fr\",\"url\":\"https:\\\/\\\/www.geopolitics.fr\\\/\",\"logo\":{\"@type\":\"ImageObject\",\"inLanguage\":\"en-GB\",\"@id\":\"https:\\\/\\\/www.geopolitics.fr\\\/#\\\/schema\\\/logo\\\/image\\\/\",\"url\":\"https:\\\/\\\/www.geopolitics.fr\\\/wp-content\\\/uploads\\\/2024\\\/01\\\/logo.jpg\",\"contentUrl\":\"https:\\\/\\\/www.geopolitics.fr\\\/wp-content\\\/uploads\\\/2024\\\/01\\\/logo.jpg\",\"width\":500,\"height\":500,\"caption\":\"Geopolitics.fr\"},\"image\":{\"@id\":\"https:\\\/\\\/www.geopolitics.fr\\\/#\\\/schema\\\/logo\\\/image\\\/\"},\"sameAs\":[\"https:\\\/\\\/www.facebook.com\\\/people\\\/Erwan-Davoux\\\/61557098968092\\\/\",\"https:\\\/\\\/x.com\\\/Geopolitics_Fr\"]},{\"@type\":\"Person\",\"@id\":\"https:\\\/\\\/www.geopolitics.fr\\\/#\\\/schema\\\/person\\\/69dde260ad11805e2aa68f0d9e9128da\",\"name\":\"contact@geopolitics.fr\",\"image\":{\"@type\":\"ImageObject\",\"inLanguage\":\"en-GB\",\"@id\":\"https:\\\/\\\/www.geopolitics.fr\\\/wp-content\\\/uploads\\\/2024\\\/01\\\/edito-bonne-banniere-96x96.jpg\",\"url\":\"https:\\\/\\\/www.geopolitics.fr\\\/wp-content\\\/uploads\\\/2024\\\/01\\\/edito-bonne-banniere-96x96.jpg\",\"contentUrl\":\"https:\\\/\\\/www.geopolitics.fr\\\/wp-content\\\/uploads\\\/2024\\\/01\\\/edito-bonne-banniere-96x96.jpg\",\"caption\":\"contact@geopolitics.fr\"},\"url\":\"https:\\\/\\\/www.geopolitics.fr\\\/en\\\/author\\\/contactgeopolitics-fr\\\/\"}]}<\/script>\n<!-- \/ Yoast SEO Premium plugin. -->","yoast_head_json":{"title":"Macron en visite officielle au Liban vendredi | Geopolitics.fr","description":"Emmanuel Macron effectuera une visite au Liban le 17 janvier suite \u00e0 l'\u00e9lection de Joseph Aoun, alors que le cessez-le-feu est fragile.","robots":{"index":"index","follow":"follow","max-snippet":"max-snippet:-1","max-image-preview":"max-image-preview:large","max-video-preview":"max-video-preview:-1"},"canonical":"https:\/\/www.geopolitics.fr\/en\/2025\/01\/15\/macron-en-visite-officielle-au-liban-vendredi\/","og_locale":"en_GB","og_type":"article","og_title":"Macron en visite officielle au Liban vendredi","og_description":"Emmanuel Macron effectuera une visite au Liban le 17 janvier suite \u00e0 l'\u00e9lection de Joseph Aoun, alors que le cessez-le-feu est fragile.","og_url":"https:\/\/www.geopolitics.fr\/en\/2025\/01\/15\/macron-en-visite-officielle-au-liban-vendredi\/","og_site_name":"Geopolitics.fr","article_publisher":"https:\/\/www.facebook.com\/people\/Erwan-Davoux\/61557098968092\/","article_published_time":"2025-01-15T13:43:37+00:00","article_modified_time":"2025-01-15T13:44:48+00:00","og_image":[{"width":768,"height":513,"url":"https:\/\/www.geopolitics.fr\/wp-content\/uploads\/2025\/01\/Macron-liban.jpg","type":"image\/jpeg"}],"author":"contact@geopolitics.fr","twitter_card":"summary_large_image","twitter_creator":"@Geopolitics_Fr","twitter_site":"@Geopolitics_Fr","twitter_misc":{"Written by":"contact@geopolitics.fr","Estimated reading time":"2 minutes"},"schema":{"@context":"https:\/\/schema.org","@graph":[{"@type":"Article","@id":"https:\/\/www.geopolitics.fr\/2025\/01\/15\/macron-en-visite-officielle-au-liban-vendredi\/#article","isPartOf":{"@id":"https:\/\/www.geopolitics.fr\/2025\/01\/15\/macron-en-visite-officielle-au-liban-vendredi\/"},"author":{"name":"contact@geopolitics.fr","@id":"https:\/\/www.geopolitics.fr\/#\/schema\/person\/69dde260ad11805e2aa68f0d9e9128da"},"headline":"Macron en visite officielle au Liban vendredi","datePublished":"2025-01-15T13:43:37+00:00","dateModified":"2025-01-15T13:44:48+00:00","mainEntityOfPage":{"@id":"https:\/\/www.geopolitics.fr\/2025\/01\/15\/macron-en-visite-officielle-au-liban-vendredi\/"},"wordCount":362,"commentCount":0,"publisher":{"@id":"https:\/\/www.geopolitics.fr\/#organization"},"image":{"@id":"https:\/\/www.geopolitics.fr\/2025\/01\/15\/macron-en-visite-officielle-au-liban-vendredi\/#primaryimage"},"thumbnailUrl":"https:\/\/www.geopolitics.fr\/wp-content\/uploads\/2025\/01\/Macron-liban.jpg","articleSection":["Mis en AVANT","Politique"],"inLanguage":"en-GB"},{"@type":"WebPage","@id":"https:\/\/www.geopolitics.fr\/2025\/01\/15\/macron-en-visite-officielle-au-liban-vendredi\/","url":"https:\/\/www.geopolitics.fr\/2025\/01\/15\/macron-en-visite-officielle-au-liban-vendredi\/","name":"Macron en visite officielle au Liban vendredi | Geopolitics.fr","isPartOf":{"@id":"https:\/\/www.geopolitics.fr\/#website"},"primaryImageOfPage":{"@id":"https:\/\/www.geopolitics.fr\/2025\/01\/15\/macron-en-visite-officielle-au-liban-vendredi\/#primaryimage"},"image":{"@id":"https:\/\/www.geopolitics.fr\/2025\/01\/15\/macron-en-visite-officielle-au-liban-vendredi\/#primaryimage"},"thumbnailUrl":"https:\/\/www.geopolitics.fr\/wp-content\/uploads\/2025\/01\/Macron-liban.jpg","datePublished":"2025-01-15T13:43:37+00:00","dateModified":"2025-01-15T13:44:48+00:00","description":"Emmanuel Macron effectuera une visite au Liban le 17 janvier suite \u00e0 l'\u00e9lection de Joseph Aoun, alors que le cessez-le-feu est fragile.","breadcrumb":{"@id":"https:\/\/www.geopolitics.fr\/2025\/01\/15\/macron-en-visite-officielle-au-liban-vendredi\/#breadcrumb"},"inLanguage":"en-GB","potentialAction":[{"@type":"ReadAction","target":["https:\/\/www.geopolitics.fr\/2025\/01\/15\/macron-en-visite-officielle-au-liban-vendredi\/"]}]},{"@type":"ImageObject","inLanguage":"en-GB","@id":"https:\/\/www.geopolitics.fr\/2025\/01\/15\/macron-en-visite-officielle-au-liban-vendredi\/#primaryimage","url":"https:\/\/www.geopolitics.fr\/wp-content\/uploads\/2025\/01\/Macron-liban.jpg","contentUrl":"https:\/\/www.geopolitics.fr\/wp-content\/uploads\/2025\/01\/Macron-liban.jpg","width":768,"height":513},{"@type":"BreadcrumbList","@id":"https:\/\/www.geopolitics.fr\/2025\/01\/15\/macron-en-visite-officielle-au-liban-vendredi\/#breadcrumb","itemListElement":[{"@type":"ListItem","position":1,"name":"Accueil","item":"https:\/\/www.geopolitics.fr\/"},{"@type":"ListItem","position":2,"name":"Macron en visite officielle au Liban vendredi"}]},{"@type":"WebSite","@id":"https:\/\/www.geopolitics.fr\/#website","url":"https:\/\/www.geopolitics.fr\/","name":"Geopolitics.fr","description":"Geopolitics.fr Analyse politique, relations internationales, d\u00e9fense - ligne \u00e9ditoriale gaullo-chiraquienne","publisher":{"@id":"https:\/\/www.geopolitics.fr\/#organization"},"potentialAction":[{"@type":"SearchAction","target":{"@type":"EntryPoint","urlTemplate":"https:\/\/www.geopolitics.fr\/?s={search_term_string}"},"query-input":{"@type":"PropertyValueSpecification","valueRequired":true,"valueName":"search_term_string"}}],"inLanguage":"en-GB"},{"@type":"Organization","@id":"https:\/\/www.geopolitics.fr\/#organization","name":"Geopolitics.fr","url":"https:\/\/www.geopolitics.fr\/","logo":{"@type":"ImageObject","inLanguage":"en-GB","@id":"https:\/\/www.geopolitics.fr\/#\/schema\/logo\/image\/","url":"https:\/\/www.geopolitics.fr\/wp-content\/uploads\/2024\/01\/logo.jpg","contentUrl":"https:\/\/www.geopolitics.fr\/wp-content\/uploads\/2024\/01\/logo.jpg","width":500,"height":500,"caption":"Geopolitics.fr"},"image":{"@id":"https:\/\/www.geopolitics.fr\/#\/schema\/logo\/image\/"},"sameAs":["https:\/\/www.facebook.com\/people\/Erwan-Davoux\/61557098968092\/","https:\/\/x.com\/Geopolitics_Fr"]},{"@type":"Person","@id":"https:\/\/www.geopolitics.fr\/#\/schema\/person\/69dde260ad11805e2aa68f0d9e9128da","name":"contact@geopolitics.fr","image":{"@type":"ImageObject","inLanguage":"en-GB","@id":"https:\/\/www.geopolitics.fr\/wp-content\/uploads\/2024\/01\/edito-bonne-banniere-96x96.jpg","url":"https:\/\/www.geopolitics.fr\/wp-content\/uploads\/2024\/01\/edito-bonne-banniere-96x96.jpg","contentUrl":"https:\/\/www.geopolitics.fr\/wp-content\/uploads\/2024\/01\/edito-bonne-banniere-96x96.jpg","caption":"contact@geopolitics.fr"},"url":"https:\/\/www.geopolitics.fr\/en\/author\/contactgeopolitics-fr\/"}]}},"_links":{"self":[{"href":"https:\/\/www.geopolitics.fr\/en\/wp-json\/wp\/v2\/posts\/3371","targetHints":{"allow":["GET"]}}],"collection":[{"href":"https:\/\/www.geopolitics.fr\/en\/wp-json\/wp\/v2\/posts"}],"about":[{"href":"https:\/\/www.geopolitics.fr\/en\/wp-json\/wp\/v2\/types\/post"}],"author":[{"embeddable":true,"href":"https:\/\/www.geopolitics.fr\/en\/wp-json\/wp\/v2\/users\/9"}],"replies":[{"embeddable":true,"href":"https:\/\/www.geopolitics.fr\/en\/wp-json\/wp\/v2\/comments?post=3371"}],"version-history":[{"count":0,"href":"https:\/\/www.geopolitics.fr\/en\/wp-json\/wp\/v2\/posts\/3371\/revisions"}],"wp:featuredmedia":[{"embeddable":true,"href":"https:\/\/www.geopolitics.fr\/en\/wp-json\/wp\/v2\/media\/3372"}],"wp:attachment":[{"href":"https:\/\/www.geopolitics.fr\/en\/wp-json\/wp\/v2\/media?parent=3371"}],"wp:term":[{"taxonomy":"category","embeddable":true,"href":"https:\/\/www.geopolitics.fr\/en\/wp-json\/wp\/v2\/categories?post=3371"},{"taxonomy":"post_tag","embeddable":true,"href":"https:\/\/www.geopolitics.fr\/en\/wp-json\/wp\/v2\/tags?post=3371"}],"curies":[{"name":"wp","href":"https:\/\/api.w.org\/{rel}","templated":true}]}}