{"id":3368,"date":"2025-01-14T20:45:07","date_gmt":"2025-01-14T19:45:07","guid":{"rendered":"https:\/\/www.geopolitics.fr\/?p=3368"},"modified":"2025-01-14T20:45:09","modified_gmt":"2025-01-14T19:45:09","slug":"gaza-syrie-suite-les-organisations-et-les-personnels-humanitaires-sont-des-cibles-pour-tsahal","status":"publish","type":"post","link":"https:\/\/www.geopolitics.fr\/en\/2025\/01\/14\/gaza-syrie-suite-les-organisations-et-les-personnels-humanitaires-sont-des-cibles-pour-tsahal\/","title":{"rendered":"[Gaza, Syrie, suite] Les organisations et les personnels humanitaires sont des cibles pour Tsahal"},"content":{"rendered":"<p class=\"has-medium-font-size wp-block-paragraph\"><em>Alors que les agences et organisations humanitaires assistent \u00e0 \u00ab l\u2019effondrement de l\u2019ordre public et au pillage arm\u00e9 syst\u00e9matique de l\u2019aide&nbsp;\u00bb par des gangs locaux \u00e0 Gaza, le Coordinateur des secours d\u2019urgence des Nations Unies appelle la communaut\u00e9 internationale \u00e0 intervenir afin de \u00ab briser le cycle de la violence \u00bb dans l\u2019enclave palestinienne.<\/em><\/p>\n\n\n\n<p class=\"has-medium-font-size wp-block-paragraph\">Selon le Bureau de coordination des affaires humanitaires de l\u2019ONU (OCHA), Gaza est actuellement l\u2019endroit le plus dangereux au monde, o\u00f9 le nombre d\u2019humanitaires tu\u00e9s est le plus \u00e9lev\u00e9 jamais enregistr\u00e9 au cours d\u2019une seule ann\u00e9e.<\/p>\n\n\n\n<p class=\"has-medium-font-size wp-block-paragraph\">Ce cri d\u2019appel du Secr\u00e9taire g\u00e9n\u00e9ral adjoint aux affaires humanitaires, est lanc\u00e9 tandis que les frappes a\u00e9riennes isra\u00e9liennes dans les zones dens\u00e9ment peupl\u00e9es se poursuivent inlassablement, y compris sur les zones o\u00f9 les forces isra\u00e9liennes ont ordonn\u00e9 \u00e0 la population de fuir, provoquant d\u2019innombrables destructions, des d\u00e9placements massifs et des morts par milliers.<\/p>\n\n\n\n<p class=\"has-medium-font-size wp-block-paragraph\">\u00ab <em>Les \u00e9coles, les h\u00f4pitaux et les infrastructures civiles ont \u00e9t\u00e9 r\u00e9duits \u00e0 l\u2019\u00e9tat de ruines<\/em> \u00bb, a rapport\u00e9 dans un r\u00e9cent communiqu\u00e9 Tom Fletcher, \u00e0 son retour d\u2019une \u00e9ni\u00e8me mission au Moyen-Orient et apr\u00e8s avoir rencontr\u00e9 ses \u00e9quipes humanitaires au c\u0153ur du Territoire palestinien occup\u00e9.<\/p>\n\n\n\n<p class=\"has-medium-font-size wp-block-paragraph\">Selon le repr\u00e9sentant onusien, le sud de Gaza subit un surpeuplement de plus en plus insupportable, ayant pour cons\u00e9quence des conditions de vie inhumaines et g\u00e9n\u00e9rant des besoins humanitaires proche de l\u2019impossible \u00e0 l\u2019approche de l\u2019hiver. Dans le m\u00eame temps, le nord de la bande de Gaza est soumis \u00e0 un si\u00e8ge quasi total depuis plus de deux mois, faisant \u00ab <em>planer le spectre d\u2019une famine<\/em> <em>in\u00e9dite<\/em> \u00bb.<\/p>\n\n\n\n<h2 class=\"wp-block-heading\" id=\"h-des-blocages-et-des-impossibilites-de-fournir-l-aide-au-nord-gaza-assiege-depuis-plus-de-deux-mois\"><strong>Des blocages et des impossibilit\u00e9s de fournir l\u2019aide au nord Gaza assi\u00e9g\u00e9 depuis plus de deux mois<\/strong><\/h2>\n\n\n\n<p class=\"has-medium-font-size wp-block-paragraph\">Dans le m\u00eame temps, les missions humanitaires dans le gouvernorat de Gaza Nord ont \u00e9t\u00e9 particuli\u00e8rement perturb\u00e9es, notamment celles qui cherchaient \u00e0 atteindre Jabalia, Beit Lahiya et Beit Hanoun. Entre le 1er et le 16 d\u00e9cembre, les Nations Unies ont \u00e9t\u00e9 emp\u00each\u00e9es d\u2019atteindre ces zones assi\u00e9g\u00e9es \u00e0 40 reprises, 38 d\u2019entre elles ont \u00e9t\u00e9 purement refus\u00e9es et menac\u00e9es,&nbsp; deux ont \u00e9t\u00e9 entrav\u00e9es par des contr\u00f4les arbitraires par les armes.<\/p>\n\n\n\n<p class=\"has-medium-font-size wp-block-paragraph\">Dans les zones du gouvernorat de Rafah, qui font l\u2019objet d\u2019une op\u00e9ration et d\u2019une occupation militaire isra\u00e9lienne depuis le d\u00e9but du mois de mai, les missions d\u2019aide internationales coordonn\u00e9es par la communaut\u00e9 internationale, sous \u00e9gide des Nations Unies, ont \u00e9t\u00e9 confront\u00e9es \u00e0 des violations incessantes des conventions internationales. Les 20 demandes coordonn\u00e9es soumises aux autorit\u00e9s isra\u00e9liennes entre le 1er et le 16 d\u00e9cembre ont toutes fait l\u2019objet d\u2019un refus cat\u00e9gorique et mena\u00e7ant de r\u00e9torsions.<\/p>\n\n\n\n<p class=\"has-medium-font-size wp-block-paragraph\">\u00ab <em>Malgr\u00e9 l\u2019ampleur des besoins humanitaires, il est devenu presque impossible de fournir ne serait-ce qu\u2019une fraction de l\u2019aide requise de toute urgence<\/em> \u00bb, a d\u00e9plor\u00e9 le chef d\u2019OCHA, relevant que plus de 100 demandes d\u2019acc\u00e8s au nord de Gaza ont \u00e9t\u00e9 rejet\u00e9es depuis le 6 octobre.<\/p>\n\n\n\n<p class=\"has-medium-font-size wp-block-paragraph\">D\u2019une mani\u00e8re g\u00e9n\u00e9rale et fort de leur exp\u00e9rience, les agences et organisations non gouvernementales savent s\u2019adapter aux terrains les plus p\u00e9rilleux et risqu\u00e9s, afin d\u2019apporter une aide humanitaire adapt\u00e9e.&nbsp; Selon l\u2019OCHA au 17 d\u00e9cembre, environ 80 % de Gaza faisait l\u2019objet d\u2019un ordre d\u2019\u00e9vacuation actif \u00e9mis par Isra\u00ebl \u00e0 leur encontre.<\/p>\n\n\n\n<p class=\"has-medium-font-size wp-block-paragraph\">Or, au moins 1,9 million de personnes, soit environ 90 % de la population, sont d\u00e9plac\u00e9es et concentr\u00e9es dans la bande de Gaza. Bon nombre d\u2019entre elles ont d\u2019ores et d\u00e9j\u00e0 \u00e9t\u00e9 d\u00e9plac\u00e9es \u00e0 plusieurs reprises, certaines dix fois ou plus.<\/p>\n\n\n\n<h2 class=\"wp-block-heading\" id=\"h-destruction-d-infrastructures-essentielles-et-violences-des-colons-en-cisjordanie\"><strong>Destruction d\u2019infrastructures essentielles et violences des colons en Cisjordanie<\/strong><\/h2>\n\n\n\n<p class=\"has-medium-font-size wp-block-paragraph\">Du c\u00f4t\u00e9 de la Cisjordanie, la situation continue de se d\u00e9t\u00e9riorer et&nbsp; \u00ab<em>&nbsp;le nombre de morts est le plus \u00e9lev\u00e9 que nous ayons jamais enregistr\u00e9<\/em> \u00bb, se d\u00e9sole Tom Fletcher. Au cours de l\u2019ann\u00e9e \u00e9coul\u00e9e, les op\u00e9rations militaires isra\u00e9liennes ont entra\u00een\u00e9 non sans une volont\u00e9 macabre, la destruction d\u2019infrastructures essentielles telles que les routes et les voies d\u2019acc\u00e8s \u00e0 la population, les r\u00e9seaux d\u2019eau et globalement le peu de ressources \u00e9nerg\u00e9tiques, en particulier dans les camps de r\u00e9fugi\u00e9s o\u00f9 sont regroup\u00e9s par la force, les familles d\u00e9plac\u00e9es.<\/p>\n\n\n\n<p class=\"has-medium-font-size wp-block-paragraph\">Nous l\u2019\u00e9crirons jamais assez, la mont\u00e9e en puissance de la violence des colons et les d\u00e9molitions d\u2019habitations ont g\u00e9n\u00e9r\u00e9 des exodes toujours plus massifs et en cons\u00e9quence des besoins humanitaires exponentiels. L\u00e0 aussi, les restrictions de circulation entravent les moyens de subsistance des populations, mais aussi l\u2019acc\u00e8s aux services essentiels, en particulier les soins de sant\u00e9.<\/p>\n\n\n\n<p class=\"has-medium-font-size wp-block-paragraph\">Face \u00e0 ces d\u00e9fis s\u00e9curitaires toujours grandissants, les Nations Unies et la communaut\u00e9 humanitaire internationale restent pr\u00e9sents et tentent malgr\u00e9 tout d\u2019apporter leur contribution, malgr\u00e9 des obstacles et surtout des dangers de plus en plus importants pour leurs personnels.<\/p>\n\n\n\n<p class=\"has-medium-font-size wp-block-paragraph\">\u00ab <em>J\u2019appelle la communaut\u00e9 internationale \u00e0 d\u00e9fendre le droit humanitaire international, \u00e0 exiger la protection de tous les civils, \u00e0 insister pour que le Hamas lib\u00e8re tous les otages, \u00e0 d\u00e9fendre le travail vital de l\u2019UNRWA et \u00e0 rompre le cycle de la violence<\/em> \u00bb, exhorte Tom Fletcher.<\/p>\n\n\n\n<h2 class=\"wp-block-heading\" id=\"h-le-programme-alimentaire-mondial-pam-condamne-une-attaque-israelienne-contre-un-convoi-d-aide\"><strong>Le Programme alimentaire mondial (PAM) condamne une attaque isra\u00e9lienne contre un convoi d&rsquo;aide<\/strong><\/h2>\n\n\n\n<p class=\"has-medium-font-size wp-block-paragraph\">Les frappes a\u00e9riennes isra\u00e9liennes se sont poursuivies avec une intensit\u00e9 d\u00e9cupl\u00e9e dans la bande de Gaza dans la nuit de dimanche \u00e0 lundi, alors que le Programme alimentaire mondial (PAM) avait signal\u00e9 qu&rsquo;un de ses convois d&rsquo;aide dans l&rsquo;enclave ravag\u00e9e par la guerre, avait \u00e9t\u00e9 cibl\u00e9 par des tirs isra\u00e9liens dimanche.<\/p>\n\n\n\n<p class=\"has-medium-font-size wp-block-paragraph\">Le PAM a publi\u00e9 lundi un communiqu\u00e9 condamnant l&rsquo;attaque, insistant sur le fait que ses v\u00e9hicules \u00e9taient \u00ab <em>clairement identifi\u00e9s<\/em> \u00bb. Pas moins 16 impacts de balles ont touch\u00e9 le convoi de trois v\u00e9hicules transportant huit membres du personnel qui ont essuy\u00e9 ces tirs pr\u00e8s du poste de contr\u00f4le de Wadi Gaza. \u00ab <em>Heureusement, aucun membre du personnel n&rsquo;a \u00e9t\u00e9 bless\u00e9 <\/em>\u00bb, a en outre pr\u00e9cis\u00e9 l&rsquo;agence.<\/p>\n\n\n\n<p class=\"has-medium-font-size wp-block-paragraph\">Alors que toutes les autorisations n\u00e9cessaires avaient \u00e9t\u00e9 obtenues aupr\u00e8s des autorit\u00e9s isra\u00e9liennes, le PAM a d\u00e9clar\u00e9 qu&rsquo;il s&rsquo;agissait \u00ab <em>simplement du dernier exemple de l&rsquo;environnement de travail complexe et dangereux <\/em>\u00bb auquel ses \u00e9quipes sont confront\u00e9es.<\/p>\n\n\n\n<h2 class=\"wp-block-heading\" id=\"h-frapper-les-hommes-frapper-le-materiel-et-les-vivres\"><strong>Frapper les hommes, frapper le mat\u00e9riel et les vivres<\/strong><\/h2>\n\n\n\n<p class=\"has-medium-font-size wp-block-paragraph\">Ces nouveaux faits criminels au regard du droit international, intervient alors que dans le m\u00eame temps ce week-end, un missile frappait un entrep\u00f4t de distribution de farine dans le centre de Gaza g\u00e9r\u00e9, ce dernier g\u00e9r\u00e9 par un partenaire humanitaire de l&rsquo;ONU, faisant trois bless\u00e9s graves parmi les personnels humanitaires.<\/p>\n\n\n\n<p class=\"has-medium-font-size wp-block-paragraph\">Les \u00e9quipes des agences de l&rsquo;ONU \u00e0 proximit\u00e9 de l&rsquo;entrep\u00f4t ont relev\u00e9 au-del\u00e0 des cris apr\u00e8s la frappe, des pillages et de nombreux tirs d\u2019armes l\u00e9g\u00e8res au sol apr\u00e8s l&rsquo;explosion de dimanche, notamment dans les locaux du centre de d\u00e9veloppement MA&rsquo;AN.<\/p>\n\n\n\n<p class=\"has-medium-font-size wp-block-paragraph\">Alors que la situation s\u2019empirant dramatiquement dans la r\u00e9gion s\u2019\u00e9loigne des radars m\u00e9diatiques, il n\u2019est pas inutile ici de rappeler que cela fait 15 longs mois que la guerre a \u00e9clat\u00e9 \u00e0 Gaza, en suite des attaques terroristes men\u00e9es par le Hamas contre Isra\u00ebl, et qui certes ont fait quelques 1.200 morts en octobre 2023 et plus de 250 personnes prises en otage.<\/p>\n\n\n\n<p class=\"has-medium-font-size wp-block-paragraph\">Les pourparlers sans fins d\u2019un hypoth\u00e9tique cessez-le-feu entre les responsables palestiniens et Isra\u00ebl s\u2019\u00e9loignent tout les jours un peu plus. &nbsp;Plus encore \u00e0 un accord durable afin de mettre fin \u00e0 la violence ou lib\u00e9rer les personnes qui restent otages.<\/p>\n\n\n\n<p class=\"has-medium-font-size wp-block-paragraph\">\u00c0 l\u2019heure o\u00f9 nous publions, pour ne pas oublier, des bombardements isra\u00e9liens a\u00e9riens, terrestres et maritimes continuent de s\u2019acc\u00e9l\u00e9rer dans la bande de Gaza, o\u00f9 un hiver rigoureux s\u2019est install\u00e9.<\/p>\n\n\n\n<p class=\"has-medium-font-size wp-block-paragraph\">Ces derniers jours, huit nourrissons seraient morts d\u2019hypothermie et \u00e0 ce jour, plus de 45.300 Palestiniens ont \u00e9t\u00e9 tu\u00e9s et plus de 107.700 bless\u00e9s ont \u00e9t\u00e9 recens\u00e9s. Et les chiffres sont plus qu\u2019alarmants pour quiconque cherche un avenir au conflit&nbsp;: un sur cinq d\u2019entre eux a subi des blessures irr\u00e9parables et ayant pour cons\u00e9quence un tr\u00e8s lourd handicap, depuis le 7 octobre 2023 selon les autorit\u00e9s.<\/p>\n\n\n\n<h2 class=\"wp-block-heading\" id=\"h-des-tensions-qui-montent-egalement-en-puissance-au-levant\"><strong>Des tensions qui montent \u00e9galement en puissance au levant<\/strong><\/h2>\n\n\n\n<p class=\"has-medium-font-size wp-block-paragraph\">Au Liban, la force de maintien de la paix de l\u2019ONU a exhort\u00e9 toutes les parties au conflit \u00e0 renoncer \u00e0 toute action qui pourrait mettre en p\u00e9ril leur fragile cessez-le-feu, apr\u00e8s la \u00ab destruction d\u00e9lib\u00e9r\u00e9e et directe \u00bb par l&rsquo;arm\u00e9e isra\u00e9lienne, d\u2019une ligne de marquage de retrait dans le sud du Liban.<\/p>\n\n\n\n<p class=\"has-medium-font-size wp-block-paragraph\">Dans une d\u00e9claration condamnant cette d\u00e9cision, la Force int\u00e9rimaire des Nations Unies au Liban (FINUL) a parfaitement d\u00e9crit r\u00e9cemment dans une note remise au Conseil de s\u00e9curit\u00e9, comment les soldats de la paix ont observ\u00e9 le travail acharn\u00e9 d\u2019un bulldozer de Tsahal \u00ab <em>d\u00e9truire un tonneau bleu marquant la ligne de retrait entre le Liban et Isra\u00ebl \u00e0 Labbouneh, ainsi qu\u2019une tour d\u2019observation appartenant aux forces arm\u00e9es libanaises imm\u00e9diatement \u00e0 c\u00f4t\u00e9 d\u2019une position de la FINUL \u00e0 cet endroit <\/em>\u00bb.<\/p>\n\n\n\n<p class=\"has-medium-font-size wp-block-paragraph\">Ce d\u00e9veloppement constitue \u00ab <em>une violation flagrante de la r\u00e9solution 1701 et du droit international<\/em> \u00bb, a insist\u00e9 la Mission de l\u2019ONU en r\u00e9f\u00e9rence \u00e0 la r\u00e9solution du Conseil de s\u00e9curit\u00e9 adopt\u00e9e \u00e0 la suite de la guerre de 2006 au Liban, entre Isra\u00ebl et le Hezbollah, visant \u00e0 mettre fin \u00e0 leur conflit.<\/p>\n\n\n\n<h2 class=\"wp-block-heading\" id=\"h-des-mouvements-dangereux-provocateurs-et-violant-tous-les-accords\"><strong>Des mouvements dangereux, provocateurs et violant tous les accords<\/strong><\/h2>\n\n\n\n<p class=\"has-medium-font-size wp-block-paragraph\">Ces derniers jours, la FINUL a \u00e9galement constat\u00e9, signal\u00e9 et alarm\u00e9 le Conseil de s\u00e9curit\u00e9 concernant&nbsp; des op\u00e9rations de l&rsquo;arm\u00e9e isra\u00e9lienne en cours au nord de la Ligne bleue patrouill\u00e9e par l\u2019ONU, malgr\u00e9 un accord de cessez-le-feu de 60 jours sign\u00e9 le 27 novembre 2024 par les gouvernements d\u2019Isra\u00ebl et du Liban.<\/p>\n\n\n\n<p class=\"has-medium-font-size wp-block-paragraph\">Plus pr\u00e9cis\u00e9ment, l\u2019organisation a appel\u00e9 l\u2019Etat H\u00e9breu \u00e0 se retirer du sud du Liban et le Hezbollah \u00e0 mettre fin \u00e0 sa pr\u00e9sence arm\u00e9e dans cette r\u00e9gion, dans le m\u00eame d\u00e9lai.<\/p>\n\n\n\n<p class=\"has-medium-font-size wp-block-paragraph\">Pour la m\u00e9moire collective, l&rsquo;accord a pr\u00e9cis\u00e9ment \u00e9t\u00e9 r\u00e9dig\u00e9 et conclu afin de mettre fin aux hostilit\u00e9s entre Isra\u00ebl et le Hezbollah, survenues une fois de plus en octobre 2023, dans le prolongement du conflit dans la bande de Gaza.<\/p>\n\n\n\n<p class=\"has-medium-font-size wp-block-paragraph\">Dans une mise \u00e0 jour quotidienne de la situation, les agences humanitaires de l&rsquo;ONU rappellent r\u00e9guli\u00e8rement que des besoins humanitaires complexes persistent \u00e9galement au Liban, et notamment directement li\u00e9s aux d\u00e9placements forc\u00e9s et totalement anarchiques des populations. Allers-retours inclus.<\/p>\n\n\n\n<p class=\"has-medium-font-size wp-block-paragraph\">Selon l\u2019OIM, l&rsquo;agence des Nations Unies pour les migrations, plus de 860.000 personnes d\u00e9racin\u00e9es au Liban par le r\u00e9cent conflit, sont d\u00e9sormais rentr\u00e9es dans leurs anciennes communaut\u00e9s, mais pr\u00e8s de 124.000 restent d\u00e9plac\u00e9es.<\/p>\n\n\n\n<p class=\"has-medium-font-size wp-block-paragraph\">Depuis le 8 d\u00e9cembre dernier, date de l&rsquo;effondrement du r\u00e9gime Assad, des dizaines de milliers personnes sont \u00e9galement arriv\u00e9es au pays du c\u00e8dre en provenance de Syrie. Des ressortissants libanais esp\u00e9rant retrouver leur terre, et de nombreux syriens en qu\u00eate d\u2019un peu de repos. Et le constat est am\u00e8re&nbsp;: toutes sont confront\u00e9es \u00e0 la \u00ab <em>destruction g\u00e9n\u00e9ralis\u00e9e des habitations et des infrastructures vitales, \u00e0 la perturbation des services essentiels, aux risques d&rsquo;engins explosifs \u00e9parpill\u00e9s et abandonn\u00e9s, aux moyens de subsistance limit\u00e9s et \u00e0 l&rsquo;\u00e9puisement des m\u00e9canismes d&rsquo;adaptation<\/em> \u00bb, averti l&rsquo;agence des Nations Unies pour les r\u00e9fugi\u00e9s, le HCR.<\/p>\n\n\n\n<p class=\"has-medium-font-size wp-block-paragraph\">Les populations rest\u00e9es dans les zones touch\u00e9es par le conflit pendant l&rsquo;escalade des hostilit\u00e9s \u00ab <em>sont confront\u00e9es \u00e0 des conditions d\u00e9sastreuses car les services essentiels ont \u00e9t\u00e9 s\u00e9v\u00e8rement limit\u00e9s pendant une p\u00e9riode prolong\u00e9e<\/em> \u00bb, d\u00e9sesp\u00e8re l&rsquo;agence onusienne, dans un appel \u00e0 \u00ab <em>une aide humanitaire imm\u00e9diate et \u00e0 un soutien au rel\u00e8vement \u00e0 long terme<\/em> \u00bb.<\/p>","protected":false},"excerpt":{"rendered":"<p>Alors que les agences et organisations humanitaires assistent \u00e0 \u00ab l\u2019effondrement de l\u2019ordre public et au pillage arm\u00e9 syst\u00e9matique de l\u2019aide&nbsp;\u00bb par&hellip;<\/p>","protected":false},"author":93,"featured_media":3369,"comment_status":"open","ping_status":"open","sticky":false,"template":"","format":"standard","meta":{"_lmt_disableupdate":"","_lmt_disable":"","footnotes":""},"categories":[5,4],"tags":[455,450,452],"class_list":["post-3368","post","type-post","status-publish","format-standard","has-post-thumbnail","hentry","category-international","category-mis-en-avant","tag-armee-israelienne","tag-humanitaires","tag-infrastructures"],"yoast_head":"<!-- This site is optimized with the Yoast SEO Premium plugin v28.1 (Yoast SEO v28.1) - https:\/\/yoast.com\/product\/yoast-seo-premium-wordpress\/ -->\n<title>[Gaza, Syrie, suite] Les organisations et les personnels humanitaires sont des cibles pour Tsahal | Geopolitics.fr<\/title>\n<meta name=\"description\" content=\"Au Proche-Orient, Tsahal continue \u00e0 cibler acteurs humanitaires et les infrastructures en commettant ainsi des crimes de guerre.\" \/>\n<meta name=\"robots\" content=\"index, follow, max-snippet:-1, max-image-preview:large, max-video-preview:-1\" \/>\n<link rel=\"canonical\" href=\"https:\/\/www.geopolitics.fr\/en\/2025\/01\/14\/gaza-syrie-suite-les-organisations-et-les-personnels-humanitaires-sont-des-cibles-pour-tsahal\/\" \/>\n<meta property=\"og:locale\" content=\"en_GB\" \/>\n<meta property=\"og:type\" content=\"article\" \/>\n<meta property=\"og:title\" content=\"[Gaza, Syrie, suite] Les organisations et les personnels humanitaires sont des cibles pour Tsahal\" \/>\n<meta property=\"og:description\" content=\"Au Proche-Orient, Tsahal continue \u00e0 cibler acteurs humanitaires et les infrastructures en commettant ainsi des crimes de guerre.\" \/>\n<meta property=\"og:url\" content=\"https:\/\/www.geopolitics.fr\/en\/2025\/01\/14\/gaza-syrie-suite-les-organisations-et-les-personnels-humanitaires-sont-des-cibles-pour-tsahal\/\" \/>\n<meta property=\"og:site_name\" content=\"Geopolitics.fr\" \/>\n<meta property=\"article:publisher\" content=\"https:\/\/www.facebook.com\/people\/Erwan-Davoux\/61557098968092\/\" \/>\n<meta property=\"article:author\" content=\"https:\/\/www.facebook.com\/odelagarde\" \/>\n<meta property=\"article:published_time\" content=\"2025-01-14T19:45:07+00:00\" \/>\n<meta property=\"article:modified_time\" content=\"2025-01-14T19:45:09+00:00\" \/>\n<meta property=\"og:image\" content=\"https:\/\/www.geopolitics.fr\/wp-content\/uploads\/2025\/01\/Enfants-a-Gaza.jpg\" \/>\n\t<meta property=\"og:image:width\" content=\"1024\" \/>\n\t<meta property=\"og:image:height\" content=\"682\" \/>\n\t<meta property=\"og:image:type\" content=\"image\/jpeg\" \/>\n<meta name=\"author\" content=\"Olivier DELAGARDE\" \/>\n<meta name=\"twitter:card\" content=\"summary_large_image\" \/>\n<meta name=\"twitter:creator\" content=\"@Geopolitics_Fr\" \/>\n<meta name=\"twitter:site\" content=\"@Geopolitics_Fr\" \/>\n<meta name=\"twitter:label1\" content=\"Written by\" \/>\n\t<meta name=\"twitter:data1\" content=\"Olivier DELAGARDE\" \/>\n\t<meta name=\"twitter:label2\" content=\"Estimated reading time\" \/>\n\t<meta name=\"twitter:data2\" content=\"10 minutes\" \/>\n<script type=\"application\/ld+json\" class=\"yoast-schema-graph\">{\"@context\":\"https:\\\/\\\/schema.org\",\"@graph\":[{\"@type\":\"Article\",\"@id\":\"https:\\\/\\\/www.geopolitics.fr\\\/2025\\\/01\\\/14\\\/gaza-syrie-suite-les-organisations-et-les-personnels-humanitaires-sont-des-cibles-pour-tsahal\\\/#article\",\"isPartOf\":{\"@id\":\"https:\\\/\\\/www.geopolitics.fr\\\/2025\\\/01\\\/14\\\/gaza-syrie-suite-les-organisations-et-les-personnels-humanitaires-sont-des-cibles-pour-tsahal\\\/\"},\"author\":{\"name\":\"Olivier DELAGARDE\",\"@id\":\"https:\\\/\\\/www.geopolitics.fr\\\/#\\\/schema\\\/person\\\/9b98d78234af63d6ad71199d66115350\"},\"headline\":\"[Gaza, Syrie, suite] Les organisations et les personnels humanitaires sont des cibles pour Tsahal\",\"datePublished\":\"2025-01-14T19:45:07+00:00\",\"dateModified\":\"2025-01-14T19:45:09+00:00\",\"mainEntityOfPage\":{\"@id\":\"https:\\\/\\\/www.geopolitics.fr\\\/2025\\\/01\\\/14\\\/gaza-syrie-suite-les-organisations-et-les-personnels-humanitaires-sont-des-cibles-pour-tsahal\\\/\"},\"wordCount\":2072,\"commentCount\":0,\"publisher\":{\"@id\":\"https:\\\/\\\/www.geopolitics.fr\\\/#organization\"},\"image\":{\"@id\":\"https:\\\/\\\/www.geopolitics.fr\\\/2025\\\/01\\\/14\\\/gaza-syrie-suite-les-organisations-et-les-personnels-humanitaires-sont-des-cibles-pour-tsahal\\\/#primaryimage\"},\"thumbnailUrl\":\"https:\\\/\\\/www.geopolitics.fr\\\/wp-content\\\/uploads\\\/2025\\\/01\\\/Enfants-a-Gaza.jpg\",\"keywords\":[\"ARMEE ISRAELIENNE\",\"HUMANITAIRES\",\"INFRASTRUCTURES\"],\"articleSection\":[\"International\",\"Mis en AVANT\"],\"inLanguage\":\"en-GB\"},{\"@type\":\"WebPage\",\"@id\":\"https:\\\/\\\/www.geopolitics.fr\\\/2025\\\/01\\\/14\\\/gaza-syrie-suite-les-organisations-et-les-personnels-humanitaires-sont-des-cibles-pour-tsahal\\\/\",\"url\":\"https:\\\/\\\/www.geopolitics.fr\\\/2025\\\/01\\\/14\\\/gaza-syrie-suite-les-organisations-et-les-personnels-humanitaires-sont-des-cibles-pour-tsahal\\\/\",\"name\":\"[Gaza, Syrie, suite] Les organisations et les personnels humanitaires sont des cibles pour Tsahal | Geopolitics.fr\",\"isPartOf\":{\"@id\":\"https:\\\/\\\/www.geopolitics.fr\\\/#website\"},\"primaryImageOfPage\":{\"@id\":\"https:\\\/\\\/www.geopolitics.fr\\\/2025\\\/01\\\/14\\\/gaza-syrie-suite-les-organisations-et-les-personnels-humanitaires-sont-des-cibles-pour-tsahal\\\/#primaryimage\"},\"image\":{\"@id\":\"https:\\\/\\\/www.geopolitics.fr\\\/2025\\\/01\\\/14\\\/gaza-syrie-suite-les-organisations-et-les-personnels-humanitaires-sont-des-cibles-pour-tsahal\\\/#primaryimage\"},\"thumbnailUrl\":\"https:\\\/\\\/www.geopolitics.fr\\\/wp-content\\\/uploads\\\/2025\\\/01\\\/Enfants-a-Gaza.jpg\",\"datePublished\":\"2025-01-14T19:45:07+00:00\",\"dateModified\":\"2025-01-14T19:45:09+00:00\",\"description\":\"Au Proche-Orient, Tsahal continue \u00e0 cibler acteurs humanitaires et les infrastructures en commettant ainsi des crimes de guerre.\",\"breadcrumb\":{\"@id\":\"https:\\\/\\\/www.geopolitics.fr\\\/2025\\\/01\\\/14\\\/gaza-syrie-suite-les-organisations-et-les-personnels-humanitaires-sont-des-cibles-pour-tsahal\\\/#breadcrumb\"},\"inLanguage\":\"en-GB\",\"potentialAction\":[{\"@type\":\"ReadAction\",\"target\":[\"https:\\\/\\\/www.geopolitics.fr\\\/2025\\\/01\\\/14\\\/gaza-syrie-suite-les-organisations-et-les-personnels-humanitaires-sont-des-cibles-pour-tsahal\\\/\"]}]},{\"@type\":\"ImageObject\",\"inLanguage\":\"en-GB\",\"@id\":\"https:\\\/\\\/www.geopolitics.fr\\\/2025\\\/01\\\/14\\\/gaza-syrie-suite-les-organisations-et-les-personnels-humanitaires-sont-des-cibles-pour-tsahal\\\/#primaryimage\",\"url\":\"https:\\\/\\\/www.geopolitics.fr\\\/wp-content\\\/uploads\\\/2025\\\/01\\\/Enfants-a-Gaza.jpg\",\"contentUrl\":\"https:\\\/\\\/www.geopolitics.fr\\\/wp-content\\\/uploads\\\/2025\\\/01\\\/Enfants-a-Gaza.jpg\",\"width\":1024,\"height\":682},{\"@type\":\"BreadcrumbList\",\"@id\":\"https:\\\/\\\/www.geopolitics.fr\\\/2025\\\/01\\\/14\\\/gaza-syrie-suite-les-organisations-et-les-personnels-humanitaires-sont-des-cibles-pour-tsahal\\\/#breadcrumb\",\"itemListElement\":[{\"@type\":\"ListItem\",\"position\":1,\"name\":\"Accueil\",\"item\":\"https:\\\/\\\/www.geopolitics.fr\\\/\"},{\"@type\":\"ListItem\",\"position\":2,\"name\":\"[Gaza, Syrie, suite] Les organisations et les personnels humanitaires sont des cibles pour Tsahal\"}]},{\"@type\":\"WebSite\",\"@id\":\"https:\\\/\\\/www.geopolitics.fr\\\/#website\",\"url\":\"https:\\\/\\\/www.geopolitics.fr\\\/\",\"name\":\"Geopolitics.fr\",\"description\":\"Geopolitics.fr Analyse politique, relations internationales, d\u00e9fense - ligne \u00e9ditoriale gaullo-chiraquienne\",\"publisher\":{\"@id\":\"https:\\\/\\\/www.geopolitics.fr\\\/#organization\"},\"potentialAction\":[{\"@type\":\"SearchAction\",\"target\":{\"@type\":\"EntryPoint\",\"urlTemplate\":\"https:\\\/\\\/www.geopolitics.fr\\\/?s={search_term_string}\"},\"query-input\":{\"@type\":\"PropertyValueSpecification\",\"valueRequired\":true,\"valueName\":\"search_term_string\"}}],\"inLanguage\":\"en-GB\"},{\"@type\":\"Organization\",\"@id\":\"https:\\\/\\\/www.geopolitics.fr\\\/#organization\",\"name\":\"Geopolitics.fr\",\"url\":\"https:\\\/\\\/www.geopolitics.fr\\\/\",\"logo\":{\"@type\":\"ImageObject\",\"inLanguage\":\"en-GB\",\"@id\":\"https:\\\/\\\/www.geopolitics.fr\\\/#\\\/schema\\\/logo\\\/image\\\/\",\"url\":\"https:\\\/\\\/www.geopolitics.fr\\\/wp-content\\\/uploads\\\/2024\\\/01\\\/logo.jpg\",\"contentUrl\":\"https:\\\/\\\/www.geopolitics.fr\\\/wp-content\\\/uploads\\\/2024\\\/01\\\/logo.jpg\",\"width\":500,\"height\":500,\"caption\":\"Geopolitics.fr\"},\"image\":{\"@id\":\"https:\\\/\\\/www.geopolitics.fr\\\/#\\\/schema\\\/logo\\\/image\\\/\"},\"sameAs\":[\"https:\\\/\\\/www.facebook.com\\\/people\\\/Erwan-Davoux\\\/61557098968092\\\/\",\"https:\\\/\\\/x.com\\\/Geopolitics_Fr\"]},{\"@type\":\"Person\",\"@id\":\"https:\\\/\\\/www.geopolitics.fr\\\/#\\\/schema\\\/person\\\/9b98d78234af63d6ad71199d66115350\",\"name\":\"Olivier DELAGARDE\",\"image\":{\"@type\":\"ImageObject\",\"inLanguage\":\"en-GB\",\"@id\":\"https:\\\/\\\/secure.gravatar.com\\\/avatar\\\/2c50afbd303b51697d9591857ee182bf3ead572fa530da00bb0278cf506c3a97?s=96&d=mm&r=g\",\"url\":\"https:\\\/\\\/secure.gravatar.com\\\/avatar\\\/2c50afbd303b51697d9591857ee182bf3ead572fa530da00bb0278cf506c3a97?s=96&d=mm&r=g\",\"contentUrl\":\"https:\\\/\\\/secure.gravatar.com\\\/avatar\\\/2c50afbd303b51697d9591857ee182bf3ead572fa530da00bb0278cf506c3a97?s=96&d=mm&r=g\",\"caption\":\"Olivier DELAGARDE\"},\"description\":\"Journaliste depuis plus de 20 ans, accr\u00e9dit\u00e9 aupr\u00e8s de l'Organisation des Nations Unies, de la Ligue des Etats Arabes, titulaire de la Carte d'Identit\u00e9 des Journalistes Professionnels en France et de la F\u00e9d\u00e9ration Internationale des Journalistes, Olivier a occup\u00e9 le poste de Grand reporter correspondant permanent en \u00c9gypte pour des m\u00e9dias de renomm\u00e9e mondiale tels que TV5 MONDE, le GROUPE M6, le GROUPE TF1 ou encore l\u2019AFP. Durant plus de dix ann\u00e9es, il a produit de nombreux reportages sur la politique internationale en Afrique de l'Est, tout en couvrant les principaux conflits au Proche et Moyen-Orient. En tant que Chef de bureau Proche-Orient pour TV5 MONDE, il \u00e9tait responsable de la production de reportages, des relations institutionnelles et de la repr\u00e9sentation de la cha\u00eene, tout en \u00e9crivant pour plusieurs m\u00e9dias europ\u00e9ens et internationaux.\",\"sameAs\":[\"https:\\\/\\\/www.facebook.com\\\/odelagarde\",\"https:\\\/\\\/www.linkedin.com\\\/in\\\/olivier-delagarde-816b17270\\\/\"],\"url\":\"https:\\\/\\\/www.geopolitics.fr\\\/en\\\/author\\\/odelagarde\\\/\"}]}<\/script>\n<!-- \/ Yoast SEO Premium plugin. -->","yoast_head_json":{"title":"[Gaza, Syrie, suite] Les organisations et les personnels humanitaires sont des cibles pour Tsahal | Geopolitics.fr","description":"Au Proche-Orient, Tsahal continue \u00e0 cibler acteurs humanitaires et les infrastructures en commettant ainsi des crimes de guerre.","robots":{"index":"index","follow":"follow","max-snippet":"max-snippet:-1","max-image-preview":"max-image-preview:large","max-video-preview":"max-video-preview:-1"},"canonical":"https:\/\/www.geopolitics.fr\/en\/2025\/01\/14\/gaza-syrie-suite-les-organisations-et-les-personnels-humanitaires-sont-des-cibles-pour-tsahal\/","og_locale":"en_GB","og_type":"article","og_title":"[Gaza, Syrie, suite] Les organisations et les personnels humanitaires sont des cibles pour Tsahal","og_description":"Au Proche-Orient, Tsahal continue \u00e0 cibler acteurs humanitaires et les infrastructures en commettant ainsi des crimes de guerre.","og_url":"https:\/\/www.geopolitics.fr\/en\/2025\/01\/14\/gaza-syrie-suite-les-organisations-et-les-personnels-humanitaires-sont-des-cibles-pour-tsahal\/","og_site_name":"Geopolitics.fr","article_publisher":"https:\/\/www.facebook.com\/people\/Erwan-Davoux\/61557098968092\/","article_author":"https:\/\/www.facebook.com\/odelagarde","article_published_time":"2025-01-14T19:45:07+00:00","article_modified_time":"2025-01-14T19:45:09+00:00","og_image":[{"width":1024,"height":682,"url":"https:\/\/www.geopolitics.fr\/wp-content\/uploads\/2025\/01\/Enfants-a-Gaza.jpg","type":"image\/jpeg"}],"author":"Olivier DELAGARDE","twitter_card":"summary_large_image","twitter_creator":"@Geopolitics_Fr","twitter_site":"@Geopolitics_Fr","twitter_misc":{"Written by":"Olivier DELAGARDE","Estimated reading time":"10 minutes"},"schema":{"@context":"https:\/\/schema.org","@graph":[{"@type":"Article","@id":"https:\/\/www.geopolitics.fr\/2025\/01\/14\/gaza-syrie-suite-les-organisations-et-les-personnels-humanitaires-sont-des-cibles-pour-tsahal\/#article","isPartOf":{"@id":"https:\/\/www.geopolitics.fr\/2025\/01\/14\/gaza-syrie-suite-les-organisations-et-les-personnels-humanitaires-sont-des-cibles-pour-tsahal\/"},"author":{"name":"Olivier DELAGARDE","@id":"https:\/\/www.geopolitics.fr\/#\/schema\/person\/9b98d78234af63d6ad71199d66115350"},"headline":"[Gaza, Syrie, suite] Les organisations et les personnels humanitaires sont des cibles pour Tsahal","datePublished":"2025-01-14T19:45:07+00:00","dateModified":"2025-01-14T19:45:09+00:00","mainEntityOfPage":{"@id":"https:\/\/www.geopolitics.fr\/2025\/01\/14\/gaza-syrie-suite-les-organisations-et-les-personnels-humanitaires-sont-des-cibles-pour-tsahal\/"},"wordCount":2072,"commentCount":0,"publisher":{"@id":"https:\/\/www.geopolitics.fr\/#organization"},"image":{"@id":"https:\/\/www.geopolitics.fr\/2025\/01\/14\/gaza-syrie-suite-les-organisations-et-les-personnels-humanitaires-sont-des-cibles-pour-tsahal\/#primaryimage"},"thumbnailUrl":"https:\/\/www.geopolitics.fr\/wp-content\/uploads\/2025\/01\/Enfants-a-Gaza.jpg","keywords":["ARMEE ISRAELIENNE","HUMANITAIRES","INFRASTRUCTURES"],"articleSection":["International","Mis en AVANT"],"inLanguage":"en-GB"},{"@type":"WebPage","@id":"https:\/\/www.geopolitics.fr\/2025\/01\/14\/gaza-syrie-suite-les-organisations-et-les-personnels-humanitaires-sont-des-cibles-pour-tsahal\/","url":"https:\/\/www.geopolitics.fr\/2025\/01\/14\/gaza-syrie-suite-les-organisations-et-les-personnels-humanitaires-sont-des-cibles-pour-tsahal\/","name":"[Gaza, Syrie, suite] Les organisations et les personnels humanitaires sont des cibles pour Tsahal | Geopolitics.fr","isPartOf":{"@id":"https:\/\/www.geopolitics.fr\/#website"},"primaryImageOfPage":{"@id":"https:\/\/www.geopolitics.fr\/2025\/01\/14\/gaza-syrie-suite-les-organisations-et-les-personnels-humanitaires-sont-des-cibles-pour-tsahal\/#primaryimage"},"image":{"@id":"https:\/\/www.geopolitics.fr\/2025\/01\/14\/gaza-syrie-suite-les-organisations-et-les-personnels-humanitaires-sont-des-cibles-pour-tsahal\/#primaryimage"},"thumbnailUrl":"https:\/\/www.geopolitics.fr\/wp-content\/uploads\/2025\/01\/Enfants-a-Gaza.jpg","datePublished":"2025-01-14T19:45:07+00:00","dateModified":"2025-01-14T19:45:09+00:00","description":"Au Proche-Orient, Tsahal continue \u00e0 cibler acteurs humanitaires et les infrastructures en commettant ainsi des crimes de guerre.","breadcrumb":{"@id":"https:\/\/www.geopolitics.fr\/2025\/01\/14\/gaza-syrie-suite-les-organisations-et-les-personnels-humanitaires-sont-des-cibles-pour-tsahal\/#breadcrumb"},"inLanguage":"en-GB","potentialAction":[{"@type":"ReadAction","target":["https:\/\/www.geopolitics.fr\/2025\/01\/14\/gaza-syrie-suite-les-organisations-et-les-personnels-humanitaires-sont-des-cibles-pour-tsahal\/"]}]},{"@type":"ImageObject","inLanguage":"en-GB","@id":"https:\/\/www.geopolitics.fr\/2025\/01\/14\/gaza-syrie-suite-les-organisations-et-les-personnels-humanitaires-sont-des-cibles-pour-tsahal\/#primaryimage","url":"https:\/\/www.geopolitics.fr\/wp-content\/uploads\/2025\/01\/Enfants-a-Gaza.jpg","contentUrl":"https:\/\/www.geopolitics.fr\/wp-content\/uploads\/2025\/01\/Enfants-a-Gaza.jpg","width":1024,"height":682},{"@type":"BreadcrumbList","@id":"https:\/\/www.geopolitics.fr\/2025\/01\/14\/gaza-syrie-suite-les-organisations-et-les-personnels-humanitaires-sont-des-cibles-pour-tsahal\/#breadcrumb","itemListElement":[{"@type":"ListItem","position":1,"name":"Accueil","item":"https:\/\/www.geopolitics.fr\/"},{"@type":"ListItem","position":2,"name":"[Gaza, Syrie, suite] Les organisations et les personnels humanitaires sont des cibles pour Tsahal"}]},{"@type":"WebSite","@id":"https:\/\/www.geopolitics.fr\/#website","url":"https:\/\/www.geopolitics.fr\/","name":"Geopolitics.fr","description":"Geopolitics.fr Analyse politique, relations internationales, d\u00e9fense - ligne \u00e9ditoriale gaullo-chiraquienne","publisher":{"@id":"https:\/\/www.geopolitics.fr\/#organization"},"potentialAction":[{"@type":"SearchAction","target":{"@type":"EntryPoint","urlTemplate":"https:\/\/www.geopolitics.fr\/?s={search_term_string}"},"query-input":{"@type":"PropertyValueSpecification","valueRequired":true,"valueName":"search_term_string"}}],"inLanguage":"en-GB"},{"@type":"Organization","@id":"https:\/\/www.geopolitics.fr\/#organization","name":"Geopolitics.fr","url":"https:\/\/www.geopolitics.fr\/","logo":{"@type":"ImageObject","inLanguage":"en-GB","@id":"https:\/\/www.geopolitics.fr\/#\/schema\/logo\/image\/","url":"https:\/\/www.geopolitics.fr\/wp-content\/uploads\/2024\/01\/logo.jpg","contentUrl":"https:\/\/www.geopolitics.fr\/wp-content\/uploads\/2024\/01\/logo.jpg","width":500,"height":500,"caption":"Geopolitics.fr"},"image":{"@id":"https:\/\/www.geopolitics.fr\/#\/schema\/logo\/image\/"},"sameAs":["https:\/\/www.facebook.com\/people\/Erwan-Davoux\/61557098968092\/","https:\/\/x.com\/Geopolitics_Fr"]},{"@type":"Person","@id":"https:\/\/www.geopolitics.fr\/#\/schema\/person\/9b98d78234af63d6ad71199d66115350","name":"Olivier DELAGARDE","image":{"@type":"ImageObject","inLanguage":"en-GB","@id":"https:\/\/secure.gravatar.com\/avatar\/2c50afbd303b51697d9591857ee182bf3ead572fa530da00bb0278cf506c3a97?s=96&d=mm&r=g","url":"https:\/\/secure.gravatar.com\/avatar\/2c50afbd303b51697d9591857ee182bf3ead572fa530da00bb0278cf506c3a97?s=96&d=mm&r=g","contentUrl":"https:\/\/secure.gravatar.com\/avatar\/2c50afbd303b51697d9591857ee182bf3ead572fa530da00bb0278cf506c3a97?s=96&d=mm&r=g","caption":"Olivier DELAGARDE"},"description":"Journaliste depuis plus de 20 ans, accr\u00e9dit\u00e9 aupr\u00e8s de l'Organisation des Nations Unies, de la Ligue des Etats Arabes, titulaire de la Carte d'Identit\u00e9 des Journalistes Professionnels en France et de la F\u00e9d\u00e9ration Internationale des Journalistes, Olivier a occup\u00e9 le poste de Grand reporter correspondant permanent en \u00c9gypte pour des m\u00e9dias de renomm\u00e9e mondiale tels que TV5 MONDE, le GROUPE M6, le GROUPE TF1 ou encore l\u2019AFP. Durant plus de dix ann\u00e9es, il a produit de nombreux reportages sur la politique internationale en Afrique de l'Est, tout en couvrant les principaux conflits au Proche et Moyen-Orient. En tant que Chef de bureau Proche-Orient pour TV5 MONDE, il \u00e9tait responsable de la production de reportages, des relations institutionnelles et de la repr\u00e9sentation de la cha\u00eene, tout en \u00e9crivant pour plusieurs m\u00e9dias europ\u00e9ens et internationaux.","sameAs":["https:\/\/www.facebook.com\/odelagarde","https:\/\/www.linkedin.com\/in\/olivier-delagarde-816b17270\/"],"url":"https:\/\/www.geopolitics.fr\/en\/author\/odelagarde\/"}]}},"_links":{"self":[{"href":"https:\/\/www.geopolitics.fr\/en\/wp-json\/wp\/v2\/posts\/3368","targetHints":{"allow":["GET"]}}],"collection":[{"href":"https:\/\/www.geopolitics.fr\/en\/wp-json\/wp\/v2\/posts"}],"about":[{"href":"https:\/\/www.geopolitics.fr\/en\/wp-json\/wp\/v2\/types\/post"}],"author":[{"embeddable":true,"href":"https:\/\/www.geopolitics.fr\/en\/wp-json\/wp\/v2\/users\/93"}],"replies":[{"embeddable":true,"href":"https:\/\/www.geopolitics.fr\/en\/wp-json\/wp\/v2\/comments?post=3368"}],"version-history":[{"count":0,"href":"https:\/\/www.geopolitics.fr\/en\/wp-json\/wp\/v2\/posts\/3368\/revisions"}],"wp:featuredmedia":[{"embeddable":true,"href":"https:\/\/www.geopolitics.fr\/en\/wp-json\/wp\/v2\/media\/3369"}],"wp:attachment":[{"href":"https:\/\/www.geopolitics.fr\/en\/wp-json\/wp\/v2\/media?parent=3368"}],"wp:term":[{"taxonomy":"category","embeddable":true,"href":"https:\/\/www.geopolitics.fr\/en\/wp-json\/wp\/v2\/categories?post=3368"},{"taxonomy":"post_tag","embeddable":true,"href":"https:\/\/www.geopolitics.fr\/en\/wp-json\/wp\/v2\/tags?post=3368"}],"curies":[{"name":"wp","href":"https:\/\/api.w.org\/{rel}","templated":true}]}}