{"id":3363,"date":"2025-01-14T12:43:01","date_gmt":"2025-01-14T11:43:01","guid":{"rendered":"https:\/\/www.geopolitics.fr\/?p=3363"},"modified":"2025-02-14T21:38:08","modified_gmt":"2025-02-14T20:38:08","slug":"la-fin-de-lordre-international-et-du-multilateralisme","status":"publish","type":"post","link":"https:\/\/www.geopolitics.fr\/en\/2025\/01\/14\/la-fin-de-lordre-international-et-du-multilateralisme\/","title":{"rendered":"Vers la fin de l\u2019ordre international et du multilat\u00e9ralisme\u00a0?"},"content":{"rendered":"<h2 class=\"wp-block-heading\" id=\"h-1648-ou-le-debut-du-traite-comme-instrument-de-reglement-des-differends-premiere-ebauche-d-un-ordre-international\">1648 ou le d\u00e9but du Trait\u00e9 comme instrument de r\u00e8glement des diff\u00e9rends, premi\u00e8re \u00e9bauche d&rsquo;un ordre international<\/h2>\n\n\n\n<p class=\"has-medium-font-size wp-block-paragraph\">On date g\u00e9n\u00e9ralement de 1648 le d\u00e9but de construction d\u2019un ordre international fond\u00e9 sur les\u00a0trait\u00e9s de Westphalie\u00a0(ou\u00a0paix de Westphalie), sign\u00e9s le\u00a024 octobre 1648 qui concluent simultan\u00e9ment deux s\u00e9ries de conflits en Europe\u00a0:<\/p>\n\n\n\n<ul class=\"wp-block-list\">\n<li class=\"has-medium-font-size\">la&nbsp;guerre de Trente Ans, qui a impliqu\u00e9 l&rsquo;ensemble des puissances du continent dans le conflit entre le Saint-Empire romain germanique&nbsp;et ses \u00c9tats allemands protestants en r\u00e9bellion&nbsp;;<\/li>\n\n\n\n<li class=\"has-medium-font-size\">la guerre de Quatre-Vingts Ans, opposant les Provinces-Unies&nbsp;r\u00e9volt\u00e9es \u00e0 la monarchie espagnole.<\/li>\n<\/ul>\n\n\n\n<h2 class=\"wp-block-heading\" id=\"h-ce-systeme-a-prospere-s-est-developpe-et-impose-comme-une-reference-incontournable-jusqu-a-une-periode-recente\">Ce syst\u00e8me a prosp\u00e9r\u00e9, s&rsquo;est d\u00e9velopp\u00e9 et impos\u00e9 comme une r\u00e9f\u00e9rence incontournable, jusqu&rsquo;\u00e0 une p\u00e9riode r\u00e9cente<\/h2>\n\n\n\n<p class=\"has-medium-font-size wp-block-paragraph\">Cet effort vers un ordre international r\u00e9gi par des trait\u00e9s et des volont\u00e9s mutuelles librement consenties de faire la paix, commercer, nouer des alliances et les respecter, s\u2019est sans cesse renforc\u00e9 au cours du XIX\u00e8me si\u00e8cle et dans l\u2019apr\u00e8s premier conflit mondial, avec la cr\u00e9ation de la Soci\u00e9t\u00e9 des Nations (SDN). Il a trouv\u00e9 son point d\u2019orgue avec la Charte des Nations-Unies et toutes les institutions internationales qui en d\u00e9pendent plus ou moins. Le droit international s\u2019est impos\u00e9 comme une r\u00e9f\u00e9rence incontournable. Il s&rsquo;agissait notamment de rendre impossible une nouvelle Shoah et d&rsquo;\u00e9tablir le droit des peuples \u00e0 disposer d&rsquo;eux-m\u00eames.<\/p>\n\n\n\n<p class=\"has-medium-font-size wp-block-paragraph\">M\u00eame Georges W Bush, lorsqu\u2019il d\u00e9cida de mettre fin au r\u00e9gime de Saddam Hussein, chercha \u00e0 obtenir une l\u00e9gitimit\u00e9 internationale en passant par l\u2019ONU. La France chiraquienne, \u00e0 la t\u00eate d\u2019une large coalition, le contraignit \u00e0 une guerre d\u00e9pourvue de toute l\u00e9galit\u00e9 et toute l\u00e9gitimit\u00e9.<\/p>\n\n\n\n<p class=\"has-medium-font-size wp-block-paragraph\">En 2011, lorsqu\u2019il s\u2019est agi d\u2019abattre le r\u00e9gime libyen de Kadhafi, il y eut une r\u00e9solution du Conseil de S\u00e9curit\u00e9 (1703) pour autoriser l\u2019intervention mais pas la chute du r\u00e9gime. L\u2019Allemagne s\u2019abstint, premi\u00e8re f\u00ealure dans ce qui \u00e9tait alors le couple franco-allemand. La Russie ne s\u2019opposa pas mais elle en tira une conclusion qui aura de lourdes cons\u00e9quences pour l\u2019avenir\u00a0: les Occidentaux n\u2019ayant pas respect\u00e9 les termes de la r\u00e9solution, bloquer le Conseil de S\u00e9curit\u00e9 serait d\u00e9sormais plus prudent.<\/p>\n\n\n\n<h2 class=\"wp-block-heading\" id=\"h-le-retour-au-simple-rapport-de-force-assume-ces-dix-dernieres-annees\">Le retour au simple rapport de force assum\u00e9, ces dix derni\u00e8res ann\u00e9es<\/h2>\n\n\n\n<p class=\"has-medium-font-size wp-block-paragraph\">L\u2019invasion de la Crim\u00e9e en 2014 et le conflit d\u00e9clench\u00e9 par la Russie en Ukraine (f\u00e9vrier 2002) sont contraires au droit international en d\u00e9pit de ressorts psychologiques largement sous-estim\u00e9s.<\/p>\n\n\n\n<p class=\"has-medium-font-size wp-block-paragraph\">A Gaza, toute la Charte des Nations a \u00e9t\u00e9 viol\u00e9e point par point et le droit humanitaire totalement ni\u00e9. Le Liban s\u2019est vu bombard\u00e9 et envahi en dehors de toute l\u00e9galit\u00e9 internationale. <\/p>\n\n\n\n<p class=\"has-medium-font-size wp-block-paragraph\">Donald Trump lui souhaite annexer le Canada et le Groenland, le Canal de Panama. Il dirigera les Etats de mani\u00e8re familiale et peut-\u00eatre m\u00eame dynastique.<\/p>\n\n\n\n<p class=\"has-medium-font-size wp-block-paragraph\">Concernant la Chine, quel sera le sort r\u00e9serv\u00e9 \u00e0 Taiwan&nbsp;?<\/p>\n\n\n\n<p class=\"has-medium-font-size wp-block-paragraph\">Disons-le clairement, le droit international et son corollaire, le syst\u00e8me multilat\u00e9ral sont morts. La rel\u00e9gation, malheureuse, de l\u2019ONU comme syst\u00e8me d\u00e9cisionnel est bien entam\u00e9e. A qui cela profite-t-il&nbsp;?<\/p>\n\n\n\n<h2 class=\"wp-block-heading\" id=\"h-les-grandes-puissances-et-leurs-satellites-laissent-libre-cours-a-leur-volonte-hegemonique\">Les grandes puissances et leurs satellites laissent libre cours \u00e0 leur volont\u00e9 h\u00e9g\u00e9monique<\/h2>\n\n\n\n<p class=\"has-medium-font-size wp-block-paragraph\">Le seul rapport de force b\u00e9n\u00e9ficie toujours, tr\u00e8s naturellement, aux grandes puissances. Dirig\u00e9es par des hommes forts dont la d\u00e9mocratie est le cadet de leurs soucis, ils manifestent clairement leur volont\u00e9 d\u2019expansion et de servir les seuls int\u00e9r\u00eats de leurs pays sur le long terme.<\/p>\n\n\n\n<p class=\"has-medium-font-size wp-block-paragraph\">Etats-Unis, Chine et \u00e0 moindre niveau Russie, jouent dans la cours des grands&nbsp;: vaste territoire, population importante, complexe industrialo-militaire puissant et surtout contr\u00f4le des mati\u00e8res critiques ou strat\u00e9giques indispensables au bon fonctionnement de l\u2019\u00e9conomie et aussi \u00e0 la transition \u00e9cologique lanc\u00e9e en 2019 par le \u00ab&nbsp;Green Deal&nbsp;\u00bb de l\u2019Union europ\u00e9enne.<\/p>\n\n\n\n<h2 class=\"wp-block-heading\" id=\"h-quels-sont-les-perdants-nbsp\">Quels sont les perdants&nbsp;?<\/h2>\n\n\n\n<p class=\"has-medium-font-size wp-block-paragraph\">Au premier chef l\u2019Europe qui est un nain g\u00e9opolitique qui ne dispose d&rsquo;aucune capacit\u00e9 diplomatico-militaire. En effet, ce qui \u00e9tait possible \u00e0 6, 9 ou 12 est d\u00e9sormais totalement hors de port\u00e9e. Les anciens pays membres du Pacte de Varsovie sont d\u00e9sormais d\u00e9chir\u00e9s entre mouvance pro-russe et mouvance pro-occidentale.<\/p>\n\n\n\n<p class=\"has-medium-font-size wp-block-paragraph\">&nbsp;Une politique \u00e9trang\u00e8re commune est donc devenue hors de port\u00e9e tant certains Etats privil\u00e9gient le parapluie militaire am\u00e9ricain de l\u2019OTAN et d\u2019autres sont inf\u00e9od\u00e9s \u00e0 Moscou. 80% des mat\u00e9riaux d\u2019armements fournis par les Europ\u00e9ens \u00e0 l\u2019Ukraine ont une origine am\u00e9ricaine. <\/p>\n\n\n\n<p class=\"has-medium-font-size wp-block-paragraph\">Une population vieillissante, une absence de ressources \u00e9nerg\u00e9tiques qui contraint l\u2019Europe \u00e0 se tourner vers les BRICS pour assurer ses approvisionnements alors que les relations diplomatiques sont tendues pour ne pas dire d\u00e9testables. L\u2019hypoth\u00e8se d\u2019une paralysie de l\u2019\u00e9conomie europ\u00e9enne par manque de lithium, aluminium, cobalt, nickel ou terres rares n\u2019est pas totalement exclue. Pour la France, il existe un enjeu essentiel, celui de l\u2019uranium pour approvisionner sa fili\u00e8re nucl\u00e9aire. Le meilleur avantage comparatif de notre pays. La prise en compte du risque g\u00e9opolitique n\u2019incite g\u00e8re \u00e0 l\u2019optimisme.<\/p>\n\n\n\n<p class=\"has-medium-font-size wp-block-paragraph\">Disons-le clairement en \u00e9cartant le droit international comme r\u00e9gulateur de l\u2019ordre international, l\u2019Europe s\u2019est suicid\u00e9e. Son alignement inconditionnel sur les Etats-Unis \u00e0 Gaza fut non seulement une faute morale gravissime mais a aussi sem\u00e9 les germes d\u2019une perte d\u2019influence colossale. La France et le Royaume-Uni ont brad\u00e9 l\u2019avantage, h\u00e9rit\u00e9 d\u2019une histoire lointaine, qui leur permettait d\u2019\u00eatre membres permanents du Conseil de s\u00e9curit\u00e9. Ce directoire a v\u00e9cu, il ne sert d\u00e9sormais plus \u00e0 grand-chose face au rapport de force unilat\u00e9ral, assum\u00e9 et sans limite. <\/p>\n\n\n\n<h2 class=\"wp-block-heading\" id=\"h-les-brics-et-les-etats-unis-grand-gagnants-des-faiblesses-europeennes\">Les BRICS et les Etats-Unis grand gagnants des faiblesses europ\u00e9ennes<\/h2>\n\n\n\n<p class=\"has-medium-font-size wp-block-paragraph\">Les grands b\u00e9n\u00e9ficiaires sont naturellement les BRICS et les Etats-Unis qui disposent, eux, de tous les atouts de la puissance, dirig\u00e9s par des Empereurs face \u00e0 des dirigeants occidentaux qui ne sont que des communicants bien souvent insignifiants. Le rejet du mod\u00e8le de \u00ab&nbsp;d\u00e9mocratie lib\u00e9rale&nbsp;\u00bb b\u00e9n\u00e9ficie largement au Sud Global. L\u00e0 encore, Gaza, aura \u00e9t\u00e9 un acc\u00e9l\u00e9rateur tant il aura prouv\u00e9, jusqu\u2019\u00e0 l\u2019\u00e9c\u0153urement que le \u00ab&nbsp;deux poids, deux mesures&nbsp;\u00bb ne cherchait m\u00eame plus \u00e0 se dissimuler et que le droit international avait v\u00e9cu.<\/p>\n\n\n\n<p class=\"has-medium-font-size wp-block-paragraph\">Ce \u00ab\u00a0basculement du monde\u00a0\u00bb n\u2019aurait pas \u00e9t\u00e9 possible sans l\u2019infinie faiblesse des d\u00e9mocraties europ\u00e9ennes. Et c\u2019est l\u00e0 que politique et international se rejoignent. Le syst\u00e8me d\u00e9mocratique est \u00e0 bout de souffle, en crise peut \u00eatre irr\u00e9m\u00e9diable. Il est devenu un moyen de s\u00e9lectionner les plus mauvais tant le peuple s\u2019est d\u00e9tourn\u00e9 des \u00e9lites jug\u00e9es inefficaces et corrompues.<\/p>\n\n\n\n<h2 class=\"wp-block-heading\" id=\"h-la-puissance-en-roue-libre\">La puissance en roue libre<\/h2>\n\n\n\n<p class=\"has-medium-font-size wp-block-paragraph\">Nous sommes revenus \u00e0 ce jeu qu\u2019aiment tant d\u2019adolescents \u00ab&nbsp;le Risk&nbsp;\u00bb, \u00ab&nbsp; &nbsp;J\u2019estime que tu constitues une menace ou que tu me coupes un axe strat\u00e9gique, je t\u2019attaque car je suis plus fort&nbsp;\u00bb. Tel est le nouveau syst\u00e8me international.<\/p>\n\n\n\n<p class=\"has-medium-font-size wp-block-paragraph\">Oui, h\u00e9las, la \u00ab&nbsp;guerre a un&nbsp;bel avenir&nbsp;\u00bb. Et nous entrons dans un monde post-d\u00e9mocratique.<\/p>","protected":false},"excerpt":{"rendered":"<p>1648 ou le d\u00e9but du Trait\u00e9 comme instrument de r\u00e8glement des diff\u00e9rends, premi\u00e8re \u00e9bauche d&rsquo;un ordre international On date g\u00e9n\u00e9ralement de 1648&hellip;<\/p>","protected":false},"author":16,"featured_media":3364,"comment_status":"open","ping_status":"open","sticky":false,"template":"","format":"standard","meta":{"_lmt_disableupdate":"","_lmt_disable":"","footnotes":""},"categories":[34,5,4],"tags":[80],"class_list":["post-3363","post","type-post","status-publish","format-standard","has-post-thumbnail","hentry","category-editorial","category-international","category-mis-en-avant","tag-droit-international"],"yoast_head":"<!-- This site is optimized with the Yoast SEO Premium plugin v28.1 (Yoast SEO v28.1) - https:\/\/yoast.com\/product\/yoast-seo-premium-wordpress\/ -->\n<title>Vers la fin de l\u2019ordre international et du multilat\u00e9ralisme\u00a0? | Geopolitics.fr<\/title>\n<meta name=\"description\" content=\"Le syst\u00e8me international multilat\u00e9ral avec le droit international comme r\u00e9f\u00e9rence agonise. Le rapport de force assum\u00e9 s&#039;impose d\u00e9sormais.\" \/>\n<meta name=\"robots\" content=\"index, follow, max-snippet:-1, max-image-preview:large, max-video-preview:-1\" \/>\n<link rel=\"canonical\" href=\"https:\/\/www.geopolitics.fr\/en\/2025\/01\/14\/la-fin-de-lordre-international-et-du-multilateralisme\/\" \/>\n<meta property=\"og:locale\" content=\"en_GB\" \/>\n<meta property=\"og:type\" content=\"article\" \/>\n<meta property=\"og:title\" content=\"Vers la fin de l\u2019ordre international et du multilat\u00e9ralisme\u00a0?\" \/>\n<meta property=\"og:description\" content=\"Le syst\u00e8me international multilat\u00e9ral avec le droit international comme r\u00e9f\u00e9rence agonise. Le rapport de force assum\u00e9 s&#039;impose d\u00e9sormais.\" \/>\n<meta property=\"og:url\" content=\"https:\/\/www.geopolitics.fr\/en\/2025\/01\/14\/la-fin-de-lordre-international-et-du-multilateralisme\/\" \/>\n<meta property=\"og:site_name\" content=\"Geopolitics.fr\" \/>\n<meta property=\"article:publisher\" content=\"https:\/\/www.facebook.com\/people\/Erwan-Davoux\/61557098968092\/\" \/>\n<meta property=\"article:author\" content=\"Erwan Davoux\" \/>\n<meta property=\"article:published_time\" content=\"2025-01-14T11:43:01+00:00\" \/>\n<meta property=\"article:modified_time\" content=\"2025-02-14T20:38:08+00:00\" \/>\n<meta property=\"og:image\" content=\"https:\/\/www.geopolitics.fr\/wp-content\/uploads\/2025\/01\/feu-et-a-sang.jpg\" \/>\n\t<meta property=\"og:image:width\" content=\"1920\" \/>\n\t<meta property=\"og:image:height\" content=\"1280\" \/>\n\t<meta property=\"og:image:type\" content=\"image\/jpeg\" \/>\n<meta name=\"author\" content=\"Erwan Davoux\" \/>\n<meta name=\"twitter:card\" content=\"summary_large_image\" \/>\n<meta name=\"twitter:creator\" content=\"@erwandavoux @Geo_politicsfr\" \/>\n<meta name=\"twitter:site\" content=\"@Geopolitics_Fr\" \/>\n<meta name=\"twitter:label1\" content=\"Written by\" \/>\n\t<meta name=\"twitter:data1\" content=\"Erwan Davoux\" \/>\n\t<meta name=\"twitter:label2\" content=\"Estimated reading time\" \/>\n\t<meta name=\"twitter:data2\" content=\"6 minutes\" \/>\n<script type=\"application\/ld+json\" class=\"yoast-schema-graph\">{\"@context\":\"https:\\\/\\\/schema.org\",\"@graph\":[{\"@type\":\"Article\",\"@id\":\"https:\\\/\\\/www.geopolitics.fr\\\/2025\\\/01\\\/14\\\/la-fin-de-lordre-international-et-du-multilateralisme\\\/#article\",\"isPartOf\":{\"@id\":\"https:\\\/\\\/www.geopolitics.fr\\\/2025\\\/01\\\/14\\\/la-fin-de-lordre-international-et-du-multilateralisme\\\/\"},\"author\":{\"name\":\"Erwan Davoux\",\"@id\":\"https:\\\/\\\/www.geopolitics.fr\\\/#\\\/schema\\\/person\\\/a487273e91313e368925717400fa1b11\"},\"headline\":\"Vers la fin de l\u2019ordre international et du multilat\u00e9ralisme\u00a0?\",\"datePublished\":\"2025-01-14T11:43:01+00:00\",\"dateModified\":\"2025-02-14T20:38:08+00:00\",\"mainEntityOfPage\":{\"@id\":\"https:\\\/\\\/www.geopolitics.fr\\\/2025\\\/01\\\/14\\\/la-fin-de-lordre-international-et-du-multilateralisme\\\/\"},\"wordCount\":1251,\"commentCount\":0,\"publisher\":{\"@id\":\"https:\\\/\\\/www.geopolitics.fr\\\/#organization\"},\"image\":{\"@id\":\"https:\\\/\\\/www.geopolitics.fr\\\/2025\\\/01\\\/14\\\/la-fin-de-lordre-international-et-du-multilateralisme\\\/#primaryimage\"},\"thumbnailUrl\":\"https:\\\/\\\/www.geopolitics.fr\\\/wp-content\\\/uploads\\\/2025\\\/01\\\/feu-et-a-sang.jpg\",\"keywords\":[\"droit international\"],\"articleSection\":[\"Editorial\",\"International\",\"Mis en AVANT\"],\"inLanguage\":\"en-GB\"},{\"@type\":\"WebPage\",\"@id\":\"https:\\\/\\\/www.geopolitics.fr\\\/2025\\\/01\\\/14\\\/la-fin-de-lordre-international-et-du-multilateralisme\\\/\",\"url\":\"https:\\\/\\\/www.geopolitics.fr\\\/2025\\\/01\\\/14\\\/la-fin-de-lordre-international-et-du-multilateralisme\\\/\",\"name\":\"Vers la fin de l\u2019ordre international et du multilat\u00e9ralisme\u00a0? | Geopolitics.fr\",\"isPartOf\":{\"@id\":\"https:\\\/\\\/www.geopolitics.fr\\\/#website\"},\"primaryImageOfPage\":{\"@id\":\"https:\\\/\\\/www.geopolitics.fr\\\/2025\\\/01\\\/14\\\/la-fin-de-lordre-international-et-du-multilateralisme\\\/#primaryimage\"},\"image\":{\"@id\":\"https:\\\/\\\/www.geopolitics.fr\\\/2025\\\/01\\\/14\\\/la-fin-de-lordre-international-et-du-multilateralisme\\\/#primaryimage\"},\"thumbnailUrl\":\"https:\\\/\\\/www.geopolitics.fr\\\/wp-content\\\/uploads\\\/2025\\\/01\\\/feu-et-a-sang.jpg\",\"datePublished\":\"2025-01-14T11:43:01+00:00\",\"dateModified\":\"2025-02-14T20:38:08+00:00\",\"description\":\"Le syst\u00e8me international multilat\u00e9ral avec le droit international comme r\u00e9f\u00e9rence agonise. Le rapport de force assum\u00e9 s'impose d\u00e9sormais.\",\"breadcrumb\":{\"@id\":\"https:\\\/\\\/www.geopolitics.fr\\\/2025\\\/01\\\/14\\\/la-fin-de-lordre-international-et-du-multilateralisme\\\/#breadcrumb\"},\"inLanguage\":\"en-GB\",\"potentialAction\":[{\"@type\":\"ReadAction\",\"target\":[\"https:\\\/\\\/www.geopolitics.fr\\\/2025\\\/01\\\/14\\\/la-fin-de-lordre-international-et-du-multilateralisme\\\/\"]}]},{\"@type\":\"ImageObject\",\"inLanguage\":\"en-GB\",\"@id\":\"https:\\\/\\\/www.geopolitics.fr\\\/2025\\\/01\\\/14\\\/la-fin-de-lordre-international-et-du-multilateralisme\\\/#primaryimage\",\"url\":\"https:\\\/\\\/www.geopolitics.fr\\\/wp-content\\\/uploads\\\/2025\\\/01\\\/feu-et-a-sang.jpg\",\"contentUrl\":\"https:\\\/\\\/www.geopolitics.fr\\\/wp-content\\\/uploads\\\/2025\\\/01\\\/feu-et-a-sang.jpg\",\"width\":1920,\"height\":1280,\"caption\":\"Creative artwork decoration war\"},{\"@type\":\"BreadcrumbList\",\"@id\":\"https:\\\/\\\/www.geopolitics.fr\\\/2025\\\/01\\\/14\\\/la-fin-de-lordre-international-et-du-multilateralisme\\\/#breadcrumb\",\"itemListElement\":[{\"@type\":\"ListItem\",\"position\":1,\"name\":\"Accueil\",\"item\":\"https:\\\/\\\/www.geopolitics.fr\\\/\"},{\"@type\":\"ListItem\",\"position\":2,\"name\":\"Vers la fin de l\u2019ordre international et du multilat\u00e9ralisme\u00a0?\"}]},{\"@type\":\"WebSite\",\"@id\":\"https:\\\/\\\/www.geopolitics.fr\\\/#website\",\"url\":\"https:\\\/\\\/www.geopolitics.fr\\\/\",\"name\":\"Geopolitics.fr\",\"description\":\"Geopolitics.fr Analyse politique, relations internationales, d\u00e9fense - ligne \u00e9ditoriale gaullo-chiraquienne\",\"publisher\":{\"@id\":\"https:\\\/\\\/www.geopolitics.fr\\\/#organization\"},\"potentialAction\":[{\"@type\":\"SearchAction\",\"target\":{\"@type\":\"EntryPoint\",\"urlTemplate\":\"https:\\\/\\\/www.geopolitics.fr\\\/?s={search_term_string}\"},\"query-input\":{\"@type\":\"PropertyValueSpecification\",\"valueRequired\":true,\"valueName\":\"search_term_string\"}}],\"inLanguage\":\"en-GB\"},{\"@type\":\"Organization\",\"@id\":\"https:\\\/\\\/www.geopolitics.fr\\\/#organization\",\"name\":\"Geopolitics.fr\",\"url\":\"https:\\\/\\\/www.geopolitics.fr\\\/\",\"logo\":{\"@type\":\"ImageObject\",\"inLanguage\":\"en-GB\",\"@id\":\"https:\\\/\\\/www.geopolitics.fr\\\/#\\\/schema\\\/logo\\\/image\\\/\",\"url\":\"https:\\\/\\\/www.geopolitics.fr\\\/wp-content\\\/uploads\\\/2024\\\/01\\\/logo.jpg\",\"contentUrl\":\"https:\\\/\\\/www.geopolitics.fr\\\/wp-content\\\/uploads\\\/2024\\\/01\\\/logo.jpg\",\"width\":500,\"height\":500,\"caption\":\"Geopolitics.fr\"},\"image\":{\"@id\":\"https:\\\/\\\/www.geopolitics.fr\\\/#\\\/schema\\\/logo\\\/image\\\/\"},\"sameAs\":[\"https:\\\/\\\/www.facebook.com\\\/people\\\/Erwan-Davoux\\\/61557098968092\\\/\",\"https:\\\/\\\/x.com\\\/Geopolitics_Fr\"]},{\"@type\":\"Person\",\"@id\":\"https:\\\/\\\/www.geopolitics.fr\\\/#\\\/schema\\\/person\\\/a487273e91313e368925717400fa1b11\",\"name\":\"Erwan Davoux\",\"image\":{\"@type\":\"ImageObject\",\"inLanguage\":\"en-GB\",\"@id\":\"https:\\\/\\\/www.geopolitics.fr\\\/wp-content\\\/uploads\\\/2026\\\/05\\\/moi-96x96.jpg\",\"url\":\"https:\\\/\\\/www.geopolitics.fr\\\/wp-content\\\/uploads\\\/2026\\\/05\\\/moi-96x96.jpg\",\"contentUrl\":\"https:\\\/\\\/www.geopolitics.fr\\\/wp-content\\\/uploads\\\/2026\\\/05\\\/moi-96x96.jpg\",\"caption\":\"Erwan Davoux\"},\"description\":\"Erwan DAVOUX est Pr\u00e9sident de LMD CONSEIL, (conseil strat\u00e9gique, intelligence \u00e9conomique, risque g\u00e9opolitique, influence politique, diplomatie \u00e9conomique). Dipl\u00f4m\u00e9 de l'IEP de Paris et de l'INALCO (d\u00e9partement d'\u00e9tudes arabes), il est directeur de la publication de geopolitics.fr. Ancien fonctionnaire au Minist\u00e8re de l'Int\u00e9rieur et de la D\u00e9fense (DGSE) Ancien charg\u00e9 de Mission \u00e0 la Pr\u00e9sidence de la R\u00e9publique (cellule diplomatique) Conseil de nombreuses personnalit\u00e9s politiques \u00e0 l'International (dont deux anciens Premiers ministres).\",\"sameAs\":[\"Erwan Davoux\",\"@erwandavoux\",\"https:\\\/\\\/www.linkedin.com\\\/in\\\/erwan-davoux-6800b289\\\/\",\"https:\\\/\\\/x.com\\\/@erwandavoux @Geo_politicsfr\"],\"url\":\"https:\\\/\\\/www.geopolitics.fr\\\/en\\\/author\\\/erwan-davoux\\\/\"}]}<\/script>\n<!-- \/ Yoast SEO Premium plugin. -->","yoast_head_json":{"title":"Vers la fin de l\u2019ordre international et du multilat\u00e9ralisme\u00a0? | Geopolitics.fr","description":"Le syst\u00e8me international multilat\u00e9ral avec le droit international comme r\u00e9f\u00e9rence agonise. Le rapport de force assum\u00e9 s'impose d\u00e9sormais.","robots":{"index":"index","follow":"follow","max-snippet":"max-snippet:-1","max-image-preview":"max-image-preview:large","max-video-preview":"max-video-preview:-1"},"canonical":"https:\/\/www.geopolitics.fr\/en\/2025\/01\/14\/la-fin-de-lordre-international-et-du-multilateralisme\/","og_locale":"en_GB","og_type":"article","og_title":"Vers la fin de l\u2019ordre international et du multilat\u00e9ralisme\u00a0?","og_description":"Le syst\u00e8me international multilat\u00e9ral avec le droit international comme r\u00e9f\u00e9rence agonise. Le rapport de force assum\u00e9 s'impose d\u00e9sormais.","og_url":"https:\/\/www.geopolitics.fr\/en\/2025\/01\/14\/la-fin-de-lordre-international-et-du-multilateralisme\/","og_site_name":"Geopolitics.fr","article_publisher":"https:\/\/www.facebook.com\/people\/Erwan-Davoux\/61557098968092\/","article_author":"Erwan Davoux","article_published_time":"2025-01-14T11:43:01+00:00","article_modified_time":"2025-02-14T20:38:08+00:00","og_image":[{"width":1920,"height":1280,"url":"https:\/\/www.geopolitics.fr\/wp-content\/uploads\/2025\/01\/feu-et-a-sang.jpg","type":"image\/jpeg"}],"author":"Erwan Davoux","twitter_card":"summary_large_image","twitter_creator":"@erwandavoux @Geo_politicsfr","twitter_site":"@Geopolitics_Fr","twitter_misc":{"Written by":"Erwan Davoux","Estimated reading time":"6 minutes"},"schema":{"@context":"https:\/\/schema.org","@graph":[{"@type":"Article","@id":"https:\/\/www.geopolitics.fr\/2025\/01\/14\/la-fin-de-lordre-international-et-du-multilateralisme\/#article","isPartOf":{"@id":"https:\/\/www.geopolitics.fr\/2025\/01\/14\/la-fin-de-lordre-international-et-du-multilateralisme\/"},"author":{"name":"Erwan Davoux","@id":"https:\/\/www.geopolitics.fr\/#\/schema\/person\/a487273e91313e368925717400fa1b11"},"headline":"Vers la fin de l\u2019ordre international et du multilat\u00e9ralisme\u00a0?","datePublished":"2025-01-14T11:43:01+00:00","dateModified":"2025-02-14T20:38:08+00:00","mainEntityOfPage":{"@id":"https:\/\/www.geopolitics.fr\/2025\/01\/14\/la-fin-de-lordre-international-et-du-multilateralisme\/"},"wordCount":1251,"commentCount":0,"publisher":{"@id":"https:\/\/www.geopolitics.fr\/#organization"},"image":{"@id":"https:\/\/www.geopolitics.fr\/2025\/01\/14\/la-fin-de-lordre-international-et-du-multilateralisme\/#primaryimage"},"thumbnailUrl":"https:\/\/www.geopolitics.fr\/wp-content\/uploads\/2025\/01\/feu-et-a-sang.jpg","keywords":["droit international"],"articleSection":["Editorial","International","Mis en AVANT"],"inLanguage":"en-GB"},{"@type":"WebPage","@id":"https:\/\/www.geopolitics.fr\/2025\/01\/14\/la-fin-de-lordre-international-et-du-multilateralisme\/","url":"https:\/\/www.geopolitics.fr\/2025\/01\/14\/la-fin-de-lordre-international-et-du-multilateralisme\/","name":"Vers la fin de l\u2019ordre international et du multilat\u00e9ralisme\u00a0? | Geopolitics.fr","isPartOf":{"@id":"https:\/\/www.geopolitics.fr\/#website"},"primaryImageOfPage":{"@id":"https:\/\/www.geopolitics.fr\/2025\/01\/14\/la-fin-de-lordre-international-et-du-multilateralisme\/#primaryimage"},"image":{"@id":"https:\/\/www.geopolitics.fr\/2025\/01\/14\/la-fin-de-lordre-international-et-du-multilateralisme\/#primaryimage"},"thumbnailUrl":"https:\/\/www.geopolitics.fr\/wp-content\/uploads\/2025\/01\/feu-et-a-sang.jpg","datePublished":"2025-01-14T11:43:01+00:00","dateModified":"2025-02-14T20:38:08+00:00","description":"Le syst\u00e8me international multilat\u00e9ral avec le droit international comme r\u00e9f\u00e9rence agonise. Le rapport de force assum\u00e9 s'impose d\u00e9sormais.","breadcrumb":{"@id":"https:\/\/www.geopolitics.fr\/2025\/01\/14\/la-fin-de-lordre-international-et-du-multilateralisme\/#breadcrumb"},"inLanguage":"en-GB","potentialAction":[{"@type":"ReadAction","target":["https:\/\/www.geopolitics.fr\/2025\/01\/14\/la-fin-de-lordre-international-et-du-multilateralisme\/"]}]},{"@type":"ImageObject","inLanguage":"en-GB","@id":"https:\/\/www.geopolitics.fr\/2025\/01\/14\/la-fin-de-lordre-international-et-du-multilateralisme\/#primaryimage","url":"https:\/\/www.geopolitics.fr\/wp-content\/uploads\/2025\/01\/feu-et-a-sang.jpg","contentUrl":"https:\/\/www.geopolitics.fr\/wp-content\/uploads\/2025\/01\/feu-et-a-sang.jpg","width":1920,"height":1280,"caption":"Creative artwork decoration war"},{"@type":"BreadcrumbList","@id":"https:\/\/www.geopolitics.fr\/2025\/01\/14\/la-fin-de-lordre-international-et-du-multilateralisme\/#breadcrumb","itemListElement":[{"@type":"ListItem","position":1,"name":"Accueil","item":"https:\/\/www.geopolitics.fr\/"},{"@type":"ListItem","position":2,"name":"Vers la fin de l\u2019ordre international et du multilat\u00e9ralisme\u00a0?"}]},{"@type":"WebSite","@id":"https:\/\/www.geopolitics.fr\/#website","url":"https:\/\/www.geopolitics.fr\/","name":"Geopolitics.fr","description":"Geopolitics.fr Analyse politique, relations internationales, d\u00e9fense - ligne \u00e9ditoriale gaullo-chiraquienne","publisher":{"@id":"https:\/\/www.geopolitics.fr\/#organization"},"potentialAction":[{"@type":"SearchAction","target":{"@type":"EntryPoint","urlTemplate":"https:\/\/www.geopolitics.fr\/?s={search_term_string}"},"query-input":{"@type":"PropertyValueSpecification","valueRequired":true,"valueName":"search_term_string"}}],"inLanguage":"en-GB"},{"@type":"Organization","@id":"https:\/\/www.geopolitics.fr\/#organization","name":"Geopolitics.fr","url":"https:\/\/www.geopolitics.fr\/","logo":{"@type":"ImageObject","inLanguage":"en-GB","@id":"https:\/\/www.geopolitics.fr\/#\/schema\/logo\/image\/","url":"https:\/\/www.geopolitics.fr\/wp-content\/uploads\/2024\/01\/logo.jpg","contentUrl":"https:\/\/www.geopolitics.fr\/wp-content\/uploads\/2024\/01\/logo.jpg","width":500,"height":500,"caption":"Geopolitics.fr"},"image":{"@id":"https:\/\/www.geopolitics.fr\/#\/schema\/logo\/image\/"},"sameAs":["https:\/\/www.facebook.com\/people\/Erwan-Davoux\/61557098968092\/","https:\/\/x.com\/Geopolitics_Fr"]},{"@type":"Person","@id":"https:\/\/www.geopolitics.fr\/#\/schema\/person\/a487273e91313e368925717400fa1b11","name":"Erwan Davoux","image":{"@type":"ImageObject","inLanguage":"en-GB","@id":"https:\/\/www.geopolitics.fr\/wp-content\/uploads\/2026\/05\/moi-96x96.jpg","url":"https:\/\/www.geopolitics.fr\/wp-content\/uploads\/2026\/05\/moi-96x96.jpg","contentUrl":"https:\/\/www.geopolitics.fr\/wp-content\/uploads\/2026\/05\/moi-96x96.jpg","caption":"Erwan Davoux"},"description":"Erwan DAVOUX est Pr\u00e9sident de LMD CONSEIL, (conseil strat\u00e9gique, intelligence \u00e9conomique, risque g\u00e9opolitique, influence politique, diplomatie \u00e9conomique). Dipl\u00f4m\u00e9 de l'IEP de Paris et de l'INALCO (d\u00e9partement d'\u00e9tudes arabes), il est directeur de la publication de geopolitics.fr. Ancien fonctionnaire au Minist\u00e8re de l'Int\u00e9rieur et de la D\u00e9fense (DGSE) Ancien charg\u00e9 de Mission \u00e0 la Pr\u00e9sidence de la R\u00e9publique (cellule diplomatique) Conseil de nombreuses personnalit\u00e9s politiques \u00e0 l'International (dont deux anciens Premiers ministres).","sameAs":["Erwan Davoux","@erwandavoux","https:\/\/www.linkedin.com\/in\/erwan-davoux-6800b289\/","https:\/\/x.com\/@erwandavoux @Geo_politicsfr"],"url":"https:\/\/www.geopolitics.fr\/en\/author\/erwan-davoux\/"}]}},"_links":{"self":[{"href":"https:\/\/www.geopolitics.fr\/en\/wp-json\/wp\/v2\/posts\/3363","targetHints":{"allow":["GET"]}}],"collection":[{"href":"https:\/\/www.geopolitics.fr\/en\/wp-json\/wp\/v2\/posts"}],"about":[{"href":"https:\/\/www.geopolitics.fr\/en\/wp-json\/wp\/v2\/types\/post"}],"author":[{"embeddable":true,"href":"https:\/\/www.geopolitics.fr\/en\/wp-json\/wp\/v2\/users\/16"}],"replies":[{"embeddable":true,"href":"https:\/\/www.geopolitics.fr\/en\/wp-json\/wp\/v2\/comments?post=3363"}],"version-history":[{"count":0,"href":"https:\/\/www.geopolitics.fr\/en\/wp-json\/wp\/v2\/posts\/3363\/revisions"}],"wp:featuredmedia":[{"embeddable":true,"href":"https:\/\/www.geopolitics.fr\/en\/wp-json\/wp\/v2\/media\/3364"}],"wp:attachment":[{"href":"https:\/\/www.geopolitics.fr\/en\/wp-json\/wp\/v2\/media?parent=3363"}],"wp:term":[{"taxonomy":"category","embeddable":true,"href":"https:\/\/www.geopolitics.fr\/en\/wp-json\/wp\/v2\/categories?post=3363"},{"taxonomy":"post_tag","embeddable":true,"href":"https:\/\/www.geopolitics.fr\/en\/wp-json\/wp\/v2\/tags?post=3363"}],"curies":[{"name":"wp","href":"https:\/\/api.w.org\/{rel}","templated":true}]}}