{"id":3360,"date":"2025-01-13T18:03:14","date_gmt":"2025-01-13T17:03:14","guid":{"rendered":"https:\/\/www.geopolitics.fr\/?p=3360"},"modified":"2025-01-13T18:03:16","modified_gmt":"2025-01-13T17:03:16","slug":"onu-lassemblee-generale-approuve-un-budget-de-372-milliards-de-dollars-en-2025","status":"publish","type":"post","link":"https:\/\/www.geopolitics.fr\/en\/2025\/01\/13\/onu-lassemblee-generale-approuve-un-budget-de-372-milliards-de-dollars-en-2025\/","title":{"rendered":"ONU\u00a0: l&rsquo;Assembl\u00e9e g\u00e9n\u00e9rale approuve un budget de 3,72 milliards de dollars en 2025"},"content":{"rendered":"<p class=\"has-medium-font-size wp-block-paragraph\"><em>L&rsquo;Assembl\u00e9e g\u00e9n\u00e9rale de l\u2019ONU a pr\u00e9sent\u00e9 la partie principale de sa 79e session mardi 24 &nbsp;d\u00e9cembre dernier, en proposant un budget de 3,72 milliards de dollars pour les Nations Unies en 2025, et en adoptant un nouveau programme visant \u00e0 soutenir les pays en d\u00e9veloppement sans littoral. Ce budget pour l\u2019ann\u00e9e qui s\u2019ouvre est d\u00e9finitivement ent\u00e9rin\u00e9.<\/em><\/p>\n\n\n\n<p class=\"has-medium-font-size wp-block-paragraph\">Le budget ordinaire est approuv\u00e9 pour 2025. D&rsquo;un montant de 3,72 milliards de dollars, ce dernier se voit augmenter d&rsquo;environ 1 million de dollars en suite de la proposition faite en octobre dernier par le Secr\u00e9taire g\u00e9n\u00e9ral \u00e0 la Cinqui\u00e8me Commission de l&rsquo;Assembl\u00e9e, charg\u00e9e des questions administratives et budg\u00e9taires.<\/p>\n\n\n\n<p class=\"has-medium-font-size wp-block-paragraph\">Ce budget comprend \u00e9galement des ajustements techniques en suite de l&rsquo;adoption de plusieurs &nbsp;r\u00e9solutions et d\u00e9cisions prises par les organes intergouvernementaux de l&rsquo;organisation, depuis la pr\u00e9sentation de son projet. Ainsi le montant total des cr\u00e9dits budg\u00e9taires pour 2025, s&rsquo;\u00e9l\u00e8ve d\u00e9finitivement et pr\u00e9cis\u00e9ment &nbsp;\u00e0 3.717.379.600 dollars.<\/p>\n\n\n\n<p class=\"has-medium-font-size wp-block-paragraph\">Pour m\u00e9moire, le budget ordinaire finance les programmes de l&rsquo;ONU dans des domaines internationaux cl\u00e9s, notamment les affaires politiques, la justice et le droit, la coop\u00e9ration r\u00e9gionale pour le d\u00e9veloppement, les droits de l&rsquo;homme et les affaires humanitaires, ainsi que l&rsquo;information publique.<\/p>\n\n\n\n<p class=\"has-medium-font-size wp-block-paragraph\">En outre, l&rsquo;ONU dispose d&rsquo;un budget distinct pour les op\u00e9rations de maintien de la paix, dont le cycle fiscal s&rsquo;\u00e9tend du 1er juillet au 30 juin, tandis que le cycle du budget ordinaire s&rsquo;aligne sur l&rsquo;ann\u00e9e civile.<\/p>\n\n\n\n<h2 class=\"wp-block-heading\" id=\"h-un-nouveau-programme-d-action-pour-les-pays-en-developpement-sans-littoral\"><strong>Un nouveau programme d&rsquo;action pour les pays en d\u00e9veloppement sans littoral<\/strong><\/h2>\n\n\n\n<p class=\"has-medium-font-size wp-block-paragraph\">Distinctement, l&rsquo;Assembl\u00e9e g\u00e9n\u00e9rale a adopt\u00e9 le \u00ab&nbsp;Programme d&rsquo;action en faveur des pays en d\u00e9veloppement sans littoral&nbsp;\u00bb pour la d\u00e9cennie 2024-2034, qui vise \u00e0 relever les d\u00e9fis particuliers auxquels sont confront\u00e9es les nations qui n&rsquo;ont pas d&rsquo;acc\u00e8s direct \u00e0 la haute mer.<\/p>\n\n\n\n<p class=\"has-medium-font-size wp-block-paragraph\">Les pays en d\u00e9veloppement sans littoral (PDSL) sont effectivement confront\u00e9s \u00e0 des obstacles consid\u00e9rables et sp\u00e9cifiques en mati\u00e8re de commerce et de d\u00e9veloppement, car ces derniers d\u00e9pendent des pays de transit, ce qui entra\u00eene des co\u00fbts commerciaux plus \u00e9lev\u00e9s, des retards et une comp\u00e9titivit\u00e9 r\u00e9duite sur les march\u00e9s mondiaux.<\/p>\n\n\n\n<p class=\"has-medium-font-size wp-block-paragraph\">Ce programme d&rsquo;action d\u00e9finit cinq priorit\u00e9s : promouvoir une croissance \u00e9conomique durable gr\u00e2ce \u00e0 l&rsquo;innovation et \u00e0 la transformation structurelle, renforcer l&rsquo;int\u00e9gration commerciale r\u00e9gionale, am\u00e9liorer la connectivit\u00e9 des transports, renforcer la r\u00e9silience climatique et enfin garantir des strat\u00e9gies de mise en \u0153uvre efficaces.<\/p>\n\n\n\n<p class=\"has-medium-font-size wp-block-paragraph\">Le nouveau cadre s&rsquo;appuie sur le programme d&rsquo;action de Vienne (2014-2024), ainsi que le programme d&rsquo;action d&rsquo;Almaty (2003), qui ont jet\u00e9 les bases de la lutte contre les obstacles persistants auxquels sont confront\u00e9s les pays en d\u00e9veloppement sans littoral.<\/p>\n\n\n\n<h2 class=\"wp-block-heading\" id=\"h-une-nouvelle-convention-contre-la-cybercriminalite-pour-un-monde-numerique-et-physique-plus-sur\"><strong>Une nouvelle convention contre la cybercriminalit\u00e9, pour un monde num\u00e9rique et physique plus s\u00fbr<\/strong><\/h2>\n\n\n\n<p class=\"has-medium-font-size wp-block-paragraph\">Conscient que des milliards de personnes dans le monde devraient b\u00e9n\u00e9ficier d&rsquo;une s\u00e9curit\u00e9 accrue en ligne mais \u00e9galement dans le monde physique, l&rsquo;Assembl\u00e9e g\u00e9n\u00e9rale des Nations Unies a \u00e9galement vot\u00e9 un trait\u00e9 juridiquement contraignant sur la cybercriminalit\u00e9.<\/p>\n\n\n\n<p class=\"has-medium-font-size wp-block-paragraph\">En effet et apr\u00e8s cinq ann\u00e9es de vives n\u00e9gociations, les 193 \u00c9tats membres des Nations Unies ont adopt\u00e9 par consensus, la Convention contre la cybercriminalit\u00e9. Une premi\u00e8re du genre \u00e0 l\u2019\u00e9chelle internationale.<\/p>\n\n\n\n<h2 class=\"wp-block-heading\" id=\"h-un-outil-essentiel-mais-aussi-contraignant-face-aux-menaces-croissantes\"><strong>Un outil essentiel, mais aussi contraignant face aux menaces croissantes<\/strong><\/h2>\n\n\n\n<p class=\"has-medium-font-size wp-block-paragraph\">Selon la Banque mondiale en 2023, plus de 67 % de la population mondiale a dor\u00e9navant acc\u00e8s &nbsp;\u00e0 l&rsquo;internet. De la communication personnelle ou encore professionnelle, aux achats et les transactions en ligne, \u00e0 la recherche avanc\u00e9e et \u00e0 l&rsquo;innovation, cette population des cinq continents s\u2019appuie sur la connectivit\u00e9 et le web.<\/p>\n\n\n\n<p class=\"has-medium-font-size wp-block-paragraph\">Toutefois et les cas se font sans cesse l\u00e9gion, cette hyper-connectivit\u00e9 expose \u00e9galement plus des deux tiers des utilisateurs mondiaux aux dangers de la cybercriminalit\u00e9. Pour ceux qui se trouvent du mauvais c\u00f4t\u00e9 de la fracture num\u00e9rique, le manque de r\u00e9silience accro\u00eet encore leur vuln\u00e9rabilit\u00e9 une fois qu&rsquo;ils sont en ligne.<\/p>\n\n\n\n<p class=\"has-medium-font-size wp-block-paragraph\">Il serait un secret de polichinelle que d\u2019expliquer une nouvelle fois que les cybercriminels exploitent les syst\u00e8mes num\u00e9riques en utilisant des logiciels malveillants, des ran\u00e7ongiciels et le piratage afin de d\u00e9tourner des fonds, des donn\u00e9es et d&rsquo;autres informations fort pr\u00e9cieuses et encore une fois monnayables. Les technologies de l&rsquo;information et de la communication (TIC) sont \u00e9galement utilis\u00e9es afin de faciliter le d\u00e9veloppement d\u2019entreprises criminelles telles que le trafic de drogue, la contrebande d&rsquo;armes, la traite des \u00eatres humains, le blanchiment d&rsquo;argent et la fraude, etc.<\/p>\n\n\n\n<p class=\"has-medium-font-size wp-block-paragraph\">Plusieurs r\u00e9gions comme l&rsquo;Asie du Sud-Est ont abondamment \u00e9t\u00e9 d\u00e9crites comme le \u00ab point z\u00e9ro \u00bb d\u2019op\u00e9rations de cybercriminalit\u00e9 organis\u00e9e, souvent tr\u00e8s sophistiqu\u00e9es et coordonn\u00e9es. Incontestablement, la menace s&rsquo;intensifie sapant les \u00e9conomies, perturbant les infrastructures critiques et en cons\u00e9quence \u00e9rodant la confiance dans les syst\u00e8mes num\u00e9riques.<\/p>\n\n\n\n<p class=\"has-medium-font-size wp-block-paragraph\">Jusqu&rsquo;\u00e0 pr\u00e9sent, il n&rsquo;existait aucune convention sur la cybercriminalit\u00e9 n\u00e9goci\u00e9e \u00e0 l\u2019\u00e9chelle internationale. Ce nouvel accord sign\u00e9 par l\u2019ensemble des membres et les engageant du moins en th\u00e9orie contre la cybercriminalit\u00e9, porte l\u2019ambition d&rsquo;apporter des r\u00e9ponses plus rapides, mieux coordonn\u00e9es et donc plus efficaces, associant le monde num\u00e9rique et la vie r\u00e9elle plus s\u00fbrs.<\/p>\n\n\n\n<h2 class=\"wp-block-heading\" id=\"h-une-cooperation-permanente-d-investigation-et-judiciaire\"><strong>Une coop\u00e9ration permanente d\u2019investigation et judiciaire<\/strong><\/h2>\n\n\n\n<p class=\"has-medium-font-size wp-block-paragraph\">Selon l\u2019ONU, les enqu\u00eates criminelles transnationales, qu&rsquo;elles naissent en ligne ou non, d\u00e9pendent essentiellement d\u2019\u00e9l\u00e9ments de preuves \u00e9lectroniques et par cons\u00e9quent d\u00e9mat\u00e9rialis\u00e9es, ce qui pose de nombreux et nouveaux d\u00e9fis tant aux forces de l\u2019ordre enqu\u00eatrices, qu\u2019aux instructeurs judiciaires.<\/p>\n\n\n\n<p class=\"has-medium-font-size wp-block-paragraph\">L&rsquo;une des principales difficult\u00e9s r\u00e9side dans la nature d\u00e9centralis\u00e9e des donn\u00e9es, des r\u00e9seaux et de la multitude d\u2019op\u00e9rateurs, les preuves potentielles \u00e9tant souvent diss\u00e9min\u00e9es entre plusieurs juridictions.<\/p>\n\n\n\n<p class=\"has-medium-font-size wp-block-paragraph\">En outre, les \u00e9l\u00e9ments mat\u00e9riels \u00e9lectroniques caract\u00e9risant une infraction doivent souvent \u00eatre accessibles rapidement afin d&rsquo;\u00e9viter qu&rsquo;elles ne soient alt\u00e9r\u00e9es ou supprim\u00e9es par la grande fluidit\u00e9 des processus, de stockage notamment.<\/p>\n\n\n\n<p class=\"has-medium-font-size wp-block-paragraph\">Ainsi cette nouvelle pr\u00e9occupation de NU au travers de cette convention, met l&rsquo;accent sur les cadres d&rsquo;acc\u00e8s et d&rsquo;\u00e9changes des preuves \u00e9lectroniques et d\u00e9mat\u00e9rialis\u00e9es, et bien entendu visant \u00e0 faciliter le cours des enqu\u00eates et enfin, les poursuites judiciaires.<\/p>\n\n\n\n<p class=\"has-medium-font-size wp-block-paragraph\">Aussi, les \u00c9tats membres et parties \u00e0 cet accord, b\u00e9n\u00e9ficieront \u00e9galement d&rsquo;un r\u00e9seau fonctionnant 24 heures sur 24 et 7 jours sur 7, afin de stimuler la coop\u00e9ration internationale en mati\u00e8re d\u2019enqu\u00eates, puis aux poursuites internationales des juridictions nationales, aux saisies des produits criminels, enfin \u00e0 l&rsquo;entraide judiciaire et \u00e0 l&rsquo;extradition \u00e9ventuelle d\u2019individus mis en cause.<\/p>\n\n\n\n<h2 class=\"wp-block-heading\" id=\"h-proteger-les-enfants-une-priorite-accrue\"><strong>Prot\u00e9ger les enfants, une priorit\u00e9 accrue<\/strong><\/h2>\n\n\n\n<p class=\"has-medium-font-size wp-block-paragraph\">Il ne fait plus myst\u00e8re et de nombreuses affaires judiciaires l\u2019ont largement r\u00e9v\u00e9l\u00e9es, que les plateformes en ligne telles que les r\u00e9seaux sociaux, les applications de \u00ab chat \u00bb et les jeux, permettent un anonymat aux utilisateurs, que les pr\u00e9dateurs peuvent exploiter pour pr\u00e9parer, manipuler ou nuire aux plus jeunes.<\/p>\n\n\n\n<p class=\"has-medium-font-size wp-block-paragraph\">Ainsi la Convention 2025 des Nations Unies, est le premier trait\u00e9 mondial \u00e0 traiter sp\u00e9cifiquement des violences sexuelles commises \u00e0 l&rsquo;encontre des enfants, au moyen des technologies de l&rsquo;information et de la communication (TIC).<\/p>\n\n\n\n<p class=\"has-medium-font-size wp-block-paragraph\">En \u00e9rigeant ces infractions p\u00e9nales relevant dor\u00e9navant du droit international, la Convention dote les gouvernements d&rsquo;outils plus puissants en vue de prot\u00e9ger les jeunes mineurs notamment, et bien entendu traduire les auteurs en justice.<\/p>\n\n\n\n<h2 class=\"wp-block-heading\" id=\"h-renforcer-et-encourager-une-meilleure-reponse-aux-besoins-des-victimes\"><strong>Renforcer et encourager une meilleure r\u00e9ponse aux besoins des victimes<\/strong><\/h2>\n\n\n\n<p class=\"has-medium-font-size wp-block-paragraph\">La cybercriminalit\u00e9 est l\u2019un des fl\u00e9au mondial du 21<sup>\u00e8me<\/sup> si\u00e8cle. Pour l\u2019assembl\u00e9e des NU, une r\u00e9solution prioritaire adoss\u00e9e \u00e0 la Convention, vise \u00e0 ce que chaque victime re\u00e7oive un soutien ad\u00e9quat et essentiel.<\/p>\n\n\n\n<p class=\"has-medium-font-size wp-block-paragraph\">Ainsi, la Convention encourage les \u00c9tats \u00e0 procurer aux victimes et peu importe leur pays d\u2019origine, l&rsquo;acc\u00e8s \u00e0 des services de r\u00e9tablissement, d&rsquo;indemnisation, de restitution et de retrait des contenus illicites.<\/p>\n\n\n\n<p class=\"has-medium-font-size wp-block-paragraph\">Cette assistance et prise en charge devra \u00eatre mise en \u0153uvre conform\u00e9ment aux l\u00e9gislations nationales de chaque pays membre.<\/p>\n\n\n\n<h2 class=\"wp-block-heading\" id=\"h-renforcer-de-la-prevention\"><strong>Renforcer de la pr\u00e9vention<\/strong><\/h2>\n\n\n\n<p class=\"has-medium-font-size wp-block-paragraph\">L\u2019Assembl\u00e9e g\u00e9n\u00e9rale des Nations Unies comme tous unanimement le savons&nbsp;: il ne suffit pas de r\u00e9agir \u00e0 la cybercriminalit\u00e9 qu\u2019une fois qu&rsquo;elle s&rsquo;est produite et uniquement sur un mode r\u00e9pressif. Aussi et afin de pr\u00e9venir la cybercriminalit\u00e9, il est plus que n\u00e9cessaire d\u2019investir massivement dans des mesures proactives, ce que la Convention contre la cybercriminalit\u00e9 met fortement en avant.<\/p>\n\n\n\n<p class=\"has-medium-font-size wp-block-paragraph\">Ainsi, elle invite les \u00c9tats membres et signataires \u00e0 \u00e9laborer des strat\u00e9gies nationales de pr\u00e9vention globales, y compris des formations sp\u00e9cifiques tant pour les acteurs du secteur public que priv\u00e9, des programmes de r\u00e9adaptation et de r\u00e9insertion des d\u00e9linquants, et de renforcer encore une fois, le soutien aux victimes.<\/p>\n\n\n\n<p class=\"has-medium-font-size wp-block-paragraph\">\u00c0 travers ces mesures, la Convention vise \u00e0 s\u2019attaquer sans \u00e9quivoque aux risques, \u00e0 d\u00e9tecter puis g\u00e9rer efficacement les menaces, favorisant ainsi un environnement num\u00e9rique plus s\u00fbr pour tous.<\/p>","protected":false},"excerpt":{"rendered":"<p>L&rsquo;Assembl\u00e9e g\u00e9n\u00e9rale de l\u2019ONU a pr\u00e9sent\u00e9 la partie principale de sa 79e session mardi 24 &nbsp;d\u00e9cembre dernier, en proposant un budget de&hellip;<\/p>","protected":false},"author":93,"featured_media":3361,"comment_status":"open","ping_status":"open","sticky":false,"template":"","format":"standard","meta":{"_lmt_disableupdate":"","_lmt_disable":"","footnotes":""},"categories":[5,4],"tags":[],"class_list":["post-3360","post","type-post","status-publish","format-standard","has-post-thumbnail","hentry","category-international","category-mis-en-avant"],"yoast_head":"<!-- This site is optimized with the Yoast SEO Premium plugin v28.1 (Yoast SEO v28.1) - https:\/\/yoast.com\/product\/yoast-seo-premium-wordpress\/ -->\n<title>ONU\u00a0: l&#039;Assembl\u00e9e g\u00e9n\u00e9rale approuve un budget de 3,72 milliards de dollars en 2025 | Geopolitics.fr<\/title>\n<meta name=\"description\" content=\"L&#039;ONU a adopt\u00e9 son budget. A signaler un programme pour les pays en d\u00e9veloppement sans littoral et une convention sur la cybercriminalit\u00e9.\" \/>\n<meta name=\"robots\" content=\"index, follow, max-snippet:-1, max-image-preview:large, max-video-preview:-1\" \/>\n<link rel=\"canonical\" href=\"https:\/\/www.geopolitics.fr\/en\/2025\/01\/13\/onu-lassemblee-generale-approuve-un-budget-de-372-milliards-de-dollars-en-2025\/\" \/>\n<meta property=\"og:locale\" content=\"en_GB\" \/>\n<meta property=\"og:type\" content=\"article\" \/>\n<meta property=\"og:title\" content=\"ONU\u00a0: l&#039;Assembl\u00e9e g\u00e9n\u00e9rale approuve un budget de 3,72 milliards de dollars en 2025\" \/>\n<meta property=\"og:description\" content=\"L&#039;ONU a adopt\u00e9 son budget. A signaler un programme pour les pays en d\u00e9veloppement sans littoral et une convention sur la cybercriminalit\u00e9.\" \/>\n<meta property=\"og:url\" content=\"https:\/\/www.geopolitics.fr\/en\/2025\/01\/13\/onu-lassemblee-generale-approuve-un-budget-de-372-milliards-de-dollars-en-2025\/\" \/>\n<meta property=\"og:site_name\" content=\"Geopolitics.fr\" \/>\n<meta property=\"article:publisher\" content=\"https:\/\/www.facebook.com\/people\/Erwan-Davoux\/61557098968092\/\" \/>\n<meta property=\"article:author\" content=\"https:\/\/www.facebook.com\/odelagarde\" \/>\n<meta property=\"article:published_time\" content=\"2025-01-13T17:03:14+00:00\" \/>\n<meta property=\"article:modified_time\" content=\"2025-01-13T17:03:16+00:00\" \/>\n<meta property=\"og:image\" content=\"https:\/\/www.geopolitics.fr\/wp-content\/uploads\/2025\/01\/Siege-ONU-1.jpg\" \/>\n\t<meta property=\"og:image:width\" content=\"1170\" \/>\n\t<meta property=\"og:image:height\" content=\"530\" \/>\n\t<meta property=\"og:image:type\" content=\"image\/jpeg\" \/>\n<meta name=\"author\" content=\"Olivier DELAGARDE\" \/>\n<meta name=\"twitter:card\" content=\"summary_large_image\" \/>\n<meta name=\"twitter:creator\" content=\"@Geopolitics_Fr\" \/>\n<meta name=\"twitter:site\" content=\"@Geopolitics_Fr\" \/>\n<meta name=\"twitter:label1\" content=\"Written by\" \/>\n\t<meta name=\"twitter:data1\" content=\"Olivier DELAGARDE\" \/>\n\t<meta name=\"twitter:label2\" content=\"Estimated reading time\" \/>\n\t<meta name=\"twitter:data2\" content=\"8 minutes\" \/>\n<script type=\"application\/ld+json\" class=\"yoast-schema-graph\">{\"@context\":\"https:\\\/\\\/schema.org\",\"@graph\":[{\"@type\":\"Article\",\"@id\":\"https:\\\/\\\/www.geopolitics.fr\\\/2025\\\/01\\\/13\\\/onu-lassemblee-generale-approuve-un-budget-de-372-milliards-de-dollars-en-2025\\\/#article\",\"isPartOf\":{\"@id\":\"https:\\\/\\\/www.geopolitics.fr\\\/2025\\\/01\\\/13\\\/onu-lassemblee-generale-approuve-un-budget-de-372-milliards-de-dollars-en-2025\\\/\"},\"author\":{\"name\":\"Olivier DELAGARDE\",\"@id\":\"https:\\\/\\\/www.geopolitics.fr\\\/#\\\/schema\\\/person\\\/9b98d78234af63d6ad71199d66115350\"},\"headline\":\"ONU\u00a0: l&rsquo;Assembl\u00e9e g\u00e9n\u00e9rale approuve un budget de 3,72 milliards de dollars en 2025\",\"datePublished\":\"2025-01-13T17:03:14+00:00\",\"dateModified\":\"2025-01-13T17:03:16+00:00\",\"mainEntityOfPage\":{\"@id\":\"https:\\\/\\\/www.geopolitics.fr\\\/2025\\\/01\\\/13\\\/onu-lassemblee-generale-approuve-un-budget-de-372-milliards-de-dollars-en-2025\\\/\"},\"wordCount\":1595,\"commentCount\":0,\"publisher\":{\"@id\":\"https:\\\/\\\/www.geopolitics.fr\\\/#organization\"},\"image\":{\"@id\":\"https:\\\/\\\/www.geopolitics.fr\\\/2025\\\/01\\\/13\\\/onu-lassemblee-generale-approuve-un-budget-de-372-milliards-de-dollars-en-2025\\\/#primaryimage\"},\"thumbnailUrl\":\"https:\\\/\\\/www.geopolitics.fr\\\/wp-content\\\/uploads\\\/2025\\\/01\\\/Siege-ONU-1.jpg\",\"articleSection\":[\"International\",\"Mis en AVANT\"],\"inLanguage\":\"en-GB\"},{\"@type\":\"WebPage\",\"@id\":\"https:\\\/\\\/www.geopolitics.fr\\\/2025\\\/01\\\/13\\\/onu-lassemblee-generale-approuve-un-budget-de-372-milliards-de-dollars-en-2025\\\/\",\"url\":\"https:\\\/\\\/www.geopolitics.fr\\\/2025\\\/01\\\/13\\\/onu-lassemblee-generale-approuve-un-budget-de-372-milliards-de-dollars-en-2025\\\/\",\"name\":\"ONU\u00a0: l'Assembl\u00e9e g\u00e9n\u00e9rale approuve un budget de 3,72 milliards de dollars en 2025 | Geopolitics.fr\",\"isPartOf\":{\"@id\":\"https:\\\/\\\/www.geopolitics.fr\\\/#website\"},\"primaryImageOfPage\":{\"@id\":\"https:\\\/\\\/www.geopolitics.fr\\\/2025\\\/01\\\/13\\\/onu-lassemblee-generale-approuve-un-budget-de-372-milliards-de-dollars-en-2025\\\/#primaryimage\"},\"image\":{\"@id\":\"https:\\\/\\\/www.geopolitics.fr\\\/2025\\\/01\\\/13\\\/onu-lassemblee-generale-approuve-un-budget-de-372-milliards-de-dollars-en-2025\\\/#primaryimage\"},\"thumbnailUrl\":\"https:\\\/\\\/www.geopolitics.fr\\\/wp-content\\\/uploads\\\/2025\\\/01\\\/Siege-ONU-1.jpg\",\"datePublished\":\"2025-01-13T17:03:14+00:00\",\"dateModified\":\"2025-01-13T17:03:16+00:00\",\"description\":\"L'ONU a adopt\u00e9 son budget. A signaler un programme pour les pays en d\u00e9veloppement sans littoral et une convention sur la cybercriminalit\u00e9.\",\"breadcrumb\":{\"@id\":\"https:\\\/\\\/www.geopolitics.fr\\\/2025\\\/01\\\/13\\\/onu-lassemblee-generale-approuve-un-budget-de-372-milliards-de-dollars-en-2025\\\/#breadcrumb\"},\"inLanguage\":\"en-GB\",\"potentialAction\":[{\"@type\":\"ReadAction\",\"target\":[\"https:\\\/\\\/www.geopolitics.fr\\\/2025\\\/01\\\/13\\\/onu-lassemblee-generale-approuve-un-budget-de-372-milliards-de-dollars-en-2025\\\/\"]}]},{\"@type\":\"ImageObject\",\"inLanguage\":\"en-GB\",\"@id\":\"https:\\\/\\\/www.geopolitics.fr\\\/2025\\\/01\\\/13\\\/onu-lassemblee-generale-approuve-un-budget-de-372-milliards-de-dollars-en-2025\\\/#primaryimage\",\"url\":\"https:\\\/\\\/www.geopolitics.fr\\\/wp-content\\\/uploads\\\/2025\\\/01\\\/Siege-ONU-1.jpg\",\"contentUrl\":\"https:\\\/\\\/www.geopolitics.fr\\\/wp-content\\\/uploads\\\/2025\\\/01\\\/Siege-ONU-1.jpg\",\"width\":1170,\"height\":530},{\"@type\":\"BreadcrumbList\",\"@id\":\"https:\\\/\\\/www.geopolitics.fr\\\/2025\\\/01\\\/13\\\/onu-lassemblee-generale-approuve-un-budget-de-372-milliards-de-dollars-en-2025\\\/#breadcrumb\",\"itemListElement\":[{\"@type\":\"ListItem\",\"position\":1,\"name\":\"Accueil\",\"item\":\"https:\\\/\\\/www.geopolitics.fr\\\/\"},{\"@type\":\"ListItem\",\"position\":2,\"name\":\"ONU\u00a0: l&#8217;Assembl\u00e9e g\u00e9n\u00e9rale approuve un budget de 3,72 milliards de dollars en 2025\"}]},{\"@type\":\"WebSite\",\"@id\":\"https:\\\/\\\/www.geopolitics.fr\\\/#website\",\"url\":\"https:\\\/\\\/www.geopolitics.fr\\\/\",\"name\":\"Geopolitics.fr\",\"description\":\"Geopolitics.fr Analyse politique, relations internationales, d\u00e9fense - ligne \u00e9ditoriale gaullo-chiraquienne\",\"publisher\":{\"@id\":\"https:\\\/\\\/www.geopolitics.fr\\\/#organization\"},\"potentialAction\":[{\"@type\":\"SearchAction\",\"target\":{\"@type\":\"EntryPoint\",\"urlTemplate\":\"https:\\\/\\\/www.geopolitics.fr\\\/?s={search_term_string}\"},\"query-input\":{\"@type\":\"PropertyValueSpecification\",\"valueRequired\":true,\"valueName\":\"search_term_string\"}}],\"inLanguage\":\"en-GB\"},{\"@type\":\"Organization\",\"@id\":\"https:\\\/\\\/www.geopolitics.fr\\\/#organization\",\"name\":\"Geopolitics.fr\",\"url\":\"https:\\\/\\\/www.geopolitics.fr\\\/\",\"logo\":{\"@type\":\"ImageObject\",\"inLanguage\":\"en-GB\",\"@id\":\"https:\\\/\\\/www.geopolitics.fr\\\/#\\\/schema\\\/logo\\\/image\\\/\",\"url\":\"https:\\\/\\\/www.geopolitics.fr\\\/wp-content\\\/uploads\\\/2024\\\/01\\\/logo.jpg\",\"contentUrl\":\"https:\\\/\\\/www.geopolitics.fr\\\/wp-content\\\/uploads\\\/2024\\\/01\\\/logo.jpg\",\"width\":500,\"height\":500,\"caption\":\"Geopolitics.fr\"},\"image\":{\"@id\":\"https:\\\/\\\/www.geopolitics.fr\\\/#\\\/schema\\\/logo\\\/image\\\/\"},\"sameAs\":[\"https:\\\/\\\/www.facebook.com\\\/people\\\/Erwan-Davoux\\\/61557098968092\\\/\",\"https:\\\/\\\/x.com\\\/Geopolitics_Fr\"]},{\"@type\":\"Person\",\"@id\":\"https:\\\/\\\/www.geopolitics.fr\\\/#\\\/schema\\\/person\\\/9b98d78234af63d6ad71199d66115350\",\"name\":\"Olivier DELAGARDE\",\"image\":{\"@type\":\"ImageObject\",\"inLanguage\":\"en-GB\",\"@id\":\"https:\\\/\\\/secure.gravatar.com\\\/avatar\\\/2c50afbd303b51697d9591857ee182bf3ead572fa530da00bb0278cf506c3a97?s=96&d=mm&r=g\",\"url\":\"https:\\\/\\\/secure.gravatar.com\\\/avatar\\\/2c50afbd303b51697d9591857ee182bf3ead572fa530da00bb0278cf506c3a97?s=96&d=mm&r=g\",\"contentUrl\":\"https:\\\/\\\/secure.gravatar.com\\\/avatar\\\/2c50afbd303b51697d9591857ee182bf3ead572fa530da00bb0278cf506c3a97?s=96&d=mm&r=g\",\"caption\":\"Olivier DELAGARDE\"},\"description\":\"Journaliste depuis plus de 20 ans, accr\u00e9dit\u00e9 aupr\u00e8s de l'Organisation des Nations Unies, de la Ligue des Etats Arabes, titulaire de la Carte d'Identit\u00e9 des Journalistes Professionnels en France et de la F\u00e9d\u00e9ration Internationale des Journalistes, Olivier a occup\u00e9 le poste de Grand reporter correspondant permanent en \u00c9gypte pour des m\u00e9dias de renomm\u00e9e mondiale tels que TV5 MONDE, le GROUPE M6, le GROUPE TF1 ou encore l\u2019AFP. Durant plus de dix ann\u00e9es, il a produit de nombreux reportages sur la politique internationale en Afrique de l'Est, tout en couvrant les principaux conflits au Proche et Moyen-Orient. En tant que Chef de bureau Proche-Orient pour TV5 MONDE, il \u00e9tait responsable de la production de reportages, des relations institutionnelles et de la repr\u00e9sentation de la cha\u00eene, tout en \u00e9crivant pour plusieurs m\u00e9dias europ\u00e9ens et internationaux.\",\"sameAs\":[\"https:\\\/\\\/www.facebook.com\\\/odelagarde\",\"https:\\\/\\\/www.linkedin.com\\\/in\\\/olivier-delagarde-816b17270\\\/\"],\"url\":\"https:\\\/\\\/www.geopolitics.fr\\\/en\\\/author\\\/odelagarde\\\/\"}]}<\/script>\n<!-- \/ Yoast SEO Premium plugin. -->","yoast_head_json":{"title":"ONU\u00a0: l'Assembl\u00e9e g\u00e9n\u00e9rale approuve un budget de 3,72 milliards de dollars en 2025 | Geopolitics.fr","description":"L'ONU a adopt\u00e9 son budget. A signaler un programme pour les pays en d\u00e9veloppement sans littoral et une convention sur la cybercriminalit\u00e9.","robots":{"index":"index","follow":"follow","max-snippet":"max-snippet:-1","max-image-preview":"max-image-preview:large","max-video-preview":"max-video-preview:-1"},"canonical":"https:\/\/www.geopolitics.fr\/en\/2025\/01\/13\/onu-lassemblee-generale-approuve-un-budget-de-372-milliards-de-dollars-en-2025\/","og_locale":"en_GB","og_type":"article","og_title":"ONU\u00a0: l'Assembl\u00e9e g\u00e9n\u00e9rale approuve un budget de 3,72 milliards de dollars en 2025","og_description":"L'ONU a adopt\u00e9 son budget. A signaler un programme pour les pays en d\u00e9veloppement sans littoral et une convention sur la cybercriminalit\u00e9.","og_url":"https:\/\/www.geopolitics.fr\/en\/2025\/01\/13\/onu-lassemblee-generale-approuve-un-budget-de-372-milliards-de-dollars-en-2025\/","og_site_name":"Geopolitics.fr","article_publisher":"https:\/\/www.facebook.com\/people\/Erwan-Davoux\/61557098968092\/","article_author":"https:\/\/www.facebook.com\/odelagarde","article_published_time":"2025-01-13T17:03:14+00:00","article_modified_time":"2025-01-13T17:03:16+00:00","og_image":[{"width":1170,"height":530,"url":"https:\/\/www.geopolitics.fr\/wp-content\/uploads\/2025\/01\/Siege-ONU-1.jpg","type":"image\/jpeg"}],"author":"Olivier DELAGARDE","twitter_card":"summary_large_image","twitter_creator":"@Geopolitics_Fr","twitter_site":"@Geopolitics_Fr","twitter_misc":{"Written by":"Olivier DELAGARDE","Estimated reading time":"8 minutes"},"schema":{"@context":"https:\/\/schema.org","@graph":[{"@type":"Article","@id":"https:\/\/www.geopolitics.fr\/2025\/01\/13\/onu-lassemblee-generale-approuve-un-budget-de-372-milliards-de-dollars-en-2025\/#article","isPartOf":{"@id":"https:\/\/www.geopolitics.fr\/2025\/01\/13\/onu-lassemblee-generale-approuve-un-budget-de-372-milliards-de-dollars-en-2025\/"},"author":{"name":"Olivier DELAGARDE","@id":"https:\/\/www.geopolitics.fr\/#\/schema\/person\/9b98d78234af63d6ad71199d66115350"},"headline":"ONU\u00a0: l&rsquo;Assembl\u00e9e g\u00e9n\u00e9rale approuve un budget de 3,72 milliards de dollars en 2025","datePublished":"2025-01-13T17:03:14+00:00","dateModified":"2025-01-13T17:03:16+00:00","mainEntityOfPage":{"@id":"https:\/\/www.geopolitics.fr\/2025\/01\/13\/onu-lassemblee-generale-approuve-un-budget-de-372-milliards-de-dollars-en-2025\/"},"wordCount":1595,"commentCount":0,"publisher":{"@id":"https:\/\/www.geopolitics.fr\/#organization"},"image":{"@id":"https:\/\/www.geopolitics.fr\/2025\/01\/13\/onu-lassemblee-generale-approuve-un-budget-de-372-milliards-de-dollars-en-2025\/#primaryimage"},"thumbnailUrl":"https:\/\/www.geopolitics.fr\/wp-content\/uploads\/2025\/01\/Siege-ONU-1.jpg","articleSection":["International","Mis en AVANT"],"inLanguage":"en-GB"},{"@type":"WebPage","@id":"https:\/\/www.geopolitics.fr\/2025\/01\/13\/onu-lassemblee-generale-approuve-un-budget-de-372-milliards-de-dollars-en-2025\/","url":"https:\/\/www.geopolitics.fr\/2025\/01\/13\/onu-lassemblee-generale-approuve-un-budget-de-372-milliards-de-dollars-en-2025\/","name":"ONU\u00a0: l'Assembl\u00e9e g\u00e9n\u00e9rale approuve un budget de 3,72 milliards de dollars en 2025 | Geopolitics.fr","isPartOf":{"@id":"https:\/\/www.geopolitics.fr\/#website"},"primaryImageOfPage":{"@id":"https:\/\/www.geopolitics.fr\/2025\/01\/13\/onu-lassemblee-generale-approuve-un-budget-de-372-milliards-de-dollars-en-2025\/#primaryimage"},"image":{"@id":"https:\/\/www.geopolitics.fr\/2025\/01\/13\/onu-lassemblee-generale-approuve-un-budget-de-372-milliards-de-dollars-en-2025\/#primaryimage"},"thumbnailUrl":"https:\/\/www.geopolitics.fr\/wp-content\/uploads\/2025\/01\/Siege-ONU-1.jpg","datePublished":"2025-01-13T17:03:14+00:00","dateModified":"2025-01-13T17:03:16+00:00","description":"L'ONU a adopt\u00e9 son budget. A signaler un programme pour les pays en d\u00e9veloppement sans littoral et une convention sur la cybercriminalit\u00e9.","breadcrumb":{"@id":"https:\/\/www.geopolitics.fr\/2025\/01\/13\/onu-lassemblee-generale-approuve-un-budget-de-372-milliards-de-dollars-en-2025\/#breadcrumb"},"inLanguage":"en-GB","potentialAction":[{"@type":"ReadAction","target":["https:\/\/www.geopolitics.fr\/2025\/01\/13\/onu-lassemblee-generale-approuve-un-budget-de-372-milliards-de-dollars-en-2025\/"]}]},{"@type":"ImageObject","inLanguage":"en-GB","@id":"https:\/\/www.geopolitics.fr\/2025\/01\/13\/onu-lassemblee-generale-approuve-un-budget-de-372-milliards-de-dollars-en-2025\/#primaryimage","url":"https:\/\/www.geopolitics.fr\/wp-content\/uploads\/2025\/01\/Siege-ONU-1.jpg","contentUrl":"https:\/\/www.geopolitics.fr\/wp-content\/uploads\/2025\/01\/Siege-ONU-1.jpg","width":1170,"height":530},{"@type":"BreadcrumbList","@id":"https:\/\/www.geopolitics.fr\/2025\/01\/13\/onu-lassemblee-generale-approuve-un-budget-de-372-milliards-de-dollars-en-2025\/#breadcrumb","itemListElement":[{"@type":"ListItem","position":1,"name":"Accueil","item":"https:\/\/www.geopolitics.fr\/"},{"@type":"ListItem","position":2,"name":"ONU\u00a0: l&#8217;Assembl\u00e9e g\u00e9n\u00e9rale approuve un budget de 3,72 milliards de dollars en 2025"}]},{"@type":"WebSite","@id":"https:\/\/www.geopolitics.fr\/#website","url":"https:\/\/www.geopolitics.fr\/","name":"Geopolitics.fr","description":"Geopolitics.fr Analyse politique, relations internationales, d\u00e9fense - ligne \u00e9ditoriale gaullo-chiraquienne","publisher":{"@id":"https:\/\/www.geopolitics.fr\/#organization"},"potentialAction":[{"@type":"SearchAction","target":{"@type":"EntryPoint","urlTemplate":"https:\/\/www.geopolitics.fr\/?s={search_term_string}"},"query-input":{"@type":"PropertyValueSpecification","valueRequired":true,"valueName":"search_term_string"}}],"inLanguage":"en-GB"},{"@type":"Organization","@id":"https:\/\/www.geopolitics.fr\/#organization","name":"Geopolitics.fr","url":"https:\/\/www.geopolitics.fr\/","logo":{"@type":"ImageObject","inLanguage":"en-GB","@id":"https:\/\/www.geopolitics.fr\/#\/schema\/logo\/image\/","url":"https:\/\/www.geopolitics.fr\/wp-content\/uploads\/2024\/01\/logo.jpg","contentUrl":"https:\/\/www.geopolitics.fr\/wp-content\/uploads\/2024\/01\/logo.jpg","width":500,"height":500,"caption":"Geopolitics.fr"},"image":{"@id":"https:\/\/www.geopolitics.fr\/#\/schema\/logo\/image\/"},"sameAs":["https:\/\/www.facebook.com\/people\/Erwan-Davoux\/61557098968092\/","https:\/\/x.com\/Geopolitics_Fr"]},{"@type":"Person","@id":"https:\/\/www.geopolitics.fr\/#\/schema\/person\/9b98d78234af63d6ad71199d66115350","name":"Olivier DELAGARDE","image":{"@type":"ImageObject","inLanguage":"en-GB","@id":"https:\/\/secure.gravatar.com\/avatar\/2c50afbd303b51697d9591857ee182bf3ead572fa530da00bb0278cf506c3a97?s=96&d=mm&r=g","url":"https:\/\/secure.gravatar.com\/avatar\/2c50afbd303b51697d9591857ee182bf3ead572fa530da00bb0278cf506c3a97?s=96&d=mm&r=g","contentUrl":"https:\/\/secure.gravatar.com\/avatar\/2c50afbd303b51697d9591857ee182bf3ead572fa530da00bb0278cf506c3a97?s=96&d=mm&r=g","caption":"Olivier DELAGARDE"},"description":"Journaliste depuis plus de 20 ans, accr\u00e9dit\u00e9 aupr\u00e8s de l'Organisation des Nations Unies, de la Ligue des Etats Arabes, titulaire de la Carte d'Identit\u00e9 des Journalistes Professionnels en France et de la F\u00e9d\u00e9ration Internationale des Journalistes, Olivier a occup\u00e9 le poste de Grand reporter correspondant permanent en \u00c9gypte pour des m\u00e9dias de renomm\u00e9e mondiale tels que TV5 MONDE, le GROUPE M6, le GROUPE TF1 ou encore l\u2019AFP. Durant plus de dix ann\u00e9es, il a produit de nombreux reportages sur la politique internationale en Afrique de l'Est, tout en couvrant les principaux conflits au Proche et Moyen-Orient. En tant que Chef de bureau Proche-Orient pour TV5 MONDE, il \u00e9tait responsable de la production de reportages, des relations institutionnelles et de la repr\u00e9sentation de la cha\u00eene, tout en \u00e9crivant pour plusieurs m\u00e9dias europ\u00e9ens et internationaux.","sameAs":["https:\/\/www.facebook.com\/odelagarde","https:\/\/www.linkedin.com\/in\/olivier-delagarde-816b17270\/"],"url":"https:\/\/www.geopolitics.fr\/en\/author\/odelagarde\/"}]}},"_links":{"self":[{"href":"https:\/\/www.geopolitics.fr\/en\/wp-json\/wp\/v2\/posts\/3360","targetHints":{"allow":["GET"]}}],"collection":[{"href":"https:\/\/www.geopolitics.fr\/en\/wp-json\/wp\/v2\/posts"}],"about":[{"href":"https:\/\/www.geopolitics.fr\/en\/wp-json\/wp\/v2\/types\/post"}],"author":[{"embeddable":true,"href":"https:\/\/www.geopolitics.fr\/en\/wp-json\/wp\/v2\/users\/93"}],"replies":[{"embeddable":true,"href":"https:\/\/www.geopolitics.fr\/en\/wp-json\/wp\/v2\/comments?post=3360"}],"version-history":[{"count":0,"href":"https:\/\/www.geopolitics.fr\/en\/wp-json\/wp\/v2\/posts\/3360\/revisions"}],"wp:featuredmedia":[{"embeddable":true,"href":"https:\/\/www.geopolitics.fr\/en\/wp-json\/wp\/v2\/media\/3361"}],"wp:attachment":[{"href":"https:\/\/www.geopolitics.fr\/en\/wp-json\/wp\/v2\/media?parent=3360"}],"wp:term":[{"taxonomy":"category","embeddable":true,"href":"https:\/\/www.geopolitics.fr\/en\/wp-json\/wp\/v2\/categories?post=3360"},{"taxonomy":"post_tag","embeddable":true,"href":"https:\/\/www.geopolitics.fr\/en\/wp-json\/wp\/v2\/tags?post=3360"}],"curies":[{"name":"wp","href":"https:\/\/api.w.org\/{rel}","templated":true}]}}