{"id":3353,"date":"2025-01-11T20:01:41","date_gmt":"2025-01-11T19:01:41","guid":{"rendered":"https:\/\/www.geopolitics.fr\/?p=3353"},"modified":"2025-01-11T20:01:44","modified_gmt":"2025-01-11T19:01:44","slug":"elections-du-23-fevrier-2025-lallemagne-entre-reformes-et-populisme","status":"publish","type":"post","link":"https:\/\/www.geopolitics.fr\/en\/2025\/01\/11\/elections-du-23-fevrier-2025-lallemagne-entre-reformes-et-populisme\/","title":{"rendered":"ELECTIONS DU 23 FEVRIER 2025\u00a0: L\u2019ALLEMAGNE ENTRE REFORMES ET POPULISME"},"content":{"rendered":"<p class=\"wp-block-paragraph\"><strong>L\u2019Allemagne traverse actuellement une crise politique d\u2019une ampleur sans pr\u00e9c\u00e9dent.<\/strong><\/p>\n\n\n\n<p class=\"wp-block-paragraph\">La r\u00e9cente motion de censure adopt\u00e9e par le Bundestag a provoqu\u00e9 la chute du gouvernement de coalition dirig\u00e9 par le chancelier Olaf Scholz, contraignant le pays \u00e0 organiser des \u00e9lections l\u00e9gislatives anticip\u00e9es. Ce bouleversement met en lumi\u00e8re des fractures profondes au sein du paysage politique allemand, avec la mont\u00e9e en puissance de l\u2019Alternative f\u00fcr Deutschland (AfD), un parti d\u2019extr\u00eame droite, qui suscite des inqui\u00e9tudes non seulement au niveau national, mais \u00e9galement sur la sc\u00e8ne internationale.<\/p>\n\n\n\n<p class=\"wp-block-paragraph\"><strong>Une Coalition Tricolore Fragilis\u00e9e<\/strong><\/p>\n\n\n\n<p class=\"wp-block-paragraph\">L\u2019alliance form\u00e9e en 2021 entre le SPD, les Verts et le FDP semblait porter des espoirs de r\u00e9formes ambitieuses. Toutefois, des divergences importantes, notamment sur les r\u00e9formes \u00e9conomiques et budg\u00e9taires, ont rapidement fragilis\u00e9 cette entente. Le limogeage du ministre des Finances, Christian Lindner (FDP), en novembre 2024, a marqu\u00e9 un tournant d\u00e9cisif, scellant ainsi l\u2019effondrement de la coalition et plongeant l\u2019Allemagne dans une p\u00e9riode d\u2019incertitude politique profonde.<\/p>\n\n\n\n<p class=\"wp-block-paragraph\">Les Verts, de leur c\u00f4t\u00e9, ont \u00e9galement travers\u00e9 des turbulences notables<strong>.<\/strong> En septembre dernier, leur direction a d\u00e9missionn\u00e9 \u00e0 la suite d\u2019une s\u00e9rie de d\u00e9faites \u00e9lectorales. Ces \u00e9v\u00e9nements ont gravement perturb\u00e9 le processus de mise en \u0153uvre de r\u00e9formes essentielles, notamment celles li\u00e9es \u00e0 la transition \u00e9nerg\u00e9tique et \u00e0 la lutte contre le changement climatique, des enjeux qui figuraient pourtant parmi les priorit\u00e9s affich\u00e9es de la coalition.<\/p>\n\n\n\n<p class=\"wp-block-paragraph\"><strong>Une Crise \u00c9conomique Majeure et ses Cons\u00e9quences Politiques<\/strong><\/p>\n\n\n\n<p class=\"wp-block-paragraph\">L&rsquo;inflation persistante et la crise \u00e9nerg\u00e9tique, amplifi\u00e9es par les r\u00e9percussions de la guerre en Ukraine, nourrissent un m\u00e9contentement grandissant au sein de la population allemande. Les m\u00e9nages voient leur pouvoir d&rsquo;achat se r\u00e9duire, tandis que les entreprises, confront\u00e9es \u00e0 la hausse des co\u00fbts \u00e9nerg\u00e9tiques, peinent \u00e0 maintenir leur comp\u00e9titivit\u00e9. Cette situation devient d\u2019autant plus pr\u00e9occupante en raison d&rsquo;une augmentation du ch\u00f4mage et d\u2019une stagnation \u00e9conomique, la croissance pr\u00e9visionnelle pour 2025 n\u2019\u00e9tant que de <strong>0,2 %<\/strong>. Des g\u00e9ants industriels tels que Volkswagen annoncent la fermeture de certaines usines, alimentant l&rsquo;incertitude parmi les travailleurs et leurs familles.<\/p>\n\n\n\n<p class=\"wp-block-paragraph\">Ce climat de crise nourrit un profond sentiment de frustration \u00e0 l&rsquo;\u00e9gard des partis traditionnels, offrant ainsi \u00e0 l\u2019AfD une occasion de capter ce m\u00e9contentement croissant. Les \u00e9lecteurs, de plus en plus d\u00e9sillusionn\u00e9s par l\u2019incapacit\u00e9 des dirigeants \u00e0 r\u00e9soudre ces crises, pourraient se tourner vers des solutions radicales, ce qui pourrait red\u00e9finir le paysage politique allemand lors des prochaines \u00e9lections.<\/p>\n\n\n\n<p class=\"wp-block-paragraph\"><strong>Une Motion de Censure aux R\u00e9percussions <\/strong><strong>Majeures<\/strong><\/p>\n\n\n\n<p class=\"wp-block-paragraph\">Le 16 d\u00e9cembre 2024, le Bundestag a adopt\u00e9 une motion de censure contre le Chancelier Olaf Scholz, mettant ainsi un terme \u00e0 son gouvernement. Ce vote, marqu\u00e9 par des tensions internes, a incit\u00e9 le Pr\u00e9sident f\u00e9d\u00e9ral Frank-Walter Steinmeier \u00e0 convoquer des \u00e9lections anticip\u00e9es, pr\u00e9vues pour le 23 f\u00e9vrier 2025. Ces \u00e9lections s&rsquo;annoncent d\u00e9cisives, non seulement pour l&rsquo;orientation politique future de l&rsquo;Allemagne, mais aussi pour l&rsquo;influence du pays sur la sc\u00e8ne internationale.<\/p>\n\n\n\n<p class=\"wp-block-paragraph\"><strong>Des D\u00e9bats Vifs et une Polarisation Croissante<\/strong><\/p>\n\n\n\n<p class=\"wp-block-paragraph\">Les d\u00e9bats ayant pr\u00e9c\u00e9d\u00e9 la motion de censure ont \u00e9t\u00e9 particuli\u00e8rement anim\u00e9s. Un Olaf Scholz visiblement amer a accus\u00e9 le FDP de saboter la coalition, d\u00e9clarant : \u00ab La politique n&rsquo;est pas un jeu \u00bb. De leur c\u00f4t\u00e9, la CDU\/CSU et l&rsquo;AfD ont r\u00e9clam\u00e9 un changement radical de cap politique, amplifiant ainsi la polarisation au sein du paysage politique allemand.<\/p>\n\n\n\n<p class=\"wp-block-paragraph\"><strong>Sondages <\/strong><strong>Pr\u00e9occupants pour les Partis Traditionnels<\/strong><\/p>\n\n\n\n<p class=\"wp-block-paragraph\">Les derniers sondages effectu\u00e9s en Allemagne d\u00e9voilent une dynamique inqui\u00e9tante. La CDU\/CSU reste en t\u00eate avec 33 % des intentions de vote, suivie par l&rsquo;AfD qui progresse \u00e0 17 %, tandis que le SPD stagne \u00e0 15 %. Les Verts, quant \u00e0 eux, obtiennent 12 % des voix et tentent de se positionner sur des enjeux environnementaux et sociaux essentiels.<\/p>\n\n\n\n<p class=\"wp-block-paragraph\">Cette mont\u00e9e de l&rsquo;AfD refl\u00e8te une fragmentation grandissante du paysage politique, compliquant ainsi la constitution de coalitions stables. Il convient de souligner que, pour l&rsquo;heure, aucun des partis traditionnels allemands ne semble envisager une coalition avec l&rsquo;AfD. N\u00e9anmoins, cette ascension de l&rsquo;AfD pourrait exercer une pression consid\u00e9rable au sein du Bundestag, modifiant les rapports de force et impactant les d\u00e9bats politiques futurs. Les analystes craignent que cette \u00e9volution n&rsquo;intensifie les tensions politiques et n&rsquo;accentue l&rsquo;instabilit\u00e9 gouvernementale. Dans ce climat de m\u00e9fiance \u00e0 l&rsquo;\u00e9gard des partis traditionnels, per\u00e7us comme d\u00e9connect\u00e9s des pr\u00e9occupations populaires, le scrutin pourrait red\u00e9finir les alliances politiques et orienter l&rsquo;avenir du pays.<\/p>\n\n\n\n<p class=\"wp-block-paragraph\"><strong>L\u2019Allemagne \u00e0 un Tournant Historique<\/strong><\/p>\n\n\n\n<p class=\"wp-block-paragraph\">Les \u00e9lections du 23 f\u00e9vrier 2025 ne se limiteront pas \u00e0 red\u00e9finir l\u2019avenir politique de l\u2019Allemagne ; elles auront \u00e9galement des r\u00e9percussions profondes sur l&rsquo;\u00e9quilibre europ\u00e9en et mondial. La mont\u00e9e en puissance de partis populistes, en particulier l&rsquo;Alternative f\u00fcr Deutschland (AfD), repr\u00e9sente une menace directe pour les institutions europ\u00e9ennes. Avec ses positions nationalistes et parfois x\u00e9nophobes, un tel parti pourrait fragiliser l&rsquo;Union Europ\u00e9enne en remettant en cause l&rsquo;esprit de coop\u00e9ration multilat\u00e9rale qui en constitue le fondement.<\/p>\n\n\n\n<p class=\"wp-block-paragraph\">Ce virage politique pourrait \u00e9galement impacter la dynamique franco-allemande, un pilier essentiel de l&rsquo;int\u00e9gration europ\u00e9enne. Le couple franco-allemand, moteur historique de cette int\u00e9gration, pourrait voir ses relations se complexifier si l\u2019Allemagne opte pour une approche davantage centr\u00e9e sur ses priorit\u00e9s nationales. Un tel changement limiterait l&rsquo;espace pour des compromis et des dialogues essentiels, noyaux m\u00eames de la solidarit\u00e9 europ\u00e9enne.<\/p>\n\n\n\n<p class=\"wp-block-paragraph\">De surcro\u00eet, un gouvernement plus enclin au nationalisme pourrait r\u00e9\u00e9valuer ses priorit\u00e9s, notamment en ce qui concerne l\u2019aide au d\u00e9veloppement et la coop\u00e9ration internationale. Cette r\u00e9orientation pourrait moduler l&rsquo;intensit\u00e9 de l&rsquo;engagement de l&rsquo;Allemagne envers des pays partenaires tels que la Tunisie, qui b\u00e9n\u00e9ficie traditionnellement d\u2019un soutien fort pour ses efforts de d\u00e9veloppement. Bien que les relations bilat\u00e9rales devraient continuer \u00e0 \u00e9voluer, il serait prudent de suivre avec attention l\u2019\u00e9volution de la situation politique interne en Allemagne, car celle-ci pourrait red\u00e9finir certains aspects de cet engagement et r\u00e9orienter les priorit\u00e9s de coop\u00e9ration de mani\u00e8re significative.<\/p>","protected":false},"excerpt":{"rendered":"<p>L\u2019Allemagne traverse actuellement une crise politique d\u2019une ampleur sans pr\u00e9c\u00e9dent. La r\u00e9cente motion de censure adopt\u00e9e par le Bundestag a provoqu\u00e9 la&hellip;<\/p>","protected":false},"author":103,"featured_media":3355,"comment_status":"open","ping_status":"open","sticky":false,"template":"","format":"standard","meta":{"_lmt_disableupdate":"","_lmt_disable":"","footnotes":""},"categories":[5,4],"tags":[],"class_list":["post-3353","post","type-post","status-publish","format-standard","has-post-thumbnail","hentry","category-international","category-mis-en-avant"],"yoast_head":"<!-- This site is optimized with the Yoast SEO Premium plugin v28.1 (Yoast SEO v28.1) - https:\/\/yoast.com\/product\/yoast-seo-premium-wordpress\/ -->\n<title>ELECTIONS DU 23 FEVRIER 2025\u00a0: L\u2019ALLEMAGNE ENTRE REFORMES ET POPULISME | Geopolitics.fr<\/title>\n<meta name=\"description\" content=\"Les \u00e9lections l\u00e9gislatives en Allemagne auront une importance qui d\u00e9passe ce seul pays, notamment si la forte pouss\u00e9e de l&#039;AFD se confirme\" \/>\n<meta name=\"robots\" content=\"index, follow, max-snippet:-1, max-image-preview:large, max-video-preview:-1\" \/>\n<link rel=\"canonical\" href=\"https:\/\/www.geopolitics.fr\/en\/2025\/01\/11\/elections-du-23-fevrier-2025-lallemagne-entre-reformes-et-populisme\/\" \/>\n<meta property=\"og:locale\" content=\"en_GB\" \/>\n<meta property=\"og:type\" content=\"article\" \/>\n<meta property=\"og:title\" content=\"ELECTIONS DU 23 FEVRIER 2025\u00a0: L\u2019ALLEMAGNE ENTRE REFORMES ET POPULISME\" \/>\n<meta property=\"og:description\" content=\"Les \u00e9lections l\u00e9gislatives en Allemagne auront une importance qui d\u00e9passe ce seul pays, notamment si la forte pouss\u00e9e de l&#039;AFD se confirme\" \/>\n<meta property=\"og:url\" content=\"https:\/\/www.geopolitics.fr\/en\/2025\/01\/11\/elections-du-23-fevrier-2025-lallemagne-entre-reformes-et-populisme\/\" \/>\n<meta property=\"og:site_name\" content=\"Geopolitics.fr\" \/>\n<meta property=\"article:publisher\" content=\"https:\/\/www.facebook.com\/people\/Erwan-Davoux\/61557098968092\/\" \/>\n<meta property=\"article:published_time\" content=\"2025-01-11T19:01:41+00:00\" \/>\n<meta property=\"article:modified_time\" content=\"2025-01-11T19:01:44+00:00\" \/>\n<meta property=\"og:image\" content=\"https:\/\/www.geopolitics.fr\/wp-content\/uploads\/2025\/01\/SCHOLZ-BON.jpg\" \/>\n\t<meta property=\"og:image:width\" content=\"1125\" \/>\n\t<meta property=\"og:image:height\" content=\"788\" \/>\n\t<meta property=\"og:image:type\" content=\"image\/jpeg\" \/>\n<meta name=\"author\" content=\"Elyes GHARIANI\" \/>\n<meta name=\"twitter:card\" content=\"summary_large_image\" \/>\n<meta name=\"twitter:creator\" content=\"@Geopolitics_Fr\" \/>\n<meta name=\"twitter:site\" content=\"@Geopolitics_Fr\" \/>\n<meta name=\"twitter:label1\" content=\"Written by\" \/>\n\t<meta name=\"twitter:data1\" content=\"Elyes GHARIANI\" \/>\n\t<meta name=\"twitter:label2\" content=\"Estimated reading time\" \/>\n\t<meta name=\"twitter:data2\" content=\"5 minutes\" \/>\n<script type=\"application\/ld+json\" class=\"yoast-schema-graph\">{\"@context\":\"https:\\\/\\\/schema.org\",\"@graph\":[{\"@type\":\"Article\",\"@id\":\"https:\\\/\\\/www.geopolitics.fr\\\/2025\\\/01\\\/11\\\/elections-du-23-fevrier-2025-lallemagne-entre-reformes-et-populisme\\\/#article\",\"isPartOf\":{\"@id\":\"https:\\\/\\\/www.geopolitics.fr\\\/2025\\\/01\\\/11\\\/elections-du-23-fevrier-2025-lallemagne-entre-reformes-et-populisme\\\/\"},\"author\":{\"name\":\"Elyes GHARIANI\",\"@id\":\"https:\\\/\\\/www.geopolitics.fr\\\/#\\\/schema\\\/person\\\/2f100050c14e702a5388d142a9fa8307\"},\"headline\":\"ELECTIONS DU 23 FEVRIER 2025\u00a0: L\u2019ALLEMAGNE ENTRE REFORMES ET POPULISME\",\"datePublished\":\"2025-01-11T19:01:41+00:00\",\"dateModified\":\"2025-01-11T19:01:44+00:00\",\"mainEntityOfPage\":{\"@id\":\"https:\\\/\\\/www.geopolitics.fr\\\/2025\\\/01\\\/11\\\/elections-du-23-fevrier-2025-lallemagne-entre-reformes-et-populisme\\\/\"},\"wordCount\":1074,\"commentCount\":0,\"publisher\":{\"@id\":\"https:\\\/\\\/www.geopolitics.fr\\\/#organization\"},\"image\":{\"@id\":\"https:\\\/\\\/www.geopolitics.fr\\\/2025\\\/01\\\/11\\\/elections-du-23-fevrier-2025-lallemagne-entre-reformes-et-populisme\\\/#primaryimage\"},\"thumbnailUrl\":\"https:\\\/\\\/www.geopolitics.fr\\\/wp-content\\\/uploads\\\/2025\\\/01\\\/SCHOLZ-BON.jpg\",\"articleSection\":[\"International\",\"Mis en AVANT\"],\"inLanguage\":\"en-GB\"},{\"@type\":\"WebPage\",\"@id\":\"https:\\\/\\\/www.geopolitics.fr\\\/2025\\\/01\\\/11\\\/elections-du-23-fevrier-2025-lallemagne-entre-reformes-et-populisme\\\/\",\"url\":\"https:\\\/\\\/www.geopolitics.fr\\\/2025\\\/01\\\/11\\\/elections-du-23-fevrier-2025-lallemagne-entre-reformes-et-populisme\\\/\",\"name\":\"ELECTIONS DU 23 FEVRIER 2025\u00a0: L\u2019ALLEMAGNE ENTRE REFORMES ET POPULISME | Geopolitics.fr\",\"isPartOf\":{\"@id\":\"https:\\\/\\\/www.geopolitics.fr\\\/#website\"},\"primaryImageOfPage\":{\"@id\":\"https:\\\/\\\/www.geopolitics.fr\\\/2025\\\/01\\\/11\\\/elections-du-23-fevrier-2025-lallemagne-entre-reformes-et-populisme\\\/#primaryimage\"},\"image\":{\"@id\":\"https:\\\/\\\/www.geopolitics.fr\\\/2025\\\/01\\\/11\\\/elections-du-23-fevrier-2025-lallemagne-entre-reformes-et-populisme\\\/#primaryimage\"},\"thumbnailUrl\":\"https:\\\/\\\/www.geopolitics.fr\\\/wp-content\\\/uploads\\\/2025\\\/01\\\/SCHOLZ-BON.jpg\",\"datePublished\":\"2025-01-11T19:01:41+00:00\",\"dateModified\":\"2025-01-11T19:01:44+00:00\",\"description\":\"Les \u00e9lections l\u00e9gislatives en Allemagne auront une importance qui d\u00e9passe ce seul pays, notamment si la forte pouss\u00e9e de l'AFD se confirme\",\"breadcrumb\":{\"@id\":\"https:\\\/\\\/www.geopolitics.fr\\\/2025\\\/01\\\/11\\\/elections-du-23-fevrier-2025-lallemagne-entre-reformes-et-populisme\\\/#breadcrumb\"},\"inLanguage\":\"en-GB\",\"potentialAction\":[{\"@type\":\"ReadAction\",\"target\":[\"https:\\\/\\\/www.geopolitics.fr\\\/2025\\\/01\\\/11\\\/elections-du-23-fevrier-2025-lallemagne-entre-reformes-et-populisme\\\/\"]}]},{\"@type\":\"ImageObject\",\"inLanguage\":\"en-GB\",\"@id\":\"https:\\\/\\\/www.geopolitics.fr\\\/2025\\\/01\\\/11\\\/elections-du-23-fevrier-2025-lallemagne-entre-reformes-et-populisme\\\/#primaryimage\",\"url\":\"https:\\\/\\\/www.geopolitics.fr\\\/wp-content\\\/uploads\\\/2025\\\/01\\\/SCHOLZ-BON.jpg\",\"contentUrl\":\"https:\\\/\\\/www.geopolitics.fr\\\/wp-content\\\/uploads\\\/2025\\\/01\\\/SCHOLZ-BON.jpg\",\"width\":1125,\"height\":788},{\"@type\":\"BreadcrumbList\",\"@id\":\"https:\\\/\\\/www.geopolitics.fr\\\/2025\\\/01\\\/11\\\/elections-du-23-fevrier-2025-lallemagne-entre-reformes-et-populisme\\\/#breadcrumb\",\"itemListElement\":[{\"@type\":\"ListItem\",\"position\":1,\"name\":\"Accueil\",\"item\":\"https:\\\/\\\/www.geopolitics.fr\\\/\"},{\"@type\":\"ListItem\",\"position\":2,\"name\":\"ELECTIONS DU 23 FEVRIER 2025\u00a0: L\u2019ALLEMAGNE ENTRE REFORMES ET POPULISME\"}]},{\"@type\":\"WebSite\",\"@id\":\"https:\\\/\\\/www.geopolitics.fr\\\/#website\",\"url\":\"https:\\\/\\\/www.geopolitics.fr\\\/\",\"name\":\"Geopolitics.fr\",\"description\":\"Geopolitics.fr Analyse politique, relations internationales, d\u00e9fense - ligne \u00e9ditoriale gaullo-chiraquienne\",\"publisher\":{\"@id\":\"https:\\\/\\\/www.geopolitics.fr\\\/#organization\"},\"potentialAction\":[{\"@type\":\"SearchAction\",\"target\":{\"@type\":\"EntryPoint\",\"urlTemplate\":\"https:\\\/\\\/www.geopolitics.fr\\\/?s={search_term_string}\"},\"query-input\":{\"@type\":\"PropertyValueSpecification\",\"valueRequired\":true,\"valueName\":\"search_term_string\"}}],\"inLanguage\":\"en-GB\"},{\"@type\":\"Organization\",\"@id\":\"https:\\\/\\\/www.geopolitics.fr\\\/#organization\",\"name\":\"Geopolitics.fr\",\"url\":\"https:\\\/\\\/www.geopolitics.fr\\\/\",\"logo\":{\"@type\":\"ImageObject\",\"inLanguage\":\"en-GB\",\"@id\":\"https:\\\/\\\/www.geopolitics.fr\\\/#\\\/schema\\\/logo\\\/image\\\/\",\"url\":\"https:\\\/\\\/www.geopolitics.fr\\\/wp-content\\\/uploads\\\/2024\\\/01\\\/logo.jpg\",\"contentUrl\":\"https:\\\/\\\/www.geopolitics.fr\\\/wp-content\\\/uploads\\\/2024\\\/01\\\/logo.jpg\",\"width\":500,\"height\":500,\"caption\":\"Geopolitics.fr\"},\"image\":{\"@id\":\"https:\\\/\\\/www.geopolitics.fr\\\/#\\\/schema\\\/logo\\\/image\\\/\"},\"sameAs\":[\"https:\\\/\\\/www.facebook.com\\\/people\\\/Erwan-Davoux\\\/61557098968092\\\/\",\"https:\\\/\\\/x.com\\\/Geopolitics_Fr\"]},{\"@type\":\"Person\",\"@id\":\"https:\\\/\\\/www.geopolitics.fr\\\/#\\\/schema\\\/person\\\/2f100050c14e702a5388d142a9fa8307\",\"name\":\"Elyes GHARIANI\",\"image\":{\"@type\":\"ImageObject\",\"inLanguage\":\"en-GB\",\"@id\":\"https:\\\/\\\/www.geopolitics.fr\\\/wp-content\\\/uploads\\\/2024\\\/12\\\/elyes-photo-96x96.png\",\"url\":\"https:\\\/\\\/www.geopolitics.fr\\\/wp-content\\\/uploads\\\/2024\\\/12\\\/elyes-photo-96x96.png\",\"contentUrl\":\"https:\\\/\\\/www.geopolitics.fr\\\/wp-content\\\/uploads\\\/2024\\\/12\\\/elyes-photo-96x96.png\",\"caption\":\"Elyes GHARIANI\"},\"description\":\"Ancien ambassadeur de Tunisie, \u00e0 Berlin et \u00e0 La Haye et fort d\u2019une exp\u00e9rience de 40 ans dans le travail diplomatique et la coop\u00e9ration internationale, il dispose d\u2019une bonne expertise en affaires europ\u00e9ennes pour avoir \u00e9t\u00e9 en poste dans les principaux Etats membres fondateurs de l\u2019UE (Allemagne, Belgique, France, Pays-Bas). Dipl\u00f4m\u00e9 de l\u2019Institut Bourguiba des Langues Vivantes de Tunis, de l\u2019Institut Pouchkine de langue russe \u00e0 Moscou et de l\u2019Institut Universitaire des Hautes Etudes Internationales (IUHEI) de Gen\u00e8ve, il dispose d\u2019une large exp\u00e9rience en mati\u00e8re de gestion et de mise en \u0153uvre de projets au niveau international. Il a \u00e9t\u00e9 Conseiller Diplomatique du Chef du Gouvernement en 2015-2016 et 2020-2021\",\"url\":\"https:\\\/\\\/www.geopolitics.fr\\\/en\\\/author\\\/elyes\\\/\"}]}<\/script>\n<!-- \/ Yoast SEO Premium plugin. -->","yoast_head_json":{"title":"ELECTIONS DU 23 FEVRIER 2025\u00a0: L\u2019ALLEMAGNE ENTRE REFORMES ET POPULISME | Geopolitics.fr","description":"Les \u00e9lections l\u00e9gislatives en Allemagne auront une importance qui d\u00e9passe ce seul pays, notamment si la forte pouss\u00e9e de l'AFD se confirme","robots":{"index":"index","follow":"follow","max-snippet":"max-snippet:-1","max-image-preview":"max-image-preview:large","max-video-preview":"max-video-preview:-1"},"canonical":"https:\/\/www.geopolitics.fr\/en\/2025\/01\/11\/elections-du-23-fevrier-2025-lallemagne-entre-reformes-et-populisme\/","og_locale":"en_GB","og_type":"article","og_title":"ELECTIONS DU 23 FEVRIER 2025\u00a0: L\u2019ALLEMAGNE ENTRE REFORMES ET POPULISME","og_description":"Les \u00e9lections l\u00e9gislatives en Allemagne auront une importance qui d\u00e9passe ce seul pays, notamment si la forte pouss\u00e9e de l'AFD se confirme","og_url":"https:\/\/www.geopolitics.fr\/en\/2025\/01\/11\/elections-du-23-fevrier-2025-lallemagne-entre-reformes-et-populisme\/","og_site_name":"Geopolitics.fr","article_publisher":"https:\/\/www.facebook.com\/people\/Erwan-Davoux\/61557098968092\/","article_published_time":"2025-01-11T19:01:41+00:00","article_modified_time":"2025-01-11T19:01:44+00:00","og_image":[{"width":1125,"height":788,"url":"https:\/\/www.geopolitics.fr\/wp-content\/uploads\/2025\/01\/SCHOLZ-BON.jpg","type":"image\/jpeg"}],"author":"Elyes GHARIANI","twitter_card":"summary_large_image","twitter_creator":"@Geopolitics_Fr","twitter_site":"@Geopolitics_Fr","twitter_misc":{"Written by":"Elyes GHARIANI","Estimated reading time":"5 minutes"},"schema":{"@context":"https:\/\/schema.org","@graph":[{"@type":"Article","@id":"https:\/\/www.geopolitics.fr\/2025\/01\/11\/elections-du-23-fevrier-2025-lallemagne-entre-reformes-et-populisme\/#article","isPartOf":{"@id":"https:\/\/www.geopolitics.fr\/2025\/01\/11\/elections-du-23-fevrier-2025-lallemagne-entre-reformes-et-populisme\/"},"author":{"name":"Elyes GHARIANI","@id":"https:\/\/www.geopolitics.fr\/#\/schema\/person\/2f100050c14e702a5388d142a9fa8307"},"headline":"ELECTIONS DU 23 FEVRIER 2025\u00a0: L\u2019ALLEMAGNE ENTRE REFORMES ET POPULISME","datePublished":"2025-01-11T19:01:41+00:00","dateModified":"2025-01-11T19:01:44+00:00","mainEntityOfPage":{"@id":"https:\/\/www.geopolitics.fr\/2025\/01\/11\/elections-du-23-fevrier-2025-lallemagne-entre-reformes-et-populisme\/"},"wordCount":1074,"commentCount":0,"publisher":{"@id":"https:\/\/www.geopolitics.fr\/#organization"},"image":{"@id":"https:\/\/www.geopolitics.fr\/2025\/01\/11\/elections-du-23-fevrier-2025-lallemagne-entre-reformes-et-populisme\/#primaryimage"},"thumbnailUrl":"https:\/\/www.geopolitics.fr\/wp-content\/uploads\/2025\/01\/SCHOLZ-BON.jpg","articleSection":["International","Mis en AVANT"],"inLanguage":"en-GB"},{"@type":"WebPage","@id":"https:\/\/www.geopolitics.fr\/2025\/01\/11\/elections-du-23-fevrier-2025-lallemagne-entre-reformes-et-populisme\/","url":"https:\/\/www.geopolitics.fr\/2025\/01\/11\/elections-du-23-fevrier-2025-lallemagne-entre-reformes-et-populisme\/","name":"ELECTIONS DU 23 FEVRIER 2025\u00a0: L\u2019ALLEMAGNE ENTRE REFORMES ET POPULISME | Geopolitics.fr","isPartOf":{"@id":"https:\/\/www.geopolitics.fr\/#website"},"primaryImageOfPage":{"@id":"https:\/\/www.geopolitics.fr\/2025\/01\/11\/elections-du-23-fevrier-2025-lallemagne-entre-reformes-et-populisme\/#primaryimage"},"image":{"@id":"https:\/\/www.geopolitics.fr\/2025\/01\/11\/elections-du-23-fevrier-2025-lallemagne-entre-reformes-et-populisme\/#primaryimage"},"thumbnailUrl":"https:\/\/www.geopolitics.fr\/wp-content\/uploads\/2025\/01\/SCHOLZ-BON.jpg","datePublished":"2025-01-11T19:01:41+00:00","dateModified":"2025-01-11T19:01:44+00:00","description":"Les \u00e9lections l\u00e9gislatives en Allemagne auront une importance qui d\u00e9passe ce seul pays, notamment si la forte pouss\u00e9e de l'AFD se confirme","breadcrumb":{"@id":"https:\/\/www.geopolitics.fr\/2025\/01\/11\/elections-du-23-fevrier-2025-lallemagne-entre-reformes-et-populisme\/#breadcrumb"},"inLanguage":"en-GB","potentialAction":[{"@type":"ReadAction","target":["https:\/\/www.geopolitics.fr\/2025\/01\/11\/elections-du-23-fevrier-2025-lallemagne-entre-reformes-et-populisme\/"]}]},{"@type":"ImageObject","inLanguage":"en-GB","@id":"https:\/\/www.geopolitics.fr\/2025\/01\/11\/elections-du-23-fevrier-2025-lallemagne-entre-reformes-et-populisme\/#primaryimage","url":"https:\/\/www.geopolitics.fr\/wp-content\/uploads\/2025\/01\/SCHOLZ-BON.jpg","contentUrl":"https:\/\/www.geopolitics.fr\/wp-content\/uploads\/2025\/01\/SCHOLZ-BON.jpg","width":1125,"height":788},{"@type":"BreadcrumbList","@id":"https:\/\/www.geopolitics.fr\/2025\/01\/11\/elections-du-23-fevrier-2025-lallemagne-entre-reformes-et-populisme\/#breadcrumb","itemListElement":[{"@type":"ListItem","position":1,"name":"Accueil","item":"https:\/\/www.geopolitics.fr\/"},{"@type":"ListItem","position":2,"name":"ELECTIONS DU 23 FEVRIER 2025\u00a0: L\u2019ALLEMAGNE ENTRE REFORMES ET POPULISME"}]},{"@type":"WebSite","@id":"https:\/\/www.geopolitics.fr\/#website","url":"https:\/\/www.geopolitics.fr\/","name":"Geopolitics.fr","description":"Geopolitics.fr Analyse politique, relations internationales, d\u00e9fense - ligne \u00e9ditoriale gaullo-chiraquienne","publisher":{"@id":"https:\/\/www.geopolitics.fr\/#organization"},"potentialAction":[{"@type":"SearchAction","target":{"@type":"EntryPoint","urlTemplate":"https:\/\/www.geopolitics.fr\/?s={search_term_string}"},"query-input":{"@type":"PropertyValueSpecification","valueRequired":true,"valueName":"search_term_string"}}],"inLanguage":"en-GB"},{"@type":"Organization","@id":"https:\/\/www.geopolitics.fr\/#organization","name":"Geopolitics.fr","url":"https:\/\/www.geopolitics.fr\/","logo":{"@type":"ImageObject","inLanguage":"en-GB","@id":"https:\/\/www.geopolitics.fr\/#\/schema\/logo\/image\/","url":"https:\/\/www.geopolitics.fr\/wp-content\/uploads\/2024\/01\/logo.jpg","contentUrl":"https:\/\/www.geopolitics.fr\/wp-content\/uploads\/2024\/01\/logo.jpg","width":500,"height":500,"caption":"Geopolitics.fr"},"image":{"@id":"https:\/\/www.geopolitics.fr\/#\/schema\/logo\/image\/"},"sameAs":["https:\/\/www.facebook.com\/people\/Erwan-Davoux\/61557098968092\/","https:\/\/x.com\/Geopolitics_Fr"]},{"@type":"Person","@id":"https:\/\/www.geopolitics.fr\/#\/schema\/person\/2f100050c14e702a5388d142a9fa8307","name":"Elyes GHARIANI","image":{"@type":"ImageObject","inLanguage":"en-GB","@id":"https:\/\/www.geopolitics.fr\/wp-content\/uploads\/2024\/12\/elyes-photo-96x96.png","url":"https:\/\/www.geopolitics.fr\/wp-content\/uploads\/2024\/12\/elyes-photo-96x96.png","contentUrl":"https:\/\/www.geopolitics.fr\/wp-content\/uploads\/2024\/12\/elyes-photo-96x96.png","caption":"Elyes GHARIANI"},"description":"Ancien ambassadeur de Tunisie, \u00e0 Berlin et \u00e0 La Haye et fort d\u2019une exp\u00e9rience de 40 ans dans le travail diplomatique et la coop\u00e9ration internationale, il dispose d\u2019une bonne expertise en affaires europ\u00e9ennes pour avoir \u00e9t\u00e9 en poste dans les principaux Etats membres fondateurs de l\u2019UE (Allemagne, Belgique, France, Pays-Bas). Dipl\u00f4m\u00e9 de l\u2019Institut Bourguiba des Langues Vivantes de Tunis, de l\u2019Institut Pouchkine de langue russe \u00e0 Moscou et de l\u2019Institut Universitaire des Hautes Etudes Internationales (IUHEI) de Gen\u00e8ve, il dispose d\u2019une large exp\u00e9rience en mati\u00e8re de gestion et de mise en \u0153uvre de projets au niveau international. Il a \u00e9t\u00e9 Conseiller Diplomatique du Chef du Gouvernement en 2015-2016 et 2020-2021","url":"https:\/\/www.geopolitics.fr\/en\/author\/elyes\/"}]}},"_links":{"self":[{"href":"https:\/\/www.geopolitics.fr\/en\/wp-json\/wp\/v2\/posts\/3353","targetHints":{"allow":["GET"]}}],"collection":[{"href":"https:\/\/www.geopolitics.fr\/en\/wp-json\/wp\/v2\/posts"}],"about":[{"href":"https:\/\/www.geopolitics.fr\/en\/wp-json\/wp\/v2\/types\/post"}],"author":[{"embeddable":true,"href":"https:\/\/www.geopolitics.fr\/en\/wp-json\/wp\/v2\/users\/103"}],"replies":[{"embeddable":true,"href":"https:\/\/www.geopolitics.fr\/en\/wp-json\/wp\/v2\/comments?post=3353"}],"version-history":[{"count":0,"href":"https:\/\/www.geopolitics.fr\/en\/wp-json\/wp\/v2\/posts\/3353\/revisions"}],"wp:featuredmedia":[{"embeddable":true,"href":"https:\/\/www.geopolitics.fr\/en\/wp-json\/wp\/v2\/media\/3355"}],"wp:attachment":[{"href":"https:\/\/www.geopolitics.fr\/en\/wp-json\/wp\/v2\/media?parent=3353"}],"wp:term":[{"taxonomy":"category","embeddable":true,"href":"https:\/\/www.geopolitics.fr\/en\/wp-json\/wp\/v2\/categories?post=3353"},{"taxonomy":"post_tag","embeddable":true,"href":"https:\/\/www.geopolitics.fr\/en\/wp-json\/wp\/v2\/tags?post=3353"}],"curies":[{"name":"wp","href":"https:\/\/api.w.org\/{rel}","templated":true}]}}