{"id":3347,"date":"2025-01-11T10:16:37","date_gmt":"2025-01-11T09:16:37","guid":{"rendered":"https:\/\/www.geopolitics.fr\/?p=3347"},"modified":"2025-01-11T10:28:57","modified_gmt":"2025-01-11T09:28:57","slug":"risque-geopolitique-et-inflation-vers-la-fin-dune-ere","status":"publish","type":"post","link":"https:\/\/www.geopolitics.fr\/en\/2025\/01\/11\/risque-geopolitique-et-inflation-vers-la-fin-dune-ere\/","title":{"rendered":"Risque g\u00e9opolitique et inflation : vers la fin d&rsquo;une \u00e8re"},"content":{"rendered":"<p class=\"has-medium-font-size wp-block-paragraph\">Dans cette p\u00e9riode o\u00f9 le vieux monde se meurt, l\u2019inflation \u00e9lev\u00e9e devient une nouvelle r\u00e9alit\u00e9. Les grands changements contemporains cr\u00e9ent une hausse durable des prix jusqu\u2019au jour o\u00f9 les \u00e9quilibres mondiaux seront enfin red\u00e9finis. De cette transition naissent des \u00e9v\u00e9nements impr\u00e9visibles, qui exigent de se pr\u00e9parer au pire.<\/p>\n\n\n\n<h2 class=\"wp-block-heading\" id=\"h-la-fin-de-l-illusion-de-la-mondialisation\"><strong>La fin de l\u2019illusion de la mondialisation<\/strong><\/h2>\n\n\n\n<p class=\"has-medium-font-size wp-block-paragraph\">L\u2019ordre des choses finit toujours par s\u2019imposer. Pendant plusieurs d\u00e9cennies, la mondialisation a \u00e9t\u00e9 pr\u00e9sent\u00e9e comme un syst\u00e8me universel dont l\u2019avenir serait \u00e9ternel. Elle a aliment\u00e9 une course effr\u00e9n\u00e9e \u00e0 la croissance qui s\u2019est traduite par des innovations spectaculaires (en mati\u00e8re technologique, scientifique, m\u00e9dicale, spatiale\u2026) autant qu\u2019\u00e0 l\u2019essor rapide d\u2019industries mortif\u00e8res. Elle incarnait alors une \u00e9poque o\u00f9 tout \u00e9tait permis, gr\u00e2ce \u00e0 une cr\u00e9ation mon\u00e9taire infinie.<\/p>\n\n\n\n<p class=\"has-medium-font-size wp-block-paragraph\">Mais la crise sanitaire a mis fin \u00e0 cette illusion. La reprise \u00e9conomique post-covid a g\u00e9n\u00e9r\u00e9 une forte inflation qui a \u00e9t\u00e9 partiellement enray\u00e9e par les banques centrales. Le rel\u00e8vement de leurs taux d\u2019int\u00e9r\u00eats a pr\u00e9cipit\u00e9 ce qu\u2019Emmanuel Macron a nomm\u00e9 la \u00ab&nbsp;fin de l\u2019abondance&nbsp;\u00bb, c\u2019est-\u00e0-dire la croyance dans l\u2019argent magique et dans un environnement international suppos\u00e9ment pacifi\u00e9. Le monde est alors entr\u00e9 dans un nouvel \u00e9quilibre&nbsp;: l\u2019uniformit\u00e9 cr\u00e9\u00e9e par la mondialisation a laiss\u00e9 un vide, incitant chaque nation et individu \u00e0 vouloir se r\u00e9affirmer. Sur le plan g\u00e9opolitique et \u00e9conomique, la mondialisation a donc c\u00e9d\u00e9 la place au protectionnisme, tandis que, d\u2019un point de vue identitaire, l\u2019universalisme s\u2019efface peu \u00e0 peu pour laisser vivre les particularismes.<\/p>\n\n\n\n<p class=\"has-medium-font-size wp-block-paragraph\">Dans ce moment de rupture, les fragilit\u00e9s du monde d\u2019hier \u00e9clatent alors au grand jour. La fragmentation des cha\u00eenes d\u2019approvisionnement, autrefois hyperconnect\u00e9es, transforme les \u00e9changes commerciaux. Avec le retour du protectionnisme et la mont\u00e9e des tarifs douaniers, les co\u00fbts de production augmentent et se r\u00e9percutent sur les prix de nombreux produits. Cette dynamique s\u2019accompagne \u00e9galement d\u2019une guerre pour les ressources strat\u00e9giques, dans un monde o\u00f9 la raret\u00e9 refait pleinement surface, et o\u00f9 les \u00e9conomies avanc\u00e9es comprennent qu\u2019il est possible d\u2019imprimer de la dette en quantit\u00e9 illimit\u00e9e, mais que les ressources naturelles restent par essence limit\u00e9es. Ainsi les mati\u00e8res premi\u00e8res strat\u00e9giques, comme le lithium, le cobalt et le nickel (essentielles pour les secteurs d\u2019avenir) deviennent des instruments de pouvoir utilis\u00e9s comme moyen de pression, comme le prouve la r\u00e9ponse chinoise contre la politique protectionniste am\u00e9ricaine visant \u00e0 imposer des droits de douane de 60%.<\/p>\n\n\n\n<p class=\"has-medium-font-size wp-block-paragraph\">Sous le poids des rivalit\u00e9s entre puissances, les flux commerciaux internationaux se r\u00e9organisent et les alliances se redessinent, ce qui nourrit des pressions inflationnistes partout \u00e0 travers le monde. Les pays des BRICS tentent d\u2019effacer la domination occidentale, tandis que l\u2019Occident r\u00e9siste, en particulier les \u00c9tats-Unis. L\u2019\u00e9lection de Trump en est l\u2019illustre exemple, puisque les \u00e9lecteurs am\u00e9ricains cherchent, par ce vote, \u00e0 maintenir la domination am\u00e9ricaine et par l\u00e0 m\u00eame leur qualit\u00e9 de vie. Les \u00c9tats-Unis tentent en effet de contenir l\u2019influence des grandes puissances \u2013 en particulier de la Chine et de la Russie -, tandis que l\u2019Europe s\u2019efface peu \u00e0 peu sur la sc\u00e8ne internationale. En tant que projet embl\u00e9matique de la mondialisation, le Vieux-continent est frapp\u00e9 de plein fouet par ces profonds changements, apr\u00e8s avoir l\u00e9gu\u00e9 sa d\u00e9pendance \u00e9nerg\u00e9tique \u00e0 la Russie, son commerce ext\u00e9rieur \u00e0 la Chine, et son arm\u00e9e aux \u00c9tats-Unis\u2026 Sans ind\u00e9pendance strat\u00e9gique, les pays europ\u00e9ens continueront donc d\u2019\u00eatre parmi les plus touch\u00e9s par ces dynamiques inflationnistes au cours des prochaines ann\u00e9es.<\/p>\n\n\n\n<h2 class=\"wp-block-heading\" id=\"h-de-grandes-transformations-en-cours\"><strong>De grandes transformations en cours<\/strong><\/h2>\n\n\n\n<p class=\"has-medium-font-size wp-block-paragraph\">Cette hausse \u00e9lev\u00e9e et durable des prix est aussi le produit des tensions g\u00e9opolitiques, autre marqueur de ce monde en mutation. Que ce soit le conflit aux portes de l\u2019Europe, au Moyen-Orient, en Asie, en Afrique de l\u2019Est\u2026 les conflits ouverts ou latents perturbent l\u2019\u00e9conomie mondiale. Ils augmentent la volatilit\u00e9 des march\u00e9s mondiaux, cr\u00e9ent des p\u00e9nuries localis\u00e9es (alimentaires, \u00e9nerg\u00e9tiques\u2026) et renforcent les d\u00e9penses militaires souvent aliment\u00e9es par des d\u00e9ficits croissants. En la mati\u00e8re, les investissements n\u2019ont jamais \u00e9t\u00e9 aussi \u00e9lev\u00e9s&nbsp;: les d\u00e9penses militaires mondiales ont augment\u00e9 pour la neuvi\u00e8me ann\u00e9e cons\u00e9cutive pour atteindre un niveau record de 2 443 milliards de dollars. Et cette tendance n\u2019est pas pr\u00eate de s\u2019arr\u00eater, car les conflits actuels ne sont que les pr\u00e9misses de plus dangereux qui pourraient survenir. Que ce soit entre Isra\u00ebl et l\u2019Iran, entre la Chine et Ta\u00efwan, entre la Cor\u00e9e du Nord et du Sud, voire m\u00eame entre deux grandes puissances comme les \u00c9tats-Unis et la Russie.<\/p>\n\n\n\n<p class=\"has-medium-font-size wp-block-paragraph\">\u00c0 ces d\u00e9penses militaires s\u2019ajoutent les d\u00e9penses sociales croissantes, notamment pour assurer le vieillissement des populations dans les \u00e9conomies avanc\u00e9es, ralentir tant bien que mal les in\u00e9galit\u00e9s qui s\u00e9vissent (elles aussi, \u00e0 un niveau historiquement \u00e9lev\u00e9), ou soutenir la classe moyenne dans les pays \u00e9mergents. Ces d\u00e9penses, si elles ne financent pas des investissements, vont alors nourrir la hausse globale des prix.<\/p>\n\n\n\n<p class=\"has-medium-font-size wp-block-paragraph\">Enfin, sur le plan financier, la guerre des monnaies que se livrent aujourd\u2019hui les grandes puissances, que ce soit par une politique de d\u00e9dollarisation chez les pays du Sud (Chine, Russie, Br\u00e9sil\u2026) ou par la volont\u00e9 d\u2019un dollar fort aux \u00c9tats-Unis, rench\u00e9rit le prix des produits import\u00e9s. Et le ralentissement de la croissance mondiale, combin\u00e9 \u00e0 la mont\u00e9e de l\u2019endettement public et priv\u00e9 (aujourd\u2019hui estim\u00e9 \u00e0 plus de 310.000 milliards de dollars) incitent les banques centrales \u00e0 maintenir une inflation \u00e9lev\u00e9e, afin de r\u00e9duire la spirale de la dette.<\/p>\n\n\n\n<p class=\"has-medium-font-size wp-block-paragraph\">La mondialisation telle que nous l\u2019avons connue appartient d\u00e9finitivement au pass\u00e9. Il n\u2019est plus d\u2019actualit\u00e9 que d\u2019imaginer un ordre international pacifi\u00e9, o\u00f9 les maux d\u2019aujourd\u2019hui peuvent \u00eatre sans cesse repouss\u00e9s. Alors que le co\u00fbt de l\u2019argent s\u2019est rench\u00e9ri et que le monde prend conscience des grands enjeux \u00e0 venir, l\u2019inflation \u00e9lev\u00e9e appara\u00eet donc comme le reflet de cette grande transition, o\u00f9 les certitudes d\u2019hier c\u00e8dent la place \u00e0 de nouvelles r\u00e9alit\u00e9s.<\/p>","protected":false},"excerpt":{"rendered":"<p>Dans cette p\u00e9riode o\u00f9 le vieux monde se meurt, l\u2019inflation \u00e9lev\u00e9e devient une nouvelle r\u00e9alit\u00e9. Les grands changements contemporains cr\u00e9ent une hausse&hellip;<\/p>","protected":false},"author":104,"featured_media":3348,"comment_status":"open","ping_status":"open","sticky":false,"template":"","format":"standard","meta":{"_lmt_disableupdate":"","_lmt_disable":"","footnotes":""},"categories":[5,4],"tags":[441,442],"class_list":["post-3347","post","type-post","status-publish","format-standard","has-post-thumbnail","hentry","category-international","category-mis-en-avant","tag-inflation","tag-risque-geopolitique"],"yoast_head":"<!-- This site is optimized with the Yoast SEO Premium plugin v28.1 (Yoast SEO v28.1) - https:\/\/yoast.com\/product\/yoast-seo-premium-wordpress\/ -->\n<title>Risque g\u00e9opolitique et inflation : vers la fin d&#039;une \u00e8re | Geopolitics.fr<\/title>\n<meta name=\"description\" content=\"Le paradigme de la mondialis\u00e9 oubli\u00e9, le montre entre dans une \u00e8re d&#039;inflation structurelle en raison des chocs g\u00e9opolitiques\" \/>\n<meta name=\"robots\" content=\"index, follow, max-snippet:-1, max-image-preview:large, max-video-preview:-1\" \/>\n<link rel=\"canonical\" href=\"https:\/\/www.geopolitics.fr\/en\/2025\/01\/11\/risque-geopolitique-et-inflation-vers-la-fin-dune-ere\/\" \/>\n<meta property=\"og:locale\" content=\"en_GB\" \/>\n<meta property=\"og:type\" content=\"article\" \/>\n<meta property=\"og:title\" content=\"Risque g\u00e9opolitique et inflation : vers la fin d&#039;une \u00e8re\" \/>\n<meta property=\"og:description\" content=\"Le paradigme de la mondialis\u00e9 oubli\u00e9, le montre entre dans une \u00e8re d&#039;inflation structurelle en raison des chocs g\u00e9opolitiques\" \/>\n<meta property=\"og:url\" content=\"https:\/\/www.geopolitics.fr\/en\/2025\/01\/11\/risque-geopolitique-et-inflation-vers-la-fin-dune-ere\/\" \/>\n<meta property=\"og:site_name\" content=\"Geopolitics.fr\" \/>\n<meta property=\"article:publisher\" content=\"https:\/\/www.facebook.com\/people\/Erwan-Davoux\/61557098968092\/\" \/>\n<meta property=\"article:published_time\" content=\"2025-01-11T09:16:37+00:00\" \/>\n<meta property=\"article:modified_time\" content=\"2025-01-11T09:28:57+00:00\" \/>\n<meta property=\"og:image\" content=\"https:\/\/www.geopolitics.fr\/wp-content\/uploads\/2025\/01\/inflation-2.jpg\" \/>\n\t<meta property=\"og:image:width\" content=\"528\" \/>\n\t<meta property=\"og:image:height\" content=\"401\" \/>\n\t<meta property=\"og:image:type\" content=\"image\/jpeg\" \/>\n<meta name=\"author\" content=\"Julien Chevalier\" \/>\n<meta name=\"twitter:card\" content=\"summary_large_image\" \/>\n<meta name=\"twitter:creator\" content=\"@Geopolitics_Fr\" \/>\n<meta name=\"twitter:site\" content=\"@Geopolitics_Fr\" \/>\n<meta name=\"twitter:label1\" content=\"Written by\" \/>\n\t<meta name=\"twitter:data1\" content=\"Julien Chevalier\" \/>\n\t<meta name=\"twitter:label2\" content=\"Estimated reading time\" \/>\n\t<meta name=\"twitter:data2\" content=\"5 minutes\" \/>\n<script type=\"application\/ld+json\" class=\"yoast-schema-graph\">{\"@context\":\"https:\\\/\\\/schema.org\",\"@graph\":[{\"@type\":\"Article\",\"@id\":\"https:\\\/\\\/www.geopolitics.fr\\\/2025\\\/01\\\/11\\\/risque-geopolitique-et-inflation-vers-la-fin-dune-ere\\\/#article\",\"isPartOf\":{\"@id\":\"https:\\\/\\\/www.geopolitics.fr\\\/2025\\\/01\\\/11\\\/risque-geopolitique-et-inflation-vers-la-fin-dune-ere\\\/\"},\"author\":{\"name\":\"Julien Chevalier\",\"@id\":\"https:\\\/\\\/www.geopolitics.fr\\\/#\\\/schema\\\/person\\\/2ac411a663475b609692ca02b808329e\"},\"headline\":\"Risque g\u00e9opolitique et inflation : vers la fin d&rsquo;une \u00e8re\",\"datePublished\":\"2025-01-11T09:16:37+00:00\",\"dateModified\":\"2025-01-11T09:28:57+00:00\",\"mainEntityOfPage\":{\"@id\":\"https:\\\/\\\/www.geopolitics.fr\\\/2025\\\/01\\\/11\\\/risque-geopolitique-et-inflation-vers-la-fin-dune-ere\\\/\"},\"wordCount\":1094,\"commentCount\":0,\"publisher\":{\"@id\":\"https:\\\/\\\/www.geopolitics.fr\\\/#organization\"},\"image\":{\"@id\":\"https:\\\/\\\/www.geopolitics.fr\\\/2025\\\/01\\\/11\\\/risque-geopolitique-et-inflation-vers-la-fin-dune-ere\\\/#primaryimage\"},\"thumbnailUrl\":\"https:\\\/\\\/www.geopolitics.fr\\\/wp-content\\\/uploads\\\/2025\\\/01\\\/inflation-2.jpg\",\"keywords\":[\"INFLATION\",\"RISQUE GEOPOLITIQUE\"],\"articleSection\":[\"International\",\"Mis en AVANT\"],\"inLanguage\":\"en-GB\"},{\"@type\":\"WebPage\",\"@id\":\"https:\\\/\\\/www.geopolitics.fr\\\/2025\\\/01\\\/11\\\/risque-geopolitique-et-inflation-vers-la-fin-dune-ere\\\/\",\"url\":\"https:\\\/\\\/www.geopolitics.fr\\\/2025\\\/01\\\/11\\\/risque-geopolitique-et-inflation-vers-la-fin-dune-ere\\\/\",\"name\":\"Risque g\u00e9opolitique et inflation : vers la fin d'une \u00e8re | Geopolitics.fr\",\"isPartOf\":{\"@id\":\"https:\\\/\\\/www.geopolitics.fr\\\/#website\"},\"primaryImageOfPage\":{\"@id\":\"https:\\\/\\\/www.geopolitics.fr\\\/2025\\\/01\\\/11\\\/risque-geopolitique-et-inflation-vers-la-fin-dune-ere\\\/#primaryimage\"},\"image\":{\"@id\":\"https:\\\/\\\/www.geopolitics.fr\\\/2025\\\/01\\\/11\\\/risque-geopolitique-et-inflation-vers-la-fin-dune-ere\\\/#primaryimage\"},\"thumbnailUrl\":\"https:\\\/\\\/www.geopolitics.fr\\\/wp-content\\\/uploads\\\/2025\\\/01\\\/inflation-2.jpg\",\"datePublished\":\"2025-01-11T09:16:37+00:00\",\"dateModified\":\"2025-01-11T09:28:57+00:00\",\"description\":\"Le paradigme de la mondialis\u00e9 oubli\u00e9, le montre entre dans une \u00e8re d'inflation structurelle en raison des chocs g\u00e9opolitiques\",\"breadcrumb\":{\"@id\":\"https:\\\/\\\/www.geopolitics.fr\\\/2025\\\/01\\\/11\\\/risque-geopolitique-et-inflation-vers-la-fin-dune-ere\\\/#breadcrumb\"},\"inLanguage\":\"en-GB\",\"potentialAction\":[{\"@type\":\"ReadAction\",\"target\":[\"https:\\\/\\\/www.geopolitics.fr\\\/2025\\\/01\\\/11\\\/risque-geopolitique-et-inflation-vers-la-fin-dune-ere\\\/\"]}]},{\"@type\":\"ImageObject\",\"inLanguage\":\"en-GB\",\"@id\":\"https:\\\/\\\/www.geopolitics.fr\\\/2025\\\/01\\\/11\\\/risque-geopolitique-et-inflation-vers-la-fin-dune-ere\\\/#primaryimage\",\"url\":\"https:\\\/\\\/www.geopolitics.fr\\\/wp-content\\\/uploads\\\/2025\\\/01\\\/inflation-2.jpg\",\"contentUrl\":\"https:\\\/\\\/www.geopolitics.fr\\\/wp-content\\\/uploads\\\/2025\\\/01\\\/inflation-2.jpg\",\"width\":528,\"height\":401},{\"@type\":\"BreadcrumbList\",\"@id\":\"https:\\\/\\\/www.geopolitics.fr\\\/2025\\\/01\\\/11\\\/risque-geopolitique-et-inflation-vers-la-fin-dune-ere\\\/#breadcrumb\",\"itemListElement\":[{\"@type\":\"ListItem\",\"position\":1,\"name\":\"Accueil\",\"item\":\"https:\\\/\\\/www.geopolitics.fr\\\/\"},{\"@type\":\"ListItem\",\"position\":2,\"name\":\"Risque g\u00e9opolitique et inflation : vers la fin d&#8217;une \u00e8re\"}]},{\"@type\":\"WebSite\",\"@id\":\"https:\\\/\\\/www.geopolitics.fr\\\/#website\",\"url\":\"https:\\\/\\\/www.geopolitics.fr\\\/\",\"name\":\"Geopolitics.fr\",\"description\":\"Geopolitics.fr Analyse politique, relations internationales, d\u00e9fense - ligne \u00e9ditoriale gaullo-chiraquienne\",\"publisher\":{\"@id\":\"https:\\\/\\\/www.geopolitics.fr\\\/#organization\"},\"potentialAction\":[{\"@type\":\"SearchAction\",\"target\":{\"@type\":\"EntryPoint\",\"urlTemplate\":\"https:\\\/\\\/www.geopolitics.fr\\\/?s={search_term_string}\"},\"query-input\":{\"@type\":\"PropertyValueSpecification\",\"valueRequired\":true,\"valueName\":\"search_term_string\"}}],\"inLanguage\":\"en-GB\"},{\"@type\":\"Organization\",\"@id\":\"https:\\\/\\\/www.geopolitics.fr\\\/#organization\",\"name\":\"Geopolitics.fr\",\"url\":\"https:\\\/\\\/www.geopolitics.fr\\\/\",\"logo\":{\"@type\":\"ImageObject\",\"inLanguage\":\"en-GB\",\"@id\":\"https:\\\/\\\/www.geopolitics.fr\\\/#\\\/schema\\\/logo\\\/image\\\/\",\"url\":\"https:\\\/\\\/www.geopolitics.fr\\\/wp-content\\\/uploads\\\/2024\\\/01\\\/logo.jpg\",\"contentUrl\":\"https:\\\/\\\/www.geopolitics.fr\\\/wp-content\\\/uploads\\\/2024\\\/01\\\/logo.jpg\",\"width\":500,\"height\":500,\"caption\":\"Geopolitics.fr\"},\"image\":{\"@id\":\"https:\\\/\\\/www.geopolitics.fr\\\/#\\\/schema\\\/logo\\\/image\\\/\"},\"sameAs\":[\"https:\\\/\\\/www.facebook.com\\\/people\\\/Erwan-Davoux\\\/61557098968092\\\/\",\"https:\\\/\\\/x.com\\\/Geopolitics_Fr\"]},{\"@type\":\"Person\",\"@id\":\"https:\\\/\\\/www.geopolitics.fr\\\/#\\\/schema\\\/person\\\/2ac411a663475b609692ca02b808329e\",\"name\":\"Julien Chevalier\",\"image\":{\"@type\":\"ImageObject\",\"inLanguage\":\"en-GB\",\"@id\":\"https:\\\/\\\/www.geopolitics.fr\\\/wp-content\\\/uploads\\\/2024\\\/12\\\/Photo-Julien-Chevalier-96x96.jpg\",\"url\":\"https:\\\/\\\/www.geopolitics.fr\\\/wp-content\\\/uploads\\\/2024\\\/12\\\/Photo-Julien-Chevalier-96x96.jpg\",\"contentUrl\":\"https:\\\/\\\/www.geopolitics.fr\\\/wp-content\\\/uploads\\\/2024\\\/12\\\/Photo-Julien-Chevalier-96x96.jpg\",\"caption\":\"Julien Chevalier\"},\"description\":\"Journaliste ind\u00e9pendant et consultant. Dipl\u00f4m\u00e9 d\u2019un Master en Finance d\u2019entreprise, il finalisera en 2025 un Master en politique \u00e9conomique \u00e0 la London School of Economics (LSE). Sp\u00e9cialis\u00e9 en \u00e9conomie, finance et relations publiques, il a \u00e9crit pour diff\u00e9rents m\u00e9dias dont Les Echos et Le Monde. Il est \u00e9galement intervenu sur des cha\u00eenes t\u00e9l\u00e9vis\u00e9es, notamment TV5 Monde, et a men\u00e9 des interviews avec des figures majeures comme Jacques de Larosi\u00e8re, Yanis Varoufakis et Jean-Claude Trichet. Ancien conseiller parlementaire au S\u00e9nat (Comission des finances), il a aussi \u00e9t\u00e9 r\u00e9dacteur en chef pour une \u00e9mission diffus\u00e9e sur LCP-Assembl\u00e9e nationale.\",\"url\":\"https:\\\/\\\/www.geopolitics.fr\\\/en\\\/author\\\/chevalier\\\/\"}]}<\/script>\n<!-- \/ Yoast SEO Premium plugin. -->","yoast_head_json":{"title":"Risque g\u00e9opolitique et inflation : vers la fin d'une \u00e8re | Geopolitics.fr","description":"Le paradigme de la mondialis\u00e9 oubli\u00e9, le montre entre dans une \u00e8re d'inflation structurelle en raison des chocs g\u00e9opolitiques","robots":{"index":"index","follow":"follow","max-snippet":"max-snippet:-1","max-image-preview":"max-image-preview:large","max-video-preview":"max-video-preview:-1"},"canonical":"https:\/\/www.geopolitics.fr\/en\/2025\/01\/11\/risque-geopolitique-et-inflation-vers-la-fin-dune-ere\/","og_locale":"en_GB","og_type":"article","og_title":"Risque g\u00e9opolitique et inflation : vers la fin d'une \u00e8re","og_description":"Le paradigme de la mondialis\u00e9 oubli\u00e9, le montre entre dans une \u00e8re d'inflation structurelle en raison des chocs g\u00e9opolitiques","og_url":"https:\/\/www.geopolitics.fr\/en\/2025\/01\/11\/risque-geopolitique-et-inflation-vers-la-fin-dune-ere\/","og_site_name":"Geopolitics.fr","article_publisher":"https:\/\/www.facebook.com\/people\/Erwan-Davoux\/61557098968092\/","article_published_time":"2025-01-11T09:16:37+00:00","article_modified_time":"2025-01-11T09:28:57+00:00","og_image":[{"width":528,"height":401,"url":"https:\/\/www.geopolitics.fr\/wp-content\/uploads\/2025\/01\/inflation-2.jpg","type":"image\/jpeg"}],"author":"Julien Chevalier","twitter_card":"summary_large_image","twitter_creator":"@Geopolitics_Fr","twitter_site":"@Geopolitics_Fr","twitter_misc":{"Written by":"Julien Chevalier","Estimated reading time":"5 minutes"},"schema":{"@context":"https:\/\/schema.org","@graph":[{"@type":"Article","@id":"https:\/\/www.geopolitics.fr\/2025\/01\/11\/risque-geopolitique-et-inflation-vers-la-fin-dune-ere\/#article","isPartOf":{"@id":"https:\/\/www.geopolitics.fr\/2025\/01\/11\/risque-geopolitique-et-inflation-vers-la-fin-dune-ere\/"},"author":{"name":"Julien Chevalier","@id":"https:\/\/www.geopolitics.fr\/#\/schema\/person\/2ac411a663475b609692ca02b808329e"},"headline":"Risque g\u00e9opolitique et inflation : vers la fin d&rsquo;une \u00e8re","datePublished":"2025-01-11T09:16:37+00:00","dateModified":"2025-01-11T09:28:57+00:00","mainEntityOfPage":{"@id":"https:\/\/www.geopolitics.fr\/2025\/01\/11\/risque-geopolitique-et-inflation-vers-la-fin-dune-ere\/"},"wordCount":1094,"commentCount":0,"publisher":{"@id":"https:\/\/www.geopolitics.fr\/#organization"},"image":{"@id":"https:\/\/www.geopolitics.fr\/2025\/01\/11\/risque-geopolitique-et-inflation-vers-la-fin-dune-ere\/#primaryimage"},"thumbnailUrl":"https:\/\/www.geopolitics.fr\/wp-content\/uploads\/2025\/01\/inflation-2.jpg","keywords":["INFLATION","RISQUE GEOPOLITIQUE"],"articleSection":["International","Mis en AVANT"],"inLanguage":"en-GB"},{"@type":"WebPage","@id":"https:\/\/www.geopolitics.fr\/2025\/01\/11\/risque-geopolitique-et-inflation-vers-la-fin-dune-ere\/","url":"https:\/\/www.geopolitics.fr\/2025\/01\/11\/risque-geopolitique-et-inflation-vers-la-fin-dune-ere\/","name":"Risque g\u00e9opolitique et inflation : vers la fin d'une \u00e8re | Geopolitics.fr","isPartOf":{"@id":"https:\/\/www.geopolitics.fr\/#website"},"primaryImageOfPage":{"@id":"https:\/\/www.geopolitics.fr\/2025\/01\/11\/risque-geopolitique-et-inflation-vers-la-fin-dune-ere\/#primaryimage"},"image":{"@id":"https:\/\/www.geopolitics.fr\/2025\/01\/11\/risque-geopolitique-et-inflation-vers-la-fin-dune-ere\/#primaryimage"},"thumbnailUrl":"https:\/\/www.geopolitics.fr\/wp-content\/uploads\/2025\/01\/inflation-2.jpg","datePublished":"2025-01-11T09:16:37+00:00","dateModified":"2025-01-11T09:28:57+00:00","description":"Le paradigme de la mondialis\u00e9 oubli\u00e9, le montre entre dans une \u00e8re d'inflation structurelle en raison des chocs g\u00e9opolitiques","breadcrumb":{"@id":"https:\/\/www.geopolitics.fr\/2025\/01\/11\/risque-geopolitique-et-inflation-vers-la-fin-dune-ere\/#breadcrumb"},"inLanguage":"en-GB","potentialAction":[{"@type":"ReadAction","target":["https:\/\/www.geopolitics.fr\/2025\/01\/11\/risque-geopolitique-et-inflation-vers-la-fin-dune-ere\/"]}]},{"@type":"ImageObject","inLanguage":"en-GB","@id":"https:\/\/www.geopolitics.fr\/2025\/01\/11\/risque-geopolitique-et-inflation-vers-la-fin-dune-ere\/#primaryimage","url":"https:\/\/www.geopolitics.fr\/wp-content\/uploads\/2025\/01\/inflation-2.jpg","contentUrl":"https:\/\/www.geopolitics.fr\/wp-content\/uploads\/2025\/01\/inflation-2.jpg","width":528,"height":401},{"@type":"BreadcrumbList","@id":"https:\/\/www.geopolitics.fr\/2025\/01\/11\/risque-geopolitique-et-inflation-vers-la-fin-dune-ere\/#breadcrumb","itemListElement":[{"@type":"ListItem","position":1,"name":"Accueil","item":"https:\/\/www.geopolitics.fr\/"},{"@type":"ListItem","position":2,"name":"Risque g\u00e9opolitique et inflation : vers la fin d&#8217;une \u00e8re"}]},{"@type":"WebSite","@id":"https:\/\/www.geopolitics.fr\/#website","url":"https:\/\/www.geopolitics.fr\/","name":"Geopolitics.fr","description":"Geopolitics.fr Analyse politique, relations internationales, d\u00e9fense - ligne \u00e9ditoriale gaullo-chiraquienne","publisher":{"@id":"https:\/\/www.geopolitics.fr\/#organization"},"potentialAction":[{"@type":"SearchAction","target":{"@type":"EntryPoint","urlTemplate":"https:\/\/www.geopolitics.fr\/?s={search_term_string}"},"query-input":{"@type":"PropertyValueSpecification","valueRequired":true,"valueName":"search_term_string"}}],"inLanguage":"en-GB"},{"@type":"Organization","@id":"https:\/\/www.geopolitics.fr\/#organization","name":"Geopolitics.fr","url":"https:\/\/www.geopolitics.fr\/","logo":{"@type":"ImageObject","inLanguage":"en-GB","@id":"https:\/\/www.geopolitics.fr\/#\/schema\/logo\/image\/","url":"https:\/\/www.geopolitics.fr\/wp-content\/uploads\/2024\/01\/logo.jpg","contentUrl":"https:\/\/www.geopolitics.fr\/wp-content\/uploads\/2024\/01\/logo.jpg","width":500,"height":500,"caption":"Geopolitics.fr"},"image":{"@id":"https:\/\/www.geopolitics.fr\/#\/schema\/logo\/image\/"},"sameAs":["https:\/\/www.facebook.com\/people\/Erwan-Davoux\/61557098968092\/","https:\/\/x.com\/Geopolitics_Fr"]},{"@type":"Person","@id":"https:\/\/www.geopolitics.fr\/#\/schema\/person\/2ac411a663475b609692ca02b808329e","name":"Julien Chevalier","image":{"@type":"ImageObject","inLanguage":"en-GB","@id":"https:\/\/www.geopolitics.fr\/wp-content\/uploads\/2024\/12\/Photo-Julien-Chevalier-96x96.jpg","url":"https:\/\/www.geopolitics.fr\/wp-content\/uploads\/2024\/12\/Photo-Julien-Chevalier-96x96.jpg","contentUrl":"https:\/\/www.geopolitics.fr\/wp-content\/uploads\/2024\/12\/Photo-Julien-Chevalier-96x96.jpg","caption":"Julien Chevalier"},"description":"Journaliste ind\u00e9pendant et consultant. Dipl\u00f4m\u00e9 d\u2019un Master en Finance d\u2019entreprise, il finalisera en 2025 un Master en politique \u00e9conomique \u00e0 la London School of Economics (LSE). Sp\u00e9cialis\u00e9 en \u00e9conomie, finance et relations publiques, il a \u00e9crit pour diff\u00e9rents m\u00e9dias dont Les Echos et Le Monde. Il est \u00e9galement intervenu sur des cha\u00eenes t\u00e9l\u00e9vis\u00e9es, notamment TV5 Monde, et a men\u00e9 des interviews avec des figures majeures comme Jacques de Larosi\u00e8re, Yanis Varoufakis et Jean-Claude Trichet. Ancien conseiller parlementaire au S\u00e9nat (Comission des finances), il a aussi \u00e9t\u00e9 r\u00e9dacteur en chef pour une \u00e9mission diffus\u00e9e sur LCP-Assembl\u00e9e nationale.","url":"https:\/\/www.geopolitics.fr\/en\/author\/chevalier\/"}]}},"_links":{"self":[{"href":"https:\/\/www.geopolitics.fr\/en\/wp-json\/wp\/v2\/posts\/3347","targetHints":{"allow":["GET"]}}],"collection":[{"href":"https:\/\/www.geopolitics.fr\/en\/wp-json\/wp\/v2\/posts"}],"about":[{"href":"https:\/\/www.geopolitics.fr\/en\/wp-json\/wp\/v2\/types\/post"}],"author":[{"embeddable":true,"href":"https:\/\/www.geopolitics.fr\/en\/wp-json\/wp\/v2\/users\/104"}],"replies":[{"embeddable":true,"href":"https:\/\/www.geopolitics.fr\/en\/wp-json\/wp\/v2\/comments?post=3347"}],"version-history":[{"count":0,"href":"https:\/\/www.geopolitics.fr\/en\/wp-json\/wp\/v2\/posts\/3347\/revisions"}],"wp:featuredmedia":[{"embeddable":true,"href":"https:\/\/www.geopolitics.fr\/en\/wp-json\/wp\/v2\/media\/3348"}],"wp:attachment":[{"href":"https:\/\/www.geopolitics.fr\/en\/wp-json\/wp\/v2\/media?parent=3347"}],"wp:term":[{"taxonomy":"category","embeddable":true,"href":"https:\/\/www.geopolitics.fr\/en\/wp-json\/wp\/v2\/categories?post=3347"},{"taxonomy":"post_tag","embeddable":true,"href":"https:\/\/www.geopolitics.fr\/en\/wp-json\/wp\/v2\/tags?post=3347"}],"curies":[{"name":"wp","href":"https:\/\/api.w.org\/{rel}","templated":true}]}}