{"id":3337,"date":"2025-01-09T17:30:07","date_gmt":"2025-01-09T16:30:07","guid":{"rendered":"https:\/\/www.geopolitics.fr\/?p=3337"},"modified":"2025-01-09T17:30:10","modified_gmt":"2025-01-09T16:30:10","slug":"analyse-le-nouveau-defi-de-lafrique-gerer-le-vieillissement-annonce-de-sa-population","status":"publish","type":"post","link":"https:\/\/www.geopolitics.fr\/en\/2025\/01\/09\/analyse-le-nouveau-defi-de-lafrique-gerer-le-vieillissement-annonce-de-sa-population\/","title":{"rendered":"[Analyse] Le nouveau d\u00e9fi de l\u2019Afrique, g\u00e9rer le vieillissement annonc\u00e9 de sa population"},"content":{"rendered":"<p class=\"has-medium-font-size wp-block-paragraph\"><em>L\u2019Afrique est en pleine transition d\u00e9mographique et sa jeunesse est souvent pr\u00e9sent\u00e9e comme un moteur pour son d\u00e9veloppement. Toutefois, la croissance de la population du continent entra\u00eene aussi la croissance du nombre de personnes \u00e2g\u00e9es, d\u00e9laiss\u00e9es par les tentations migratoires des plus jeunes. Ce fait in\u00e9luctable sera l\u2019une des priorit\u00e9s des gouvernements africains dans les prochaines d\u00e9cennies. Ainsi, de nouvelles politiques publiques devront \u00e9galement s\u2019imposer.<\/em><\/p>\n\n\n\n<p class=\"has-medium-font-size wp-block-paragraph\">De tous les champs d\u2019\u00e9tude de la d\u00e9mographie africaine, ce n\u2019est pas le vieillissement qui vient d\u2019embl\u00e9e \u00e0 l\u2019esprit, tant le continent est associ\u00e9 \u00e0 la jeunesse.<\/p>\n\n\n\n<p class=\"has-medium-font-size wp-block-paragraph\">Pour en savoir un peu plus sur cet enjeu encore largement ignor\u00e9, l\u2019Institut national des \u00e9tudes d\u00e9mographiques (INED) et l\u2019Agence fran\u00e7aise de d\u00e9veloppement (AFD), ont produit une \u00e9tude qui pr\u00e9sente \u00e0 partir des donn\u00e9es statistiques disponibles, l\u2019\u00e9tat des politiques publiques existantes ainsi que les perspectives quant \u00e0 leur mise en \u0153uvre.<\/p>\n\n\n\n<h2 class=\"wp-block-heading\" id=\"h-les-jeunes-jusqu-alors-majoritaires-moteur-en-afrique\"><strong>Les jeunes jusqu\u2019alors majoritaires, moteur en Afrique<\/strong><\/h2>\n\n\n\n<p class=\"has-medium-font-size wp-block-paragraph\">L\u2019\u00e2ge m\u00e9dian, d\u00e9finissant l\u2019\u00e2ge qui s\u00e9pare la population en deux parties num\u00e9riquement \u00e9gales l\u2019une plus jeune et l\u2019autre plus \u00e2g\u00e9e, est de 38 ans en Europe et de 30 ans en Asie. Sur le continent africain dans son ensemble, cet \u00e2ge est de 19 ans environ, ce qui en fait le plus jeune au monde.<\/p>\n\n\n\n<p class=\"has-medium-font-size wp-block-paragraph\">Cette forte dynamique d\u00e9mographique s\u2019exprime aussi par le fait que plus de 60 % de la population africaine a moins de 25 ans. Bien s\u00fbr, cette r\u00e9alit\u00e9 impose une adaptation des politiques sociales et \u00e9conomiques, notamment en terme d\u2019emplois. Dans la plupart des pays subsahariens, de forts taux de f\u00e9condit\u00e9 ont contribu\u00e9 et contribuent toujours, \u00e0 une augmentation exponentielle de la population. Plusieurs projections g\u00e9ostrat\u00e9giques estiment que la population africaine pourrait atteindre 2,5 milliards de personnes d\u2019ici 2050 (NDLR&nbsp;: elle en compte aujourd\u2019hui pr\u00e8s de 1,5 milliard). Sur ces 2,5 milliards de personnes, les soixantenaires et plus se compteront \u00e0 environ 215 millions, soit un peu plus de 8 % de la population globale. En 2023, seulement 5 \u00e0 6 % de la population africaine \u00e9tait \u00e2g\u00e9e de 60 ans et plus. Cette moyenne statistique ne doit pas occulter le fait qu\u2019il existe de grandes disparit\u00e9s selon les pays : 3 \u00e0 4 % en Ouganda et au Niger, contre 7 \u00e0 9 % en Afrique du Sud et en Tunisie. Comparativement en Europe, cette part de la population repr\u00e9sente 25 % de la population recens\u00e9e, 16 % en Am\u00e9rique du Nord et 12 % en Asie.<\/p>\n\n\n\n<h2 class=\"wp-block-heading\" id=\"h-le-vieillissement-un-nouvel-enjeu-pour-les-decideurs-politiques\"><strong>Le vieillissement, un nouvel enjeu pour les d\u00e9cideurs politiques<\/strong><\/h2>\n\n\n\n<p class=\"has-medium-font-size wp-block-paragraph\">Avec un taux de mortalit\u00e9 \u00e9lev\u00e9, la part relativement faible de personnes \u00e2g\u00e9es en particulier dans les pays sub-sahariens, explique le peu d\u2019engagement jusqu\u2019alors des d\u00e9cideurs \u00e0 mettre en place de solides syst\u00e8mes de protection sociale et de prise en charge du grand \u00e2ge, alors m\u00eame qu\u2019elles vivent souvent dans des conditions de vie tr\u00e8s pr\u00e9caires, combinant pauvret\u00e9 et formes de vuln\u00e9rabilit\u00e9 entra\u00een\u00e9es par la vieillesse.<\/p>\n\n\n\n<p class=\"has-medium-font-size wp-block-paragraph\">Les personnes \u00e2g\u00e9es en Afrique d\u00e9pendent encore tr\u00e8s largement des soutiens familiaux voire des structures communautaires proches (m\u00e9nages, familles, voisins), mais ces structures sociales changent vite avec l\u2019urbanisation et les effets plus larges de la mondialisation : le changement des modes de consommation et l\u2019amplification de l\u2019utilisation des r\u00e9seaux sociaux entra\u00eenent une \u00e9volution des valeurs socio-anthropologiques.<\/p>\n\n\n\n<p class=\"has-medium-font-size wp-block-paragraph\">Bien que le grand \u00e2ge repr\u00e9sente actuellement une part r\u00e9duite de la population africaine (en pourcentage), ce nombre est appel\u00e9 in\u00e9luctablement \u00e0 augmenter du fait de la forte croissance d\u00e9mographique du continent. De ce fait, de nouveaux d\u00e9fis en mati\u00e8re de sant\u00e9 publique, de protection sociale et de pensions de retraite devront \u00eatre relev\u00e9s incontestablement.<\/p>\n\n\n\n<p class=\"has-medium-font-size wp-block-paragraph\">Le premier de ces d\u00e9fis concerne la progression n\u00e9cessaire du niveau de couverture sociale de la population, devant en outre tenir compte du poids de l\u2019informalit\u00e9 dans l\u2019\u00e9conomie. Afin de garantir une protection des individus face aux risques sociaux au sens large (maladie, ch\u00f4mage, accidents du travail, vieillesse), il est essentiel d\u2019articuler cette protection au contexte informel du travail notamment, qui repr\u00e9sente environ 80 % de l\u2019emploi en Afrique.<\/p>\n\n\n\n<p class=\"has-medium-font-size wp-block-paragraph\">Pour ce faire et d\u2019avis d\u2019experts, cette protection sociale pourrait s\u2019initier en trois volets. Tout d\u2019abord, la mise en \u0153uvre de r\u00e9gimes contributifs \u00ab flexibles \u00bb qui valoriseraient des cotisations bas\u00e9es sur des revenus irr\u00e9guliers li\u00e9s \u00e0 l\u2019informalit\u00e9. Ensuite, la valorisation des syst\u00e8mes communautaires tels que la tontine, qui pourraient \u00eatre mieux \u00e9tendus et mutualis\u00e9s, ainsi que la promotion de mutuelles de sant\u00e9 adapt\u00e9es aux travailleurs ind\u00e9pendants, aux petites entit\u00e9s de production et de commerce. Enfin, l\u2019extension des paiements digitalis\u00e9s via \u00ab le mobile money \u00bb qui permettrait de simplifier les cotisations et les prestations, comme c\u2019est d\u00e9j\u00e0 largement le cas au Rwanda ou au Kenya.<\/p>\n\n\n\n<h2 class=\"wp-block-heading\" id=\"h-les-necessaires-ajustements-et-volontes-des-politiques-publiques\"><strong>Les n\u00e9cessaires ajustements et volont\u00e9s des politiques publiques<\/strong><\/h2>\n\n\n\n<p class=\"has-medium-font-size wp-block-paragraph\">Selon l\u2019AFD (l\u2019Agence Fran\u00e7aise de D\u00e9veloppement), la mise en \u0153uvre d\u2019une protection sociale efficiente des personnes \u00e2g\u00e9es repose cependant sur plusieurs conditions pr\u00e9alables. La premi\u00e8re tient aux capacit\u00e9s des \u00c9tats \u00e0 d\u00e9velopper les comp\u00e9tences humaines et techniques n\u00e9cessaires afin de lever l\u2019imp\u00f4t et en cons\u00e9quence \u00e0 financer par les recettes fiscales, la protection sociale. En outre, la mise en place d\u2019un couplage de la couverture maladie \u00e0 celle de la retraite, visant \u00e0 garantir aux individus tout au long de leur vie active et au-del\u00e0, une s\u00e9curit\u00e9 financi\u00e8re leur permettant d\u2019acc\u00e9der aux syst\u00e8mes de soins. Aussi, il sera n\u00e9cessaire de combiner les contributions pr\u00e9lev\u00e9es sur les revenus des travailleurs du secteur formel (pour financer la couverture sant\u00e9 et les droits aux pensions de retraite), avec une prise en charge par les fonds publics des travailleurs informels, des personnes sans emploi et\/ou des populations vuln\u00e9rables au sens large (femmes isol\u00e9es, individus en situation de handicap, etc). A l\u2019instar des pays dits d\u00e9velopp\u00e9s, d\u2019autres sources de financement doivent \u00eatre envisag\u00e9es : taxes sur les produits de luxe, les v\u00e9hicules neufs et les carburants, sur les billets d\u2019avion ou bien encore mais bien moins populaires, les transactions financi\u00e8res.<\/p>\n\n\n\n<p class=\"has-medium-font-size wp-block-paragraph\">Bien s\u00fbr, les mod\u00e8les occidentaux ne sont pas toujours les bienvenus sur le continent et difficilement transposables du fait de la grande disparit\u00e9 des \u00e9conomies. D\u2019un c\u00f4t\u00e9, il s\u2019agira d\u2019investir massivement dans l\u2019\u00e9ducation et la formation professionnelle afin de faire de la jeunesse africaine un moteur de croissance \u00e9conomique. D\u2019un autre, il faudra \u00e9galement construire et r\u00e9former les syst\u00e8mes de sant\u00e9 et de protection sociale en vue de r\u00e9pondre aux besoins d\u2019une population vieillissante plus nombreuse. En d\u2019autres termes, c\u2019est une gestion proactive du dividende d\u00e9mographique (soit la chance pour les pays qui connaissent un rajeunissement d\u00e9mographique de voir leur \u00e9conomie cro\u00eetre temporairement) qui pourra garantir une meilleure prise en compte des enjeux li\u00e9s au vieillissement de la population.<\/p>\n\n\n\n<h2 class=\"wp-block-heading\" id=\"h-la-question-persistante-de-l-absence-de-donnees-statistiques-fiables\"><strong>La question persistante de l\u2019absence de donn\u00e9es statistiques fiables<\/strong><\/h2>\n\n\n\n<p class=\"has-medium-font-size wp-block-paragraph\">Quels que soient les sc\u00e9narios privil\u00e9gi\u00e9s pour la mise en \u0153uvre de la protection sociale des seniors, la grande question se pose dans le recueil et l\u2019analyse des donn\u00e9es sociod\u00e9mographiques fiables et compl\u00e8tes, par pays. Or, la probl\u00e9matique des statistiques d\u00e9mographiques demeure un chantier titanesque en Afrique. En effet, les insuffisances dans ce domaine d\u2019\u00e9tude ont des cons\u00e9quences significatives pour de nombreux pays, plus globalement sur le d\u00e9veloppement du continent.<\/p>\n\n\n\n<p class=\"has-medium-font-size wp-block-paragraph\">Dans de nombreux pays africains, une grande faiblesse des syst\u00e8mes d\u2019\u00e9tat civil insuffisamment financ\u00e9s et manquant de ressources humaines et techniques, un recours de plus en plus rare aux recensements, \u00e0 la collecte et au traitement des donn\u00e9es, rendent la t\u00e2che plus compliqu\u00e9e voir quasiment impossible. De plus, comptabiliser les populations vivant dans des zones de conflit ou d\u2019ins\u00e9curit\u00e9 alimentaire reste particuli\u00e8rement difficile, de m\u00eame que l\u2019identification des causes de d\u00e9c\u00e8s. G\u00e9n\u00e9ralement, seuls les chiffres sporadiques et cibl\u00e9s relev\u00e9s par les diverses ONG, pr\u00e9sentent une certaine fiabilit\u00e9.<\/p>\n\n\n\n<h2 class=\"wp-block-heading\" id=\"h-la-gestion-du-vieillissement-de-la-population-illustre-les-realites-socio-economiques-du-continent\"><strong>La gestion du vieillissement de la population, illustre les r\u00e9alit\u00e9s socio-\u00e9conomiques du continent<\/strong><\/h2>\n\n\n\n<p class=\"has-medium-font-size wp-block-paragraph\">Le financement de la protection sociale des personnes \u00e2g\u00e9es, qui devrait reposer sur une vision strat\u00e9gique et bien s\u00fbr d\u2019une volont\u00e9 politique, reste hypoth\u00e9tique ou du moins, une non priorit\u00e9. Bien que des solutions existent, qui vont de la mobilisation des ressources nationales par l\u2019imp\u00f4t notamment dans les \u00e9conomies qui le permettent, puis d\u2019actions innovantes dans les syst\u00e8mes de collecte et de gestion raisonn\u00e9e, au soutien des partenaires internationaux sur des initiatives pilotes et des subventions cibl\u00e9es, enfin \u00e0 l\u2019inclusion du secteur informel dans un syst\u00e8me contributif adapt\u00e9.<\/p>\n\n\n\n<p class=\"has-medium-font-size wp-block-paragraph\">Au-del\u00e0 des diff\u00e9rents conflits civiles ou militaires qui jalonnent le continent, la probl\u00e9matique du vieillissement se pr\u00e9sente en tout \u00e9tat de cause comme un r\u00e9v\u00e9lateur des leviers fondamentaux quant au d\u00e9veloppement de la plupart des pays africains.<\/p>\n\n\n\n<p class=\"has-medium-font-size wp-block-paragraph\">Tout d\u2019abord, il s\u2019agira pour les gouvernements du continent de faire un choix clair et durable d\u2019un mod\u00e8le de croissance \u00e9conomique lorsque les cohortes de personnes \u00e2g\u00e9es auront augment\u00e9. De plus, les politiques publiques li\u00e9es au vieillissement devront aussi int\u00e9grer la n\u00e9cessaire adaptation au d\u00e9r\u00e8glement climatique dont on sait d\u00e9j\u00e0 qu\u2019il touche tout particuli\u00e8rement le continent africain. Cela devra se faire via la mise en place de syst\u00e8mes d\u2019alerte propres aux personnes \u00e2g\u00e9es, de pratiques de diagnostic des effets climatiques extr\u00eames sur les personnes vuln\u00e9rables que sont les s\u00e9niors, de logements adapt\u00e9s, de syst\u00e8mes de veille et de divers syst\u00e8mes d\u2019entraide de proximit\u00e9.<\/p>\n\n\n\n<p class=\"has-medium-font-size wp-block-paragraph\">Aussi, le d\u00e9veloppement d\u2019\u00e9conomies durables et p\u00e9rennes par l\u2019organisation sociale des soci\u00e9t\u00e9s africaines, appara\u00eet clairement comme une solution permettant d\u2019endiguer l\u2019exode des jeunes vers l\u2019occident notamment.<\/p>\n\n\n\n<p class=\"has-medium-font-size wp-block-paragraph\">Pour les d\u00e9cideurs des pays d\u2019Afrique subsaharienne ainsi que pour d\u2019autres acteurs locaux (entreprises, organisations de la soci\u00e9t\u00e9 civile), il est donc crucial d\u2019anticiper le vieillissement programm\u00e9 des populations. Sans transposition absolue mais en adaptant les mod\u00e8les, \u00e0 l\u2019instar des pays d\u00e9velopp\u00e9s qui ont historiquement vu leur \u00e9conomie se d\u00e9velopper gr\u00e2ce \u00e0 un mod\u00e8le industriel et manufacturier o\u00f9 le salariat formel a \u00e9t\u00e9 \u00e0 la base de la construction des syst\u00e8mes de protection sociale.<\/p>\n\n\n\n<p class=\"has-medium-font-size wp-block-paragraph\">En conclusion le d\u00e9fi \u00e0 venir pour l\u2019Afrique, face au vieillissement de sa population, est de penser des politiques publiques adapt\u00e9es \u00e0 un mod\u00e8le \u00e9conomique propre \u00e0 chaque territoire culturel et social, alors que pour l\u2019heure tout repose encore trop largement sur une \u00e9conomie informelle faite de d\u00e9brouillardise.<\/p>","protected":false},"excerpt":{"rendered":"<p>L\u2019Afrique est en pleine transition d\u00e9mographique et sa jeunesse est souvent pr\u00e9sent\u00e9e comme un moteur pour son d\u00e9veloppement. Toutefois, la croissance de&hellip;<\/p>","protected":false},"author":93,"featured_media":3338,"comment_status":"open","ping_status":"open","sticky":false,"template":"","format":"standard","meta":{"_lmt_disableupdate":"","_lmt_disable":"","footnotes":""},"categories":[5,4],"tags":[439],"class_list":["post-3337","post","type-post","status-publish","format-standard","has-post-thumbnail","hentry","category-international","category-mis-en-avant","tag-vieillissement"],"yoast_head":"<!-- This site is optimized with the Yoast SEO Premium plugin v28.1 (Yoast SEO v28.1) - https:\/\/yoast.com\/product\/yoast-seo-premium-wordpress\/ -->\n<title>[Analyse] Le nouveau d\u00e9fi de l\u2019Afrique, g\u00e9rer le vieillissement annonc\u00e9 de sa population | Geopolitics.fr<\/title>\n<meta name=\"description\" content=\"L&#039;Afrique est un continent. N\u00e9anmoins le vieillissement de sa population va \u00eatre un d\u00e9fi majeur que devront relever les politiques publiques.\" \/>\n<meta name=\"robots\" content=\"index, follow, max-snippet:-1, max-image-preview:large, max-video-preview:-1\" \/>\n<link rel=\"canonical\" href=\"https:\/\/www.geopolitics.fr\/en\/2025\/01\/09\/analyse-le-nouveau-defi-de-lafrique-gerer-le-vieillissement-annonce-de-sa-population\/\" \/>\n<meta property=\"og:locale\" content=\"en_GB\" \/>\n<meta property=\"og:type\" content=\"article\" \/>\n<meta property=\"og:title\" content=\"[Analyse] Le nouveau d\u00e9fi de l\u2019Afrique, g\u00e9rer le vieillissement annonc\u00e9 de sa population\" \/>\n<meta property=\"og:description\" content=\"L&#039;Afrique est un continent. N\u00e9anmoins le vieillissement de sa population va \u00eatre un d\u00e9fi majeur que devront relever les politiques publiques.\" \/>\n<meta property=\"og:url\" content=\"https:\/\/www.geopolitics.fr\/en\/2025\/01\/09\/analyse-le-nouveau-defi-de-lafrique-gerer-le-vieillissement-annonce-de-sa-population\/\" \/>\n<meta property=\"og:site_name\" content=\"Geopolitics.fr\" \/>\n<meta property=\"article:publisher\" content=\"https:\/\/www.facebook.com\/people\/Erwan-Davoux\/61557098968092\/\" \/>\n<meta property=\"article:author\" content=\"https:\/\/www.facebook.com\/odelagarde\" \/>\n<meta property=\"article:published_time\" content=\"2025-01-09T16:30:07+00:00\" \/>\n<meta property=\"article:modified_time\" content=\"2025-01-09T16:30:10+00:00\" \/>\n<meta property=\"og:image\" content=\"https:\/\/www.geopolitics.fr\/wp-content\/uploads\/2025\/01\/vieillissement-afrique.jpg\" \/>\n\t<meta property=\"og:image:width\" content=\"1920\" \/>\n\t<meta property=\"og:image:height\" content=\"1281\" \/>\n\t<meta property=\"og:image:type\" content=\"image\/jpeg\" \/>\n<meta name=\"author\" content=\"Olivier DELAGARDE\" \/>\n<meta name=\"twitter:card\" content=\"summary_large_image\" \/>\n<meta name=\"twitter:creator\" content=\"@Geopolitics_Fr\" \/>\n<meta name=\"twitter:site\" content=\"@Geopolitics_Fr\" \/>\n<meta name=\"twitter:label1\" content=\"Written by\" \/>\n\t<meta name=\"twitter:data1\" content=\"Olivier DELAGARDE\" \/>\n\t<meta name=\"twitter:label2\" content=\"Estimated reading time\" \/>\n\t<meta name=\"twitter:data2\" content=\"9 minutes\" \/>\n<script type=\"application\/ld+json\" class=\"yoast-schema-graph\">{\"@context\":\"https:\\\/\\\/schema.org\",\"@graph\":[{\"@type\":\"Article\",\"@id\":\"https:\\\/\\\/www.geopolitics.fr\\\/2025\\\/01\\\/09\\\/analyse-le-nouveau-defi-de-lafrique-gerer-le-vieillissement-annonce-de-sa-population\\\/#article\",\"isPartOf\":{\"@id\":\"https:\\\/\\\/www.geopolitics.fr\\\/2025\\\/01\\\/09\\\/analyse-le-nouveau-defi-de-lafrique-gerer-le-vieillissement-annonce-de-sa-population\\\/\"},\"author\":{\"name\":\"Olivier DELAGARDE\",\"@id\":\"https:\\\/\\\/www.geopolitics.fr\\\/#\\\/schema\\\/person\\\/9b98d78234af63d6ad71199d66115350\"},\"headline\":\"[Analyse] Le nouveau d\u00e9fi de l\u2019Afrique, g\u00e9rer le vieillissement annonc\u00e9 de sa population\",\"datePublished\":\"2025-01-09T16:30:07+00:00\",\"dateModified\":\"2025-01-09T16:30:10+00:00\",\"mainEntityOfPage\":{\"@id\":\"https:\\\/\\\/www.geopolitics.fr\\\/2025\\\/01\\\/09\\\/analyse-le-nouveau-defi-de-lafrique-gerer-le-vieillissement-annonce-de-sa-population\\\/\"},\"wordCount\":1865,\"commentCount\":0,\"publisher\":{\"@id\":\"https:\\\/\\\/www.geopolitics.fr\\\/#organization\"},\"image\":{\"@id\":\"https:\\\/\\\/www.geopolitics.fr\\\/2025\\\/01\\\/09\\\/analyse-le-nouveau-defi-de-lafrique-gerer-le-vieillissement-annonce-de-sa-population\\\/#primaryimage\"},\"thumbnailUrl\":\"https:\\\/\\\/www.geopolitics.fr\\\/wp-content\\\/uploads\\\/2025\\\/01\\\/vieillissement-afrique.jpg\",\"keywords\":[\"vieillissement\"],\"articleSection\":[\"International\",\"Mis en AVANT\"],\"inLanguage\":\"en-GB\"},{\"@type\":\"WebPage\",\"@id\":\"https:\\\/\\\/www.geopolitics.fr\\\/2025\\\/01\\\/09\\\/analyse-le-nouveau-defi-de-lafrique-gerer-le-vieillissement-annonce-de-sa-population\\\/\",\"url\":\"https:\\\/\\\/www.geopolitics.fr\\\/2025\\\/01\\\/09\\\/analyse-le-nouveau-defi-de-lafrique-gerer-le-vieillissement-annonce-de-sa-population\\\/\",\"name\":\"[Analyse] Le nouveau d\u00e9fi de l\u2019Afrique, g\u00e9rer le vieillissement annonc\u00e9 de sa population | Geopolitics.fr\",\"isPartOf\":{\"@id\":\"https:\\\/\\\/www.geopolitics.fr\\\/#website\"},\"primaryImageOfPage\":{\"@id\":\"https:\\\/\\\/www.geopolitics.fr\\\/2025\\\/01\\\/09\\\/analyse-le-nouveau-defi-de-lafrique-gerer-le-vieillissement-annonce-de-sa-population\\\/#primaryimage\"},\"image\":{\"@id\":\"https:\\\/\\\/www.geopolitics.fr\\\/2025\\\/01\\\/09\\\/analyse-le-nouveau-defi-de-lafrique-gerer-le-vieillissement-annonce-de-sa-population\\\/#primaryimage\"},\"thumbnailUrl\":\"https:\\\/\\\/www.geopolitics.fr\\\/wp-content\\\/uploads\\\/2025\\\/01\\\/vieillissement-afrique.jpg\",\"datePublished\":\"2025-01-09T16:30:07+00:00\",\"dateModified\":\"2025-01-09T16:30:10+00:00\",\"description\":\"L'Afrique est un continent. N\u00e9anmoins le vieillissement de sa population va \u00eatre un d\u00e9fi majeur que devront relever les politiques publiques.\",\"breadcrumb\":{\"@id\":\"https:\\\/\\\/www.geopolitics.fr\\\/2025\\\/01\\\/09\\\/analyse-le-nouveau-defi-de-lafrique-gerer-le-vieillissement-annonce-de-sa-population\\\/#breadcrumb\"},\"inLanguage\":\"en-GB\",\"potentialAction\":[{\"@type\":\"ReadAction\",\"target\":[\"https:\\\/\\\/www.geopolitics.fr\\\/2025\\\/01\\\/09\\\/analyse-le-nouveau-defi-de-lafrique-gerer-le-vieillissement-annonce-de-sa-population\\\/\"]}]},{\"@type\":\"ImageObject\",\"inLanguage\":\"en-GB\",\"@id\":\"https:\\\/\\\/www.geopolitics.fr\\\/2025\\\/01\\\/09\\\/analyse-le-nouveau-defi-de-lafrique-gerer-le-vieillissement-annonce-de-sa-population\\\/#primaryimage\",\"url\":\"https:\\\/\\\/www.geopolitics.fr\\\/wp-content\\\/uploads\\\/2025\\\/01\\\/vieillissement-afrique.jpg\",\"contentUrl\":\"https:\\\/\\\/www.geopolitics.fr\\\/wp-content\\\/uploads\\\/2025\\\/01\\\/vieillissement-afrique.jpg\",\"width\":1920,\"height\":1281,\"caption\":\"A focused black mid-adult nurse assists a relaxed senior black male, expertly managing his medical care at home, ensuring his comfort in a serene setting.\"},{\"@type\":\"BreadcrumbList\",\"@id\":\"https:\\\/\\\/www.geopolitics.fr\\\/2025\\\/01\\\/09\\\/analyse-le-nouveau-defi-de-lafrique-gerer-le-vieillissement-annonce-de-sa-population\\\/#breadcrumb\",\"itemListElement\":[{\"@type\":\"ListItem\",\"position\":1,\"name\":\"Accueil\",\"item\":\"https:\\\/\\\/www.geopolitics.fr\\\/\"},{\"@type\":\"ListItem\",\"position\":2,\"name\":\"[Analyse] Le nouveau d\u00e9fi de l\u2019Afrique, g\u00e9rer le vieillissement annonc\u00e9 de sa population\"}]},{\"@type\":\"WebSite\",\"@id\":\"https:\\\/\\\/www.geopolitics.fr\\\/#website\",\"url\":\"https:\\\/\\\/www.geopolitics.fr\\\/\",\"name\":\"Geopolitics.fr\",\"description\":\"Geopolitics.fr Analyse politique, relations internationales, d\u00e9fense - ligne \u00e9ditoriale gaullo-chiraquienne\",\"publisher\":{\"@id\":\"https:\\\/\\\/www.geopolitics.fr\\\/#organization\"},\"potentialAction\":[{\"@type\":\"SearchAction\",\"target\":{\"@type\":\"EntryPoint\",\"urlTemplate\":\"https:\\\/\\\/www.geopolitics.fr\\\/?s={search_term_string}\"},\"query-input\":{\"@type\":\"PropertyValueSpecification\",\"valueRequired\":true,\"valueName\":\"search_term_string\"}}],\"inLanguage\":\"en-GB\"},{\"@type\":\"Organization\",\"@id\":\"https:\\\/\\\/www.geopolitics.fr\\\/#organization\",\"name\":\"Geopolitics.fr\",\"url\":\"https:\\\/\\\/www.geopolitics.fr\\\/\",\"logo\":{\"@type\":\"ImageObject\",\"inLanguage\":\"en-GB\",\"@id\":\"https:\\\/\\\/www.geopolitics.fr\\\/#\\\/schema\\\/logo\\\/image\\\/\",\"url\":\"https:\\\/\\\/www.geopolitics.fr\\\/wp-content\\\/uploads\\\/2024\\\/01\\\/logo.jpg\",\"contentUrl\":\"https:\\\/\\\/www.geopolitics.fr\\\/wp-content\\\/uploads\\\/2024\\\/01\\\/logo.jpg\",\"width\":500,\"height\":500,\"caption\":\"Geopolitics.fr\"},\"image\":{\"@id\":\"https:\\\/\\\/www.geopolitics.fr\\\/#\\\/schema\\\/logo\\\/image\\\/\"},\"sameAs\":[\"https:\\\/\\\/www.facebook.com\\\/people\\\/Erwan-Davoux\\\/61557098968092\\\/\",\"https:\\\/\\\/x.com\\\/Geopolitics_Fr\"]},{\"@type\":\"Person\",\"@id\":\"https:\\\/\\\/www.geopolitics.fr\\\/#\\\/schema\\\/person\\\/9b98d78234af63d6ad71199d66115350\",\"name\":\"Olivier DELAGARDE\",\"image\":{\"@type\":\"ImageObject\",\"inLanguage\":\"en-GB\",\"@id\":\"https:\\\/\\\/secure.gravatar.com\\\/avatar\\\/2c50afbd303b51697d9591857ee182bf3ead572fa530da00bb0278cf506c3a97?s=96&d=mm&r=g\",\"url\":\"https:\\\/\\\/secure.gravatar.com\\\/avatar\\\/2c50afbd303b51697d9591857ee182bf3ead572fa530da00bb0278cf506c3a97?s=96&d=mm&r=g\",\"contentUrl\":\"https:\\\/\\\/secure.gravatar.com\\\/avatar\\\/2c50afbd303b51697d9591857ee182bf3ead572fa530da00bb0278cf506c3a97?s=96&d=mm&r=g\",\"caption\":\"Olivier DELAGARDE\"},\"description\":\"Journaliste depuis plus de 20 ans, accr\u00e9dit\u00e9 aupr\u00e8s de l'Organisation des Nations Unies, de la Ligue des Etats Arabes, titulaire de la Carte d'Identit\u00e9 des Journalistes Professionnels en France et de la F\u00e9d\u00e9ration Internationale des Journalistes, Olivier a occup\u00e9 le poste de Grand reporter correspondant permanent en \u00c9gypte pour des m\u00e9dias de renomm\u00e9e mondiale tels que TV5 MONDE, le GROUPE M6, le GROUPE TF1 ou encore l\u2019AFP. Durant plus de dix ann\u00e9es, il a produit de nombreux reportages sur la politique internationale en Afrique de l'Est, tout en couvrant les principaux conflits au Proche et Moyen-Orient. En tant que Chef de bureau Proche-Orient pour TV5 MONDE, il \u00e9tait responsable de la production de reportages, des relations institutionnelles et de la repr\u00e9sentation de la cha\u00eene, tout en \u00e9crivant pour plusieurs m\u00e9dias europ\u00e9ens et internationaux.\",\"sameAs\":[\"https:\\\/\\\/www.facebook.com\\\/odelagarde\",\"https:\\\/\\\/www.linkedin.com\\\/in\\\/olivier-delagarde-816b17270\\\/\"],\"url\":\"https:\\\/\\\/www.geopolitics.fr\\\/en\\\/author\\\/odelagarde\\\/\"}]}<\/script>\n<!-- \/ Yoast SEO Premium plugin. -->","yoast_head_json":{"title":"[Analyse] Le nouveau d\u00e9fi de l\u2019Afrique, g\u00e9rer le vieillissement annonc\u00e9 de sa population | Geopolitics.fr","description":"L'Afrique est un continent. N\u00e9anmoins le vieillissement de sa population va \u00eatre un d\u00e9fi majeur que devront relever les politiques publiques.","robots":{"index":"index","follow":"follow","max-snippet":"max-snippet:-1","max-image-preview":"max-image-preview:large","max-video-preview":"max-video-preview:-1"},"canonical":"https:\/\/www.geopolitics.fr\/en\/2025\/01\/09\/analyse-le-nouveau-defi-de-lafrique-gerer-le-vieillissement-annonce-de-sa-population\/","og_locale":"en_GB","og_type":"article","og_title":"[Analyse] Le nouveau d\u00e9fi de l\u2019Afrique, g\u00e9rer le vieillissement annonc\u00e9 de sa population","og_description":"L'Afrique est un continent. N\u00e9anmoins le vieillissement de sa population va \u00eatre un d\u00e9fi majeur que devront relever les politiques publiques.","og_url":"https:\/\/www.geopolitics.fr\/en\/2025\/01\/09\/analyse-le-nouveau-defi-de-lafrique-gerer-le-vieillissement-annonce-de-sa-population\/","og_site_name":"Geopolitics.fr","article_publisher":"https:\/\/www.facebook.com\/people\/Erwan-Davoux\/61557098968092\/","article_author":"https:\/\/www.facebook.com\/odelagarde","article_published_time":"2025-01-09T16:30:07+00:00","article_modified_time":"2025-01-09T16:30:10+00:00","og_image":[{"width":1920,"height":1281,"url":"https:\/\/www.geopolitics.fr\/wp-content\/uploads\/2025\/01\/vieillissement-afrique.jpg","type":"image\/jpeg"}],"author":"Olivier DELAGARDE","twitter_card":"summary_large_image","twitter_creator":"@Geopolitics_Fr","twitter_site":"@Geopolitics_Fr","twitter_misc":{"Written by":"Olivier DELAGARDE","Estimated reading time":"9 minutes"},"schema":{"@context":"https:\/\/schema.org","@graph":[{"@type":"Article","@id":"https:\/\/www.geopolitics.fr\/2025\/01\/09\/analyse-le-nouveau-defi-de-lafrique-gerer-le-vieillissement-annonce-de-sa-population\/#article","isPartOf":{"@id":"https:\/\/www.geopolitics.fr\/2025\/01\/09\/analyse-le-nouveau-defi-de-lafrique-gerer-le-vieillissement-annonce-de-sa-population\/"},"author":{"name":"Olivier DELAGARDE","@id":"https:\/\/www.geopolitics.fr\/#\/schema\/person\/9b98d78234af63d6ad71199d66115350"},"headline":"[Analyse] Le nouveau d\u00e9fi de l\u2019Afrique, g\u00e9rer le vieillissement annonc\u00e9 de sa population","datePublished":"2025-01-09T16:30:07+00:00","dateModified":"2025-01-09T16:30:10+00:00","mainEntityOfPage":{"@id":"https:\/\/www.geopolitics.fr\/2025\/01\/09\/analyse-le-nouveau-defi-de-lafrique-gerer-le-vieillissement-annonce-de-sa-population\/"},"wordCount":1865,"commentCount":0,"publisher":{"@id":"https:\/\/www.geopolitics.fr\/#organization"},"image":{"@id":"https:\/\/www.geopolitics.fr\/2025\/01\/09\/analyse-le-nouveau-defi-de-lafrique-gerer-le-vieillissement-annonce-de-sa-population\/#primaryimage"},"thumbnailUrl":"https:\/\/www.geopolitics.fr\/wp-content\/uploads\/2025\/01\/vieillissement-afrique.jpg","keywords":["vieillissement"],"articleSection":["International","Mis en AVANT"],"inLanguage":"en-GB"},{"@type":"WebPage","@id":"https:\/\/www.geopolitics.fr\/2025\/01\/09\/analyse-le-nouveau-defi-de-lafrique-gerer-le-vieillissement-annonce-de-sa-population\/","url":"https:\/\/www.geopolitics.fr\/2025\/01\/09\/analyse-le-nouveau-defi-de-lafrique-gerer-le-vieillissement-annonce-de-sa-population\/","name":"[Analyse] Le nouveau d\u00e9fi de l\u2019Afrique, g\u00e9rer le vieillissement annonc\u00e9 de sa population | Geopolitics.fr","isPartOf":{"@id":"https:\/\/www.geopolitics.fr\/#website"},"primaryImageOfPage":{"@id":"https:\/\/www.geopolitics.fr\/2025\/01\/09\/analyse-le-nouveau-defi-de-lafrique-gerer-le-vieillissement-annonce-de-sa-population\/#primaryimage"},"image":{"@id":"https:\/\/www.geopolitics.fr\/2025\/01\/09\/analyse-le-nouveau-defi-de-lafrique-gerer-le-vieillissement-annonce-de-sa-population\/#primaryimage"},"thumbnailUrl":"https:\/\/www.geopolitics.fr\/wp-content\/uploads\/2025\/01\/vieillissement-afrique.jpg","datePublished":"2025-01-09T16:30:07+00:00","dateModified":"2025-01-09T16:30:10+00:00","description":"L'Afrique est un continent. N\u00e9anmoins le vieillissement de sa population va \u00eatre un d\u00e9fi majeur que devront relever les politiques publiques.","breadcrumb":{"@id":"https:\/\/www.geopolitics.fr\/2025\/01\/09\/analyse-le-nouveau-defi-de-lafrique-gerer-le-vieillissement-annonce-de-sa-population\/#breadcrumb"},"inLanguage":"en-GB","potentialAction":[{"@type":"ReadAction","target":["https:\/\/www.geopolitics.fr\/2025\/01\/09\/analyse-le-nouveau-defi-de-lafrique-gerer-le-vieillissement-annonce-de-sa-population\/"]}]},{"@type":"ImageObject","inLanguage":"en-GB","@id":"https:\/\/www.geopolitics.fr\/2025\/01\/09\/analyse-le-nouveau-defi-de-lafrique-gerer-le-vieillissement-annonce-de-sa-population\/#primaryimage","url":"https:\/\/www.geopolitics.fr\/wp-content\/uploads\/2025\/01\/vieillissement-afrique.jpg","contentUrl":"https:\/\/www.geopolitics.fr\/wp-content\/uploads\/2025\/01\/vieillissement-afrique.jpg","width":1920,"height":1281,"caption":"A focused black mid-adult nurse assists a relaxed senior black male, expertly managing his medical care at home, ensuring his comfort in a serene setting."},{"@type":"BreadcrumbList","@id":"https:\/\/www.geopolitics.fr\/2025\/01\/09\/analyse-le-nouveau-defi-de-lafrique-gerer-le-vieillissement-annonce-de-sa-population\/#breadcrumb","itemListElement":[{"@type":"ListItem","position":1,"name":"Accueil","item":"https:\/\/www.geopolitics.fr\/"},{"@type":"ListItem","position":2,"name":"[Analyse] Le nouveau d\u00e9fi de l\u2019Afrique, g\u00e9rer le vieillissement annonc\u00e9 de sa population"}]},{"@type":"WebSite","@id":"https:\/\/www.geopolitics.fr\/#website","url":"https:\/\/www.geopolitics.fr\/","name":"Geopolitics.fr","description":"Geopolitics.fr Analyse politique, relations internationales, d\u00e9fense - ligne \u00e9ditoriale gaullo-chiraquienne","publisher":{"@id":"https:\/\/www.geopolitics.fr\/#organization"},"potentialAction":[{"@type":"SearchAction","target":{"@type":"EntryPoint","urlTemplate":"https:\/\/www.geopolitics.fr\/?s={search_term_string}"},"query-input":{"@type":"PropertyValueSpecification","valueRequired":true,"valueName":"search_term_string"}}],"inLanguage":"en-GB"},{"@type":"Organization","@id":"https:\/\/www.geopolitics.fr\/#organization","name":"Geopolitics.fr","url":"https:\/\/www.geopolitics.fr\/","logo":{"@type":"ImageObject","inLanguage":"en-GB","@id":"https:\/\/www.geopolitics.fr\/#\/schema\/logo\/image\/","url":"https:\/\/www.geopolitics.fr\/wp-content\/uploads\/2024\/01\/logo.jpg","contentUrl":"https:\/\/www.geopolitics.fr\/wp-content\/uploads\/2024\/01\/logo.jpg","width":500,"height":500,"caption":"Geopolitics.fr"},"image":{"@id":"https:\/\/www.geopolitics.fr\/#\/schema\/logo\/image\/"},"sameAs":["https:\/\/www.facebook.com\/people\/Erwan-Davoux\/61557098968092\/","https:\/\/x.com\/Geopolitics_Fr"]},{"@type":"Person","@id":"https:\/\/www.geopolitics.fr\/#\/schema\/person\/9b98d78234af63d6ad71199d66115350","name":"Olivier DELAGARDE","image":{"@type":"ImageObject","inLanguage":"en-GB","@id":"https:\/\/secure.gravatar.com\/avatar\/2c50afbd303b51697d9591857ee182bf3ead572fa530da00bb0278cf506c3a97?s=96&d=mm&r=g","url":"https:\/\/secure.gravatar.com\/avatar\/2c50afbd303b51697d9591857ee182bf3ead572fa530da00bb0278cf506c3a97?s=96&d=mm&r=g","contentUrl":"https:\/\/secure.gravatar.com\/avatar\/2c50afbd303b51697d9591857ee182bf3ead572fa530da00bb0278cf506c3a97?s=96&d=mm&r=g","caption":"Olivier DELAGARDE"},"description":"Journaliste depuis plus de 20 ans, accr\u00e9dit\u00e9 aupr\u00e8s de l'Organisation des Nations Unies, de la Ligue des Etats Arabes, titulaire de la Carte d'Identit\u00e9 des Journalistes Professionnels en France et de la F\u00e9d\u00e9ration Internationale des Journalistes, Olivier a occup\u00e9 le poste de Grand reporter correspondant permanent en \u00c9gypte pour des m\u00e9dias de renomm\u00e9e mondiale tels que TV5 MONDE, le GROUPE M6, le GROUPE TF1 ou encore l\u2019AFP. Durant plus de dix ann\u00e9es, il a produit de nombreux reportages sur la politique internationale en Afrique de l'Est, tout en couvrant les principaux conflits au Proche et Moyen-Orient. En tant que Chef de bureau Proche-Orient pour TV5 MONDE, il \u00e9tait responsable de la production de reportages, des relations institutionnelles et de la repr\u00e9sentation de la cha\u00eene, tout en \u00e9crivant pour plusieurs m\u00e9dias europ\u00e9ens et internationaux.","sameAs":["https:\/\/www.facebook.com\/odelagarde","https:\/\/www.linkedin.com\/in\/olivier-delagarde-816b17270\/"],"url":"https:\/\/www.geopolitics.fr\/en\/author\/odelagarde\/"}]}},"_links":{"self":[{"href":"https:\/\/www.geopolitics.fr\/en\/wp-json\/wp\/v2\/posts\/3337","targetHints":{"allow":["GET"]}}],"collection":[{"href":"https:\/\/www.geopolitics.fr\/en\/wp-json\/wp\/v2\/posts"}],"about":[{"href":"https:\/\/www.geopolitics.fr\/en\/wp-json\/wp\/v2\/types\/post"}],"author":[{"embeddable":true,"href":"https:\/\/www.geopolitics.fr\/en\/wp-json\/wp\/v2\/users\/93"}],"replies":[{"embeddable":true,"href":"https:\/\/www.geopolitics.fr\/en\/wp-json\/wp\/v2\/comments?post=3337"}],"version-history":[{"count":0,"href":"https:\/\/www.geopolitics.fr\/en\/wp-json\/wp\/v2\/posts\/3337\/revisions"}],"wp:featuredmedia":[{"embeddable":true,"href":"https:\/\/www.geopolitics.fr\/en\/wp-json\/wp\/v2\/media\/3338"}],"wp:attachment":[{"href":"https:\/\/www.geopolitics.fr\/en\/wp-json\/wp\/v2\/media?parent=3337"}],"wp:term":[{"taxonomy":"category","embeddable":true,"href":"https:\/\/www.geopolitics.fr\/en\/wp-json\/wp\/v2\/categories?post=3337"},{"taxonomy":"post_tag","embeddable":true,"href":"https:\/\/www.geopolitics.fr\/en\/wp-json\/wp\/v2\/tags?post=3337"}],"curies":[{"name":"wp","href":"https:\/\/api.w.org\/{rel}","templated":true}]}}