{"id":3328,"date":"2025-01-08T18:16:30","date_gmt":"2025-01-08T17:16:30","guid":{"rendered":"https:\/\/www.geopolitics.fr\/?p=3328"},"modified":"2025-01-08T18:16:32","modified_gmt":"2025-01-08T17:16:32","slug":"la-marque-israel-depuis-le-7-octobre-2023","status":"publish","type":"post","link":"https:\/\/www.geopolitics.fr\/en\/2025\/01\/08\/la-marque-israel-depuis-le-7-octobre-2023\/","title":{"rendered":"La marque \u00ab Isra\u00ebl \u00bb depuis le 7 octobre 2023"},"content":{"rendered":"<p class=\"has-medium-font-size wp-block-paragraph\">Il convient de se rappeler que le Royaume unifi\u00e9 d\u2019Isra\u00ebl ne dure qu\u2019environ 100 ans, de 1020 avant JC a 930 avant JC et la scission provoquant la division entre Royaume d\u2019Isra\u00ebl et Royaume de Juda.<\/p>\n\n\n\n<p class=\"has-medium-font-size wp-block-paragraph\">Le royaume d\u2019Isra\u00ebl disparait en 720 avant JC , annex\u00e9 par l\u2019empire Assyrien.<\/p>\n\n\n\n<p class=\"has-medium-font-size wp-block-paragraph\">Le royaume de Juda o\u00f9 se trouvait J\u00e9rusalem disparait en 586 avant JC , apr\u00e8s la r\u00e9bellion contre l\u2019empire babylonien, en guerre avec l\u2019Egypte. Le premier temple est d\u00e9truit.<\/p>\n\n\n\n<p class=\"has-medium-font-size wp-block-paragraph\">Donc, ces deux royaumes ont \u00e9t\u00e9 des \u00e9piph\u00e9nom\u00e8nes de l\u2019Histoire sur le plan politique .<\/p>\n\n\n\n<p class=\"has-medium-font-size wp-block-paragraph\">Mais en prenant une dimension ethno religieuse , Isra\u00ebl a perdur\u00e9 a travers les si\u00e8cles \u2026.. N\u00e9anmoins, politiquement, il existe des divisions entre Juifs et une faiblesse face aux empires voisins, une incapacit\u00e9 a pr\u00e9server une autonomie . Ces deux royaumes ont disparu assez vite comme beaucoup d\u2019autres.<\/p>\n\n\n\n<p class=\"has-medium-font-size wp-block-paragraph\">Isra\u00ebl a donc surv\u00e9cu deux mill\u00e9naires dans une dimension ethno religieuse avant de redevenir un projet politique. Le premier projet politique \u00e9tait biblique , mais les Historiens s\u2019accordent sur les luttes entre s\u00e9mites et canan\u00e9ens , et le monoth\u00e9isme comme \u00e9l\u00e9ment d\u2019unification des tribus s\u00e9mites.<\/p>\n\n\n\n<p class=\"has-medium-font-size wp-block-paragraph\">Le second projet politique s\u2019inscrit aussi dans une lutte, mais pour la survie. Pers\u00e9cut\u00e9s pendant des centaines d\u2019ann\u00e9es en terres chr\u00e9tiennes, mais pas en Terre d\u2019Islam \u2026. Le sionisme a export\u00e9 le concept d\u2019Etat-Nation, inconnu en terre d\u2019Islam , pour justifier la r\u00e9surgence d\u2019Isra\u00ebl. En fait, le seul royaume ind\u00e9pendant non-musulman ayant exist\u00e9 sur cette terre, depuis la disparition des royaumes isra\u00e9lites, est le Royaume Chr\u00e9tien de J\u00e9rusalem.<\/p>\n\n\n\n<p class=\"has-medium-font-size wp-block-paragraph\">\u00ab <em>Bunker du peuple juif <\/em>\u00bb , \u00ab <em>seule d\u00e9mocratie du Proche-Orient <\/em>\u00bb , avant le 7 octobre 2023 , le narratif \u00e9tait clair. Avec Isra\u00ebl, il n\u2019y aurait pas eu de Shoah, malgr\u00e9 les voisins horribles. C&rsquo;est entendu, Isra\u00ebl est le rempart de l\u2019Occident.<\/p>\n\n\n\n<p class=\"has-medium-font-size wp-block-paragraph\">La plus grand coup que le Hamas a port\u00e9 \u00e0 Isra\u00ebl, le 7 octobre 2023, est la destruction de son mythe fondateur. Lors d\u2019une f\u00eate religieuse , beaucoup de soldats aux portes de gaza \u00e9taient absent, et, la surprise a \u00e9t\u00e9 suivie par l\u2019effroi. La strat\u00e9gie de diviser les palestiniens de Gaza de ceux de Cisjordanie a connu un horrible retour de b\u00e2ton. La question palestinienne semblait avoir \u00e9t\u00e9 oubli\u00e9 avec les Accords D\u2019Abraham .<\/p>\n\n\n\n<p class=\"has-medium-font-size wp-block-paragraph\">Il est peu de dire que le Hamas n\u2019\u00e9tait pas appr\u00e9ci\u00e9 par les pays signataires des ces accords, on peut donc s\u2019\u00e9tonner que ces derniers n\u2019aient pas \u00e9t\u00e9 consult\u00e9s pour mener une r\u00e9plique intelligente a l\u2019attaque du Shabbat Noir.<\/p>\n\n\n\n<p class=\"has-medium-font-size wp-block-paragraph\">Non, le gouvernement Isra\u00e9lien a pr\u00e9f\u00e9r\u00e9 un bellicisme exacerb\u00e9 et \u00e0 conflit contre Gaza, en a rajout\u00e9 six autres.<\/p>\n\n\n\n<p class=\"has-medium-font-size wp-block-paragraph\">Si Isra\u00ebl en tant que concept ethno religieux d\u00e9signe ceux qui suivent les enseignements de la Torah, il a, en 3000 ans eu beaucoup de mal \u00e0 avoir une existence sereine et durable politiquement .<\/p>\n\n\n\n<p class=\"has-medium-font-size wp-block-paragraph\">Et si Isra\u00ebl, concept ethno religieux, est porteur d\u2019un enseignement et d\u2019une tradition tr\u00e8s riche, elle est peu transmise et comprise. Tandis qu&rsquo;Isra\u00ebl concept politique de \u00ab de droit divin \u00bb, pour le premier royaume d\u2019Isra\u00ebl, mais aussi \u2026..au 20eme si\u00e8cle, s&rsquo;impose par le soutien sans faille occidental. Isra\u00ebl peut enfreindre toutes les r\u00e8gles du droit international, cela ne choque personne parmi les dirigeants occidentaux .<\/p>\n\n\n\n<p class=\"has-medium-font-size wp-block-paragraph\">R\u00e9pondre militairement au 7 octobre 2023 \u00e9tait imp\u00e9ratif, mais la compr\u00e9hension des \u00e9checs et un projet politique l\u2019\u00e9taient tout autant.<\/p>\n\n\n\n<p class=\"has-medium-font-size wp-block-paragraph\">Au fond, les Etats-Unis ont \u00e9t\u00e9 b\u00e2ti sur le g\u00e9nocide am\u00e9rindien, mais sont pr\u00e9sent\u00e9s en terre de libert\u00e9.<\/p>\n\n\n\n<p class=\"has-medium-font-size wp-block-paragraph\">Isra\u00ebl a \u00e9t\u00e9 b\u00e2ti sur un concept de l\u00e9gitimit\u00e9 divine, \u00ab u<em>n peuple sans terre pour une terre sans peuple <\/em>\u00bb , \u00ab l<em>e peuple de la lumi\u00e8re contre amalek<\/em>\u00bb , mais est pr\u00e9sent\u00e9 comme un exemple de moralit\u00e9.<\/p>\n\n\n\n<p class=\"has-medium-font-size wp-block-paragraph\">Le prochain grand challenge dans le Juda\u00efsme sera le celui entre le concept ethno- religieux et le concept politique ! Les am\u00e9rindiens avaient peu de chances de comprendre l\u2019esprit occidental. Ce n\u2019est pas le cas des Musulmans qui sont tr\u00e8s proches culturellement des juifs.<\/p>\n\n\n\n<p class=\"has-medium-font-size wp-block-paragraph\">Les chances de 10 millions d\u2019isra\u00e9liens (dont 20% non juifs) de maintenir un conflit perp\u00e9tuel contre 400 millions de musulmans sont tr\u00e8s r\u00e9duites.<\/p>\n\n\n\n<p class=\"has-medium-font-size wp-block-paragraph\">Et l&rsquo;image de r\u00e9silience, de performance et d\u2019\u00e9ducation dont disposait Isra\u00ebl avant le 7 octobre est r\u00e9duite a quasiment z\u00e9ro ! Isra\u00ebl a laiss\u00e9 ses actions bellicistes red\u00e9finir le mythe fondateur d\u00e9truit par le Hamas. C\u2019est un dommage pour des d\u00e9cennies. !<\/p>\n\n\n\n<p class=\"has-medium-font-size wp-block-paragraph\">L\u2019erreur d\u2019Isra\u00ebl, concept politique, est de croire que l&rsquo;on s\u2019installe sur une terre .. par le haut ! Non , on s\u2019y installe par le bas. Ce que les pionniers am\u00e9ricains ont fait !<\/p>","protected":false},"excerpt":{"rendered":"<p>Il convient de se rappeler que le Royaume unifi\u00e9 d\u2019Isra\u00ebl ne dure qu\u2019environ 100 ans, de 1020 avant JC a 930 avant&hellip;<\/p>","protected":false},"author":94,"featured_media":3329,"comment_status":"open","ping_status":"open","sticky":false,"template":"","format":"standard","meta":{"_lmt_disableupdate":"","_lmt_disable":"","footnotes":""},"categories":[4,3],"tags":[110],"class_list":["post-3328","post","type-post","status-publish","format-standard","has-post-thumbnail","hentry","category-mis-en-avant","category-politique","tag-israel-2"],"yoast_head":"<!-- This site is optimized with the Yoast SEO Premium plugin v28.1 (Yoast SEO v28.1) - https:\/\/yoast.com\/product\/yoast-seo-premium-wordpress\/ -->\n<title>La marque \u00ab Isra\u00ebl \u00bb depuis le 7 octobre 2023 | Geopolitics.fr<\/title>\n<meta name=\"description\" content=\"Que recouvre exactement la &quot;marque Isra\u00ebl&quot; ? Un combat dans le Juda\u00efsme entre le concept ethno-religieux et le concept politique\" \/>\n<meta name=\"robots\" content=\"index, follow, max-snippet:-1, max-image-preview:large, max-video-preview:-1\" \/>\n<link rel=\"canonical\" href=\"https:\/\/www.geopolitics.fr\/en\/2025\/01\/08\/la-marque-israel-depuis-le-7-octobre-2023\/\" \/>\n<meta property=\"og:locale\" content=\"en_GB\" \/>\n<meta property=\"og:type\" content=\"article\" \/>\n<meta property=\"og:title\" content=\"La marque \u00ab Isra\u00ebl \u00bb depuis le 7 octobre 2023\" \/>\n<meta property=\"og:description\" content=\"Que recouvre exactement la &quot;marque Isra\u00ebl&quot; ? Un combat dans le Juda\u00efsme entre le concept ethno-religieux et le concept politique\" \/>\n<meta property=\"og:url\" content=\"https:\/\/www.geopolitics.fr\/en\/2025\/01\/08\/la-marque-israel-depuis-le-7-octobre-2023\/\" \/>\n<meta property=\"og:site_name\" content=\"Geopolitics.fr\" \/>\n<meta property=\"article:publisher\" content=\"https:\/\/www.facebook.com\/people\/Erwan-Davoux\/61557098968092\/\" \/>\n<meta property=\"article:published_time\" content=\"2025-01-08T17:16:30+00:00\" \/>\n<meta property=\"article:modified_time\" content=\"2025-01-08T17:16:32+00:00\" \/>\n<meta property=\"og:image\" content=\"https:\/\/www.geopolitics.fr\/wp-content\/uploads\/2025\/01\/drapeai-isra.jpg\" \/>\n\t<meta property=\"og:image:width\" content=\"1920\" \/>\n\t<meta property=\"og:image:height\" content=\"1280\" \/>\n\t<meta property=\"og:image:type\" content=\"image\/jpeg\" \/>\n<meta name=\"author\" content=\"Michael J.P LAURENT\" \/>\n<meta name=\"twitter:card\" content=\"summary_large_image\" \/>\n<meta name=\"twitter:creator\" content=\"@Geopolitics_Fr\" \/>\n<meta name=\"twitter:site\" content=\"@Geopolitics_Fr\" \/>\n<meta name=\"twitter:label1\" content=\"Written by\" \/>\n\t<meta name=\"twitter:data1\" content=\"Michael J.P LAURENT\" \/>\n\t<meta name=\"twitter:label2\" content=\"Estimated reading time\" \/>\n\t<meta name=\"twitter:data2\" content=\"4 minutes\" \/>\n<script type=\"application\/ld+json\" class=\"yoast-schema-graph\">{\"@context\":\"https:\\\/\\\/schema.org\",\"@graph\":[{\"@type\":\"Article\",\"@id\":\"https:\\\/\\\/www.geopolitics.fr\\\/2025\\\/01\\\/08\\\/la-marque-israel-depuis-le-7-octobre-2023\\\/#article\",\"isPartOf\":{\"@id\":\"https:\\\/\\\/www.geopolitics.fr\\\/2025\\\/01\\\/08\\\/la-marque-israel-depuis-le-7-octobre-2023\\\/\"},\"author\":{\"name\":\"Michael J.P LAURENT\",\"@id\":\"https:\\\/\\\/www.geopolitics.fr\\\/#\\\/schema\\\/person\\\/d8e0bea226964ccf8305bce78df51680\"},\"headline\":\"La marque \u00ab Isra\u00ebl \u00bb depuis le 7 octobre 2023\",\"datePublished\":\"2025-01-08T17:16:30+00:00\",\"dateModified\":\"2025-01-08T17:16:32+00:00\",\"mainEntityOfPage\":{\"@id\":\"https:\\\/\\\/www.geopolitics.fr\\\/2025\\\/01\\\/08\\\/la-marque-israel-depuis-le-7-octobre-2023\\\/\"},\"wordCount\":833,\"commentCount\":0,\"publisher\":{\"@id\":\"https:\\\/\\\/www.geopolitics.fr\\\/#organization\"},\"image\":{\"@id\":\"https:\\\/\\\/www.geopolitics.fr\\\/2025\\\/01\\\/08\\\/la-marque-israel-depuis-le-7-octobre-2023\\\/#primaryimage\"},\"thumbnailUrl\":\"https:\\\/\\\/www.geopolitics.fr\\\/wp-content\\\/uploads\\\/2025\\\/01\\\/drapeai-isra.jpg\",\"keywords\":[\"ISRAEL\"],\"articleSection\":[\"Mis en AVANT\",\"Politique\"],\"inLanguage\":\"en-GB\"},{\"@type\":\"WebPage\",\"@id\":\"https:\\\/\\\/www.geopolitics.fr\\\/2025\\\/01\\\/08\\\/la-marque-israel-depuis-le-7-octobre-2023\\\/\",\"url\":\"https:\\\/\\\/www.geopolitics.fr\\\/2025\\\/01\\\/08\\\/la-marque-israel-depuis-le-7-octobre-2023\\\/\",\"name\":\"La marque \u00ab Isra\u00ebl \u00bb depuis le 7 octobre 2023 | Geopolitics.fr\",\"isPartOf\":{\"@id\":\"https:\\\/\\\/www.geopolitics.fr\\\/#website\"},\"primaryImageOfPage\":{\"@id\":\"https:\\\/\\\/www.geopolitics.fr\\\/2025\\\/01\\\/08\\\/la-marque-israel-depuis-le-7-octobre-2023\\\/#primaryimage\"},\"image\":{\"@id\":\"https:\\\/\\\/www.geopolitics.fr\\\/2025\\\/01\\\/08\\\/la-marque-israel-depuis-le-7-octobre-2023\\\/#primaryimage\"},\"thumbnailUrl\":\"https:\\\/\\\/www.geopolitics.fr\\\/wp-content\\\/uploads\\\/2025\\\/01\\\/drapeai-isra.jpg\",\"datePublished\":\"2025-01-08T17:16:30+00:00\",\"dateModified\":\"2025-01-08T17:16:32+00:00\",\"description\":\"Que recouvre exactement la \\\"marque Isra\u00ebl\\\" ? Un combat dans le Juda\u00efsme entre le concept ethno-religieux et le concept politique\",\"breadcrumb\":{\"@id\":\"https:\\\/\\\/www.geopolitics.fr\\\/2025\\\/01\\\/08\\\/la-marque-israel-depuis-le-7-octobre-2023\\\/#breadcrumb\"},\"inLanguage\":\"en-GB\",\"potentialAction\":[{\"@type\":\"ReadAction\",\"target\":[\"https:\\\/\\\/www.geopolitics.fr\\\/2025\\\/01\\\/08\\\/la-marque-israel-depuis-le-7-octobre-2023\\\/\"]}]},{\"@type\":\"ImageObject\",\"inLanguage\":\"en-GB\",\"@id\":\"https:\\\/\\\/www.geopolitics.fr\\\/2025\\\/01\\\/08\\\/la-marque-israel-depuis-le-7-octobre-2023\\\/#primaryimage\",\"url\":\"https:\\\/\\\/www.geopolitics.fr\\\/wp-content\\\/uploads\\\/2025\\\/01\\\/drapeai-isra.jpg\",\"contentUrl\":\"https:\\\/\\\/www.geopolitics.fr\\\/wp-content\\\/uploads\\\/2025\\\/01\\\/drapeai-isra.jpg\",\"width\":1920,\"height\":1280},{\"@type\":\"BreadcrumbList\",\"@id\":\"https:\\\/\\\/www.geopolitics.fr\\\/2025\\\/01\\\/08\\\/la-marque-israel-depuis-le-7-octobre-2023\\\/#breadcrumb\",\"itemListElement\":[{\"@type\":\"ListItem\",\"position\":1,\"name\":\"Accueil\",\"item\":\"https:\\\/\\\/www.geopolitics.fr\\\/\"},{\"@type\":\"ListItem\",\"position\":2,\"name\":\"La marque \u00ab Isra\u00ebl \u00bb depuis le 7 octobre 2023\"}]},{\"@type\":\"WebSite\",\"@id\":\"https:\\\/\\\/www.geopolitics.fr\\\/#website\",\"url\":\"https:\\\/\\\/www.geopolitics.fr\\\/\",\"name\":\"Geopolitics.fr\",\"description\":\"Geopolitics.fr Analyse politique, relations internationales, d\u00e9fense - ligne \u00e9ditoriale gaullo-chiraquienne\",\"publisher\":{\"@id\":\"https:\\\/\\\/www.geopolitics.fr\\\/#organization\"},\"potentialAction\":[{\"@type\":\"SearchAction\",\"target\":{\"@type\":\"EntryPoint\",\"urlTemplate\":\"https:\\\/\\\/www.geopolitics.fr\\\/?s={search_term_string}\"},\"query-input\":{\"@type\":\"PropertyValueSpecification\",\"valueRequired\":true,\"valueName\":\"search_term_string\"}}],\"inLanguage\":\"en-GB\"},{\"@type\":\"Organization\",\"@id\":\"https:\\\/\\\/www.geopolitics.fr\\\/#organization\",\"name\":\"Geopolitics.fr\",\"url\":\"https:\\\/\\\/www.geopolitics.fr\\\/\",\"logo\":{\"@type\":\"ImageObject\",\"inLanguage\":\"en-GB\",\"@id\":\"https:\\\/\\\/www.geopolitics.fr\\\/#\\\/schema\\\/logo\\\/image\\\/\",\"url\":\"https:\\\/\\\/www.geopolitics.fr\\\/wp-content\\\/uploads\\\/2024\\\/01\\\/logo.jpg\",\"contentUrl\":\"https:\\\/\\\/www.geopolitics.fr\\\/wp-content\\\/uploads\\\/2024\\\/01\\\/logo.jpg\",\"width\":500,\"height\":500,\"caption\":\"Geopolitics.fr\"},\"image\":{\"@id\":\"https:\\\/\\\/www.geopolitics.fr\\\/#\\\/schema\\\/logo\\\/image\\\/\"},\"sameAs\":[\"https:\\\/\\\/www.facebook.com\\\/people\\\/Erwan-Davoux\\\/61557098968092\\\/\",\"https:\\\/\\\/x.com\\\/Geopolitics_Fr\"]},{\"@type\":\"Person\",\"@id\":\"https:\\\/\\\/www.geopolitics.fr\\\/#\\\/schema\\\/person\\\/d8e0bea226964ccf8305bce78df51680\",\"name\":\"Michael J.P LAURENT\",\"image\":{\"@type\":\"ImageObject\",\"inLanguage\":\"en-GB\",\"@id\":\"https:\\\/\\\/www.geopolitics.fr\\\/wp-content\\\/uploads\\\/2024\\\/11\\\/cropped-jp-laurent-96x96.jpg\",\"url\":\"https:\\\/\\\/www.geopolitics.fr\\\/wp-content\\\/uploads\\\/2024\\\/11\\\/cropped-jp-laurent-96x96.jpg\",\"contentUrl\":\"https:\\\/\\\/www.geopolitics.fr\\\/wp-content\\\/uploads\\\/2024\\\/11\\\/cropped-jp-laurent-96x96.jpg\",\"caption\":\"Michael J.P LAURENT\"},\"url\":\"https:\\\/\\\/www.geopolitics.fr\\\/en\\\/author\\\/jpl\\\/\"}]}<\/script>\n<!-- \/ Yoast SEO Premium plugin. -->","yoast_head_json":{"title":"La marque \u00ab Isra\u00ebl \u00bb depuis le 7 octobre 2023 | Geopolitics.fr","description":"Que recouvre exactement la \"marque Isra\u00ebl\" ? Un combat dans le Juda\u00efsme entre le concept ethno-religieux et le concept politique","robots":{"index":"index","follow":"follow","max-snippet":"max-snippet:-1","max-image-preview":"max-image-preview:large","max-video-preview":"max-video-preview:-1"},"canonical":"https:\/\/www.geopolitics.fr\/en\/2025\/01\/08\/la-marque-israel-depuis-le-7-octobre-2023\/","og_locale":"en_GB","og_type":"article","og_title":"La marque \u00ab Isra\u00ebl \u00bb depuis le 7 octobre 2023","og_description":"Que recouvre exactement la \"marque Isra\u00ebl\" ? Un combat dans le Juda\u00efsme entre le concept ethno-religieux et le concept politique","og_url":"https:\/\/www.geopolitics.fr\/en\/2025\/01\/08\/la-marque-israel-depuis-le-7-octobre-2023\/","og_site_name":"Geopolitics.fr","article_publisher":"https:\/\/www.facebook.com\/people\/Erwan-Davoux\/61557098968092\/","article_published_time":"2025-01-08T17:16:30+00:00","article_modified_time":"2025-01-08T17:16:32+00:00","og_image":[{"width":1920,"height":1280,"url":"https:\/\/www.geopolitics.fr\/wp-content\/uploads\/2025\/01\/drapeai-isra.jpg","type":"image\/jpeg"}],"author":"Michael J.P LAURENT","twitter_card":"summary_large_image","twitter_creator":"@Geopolitics_Fr","twitter_site":"@Geopolitics_Fr","twitter_misc":{"Written by":"Michael J.P LAURENT","Estimated reading time":"4 minutes"},"schema":{"@context":"https:\/\/schema.org","@graph":[{"@type":"Article","@id":"https:\/\/www.geopolitics.fr\/2025\/01\/08\/la-marque-israel-depuis-le-7-octobre-2023\/#article","isPartOf":{"@id":"https:\/\/www.geopolitics.fr\/2025\/01\/08\/la-marque-israel-depuis-le-7-octobre-2023\/"},"author":{"name":"Michael J.P LAURENT","@id":"https:\/\/www.geopolitics.fr\/#\/schema\/person\/d8e0bea226964ccf8305bce78df51680"},"headline":"La marque \u00ab Isra\u00ebl \u00bb depuis le 7 octobre 2023","datePublished":"2025-01-08T17:16:30+00:00","dateModified":"2025-01-08T17:16:32+00:00","mainEntityOfPage":{"@id":"https:\/\/www.geopolitics.fr\/2025\/01\/08\/la-marque-israel-depuis-le-7-octobre-2023\/"},"wordCount":833,"commentCount":0,"publisher":{"@id":"https:\/\/www.geopolitics.fr\/#organization"},"image":{"@id":"https:\/\/www.geopolitics.fr\/2025\/01\/08\/la-marque-israel-depuis-le-7-octobre-2023\/#primaryimage"},"thumbnailUrl":"https:\/\/www.geopolitics.fr\/wp-content\/uploads\/2025\/01\/drapeai-isra.jpg","keywords":["ISRAEL"],"articleSection":["Mis en AVANT","Politique"],"inLanguage":"en-GB"},{"@type":"WebPage","@id":"https:\/\/www.geopolitics.fr\/2025\/01\/08\/la-marque-israel-depuis-le-7-octobre-2023\/","url":"https:\/\/www.geopolitics.fr\/2025\/01\/08\/la-marque-israel-depuis-le-7-octobre-2023\/","name":"La marque \u00ab Isra\u00ebl \u00bb depuis le 7 octobre 2023 | Geopolitics.fr","isPartOf":{"@id":"https:\/\/www.geopolitics.fr\/#website"},"primaryImageOfPage":{"@id":"https:\/\/www.geopolitics.fr\/2025\/01\/08\/la-marque-israel-depuis-le-7-octobre-2023\/#primaryimage"},"image":{"@id":"https:\/\/www.geopolitics.fr\/2025\/01\/08\/la-marque-israel-depuis-le-7-octobre-2023\/#primaryimage"},"thumbnailUrl":"https:\/\/www.geopolitics.fr\/wp-content\/uploads\/2025\/01\/drapeai-isra.jpg","datePublished":"2025-01-08T17:16:30+00:00","dateModified":"2025-01-08T17:16:32+00:00","description":"Que recouvre exactement la \"marque Isra\u00ebl\" ? Un combat dans le Juda\u00efsme entre le concept ethno-religieux et le concept politique","breadcrumb":{"@id":"https:\/\/www.geopolitics.fr\/2025\/01\/08\/la-marque-israel-depuis-le-7-octobre-2023\/#breadcrumb"},"inLanguage":"en-GB","potentialAction":[{"@type":"ReadAction","target":["https:\/\/www.geopolitics.fr\/2025\/01\/08\/la-marque-israel-depuis-le-7-octobre-2023\/"]}]},{"@type":"ImageObject","inLanguage":"en-GB","@id":"https:\/\/www.geopolitics.fr\/2025\/01\/08\/la-marque-israel-depuis-le-7-octobre-2023\/#primaryimage","url":"https:\/\/www.geopolitics.fr\/wp-content\/uploads\/2025\/01\/drapeai-isra.jpg","contentUrl":"https:\/\/www.geopolitics.fr\/wp-content\/uploads\/2025\/01\/drapeai-isra.jpg","width":1920,"height":1280},{"@type":"BreadcrumbList","@id":"https:\/\/www.geopolitics.fr\/2025\/01\/08\/la-marque-israel-depuis-le-7-octobre-2023\/#breadcrumb","itemListElement":[{"@type":"ListItem","position":1,"name":"Accueil","item":"https:\/\/www.geopolitics.fr\/"},{"@type":"ListItem","position":2,"name":"La marque \u00ab Isra\u00ebl \u00bb depuis le 7 octobre 2023"}]},{"@type":"WebSite","@id":"https:\/\/www.geopolitics.fr\/#website","url":"https:\/\/www.geopolitics.fr\/","name":"Geopolitics.fr","description":"Geopolitics.fr Analyse politique, relations internationales, d\u00e9fense - ligne \u00e9ditoriale gaullo-chiraquienne","publisher":{"@id":"https:\/\/www.geopolitics.fr\/#organization"},"potentialAction":[{"@type":"SearchAction","target":{"@type":"EntryPoint","urlTemplate":"https:\/\/www.geopolitics.fr\/?s={search_term_string}"},"query-input":{"@type":"PropertyValueSpecification","valueRequired":true,"valueName":"search_term_string"}}],"inLanguage":"en-GB"},{"@type":"Organization","@id":"https:\/\/www.geopolitics.fr\/#organization","name":"Geopolitics.fr","url":"https:\/\/www.geopolitics.fr\/","logo":{"@type":"ImageObject","inLanguage":"en-GB","@id":"https:\/\/www.geopolitics.fr\/#\/schema\/logo\/image\/","url":"https:\/\/www.geopolitics.fr\/wp-content\/uploads\/2024\/01\/logo.jpg","contentUrl":"https:\/\/www.geopolitics.fr\/wp-content\/uploads\/2024\/01\/logo.jpg","width":500,"height":500,"caption":"Geopolitics.fr"},"image":{"@id":"https:\/\/www.geopolitics.fr\/#\/schema\/logo\/image\/"},"sameAs":["https:\/\/www.facebook.com\/people\/Erwan-Davoux\/61557098968092\/","https:\/\/x.com\/Geopolitics_Fr"]},{"@type":"Person","@id":"https:\/\/www.geopolitics.fr\/#\/schema\/person\/d8e0bea226964ccf8305bce78df51680","name":"Michael J.P LAURENT","image":{"@type":"ImageObject","inLanguage":"en-GB","@id":"https:\/\/www.geopolitics.fr\/wp-content\/uploads\/2024\/11\/cropped-jp-laurent-96x96.jpg","url":"https:\/\/www.geopolitics.fr\/wp-content\/uploads\/2024\/11\/cropped-jp-laurent-96x96.jpg","contentUrl":"https:\/\/www.geopolitics.fr\/wp-content\/uploads\/2024\/11\/cropped-jp-laurent-96x96.jpg","caption":"Michael J.P LAURENT"},"url":"https:\/\/www.geopolitics.fr\/en\/author\/jpl\/"}]}},"_links":{"self":[{"href":"https:\/\/www.geopolitics.fr\/en\/wp-json\/wp\/v2\/posts\/3328","targetHints":{"allow":["GET"]}}],"collection":[{"href":"https:\/\/www.geopolitics.fr\/en\/wp-json\/wp\/v2\/posts"}],"about":[{"href":"https:\/\/www.geopolitics.fr\/en\/wp-json\/wp\/v2\/types\/post"}],"author":[{"embeddable":true,"href":"https:\/\/www.geopolitics.fr\/en\/wp-json\/wp\/v2\/users\/94"}],"replies":[{"embeddable":true,"href":"https:\/\/www.geopolitics.fr\/en\/wp-json\/wp\/v2\/comments?post=3328"}],"version-history":[{"count":0,"href":"https:\/\/www.geopolitics.fr\/en\/wp-json\/wp\/v2\/posts\/3328\/revisions"}],"wp:featuredmedia":[{"embeddable":true,"href":"https:\/\/www.geopolitics.fr\/en\/wp-json\/wp\/v2\/media\/3329"}],"wp:attachment":[{"href":"https:\/\/www.geopolitics.fr\/en\/wp-json\/wp\/v2\/media?parent=3328"}],"wp:term":[{"taxonomy":"category","embeddable":true,"href":"https:\/\/www.geopolitics.fr\/en\/wp-json\/wp\/v2\/categories?post=3328"},{"taxonomy":"post_tag","embeddable":true,"href":"https:\/\/www.geopolitics.fr\/en\/wp-json\/wp\/v2\/tags?post=3328"}],"curies":[{"name":"wp","href":"https:\/\/api.w.org\/{rel}","templated":true}]}}