{"id":3324,"date":"2025-01-08T14:21:44","date_gmt":"2025-01-08T13:21:44","guid":{"rendered":"https:\/\/www.geopolitics.fr\/?p=3324"},"modified":"2025-01-08T14:23:45","modified_gmt":"2025-01-08T13:23:45","slug":"brics-la-presidence-actuelle-bresilienne-annonce-lentree-de-lindonesie-dans-le-groupe-economique-et-politique","status":"publish","type":"post","link":"https:\/\/www.geopolitics.fr\/en\/2025\/01\/08\/brics-la-presidence-actuelle-bresilienne-annonce-lentree-de-lindonesie-dans-le-groupe-economique-et-politique\/","title":{"rendered":"BRICS\u00a0: la pr\u00e9sidence actuelle br\u00e9silienne annonce l\u2019entr\u00e9e de l\u2019Indon\u00e9sie dans le groupe \u00e9conomique\u2026 et politique\u00a0!"},"content":{"rendered":"<p class=\"has-medium-font-size wp-block-paragraph\"><em>Le Br\u00e9sil, qui vient de prendre la pr\u00e9sidence tournante des BRICS, a annonc\u00e9 ce lundi que l\u2019Indon\u00e9sie \u00e9tait devenue membre \u00e0 part enti\u00e8re du bloc des \u00e9conomies \u00e9mergentes, dont la Chine, l\u2019Inde et la Russie font \u00e9galement partie.<\/em><\/p>\n\n\n\n<p class=\"has-medium-font-size wp-block-paragraph\">Le pays le plus peupl\u00e9 du sud-est asiatique \u00ab <em>partage avec les autres membres la volont\u00e9 d\u2019une r\u00e9forme des institutions de la gouvernance mondiale et contribue de fa\u00e7on positive \u00e0 la coop\u00e9ration au sein du Sud global <\/em>\u00bb, a ainsi pr\u00e9cis\u00e9 le minist\u00e8re br\u00e9silien des Affaires \u00e9trang\u00e8res.<\/p>\n\n\n\n<p class=\"has-medium-font-size wp-block-paragraph\">La candidature de l\u2019Indon\u00e9sie avait \u00e9t\u00e9 approuv\u00e9e lors d\u2019un sommet des BRICS en 2023, \u00e0 Johannesburg en Afrique du Sud.&nbsp;<\/p>\n\n\n\n<p class=\"has-medium-font-size wp-block-paragraph\">Cr\u00e9\u00e9 en 2009, ce bloc est de plus en plus consid\u00e9r\u00e9 comme un contrepoids \u00e9conomique mais aussi politique, \u00e0 l\u2019Occident.<\/p>\n\n\n\n<p class=\"has-medium-font-size wp-block-paragraph\">L\u2019Afrique du Sud l\u2019a rejoint l\u2019ann\u00e9e suivante, suivie plus r\u00e9cemment de pays comme l\u2019Iran, l\u2019\u00c9gypte, l\u2019\u00c9thiopie ou les \u00c9mirats arabes unis l\u2019an pass\u00e9.<\/p>\n\n\n\n<p class=\"has-medium-font-size wp-block-paragraph\">La coop\u00e9ration entre pays du \u00ab Sud global \u00bb et la r\u00e9forme des institutions multilat\u00e9rales font partie des priorit\u00e9s affich\u00e9es de la pr\u00e9sidence br\u00e9silienne des BRICS, qui a d\u00e9but\u00e9 officiellement ce 1er janvier.<\/p>\n\n\n\n<p class=\"has-medium-font-size wp-block-paragraph\">L\u2019un des objectifs, selon le gouvernement du pr\u00e9sident de gauche Luiz Inacio Lula da Silva, est le \u00ab <em>d\u00e9veloppement de moyens de paiement<\/em> \u00bb afin de faciliter les \u00e9changes commerciaux entre pays membres.<\/p>\n\n\n\n<p class=\"has-medium-font-size wp-block-paragraph\">Lors du dernier sommet des BRICS en novembre \u00e0 Kazan (Russie), les pays du bloc ont \u00e9voqu\u00e9 la possibilit\u00e9 de se passer du dollar am\u00e9ricain comme devise de r\u00e9f\u00e9rence pour ces \u00e9changes.&nbsp;<\/p>\n\n\n\n<p class=\"has-medium-font-size wp-block-paragraph\">Dans la foul\u00e9e, le pr\u00e9sident nouvellement \u00e9lu des \u00c9tats-Unis Donald Trump, a menac\u00e9 les pays du groupe de \u00ab <em>tarifs douaniers de 100 %<\/em> \u00bb s\u2019ils cr\u00e9aient \u00ab <em>une nouvelle monnaie des BRICS<\/em> \u00bb pour remplacer le dollar.&nbsp;<\/p>\n\n\n\n<p class=\"has-medium-font-size wp-block-paragraph\">Le sommet des BRICS se d\u00e9roulera en juillet cette ann\u00e9e, &nbsp;\u00e0 Rio de Janeiro.&nbsp;<\/p>\n\n\n\n<figure class=\"wp-block-image size-large\"><img fetchpriority=\"high\" decoding=\"async\" width=\"1024\" height=\"611\" src=\"https:\/\/www.geopolitics.fr\/wp-content\/uploads\/2025\/01\/Cartes-membres-BRICS-1024x611.jpg\" alt=\"\" class=\"wp-image-3326\" srcset=\"https:\/\/www.geopolitics.fr\/wp-content\/uploads\/2025\/01\/Cartes-membres-BRICS-1024x611.jpg 1024w, https:\/\/www.geopolitics.fr\/wp-content\/uploads\/2025\/01\/Cartes-membres-BRICS-300x179.jpg 300w, https:\/\/www.geopolitics.fr\/wp-content\/uploads\/2025\/01\/Cartes-membres-BRICS-768x458.jpg 768w, https:\/\/www.geopolitics.fr\/wp-content\/uploads\/2025\/01\/Cartes-membres-BRICS-1536x916.jpg 1536w, https:\/\/www.geopolitics.fr\/wp-content\/uploads\/2025\/01\/Cartes-membres-BRICS-1170x698.jpg 1170w, https:\/\/www.geopolitics.fr\/wp-content\/uploads\/2025\/01\/Cartes-membres-BRICS-585x349.jpg 585w, https:\/\/www.geopolitics.fr\/wp-content\/uploads\/2025\/01\/Cartes-membres-BRICS-600x358.jpg 600w, https:\/\/www.geopolitics.fr\/wp-content\/uploads\/2025\/01\/Cartes-membres-BRICS.jpg 1566w\" sizes=\"(max-width: 1024px) 100vw, 1024px\" \/><\/figure>","protected":false},"excerpt":{"rendered":"<p>Le Br\u00e9sil, qui vient de prendre la pr\u00e9sidence tournante des BRICS, a annonc\u00e9 ce lundi que l\u2019Indon\u00e9sie \u00e9tait devenue membre \u00e0 part&hellip;<\/p>","protected":false},"author":93,"featured_media":3325,"comment_status":"open","ping_status":"open","sticky":false,"template":"","format":"standard","meta":{"_lmt_disableupdate":"","_lmt_disable":"","footnotes":""},"categories":[5,4],"tags":[437,318,436],"class_list":["post-3324","post","type-post","status-publish","format-standard","has-post-thumbnail","hentry","category-international","category-mis-en-avant","tag-bresil","tag-brics","tag-indonesie"],"yoast_head":"<!-- This site is optimized with the Yoast SEO Premium plugin v28.1 (Yoast SEO v28.1) - https:\/\/yoast.com\/product\/yoast-seo-premium-wordpress\/ -->\n<title>BRICS\u00a0: la pr\u00e9sidence actuelle br\u00e9silienne annonce l\u2019entr\u00e9e de l\u2019Indon\u00e9sie dans le groupe \u00e9conomique\u2026 et politique\u00a0! | Geopolitics.fr<\/title>\n<meta name=\"description\" content=\"Le Br\u00e9sil qui a pris la pr\u00e9sidence tournante des BRICS annonce l&#039;entr\u00e9e de plein pied de l&#039;Indon\u00e9sie dans ce club\" \/>\n<meta name=\"robots\" content=\"index, follow, max-snippet:-1, max-image-preview:large, max-video-preview:-1\" \/>\n<link rel=\"canonical\" href=\"https:\/\/www.geopolitics.fr\/en\/2025\/01\/08\/brics-la-presidence-actuelle-bresilienne-annonce-lentree-de-lindonesie-dans-le-groupe-economique-et-politique\/\" \/>\n<meta property=\"og:locale\" content=\"en_GB\" \/>\n<meta property=\"og:type\" content=\"article\" \/>\n<meta property=\"og:title\" content=\"BRICS\u00a0: la pr\u00e9sidence actuelle br\u00e9silienne annonce l\u2019entr\u00e9e de l\u2019Indon\u00e9sie dans le groupe \u00e9conomique\u2026 et politique\u00a0!\" \/>\n<meta property=\"og:description\" content=\"Le Br\u00e9sil qui a pris la pr\u00e9sidence tournante des BRICS annonce l&#039;entr\u00e9e de plein pied de l&#039;Indon\u00e9sie dans ce club\" \/>\n<meta property=\"og:url\" content=\"https:\/\/www.geopolitics.fr\/en\/2025\/01\/08\/brics-la-presidence-actuelle-bresilienne-annonce-lentree-de-lindonesie-dans-le-groupe-economique-et-politique\/\" \/>\n<meta property=\"og:site_name\" content=\"Geopolitics.fr\" \/>\n<meta property=\"article:publisher\" content=\"https:\/\/www.facebook.com\/people\/Erwan-Davoux\/61557098968092\/\" \/>\n<meta property=\"article:author\" content=\"https:\/\/www.facebook.com\/odelagarde\" \/>\n<meta property=\"article:published_time\" content=\"2025-01-08T13:21:44+00:00\" \/>\n<meta property=\"article:modified_time\" content=\"2025-01-08T13:23:45+00:00\" \/>\n<meta property=\"og:image\" content=\"https:\/\/www.geopolitics.fr\/wp-content\/uploads\/2025\/01\/lula.jpg\" \/>\n\t<meta property=\"og:image:width\" content=\"768\" \/>\n\t<meta property=\"og:image:height\" content=\"432\" \/>\n\t<meta property=\"og:image:type\" content=\"image\/jpeg\" \/>\n<meta name=\"author\" content=\"Olivier DELAGARDE\" \/>\n<meta name=\"twitter:card\" content=\"summary_large_image\" \/>\n<meta name=\"twitter:creator\" content=\"@Geopolitics_Fr\" \/>\n<meta name=\"twitter:site\" content=\"@Geopolitics_Fr\" \/>\n<meta name=\"twitter:label1\" content=\"Written by\" \/>\n\t<meta name=\"twitter:data1\" content=\"Olivier DELAGARDE\" \/>\n\t<meta name=\"twitter:label2\" content=\"Estimated reading time\" \/>\n\t<meta name=\"twitter:data2\" content=\"2 minutes\" \/>\n<script type=\"application\/ld+json\" class=\"yoast-schema-graph\">{\"@context\":\"https:\\\/\\\/schema.org\",\"@graph\":[{\"@type\":\"Article\",\"@id\":\"https:\\\/\\\/www.geopolitics.fr\\\/2025\\\/01\\\/08\\\/brics-la-presidence-actuelle-bresilienne-annonce-lentree-de-lindonesie-dans-le-groupe-economique-et-politique\\\/#article\",\"isPartOf\":{\"@id\":\"https:\\\/\\\/www.geopolitics.fr\\\/2025\\\/01\\\/08\\\/brics-la-presidence-actuelle-bresilienne-annonce-lentree-de-lindonesie-dans-le-groupe-economique-et-politique\\\/\"},\"author\":{\"name\":\"Olivier DELAGARDE\",\"@id\":\"https:\\\/\\\/www.geopolitics.fr\\\/#\\\/schema\\\/person\\\/9b98d78234af63d6ad71199d66115350\"},\"headline\":\"BRICS\u00a0: la pr\u00e9sidence actuelle br\u00e9silienne annonce l\u2019entr\u00e9e de l\u2019Indon\u00e9sie dans le groupe \u00e9conomique\u2026 et politique\u00a0!\",\"datePublished\":\"2025-01-08T13:21:44+00:00\",\"dateModified\":\"2025-01-08T13:23:45+00:00\",\"mainEntityOfPage\":{\"@id\":\"https:\\\/\\\/www.geopolitics.fr\\\/2025\\\/01\\\/08\\\/brics-la-presidence-actuelle-bresilienne-annonce-lentree-de-lindonesie-dans-le-groupe-economique-et-politique\\\/\"},\"wordCount\":353,\"commentCount\":0,\"publisher\":{\"@id\":\"https:\\\/\\\/www.geopolitics.fr\\\/#organization\"},\"image\":{\"@id\":\"https:\\\/\\\/www.geopolitics.fr\\\/2025\\\/01\\\/08\\\/brics-la-presidence-actuelle-bresilienne-annonce-lentree-de-lindonesie-dans-le-groupe-economique-et-politique\\\/#primaryimage\"},\"thumbnailUrl\":\"https:\\\/\\\/www.geopolitics.fr\\\/wp-content\\\/uploads\\\/2025\\\/01\\\/lula.jpg\",\"keywords\":[\"BRESIL\",\"BRICS\",\"INDONESIE\"],\"articleSection\":[\"International\",\"Mis en AVANT\"],\"inLanguage\":\"en-GB\"},{\"@type\":\"WebPage\",\"@id\":\"https:\\\/\\\/www.geopolitics.fr\\\/2025\\\/01\\\/08\\\/brics-la-presidence-actuelle-bresilienne-annonce-lentree-de-lindonesie-dans-le-groupe-economique-et-politique\\\/\",\"url\":\"https:\\\/\\\/www.geopolitics.fr\\\/2025\\\/01\\\/08\\\/brics-la-presidence-actuelle-bresilienne-annonce-lentree-de-lindonesie-dans-le-groupe-economique-et-politique\\\/\",\"name\":\"BRICS\u00a0: la pr\u00e9sidence actuelle br\u00e9silienne annonce l\u2019entr\u00e9e de l\u2019Indon\u00e9sie dans le groupe \u00e9conomique\u2026 et politique\u00a0! | Geopolitics.fr\",\"isPartOf\":{\"@id\":\"https:\\\/\\\/www.geopolitics.fr\\\/#website\"},\"primaryImageOfPage\":{\"@id\":\"https:\\\/\\\/www.geopolitics.fr\\\/2025\\\/01\\\/08\\\/brics-la-presidence-actuelle-bresilienne-annonce-lentree-de-lindonesie-dans-le-groupe-economique-et-politique\\\/#primaryimage\"},\"image\":{\"@id\":\"https:\\\/\\\/www.geopolitics.fr\\\/2025\\\/01\\\/08\\\/brics-la-presidence-actuelle-bresilienne-annonce-lentree-de-lindonesie-dans-le-groupe-economique-et-politique\\\/#primaryimage\"},\"thumbnailUrl\":\"https:\\\/\\\/www.geopolitics.fr\\\/wp-content\\\/uploads\\\/2025\\\/01\\\/lula.jpg\",\"datePublished\":\"2025-01-08T13:21:44+00:00\",\"dateModified\":\"2025-01-08T13:23:45+00:00\",\"description\":\"Le Br\u00e9sil qui a pris la pr\u00e9sidence tournante des BRICS annonce l'entr\u00e9e de plein pied de l'Indon\u00e9sie dans ce club\",\"breadcrumb\":{\"@id\":\"https:\\\/\\\/www.geopolitics.fr\\\/2025\\\/01\\\/08\\\/brics-la-presidence-actuelle-bresilienne-annonce-lentree-de-lindonesie-dans-le-groupe-economique-et-politique\\\/#breadcrumb\"},\"inLanguage\":\"en-GB\",\"potentialAction\":[{\"@type\":\"ReadAction\",\"target\":[\"https:\\\/\\\/www.geopolitics.fr\\\/2025\\\/01\\\/08\\\/brics-la-presidence-actuelle-bresilienne-annonce-lentree-de-lindonesie-dans-le-groupe-economique-et-politique\\\/\"]}]},{\"@type\":\"ImageObject\",\"inLanguage\":\"en-GB\",\"@id\":\"https:\\\/\\\/www.geopolitics.fr\\\/2025\\\/01\\\/08\\\/brics-la-presidence-actuelle-bresilienne-annonce-lentree-de-lindonesie-dans-le-groupe-economique-et-politique\\\/#primaryimage\",\"url\":\"https:\\\/\\\/www.geopolitics.fr\\\/wp-content\\\/uploads\\\/2025\\\/01\\\/lula.jpg\",\"contentUrl\":\"https:\\\/\\\/www.geopolitics.fr\\\/wp-content\\\/uploads\\\/2025\\\/01\\\/lula.jpg\",\"width\":768,\"height\":432},{\"@type\":\"BreadcrumbList\",\"@id\":\"https:\\\/\\\/www.geopolitics.fr\\\/2025\\\/01\\\/08\\\/brics-la-presidence-actuelle-bresilienne-annonce-lentree-de-lindonesie-dans-le-groupe-economique-et-politique\\\/#breadcrumb\",\"itemListElement\":[{\"@type\":\"ListItem\",\"position\":1,\"name\":\"Accueil\",\"item\":\"https:\\\/\\\/www.geopolitics.fr\\\/\"},{\"@type\":\"ListItem\",\"position\":2,\"name\":\"BRICS\u00a0: la pr\u00e9sidence actuelle br\u00e9silienne annonce l\u2019entr\u00e9e de l\u2019Indon\u00e9sie dans le groupe \u00e9conomique\u2026 et politique\u00a0!\"}]},{\"@type\":\"WebSite\",\"@id\":\"https:\\\/\\\/www.geopolitics.fr\\\/#website\",\"url\":\"https:\\\/\\\/www.geopolitics.fr\\\/\",\"name\":\"Geopolitics.fr\",\"description\":\"Geopolitics.fr Analyse politique, relations internationales, d\u00e9fense - ligne \u00e9ditoriale gaullo-chiraquienne\",\"publisher\":{\"@id\":\"https:\\\/\\\/www.geopolitics.fr\\\/#organization\"},\"potentialAction\":[{\"@type\":\"SearchAction\",\"target\":{\"@type\":\"EntryPoint\",\"urlTemplate\":\"https:\\\/\\\/www.geopolitics.fr\\\/?s={search_term_string}\"},\"query-input\":{\"@type\":\"PropertyValueSpecification\",\"valueRequired\":true,\"valueName\":\"search_term_string\"}}],\"inLanguage\":\"en-GB\"},{\"@type\":\"Organization\",\"@id\":\"https:\\\/\\\/www.geopolitics.fr\\\/#organization\",\"name\":\"Geopolitics.fr\",\"url\":\"https:\\\/\\\/www.geopolitics.fr\\\/\",\"logo\":{\"@type\":\"ImageObject\",\"inLanguage\":\"en-GB\",\"@id\":\"https:\\\/\\\/www.geopolitics.fr\\\/#\\\/schema\\\/logo\\\/image\\\/\",\"url\":\"https:\\\/\\\/www.geopolitics.fr\\\/wp-content\\\/uploads\\\/2024\\\/01\\\/logo.jpg\",\"contentUrl\":\"https:\\\/\\\/www.geopolitics.fr\\\/wp-content\\\/uploads\\\/2024\\\/01\\\/logo.jpg\",\"width\":500,\"height\":500,\"caption\":\"Geopolitics.fr\"},\"image\":{\"@id\":\"https:\\\/\\\/www.geopolitics.fr\\\/#\\\/schema\\\/logo\\\/image\\\/\"},\"sameAs\":[\"https:\\\/\\\/www.facebook.com\\\/people\\\/Erwan-Davoux\\\/61557098968092\\\/\",\"https:\\\/\\\/x.com\\\/Geopolitics_Fr\"]},{\"@type\":\"Person\",\"@id\":\"https:\\\/\\\/www.geopolitics.fr\\\/#\\\/schema\\\/person\\\/9b98d78234af63d6ad71199d66115350\",\"name\":\"Olivier DELAGARDE\",\"image\":{\"@type\":\"ImageObject\",\"inLanguage\":\"en-GB\",\"@id\":\"https:\\\/\\\/secure.gravatar.com\\\/avatar\\\/2c50afbd303b51697d9591857ee182bf3ead572fa530da00bb0278cf506c3a97?s=96&d=mm&r=g\",\"url\":\"https:\\\/\\\/secure.gravatar.com\\\/avatar\\\/2c50afbd303b51697d9591857ee182bf3ead572fa530da00bb0278cf506c3a97?s=96&d=mm&r=g\",\"contentUrl\":\"https:\\\/\\\/secure.gravatar.com\\\/avatar\\\/2c50afbd303b51697d9591857ee182bf3ead572fa530da00bb0278cf506c3a97?s=96&d=mm&r=g\",\"caption\":\"Olivier DELAGARDE\"},\"description\":\"Journaliste depuis plus de 20 ans, accr\u00e9dit\u00e9 aupr\u00e8s de l'Organisation des Nations Unies, de la Ligue des Etats Arabes, titulaire de la Carte d'Identit\u00e9 des Journalistes Professionnels en France et de la F\u00e9d\u00e9ration Internationale des Journalistes, Olivier a occup\u00e9 le poste de Grand reporter correspondant permanent en \u00c9gypte pour des m\u00e9dias de renomm\u00e9e mondiale tels que TV5 MONDE, le GROUPE M6, le GROUPE TF1 ou encore l\u2019AFP. Durant plus de dix ann\u00e9es, il a produit de nombreux reportages sur la politique internationale en Afrique de l'Est, tout en couvrant les principaux conflits au Proche et Moyen-Orient. En tant que Chef de bureau Proche-Orient pour TV5 MONDE, il \u00e9tait responsable de la production de reportages, des relations institutionnelles et de la repr\u00e9sentation de la cha\u00eene, tout en \u00e9crivant pour plusieurs m\u00e9dias europ\u00e9ens et internationaux.\",\"sameAs\":[\"https:\\\/\\\/www.facebook.com\\\/odelagarde\",\"https:\\\/\\\/www.linkedin.com\\\/in\\\/olivier-delagarde-816b17270\\\/\"],\"url\":\"https:\\\/\\\/www.geopolitics.fr\\\/en\\\/author\\\/odelagarde\\\/\"}]}<\/script>\n<!-- \/ Yoast SEO Premium plugin. -->","yoast_head_json":{"title":"BRICS\u00a0: la pr\u00e9sidence actuelle br\u00e9silienne annonce l\u2019entr\u00e9e de l\u2019Indon\u00e9sie dans le groupe \u00e9conomique\u2026 et politique\u00a0! | Geopolitics.fr","description":"Le Br\u00e9sil qui a pris la pr\u00e9sidence tournante des BRICS annonce l'entr\u00e9e de plein pied de l'Indon\u00e9sie dans ce club","robots":{"index":"index","follow":"follow","max-snippet":"max-snippet:-1","max-image-preview":"max-image-preview:large","max-video-preview":"max-video-preview:-1"},"canonical":"https:\/\/www.geopolitics.fr\/en\/2025\/01\/08\/brics-la-presidence-actuelle-bresilienne-annonce-lentree-de-lindonesie-dans-le-groupe-economique-et-politique\/","og_locale":"en_GB","og_type":"article","og_title":"BRICS\u00a0: la pr\u00e9sidence actuelle br\u00e9silienne annonce l\u2019entr\u00e9e de l\u2019Indon\u00e9sie dans le groupe \u00e9conomique\u2026 et politique\u00a0!","og_description":"Le Br\u00e9sil qui a pris la pr\u00e9sidence tournante des BRICS annonce l'entr\u00e9e de plein pied de l'Indon\u00e9sie dans ce club","og_url":"https:\/\/www.geopolitics.fr\/en\/2025\/01\/08\/brics-la-presidence-actuelle-bresilienne-annonce-lentree-de-lindonesie-dans-le-groupe-economique-et-politique\/","og_site_name":"Geopolitics.fr","article_publisher":"https:\/\/www.facebook.com\/people\/Erwan-Davoux\/61557098968092\/","article_author":"https:\/\/www.facebook.com\/odelagarde","article_published_time":"2025-01-08T13:21:44+00:00","article_modified_time":"2025-01-08T13:23:45+00:00","og_image":[{"width":768,"height":432,"url":"https:\/\/www.geopolitics.fr\/wp-content\/uploads\/2025\/01\/lula.jpg","type":"image\/jpeg"}],"author":"Olivier DELAGARDE","twitter_card":"summary_large_image","twitter_creator":"@Geopolitics_Fr","twitter_site":"@Geopolitics_Fr","twitter_misc":{"Written by":"Olivier DELAGARDE","Estimated reading time":"2 minutes"},"schema":{"@context":"https:\/\/schema.org","@graph":[{"@type":"Article","@id":"https:\/\/www.geopolitics.fr\/2025\/01\/08\/brics-la-presidence-actuelle-bresilienne-annonce-lentree-de-lindonesie-dans-le-groupe-economique-et-politique\/#article","isPartOf":{"@id":"https:\/\/www.geopolitics.fr\/2025\/01\/08\/brics-la-presidence-actuelle-bresilienne-annonce-lentree-de-lindonesie-dans-le-groupe-economique-et-politique\/"},"author":{"name":"Olivier DELAGARDE","@id":"https:\/\/www.geopolitics.fr\/#\/schema\/person\/9b98d78234af63d6ad71199d66115350"},"headline":"BRICS\u00a0: la pr\u00e9sidence actuelle br\u00e9silienne annonce l\u2019entr\u00e9e de l\u2019Indon\u00e9sie dans le groupe \u00e9conomique\u2026 et politique\u00a0!","datePublished":"2025-01-08T13:21:44+00:00","dateModified":"2025-01-08T13:23:45+00:00","mainEntityOfPage":{"@id":"https:\/\/www.geopolitics.fr\/2025\/01\/08\/brics-la-presidence-actuelle-bresilienne-annonce-lentree-de-lindonesie-dans-le-groupe-economique-et-politique\/"},"wordCount":353,"commentCount":0,"publisher":{"@id":"https:\/\/www.geopolitics.fr\/#organization"},"image":{"@id":"https:\/\/www.geopolitics.fr\/2025\/01\/08\/brics-la-presidence-actuelle-bresilienne-annonce-lentree-de-lindonesie-dans-le-groupe-economique-et-politique\/#primaryimage"},"thumbnailUrl":"https:\/\/www.geopolitics.fr\/wp-content\/uploads\/2025\/01\/lula.jpg","keywords":["BRESIL","BRICS","INDONESIE"],"articleSection":["International","Mis en AVANT"],"inLanguage":"en-GB"},{"@type":"WebPage","@id":"https:\/\/www.geopolitics.fr\/2025\/01\/08\/brics-la-presidence-actuelle-bresilienne-annonce-lentree-de-lindonesie-dans-le-groupe-economique-et-politique\/","url":"https:\/\/www.geopolitics.fr\/2025\/01\/08\/brics-la-presidence-actuelle-bresilienne-annonce-lentree-de-lindonesie-dans-le-groupe-economique-et-politique\/","name":"BRICS\u00a0: la pr\u00e9sidence actuelle br\u00e9silienne annonce l\u2019entr\u00e9e de l\u2019Indon\u00e9sie dans le groupe \u00e9conomique\u2026 et politique\u00a0! | Geopolitics.fr","isPartOf":{"@id":"https:\/\/www.geopolitics.fr\/#website"},"primaryImageOfPage":{"@id":"https:\/\/www.geopolitics.fr\/2025\/01\/08\/brics-la-presidence-actuelle-bresilienne-annonce-lentree-de-lindonesie-dans-le-groupe-economique-et-politique\/#primaryimage"},"image":{"@id":"https:\/\/www.geopolitics.fr\/2025\/01\/08\/brics-la-presidence-actuelle-bresilienne-annonce-lentree-de-lindonesie-dans-le-groupe-economique-et-politique\/#primaryimage"},"thumbnailUrl":"https:\/\/www.geopolitics.fr\/wp-content\/uploads\/2025\/01\/lula.jpg","datePublished":"2025-01-08T13:21:44+00:00","dateModified":"2025-01-08T13:23:45+00:00","description":"Le Br\u00e9sil qui a pris la pr\u00e9sidence tournante des BRICS annonce l'entr\u00e9e de plein pied de l'Indon\u00e9sie dans ce club","breadcrumb":{"@id":"https:\/\/www.geopolitics.fr\/2025\/01\/08\/brics-la-presidence-actuelle-bresilienne-annonce-lentree-de-lindonesie-dans-le-groupe-economique-et-politique\/#breadcrumb"},"inLanguage":"en-GB","potentialAction":[{"@type":"ReadAction","target":["https:\/\/www.geopolitics.fr\/2025\/01\/08\/brics-la-presidence-actuelle-bresilienne-annonce-lentree-de-lindonesie-dans-le-groupe-economique-et-politique\/"]}]},{"@type":"ImageObject","inLanguage":"en-GB","@id":"https:\/\/www.geopolitics.fr\/2025\/01\/08\/brics-la-presidence-actuelle-bresilienne-annonce-lentree-de-lindonesie-dans-le-groupe-economique-et-politique\/#primaryimage","url":"https:\/\/www.geopolitics.fr\/wp-content\/uploads\/2025\/01\/lula.jpg","contentUrl":"https:\/\/www.geopolitics.fr\/wp-content\/uploads\/2025\/01\/lula.jpg","width":768,"height":432},{"@type":"BreadcrumbList","@id":"https:\/\/www.geopolitics.fr\/2025\/01\/08\/brics-la-presidence-actuelle-bresilienne-annonce-lentree-de-lindonesie-dans-le-groupe-economique-et-politique\/#breadcrumb","itemListElement":[{"@type":"ListItem","position":1,"name":"Accueil","item":"https:\/\/www.geopolitics.fr\/"},{"@type":"ListItem","position":2,"name":"BRICS\u00a0: la pr\u00e9sidence actuelle br\u00e9silienne annonce l\u2019entr\u00e9e de l\u2019Indon\u00e9sie dans le groupe \u00e9conomique\u2026 et politique\u00a0!"}]},{"@type":"WebSite","@id":"https:\/\/www.geopolitics.fr\/#website","url":"https:\/\/www.geopolitics.fr\/","name":"Geopolitics.fr","description":"Geopolitics.fr Analyse politique, relations internationales, d\u00e9fense - ligne \u00e9ditoriale gaullo-chiraquienne","publisher":{"@id":"https:\/\/www.geopolitics.fr\/#organization"},"potentialAction":[{"@type":"SearchAction","target":{"@type":"EntryPoint","urlTemplate":"https:\/\/www.geopolitics.fr\/?s={search_term_string}"},"query-input":{"@type":"PropertyValueSpecification","valueRequired":true,"valueName":"search_term_string"}}],"inLanguage":"en-GB"},{"@type":"Organization","@id":"https:\/\/www.geopolitics.fr\/#organization","name":"Geopolitics.fr","url":"https:\/\/www.geopolitics.fr\/","logo":{"@type":"ImageObject","inLanguage":"en-GB","@id":"https:\/\/www.geopolitics.fr\/#\/schema\/logo\/image\/","url":"https:\/\/www.geopolitics.fr\/wp-content\/uploads\/2024\/01\/logo.jpg","contentUrl":"https:\/\/www.geopolitics.fr\/wp-content\/uploads\/2024\/01\/logo.jpg","width":500,"height":500,"caption":"Geopolitics.fr"},"image":{"@id":"https:\/\/www.geopolitics.fr\/#\/schema\/logo\/image\/"},"sameAs":["https:\/\/www.facebook.com\/people\/Erwan-Davoux\/61557098968092\/","https:\/\/x.com\/Geopolitics_Fr"]},{"@type":"Person","@id":"https:\/\/www.geopolitics.fr\/#\/schema\/person\/9b98d78234af63d6ad71199d66115350","name":"Olivier DELAGARDE","image":{"@type":"ImageObject","inLanguage":"en-GB","@id":"https:\/\/secure.gravatar.com\/avatar\/2c50afbd303b51697d9591857ee182bf3ead572fa530da00bb0278cf506c3a97?s=96&d=mm&r=g","url":"https:\/\/secure.gravatar.com\/avatar\/2c50afbd303b51697d9591857ee182bf3ead572fa530da00bb0278cf506c3a97?s=96&d=mm&r=g","contentUrl":"https:\/\/secure.gravatar.com\/avatar\/2c50afbd303b51697d9591857ee182bf3ead572fa530da00bb0278cf506c3a97?s=96&d=mm&r=g","caption":"Olivier DELAGARDE"},"description":"Journaliste depuis plus de 20 ans, accr\u00e9dit\u00e9 aupr\u00e8s de l'Organisation des Nations Unies, de la Ligue des Etats Arabes, titulaire de la Carte d'Identit\u00e9 des Journalistes Professionnels en France et de la F\u00e9d\u00e9ration Internationale des Journalistes, Olivier a occup\u00e9 le poste de Grand reporter correspondant permanent en \u00c9gypte pour des m\u00e9dias de renomm\u00e9e mondiale tels que TV5 MONDE, le GROUPE M6, le GROUPE TF1 ou encore l\u2019AFP. Durant plus de dix ann\u00e9es, il a produit de nombreux reportages sur la politique internationale en Afrique de l'Est, tout en couvrant les principaux conflits au Proche et Moyen-Orient. En tant que Chef de bureau Proche-Orient pour TV5 MONDE, il \u00e9tait responsable de la production de reportages, des relations institutionnelles et de la repr\u00e9sentation de la cha\u00eene, tout en \u00e9crivant pour plusieurs m\u00e9dias europ\u00e9ens et internationaux.","sameAs":["https:\/\/www.facebook.com\/odelagarde","https:\/\/www.linkedin.com\/in\/olivier-delagarde-816b17270\/"],"url":"https:\/\/www.geopolitics.fr\/en\/author\/odelagarde\/"}]}},"_links":{"self":[{"href":"https:\/\/www.geopolitics.fr\/en\/wp-json\/wp\/v2\/posts\/3324","targetHints":{"allow":["GET"]}}],"collection":[{"href":"https:\/\/www.geopolitics.fr\/en\/wp-json\/wp\/v2\/posts"}],"about":[{"href":"https:\/\/www.geopolitics.fr\/en\/wp-json\/wp\/v2\/types\/post"}],"author":[{"embeddable":true,"href":"https:\/\/www.geopolitics.fr\/en\/wp-json\/wp\/v2\/users\/93"}],"replies":[{"embeddable":true,"href":"https:\/\/www.geopolitics.fr\/en\/wp-json\/wp\/v2\/comments?post=3324"}],"version-history":[{"count":0,"href":"https:\/\/www.geopolitics.fr\/en\/wp-json\/wp\/v2\/posts\/3324\/revisions"}],"wp:featuredmedia":[{"embeddable":true,"href":"https:\/\/www.geopolitics.fr\/en\/wp-json\/wp\/v2\/media\/3325"}],"wp:attachment":[{"href":"https:\/\/www.geopolitics.fr\/en\/wp-json\/wp\/v2\/media?parent=3324"}],"wp:term":[{"taxonomy":"category","embeddable":true,"href":"https:\/\/www.geopolitics.fr\/en\/wp-json\/wp\/v2\/categories?post=3324"},{"taxonomy":"post_tag","embeddable":true,"href":"https:\/\/www.geopolitics.fr\/en\/wp-json\/wp\/v2\/tags?post=3324"}],"curies":[{"name":"wp","href":"https:\/\/api.w.org\/{rel}","templated":true}]}}