{"id":3317,"date":"2025-01-07T12:28:09","date_gmt":"2025-01-07T11:28:09","guid":{"rendered":"https:\/\/www.geopolitics.fr\/?p=3317"},"modified":"2025-01-07T12:28:12","modified_gmt":"2025-01-07T11:28:12","slug":"exclusion-du-cafe-et-du-cacao-de-la-republique-democratique-du-congo-rdc-du-marche-europeen-une-catastrophe-economique-pour-les-producteurs-et-le-pays","status":"publish","type":"post","link":"https:\/\/www.geopolitics.fr\/en\/2025\/01\/07\/exclusion-du-cafe-et-du-cacao-de-la-republique-democratique-du-congo-rdc-du-marche-europeen-une-catastrophe-economique-pour-les-producteurs-et-le-pays\/","title":{"rendered":"Exclusion du caf\u00e9 et du cacao de la R\u00e9publique D\u00e9mocratique du Congo (RDC) du march\u00e9 europ\u00e9en : une catastrophe \u00e9conomique pour les producteurs et le pays"},"content":{"rendered":"<p class=\"has-medium-font-size wp-block-paragraph\"><em>La R\u00e9publique d\u00e9mocratique du Congo (RDC) a re\u00e7u une notification de l&rsquo;Union europ\u00e9enne (UE) l&rsquo;informant que ses productions de caf\u00e9 et de cacao seraient exclues du march\u00e9 europ\u00e9en \u00e0 partir de l&rsquo;ann\u00e9e 2025. Cette d\u00e9cision est li\u00e9e au r\u00e8glement europ\u00e9en \u00ab z\u00e9ro d\u00e9forestation \u00bb, qui vise \u00e0 interdire les produits agricoles issus de zones d\u00e9forest\u00e9es.<\/em><\/p>\n\n\n\n<p class=\"has-medium-font-size wp-block-paragraph\">Avec des terres arables estim\u00e9es \u00e0 80 millions d\u2019hectares et une production d\u00e9j\u00e0 certifi\u00e9e biologique, la R\u00e9publique d\u00e9mocratique du Congo ambitionne toujours de devenir l\u2019un des acteurs majeurs africains sur les march\u00e9s mondiaux du caf\u00e9 et du cacao. En r\u00e9action et lors d\u2019une conf\u00e9rence de presse \u00e0 Kinshasa, le ministre du Commerce ext\u00e9rieur Julien Paluku, a rappel\u00e9 les opportunit\u00e9s \u00e9conomiques que repr\u00e9sentent ces fili\u00e8res ainsi que les plans du gouvernement visant \u00e0 maximiser leur potentiel. \u00ab <em>Aujourd\u2019hui, nous produisons entre 100 000 et 200 000 tonnes de cacao par an, mais notre ambition est claire : atteindre 3 millions de tonnes d&rsquo;ici \u00e0 2030<\/em> \u00bb, a ainsi d\u00e9clar\u00e9 Julien Paluku. Selon lui, cette croissance pourrait g\u00e9n\u00e9rer jusqu\u2019\u00e0 30 milliards de dollars de revenus annuels, contribuant ainsi \u00e0 diversifier l\u2019\u00e9conomie du pays, actuellement domin\u00e9e par le secteur minier. Mais \u00e7a, c\u2019\u00e9tait avant l\u2019invraisemblable d\u00e9cision d\u2019une poign\u00e9e de technocrates bruxellois.<\/p>\n\n\n\n<p class=\"has-medium-font-size wp-block-paragraph\">Mis en avant sur les march\u00e9s par un panel d\u2019experts internationaux, le cacao et le caf\u00e9 congolais sont particuli\u00e8rement pris\u00e9s et reconnus pour leur grande qualit\u00e9. Appuy\u00e9 par ces avis, le ministre mart\u00e8le&nbsp;: \u00ab <em>Nos produits sont biologiques, cultiv\u00e9s sans engrais chimiques, sur des terres naturellement fertiles. Ils captent l\u2019attention des chocolatiers et torr\u00e9facteurs du monde entier, notamment en Europe et en Asie<\/em> \u00bb. Cela est un fait v\u00e9rifi\u00e9, tout autant que les efforts du gouvernement congolais sur les consid\u00e9rations de durabilit\u00e9.<\/p>\n\n\n\n<p class=\"has-medium-font-size wp-block-paragraph\">D\u2019autant que la mani\u00e8re dont les auditeurs de l&rsquo;UE ont \u00e9valu\u00e9 les champs de caf\u00e9 et de cacao en RDC, a suscit\u00e9 des critiques de la part du ministre congolais, et bien entendu les foudres des producteurs. Tout d\u2019abord, ces auditeurs sont bas\u00e9s dans des pays voisins mais \u00e9galement concurrents tels que le Kenya, l&rsquo;Ouganda et le Rwanda, ce qui soul\u00e8ve des questions sur la pertinence et la cr\u00e9dibilit\u00e9 de leurs \u00e9valuations habituelles. En outre, les crit\u00e8res d&rsquo;\u00e9valuation utilis\u00e9s par les auditeurs europ\u00e9ens sont consid\u00e9r\u00e9s comme trop stricts et inadapt\u00e9s \u00e0 la r\u00e9alit\u00e9 environnementale congolaise.<\/p>\n\n\n\n<p class=\"has-medium-font-size wp-block-paragraph\">\u00ab&nbsp;<em>Nous sommes tr\u00e8s d\u00e9\u00e7us par cette d\u00e9cision<\/em>&nbsp;\u00bb, a d\u00e9clar\u00e9 Julien Paluku dans une interview accord\u00e9e \u00e0 l&rsquo;agence de presse congolaise ACP fin 2024. \u00ab&nbsp;<em>Nous pensons que les auditeurs de l&rsquo;UE n&rsquo;ont pas pris en compte les sp\u00e9cificit\u00e9s de la production de caf\u00e9 et de cacao en RDC<\/em>&nbsp;\u00bb.<\/p>\n\n\n\n<h2 class=\"wp-block-heading\" id=\"h-des-consequences-economiques-en-cascade-pour-une-zone-en-quete-de-stabilite\"><strong>Des cons\u00e9quences \u00e9conomiques en cascade pour une zone en qu\u00eate de stabilit\u00e9<\/strong><\/h2>\n\n\n\n<p class=\"has-medium-font-size wp-block-paragraph\">En 2022, la RDC s\u2019est class\u00e9e deuxi\u00e8me exportateur africain de cacao biologique, avec 10 869 tonnes exp\u00e9di\u00e9es. \u00c0 l\u2019instar du projet \u00ab Cacao Tshopo \u00bb, qui vise \u00e0 d\u00e9velopper un label international pour cette r\u00e9gion, des initiatives se multiplient afin de valoriser la production locale et \u00e0 en renforcer la tra\u00e7abilit\u00e9. Et les arguments congolais sont bien r\u00e9els dans les faits, faisant tomber les masques de nos experts europ\u00e9ens.<\/p>\n\n\n\n<p class=\"has-medium-font-size wp-block-paragraph\">Avec une distinction claire entre ses 155 millions d\u2019hectares de for\u00eat tropicale et ses 80 millions d\u2019hectares de terres arables, la RDC dispose d\u2019un vaste potentiel encore largement inexploit\u00e9. \u00ab <em>Nous avons tout pour r\u00e9ussir : des terres arables non foresti\u00e8res, une biodiversit\u00e9 exceptionnelle et des producteurs motiv\u00e9s. Contrairement \u00e0 certaines id\u00e9es re\u00e7ues, nos cultures n\u2019entra\u00eenent pas de d\u00e9forestation, et la RDC affiche un taux annuel v\u00e9rifi\u00e9 de d\u00e9forestation de seulement 0,03 %<\/em> \u00bb, a ainsi pr\u00e9cis\u00e9 Julien Paluku, rapports en main.<\/p>\n\n\n\n<p class=\"has-medium-font-size wp-block-paragraph\">L&rsquo;exclusion du caf\u00e9 et du cacao de la RDC du march\u00e9 europ\u00e9en aurait bien \u00e9videmment des cons\u00e9quences catastrophiques pour la stabilit\u00e9 \u00e9conomique et sociale de ce pays en qu\u00eate de paix. En effet et semblant \u00e9chapper \u00e0 nos fonctionnaires bruxellois, la production de caf\u00e9 et de cacao repr\u00e9sente environ 20% du PIB de la RDC, et cette industrie emploie des milliers de personnes notamment dans les zones rurales. La perte de recettes tant pour les producteurs de cacao congolais que pour l&rsquo;\u00e9conomie du pays est estim\u00e9e \u00e0 environ 200 \u00e0 300 millions de dollars par an, si l\u2019Union europ\u00e9enne persistait dans cette d\u00e9cision. Mais peut-\u00eatre que pr\u00e9cis\u00e9ment, les vrais motifs, pour ne dire int\u00e9r\u00eats, sont ailleurs\u2026<\/p>\n\n\n\n<p class=\"has-medium-font-size wp-block-paragraph\">\u00ab&nbsp;<em>Cette d\u00e9cision va avoir des cons\u00e9quences d\u00e9sastreuses pour les producteurs de caf\u00e9 et de cacao congolais<\/em>&nbsp;\u00bb, a \u00e9galement d\u00e9plor\u00e9 Jean-Pierre Muteba, pr\u00e9sident de la F\u00e9d\u00e9ration des producteurs de caf\u00e9 et de cacao de la RDC. \u00ab&nbsp;<em>Nous appelons les autorit\u00e9s congolaises et europ\u00e9ennes \u00e0 trouver une solution qui prend en compte les int\u00e9r\u00eats de toutes les parties concern\u00e9es<\/em>&nbsp;\u00bb. Autrement dit&nbsp;: une solution intelligente.<\/p>\n\n\n\n<h2 class=\"wp-block-heading\" id=\"h-des-solutions-se-passant-de-pseudo-expertises-et-preconisations-europeennes\"><strong>Des solutions se passant de pseudo expertises et pr\u00e9conisations europ\u00e9ennes<\/strong><\/h2>\n\n\n\n<p class=\"has-medium-font-size wp-block-paragraph\">Depuis plusieurs ann\u00e9es et afin de maximiser la valeur ajout\u00e9e, le gouvernement congolais a mis en place des zones \u00e9conomiques sp\u00e9ciales (ZES), notamment \u00e0 Musienene dans le Nord-Kivu, et \u00e0 Maluku pr\u00e8s de Kinshasa. Ces ZES sont d\u00e9di\u00e9es \u00e0 la transformation locale des produits agricoles. \u00ab <em>En transformant nos produits localement, nous pourrons conqu\u00e9rir de nouveaux march\u00e9s tout en cr\u00e9ant de l\u2019emploi et en renfor\u00e7ant l\u2019\u00e9conomie locale<\/em> \u00bb, argumente le ministre.<\/p>\n\n\n\n<p class=\"has-medium-font-size wp-block-paragraph\">Et d\u2019ores et d\u00e9j\u00e0, face aux incertitudes li\u00e9es aux normes europ\u00e9ennes sur la d\u00e9forestation, Kinshasa mise sur la diversification de ses d\u00e9bouch\u00e9s et productions. La RDC a ainsi r\u00e9int\u00e9gr\u00e9 l\u2019AGOA (African Growth and Opportunity Act), facilitant les exportations vers les \u00c9tats-Unis, et explore activement les march\u00e9s chinois et indiens.<\/p>\n\n\n\n<p class=\"has-medium-font-size wp-block-paragraph\">Du c\u00f4t\u00e9 de la banni\u00e8re \u00e9toil\u00e9e \u00e0 fond bleu et en bonne donneuse de le\u00e7on, pour \u00e9viter cette exclusion, la RDC doit prendre des mesures afin d\u2019am\u00e9liorer la durabilit\u00e9 de sa production de caf\u00e9 et de cacao. Cela pourrait inclure la mise en place de syst\u00e8mes de certification pour les produits agricoles, la formation et le soutien aux producteurs afin que ces derniers puissent adopter des pratiques plus durables, la promotion de pratiques agricoles durables et la protection de l&rsquo;environnement. Mais alors les auditeurs europ\u00e9ens sont-ils aveugles&nbsp;? Ou suffisamment incomp\u00e9tents au point de m\u00e9conna\u00eetre la diff\u00e9rence entre le rythme de d\u00e9veloppement du continent africain et celui des pays occidentaux&nbsp;?<\/p>\n\n\n\n<p class=\"has-medium-font-size wp-block-paragraph\">Aveugles, ces derniers semblent avoir \u00e9galement omis la collaboration p\u00e9renne de la RDC avec plusieurs organisations internationales et ONG afin d\u2019obtenir des financements et des ressources visant \u00e0 soutenir ses efforts de durabilit\u00e9 dans ses productions. Mais cette bonne volont\u00e9 politique et commen\u00e7ant d\u00e9j\u00e0 \u00e0 porter ses fruits localement, ne semble pas entrer dans les crit\u00e8res techniques europ\u00e9ens&nbsp;!<\/p>\n\n\n\n<p class=\"wp-block-paragraph\"><\/p>","protected":false},"excerpt":{"rendered":"<p>La R\u00e9publique d\u00e9mocratique du Congo (RDC) a re\u00e7u une notification de l&rsquo;Union europ\u00e9enne (UE) l&rsquo;informant que ses productions de caf\u00e9 et de&hellip;<\/p>","protected":false},"author":93,"featured_media":3318,"comment_status":"open","ping_status":"open","sticky":false,"template":"","format":"standard","meta":{"_lmt_disableupdate":"","_lmt_disable":"","footnotes":""},"categories":[5,4],"tags":[434],"class_list":["post-3317","post","type-post","status-publish","format-standard","has-post-thumbnail","hentry","category-international","category-mis-en-avant","tag-cafe"],"yoast_head":"<!-- This site is optimized with the Yoast SEO Premium plugin v28.1 (Yoast SEO v28.1) - https:\/\/yoast.com\/product\/yoast-seo-premium-wordpress\/ -->\n<title>Exclusion du caf\u00e9 et du cacao de la R\u00e9publique D\u00e9mocratique du Congo (RDC) du march\u00e9 europ\u00e9en : une catastrophe \u00e9conomique pour les producteurs et le pays | Geopolitics.fr<\/title>\n<meta name=\"description\" content=\"La d\u00e9cision fort contestable de l&#039;Union europ\u00e9enne d&#039;exclure du march\u00e9 la caf\u00e9 et le cacao provenant de RDC met en p\u00e9ril l&#039;\u00e9conomie de ce pays\" \/>\n<meta name=\"robots\" content=\"index, follow, max-snippet:-1, max-image-preview:large, max-video-preview:-1\" \/>\n<link rel=\"canonical\" href=\"https:\/\/www.geopolitics.fr\/en\/2025\/01\/07\/exclusion-du-cafe-et-du-cacao-de-la-republique-democratique-du-congo-rdc-du-marche-europeen-une-catastrophe-economique-pour-les-producteurs-et-le-pays\/\" \/>\n<meta property=\"og:locale\" content=\"en_GB\" \/>\n<meta property=\"og:type\" content=\"article\" \/>\n<meta property=\"og:title\" content=\"Exclusion du caf\u00e9 et du cacao de la R\u00e9publique D\u00e9mocratique du Congo (RDC) du march\u00e9 europ\u00e9en : une catastrophe \u00e9conomique pour les producteurs et le pays\" \/>\n<meta property=\"og:description\" content=\"La d\u00e9cision fort contestable de l&#039;Union europ\u00e9enne d&#039;exclure du march\u00e9 la caf\u00e9 et le cacao provenant de RDC met en p\u00e9ril l&#039;\u00e9conomie de ce pays\" \/>\n<meta property=\"og:url\" content=\"https:\/\/www.geopolitics.fr\/en\/2025\/01\/07\/exclusion-du-cafe-et-du-cacao-de-la-republique-democratique-du-congo-rdc-du-marche-europeen-une-catastrophe-economique-pour-les-producteurs-et-le-pays\/\" \/>\n<meta property=\"og:site_name\" content=\"Geopolitics.fr\" \/>\n<meta property=\"article:publisher\" content=\"https:\/\/www.facebook.com\/people\/Erwan-Davoux\/61557098968092\/\" \/>\n<meta property=\"article:author\" content=\"https:\/\/www.facebook.com\/odelagarde\" \/>\n<meta property=\"article:published_time\" content=\"2025-01-07T11:28:09+00:00\" \/>\n<meta property=\"article:modified_time\" content=\"2025-01-07T11:28:12+00:00\" \/>\n<meta property=\"og:image\" content=\"https:\/\/www.geopolitics.fr\/wp-content\/uploads\/2025\/01\/Cacao-en-RDC.jpg\" \/>\n\t<meta property=\"og:image:width\" content=\"1399\" \/>\n\t<meta property=\"og:image:height\" content=\"933\" \/>\n\t<meta property=\"og:image:type\" content=\"image\/jpeg\" \/>\n<meta name=\"author\" content=\"Olivier DELAGARDE\" \/>\n<meta name=\"twitter:card\" content=\"summary_large_image\" \/>\n<meta name=\"twitter:creator\" content=\"@Geopolitics_Fr\" \/>\n<meta name=\"twitter:site\" content=\"@Geopolitics_Fr\" \/>\n<meta name=\"twitter:label1\" content=\"Written by\" \/>\n\t<meta name=\"twitter:data1\" content=\"Olivier DELAGARDE\" \/>\n\t<meta name=\"twitter:label2\" content=\"Estimated reading time\" \/>\n\t<meta name=\"twitter:data2\" content=\"6 minutes\" \/>\n<script type=\"application\/ld+json\" class=\"yoast-schema-graph\">{\"@context\":\"https:\\\/\\\/schema.org\",\"@graph\":[{\"@type\":\"Article\",\"@id\":\"https:\\\/\\\/www.geopolitics.fr\\\/2025\\\/01\\\/07\\\/exclusion-du-cafe-et-du-cacao-de-la-republique-democratique-du-congo-rdc-du-marche-europeen-une-catastrophe-economique-pour-les-producteurs-et-le-pays\\\/#article\",\"isPartOf\":{\"@id\":\"https:\\\/\\\/www.geopolitics.fr\\\/2025\\\/01\\\/07\\\/exclusion-du-cafe-et-du-cacao-de-la-republique-democratique-du-congo-rdc-du-marche-europeen-une-catastrophe-economique-pour-les-producteurs-et-le-pays\\\/\"},\"author\":{\"name\":\"Olivier DELAGARDE\",\"@id\":\"https:\\\/\\\/www.geopolitics.fr\\\/#\\\/schema\\\/person\\\/9b98d78234af63d6ad71199d66115350\"},\"headline\":\"Exclusion du caf\u00e9 et du cacao de la R\u00e9publique D\u00e9mocratique du Congo (RDC) du march\u00e9 europ\u00e9en : une catastrophe \u00e9conomique pour les producteurs et le pays\",\"datePublished\":\"2025-01-07T11:28:09+00:00\",\"dateModified\":\"2025-01-07T11:28:12+00:00\",\"mainEntityOfPage\":{\"@id\":\"https:\\\/\\\/www.geopolitics.fr\\\/2025\\\/01\\\/07\\\/exclusion-du-cafe-et-du-cacao-de-la-republique-democratique-du-congo-rdc-du-marche-europeen-une-catastrophe-economique-pour-les-producteurs-et-le-pays\\\/\"},\"wordCount\":1229,\"commentCount\":0,\"publisher\":{\"@id\":\"https:\\\/\\\/www.geopolitics.fr\\\/#organization\"},\"image\":{\"@id\":\"https:\\\/\\\/www.geopolitics.fr\\\/2025\\\/01\\\/07\\\/exclusion-du-cafe-et-du-cacao-de-la-republique-democratique-du-congo-rdc-du-marche-europeen-une-catastrophe-economique-pour-les-producteurs-et-le-pays\\\/#primaryimage\"},\"thumbnailUrl\":\"https:\\\/\\\/www.geopolitics.fr\\\/wp-content\\\/uploads\\\/2025\\\/01\\\/Cacao-en-RDC.jpg\",\"keywords\":[\"CAFE\"],\"articleSection\":[\"International\",\"Mis en AVANT\"],\"inLanguage\":\"en-GB\"},{\"@type\":\"WebPage\",\"@id\":\"https:\\\/\\\/www.geopolitics.fr\\\/2025\\\/01\\\/07\\\/exclusion-du-cafe-et-du-cacao-de-la-republique-democratique-du-congo-rdc-du-marche-europeen-une-catastrophe-economique-pour-les-producteurs-et-le-pays\\\/\",\"url\":\"https:\\\/\\\/www.geopolitics.fr\\\/2025\\\/01\\\/07\\\/exclusion-du-cafe-et-du-cacao-de-la-republique-democratique-du-congo-rdc-du-marche-europeen-une-catastrophe-economique-pour-les-producteurs-et-le-pays\\\/\",\"name\":\"Exclusion du caf\u00e9 et du cacao de la R\u00e9publique D\u00e9mocratique du Congo (RDC) du march\u00e9 europ\u00e9en : une catastrophe \u00e9conomique pour les producteurs et le pays | Geopolitics.fr\",\"isPartOf\":{\"@id\":\"https:\\\/\\\/www.geopolitics.fr\\\/#website\"},\"primaryImageOfPage\":{\"@id\":\"https:\\\/\\\/www.geopolitics.fr\\\/2025\\\/01\\\/07\\\/exclusion-du-cafe-et-du-cacao-de-la-republique-democratique-du-congo-rdc-du-marche-europeen-une-catastrophe-economique-pour-les-producteurs-et-le-pays\\\/#primaryimage\"},\"image\":{\"@id\":\"https:\\\/\\\/www.geopolitics.fr\\\/2025\\\/01\\\/07\\\/exclusion-du-cafe-et-du-cacao-de-la-republique-democratique-du-congo-rdc-du-marche-europeen-une-catastrophe-economique-pour-les-producteurs-et-le-pays\\\/#primaryimage\"},\"thumbnailUrl\":\"https:\\\/\\\/www.geopolitics.fr\\\/wp-content\\\/uploads\\\/2025\\\/01\\\/Cacao-en-RDC.jpg\",\"datePublished\":\"2025-01-07T11:28:09+00:00\",\"dateModified\":\"2025-01-07T11:28:12+00:00\",\"description\":\"La d\u00e9cision fort contestable de l'Union europ\u00e9enne d'exclure du march\u00e9 la caf\u00e9 et le cacao provenant de RDC met en p\u00e9ril l'\u00e9conomie de ce pays\",\"breadcrumb\":{\"@id\":\"https:\\\/\\\/www.geopolitics.fr\\\/2025\\\/01\\\/07\\\/exclusion-du-cafe-et-du-cacao-de-la-republique-democratique-du-congo-rdc-du-marche-europeen-une-catastrophe-economique-pour-les-producteurs-et-le-pays\\\/#breadcrumb\"},\"inLanguage\":\"en-GB\",\"potentialAction\":[{\"@type\":\"ReadAction\",\"target\":[\"https:\\\/\\\/www.geopolitics.fr\\\/2025\\\/01\\\/07\\\/exclusion-du-cafe-et-du-cacao-de-la-republique-democratique-du-congo-rdc-du-marche-europeen-une-catastrophe-economique-pour-les-producteurs-et-le-pays\\\/\"]}]},{\"@type\":\"ImageObject\",\"inLanguage\":\"en-GB\",\"@id\":\"https:\\\/\\\/www.geopolitics.fr\\\/2025\\\/01\\\/07\\\/exclusion-du-cafe-et-du-cacao-de-la-republique-democratique-du-congo-rdc-du-marche-europeen-une-catastrophe-economique-pour-les-producteurs-et-le-pays\\\/#primaryimage\",\"url\":\"https:\\\/\\\/www.geopolitics.fr\\\/wp-content\\\/uploads\\\/2025\\\/01\\\/Cacao-en-RDC.jpg\",\"contentUrl\":\"https:\\\/\\\/www.geopolitics.fr\\\/wp-content\\\/uploads\\\/2025\\\/01\\\/Cacao-en-RDC.jpg\",\"width\":1399,\"height\":933},{\"@type\":\"BreadcrumbList\",\"@id\":\"https:\\\/\\\/www.geopolitics.fr\\\/2025\\\/01\\\/07\\\/exclusion-du-cafe-et-du-cacao-de-la-republique-democratique-du-congo-rdc-du-marche-europeen-une-catastrophe-economique-pour-les-producteurs-et-le-pays\\\/#breadcrumb\",\"itemListElement\":[{\"@type\":\"ListItem\",\"position\":1,\"name\":\"Accueil\",\"item\":\"https:\\\/\\\/www.geopolitics.fr\\\/\"},{\"@type\":\"ListItem\",\"position\":2,\"name\":\"Exclusion du caf\u00e9 et du cacao de la R\u00e9publique D\u00e9mocratique du Congo (RDC) du march\u00e9 europ\u00e9en : une catastrophe \u00e9conomique pour les producteurs et le pays\"}]},{\"@type\":\"WebSite\",\"@id\":\"https:\\\/\\\/www.geopolitics.fr\\\/#website\",\"url\":\"https:\\\/\\\/www.geopolitics.fr\\\/\",\"name\":\"Geopolitics.fr\",\"description\":\"Geopolitics.fr Analyse politique, relations internationales, d\u00e9fense - ligne \u00e9ditoriale gaullo-chiraquienne\",\"publisher\":{\"@id\":\"https:\\\/\\\/www.geopolitics.fr\\\/#organization\"},\"potentialAction\":[{\"@type\":\"SearchAction\",\"target\":{\"@type\":\"EntryPoint\",\"urlTemplate\":\"https:\\\/\\\/www.geopolitics.fr\\\/?s={search_term_string}\"},\"query-input\":{\"@type\":\"PropertyValueSpecification\",\"valueRequired\":true,\"valueName\":\"search_term_string\"}}],\"inLanguage\":\"en-GB\"},{\"@type\":\"Organization\",\"@id\":\"https:\\\/\\\/www.geopolitics.fr\\\/#organization\",\"name\":\"Geopolitics.fr\",\"url\":\"https:\\\/\\\/www.geopolitics.fr\\\/\",\"logo\":{\"@type\":\"ImageObject\",\"inLanguage\":\"en-GB\",\"@id\":\"https:\\\/\\\/www.geopolitics.fr\\\/#\\\/schema\\\/logo\\\/image\\\/\",\"url\":\"https:\\\/\\\/www.geopolitics.fr\\\/wp-content\\\/uploads\\\/2024\\\/01\\\/logo.jpg\",\"contentUrl\":\"https:\\\/\\\/www.geopolitics.fr\\\/wp-content\\\/uploads\\\/2024\\\/01\\\/logo.jpg\",\"width\":500,\"height\":500,\"caption\":\"Geopolitics.fr\"},\"image\":{\"@id\":\"https:\\\/\\\/www.geopolitics.fr\\\/#\\\/schema\\\/logo\\\/image\\\/\"},\"sameAs\":[\"https:\\\/\\\/www.facebook.com\\\/people\\\/Erwan-Davoux\\\/61557098968092\\\/\",\"https:\\\/\\\/x.com\\\/Geopolitics_Fr\"]},{\"@type\":\"Person\",\"@id\":\"https:\\\/\\\/www.geopolitics.fr\\\/#\\\/schema\\\/person\\\/9b98d78234af63d6ad71199d66115350\",\"name\":\"Olivier DELAGARDE\",\"image\":{\"@type\":\"ImageObject\",\"inLanguage\":\"en-GB\",\"@id\":\"https:\\\/\\\/secure.gravatar.com\\\/avatar\\\/2c50afbd303b51697d9591857ee182bf3ead572fa530da00bb0278cf506c3a97?s=96&d=mm&r=g\",\"url\":\"https:\\\/\\\/secure.gravatar.com\\\/avatar\\\/2c50afbd303b51697d9591857ee182bf3ead572fa530da00bb0278cf506c3a97?s=96&d=mm&r=g\",\"contentUrl\":\"https:\\\/\\\/secure.gravatar.com\\\/avatar\\\/2c50afbd303b51697d9591857ee182bf3ead572fa530da00bb0278cf506c3a97?s=96&d=mm&r=g\",\"caption\":\"Olivier DELAGARDE\"},\"description\":\"Journaliste depuis plus de 20 ans, accr\u00e9dit\u00e9 aupr\u00e8s de l'Organisation des Nations Unies, de la Ligue des Etats Arabes, titulaire de la Carte d'Identit\u00e9 des Journalistes Professionnels en France et de la F\u00e9d\u00e9ration Internationale des Journalistes, Olivier a occup\u00e9 le poste de Grand reporter correspondant permanent en \u00c9gypte pour des m\u00e9dias de renomm\u00e9e mondiale tels que TV5 MONDE, le GROUPE M6, le GROUPE TF1 ou encore l\u2019AFP. Durant plus de dix ann\u00e9es, il a produit de nombreux reportages sur la politique internationale en Afrique de l'Est, tout en couvrant les principaux conflits au Proche et Moyen-Orient. En tant que Chef de bureau Proche-Orient pour TV5 MONDE, il \u00e9tait responsable de la production de reportages, des relations institutionnelles et de la repr\u00e9sentation de la cha\u00eene, tout en \u00e9crivant pour plusieurs m\u00e9dias europ\u00e9ens et internationaux.\",\"sameAs\":[\"https:\\\/\\\/www.facebook.com\\\/odelagarde\",\"https:\\\/\\\/www.linkedin.com\\\/in\\\/olivier-delagarde-816b17270\\\/\"],\"url\":\"https:\\\/\\\/www.geopolitics.fr\\\/en\\\/author\\\/odelagarde\\\/\"}]}<\/script>\n<!-- \/ Yoast SEO Premium plugin. -->","yoast_head_json":{"title":"Exclusion du caf\u00e9 et du cacao de la R\u00e9publique D\u00e9mocratique du Congo (RDC) du march\u00e9 europ\u00e9en : une catastrophe \u00e9conomique pour les producteurs et le pays | Geopolitics.fr","description":"La d\u00e9cision fort contestable de l'Union europ\u00e9enne d'exclure du march\u00e9 la caf\u00e9 et le cacao provenant de RDC met en p\u00e9ril l'\u00e9conomie de ce pays","robots":{"index":"index","follow":"follow","max-snippet":"max-snippet:-1","max-image-preview":"max-image-preview:large","max-video-preview":"max-video-preview:-1"},"canonical":"https:\/\/www.geopolitics.fr\/en\/2025\/01\/07\/exclusion-du-cafe-et-du-cacao-de-la-republique-democratique-du-congo-rdc-du-marche-europeen-une-catastrophe-economique-pour-les-producteurs-et-le-pays\/","og_locale":"en_GB","og_type":"article","og_title":"Exclusion du caf\u00e9 et du cacao de la R\u00e9publique D\u00e9mocratique du Congo (RDC) du march\u00e9 europ\u00e9en : une catastrophe \u00e9conomique pour les producteurs et le pays","og_description":"La d\u00e9cision fort contestable de l'Union europ\u00e9enne d'exclure du march\u00e9 la caf\u00e9 et le cacao provenant de RDC met en p\u00e9ril l'\u00e9conomie de ce pays","og_url":"https:\/\/www.geopolitics.fr\/en\/2025\/01\/07\/exclusion-du-cafe-et-du-cacao-de-la-republique-democratique-du-congo-rdc-du-marche-europeen-une-catastrophe-economique-pour-les-producteurs-et-le-pays\/","og_site_name":"Geopolitics.fr","article_publisher":"https:\/\/www.facebook.com\/people\/Erwan-Davoux\/61557098968092\/","article_author":"https:\/\/www.facebook.com\/odelagarde","article_published_time":"2025-01-07T11:28:09+00:00","article_modified_time":"2025-01-07T11:28:12+00:00","og_image":[{"width":1399,"height":933,"url":"https:\/\/www.geopolitics.fr\/wp-content\/uploads\/2025\/01\/Cacao-en-RDC.jpg","type":"image\/jpeg"}],"author":"Olivier DELAGARDE","twitter_card":"summary_large_image","twitter_creator":"@Geopolitics_Fr","twitter_site":"@Geopolitics_Fr","twitter_misc":{"Written by":"Olivier DELAGARDE","Estimated reading time":"6 minutes"},"schema":{"@context":"https:\/\/schema.org","@graph":[{"@type":"Article","@id":"https:\/\/www.geopolitics.fr\/2025\/01\/07\/exclusion-du-cafe-et-du-cacao-de-la-republique-democratique-du-congo-rdc-du-marche-europeen-une-catastrophe-economique-pour-les-producteurs-et-le-pays\/#article","isPartOf":{"@id":"https:\/\/www.geopolitics.fr\/2025\/01\/07\/exclusion-du-cafe-et-du-cacao-de-la-republique-democratique-du-congo-rdc-du-marche-europeen-une-catastrophe-economique-pour-les-producteurs-et-le-pays\/"},"author":{"name":"Olivier DELAGARDE","@id":"https:\/\/www.geopolitics.fr\/#\/schema\/person\/9b98d78234af63d6ad71199d66115350"},"headline":"Exclusion du caf\u00e9 et du cacao de la R\u00e9publique D\u00e9mocratique du Congo (RDC) du march\u00e9 europ\u00e9en : une catastrophe \u00e9conomique pour les producteurs et le pays","datePublished":"2025-01-07T11:28:09+00:00","dateModified":"2025-01-07T11:28:12+00:00","mainEntityOfPage":{"@id":"https:\/\/www.geopolitics.fr\/2025\/01\/07\/exclusion-du-cafe-et-du-cacao-de-la-republique-democratique-du-congo-rdc-du-marche-europeen-une-catastrophe-economique-pour-les-producteurs-et-le-pays\/"},"wordCount":1229,"commentCount":0,"publisher":{"@id":"https:\/\/www.geopolitics.fr\/#organization"},"image":{"@id":"https:\/\/www.geopolitics.fr\/2025\/01\/07\/exclusion-du-cafe-et-du-cacao-de-la-republique-democratique-du-congo-rdc-du-marche-europeen-une-catastrophe-economique-pour-les-producteurs-et-le-pays\/#primaryimage"},"thumbnailUrl":"https:\/\/www.geopolitics.fr\/wp-content\/uploads\/2025\/01\/Cacao-en-RDC.jpg","keywords":["CAFE"],"articleSection":["International","Mis en AVANT"],"inLanguage":"en-GB"},{"@type":"WebPage","@id":"https:\/\/www.geopolitics.fr\/2025\/01\/07\/exclusion-du-cafe-et-du-cacao-de-la-republique-democratique-du-congo-rdc-du-marche-europeen-une-catastrophe-economique-pour-les-producteurs-et-le-pays\/","url":"https:\/\/www.geopolitics.fr\/2025\/01\/07\/exclusion-du-cafe-et-du-cacao-de-la-republique-democratique-du-congo-rdc-du-marche-europeen-une-catastrophe-economique-pour-les-producteurs-et-le-pays\/","name":"Exclusion du caf\u00e9 et du cacao de la R\u00e9publique D\u00e9mocratique du Congo (RDC) du march\u00e9 europ\u00e9en : une catastrophe \u00e9conomique pour les producteurs et le pays | Geopolitics.fr","isPartOf":{"@id":"https:\/\/www.geopolitics.fr\/#website"},"primaryImageOfPage":{"@id":"https:\/\/www.geopolitics.fr\/2025\/01\/07\/exclusion-du-cafe-et-du-cacao-de-la-republique-democratique-du-congo-rdc-du-marche-europeen-une-catastrophe-economique-pour-les-producteurs-et-le-pays\/#primaryimage"},"image":{"@id":"https:\/\/www.geopolitics.fr\/2025\/01\/07\/exclusion-du-cafe-et-du-cacao-de-la-republique-democratique-du-congo-rdc-du-marche-europeen-une-catastrophe-economique-pour-les-producteurs-et-le-pays\/#primaryimage"},"thumbnailUrl":"https:\/\/www.geopolitics.fr\/wp-content\/uploads\/2025\/01\/Cacao-en-RDC.jpg","datePublished":"2025-01-07T11:28:09+00:00","dateModified":"2025-01-07T11:28:12+00:00","description":"La d\u00e9cision fort contestable de l'Union europ\u00e9enne d'exclure du march\u00e9 la caf\u00e9 et le cacao provenant de RDC met en p\u00e9ril l'\u00e9conomie de ce pays","breadcrumb":{"@id":"https:\/\/www.geopolitics.fr\/2025\/01\/07\/exclusion-du-cafe-et-du-cacao-de-la-republique-democratique-du-congo-rdc-du-marche-europeen-une-catastrophe-economique-pour-les-producteurs-et-le-pays\/#breadcrumb"},"inLanguage":"en-GB","potentialAction":[{"@type":"ReadAction","target":["https:\/\/www.geopolitics.fr\/2025\/01\/07\/exclusion-du-cafe-et-du-cacao-de-la-republique-democratique-du-congo-rdc-du-marche-europeen-une-catastrophe-economique-pour-les-producteurs-et-le-pays\/"]}]},{"@type":"ImageObject","inLanguage":"en-GB","@id":"https:\/\/www.geopolitics.fr\/2025\/01\/07\/exclusion-du-cafe-et-du-cacao-de-la-republique-democratique-du-congo-rdc-du-marche-europeen-une-catastrophe-economique-pour-les-producteurs-et-le-pays\/#primaryimage","url":"https:\/\/www.geopolitics.fr\/wp-content\/uploads\/2025\/01\/Cacao-en-RDC.jpg","contentUrl":"https:\/\/www.geopolitics.fr\/wp-content\/uploads\/2025\/01\/Cacao-en-RDC.jpg","width":1399,"height":933},{"@type":"BreadcrumbList","@id":"https:\/\/www.geopolitics.fr\/2025\/01\/07\/exclusion-du-cafe-et-du-cacao-de-la-republique-democratique-du-congo-rdc-du-marche-europeen-une-catastrophe-economique-pour-les-producteurs-et-le-pays\/#breadcrumb","itemListElement":[{"@type":"ListItem","position":1,"name":"Accueil","item":"https:\/\/www.geopolitics.fr\/"},{"@type":"ListItem","position":2,"name":"Exclusion du caf\u00e9 et du cacao de la R\u00e9publique D\u00e9mocratique du Congo (RDC) du march\u00e9 europ\u00e9en : une catastrophe \u00e9conomique pour les producteurs et le pays"}]},{"@type":"WebSite","@id":"https:\/\/www.geopolitics.fr\/#website","url":"https:\/\/www.geopolitics.fr\/","name":"Geopolitics.fr","description":"Geopolitics.fr Analyse politique, relations internationales, d\u00e9fense - ligne \u00e9ditoriale gaullo-chiraquienne","publisher":{"@id":"https:\/\/www.geopolitics.fr\/#organization"},"potentialAction":[{"@type":"SearchAction","target":{"@type":"EntryPoint","urlTemplate":"https:\/\/www.geopolitics.fr\/?s={search_term_string}"},"query-input":{"@type":"PropertyValueSpecification","valueRequired":true,"valueName":"search_term_string"}}],"inLanguage":"en-GB"},{"@type":"Organization","@id":"https:\/\/www.geopolitics.fr\/#organization","name":"Geopolitics.fr","url":"https:\/\/www.geopolitics.fr\/","logo":{"@type":"ImageObject","inLanguage":"en-GB","@id":"https:\/\/www.geopolitics.fr\/#\/schema\/logo\/image\/","url":"https:\/\/www.geopolitics.fr\/wp-content\/uploads\/2024\/01\/logo.jpg","contentUrl":"https:\/\/www.geopolitics.fr\/wp-content\/uploads\/2024\/01\/logo.jpg","width":500,"height":500,"caption":"Geopolitics.fr"},"image":{"@id":"https:\/\/www.geopolitics.fr\/#\/schema\/logo\/image\/"},"sameAs":["https:\/\/www.facebook.com\/people\/Erwan-Davoux\/61557098968092\/","https:\/\/x.com\/Geopolitics_Fr"]},{"@type":"Person","@id":"https:\/\/www.geopolitics.fr\/#\/schema\/person\/9b98d78234af63d6ad71199d66115350","name":"Olivier DELAGARDE","image":{"@type":"ImageObject","inLanguage":"en-GB","@id":"https:\/\/secure.gravatar.com\/avatar\/2c50afbd303b51697d9591857ee182bf3ead572fa530da00bb0278cf506c3a97?s=96&d=mm&r=g","url":"https:\/\/secure.gravatar.com\/avatar\/2c50afbd303b51697d9591857ee182bf3ead572fa530da00bb0278cf506c3a97?s=96&d=mm&r=g","contentUrl":"https:\/\/secure.gravatar.com\/avatar\/2c50afbd303b51697d9591857ee182bf3ead572fa530da00bb0278cf506c3a97?s=96&d=mm&r=g","caption":"Olivier DELAGARDE"},"description":"Journaliste depuis plus de 20 ans, accr\u00e9dit\u00e9 aupr\u00e8s de l'Organisation des Nations Unies, de la Ligue des Etats Arabes, titulaire de la Carte d'Identit\u00e9 des Journalistes Professionnels en France et de la F\u00e9d\u00e9ration Internationale des Journalistes, Olivier a occup\u00e9 le poste de Grand reporter correspondant permanent en \u00c9gypte pour des m\u00e9dias de renomm\u00e9e mondiale tels que TV5 MONDE, le GROUPE M6, le GROUPE TF1 ou encore l\u2019AFP. Durant plus de dix ann\u00e9es, il a produit de nombreux reportages sur la politique internationale en Afrique de l'Est, tout en couvrant les principaux conflits au Proche et Moyen-Orient. En tant que Chef de bureau Proche-Orient pour TV5 MONDE, il \u00e9tait responsable de la production de reportages, des relations institutionnelles et de la repr\u00e9sentation de la cha\u00eene, tout en \u00e9crivant pour plusieurs m\u00e9dias europ\u00e9ens et internationaux.","sameAs":["https:\/\/www.facebook.com\/odelagarde","https:\/\/www.linkedin.com\/in\/olivier-delagarde-816b17270\/"],"url":"https:\/\/www.geopolitics.fr\/en\/author\/odelagarde\/"}]}},"_links":{"self":[{"href":"https:\/\/www.geopolitics.fr\/en\/wp-json\/wp\/v2\/posts\/3317","targetHints":{"allow":["GET"]}}],"collection":[{"href":"https:\/\/www.geopolitics.fr\/en\/wp-json\/wp\/v2\/posts"}],"about":[{"href":"https:\/\/www.geopolitics.fr\/en\/wp-json\/wp\/v2\/types\/post"}],"author":[{"embeddable":true,"href":"https:\/\/www.geopolitics.fr\/en\/wp-json\/wp\/v2\/users\/93"}],"replies":[{"embeddable":true,"href":"https:\/\/www.geopolitics.fr\/en\/wp-json\/wp\/v2\/comments?post=3317"}],"version-history":[{"count":0,"href":"https:\/\/www.geopolitics.fr\/en\/wp-json\/wp\/v2\/posts\/3317\/revisions"}],"wp:featuredmedia":[{"embeddable":true,"href":"https:\/\/www.geopolitics.fr\/en\/wp-json\/wp\/v2\/media\/3318"}],"wp:attachment":[{"href":"https:\/\/www.geopolitics.fr\/en\/wp-json\/wp\/v2\/media?parent=3317"}],"wp:term":[{"taxonomy":"category","embeddable":true,"href":"https:\/\/www.geopolitics.fr\/en\/wp-json\/wp\/v2\/categories?post=3317"},{"taxonomy":"post_tag","embeddable":true,"href":"https:\/\/www.geopolitics.fr\/en\/wp-json\/wp\/v2\/tags?post=3317"}],"curies":[{"name":"wp","href":"https:\/\/api.w.org\/{rel}","templated":true}]}}