{"id":3314,"date":"2025-01-05T16:00:10","date_gmt":"2025-01-05T15:00:10","guid":{"rendered":"https:\/\/www.geopolitics.fr\/?p=3314"},"modified":"2025-01-05T16:00:13","modified_gmt":"2025-01-05T15:00:13","slug":"syrie-suite-pres-de-60-000-refugies-sont-rentres-de-turquie-de-jordanie-et-du-liban-en-trois-semaines-selon-le-hcr","status":"publish","type":"post","link":"https:\/\/www.geopolitics.fr\/en\/2025\/01\/05\/syrie-suite-pres-de-60-000-refugies-sont-rentres-de-turquie-de-jordanie-et-du-liban-en-trois-semaines-selon-le-hcr\/","title":{"rendered":"[Syrie, suite] Pr\u00e8s de 60.000 r\u00e9fugi\u00e9s sont rentr\u00e9s de Turquie, de Jordanie et du Liban en trois semaines, selon le HCR"},"content":{"rendered":"<p class=\"has-medium-font-size wp-block-paragraph\"><em>Alors que les hostilit\u00e9s et l\u2019ins\u00e9curit\u00e9 se poursuivent en Syrie, notamment dans les gouvernorats d\u2019Alep, Deir-ez-Zor, Hama, Homs, Lattaqui\u00e9, Quneitra, Damas rural et Tartous au cours de la semaine \u00e9coul\u00e9e, faisant incessamment de nombreuses victimes parmi les populations civiles, pr\u00e8s de 60.000 r\u00e9fugi\u00e9s sont toutefois retourn\u00e9s dans le pays depuis le 8 d\u00e9cembre 2024.<\/em><\/p>\n\n\n\n<p class=\"has-medium-font-size wp-block-paragraph\">Selon le Haut-Commissariat de l\u2019ONU pour les r\u00e9fugi\u00e9s (HCR), il s\u2019agit principalement de r\u00e9fugi\u00e9s rapatri\u00e9s des pays voisins tels que le Liban, la Jordanie et la Turquie.<\/p>\n\n\n\n<p class=\"has-medium-font-size wp-block-paragraph\">L\u2019agence onusienne estime que plus de 419.000 r\u00e9fugi\u00e9s syriens (26 % d\u2019hommes, 28 % de femmes et 46 % d\u2019enfants) sont de retour en Syrie depuis le d\u00e9but de l\u2019ann\u00e9e, selon un r\u00e9cent d\u00e9compte datant du 29 d\u00e9cembre dernier. La majorit\u00e9 de ces syriens ont regagn\u00e9 Ar-Raqqa (25 %), Alep (20 %) et Deraa (20 %).<\/p>\n\n\n\n<p class=\"has-medium-font-size wp-block-paragraph\">Toujours selon les analystes du HCR, un million de r\u00e9fugi\u00e9s syriens effectueront un retour dans leur pays d\u2019origine d\u2019ici juin 2025. Leur nombre est estim\u00e9 \u00e0 six millions dans le monde, dont la moiti\u00e9 sont encore r\u00e9fugi\u00e9s en Turquie.<\/p>\n\n\n\n<p class=\"has-medium-font-size wp-block-paragraph\"><strong>Pr\u00e8s de 486.000 d\u00e9plac\u00e9s int\u00e9rieurs sur la route du retour dans leur r\u00e9gion d\u2019origine<\/strong><\/p>\n\n\n\n<p class=\"has-medium-font-size wp-block-paragraph\">Par ailleurs, apr\u00e8s le pic de 1,1 million de personnes d\u00e9plac\u00e9es \u00e0 l&rsquo;int\u00e9rieur m\u00eame du territoire syrien le 12 d\u00e9cembre, pr\u00e8s de 486.000 ont retrouv\u00e9s leur r\u00e9gion d\u2019origine \u00e0 la date du 27 d\u00e9cembre. Ce sont d\u00e9sormais plus de 664.000 personnes qui se d\u00e9placent \u00e0 nouveau \u00e0 travers le pays depuis un mois, principalement dans les villes d\u2019Idleb et d\u2019Alep.<\/p>\n\n\n\n<p class=\"has-medium-font-size wp-block-paragraph\">Plus au nord-est de la Syrie, quelques 25.000 d\u00e9plac\u00e9s int\u00e9rieurs sont toujours r\u00e9fugi\u00e9s dans plus de 180 centres collectifs d\u2019accueil, et ce dans des conditions d\u00e9plorables de grande pr\u00e9carit\u00e9 sanitaire.<\/p>\n\n\n\n<p class=\"has-medium-font-size wp-block-paragraph\">N\u00e9anmoins selon le groupe de coordination et de gestion des camps (CCCM), pr\u00e8s de 12.000 personnes ont d\u00e9j\u00e0 quitt\u00e9 les camps de d\u00e9plac\u00e9s dans le nord-ouest de la Syrie depuis le 3 d\u00e9cembre, soit une augmentation de 4.000 personnes depuis la mise \u00e0 jour de la semaine derni\u00e8re. Sans qu\u2019il ne soit possible avec certitude de connaitre les destinations finales.<\/p>\n\n\n\n<p class=\"has-medium-font-size wp-block-paragraph\">Ces derniers d\u00e9veloppements sur les mouvements de populations interviennent alors que les hostilit\u00e9s n\u2019ont de cesse, frappant une nouvelle fois avec densit\u00e9 le 27 d\u00e9cembre dernier le village d\u2019Al-Bogeleyyah \u00e0 Deir-ez-Zor, \u00e0 environ un kilom\u00e8tre des bureaux de l\u2019ONU, affectant gravement une station d\u2019eau dans le village de Theban.<\/p>\n\n\n\n<p class=\"has-medium-font-size wp-block-paragraph\">Deux jours plus t\u00f4t le 25 d\u00e9cembre, un technicien intervenant afin de r\u00e9tablir la distribution d\u2019eau potable aurait \u00e9t\u00e9 tu\u00e9 \u00e0 la suite d\u2019une nouvelle attaque cibl\u00e9e contre la station de pompage d\u2019Al-Khafsa, dans le gouvernorat d\u2019Alep.<\/p>\n\n\n\n<h2 class=\"wp-block-heading\" id=\"h-inlassablement-les-incursions-israeliennes-dans-le-gouvernorat-de-quneitra-se-repetent\"><strong>Inlassablement, les incursions isra\u00e9liennes dans le gouvernorat de Quneitra se r\u00e9p\u00e8tent<\/strong><\/h2>\n\n\n\n<p class=\"has-medium-font-size wp-block-paragraph\">Face \u00e0 cette situation et non sans un continuel d\u00e9pitement, le Bureau de la coordination des affaires humanitaires de l\u2019ONU (OCHA) note que l\u2019approvisionnement en eau de la ville d\u2019Alep \u00e0 partir de cette station d\u2019Al-Khafsa, est suspendu depuis le 28 d\u00e9cembre.<\/p>\n\n\n\n<p class=\"has-medium-font-size wp-block-paragraph\">En outre et comme si la situation n\u2019\u00e9tait pas assez dramatiquement critique, les personnels humanitaires observent \u00ab une augmentation notable de faits criminels \u00bb, s\u2019agissant notamment de d\u00e9tournements et d\u2019enl\u00e8vements dans certaines parties d\u2019Alep et des zones c\u00f4ti\u00e8res au cours de la semaine derni\u00e8re.<\/p>\n\n\n\n<p class=\"has-medium-font-size wp-block-paragraph\">Plus au sud de la Syrie, les incursions isra\u00e9liennes ont vis\u00e9 le gouvernorat de Quneitra. Le 25 d\u00e9cembre, au moins six civils dont trois enfants, auraient \u00e9t\u00e9 bless\u00e9s lorsque les forces isra\u00e9liennes ont ouvert le feu sur des manifestants \u00e0 Al-Suweisah, ainsi dans la ville de Big Duawaya.<\/p>\n\n\n\n<p class=\"has-medium-font-size wp-block-paragraph\">\u00ab <em>Ces informations sont issues de sources locales, mais les victimes n\u2019ont pas \u00e9t\u00e9 v\u00e9rifi\u00e9es par l\u2019ONU. Au cours de l\u2019incursion, les forces isra\u00e9liennes auraient impos\u00e9 un couvre-feu et demand\u00e9 aux habitants d\u2019\u00e9vacuer la zone<\/em> \u00bb, pr\u00e9cise toutefois l\u2019OCHA.<\/p>\n\n\n\n<h2 class=\"wp-block-heading\" id=\"h-un-envoye-special-nbsp-geir-pedersen-espere-se-rendre-en-syrie-au-debut-de-2025\"><strong>Un envoy\u00e9 sp\u00e9cial&nbsp;: Geir Pedersen esp\u00e8re se rendre en Syrie au d\u00e9but de 2025<\/strong><\/h2>\n\n\n\n<p class=\"has-medium-font-size wp-block-paragraph\">Par ailleurs, de nouveaux points de contr\u00f4le arbitraires \u00e0 Homs ont restreint les d\u00e9placements des populations en qu\u00eate d\u2019une assistance sanitaire, en leur limitant l\u2019acc\u00e8s aux installations humanitaires. En outre, plusieurs manifestations dans la ville de Homs le 25 d\u00e9cembre ont fait des victimes, une personne aurait \u00e9t\u00e9 tu\u00e9e et cinq autres bless\u00e9es, selon des sources locales.<\/p>\n\n\n\n<p class=\"has-medium-font-size wp-block-paragraph\">C\u2019est dans ce contexte que l\u2019Envoy\u00e9 sp\u00e9cial des Nations Unies pour la Syrie continue d\u2019insister dans un v\u0153u pieu, sur la n\u00e9cessit\u00e9 d\u2019une transition dirig\u00e9e par les Syriens eux-m\u00eames, dans ses discussions actuelles sur la voie \u00e0 suivre pour le pays. Dans sa recherche d\u2019une solution n\u00e9goci\u00e9e, Geir Pedersen indique avoir rencontr\u00e9 les autorit\u00e9s fran\u00e7aises, allemandes et russes, a soulign\u00e9 l\u2019ONU lundi, relevant que le diplomate norv\u00e9gien s\u2019est \u00e9galement entretenu le week-end dernier avec le vice-ministre russe des Affaires \u00e9trang\u00e8res, Sergey Vershinin.<\/p>\n\n\n\n<p class=\"has-medium-font-size wp-block-paragraph\">Au cours de toutes ces discussions et \u00e0 qui a bien voulu l\u2019entendre, le diplomate onusien a r\u00e9it\u00e9r\u00e9 la pertinence des principes fondamentaux de la r\u00e9solution 2254 (2015) du Conseil de s\u00e9curit\u00e9 de l\u2019ONU, qui appelle \u00e0 une r\u00e9forme constitutionnelle, \u00e0 des \u00e9lections libres et \u00e9quitables, et \u00e0 un processus politique inclusif dirig\u00e9 par les Syriens.<\/p>\n\n\n\n<p class=\"has-medium-font-size wp-block-paragraph\">\u00ab <em>Son message reste coh\u00e9rent<\/em> \u00bb, a d\u00e9clar\u00e9 Florencia Soto Ni\u00f1o-Martinez porte-parole de l\u2019ONU, aux journalistes lors d\u2019une conf\u00e9rence de presse depuis New York. Ajoutant que l\u2019\u00e9missaire de l\u2019ONU esp\u00e8re \u00e9galement se rendre en Syrie au d\u00e9but de l\u2019ann\u00e9e prochaine.<\/p>\n\n\n\n<h2 class=\"wp-block-heading\" id=\"h-une-strategie-genocidaire-israelienne-millimetree-la-aussi\"><strong>Une strat\u00e9gie g\u00e9nocidaire isra\u00e9lienne millim\u00e9tr\u00e9e, l\u00e0 aussi<\/strong><\/h2>\n\n\n\n<p class=\"has-medium-font-size wp-block-paragraph\">En raison d\u2019une r\u00e9elle instabilit\u00e9 et d\u2019une situation s\u00e9curitaire particuli\u00e8rement p\u00e9rilleuse du fait des agissements de Tsahal, les op\u00e9rations humanitaires restent suspendues dans les r\u00e9gions d\u2019Alep, de Deir-ez-Zor, de Lattaqui\u00e9 et de Tartous. Les exp\u00e9ditions humanitaires de Damas vers la ville de Qamishli dans le gouvernorat d\u2019Al-Hasakeh ont \u00e9galement \u00e9t\u00e9 temporairement interrompues, les risques pesant sur les personnels humanitaires \u00e9tant trop importants.<\/p>\n\n\n\n<p class=\"has-medium-font-size wp-block-paragraph\">Selon l\u2019OCHA, l\u2019ins\u00e9curit\u00e9 permanente et les attaques impr\u00e9visibles, ont \u00e9galement gravement affect\u00e9 la scolarisation des enfants dans les zones rurales de Hama, Lattaqui\u00e9, Quneitra et Tartous, ainsi qu\u2019\u00e0 Deir-ez-Zor o\u00f9 plus de 20 \u00e9coles ont \u00e9t\u00e9 vandalis\u00e9es, pill\u00e9es voir totalement d\u00e9truites.<\/p>\n\n\n\n<p class=\"has-medium-font-size wp-block-paragraph\">\u00c0 Alep, le barrage de Tishreen n\u2019a pas fonctionn\u00e9 pendant 20 jours cons\u00e9cutifs apr\u00e8s avoir \u00e9t\u00e9 volontairement et sciemment endommag\u00e9 par les hostilit\u00e9s du 10 d\u00e9cembre, privant d\u2019eau et d\u2019\u00e9lectricit\u00e9 au moins 413.000 personnes \u00e0 Manbij et \u00e0 Kobani.<\/p>\n\n\n\n<p class=\"has-medium-font-size wp-block-paragraph\">Outre l\u2019ins\u00e9curit\u00e9 persistante li\u00e9e aux frappes sporadiques et n\u00e9anmoins cibl\u00e9es des forces arm\u00e9es isra\u00e9liennes, la Syrie est bien entendu confront\u00e9e \u00e0 une grave crise \u00e9conomique et humanitaire. Face aux promesses des nouveaux ma\u00eetres du pays, les membres du Conseil de s\u00e9curit\u00e9 ont d\u2019ores et d\u00e9j\u00e0 fait part de leurs pr\u00e9occupations croissantes concernant les liquidit\u00e9s financi\u00e8res, le d\u00e9clin des services publics, y compris l\u2019eau et l\u2019\u00e9lectricit\u00e9, ainsi que la flamb\u00e9e des prix des d\u00e9riv\u00e9s du p\u00e9trole et des transports.<\/p>\n\n\n\n<h2 class=\"wp-block-heading\" id=\"h-en-parallele-d-hypothetiques-discussions-politico-diplomatiques-50-tonnes-de-fournitures-medicales-pour-le-nord-ouest\"><strong>En parall\u00e8le d\u2019hypoth\u00e9tiques discussions politico-diplomatiques, 50 tonnes de fournitures m\u00e9dicales pour le nord-ouest<\/strong><\/h2>\n\n\n\n<p class=\"has-medium-font-size wp-block-paragraph\">Selon l\u2019OCHA, il est donc urgent et \u00e9vident pour le commun des mortels, de remettre en \u00e9tat les infrastructures notamment les routes, les r\u00e9seaux \u00e9lectriques et les installations de services publics. En attendant quelques perspectives diplomatiques, l\u2019ONU et ses partenaires continuent de fournir une aide dans la mesure o\u00f9 les conditions de s\u00e9curit\u00e9 et de logistique le permettent.<\/p>\n\n\n\n<p class=\"has-medium-font-size wp-block-paragraph\">L\u2019Organisation mondiale de la sant\u00e9 (OMS) a ainsi coordonn\u00e9 le pont a\u00e9rien humanitaire de l\u2019Union europ\u00e9enne (UE), qui a permis de livrer 50 tonnes de fournitures m\u00e9dicales vitales, notamment des kits de chirurgie traumatologique et des m\u00e9dicaments essentiels, aux \u00e9tablissements de sant\u00e9 du nord-ouest de la Syrie.<\/p>\n\n\n\n<p class=\"has-medium-font-size wp-block-paragraph\">\u00c0 Deir-ez-Zor, Mayadeen et Tabni, le Programme des Nations Unies pour le d\u00e9veloppement (PNUD) a r\u00e9ussi \u00e0 \u00e9liminer plus de 4.000 tonnes de d\u00e9chets solides et 5.000 tonnes de d\u00e9bris, cr\u00e9ant ainsi 370 emplois d\u2019urgence.<\/p>\n\n\n\n<p class=\"has-medium-font-size wp-block-paragraph\">Plus de 1,7 million de personnes \u00e0 travers la Syrie ont re\u00e7u de l\u2019aide sous forme de pain au cours du mois dernier. Au total, plus de 265.000 personnes ont re\u00e7u des rations alimentaires et des repas chauds.<\/p>\n\n\n\n<p class=\"has-medium-font-size wp-block-paragraph\">Les vraies questions et plus qu\u2019urgentes sont&nbsp;: &nbsp;et apr\u00e8s&nbsp;? jusqu\u2019\u00e0 quand&nbsp;?<\/p>","protected":false},"excerpt":{"rendered":"<p>Alors que les hostilit\u00e9s et l\u2019ins\u00e9curit\u00e9 se poursuivent en Syrie, notamment dans les gouvernorats d\u2019Alep, Deir-ez-Zor, Hama, Homs, Lattaqui\u00e9, Quneitra, Damas rural&hellip;<\/p>","protected":false},"author":93,"featured_media":3315,"comment_status":"open","ping_status":"open","sticky":false,"template":"","format":"standard","meta":{"_lmt_disableupdate":"","_lmt_disable":"","footnotes":""},"categories":[5,4],"tags":[],"class_list":["post-3314","post","type-post","status-publish","format-standard","has-post-thumbnail","hentry","category-international","category-mis-en-avant"],"yoast_head":"<!-- This site is optimized with the Yoast SEO Premium plugin v28.1 (Yoast SEO v28.1) - https:\/\/yoast.com\/product\/yoast-seo-premium-wordpress\/ -->\n<title>[Syrie, suite] Pr\u00e8s de 60.000 r\u00e9fugi\u00e9s sont rentr\u00e9s de Turquie, de Jordanie et du Liban en trois semaines, selon le HCR | Geopolitics.fr<\/title>\n<meta name=\"description\" content=\"Malgr\u00e9 la grande ins\u00e9curit\u00e9 et les frappes isra\u00e9liennes, plusieurs dizaines de milliers de r\u00e9fugi\u00e9s reviennent en Syrie\" \/>\n<meta name=\"robots\" content=\"index, follow, max-snippet:-1, max-image-preview:large, max-video-preview:-1\" \/>\n<link rel=\"canonical\" href=\"https:\/\/www.geopolitics.fr\/en\/2025\/01\/05\/syrie-suite-pres-de-60-000-refugies-sont-rentres-de-turquie-de-jordanie-et-du-liban-en-trois-semaines-selon-le-hcr\/\" \/>\n<meta property=\"og:locale\" content=\"en_GB\" \/>\n<meta property=\"og:type\" content=\"article\" \/>\n<meta property=\"og:title\" content=\"[Syrie, suite] Pr\u00e8s de 60.000 r\u00e9fugi\u00e9s sont rentr\u00e9s de Turquie, de Jordanie et du Liban en trois semaines, selon le HCR\" \/>\n<meta property=\"og:description\" content=\"Malgr\u00e9 la grande ins\u00e9curit\u00e9 et les frappes isra\u00e9liennes, plusieurs dizaines de milliers de r\u00e9fugi\u00e9s reviennent en Syrie\" \/>\n<meta property=\"og:url\" content=\"https:\/\/www.geopolitics.fr\/en\/2025\/01\/05\/syrie-suite-pres-de-60-000-refugies-sont-rentres-de-turquie-de-jordanie-et-du-liban-en-trois-semaines-selon-le-hcr\/\" \/>\n<meta property=\"og:site_name\" content=\"Geopolitics.fr\" \/>\n<meta property=\"article:publisher\" content=\"https:\/\/www.facebook.com\/people\/Erwan-Davoux\/61557098968092\/\" \/>\n<meta property=\"article:author\" content=\"https:\/\/www.facebook.com\/odelagarde\" \/>\n<meta property=\"article:published_time\" content=\"2025-01-05T15:00:10+00:00\" \/>\n<meta property=\"article:modified_time\" content=\"2025-01-05T15:00:13+00:00\" \/>\n<meta property=\"og:image\" content=\"https:\/\/www.geopolitics.fr\/wp-content\/uploads\/2025\/01\/refug-syriens.jpg\" \/>\n\t<meta property=\"og:image:width\" content=\"1920\" \/>\n\t<meta property=\"og:image:height\" content=\"1280\" \/>\n\t<meta property=\"og:image:type\" content=\"image\/jpeg\" \/>\n<meta name=\"author\" content=\"Olivier DELAGARDE\" \/>\n<meta name=\"twitter:card\" content=\"summary_large_image\" \/>\n<meta name=\"twitter:creator\" content=\"@Geopolitics_Fr\" \/>\n<meta name=\"twitter:site\" content=\"@Geopolitics_Fr\" \/>\n<meta name=\"twitter:label1\" content=\"Written by\" \/>\n\t<meta name=\"twitter:data1\" content=\"Olivier DELAGARDE\" \/>\n\t<meta name=\"twitter:label2\" content=\"Estimated reading time\" \/>\n\t<meta name=\"twitter:data2\" content=\"7 minutes\" \/>\n<script type=\"application\/ld+json\" class=\"yoast-schema-graph\">{\"@context\":\"https:\\\/\\\/schema.org\",\"@graph\":[{\"@type\":\"Article\",\"@id\":\"https:\\\/\\\/www.geopolitics.fr\\\/2025\\\/01\\\/05\\\/syrie-suite-pres-de-60-000-refugies-sont-rentres-de-turquie-de-jordanie-et-du-liban-en-trois-semaines-selon-le-hcr\\\/#article\",\"isPartOf\":{\"@id\":\"https:\\\/\\\/www.geopolitics.fr\\\/2025\\\/01\\\/05\\\/syrie-suite-pres-de-60-000-refugies-sont-rentres-de-turquie-de-jordanie-et-du-liban-en-trois-semaines-selon-le-hcr\\\/\"},\"author\":{\"name\":\"Olivier DELAGARDE\",\"@id\":\"https:\\\/\\\/www.geopolitics.fr\\\/#\\\/schema\\\/person\\\/9b98d78234af63d6ad71199d66115350\"},\"headline\":\"[Syrie, suite] Pr\u00e8s de 60.000 r\u00e9fugi\u00e9s sont rentr\u00e9s de Turquie, de Jordanie et du Liban en trois semaines, selon le HCR\",\"datePublished\":\"2025-01-05T15:00:10+00:00\",\"dateModified\":\"2025-01-05T15:00:13+00:00\",\"mainEntityOfPage\":{\"@id\":\"https:\\\/\\\/www.geopolitics.fr\\\/2025\\\/01\\\/05\\\/syrie-suite-pres-de-60-000-refugies-sont-rentres-de-turquie-de-jordanie-et-du-liban-en-trois-semaines-selon-le-hcr\\\/\"},\"wordCount\":1483,\"commentCount\":0,\"publisher\":{\"@id\":\"https:\\\/\\\/www.geopolitics.fr\\\/#organization\"},\"image\":{\"@id\":\"https:\\\/\\\/www.geopolitics.fr\\\/2025\\\/01\\\/05\\\/syrie-suite-pres-de-60-000-refugies-sont-rentres-de-turquie-de-jordanie-et-du-liban-en-trois-semaines-selon-le-hcr\\\/#primaryimage\"},\"thumbnailUrl\":\"https:\\\/\\\/www.geopolitics.fr\\\/wp-content\\\/uploads\\\/2025\\\/01\\\/refug-syriens.jpg\",\"articleSection\":[\"International\",\"Mis en AVANT\"],\"inLanguage\":\"en-GB\"},{\"@type\":\"WebPage\",\"@id\":\"https:\\\/\\\/www.geopolitics.fr\\\/2025\\\/01\\\/05\\\/syrie-suite-pres-de-60-000-refugies-sont-rentres-de-turquie-de-jordanie-et-du-liban-en-trois-semaines-selon-le-hcr\\\/\",\"url\":\"https:\\\/\\\/www.geopolitics.fr\\\/2025\\\/01\\\/05\\\/syrie-suite-pres-de-60-000-refugies-sont-rentres-de-turquie-de-jordanie-et-du-liban-en-trois-semaines-selon-le-hcr\\\/\",\"name\":\"[Syrie, suite] Pr\u00e8s de 60.000 r\u00e9fugi\u00e9s sont rentr\u00e9s de Turquie, de Jordanie et du Liban en trois semaines, selon le HCR | Geopolitics.fr\",\"isPartOf\":{\"@id\":\"https:\\\/\\\/www.geopolitics.fr\\\/#website\"},\"primaryImageOfPage\":{\"@id\":\"https:\\\/\\\/www.geopolitics.fr\\\/2025\\\/01\\\/05\\\/syrie-suite-pres-de-60-000-refugies-sont-rentres-de-turquie-de-jordanie-et-du-liban-en-trois-semaines-selon-le-hcr\\\/#primaryimage\"},\"image\":{\"@id\":\"https:\\\/\\\/www.geopolitics.fr\\\/2025\\\/01\\\/05\\\/syrie-suite-pres-de-60-000-refugies-sont-rentres-de-turquie-de-jordanie-et-du-liban-en-trois-semaines-selon-le-hcr\\\/#primaryimage\"},\"thumbnailUrl\":\"https:\\\/\\\/www.geopolitics.fr\\\/wp-content\\\/uploads\\\/2025\\\/01\\\/refug-syriens.jpg\",\"datePublished\":\"2025-01-05T15:00:10+00:00\",\"dateModified\":\"2025-01-05T15:00:13+00:00\",\"description\":\"Malgr\u00e9 la grande ins\u00e9curit\u00e9 et les frappes isra\u00e9liennes, plusieurs dizaines de milliers de r\u00e9fugi\u00e9s reviennent en Syrie\",\"breadcrumb\":{\"@id\":\"https:\\\/\\\/www.geopolitics.fr\\\/2025\\\/01\\\/05\\\/syrie-suite-pres-de-60-000-refugies-sont-rentres-de-turquie-de-jordanie-et-du-liban-en-trois-semaines-selon-le-hcr\\\/#breadcrumb\"},\"inLanguage\":\"en-GB\",\"potentialAction\":[{\"@type\":\"ReadAction\",\"target\":[\"https:\\\/\\\/www.geopolitics.fr\\\/2025\\\/01\\\/05\\\/syrie-suite-pres-de-60-000-refugies-sont-rentres-de-turquie-de-jordanie-et-du-liban-en-trois-semaines-selon-le-hcr\\\/\"]}]},{\"@type\":\"ImageObject\",\"inLanguage\":\"en-GB\",\"@id\":\"https:\\\/\\\/www.geopolitics.fr\\\/2025\\\/01\\\/05\\\/syrie-suite-pres-de-60-000-refugies-sont-rentres-de-turquie-de-jordanie-et-du-liban-en-trois-semaines-selon-le-hcr\\\/#primaryimage\",\"url\":\"https:\\\/\\\/www.geopolitics.fr\\\/wp-content\\\/uploads\\\/2025\\\/01\\\/refug-syriens.jpg\",\"contentUrl\":\"https:\\\/\\\/www.geopolitics.fr\\\/wp-content\\\/uploads\\\/2025\\\/01\\\/refug-syriens.jpg\",\"width\":1920,\"height\":1280},{\"@type\":\"BreadcrumbList\",\"@id\":\"https:\\\/\\\/www.geopolitics.fr\\\/2025\\\/01\\\/05\\\/syrie-suite-pres-de-60-000-refugies-sont-rentres-de-turquie-de-jordanie-et-du-liban-en-trois-semaines-selon-le-hcr\\\/#breadcrumb\",\"itemListElement\":[{\"@type\":\"ListItem\",\"position\":1,\"name\":\"Accueil\",\"item\":\"https:\\\/\\\/www.geopolitics.fr\\\/\"},{\"@type\":\"ListItem\",\"position\":2,\"name\":\"[Syrie, suite] Pr\u00e8s de 60.000 r\u00e9fugi\u00e9s sont rentr\u00e9s de Turquie, de Jordanie et du Liban en trois semaines, selon le HCR\"}]},{\"@type\":\"WebSite\",\"@id\":\"https:\\\/\\\/www.geopolitics.fr\\\/#website\",\"url\":\"https:\\\/\\\/www.geopolitics.fr\\\/\",\"name\":\"Geopolitics.fr\",\"description\":\"Geopolitics.fr Analyse politique, relations internationales, d\u00e9fense - ligne \u00e9ditoriale gaullo-chiraquienne\",\"publisher\":{\"@id\":\"https:\\\/\\\/www.geopolitics.fr\\\/#organization\"},\"potentialAction\":[{\"@type\":\"SearchAction\",\"target\":{\"@type\":\"EntryPoint\",\"urlTemplate\":\"https:\\\/\\\/www.geopolitics.fr\\\/?s={search_term_string}\"},\"query-input\":{\"@type\":\"PropertyValueSpecification\",\"valueRequired\":true,\"valueName\":\"search_term_string\"}}],\"inLanguage\":\"en-GB\"},{\"@type\":\"Organization\",\"@id\":\"https:\\\/\\\/www.geopolitics.fr\\\/#organization\",\"name\":\"Geopolitics.fr\",\"url\":\"https:\\\/\\\/www.geopolitics.fr\\\/\",\"logo\":{\"@type\":\"ImageObject\",\"inLanguage\":\"en-GB\",\"@id\":\"https:\\\/\\\/www.geopolitics.fr\\\/#\\\/schema\\\/logo\\\/image\\\/\",\"url\":\"https:\\\/\\\/www.geopolitics.fr\\\/wp-content\\\/uploads\\\/2024\\\/01\\\/logo.jpg\",\"contentUrl\":\"https:\\\/\\\/www.geopolitics.fr\\\/wp-content\\\/uploads\\\/2024\\\/01\\\/logo.jpg\",\"width\":500,\"height\":500,\"caption\":\"Geopolitics.fr\"},\"image\":{\"@id\":\"https:\\\/\\\/www.geopolitics.fr\\\/#\\\/schema\\\/logo\\\/image\\\/\"},\"sameAs\":[\"https:\\\/\\\/www.facebook.com\\\/people\\\/Erwan-Davoux\\\/61557098968092\\\/\",\"https:\\\/\\\/x.com\\\/Geopolitics_Fr\"]},{\"@type\":\"Person\",\"@id\":\"https:\\\/\\\/www.geopolitics.fr\\\/#\\\/schema\\\/person\\\/9b98d78234af63d6ad71199d66115350\",\"name\":\"Olivier DELAGARDE\",\"image\":{\"@type\":\"ImageObject\",\"inLanguage\":\"en-GB\",\"@id\":\"https:\\\/\\\/secure.gravatar.com\\\/avatar\\\/2c50afbd303b51697d9591857ee182bf3ead572fa530da00bb0278cf506c3a97?s=96&d=mm&r=g\",\"url\":\"https:\\\/\\\/secure.gravatar.com\\\/avatar\\\/2c50afbd303b51697d9591857ee182bf3ead572fa530da00bb0278cf506c3a97?s=96&d=mm&r=g\",\"contentUrl\":\"https:\\\/\\\/secure.gravatar.com\\\/avatar\\\/2c50afbd303b51697d9591857ee182bf3ead572fa530da00bb0278cf506c3a97?s=96&d=mm&r=g\",\"caption\":\"Olivier DELAGARDE\"},\"description\":\"Journaliste depuis plus de 20 ans, accr\u00e9dit\u00e9 aupr\u00e8s de l'Organisation des Nations Unies, de la Ligue des Etats Arabes, titulaire de la Carte d'Identit\u00e9 des Journalistes Professionnels en France et de la F\u00e9d\u00e9ration Internationale des Journalistes, Olivier a occup\u00e9 le poste de Grand reporter correspondant permanent en \u00c9gypte pour des m\u00e9dias de renomm\u00e9e mondiale tels que TV5 MONDE, le GROUPE M6, le GROUPE TF1 ou encore l\u2019AFP. Durant plus de dix ann\u00e9es, il a produit de nombreux reportages sur la politique internationale en Afrique de l'Est, tout en couvrant les principaux conflits au Proche et Moyen-Orient. En tant que Chef de bureau Proche-Orient pour TV5 MONDE, il \u00e9tait responsable de la production de reportages, des relations institutionnelles et de la repr\u00e9sentation de la cha\u00eene, tout en \u00e9crivant pour plusieurs m\u00e9dias europ\u00e9ens et internationaux.\",\"sameAs\":[\"https:\\\/\\\/www.facebook.com\\\/odelagarde\",\"https:\\\/\\\/www.linkedin.com\\\/in\\\/olivier-delagarde-816b17270\\\/\"],\"url\":\"https:\\\/\\\/www.geopolitics.fr\\\/en\\\/author\\\/odelagarde\\\/\"}]}<\/script>\n<!-- \/ Yoast SEO Premium plugin. -->","yoast_head_json":{"title":"[Syrie, suite] Pr\u00e8s de 60.000 r\u00e9fugi\u00e9s sont rentr\u00e9s de Turquie, de Jordanie et du Liban en trois semaines, selon le HCR | Geopolitics.fr","description":"Malgr\u00e9 la grande ins\u00e9curit\u00e9 et les frappes isra\u00e9liennes, plusieurs dizaines de milliers de r\u00e9fugi\u00e9s reviennent en Syrie","robots":{"index":"index","follow":"follow","max-snippet":"max-snippet:-1","max-image-preview":"max-image-preview:large","max-video-preview":"max-video-preview:-1"},"canonical":"https:\/\/www.geopolitics.fr\/en\/2025\/01\/05\/syrie-suite-pres-de-60-000-refugies-sont-rentres-de-turquie-de-jordanie-et-du-liban-en-trois-semaines-selon-le-hcr\/","og_locale":"en_GB","og_type":"article","og_title":"[Syrie, suite] Pr\u00e8s de 60.000 r\u00e9fugi\u00e9s sont rentr\u00e9s de Turquie, de Jordanie et du Liban en trois semaines, selon le HCR","og_description":"Malgr\u00e9 la grande ins\u00e9curit\u00e9 et les frappes isra\u00e9liennes, plusieurs dizaines de milliers de r\u00e9fugi\u00e9s reviennent en Syrie","og_url":"https:\/\/www.geopolitics.fr\/en\/2025\/01\/05\/syrie-suite-pres-de-60-000-refugies-sont-rentres-de-turquie-de-jordanie-et-du-liban-en-trois-semaines-selon-le-hcr\/","og_site_name":"Geopolitics.fr","article_publisher":"https:\/\/www.facebook.com\/people\/Erwan-Davoux\/61557098968092\/","article_author":"https:\/\/www.facebook.com\/odelagarde","article_published_time":"2025-01-05T15:00:10+00:00","article_modified_time":"2025-01-05T15:00:13+00:00","og_image":[{"width":1920,"height":1280,"url":"https:\/\/www.geopolitics.fr\/wp-content\/uploads\/2025\/01\/refug-syriens.jpg","type":"image\/jpeg"}],"author":"Olivier DELAGARDE","twitter_card":"summary_large_image","twitter_creator":"@Geopolitics_Fr","twitter_site":"@Geopolitics_Fr","twitter_misc":{"Written by":"Olivier DELAGARDE","Estimated reading time":"7 minutes"},"schema":{"@context":"https:\/\/schema.org","@graph":[{"@type":"Article","@id":"https:\/\/www.geopolitics.fr\/2025\/01\/05\/syrie-suite-pres-de-60-000-refugies-sont-rentres-de-turquie-de-jordanie-et-du-liban-en-trois-semaines-selon-le-hcr\/#article","isPartOf":{"@id":"https:\/\/www.geopolitics.fr\/2025\/01\/05\/syrie-suite-pres-de-60-000-refugies-sont-rentres-de-turquie-de-jordanie-et-du-liban-en-trois-semaines-selon-le-hcr\/"},"author":{"name":"Olivier DELAGARDE","@id":"https:\/\/www.geopolitics.fr\/#\/schema\/person\/9b98d78234af63d6ad71199d66115350"},"headline":"[Syrie, suite] Pr\u00e8s de 60.000 r\u00e9fugi\u00e9s sont rentr\u00e9s de Turquie, de Jordanie et du Liban en trois semaines, selon le HCR","datePublished":"2025-01-05T15:00:10+00:00","dateModified":"2025-01-05T15:00:13+00:00","mainEntityOfPage":{"@id":"https:\/\/www.geopolitics.fr\/2025\/01\/05\/syrie-suite-pres-de-60-000-refugies-sont-rentres-de-turquie-de-jordanie-et-du-liban-en-trois-semaines-selon-le-hcr\/"},"wordCount":1483,"commentCount":0,"publisher":{"@id":"https:\/\/www.geopolitics.fr\/#organization"},"image":{"@id":"https:\/\/www.geopolitics.fr\/2025\/01\/05\/syrie-suite-pres-de-60-000-refugies-sont-rentres-de-turquie-de-jordanie-et-du-liban-en-trois-semaines-selon-le-hcr\/#primaryimage"},"thumbnailUrl":"https:\/\/www.geopolitics.fr\/wp-content\/uploads\/2025\/01\/refug-syriens.jpg","articleSection":["International","Mis en AVANT"],"inLanguage":"en-GB"},{"@type":"WebPage","@id":"https:\/\/www.geopolitics.fr\/2025\/01\/05\/syrie-suite-pres-de-60-000-refugies-sont-rentres-de-turquie-de-jordanie-et-du-liban-en-trois-semaines-selon-le-hcr\/","url":"https:\/\/www.geopolitics.fr\/2025\/01\/05\/syrie-suite-pres-de-60-000-refugies-sont-rentres-de-turquie-de-jordanie-et-du-liban-en-trois-semaines-selon-le-hcr\/","name":"[Syrie, suite] Pr\u00e8s de 60.000 r\u00e9fugi\u00e9s sont rentr\u00e9s de Turquie, de Jordanie et du Liban en trois semaines, selon le HCR | Geopolitics.fr","isPartOf":{"@id":"https:\/\/www.geopolitics.fr\/#website"},"primaryImageOfPage":{"@id":"https:\/\/www.geopolitics.fr\/2025\/01\/05\/syrie-suite-pres-de-60-000-refugies-sont-rentres-de-turquie-de-jordanie-et-du-liban-en-trois-semaines-selon-le-hcr\/#primaryimage"},"image":{"@id":"https:\/\/www.geopolitics.fr\/2025\/01\/05\/syrie-suite-pres-de-60-000-refugies-sont-rentres-de-turquie-de-jordanie-et-du-liban-en-trois-semaines-selon-le-hcr\/#primaryimage"},"thumbnailUrl":"https:\/\/www.geopolitics.fr\/wp-content\/uploads\/2025\/01\/refug-syriens.jpg","datePublished":"2025-01-05T15:00:10+00:00","dateModified":"2025-01-05T15:00:13+00:00","description":"Malgr\u00e9 la grande ins\u00e9curit\u00e9 et les frappes isra\u00e9liennes, plusieurs dizaines de milliers de r\u00e9fugi\u00e9s reviennent en Syrie","breadcrumb":{"@id":"https:\/\/www.geopolitics.fr\/2025\/01\/05\/syrie-suite-pres-de-60-000-refugies-sont-rentres-de-turquie-de-jordanie-et-du-liban-en-trois-semaines-selon-le-hcr\/#breadcrumb"},"inLanguage":"en-GB","potentialAction":[{"@type":"ReadAction","target":["https:\/\/www.geopolitics.fr\/2025\/01\/05\/syrie-suite-pres-de-60-000-refugies-sont-rentres-de-turquie-de-jordanie-et-du-liban-en-trois-semaines-selon-le-hcr\/"]}]},{"@type":"ImageObject","inLanguage":"en-GB","@id":"https:\/\/www.geopolitics.fr\/2025\/01\/05\/syrie-suite-pres-de-60-000-refugies-sont-rentres-de-turquie-de-jordanie-et-du-liban-en-trois-semaines-selon-le-hcr\/#primaryimage","url":"https:\/\/www.geopolitics.fr\/wp-content\/uploads\/2025\/01\/refug-syriens.jpg","contentUrl":"https:\/\/www.geopolitics.fr\/wp-content\/uploads\/2025\/01\/refug-syriens.jpg","width":1920,"height":1280},{"@type":"BreadcrumbList","@id":"https:\/\/www.geopolitics.fr\/2025\/01\/05\/syrie-suite-pres-de-60-000-refugies-sont-rentres-de-turquie-de-jordanie-et-du-liban-en-trois-semaines-selon-le-hcr\/#breadcrumb","itemListElement":[{"@type":"ListItem","position":1,"name":"Accueil","item":"https:\/\/www.geopolitics.fr\/"},{"@type":"ListItem","position":2,"name":"[Syrie, suite] Pr\u00e8s de 60.000 r\u00e9fugi\u00e9s sont rentr\u00e9s de Turquie, de Jordanie et du Liban en trois semaines, selon le HCR"}]},{"@type":"WebSite","@id":"https:\/\/www.geopolitics.fr\/#website","url":"https:\/\/www.geopolitics.fr\/","name":"Geopolitics.fr","description":"Geopolitics.fr Analyse politique, relations internationales, d\u00e9fense - ligne \u00e9ditoriale gaullo-chiraquienne","publisher":{"@id":"https:\/\/www.geopolitics.fr\/#organization"},"potentialAction":[{"@type":"SearchAction","target":{"@type":"EntryPoint","urlTemplate":"https:\/\/www.geopolitics.fr\/?s={search_term_string}"},"query-input":{"@type":"PropertyValueSpecification","valueRequired":true,"valueName":"search_term_string"}}],"inLanguage":"en-GB"},{"@type":"Organization","@id":"https:\/\/www.geopolitics.fr\/#organization","name":"Geopolitics.fr","url":"https:\/\/www.geopolitics.fr\/","logo":{"@type":"ImageObject","inLanguage":"en-GB","@id":"https:\/\/www.geopolitics.fr\/#\/schema\/logo\/image\/","url":"https:\/\/www.geopolitics.fr\/wp-content\/uploads\/2024\/01\/logo.jpg","contentUrl":"https:\/\/www.geopolitics.fr\/wp-content\/uploads\/2024\/01\/logo.jpg","width":500,"height":500,"caption":"Geopolitics.fr"},"image":{"@id":"https:\/\/www.geopolitics.fr\/#\/schema\/logo\/image\/"},"sameAs":["https:\/\/www.facebook.com\/people\/Erwan-Davoux\/61557098968092\/","https:\/\/x.com\/Geopolitics_Fr"]},{"@type":"Person","@id":"https:\/\/www.geopolitics.fr\/#\/schema\/person\/9b98d78234af63d6ad71199d66115350","name":"Olivier DELAGARDE","image":{"@type":"ImageObject","inLanguage":"en-GB","@id":"https:\/\/secure.gravatar.com\/avatar\/2c50afbd303b51697d9591857ee182bf3ead572fa530da00bb0278cf506c3a97?s=96&d=mm&r=g","url":"https:\/\/secure.gravatar.com\/avatar\/2c50afbd303b51697d9591857ee182bf3ead572fa530da00bb0278cf506c3a97?s=96&d=mm&r=g","contentUrl":"https:\/\/secure.gravatar.com\/avatar\/2c50afbd303b51697d9591857ee182bf3ead572fa530da00bb0278cf506c3a97?s=96&d=mm&r=g","caption":"Olivier DELAGARDE"},"description":"Journaliste depuis plus de 20 ans, accr\u00e9dit\u00e9 aupr\u00e8s de l'Organisation des Nations Unies, de la Ligue des Etats Arabes, titulaire de la Carte d'Identit\u00e9 des Journalistes Professionnels en France et de la F\u00e9d\u00e9ration Internationale des Journalistes, Olivier a occup\u00e9 le poste de Grand reporter correspondant permanent en \u00c9gypte pour des m\u00e9dias de renomm\u00e9e mondiale tels que TV5 MONDE, le GROUPE M6, le GROUPE TF1 ou encore l\u2019AFP. Durant plus de dix ann\u00e9es, il a produit de nombreux reportages sur la politique internationale en Afrique de l'Est, tout en couvrant les principaux conflits au Proche et Moyen-Orient. En tant que Chef de bureau Proche-Orient pour TV5 MONDE, il \u00e9tait responsable de la production de reportages, des relations institutionnelles et de la repr\u00e9sentation de la cha\u00eene, tout en \u00e9crivant pour plusieurs m\u00e9dias europ\u00e9ens et internationaux.","sameAs":["https:\/\/www.facebook.com\/odelagarde","https:\/\/www.linkedin.com\/in\/olivier-delagarde-816b17270\/"],"url":"https:\/\/www.geopolitics.fr\/en\/author\/odelagarde\/"}]}},"_links":{"self":[{"href":"https:\/\/www.geopolitics.fr\/en\/wp-json\/wp\/v2\/posts\/3314","targetHints":{"allow":["GET"]}}],"collection":[{"href":"https:\/\/www.geopolitics.fr\/en\/wp-json\/wp\/v2\/posts"}],"about":[{"href":"https:\/\/www.geopolitics.fr\/en\/wp-json\/wp\/v2\/types\/post"}],"author":[{"embeddable":true,"href":"https:\/\/www.geopolitics.fr\/en\/wp-json\/wp\/v2\/users\/93"}],"replies":[{"embeddable":true,"href":"https:\/\/www.geopolitics.fr\/en\/wp-json\/wp\/v2\/comments?post=3314"}],"version-history":[{"count":0,"href":"https:\/\/www.geopolitics.fr\/en\/wp-json\/wp\/v2\/posts\/3314\/revisions"}],"wp:featuredmedia":[{"embeddable":true,"href":"https:\/\/www.geopolitics.fr\/en\/wp-json\/wp\/v2\/media\/3315"}],"wp:attachment":[{"href":"https:\/\/www.geopolitics.fr\/en\/wp-json\/wp\/v2\/media?parent=3314"}],"wp:term":[{"taxonomy":"category","embeddable":true,"href":"https:\/\/www.geopolitics.fr\/en\/wp-json\/wp\/v2\/categories?post=3314"},{"taxonomy":"post_tag","embeddable":true,"href":"https:\/\/www.geopolitics.fr\/en\/wp-json\/wp\/v2\/tags?post=3314"}],"curies":[{"name":"wp","href":"https:\/\/api.w.org\/{rel}","templated":true}]}}