{"id":3311,"date":"2025-01-03T21:06:42","date_gmt":"2025-01-03T20:06:42","guid":{"rendered":"https:\/\/www.geopolitics.fr\/?p=3311"},"modified":"2025-01-03T21:06:45","modified_gmt":"2025-01-03T20:06:45","slug":"destruction-de-gaza-la-catastrophe-est-aussi-sanitaire-et-environnementale","status":"publish","type":"post","link":"https:\/\/www.geopolitics.fr\/en\/2025\/01\/03\/destruction-de-gaza-la-catastrophe-est-aussi-sanitaire-et-environnementale\/","title":{"rendered":"Destruction de Gaza, la catastrophe est aussi sanitaire et environnementale"},"content":{"rendered":"<p class=\"has-medium-font-size wp-block-paragraph\"><em>Alors que la guerre fait rage depuis octobre 2023 et que le bilan humain s\u2019alourdit tous les jours un peu plus, une autre probl\u00e9matique du conflit fait surface : celle d\u2019un d\u00e9sastre environnemental aux cons\u00e9quences multiples en particulier sanitaires, qui p\u00e8se lourdement sur la vie quotidienne des Gazaouis. Touch\u00e9s par les destructions d\u2019infrastructures, les pollutions et une crise hydrique aigu\u00eb, le quotidien de ces derniers est d\u2019autant aggrav\u00e9.<\/em><\/p>\n\n\n\n<p class=\"has-medium-font-size wp-block-paragraph\">Gaza n\u2019est pas seulement touch\u00e9e par les roquettes et les drones kamikazes. La ville traverse en cons\u00e9quences de la destruction d\u2019infrastructures, une crise environnementale sans pr\u00e9c\u00e9dent. Fragment de la Palestine, la bande est un territoire exigu de 360 kilom\u00e8tres carr\u00e9s, soit \u00e0 peine trois fois la superficie de Paris intra-muros, caract\u00e9ris\u00e9 par une importante croissance d\u00e9mographique.<\/p>\n\n\n\n<p class=\"has-medium-font-size wp-block-paragraph\">Avec environ 2,3 millions d\u2019habitants, c\u2019est l\u2019un des territoires les plus denses de la plan\u00e8te, au regard de sa surface. D\u00e9j\u00e0 \u00e0 son origine et nonobstant le conflit actuel, la population g\u00e9n\u00e9rait une pression sur l\u2019environnement d\u2019autant plus forte, que feu les autorit\u00e9s peinaient \u00e0 assumer le rythme exponentiel d\u00e9mographique dans un contexte de grande pauvret\u00e9. Rappelons que le PIB par habitant est inf\u00e9rieur \u00e0 2000 dollars par an, et qu\u2019in\u00e9luctablement 46% de la population vivait sous le seuil de pauvret\u00e9 en 2022.<\/p>\n\n\n\n<h2 class=\"wp-block-heading\" id=\"h-une-vague-de-nouveaux-fleaux\"><strong>Une vague de nouveaux fl\u00e9aux<\/strong><\/h2>\n\n\n\n<p class=\"has-medium-font-size wp-block-paragraph\">Alors que l\u2019insuffisance d\u2019infrastructures telles que le r\u00e9seau d\u2019eau potable ou encore les stations d\u2019assainissement atteignaient d\u00e9j\u00e0 un niveau critique, celles-ci sont dor\u00e9navant en grande partie d\u00e9vast\u00e9es par le conflit meurtrier et destructeur, accentuant une crise environnementale de plus en plus marqu\u00e9e. Ce, entrainant des cons\u00e9quences sanitaires d\u00e9plorables.<\/p>\n\n\n\n<p class=\"has-medium-font-size wp-block-paragraph\">Fin septembre 2024, plus de 66% des b\u00e2timents de la bande de Gaza ont \u00e9t\u00e9 d\u00e9truits ou endommag\u00e9s, dont au moins 60% des h\u00f4pitaux, des \u00e9coles et des universit\u00e9s selon l\u2019ONU, qui s\u2019appuie sur des donn\u00e9es satellites. L\u2019organisation internationale estime que la guerre a d\u00e9j\u00e0 g\u00e9n\u00e9r\u00e9 39 millions de tonnes de d\u00e9bris, soit l\u2019\u00e9quivalent de dix grandes pyramides de Gizeh (\u00c9gypte). Ces d\u00e9bris renferment souvent des restes humains ou des munitions non explos\u00e9es, tandis que les effondrements et les incendies dus aux bombardements produisent d\u2019\u00e9normes quantit\u00e9s de poussi\u00e8re \u00e0 l\u2019origine de difficult\u00e9s respiratoires.<\/p>\n\n\n\n<p class=\"has-medium-font-size wp-block-paragraph\">De constats d\u2019experts, les Nations unies d\u00e9noncent en outre que plusieurs munitions utilis\u00e9es par l\u2019arm\u00e9e isra\u00e9lienne contiennent des substances chimiques dangereuses telles que du phosphore ou des m\u00e9taux lourds toxiques (arsenic, cadmium, chrome, plomb, mercure), \u00e9videmment sur la sant\u00e9, mais \u00e9galement non sans cons\u00e9quences sur l\u2019environnement direct. Aussi vient s\u2019ajouter \u00e0 ce fait av\u00e9r\u00e9, la destruction de la moiti\u00e9 des terrains agricoles (surtout des oliveraies et des orangeraies), mena\u00e7ant un approvisionnement alimentaire d\u00e9j\u00e0 extr\u00eamement limit\u00e9 et d\u00e9pendant de l\u2019ext\u00e9rieur. Au-del\u00e0 donc de l\u2019endommagement des sols devenus inexploitables par les bombardements, les derni\u00e8res parcelles qui laissaient un espoir d\u2019autoproduction bien que limit\u00e9e, sont maintenant dangereusement pollu\u00e9es.<\/p>\n\n\n\n<p class=\"has-medium-font-size wp-block-paragraph\">\u00c9galement, le ramassage des ordures \u00e9tant rendu impossible par la p\u00e9nurie de carburant et les vagues de frappes impr\u00e9visibles, les d\u00e9chets s\u2019entassent dans de multiples d\u00e9charges informelles et improvis\u00e9es, contaminant ainsi les sols et les nappes phr\u00e9atiques par infiltration, ou bien ils sont br\u00fbl\u00e9s, aggravant une pollution de l\u2019air d\u00e9j\u00e0 particuli\u00e8rement \u00e9lev\u00e9e. Et comme cela ne se suffisait pas, les r\u00e9seaux de distribution d\u2019eau potable et d\u2019assainissement sont quasiment \u00e0 l\u2019arr\u00eat.<\/p>\n\n\n\n<p class=\"has-medium-font-size wp-block-paragraph\">A de nombreuse reprises, l\u2019ONU et les rares organisations humanitaires rest\u00e9es sur place, ont d\u00e9nonc\u00e9 l\u2019utilisation de l\u2019eau comme une \u00ab&nbsp;arme de guerre&nbsp;\u00bb dans le cadre du si\u00e8ge de Gaza, qui limite aussi drastiquement la quantit\u00e9 de nourriture entrant sur le territoire (ONU 2024, Oxfam 2024).<\/p>\n\n\n\n<h2 class=\"wp-block-heading\" id=\"h-une-catastrophe-sanitaire-sans-precedent\"><strong>Une catastrophe sanitaire sans pr\u00e9c\u00e9dent<\/strong><\/h2>\n\n\n\n<p class=\"has-medium-font-size wp-block-paragraph\">C\u2019est la guerre bien s\u00fbr. Mais une guerre qui ne respecte aucune des r\u00e8gles internationales. Les cons\u00e9quences sanitaires sont telles tant \u00e0 court qu\u2019\u00e0 long terme, qu\u2019elles rendent le territoire invivable tant les conditions de vie deviennent insalubres. Dans les trois premiers mois du conflit, l\u2019ONU enregistrait d\u00e9j\u00e0 des cas de diarrh\u00e9es (caus\u00e9es par la consommation d\u2019eau contamin\u00e9e) 25 fois sup\u00e9rieurs au niveau d\u2019avant le conflit. L\u2019absence quasi totale d\u2019assainissement combin\u00e9e aux fortes densit\u00e9s dans les camps de r\u00e9fugi\u00e9s font dor\u00e9navant craindre l\u2019apparition du chol\u00e9ra, alors que des cas de gale et d\u2019h\u00e9patite A sont d\u00e9j\u00e0 recens\u00e9s. Aussi, les ONG observent une r\u00e9surgence de la poliomy\u00e9lite, une maladie pourtant disparue depuis vingt-cinq ans sur ce territoire, justifiant une br\u00e8ve \u00ab pause humanitaire \u00bb ayant pour but de mener une campagne de vaccination. Autre ph\u00e9nom\u00e8ne aggravant&nbsp;: les d\u00e9placements de population facilitent la propagation des \u00e9pid\u00e9mies, d\u2019autant plus que les Palestiniens sont rendus plus vuln\u00e9rables par la malnutrition et la d\u00e9sorganisation d\u2019un syst\u00e8me de sant\u00e9 submerg\u00e9 par la prise en charge des bless\u00e9s. Contr\u00f4l\u00e9e par Isra\u00ebl, l\u2019aide humanitaire n\u2019entre qu\u2019au compte-gouttes dans cette enclave s\u2019\u00e9loignant du regard des m\u00e9dias internationaux.<\/p>\n\n\n\n<p class=\"has-medium-font-size wp-block-paragraph\">S\u2019ajoutant aux \u00ab caract\u00e9ristiques g\u00e9nocidaires \u00bb du conflit, relev\u00e9es par le Conseil de s\u00e9curit\u00e9 de l\u2019ONU en mars 2024, cet \u00ab \u00e9cocide \u00bb rev\u00eat toutes les caract\u00e9ristique nouvelles de crime de guerre. En effet, les dommages \u00e9cologiques en temps de conflit \u00e9tant condamn\u00e9s par le droit international (protocole additionnel aux conventions de Gen\u00e8ve ainsi qu\u2019au statut de Rome de la Cour p\u00e9nale internationale, qui a montr\u00e9 sa volont\u00e9 en ce sens en f\u00e9vrier 2024).<\/p>\n\n\n\n<p class=\"has-medium-font-size wp-block-paragraph\">Une pareille situation pose la question de la reconstruction et de la r\u00e9silience de ce territoire\u2026 lorsque les combats auront cess\u00e9. Viendra \u00e9galement le temps du constat de qui ou d\u2019o\u00f9 viendra cet hypoth\u00e9tique sauvetage.<\/p>","protected":false},"excerpt":{"rendered":"<p>Alors que la guerre fait rage depuis octobre 2023 et que le bilan humain s\u2019alourdit tous les jours un peu plus, une&hellip;<\/p>","protected":false},"author":93,"featured_media":3312,"comment_status":"open","ping_status":"open","sticky":false,"template":"","format":"standard","meta":{"_lmt_disableupdate":"","_lmt_disable":"","footnotes":""},"categories":[5,4],"tags":[],"class_list":["post-3311","post","type-post","status-publish","format-standard","has-post-thumbnail","hentry","category-international","category-mis-en-avant"],"yoast_head":"<!-- This site is optimized with the Yoast SEO Premium plugin v28.1 (Yoast SEO v28.1) - https:\/\/yoast.com\/product\/yoast-seo-premium-wordpress\/ -->\n<title>Destruction de Gaza, la catastrophe est aussi sanitaire et environnementale | Geopolitics.fr<\/title>\n<meta name=\"description\" content=\"La catastrophe \u00e0 Gaza est aussi sanitaire et \u00e9cologique ce qui renforce le caract\u00e8re des crimes de guerre commis par Isra\u00ebl\" \/>\n<meta name=\"robots\" content=\"index, follow, max-snippet:-1, max-image-preview:large, max-video-preview:-1\" \/>\n<link rel=\"canonical\" href=\"https:\/\/www.geopolitics.fr\/en\/2025\/01\/03\/destruction-de-gaza-la-catastrophe-est-aussi-sanitaire-et-environnementale\/\" \/>\n<meta property=\"og:locale\" content=\"en_GB\" \/>\n<meta property=\"og:type\" content=\"article\" \/>\n<meta property=\"og:title\" content=\"Destruction de Gaza, la catastrophe est aussi sanitaire et environnementale\" \/>\n<meta property=\"og:description\" content=\"La catastrophe \u00e0 Gaza est aussi sanitaire et \u00e9cologique ce qui renforce le caract\u00e8re des crimes de guerre commis par Isra\u00ebl\" \/>\n<meta property=\"og:url\" content=\"https:\/\/www.geopolitics.fr\/en\/2025\/01\/03\/destruction-de-gaza-la-catastrophe-est-aussi-sanitaire-et-environnementale\/\" \/>\n<meta property=\"og:site_name\" content=\"Geopolitics.fr\" \/>\n<meta property=\"article:publisher\" content=\"https:\/\/www.facebook.com\/people\/Erwan-Davoux\/61557098968092\/\" \/>\n<meta property=\"article:author\" content=\"https:\/\/www.facebook.com\/odelagarde\" \/>\n<meta property=\"article:published_time\" content=\"2025-01-03T20:06:42+00:00\" \/>\n<meta property=\"article:modified_time\" content=\"2025-01-03T20:06:45+00:00\" \/>\n<meta property=\"og:image\" content=\"https:\/\/www.geopolitics.fr\/wp-content\/uploads\/2025\/01\/Gaza-san.jpg\" \/>\n\t<meta property=\"og:image:width\" content=\"1200\" \/>\n\t<meta property=\"og:image:height\" content=\"800\" \/>\n\t<meta property=\"og:image:type\" content=\"image\/jpeg\" \/>\n<meta name=\"author\" content=\"Olivier DELAGARDE\" \/>\n<meta name=\"twitter:card\" content=\"summary_large_image\" \/>\n<meta name=\"twitter:creator\" content=\"@Geopolitics_Fr\" \/>\n<meta name=\"twitter:site\" content=\"@Geopolitics_Fr\" \/>\n<meta name=\"twitter:label1\" content=\"Written by\" \/>\n\t<meta name=\"twitter:data1\" content=\"Olivier DELAGARDE\" \/>\n\t<meta name=\"twitter:label2\" content=\"Estimated reading time\" \/>\n\t<meta name=\"twitter:data2\" content=\"5 minutes\" \/>\n<script type=\"application\/ld+json\" class=\"yoast-schema-graph\">{\"@context\":\"https:\\\/\\\/schema.org\",\"@graph\":[{\"@type\":\"Article\",\"@id\":\"https:\\\/\\\/www.geopolitics.fr\\\/2025\\\/01\\\/03\\\/destruction-de-gaza-la-catastrophe-est-aussi-sanitaire-et-environnementale\\\/#article\",\"isPartOf\":{\"@id\":\"https:\\\/\\\/www.geopolitics.fr\\\/2025\\\/01\\\/03\\\/destruction-de-gaza-la-catastrophe-est-aussi-sanitaire-et-environnementale\\\/\"},\"author\":{\"name\":\"Olivier DELAGARDE\",\"@id\":\"https:\\\/\\\/www.geopolitics.fr\\\/#\\\/schema\\\/person\\\/9b98d78234af63d6ad71199d66115350\"},\"headline\":\"Destruction de Gaza, la catastrophe est aussi sanitaire et environnementale\",\"datePublished\":\"2025-01-03T20:06:42+00:00\",\"dateModified\":\"2025-01-03T20:06:45+00:00\",\"mainEntityOfPage\":{\"@id\":\"https:\\\/\\\/www.geopolitics.fr\\\/2025\\\/01\\\/03\\\/destruction-de-gaza-la-catastrophe-est-aussi-sanitaire-et-environnementale\\\/\"},\"wordCount\":1038,\"commentCount\":0,\"publisher\":{\"@id\":\"https:\\\/\\\/www.geopolitics.fr\\\/#organization\"},\"image\":{\"@id\":\"https:\\\/\\\/www.geopolitics.fr\\\/2025\\\/01\\\/03\\\/destruction-de-gaza-la-catastrophe-est-aussi-sanitaire-et-environnementale\\\/#primaryimage\"},\"thumbnailUrl\":\"https:\\\/\\\/www.geopolitics.fr\\\/wp-content\\\/uploads\\\/2025\\\/01\\\/Gaza-san.jpg\",\"articleSection\":[\"International\",\"Mis en AVANT\"],\"inLanguage\":\"en-GB\"},{\"@type\":\"WebPage\",\"@id\":\"https:\\\/\\\/www.geopolitics.fr\\\/2025\\\/01\\\/03\\\/destruction-de-gaza-la-catastrophe-est-aussi-sanitaire-et-environnementale\\\/\",\"url\":\"https:\\\/\\\/www.geopolitics.fr\\\/2025\\\/01\\\/03\\\/destruction-de-gaza-la-catastrophe-est-aussi-sanitaire-et-environnementale\\\/\",\"name\":\"Destruction de Gaza, la catastrophe est aussi sanitaire et environnementale | Geopolitics.fr\",\"isPartOf\":{\"@id\":\"https:\\\/\\\/www.geopolitics.fr\\\/#website\"},\"primaryImageOfPage\":{\"@id\":\"https:\\\/\\\/www.geopolitics.fr\\\/2025\\\/01\\\/03\\\/destruction-de-gaza-la-catastrophe-est-aussi-sanitaire-et-environnementale\\\/#primaryimage\"},\"image\":{\"@id\":\"https:\\\/\\\/www.geopolitics.fr\\\/2025\\\/01\\\/03\\\/destruction-de-gaza-la-catastrophe-est-aussi-sanitaire-et-environnementale\\\/#primaryimage\"},\"thumbnailUrl\":\"https:\\\/\\\/www.geopolitics.fr\\\/wp-content\\\/uploads\\\/2025\\\/01\\\/Gaza-san.jpg\",\"datePublished\":\"2025-01-03T20:06:42+00:00\",\"dateModified\":\"2025-01-03T20:06:45+00:00\",\"description\":\"La catastrophe \u00e0 Gaza est aussi sanitaire et \u00e9cologique ce qui renforce le caract\u00e8re des crimes de guerre commis par Isra\u00ebl\",\"breadcrumb\":{\"@id\":\"https:\\\/\\\/www.geopolitics.fr\\\/2025\\\/01\\\/03\\\/destruction-de-gaza-la-catastrophe-est-aussi-sanitaire-et-environnementale\\\/#breadcrumb\"},\"inLanguage\":\"en-GB\",\"potentialAction\":[{\"@type\":\"ReadAction\",\"target\":[\"https:\\\/\\\/www.geopolitics.fr\\\/2025\\\/01\\\/03\\\/destruction-de-gaza-la-catastrophe-est-aussi-sanitaire-et-environnementale\\\/\"]}]},{\"@type\":\"ImageObject\",\"inLanguage\":\"en-GB\",\"@id\":\"https:\\\/\\\/www.geopolitics.fr\\\/2025\\\/01\\\/03\\\/destruction-de-gaza-la-catastrophe-est-aussi-sanitaire-et-environnementale\\\/#primaryimage\",\"url\":\"https:\\\/\\\/www.geopolitics.fr\\\/wp-content\\\/uploads\\\/2025\\\/01\\\/Gaza-san.jpg\",\"contentUrl\":\"https:\\\/\\\/www.geopolitics.fr\\\/wp-content\\\/uploads\\\/2025\\\/01\\\/Gaza-san.jpg\",\"width\":1200,\"height\":800},{\"@type\":\"BreadcrumbList\",\"@id\":\"https:\\\/\\\/www.geopolitics.fr\\\/2025\\\/01\\\/03\\\/destruction-de-gaza-la-catastrophe-est-aussi-sanitaire-et-environnementale\\\/#breadcrumb\",\"itemListElement\":[{\"@type\":\"ListItem\",\"position\":1,\"name\":\"Accueil\",\"item\":\"https:\\\/\\\/www.geopolitics.fr\\\/\"},{\"@type\":\"ListItem\",\"position\":2,\"name\":\"Destruction de Gaza, la catastrophe est aussi sanitaire et environnementale\"}]},{\"@type\":\"WebSite\",\"@id\":\"https:\\\/\\\/www.geopolitics.fr\\\/#website\",\"url\":\"https:\\\/\\\/www.geopolitics.fr\\\/\",\"name\":\"Geopolitics.fr\",\"description\":\"Geopolitics.fr Analyse politique, relations internationales, d\u00e9fense - ligne \u00e9ditoriale gaullo-chiraquienne\",\"publisher\":{\"@id\":\"https:\\\/\\\/www.geopolitics.fr\\\/#organization\"},\"potentialAction\":[{\"@type\":\"SearchAction\",\"target\":{\"@type\":\"EntryPoint\",\"urlTemplate\":\"https:\\\/\\\/www.geopolitics.fr\\\/?s={search_term_string}\"},\"query-input\":{\"@type\":\"PropertyValueSpecification\",\"valueRequired\":true,\"valueName\":\"search_term_string\"}}],\"inLanguage\":\"en-GB\"},{\"@type\":\"Organization\",\"@id\":\"https:\\\/\\\/www.geopolitics.fr\\\/#organization\",\"name\":\"Geopolitics.fr\",\"url\":\"https:\\\/\\\/www.geopolitics.fr\\\/\",\"logo\":{\"@type\":\"ImageObject\",\"inLanguage\":\"en-GB\",\"@id\":\"https:\\\/\\\/www.geopolitics.fr\\\/#\\\/schema\\\/logo\\\/image\\\/\",\"url\":\"https:\\\/\\\/www.geopolitics.fr\\\/wp-content\\\/uploads\\\/2024\\\/01\\\/logo.jpg\",\"contentUrl\":\"https:\\\/\\\/www.geopolitics.fr\\\/wp-content\\\/uploads\\\/2024\\\/01\\\/logo.jpg\",\"width\":500,\"height\":500,\"caption\":\"Geopolitics.fr\"},\"image\":{\"@id\":\"https:\\\/\\\/www.geopolitics.fr\\\/#\\\/schema\\\/logo\\\/image\\\/\"},\"sameAs\":[\"https:\\\/\\\/www.facebook.com\\\/people\\\/Erwan-Davoux\\\/61557098968092\\\/\",\"https:\\\/\\\/x.com\\\/Geopolitics_Fr\"]},{\"@type\":\"Person\",\"@id\":\"https:\\\/\\\/www.geopolitics.fr\\\/#\\\/schema\\\/person\\\/9b98d78234af63d6ad71199d66115350\",\"name\":\"Olivier DELAGARDE\",\"image\":{\"@type\":\"ImageObject\",\"inLanguage\":\"en-GB\",\"@id\":\"https:\\\/\\\/secure.gravatar.com\\\/avatar\\\/2c50afbd303b51697d9591857ee182bf3ead572fa530da00bb0278cf506c3a97?s=96&d=mm&r=g\",\"url\":\"https:\\\/\\\/secure.gravatar.com\\\/avatar\\\/2c50afbd303b51697d9591857ee182bf3ead572fa530da00bb0278cf506c3a97?s=96&d=mm&r=g\",\"contentUrl\":\"https:\\\/\\\/secure.gravatar.com\\\/avatar\\\/2c50afbd303b51697d9591857ee182bf3ead572fa530da00bb0278cf506c3a97?s=96&d=mm&r=g\",\"caption\":\"Olivier DELAGARDE\"},\"description\":\"Journaliste depuis plus de 20 ans, accr\u00e9dit\u00e9 aupr\u00e8s de l'Organisation des Nations Unies, de la Ligue des Etats Arabes, titulaire de la Carte d'Identit\u00e9 des Journalistes Professionnels en France et de la F\u00e9d\u00e9ration Internationale des Journalistes, Olivier a occup\u00e9 le poste de Grand reporter correspondant permanent en \u00c9gypte pour des m\u00e9dias de renomm\u00e9e mondiale tels que TV5 MONDE, le GROUPE M6, le GROUPE TF1 ou encore l\u2019AFP. Durant plus de dix ann\u00e9es, il a produit de nombreux reportages sur la politique internationale en Afrique de l'Est, tout en couvrant les principaux conflits au Proche et Moyen-Orient. En tant que Chef de bureau Proche-Orient pour TV5 MONDE, il \u00e9tait responsable de la production de reportages, des relations institutionnelles et de la repr\u00e9sentation de la cha\u00eene, tout en \u00e9crivant pour plusieurs m\u00e9dias europ\u00e9ens et internationaux.\",\"sameAs\":[\"https:\\\/\\\/www.facebook.com\\\/odelagarde\",\"https:\\\/\\\/www.linkedin.com\\\/in\\\/olivier-delagarde-816b17270\\\/\"],\"url\":\"https:\\\/\\\/www.geopolitics.fr\\\/en\\\/author\\\/odelagarde\\\/\"}]}<\/script>\n<!-- \/ Yoast SEO Premium plugin. -->","yoast_head_json":{"title":"Destruction de Gaza, la catastrophe est aussi sanitaire et environnementale | Geopolitics.fr","description":"La catastrophe \u00e0 Gaza est aussi sanitaire et \u00e9cologique ce qui renforce le caract\u00e8re des crimes de guerre commis par Isra\u00ebl","robots":{"index":"index","follow":"follow","max-snippet":"max-snippet:-1","max-image-preview":"max-image-preview:large","max-video-preview":"max-video-preview:-1"},"canonical":"https:\/\/www.geopolitics.fr\/en\/2025\/01\/03\/destruction-de-gaza-la-catastrophe-est-aussi-sanitaire-et-environnementale\/","og_locale":"en_GB","og_type":"article","og_title":"Destruction de Gaza, la catastrophe est aussi sanitaire et environnementale","og_description":"La catastrophe \u00e0 Gaza est aussi sanitaire et \u00e9cologique ce qui renforce le caract\u00e8re des crimes de guerre commis par Isra\u00ebl","og_url":"https:\/\/www.geopolitics.fr\/en\/2025\/01\/03\/destruction-de-gaza-la-catastrophe-est-aussi-sanitaire-et-environnementale\/","og_site_name":"Geopolitics.fr","article_publisher":"https:\/\/www.facebook.com\/people\/Erwan-Davoux\/61557098968092\/","article_author":"https:\/\/www.facebook.com\/odelagarde","article_published_time":"2025-01-03T20:06:42+00:00","article_modified_time":"2025-01-03T20:06:45+00:00","og_image":[{"width":1200,"height":800,"url":"https:\/\/www.geopolitics.fr\/wp-content\/uploads\/2025\/01\/Gaza-san.jpg","type":"image\/jpeg"}],"author":"Olivier DELAGARDE","twitter_card":"summary_large_image","twitter_creator":"@Geopolitics_Fr","twitter_site":"@Geopolitics_Fr","twitter_misc":{"Written by":"Olivier DELAGARDE","Estimated reading time":"5 minutes"},"schema":{"@context":"https:\/\/schema.org","@graph":[{"@type":"Article","@id":"https:\/\/www.geopolitics.fr\/2025\/01\/03\/destruction-de-gaza-la-catastrophe-est-aussi-sanitaire-et-environnementale\/#article","isPartOf":{"@id":"https:\/\/www.geopolitics.fr\/2025\/01\/03\/destruction-de-gaza-la-catastrophe-est-aussi-sanitaire-et-environnementale\/"},"author":{"name":"Olivier DELAGARDE","@id":"https:\/\/www.geopolitics.fr\/#\/schema\/person\/9b98d78234af63d6ad71199d66115350"},"headline":"Destruction de Gaza, la catastrophe est aussi sanitaire et environnementale","datePublished":"2025-01-03T20:06:42+00:00","dateModified":"2025-01-03T20:06:45+00:00","mainEntityOfPage":{"@id":"https:\/\/www.geopolitics.fr\/2025\/01\/03\/destruction-de-gaza-la-catastrophe-est-aussi-sanitaire-et-environnementale\/"},"wordCount":1038,"commentCount":0,"publisher":{"@id":"https:\/\/www.geopolitics.fr\/#organization"},"image":{"@id":"https:\/\/www.geopolitics.fr\/2025\/01\/03\/destruction-de-gaza-la-catastrophe-est-aussi-sanitaire-et-environnementale\/#primaryimage"},"thumbnailUrl":"https:\/\/www.geopolitics.fr\/wp-content\/uploads\/2025\/01\/Gaza-san.jpg","articleSection":["International","Mis en AVANT"],"inLanguage":"en-GB"},{"@type":"WebPage","@id":"https:\/\/www.geopolitics.fr\/2025\/01\/03\/destruction-de-gaza-la-catastrophe-est-aussi-sanitaire-et-environnementale\/","url":"https:\/\/www.geopolitics.fr\/2025\/01\/03\/destruction-de-gaza-la-catastrophe-est-aussi-sanitaire-et-environnementale\/","name":"Destruction de Gaza, la catastrophe est aussi sanitaire et environnementale | Geopolitics.fr","isPartOf":{"@id":"https:\/\/www.geopolitics.fr\/#website"},"primaryImageOfPage":{"@id":"https:\/\/www.geopolitics.fr\/2025\/01\/03\/destruction-de-gaza-la-catastrophe-est-aussi-sanitaire-et-environnementale\/#primaryimage"},"image":{"@id":"https:\/\/www.geopolitics.fr\/2025\/01\/03\/destruction-de-gaza-la-catastrophe-est-aussi-sanitaire-et-environnementale\/#primaryimage"},"thumbnailUrl":"https:\/\/www.geopolitics.fr\/wp-content\/uploads\/2025\/01\/Gaza-san.jpg","datePublished":"2025-01-03T20:06:42+00:00","dateModified":"2025-01-03T20:06:45+00:00","description":"La catastrophe \u00e0 Gaza est aussi sanitaire et \u00e9cologique ce qui renforce le caract\u00e8re des crimes de guerre commis par Isra\u00ebl","breadcrumb":{"@id":"https:\/\/www.geopolitics.fr\/2025\/01\/03\/destruction-de-gaza-la-catastrophe-est-aussi-sanitaire-et-environnementale\/#breadcrumb"},"inLanguage":"en-GB","potentialAction":[{"@type":"ReadAction","target":["https:\/\/www.geopolitics.fr\/2025\/01\/03\/destruction-de-gaza-la-catastrophe-est-aussi-sanitaire-et-environnementale\/"]}]},{"@type":"ImageObject","inLanguage":"en-GB","@id":"https:\/\/www.geopolitics.fr\/2025\/01\/03\/destruction-de-gaza-la-catastrophe-est-aussi-sanitaire-et-environnementale\/#primaryimage","url":"https:\/\/www.geopolitics.fr\/wp-content\/uploads\/2025\/01\/Gaza-san.jpg","contentUrl":"https:\/\/www.geopolitics.fr\/wp-content\/uploads\/2025\/01\/Gaza-san.jpg","width":1200,"height":800},{"@type":"BreadcrumbList","@id":"https:\/\/www.geopolitics.fr\/2025\/01\/03\/destruction-de-gaza-la-catastrophe-est-aussi-sanitaire-et-environnementale\/#breadcrumb","itemListElement":[{"@type":"ListItem","position":1,"name":"Accueil","item":"https:\/\/www.geopolitics.fr\/"},{"@type":"ListItem","position":2,"name":"Destruction de Gaza, la catastrophe est aussi sanitaire et environnementale"}]},{"@type":"WebSite","@id":"https:\/\/www.geopolitics.fr\/#website","url":"https:\/\/www.geopolitics.fr\/","name":"Geopolitics.fr","description":"Geopolitics.fr Analyse politique, relations internationales, d\u00e9fense - ligne \u00e9ditoriale gaullo-chiraquienne","publisher":{"@id":"https:\/\/www.geopolitics.fr\/#organization"},"potentialAction":[{"@type":"SearchAction","target":{"@type":"EntryPoint","urlTemplate":"https:\/\/www.geopolitics.fr\/?s={search_term_string}"},"query-input":{"@type":"PropertyValueSpecification","valueRequired":true,"valueName":"search_term_string"}}],"inLanguage":"en-GB"},{"@type":"Organization","@id":"https:\/\/www.geopolitics.fr\/#organization","name":"Geopolitics.fr","url":"https:\/\/www.geopolitics.fr\/","logo":{"@type":"ImageObject","inLanguage":"en-GB","@id":"https:\/\/www.geopolitics.fr\/#\/schema\/logo\/image\/","url":"https:\/\/www.geopolitics.fr\/wp-content\/uploads\/2024\/01\/logo.jpg","contentUrl":"https:\/\/www.geopolitics.fr\/wp-content\/uploads\/2024\/01\/logo.jpg","width":500,"height":500,"caption":"Geopolitics.fr"},"image":{"@id":"https:\/\/www.geopolitics.fr\/#\/schema\/logo\/image\/"},"sameAs":["https:\/\/www.facebook.com\/people\/Erwan-Davoux\/61557098968092\/","https:\/\/x.com\/Geopolitics_Fr"]},{"@type":"Person","@id":"https:\/\/www.geopolitics.fr\/#\/schema\/person\/9b98d78234af63d6ad71199d66115350","name":"Olivier DELAGARDE","image":{"@type":"ImageObject","inLanguage":"en-GB","@id":"https:\/\/secure.gravatar.com\/avatar\/2c50afbd303b51697d9591857ee182bf3ead572fa530da00bb0278cf506c3a97?s=96&d=mm&r=g","url":"https:\/\/secure.gravatar.com\/avatar\/2c50afbd303b51697d9591857ee182bf3ead572fa530da00bb0278cf506c3a97?s=96&d=mm&r=g","contentUrl":"https:\/\/secure.gravatar.com\/avatar\/2c50afbd303b51697d9591857ee182bf3ead572fa530da00bb0278cf506c3a97?s=96&d=mm&r=g","caption":"Olivier DELAGARDE"},"description":"Journaliste depuis plus de 20 ans, accr\u00e9dit\u00e9 aupr\u00e8s de l'Organisation des Nations Unies, de la Ligue des Etats Arabes, titulaire de la Carte d'Identit\u00e9 des Journalistes Professionnels en France et de la F\u00e9d\u00e9ration Internationale des Journalistes, Olivier a occup\u00e9 le poste de Grand reporter correspondant permanent en \u00c9gypte pour des m\u00e9dias de renomm\u00e9e mondiale tels que TV5 MONDE, le GROUPE M6, le GROUPE TF1 ou encore l\u2019AFP. Durant plus de dix ann\u00e9es, il a produit de nombreux reportages sur la politique internationale en Afrique de l'Est, tout en couvrant les principaux conflits au Proche et Moyen-Orient. En tant que Chef de bureau Proche-Orient pour TV5 MONDE, il \u00e9tait responsable de la production de reportages, des relations institutionnelles et de la repr\u00e9sentation de la cha\u00eene, tout en \u00e9crivant pour plusieurs m\u00e9dias europ\u00e9ens et internationaux.","sameAs":["https:\/\/www.facebook.com\/odelagarde","https:\/\/www.linkedin.com\/in\/olivier-delagarde-816b17270\/"],"url":"https:\/\/www.geopolitics.fr\/en\/author\/odelagarde\/"}]}},"_links":{"self":[{"href":"https:\/\/www.geopolitics.fr\/en\/wp-json\/wp\/v2\/posts\/3311","targetHints":{"allow":["GET"]}}],"collection":[{"href":"https:\/\/www.geopolitics.fr\/en\/wp-json\/wp\/v2\/posts"}],"about":[{"href":"https:\/\/www.geopolitics.fr\/en\/wp-json\/wp\/v2\/types\/post"}],"author":[{"embeddable":true,"href":"https:\/\/www.geopolitics.fr\/en\/wp-json\/wp\/v2\/users\/93"}],"replies":[{"embeddable":true,"href":"https:\/\/www.geopolitics.fr\/en\/wp-json\/wp\/v2\/comments?post=3311"}],"version-history":[{"count":0,"href":"https:\/\/www.geopolitics.fr\/en\/wp-json\/wp\/v2\/posts\/3311\/revisions"}],"wp:featuredmedia":[{"embeddable":true,"href":"https:\/\/www.geopolitics.fr\/en\/wp-json\/wp\/v2\/media\/3312"}],"wp:attachment":[{"href":"https:\/\/www.geopolitics.fr\/en\/wp-json\/wp\/v2\/media?parent=3311"}],"wp:term":[{"taxonomy":"category","embeddable":true,"href":"https:\/\/www.geopolitics.fr\/en\/wp-json\/wp\/v2\/categories?post=3311"},{"taxonomy":"post_tag","embeddable":true,"href":"https:\/\/www.geopolitics.fr\/en\/wp-json\/wp\/v2\/tags?post=3311"}],"curies":[{"name":"wp","href":"https:\/\/api.w.org\/{rel}","templated":true}]}}