{"id":3296,"date":"2024-12-28T18:00:14","date_gmt":"2024-12-28T17:00:14","guid":{"rendered":"https:\/\/www.geopolitics.fr\/?p=3296"},"modified":"2024-12-28T18:00:16","modified_gmt":"2024-12-28T17:00:16","slug":"le-lendemain-de-la-syrie","status":"publish","type":"post","link":"https:\/\/www.geopolitics.fr\/en\/2024\/12\/28\/le-lendemain-de-la-syrie\/","title":{"rendered":"Le lendemain de la Syrie"},"content":{"rendered":"<p class=\"has-medium-font-size wp-block-paragraph\">La fin de la brutale dynastie d\u2019un demi-si\u00e8cle des Assad marque un moment de r\u00e9flexion et, ind\u00e9niablement, de soulagement. Alors que la Syrie s\u2019engage dans une transition incertaine, une r\u00e9alit\u00e9 cruelle \u00e9merge : la chute du dictateur n\u2019a fait que d\u00e9gager le chemin pour l\u2019ascension de Mohamed Al-Joulani \u2014 un ancien affili\u00e9 d\u2019Al-Qa\u00efda et leader djihadiste autoproclam\u00e9 \u2014 pr\u00eat \u00e0 consolider son pouvoir au milieu du chaos gr\u00e2ce \u00e0 Hay\u2019at Tahrir al-Sham (HTS). Mais cet \u00e9change ressemble moins \u00e0 un progr\u00e8s qu\u2019\u00e0 un passage de la peste au chol\u00e9ra. Comme La Fontaine avertissait dans sa fable : \u00ab Le loup peut perdre sa toison, mais jamais son naturel \u00bb ; les instincts de tyrannie persistent, simplement dissimul\u00e9s sous de nouveaux habits\u2026<\/p>\n\n\n\n<h2 class=\"wp-block-heading\" id=\"h-un-pari-risque-le-choix-occidental-d-al-joulani\"><strong>Un pari risqu\u00e9 : le choix occidental d\u2019Al-Joulani<\/strong><\/h2>\n\n\n\n<p class=\"has-medium-font-size wp-block-paragraph\">Dans leur pr\u00e9cipitation \u00e0 mettre fin au r\u00e8gne d\u2019Assad, les puissances occidentales risquent de r\u00e9p\u00e9ter une erreur p\u00e9rilleuse : placer leur confiance en un djihadiste au pass\u00e9 sanglant. Ancien affili\u00e9 d\u2019Al-Qa\u00efda, Al-Joulani \u2014 \u00e9galement connu sous le nom d\u2019Ahmed Hussein al-Sharaa \u2014 est pr\u00e9sent\u00e9 comme le \u00ab moindre mal \u00bb face \u00e0 Bachar al-Assad. Or confier l\u2019avenir de la Syrie \u00e0 une figure autrefois c\u00e9l\u00e8bre pour ses d\u00e9capitations est un pari audacieux et dangereux. Le d\u00e9partement d\u2019\u00c9tat am\u00e9ricain avait d\u00e9sign\u00e9 Al-Joulani comme un \u00ab terroriste mondial sp\u00e9cialement d\u00e9sign\u00e9 \u00bb, avec une r\u00e9compense de 10 millions de dollars pour toute information menant \u00e0 sa capture&#8230;<\/p>\n\n\n\n<p class=\"has-medium-font-size wp-block-paragraph\">Ce pari rappelle la tragique erreur des ann\u00e9es 1980, lorsque des moudjahidines radicaux comme Oussama Ben Laden furent arm\u00e9s pour contrer l\u2019influence sovi\u00e9tique en Afghanistan. Cette strat\u00e9gie a sem\u00e9 des d\u00e9cennies de terreur et avait conduite \u00e0 l\u2019\u00e9mergence d\u2019Al-Qa\u00efda, culminant avec le 11 septembre. Aujourd\u2019hui, les frappes isra\u00e9liennes, turques et am\u00e9ricaines ont strat\u00e9giquement affaibli l\u2019infrastructure d\u2019Assad et d\u2019autres factions rebelles, ouvrant la voie \u00e0 Al-Joulani. En marginalisant ses opposants, cette approche \u00e0 courte vue l\u00e9gitime une autre force extr\u00e9miste sous couvert de pragmatisme politique, renfor\u00e7ant les cycles syriens de tyrannie et d\u2019insurrection.<\/p>\n\n\n\n<p class=\"has-medium-font-size wp-block-paragraph\">La cons\u00e9quence la plus alarmante de ce pari est la potentielle cr\u00e9ation de ce que l\u2019Occident a pass\u00e9 des ann\u00e9es \u00e0 combattre : un \u00c9tat <em>de facto<\/em> pour l\u2019\u00c9tat islamique et ses successeurs id\u00e9ologiques. Certes, Al-Joulani peut aujourd\u2019hui porter un costume et pr\u00f4ner la mod\u00e9ration, mais ses factions arm\u00e9es restent truff\u00e9es de radicaux profond\u00e9ment li\u00e9s \u00e0 des r\u00e9seaux extr\u00e9mistes. La r\u00e9cente lib\u00e9ration de plus de 20 000 prisonniers des camps de d\u00e9tention syriens \u2014 beaucoup lib\u00e9r\u00e9s par les forces de HTS \u2014 ne fait qu\u2019aggraver la situation. Priv\u00e9s de leurs attaches familiales, qui ont soit fui soit cru leur proche mort, ces hommes \u00e9mergent dans une r\u00e9alit\u00e9 marqu\u00e9e par le d\u00e9sespoir et le d\u00e9tachement. En orchestrant leur lib\u00e9ration, HTS s\u2019est strat\u00e9giquement positionn\u00e9 en lib\u00e9rateur, liant ces hommes \u00e9motionnellement et id\u00e9ologiquement \u00e0 leurs \u00ab bienfaiteurs \u00bb. Une telle loyaut\u00e9 cr\u00e9e un terreau fertile pour le recrutement dans les rangs jihadistes, offrant ainsi \u00e0 HTS un flux constant de main-d\u2019\u0153uvre. Avec un territoire, une cause, et des recrues d\u00e9sabus\u00e9es, HTS poss\u00e8de tous les \u00e9l\u00e9ments n\u00e9cessaires pour devenir une nouvelle base de l\u2019extr\u00e9misme \u2014 une fabrique de terreur pr\u00eate \u00e0 d\u00e9stabiliser la Syrie et bien au-del\u00e0.<\/p>\n\n\n\n<p class=\"has-medium-font-size wp-block-paragraph\">Les cons\u00e9quences de ce pari s\u2019\u00e9tendent bien au-del\u00e0 de la Syrie. L\u2019histoire montre que les combattants radicalis\u00e9s dans les zones de conflit ne restent que rarement confin\u00e9s \u00e0 ces r\u00e9gions. Beaucoup reviendront in\u00e9vitablement dans leurs pays d\u2019origine et poseront des menaces directes \u00e0 la s\u00e9curit\u00e9 europ\u00e9enne et mondiale. La pr\u00e9sence de ressortissants fran\u00e7ais parmi les forces de HTS est notamment un rappel frappant des risques imminents. En renfor\u00e7ant Al-Joulani, l\u2019Occident s\u00e8me donc involontairement les graines de futures insurrections, au risque d\u2019une nouvelle vague de terrorisme qui pourrait franchir les fronti\u00e8res et raviver l\u2019instabilit\u00e9 bien au-del\u00e0 des champs de bataille syriens. Pendant que le vide du pouvoir persiste, les acteurs r\u00e9gionaux commencent \u00e0 \u00e9laborer leurs propres strat\u00e9gies pour s\u00e9curiser leurs int\u00e9r\u00eats \u2014 aucun n\u2019\u00e9tant plus pro\u00e9minent qu\u2019Isra\u00ebl.<\/p>\n\n\n\n<h2 class=\"wp-block-heading\" id=\"h-la-strategie-israelienne-en-syrie-securiser-ou-redefinir-ses-frontieres\"><strong>La strat\u00e9gie isra\u00e9lienne en Syrie : s\u00e9curiser ou red\u00e9finir ses fronti\u00e8res ?<\/strong><\/h2>\n\n\n\n<p class=\"has-medium-font-size wp-block-paragraph\">Les risques li\u00e9s aux combattants radicalis\u00e9s d\u00e9bordant vers d\u2019autres r\u00e9gions refl\u00e8tent le chaos local qui se d\u00e9ploie en Syrie. Alors que la chute d\u2019Assad a cr\u00e9\u00e9 un vide, les actions  d\u2019Isra\u00ebl pour d\u00e9manteler les d\u00e9fenses syriennes r\u00e9v\u00e8lent une lutte plus large pour red\u00e9finir les fronti\u00e8res dans un contexte de crise r\u00e9gionale profonde.<\/p>\n\n\n\n<p class=\"has-medium-font-size wp-block-paragraph\">La destruction par Isra\u00ebl des d\u00e9fenses a\u00e9riennes syriennes et la neutralisation rapport\u00e9e pr\u00e8s de 80 % des capacit\u00e9s militaires de l\u2019ancien r\u00e9gime d\u2019Assad soulignent sa volont\u00e9 d\u2019exercer un contr\u00f4le incontest\u00e9 sur la r\u00e9gion. En affaiblissant l\u2019arm\u00e9e syrienne et en s\u2019emparant de positions strat\u00e9giques, Isra\u00ebl s\u2019assure que Damas reste trop faible pour repr\u00e9senter une menace cr\u00e9dible, quel que soit le futur dirigeant de la Syrie. Mais les menaces pour Isra\u00ebl ne se limitent pas \u00e0 Damas. L\u2019Iran pourrait r\u00e9pondre \u00e0 ce revers en intensifiant ses efforts pour achever son programme nucl\u00e9aire, attisant potentiellement les tensions et d\u00e9clenchant une course aux armements r\u00e9gionale, en particulier avec l\u2019Arabie saoudite et la Turquie.<\/p>\n\n\n\n<p class=\"has-medium-font-size wp-block-paragraph\">Simultan\u00e9ment, bien que l\u2019\u00e9viction d\u2019Assad repr\u00e9sente une victoire tactique pour Isra\u00ebl, elle cr\u00e9e \u00e9galement un vide de pouvoir. En occupant la zone tampon et en avan\u00e7ant en territoire syrien, Isra\u00ebl poursuit des actions qui vont au-del\u00e0 des simples mesures pr\u00e9ventives. Bien que les r\u00e9sultats restent incertains, ces mouvements visent \u00e0 influencer l\u2019orientation future de la Syrie. Les d\u00e9clarations de Netanyahou montrent qu\u2019Isra\u00ebl maintiendra ind\u00e9finiment ses nouvelles positions. \u00c0 l\u2019image du plateau du Golan \u2014 occup\u00e9 en 1967 et annex\u00e9 en 1981 \u2014, les zones syriennes r\u00e9cemment saisies risquent de devenir une autre expansion permanente sous pr\u00e9texte de s\u00e9curit\u00e9. Les propos de Netanyahou selon lesquels le plateau du Golan restera une partie d\u2019Isra\u00ebl \u00ab&nbsp;pour l\u2019\u00e9ternit\u00e9&nbsp;\u00bb, illustrent cette ambition et jette un doute sur tout plan de retrait. Coupl\u00e9es \u00e0 une rh\u00e9torique croissante autour de l\u2019annexion de la Cisjordanie et potentiellement de Gaza, les actions d\u2019Isra\u00ebl r\u00e9v\u00e8lent une ambition plus large de red\u00e9finir ses fronti\u00e8res.<\/p>\n\n\n\n<p class=\"has-medium-font-size wp-block-paragraph\">En effet, l\u2019invasion isra\u00e9lienne de la zone d\u00e9militaris\u00e9e syrienne, incluant la prise strat\u00e9gique du mont Hermon, marque une escalade importante dans ses ambitions plus larges de remodeler le Moyen-Orient. \u00c0 travers ses actions, Isra\u00ebl cherche \u00e0 \u00e9tablir une h\u00e9g\u00e9monie dans une r\u00e9gion fractur\u00e9e, poursuivant des objectifs qui ne sont pas seulement politiques ou militaires, mais \u00e9galement profond\u00e9ment religieux. Ces ambitions sont motiv\u00e9es par les aspirations messianiques de certains repr\u00e9sentants isra\u00e9liens, dont le v\u00e9ritable objectif est la restauration du Grand Isra\u00ebl. Soutenues par un appui ind\u00e9fectible des \u00c9tats-Unis et de la plupart des pays occidentaux, ces man\u0153uvres permettent \u00e0 Isra\u00ebl de poursuivre une strat\u00e9gie plus vaste visant \u00e0 redessiner les fronti\u00e8res r\u00e9gionales, une fois de plus au d\u00e9triment des normes internationales et de la stabilit\u00e9. La question urgente reste celle-ci : quel \u00e9v\u00e9nement mettra r\u00e9ellement un terme \u00e0 de telles actions ? Alors que la guerre \u00e0 Gaza, d\u00e9sormais dans son quatorzi\u00e8me mois, a fait au moins 45 000 morts sans pour autant stopper les actions du gouvernement Netanyahou.<\/p>\n\n\n\n<p class=\"has-medium-font-size wp-block-paragraph\">Par ailleurs, pendant qu\u2019Isra\u00ebl poursuit ses objectifs, un autre acteur cl\u00e9 en Syrie, la population kurde, fait face \u00e0 son propre avenir pr\u00e9caire apr\u00e8s le renversement d\u2019Assad.<\/p>\n\n\n\n<h2 class=\"wp-block-heading\" id=\"h-les-kurdes-dans-une-nouvelle-syrie-menaces-et-opportunites\"><strong>Les Kurdes dans une nouvelle Syrie : menaces et opportunit\u00e9s<\/strong><\/h2>\n\n\n\n<p class=\"has-medium-font-size wp-block-paragraph\">Le sort des Kurdes en Syrie apr\u00e8s le renversement du gouvernement de Bachar al-Assad reste incertain. D\u2019un c\u00f4t\u00e9, l\u2019administration autonome d\u00e9mocratique du nord-est de la Syrie (DAANES) a lev\u00e9 le nouveau drapeau syrien \u00e0 Rojava, signalant l\u2019unit\u00e9 et l\u2019espoir pour le nouveau gouvernement qui se forme \u00e0 Damas. De l\u2019autre, de violents combats se d\u00e9roulent alors que l\u2019arm\u00e9e nationale syrienne soutenue par la Turquie (ANS) repousse les Forces d\u00e9mocratiques syriennes (FDS) dirig\u00e9es par les Kurdes hors de la ville septentrionale de Manbij. Une nouvelle vague de violence contre les Kurdes se profile \u00e0 l\u2019horizon, alors qu\u2019un renforcement militaire turc le long de la fronti\u00e8re semble annoncer une invasion imminente de la ville majoritairement kurde de Koban\u00e9. Cette initiative s\u2019aligne sur la d\u00e9claration du ministre turc de la D\u00e9fense nationale, Yasar Guler, selon laquelle le d\u00e9mant\u00e8lement des forces kurdes est \u00ab la priorit\u00e9 num\u00e9ro un en Syrie \u00bb pour Ankara. Comme l\u2019a justement not\u00e9 Fawaz Gerges, professeur de relations internationales \u00e0 la LSE, la Turquie est actuellement le plus grand gagnant g\u00e9ostrat\u00e9gique, et les Kurdes risquent donc de perdre le plus en termes d\u2019autonomie et de s\u00e9curit\u00e9.<\/p>\n\n\n\n<p class=\"has-medium-font-size wp-block-paragraph\">Les \u00c9tats-Unis tentent de limiter le conflit entre la Turquie et les Kurdes, car les FDS ont \u00e9t\u00e9 le partenaire am\u00e9ricain le plus efficace dans la lutte contre l\u2019\u00c9tat islamique et d\u2019autres groupes djihadistes islamistes, mais aussi du fait que les \u00c9tats-Unis maintiennent environ 900 soldats dans la r\u00e9gion. Cependant, l\u2019administration Trump \u00e0 l\u2019\u00e9poque semblait pr\u00eate \u00e0 retirer les troupes am\u00e9ricaines de Syrie. D\u00e9j\u00e0 en 2019, Trump avait donn\u00e9 \u00e0 Erdogan le feu vert pour envahir les positions des FDS en Syrie. Pourtant, cette rh\u00e9torique peut \u00eatre trompeuse, car Trump a \u00e9galement affirm\u00e9 qu\u2019il avait laiss\u00e9 des troupes en Syrie pour \u00ab prendre le p\u00e9trole \u00bb. Si l\u2019avenir des Kurdes en Syrie semble sombre, il est crucial de comprendre pr\u00e9cis\u00e9ment qui sont les forces kurdes en Syrie cibl\u00e9es par la Turquie et, plus sp\u00e9cifiquement, ce qu\u2019est DAANES.<\/p>\n\n\n\n<p class=\"has-medium-font-size wp-block-paragraph\">Le principal composant des FDS est Yek\u00eeney\u00ean Parastina Gel (YPG), \u00e9galement connu sous le nom d\u2019Unit\u00e9s de protection du peuple. La Turquie consid\u00e8re le YPG comme faisant partie du Parti des travailleurs du Kurdistan (PKK), class\u00e9 comme organisation terroriste par la Turquie, l\u2019Union europ\u00e9enne et les \u00c9tats-Unis, et en conflit avec l\u2019\u00c9tat turc depuis plus de quatre d\u00e9cennies. Une autre force au sein des FDS est le YPJ \u2014 les Unit\u00e9s de protection des femmes, une force d\u2019\u00e9lite exclusivement f\u00e9minine qui terrifie les combattants de l\u2019\u00c9tat islamique, car ils croient que si une femme les tue, cela les emp\u00eachera d\u2019aller au paradis. Ensemble, ces groupes forment les forces kurdes en Syrie que la Turquie cible.<\/p>\n\n\n\n<p class=\"has-medium-font-size wp-block-paragraph\">De plus, DAANES a \u00e9merg\u00e9 du vide de pouvoir de la guerre civile syrienne lorsque le nord-est de la Syrie a obtenu son autonomie du gouvernement Assad en 2012. Cette r\u00e9gion de Rojava, d\u00e9signant le Kurdistan occidental, a ensuite \u00e9t\u00e9 r\u00e9organis\u00e9e en une d\u00e9mocratie directe non-\u00e9tatique bas\u00e9e sur deux piliers : le f\u00e9minisme et l\u2019\u00e9cologie. Cette exp\u00e9rimentation politique \u00e9mergente a soutenu le pluralisme au-del\u00e0 des divisions sectaires et, par cons\u00e9quent, a chang\u00e9 le nom de la r\u00e9gion de Rojava en DAANES pour refl\u00e9ter ce titre plus inclusif. L\u2019ancien professeur d\u2019anthropologie de la LSE, David Graeber, qui a visit\u00e9 la r\u00e9gion \u00e0 plusieurs reprises, a affirm\u00e9 que le conf\u00e9d\u00e9ralisme d\u00e9mocratique, l\u2019\u00e9cole de pens\u00e9e politique guidant Rojava, \u00ab devrait \u00eatre consid\u00e9r\u00e9 comme l\u2019un des \u00e9v\u00e9nements les plus importants de l\u2019histoire mondiale r\u00e9cente \u00bb. Sans surprise, la direction autoritaire d\u2019Erdogan m\u00e9prise les institutions d\u00e9mocratiques de DAANES. L\u2019autonomisation des femmes au sein de DAANES est \u00e9galement d\u00e9nigr\u00e9e, en particulier depuis que la Turquie s\u2019est retir\u00e9e en 2021 de la Convention d\u2019Istanbul, dont le principal objectif est de lutter contre les violences faites aux femmes.<\/p>\n\n\n\n<p class=\"has-medium-font-size wp-block-paragraph\">La nouvelle Syrie qui \u00e9merge apr\u00e8s la chute du gouvernement brutal d\u2019Assad a une opportunit\u00e9 d\u2019apprendre des r\u00e9ussites de DAANES pour forger une soci\u00e9t\u00e9 plus \u00e9galitaire pour tous les Syriens. En tant que pays arabe le plus la\u00efque au monde avec une population extr\u00eamement diversifi\u00e9e en termes d\u2019ethnies et de croyances, il serait une erreur pour la nouvelle Syrie d\u2019imposer une quelconque religion ou id\u00e9ologie \u00e0 son peuple. Les Syriens m\u00e9ritent une transformation d\u00e9mocratique fond\u00e9e sur le pluralisme, et DAANES constitue un mod\u00e8le syrien pour cette transformation.<\/p>\n\n\n\n<p class=\"wp-block-paragraph\">R\u00e9dig\u00e9 par Julien Chevalier, Anthony Trad (Journaliste ind\u00e9pendant), et Erik Alexander Dorfman (Sp\u00e9cialiste du Kurdistan).<\/p>","protected":false},"excerpt":{"rendered":"<p>La fin de la brutale dynastie d\u2019un demi-si\u00e8cle des Assad marque un moment de r\u00e9flexion et, ind\u00e9niablement, de soulagement. Alors que la&hellip;<\/p>","protected":false},"author":104,"featured_media":3297,"comment_status":"open","ping_status":"open","sticky":false,"template":"","format":"standard","meta":{"_lmt_disableupdate":"","_lmt_disable":"","footnotes":""},"categories":[5,4],"tags":[422,110,423,396,345],"class_list":["post-3296","post","type-post","status-publish","format-standard","has-post-thumbnail","hentry","category-international","category-mis-en-avant","tag-al-joulani","tag-israel-2","tag-kurdes","tag-syrie","tag-turquie"],"yoast_head":"<!-- This site is optimized with the Yoast SEO Premium plugin v28.1 (Yoast SEO v28.1) - https:\/\/yoast.com\/product\/yoast-seo-premium-wordpress\/ -->\n<title>Le lendemain de la Syrie | Geopolitics.fr<\/title>\n<meta name=\"description\" content=\"Quelle Syrie demain apr\u00e8s le soulagement cons\u00e9cutif \u00e0 la chute d&#039;Assad ? Peut-on ignorer qui est Al Joulani ? Quelle place pour les Kurdes ?\" \/>\n<meta name=\"robots\" content=\"index, follow, max-snippet:-1, max-image-preview:large, max-video-preview:-1\" \/>\n<link rel=\"canonical\" href=\"https:\/\/www.geopolitics.fr\/en\/2024\/12\/28\/le-lendemain-de-la-syrie\/\" \/>\n<meta property=\"og:locale\" content=\"en_GB\" \/>\n<meta property=\"og:type\" content=\"article\" \/>\n<meta property=\"og:title\" content=\"Le lendemain de la Syrie\" \/>\n<meta property=\"og:description\" content=\"Quelle Syrie demain apr\u00e8s le soulagement cons\u00e9cutif \u00e0 la chute d&#039;Assad ? Peut-on ignorer qui est Al Joulani ? Quelle place pour les Kurdes ?\" \/>\n<meta property=\"og:url\" content=\"https:\/\/www.geopolitics.fr\/en\/2024\/12\/28\/le-lendemain-de-la-syrie\/\" \/>\n<meta property=\"og:site_name\" content=\"Geopolitics.fr\" \/>\n<meta property=\"article:publisher\" content=\"https:\/\/www.facebook.com\/people\/Erwan-Davoux\/61557098968092\/\" \/>\n<meta property=\"article:published_time\" content=\"2024-12-28T17:00:14+00:00\" \/>\n<meta property=\"article:modified_time\" content=\"2024-12-28T17:00:16+00:00\" \/>\n<meta property=\"og:image\" content=\"https:\/\/www.geopolitics.fr\/wp-content\/uploads\/2024\/12\/syrie-nouveau.jpg\" \/>\n\t<meta property=\"og:image:width\" content=\"885\" \/>\n\t<meta property=\"og:image:height\" content=\"561\" \/>\n\t<meta property=\"og:image:type\" content=\"image\/jpeg\" \/>\n<meta name=\"author\" content=\"Julien Chevalier\" \/>\n<meta name=\"twitter:card\" content=\"summary_large_image\" \/>\n<meta name=\"twitter:creator\" content=\"@Geopolitics_Fr\" \/>\n<meta name=\"twitter:site\" content=\"@Geopolitics_Fr\" \/>\n<meta name=\"twitter:label1\" content=\"Written by\" \/>\n\t<meta name=\"twitter:data1\" content=\"Julien Chevalier\" \/>\n\t<meta name=\"twitter:label2\" content=\"Estimated reading time\" \/>\n\t<meta name=\"twitter:data2\" content=\"10 minutes\" \/>\n<script type=\"application\/ld+json\" class=\"yoast-schema-graph\">{\"@context\":\"https:\\\/\\\/schema.org\",\"@graph\":[{\"@type\":\"Article\",\"@id\":\"https:\\\/\\\/www.geopolitics.fr\\\/2024\\\/12\\\/28\\\/le-lendemain-de-la-syrie\\\/#article\",\"isPartOf\":{\"@id\":\"https:\\\/\\\/www.geopolitics.fr\\\/2024\\\/12\\\/28\\\/le-lendemain-de-la-syrie\\\/\"},\"author\":{\"name\":\"Julien Chevalier\",\"@id\":\"https:\\\/\\\/www.geopolitics.fr\\\/#\\\/schema\\\/person\\\/2ac411a663475b609692ca02b808329e\"},\"headline\":\"Le lendemain de la Syrie\",\"datePublished\":\"2024-12-28T17:00:14+00:00\",\"dateModified\":\"2024-12-28T17:00:16+00:00\",\"mainEntityOfPage\":{\"@id\":\"https:\\\/\\\/www.geopolitics.fr\\\/2024\\\/12\\\/28\\\/le-lendemain-de-la-syrie\\\/\"},\"wordCount\":2165,\"commentCount\":0,\"publisher\":{\"@id\":\"https:\\\/\\\/www.geopolitics.fr\\\/#organization\"},\"image\":{\"@id\":\"https:\\\/\\\/www.geopolitics.fr\\\/2024\\\/12\\\/28\\\/le-lendemain-de-la-syrie\\\/#primaryimage\"},\"thumbnailUrl\":\"https:\\\/\\\/www.geopolitics.fr\\\/wp-content\\\/uploads\\\/2024\\\/12\\\/syrie-nouveau.jpg\",\"keywords\":[\"AL JOULANI\",\"ISRAEL\",\"KURDES\",\"SYRIE\",\"turquie\"],\"articleSection\":[\"International\",\"Mis en AVANT\"],\"inLanguage\":\"en-GB\"},{\"@type\":\"WebPage\",\"@id\":\"https:\\\/\\\/www.geopolitics.fr\\\/2024\\\/12\\\/28\\\/le-lendemain-de-la-syrie\\\/\",\"url\":\"https:\\\/\\\/www.geopolitics.fr\\\/2024\\\/12\\\/28\\\/le-lendemain-de-la-syrie\\\/\",\"name\":\"Le lendemain de la Syrie | Geopolitics.fr\",\"isPartOf\":{\"@id\":\"https:\\\/\\\/www.geopolitics.fr\\\/#website\"},\"primaryImageOfPage\":{\"@id\":\"https:\\\/\\\/www.geopolitics.fr\\\/2024\\\/12\\\/28\\\/le-lendemain-de-la-syrie\\\/#primaryimage\"},\"image\":{\"@id\":\"https:\\\/\\\/www.geopolitics.fr\\\/2024\\\/12\\\/28\\\/le-lendemain-de-la-syrie\\\/#primaryimage\"},\"thumbnailUrl\":\"https:\\\/\\\/www.geopolitics.fr\\\/wp-content\\\/uploads\\\/2024\\\/12\\\/syrie-nouveau.jpg\",\"datePublished\":\"2024-12-28T17:00:14+00:00\",\"dateModified\":\"2024-12-28T17:00:16+00:00\",\"description\":\"Quelle Syrie demain apr\u00e8s le soulagement cons\u00e9cutif \u00e0 la chute d'Assad ? Peut-on ignorer qui est Al Joulani ? Quelle place pour les Kurdes ?\",\"breadcrumb\":{\"@id\":\"https:\\\/\\\/www.geopolitics.fr\\\/2024\\\/12\\\/28\\\/le-lendemain-de-la-syrie\\\/#breadcrumb\"},\"inLanguage\":\"en-GB\",\"potentialAction\":[{\"@type\":\"ReadAction\",\"target\":[\"https:\\\/\\\/www.geopolitics.fr\\\/2024\\\/12\\\/28\\\/le-lendemain-de-la-syrie\\\/\"]}]},{\"@type\":\"ImageObject\",\"inLanguage\":\"en-GB\",\"@id\":\"https:\\\/\\\/www.geopolitics.fr\\\/2024\\\/12\\\/28\\\/le-lendemain-de-la-syrie\\\/#primaryimage\",\"url\":\"https:\\\/\\\/www.geopolitics.fr\\\/wp-content\\\/uploads\\\/2024\\\/12\\\/syrie-nouveau.jpg\",\"contentUrl\":\"https:\\\/\\\/www.geopolitics.fr\\\/wp-content\\\/uploads\\\/2024\\\/12\\\/syrie-nouveau.jpg\",\"width\":885,\"height\":561},{\"@type\":\"BreadcrumbList\",\"@id\":\"https:\\\/\\\/www.geopolitics.fr\\\/2024\\\/12\\\/28\\\/le-lendemain-de-la-syrie\\\/#breadcrumb\",\"itemListElement\":[{\"@type\":\"ListItem\",\"position\":1,\"name\":\"Accueil\",\"item\":\"https:\\\/\\\/www.geopolitics.fr\\\/\"},{\"@type\":\"ListItem\",\"position\":2,\"name\":\"Le lendemain de la Syrie\"}]},{\"@type\":\"WebSite\",\"@id\":\"https:\\\/\\\/www.geopolitics.fr\\\/#website\",\"url\":\"https:\\\/\\\/www.geopolitics.fr\\\/\",\"name\":\"Geopolitics.fr\",\"description\":\"Geopolitics.fr Analyse politique, relations internationales, d\u00e9fense - ligne \u00e9ditoriale gaullo-chiraquienne\",\"publisher\":{\"@id\":\"https:\\\/\\\/www.geopolitics.fr\\\/#organization\"},\"potentialAction\":[{\"@type\":\"SearchAction\",\"target\":{\"@type\":\"EntryPoint\",\"urlTemplate\":\"https:\\\/\\\/www.geopolitics.fr\\\/?s={search_term_string}\"},\"query-input\":{\"@type\":\"PropertyValueSpecification\",\"valueRequired\":true,\"valueName\":\"search_term_string\"}}],\"inLanguage\":\"en-GB\"},{\"@type\":\"Organization\",\"@id\":\"https:\\\/\\\/www.geopolitics.fr\\\/#organization\",\"name\":\"Geopolitics.fr\",\"url\":\"https:\\\/\\\/www.geopolitics.fr\\\/\",\"logo\":{\"@type\":\"ImageObject\",\"inLanguage\":\"en-GB\",\"@id\":\"https:\\\/\\\/www.geopolitics.fr\\\/#\\\/schema\\\/logo\\\/image\\\/\",\"url\":\"https:\\\/\\\/www.geopolitics.fr\\\/wp-content\\\/uploads\\\/2024\\\/01\\\/logo.jpg\",\"contentUrl\":\"https:\\\/\\\/www.geopolitics.fr\\\/wp-content\\\/uploads\\\/2024\\\/01\\\/logo.jpg\",\"width\":500,\"height\":500,\"caption\":\"Geopolitics.fr\"},\"image\":{\"@id\":\"https:\\\/\\\/www.geopolitics.fr\\\/#\\\/schema\\\/logo\\\/image\\\/\"},\"sameAs\":[\"https:\\\/\\\/www.facebook.com\\\/people\\\/Erwan-Davoux\\\/61557098968092\\\/\",\"https:\\\/\\\/x.com\\\/Geopolitics_Fr\"]},{\"@type\":\"Person\",\"@id\":\"https:\\\/\\\/www.geopolitics.fr\\\/#\\\/schema\\\/person\\\/2ac411a663475b609692ca02b808329e\",\"name\":\"Julien Chevalier\",\"image\":{\"@type\":\"ImageObject\",\"inLanguage\":\"en-GB\",\"@id\":\"https:\\\/\\\/www.geopolitics.fr\\\/wp-content\\\/uploads\\\/2024\\\/12\\\/Photo-Julien-Chevalier-96x96.jpg\",\"url\":\"https:\\\/\\\/www.geopolitics.fr\\\/wp-content\\\/uploads\\\/2024\\\/12\\\/Photo-Julien-Chevalier-96x96.jpg\",\"contentUrl\":\"https:\\\/\\\/www.geopolitics.fr\\\/wp-content\\\/uploads\\\/2024\\\/12\\\/Photo-Julien-Chevalier-96x96.jpg\",\"caption\":\"Julien Chevalier\"},\"description\":\"Journaliste ind\u00e9pendant et consultant. Dipl\u00f4m\u00e9 d\u2019un Master en Finance d\u2019entreprise, il finalisera en 2025 un Master en politique \u00e9conomique \u00e0 la London School of Economics (LSE). Sp\u00e9cialis\u00e9 en \u00e9conomie, finance et relations publiques, il a \u00e9crit pour diff\u00e9rents m\u00e9dias dont Les Echos et Le Monde. Il est \u00e9galement intervenu sur des cha\u00eenes t\u00e9l\u00e9vis\u00e9es, notamment TV5 Monde, et a men\u00e9 des interviews avec des figures majeures comme Jacques de Larosi\u00e8re, Yanis Varoufakis et Jean-Claude Trichet. Ancien conseiller parlementaire au S\u00e9nat (Comission des finances), il a aussi \u00e9t\u00e9 r\u00e9dacteur en chef pour une \u00e9mission diffus\u00e9e sur LCP-Assembl\u00e9e nationale.\",\"url\":\"https:\\\/\\\/www.geopolitics.fr\\\/en\\\/author\\\/chevalier\\\/\"}]}<\/script>\n<!-- \/ Yoast SEO Premium plugin. -->","yoast_head_json":{"title":"Le lendemain de la Syrie | Geopolitics.fr","description":"Quelle Syrie demain apr\u00e8s le soulagement cons\u00e9cutif \u00e0 la chute d'Assad ? Peut-on ignorer qui est Al Joulani ? Quelle place pour les Kurdes ?","robots":{"index":"index","follow":"follow","max-snippet":"max-snippet:-1","max-image-preview":"max-image-preview:large","max-video-preview":"max-video-preview:-1"},"canonical":"https:\/\/www.geopolitics.fr\/en\/2024\/12\/28\/le-lendemain-de-la-syrie\/","og_locale":"en_GB","og_type":"article","og_title":"Le lendemain de la Syrie","og_description":"Quelle Syrie demain apr\u00e8s le soulagement cons\u00e9cutif \u00e0 la chute d'Assad ? Peut-on ignorer qui est Al Joulani ? Quelle place pour les Kurdes ?","og_url":"https:\/\/www.geopolitics.fr\/en\/2024\/12\/28\/le-lendemain-de-la-syrie\/","og_site_name":"Geopolitics.fr","article_publisher":"https:\/\/www.facebook.com\/people\/Erwan-Davoux\/61557098968092\/","article_published_time":"2024-12-28T17:00:14+00:00","article_modified_time":"2024-12-28T17:00:16+00:00","og_image":[{"width":885,"height":561,"url":"https:\/\/www.geopolitics.fr\/wp-content\/uploads\/2024\/12\/syrie-nouveau.jpg","type":"image\/jpeg"}],"author":"Julien Chevalier","twitter_card":"summary_large_image","twitter_creator":"@Geopolitics_Fr","twitter_site":"@Geopolitics_Fr","twitter_misc":{"Written by":"Julien Chevalier","Estimated reading time":"10 minutes"},"schema":{"@context":"https:\/\/schema.org","@graph":[{"@type":"Article","@id":"https:\/\/www.geopolitics.fr\/2024\/12\/28\/le-lendemain-de-la-syrie\/#article","isPartOf":{"@id":"https:\/\/www.geopolitics.fr\/2024\/12\/28\/le-lendemain-de-la-syrie\/"},"author":{"name":"Julien Chevalier","@id":"https:\/\/www.geopolitics.fr\/#\/schema\/person\/2ac411a663475b609692ca02b808329e"},"headline":"Le lendemain de la Syrie","datePublished":"2024-12-28T17:00:14+00:00","dateModified":"2024-12-28T17:00:16+00:00","mainEntityOfPage":{"@id":"https:\/\/www.geopolitics.fr\/2024\/12\/28\/le-lendemain-de-la-syrie\/"},"wordCount":2165,"commentCount":0,"publisher":{"@id":"https:\/\/www.geopolitics.fr\/#organization"},"image":{"@id":"https:\/\/www.geopolitics.fr\/2024\/12\/28\/le-lendemain-de-la-syrie\/#primaryimage"},"thumbnailUrl":"https:\/\/www.geopolitics.fr\/wp-content\/uploads\/2024\/12\/syrie-nouveau.jpg","keywords":["AL JOULANI","ISRAEL","KURDES","SYRIE","turquie"],"articleSection":["International","Mis en AVANT"],"inLanguage":"en-GB"},{"@type":"WebPage","@id":"https:\/\/www.geopolitics.fr\/2024\/12\/28\/le-lendemain-de-la-syrie\/","url":"https:\/\/www.geopolitics.fr\/2024\/12\/28\/le-lendemain-de-la-syrie\/","name":"Le lendemain de la Syrie | Geopolitics.fr","isPartOf":{"@id":"https:\/\/www.geopolitics.fr\/#website"},"primaryImageOfPage":{"@id":"https:\/\/www.geopolitics.fr\/2024\/12\/28\/le-lendemain-de-la-syrie\/#primaryimage"},"image":{"@id":"https:\/\/www.geopolitics.fr\/2024\/12\/28\/le-lendemain-de-la-syrie\/#primaryimage"},"thumbnailUrl":"https:\/\/www.geopolitics.fr\/wp-content\/uploads\/2024\/12\/syrie-nouveau.jpg","datePublished":"2024-12-28T17:00:14+00:00","dateModified":"2024-12-28T17:00:16+00:00","description":"Quelle Syrie demain apr\u00e8s le soulagement cons\u00e9cutif \u00e0 la chute d'Assad ? Peut-on ignorer qui est Al Joulani ? Quelle place pour les Kurdes ?","breadcrumb":{"@id":"https:\/\/www.geopolitics.fr\/2024\/12\/28\/le-lendemain-de-la-syrie\/#breadcrumb"},"inLanguage":"en-GB","potentialAction":[{"@type":"ReadAction","target":["https:\/\/www.geopolitics.fr\/2024\/12\/28\/le-lendemain-de-la-syrie\/"]}]},{"@type":"ImageObject","inLanguage":"en-GB","@id":"https:\/\/www.geopolitics.fr\/2024\/12\/28\/le-lendemain-de-la-syrie\/#primaryimage","url":"https:\/\/www.geopolitics.fr\/wp-content\/uploads\/2024\/12\/syrie-nouveau.jpg","contentUrl":"https:\/\/www.geopolitics.fr\/wp-content\/uploads\/2024\/12\/syrie-nouveau.jpg","width":885,"height":561},{"@type":"BreadcrumbList","@id":"https:\/\/www.geopolitics.fr\/2024\/12\/28\/le-lendemain-de-la-syrie\/#breadcrumb","itemListElement":[{"@type":"ListItem","position":1,"name":"Accueil","item":"https:\/\/www.geopolitics.fr\/"},{"@type":"ListItem","position":2,"name":"Le lendemain de la Syrie"}]},{"@type":"WebSite","@id":"https:\/\/www.geopolitics.fr\/#website","url":"https:\/\/www.geopolitics.fr\/","name":"Geopolitics.fr","description":"Geopolitics.fr Analyse politique, relations internationales, d\u00e9fense - ligne \u00e9ditoriale gaullo-chiraquienne","publisher":{"@id":"https:\/\/www.geopolitics.fr\/#organization"},"potentialAction":[{"@type":"SearchAction","target":{"@type":"EntryPoint","urlTemplate":"https:\/\/www.geopolitics.fr\/?s={search_term_string}"},"query-input":{"@type":"PropertyValueSpecification","valueRequired":true,"valueName":"search_term_string"}}],"inLanguage":"en-GB"},{"@type":"Organization","@id":"https:\/\/www.geopolitics.fr\/#organization","name":"Geopolitics.fr","url":"https:\/\/www.geopolitics.fr\/","logo":{"@type":"ImageObject","inLanguage":"en-GB","@id":"https:\/\/www.geopolitics.fr\/#\/schema\/logo\/image\/","url":"https:\/\/www.geopolitics.fr\/wp-content\/uploads\/2024\/01\/logo.jpg","contentUrl":"https:\/\/www.geopolitics.fr\/wp-content\/uploads\/2024\/01\/logo.jpg","width":500,"height":500,"caption":"Geopolitics.fr"},"image":{"@id":"https:\/\/www.geopolitics.fr\/#\/schema\/logo\/image\/"},"sameAs":["https:\/\/www.facebook.com\/people\/Erwan-Davoux\/61557098968092\/","https:\/\/x.com\/Geopolitics_Fr"]},{"@type":"Person","@id":"https:\/\/www.geopolitics.fr\/#\/schema\/person\/2ac411a663475b609692ca02b808329e","name":"Julien Chevalier","image":{"@type":"ImageObject","inLanguage":"en-GB","@id":"https:\/\/www.geopolitics.fr\/wp-content\/uploads\/2024\/12\/Photo-Julien-Chevalier-96x96.jpg","url":"https:\/\/www.geopolitics.fr\/wp-content\/uploads\/2024\/12\/Photo-Julien-Chevalier-96x96.jpg","contentUrl":"https:\/\/www.geopolitics.fr\/wp-content\/uploads\/2024\/12\/Photo-Julien-Chevalier-96x96.jpg","caption":"Julien Chevalier"},"description":"Journaliste ind\u00e9pendant et consultant. Dipl\u00f4m\u00e9 d\u2019un Master en Finance d\u2019entreprise, il finalisera en 2025 un Master en politique \u00e9conomique \u00e0 la London School of Economics (LSE). Sp\u00e9cialis\u00e9 en \u00e9conomie, finance et relations publiques, il a \u00e9crit pour diff\u00e9rents m\u00e9dias dont Les Echos et Le Monde. Il est \u00e9galement intervenu sur des cha\u00eenes t\u00e9l\u00e9vis\u00e9es, notamment TV5 Monde, et a men\u00e9 des interviews avec des figures majeures comme Jacques de Larosi\u00e8re, Yanis Varoufakis et Jean-Claude Trichet. Ancien conseiller parlementaire au S\u00e9nat (Comission des finances), il a aussi \u00e9t\u00e9 r\u00e9dacteur en chef pour une \u00e9mission diffus\u00e9e sur LCP-Assembl\u00e9e nationale.","url":"https:\/\/www.geopolitics.fr\/en\/author\/chevalier\/"}]}},"_links":{"self":[{"href":"https:\/\/www.geopolitics.fr\/en\/wp-json\/wp\/v2\/posts\/3296","targetHints":{"allow":["GET"]}}],"collection":[{"href":"https:\/\/www.geopolitics.fr\/en\/wp-json\/wp\/v2\/posts"}],"about":[{"href":"https:\/\/www.geopolitics.fr\/en\/wp-json\/wp\/v2\/types\/post"}],"author":[{"embeddable":true,"href":"https:\/\/www.geopolitics.fr\/en\/wp-json\/wp\/v2\/users\/104"}],"replies":[{"embeddable":true,"href":"https:\/\/www.geopolitics.fr\/en\/wp-json\/wp\/v2\/comments?post=3296"}],"version-history":[{"count":0,"href":"https:\/\/www.geopolitics.fr\/en\/wp-json\/wp\/v2\/posts\/3296\/revisions"}],"wp:featuredmedia":[{"embeddable":true,"href":"https:\/\/www.geopolitics.fr\/en\/wp-json\/wp\/v2\/media\/3297"}],"wp:attachment":[{"href":"https:\/\/www.geopolitics.fr\/en\/wp-json\/wp\/v2\/media?parent=3296"}],"wp:term":[{"taxonomy":"category","embeddable":true,"href":"https:\/\/www.geopolitics.fr\/en\/wp-json\/wp\/v2\/categories?post=3296"},{"taxonomy":"post_tag","embeddable":true,"href":"https:\/\/www.geopolitics.fr\/en\/wp-json\/wp\/v2\/tags?post=3296"}],"curies":[{"name":"wp","href":"https:\/\/api.w.org\/{rel}","templated":true}]}}