{"id":3293,"date":"2024-12-27T18:07:57","date_gmt":"2024-12-27T17:07:57","guid":{"rendered":"https:\/\/www.geopolitics.fr\/?p=3293"},"modified":"2024-12-27T18:07:59","modified_gmt":"2024-12-27T17:07:59","slug":"sans-surprise-la-conference-sur-la-desertification-sacheve-a-riyad-sans-parvenir-a-un-accord-sur-la-lutte-contre-secheresse","status":"publish","type":"post","link":"https:\/\/www.geopolitics.fr\/en\/2024\/12\/27\/sans-surprise-la-conference-sur-la-desertification-sacheve-a-riyad-sans-parvenir-a-un-accord-sur-la-lutte-contre-secheresse\/","title":{"rendered":"Sans surprise, la conf\u00e9rence sur la d\u00e9sertification s\u2019ach\u00e8ve \u00e0 Riyad sans parvenir \u00e0 un accord sur la lutte contre s\u00e9cheresse"},"content":{"rendered":"<p class=\"has-medium-font-size wp-block-paragraph\"><em>Apr\u00e8s deux semaines de n\u00e9gociations intenses, la conf\u00e9rence des Nations Unies sur la d\u00e9sertification dite COP16, s\u2019est achev\u00e9e la semaine pass\u00e9e \u00e0 Riyad sur un nouvel \u00e9chec. Avec un jour de retard et sans parvenir \u00e0 un accord contraignant sur la lutte contre la s\u00e9cheresse.<\/em><\/p>\n\n\n\n<p class=\"has-medium-font-size wp-block-paragraph\">Sans tambours ni fanfares, pr\u00e8s de 200 pays \u00e9taient r\u00e9unis en Arabie Saoudite lors de la 16e Conf\u00e9rence des Parties (COP16) \u00e0 la Convention des Nations Unies. Apr\u00e8s d\u2019intenses journ\u00e9es de discussions et de tergiversations, sans r\u00e9elles r\u00e9solutions, visant \u00e0 la lutte contre la d\u00e9sertification (CNULCD), ces derniers se sont toutefois engag\u00e9s \u00e0 placer la restauration des terres et la r\u00e9silience face \u00e0 la s\u00e9cheresse, au c\u0153ur de leurs politiques nationales et de coop\u00e9ration internationale.<\/p>\n\n\n\n<p class=\"has-medium-font-size wp-block-paragraph\">Toutefois et faute d\u2019engagements plus fermes pour ne dire contraignants, ces efforts sont per\u00e7us comme une avanc\u00e9e essentielle en vue d\u2019assurer la s\u00e9curit\u00e9 alimentaire et une adaptation au changement climatique. Les repr\u00e9sentants des diff\u00e9rents pays pr\u00e9sents, semble en outre avoir r\u00e9alis\u00e9 des progr\u00e8s significatifs dans les n\u00e9gociations d\u2019un \u00ab&nbsp;futur r\u00e9gime mondial sur la s\u00e9cheresse&nbsp;\u00bb qu\u2019ils pr\u00e9voient de finaliser lors de la COP17 en Mongolie, devant se d\u00e9rouler en 2026, a soulign\u00e9 le Secr\u00e9tariat ex\u00e9cutif de la CNULCD dans un communiqu\u00e9 de presse.<\/p>\n\n\n\n<p class=\"has-medium-font-size wp-block-paragraph\">Nerf de la guerre, plus de 12 milliards de dollars ont en outre \u00e9t\u00e9 \u00ab&nbsp;promis&nbsp;\u00bb visant \u00e0 la mise en place d\u2019op\u00e9rations contre la d\u00e9sertification, la d\u00e9gradation des terres et la s\u00e9cheresse \u00e0 travers le monde, notamment dans les pays les plus vuln\u00e9rables. Bien s\u00fbr et selon l\u2019adage, les promesses n\u2019engagent que ceux qui y croient.<\/p>\n\n\n\n<p class=\"has-medium-font-size wp-block-paragraph\">Toutefois il est \u00e0 noter dans la conclusion des d\u00e9bats, que parmi les principales avanc\u00e9es de la COP16, figurent en langage onusien, la cr\u00e9ation d\u2019un Caucus pour les peuples autochtones, ainsi que d\u2019un autre visant les communaut\u00e9s locales. Plus clairement, ces engagements ont pour objectifs de garantir que leurs perspectives et d\u00e9fis uniques soient pleinement repr\u00e9sent\u00e9s&nbsp;: la poursuite du groupe Science-Politique de la Convention afin de renforcer les d\u00e9cisions fond\u00e9es sur des donn\u00e9es scientifiques, ainsi que la mobilisation du secteur priv\u00e9 dans le cadre de l\u2019initiative Business4Land.<\/p>\n\n\n\n<p class=\"has-medium-font-size wp-block-paragraph\">\u00ab <em>Notre travail ne s\u2019arr\u00eate pas \u00e0 la cl\u00f4ture de la COP16. Nous devons continuer \u00e0 r\u00e9pondre \u00e0 la crise climatique\u2014un appel \u00e0 l\u2019action pour embrasser l\u2019inclusivit\u00e9, l\u2019innovation et la r\u00e9silience. Les jeunes et les peuples autochtones doivent \u00eatre au centre de ces discussions. Leur sagesse, leurs voix et leur cr\u00e9ativit\u00e9 sont indispensables pour construire un avenir durable porteur d\u2019espoir pour les g\u00e9n\u00e9rations futures<\/em> \u00bb, a insist\u00e9 la Vice-Secr\u00e9taire g\u00e9n\u00e9rale des Nations Unies Amina J. Mohammed, dans une d\u00e9claration solennelle.<\/p>\n\n\n\n<h2 class=\"wp-block-heading\" id=\"h-des-solutions-a-notre-portee-surtout-des-pays-les-plus-riches\"><strong>Des solutions \u00e0 notre port\u00e9e, surtout des pays les plus riches<\/strong><\/h2>\n\n\n\n<p class=\"has-medium-font-size wp-block-paragraph\">Pav\u00e9 de bonnes intentions lors de son allocution de cl\u00f4ture, le Pr\u00e9sident de la COP16 Abdulrahman Alfadley, ministre saoudien de l\u2019Environnement, de l\u2019eau et de l\u2019agriculture, n\u2019a pas manqu\u00e9 de d\u00e9clarer que cette r\u00e9union marquait un tournant dans la sensibilisation internationale \u00e0 l\u2019urgence d\u2019acc\u00e9l\u00e9rer la restauration des terres et la r\u00e9silience face \u00e0 la s\u00e9cheresse. \u00ab&nbsp;<em>Nous esp\u00e9rons que les r\u00e9sultats de cette session marqueront un tournant significatif en renfor\u00e7ant les efforts pour pr\u00e9server les terres, r\u00e9duire leur d\u00e9gradation, d\u00e9velopper les capacit\u00e9s pour faire face \u00e0 la s\u00e9cheresse et contribuer au bien-\u00eatre des communaut\u00e9s \u00e0 travers le monde<\/em> \u00bb, a-t-il d\u00e9clar\u00e9.<\/p>\n\n\n\n<p class=\"has-medium-font-size wp-block-paragraph\">Aussi, lors de cette m\u00eame pl\u00e9ni\u00e8re de cl\u00f4ture de la COP16, le Secr\u00e9taire ex\u00e9cutif de la CNULCD Ibrahim Thiaw, a quant \u00e0 lui souhait\u00e9 dans un v\u0153u pieu : \u00ab <em>Comme nous l&rsquo;avons discut\u00e9 et constat\u00e9, les solutions sont \u00e0 notre port\u00e9e. Les actions que nous avons entreprises aujourd&rsquo;hui fa\u00e7onneront non seulement l&rsquo;avenir de notre plan\u00e8te, mais aussi la vie, les moyens de subsistance et les opportunit\u00e9s de ceux qui en d\u00e9pendent<\/em> \u00bb.<\/p>\n\n\n\n<p class=\"has-medium-font-size wp-block-paragraph\">Tout en soulignant \u00e9galement qu\u2019un changement important s\u2019op\u00e9rait dans \u00ab&nbsp;<em>l\u2019approche mondiale des questions relatives \u00e0 la terre et \u00e0 la s\u00e9cheresse, mettant en lumi\u00e8re les d\u00e9fis interconnect\u00e9s avec des enjeux mondiaux plus vastes tels que le changement climatique, la perte de biodiversit\u00e9, la s\u00e9curit\u00e9 alimentaire, les migrations forc\u00e9es et la stabilit\u00e9 mondiale&nbsp;<\/em>\u00bb. Enfin&nbsp;!<\/p>\n\n\n\n<h2 class=\"wp-block-heading\" id=\"h-entre-besoins-financiers-et-engagements-les-coeurs-balancent\"><strong>Entre besoins financiers et engagements, les c\u0153urs balancent<\/strong><\/h2>\n\n\n\n<p class=\"has-medium-font-size wp-block-paragraph\">Au cours de la conf\u00e9rence et pourtant bien install\u00e9s dans leurs fauteuils, les participants ont bien failli vacill\u00e9s alors que la CNULCD leur a assen\u00e9 qu\u2019au moins 2.600 milliards de dollars d\u2019investissements seront n\u00e9cessaires d\u2019ici 2030 afin de restaurer plus d\u2019un milliard d\u2019hectares de terres d\u00e9grad\u00e9es, puis de renforcer la r\u00e9silience face \u00e0 la s\u00e9cheresse. Un chiffre en effet, \u00e0 faire tourner la t\u00eate, car ce dernier ne repr\u00e9sente pas moins un investissement quotidien de 1 milliard de dollars d&rsquo;ici 2030, pour atteindre les objectifs mondiaux de restauration des terres, puis lutter contre la d\u00e9sertification et la s\u00e9cheresse.<\/p>\n\n\n\n<p class=\"has-medium-font-size wp-block-paragraph\">D\u2019ores et d\u00e9j\u00e0 et en signe de bonne volont\u00e9, de nouveaux engagements ont \u00e9t\u00e9 annonc\u00e9s visant \u00e0 des projets \u00e0 grande \u00e9chelle de restauration des terres et de pr\u00e9paration \u00e0 la s\u00e9cheresse, tels que le Partenariat mondial pour la r\u00e9silience \u00e0 la s\u00e9cheresse de Riyad, qui a \u00e9t\u00e9 abond\u00e9 de 12,15 milliards de dollars, dont un engagement de 10 milliards du Groupe de coordination arabe. Cette premi\u00e8re enveloppe devrait intervenir en soutien de 80 des pays les plus vuln\u00e9rables identifi\u00e9s, dans la mise en place d\u2019initiatives strat\u00e9giques et mat\u00e9rielles.&nbsp;<\/p>\n\n\n\n<p class=\"has-medium-font-size wp-block-paragraph\">Le Grand Mur Vert (GMV), une initiative dirig\u00e9e par l&rsquo;Afrique pour restaurer 100 millions d&rsquo;hectares de terres d\u00e9grad\u00e9es, a \u00e9galement mobilis\u00e9 11 millions d\u2019euros du gouvernement italien pour la restauration des paysages au Sahel, ainsi que 3,6 millions d\u2019euros du gouvernement autrichien visant \u00e0 renforcer la coordination et la mise en \u0153uvre de l\u2019initiative dans 22 pays africains.<\/p>\n\n\n\n<p class=\"has-medium-font-size wp-block-paragraph\"><strong>Une voix plus forte pour les populations autochtones<\/strong><\/p>\n\n\n\n<p class=\"has-medium-font-size wp-block-paragraph\">Dans une d\u00e9cision historique de la convention, les Parties ont convenus de la cr\u00e9ation d\u2019un \u00ab&nbsp;Caucus pour les peuples autochtones&nbsp;\u00bb et d\u2019un \u00ab&nbsp;Caucus pour les communaut\u00e9s locales&nbsp;\u00bb. L\u2019objectif fix\u00e9 est de garantir que leurs perspectives et priorit\u00e9s particuli\u00e8res soient ad\u00e9quatement repr\u00e9sent\u00e9es dans les travaux de la Convention. La d\u00e9claration \u00ab Terres sacr\u00e9es \u00bb, pr\u00e9sent\u00e9e lors du Forum inaugural des peuples autochtones \u00e0 une COP de la CNULCD, a soulign\u00e9 le r\u00f4le des peuples autochtones dans la gestion durable des ressources, en appelant en outre \u00e0 une plus grande participation \u00e0 la gouvernance mondiale des terres et de la s\u00e9cheresse, y compris par la participation aux efforts de restauration des terres.<\/p>\n\n\n\n<p class=\"has-medium-font-size wp-block-paragraph\">\u00ab <em>Aujourd&rsquo;hui, l\u2019histoire a \u00e9t\u00e9 \u00e9crite<\/em> \u00bb, a conclu Oliver Tester&nbsp; repr\u00e9sentant des peuples autochtones d\u2019Australie. \u00ab <em>Nous sommes impatients de d\u00e9fendre notre engagement \u00e0 prot\u00e9ger la Terre M\u00e8re \u00e0 travers un Caucus d\u00e9di\u00e9, et de quitter cet espace en ayant confiance que nos voix seront entendues <\/em>\u00bb.<\/p>\n\n\n\n<p class=\"has-medium-font-size wp-block-paragraph\">Dans un \u00e9lan d\u2019optimisme propre \u00e0 chaque cl\u00f4ture de COP, le communiqu\u00e9 de presse final affirme que les pays avaient \u00ab\u00a0fait des progr\u00e8s significatifs en jetant les bases d&rsquo;un futur r\u00e9gime mondial de lutte contre la s\u00e9cheresse, qu&rsquo;ils ont l&rsquo;intention d&rsquo;achever lors de la COP17 en Mongolie en 2026\u00a0\u00bb. Ainsi soit-il.<\/p>","protected":false},"excerpt":{"rendered":"<p>Apr\u00e8s deux semaines de n\u00e9gociations intenses, la conf\u00e9rence des Nations Unies sur la d\u00e9sertification dite COP16, s\u2019est achev\u00e9e la semaine pass\u00e9e \u00e0&hellip;<\/p>","protected":false},"author":93,"featured_media":3294,"comment_status":"open","ping_status":"open","sticky":false,"template":"","format":"standard","meta":{"_lmt_disableupdate":"","_lmt_disable":"","footnotes":""},"categories":[5,4],"tags":[421,420],"class_list":["post-3293","post","type-post","status-publish","format-standard","has-post-thumbnail","hentry","category-international","category-mis-en-avant","tag-conference-ryad","tag-secheresse-2"],"yoast_head":"<!-- This site is optimized with the Yoast SEO Premium plugin v28.1 (Yoast SEO v28.1) - https:\/\/yoast.com\/product\/yoast-seo-premium-wordpress\/ -->\n<title>Sans surprise, la conf\u00e9rence sur la d\u00e9sertification s\u2019ach\u00e8ve \u00e0 Riyad sans parvenir \u00e0 un accord sur la lutte contre s\u00e9cheresse | Geopolitics.fr<\/title>\n<meta name=\"description\" content=\"La conf\u00e9rence des Nations Unies sur la d\u00e9sertification dite COP16, s\u2019est achev\u00e9e la semaine pass\u00e9e \u00e0 Riyad sur un nouvel \u00e9chec.\" \/>\n<meta name=\"robots\" content=\"index, follow, max-snippet:-1, max-image-preview:large, max-video-preview:-1\" \/>\n<link rel=\"canonical\" href=\"https:\/\/www.geopolitics.fr\/en\/2024\/12\/27\/sans-surprise-la-conference-sur-la-desertification-sacheve-a-riyad-sans-parvenir-a-un-accord-sur-la-lutte-contre-secheresse\/\" \/>\n<meta property=\"og:locale\" content=\"en_GB\" \/>\n<meta property=\"og:type\" content=\"article\" \/>\n<meta property=\"og:title\" content=\"Sans surprise, la conf\u00e9rence sur la d\u00e9sertification s\u2019ach\u00e8ve \u00e0 Riyad sans parvenir \u00e0 un accord sur la lutte contre s\u00e9cheresse\" \/>\n<meta property=\"og:description\" content=\"La conf\u00e9rence des Nations Unies sur la d\u00e9sertification dite COP16, s\u2019est achev\u00e9e la semaine pass\u00e9e \u00e0 Riyad sur un nouvel \u00e9chec.\" \/>\n<meta property=\"og:url\" content=\"https:\/\/www.geopolitics.fr\/en\/2024\/12\/27\/sans-surprise-la-conference-sur-la-desertification-sacheve-a-riyad-sans-parvenir-a-un-accord-sur-la-lutte-contre-secheresse\/\" \/>\n<meta property=\"og:site_name\" content=\"Geopolitics.fr\" \/>\n<meta property=\"article:publisher\" content=\"https:\/\/www.facebook.com\/people\/Erwan-Davoux\/61557098968092\/\" \/>\n<meta property=\"article:author\" content=\"https:\/\/www.facebook.com\/odelagarde\" \/>\n<meta property=\"article:published_time\" content=\"2024-12-27T17:07:57+00:00\" \/>\n<meta property=\"article:modified_time\" content=\"2024-12-27T17:07:59+00:00\" \/>\n<meta property=\"og:image\" content=\"https:\/\/www.geopolitics.fr\/wp-content\/uploads\/2024\/12\/conf-riyad.jpg\" \/>\n\t<meta property=\"og:image:width\" content=\"1170\" \/>\n\t<meta property=\"og:image:height\" content=\"530\" \/>\n\t<meta property=\"og:image:type\" content=\"image\/jpeg\" \/>\n<meta name=\"author\" content=\"Olivier DELAGARDE\" \/>\n<meta name=\"twitter:card\" content=\"summary_large_image\" \/>\n<meta name=\"twitter:creator\" content=\"@Geopolitics_Fr\" \/>\n<meta name=\"twitter:site\" content=\"@Geopolitics_Fr\" \/>\n<meta name=\"twitter:label1\" content=\"Written by\" \/>\n\t<meta name=\"twitter:data1\" content=\"Olivier DELAGARDE\" \/>\n\t<meta name=\"twitter:label2\" content=\"Estimated reading time\" \/>\n\t<meta name=\"twitter:data2\" content=\"6 minutes\" \/>\n<script type=\"application\/ld+json\" class=\"yoast-schema-graph\">{\"@context\":\"https:\\\/\\\/schema.org\",\"@graph\":[{\"@type\":\"Article\",\"@id\":\"https:\\\/\\\/www.geopolitics.fr\\\/2024\\\/12\\\/27\\\/sans-surprise-la-conference-sur-la-desertification-sacheve-a-riyad-sans-parvenir-a-un-accord-sur-la-lutte-contre-secheresse\\\/#article\",\"isPartOf\":{\"@id\":\"https:\\\/\\\/www.geopolitics.fr\\\/2024\\\/12\\\/27\\\/sans-surprise-la-conference-sur-la-desertification-sacheve-a-riyad-sans-parvenir-a-un-accord-sur-la-lutte-contre-secheresse\\\/\"},\"author\":{\"name\":\"Olivier DELAGARDE\",\"@id\":\"https:\\\/\\\/www.geopolitics.fr\\\/#\\\/schema\\\/person\\\/9b98d78234af63d6ad71199d66115350\"},\"headline\":\"Sans surprise, la conf\u00e9rence sur la d\u00e9sertification s\u2019ach\u00e8ve \u00e0 Riyad sans parvenir \u00e0 un accord sur la lutte contre s\u00e9cheresse\",\"datePublished\":\"2024-12-27T17:07:57+00:00\",\"dateModified\":\"2024-12-27T17:07:59+00:00\",\"mainEntityOfPage\":{\"@id\":\"https:\\\/\\\/www.geopolitics.fr\\\/2024\\\/12\\\/27\\\/sans-surprise-la-conference-sur-la-desertification-sacheve-a-riyad-sans-parvenir-a-un-accord-sur-la-lutte-contre-secheresse\\\/\"},\"wordCount\":1315,\"commentCount\":0,\"publisher\":{\"@id\":\"https:\\\/\\\/www.geopolitics.fr\\\/#organization\"},\"image\":{\"@id\":\"https:\\\/\\\/www.geopolitics.fr\\\/2024\\\/12\\\/27\\\/sans-surprise-la-conference-sur-la-desertification-sacheve-a-riyad-sans-parvenir-a-un-accord-sur-la-lutte-contre-secheresse\\\/#primaryimage\"},\"thumbnailUrl\":\"https:\\\/\\\/www.geopolitics.fr\\\/wp-content\\\/uploads\\\/2024\\\/12\\\/conf-riyad.jpg\",\"keywords\":[\"CONFERENCE RYAD\",\"SECHERESSE\"],\"articleSection\":[\"International\",\"Mis en AVANT\"],\"inLanguage\":\"en-GB\"},{\"@type\":\"WebPage\",\"@id\":\"https:\\\/\\\/www.geopolitics.fr\\\/2024\\\/12\\\/27\\\/sans-surprise-la-conference-sur-la-desertification-sacheve-a-riyad-sans-parvenir-a-un-accord-sur-la-lutte-contre-secheresse\\\/\",\"url\":\"https:\\\/\\\/www.geopolitics.fr\\\/2024\\\/12\\\/27\\\/sans-surprise-la-conference-sur-la-desertification-sacheve-a-riyad-sans-parvenir-a-un-accord-sur-la-lutte-contre-secheresse\\\/\",\"name\":\"Sans surprise, la conf\u00e9rence sur la d\u00e9sertification s\u2019ach\u00e8ve \u00e0 Riyad sans parvenir \u00e0 un accord sur la lutte contre s\u00e9cheresse | Geopolitics.fr\",\"isPartOf\":{\"@id\":\"https:\\\/\\\/www.geopolitics.fr\\\/#website\"},\"primaryImageOfPage\":{\"@id\":\"https:\\\/\\\/www.geopolitics.fr\\\/2024\\\/12\\\/27\\\/sans-surprise-la-conference-sur-la-desertification-sacheve-a-riyad-sans-parvenir-a-un-accord-sur-la-lutte-contre-secheresse\\\/#primaryimage\"},\"image\":{\"@id\":\"https:\\\/\\\/www.geopolitics.fr\\\/2024\\\/12\\\/27\\\/sans-surprise-la-conference-sur-la-desertification-sacheve-a-riyad-sans-parvenir-a-un-accord-sur-la-lutte-contre-secheresse\\\/#primaryimage\"},\"thumbnailUrl\":\"https:\\\/\\\/www.geopolitics.fr\\\/wp-content\\\/uploads\\\/2024\\\/12\\\/conf-riyad.jpg\",\"datePublished\":\"2024-12-27T17:07:57+00:00\",\"dateModified\":\"2024-12-27T17:07:59+00:00\",\"description\":\"La conf\u00e9rence des Nations Unies sur la d\u00e9sertification dite COP16, s\u2019est achev\u00e9e la semaine pass\u00e9e \u00e0 Riyad sur un nouvel \u00e9chec.\",\"breadcrumb\":{\"@id\":\"https:\\\/\\\/www.geopolitics.fr\\\/2024\\\/12\\\/27\\\/sans-surprise-la-conference-sur-la-desertification-sacheve-a-riyad-sans-parvenir-a-un-accord-sur-la-lutte-contre-secheresse\\\/#breadcrumb\"},\"inLanguage\":\"en-GB\",\"potentialAction\":[{\"@type\":\"ReadAction\",\"target\":[\"https:\\\/\\\/www.geopolitics.fr\\\/2024\\\/12\\\/27\\\/sans-surprise-la-conference-sur-la-desertification-sacheve-a-riyad-sans-parvenir-a-un-accord-sur-la-lutte-contre-secheresse\\\/\"]}]},{\"@type\":\"ImageObject\",\"inLanguage\":\"en-GB\",\"@id\":\"https:\\\/\\\/www.geopolitics.fr\\\/2024\\\/12\\\/27\\\/sans-surprise-la-conference-sur-la-desertification-sacheve-a-riyad-sans-parvenir-a-un-accord-sur-la-lutte-contre-secheresse\\\/#primaryimage\",\"url\":\"https:\\\/\\\/www.geopolitics.fr\\\/wp-content\\\/uploads\\\/2024\\\/12\\\/conf-riyad.jpg\",\"contentUrl\":\"https:\\\/\\\/www.geopolitics.fr\\\/wp-content\\\/uploads\\\/2024\\\/12\\\/conf-riyad.jpg\",\"width\":1170,\"height\":530},{\"@type\":\"BreadcrumbList\",\"@id\":\"https:\\\/\\\/www.geopolitics.fr\\\/2024\\\/12\\\/27\\\/sans-surprise-la-conference-sur-la-desertification-sacheve-a-riyad-sans-parvenir-a-un-accord-sur-la-lutte-contre-secheresse\\\/#breadcrumb\",\"itemListElement\":[{\"@type\":\"ListItem\",\"position\":1,\"name\":\"Accueil\",\"item\":\"https:\\\/\\\/www.geopolitics.fr\\\/\"},{\"@type\":\"ListItem\",\"position\":2,\"name\":\"Sans surprise, la conf\u00e9rence sur la d\u00e9sertification s\u2019ach\u00e8ve \u00e0 Riyad sans parvenir \u00e0 un accord sur la lutte contre s\u00e9cheresse\"}]},{\"@type\":\"WebSite\",\"@id\":\"https:\\\/\\\/www.geopolitics.fr\\\/#website\",\"url\":\"https:\\\/\\\/www.geopolitics.fr\\\/\",\"name\":\"Geopolitics.fr\",\"description\":\"Geopolitics.fr Analyse politique, relations internationales, d\u00e9fense - ligne \u00e9ditoriale gaullo-chiraquienne\",\"publisher\":{\"@id\":\"https:\\\/\\\/www.geopolitics.fr\\\/#organization\"},\"potentialAction\":[{\"@type\":\"SearchAction\",\"target\":{\"@type\":\"EntryPoint\",\"urlTemplate\":\"https:\\\/\\\/www.geopolitics.fr\\\/?s={search_term_string}\"},\"query-input\":{\"@type\":\"PropertyValueSpecification\",\"valueRequired\":true,\"valueName\":\"search_term_string\"}}],\"inLanguage\":\"en-GB\"},{\"@type\":\"Organization\",\"@id\":\"https:\\\/\\\/www.geopolitics.fr\\\/#organization\",\"name\":\"Geopolitics.fr\",\"url\":\"https:\\\/\\\/www.geopolitics.fr\\\/\",\"logo\":{\"@type\":\"ImageObject\",\"inLanguage\":\"en-GB\",\"@id\":\"https:\\\/\\\/www.geopolitics.fr\\\/#\\\/schema\\\/logo\\\/image\\\/\",\"url\":\"https:\\\/\\\/www.geopolitics.fr\\\/wp-content\\\/uploads\\\/2024\\\/01\\\/logo.jpg\",\"contentUrl\":\"https:\\\/\\\/www.geopolitics.fr\\\/wp-content\\\/uploads\\\/2024\\\/01\\\/logo.jpg\",\"width\":500,\"height\":500,\"caption\":\"Geopolitics.fr\"},\"image\":{\"@id\":\"https:\\\/\\\/www.geopolitics.fr\\\/#\\\/schema\\\/logo\\\/image\\\/\"},\"sameAs\":[\"https:\\\/\\\/www.facebook.com\\\/people\\\/Erwan-Davoux\\\/61557098968092\\\/\",\"https:\\\/\\\/x.com\\\/Geopolitics_Fr\"]},{\"@type\":\"Person\",\"@id\":\"https:\\\/\\\/www.geopolitics.fr\\\/#\\\/schema\\\/person\\\/9b98d78234af63d6ad71199d66115350\",\"name\":\"Olivier DELAGARDE\",\"image\":{\"@type\":\"ImageObject\",\"inLanguage\":\"en-GB\",\"@id\":\"https:\\\/\\\/secure.gravatar.com\\\/avatar\\\/2c50afbd303b51697d9591857ee182bf3ead572fa530da00bb0278cf506c3a97?s=96&d=mm&r=g\",\"url\":\"https:\\\/\\\/secure.gravatar.com\\\/avatar\\\/2c50afbd303b51697d9591857ee182bf3ead572fa530da00bb0278cf506c3a97?s=96&d=mm&r=g\",\"contentUrl\":\"https:\\\/\\\/secure.gravatar.com\\\/avatar\\\/2c50afbd303b51697d9591857ee182bf3ead572fa530da00bb0278cf506c3a97?s=96&d=mm&r=g\",\"caption\":\"Olivier DELAGARDE\"},\"description\":\"Journaliste depuis plus de 20 ans, accr\u00e9dit\u00e9 aupr\u00e8s de l'Organisation des Nations Unies, de la Ligue des Etats Arabes, titulaire de la Carte d'Identit\u00e9 des Journalistes Professionnels en France et de la F\u00e9d\u00e9ration Internationale des Journalistes, Olivier a occup\u00e9 le poste de Grand reporter correspondant permanent en \u00c9gypte pour des m\u00e9dias de renomm\u00e9e mondiale tels que TV5 MONDE, le GROUPE M6, le GROUPE TF1 ou encore l\u2019AFP. Durant plus de dix ann\u00e9es, il a produit de nombreux reportages sur la politique internationale en Afrique de l'Est, tout en couvrant les principaux conflits au Proche et Moyen-Orient. En tant que Chef de bureau Proche-Orient pour TV5 MONDE, il \u00e9tait responsable de la production de reportages, des relations institutionnelles et de la repr\u00e9sentation de la cha\u00eene, tout en \u00e9crivant pour plusieurs m\u00e9dias europ\u00e9ens et internationaux.\",\"sameAs\":[\"https:\\\/\\\/www.facebook.com\\\/odelagarde\",\"https:\\\/\\\/www.linkedin.com\\\/in\\\/olivier-delagarde-816b17270\\\/\"],\"url\":\"https:\\\/\\\/www.geopolitics.fr\\\/en\\\/author\\\/odelagarde\\\/\"}]}<\/script>\n<!-- \/ Yoast SEO Premium plugin. -->","yoast_head_json":{"title":"Sans surprise, la conf\u00e9rence sur la d\u00e9sertification s\u2019ach\u00e8ve \u00e0 Riyad sans parvenir \u00e0 un accord sur la lutte contre s\u00e9cheresse | Geopolitics.fr","description":"La conf\u00e9rence des Nations Unies sur la d\u00e9sertification dite COP16, s\u2019est achev\u00e9e la semaine pass\u00e9e \u00e0 Riyad sur un nouvel \u00e9chec.","robots":{"index":"index","follow":"follow","max-snippet":"max-snippet:-1","max-image-preview":"max-image-preview:large","max-video-preview":"max-video-preview:-1"},"canonical":"https:\/\/www.geopolitics.fr\/en\/2024\/12\/27\/sans-surprise-la-conference-sur-la-desertification-sacheve-a-riyad-sans-parvenir-a-un-accord-sur-la-lutte-contre-secheresse\/","og_locale":"en_GB","og_type":"article","og_title":"Sans surprise, la conf\u00e9rence sur la d\u00e9sertification s\u2019ach\u00e8ve \u00e0 Riyad sans parvenir \u00e0 un accord sur la lutte contre s\u00e9cheresse","og_description":"La conf\u00e9rence des Nations Unies sur la d\u00e9sertification dite COP16, s\u2019est achev\u00e9e la semaine pass\u00e9e \u00e0 Riyad sur un nouvel \u00e9chec.","og_url":"https:\/\/www.geopolitics.fr\/en\/2024\/12\/27\/sans-surprise-la-conference-sur-la-desertification-sacheve-a-riyad-sans-parvenir-a-un-accord-sur-la-lutte-contre-secheresse\/","og_site_name":"Geopolitics.fr","article_publisher":"https:\/\/www.facebook.com\/people\/Erwan-Davoux\/61557098968092\/","article_author":"https:\/\/www.facebook.com\/odelagarde","article_published_time":"2024-12-27T17:07:57+00:00","article_modified_time":"2024-12-27T17:07:59+00:00","og_image":[{"width":1170,"height":530,"url":"https:\/\/www.geopolitics.fr\/wp-content\/uploads\/2024\/12\/conf-riyad.jpg","type":"image\/jpeg"}],"author":"Olivier DELAGARDE","twitter_card":"summary_large_image","twitter_creator":"@Geopolitics_Fr","twitter_site":"@Geopolitics_Fr","twitter_misc":{"Written by":"Olivier DELAGARDE","Estimated reading time":"6 minutes"},"schema":{"@context":"https:\/\/schema.org","@graph":[{"@type":"Article","@id":"https:\/\/www.geopolitics.fr\/2024\/12\/27\/sans-surprise-la-conference-sur-la-desertification-sacheve-a-riyad-sans-parvenir-a-un-accord-sur-la-lutte-contre-secheresse\/#article","isPartOf":{"@id":"https:\/\/www.geopolitics.fr\/2024\/12\/27\/sans-surprise-la-conference-sur-la-desertification-sacheve-a-riyad-sans-parvenir-a-un-accord-sur-la-lutte-contre-secheresse\/"},"author":{"name":"Olivier DELAGARDE","@id":"https:\/\/www.geopolitics.fr\/#\/schema\/person\/9b98d78234af63d6ad71199d66115350"},"headline":"Sans surprise, la conf\u00e9rence sur la d\u00e9sertification s\u2019ach\u00e8ve \u00e0 Riyad sans parvenir \u00e0 un accord sur la lutte contre s\u00e9cheresse","datePublished":"2024-12-27T17:07:57+00:00","dateModified":"2024-12-27T17:07:59+00:00","mainEntityOfPage":{"@id":"https:\/\/www.geopolitics.fr\/2024\/12\/27\/sans-surprise-la-conference-sur-la-desertification-sacheve-a-riyad-sans-parvenir-a-un-accord-sur-la-lutte-contre-secheresse\/"},"wordCount":1315,"commentCount":0,"publisher":{"@id":"https:\/\/www.geopolitics.fr\/#organization"},"image":{"@id":"https:\/\/www.geopolitics.fr\/2024\/12\/27\/sans-surprise-la-conference-sur-la-desertification-sacheve-a-riyad-sans-parvenir-a-un-accord-sur-la-lutte-contre-secheresse\/#primaryimage"},"thumbnailUrl":"https:\/\/www.geopolitics.fr\/wp-content\/uploads\/2024\/12\/conf-riyad.jpg","keywords":["CONFERENCE RYAD","SECHERESSE"],"articleSection":["International","Mis en AVANT"],"inLanguage":"en-GB"},{"@type":"WebPage","@id":"https:\/\/www.geopolitics.fr\/2024\/12\/27\/sans-surprise-la-conference-sur-la-desertification-sacheve-a-riyad-sans-parvenir-a-un-accord-sur-la-lutte-contre-secheresse\/","url":"https:\/\/www.geopolitics.fr\/2024\/12\/27\/sans-surprise-la-conference-sur-la-desertification-sacheve-a-riyad-sans-parvenir-a-un-accord-sur-la-lutte-contre-secheresse\/","name":"Sans surprise, la conf\u00e9rence sur la d\u00e9sertification s\u2019ach\u00e8ve \u00e0 Riyad sans parvenir \u00e0 un accord sur la lutte contre s\u00e9cheresse | Geopolitics.fr","isPartOf":{"@id":"https:\/\/www.geopolitics.fr\/#website"},"primaryImageOfPage":{"@id":"https:\/\/www.geopolitics.fr\/2024\/12\/27\/sans-surprise-la-conference-sur-la-desertification-sacheve-a-riyad-sans-parvenir-a-un-accord-sur-la-lutte-contre-secheresse\/#primaryimage"},"image":{"@id":"https:\/\/www.geopolitics.fr\/2024\/12\/27\/sans-surprise-la-conference-sur-la-desertification-sacheve-a-riyad-sans-parvenir-a-un-accord-sur-la-lutte-contre-secheresse\/#primaryimage"},"thumbnailUrl":"https:\/\/www.geopolitics.fr\/wp-content\/uploads\/2024\/12\/conf-riyad.jpg","datePublished":"2024-12-27T17:07:57+00:00","dateModified":"2024-12-27T17:07:59+00:00","description":"La conf\u00e9rence des Nations Unies sur la d\u00e9sertification dite COP16, s\u2019est achev\u00e9e la semaine pass\u00e9e \u00e0 Riyad sur un nouvel \u00e9chec.","breadcrumb":{"@id":"https:\/\/www.geopolitics.fr\/2024\/12\/27\/sans-surprise-la-conference-sur-la-desertification-sacheve-a-riyad-sans-parvenir-a-un-accord-sur-la-lutte-contre-secheresse\/#breadcrumb"},"inLanguage":"en-GB","potentialAction":[{"@type":"ReadAction","target":["https:\/\/www.geopolitics.fr\/2024\/12\/27\/sans-surprise-la-conference-sur-la-desertification-sacheve-a-riyad-sans-parvenir-a-un-accord-sur-la-lutte-contre-secheresse\/"]}]},{"@type":"ImageObject","inLanguage":"en-GB","@id":"https:\/\/www.geopolitics.fr\/2024\/12\/27\/sans-surprise-la-conference-sur-la-desertification-sacheve-a-riyad-sans-parvenir-a-un-accord-sur-la-lutte-contre-secheresse\/#primaryimage","url":"https:\/\/www.geopolitics.fr\/wp-content\/uploads\/2024\/12\/conf-riyad.jpg","contentUrl":"https:\/\/www.geopolitics.fr\/wp-content\/uploads\/2024\/12\/conf-riyad.jpg","width":1170,"height":530},{"@type":"BreadcrumbList","@id":"https:\/\/www.geopolitics.fr\/2024\/12\/27\/sans-surprise-la-conference-sur-la-desertification-sacheve-a-riyad-sans-parvenir-a-un-accord-sur-la-lutte-contre-secheresse\/#breadcrumb","itemListElement":[{"@type":"ListItem","position":1,"name":"Accueil","item":"https:\/\/www.geopolitics.fr\/"},{"@type":"ListItem","position":2,"name":"Sans surprise, la conf\u00e9rence sur la d\u00e9sertification s\u2019ach\u00e8ve \u00e0 Riyad sans parvenir \u00e0 un accord sur la lutte contre s\u00e9cheresse"}]},{"@type":"WebSite","@id":"https:\/\/www.geopolitics.fr\/#website","url":"https:\/\/www.geopolitics.fr\/","name":"Geopolitics.fr","description":"Geopolitics.fr Analyse politique, relations internationales, d\u00e9fense - ligne \u00e9ditoriale gaullo-chiraquienne","publisher":{"@id":"https:\/\/www.geopolitics.fr\/#organization"},"potentialAction":[{"@type":"SearchAction","target":{"@type":"EntryPoint","urlTemplate":"https:\/\/www.geopolitics.fr\/?s={search_term_string}"},"query-input":{"@type":"PropertyValueSpecification","valueRequired":true,"valueName":"search_term_string"}}],"inLanguage":"en-GB"},{"@type":"Organization","@id":"https:\/\/www.geopolitics.fr\/#organization","name":"Geopolitics.fr","url":"https:\/\/www.geopolitics.fr\/","logo":{"@type":"ImageObject","inLanguage":"en-GB","@id":"https:\/\/www.geopolitics.fr\/#\/schema\/logo\/image\/","url":"https:\/\/www.geopolitics.fr\/wp-content\/uploads\/2024\/01\/logo.jpg","contentUrl":"https:\/\/www.geopolitics.fr\/wp-content\/uploads\/2024\/01\/logo.jpg","width":500,"height":500,"caption":"Geopolitics.fr"},"image":{"@id":"https:\/\/www.geopolitics.fr\/#\/schema\/logo\/image\/"},"sameAs":["https:\/\/www.facebook.com\/people\/Erwan-Davoux\/61557098968092\/","https:\/\/x.com\/Geopolitics_Fr"]},{"@type":"Person","@id":"https:\/\/www.geopolitics.fr\/#\/schema\/person\/9b98d78234af63d6ad71199d66115350","name":"Olivier DELAGARDE","image":{"@type":"ImageObject","inLanguage":"en-GB","@id":"https:\/\/secure.gravatar.com\/avatar\/2c50afbd303b51697d9591857ee182bf3ead572fa530da00bb0278cf506c3a97?s=96&d=mm&r=g","url":"https:\/\/secure.gravatar.com\/avatar\/2c50afbd303b51697d9591857ee182bf3ead572fa530da00bb0278cf506c3a97?s=96&d=mm&r=g","contentUrl":"https:\/\/secure.gravatar.com\/avatar\/2c50afbd303b51697d9591857ee182bf3ead572fa530da00bb0278cf506c3a97?s=96&d=mm&r=g","caption":"Olivier DELAGARDE"},"description":"Journaliste depuis plus de 20 ans, accr\u00e9dit\u00e9 aupr\u00e8s de l'Organisation des Nations Unies, de la Ligue des Etats Arabes, titulaire de la Carte d'Identit\u00e9 des Journalistes Professionnels en France et de la F\u00e9d\u00e9ration Internationale des Journalistes, Olivier a occup\u00e9 le poste de Grand reporter correspondant permanent en \u00c9gypte pour des m\u00e9dias de renomm\u00e9e mondiale tels que TV5 MONDE, le GROUPE M6, le GROUPE TF1 ou encore l\u2019AFP. Durant plus de dix ann\u00e9es, il a produit de nombreux reportages sur la politique internationale en Afrique de l'Est, tout en couvrant les principaux conflits au Proche et Moyen-Orient. En tant que Chef de bureau Proche-Orient pour TV5 MONDE, il \u00e9tait responsable de la production de reportages, des relations institutionnelles et de la repr\u00e9sentation de la cha\u00eene, tout en \u00e9crivant pour plusieurs m\u00e9dias europ\u00e9ens et internationaux.","sameAs":["https:\/\/www.facebook.com\/odelagarde","https:\/\/www.linkedin.com\/in\/olivier-delagarde-816b17270\/"],"url":"https:\/\/www.geopolitics.fr\/en\/author\/odelagarde\/"}]}},"_links":{"self":[{"href":"https:\/\/www.geopolitics.fr\/en\/wp-json\/wp\/v2\/posts\/3293","targetHints":{"allow":["GET"]}}],"collection":[{"href":"https:\/\/www.geopolitics.fr\/en\/wp-json\/wp\/v2\/posts"}],"about":[{"href":"https:\/\/www.geopolitics.fr\/en\/wp-json\/wp\/v2\/types\/post"}],"author":[{"embeddable":true,"href":"https:\/\/www.geopolitics.fr\/en\/wp-json\/wp\/v2\/users\/93"}],"replies":[{"embeddable":true,"href":"https:\/\/www.geopolitics.fr\/en\/wp-json\/wp\/v2\/comments?post=3293"}],"version-history":[{"count":0,"href":"https:\/\/www.geopolitics.fr\/en\/wp-json\/wp\/v2\/posts\/3293\/revisions"}],"wp:featuredmedia":[{"embeddable":true,"href":"https:\/\/www.geopolitics.fr\/en\/wp-json\/wp\/v2\/media\/3294"}],"wp:attachment":[{"href":"https:\/\/www.geopolitics.fr\/en\/wp-json\/wp\/v2\/media?parent=3293"}],"wp:term":[{"taxonomy":"category","embeddable":true,"href":"https:\/\/www.geopolitics.fr\/en\/wp-json\/wp\/v2\/categories?post=3293"},{"taxonomy":"post_tag","embeddable":true,"href":"https:\/\/www.geopolitics.fr\/en\/wp-json\/wp\/v2\/tags?post=3293"}],"curies":[{"name":"wp","href":"https:\/\/api.w.org\/{rel}","templated":true}]}}