{"id":3290,"date":"2024-12-27T09:00:00","date_gmt":"2024-12-27T08:00:00","guid":{"rendered":"https:\/\/www.geopolitics.fr\/?p=3290"},"modified":"2024-12-26T20:06:52","modified_gmt":"2024-12-26T19:06:52","slug":"au-carrefour-des-defis-enjeux-et-perspectives-pour-la-cooperation-euro-maghreb-sahel","status":"publish","type":"post","link":"https:\/\/www.geopolitics.fr\/en\/2024\/12\/27\/au-carrefour-des-defis-enjeux-et-perspectives-pour-la-cooperation-euro-maghreb-sahel\/","title":{"rendered":"Au Carrefour des D\u00e9fis : Enjeux et Perspectives pour la Coop\u00e9ration Euro-Maghreb-Sahel"},"content":{"rendered":"<p class=\"has-medium-font-size wp-block-paragraph\">Le Moyen-Orient, l\u2019Europe, le Maghreb et le Sahel sont li\u00e9s par un destin commun o\u00f9 chaque crise locale produit des r\u00e9percussions mondiales. L\u2019escalade \u00e0 Gaza en est une preuve \u00e9loquente. Alors que les Accords d\u2019Abraham semblaient annoncer une dynamique de paix, la r\u00e9gion est aujourd\u2019hui prise dans une spirale d\u2019instabilit\u00e9, nourrie par des tensions croissantes.<\/p>\n\n\n\n<p class=\"has-medium-font-size wp-block-paragraph\">Ces violences d\u00e9passent largement les fronti\u00e8res du Moyen-Orient. Elles perturbent les march\u00e9s \u00e9nerg\u00e9tiques mondiaux et approfondissent le foss\u00e9 entre un \u00ab\u00a0Sud global\u00a0\u00bb exigeant justice et un \u00ab\u00a0Occident\u00a0\u00bb per\u00e7u comme sourd aux aspirations arabes. Ce d\u00e9s\u00e9quilibre \u00e9rode les relations Nord-Sud et fragilise la cr\u00e9dibilit\u00e9 de l\u2019Europe en tant que m\u00e9diateur.<\/p>\n\n\n\n<p class=\"has-medium-font-size wp-block-paragraph\">Dans ce contexte, une coop\u00e9ration renforc\u00e9e entre l\u2019Europe, le Maghreb et le Sahel devient cruciale. Ces r\u00e9gions partagent des int\u00e9r\u00eats \u00e9conomiques, \u00e9nerg\u00e9tiques et s\u00e9curitaires \u00e9troitement imbriqu\u00e9s. Soutenir le d\u00e9veloppement du Sahel, renforcer l\u2019int\u00e9gration \u00e9conomique du Maghreb et b\u00e2tir une vision r\u00e9gionale commune sont des priorit\u00e9s pour transformer ces d\u00e9fis en opportunit\u00e9s.<\/p>\n\n\n\n<p class=\"has-medium-font-size wp-block-paragraph\">Cependant, l\u2019avenir reste incertain. Le retour de Donald Trump \u00e0 la pr\u00e9sidence am\u00e9ricaine pourrait bouleverser davantage les dynamiques g\u00e9opolitiques. Une strat\u00e9gie de d\u00e9sengagement militaire, coupl\u00e9e au renforcement des alliances strat\u00e9giques am\u00e9ricaines, pourrait conf\u00e9rer \u00e0 Isra\u00ebl un r\u00f4le accru contre l\u2019Iran, intensifiant les tensions r\u00e9gionales.<\/p>\n\n\n\n<p class=\"has-medium-font-size wp-block-paragraph\">Dans ce cadre, l\u2019int\u00e9gration de l\u2019Arabie Saoudite aux Accords d\u2019Abraham pourrait consolider un front anti-iranien avec les monarchies du Golfe et viser \u00e0 contenir l\u2019influence chinoise. Mais \u00e0 quel prix ? Cette strat\u00e9gie risquerait de marginaliser davantage la cause palestinienne et d\u2019aggraver les fractures au sein du monde arabe, notamment si des sc\u00e9narios extr\u00eames, tels que l\u2019annexion de la Cisjordanie, venaient \u00e0 se concr\u00e9tiser.<\/p>\n\n\n\n<p class=\"has-medium-font-size wp-block-paragraph\">Pour l\u2019Europe, l\u2019enjeu d\u00e9passe les seuls int\u00e9r\u00eats g\u00e9opolitiques. La M\u00e9diterran\u00e9e, point de contact entre trois continents, doit devenir un laboratoire de solutions partag\u00e9es. Une coop\u00e9ration \u00e9troite avec le Maghreb et le Sahel est essentielle pour instaurer une stabilit\u00e9 durable, r\u00e9pondre aux crises \u00e9nerg\u00e9tiques et s\u00e9curitaires, et restaurer une v\u00e9ritable solidarit\u00e9 Nord-Sud.<\/p>\n\n\n\n<p class=\"has-medium-font-size wp-block-paragraph\">&nbsp;<strong>Une R\u00e9flexion Strat\u00e9gique Indispensable<\/strong><\/p>\n\n\n\n<p class=\"has-medium-font-size wp-block-paragraph\">Dans un contexte d\u2019instabilit\u00e9 croissante, le Maghreb, carrefour entre l\u2019Europe et l\u2019Afrique, s\u2019impose comme un partenaire cl\u00e9 pour une Europe confront\u00e9e \u00e0 des d\u00e9fis \u00e9nerg\u00e9tiques et \u00e9conomiques amplifi\u00e9s par la guerre en Ukraine. Repenser les relations euro-maghr\u00e9bines est essentiel non seulement pour r\u00e9pondre \u00e0 la crise \u00e9nerg\u00e9tique, mais aussi pour proposer des solutions durables et strat\u00e9giques.<\/p>\n\n\n\n<p class=\"has-medium-font-size wp-block-paragraph\">Avec son immense potentiel en \u00e9nergies renouvelables \u2013 \u00e9olien, solaire et hydrog\u00e8ne vert \u2013 le Maghreb peut devenir un fournisseur strat\u00e9gique pour l\u2019Europe tout en favorisant l\u2019\u00e9lectrification du Sahel. Ce mod\u00e8le de coop\u00e9ration triangulaire offre une r\u00e9ponse concr\u00e8te aux besoins des trois r\u00e9gions. En 2021, un projet d\u2019\u00e9lectrification au Niger, financ\u00e9 par l\u2019Europe et utilisant des technologies tunisiennes, a permis d\u2019alimenter \u00e9coles et dispensaires d\u2019un village isol\u00e9 gr\u00e2ce \u00e0 l\u2019\u00e9nergie solaire. Cet exemple montre comment des partenariats concrets peuvent transformer la vie locale et renforcer les liens r\u00e9gionaux.<\/p>\n\n\n\n<p class=\"has-medium-font-size wp-block-paragraph\">Tandis que le Maghreb se positionne comme un acteur cl\u00e9 de la transition \u00e9nerg\u00e9tique, le Sahel, avec ses ressources naturelles et son capital humain jeune, compl\u00e8te cette dynamique r\u00e9gionale. Pour maximiser cet atout, il est essentiel d\u2019investir dans des projets structurants align\u00e9s sur les priorit\u00e9s locales. Le Maghreb doit \u00eatre pleinement int\u00e9gr\u00e9 aux strat\u00e9gies europ\u00e9ennes, particuli\u00e8rement dans le cadre de la transition \u00e9nerg\u00e9tique, tandis que le Sahel peut devenir un pilier de la coop\u00e9ration interr\u00e9gionale.<\/p>\n\n\n\n<h2 class=\"wp-block-heading\" id=\"h-les-rivalites-internationales-enjeux-et-opportunites\"><strong>Les Rivalit\u00e9s Internationales : Enjeux et Opportunit\u00e9s<\/strong><\/h2>\n\n\n\n<p class=\"has-medium-font-size wp-block-paragraph\">Le Sahel, malgr\u00e9 son potentiel, est aujourd\u2019hui le th\u00e9\u00e2tre de rivalit\u00e9s internationales.<\/p>\n\n\n\n<p class=\"has-medium-font-size wp-block-paragraph\">La Russie y renforce ses alliances s\u00e9curitaires, tandis que la Chine investit massivement dans des infrastructures strat\u00e9giques. Ces dynamiques red\u00e9finissent les \u00e9quilibres r\u00e9gionaux, affaiblissant l\u2019influence historique de la France.<\/p>\n\n\n\n<p class=\"has-medium-font-size wp-block-paragraph\">Face \u00e0 ces bouleversements, les initiatives classiques comme le Processus de Barcelone se r\u00e9v\u00e8lent insuffisantes. Un format plus ambitieux, tel qu\u2019un &nbsp;\u00ab5+5+5\u00bb, pourrait int\u00e9grer le Sahel dans les dynamiques euro-m\u00e9diterran\u00e9ennes et soutenir des projets concrets en \u00e9nergie, infrastructures et s\u00e9curit\u00e9. Ce cadre \u00e9largi est indispensable pour r\u00e9pondre \u00e0 l\u2019urgence des d\u00e9fis actuels et poser les bases d\u2019une coop\u00e9ration durable.<\/p>\n\n\n\n<p class=\"has-medium-font-size wp-block-paragraph\">Les d\u00e9fis actuels ne sont pas des fatalit\u00e9s, mais des opportunit\u00e9s pour b\u00e2tir un partenariat transformateur. Avec des actions concr\u00e8tes et une vision commune, l\u2019Europe, le Maghreb et le Sahel peuvent faire de leurs d\u00e9fis un mod\u00e8le de coop\u00e9ration mondiale.<\/p>\n\n\n\n<p class=\"has-medium-font-size wp-block-paragraph\"><strong>Une Vision Int\u00e9gr\u00e9e pour l\u2019Avenir<\/strong><\/p>\n\n\n\n<p class=\"has-medium-font-size wp-block-paragraph\">Le Maghreb et le Sahel disposent d\u2019un potentiel strat\u00e9gique consid\u00e9rable en mati\u00e8re d\u2019\u00e9nergie solaire et \u00e9olienne. Des projets novateurs comme l\u2019hydrog\u00e8ne vert ou la relance de Desertec pourraient non seulement faire d\u2019eux des moteurs de la transition \u00e9nerg\u00e9tique europ\u00e9enne, mais aussi stimuler leurs \u00e9conomies locales. Unis autour de telles initiatives ambitieuses, l\u2019Europe, le Maghreb et le Sahel pourraient ainsi b\u00e2tir un avenir commun, stable et durable.<\/p>\n\n\n\n<p class=\"has-medium-font-size wp-block-paragraph\">Dans ce contexte o\u00f9 le Sahel devient un terrain de rivalit\u00e9s internationales, il devient crucial que l\u2019Europe adopte une strat\u00e9gie int\u00e9gr\u00e9e, alliant s\u00e9curit\u00e9, transition \u00e9nerg\u00e9tique et d\u00e9veloppement. Cela permettrait de transformer la M\u00e9diterran\u00e9e en un espace de prosp\u00e9rit\u00e9 partag\u00e9e. \u00c0 cet \u00e9gard, le format \u00ab5+5+5\u00bb s\u2019impose comme un levier strat\u00e9gique cl\u00e9 pour soutenir des projets \u00e9nerg\u00e9tiques, d\u2019infrastructures et de gestion migratoire.<\/p>\n\n\n\n<p class=\"has-medium-font-size wp-block-paragraph\">Un tel partenariat repens\u00e9 pourrait offrir une r\u00e9ponse tangible aux d\u00e9fis s\u00e9curitaires, migratoires et de d\u00e9veloppement. En instaurant des m\u00e9canismes solides et des projets concrets \u00e0 b\u00e9n\u00e9fices r\u00e9els, il permettrait de r\u00e9tablir une coop\u00e9ration soutenue et durable dans la r\u00e9gion.<\/p>\n\n\n\n<p class=\"has-medium-font-size wp-block-paragraph\">Parall\u00e8lement, la transformation num\u00e9rique se profile comme un levier strat\u00e9gique incontournable pour le d\u00e9veloppement. En facilitant la cr\u00e9ation de startups et de hubs technologiques, cette transition num\u00e9rique renforcerait l\u2019inclusion sociale et \u00e9conomique, tout en stimulant la comp\u00e9titivit\u00e9 locale.<\/p>\n\n\n\n<p class=\"has-medium-font-size wp-block-paragraph\">La migration peut aussi se transformer en un v\u00e9ritable moteur de croissance pour ces r\u00e9gions. En adoptant une approche fond\u00e9e sur la migration circulaire et la formation professionnelle, l\u2019Europe pourrait non seulement combler ses besoins en main-d\u2019\u0153uvre, mais aussi soutenir l\u2019emploi dans les pays d\u2019origine. Des initiatives telles que la cr\u00e9ation de centres de formation ou le renforcement des programmes de mobilit\u00e9 acad\u00e9mique seraient autant d\u2019atouts pour transformer les flux migratoires en leviers de d\u00e9veloppement durable.<\/p>\n\n\n\n<p class=\"has-medium-font-size wp-block-paragraph\"><strong>&nbsp;<\/strong>Ce partenariat euro-maghr\u00e9bo-sah\u00e9lien repr\u00e9sente une opportunit\u00e9 unique de r\u00e9inventer une coop\u00e9ration \u00e9quitable, fond\u00e9e sur la solidarit\u00e9 et l\u2019engagement mutuel. Il est temps de redonner \u00e0 la M\u00e9diterran\u00e9e son r\u00f4le d\u2019espace de coop\u00e9ration audacieuse. Les d\u00e9fis actuels ne doivent pas \u00eatre per\u00e7us comme une fatalit\u00e9, mais comme un appel urgent \u00e0 l\u2019action collective.<\/p>\n\n\n\n<p class=\"has-medium-font-size wp-block-paragraph\">&nbsp;<strong>Un Pacte de Confiance pour un Avenir Prosp\u00e8re<\/strong><\/p>\n\n\n\n<p class=\"has-medium-font-size wp-block-paragraph\">Chaque acteur doit endosser ses responsabilit\u00e9s pour construire un pacte de confiance, en vue d\u2019\u00e9laborer des solutions adapt\u00e9es aux enjeux communs. Il est imp\u00e9ratif de d\u00e9passer les urgences imm\u00e9diates et de s\u2019engager dans la construction d\u2019un avenir prosp\u00e8re et stable. Le Maghreb, acteur strat\u00e9gique entre l\u2019Europe et l\u2019Afrique, doit voir l\u2019Europe soutenir des initiatives ambitieuses pour renforcer cette int\u00e9gration r\u00e9gionale. Le Sahel, quant \u00e0 lui, n\u00e9cessite un soutien fort, notamment \u00e0 travers des investissements dans les infrastructures, la s\u00e9curit\u00e9 et l\u2019\u00e9ducation, afin de garantir un d\u00e9veloppement durable et inclusif.<\/p>\n\n\n\n<h2 class=\"wp-block-heading\" id=\"h-des-crises-comme-leviers-de-croissance\"><strong>Des Crises comme Leviers de Croissance<\/strong><\/h2>\n\n\n\n<p class=\"has-medium-font-size wp-block-paragraph\">Les crises peuvent se transformer en moteurs de croissance, mais cela ne sera possible que par des actions audacieuses. Seules de telles actions permettront d\u2019\u00e9difier un avenir commun o\u00f9 stabilit\u00e9 et prosp\u00e9rit\u00e9 ne seront pas des concepts abstraits, mais des r\u00e9alit\u00e9s tangibles. Toutefois, des questions cruciales se posent :<\/p>\n\n\n\n<p class=\"has-medium-font-size wp-block-paragraph\"><strong><em>L\u2019Europe, saura-t-elle d\u00e9passer ses divisions internes pour r\u00e9pondre aux aspirations l\u00e9gitimes des peuples du Sud, tout en r\u00e9affirmant ses alliances strat\u00e9giques essentielles ?<\/em><\/strong><\/p>\n\n\n\n<p class=\"has-medium-font-size wp-block-paragraph\"><strong><em>Le Maghreb pourra-t-il surmonter ses fractures internes pour se positionner comme un pont vital entre les rives de la M\u00e9diterran\u00e9e ?<\/em><\/strong><\/p>\n\n\n\n<p class=\"has-medium-font-size wp-block-paragraph\"><strong><em>Le Sahel, fragile et \u00e9prouv\u00e9 par de multiples d\u00e9fis, saura-t-il se r\u00e9inventer pour devenir un mod\u00e8le de coop\u00e9ration internationale, ou continuera-t-il \u00e0 incarner l\u2019\u00e9chec d\u2019une gouvernance mondiale fragment\u00e9e ?<\/em><\/strong><\/p>\n\n\n\n<p class=\"has-medium-font-size wp-block-paragraph\"><em><strong>Et le Moyen-Orient, cette r\u00e9gion cl\u00e9, verra-t-elle l\u2019\u00e9mergence d\u2019un nouvel ordre, ou se laissera-t-elle engloutir par les rivalit\u00e9s des grandes puissances ?<\/strong><\/em><\/p>\n\n\n\n<p class=\"has-medium-font-size wp-block-paragraph\"><strong>&nbsp;<\/strong>L\u2019\u00e9quilibre est \u00e0 port\u00e9e de main, mais il exige du courage, de l\u2019innovation et, surtout, de la solidarit\u00e9. L\u2019histoire nous l\u2019a enseign\u00e9 : l\u2019inaction est le plus grand des p\u00e9rils. Il est temps d\u2019agir, ensemble, pour saisir cette opportunit\u00e9 historique de b\u00e2tir un monde plus stable, plus \u00e9quitable et plus prosp\u00e8re pour tous.<\/p>","protected":false},"excerpt":{"rendered":"<p>Le Moyen-Orient, l\u2019Europe, le Maghreb et le Sahel sont li\u00e9s par un destin commun o\u00f9 chaque crise locale produit des r\u00e9percussions mondiales.&hellip;<\/p>","protected":false},"author":103,"featured_media":3291,"comment_status":"open","ping_status":"open","sticky":false,"template":"","format":"standard","meta":{"_lmt_disableupdate":"","_lmt_disable":"","footnotes":""},"categories":[5,4],"tags":[163,419,109],"class_list":["post-3290","post","type-post","status-publish","format-standard","has-post-thumbnail","hentry","category-international","category-mis-en-avant","tag-afrique","tag-energie","tag-europe"],"yoast_head":"<!-- This site is optimized with the Yoast SEO Premium plugin v28.1 (Yoast SEO v28.1) - https:\/\/yoast.com\/product\/yoast-seo-premium-wordpress\/ -->\n<title>Au Carrefour des D\u00e9fis : Enjeux et Perspectives pour la Coop\u00e9ration Euro-Maghreb-Sahel | Geopolitics.fr<\/title>\n<meta name=\"description\" content=\"Quel avenir pour la coop\u00e9ration Europe Maghreb Sahel entre chocs g\u00e9opolitiques et enjeu des ressources \u00e9nerg\u00e9tiques ?\" \/>\n<meta name=\"robots\" content=\"index, follow, max-snippet:-1, max-image-preview:large, max-video-preview:-1\" \/>\n<link rel=\"canonical\" href=\"https:\/\/www.geopolitics.fr\/en\/2024\/12\/27\/au-carrefour-des-defis-enjeux-et-perspectives-pour-la-cooperation-euro-maghreb-sahel\/\" \/>\n<meta property=\"og:locale\" content=\"en_GB\" \/>\n<meta property=\"og:type\" content=\"article\" \/>\n<meta property=\"og:title\" content=\"Au Carrefour des D\u00e9fis : Enjeux et Perspectives pour la Coop\u00e9ration Euro-Maghreb-Sahel\" \/>\n<meta property=\"og:description\" content=\"Quel avenir pour la coop\u00e9ration Europe Maghreb Sahel entre chocs g\u00e9opolitiques et enjeu des ressources \u00e9nerg\u00e9tiques ?\" \/>\n<meta property=\"og:url\" content=\"https:\/\/www.geopolitics.fr\/en\/2024\/12\/27\/au-carrefour-des-defis-enjeux-et-perspectives-pour-la-cooperation-euro-maghreb-sahel\/\" \/>\n<meta property=\"og:site_name\" content=\"Geopolitics.fr\" \/>\n<meta property=\"article:publisher\" content=\"https:\/\/www.facebook.com\/people\/Erwan-Davoux\/61557098968092\/\" \/>\n<meta property=\"article:published_time\" content=\"2024-12-27T08:00:00+00:00\" \/>\n<meta property=\"og:image\" content=\"https:\/\/www.geopolitics.fr\/wp-content\/uploads\/2024\/12\/ELYES-2.jpg\" \/>\n\t<meta property=\"og:image:width\" content=\"1920\" \/>\n\t<meta property=\"og:image:height\" content=\"1258\" \/>\n\t<meta property=\"og:image:type\" content=\"image\/jpeg\" \/>\n<meta name=\"author\" content=\"Elyes GHARIANI\" \/>\n<meta name=\"twitter:card\" content=\"summary_large_image\" \/>\n<meta name=\"twitter:creator\" content=\"@Geopolitics_Fr\" \/>\n<meta name=\"twitter:site\" content=\"@Geopolitics_Fr\" \/>\n<meta name=\"twitter:label1\" content=\"Written by\" \/>\n\t<meta name=\"twitter:data1\" content=\"Elyes GHARIANI\" \/>\n\t<meta name=\"twitter:label2\" content=\"Estimated reading time\" \/>\n\t<meta name=\"twitter:data2\" content=\"7 minutes\" \/>\n<script type=\"application\/ld+json\" class=\"yoast-schema-graph\">{\"@context\":\"https:\\\/\\\/schema.org\",\"@graph\":[{\"@type\":\"Article\",\"@id\":\"https:\\\/\\\/www.geopolitics.fr\\\/2024\\\/12\\\/27\\\/au-carrefour-des-defis-enjeux-et-perspectives-pour-la-cooperation-euro-maghreb-sahel\\\/#article\",\"isPartOf\":{\"@id\":\"https:\\\/\\\/www.geopolitics.fr\\\/2024\\\/12\\\/27\\\/au-carrefour-des-defis-enjeux-et-perspectives-pour-la-cooperation-euro-maghreb-sahel\\\/\"},\"author\":{\"name\":\"Elyes GHARIANI\",\"@id\":\"https:\\\/\\\/www.geopolitics.fr\\\/#\\\/schema\\\/person\\\/2f100050c14e702a5388d142a9fa8307\"},\"headline\":\"Au Carrefour des D\u00e9fis : Enjeux et Perspectives pour la Coop\u00e9ration Euro-Maghreb-Sahel\",\"datePublished\":\"2024-12-27T08:00:00+00:00\",\"mainEntityOfPage\":{\"@id\":\"https:\\\/\\\/www.geopolitics.fr\\\/2024\\\/12\\\/27\\\/au-carrefour-des-defis-enjeux-et-perspectives-pour-la-cooperation-euro-maghreb-sahel\\\/\"},\"wordCount\":1585,\"commentCount\":0,\"publisher\":{\"@id\":\"https:\\\/\\\/www.geopolitics.fr\\\/#organization\"},\"image\":{\"@id\":\"https:\\\/\\\/www.geopolitics.fr\\\/2024\\\/12\\\/27\\\/au-carrefour-des-defis-enjeux-et-perspectives-pour-la-cooperation-euro-maghreb-sahel\\\/#primaryimage\"},\"thumbnailUrl\":\"https:\\\/\\\/www.geopolitics.fr\\\/wp-content\\\/uploads\\\/2024\\\/12\\\/ELYES-2.jpg\",\"keywords\":[\"AFRIQUE\",\"ENERGIE\",\"EUROPE\"],\"articleSection\":[\"International\",\"Mis en AVANT\"],\"inLanguage\":\"en-GB\"},{\"@type\":\"WebPage\",\"@id\":\"https:\\\/\\\/www.geopolitics.fr\\\/2024\\\/12\\\/27\\\/au-carrefour-des-defis-enjeux-et-perspectives-pour-la-cooperation-euro-maghreb-sahel\\\/\",\"url\":\"https:\\\/\\\/www.geopolitics.fr\\\/2024\\\/12\\\/27\\\/au-carrefour-des-defis-enjeux-et-perspectives-pour-la-cooperation-euro-maghreb-sahel\\\/\",\"name\":\"Au Carrefour des D\u00e9fis : Enjeux et Perspectives pour la Coop\u00e9ration Euro-Maghreb-Sahel | Geopolitics.fr\",\"isPartOf\":{\"@id\":\"https:\\\/\\\/www.geopolitics.fr\\\/#website\"},\"primaryImageOfPage\":{\"@id\":\"https:\\\/\\\/www.geopolitics.fr\\\/2024\\\/12\\\/27\\\/au-carrefour-des-defis-enjeux-et-perspectives-pour-la-cooperation-euro-maghreb-sahel\\\/#primaryimage\"},\"image\":{\"@id\":\"https:\\\/\\\/www.geopolitics.fr\\\/2024\\\/12\\\/27\\\/au-carrefour-des-defis-enjeux-et-perspectives-pour-la-cooperation-euro-maghreb-sahel\\\/#primaryimage\"},\"thumbnailUrl\":\"https:\\\/\\\/www.geopolitics.fr\\\/wp-content\\\/uploads\\\/2024\\\/12\\\/ELYES-2.jpg\",\"datePublished\":\"2024-12-27T08:00:00+00:00\",\"description\":\"Quel avenir pour la coop\u00e9ration Europe Maghreb Sahel entre chocs g\u00e9opolitiques et enjeu des ressources \u00e9nerg\u00e9tiques ?\",\"breadcrumb\":{\"@id\":\"https:\\\/\\\/www.geopolitics.fr\\\/2024\\\/12\\\/27\\\/au-carrefour-des-defis-enjeux-et-perspectives-pour-la-cooperation-euro-maghreb-sahel\\\/#breadcrumb\"},\"inLanguage\":\"en-GB\",\"potentialAction\":[{\"@type\":\"ReadAction\",\"target\":[\"https:\\\/\\\/www.geopolitics.fr\\\/2024\\\/12\\\/27\\\/au-carrefour-des-defis-enjeux-et-perspectives-pour-la-cooperation-euro-maghreb-sahel\\\/\"]}]},{\"@type\":\"ImageObject\",\"inLanguage\":\"en-GB\",\"@id\":\"https:\\\/\\\/www.geopolitics.fr\\\/2024\\\/12\\\/27\\\/au-carrefour-des-defis-enjeux-et-perspectives-pour-la-cooperation-euro-maghreb-sahel\\\/#primaryimage\",\"url\":\"https:\\\/\\\/www.geopolitics.fr\\\/wp-content\\\/uploads\\\/2024\\\/12\\\/ELYES-2.jpg\",\"contentUrl\":\"https:\\\/\\\/www.geopolitics.fr\\\/wp-content\\\/uploads\\\/2024\\\/12\\\/ELYES-2.jpg\",\"width\":1920,\"height\":1258,\"caption\":\"Europe Africa Middle East\"},{\"@type\":\"BreadcrumbList\",\"@id\":\"https:\\\/\\\/www.geopolitics.fr\\\/2024\\\/12\\\/27\\\/au-carrefour-des-defis-enjeux-et-perspectives-pour-la-cooperation-euro-maghreb-sahel\\\/#breadcrumb\",\"itemListElement\":[{\"@type\":\"ListItem\",\"position\":1,\"name\":\"Accueil\",\"item\":\"https:\\\/\\\/www.geopolitics.fr\\\/\"},{\"@type\":\"ListItem\",\"position\":2,\"name\":\"Au Carrefour des D\u00e9fis : Enjeux et Perspectives pour la Coop\u00e9ration Euro-Maghreb-Sahel\"}]},{\"@type\":\"WebSite\",\"@id\":\"https:\\\/\\\/www.geopolitics.fr\\\/#website\",\"url\":\"https:\\\/\\\/www.geopolitics.fr\\\/\",\"name\":\"Geopolitics.fr\",\"description\":\"Geopolitics.fr Analyse politique, relations internationales, d\u00e9fense - ligne \u00e9ditoriale gaullo-chiraquienne\",\"publisher\":{\"@id\":\"https:\\\/\\\/www.geopolitics.fr\\\/#organization\"},\"potentialAction\":[{\"@type\":\"SearchAction\",\"target\":{\"@type\":\"EntryPoint\",\"urlTemplate\":\"https:\\\/\\\/www.geopolitics.fr\\\/?s={search_term_string}\"},\"query-input\":{\"@type\":\"PropertyValueSpecification\",\"valueRequired\":true,\"valueName\":\"search_term_string\"}}],\"inLanguage\":\"en-GB\"},{\"@type\":\"Organization\",\"@id\":\"https:\\\/\\\/www.geopolitics.fr\\\/#organization\",\"name\":\"Geopolitics.fr\",\"url\":\"https:\\\/\\\/www.geopolitics.fr\\\/\",\"logo\":{\"@type\":\"ImageObject\",\"inLanguage\":\"en-GB\",\"@id\":\"https:\\\/\\\/www.geopolitics.fr\\\/#\\\/schema\\\/logo\\\/image\\\/\",\"url\":\"https:\\\/\\\/www.geopolitics.fr\\\/wp-content\\\/uploads\\\/2024\\\/01\\\/logo.jpg\",\"contentUrl\":\"https:\\\/\\\/www.geopolitics.fr\\\/wp-content\\\/uploads\\\/2024\\\/01\\\/logo.jpg\",\"width\":500,\"height\":500,\"caption\":\"Geopolitics.fr\"},\"image\":{\"@id\":\"https:\\\/\\\/www.geopolitics.fr\\\/#\\\/schema\\\/logo\\\/image\\\/\"},\"sameAs\":[\"https:\\\/\\\/www.facebook.com\\\/people\\\/Erwan-Davoux\\\/61557098968092\\\/\",\"https:\\\/\\\/x.com\\\/Geopolitics_Fr\"]},{\"@type\":\"Person\",\"@id\":\"https:\\\/\\\/www.geopolitics.fr\\\/#\\\/schema\\\/person\\\/2f100050c14e702a5388d142a9fa8307\",\"name\":\"Elyes GHARIANI\",\"image\":{\"@type\":\"ImageObject\",\"inLanguage\":\"en-GB\",\"@id\":\"https:\\\/\\\/www.geopolitics.fr\\\/wp-content\\\/uploads\\\/2024\\\/12\\\/elyes-photo-96x96.png\",\"url\":\"https:\\\/\\\/www.geopolitics.fr\\\/wp-content\\\/uploads\\\/2024\\\/12\\\/elyes-photo-96x96.png\",\"contentUrl\":\"https:\\\/\\\/www.geopolitics.fr\\\/wp-content\\\/uploads\\\/2024\\\/12\\\/elyes-photo-96x96.png\",\"caption\":\"Elyes GHARIANI\"},\"description\":\"Ancien ambassadeur de Tunisie, \u00e0 Berlin et \u00e0 La Haye et fort d\u2019une exp\u00e9rience de 40 ans dans le travail diplomatique et la coop\u00e9ration internationale, il dispose d\u2019une bonne expertise en affaires europ\u00e9ennes pour avoir \u00e9t\u00e9 en poste dans les principaux Etats membres fondateurs de l\u2019UE (Allemagne, Belgique, France, Pays-Bas). Dipl\u00f4m\u00e9 de l\u2019Institut Bourguiba des Langues Vivantes de Tunis, de l\u2019Institut Pouchkine de langue russe \u00e0 Moscou et de l\u2019Institut Universitaire des Hautes Etudes Internationales (IUHEI) de Gen\u00e8ve, il dispose d\u2019une large exp\u00e9rience en mati\u00e8re de gestion et de mise en \u0153uvre de projets au niveau international. Il a \u00e9t\u00e9 Conseiller Diplomatique du Chef du Gouvernement en 2015-2016 et 2020-2021\",\"url\":\"https:\\\/\\\/www.geopolitics.fr\\\/en\\\/author\\\/elyes\\\/\"}]}<\/script>\n<!-- \/ Yoast SEO Premium plugin. -->","yoast_head_json":{"title":"Au Carrefour des D\u00e9fis : Enjeux et Perspectives pour la Coop\u00e9ration Euro-Maghreb-Sahel | Geopolitics.fr","description":"Quel avenir pour la coop\u00e9ration Europe Maghreb Sahel entre chocs g\u00e9opolitiques et enjeu des ressources \u00e9nerg\u00e9tiques ?","robots":{"index":"index","follow":"follow","max-snippet":"max-snippet:-1","max-image-preview":"max-image-preview:large","max-video-preview":"max-video-preview:-1"},"canonical":"https:\/\/www.geopolitics.fr\/en\/2024\/12\/27\/au-carrefour-des-defis-enjeux-et-perspectives-pour-la-cooperation-euro-maghreb-sahel\/","og_locale":"en_GB","og_type":"article","og_title":"Au Carrefour des D\u00e9fis : Enjeux et Perspectives pour la Coop\u00e9ration Euro-Maghreb-Sahel","og_description":"Quel avenir pour la coop\u00e9ration Europe Maghreb Sahel entre chocs g\u00e9opolitiques et enjeu des ressources \u00e9nerg\u00e9tiques ?","og_url":"https:\/\/www.geopolitics.fr\/en\/2024\/12\/27\/au-carrefour-des-defis-enjeux-et-perspectives-pour-la-cooperation-euro-maghreb-sahel\/","og_site_name":"Geopolitics.fr","article_publisher":"https:\/\/www.facebook.com\/people\/Erwan-Davoux\/61557098968092\/","article_published_time":"2024-12-27T08:00:00+00:00","og_image":[{"width":1920,"height":1258,"url":"https:\/\/www.geopolitics.fr\/wp-content\/uploads\/2024\/12\/ELYES-2.jpg","type":"image\/jpeg"}],"author":"Elyes GHARIANI","twitter_card":"summary_large_image","twitter_creator":"@Geopolitics_Fr","twitter_site":"@Geopolitics_Fr","twitter_misc":{"Written by":"Elyes GHARIANI","Estimated reading time":"7 minutes"},"schema":{"@context":"https:\/\/schema.org","@graph":[{"@type":"Article","@id":"https:\/\/www.geopolitics.fr\/2024\/12\/27\/au-carrefour-des-defis-enjeux-et-perspectives-pour-la-cooperation-euro-maghreb-sahel\/#article","isPartOf":{"@id":"https:\/\/www.geopolitics.fr\/2024\/12\/27\/au-carrefour-des-defis-enjeux-et-perspectives-pour-la-cooperation-euro-maghreb-sahel\/"},"author":{"name":"Elyes GHARIANI","@id":"https:\/\/www.geopolitics.fr\/#\/schema\/person\/2f100050c14e702a5388d142a9fa8307"},"headline":"Au Carrefour des D\u00e9fis : Enjeux et Perspectives pour la Coop\u00e9ration Euro-Maghreb-Sahel","datePublished":"2024-12-27T08:00:00+00:00","mainEntityOfPage":{"@id":"https:\/\/www.geopolitics.fr\/2024\/12\/27\/au-carrefour-des-defis-enjeux-et-perspectives-pour-la-cooperation-euro-maghreb-sahel\/"},"wordCount":1585,"commentCount":0,"publisher":{"@id":"https:\/\/www.geopolitics.fr\/#organization"},"image":{"@id":"https:\/\/www.geopolitics.fr\/2024\/12\/27\/au-carrefour-des-defis-enjeux-et-perspectives-pour-la-cooperation-euro-maghreb-sahel\/#primaryimage"},"thumbnailUrl":"https:\/\/www.geopolitics.fr\/wp-content\/uploads\/2024\/12\/ELYES-2.jpg","keywords":["AFRIQUE","ENERGIE","EUROPE"],"articleSection":["International","Mis en AVANT"],"inLanguage":"en-GB"},{"@type":"WebPage","@id":"https:\/\/www.geopolitics.fr\/2024\/12\/27\/au-carrefour-des-defis-enjeux-et-perspectives-pour-la-cooperation-euro-maghreb-sahel\/","url":"https:\/\/www.geopolitics.fr\/2024\/12\/27\/au-carrefour-des-defis-enjeux-et-perspectives-pour-la-cooperation-euro-maghreb-sahel\/","name":"Au Carrefour des D\u00e9fis : Enjeux et Perspectives pour la Coop\u00e9ration Euro-Maghreb-Sahel | Geopolitics.fr","isPartOf":{"@id":"https:\/\/www.geopolitics.fr\/#website"},"primaryImageOfPage":{"@id":"https:\/\/www.geopolitics.fr\/2024\/12\/27\/au-carrefour-des-defis-enjeux-et-perspectives-pour-la-cooperation-euro-maghreb-sahel\/#primaryimage"},"image":{"@id":"https:\/\/www.geopolitics.fr\/2024\/12\/27\/au-carrefour-des-defis-enjeux-et-perspectives-pour-la-cooperation-euro-maghreb-sahel\/#primaryimage"},"thumbnailUrl":"https:\/\/www.geopolitics.fr\/wp-content\/uploads\/2024\/12\/ELYES-2.jpg","datePublished":"2024-12-27T08:00:00+00:00","description":"Quel avenir pour la coop\u00e9ration Europe Maghreb Sahel entre chocs g\u00e9opolitiques et enjeu des ressources \u00e9nerg\u00e9tiques ?","breadcrumb":{"@id":"https:\/\/www.geopolitics.fr\/2024\/12\/27\/au-carrefour-des-defis-enjeux-et-perspectives-pour-la-cooperation-euro-maghreb-sahel\/#breadcrumb"},"inLanguage":"en-GB","potentialAction":[{"@type":"ReadAction","target":["https:\/\/www.geopolitics.fr\/2024\/12\/27\/au-carrefour-des-defis-enjeux-et-perspectives-pour-la-cooperation-euro-maghreb-sahel\/"]}]},{"@type":"ImageObject","inLanguage":"en-GB","@id":"https:\/\/www.geopolitics.fr\/2024\/12\/27\/au-carrefour-des-defis-enjeux-et-perspectives-pour-la-cooperation-euro-maghreb-sahel\/#primaryimage","url":"https:\/\/www.geopolitics.fr\/wp-content\/uploads\/2024\/12\/ELYES-2.jpg","contentUrl":"https:\/\/www.geopolitics.fr\/wp-content\/uploads\/2024\/12\/ELYES-2.jpg","width":1920,"height":1258,"caption":"Europe Africa Middle East"},{"@type":"BreadcrumbList","@id":"https:\/\/www.geopolitics.fr\/2024\/12\/27\/au-carrefour-des-defis-enjeux-et-perspectives-pour-la-cooperation-euro-maghreb-sahel\/#breadcrumb","itemListElement":[{"@type":"ListItem","position":1,"name":"Accueil","item":"https:\/\/www.geopolitics.fr\/"},{"@type":"ListItem","position":2,"name":"Au Carrefour des D\u00e9fis : Enjeux et Perspectives pour la Coop\u00e9ration Euro-Maghreb-Sahel"}]},{"@type":"WebSite","@id":"https:\/\/www.geopolitics.fr\/#website","url":"https:\/\/www.geopolitics.fr\/","name":"Geopolitics.fr","description":"Geopolitics.fr Analyse politique, relations internationales, d\u00e9fense - ligne \u00e9ditoriale gaullo-chiraquienne","publisher":{"@id":"https:\/\/www.geopolitics.fr\/#organization"},"potentialAction":[{"@type":"SearchAction","target":{"@type":"EntryPoint","urlTemplate":"https:\/\/www.geopolitics.fr\/?s={search_term_string}"},"query-input":{"@type":"PropertyValueSpecification","valueRequired":true,"valueName":"search_term_string"}}],"inLanguage":"en-GB"},{"@type":"Organization","@id":"https:\/\/www.geopolitics.fr\/#organization","name":"Geopolitics.fr","url":"https:\/\/www.geopolitics.fr\/","logo":{"@type":"ImageObject","inLanguage":"en-GB","@id":"https:\/\/www.geopolitics.fr\/#\/schema\/logo\/image\/","url":"https:\/\/www.geopolitics.fr\/wp-content\/uploads\/2024\/01\/logo.jpg","contentUrl":"https:\/\/www.geopolitics.fr\/wp-content\/uploads\/2024\/01\/logo.jpg","width":500,"height":500,"caption":"Geopolitics.fr"},"image":{"@id":"https:\/\/www.geopolitics.fr\/#\/schema\/logo\/image\/"},"sameAs":["https:\/\/www.facebook.com\/people\/Erwan-Davoux\/61557098968092\/","https:\/\/x.com\/Geopolitics_Fr"]},{"@type":"Person","@id":"https:\/\/www.geopolitics.fr\/#\/schema\/person\/2f100050c14e702a5388d142a9fa8307","name":"Elyes GHARIANI","image":{"@type":"ImageObject","inLanguage":"en-GB","@id":"https:\/\/www.geopolitics.fr\/wp-content\/uploads\/2024\/12\/elyes-photo-96x96.png","url":"https:\/\/www.geopolitics.fr\/wp-content\/uploads\/2024\/12\/elyes-photo-96x96.png","contentUrl":"https:\/\/www.geopolitics.fr\/wp-content\/uploads\/2024\/12\/elyes-photo-96x96.png","caption":"Elyes GHARIANI"},"description":"Ancien ambassadeur de Tunisie, \u00e0 Berlin et \u00e0 La Haye et fort d\u2019une exp\u00e9rience de 40 ans dans le travail diplomatique et la coop\u00e9ration internationale, il dispose d\u2019une bonne expertise en affaires europ\u00e9ennes pour avoir \u00e9t\u00e9 en poste dans les principaux Etats membres fondateurs de l\u2019UE (Allemagne, Belgique, France, Pays-Bas). Dipl\u00f4m\u00e9 de l\u2019Institut Bourguiba des Langues Vivantes de Tunis, de l\u2019Institut Pouchkine de langue russe \u00e0 Moscou et de l\u2019Institut Universitaire des Hautes Etudes Internationales (IUHEI) de Gen\u00e8ve, il dispose d\u2019une large exp\u00e9rience en mati\u00e8re de gestion et de mise en \u0153uvre de projets au niveau international. Il a \u00e9t\u00e9 Conseiller Diplomatique du Chef du Gouvernement en 2015-2016 et 2020-2021","url":"https:\/\/www.geopolitics.fr\/en\/author\/elyes\/"}]}},"_links":{"self":[{"href":"https:\/\/www.geopolitics.fr\/en\/wp-json\/wp\/v2\/posts\/3290","targetHints":{"allow":["GET"]}}],"collection":[{"href":"https:\/\/www.geopolitics.fr\/en\/wp-json\/wp\/v2\/posts"}],"about":[{"href":"https:\/\/www.geopolitics.fr\/en\/wp-json\/wp\/v2\/types\/post"}],"author":[{"embeddable":true,"href":"https:\/\/www.geopolitics.fr\/en\/wp-json\/wp\/v2\/users\/103"}],"replies":[{"embeddable":true,"href":"https:\/\/www.geopolitics.fr\/en\/wp-json\/wp\/v2\/comments?post=3290"}],"version-history":[{"count":0,"href":"https:\/\/www.geopolitics.fr\/en\/wp-json\/wp\/v2\/posts\/3290\/revisions"}],"wp:featuredmedia":[{"embeddable":true,"href":"https:\/\/www.geopolitics.fr\/en\/wp-json\/wp\/v2\/media\/3291"}],"wp:attachment":[{"href":"https:\/\/www.geopolitics.fr\/en\/wp-json\/wp\/v2\/media?parent=3290"}],"wp:term":[{"taxonomy":"category","embeddable":true,"href":"https:\/\/www.geopolitics.fr\/en\/wp-json\/wp\/v2\/categories?post=3290"},{"taxonomy":"post_tag","embeddable":true,"href":"https:\/\/www.geopolitics.fr\/en\/wp-json\/wp\/v2\/tags?post=3290"}],"curies":[{"name":"wp","href":"https:\/\/api.w.org\/{rel}","templated":true}]}}