{"id":3287,"date":"2024-12-26T19:27:04","date_gmt":"2024-12-26T18:27:04","guid":{"rendered":"https:\/\/www.geopolitics.fr\/?p=3287"},"modified":"2024-12-26T19:27:06","modified_gmt":"2024-12-26T18:27:06","slug":"3287","status":"publish","type":"post","link":"https:\/\/www.geopolitics.fr\/en\/2024\/12\/26\/3287\/","title":{"rendered":""},"content":{"rendered":"<p class=\"has-medium-font-size wp-block-paragraph\"><em>Pass\u00e9 sous les radars m\u00e9diatiques, l&rsquo;Acad\u00e9mie de l&rsquo;Organisation mondiale de la sant\u00e9 (OMS) a officiellement ouvert ses portes \u00e0 Lyon mardi dernier. En pr\u00e9sence du directeur g\u00e9n\u00e9ral de l&rsquo;OMS le Dr Tedros Adhanom Ghebreyesus, du pr\u00e9sident fran\u00e7ais Emmanuel Macron, aux c\u00f4t\u00e9s de dizaines de ministres de la sant\u00e9, de repr\u00e9sentants internationaux, de donateurs et de partenaires locaux fran\u00e7ais.<\/em><\/p>\n\n\n\n<p class=\"has-medium-font-size wp-block-paragraph\">L\u2019\u00e9v\u00e9nement d\u2019envergure internationale s\u2019est effac\u00e9 dans le foisonnement de l\u2019actualit\u00e9 politique nationale en \u00e9bullition. Pour autant, ce nouveau positionnement de la France au regard de la sant\u00e9 mondiale n\u2019en est pas moins anodin. Lors de cette inauguration de dimension internationale, Emmanuel Macron d\u00e9clara&nbsp;: \u00ab <em>Aujourd&rsquo;hui, nous pouvons \u00eatre fiers d&rsquo;ouvrir dans la ville de Lyon les portes d&rsquo;une nouvelle institution mondiale, qui apportera le meilleur en termes de formation et d&rsquo;innovation dans le domaine de la sant\u00e9<\/em> \u00bb.<\/p>\n\n\n\n<h2 class=\"wp-block-heading\" id=\"h-l-acquisition-de-competences-essentielles-aux-nouvelles-problematiques-de-sante-mondiales\"><strong>L\u2019acquisition de comp\u00e9tences essentielles aux nouvelles probl\u00e9matiques de sant\u00e9 mondiales<\/strong><\/h2>\n\n\n\n<p class=\"has-medium-font-size wp-block-paragraph\">Ce projet qualifi\u00e9 de \u00ab r\u00e9volutionnaire \u00bb par l\u2019organisation onusienne, doit en effet permettre aux professionnels et chercheurs de sant\u00e9 du monde entier, aux d\u00e9cideurs politiques ainsi qu\u2019aux vigies de l&rsquo;OMS, d&rsquo;acc\u00e9der aux connaissances et comp\u00e9tences essentielles, aux partages de donn\u00e9es de recherche ainsi qu\u2019au savoir-faire de pointe en mati\u00e8re clinique, gr\u00e2ce \u00e0 des formations dispens\u00e9es dans ses locaux \u00e0 Lyon, et partout dans le monde \u00e0 travers sa plateforme en ligne.<\/p>\n\n\n\n<p class=\"has-medium-font-size wp-block-paragraph\">Selon le chef de l\u2019OMS, \u00ab&nbsp;<em>les produits techniques de classe mondiale de l\u2019agence sanitaire restent souvent inutilis\u00e9s et leur traduction en actions concr\u00e8tes entrav\u00e9e<\/em>&nbsp;\u00bb.<\/p>\n\n\n\n<p class=\"has-medium-font-size wp-block-paragraph\">Ainsi, \u00ab <em>L&rsquo;Acad\u00e9mie de l&rsquo;OMS va changer la donne, c&rsquo;est un centre d&rsquo;apprentissage en sant\u00e9 mondiale, le premier du genre, qui dotera les professionnels de la sant\u00e9 et des soins, les d\u00e9cideurs et notre propre main-d&rsquo;\u0153uvre mondiale des comp\u00e9tences et des aptitudes dont ils ont besoin pour transformer les syst\u00e8mes de sant\u00e9 et assurer la sant\u00e9 pour tous<\/em> \u00bb, insiste le Dr Tedros Adhanom Ghebreyesu, \u00e0 l\u2019occasion de cette inauguration.<\/p>\n\n\n\n<h2 class=\"wp-block-heading\" id=\"h-des-objectifs-clairs-et-chiffres-nbsp-former-3-millions-d-agents-de-sante-en-5-ans\"><strong>Des objectifs clairs et chiffr\u00e9s&nbsp;: former 3 millions d&rsquo;agents de sant\u00e9 en 5 ans<\/strong><\/h2>\n\n\n\n<p class=\"has-medium-font-size wp-block-paragraph\">L&rsquo;Acad\u00e9mie s\u2019est fix\u00e9 comme objectif ambitieux mais r\u00e9aliste, de former 3 millions d&rsquo;agents de sant\u00e9 venus du monde entier, aux risques contemporains nouveaux&nbsp;: infirmi\u00e8res, m\u00e9decins cliniciens, sage-femmes, biologistes, \u00e9pid\u00e9miologistes et chercheurs, ainsi que 900 d\u00e9cideurs politiques et repr\u00e9sentants diplomatiques, 13.000 gestionnaires nationaux de la sant\u00e9 publique, d&rsquo;ici 2028.<\/p>\n\n\n\n<p class=\"has-medium-font-size wp-block-paragraph\">Pour se faire, ce centre international de connaissances &nbsp;produira 50 \u00e0 80 cours par an entre 2025 et 2028, soit un total d&rsquo;environ 260 nouveaux cours d&rsquo;ici 2028, dont l\u2019acc\u00e8s sera g\u00e9n\u00e9ralis\u00e9 au travers de sa plateforme d&rsquo;apprentissage et de partages de donn\u00e9es en ligne.<\/p>\n\n\n\n<p class=\"has-medium-font-size wp-block-paragraph\">\u00ab <em>Cette plateforme propose des cours gratuits et de pointe sur des sujets de sant\u00e9 prioritaires, permettant ainsi aux professionnels du monde entier d&rsquo;acc\u00e9der \u00e0 une formation de grande qualit\u00e9, quelle que soit leur situation g\u00e9ographique<\/em> \u00bb, est-il ainsi pr\u00e9cis\u00e9 dans sa charte.<\/p>\n\n\n\n<p class=\"has-medium-font-size wp-block-paragraph\">Selon l\u2019OMS, il s\u2019agit du programme de formation continue \u00ab <em>le plus ambitieux jamais con\u00e7u dans le domaine de la sant\u00e9 publique<\/em> \u00bb.<\/p>\n\n\n\n<h2 class=\"wp-block-heading\" id=\"h-permettre-un-acces-aux-ressources-technologiques-les-plus-avancees\"><strong>Permettre un acc\u00e8s aux ressources technologiques les plus avanc\u00e9es<\/strong><\/h2>\n\n\n\n<p class=\"has-medium-font-size wp-block-paragraph\">L&rsquo;Acad\u00e9mie de l&rsquo;OMS entend \u00e9galement rem\u00e9dier aux faiblesses identifi\u00e9es dans les syst\u00e8mes d\u2019informations de sant\u00e9, plus particuli\u00e8rement dans les pays \u00e0 revenu faible ou interm\u00e9diaire, en particulier l\u2019Afrique.<\/p>\n\n\n\n<p class=\"has-medium-font-size wp-block-paragraph\">Cette derni\u00e8re compte aussi rem\u00e9dier au foss\u00e9 qui se creuse en termes d&rsquo;acc\u00e8s aux recherches et aux innovations les plus r\u00e9centes, gr\u00e2ce aux partenariats \u00e9tablis avec les meilleurs instituts universitaires et de recherche en sant\u00e9 publique du monde entier, notamment ceux des pays d\u00e9velopp\u00e9s.<\/p>\n\n\n\n<p class=\"has-medium-font-size wp-block-paragraph\">En vue de construire et de partager l&rsquo;acc\u00e8s aux technologies les plus avanc\u00e9es pour la sant\u00e9 et les soins, ainsi que la recherche et le d\u00e9veloppement dans le domaine de la sant\u00e9 y compris l&rsquo;IA, l&rsquo;Acad\u00e9mie apportera des capacit\u00e9s et une efficacit\u00e9 suppl\u00e9mentaires directement aux syst\u00e8mes de sant\u00e9 locaux.<\/p>\n\n\n\n<p class=\"has-medium-font-size wp-block-paragraph\">\u00ab <em>Les derniers d\u00e9veloppements en mati\u00e8re de technologie et d&rsquo;IA seront tr\u00e8s puissants pour rendre les soins de sant\u00e9 plus accessibles partout. Cet investissement profitera \u00e0 tous, car des travailleurs de la sant\u00e9 mieux form\u00e9s sont absolument essentiels pour rendre monde plus s\u00fbr, notamment pour pr\u00e9venir les futures pand\u00e9mies et y r\u00e9pondre<\/em> \u00bb, a soulign\u00e9 pour sa part le pr\u00e9sident fran\u00e7ais Emmanuel Macron.<\/p>\n\n\n\n<p class=\"has-medium-font-size wp-block-paragraph\"><strong>Lyon capitale de la sant\u00e9 mondiale&nbsp;? Incontestablement<\/strong><\/p>\n\n\n\n<p class=\"has-medium-font-size wp-block-paragraph\">P\u00f4le r\u00e9gional p\u00e9trochimique historique, la capitale des gaules est d\u00e9j\u00e0 dot\u00e9 depuis plusieurs ann\u00e9es d\u2019un laboratoire d\u2019analyses biologiques de haut niveau, class\u00e9 au rang de P4 (NDLR&nbsp;: La classification P4 d&rsquo;un laboratoire signifie \u00ab pathog\u00e8ne de classe 4 \u00bb et le rend susceptible d&rsquo;abriter des micro-organismes tr\u00e8s pathog\u00e8nes. Dans le monde, les laboratoires de ce type sont \u00e9galement nomm\u00e9s \u00ab BSL 4 \u00bb, de l&rsquo;anglais : biosafety level 4). Ces agents de classe 4 sont caract\u00e9ris\u00e9s par leur haute dangerosit\u00e9 (taux de mortalit\u00e9 tr\u00e8s \u00e9lev\u00e9 en cas d&rsquo;infection), l&rsquo;absence de vaccin protecteur, l&rsquo;absence de traitement m\u00e9dical efficace, et la transmission possible par a\u00e9rosols. La protection maximale exig\u00e9e pour manipuler ces germes est d\u00e9sign\u00e9e par le sigle NSB4 (niveau de s\u00e9curit\u00e9 biologique 4).<\/p>\n\n\n\n<p class=\"has-medium-font-size wp-block-paragraph\">Aussi la Ville de Lyon a accueilli en d\u00e9cembre dernier, pour sa premi\u00e8re \u00e9dition, le festival de la sant\u00e9 mondiale. De fait, la r\u00e9gion lyonnaise renforce son importance dans le milieu de la recherche et de l\u2019innovation m\u00e9dicale.<\/p>\n\n\n\n<p class=\"has-medium-font-size wp-block-paragraph\">Derri\u00e8re ce festival, se cache surtout un \u00e9cosyst\u00e8me lyonnais qui a pouss\u00e9 l&rsquo;OMS, il y a 23 ans de cela, \u00e0 installer une premi\u00e8re antenne dans la Ville. Deux d\u00e9cennies plus tard, la barre est fix\u00e9e encore plus haute avec cette Acad\u00e9mie, qui sera situ\u00e9e au c\u0153ur du bio district de Gerland. \u00ab&nbsp;<em>L&rsquo;Acad\u00e9mie doit \u00eatre une institution internationale au service de l&rsquo;ensemble des \u00e9tats membres de l&rsquo;OMS<\/em>&nbsp;\u00bb, argumente son directeur David Atchoarena. \u00ab&nbsp;<em>Mais elle doit aussi contribuer \u00e0 la dynamique et aux efforts de promotion de la sant\u00e9 mondiale \u00e0 partir de Lyon. Qui devient, en France, un p\u00f4le de rayonnement pour porter cette vision&nbsp;<\/em>\u00bb, ajoute ce dernier.<\/p>\n\n\n\n<p class=\"has-medium-font-size wp-block-paragraph\">Le nouveau campus ultramoderne de l&rsquo;Acad\u00e9mie de l&rsquo;OMS s&rsquo;\u00e9tend sur 11.000 m\u00e8tres carr\u00e9s et comprend : vingt-deux salles de formation, deux salles d&rsquo;enseignement \u00e0 distance, un centre de simulation, un centre d&rsquo;op\u00e9rations d&rsquo;urgence, un studio d&rsquo;enregistrement pour la t\u00e9l\u00e9vision, un auditorium moderne et enfin une biblioth\u00e8que.<\/p>\n\n\n\n<p class=\"has-medium-font-size wp-block-paragraph\">En outre, l&rsquo;approche environnementale des b\u00e2timents, repr\u00e9sent\u00e9e sous le concept de One Health (une seule sant\u00e9), n&rsquo;est pas pour d\u00e9plaire \u00e0 la M\u00e9tropole et \u00e0 la Ville de Lyon, sous pavillons \u00e9cologiques depuis 2020. D\u00e9sormais, la r\u00e9gion lyonnaise tient donc un festival de sant\u00e9 \u00e0 son image et \u00e0 ses couleurs, ainsi qu\u2019une p\u00f4le international de formation renfor\u00e7ant le rayonnement du territoire rh\u00f4nalpin.<\/p>\n\n\n\n<p class=\"has-medium-font-size wp-block-paragraph\">Cette initiative pionni\u00e8re, lanc\u00e9e il y a sept ans, a bien entendu \u00e9t\u00e9 rendue possible gr\u00e2ce au soutien g\u00e9n\u00e9reux du gouvernement fran\u00e7ais, de la r\u00e9gion Auvergne-Rh\u00f4ne-Alpes, de la ville et de la m\u00e9tropole de Lyon ainsi d&rsquo;autres partenaires mondiaux. Toutefois, tant le montant global de l\u2019op\u00e9ration que sa r\u00e9partition des financements, n\u2019ont pas \u00e9t\u00e9 rendus publiques.<\/p>\n\n\n\n<p class=\"has-medium-font-size wp-block-paragraph\">\u00ab <em>Je suis convaincu que ce partenariat solide avec l&rsquo;OMS t\u00e9moignera de notre confiance dans sa capacit\u00e9 \u00e0 guider nos politiques de sant\u00e9 dans le monde entier et \u00e0 coordonner nos actions, afin d&rsquo;\u00eatre toujours plus efficaces au service de nos populations sur le terrain<\/em> \u00bb, a estim\u00e9 Emmanuel Macron.<\/p>","protected":false},"excerpt":{"rendered":"<p>Pass\u00e9 sous les radars m\u00e9diatiques, l&rsquo;Acad\u00e9mie de l&rsquo;Organisation mondiale de la sant\u00e9 (OMS) a officiellement ouvert ses portes \u00e0 Lyon mardi dernier.&hellip;<\/p>","protected":false},"author":93,"featured_media":3288,"comment_status":"open","ping_status":"open","sticky":false,"template":"","format":"standard","meta":{"_lmt_disableupdate":"","_lmt_disable":"","footnotes":""},"categories":[41,5,4,3],"tags":[418,417],"class_list":["post-3287","post","type-post","status-publish","format-standard","has-post-thumbnail","hentry","category-actualite","category-international","category-mis-en-avant","category-politique","tag-lyon","tag-oms"],"yoast_head":"<!-- This site is optimized with the Yoast SEO Premium plugin v28.1 (Yoast SEO v28.1) - https:\/\/yoast.com\/product\/yoast-seo-premium-wordpress\/ -->\n<title>| Geopolitics.fr<\/title>\n<meta name=\"description\" content=\"Inauguration de la tr\u00e8s ambitieuse acad\u00e9mie de l&#039;OMS. Lyon devient-elle la capitale de la sant\u00e9 mondiale ? Probablement.\" \/>\n<meta name=\"robots\" content=\"index, follow, max-snippet:-1, max-image-preview:large, max-video-preview:-1\" \/>\n<link rel=\"canonical\" href=\"https:\/\/www.geopolitics.fr\/en\/2024\/12\/26\/3287\/\" \/>\n<meta property=\"og:locale\" content=\"en_GB\" \/>\n<meta property=\"og:type\" content=\"article\" \/>\n<meta property=\"og:description\" content=\"Inauguration de la tr\u00e8s ambitieuse acad\u00e9mie de l&#039;OMS. Lyon devient-elle la capitale de la sant\u00e9 mondiale ? Probablement.\" \/>\n<meta property=\"og:url\" content=\"https:\/\/www.geopolitics.fr\/en\/2024\/12\/26\/3287\/\" \/>\n<meta property=\"og:site_name\" content=\"Geopolitics.fr\" \/>\n<meta property=\"article:publisher\" content=\"https:\/\/www.facebook.com\/people\/Erwan-Davoux\/61557098968092\/\" \/>\n<meta property=\"article:author\" content=\"https:\/\/www.facebook.com\/odelagarde\" \/>\n<meta property=\"article:published_time\" content=\"2024-12-26T18:27:04+00:00\" \/>\n<meta property=\"article:modified_time\" content=\"2024-12-26T18:27:06+00:00\" \/>\n<meta property=\"og:image\" content=\"https:\/\/www.geopolitics.fr\/wp-content\/uploads\/2024\/12\/Inauguration-Academie-OMS-a-Lyon.jpg\" \/>\n\t<meta property=\"og:image:width\" content=\"1170\" \/>\n\t<meta property=\"og:image:height\" content=\"530\" \/>\n\t<meta property=\"og:image:type\" content=\"image\/jpeg\" \/>\n<meta name=\"author\" content=\"Olivier DELAGARDE\" \/>\n<meta name=\"twitter:card\" content=\"summary_large_image\" \/>\n<meta name=\"twitter:creator\" content=\"@Geopolitics_Fr\" \/>\n<meta name=\"twitter:site\" content=\"@Geopolitics_Fr\" \/>\n<meta name=\"twitter:label1\" content=\"Written by\" \/>\n\t<meta name=\"twitter:data1\" content=\"Olivier DELAGARDE\" \/>\n\t<meta name=\"twitter:label2\" content=\"Estimated reading time\" \/>\n\t<meta name=\"twitter:data2\" content=\"7 minutes\" \/>\n<script type=\"application\/ld+json\" class=\"yoast-schema-graph\">{\"@context\":\"https:\\\/\\\/schema.org\",\"@graph\":[{\"@type\":\"Article\",\"@id\":\"https:\\\/\\\/www.geopolitics.fr\\\/2024\\\/12\\\/26\\\/3287\\\/#article\",\"isPartOf\":{\"@id\":\"https:\\\/\\\/www.geopolitics.fr\\\/2024\\\/12\\\/26\\\/3287\\\/\"},\"author\":{\"name\":\"Olivier DELAGARDE\",\"@id\":\"https:\\\/\\\/www.geopolitics.fr\\\/#\\\/schema\\\/person\\\/9b98d78234af63d6ad71199d66115350\"},\"headline\":\"No title\",\"datePublished\":\"2024-12-26T18:27:04+00:00\",\"dateModified\":\"2024-12-26T18:27:06+00:00\",\"mainEntityOfPage\":{\"@id\":\"https:\\\/\\\/www.geopolitics.fr\\\/2024\\\/12\\\/26\\\/3287\\\/\"},\"wordCount\":1335,\"commentCount\":0,\"publisher\":{\"@id\":\"https:\\\/\\\/www.geopolitics.fr\\\/#organization\"},\"image\":{\"@id\":\"https:\\\/\\\/www.geopolitics.fr\\\/2024\\\/12\\\/26\\\/3287\\\/#primaryimage\"},\"thumbnailUrl\":\"https:\\\/\\\/www.geopolitics.fr\\\/wp-content\\\/uploads\\\/2024\\\/12\\\/Inauguration-Academie-OMS-a-Lyon.jpg\",\"keywords\":[\"LYON\",\"OMS\"],\"articleSection\":[\"Actualit\u00e9\",\"International\",\"Mis en AVANT\",\"Politique\"],\"inLanguage\":\"en-GB\"},{\"@type\":\"WebPage\",\"@id\":\"https:\\\/\\\/www.geopolitics.fr\\\/2024\\\/12\\\/26\\\/3287\\\/\",\"url\":\"https:\\\/\\\/www.geopolitics.fr\\\/2024\\\/12\\\/26\\\/3287\\\/\",\"name\":\"| Geopolitics.fr\",\"isPartOf\":{\"@id\":\"https:\\\/\\\/www.geopolitics.fr\\\/#website\"},\"primaryImageOfPage\":{\"@id\":\"https:\\\/\\\/www.geopolitics.fr\\\/2024\\\/12\\\/26\\\/3287\\\/#primaryimage\"},\"image\":{\"@id\":\"https:\\\/\\\/www.geopolitics.fr\\\/2024\\\/12\\\/26\\\/3287\\\/#primaryimage\"},\"thumbnailUrl\":\"https:\\\/\\\/www.geopolitics.fr\\\/wp-content\\\/uploads\\\/2024\\\/12\\\/Inauguration-Academie-OMS-a-Lyon.jpg\",\"datePublished\":\"2024-12-26T18:27:04+00:00\",\"dateModified\":\"2024-12-26T18:27:06+00:00\",\"description\":\"Inauguration de la tr\u00e8s ambitieuse acad\u00e9mie de l'OMS. Lyon devient-elle la capitale de la sant\u00e9 mondiale ? Probablement.\",\"inLanguage\":\"en-GB\",\"potentialAction\":[{\"@type\":\"ReadAction\",\"target\":[\"https:\\\/\\\/www.geopolitics.fr\\\/2024\\\/12\\\/26\\\/3287\\\/\"]}]},{\"@type\":\"ImageObject\",\"inLanguage\":\"en-GB\",\"@id\":\"https:\\\/\\\/www.geopolitics.fr\\\/2024\\\/12\\\/26\\\/3287\\\/#primaryimage\",\"url\":\"https:\\\/\\\/www.geopolitics.fr\\\/wp-content\\\/uploads\\\/2024\\\/12\\\/Inauguration-Academie-OMS-a-Lyon.jpg\",\"contentUrl\":\"https:\\\/\\\/www.geopolitics.fr\\\/wp-content\\\/uploads\\\/2024\\\/12\\\/Inauguration-Academie-OMS-a-Lyon.jpg\",\"width\":1170,\"height\":530},{\"@type\":\"WebSite\",\"@id\":\"https:\\\/\\\/www.geopolitics.fr\\\/#website\",\"url\":\"https:\\\/\\\/www.geopolitics.fr\\\/\",\"name\":\"Geopolitics.fr\",\"description\":\"Geopolitics.fr Analyse politique, relations internationales, d\u00e9fense - ligne \u00e9ditoriale gaullo-chiraquienne\",\"publisher\":{\"@id\":\"https:\\\/\\\/www.geopolitics.fr\\\/#organization\"},\"potentialAction\":[{\"@type\":\"SearchAction\",\"target\":{\"@type\":\"EntryPoint\",\"urlTemplate\":\"https:\\\/\\\/www.geopolitics.fr\\\/?s={search_term_string}\"},\"query-input\":{\"@type\":\"PropertyValueSpecification\",\"valueRequired\":true,\"valueName\":\"search_term_string\"}}],\"inLanguage\":\"en-GB\"},{\"@type\":\"Organization\",\"@id\":\"https:\\\/\\\/www.geopolitics.fr\\\/#organization\",\"name\":\"Geopolitics.fr\",\"url\":\"https:\\\/\\\/www.geopolitics.fr\\\/\",\"logo\":{\"@type\":\"ImageObject\",\"inLanguage\":\"en-GB\",\"@id\":\"https:\\\/\\\/www.geopolitics.fr\\\/#\\\/schema\\\/logo\\\/image\\\/\",\"url\":\"https:\\\/\\\/www.geopolitics.fr\\\/wp-content\\\/uploads\\\/2024\\\/01\\\/logo.jpg\",\"contentUrl\":\"https:\\\/\\\/www.geopolitics.fr\\\/wp-content\\\/uploads\\\/2024\\\/01\\\/logo.jpg\",\"width\":500,\"height\":500,\"caption\":\"Geopolitics.fr\"},\"image\":{\"@id\":\"https:\\\/\\\/www.geopolitics.fr\\\/#\\\/schema\\\/logo\\\/image\\\/\"},\"sameAs\":[\"https:\\\/\\\/www.facebook.com\\\/people\\\/Erwan-Davoux\\\/61557098968092\\\/\",\"https:\\\/\\\/x.com\\\/Geopolitics_Fr\"]},{\"@type\":\"Person\",\"@id\":\"https:\\\/\\\/www.geopolitics.fr\\\/#\\\/schema\\\/person\\\/9b98d78234af63d6ad71199d66115350\",\"name\":\"Olivier DELAGARDE\",\"image\":{\"@type\":\"ImageObject\",\"inLanguage\":\"en-GB\",\"@id\":\"https:\\\/\\\/secure.gravatar.com\\\/avatar\\\/2c50afbd303b51697d9591857ee182bf3ead572fa530da00bb0278cf506c3a97?s=96&d=mm&r=g\",\"url\":\"https:\\\/\\\/secure.gravatar.com\\\/avatar\\\/2c50afbd303b51697d9591857ee182bf3ead572fa530da00bb0278cf506c3a97?s=96&d=mm&r=g\",\"contentUrl\":\"https:\\\/\\\/secure.gravatar.com\\\/avatar\\\/2c50afbd303b51697d9591857ee182bf3ead572fa530da00bb0278cf506c3a97?s=96&d=mm&r=g\",\"caption\":\"Olivier DELAGARDE\"},\"description\":\"Journaliste depuis plus de 20 ans, accr\u00e9dit\u00e9 aupr\u00e8s de l'Organisation des Nations Unies, de la Ligue des Etats Arabes, titulaire de la Carte d'Identit\u00e9 des Journalistes Professionnels en France et de la F\u00e9d\u00e9ration Internationale des Journalistes, Olivier a occup\u00e9 le poste de Grand reporter correspondant permanent en \u00c9gypte pour des m\u00e9dias de renomm\u00e9e mondiale tels que TV5 MONDE, le GROUPE M6, le GROUPE TF1 ou encore l\u2019AFP. Durant plus de dix ann\u00e9es, il a produit de nombreux reportages sur la politique internationale en Afrique de l'Est, tout en couvrant les principaux conflits au Proche et Moyen-Orient. En tant que Chef de bureau Proche-Orient pour TV5 MONDE, il \u00e9tait responsable de la production de reportages, des relations institutionnelles et de la repr\u00e9sentation de la cha\u00eene, tout en \u00e9crivant pour plusieurs m\u00e9dias europ\u00e9ens et internationaux.\",\"sameAs\":[\"https:\\\/\\\/www.facebook.com\\\/odelagarde\",\"https:\\\/\\\/www.linkedin.com\\\/in\\\/olivier-delagarde-816b17270\\\/\"],\"url\":\"https:\\\/\\\/www.geopolitics.fr\\\/en\\\/author\\\/odelagarde\\\/\"}]}<\/script>\n<!-- \/ Yoast SEO Premium plugin. -->","yoast_head_json":{"title":"| Geopolitics.fr","description":"Inauguration de la tr\u00e8s ambitieuse acad\u00e9mie de l'OMS. Lyon devient-elle la capitale de la sant\u00e9 mondiale ? Probablement.","robots":{"index":"index","follow":"follow","max-snippet":"max-snippet:-1","max-image-preview":"max-image-preview:large","max-video-preview":"max-video-preview:-1"},"canonical":"https:\/\/www.geopolitics.fr\/en\/2024\/12\/26\/3287\/","og_locale":"en_GB","og_type":"article","og_description":"Inauguration de la tr\u00e8s ambitieuse acad\u00e9mie de l'OMS. Lyon devient-elle la capitale de la sant\u00e9 mondiale ? Probablement.","og_url":"https:\/\/www.geopolitics.fr\/en\/2024\/12\/26\/3287\/","og_site_name":"Geopolitics.fr","article_publisher":"https:\/\/www.facebook.com\/people\/Erwan-Davoux\/61557098968092\/","article_author":"https:\/\/www.facebook.com\/odelagarde","article_published_time":"2024-12-26T18:27:04+00:00","article_modified_time":"2024-12-26T18:27:06+00:00","og_image":[{"width":1170,"height":530,"url":"https:\/\/www.geopolitics.fr\/wp-content\/uploads\/2024\/12\/Inauguration-Academie-OMS-a-Lyon.jpg","type":"image\/jpeg"}],"author":"Olivier DELAGARDE","twitter_card":"summary_large_image","twitter_creator":"@Geopolitics_Fr","twitter_site":"@Geopolitics_Fr","twitter_misc":{"Written by":"Olivier DELAGARDE","Estimated reading time":"7 minutes"},"schema":{"@context":"https:\/\/schema.org","@graph":[{"@type":"Article","@id":"https:\/\/www.geopolitics.fr\/2024\/12\/26\/3287\/#article","isPartOf":{"@id":"https:\/\/www.geopolitics.fr\/2024\/12\/26\/3287\/"},"author":{"name":"Olivier DELAGARDE","@id":"https:\/\/www.geopolitics.fr\/#\/schema\/person\/9b98d78234af63d6ad71199d66115350"},"headline":"No title","datePublished":"2024-12-26T18:27:04+00:00","dateModified":"2024-12-26T18:27:06+00:00","mainEntityOfPage":{"@id":"https:\/\/www.geopolitics.fr\/2024\/12\/26\/3287\/"},"wordCount":1335,"commentCount":0,"publisher":{"@id":"https:\/\/www.geopolitics.fr\/#organization"},"image":{"@id":"https:\/\/www.geopolitics.fr\/2024\/12\/26\/3287\/#primaryimage"},"thumbnailUrl":"https:\/\/www.geopolitics.fr\/wp-content\/uploads\/2024\/12\/Inauguration-Academie-OMS-a-Lyon.jpg","keywords":["LYON","OMS"],"articleSection":["Actualit\u00e9","International","Mis en AVANT","Politique"],"inLanguage":"en-GB"},{"@type":"WebPage","@id":"https:\/\/www.geopolitics.fr\/2024\/12\/26\/3287\/","url":"https:\/\/www.geopolitics.fr\/2024\/12\/26\/3287\/","name":"| Geopolitics.fr","isPartOf":{"@id":"https:\/\/www.geopolitics.fr\/#website"},"primaryImageOfPage":{"@id":"https:\/\/www.geopolitics.fr\/2024\/12\/26\/3287\/#primaryimage"},"image":{"@id":"https:\/\/www.geopolitics.fr\/2024\/12\/26\/3287\/#primaryimage"},"thumbnailUrl":"https:\/\/www.geopolitics.fr\/wp-content\/uploads\/2024\/12\/Inauguration-Academie-OMS-a-Lyon.jpg","datePublished":"2024-12-26T18:27:04+00:00","dateModified":"2024-12-26T18:27:06+00:00","description":"Inauguration de la tr\u00e8s ambitieuse acad\u00e9mie de l'OMS. Lyon devient-elle la capitale de la sant\u00e9 mondiale ? Probablement.","inLanguage":"en-GB","potentialAction":[{"@type":"ReadAction","target":["https:\/\/www.geopolitics.fr\/2024\/12\/26\/3287\/"]}]},{"@type":"ImageObject","inLanguage":"en-GB","@id":"https:\/\/www.geopolitics.fr\/2024\/12\/26\/3287\/#primaryimage","url":"https:\/\/www.geopolitics.fr\/wp-content\/uploads\/2024\/12\/Inauguration-Academie-OMS-a-Lyon.jpg","contentUrl":"https:\/\/www.geopolitics.fr\/wp-content\/uploads\/2024\/12\/Inauguration-Academie-OMS-a-Lyon.jpg","width":1170,"height":530},{"@type":"WebSite","@id":"https:\/\/www.geopolitics.fr\/#website","url":"https:\/\/www.geopolitics.fr\/","name":"Geopolitics.fr","description":"Geopolitics.fr Analyse politique, relations internationales, d\u00e9fense - ligne \u00e9ditoriale gaullo-chiraquienne","publisher":{"@id":"https:\/\/www.geopolitics.fr\/#organization"},"potentialAction":[{"@type":"SearchAction","target":{"@type":"EntryPoint","urlTemplate":"https:\/\/www.geopolitics.fr\/?s={search_term_string}"},"query-input":{"@type":"PropertyValueSpecification","valueRequired":true,"valueName":"search_term_string"}}],"inLanguage":"en-GB"},{"@type":"Organization","@id":"https:\/\/www.geopolitics.fr\/#organization","name":"Geopolitics.fr","url":"https:\/\/www.geopolitics.fr\/","logo":{"@type":"ImageObject","inLanguage":"en-GB","@id":"https:\/\/www.geopolitics.fr\/#\/schema\/logo\/image\/","url":"https:\/\/www.geopolitics.fr\/wp-content\/uploads\/2024\/01\/logo.jpg","contentUrl":"https:\/\/www.geopolitics.fr\/wp-content\/uploads\/2024\/01\/logo.jpg","width":500,"height":500,"caption":"Geopolitics.fr"},"image":{"@id":"https:\/\/www.geopolitics.fr\/#\/schema\/logo\/image\/"},"sameAs":["https:\/\/www.facebook.com\/people\/Erwan-Davoux\/61557098968092\/","https:\/\/x.com\/Geopolitics_Fr"]},{"@type":"Person","@id":"https:\/\/www.geopolitics.fr\/#\/schema\/person\/9b98d78234af63d6ad71199d66115350","name":"Olivier DELAGARDE","image":{"@type":"ImageObject","inLanguage":"en-GB","@id":"https:\/\/secure.gravatar.com\/avatar\/2c50afbd303b51697d9591857ee182bf3ead572fa530da00bb0278cf506c3a97?s=96&d=mm&r=g","url":"https:\/\/secure.gravatar.com\/avatar\/2c50afbd303b51697d9591857ee182bf3ead572fa530da00bb0278cf506c3a97?s=96&d=mm&r=g","contentUrl":"https:\/\/secure.gravatar.com\/avatar\/2c50afbd303b51697d9591857ee182bf3ead572fa530da00bb0278cf506c3a97?s=96&d=mm&r=g","caption":"Olivier DELAGARDE"},"description":"Journaliste depuis plus de 20 ans, accr\u00e9dit\u00e9 aupr\u00e8s de l'Organisation des Nations Unies, de la Ligue des Etats Arabes, titulaire de la Carte d'Identit\u00e9 des Journalistes Professionnels en France et de la F\u00e9d\u00e9ration Internationale des Journalistes, Olivier a occup\u00e9 le poste de Grand reporter correspondant permanent en \u00c9gypte pour des m\u00e9dias de renomm\u00e9e mondiale tels que TV5 MONDE, le GROUPE M6, le GROUPE TF1 ou encore l\u2019AFP. Durant plus de dix ann\u00e9es, il a produit de nombreux reportages sur la politique internationale en Afrique de l'Est, tout en couvrant les principaux conflits au Proche et Moyen-Orient. En tant que Chef de bureau Proche-Orient pour TV5 MONDE, il \u00e9tait responsable de la production de reportages, des relations institutionnelles et de la repr\u00e9sentation de la cha\u00eene, tout en \u00e9crivant pour plusieurs m\u00e9dias europ\u00e9ens et internationaux.","sameAs":["https:\/\/www.facebook.com\/odelagarde","https:\/\/www.linkedin.com\/in\/olivier-delagarde-816b17270\/"],"url":"https:\/\/www.geopolitics.fr\/en\/author\/odelagarde\/"}]}},"_links":{"self":[{"href":"https:\/\/www.geopolitics.fr\/en\/wp-json\/wp\/v2\/posts\/3287","targetHints":{"allow":["GET"]}}],"collection":[{"href":"https:\/\/www.geopolitics.fr\/en\/wp-json\/wp\/v2\/posts"}],"about":[{"href":"https:\/\/www.geopolitics.fr\/en\/wp-json\/wp\/v2\/types\/post"}],"author":[{"embeddable":true,"href":"https:\/\/www.geopolitics.fr\/en\/wp-json\/wp\/v2\/users\/93"}],"replies":[{"embeddable":true,"href":"https:\/\/www.geopolitics.fr\/en\/wp-json\/wp\/v2\/comments?post=3287"}],"version-history":[{"count":0,"href":"https:\/\/www.geopolitics.fr\/en\/wp-json\/wp\/v2\/posts\/3287\/revisions"}],"wp:featuredmedia":[{"embeddable":true,"href":"https:\/\/www.geopolitics.fr\/en\/wp-json\/wp\/v2\/media\/3288"}],"wp:attachment":[{"href":"https:\/\/www.geopolitics.fr\/en\/wp-json\/wp\/v2\/media?parent=3287"}],"wp:term":[{"taxonomy":"category","embeddable":true,"href":"https:\/\/www.geopolitics.fr\/en\/wp-json\/wp\/v2\/categories?post=3287"},{"taxonomy":"post_tag","embeddable":true,"href":"https:\/\/www.geopolitics.fr\/en\/wp-json\/wp\/v2\/tags?post=3287"}],"curies":[{"name":"wp","href":"https:\/\/api.w.org\/{rel}","templated":true}]}}