{"id":3284,"date":"2024-12-26T15:36:34","date_gmt":"2024-12-26T14:36:34","guid":{"rendered":"https:\/\/www.geopolitics.fr\/?p=3284"},"modified":"2024-12-26T15:36:37","modified_gmt":"2024-12-26T14:36:37","slug":"comment-leurope-et-le-reste-du-monde-vont-faire-face-au-protectionnisme-exacerbe-de-trump","status":"publish","type":"post","link":"https:\/\/www.geopolitics.fr\/en\/2024\/12\/26\/comment-leurope-et-le-reste-du-monde-vont-faire-face-au-protectionnisme-exacerbe-de-trump\/","title":{"rendered":"Comment l&rsquo;Europe et le reste du monde vont faire face au protectionnisme exacerb\u00e9 de Trump ?"},"content":{"rendered":"<p class=\"wp-block-paragraph\">Publi\u00e9 dans\u00a0: <a href=\"https:\/\/www.lalibre.be\/debats\/opinions\/2024\/12\/26\/comment-leurope-et-le-reste-du-monde-vont-faire-face-au-protectionnisme-exacerbe-de-trump-IMUHGVL3PNEDRPALN72ZAXAR6M\/\">https:\/\/www.lalibre<\/a><\/p>\n\n\n\n<p class=\"has-medium-font-size wp-block-paragraph\">L\u2019\u00e9lection de Donald Trump est bien plus qu\u2019un simple \u00e9v\u00e9nement politique. Elle traduit le rejet des promesses non tenues de la mondialisation et symbolise le retour d\u2019une id\u00e9e ancienne&nbsp;: celle d\u2019un monde enracin\u00e9, o\u00f9 chaque pays contr\u00f4le ses fronti\u00e8res, ses richesses, son destin. En d\u00e9signant Trump, la majorit\u00e9 des citoyens am\u00e9ricains a exprim\u00e9 la nostalgie d\u2019un temps o\u00f9 la nation \u00e9tait synonyme de puissance et de s\u00e9curit\u00e9. Mais ce retour \u00e0 un protectionnisme exacerb\u00e9 ne se limite pas aux fronti\u00e8res des \u00c9tats-Unis. Dans ce monde o\u00f9 le \u00ab\u00a0chacun pour soi\u00a0\u00bb devient la norme, les alliances se redessinent et l\u2019histoire s\u2019acc\u00e9l\u00e8re.<\/p>\n\n\n\n<h2 class=\"wp-block-heading\" id=\"h-le-protectionnisme-au-coeur-des-trumponomics\"><strong>Le protectionnisme au c\u0153ur des <em>Trumponomics<\/em><\/strong><\/h2>\n\n\n\n<p class=\"has-medium-font-size wp-block-paragraph\">Trump a b\u00e2ti sa campagne sur un programme \u00e9conomique radical, centr\u00e9 sur trois piliers : des baisses d\u2019imp\u00f4ts massives, une d\u00e9r\u00e9glementation g\u00e9n\u00e9ralis\u00e9e et des droits de douane importants. Parmi les mesures les plus marquantes&nbsp;: une taxation de&nbsp;10-20 % sur toutes les importations, port\u00e9e \u00e0&nbsp;60-100 % pour les produits chinois.&nbsp;Dans un geste rh\u00e9torique qui a frapp\u00e9 les esprits, le pr\u00e9sident am\u00e9ricain a m\u00eame qualifi\u00e9 les droits de douane de \u00ab plus beau mot du dictionnaire \u00bb. Cette vision r\u00e9v\u00e8le une strat\u00e9gie claire&nbsp;: celle de transformer les relations commerciales en outil de domination.<\/p>\n\n\n\n<p class=\"has-medium-font-size wp-block-paragraph\">Ce&nbsp;patriotisme \u00e9conomique trouve d\u2019ailleurs un \u00e9cho dans l\u2019histoire. En s\u2019inspirant de la politique de William McKinley, pr\u00e9sident des \u00c9tats-Unis \u00e0 la fin du XIX\u1d49 si\u00e8cle, Trump ravive l\u2019identit\u00e9 am\u00e9ricaine et promet une p\u00e9riode o\u00f9 le protectionnisme est une r\u00e9ponse efficace \u00e0 bien des maux. Mais les promesses peuvent parfois \u00eatre synonymes de d\u00e9sillusion. Les politiques fiscales et tarifaires pr\u00e9sentent un co\u00fbt faramineux. Selon le&nbsp;<em>Congressional Budget Office (CBO)<\/em>,elles pourraient co\u00fbter jusqu&rsquo;\u00e0 4600 milliards de dollars suppl\u00e9mentaires au cours des dix prochaines ann\u00e9es, et accro\u00eetre la dette du pays de plus de&nbsp;7750 milliards de dollars. Ces chiffres vertigineux soul\u00e8vent une question essentielle : jusqu\u2019o\u00f9 l\u2019\u00e9conomie am\u00e9ricaine peut-elle supporter un tel fardeau ? Une telle aggravation de la dette, d\u00e9j\u00e0 \u00e0 plus de 120% du PIB, risque de conduire \u00e0 un bras de fer tant avec la R\u00e9serve f\u00e9d\u00e9rale am\u00e9ricaine qu\u2019avec le Congr\u00e8s concernant le rel\u00e8vement du plafond de la dette.<\/p>\n\n\n\n<h2 class=\"wp-block-heading\" id=\"h-l-impact-mondial-de-la-politique-economique-americaine\"><strong>L\u2019impact mondial de la politique \u00e9conomique am\u00e9ricaine<\/strong><\/h2>\n\n\n\n<p class=\"has-medium-font-size wp-block-paragraph\">Au-del\u00e0 des fronti\u00e8res am\u00e9ricaines, les enjeux des <em>Trumponomics<\/em> prennent une dimension plus pr\u00e9occupante. En imposant des droits de douane massifs sur les exportations chinoises, Trump prend le risque de relancer une guerre commerciale avec la seconde puissance mondiale. Or la Chine a tir\u00e9 les le\u00e7ons de 2017. Avec une croissance anticip\u00e9e de&nbsp;5 %, soutenue par des mesures de relance et une r\u00e9forme de son march\u00e9 immobilier, elle dispose d\u2019atouts pour r\u00e9sister. Le gouvernement Xi Jinping compte faire pression de diverses mani\u00e8res, notamment par une d\u00e9valuation du yuan pour affaiblir l\u2019industrie am\u00e9ricaine.<\/p>\n\n\n\n<p class=\"has-medium-font-size wp-block-paragraph\">Cette guerre commerciale pourrait \u00e9galement intensifier la fragmentation des cha\u00eenes d\u2019approvisionnement mondiales. Les impacts risquent d\u2019\u00eatre lourds pour des \u00e9conomies en d\u00e9veloppement, fortement int\u00e9gr\u00e9es \u00e0 ces r\u00e9seaux. De nombreux pays d\u2019Asie, d\u2019Am\u00e9rique latine et d\u2019Afrique, qui d\u00e9pendent des exportations vers les \u00c9tats-Unis ou la Chine, voient leur croissance menac\u00e9e. Les droits de douane \u00e9lev\u00e9s sur les produits chinois, par exemple, affectent indirectement des \u00e9conomies comme le Vietnam, le Cambodge ou le Bangladesh, qui fournissent des mati\u00e8res premi\u00e8res ou des pi\u00e8ces d\u00e9tach\u00e9es. Selon plusieurs analyses, ces politiques pourraient ralentir la croissance mondiale de mani\u00e8re significative, r\u00e9duisant d\u2019environ un point le PIB mondial d\u2019ici 2026.<\/p>\n\n\n\n<p class=\"has-medium-font-size wp-block-paragraph\">Par ailleurs, cette nouvelle <em>realpolitik<\/em> risque de renforcer le dollar am\u00e9ricain \u00e0 court-terme. Aliment\u00e9e par la politique mon\u00e9taire restrictive de la R\u00e9serve f\u00e9d\u00e9rale am\u00e9ricaine, et les attentes des march\u00e9s face au protectionnisme de Trump, le dollar est d\u00e9j\u00e0 en hausse depuis l\u2019\u00e9lection du nouveau pr\u00e9sident. Cette envol\u00e9e risque d\u2019exercer une forte pression sur les march\u00e9s \u00e9mergents. Le renforcement du roi dollar fragilise les devises locales, notamment dans la r\u00e9gion de l\u2019ASEAN et en Afrique o\u00f9 de nombreux pays sont d\u00e9pendants. En cons\u00e9quence, les importations deviennent plus co\u00fbteuses et la dette ext\u00e9rieure, souvent libell\u00e9e en dollars (plus de&nbsp;60 % de la dette mondiale&nbsp;est libell\u00e9e en monnaie am\u00e9ricaine), s\u2019alourdit.<\/p>\n\n\n\n<p class=\"has-medium-font-size wp-block-paragraph\">Cette situation va inciter davantage de pays \u00e9mergents \u00e0 chercher des alternatives pour r\u00e9duire leur d\u00e9pendance au dollar. On observe d\u00e9j\u00e0 un int\u00e9r\u00eat croissant pour des m\u00e9canismes d\u2019\u00e9change en devises locales, alors que la Nouvelle banque de d\u00e9veloppement pr\u00e9voit d\u2019atteindre 30% de ses projets en monnaies locales d&rsquo;ici 2026. Par ailleurs, les politiques pro-am\u00e9ricaines vont renforcer la fragmentation des relations \u00e9conomiques mondiales. L\u2019\u00e9largissement des BRICS et le d\u00e9veloppement d\u2019institutions financi\u00e8res non-occidentales t\u00e9moignent de cette dynamique.<\/p>\n\n\n\n<h2 class=\"wp-block-heading\" id=\"h-vers-une-europe-plus-fragilisee-nbsp\"><strong>Vers une Europe plus fragilis\u00e9e&nbsp;?<\/strong><\/h2>\n\n\n\n<p class=\"has-medium-font-size wp-block-paragraph\">L\u2019Union europ\u00e9enne, quant \u00e0 elle, risque de se retrouver dans une position d\u00e9licate. Les politiques tarifaires am\u00e9ricaines peuvent alimenter l\u2019inflation sur le continent, tout en for\u00e7ant la Banque centrale europ\u00e9enne (BCE) \u00e0 r\u00e9duire ses taux d\u2019int\u00e9r\u00eat pour att\u00e9nuer les impacts. Cette strat\u00e9gie pourrait \u00e9largir l\u2019\u00e9cart de comp\u00e9titivit\u00e9 entre les \u00c9tats-Unis et l\u2019Europe, autant que leurs divisions. En d\u00e9clarant que l\u2019Union europ\u00e9enne devra \u00ab payer un prix \u00e9lev\u00e9 \u00bb pour son d\u00e9s\u00e9quilibre commercial avec les \u00c9tats-Unis, Trump cherche \u00e0 affirmer une supr\u00e9matie \u00e9conomique qui ne peut s\u2019exercer qu\u2019au d\u00e9triment des autres. Or l\u2019Union europ\u00e9enne, bien qu\u2019historiquement r\u00e9siliente face aux crises, se trouve dans une position de vuln\u00e9rabilit\u00e9. Les \u00c9tats-Unis repr\u00e9sentent&nbsp;20 %&nbsp;des exportations totales de l\u2019UE, soit&nbsp;502 milliards d\u2019euros en 2023. Cet exc\u00e9dent commercial, reflet d\u2019une d\u00e9pendance asym\u00e9trique, expose fortement les pays europ\u00e9ens et surtout son moteur historique, l\u2019Allemagne. L\u2019industrie automobile notamment, pilier de son \u00e9conomie et en grande difficult\u00e9, sera soumise \u00e0 de fortes pressions.<\/p>\n\n\n\n<p class=\"has-medium-font-size wp-block-paragraph\">Mais au-del\u00e0 des impacts sectoriels, cette \u00e9lection r\u00e9v\u00e8le les limites de la gouvernance europ\u00e9enne. L\u2019absence d\u2019une structure politique suffisamment solide, capable de rivaliser avec les grandes puissances, handicape l\u2019Union face aux r\u00e8gles actuelles du commerce mondial. Plus largement, c\u2019est l\u2019ensemble des failles du projet europ\u00e9en qui se manifesteront davantage. L\u2019Union europ\u00e9enne, en tant que projet embl\u00e9matique de la mondialisation, subit de plein fouet les cons\u00e9quences de ce monde en mutation. L\u2019absence d\u2019harmonisation fiscale et budg\u00e9taire au sein des \u00c9tats membres limite la capacit\u00e9 de l\u2019UE \u00e0 r\u00e9pondre de mani\u00e8re coordonn\u00e9e, et cette fragmentation va rendre le Vieux-continent moins agile face aux politiques protectionnistes am\u00e9ricaines. Elle risque \u00e9galement d\u2019accro\u00eetre les divisions internes, notamment entre pays du Nord et du Sud, et d\u2019accentuer les forces populistes.<\/p>\n\n\n\n<p class=\"has-medium-font-size wp-block-paragraph\">Cette dynamique met donc en lumi\u00e8re un paradoxe plus profond. La qu\u00eate de souverainet\u00e9 actuelle, aussi synonyme de repli, s\u2019installe \u00e0 l\u2019heure o\u00f9 les d\u00e9fis sont globaux &#8211; changement climatique, pand\u00e9mies, r\u00e9gulation des nouvelles technologies. Or dans ce nouveau paysage, l\u2019Europe, comme le reste du monde, ne doit pas choisir entre souverainet\u00e9 et mondialisation, mais r\u00e9inventer un mod\u00e8le capable de r\u00e9concilier ces deux aspirations. C\u2019est \u00e0 cette condition seulement que les tensions actuelles pourront c\u00e9der la place \u00e0 un nouvel \u00e9quilibre mondial, \u00e0 la fois plus juste et plus durable.<\/p>\n\n\n\n<p class=\"wp-block-paragraph\"><\/p>","protected":false},"excerpt":{"rendered":"<p>Publi\u00e9 dans\u00a0: https:\/\/www.lalibre L\u2019\u00e9lection de Donald Trump est bien plus qu\u2019un simple \u00e9v\u00e9nement politique. Elle traduit le rejet des promesses non tenues&hellip;<\/p>","protected":false},"author":104,"featured_media":3285,"comment_status":"open","ping_status":"open","sticky":false,"template":"","format":"standard","meta":{"_lmt_disableupdate":"","_lmt_disable":"","footnotes":""},"categories":[5,4],"tags":[416,307],"class_list":["post-3284","post","type-post","status-publish","format-standard","has-post-thumbnail","hentry","category-international","category-mis-en-avant","tag-protectionnisme","tag-trump"],"yoast_head":"<!-- This site is optimized with the Yoast SEO Premium plugin v28.1 (Yoast SEO v28.1) - https:\/\/yoast.com\/product\/yoast-seo-premium-wordpress\/ -->\n<title>Comment l&#039;Europe et le reste du monde vont faire face au protectionnisme exacerb\u00e9 de Trump ? | Geopolitics.fr<\/title>\n<meta name=\"description\" content=\"Le retour de Trump \u00e0 la Maison Blanche s&#039;accompagnera d&#039;une nouvelle pouss\u00e9e protectionniste. Quels enjeux pour la Chine et l&#039;Europe ?\" \/>\n<meta name=\"robots\" content=\"index, follow, max-snippet:-1, max-image-preview:large, max-video-preview:-1\" \/>\n<link rel=\"canonical\" href=\"https:\/\/www.geopolitics.fr\/en\/2024\/12\/26\/comment-leurope-et-le-reste-du-monde-vont-faire-face-au-protectionnisme-exacerbe-de-trump\/\" \/>\n<meta property=\"og:locale\" content=\"en_GB\" \/>\n<meta property=\"og:type\" content=\"article\" \/>\n<meta property=\"og:title\" content=\"Comment l&#039;Europe et le reste du monde vont faire face au protectionnisme exacerb\u00e9 de Trump ?\" \/>\n<meta property=\"og:description\" content=\"Le retour de Trump \u00e0 la Maison Blanche s&#039;accompagnera d&#039;une nouvelle pouss\u00e9e protectionniste. Quels enjeux pour la Chine et l&#039;Europe ?\" \/>\n<meta property=\"og:url\" content=\"https:\/\/www.geopolitics.fr\/en\/2024\/12\/26\/comment-leurope-et-le-reste-du-monde-vont-faire-face-au-protectionnisme-exacerbe-de-trump\/\" \/>\n<meta property=\"og:site_name\" content=\"Geopolitics.fr\" \/>\n<meta property=\"article:publisher\" content=\"https:\/\/www.facebook.com\/people\/Erwan-Davoux\/61557098968092\/\" \/>\n<meta property=\"article:published_time\" content=\"2024-12-26T14:36:34+00:00\" \/>\n<meta property=\"article:modified_time\" content=\"2024-12-26T14:36:37+00:00\" \/>\n<meta property=\"og:image\" content=\"https:\/\/www.geopolitics.fr\/wp-content\/uploads\/2024\/12\/protectionnisme.jpg\" \/>\n\t<meta property=\"og:image:width\" content=\"616\" \/>\n\t<meta property=\"og:image:height\" content=\"331\" \/>\n\t<meta property=\"og:image:type\" content=\"image\/jpeg\" \/>\n<meta name=\"author\" content=\"Julien Chevalier\" \/>\n<meta name=\"twitter:card\" content=\"summary_large_image\" \/>\n<meta name=\"twitter:creator\" content=\"@Geopolitics_Fr\" \/>\n<meta name=\"twitter:site\" content=\"@Geopolitics_Fr\" \/>\n<meta name=\"twitter:label1\" content=\"Written by\" \/>\n\t<meta name=\"twitter:data1\" content=\"Julien Chevalier\" \/>\n\t<meta name=\"twitter:label2\" content=\"Estimated reading time\" \/>\n\t<meta name=\"twitter:data2\" content=\"6 minutes\" \/>\n<script type=\"application\/ld+json\" class=\"yoast-schema-graph\">{\"@context\":\"https:\\\/\\\/schema.org\",\"@graph\":[{\"@type\":\"Article\",\"@id\":\"https:\\\/\\\/www.geopolitics.fr\\\/2024\\\/12\\\/26\\\/comment-leurope-et-le-reste-du-monde-vont-faire-face-au-protectionnisme-exacerbe-de-trump\\\/#article\",\"isPartOf\":{\"@id\":\"https:\\\/\\\/www.geopolitics.fr\\\/2024\\\/12\\\/26\\\/comment-leurope-et-le-reste-du-monde-vont-faire-face-au-protectionnisme-exacerbe-de-trump\\\/\"},\"author\":{\"name\":\"Julien Chevalier\",\"@id\":\"https:\\\/\\\/www.geopolitics.fr\\\/#\\\/schema\\\/person\\\/2ac411a663475b609692ca02b808329e\"},\"headline\":\"Comment l&rsquo;Europe et le reste du monde vont faire face au protectionnisme exacerb\u00e9 de Trump ?\",\"datePublished\":\"2024-12-26T14:36:34+00:00\",\"dateModified\":\"2024-12-26T14:36:37+00:00\",\"mainEntityOfPage\":{\"@id\":\"https:\\\/\\\/www.geopolitics.fr\\\/2024\\\/12\\\/26\\\/comment-leurope-et-le-reste-du-monde-vont-faire-face-au-protectionnisme-exacerbe-de-trump\\\/\"},\"wordCount\":1328,\"commentCount\":0,\"publisher\":{\"@id\":\"https:\\\/\\\/www.geopolitics.fr\\\/#organization\"},\"image\":{\"@id\":\"https:\\\/\\\/www.geopolitics.fr\\\/2024\\\/12\\\/26\\\/comment-leurope-et-le-reste-du-monde-vont-faire-face-au-protectionnisme-exacerbe-de-trump\\\/#primaryimage\"},\"thumbnailUrl\":\"https:\\\/\\\/www.geopolitics.fr\\\/wp-content\\\/uploads\\\/2024\\\/12\\\/protectionnisme.jpg\",\"keywords\":[\"PROTECTIONNISME\",\"TRUMP\"],\"articleSection\":[\"International\",\"Mis en AVANT\"],\"inLanguage\":\"en-GB\"},{\"@type\":\"WebPage\",\"@id\":\"https:\\\/\\\/www.geopolitics.fr\\\/2024\\\/12\\\/26\\\/comment-leurope-et-le-reste-du-monde-vont-faire-face-au-protectionnisme-exacerbe-de-trump\\\/\",\"url\":\"https:\\\/\\\/www.geopolitics.fr\\\/2024\\\/12\\\/26\\\/comment-leurope-et-le-reste-du-monde-vont-faire-face-au-protectionnisme-exacerbe-de-trump\\\/\",\"name\":\"Comment l'Europe et le reste du monde vont faire face au protectionnisme exacerb\u00e9 de Trump ? | Geopolitics.fr\",\"isPartOf\":{\"@id\":\"https:\\\/\\\/www.geopolitics.fr\\\/#website\"},\"primaryImageOfPage\":{\"@id\":\"https:\\\/\\\/www.geopolitics.fr\\\/2024\\\/12\\\/26\\\/comment-leurope-et-le-reste-du-monde-vont-faire-face-au-protectionnisme-exacerbe-de-trump\\\/#primaryimage\"},\"image\":{\"@id\":\"https:\\\/\\\/www.geopolitics.fr\\\/2024\\\/12\\\/26\\\/comment-leurope-et-le-reste-du-monde-vont-faire-face-au-protectionnisme-exacerbe-de-trump\\\/#primaryimage\"},\"thumbnailUrl\":\"https:\\\/\\\/www.geopolitics.fr\\\/wp-content\\\/uploads\\\/2024\\\/12\\\/protectionnisme.jpg\",\"datePublished\":\"2024-12-26T14:36:34+00:00\",\"dateModified\":\"2024-12-26T14:36:37+00:00\",\"description\":\"Le retour de Trump \u00e0 la Maison Blanche s'accompagnera d'une nouvelle pouss\u00e9e protectionniste. Quels enjeux pour la Chine et l'Europe ?\",\"breadcrumb\":{\"@id\":\"https:\\\/\\\/www.geopolitics.fr\\\/2024\\\/12\\\/26\\\/comment-leurope-et-le-reste-du-monde-vont-faire-face-au-protectionnisme-exacerbe-de-trump\\\/#breadcrumb\"},\"inLanguage\":\"en-GB\",\"potentialAction\":[{\"@type\":\"ReadAction\",\"target\":[\"https:\\\/\\\/www.geopolitics.fr\\\/2024\\\/12\\\/26\\\/comment-leurope-et-le-reste-du-monde-vont-faire-face-au-protectionnisme-exacerbe-de-trump\\\/\"]}]},{\"@type\":\"ImageObject\",\"inLanguage\":\"en-GB\",\"@id\":\"https:\\\/\\\/www.geopolitics.fr\\\/2024\\\/12\\\/26\\\/comment-leurope-et-le-reste-du-monde-vont-faire-face-au-protectionnisme-exacerbe-de-trump\\\/#primaryimage\",\"url\":\"https:\\\/\\\/www.geopolitics.fr\\\/wp-content\\\/uploads\\\/2024\\\/12\\\/protectionnisme.jpg\",\"contentUrl\":\"https:\\\/\\\/www.geopolitics.fr\\\/wp-content\\\/uploads\\\/2024\\\/12\\\/protectionnisme.jpg\",\"width\":616,\"height\":331},{\"@type\":\"BreadcrumbList\",\"@id\":\"https:\\\/\\\/www.geopolitics.fr\\\/2024\\\/12\\\/26\\\/comment-leurope-et-le-reste-du-monde-vont-faire-face-au-protectionnisme-exacerbe-de-trump\\\/#breadcrumb\",\"itemListElement\":[{\"@type\":\"ListItem\",\"position\":1,\"name\":\"Accueil\",\"item\":\"https:\\\/\\\/www.geopolitics.fr\\\/\"},{\"@type\":\"ListItem\",\"position\":2,\"name\":\"Comment l&#8217;Europe et le reste du monde vont faire face au protectionnisme exacerb\u00e9 de Trump ?\"}]},{\"@type\":\"WebSite\",\"@id\":\"https:\\\/\\\/www.geopolitics.fr\\\/#website\",\"url\":\"https:\\\/\\\/www.geopolitics.fr\\\/\",\"name\":\"Geopolitics.fr\",\"description\":\"Geopolitics.fr Analyse politique, relations internationales, d\u00e9fense - ligne \u00e9ditoriale gaullo-chiraquienne\",\"publisher\":{\"@id\":\"https:\\\/\\\/www.geopolitics.fr\\\/#organization\"},\"potentialAction\":[{\"@type\":\"SearchAction\",\"target\":{\"@type\":\"EntryPoint\",\"urlTemplate\":\"https:\\\/\\\/www.geopolitics.fr\\\/?s={search_term_string}\"},\"query-input\":{\"@type\":\"PropertyValueSpecification\",\"valueRequired\":true,\"valueName\":\"search_term_string\"}}],\"inLanguage\":\"en-GB\"},{\"@type\":\"Organization\",\"@id\":\"https:\\\/\\\/www.geopolitics.fr\\\/#organization\",\"name\":\"Geopolitics.fr\",\"url\":\"https:\\\/\\\/www.geopolitics.fr\\\/\",\"logo\":{\"@type\":\"ImageObject\",\"inLanguage\":\"en-GB\",\"@id\":\"https:\\\/\\\/www.geopolitics.fr\\\/#\\\/schema\\\/logo\\\/image\\\/\",\"url\":\"https:\\\/\\\/www.geopolitics.fr\\\/wp-content\\\/uploads\\\/2024\\\/01\\\/logo.jpg\",\"contentUrl\":\"https:\\\/\\\/www.geopolitics.fr\\\/wp-content\\\/uploads\\\/2024\\\/01\\\/logo.jpg\",\"width\":500,\"height\":500,\"caption\":\"Geopolitics.fr\"},\"image\":{\"@id\":\"https:\\\/\\\/www.geopolitics.fr\\\/#\\\/schema\\\/logo\\\/image\\\/\"},\"sameAs\":[\"https:\\\/\\\/www.facebook.com\\\/people\\\/Erwan-Davoux\\\/61557098968092\\\/\",\"https:\\\/\\\/x.com\\\/Geopolitics_Fr\"]},{\"@type\":\"Person\",\"@id\":\"https:\\\/\\\/www.geopolitics.fr\\\/#\\\/schema\\\/person\\\/2ac411a663475b609692ca02b808329e\",\"name\":\"Julien Chevalier\",\"image\":{\"@type\":\"ImageObject\",\"inLanguage\":\"en-GB\",\"@id\":\"https:\\\/\\\/www.geopolitics.fr\\\/wp-content\\\/uploads\\\/2024\\\/12\\\/Photo-Julien-Chevalier-96x96.jpg\",\"url\":\"https:\\\/\\\/www.geopolitics.fr\\\/wp-content\\\/uploads\\\/2024\\\/12\\\/Photo-Julien-Chevalier-96x96.jpg\",\"contentUrl\":\"https:\\\/\\\/www.geopolitics.fr\\\/wp-content\\\/uploads\\\/2024\\\/12\\\/Photo-Julien-Chevalier-96x96.jpg\",\"caption\":\"Julien Chevalier\"},\"description\":\"Journaliste ind\u00e9pendant et consultant. Dipl\u00f4m\u00e9 d\u2019un Master en Finance d\u2019entreprise, il finalisera en 2025 un Master en politique \u00e9conomique \u00e0 la London School of Economics (LSE). Sp\u00e9cialis\u00e9 en \u00e9conomie, finance et relations publiques, il a \u00e9crit pour diff\u00e9rents m\u00e9dias dont Les Echos et Le Monde. Il est \u00e9galement intervenu sur des cha\u00eenes t\u00e9l\u00e9vis\u00e9es, notamment TV5 Monde, et a men\u00e9 des interviews avec des figures majeures comme Jacques de Larosi\u00e8re, Yanis Varoufakis et Jean-Claude Trichet. Ancien conseiller parlementaire au S\u00e9nat (Comission des finances), il a aussi \u00e9t\u00e9 r\u00e9dacteur en chef pour une \u00e9mission diffus\u00e9e sur LCP-Assembl\u00e9e nationale.\",\"url\":\"https:\\\/\\\/www.geopolitics.fr\\\/en\\\/author\\\/chevalier\\\/\"}]}<\/script>\n<!-- \/ Yoast SEO Premium plugin. -->","yoast_head_json":{"title":"Comment l'Europe et le reste du monde vont faire face au protectionnisme exacerb\u00e9 de Trump ? | Geopolitics.fr","description":"Le retour de Trump \u00e0 la Maison Blanche s'accompagnera d'une nouvelle pouss\u00e9e protectionniste. Quels enjeux pour la Chine et l'Europe ?","robots":{"index":"index","follow":"follow","max-snippet":"max-snippet:-1","max-image-preview":"max-image-preview:large","max-video-preview":"max-video-preview:-1"},"canonical":"https:\/\/www.geopolitics.fr\/en\/2024\/12\/26\/comment-leurope-et-le-reste-du-monde-vont-faire-face-au-protectionnisme-exacerbe-de-trump\/","og_locale":"en_GB","og_type":"article","og_title":"Comment l'Europe et le reste du monde vont faire face au protectionnisme exacerb\u00e9 de Trump ?","og_description":"Le retour de Trump \u00e0 la Maison Blanche s'accompagnera d'une nouvelle pouss\u00e9e protectionniste. Quels enjeux pour la Chine et l'Europe ?","og_url":"https:\/\/www.geopolitics.fr\/en\/2024\/12\/26\/comment-leurope-et-le-reste-du-monde-vont-faire-face-au-protectionnisme-exacerbe-de-trump\/","og_site_name":"Geopolitics.fr","article_publisher":"https:\/\/www.facebook.com\/people\/Erwan-Davoux\/61557098968092\/","article_published_time":"2024-12-26T14:36:34+00:00","article_modified_time":"2024-12-26T14:36:37+00:00","og_image":[{"width":616,"height":331,"url":"https:\/\/www.geopolitics.fr\/wp-content\/uploads\/2024\/12\/protectionnisme.jpg","type":"image\/jpeg"}],"author":"Julien Chevalier","twitter_card":"summary_large_image","twitter_creator":"@Geopolitics_Fr","twitter_site":"@Geopolitics_Fr","twitter_misc":{"Written by":"Julien Chevalier","Estimated reading time":"6 minutes"},"schema":{"@context":"https:\/\/schema.org","@graph":[{"@type":"Article","@id":"https:\/\/www.geopolitics.fr\/2024\/12\/26\/comment-leurope-et-le-reste-du-monde-vont-faire-face-au-protectionnisme-exacerbe-de-trump\/#article","isPartOf":{"@id":"https:\/\/www.geopolitics.fr\/2024\/12\/26\/comment-leurope-et-le-reste-du-monde-vont-faire-face-au-protectionnisme-exacerbe-de-trump\/"},"author":{"name":"Julien Chevalier","@id":"https:\/\/www.geopolitics.fr\/#\/schema\/person\/2ac411a663475b609692ca02b808329e"},"headline":"Comment l&rsquo;Europe et le reste du monde vont faire face au protectionnisme exacerb\u00e9 de Trump ?","datePublished":"2024-12-26T14:36:34+00:00","dateModified":"2024-12-26T14:36:37+00:00","mainEntityOfPage":{"@id":"https:\/\/www.geopolitics.fr\/2024\/12\/26\/comment-leurope-et-le-reste-du-monde-vont-faire-face-au-protectionnisme-exacerbe-de-trump\/"},"wordCount":1328,"commentCount":0,"publisher":{"@id":"https:\/\/www.geopolitics.fr\/#organization"},"image":{"@id":"https:\/\/www.geopolitics.fr\/2024\/12\/26\/comment-leurope-et-le-reste-du-monde-vont-faire-face-au-protectionnisme-exacerbe-de-trump\/#primaryimage"},"thumbnailUrl":"https:\/\/www.geopolitics.fr\/wp-content\/uploads\/2024\/12\/protectionnisme.jpg","keywords":["PROTECTIONNISME","TRUMP"],"articleSection":["International","Mis en AVANT"],"inLanguage":"en-GB"},{"@type":"WebPage","@id":"https:\/\/www.geopolitics.fr\/2024\/12\/26\/comment-leurope-et-le-reste-du-monde-vont-faire-face-au-protectionnisme-exacerbe-de-trump\/","url":"https:\/\/www.geopolitics.fr\/2024\/12\/26\/comment-leurope-et-le-reste-du-monde-vont-faire-face-au-protectionnisme-exacerbe-de-trump\/","name":"Comment l'Europe et le reste du monde vont faire face au protectionnisme exacerb\u00e9 de Trump ? | Geopolitics.fr","isPartOf":{"@id":"https:\/\/www.geopolitics.fr\/#website"},"primaryImageOfPage":{"@id":"https:\/\/www.geopolitics.fr\/2024\/12\/26\/comment-leurope-et-le-reste-du-monde-vont-faire-face-au-protectionnisme-exacerbe-de-trump\/#primaryimage"},"image":{"@id":"https:\/\/www.geopolitics.fr\/2024\/12\/26\/comment-leurope-et-le-reste-du-monde-vont-faire-face-au-protectionnisme-exacerbe-de-trump\/#primaryimage"},"thumbnailUrl":"https:\/\/www.geopolitics.fr\/wp-content\/uploads\/2024\/12\/protectionnisme.jpg","datePublished":"2024-12-26T14:36:34+00:00","dateModified":"2024-12-26T14:36:37+00:00","description":"Le retour de Trump \u00e0 la Maison Blanche s'accompagnera d'une nouvelle pouss\u00e9e protectionniste. Quels enjeux pour la Chine et l'Europe ?","breadcrumb":{"@id":"https:\/\/www.geopolitics.fr\/2024\/12\/26\/comment-leurope-et-le-reste-du-monde-vont-faire-face-au-protectionnisme-exacerbe-de-trump\/#breadcrumb"},"inLanguage":"en-GB","potentialAction":[{"@type":"ReadAction","target":["https:\/\/www.geopolitics.fr\/2024\/12\/26\/comment-leurope-et-le-reste-du-monde-vont-faire-face-au-protectionnisme-exacerbe-de-trump\/"]}]},{"@type":"ImageObject","inLanguage":"en-GB","@id":"https:\/\/www.geopolitics.fr\/2024\/12\/26\/comment-leurope-et-le-reste-du-monde-vont-faire-face-au-protectionnisme-exacerbe-de-trump\/#primaryimage","url":"https:\/\/www.geopolitics.fr\/wp-content\/uploads\/2024\/12\/protectionnisme.jpg","contentUrl":"https:\/\/www.geopolitics.fr\/wp-content\/uploads\/2024\/12\/protectionnisme.jpg","width":616,"height":331},{"@type":"BreadcrumbList","@id":"https:\/\/www.geopolitics.fr\/2024\/12\/26\/comment-leurope-et-le-reste-du-monde-vont-faire-face-au-protectionnisme-exacerbe-de-trump\/#breadcrumb","itemListElement":[{"@type":"ListItem","position":1,"name":"Accueil","item":"https:\/\/www.geopolitics.fr\/"},{"@type":"ListItem","position":2,"name":"Comment l&#8217;Europe et le reste du monde vont faire face au protectionnisme exacerb\u00e9 de Trump ?"}]},{"@type":"WebSite","@id":"https:\/\/www.geopolitics.fr\/#website","url":"https:\/\/www.geopolitics.fr\/","name":"Geopolitics.fr","description":"Geopolitics.fr Analyse politique, relations internationales, d\u00e9fense - ligne \u00e9ditoriale gaullo-chiraquienne","publisher":{"@id":"https:\/\/www.geopolitics.fr\/#organization"},"potentialAction":[{"@type":"SearchAction","target":{"@type":"EntryPoint","urlTemplate":"https:\/\/www.geopolitics.fr\/?s={search_term_string}"},"query-input":{"@type":"PropertyValueSpecification","valueRequired":true,"valueName":"search_term_string"}}],"inLanguage":"en-GB"},{"@type":"Organization","@id":"https:\/\/www.geopolitics.fr\/#organization","name":"Geopolitics.fr","url":"https:\/\/www.geopolitics.fr\/","logo":{"@type":"ImageObject","inLanguage":"en-GB","@id":"https:\/\/www.geopolitics.fr\/#\/schema\/logo\/image\/","url":"https:\/\/www.geopolitics.fr\/wp-content\/uploads\/2024\/01\/logo.jpg","contentUrl":"https:\/\/www.geopolitics.fr\/wp-content\/uploads\/2024\/01\/logo.jpg","width":500,"height":500,"caption":"Geopolitics.fr"},"image":{"@id":"https:\/\/www.geopolitics.fr\/#\/schema\/logo\/image\/"},"sameAs":["https:\/\/www.facebook.com\/people\/Erwan-Davoux\/61557098968092\/","https:\/\/x.com\/Geopolitics_Fr"]},{"@type":"Person","@id":"https:\/\/www.geopolitics.fr\/#\/schema\/person\/2ac411a663475b609692ca02b808329e","name":"Julien Chevalier","image":{"@type":"ImageObject","inLanguage":"en-GB","@id":"https:\/\/www.geopolitics.fr\/wp-content\/uploads\/2024\/12\/Photo-Julien-Chevalier-96x96.jpg","url":"https:\/\/www.geopolitics.fr\/wp-content\/uploads\/2024\/12\/Photo-Julien-Chevalier-96x96.jpg","contentUrl":"https:\/\/www.geopolitics.fr\/wp-content\/uploads\/2024\/12\/Photo-Julien-Chevalier-96x96.jpg","caption":"Julien Chevalier"},"description":"Journaliste ind\u00e9pendant et consultant. Dipl\u00f4m\u00e9 d\u2019un Master en Finance d\u2019entreprise, il finalisera en 2025 un Master en politique \u00e9conomique \u00e0 la London School of Economics (LSE). Sp\u00e9cialis\u00e9 en \u00e9conomie, finance et relations publiques, il a \u00e9crit pour diff\u00e9rents m\u00e9dias dont Les Echos et Le Monde. Il est \u00e9galement intervenu sur des cha\u00eenes t\u00e9l\u00e9vis\u00e9es, notamment TV5 Monde, et a men\u00e9 des interviews avec des figures majeures comme Jacques de Larosi\u00e8re, Yanis Varoufakis et Jean-Claude Trichet. Ancien conseiller parlementaire au S\u00e9nat (Comission des finances), il a aussi \u00e9t\u00e9 r\u00e9dacteur en chef pour une \u00e9mission diffus\u00e9e sur LCP-Assembl\u00e9e nationale.","url":"https:\/\/www.geopolitics.fr\/en\/author\/chevalier\/"}]}},"_links":{"self":[{"href":"https:\/\/www.geopolitics.fr\/en\/wp-json\/wp\/v2\/posts\/3284","targetHints":{"allow":["GET"]}}],"collection":[{"href":"https:\/\/www.geopolitics.fr\/en\/wp-json\/wp\/v2\/posts"}],"about":[{"href":"https:\/\/www.geopolitics.fr\/en\/wp-json\/wp\/v2\/types\/post"}],"author":[{"embeddable":true,"href":"https:\/\/www.geopolitics.fr\/en\/wp-json\/wp\/v2\/users\/104"}],"replies":[{"embeddable":true,"href":"https:\/\/www.geopolitics.fr\/en\/wp-json\/wp\/v2\/comments?post=3284"}],"version-history":[{"count":0,"href":"https:\/\/www.geopolitics.fr\/en\/wp-json\/wp\/v2\/posts\/3284\/revisions"}],"wp:featuredmedia":[{"embeddable":true,"href":"https:\/\/www.geopolitics.fr\/en\/wp-json\/wp\/v2\/media\/3285"}],"wp:attachment":[{"href":"https:\/\/www.geopolitics.fr\/en\/wp-json\/wp\/v2\/media?parent=3284"}],"wp:term":[{"taxonomy":"category","embeddable":true,"href":"https:\/\/www.geopolitics.fr\/en\/wp-json\/wp\/v2\/categories?post=3284"},{"taxonomy":"post_tag","embeddable":true,"href":"https:\/\/www.geopolitics.fr\/en\/wp-json\/wp\/v2\/tags?post=3284"}],"curies":[{"name":"wp","href":"https:\/\/api.w.org\/{rel}","templated":true}]}}