{"id":3276,"date":"2024-12-23T18:32:16","date_gmt":"2024-12-23T17:32:16","guid":{"rendered":"https:\/\/www.geopolitics.fr\/?p=3276"},"modified":"2024-12-23T18:32:18","modified_gmt":"2024-12-23T17:32:18","slug":"journee-de-deuil-national-quelle-signification-exacte","status":"publish","type":"post","link":"https:\/\/www.geopolitics.fr\/en\/2024\/12\/23\/journee-de-deuil-national-quelle-signification-exacte\/","title":{"rendered":"Journ\u00e9e de deuil national, quelle signification exacte ?"},"content":{"rendered":"<p class=\"has-medium-font-size wp-block-paragraph\"><em>Ce lundi 23 d\u00e9cembre marque une nouvelle journ\u00e9e de deuil national en France. Probablement la derni\u00e8re de l\u2019ann\u00e9e. Est-ce une exemption fran\u00e7aise&nbsp;? Pas vraiment. Explications&nbsp;: un deuil national est un ou plusieurs jours dont le ou les dirigeants d&rsquo;un pays d\u00e9cide officiellement, que durant les activit\u00e9s de la vie courante, la population et l\u2019opinion publique sera marqu\u00e9e par le deuil et la m\u00e9moire d&rsquo;une ou plusieurs victimes. Cela concerne g\u00e9n\u00e9ralement des personnalit\u00e9s, des personnes ayant accompli des actes reconnus comme h\u00e9ro\u00efques, les victimes d&rsquo;un acte de barbarie ou d&rsquo;une catastrophe naturelle par exemple.<\/em><\/p>\n\n\n\n<p class=\"has-medium-font-size wp-block-paragraph\">M\u00eame si selon les pays, la fr\u00e9quence et la d\u00e9cision de ce type de journ\u00e9e particuli\u00e8re est disparate, ces comm\u00e9morations rev\u00eatent quasiment toutes les m\u00eames attributs&nbsp;: drapeaux en berne des b\u00e2timents officiels, minutes de silence, arr\u00eat de certaines activit\u00e9s politiques, etc. Parfois, ces journ\u00e9es peuvent \u00eatre accompagn\u00e9es d&rsquo;obs\u00e8ques nationales, notamment lorsqu&rsquo;il s&rsquo;agit du d\u00e9c\u00e8s de personnes h\u00e9ro\u00efques ou de personnalit\u00e9s ayant exerc\u00e9 un r\u00f4le moral, politique ou social important dans le pays.<\/p>\n\n\n\n<p class=\"has-medium-font-size wp-block-paragraph\">Parfois le deuil national initial d\u2019un \u00e9v\u00e9nement majeur est \u00e0 l&rsquo;origine de comm\u00e9morations r\u00e9guli\u00e8res \u00e0 chaque date anniversaire de la mort ou des obs\u00e8ques des victimes, ou bien encore de l&rsquo;\u00e9v\u00e9nement ayant marqu\u00e9 la nation.<\/p>\n\n\n\n<h2 class=\"wp-block-heading\" id=\"h-l-exercice-en-france-les-conditions-et-quelques-dates-marquantes\"><strong>L\u2019exercice en France, les conditions et quelques dates marquantes<\/strong><\/h2>\n\n\n\n<p class=\"has-medium-font-size wp-block-paragraph\">En France g\u00e9n\u00e9ralement, le deuil national marque l&rsquo;hommage de la Nation aux victimes d&rsquo;un \u00e9v\u00e9nement marquant tel qu\u2019une catastrophe naturelle ou bien lors d\u2019attentats terroristes, ou plus rarement la mort d&rsquo;un pr\u00e9sident de la R\u00e9publique, que ce dernier soit en exercice ou plus.<\/p>\n\n\n\n<p class=\"has-medium-font-size wp-block-paragraph\">Cette journ\u00e9e nationale est d\u00e9clar\u00e9e par d\u00e9cret du pr\u00e9sident de la R\u00e9publique (NDLR&nbsp;: ou le pr\u00e9sident du S\u00e9nat qui assure l&rsquo;interim s\u2019il s\u2019agit du d\u00e9c\u00e8s du pr\u00e9sident en exercice), assorti de l\u2019avis du Premier ministre.<\/p>\n\n\n\n<p class=\"has-medium-font-size wp-block-paragraph\">Dans l\u2019hexagone, ce deuil national ne conna\u00eet pas de codification ou d\u2019un protocole \u00e9tabli. Ainsi, les actions mises en place peuvent vari\u00e9es, mais consistent g\u00e9n\u00e9ralement \u00e0 minima \u00e0 la mise en berne des drapeaux sur les \u00e9difices publics, s\u2019accompagnant en outre et souvent de minutes de silence, tant dans la sph\u00e8re publique que priv\u00e9e. Jusqu&rsquo;alors limit\u00e9 \u00e0 24 heures, le fait de d\u00e9cr\u00e9ter plusieurs jours de deuil national f\u00fbt introduite par l\u2019ex-pr\u00e9sident Fran\u00e7ois Hollande en 2015.<\/p>\n\n\n\n<p class=\"has-medium-font-size wp-block-paragraph\">La France comme patrie particuli\u00e8rement sensible, est tr\u00e8s reconnaissante. Ce lundi 23 d\u00e9cembre 2024, marquera le pas moins de 15<sup>\u00e8me<\/sup> d\u00e9cret pr\u00e9sidentiel fixant une journ\u00e9e de deuil national. Les principales dates \u00e0 retenir sont notamment&nbsp;:<\/p>\n\n\n\n<ul class=\"wp-block-list\">\n<li class=\"has-medium-font-size\">dimanche 9 mars 1930, apr\u00e8s les inondations mortelles dans le Sud de la France<\/li>\n\n\n\n<li class=\"has-medium-font-size\">samedi 7 mars 1942, jour des obs\u00e8ques des victimes du bombardement alli\u00e9 de nuit le 3 mars sur l&rsquo;ouest de Paris et sa banlieue, ce dernier ayant fait 623 victimes civiles<\/li>\n\n\n\n<li class=\"has-medium-font-size\">mercredi 7 avril 1943, jour des obs\u00e8ques des victimes du bombardement alli\u00e9 de jour le 4 avril sur l&rsquo;ouest de Paris et sa banlieue faisant 380 victimes civiles. Une grande c\u00e9r\u00e9monie de propagande de l\u2019\u00c9tat Fran\u00e7ais se d\u00e9roulera place de la Concorde<\/li>\n\n\n\n<li class=\"has-medium-font-size\">mercredi 24 ao\u00fbt 1949, en suite du grand incendie de la for\u00eat landaise causant la mort de 82 personnes et br\u00fbl\u00e9 52 000 hectares<\/li>\n\n\n\n<li class=\"has-medium-font-size\">jeudi 12 novembre 1970, apr\u00e8s la mort de l&rsquo;ancien pr\u00e9sident de la R\u00e9publique, Charles de Gaulle, le 9 novembre<\/li>\n\n\n\n<li class=\"has-medium-font-size\">samedi 6 avril 1974, apr\u00e8s la mort de Georges Pompidou, pr\u00e9sident de la R\u00e9publique en exercice, le 2 avril<\/li>\n\n\n\n<li class=\"has-medium-font-size\">jeudi 11 janvier 1996, apr\u00e8s la mort de l&rsquo;ancien pr\u00e9sident de la R\u00e9publique, Fran\u00e7ois Mitterrand, le 8 janvier<\/li>\n\n\n\n<li class=\"has-medium-font-size\">vendredi 14 septembre 2001, en suite des attentats du 11 septembre aux \u00c9tats-Unis<\/li>\n\n\n\n<li class=\"has-medium-font-size\">jeudi 8 janvier 2015, en suite des attaques \u00e0 l\u2019encontre Charlie Hebdo du 7 janvier<\/li>\n\n\n\n<li class=\"has-medium-font-size\">dimanche 15, lundi 16 et mardi 17 novembre 2015, apr\u00e8s les attentats terroristes du 13 novembre<\/li>\n\n\n\n<li class=\"has-medium-font-size\">samedi 16, dimanche 17 et lundi 18 juillet 2016, apr\u00e8s l&rsquo;attentat du 14 juillet \u00e0 Nice<\/li>\n\n\n\n<li class=\"has-medium-font-size\">lundi 30 septembre 2019, en suite du d\u00e9c\u00e8s de l&rsquo;ancien pr\u00e9sident de la R\u00e9publique, Jacques Chirac, le 26 septembre<\/li>\n\n\n\n<li class=\"has-medium-font-size\">mercredi 9 d\u00e9cembre 2020, en suite du d\u00e9c\u00e8s de l&rsquo;ancien pr\u00e9sident de la R\u00e9publique, Val\u00e9ry Giscard d&rsquo;Estaing, le 2 d\u00e9cembre<\/li>\n<\/ul>\n\n\n\n<p class=\"has-medium-font-size wp-block-paragraph\"><strong>Ce lundi 23 d\u00e9cembre 2024 marquera probablement la derni\u00e8re journ\u00e9e de deuil national de l\u2019ann\u00e9e, en hommage aux victimes du cyclone Chido \u00e0 Mayotte les 13 et 14 d\u00e9cembre.<\/strong><\/p>\n\n\n\n<h2 class=\"wp-block-heading\" id=\"h-une-signification-quasi-universelle-bien-qu-un-usage-different\"><strong>Une signification quasi universelle, bien qu\u2019un usage diff\u00e9rent<\/strong><\/h2>\n\n\n\n<p class=\"has-medium-font-size wp-block-paragraph\">Si la France est l\u2019un des pays europ\u00e9ens faisant le plus usage de cette journ\u00e9e de reconnaissance, les pays du Sud, ne sont pas en reste de ces comm\u00e9morations. Bien s\u00fbr, les raisons peuvent en \u00eatre diff\u00e9rentes \u00e9galement. Ainsi \u00e0 titre d\u2019exemple&nbsp;:<\/p>\n\n\n\n<p class=\"has-medium-font-size wp-block-paragraph\">Au Br\u00e9sil&nbsp;:<\/p>\n\n\n\n<p class=\"has-medium-font-size wp-block-paragraph\">1994 : trois jours \u00e0 la suite du d\u00e9c\u00e8s d&rsquo;Ayrton Senna durant le Grand Prix de Saint-Marin<\/p>\n\n\n\n<p class=\"has-medium-font-size wp-block-paragraph\">2005 : sept jours \u00e0 la suite de la mort du pape Jean-Paul II<\/p>\n\n\n\n<p class=\"has-medium-font-size wp-block-paragraph\">2009 : trois jours en hommage aux victimes de la \u00ab disparition \u00bb de l&rsquo;avion du vol Air France 447<\/p>\n\n\n\n<p class=\"has-medium-font-size wp-block-paragraph\">2010 : trois jours de deuil national furent d\u00e9cr\u00e9t\u00e9s \u00e0 la suite de la mort de N\u00e9stor Kirchner<\/p>\n\n\n\n<p class=\"has-medium-font-size wp-block-paragraph\">2013 : trois jours de deuil national furent d\u00e9cr\u00e9t\u00e9s \u00e0 la suite de la mort de Hugo Ch\u00e1vez<\/p>\n\n\n\n<p class=\"has-medium-font-size wp-block-paragraph\">2013 : une semaine de deuil national furent d\u00e9cr\u00e9t\u00e9s \u00e0 la suite de la mort de Nelson Mandela<\/p>\n\n\n\n<p class=\"has-medium-font-size wp-block-paragraph\">2014 : trois jours en hommage aux victime de l&rsquo;accident de l&rsquo;avion d&rsquo;Eduardo Campos<\/p>\n\n\n\n<p class=\"has-medium-font-size wp-block-paragraph\">2016 : trois jours en hommage aux victimes de l&rsquo;accident du vol LaMia 2933<\/p>\n\n\n\n<p class=\"has-medium-font-size wp-block-paragraph\">2022 : un jour de deuil national \u00e0 la suite du d\u00e9c\u00e8s du prince Luiz de Orleans e Bragan\u00e7a<\/p>\n\n\n\n<p class=\"has-medium-font-size wp-block-paragraph\">2022 : trois jours \u00e0 la suite du d\u00e9c\u00e8s de la reine \u00c9lisabeth II du Royaume-Uni<\/p>\n\n\n\n<p class=\"has-medium-font-size wp-block-paragraph\">2022 : trois jours \u00e0 la suite de la mort du footballeur Pel\u00e9<\/p>\n\n\n\n<p class=\"has-medium-font-size wp-block-paragraph\">En Argentine&nbsp;:<\/p>\n\n\n\n<p class=\"has-medium-font-size wp-block-paragraph\">1974 : trois jours de deuil national furent d\u00e9cr\u00e9t\u00e9s \u00e0 la suite de la mort de Juan Per\u00f3n<\/p>\n\n\n\n<p class=\"has-medium-font-size wp-block-paragraph\">2005 : trois jours de deuil national ont \u00e9t\u00e9 annonc\u00e9s apr\u00e8s la mort du pape Jean-Paul II<\/p>\n\n\n\n<p class=\"has-medium-font-size wp-block-paragraph\">2010 : trois jours de deuil national furent d\u00e9cr\u00e9t\u00e9s \u00e0 la suite de la mort de N\u00e9stor Kirchner<\/p>\n\n\n\n<p class=\"has-medium-font-size wp-block-paragraph\">2013 : trois jours de deuil national furent d\u00e9cr\u00e9t\u00e9s \u00e0 la suite de la mort de Hugo Ch\u00e1vez<\/p>\n\n\n\n<p class=\"has-medium-font-size wp-block-paragraph\">2020 : trois jours de deuil national furent d\u00e9cr\u00e9t\u00e9s \u00e0 la suite de la mort de Diego Maradona.<\/p>\n\n\n\n<p class=\"has-medium-font-size wp-block-paragraph\">En \u00c9gypte&nbsp;:<\/p>\n\n\n\n<p class=\"has-medium-font-size wp-block-paragraph\">1970 : le 29 septembre quarante jours de deuil national furent d\u00e9cr\u00e9t\u00e9s \u00e0 la suite de la mort du Pr\u00e9sident de la r\u00e9publique arabe d&rsquo;\u00c9gypte Gamal Abdel Nasser<\/p>\n\n\n\n<p class=\"has-medium-font-size wp-block-paragraph\">1981 : le 7 octobre, quarante jours de deuil ont \u00e9t\u00e9 annonc\u00e9s pour le meurtre du pr\u00e9sident \u00c9gyptien Anouar el-Sadate<\/p>\n\n\n\n<p class=\"has-medium-font-size wp-block-paragraph\">2004 : trois jours apr\u00e8s la mort du pr\u00e9sident de l&rsquo;\u00c9tat de Palestine Yasser Arafat<\/p>\n\n\n\n<p class=\"has-medium-font-size wp-block-paragraph\">2005 : trois jours de deuil national ont \u00e9t\u00e9 annonc\u00e9s apr\u00e8s la mort du pape Jean-Paul II<\/p>\n\n\n\n<p class=\"has-medium-font-size wp-block-paragraph\">2013 : trois jours de deuil national furent d\u00e9cr\u00e9t\u00e9s \u00e0 la suite de la mort de Nelson Mandela<\/p>\n\n\n\n<p class=\"has-medium-font-size wp-block-paragraph\">2016 : trois jours apr\u00e8s l&rsquo;attentat de l&rsquo;\u00e9glise Saint-Pierre-et-Saint-Paul du Caire<\/p>\n\n\n\n<p class=\"has-medium-font-size wp-block-paragraph\">2020 : trois jours de deuil national furent d\u00e9cr\u00e9t\u00e9s \u00e0 la suite de la mort de Hosni Moubarak<\/p>\n\n\n\n<p class=\"has-medium-font-size wp-block-paragraph\">Plus au Nord ou l\u2019Est europ\u00e9en&nbsp;:<\/p>\n\n\n\n<p class=\"has-medium-font-size wp-block-paragraph\">En Serbie&nbsp;:<\/p>\n\n\n\n<p class=\"has-medium-font-size wp-block-paragraph\">2024 : le 2 novembre \u00e0 la suite de l&rsquo;effondrement de l&rsquo;auvent de la gare de Novi Sad ayant fait quatorze morts la veille<\/p>\n\n\n\n<p class=\"has-medium-font-size wp-block-paragraph\">Au Canada&nbsp;:<\/p>\n\n\n\n<p class=\"has-medium-font-size wp-block-paragraph\">2022 : 19 septembre, jour du deuil national le jour des obs\u00e8ques de la reine \u00c9lisabeth II du Canada<\/p>\n\n\n\n<p class=\"has-medium-font-size wp-block-paragraph\">En Pologne&nbsp;:<\/p>\n\n\n\n<p class=\"has-medium-font-size wp-block-paragraph\">2005 : six jours de deuil national ont \u00e9t\u00e9 annonc\u00e9s apr\u00e8s la mort du pape Jean-Paul II<\/p>\n\n\n\n<p class=\"has-medium-font-size wp-block-paragraph\">2010 : une semaine de deuil national fut d\u00e9cr\u00e9t\u00e9e \u00e0 la suite du d\u00e9c\u00e8s du pr\u00e9sident Lech Kaczy\u0144ski dans l&rsquo;accident de son avion pr\u00e8s de Smolensk (Russie).<\/p>","protected":false},"excerpt":{"rendered":"<p>Ce lundi 23 d\u00e9cembre marque une nouvelle journ\u00e9e de deuil national en France. Probablement la derni\u00e8re de l\u2019ann\u00e9e. Est-ce une exemption fran\u00e7aise&nbsp;?&hellip;<\/p>","protected":false},"author":93,"featured_media":3277,"comment_status":"open","ping_status":"open","sticky":false,"template":"","format":"standard","meta":{"_lmt_disableupdate":"","_lmt_disable":"","footnotes":""},"categories":[41,4],"tags":[414,415],"class_list":["post-3276","post","type-post","status-publish","format-standard","has-post-thumbnail","hentry","category-actualite","category-mis-en-avant","tag-deuil-national","tag-mayotte"],"yoast_head":"<!-- This site is optimized with the Yoast SEO Premium plugin v28.1 (Yoast SEO v28.1) - https:\/\/yoast.com\/product\/yoast-seo-premium-wordpress\/ -->\n<title>Journ\u00e9e de deuil national, quelle signification exacte ? | Geopolitics.fr<\/title>\n<meta name=\"description\" content=\"Deuil national suite au cyclone Chido qui a d\u00e9vast\u00e9 Mayotte, quelle est la signification exacte de cette d\u00e9cision ?\" \/>\n<meta name=\"robots\" content=\"index, follow, max-snippet:-1, max-image-preview:large, max-video-preview:-1\" \/>\n<link rel=\"canonical\" href=\"https:\/\/www.geopolitics.fr\/en\/2024\/12\/23\/journee-de-deuil-national-quelle-signification-exacte\/\" \/>\n<meta property=\"og:locale\" content=\"en_GB\" \/>\n<meta property=\"og:type\" content=\"article\" \/>\n<meta property=\"og:title\" content=\"Journ\u00e9e de deuil national, quelle signification exacte ?\" \/>\n<meta property=\"og:description\" content=\"Deuil national suite au cyclone Chido qui a d\u00e9vast\u00e9 Mayotte, quelle est la signification exacte de cette d\u00e9cision ?\" \/>\n<meta property=\"og:url\" content=\"https:\/\/www.geopolitics.fr\/en\/2024\/12\/23\/journee-de-deuil-national-quelle-signification-exacte\/\" \/>\n<meta property=\"og:site_name\" content=\"Geopolitics.fr\" \/>\n<meta property=\"article:publisher\" content=\"https:\/\/www.facebook.com\/people\/Erwan-Davoux\/61557098968092\/\" \/>\n<meta property=\"article:author\" content=\"https:\/\/www.facebook.com\/odelagarde\" \/>\n<meta property=\"article:published_time\" content=\"2024-12-23T17:32:16+00:00\" \/>\n<meta property=\"article:modified_time\" content=\"2024-12-23T17:32:18+00:00\" \/>\n<meta property=\"og:image\" content=\"https:\/\/www.geopolitics.fr\/wp-content\/uploads\/2024\/12\/Journee-de-deuil-national.jpg\" \/>\n\t<meta property=\"og:image:width\" content=\"1000\" \/>\n\t<meta property=\"og:image:height\" content=\"640\" \/>\n\t<meta property=\"og:image:type\" content=\"image\/jpeg\" \/>\n<meta name=\"author\" content=\"Olivier DELAGARDE\" \/>\n<meta name=\"twitter:card\" content=\"summary_large_image\" \/>\n<meta name=\"twitter:creator\" content=\"@Geopolitics_Fr\" \/>\n<meta name=\"twitter:site\" content=\"@Geopolitics_Fr\" \/>\n<meta name=\"twitter:label1\" content=\"Written by\" \/>\n\t<meta name=\"twitter:data1\" content=\"Olivier DELAGARDE\" \/>\n\t<meta name=\"twitter:label2\" content=\"Estimated reading time\" \/>\n\t<meta name=\"twitter:data2\" content=\"7 minutes\" \/>\n<script type=\"application\/ld+json\" class=\"yoast-schema-graph\">{\"@context\":\"https:\\\/\\\/schema.org\",\"@graph\":[{\"@type\":\"Article\",\"@id\":\"https:\\\/\\\/www.geopolitics.fr\\\/2024\\\/12\\\/23\\\/journee-de-deuil-national-quelle-signification-exacte\\\/#article\",\"isPartOf\":{\"@id\":\"https:\\\/\\\/www.geopolitics.fr\\\/2024\\\/12\\\/23\\\/journee-de-deuil-national-quelle-signification-exacte\\\/\"},\"author\":{\"name\":\"Olivier DELAGARDE\",\"@id\":\"https:\\\/\\\/www.geopolitics.fr\\\/#\\\/schema\\\/person\\\/9b98d78234af63d6ad71199d66115350\"},\"headline\":\"Journ\u00e9e de deuil national, quelle signification exacte ?\",\"datePublished\":\"2024-12-23T17:32:16+00:00\",\"dateModified\":\"2024-12-23T17:32:18+00:00\",\"mainEntityOfPage\":{\"@id\":\"https:\\\/\\\/www.geopolitics.fr\\\/2024\\\/12\\\/23\\\/journee-de-deuil-national-quelle-signification-exacte\\\/\"},\"wordCount\":1360,\"commentCount\":0,\"publisher\":{\"@id\":\"https:\\\/\\\/www.geopolitics.fr\\\/#organization\"},\"image\":{\"@id\":\"https:\\\/\\\/www.geopolitics.fr\\\/2024\\\/12\\\/23\\\/journee-de-deuil-national-quelle-signification-exacte\\\/#primaryimage\"},\"thumbnailUrl\":\"https:\\\/\\\/www.geopolitics.fr\\\/wp-content\\\/uploads\\\/2024\\\/12\\\/Journee-de-deuil-national.jpg\",\"keywords\":[\"DEUIL NATIONAL\",\"MAYOTTE\"],\"articleSection\":[\"Actualit\u00e9\",\"Mis en AVANT\"],\"inLanguage\":\"en-GB\"},{\"@type\":\"WebPage\",\"@id\":\"https:\\\/\\\/www.geopolitics.fr\\\/2024\\\/12\\\/23\\\/journee-de-deuil-national-quelle-signification-exacte\\\/\",\"url\":\"https:\\\/\\\/www.geopolitics.fr\\\/2024\\\/12\\\/23\\\/journee-de-deuil-national-quelle-signification-exacte\\\/\",\"name\":\"Journ\u00e9e de deuil national, quelle signification exacte ? | Geopolitics.fr\",\"isPartOf\":{\"@id\":\"https:\\\/\\\/www.geopolitics.fr\\\/#website\"},\"primaryImageOfPage\":{\"@id\":\"https:\\\/\\\/www.geopolitics.fr\\\/2024\\\/12\\\/23\\\/journee-de-deuil-national-quelle-signification-exacte\\\/#primaryimage\"},\"image\":{\"@id\":\"https:\\\/\\\/www.geopolitics.fr\\\/2024\\\/12\\\/23\\\/journee-de-deuil-national-quelle-signification-exacte\\\/#primaryimage\"},\"thumbnailUrl\":\"https:\\\/\\\/www.geopolitics.fr\\\/wp-content\\\/uploads\\\/2024\\\/12\\\/Journee-de-deuil-national.jpg\",\"datePublished\":\"2024-12-23T17:32:16+00:00\",\"dateModified\":\"2024-12-23T17:32:18+00:00\",\"description\":\"Deuil national suite au cyclone Chido qui a d\u00e9vast\u00e9 Mayotte, quelle est la signification exacte de cette d\u00e9cision ?\",\"breadcrumb\":{\"@id\":\"https:\\\/\\\/www.geopolitics.fr\\\/2024\\\/12\\\/23\\\/journee-de-deuil-national-quelle-signification-exacte\\\/#breadcrumb\"},\"inLanguage\":\"en-GB\",\"potentialAction\":[{\"@type\":\"ReadAction\",\"target\":[\"https:\\\/\\\/www.geopolitics.fr\\\/2024\\\/12\\\/23\\\/journee-de-deuil-national-quelle-signification-exacte\\\/\"]}]},{\"@type\":\"ImageObject\",\"inLanguage\":\"en-GB\",\"@id\":\"https:\\\/\\\/www.geopolitics.fr\\\/2024\\\/12\\\/23\\\/journee-de-deuil-national-quelle-signification-exacte\\\/#primaryimage\",\"url\":\"https:\\\/\\\/www.geopolitics.fr\\\/wp-content\\\/uploads\\\/2024\\\/12\\\/Journee-de-deuil-national.jpg\",\"contentUrl\":\"https:\\\/\\\/www.geopolitics.fr\\\/wp-content\\\/uploads\\\/2024\\\/12\\\/Journee-de-deuil-national.jpg\",\"width\":1000,\"height\":640},{\"@type\":\"BreadcrumbList\",\"@id\":\"https:\\\/\\\/www.geopolitics.fr\\\/2024\\\/12\\\/23\\\/journee-de-deuil-national-quelle-signification-exacte\\\/#breadcrumb\",\"itemListElement\":[{\"@type\":\"ListItem\",\"position\":1,\"name\":\"Accueil\",\"item\":\"https:\\\/\\\/www.geopolitics.fr\\\/\"},{\"@type\":\"ListItem\",\"position\":2,\"name\":\"Journ\u00e9e de deuil national, quelle signification exacte ?\"}]},{\"@type\":\"WebSite\",\"@id\":\"https:\\\/\\\/www.geopolitics.fr\\\/#website\",\"url\":\"https:\\\/\\\/www.geopolitics.fr\\\/\",\"name\":\"Geopolitics.fr\",\"description\":\"Geopolitics.fr Analyse politique, relations internationales, d\u00e9fense - ligne \u00e9ditoriale gaullo-chiraquienne\",\"publisher\":{\"@id\":\"https:\\\/\\\/www.geopolitics.fr\\\/#organization\"},\"potentialAction\":[{\"@type\":\"SearchAction\",\"target\":{\"@type\":\"EntryPoint\",\"urlTemplate\":\"https:\\\/\\\/www.geopolitics.fr\\\/?s={search_term_string}\"},\"query-input\":{\"@type\":\"PropertyValueSpecification\",\"valueRequired\":true,\"valueName\":\"search_term_string\"}}],\"inLanguage\":\"en-GB\"},{\"@type\":\"Organization\",\"@id\":\"https:\\\/\\\/www.geopolitics.fr\\\/#organization\",\"name\":\"Geopolitics.fr\",\"url\":\"https:\\\/\\\/www.geopolitics.fr\\\/\",\"logo\":{\"@type\":\"ImageObject\",\"inLanguage\":\"en-GB\",\"@id\":\"https:\\\/\\\/www.geopolitics.fr\\\/#\\\/schema\\\/logo\\\/image\\\/\",\"url\":\"https:\\\/\\\/www.geopolitics.fr\\\/wp-content\\\/uploads\\\/2024\\\/01\\\/logo.jpg\",\"contentUrl\":\"https:\\\/\\\/www.geopolitics.fr\\\/wp-content\\\/uploads\\\/2024\\\/01\\\/logo.jpg\",\"width\":500,\"height\":500,\"caption\":\"Geopolitics.fr\"},\"image\":{\"@id\":\"https:\\\/\\\/www.geopolitics.fr\\\/#\\\/schema\\\/logo\\\/image\\\/\"},\"sameAs\":[\"https:\\\/\\\/www.facebook.com\\\/people\\\/Erwan-Davoux\\\/61557098968092\\\/\",\"https:\\\/\\\/x.com\\\/Geopolitics_Fr\"]},{\"@type\":\"Person\",\"@id\":\"https:\\\/\\\/www.geopolitics.fr\\\/#\\\/schema\\\/person\\\/9b98d78234af63d6ad71199d66115350\",\"name\":\"Olivier DELAGARDE\",\"image\":{\"@type\":\"ImageObject\",\"inLanguage\":\"en-GB\",\"@id\":\"https:\\\/\\\/secure.gravatar.com\\\/avatar\\\/2c50afbd303b51697d9591857ee182bf3ead572fa530da00bb0278cf506c3a97?s=96&d=mm&r=g\",\"url\":\"https:\\\/\\\/secure.gravatar.com\\\/avatar\\\/2c50afbd303b51697d9591857ee182bf3ead572fa530da00bb0278cf506c3a97?s=96&d=mm&r=g\",\"contentUrl\":\"https:\\\/\\\/secure.gravatar.com\\\/avatar\\\/2c50afbd303b51697d9591857ee182bf3ead572fa530da00bb0278cf506c3a97?s=96&d=mm&r=g\",\"caption\":\"Olivier DELAGARDE\"},\"description\":\"Journaliste depuis plus de 20 ans, accr\u00e9dit\u00e9 aupr\u00e8s de l'Organisation des Nations Unies, de la Ligue des Etats Arabes, titulaire de la Carte d'Identit\u00e9 des Journalistes Professionnels en France et de la F\u00e9d\u00e9ration Internationale des Journalistes, Olivier a occup\u00e9 le poste de Grand reporter correspondant permanent en \u00c9gypte pour des m\u00e9dias de renomm\u00e9e mondiale tels que TV5 MONDE, le GROUPE M6, le GROUPE TF1 ou encore l\u2019AFP. Durant plus de dix ann\u00e9es, il a produit de nombreux reportages sur la politique internationale en Afrique de l'Est, tout en couvrant les principaux conflits au Proche et Moyen-Orient. En tant que Chef de bureau Proche-Orient pour TV5 MONDE, il \u00e9tait responsable de la production de reportages, des relations institutionnelles et de la repr\u00e9sentation de la cha\u00eene, tout en \u00e9crivant pour plusieurs m\u00e9dias europ\u00e9ens et internationaux.\",\"sameAs\":[\"https:\\\/\\\/www.facebook.com\\\/odelagarde\",\"https:\\\/\\\/www.linkedin.com\\\/in\\\/olivier-delagarde-816b17270\\\/\"],\"url\":\"https:\\\/\\\/www.geopolitics.fr\\\/en\\\/author\\\/odelagarde\\\/\"}]}<\/script>\n<!-- \/ Yoast SEO Premium plugin. -->","yoast_head_json":{"title":"Journ\u00e9e de deuil national, quelle signification exacte ? | Geopolitics.fr","description":"Deuil national suite au cyclone Chido qui a d\u00e9vast\u00e9 Mayotte, quelle est la signification exacte de cette d\u00e9cision ?","robots":{"index":"index","follow":"follow","max-snippet":"max-snippet:-1","max-image-preview":"max-image-preview:large","max-video-preview":"max-video-preview:-1"},"canonical":"https:\/\/www.geopolitics.fr\/en\/2024\/12\/23\/journee-de-deuil-national-quelle-signification-exacte\/","og_locale":"en_GB","og_type":"article","og_title":"Journ\u00e9e de deuil national, quelle signification exacte ?","og_description":"Deuil national suite au cyclone Chido qui a d\u00e9vast\u00e9 Mayotte, quelle est la signification exacte de cette d\u00e9cision ?","og_url":"https:\/\/www.geopolitics.fr\/en\/2024\/12\/23\/journee-de-deuil-national-quelle-signification-exacte\/","og_site_name":"Geopolitics.fr","article_publisher":"https:\/\/www.facebook.com\/people\/Erwan-Davoux\/61557098968092\/","article_author":"https:\/\/www.facebook.com\/odelagarde","article_published_time":"2024-12-23T17:32:16+00:00","article_modified_time":"2024-12-23T17:32:18+00:00","og_image":[{"width":1000,"height":640,"url":"https:\/\/www.geopolitics.fr\/wp-content\/uploads\/2024\/12\/Journee-de-deuil-national.jpg","type":"image\/jpeg"}],"author":"Olivier DELAGARDE","twitter_card":"summary_large_image","twitter_creator":"@Geopolitics_Fr","twitter_site":"@Geopolitics_Fr","twitter_misc":{"Written by":"Olivier DELAGARDE","Estimated reading time":"7 minutes"},"schema":{"@context":"https:\/\/schema.org","@graph":[{"@type":"Article","@id":"https:\/\/www.geopolitics.fr\/2024\/12\/23\/journee-de-deuil-national-quelle-signification-exacte\/#article","isPartOf":{"@id":"https:\/\/www.geopolitics.fr\/2024\/12\/23\/journee-de-deuil-national-quelle-signification-exacte\/"},"author":{"name":"Olivier DELAGARDE","@id":"https:\/\/www.geopolitics.fr\/#\/schema\/person\/9b98d78234af63d6ad71199d66115350"},"headline":"Journ\u00e9e de deuil national, quelle signification exacte ?","datePublished":"2024-12-23T17:32:16+00:00","dateModified":"2024-12-23T17:32:18+00:00","mainEntityOfPage":{"@id":"https:\/\/www.geopolitics.fr\/2024\/12\/23\/journee-de-deuil-national-quelle-signification-exacte\/"},"wordCount":1360,"commentCount":0,"publisher":{"@id":"https:\/\/www.geopolitics.fr\/#organization"},"image":{"@id":"https:\/\/www.geopolitics.fr\/2024\/12\/23\/journee-de-deuil-national-quelle-signification-exacte\/#primaryimage"},"thumbnailUrl":"https:\/\/www.geopolitics.fr\/wp-content\/uploads\/2024\/12\/Journee-de-deuil-national.jpg","keywords":["DEUIL NATIONAL","MAYOTTE"],"articleSection":["Actualit\u00e9","Mis en AVANT"],"inLanguage":"en-GB"},{"@type":"WebPage","@id":"https:\/\/www.geopolitics.fr\/2024\/12\/23\/journee-de-deuil-national-quelle-signification-exacte\/","url":"https:\/\/www.geopolitics.fr\/2024\/12\/23\/journee-de-deuil-national-quelle-signification-exacte\/","name":"Journ\u00e9e de deuil national, quelle signification exacte ? | Geopolitics.fr","isPartOf":{"@id":"https:\/\/www.geopolitics.fr\/#website"},"primaryImageOfPage":{"@id":"https:\/\/www.geopolitics.fr\/2024\/12\/23\/journee-de-deuil-national-quelle-signification-exacte\/#primaryimage"},"image":{"@id":"https:\/\/www.geopolitics.fr\/2024\/12\/23\/journee-de-deuil-national-quelle-signification-exacte\/#primaryimage"},"thumbnailUrl":"https:\/\/www.geopolitics.fr\/wp-content\/uploads\/2024\/12\/Journee-de-deuil-national.jpg","datePublished":"2024-12-23T17:32:16+00:00","dateModified":"2024-12-23T17:32:18+00:00","description":"Deuil national suite au cyclone Chido qui a d\u00e9vast\u00e9 Mayotte, quelle est la signification exacte de cette d\u00e9cision ?","breadcrumb":{"@id":"https:\/\/www.geopolitics.fr\/2024\/12\/23\/journee-de-deuil-national-quelle-signification-exacte\/#breadcrumb"},"inLanguage":"en-GB","potentialAction":[{"@type":"ReadAction","target":["https:\/\/www.geopolitics.fr\/2024\/12\/23\/journee-de-deuil-national-quelle-signification-exacte\/"]}]},{"@type":"ImageObject","inLanguage":"en-GB","@id":"https:\/\/www.geopolitics.fr\/2024\/12\/23\/journee-de-deuil-national-quelle-signification-exacte\/#primaryimage","url":"https:\/\/www.geopolitics.fr\/wp-content\/uploads\/2024\/12\/Journee-de-deuil-national.jpg","contentUrl":"https:\/\/www.geopolitics.fr\/wp-content\/uploads\/2024\/12\/Journee-de-deuil-national.jpg","width":1000,"height":640},{"@type":"BreadcrumbList","@id":"https:\/\/www.geopolitics.fr\/2024\/12\/23\/journee-de-deuil-national-quelle-signification-exacte\/#breadcrumb","itemListElement":[{"@type":"ListItem","position":1,"name":"Accueil","item":"https:\/\/www.geopolitics.fr\/"},{"@type":"ListItem","position":2,"name":"Journ\u00e9e de deuil national, quelle signification exacte ?"}]},{"@type":"WebSite","@id":"https:\/\/www.geopolitics.fr\/#website","url":"https:\/\/www.geopolitics.fr\/","name":"Geopolitics.fr","description":"Geopolitics.fr Analyse politique, relations internationales, d\u00e9fense - ligne \u00e9ditoriale gaullo-chiraquienne","publisher":{"@id":"https:\/\/www.geopolitics.fr\/#organization"},"potentialAction":[{"@type":"SearchAction","target":{"@type":"EntryPoint","urlTemplate":"https:\/\/www.geopolitics.fr\/?s={search_term_string}"},"query-input":{"@type":"PropertyValueSpecification","valueRequired":true,"valueName":"search_term_string"}}],"inLanguage":"en-GB"},{"@type":"Organization","@id":"https:\/\/www.geopolitics.fr\/#organization","name":"Geopolitics.fr","url":"https:\/\/www.geopolitics.fr\/","logo":{"@type":"ImageObject","inLanguage":"en-GB","@id":"https:\/\/www.geopolitics.fr\/#\/schema\/logo\/image\/","url":"https:\/\/www.geopolitics.fr\/wp-content\/uploads\/2024\/01\/logo.jpg","contentUrl":"https:\/\/www.geopolitics.fr\/wp-content\/uploads\/2024\/01\/logo.jpg","width":500,"height":500,"caption":"Geopolitics.fr"},"image":{"@id":"https:\/\/www.geopolitics.fr\/#\/schema\/logo\/image\/"},"sameAs":["https:\/\/www.facebook.com\/people\/Erwan-Davoux\/61557098968092\/","https:\/\/x.com\/Geopolitics_Fr"]},{"@type":"Person","@id":"https:\/\/www.geopolitics.fr\/#\/schema\/person\/9b98d78234af63d6ad71199d66115350","name":"Olivier DELAGARDE","image":{"@type":"ImageObject","inLanguage":"en-GB","@id":"https:\/\/secure.gravatar.com\/avatar\/2c50afbd303b51697d9591857ee182bf3ead572fa530da00bb0278cf506c3a97?s=96&d=mm&r=g","url":"https:\/\/secure.gravatar.com\/avatar\/2c50afbd303b51697d9591857ee182bf3ead572fa530da00bb0278cf506c3a97?s=96&d=mm&r=g","contentUrl":"https:\/\/secure.gravatar.com\/avatar\/2c50afbd303b51697d9591857ee182bf3ead572fa530da00bb0278cf506c3a97?s=96&d=mm&r=g","caption":"Olivier DELAGARDE"},"description":"Journaliste depuis plus de 20 ans, accr\u00e9dit\u00e9 aupr\u00e8s de l'Organisation des Nations Unies, de la Ligue des Etats Arabes, titulaire de la Carte d'Identit\u00e9 des Journalistes Professionnels en France et de la F\u00e9d\u00e9ration Internationale des Journalistes, Olivier a occup\u00e9 le poste de Grand reporter correspondant permanent en \u00c9gypte pour des m\u00e9dias de renomm\u00e9e mondiale tels que TV5 MONDE, le GROUPE M6, le GROUPE TF1 ou encore l\u2019AFP. Durant plus de dix ann\u00e9es, il a produit de nombreux reportages sur la politique internationale en Afrique de l'Est, tout en couvrant les principaux conflits au Proche et Moyen-Orient. En tant que Chef de bureau Proche-Orient pour TV5 MONDE, il \u00e9tait responsable de la production de reportages, des relations institutionnelles et de la repr\u00e9sentation de la cha\u00eene, tout en \u00e9crivant pour plusieurs m\u00e9dias europ\u00e9ens et internationaux.","sameAs":["https:\/\/www.facebook.com\/odelagarde","https:\/\/www.linkedin.com\/in\/olivier-delagarde-816b17270\/"],"url":"https:\/\/www.geopolitics.fr\/en\/author\/odelagarde\/"}]}},"_links":{"self":[{"href":"https:\/\/www.geopolitics.fr\/en\/wp-json\/wp\/v2\/posts\/3276","targetHints":{"allow":["GET"]}}],"collection":[{"href":"https:\/\/www.geopolitics.fr\/en\/wp-json\/wp\/v2\/posts"}],"about":[{"href":"https:\/\/www.geopolitics.fr\/en\/wp-json\/wp\/v2\/types\/post"}],"author":[{"embeddable":true,"href":"https:\/\/www.geopolitics.fr\/en\/wp-json\/wp\/v2\/users\/93"}],"replies":[{"embeddable":true,"href":"https:\/\/www.geopolitics.fr\/en\/wp-json\/wp\/v2\/comments?post=3276"}],"version-history":[{"count":0,"href":"https:\/\/www.geopolitics.fr\/en\/wp-json\/wp\/v2\/posts\/3276\/revisions"}],"wp:featuredmedia":[{"embeddable":true,"href":"https:\/\/www.geopolitics.fr\/en\/wp-json\/wp\/v2\/media\/3277"}],"wp:attachment":[{"href":"https:\/\/www.geopolitics.fr\/en\/wp-json\/wp\/v2\/media?parent=3276"}],"wp:term":[{"taxonomy":"category","embeddable":true,"href":"https:\/\/www.geopolitics.fr\/en\/wp-json\/wp\/v2\/categories?post=3276"},{"taxonomy":"post_tag","embeddable":true,"href":"https:\/\/www.geopolitics.fr\/en\/wp-json\/wp\/v2\/tags?post=3276"}],"curies":[{"name":"wp","href":"https:\/\/api.w.org\/{rel}","templated":true}]}}