{"id":3271,"date":"2024-12-23T12:47:41","date_gmt":"2024-12-23T11:47:41","guid":{"rendered":"https:\/\/www.geopolitics.fr\/?p=3271"},"modified":"2024-12-23T12:47:44","modified_gmt":"2024-12-23T11:47:44","slug":"batir-des-ponts-lintegration-euro-maghrebine-a-lheure-des-defis-geopolitiques","status":"publish","type":"post","link":"https:\/\/www.geopolitics.fr\/en\/2024\/12\/23\/batir-des-ponts-lintegration-euro-maghrebine-a-lheure-des-defis-geopolitiques\/","title":{"rendered":"B\u00e2tir des ponts : L\u2019int\u00e9gration euro-maghr\u00e9bine \u00e0 l&rsquo;heure des d\u00e9fis g\u00e9opolitiques"},"content":{"rendered":"<p class=\"has-medium-font-size wp-block-paragraph\">La M\u00e9diterran\u00e9e a toujours jou\u00e9 un r\u00f4le bien plus important que celui de simple fronti\u00e8re g\u00e9ographique. Elle incarne un v\u00e9ritable carrefour entre trois continents \u2013 l\u2019Europe, l\u2019Afrique et l\u2019Asie \u2013, un espace naturel de connectivit\u00e9, marqu\u00e9 par des \u00e9changes culturels, \u00e9conomiques et humains profonds. Ce bassin, fa\u00e7onn\u00e9 par une histoire commune, rec\u00e8le un potentiel strat\u00e9gique immense, mais il demeure largement sous- exploit\u00e9. En d\u00e9pit de cette interd\u00e9pendance manifeste et d\u2019une proximit\u00e9 g\u00e9ographique \u00e9vidente, la coop\u00e9ration entre l\u2019Europe et le Maghreb reste partiellement fig\u00e9e, frein\u00e9e par des divisions anciennes et des rivalit\u00e9s qui entravent la construction d\u2019une v\u00e9ritable int\u00e9gration r\u00e9gionale.<\/p>\n\n\n\n<p class=\"has-medium-font-size wp-block-paragraph\">Les pays du Maghreb, depuis leur ind\u00e9pendance, ont toujours cherch\u00e9 \u00e0 \u00e9tablir des relations solides et durables avec l\u2019Europe. Ce d\u00e9sir de partenariat est motiv\u00e9 par des int\u00e9r\u00eats communs, que ce soit dans les domaines \u00e9conomique, politique ou culturel. Cependant, apr\u00e8s plusieurs d\u00e9cennies de tentatives de rapprochement, force est de constater que la r\u00e9gion reste profond\u00e9ment fragment\u00e9e. Le r\u00eave d\u2019une Union du Maghreb Arabe, porteur d\u2019une vision d\u2019int\u00e9gration r\u00e9gionale, est rest\u00e9 un projet inachev\u00e9, paralys\u00e9 par des diff\u00e9rends politiques, institutionnels et \u00e9conomiques.<\/p>\n\n\n\n<h2 class=\"wp-block-heading\" id=\"h-l-union-du-magheb-arabe-en-panne\">L&rsquo;Union du Magheb Arabe en panne<\/h2>\n\n\n\n<p class=\"has-medium-font-size wp-block-paragraph\">La situation actuelle illustre bien cette r\u00e9alit\u00e9. La fermeture des fronti\u00e8res entre le Maroc et l\u2019Alg\u00e9rie depuis 1994, aliment\u00e9e par la rivalit\u00e9 autour du Sahara occidental, constitue un exemple frappant de la mani\u00e8re dont les tensions historiques persistent.<\/p>\n\n\n\n<p class=\"has-medium-font-size wp-block-paragraph\">En 2020, la normalisation des relations entre Rabat et Tel-Aviv, dans le cadre des accords d\u2019Abraham, a ajout\u00e9 une dimension suppl\u00e9mentaire aux conflits g\u00e9opolitiques d\u00e9j\u00e0 existants, exacerbant les divisions r\u00e9gionales et suscitant des inqui\u00e9tudes \u00e0 Alger. Cette rupture diplomatique est un symbole des fractures profondes au sein du Maghreb, o\u00f9 la coop\u00e9ration r\u00e9gionale se heurte \u00e0 des rivalit\u00e9s anciennes et \u00e0 une absence de dialogue constructif entre les principaux acteurs. Le Maroc et l\u2019Alg\u00e9rie, bien que voisins imm\u00e9diats, se trouvent aujourd\u2019hui dans une situation de m\u00e9fiance mutuelle, renforc\u00e9e par la fermeture des fronti\u00e8res et des tensions sur la question du Sahara.<\/p>\n\n\n\n<p class=\"has-medium-font-size wp-block-paragraph\">Ces tensions ne se limitent pas aux relations bilat\u00e9rales entre les pays du Maghreb. Elles se r\u00e9percutent sur les relations avec la Tunisie et la Mauritanie, lesquelles, bien que moins affect\u00e9es directement, ne peuvent \u00e9chapper \u00e0 la dynamique complexe qui se joue dans la r\u00e9gion. La Tunisie, longtemps consid\u00e9r\u00e9e comme un mod\u00e8le de transition d\u00e9mocratique, traverse actuellement des d\u00e9fis \u00e9conomiques et sociaux significatifs, qui influent sur ses relations avec ses voisins ainsi qu&rsquo;avec l&rsquo;Europe. La Mauritanie, malgr\u00e9 sa position strat\u00e9gique entre le Maghreb et le Sahel, reste une nation p\u00e9riph\u00e9rique dans cette dynamique, prise dans un \u00e9quilibre d\u00e9licat entre ses partenaires r\u00e9gionaux et les puissances ext\u00e9rieures. Sa neutralit\u00e9 se trouve mise \u00e0 l\u2019\u00e9preuve par des initiatives comme l\u2019\u00a0\u00bbInitiative atlantique\u00a0\u00bb lanc\u00e9e par le Maroc, qui cherche \u00e0 \u00e9tendre son influence sur le Sahel, un projet susceptible de contraindre Nouakchott \u00e0 prendre position.<\/p>\n\n\n\n<p class=\"has-medium-font-size wp-block-paragraph\">Au-del\u00e0 des rivalit\u00e9s internes, la Libye repr\u00e9sente un autre d\u00e9fi majeur pour la r\u00e9gion. En proie \u00e0 une guerre civile d\u00e9vastatrice et \u00e0 un chaos institutionnel profond, la Libye est devenue un terrain fertile pour les trafics en tous genres, y compris les flux migratoires clandestins qui transitent par ce pays pour atteindre l\u2019Europe. Cette situation cr\u00e9e un foyer de pr\u00e9occupations s\u00e9curitaires pour l\u2019Union Europ\u00e9enne, qui peine \u00e0 \u00e9laborer une strat\u00e9gie coh\u00e9rente pour stabiliser la situation. Les interventions europ\u00e9ennes, souvent fragment\u00e9es et \u00e0 court terme, n\u2019ont pas permis de restaurer un \u00e9quilibre politique durable, et la reconstruction de la Libye semble encore lointaine, notamment \u00e0 cause des int\u00e9r\u00eats divergents des puissances europ\u00e9ennes, comme la France et l\u2019Italie, qui soutiennent respectivement des factions oppos\u00e9es.<\/p>\n\n\n\n<h2 class=\"wp-block-heading\" id=\"h-l-union-europeenne-n-a-pas-su-se-positionner-en-acteur-stabilisateur\">L&rsquo;Union Europ\u00e9enne n&rsquo;a pas su se positionner en acteur stabilisateur<\/h2>\n\n\n\n<p class=\"has-medium-font-size wp-block-paragraph\">Dans ce contexte difficile, l\u2019Union Europ\u00e9enne, bien qu\u2019elle poss\u00e8de des leviers \u00e9conomiques et diplomatiques consid\u00e9rables, n\u2019a pas su se positionner comme un acteur stabilisateur \u00e0 l\u2019\u00e9chelle r\u00e9gionale. En privil\u00e9giant des relations bilat\u00e9rales, souvent orient\u00e9es par des imp\u00e9ratifs \u00e9conomiques imm\u00e9diats, l\u2019UE a n\u00e9glig\u00e9 l\u2019\u00e9laboration d\u2019une strat\u00e9gie multilat\u00e9rale visant \u00e0 renforcer les liens entre les cinq pays du Maghreb. Cela a limit\u00e9 l\u2019efficacit\u00e9 de ses initiatives, alors m\u00eame que l\u2019urgence d\u2019une coop\u00e9ration renforc\u00e9e est plus \u00e9vidente que jamais. Cette approche fragment\u00e9e emp\u00eache l\u2019Europe de jouer un r\u00f4le v\u00e9ritablement f\u00e9d\u00e9rateur et de r\u00e9pondre \u00e0 l\u2019appel d\u2019une int\u00e9gration euro-maghr\u00e9bine.<\/p>\n\n\n\n<h2 class=\"wp-block-heading\" id=\"h-une-cooperation-renforcee-serait-benefique-a-toutes-les-parties\">Une coop\u00e9ration renforc\u00e9e serait b\u00e9n\u00e9fique \u00e0 toutes les parties<\/h2>\n\n\n\n<p class=\"has-medium-font-size wp-block-paragraph\">Cependant, les b\u00e9n\u00e9fices d\u2019une coop\u00e9ration renforc\u00e9e sont consid\u00e9rables. Pour l\u2019Europe, un partenariat strat\u00e9gique avec les pays du Maghreb garantirait un acc\u00e8s s\u00e9curis\u00e9 \u00e0 des ressources \u00e9nerg\u00e9tiques cruciales, notamment dans un contexte de d\u00e9pendance croissante vis-\u00e0- vis des \u00e9nergies renouvelables et de diversification \u00e9nerg\u00e9tique.<\/p>\n\n\n\n<p class=\"has-medium-font-size wp-block-paragraph\">L&rsquo;Europe tirerait profit des atouts du Maghreb, riche en gaz naturel et en ressources mini\u00e8res, qui constituent une alternative pr\u00e9cieuse aux sources d&rsquo;\u00e9nergie traditionnelles. En outre, la r\u00e9gion offre une main- d&rsquo;\u0153uvre jeune et qualifi\u00e9e, un atout majeur pour r\u00e9pondre aux besoins croissants de l&rsquo;Europe en personnel comp\u00e9tent, tout en contribuant \u00e0 pallier ses d\u00e9fis d\u00e9mographiques et les p\u00e9nuries dans certains secteurs cl\u00e9s.<\/p>\n\n\n\n<p class=\"has-medium-font-size wp-block-paragraph\">Les pays du Maghreb, de leur c\u00f4t\u00e9, tireraient des avantages consid\u00e9rables d\u2019une telle coop\u00e9ration. Le soutien de l\u2019UE dans le cadre d\u2019une migration circulaire permettrait \u00e0 des travailleurs maghr\u00e9bins de b\u00e9n\u00e9ficier de perspectives professionnelles en Europe tout en d\u00e9veloppant de nouvelles comp\u00e9tences et en contribuant \u00e0 leurs \u00e9conomies locales par des transferts de fonds et de technologies. Le d\u00e9veloppement des infrastructures locales et des investissements europ\u00e9ens dans des projets d\u2019envergure stimulerait la croissance, r\u00e9duirait le ch\u00f4mage et favoriserait une meilleure int\u00e9gration des pays maghr\u00e9bins dans le march\u00e9 mondial.<\/p>\n\n\n\n<p class=\"has-medium-font-size wp-block-paragraph\">En parall\u00e8le, l\u2019\u00e9ducation, la recherche et la formation professionnelle sont des domaines dans lesquels l\u2019Europe peut avoir un impact direct et significatif. En d\u00e9veloppant des partenariats universitaires, en facilitant les \u00e9changes acad\u00e9miques et en soutenant des initiatives de formation professionnelle adapt\u00e9es aux besoins des march\u00e9s locaux, l\u2019UE contribuerait \u00e0 pr\u00e9parer une nouvelle g\u00e9n\u00e9ration maghr\u00e9bine pr\u00eate \u00e0 r\u00e9pondre aux d\u00e9fis d\u2019une \u00e9conomie mondialis\u00e9e. Ce capital humain constitue un v\u00e9ritable moteur de croissance pour la r\u00e9gion, qui b\u00e9n\u00e9ficie d\u2019une jeunesse dynamique et ambitieuse.<\/p>\n\n\n\n<h2 class=\"wp-block-heading\" id=\"h-une-approche-differenciee-est-necessaire\">Une approche diff\u00e9renci\u00e9e est n\u00e9cessaire<\/h2>\n\n\n\n<p class=\"has-medium-font-size wp-block-paragraph\">Mais pour qu\u2019un tel partenariat devienne une r\u00e9alit\u00e9, l\u2019Europe doit adopter une approche plus proactive et diff\u00e9renci\u00e9e, tenant compte des sp\u00e9cificit\u00e9s de chaque pays du Maghreb. Par exemple, la transition \u00e9nerg\u00e9tique en Alg\u00e9rie, l\u2019innovation num\u00e9rique au Maroc, et le d\u00e9veloppement agricole en Tunisie n\u00e9cessitent des solutions adapt\u00e9es aux r\u00e9alit\u00e9s locales. Une coop\u00e9ration sectorielle cibl\u00e9e et concr\u00e8te pourrait \u00eatre le point de d\u00e9part d\u2019une nouvelle dynamique r\u00e9gionale. L\u2019Europe, en agissant de mani\u00e8re plus cibl\u00e9e et coordonn\u00e9e, pourrait devenir un partenaire incontournable pour le Maghreb.<\/p>\n\n\n\n<h2 class=\"wp-block-heading\" id=\"h-aller-de-l-avant\">Aller de l&rsquo;avant<\/h2>\n\n\n\n<p class=\"has-medium-font-size wp-block-paragraph\">L\u2019histoire nous enseigne que les perspectives g\u00e9opolitiques ne sont jamais fig\u00e9es. Ce qui semblait hier irr\u00e9alisable peut devenir une r\u00e9alit\u00e9 demain. Qui aurait pu imaginer, en pleine guerre froide, que des pays comme la Ceausescu ou encore l\u2019Allemagne de l\u2019Est d\u2019Erich Honecker int\u00e9greraient l\u2019Union Europ\u00e9enne et l\u2019OTAN ? L\u2019int\u00e9gration euro- maghr\u00e9bine, loin d\u2019\u00eatre une utopie, doit \u00eatre per\u00e7ue comme une ambition strat\u00e9gique l\u00e9gitime, port\u00e9e par la volont\u00e9 commune des peuples et des nations.<\/p>\n\n\n\n<p class=\"has-medium-font-size wp-block-paragraph\">Ensemble, nous avons le pouvoir de transformer la M\u00e9diterran\u00e9e en un espace de stabilit\u00e9, de prosp\u00e9rit\u00e9 partag\u00e9e et de rayonnement international. \u00c0 travers une vision commune et des efforts conjoints, la M\u00e9diterran\u00e9e peut enfin incarner un mod\u00e8le de collaboration r\u00e9ussie entre deux rives li\u00e9es par l\u2019histoire, la g\u00e9ographie et l\u2019avenir.<\/p>","protected":false},"excerpt":{"rendered":"<p>La M\u00e9diterran\u00e9e a toujours jou\u00e9 un r\u00f4le bien plus important que celui de simple fronti\u00e8re g\u00e9ographique. Elle incarne un v\u00e9ritable carrefour entre&hellip;<\/p>","protected":false},"author":103,"featured_media":3273,"comment_status":"open","ping_status":"open","sticky":false,"template":"","format":"standard","meta":{"_lmt_disableupdate":"","_lmt_disable":"","footnotes":""},"categories":[5,4],"tags":[124,413,366],"class_list":["post-3271","post","type-post","status-publish","format-standard","has-post-thumbnail","hentry","category-international","category-mis-en-avant","tag-maghreb","tag-mediterranee","tag-union-europeenne"],"yoast_head":"<!-- This site is optimized with the Yoast SEO Premium plugin v28.1 (Yoast SEO v28.1) - https:\/\/yoast.com\/product\/yoast-seo-premium-wordpress\/ -->\n<title>B\u00e2tir des ponts : L\u2019int\u00e9gration euro-maghr\u00e9bine \u00e0 l&#039;heure des d\u00e9fis g\u00e9opolitiques | Geopolitics.fr<\/title>\n<meta name=\"description\" content=\"Le renforcement de la coop\u00e9ration entre un Maghreb divis\u00e9 et une Union Europ\u00e9enne frileuse est plus que jamais n\u00e9cessaire et urgent\" \/>\n<meta name=\"robots\" content=\"index, follow, max-snippet:-1, max-image-preview:large, max-video-preview:-1\" \/>\n<link rel=\"canonical\" href=\"https:\/\/www.geopolitics.fr\/en\/2024\/12\/23\/batir-des-ponts-lintegration-euro-maghrebine-a-lheure-des-defis-geopolitiques\/\" \/>\n<meta property=\"og:locale\" content=\"en_GB\" \/>\n<meta property=\"og:type\" content=\"article\" \/>\n<meta property=\"og:title\" content=\"B\u00e2tir des ponts : L\u2019int\u00e9gration euro-maghr\u00e9bine \u00e0 l&#039;heure des d\u00e9fis g\u00e9opolitiques\" \/>\n<meta property=\"og:description\" content=\"Le renforcement de la coop\u00e9ration entre un Maghreb divis\u00e9 et une Union Europ\u00e9enne frileuse est plus que jamais n\u00e9cessaire et urgent\" \/>\n<meta property=\"og:url\" content=\"https:\/\/www.geopolitics.fr\/en\/2024\/12\/23\/batir-des-ponts-lintegration-euro-maghrebine-a-lheure-des-defis-geopolitiques\/\" \/>\n<meta property=\"og:site_name\" content=\"Geopolitics.fr\" \/>\n<meta property=\"article:publisher\" content=\"https:\/\/www.facebook.com\/people\/Erwan-Davoux\/61557098968092\/\" \/>\n<meta property=\"article:published_time\" content=\"2024-12-23T11:47:41+00:00\" \/>\n<meta property=\"article:modified_time\" content=\"2024-12-23T11:47:44+00:00\" \/>\n<meta property=\"og:image\" content=\"https:\/\/www.geopolitics.fr\/wp-content\/uploads\/2024\/12\/euro-medit.jpg\" \/>\n\t<meta property=\"og:image:width\" content=\"1920\" \/>\n\t<meta property=\"og:image:height\" content=\"1152\" \/>\n\t<meta property=\"og:image:type\" content=\"image\/jpeg\" \/>\n<meta name=\"author\" content=\"Elyes GHARIANI\" \/>\n<meta name=\"twitter:card\" content=\"summary_large_image\" \/>\n<meta name=\"twitter:creator\" content=\"@Geopolitics_Fr\" \/>\n<meta name=\"twitter:site\" content=\"@Geopolitics_Fr\" \/>\n<meta name=\"twitter:label1\" content=\"Written by\" \/>\n\t<meta name=\"twitter:data1\" content=\"Elyes GHARIANI\" \/>\n\t<meta name=\"twitter:label2\" content=\"Estimated reading time\" \/>\n\t<meta name=\"twitter:data2\" content=\"7 minutes\" \/>\n<script type=\"application\/ld+json\" class=\"yoast-schema-graph\">{\"@context\":\"https:\\\/\\\/schema.org\",\"@graph\":[{\"@type\":\"Article\",\"@id\":\"https:\\\/\\\/www.geopolitics.fr\\\/2024\\\/12\\\/23\\\/batir-des-ponts-lintegration-euro-maghrebine-a-lheure-des-defis-geopolitiques\\\/#article\",\"isPartOf\":{\"@id\":\"https:\\\/\\\/www.geopolitics.fr\\\/2024\\\/12\\\/23\\\/batir-des-ponts-lintegration-euro-maghrebine-a-lheure-des-defis-geopolitiques\\\/\"},\"author\":{\"name\":\"Elyes GHARIANI\",\"@id\":\"https:\\\/\\\/www.geopolitics.fr\\\/#\\\/schema\\\/person\\\/2f100050c14e702a5388d142a9fa8307\"},\"headline\":\"B\u00e2tir des ponts : L\u2019int\u00e9gration euro-maghr\u00e9bine \u00e0 l&rsquo;heure des d\u00e9fis g\u00e9opolitiques\",\"datePublished\":\"2024-12-23T11:47:41+00:00\",\"dateModified\":\"2024-12-23T11:47:44+00:00\",\"mainEntityOfPage\":{\"@id\":\"https:\\\/\\\/www.geopolitics.fr\\\/2024\\\/12\\\/23\\\/batir-des-ponts-lintegration-euro-maghrebine-a-lheure-des-defis-geopolitiques\\\/\"},\"wordCount\":1460,\"commentCount\":0,\"publisher\":{\"@id\":\"https:\\\/\\\/www.geopolitics.fr\\\/#organization\"},\"image\":{\"@id\":\"https:\\\/\\\/www.geopolitics.fr\\\/2024\\\/12\\\/23\\\/batir-des-ponts-lintegration-euro-maghrebine-a-lheure-des-defis-geopolitiques\\\/#primaryimage\"},\"thumbnailUrl\":\"https:\\\/\\\/www.geopolitics.fr\\\/wp-content\\\/uploads\\\/2024\\\/12\\\/euro-medit.jpg\",\"keywords\":[\"MAGHREB\",\"MEDITERRANEE\",\"UNION EUROPEENNE\"],\"articleSection\":[\"International\",\"Mis en AVANT\"],\"inLanguage\":\"en-GB\"},{\"@type\":\"WebPage\",\"@id\":\"https:\\\/\\\/www.geopolitics.fr\\\/2024\\\/12\\\/23\\\/batir-des-ponts-lintegration-euro-maghrebine-a-lheure-des-defis-geopolitiques\\\/\",\"url\":\"https:\\\/\\\/www.geopolitics.fr\\\/2024\\\/12\\\/23\\\/batir-des-ponts-lintegration-euro-maghrebine-a-lheure-des-defis-geopolitiques\\\/\",\"name\":\"B\u00e2tir des ponts : L\u2019int\u00e9gration euro-maghr\u00e9bine \u00e0 l'heure des d\u00e9fis g\u00e9opolitiques | Geopolitics.fr\",\"isPartOf\":{\"@id\":\"https:\\\/\\\/www.geopolitics.fr\\\/#website\"},\"primaryImageOfPage\":{\"@id\":\"https:\\\/\\\/www.geopolitics.fr\\\/2024\\\/12\\\/23\\\/batir-des-ponts-lintegration-euro-maghrebine-a-lheure-des-defis-geopolitiques\\\/#primaryimage\"},\"image\":{\"@id\":\"https:\\\/\\\/www.geopolitics.fr\\\/2024\\\/12\\\/23\\\/batir-des-ponts-lintegration-euro-maghrebine-a-lheure-des-defis-geopolitiques\\\/#primaryimage\"},\"thumbnailUrl\":\"https:\\\/\\\/www.geopolitics.fr\\\/wp-content\\\/uploads\\\/2024\\\/12\\\/euro-medit.jpg\",\"datePublished\":\"2024-12-23T11:47:41+00:00\",\"dateModified\":\"2024-12-23T11:47:44+00:00\",\"description\":\"Le renforcement de la coop\u00e9ration entre un Maghreb divis\u00e9 et une Union Europ\u00e9enne frileuse est plus que jamais n\u00e9cessaire et urgent\",\"breadcrumb\":{\"@id\":\"https:\\\/\\\/www.geopolitics.fr\\\/2024\\\/12\\\/23\\\/batir-des-ponts-lintegration-euro-maghrebine-a-lheure-des-defis-geopolitiques\\\/#breadcrumb\"},\"inLanguage\":\"en-GB\",\"potentialAction\":[{\"@type\":\"ReadAction\",\"target\":[\"https:\\\/\\\/www.geopolitics.fr\\\/2024\\\/12\\\/23\\\/batir-des-ponts-lintegration-euro-maghrebine-a-lheure-des-defis-geopolitiques\\\/\"]}]},{\"@type\":\"ImageObject\",\"inLanguage\":\"en-GB\",\"@id\":\"https:\\\/\\\/www.geopolitics.fr\\\/2024\\\/12\\\/23\\\/batir-des-ponts-lintegration-euro-maghrebine-a-lheure-des-defis-geopolitiques\\\/#primaryimage\",\"url\":\"https:\\\/\\\/www.geopolitics.fr\\\/wp-content\\\/uploads\\\/2024\\\/12\\\/euro-medit.jpg\",\"contentUrl\":\"https:\\\/\\\/www.geopolitics.fr\\\/wp-content\\\/uploads\\\/2024\\\/12\\\/euro-medit.jpg\",\"width\":1920,\"height\":1152,\"caption\":\"Europe blue map big data visualization. Futuristic map infographic. Information aesthetics. Visual data complexity. Complex europe data graphic visualization. Abstract data on map graph.\"},{\"@type\":\"BreadcrumbList\",\"@id\":\"https:\\\/\\\/www.geopolitics.fr\\\/2024\\\/12\\\/23\\\/batir-des-ponts-lintegration-euro-maghrebine-a-lheure-des-defis-geopolitiques\\\/#breadcrumb\",\"itemListElement\":[{\"@type\":\"ListItem\",\"position\":1,\"name\":\"Accueil\",\"item\":\"https:\\\/\\\/www.geopolitics.fr\\\/\"},{\"@type\":\"ListItem\",\"position\":2,\"name\":\"B\u00e2tir des ponts : L\u2019int\u00e9gration euro-maghr\u00e9bine \u00e0 l&#8217;heure des d\u00e9fis g\u00e9opolitiques\"}]},{\"@type\":\"WebSite\",\"@id\":\"https:\\\/\\\/www.geopolitics.fr\\\/#website\",\"url\":\"https:\\\/\\\/www.geopolitics.fr\\\/\",\"name\":\"Geopolitics.fr\",\"description\":\"Geopolitics.fr Analyse politique, relations internationales, d\u00e9fense - ligne \u00e9ditoriale gaullo-chiraquienne\",\"publisher\":{\"@id\":\"https:\\\/\\\/www.geopolitics.fr\\\/#organization\"},\"potentialAction\":[{\"@type\":\"SearchAction\",\"target\":{\"@type\":\"EntryPoint\",\"urlTemplate\":\"https:\\\/\\\/www.geopolitics.fr\\\/?s={search_term_string}\"},\"query-input\":{\"@type\":\"PropertyValueSpecification\",\"valueRequired\":true,\"valueName\":\"search_term_string\"}}],\"inLanguage\":\"en-GB\"},{\"@type\":\"Organization\",\"@id\":\"https:\\\/\\\/www.geopolitics.fr\\\/#organization\",\"name\":\"Geopolitics.fr\",\"url\":\"https:\\\/\\\/www.geopolitics.fr\\\/\",\"logo\":{\"@type\":\"ImageObject\",\"inLanguage\":\"en-GB\",\"@id\":\"https:\\\/\\\/www.geopolitics.fr\\\/#\\\/schema\\\/logo\\\/image\\\/\",\"url\":\"https:\\\/\\\/www.geopolitics.fr\\\/wp-content\\\/uploads\\\/2024\\\/01\\\/logo.jpg\",\"contentUrl\":\"https:\\\/\\\/www.geopolitics.fr\\\/wp-content\\\/uploads\\\/2024\\\/01\\\/logo.jpg\",\"width\":500,\"height\":500,\"caption\":\"Geopolitics.fr\"},\"image\":{\"@id\":\"https:\\\/\\\/www.geopolitics.fr\\\/#\\\/schema\\\/logo\\\/image\\\/\"},\"sameAs\":[\"https:\\\/\\\/www.facebook.com\\\/people\\\/Erwan-Davoux\\\/61557098968092\\\/\",\"https:\\\/\\\/x.com\\\/Geopolitics_Fr\"]},{\"@type\":\"Person\",\"@id\":\"https:\\\/\\\/www.geopolitics.fr\\\/#\\\/schema\\\/person\\\/2f100050c14e702a5388d142a9fa8307\",\"name\":\"Elyes GHARIANI\",\"image\":{\"@type\":\"ImageObject\",\"inLanguage\":\"en-GB\",\"@id\":\"https:\\\/\\\/www.geopolitics.fr\\\/wp-content\\\/uploads\\\/2024\\\/12\\\/elyes-photo-96x96.png\",\"url\":\"https:\\\/\\\/www.geopolitics.fr\\\/wp-content\\\/uploads\\\/2024\\\/12\\\/elyes-photo-96x96.png\",\"contentUrl\":\"https:\\\/\\\/www.geopolitics.fr\\\/wp-content\\\/uploads\\\/2024\\\/12\\\/elyes-photo-96x96.png\",\"caption\":\"Elyes GHARIANI\"},\"description\":\"Ancien ambassadeur de Tunisie, \u00e0 Berlin et \u00e0 La Haye et fort d\u2019une exp\u00e9rience de 40 ans dans le travail diplomatique et la coop\u00e9ration internationale, il dispose d\u2019une bonne expertise en affaires europ\u00e9ennes pour avoir \u00e9t\u00e9 en poste dans les principaux Etats membres fondateurs de l\u2019UE (Allemagne, Belgique, France, Pays-Bas). Dipl\u00f4m\u00e9 de l\u2019Institut Bourguiba des Langues Vivantes de Tunis, de l\u2019Institut Pouchkine de langue russe \u00e0 Moscou et de l\u2019Institut Universitaire des Hautes Etudes Internationales (IUHEI) de Gen\u00e8ve, il dispose d\u2019une large exp\u00e9rience en mati\u00e8re de gestion et de mise en \u0153uvre de projets au niveau international. Il a \u00e9t\u00e9 Conseiller Diplomatique du Chef du Gouvernement en 2015-2016 et 2020-2021\",\"url\":\"https:\\\/\\\/www.geopolitics.fr\\\/en\\\/author\\\/elyes\\\/\"}]}<\/script>\n<!-- \/ Yoast SEO Premium plugin. -->","yoast_head_json":{"title":"B\u00e2tir des ponts : L\u2019int\u00e9gration euro-maghr\u00e9bine \u00e0 l'heure des d\u00e9fis g\u00e9opolitiques | Geopolitics.fr","description":"Le renforcement de la coop\u00e9ration entre un Maghreb divis\u00e9 et une Union Europ\u00e9enne frileuse est plus que jamais n\u00e9cessaire et urgent","robots":{"index":"index","follow":"follow","max-snippet":"max-snippet:-1","max-image-preview":"max-image-preview:large","max-video-preview":"max-video-preview:-1"},"canonical":"https:\/\/www.geopolitics.fr\/en\/2024\/12\/23\/batir-des-ponts-lintegration-euro-maghrebine-a-lheure-des-defis-geopolitiques\/","og_locale":"en_GB","og_type":"article","og_title":"B\u00e2tir des ponts : L\u2019int\u00e9gration euro-maghr\u00e9bine \u00e0 l'heure des d\u00e9fis g\u00e9opolitiques","og_description":"Le renforcement de la coop\u00e9ration entre un Maghreb divis\u00e9 et une Union Europ\u00e9enne frileuse est plus que jamais n\u00e9cessaire et urgent","og_url":"https:\/\/www.geopolitics.fr\/en\/2024\/12\/23\/batir-des-ponts-lintegration-euro-maghrebine-a-lheure-des-defis-geopolitiques\/","og_site_name":"Geopolitics.fr","article_publisher":"https:\/\/www.facebook.com\/people\/Erwan-Davoux\/61557098968092\/","article_published_time":"2024-12-23T11:47:41+00:00","article_modified_time":"2024-12-23T11:47:44+00:00","og_image":[{"width":1920,"height":1152,"url":"https:\/\/www.geopolitics.fr\/wp-content\/uploads\/2024\/12\/euro-medit.jpg","type":"image\/jpeg"}],"author":"Elyes GHARIANI","twitter_card":"summary_large_image","twitter_creator":"@Geopolitics_Fr","twitter_site":"@Geopolitics_Fr","twitter_misc":{"Written by":"Elyes GHARIANI","Estimated reading time":"7 minutes"},"schema":{"@context":"https:\/\/schema.org","@graph":[{"@type":"Article","@id":"https:\/\/www.geopolitics.fr\/2024\/12\/23\/batir-des-ponts-lintegration-euro-maghrebine-a-lheure-des-defis-geopolitiques\/#article","isPartOf":{"@id":"https:\/\/www.geopolitics.fr\/2024\/12\/23\/batir-des-ponts-lintegration-euro-maghrebine-a-lheure-des-defis-geopolitiques\/"},"author":{"name":"Elyes GHARIANI","@id":"https:\/\/www.geopolitics.fr\/#\/schema\/person\/2f100050c14e702a5388d142a9fa8307"},"headline":"B\u00e2tir des ponts : L\u2019int\u00e9gration euro-maghr\u00e9bine \u00e0 l&rsquo;heure des d\u00e9fis g\u00e9opolitiques","datePublished":"2024-12-23T11:47:41+00:00","dateModified":"2024-12-23T11:47:44+00:00","mainEntityOfPage":{"@id":"https:\/\/www.geopolitics.fr\/2024\/12\/23\/batir-des-ponts-lintegration-euro-maghrebine-a-lheure-des-defis-geopolitiques\/"},"wordCount":1460,"commentCount":0,"publisher":{"@id":"https:\/\/www.geopolitics.fr\/#organization"},"image":{"@id":"https:\/\/www.geopolitics.fr\/2024\/12\/23\/batir-des-ponts-lintegration-euro-maghrebine-a-lheure-des-defis-geopolitiques\/#primaryimage"},"thumbnailUrl":"https:\/\/www.geopolitics.fr\/wp-content\/uploads\/2024\/12\/euro-medit.jpg","keywords":["MAGHREB","MEDITERRANEE","UNION EUROPEENNE"],"articleSection":["International","Mis en AVANT"],"inLanguage":"en-GB"},{"@type":"WebPage","@id":"https:\/\/www.geopolitics.fr\/2024\/12\/23\/batir-des-ponts-lintegration-euro-maghrebine-a-lheure-des-defis-geopolitiques\/","url":"https:\/\/www.geopolitics.fr\/2024\/12\/23\/batir-des-ponts-lintegration-euro-maghrebine-a-lheure-des-defis-geopolitiques\/","name":"B\u00e2tir des ponts : L\u2019int\u00e9gration euro-maghr\u00e9bine \u00e0 l'heure des d\u00e9fis g\u00e9opolitiques | Geopolitics.fr","isPartOf":{"@id":"https:\/\/www.geopolitics.fr\/#website"},"primaryImageOfPage":{"@id":"https:\/\/www.geopolitics.fr\/2024\/12\/23\/batir-des-ponts-lintegration-euro-maghrebine-a-lheure-des-defis-geopolitiques\/#primaryimage"},"image":{"@id":"https:\/\/www.geopolitics.fr\/2024\/12\/23\/batir-des-ponts-lintegration-euro-maghrebine-a-lheure-des-defis-geopolitiques\/#primaryimage"},"thumbnailUrl":"https:\/\/www.geopolitics.fr\/wp-content\/uploads\/2024\/12\/euro-medit.jpg","datePublished":"2024-12-23T11:47:41+00:00","dateModified":"2024-12-23T11:47:44+00:00","description":"Le renforcement de la coop\u00e9ration entre un Maghreb divis\u00e9 et une Union Europ\u00e9enne frileuse est plus que jamais n\u00e9cessaire et urgent","breadcrumb":{"@id":"https:\/\/www.geopolitics.fr\/2024\/12\/23\/batir-des-ponts-lintegration-euro-maghrebine-a-lheure-des-defis-geopolitiques\/#breadcrumb"},"inLanguage":"en-GB","potentialAction":[{"@type":"ReadAction","target":["https:\/\/www.geopolitics.fr\/2024\/12\/23\/batir-des-ponts-lintegration-euro-maghrebine-a-lheure-des-defis-geopolitiques\/"]}]},{"@type":"ImageObject","inLanguage":"en-GB","@id":"https:\/\/www.geopolitics.fr\/2024\/12\/23\/batir-des-ponts-lintegration-euro-maghrebine-a-lheure-des-defis-geopolitiques\/#primaryimage","url":"https:\/\/www.geopolitics.fr\/wp-content\/uploads\/2024\/12\/euro-medit.jpg","contentUrl":"https:\/\/www.geopolitics.fr\/wp-content\/uploads\/2024\/12\/euro-medit.jpg","width":1920,"height":1152,"caption":"Europe blue map big data visualization. Futuristic map infographic. Information aesthetics. Visual data complexity. Complex europe data graphic visualization. Abstract data on map graph."},{"@type":"BreadcrumbList","@id":"https:\/\/www.geopolitics.fr\/2024\/12\/23\/batir-des-ponts-lintegration-euro-maghrebine-a-lheure-des-defis-geopolitiques\/#breadcrumb","itemListElement":[{"@type":"ListItem","position":1,"name":"Accueil","item":"https:\/\/www.geopolitics.fr\/"},{"@type":"ListItem","position":2,"name":"B\u00e2tir des ponts : L\u2019int\u00e9gration euro-maghr\u00e9bine \u00e0 l&#8217;heure des d\u00e9fis g\u00e9opolitiques"}]},{"@type":"WebSite","@id":"https:\/\/www.geopolitics.fr\/#website","url":"https:\/\/www.geopolitics.fr\/","name":"Geopolitics.fr","description":"Geopolitics.fr Analyse politique, relations internationales, d\u00e9fense - ligne \u00e9ditoriale gaullo-chiraquienne","publisher":{"@id":"https:\/\/www.geopolitics.fr\/#organization"},"potentialAction":[{"@type":"SearchAction","target":{"@type":"EntryPoint","urlTemplate":"https:\/\/www.geopolitics.fr\/?s={search_term_string}"},"query-input":{"@type":"PropertyValueSpecification","valueRequired":true,"valueName":"search_term_string"}}],"inLanguage":"en-GB"},{"@type":"Organization","@id":"https:\/\/www.geopolitics.fr\/#organization","name":"Geopolitics.fr","url":"https:\/\/www.geopolitics.fr\/","logo":{"@type":"ImageObject","inLanguage":"en-GB","@id":"https:\/\/www.geopolitics.fr\/#\/schema\/logo\/image\/","url":"https:\/\/www.geopolitics.fr\/wp-content\/uploads\/2024\/01\/logo.jpg","contentUrl":"https:\/\/www.geopolitics.fr\/wp-content\/uploads\/2024\/01\/logo.jpg","width":500,"height":500,"caption":"Geopolitics.fr"},"image":{"@id":"https:\/\/www.geopolitics.fr\/#\/schema\/logo\/image\/"},"sameAs":["https:\/\/www.facebook.com\/people\/Erwan-Davoux\/61557098968092\/","https:\/\/x.com\/Geopolitics_Fr"]},{"@type":"Person","@id":"https:\/\/www.geopolitics.fr\/#\/schema\/person\/2f100050c14e702a5388d142a9fa8307","name":"Elyes GHARIANI","image":{"@type":"ImageObject","inLanguage":"en-GB","@id":"https:\/\/www.geopolitics.fr\/wp-content\/uploads\/2024\/12\/elyes-photo-96x96.png","url":"https:\/\/www.geopolitics.fr\/wp-content\/uploads\/2024\/12\/elyes-photo-96x96.png","contentUrl":"https:\/\/www.geopolitics.fr\/wp-content\/uploads\/2024\/12\/elyes-photo-96x96.png","caption":"Elyes GHARIANI"},"description":"Ancien ambassadeur de Tunisie, \u00e0 Berlin et \u00e0 La Haye et fort d\u2019une exp\u00e9rience de 40 ans dans le travail diplomatique et la coop\u00e9ration internationale, il dispose d\u2019une bonne expertise en affaires europ\u00e9ennes pour avoir \u00e9t\u00e9 en poste dans les principaux Etats membres fondateurs de l\u2019UE (Allemagne, Belgique, France, Pays-Bas). Dipl\u00f4m\u00e9 de l\u2019Institut Bourguiba des Langues Vivantes de Tunis, de l\u2019Institut Pouchkine de langue russe \u00e0 Moscou et de l\u2019Institut Universitaire des Hautes Etudes Internationales (IUHEI) de Gen\u00e8ve, il dispose d\u2019une large exp\u00e9rience en mati\u00e8re de gestion et de mise en \u0153uvre de projets au niveau international. Il a \u00e9t\u00e9 Conseiller Diplomatique du Chef du Gouvernement en 2015-2016 et 2020-2021","url":"https:\/\/www.geopolitics.fr\/en\/author\/elyes\/"}]}},"_links":{"self":[{"href":"https:\/\/www.geopolitics.fr\/en\/wp-json\/wp\/v2\/posts\/3271","targetHints":{"allow":["GET"]}}],"collection":[{"href":"https:\/\/www.geopolitics.fr\/en\/wp-json\/wp\/v2\/posts"}],"about":[{"href":"https:\/\/www.geopolitics.fr\/en\/wp-json\/wp\/v2\/types\/post"}],"author":[{"embeddable":true,"href":"https:\/\/www.geopolitics.fr\/en\/wp-json\/wp\/v2\/users\/103"}],"replies":[{"embeddable":true,"href":"https:\/\/www.geopolitics.fr\/en\/wp-json\/wp\/v2\/comments?post=3271"}],"version-history":[{"count":0,"href":"https:\/\/www.geopolitics.fr\/en\/wp-json\/wp\/v2\/posts\/3271\/revisions"}],"wp:featuredmedia":[{"embeddable":true,"href":"https:\/\/www.geopolitics.fr\/en\/wp-json\/wp\/v2\/media\/3273"}],"wp:attachment":[{"href":"https:\/\/www.geopolitics.fr\/en\/wp-json\/wp\/v2\/media?parent=3271"}],"wp:term":[{"taxonomy":"category","embeddable":true,"href":"https:\/\/www.geopolitics.fr\/en\/wp-json\/wp\/v2\/categories?post=3271"},{"taxonomy":"post_tag","embeddable":true,"href":"https:\/\/www.geopolitics.fr\/en\/wp-json\/wp\/v2\/tags?post=3271"}],"curies":[{"name":"wp","href":"https:\/\/api.w.org\/{rel}","templated":true}]}}