{"id":3268,"date":"2024-12-23T09:00:00","date_gmt":"2024-12-23T08:00:00","guid":{"rendered":"https:\/\/www.geopolitics.fr\/?p=3268"},"modified":"2024-12-22T18:31:39","modified_gmt":"2024-12-22T17:31:39","slug":"en-republique-democratique-du-congo-cette-mysterieuse-infection-qui-inquiete-le-pays","status":"publish","type":"post","link":"https:\/\/www.geopolitics.fr\/en\/2024\/12\/23\/en-republique-democratique-du-congo-cette-mysterieuse-infection-qui-inquiete-le-pays\/","title":{"rendered":"En R\u00e9publique D\u00e9mocratique du Congo, cette myst\u00e9rieuse infection qui inqui\u00e8te le pays"},"content":{"rendered":"<p class=\"has-medium-font-size wp-block-paragraph\"><em>L\u2019alerte maximale a \u00e9t\u00e9 d\u00e9cr\u00e9t\u00e9e en R\u00e9publique d\u00e9mocratique du Congo face \u00e0 une \u00e9pid\u00e9mie myst\u00e9rieuse qui est apparue dans la r\u00e9gion recul\u00e9e de Panzi, au sud-est de Kinshasa. Les autorit\u00e9s sanitaires s\u2019interrogent sur cette infection dont l\u2019origine est encore ind\u00e9termin\u00e9e.<\/em><\/p>\n\n\n\n<h2 class=\"wp-block-heading\" id=\"h-une-maladie-mysterieuse-qui-sevit-le-sud-ouest-de-la-rdc-et-qui-frappe-prioritairement-femmes-et-enfants\">Une maladie myst\u00e9rieuse qui s\u00e9vit le sud-ouest de la RDC et qui frappe prioritairement femmes et enfants.<\/h2>\n\n\n\n<p class=\"has-medium-font-size wp-block-paragraph\"><strong>Une \u00ab maladie myst\u00e9rieuse \u00bb<\/strong> a r\u00e9cemment frapp\u00e9 le sud-ouest de la R\u00e9publique d\u00e9mocratique du Congo (RDC), faisant entre 67 et 143 victimes en deux semaines. Cette derni\u00e8re se r\u00e9v\u00e9lerait notamment par <strong>des sympt\u00f4mes pseudo-grippaux de fi\u00e8vre, de maux de t\u00eate, de toux et d\u2019an\u00e9mie, ressemblant \u00e9trangement \u00e0 une forme de COVID.<\/strong><\/p>\n\n\n\n<p class=\"has-medium-font-size wp-block-paragraph\">Dans une d\u00e9claration \u00e0 l\u2019agence Reuters, <strong>un \u00e9pid\u00e9miologiste constate que pour l\u2019heure, ce sont principalement les femmes et les enfants qui ont \u00e9t\u00e9 gravement touch\u00e9s <\/strong>par ces nouvelles pathologies, particuli\u00e8rement foudroyantes. Et pour l\u2019expert m\u00e9dical d\u2019ajouter\u00a0: \u00ab\u00a0<em>on sait peu de choses sur la maladie jusqu\u2019\u00e0 pr\u00e9sent<\/em>\u00a0\u00bb.<\/p>\n\n\n\n<p class=\"has-medium-font-size wp-block-paragraph\"><strong>Du c\u00f4t\u00e9 du gouvernement congolais et interrog\u00e9 par <em>GEOpolitics<\/em><\/strong>, ce dernier nous indique que plusieurs hauts responsables de la sant\u00e9 publique en RDC se sont d\u2019ores et d\u00e9j\u00e0 rendus dans la r\u00e9gion concern\u00e9e, afin \u00ab<em>\u00a0d\u2019enqu\u00eater de toute urgence sur cet incident afin d\u2019identifier la cause de cette \u00e9pid\u00e9mie mortelle\u00a0<\/em>\u00bb. Se voulant plus ou moins rassurant, il nous est indiqu\u00e9 que \u00ab\u00a0<strong><em>dans un premier temps, les experts envisageraient d\u2019\u00e9ventuelles maladies connues pour \u00eatre end\u00e9miques dans la r\u00e9gion, telles que le paludisme, la dengue ou le chikungunya\u00a0<\/em>\u00bb.<\/strong><\/p>\n\n\n\n<h2 class=\"wp-block-heading\" id=\"h-une-epidemie-probablement-sous-estimee-faute-de-moyens-de-detection\">Une \u00e9pid\u00e9mie probablement sous estim\u00e9e faute de moyens de d\u00e9tection<\/h2>\n\n\n\n<p class=\"has-medium-font-size wp-block-paragraph\">Cependant, les autorit\u00e9s sanitaires nationales envisagent d\u00e9j\u00e0 <strong>des difficult\u00e9s \u00e0 en d\u00e9tecter la cause en raison de probl\u00e8mes d\u2019infrastructure de tests de diagnostic, ainsi que de difficult\u00e9s li\u00e9es \u00e0 la collecte et au transport de ces \u00e9chantillons au laboratoire, et enfin \u00e0 la r\u00e9alisation de ces tests.<\/strong><\/p>\n\n\n\n<p class=\"has-medium-font-size wp-block-paragraph\">D\u2019avis d\u2019un expert \u00e0 l\u2019OMS \u00e9galement interrog\u00e9 par <em>GEOpolitics<\/em>, la probl\u00e9matique majeure pour les pays \u00e0 faible revenu comme la RDC, de nombreux laboratoires cliniques ne peuvent tester que les agents pathog\u00e8nes courants.<\/p>\n\n\n\n<p class=\"has-medium-font-size wp-block-paragraph\">Ainsi s\u2019agissant d\u2019agents pathog\u00e8nes suspects inhabituels et plus rares, ceux-ci n\u00e9cessitent souvent l\u2019envoi d\u2019\u00e9chantillons \u00e0 des laboratoires plus sp\u00e9cialis\u00e9s habilit\u00e9s et \u00e9quiper \u00e0 effectuer des analyses pointues, tels que le s\u00e9quen\u00e7age g\u00e9n\u00e9tique.<\/p>\n\n\n\n<p class=\"has-medium-font-size wp-block-paragraph\">Fr\u00e9quemment et selon les circonstances de survenance d\u2019un risque \u00e9pid\u00e9miologique majeur, les \u00e9chantillons de pr\u00e9l\u00e8vements doivent \u00eatre envoy\u00e9s et analys\u00e9s par des laboratoires \u00e0 l\u2019\u00e9tranger. Cependant, le partage international de ces \u00e9chantillons biologiques est tr\u00e8s controvers\u00e9, car on il est craint que les avantages \u00e0 la connaissance issus de ces analyses, ne soient souvent pas \u00e9quitablement partag\u00e9s entre les pays.<\/p>\n\n\n\n<p class=\"has-medium-font-size wp-block-paragraph\"><strong>Bien s\u00fbr devant l\u2019urgence, la priorit\u00e9 pour les autorit\u00e9s de sant\u00e9 congolaise est de comprendre l\u2019\u00e9tendue et la gravit\u00e9 de l\u2019\u00e9pid\u00e9mie. <\/strong>D\u2019ores et d\u00e9j\u00e0, le taux \u00e9lev\u00e9 de mortalit\u00e9 et le nombre de cas de personnes touch\u00e9es sont alarmants. Cependant, il appara\u00eet pour l\u2019instant compliqu\u00e9 de d\u00e9terminer l\u2019ampleur r\u00e9elle de cette \u00e9pid\u00e9mie au moment o\u00f9 nous publions, car tous les patients infect\u00e9s ne sont et probablement ne seront pas d\u00e9tect\u00e9s, faute de moyens appropri\u00e9s suffisants.<\/p>\n\n\n\n<p class=\"has-medium-font-size wp-block-paragraph\">En outre et pour diverses raisons, tous cas suspects infect\u00e9s ne cherchera pas n\u00e9cessairement pas \u00e0 se faire soigner. E<strong>n premier lieu parce que les centre de soins et de sant\u00e9 sont trop peu nombreux, en particulier dans les territoires \u00e9loign\u00e9s des principaux centres urbains, et manquent d\u2019un personnel suffisamment form\u00e9 \u00e0 ce type de pathologies nouvelles.<\/strong><\/p>\n\n\n\n<p class=\"has-medium-font-size wp-block-paragraph\">En effet, la RDC compte moins de deux m\u00e9decins pour 10 000 habitants (NDLR&nbsp;: \u00e0 titre de comparaison le Royaume-Uni, compte plus de 31 m\u00e9decins pour 10 000 habitants).<\/p>\n\n\n\n<p class=\"has-medium-font-size wp-block-paragraph\">Pour l\u2019OMS, le constat est imparable&nbsp;: \u00ab&nbsp;<em>m\u00eame si les patients se rendaient \u00e0 l\u2019h\u00f4pital ou dans une clinique, toutes les infections ne seraient pas diagnostiqu\u00e9es. Tous les patients ne seraient pas test\u00e9s pour l\u2019infection, et toutes les infections d\u00e9tect\u00e9es ne sont pas signal\u00e9es aux autorit\u00e9s sanitaires<\/em>&nbsp;\u00bb, nous r\u00e9pond l\u2019organisation onusienne.<\/p>\n\n\n\n<p class=\"has-medium-font-size wp-block-paragraph\">Le manque d\u2019informations statistiques et formelles sur la cause, l\u2019\u00e9tendue et le nombre de personnes infect\u00e9es, complique de surcro\u00eet l\u2019\u00e9valuation pr\u00e9cise de la menace que repr\u00e9sente cette nouvelle \u00e9pid\u00e9mie. Mais il ne s\u2019agit pas d\u2019un risque isol\u00e9 et cantonn\u00e9 aux pays en d\u00e9veloppement. L\u2019histoire occidentale r\u00e9cente, mondiale m\u00eame, a d\u00e9montr\u00e9 l\u2019apparition de maladies infectieuses nouvelles au fil des ans.<\/p>\n\n\n\n<p class=\"has-medium-font-size wp-block-paragraph\"><strong>De paroles d\u2019experts, les raisons en l\u00e9gion\u00a0: l\u2019ind\u00e9niable changement climatique, l\u2019\u00e9volution d\u00e9mographique ainsi que les mouvements de populations, l\u2019urbanisation et la d\u00e9forestation favorisant la \u00ab propagation et la mutation \u00bb de certaines souches virales et infectieuses des animaux aux humains.<\/strong><\/p>\n\n\n\n<h2 class=\"wp-block-heading\" id=\"h-notre-radar-mondial-epidemiologique-ne-fonctionne-plus\">Notre radar mondial \u00e9pid\u00e9miologique ne fonctionne plus.<\/h2>\n\n\n\n<p class=\"has-medium-font-size wp-block-paragraph\"><strong>Bref et malheureusement, notre radar mondial \u00e9pid\u00e9miologique<\/strong> ne fonctionne plus. <strong>\u00c9galement, la coop\u00e9ration en mati\u00e8re de surveillance des maladies est fragment\u00e9e \u00e0 l\u2019\u00e9chelle mondiale,<\/strong> incontestablement pour des questions \u00e9conomiques et de collectes de donn\u00e9es scientifiques\u00a0!<\/p>\n\n\n\n<p class=\"has-medium-font-size wp-block-paragraph\">Selon l\u2019OMS et dans le Sud global, plus particuli\u00e8rement dans les pays les plus pauvres, il persiste de trop nombreuses r\u00e9gions o\u00f9 les pand\u00e9mies ne sont pas d\u00e9tect\u00e9es ou le sont que trop tardivement au regard des masses de populations touch\u00e9es, souvent nomades ou en d\u00e9placements. Ce qui n\u2019arrange \u00e9videmment rien \u00e0 la collecte de donn\u00e9es \u00e9pid\u00e9miologiques essentielles, tant en pr\u00e9vention qu\u2019en mesures curatives. Les services de surveillance \u00e9pid\u00e9miologique manquent, tant de ressources mat\u00e9rielles que de personnels suffisamment form\u00e9s, ou bien encore de supervision. Aussi et faute d\u2019un r\u00e9el int\u00e9r\u00eat de la communaut\u00e9 internationale d\u2019une part, mais aussi d\u2019un partage de connaissance et de donn\u00e9es statistiques, leurs rapports et alertes ne sont que rarement normalis\u00e9s \u00e0 l\u2019\u00e9chelle de la communaut\u00e9 scientifique mondiale.<\/p>\n\n\n\n<p class=\"has-medium-font-size wp-block-paragraph\">De surcro\u00eet, le grand \u00e9cart entre le moment o\u00f9 une personne est infect\u00e9e et diagnostiqu\u00e9e d\u2019une maladie particuli\u00e8rement suspecte voire inconnue, et le moment o\u00f9 elle est signal\u00e9e aux autorit\u00e9s de sant\u00e9 publique, retarde dramatiquement les r\u00e9ponses de contr\u00f4le de ces pand\u00e9mies en devenir. Logiquement en l\u2019\u00e9tat, ces constats sont exacerb\u00e9s en Afrique subsaharienne, mais pas que.<\/p>\n\n\n\n<h2 class=\"wp-block-heading has-medium-font-size\" id=\"h-quelles-sont-les-mesures-essais-resolutions\"><strong>Quelles sont les mesures, essais, r\u00e9solutions ?<\/strong><\/h2>\n\n\n\n<p class=\"has-medium-font-size wp-block-paragraph\"><strong>Une initiative notable de l\u2019OMS, vise \u00e0 la mise \u00e0 l\u2019essai dans plusieurs pays d\u2019Afrique, d\u2019Am\u00e9rique du Sud et d\u2019Asie du Sud, du \u00ab\u00a0projet 7-1-7\u00a0\u00bb.<\/strong> <strong>Ce dernier a pour objectif ambitieux une r\u00e9activit\u00e9 de d\u00e9tection suspecte lors d\u2019\u00e9closions de maladies infectieuses, dans le d\u00e9lai de sept jours.<\/strong> Cette alerte notifi\u00e9e aux autorit\u00e9s de sant\u00e9 publique locales et nationales dans la journ\u00e9e, pr\u00e9voit un d\u00e9lai de sept jours afin de permettre de mener \u00e0 bien une r\u00e9ponse initiale \u00e0 toutes \u00e9pid\u00e9mies. Il s\u2019agit certes d\u2019un objectif louable, mais de nombreux experts estiment que parfois, ce dispositif est encore trop tardif notamment s\u2019agissant d\u2019\u00e9pid\u00e9mies \u00e0 \u00e9volution rapide.<\/p>\n\n\n\n<p class=\"has-medium-font-size wp-block-paragraph\">Evidemment, une autre solution bien plus pragmatique, consiste \u00e0 mieux int\u00e9grer et \u00e0 mieux coordonner les activit\u00e9s et les syst\u00e8mes de surveillance existants, \u00e0 la base de donn\u00e9es scientifiques internationale. Ainsi, l\u2019un des autres chevaux de bataille de l\u2019OMS, hormis ceux d\u00e9di\u00e9s directement aux pays concern\u00e9s, r\u00e9side dans l\u2019int\u00e9gration de la surveillance int\u00e9gr\u00e9e des maladies et de la riposte, principalement d\u00e9ploy\u00e9e en Afrique au cours des deux derni\u00e8res d\u00e9cennies, au sein des principaux dispositifs de recherches scientifiques internationaux.<\/p>\n\n\n\n<p class=\"has-medium-font-size wp-block-paragraph\">Malheureusement ce v\u0153u pieu connait un succ\u00e8s mitig\u00e9 jusqu\u2019\u00e0 pr\u00e9sent. Un rapport r\u00e9cent sur cette question essentielle rel\u00e8ve notamment des obstacles li\u00e9s aux syst\u00e8mes technologiques &nbsp;de partage de l\u2019information, plus clairement des contraintes financi\u00e8res expliquant ce d\u00e9ficit&nbsp; de partage des donn\u00e9es, ainsi qu\u2019encore une fois des p\u00e9nuries de main-d\u2019\u0153uvre laborantine qualifi\u00e9e.<\/p>\n\n\n\n<p class=\"has-medium-font-size wp-block-paragraph\"><strong>Dans le cadre de cette enqu\u00eate, <em>GEOpolitics<\/em> particuli\u00e8rement attentive aux questions de la Gen\u00e8ve internationale au travers votre serviteur, a notamment d\u00e9couvert le \u00ab\u00a0R\u00e9seau international de surveillance des agents pathog\u00e8nes\u00a0\u00bb, mis en place par le \u00ab\u00a0Centre de l\u2019OMS pour le renseignement sur les pand\u00e9mies et les \u00e9pid\u00e9mies\u00a0\u00bb. <\/strong>Ces organisations visent \u00e0 promouvoir la surveillance collaborative entre diff\u00e9rents organismes et secteurs (de la sant\u00e9 humaine \u00e0 la sant\u00e9 animale et \u00e0 l\u2019environnement), publics et priv\u00e9s et au-del\u00e0 tant des querelles de chapelles que de protectionnisme \u00e9conomique, afin de convaincre ces derniers de travailler ensemble, mais surtout de partager des informations cruciales au profit de l\u2019humain.<\/p>\n\n\n\n<p class=\"has-medium-font-size wp-block-paragraph\">Comme souvent dans la parole et les efforts des organisations onusiennes, l\u2019efficacit\u00e9 de ces initiatives reste \u00e0 s\u2019appliquer dans les faits, alors que th\u00e9oriquement celles-ci s\u2019imposent \u00e0 l\u2019ensemble de ses membres. Toutefois, elles constituent un pas dans la bonne direction.<\/p>\n\n\n\n<p class=\"has-medium-font-size wp-block-paragraph\">En conclusion le constat est clair\u00a0: <strong>faute d\u2019une meilleure surveillance des maladies \u00e0 l\u2019\u00e9chelle mondiale, d\u2019une coop\u00e9ration d\u00e9sint\u00e9ress\u00e9e, il n\u2019est pas exclu que nous passions \u00e0 c\u00f4t\u00e9 ou \u00e0 tout le moins trop tard, de la prochaine pand\u00e9mie venue d\u2019ailleurs.<\/strong><\/p>","protected":false},"excerpt":{"rendered":"<p>L\u2019alerte maximale a \u00e9t\u00e9 d\u00e9cr\u00e9t\u00e9e en R\u00e9publique d\u00e9mocratique du Congo face \u00e0 une \u00e9pid\u00e9mie myst\u00e9rieuse qui est apparue dans la r\u00e9gion recul\u00e9e&hellip;<\/p>","protected":false},"author":93,"featured_media":3269,"comment_status":"open","ping_status":"open","sticky":false,"template":"","format":"standard","meta":{"_lmt_disableupdate":"","_lmt_disable":"","footnotes":""},"categories":[5,4],"tags":[],"class_list":["post-3268","post","type-post","status-publish","format-standard","has-post-thumbnail","hentry","category-international","category-mis-en-avant"],"yoast_head":"<!-- This site is optimized with the Yoast SEO Premium plugin v28.1 (Yoast SEO v28.1) - https:\/\/yoast.com\/product\/yoast-seo-premium-wordpress\/ -->\n<title>En R\u00e9publique D\u00e9mocratique du Congo, cette myst\u00e9rieuse infection qui inqui\u00e8te le pays | Geopolitics.fr<\/title>\n<meta name=\"description\" content=\"Une maladie myst\u00e9rieuse s\u00e9vit dans le sud-ouest de la RDC et concerne principalement femmes et enfants. Difficile d&#039;en appr\u00e9cier l&#039;ampleur.\" \/>\n<meta name=\"robots\" content=\"index, follow, max-snippet:-1, max-image-preview:large, max-video-preview:-1\" \/>\n<link rel=\"canonical\" href=\"https:\/\/www.geopolitics.fr\/en\/2024\/12\/23\/en-republique-democratique-du-congo-cette-mysterieuse-infection-qui-inquiete-le-pays\/\" \/>\n<meta property=\"og:locale\" content=\"en_GB\" \/>\n<meta property=\"og:type\" content=\"article\" \/>\n<meta property=\"og:title\" content=\"En R\u00e9publique D\u00e9mocratique du Congo, cette myst\u00e9rieuse infection qui inqui\u00e8te le pays\" \/>\n<meta property=\"og:description\" content=\"Une maladie myst\u00e9rieuse s\u00e9vit dans le sud-ouest de la RDC et concerne principalement femmes et enfants. Difficile d&#039;en appr\u00e9cier l&#039;ampleur.\" \/>\n<meta property=\"og:url\" content=\"https:\/\/www.geopolitics.fr\/en\/2024\/12\/23\/en-republique-democratique-du-congo-cette-mysterieuse-infection-qui-inquiete-le-pays\/\" \/>\n<meta property=\"og:site_name\" content=\"Geopolitics.fr\" \/>\n<meta property=\"article:publisher\" content=\"https:\/\/www.facebook.com\/people\/Erwan-Davoux\/61557098968092\/\" \/>\n<meta property=\"article:author\" content=\"https:\/\/www.facebook.com\/odelagarde\" \/>\n<meta property=\"article:published_time\" content=\"2024-12-23T08:00:00+00:00\" \/>\n<meta property=\"og:image\" content=\"https:\/\/www.geopolitics.fr\/wp-content\/uploads\/2024\/12\/Epidemie-en-RDC-1.jpg\" \/>\n\t<meta property=\"og:image:width\" content=\"1024\" \/>\n\t<meta property=\"og:image:height\" content=\"576\" \/>\n\t<meta property=\"og:image:type\" content=\"image\/jpeg\" \/>\n<meta name=\"author\" content=\"Olivier DELAGARDE\" \/>\n<meta name=\"twitter:card\" content=\"summary_large_image\" \/>\n<meta name=\"twitter:creator\" content=\"@Geopolitics_Fr\" \/>\n<meta name=\"twitter:site\" content=\"@Geopolitics_Fr\" \/>\n<meta name=\"twitter:label1\" content=\"Written by\" \/>\n\t<meta name=\"twitter:data1\" content=\"Olivier DELAGARDE\" \/>\n\t<meta name=\"twitter:label2\" content=\"Estimated reading time\" \/>\n\t<meta name=\"twitter:data2\" content=\"8 minutes\" \/>\n<script type=\"application\/ld+json\" class=\"yoast-schema-graph\">{\"@context\":\"https:\\\/\\\/schema.org\",\"@graph\":[{\"@type\":\"Article\",\"@id\":\"https:\\\/\\\/www.geopolitics.fr\\\/2024\\\/12\\\/23\\\/en-republique-democratique-du-congo-cette-mysterieuse-infection-qui-inquiete-le-pays\\\/#article\",\"isPartOf\":{\"@id\":\"https:\\\/\\\/www.geopolitics.fr\\\/2024\\\/12\\\/23\\\/en-republique-democratique-du-congo-cette-mysterieuse-infection-qui-inquiete-le-pays\\\/\"},\"author\":{\"name\":\"Olivier DELAGARDE\",\"@id\":\"https:\\\/\\\/www.geopolitics.fr\\\/#\\\/schema\\\/person\\\/9b98d78234af63d6ad71199d66115350\"},\"headline\":\"En R\u00e9publique D\u00e9mocratique du Congo, cette myst\u00e9rieuse infection qui inqui\u00e8te le pays\",\"datePublished\":\"2024-12-23T08:00:00+00:00\",\"mainEntityOfPage\":{\"@id\":\"https:\\\/\\\/www.geopolitics.fr\\\/2024\\\/12\\\/23\\\/en-republique-democratique-du-congo-cette-mysterieuse-infection-qui-inquiete-le-pays\\\/\"},\"wordCount\":1636,\"commentCount\":0,\"publisher\":{\"@id\":\"https:\\\/\\\/www.geopolitics.fr\\\/#organization\"},\"image\":{\"@id\":\"https:\\\/\\\/www.geopolitics.fr\\\/2024\\\/12\\\/23\\\/en-republique-democratique-du-congo-cette-mysterieuse-infection-qui-inquiete-le-pays\\\/#primaryimage\"},\"thumbnailUrl\":\"https:\\\/\\\/www.geopolitics.fr\\\/wp-content\\\/uploads\\\/2024\\\/12\\\/Epidemie-en-RDC-1.jpg\",\"articleSection\":[\"International\",\"Mis en AVANT\"],\"inLanguage\":\"en-GB\"},{\"@type\":\"WebPage\",\"@id\":\"https:\\\/\\\/www.geopolitics.fr\\\/2024\\\/12\\\/23\\\/en-republique-democratique-du-congo-cette-mysterieuse-infection-qui-inquiete-le-pays\\\/\",\"url\":\"https:\\\/\\\/www.geopolitics.fr\\\/2024\\\/12\\\/23\\\/en-republique-democratique-du-congo-cette-mysterieuse-infection-qui-inquiete-le-pays\\\/\",\"name\":\"En R\u00e9publique D\u00e9mocratique du Congo, cette myst\u00e9rieuse infection qui inqui\u00e8te le pays | Geopolitics.fr\",\"isPartOf\":{\"@id\":\"https:\\\/\\\/www.geopolitics.fr\\\/#website\"},\"primaryImageOfPage\":{\"@id\":\"https:\\\/\\\/www.geopolitics.fr\\\/2024\\\/12\\\/23\\\/en-republique-democratique-du-congo-cette-mysterieuse-infection-qui-inquiete-le-pays\\\/#primaryimage\"},\"image\":{\"@id\":\"https:\\\/\\\/www.geopolitics.fr\\\/2024\\\/12\\\/23\\\/en-republique-democratique-du-congo-cette-mysterieuse-infection-qui-inquiete-le-pays\\\/#primaryimage\"},\"thumbnailUrl\":\"https:\\\/\\\/www.geopolitics.fr\\\/wp-content\\\/uploads\\\/2024\\\/12\\\/Epidemie-en-RDC-1.jpg\",\"datePublished\":\"2024-12-23T08:00:00+00:00\",\"description\":\"Une maladie myst\u00e9rieuse s\u00e9vit dans le sud-ouest de la RDC et concerne principalement femmes et enfants. Difficile d'en appr\u00e9cier l'ampleur.\",\"breadcrumb\":{\"@id\":\"https:\\\/\\\/www.geopolitics.fr\\\/2024\\\/12\\\/23\\\/en-republique-democratique-du-congo-cette-mysterieuse-infection-qui-inquiete-le-pays\\\/#breadcrumb\"},\"inLanguage\":\"en-GB\",\"potentialAction\":[{\"@type\":\"ReadAction\",\"target\":[\"https:\\\/\\\/www.geopolitics.fr\\\/2024\\\/12\\\/23\\\/en-republique-democratique-du-congo-cette-mysterieuse-infection-qui-inquiete-le-pays\\\/\"]}]},{\"@type\":\"ImageObject\",\"inLanguage\":\"en-GB\",\"@id\":\"https:\\\/\\\/www.geopolitics.fr\\\/2024\\\/12\\\/23\\\/en-republique-democratique-du-congo-cette-mysterieuse-infection-qui-inquiete-le-pays\\\/#primaryimage\",\"url\":\"https:\\\/\\\/www.geopolitics.fr\\\/wp-content\\\/uploads\\\/2024\\\/12\\\/Epidemie-en-RDC-1.jpg\",\"contentUrl\":\"https:\\\/\\\/www.geopolitics.fr\\\/wp-content\\\/uploads\\\/2024\\\/12\\\/Epidemie-en-RDC-1.jpg\",\"width\":1024,\"height\":576},{\"@type\":\"BreadcrumbList\",\"@id\":\"https:\\\/\\\/www.geopolitics.fr\\\/2024\\\/12\\\/23\\\/en-republique-democratique-du-congo-cette-mysterieuse-infection-qui-inquiete-le-pays\\\/#breadcrumb\",\"itemListElement\":[{\"@type\":\"ListItem\",\"position\":1,\"name\":\"Accueil\",\"item\":\"https:\\\/\\\/www.geopolitics.fr\\\/\"},{\"@type\":\"ListItem\",\"position\":2,\"name\":\"En R\u00e9publique D\u00e9mocratique du Congo, cette myst\u00e9rieuse infection qui inqui\u00e8te le pays\"}]},{\"@type\":\"WebSite\",\"@id\":\"https:\\\/\\\/www.geopolitics.fr\\\/#website\",\"url\":\"https:\\\/\\\/www.geopolitics.fr\\\/\",\"name\":\"Geopolitics.fr\",\"description\":\"Geopolitics.fr Analyse politique, relations internationales, d\u00e9fense - ligne \u00e9ditoriale gaullo-chiraquienne\",\"publisher\":{\"@id\":\"https:\\\/\\\/www.geopolitics.fr\\\/#organization\"},\"potentialAction\":[{\"@type\":\"SearchAction\",\"target\":{\"@type\":\"EntryPoint\",\"urlTemplate\":\"https:\\\/\\\/www.geopolitics.fr\\\/?s={search_term_string}\"},\"query-input\":{\"@type\":\"PropertyValueSpecification\",\"valueRequired\":true,\"valueName\":\"search_term_string\"}}],\"inLanguage\":\"en-GB\"},{\"@type\":\"Organization\",\"@id\":\"https:\\\/\\\/www.geopolitics.fr\\\/#organization\",\"name\":\"Geopolitics.fr\",\"url\":\"https:\\\/\\\/www.geopolitics.fr\\\/\",\"logo\":{\"@type\":\"ImageObject\",\"inLanguage\":\"en-GB\",\"@id\":\"https:\\\/\\\/www.geopolitics.fr\\\/#\\\/schema\\\/logo\\\/image\\\/\",\"url\":\"https:\\\/\\\/www.geopolitics.fr\\\/wp-content\\\/uploads\\\/2024\\\/01\\\/logo.jpg\",\"contentUrl\":\"https:\\\/\\\/www.geopolitics.fr\\\/wp-content\\\/uploads\\\/2024\\\/01\\\/logo.jpg\",\"width\":500,\"height\":500,\"caption\":\"Geopolitics.fr\"},\"image\":{\"@id\":\"https:\\\/\\\/www.geopolitics.fr\\\/#\\\/schema\\\/logo\\\/image\\\/\"},\"sameAs\":[\"https:\\\/\\\/www.facebook.com\\\/people\\\/Erwan-Davoux\\\/61557098968092\\\/\",\"https:\\\/\\\/x.com\\\/Geopolitics_Fr\"]},{\"@type\":\"Person\",\"@id\":\"https:\\\/\\\/www.geopolitics.fr\\\/#\\\/schema\\\/person\\\/9b98d78234af63d6ad71199d66115350\",\"name\":\"Olivier DELAGARDE\",\"image\":{\"@type\":\"ImageObject\",\"inLanguage\":\"en-GB\",\"@id\":\"https:\\\/\\\/secure.gravatar.com\\\/avatar\\\/2c50afbd303b51697d9591857ee182bf3ead572fa530da00bb0278cf506c3a97?s=96&d=mm&r=g\",\"url\":\"https:\\\/\\\/secure.gravatar.com\\\/avatar\\\/2c50afbd303b51697d9591857ee182bf3ead572fa530da00bb0278cf506c3a97?s=96&d=mm&r=g\",\"contentUrl\":\"https:\\\/\\\/secure.gravatar.com\\\/avatar\\\/2c50afbd303b51697d9591857ee182bf3ead572fa530da00bb0278cf506c3a97?s=96&d=mm&r=g\",\"caption\":\"Olivier DELAGARDE\"},\"description\":\"Journaliste depuis plus de 20 ans, accr\u00e9dit\u00e9 aupr\u00e8s de l'Organisation des Nations Unies, de la Ligue des Etats Arabes, titulaire de la Carte d'Identit\u00e9 des Journalistes Professionnels en France et de la F\u00e9d\u00e9ration Internationale des Journalistes, Olivier a occup\u00e9 le poste de Grand reporter correspondant permanent en \u00c9gypte pour des m\u00e9dias de renomm\u00e9e mondiale tels que TV5 MONDE, le GROUPE M6, le GROUPE TF1 ou encore l\u2019AFP. Durant plus de dix ann\u00e9es, il a produit de nombreux reportages sur la politique internationale en Afrique de l'Est, tout en couvrant les principaux conflits au Proche et Moyen-Orient. En tant que Chef de bureau Proche-Orient pour TV5 MONDE, il \u00e9tait responsable de la production de reportages, des relations institutionnelles et de la repr\u00e9sentation de la cha\u00eene, tout en \u00e9crivant pour plusieurs m\u00e9dias europ\u00e9ens et internationaux.\",\"sameAs\":[\"https:\\\/\\\/www.facebook.com\\\/odelagarde\",\"https:\\\/\\\/www.linkedin.com\\\/in\\\/olivier-delagarde-816b17270\\\/\"],\"url\":\"https:\\\/\\\/www.geopolitics.fr\\\/en\\\/author\\\/odelagarde\\\/\"}]}<\/script>\n<!-- \/ Yoast SEO Premium plugin. -->","yoast_head_json":{"title":"En R\u00e9publique D\u00e9mocratique du Congo, cette myst\u00e9rieuse infection qui inqui\u00e8te le pays | Geopolitics.fr","description":"Une maladie myst\u00e9rieuse s\u00e9vit dans le sud-ouest de la RDC et concerne principalement femmes et enfants. Difficile d'en appr\u00e9cier l'ampleur.","robots":{"index":"index","follow":"follow","max-snippet":"max-snippet:-1","max-image-preview":"max-image-preview:large","max-video-preview":"max-video-preview:-1"},"canonical":"https:\/\/www.geopolitics.fr\/en\/2024\/12\/23\/en-republique-democratique-du-congo-cette-mysterieuse-infection-qui-inquiete-le-pays\/","og_locale":"en_GB","og_type":"article","og_title":"En R\u00e9publique D\u00e9mocratique du Congo, cette myst\u00e9rieuse infection qui inqui\u00e8te le pays","og_description":"Une maladie myst\u00e9rieuse s\u00e9vit dans le sud-ouest de la RDC et concerne principalement femmes et enfants. Difficile d'en appr\u00e9cier l'ampleur.","og_url":"https:\/\/www.geopolitics.fr\/en\/2024\/12\/23\/en-republique-democratique-du-congo-cette-mysterieuse-infection-qui-inquiete-le-pays\/","og_site_name":"Geopolitics.fr","article_publisher":"https:\/\/www.facebook.com\/people\/Erwan-Davoux\/61557098968092\/","article_author":"https:\/\/www.facebook.com\/odelagarde","article_published_time":"2024-12-23T08:00:00+00:00","og_image":[{"width":1024,"height":576,"url":"https:\/\/www.geopolitics.fr\/wp-content\/uploads\/2024\/12\/Epidemie-en-RDC-1.jpg","type":"image\/jpeg"}],"author":"Olivier DELAGARDE","twitter_card":"summary_large_image","twitter_creator":"@Geopolitics_Fr","twitter_site":"@Geopolitics_Fr","twitter_misc":{"Written by":"Olivier DELAGARDE","Estimated reading time":"8 minutes"},"schema":{"@context":"https:\/\/schema.org","@graph":[{"@type":"Article","@id":"https:\/\/www.geopolitics.fr\/2024\/12\/23\/en-republique-democratique-du-congo-cette-mysterieuse-infection-qui-inquiete-le-pays\/#article","isPartOf":{"@id":"https:\/\/www.geopolitics.fr\/2024\/12\/23\/en-republique-democratique-du-congo-cette-mysterieuse-infection-qui-inquiete-le-pays\/"},"author":{"name":"Olivier DELAGARDE","@id":"https:\/\/www.geopolitics.fr\/#\/schema\/person\/9b98d78234af63d6ad71199d66115350"},"headline":"En R\u00e9publique D\u00e9mocratique du Congo, cette myst\u00e9rieuse infection qui inqui\u00e8te le pays","datePublished":"2024-12-23T08:00:00+00:00","mainEntityOfPage":{"@id":"https:\/\/www.geopolitics.fr\/2024\/12\/23\/en-republique-democratique-du-congo-cette-mysterieuse-infection-qui-inquiete-le-pays\/"},"wordCount":1636,"commentCount":0,"publisher":{"@id":"https:\/\/www.geopolitics.fr\/#organization"},"image":{"@id":"https:\/\/www.geopolitics.fr\/2024\/12\/23\/en-republique-democratique-du-congo-cette-mysterieuse-infection-qui-inquiete-le-pays\/#primaryimage"},"thumbnailUrl":"https:\/\/www.geopolitics.fr\/wp-content\/uploads\/2024\/12\/Epidemie-en-RDC-1.jpg","articleSection":["International","Mis en AVANT"],"inLanguage":"en-GB"},{"@type":"WebPage","@id":"https:\/\/www.geopolitics.fr\/2024\/12\/23\/en-republique-democratique-du-congo-cette-mysterieuse-infection-qui-inquiete-le-pays\/","url":"https:\/\/www.geopolitics.fr\/2024\/12\/23\/en-republique-democratique-du-congo-cette-mysterieuse-infection-qui-inquiete-le-pays\/","name":"En R\u00e9publique D\u00e9mocratique du Congo, cette myst\u00e9rieuse infection qui inqui\u00e8te le pays | Geopolitics.fr","isPartOf":{"@id":"https:\/\/www.geopolitics.fr\/#website"},"primaryImageOfPage":{"@id":"https:\/\/www.geopolitics.fr\/2024\/12\/23\/en-republique-democratique-du-congo-cette-mysterieuse-infection-qui-inquiete-le-pays\/#primaryimage"},"image":{"@id":"https:\/\/www.geopolitics.fr\/2024\/12\/23\/en-republique-democratique-du-congo-cette-mysterieuse-infection-qui-inquiete-le-pays\/#primaryimage"},"thumbnailUrl":"https:\/\/www.geopolitics.fr\/wp-content\/uploads\/2024\/12\/Epidemie-en-RDC-1.jpg","datePublished":"2024-12-23T08:00:00+00:00","description":"Une maladie myst\u00e9rieuse s\u00e9vit dans le sud-ouest de la RDC et concerne principalement femmes et enfants. Difficile d'en appr\u00e9cier l'ampleur.","breadcrumb":{"@id":"https:\/\/www.geopolitics.fr\/2024\/12\/23\/en-republique-democratique-du-congo-cette-mysterieuse-infection-qui-inquiete-le-pays\/#breadcrumb"},"inLanguage":"en-GB","potentialAction":[{"@type":"ReadAction","target":["https:\/\/www.geopolitics.fr\/2024\/12\/23\/en-republique-democratique-du-congo-cette-mysterieuse-infection-qui-inquiete-le-pays\/"]}]},{"@type":"ImageObject","inLanguage":"en-GB","@id":"https:\/\/www.geopolitics.fr\/2024\/12\/23\/en-republique-democratique-du-congo-cette-mysterieuse-infection-qui-inquiete-le-pays\/#primaryimage","url":"https:\/\/www.geopolitics.fr\/wp-content\/uploads\/2024\/12\/Epidemie-en-RDC-1.jpg","contentUrl":"https:\/\/www.geopolitics.fr\/wp-content\/uploads\/2024\/12\/Epidemie-en-RDC-1.jpg","width":1024,"height":576},{"@type":"BreadcrumbList","@id":"https:\/\/www.geopolitics.fr\/2024\/12\/23\/en-republique-democratique-du-congo-cette-mysterieuse-infection-qui-inquiete-le-pays\/#breadcrumb","itemListElement":[{"@type":"ListItem","position":1,"name":"Accueil","item":"https:\/\/www.geopolitics.fr\/"},{"@type":"ListItem","position":2,"name":"En R\u00e9publique D\u00e9mocratique du Congo, cette myst\u00e9rieuse infection qui inqui\u00e8te le pays"}]},{"@type":"WebSite","@id":"https:\/\/www.geopolitics.fr\/#website","url":"https:\/\/www.geopolitics.fr\/","name":"Geopolitics.fr","description":"Geopolitics.fr Analyse politique, relations internationales, d\u00e9fense - ligne \u00e9ditoriale gaullo-chiraquienne","publisher":{"@id":"https:\/\/www.geopolitics.fr\/#organization"},"potentialAction":[{"@type":"SearchAction","target":{"@type":"EntryPoint","urlTemplate":"https:\/\/www.geopolitics.fr\/?s={search_term_string}"},"query-input":{"@type":"PropertyValueSpecification","valueRequired":true,"valueName":"search_term_string"}}],"inLanguage":"en-GB"},{"@type":"Organization","@id":"https:\/\/www.geopolitics.fr\/#organization","name":"Geopolitics.fr","url":"https:\/\/www.geopolitics.fr\/","logo":{"@type":"ImageObject","inLanguage":"en-GB","@id":"https:\/\/www.geopolitics.fr\/#\/schema\/logo\/image\/","url":"https:\/\/www.geopolitics.fr\/wp-content\/uploads\/2024\/01\/logo.jpg","contentUrl":"https:\/\/www.geopolitics.fr\/wp-content\/uploads\/2024\/01\/logo.jpg","width":500,"height":500,"caption":"Geopolitics.fr"},"image":{"@id":"https:\/\/www.geopolitics.fr\/#\/schema\/logo\/image\/"},"sameAs":["https:\/\/www.facebook.com\/people\/Erwan-Davoux\/61557098968092\/","https:\/\/x.com\/Geopolitics_Fr"]},{"@type":"Person","@id":"https:\/\/www.geopolitics.fr\/#\/schema\/person\/9b98d78234af63d6ad71199d66115350","name":"Olivier DELAGARDE","image":{"@type":"ImageObject","inLanguage":"en-GB","@id":"https:\/\/secure.gravatar.com\/avatar\/2c50afbd303b51697d9591857ee182bf3ead572fa530da00bb0278cf506c3a97?s=96&d=mm&r=g","url":"https:\/\/secure.gravatar.com\/avatar\/2c50afbd303b51697d9591857ee182bf3ead572fa530da00bb0278cf506c3a97?s=96&d=mm&r=g","contentUrl":"https:\/\/secure.gravatar.com\/avatar\/2c50afbd303b51697d9591857ee182bf3ead572fa530da00bb0278cf506c3a97?s=96&d=mm&r=g","caption":"Olivier DELAGARDE"},"description":"Journaliste depuis plus de 20 ans, accr\u00e9dit\u00e9 aupr\u00e8s de l'Organisation des Nations Unies, de la Ligue des Etats Arabes, titulaire de la Carte d'Identit\u00e9 des Journalistes Professionnels en France et de la F\u00e9d\u00e9ration Internationale des Journalistes, Olivier a occup\u00e9 le poste de Grand reporter correspondant permanent en \u00c9gypte pour des m\u00e9dias de renomm\u00e9e mondiale tels que TV5 MONDE, le GROUPE M6, le GROUPE TF1 ou encore l\u2019AFP. Durant plus de dix ann\u00e9es, il a produit de nombreux reportages sur la politique internationale en Afrique de l'Est, tout en couvrant les principaux conflits au Proche et Moyen-Orient. En tant que Chef de bureau Proche-Orient pour TV5 MONDE, il \u00e9tait responsable de la production de reportages, des relations institutionnelles et de la repr\u00e9sentation de la cha\u00eene, tout en \u00e9crivant pour plusieurs m\u00e9dias europ\u00e9ens et internationaux.","sameAs":["https:\/\/www.facebook.com\/odelagarde","https:\/\/www.linkedin.com\/in\/olivier-delagarde-816b17270\/"],"url":"https:\/\/www.geopolitics.fr\/en\/author\/odelagarde\/"}]}},"_links":{"self":[{"href":"https:\/\/www.geopolitics.fr\/en\/wp-json\/wp\/v2\/posts\/3268","targetHints":{"allow":["GET"]}}],"collection":[{"href":"https:\/\/www.geopolitics.fr\/en\/wp-json\/wp\/v2\/posts"}],"about":[{"href":"https:\/\/www.geopolitics.fr\/en\/wp-json\/wp\/v2\/types\/post"}],"author":[{"embeddable":true,"href":"https:\/\/www.geopolitics.fr\/en\/wp-json\/wp\/v2\/users\/93"}],"replies":[{"embeddable":true,"href":"https:\/\/www.geopolitics.fr\/en\/wp-json\/wp\/v2\/comments?post=3268"}],"version-history":[{"count":0,"href":"https:\/\/www.geopolitics.fr\/en\/wp-json\/wp\/v2\/posts\/3268\/revisions"}],"wp:featuredmedia":[{"embeddable":true,"href":"https:\/\/www.geopolitics.fr\/en\/wp-json\/wp\/v2\/media\/3269"}],"wp:attachment":[{"href":"https:\/\/www.geopolitics.fr\/en\/wp-json\/wp\/v2\/media?parent=3268"}],"wp:term":[{"taxonomy":"category","embeddable":true,"href":"https:\/\/www.geopolitics.fr\/en\/wp-json\/wp\/v2\/categories?post=3268"},{"taxonomy":"post_tag","embeddable":true,"href":"https:\/\/www.geopolitics.fr\/en\/wp-json\/wp\/v2\/tags?post=3268"}],"curies":[{"name":"wp","href":"https:\/\/api.w.org\/{rel}","templated":true}]}}