{"id":3252,"date":"2024-12-13T12:42:40","date_gmt":"2024-12-13T11:42:40","guid":{"rendered":"https:\/\/www.geopolitics.fr\/?p=3252"},"modified":"2024-12-13T14:31:24","modified_gmt":"2024-12-13T13:31:24","slug":"la-revanche-de-francois-bayrou","status":"publish","type":"post","link":"https:\/\/www.geopolitics.fr\/en\/2024\/12\/13\/la-revanche-de-francois-bayrou\/","title":{"rendered":"La revanche de Fran\u00e7ois Bayrou"},"content":{"rendered":"<p class=\"has-medium-font-size wp-block-paragraph\">La nomination de Fran\u00e7ois Bayrou \u00e0 Matignon est celle d\u2019un politique de premier plan, exp\u00e9riment\u00e9 qui a pes\u00e9 sur les \u00e9lections pr\u00e9sidentielles. <strong>C\u2019est une personnalit\u00e9 ind\u00e9pendante qui a r\u00e9guli\u00e8rement fait entendra sa diff\u00e9rence. C\u2019est un vrai Premier ministre qui exercera pleinement les pouvoirs que lui conf\u00e8re la Constitution.<\/strong><\/p>\n\n\n\n<p class=\"has-medium-font-size wp-block-paragraph\"><strong>N\u00e9anmoins, elle ne r\u00e9sout pas, par elle-m\u00eame, la question de la paralysie de l\u2019Assembl\u00e9e Nationale. <\/strong>En effet, elle est plut\u00f4t de nature \u00e0 h\u00e9risser les R\u00e9publicains. Elle est une <strong>claque pour Nicolas Sarkozy<\/strong>, la relation \u00e9tant d\u00e9testable entre les deux hommes. L\u2019ancien Pr\u00e9sident faisant du nouveau Premier le responsable de sa d\u00e9faite face \u00e0 Fran\u00e7ois Hollande en 2012. <strong>Les R\u00e9publicains avaient cru, par un concours de circonstances extr\u00eamement favorables qu\u2019ils avaient une prise sur les \u00e9v\u00e8nements. Ils sont ramen\u00e9s \u00e0 la triste r\u00e9alit\u00e9\u00a0<\/strong>: \u00e0 peine plus d\u2019un million de voix, 47 d\u00e9put\u00e9s. Ces donn\u00e9es auraient \u00e9t\u00e9 divis\u00e9es par deux en l\u2019absence de Front R\u00e9publicain durant l\u2019entre-deux tours. La droite fran\u00e7aise a besoin d\u2019une refondation totale \u00e0 laquelle elle se refuse se contentant de fonctions, bureaux, chauffeurs et autres petits privil\u00e8ges sans importance.<\/p>\n\n\n\n<p class=\"has-medium-font-size wp-block-paragraph\"><strong>L\u2019attitude du PS aura toute son importance. Fran\u00e7ois Bayrou est plus proche de ce parti que de la droite populiste.<\/strong> Le PS osera-t-il aller \u00e0 la rupture avec La France Insoumise alors que cette alliance de bric et de broc lui a permis d&rsquo;obtenir un nombre de d\u00e9put\u00e9s largement sup\u00e9rieur \u00e0 son assise \u00e9lectorale ?<\/p>\n\n\n\n<p class=\"has-medium-font-size wp-block-paragraph\"><strong>Le RN n\u2019a pas manifest\u00e9 d\u2019opposition <\/strong>connaissant l\u2019attachement de longue date de Fran\u00e7ois Bayrou au scrutin proportionnel ainsi que sa prise de position r\u00e9cente dans l\u2019affaire des emplois des emplois fictifs des assistants RN au Parlement Europ\u00e9en. N\u00e9anmoins les points de convergence sur le fond sont quasi-inexistants. <strong>Pas de censure a priori mais quid du long terme\u00a0?<\/strong><\/p>\n\n\n\n<p class=\"has-medium-font-size wp-block-paragraph\">La constitution du gouvernement sera une vraie \u00e9preuve. Peut-on esp\u00e9rer des ministres exp\u00e9riment\u00e9s, disposant d\u2019un vrai parcours, plut\u00f4t que d\u2019inconnus plac\u00e9s ici ou l\u00e0 pour faire plaisir \u00e0 tel ou tel chapeau \u00e0 plume\u00a0? <strong>Peut-\u00eatre. Il existe un imp\u00e9ratif de cr\u00e9dibilit\u00e9.<\/strong><\/p>\n\n\n\n<p class=\"has-medium-font-size wp-block-paragraph\"><strong>Il s&rsquo;agit du gouvernement de la derni\u00e8re chance pour Emmanuel Macron<\/strong> qui a r\u00e9tabli l&rsquo;instabilit\u00e9 gouvernementale de la IV\u00e8me R\u00e9publique.<\/p>","protected":false},"excerpt":{"rendered":"<p>La nomination de Fran\u00e7ois Bayrou \u00e0 Matignon est celle d\u2019un politique de premier plan, exp\u00e9riment\u00e9 qui a pes\u00e9 sur les \u00e9lections pr\u00e9sidentielles.&hellip;<\/p>","protected":false},"author":16,"featured_media":3253,"comment_status":"open","ping_status":"open","sticky":false,"template":"","format":"standard","meta":{"_lmt_disableupdate":"","_lmt_disable":"","footnotes":""},"categories":[34,4,3],"tags":[178],"class_list":["post-3252","post","type-post","status-publish","format-standard","has-post-thumbnail","hentry","category-editorial","category-mis-en-avant","category-politique","tag-bayrou"],"yoast_head":"<!-- This site is optimized with the Yoast SEO Premium plugin v28.1 (Yoast SEO v28.1) - https:\/\/yoast.com\/product\/yoast-seo-premium-wordpress\/ -->\n<title>La revanche de Fran\u00e7ois Bayrou | Geopolitics.fr<\/title>\n<meta name=\"description\" content=\"La nomination de Fran\u00e7ois Bayrou est celle d&#039;un politique ind\u00e9pendant et exp\u00e9riment\u00e9. Pourra-t-il mettre fin \u00e0 la paralysie des Institutions?\" \/>\n<meta name=\"robots\" content=\"index, follow, max-snippet:-1, max-image-preview:large, max-video-preview:-1\" \/>\n<link rel=\"canonical\" href=\"https:\/\/www.geopolitics.fr\/en\/2024\/12\/13\/la-revanche-de-francois-bayrou\/\" \/>\n<meta property=\"og:locale\" content=\"en_GB\" \/>\n<meta property=\"og:type\" content=\"article\" \/>\n<meta property=\"og:title\" content=\"La revanche de Fran\u00e7ois Bayrou\" \/>\n<meta property=\"og:description\" content=\"La nomination de Fran\u00e7ois Bayrou est celle d&#039;un politique ind\u00e9pendant et exp\u00e9riment\u00e9. Pourra-t-il mettre fin \u00e0 la paralysie des Institutions?\" \/>\n<meta property=\"og:url\" content=\"https:\/\/www.geopolitics.fr\/en\/2024\/12\/13\/la-revanche-de-francois-bayrou\/\" \/>\n<meta property=\"og:site_name\" content=\"Geopolitics.fr\" \/>\n<meta property=\"article:publisher\" content=\"https:\/\/www.facebook.com\/people\/Erwan-Davoux\/61557098968092\/\" \/>\n<meta property=\"article:author\" content=\"Erwan Davoux\" \/>\n<meta property=\"article:published_time\" content=\"2024-12-13T11:42:40+00:00\" \/>\n<meta property=\"article:modified_time\" content=\"2024-12-13T13:31:24+00:00\" \/>\n<meta property=\"og:image\" content=\"https:\/\/www.geopolitics.fr\/wp-content\/uploads\/2024\/12\/bayrou.jpg\" \/>\n\t<meta property=\"og:image:width\" content=\"1168\" \/>\n\t<meta property=\"og:image:height\" content=\"709\" \/>\n\t<meta property=\"og:image:type\" content=\"image\/jpeg\" \/>\n<meta name=\"author\" content=\"Erwan Davoux\" \/>\n<meta name=\"twitter:card\" content=\"summary_large_image\" \/>\n<meta name=\"twitter:creator\" content=\"@erwandavoux @Geo_politicsfr\" \/>\n<meta name=\"twitter:site\" content=\"@Geopolitics_Fr\" \/>\n<meta name=\"twitter:label1\" content=\"Written by\" \/>\n\t<meta name=\"twitter:data1\" content=\"Erwan Davoux\" \/>\n\t<meta name=\"twitter:label2\" content=\"Estimated reading time\" \/>\n\t<meta name=\"twitter:data2\" content=\"3 minutes\" \/>\n<script type=\"application\/ld+json\" class=\"yoast-schema-graph\">{\"@context\":\"https:\\\/\\\/schema.org\",\"@graph\":[{\"@type\":\"Article\",\"@id\":\"https:\\\/\\\/www.geopolitics.fr\\\/2024\\\/12\\\/13\\\/la-revanche-de-francois-bayrou\\\/#article\",\"isPartOf\":{\"@id\":\"https:\\\/\\\/www.geopolitics.fr\\\/2024\\\/12\\\/13\\\/la-revanche-de-francois-bayrou\\\/\"},\"author\":{\"name\":\"Erwan Davoux\",\"@id\":\"https:\\\/\\\/www.geopolitics.fr\\\/#\\\/schema\\\/person\\\/a487273e91313e368925717400fa1b11\"},\"headline\":\"La revanche de Fran\u00e7ois Bayrou\",\"datePublished\":\"2024-12-13T11:42:40+00:00\",\"dateModified\":\"2024-12-13T13:31:24+00:00\",\"mainEntityOfPage\":{\"@id\":\"https:\\\/\\\/www.geopolitics.fr\\\/2024\\\/12\\\/13\\\/la-revanche-de-francois-bayrou\\\/\"},\"wordCount\":417,\"commentCount\":0,\"publisher\":{\"@id\":\"https:\\\/\\\/www.geopolitics.fr\\\/#organization\"},\"image\":{\"@id\":\"https:\\\/\\\/www.geopolitics.fr\\\/2024\\\/12\\\/13\\\/la-revanche-de-francois-bayrou\\\/#primaryimage\"},\"thumbnailUrl\":\"https:\\\/\\\/www.geopolitics.fr\\\/wp-content\\\/uploads\\\/2024\\\/12\\\/bayrou.jpg\",\"keywords\":[\"BAYROU\"],\"articleSection\":[\"Editorial\",\"Mis en AVANT\",\"Politique\"],\"inLanguage\":\"en-GB\"},{\"@type\":\"WebPage\",\"@id\":\"https:\\\/\\\/www.geopolitics.fr\\\/2024\\\/12\\\/13\\\/la-revanche-de-francois-bayrou\\\/\",\"url\":\"https:\\\/\\\/www.geopolitics.fr\\\/2024\\\/12\\\/13\\\/la-revanche-de-francois-bayrou\\\/\",\"name\":\"La revanche de Fran\u00e7ois Bayrou | Geopolitics.fr\",\"isPartOf\":{\"@id\":\"https:\\\/\\\/www.geopolitics.fr\\\/#website\"},\"primaryImageOfPage\":{\"@id\":\"https:\\\/\\\/www.geopolitics.fr\\\/2024\\\/12\\\/13\\\/la-revanche-de-francois-bayrou\\\/#primaryimage\"},\"image\":{\"@id\":\"https:\\\/\\\/www.geopolitics.fr\\\/2024\\\/12\\\/13\\\/la-revanche-de-francois-bayrou\\\/#primaryimage\"},\"thumbnailUrl\":\"https:\\\/\\\/www.geopolitics.fr\\\/wp-content\\\/uploads\\\/2024\\\/12\\\/bayrou.jpg\",\"datePublished\":\"2024-12-13T11:42:40+00:00\",\"dateModified\":\"2024-12-13T13:31:24+00:00\",\"description\":\"La nomination de Fran\u00e7ois Bayrou est celle d'un politique ind\u00e9pendant et exp\u00e9riment\u00e9. Pourra-t-il mettre fin \u00e0 la paralysie des Institutions?\",\"breadcrumb\":{\"@id\":\"https:\\\/\\\/www.geopolitics.fr\\\/2024\\\/12\\\/13\\\/la-revanche-de-francois-bayrou\\\/#breadcrumb\"},\"inLanguage\":\"en-GB\",\"potentialAction\":[{\"@type\":\"ReadAction\",\"target\":[\"https:\\\/\\\/www.geopolitics.fr\\\/2024\\\/12\\\/13\\\/la-revanche-de-francois-bayrou\\\/\"]}]},{\"@type\":\"ImageObject\",\"inLanguage\":\"en-GB\",\"@id\":\"https:\\\/\\\/www.geopolitics.fr\\\/2024\\\/12\\\/13\\\/la-revanche-de-francois-bayrou\\\/#primaryimage\",\"url\":\"https:\\\/\\\/www.geopolitics.fr\\\/wp-content\\\/uploads\\\/2024\\\/12\\\/bayrou.jpg\",\"contentUrl\":\"https:\\\/\\\/www.geopolitics.fr\\\/wp-content\\\/uploads\\\/2024\\\/12\\\/bayrou.jpg\",\"width\":1168,\"height\":709},{\"@type\":\"BreadcrumbList\",\"@id\":\"https:\\\/\\\/www.geopolitics.fr\\\/2024\\\/12\\\/13\\\/la-revanche-de-francois-bayrou\\\/#breadcrumb\",\"itemListElement\":[{\"@type\":\"ListItem\",\"position\":1,\"name\":\"Accueil\",\"item\":\"https:\\\/\\\/www.geopolitics.fr\\\/\"},{\"@type\":\"ListItem\",\"position\":2,\"name\":\"La revanche de Fran\u00e7ois Bayrou\"}]},{\"@type\":\"WebSite\",\"@id\":\"https:\\\/\\\/www.geopolitics.fr\\\/#website\",\"url\":\"https:\\\/\\\/www.geopolitics.fr\\\/\",\"name\":\"Geopolitics.fr\",\"description\":\"Geopolitics.fr Analyse politique, relations internationales, d\u00e9fense - ligne \u00e9ditoriale gaullo-chiraquienne\",\"publisher\":{\"@id\":\"https:\\\/\\\/www.geopolitics.fr\\\/#organization\"},\"potentialAction\":[{\"@type\":\"SearchAction\",\"target\":{\"@type\":\"EntryPoint\",\"urlTemplate\":\"https:\\\/\\\/www.geopolitics.fr\\\/?s={search_term_string}\"},\"query-input\":{\"@type\":\"PropertyValueSpecification\",\"valueRequired\":true,\"valueName\":\"search_term_string\"}}],\"inLanguage\":\"en-GB\"},{\"@type\":\"Organization\",\"@id\":\"https:\\\/\\\/www.geopolitics.fr\\\/#organization\",\"name\":\"Geopolitics.fr\",\"url\":\"https:\\\/\\\/www.geopolitics.fr\\\/\",\"logo\":{\"@type\":\"ImageObject\",\"inLanguage\":\"en-GB\",\"@id\":\"https:\\\/\\\/www.geopolitics.fr\\\/#\\\/schema\\\/logo\\\/image\\\/\",\"url\":\"https:\\\/\\\/www.geopolitics.fr\\\/wp-content\\\/uploads\\\/2024\\\/01\\\/logo.jpg\",\"contentUrl\":\"https:\\\/\\\/www.geopolitics.fr\\\/wp-content\\\/uploads\\\/2024\\\/01\\\/logo.jpg\",\"width\":500,\"height\":500,\"caption\":\"Geopolitics.fr\"},\"image\":{\"@id\":\"https:\\\/\\\/www.geopolitics.fr\\\/#\\\/schema\\\/logo\\\/image\\\/\"},\"sameAs\":[\"https:\\\/\\\/www.facebook.com\\\/people\\\/Erwan-Davoux\\\/61557098968092\\\/\",\"https:\\\/\\\/x.com\\\/Geopolitics_Fr\"]},{\"@type\":\"Person\",\"@id\":\"https:\\\/\\\/www.geopolitics.fr\\\/#\\\/schema\\\/person\\\/a487273e91313e368925717400fa1b11\",\"name\":\"Erwan Davoux\",\"image\":{\"@type\":\"ImageObject\",\"inLanguage\":\"en-GB\",\"@id\":\"https:\\\/\\\/www.geopolitics.fr\\\/wp-content\\\/uploads\\\/2026\\\/05\\\/moi-96x96.jpg\",\"url\":\"https:\\\/\\\/www.geopolitics.fr\\\/wp-content\\\/uploads\\\/2026\\\/05\\\/moi-96x96.jpg\",\"contentUrl\":\"https:\\\/\\\/www.geopolitics.fr\\\/wp-content\\\/uploads\\\/2026\\\/05\\\/moi-96x96.jpg\",\"caption\":\"Erwan Davoux\"},\"description\":\"Erwan DAVOUX est Pr\u00e9sident de LMD CONSEIL, (conseil strat\u00e9gique, intelligence \u00e9conomique, risque g\u00e9opolitique, influence politique, diplomatie \u00e9conomique). Dipl\u00f4m\u00e9 de l'IEP de Paris et de l'INALCO (d\u00e9partement d'\u00e9tudes arabes), il est directeur de la publication de geopolitics.fr. Ancien fonctionnaire au Minist\u00e8re de l'Int\u00e9rieur et de la D\u00e9fense (DGSE) Ancien charg\u00e9 de Mission \u00e0 la Pr\u00e9sidence de la R\u00e9publique (cellule diplomatique) Conseil de nombreuses personnalit\u00e9s politiques \u00e0 l'International (dont deux anciens Premiers ministres).\",\"sameAs\":[\"Erwan Davoux\",\"@erwandavoux\",\"https:\\\/\\\/www.linkedin.com\\\/in\\\/erwan-davoux-6800b289\\\/\",\"https:\\\/\\\/x.com\\\/@erwandavoux @Geo_politicsfr\"],\"url\":\"https:\\\/\\\/www.geopolitics.fr\\\/en\\\/author\\\/erwan-davoux\\\/\"}]}<\/script>\n<!-- \/ Yoast SEO Premium plugin. -->","yoast_head_json":{"title":"La revanche de Fran\u00e7ois Bayrou | Geopolitics.fr","description":"La nomination de Fran\u00e7ois Bayrou est celle d'un politique ind\u00e9pendant et exp\u00e9riment\u00e9. Pourra-t-il mettre fin \u00e0 la paralysie des Institutions?","robots":{"index":"index","follow":"follow","max-snippet":"max-snippet:-1","max-image-preview":"max-image-preview:large","max-video-preview":"max-video-preview:-1"},"canonical":"https:\/\/www.geopolitics.fr\/en\/2024\/12\/13\/la-revanche-de-francois-bayrou\/","og_locale":"en_GB","og_type":"article","og_title":"La revanche de Fran\u00e7ois Bayrou","og_description":"La nomination de Fran\u00e7ois Bayrou est celle d'un politique ind\u00e9pendant et exp\u00e9riment\u00e9. Pourra-t-il mettre fin \u00e0 la paralysie des Institutions?","og_url":"https:\/\/www.geopolitics.fr\/en\/2024\/12\/13\/la-revanche-de-francois-bayrou\/","og_site_name":"Geopolitics.fr","article_publisher":"https:\/\/www.facebook.com\/people\/Erwan-Davoux\/61557098968092\/","article_author":"Erwan Davoux","article_published_time":"2024-12-13T11:42:40+00:00","article_modified_time":"2024-12-13T13:31:24+00:00","og_image":[{"width":1168,"height":709,"url":"https:\/\/www.geopolitics.fr\/wp-content\/uploads\/2024\/12\/bayrou.jpg","type":"image\/jpeg"}],"author":"Erwan Davoux","twitter_card":"summary_large_image","twitter_creator":"@erwandavoux @Geo_politicsfr","twitter_site":"@Geopolitics_Fr","twitter_misc":{"Written by":"Erwan Davoux","Estimated reading time":"3 minutes"},"schema":{"@context":"https:\/\/schema.org","@graph":[{"@type":"Article","@id":"https:\/\/www.geopolitics.fr\/2024\/12\/13\/la-revanche-de-francois-bayrou\/#article","isPartOf":{"@id":"https:\/\/www.geopolitics.fr\/2024\/12\/13\/la-revanche-de-francois-bayrou\/"},"author":{"name":"Erwan Davoux","@id":"https:\/\/www.geopolitics.fr\/#\/schema\/person\/a487273e91313e368925717400fa1b11"},"headline":"La revanche de Fran\u00e7ois Bayrou","datePublished":"2024-12-13T11:42:40+00:00","dateModified":"2024-12-13T13:31:24+00:00","mainEntityOfPage":{"@id":"https:\/\/www.geopolitics.fr\/2024\/12\/13\/la-revanche-de-francois-bayrou\/"},"wordCount":417,"commentCount":0,"publisher":{"@id":"https:\/\/www.geopolitics.fr\/#organization"},"image":{"@id":"https:\/\/www.geopolitics.fr\/2024\/12\/13\/la-revanche-de-francois-bayrou\/#primaryimage"},"thumbnailUrl":"https:\/\/www.geopolitics.fr\/wp-content\/uploads\/2024\/12\/bayrou.jpg","keywords":["BAYROU"],"articleSection":["Editorial","Mis en AVANT","Politique"],"inLanguage":"en-GB"},{"@type":"WebPage","@id":"https:\/\/www.geopolitics.fr\/2024\/12\/13\/la-revanche-de-francois-bayrou\/","url":"https:\/\/www.geopolitics.fr\/2024\/12\/13\/la-revanche-de-francois-bayrou\/","name":"La revanche de Fran\u00e7ois Bayrou | Geopolitics.fr","isPartOf":{"@id":"https:\/\/www.geopolitics.fr\/#website"},"primaryImageOfPage":{"@id":"https:\/\/www.geopolitics.fr\/2024\/12\/13\/la-revanche-de-francois-bayrou\/#primaryimage"},"image":{"@id":"https:\/\/www.geopolitics.fr\/2024\/12\/13\/la-revanche-de-francois-bayrou\/#primaryimage"},"thumbnailUrl":"https:\/\/www.geopolitics.fr\/wp-content\/uploads\/2024\/12\/bayrou.jpg","datePublished":"2024-12-13T11:42:40+00:00","dateModified":"2024-12-13T13:31:24+00:00","description":"La nomination de Fran\u00e7ois Bayrou est celle d'un politique ind\u00e9pendant et exp\u00e9riment\u00e9. Pourra-t-il mettre fin \u00e0 la paralysie des Institutions?","breadcrumb":{"@id":"https:\/\/www.geopolitics.fr\/2024\/12\/13\/la-revanche-de-francois-bayrou\/#breadcrumb"},"inLanguage":"en-GB","potentialAction":[{"@type":"ReadAction","target":["https:\/\/www.geopolitics.fr\/2024\/12\/13\/la-revanche-de-francois-bayrou\/"]}]},{"@type":"ImageObject","inLanguage":"en-GB","@id":"https:\/\/www.geopolitics.fr\/2024\/12\/13\/la-revanche-de-francois-bayrou\/#primaryimage","url":"https:\/\/www.geopolitics.fr\/wp-content\/uploads\/2024\/12\/bayrou.jpg","contentUrl":"https:\/\/www.geopolitics.fr\/wp-content\/uploads\/2024\/12\/bayrou.jpg","width":1168,"height":709},{"@type":"BreadcrumbList","@id":"https:\/\/www.geopolitics.fr\/2024\/12\/13\/la-revanche-de-francois-bayrou\/#breadcrumb","itemListElement":[{"@type":"ListItem","position":1,"name":"Accueil","item":"https:\/\/www.geopolitics.fr\/"},{"@type":"ListItem","position":2,"name":"La revanche de Fran\u00e7ois Bayrou"}]},{"@type":"WebSite","@id":"https:\/\/www.geopolitics.fr\/#website","url":"https:\/\/www.geopolitics.fr\/","name":"Geopolitics.fr","description":"Geopolitics.fr Analyse politique, relations internationales, d\u00e9fense - ligne \u00e9ditoriale gaullo-chiraquienne","publisher":{"@id":"https:\/\/www.geopolitics.fr\/#organization"},"potentialAction":[{"@type":"SearchAction","target":{"@type":"EntryPoint","urlTemplate":"https:\/\/www.geopolitics.fr\/?s={search_term_string}"},"query-input":{"@type":"PropertyValueSpecification","valueRequired":true,"valueName":"search_term_string"}}],"inLanguage":"en-GB"},{"@type":"Organization","@id":"https:\/\/www.geopolitics.fr\/#organization","name":"Geopolitics.fr","url":"https:\/\/www.geopolitics.fr\/","logo":{"@type":"ImageObject","inLanguage":"en-GB","@id":"https:\/\/www.geopolitics.fr\/#\/schema\/logo\/image\/","url":"https:\/\/www.geopolitics.fr\/wp-content\/uploads\/2024\/01\/logo.jpg","contentUrl":"https:\/\/www.geopolitics.fr\/wp-content\/uploads\/2024\/01\/logo.jpg","width":500,"height":500,"caption":"Geopolitics.fr"},"image":{"@id":"https:\/\/www.geopolitics.fr\/#\/schema\/logo\/image\/"},"sameAs":["https:\/\/www.facebook.com\/people\/Erwan-Davoux\/61557098968092\/","https:\/\/x.com\/Geopolitics_Fr"]},{"@type":"Person","@id":"https:\/\/www.geopolitics.fr\/#\/schema\/person\/a487273e91313e368925717400fa1b11","name":"Erwan Davoux","image":{"@type":"ImageObject","inLanguage":"en-GB","@id":"https:\/\/www.geopolitics.fr\/wp-content\/uploads\/2026\/05\/moi-96x96.jpg","url":"https:\/\/www.geopolitics.fr\/wp-content\/uploads\/2026\/05\/moi-96x96.jpg","contentUrl":"https:\/\/www.geopolitics.fr\/wp-content\/uploads\/2026\/05\/moi-96x96.jpg","caption":"Erwan Davoux"},"description":"Erwan DAVOUX est Pr\u00e9sident de LMD CONSEIL, (conseil strat\u00e9gique, intelligence \u00e9conomique, risque g\u00e9opolitique, influence politique, diplomatie \u00e9conomique). Dipl\u00f4m\u00e9 de l'IEP de Paris et de l'INALCO (d\u00e9partement d'\u00e9tudes arabes), il est directeur de la publication de geopolitics.fr. Ancien fonctionnaire au Minist\u00e8re de l'Int\u00e9rieur et de la D\u00e9fense (DGSE) Ancien charg\u00e9 de Mission \u00e0 la Pr\u00e9sidence de la R\u00e9publique (cellule diplomatique) Conseil de nombreuses personnalit\u00e9s politiques \u00e0 l'International (dont deux anciens Premiers ministres).","sameAs":["Erwan Davoux","@erwandavoux","https:\/\/www.linkedin.com\/in\/erwan-davoux-6800b289\/","https:\/\/x.com\/@erwandavoux @Geo_politicsfr"],"url":"https:\/\/www.geopolitics.fr\/en\/author\/erwan-davoux\/"}]}},"_links":{"self":[{"href":"https:\/\/www.geopolitics.fr\/en\/wp-json\/wp\/v2\/posts\/3252","targetHints":{"allow":["GET"]}}],"collection":[{"href":"https:\/\/www.geopolitics.fr\/en\/wp-json\/wp\/v2\/posts"}],"about":[{"href":"https:\/\/www.geopolitics.fr\/en\/wp-json\/wp\/v2\/types\/post"}],"author":[{"embeddable":true,"href":"https:\/\/www.geopolitics.fr\/en\/wp-json\/wp\/v2\/users\/16"}],"replies":[{"embeddable":true,"href":"https:\/\/www.geopolitics.fr\/en\/wp-json\/wp\/v2\/comments?post=3252"}],"version-history":[{"count":0,"href":"https:\/\/www.geopolitics.fr\/en\/wp-json\/wp\/v2\/posts\/3252\/revisions"}],"wp:featuredmedia":[{"embeddable":true,"href":"https:\/\/www.geopolitics.fr\/en\/wp-json\/wp\/v2\/media\/3253"}],"wp:attachment":[{"href":"https:\/\/www.geopolitics.fr\/en\/wp-json\/wp\/v2\/media?parent=3252"}],"wp:term":[{"taxonomy":"category","embeddable":true,"href":"https:\/\/www.geopolitics.fr\/en\/wp-json\/wp\/v2\/categories?post=3252"},{"taxonomy":"post_tag","embeddable":true,"href":"https:\/\/www.geopolitics.fr\/en\/wp-json\/wp\/v2\/tags?post=3252"}],"curies":[{"name":"wp","href":"https:\/\/api.w.org\/{rel}","templated":true}]}}