{"id":3246,"date":"2024-12-11T12:09:44","date_gmt":"2024-12-11T11:09:44","guid":{"rendered":"https:\/\/www.geopolitics.fr\/?p=3246"},"modified":"2024-12-11T12:09:46","modified_gmt":"2024-12-11T11:09:46","slug":"haro-sur-les-cargos-les-risques-de-guerres-commerciales-engendrent-lincertitude-en-2025","status":"publish","type":"post","link":"https:\/\/www.geopolitics.fr\/en\/2024\/12\/11\/haro-sur-les-cargos-les-risques-de-guerres-commerciales-engendrent-lincertitude-en-2025\/","title":{"rendered":"Haro sur les cargos\u00a0! Les risques de guerres commerciales engendrent l\u2019incertitude en 2025"},"content":{"rendered":"<p class=\"has-medium-font-size wp-block-paragraph\"><em>Le commerce mondial devrait atteindre un niveau record de pr\u00e8s de 33.000 milliards de dollars en 2024, a indiqu\u00e9 jeudi dernier une agence des Nations Unies. Relevant toutefois que les risques d\u2019amplification des guerres commerciales combin\u00e9s aux d\u00e9fis g\u00e9opolitiques actuels, jettent un voile d\u2019incertitude sur les perspectives en 2025. Et l\u2019\u00e9lection de Donald Trump n\u2019est pas anodine.<\/em><\/p>\n\n\n\n<p class=\"has-medium-font-size wp-block-paragraph\"><strong>Selon \u00ab\u00a0ONU Commerce et d\u00e9veloppement\u00a0\u00bb, les perspectives commerciales pour 2025 sont assombries par \u00ab <em>d\u2019\u00e9ventuels changements dans la politique des \u00c9tats-Unis<\/em> \u00bb, <\/strong>notamment des droits de douane plus importants qui pourraient perturber les cha\u00eenes de valeur mondiales et en cons\u00e9quence impacter les principaux flux commerciaux.<\/p>\n\n\n\n<p class=\"has-medium-font-size wp-block-paragraph\">Selon l\u2019agence onusienne bas\u00e9e \u00e0 Gen\u00e8ve, les pays les plus expos\u00e9s aux remues m\u00e9nages de la politique commerciale am\u00e9ricaine, sont probablement ceux qui ont d\u2019importants exc\u00e9dents commerciaux avec les USA et des barri\u00e8res tarifaires plus \u00e9lev\u00e9es.<\/p>\n\n\n\n<p class=\"has-medium-font-size wp-block-paragraph\"><strong>La Chine, l\u2019Inde, l\u2019UE et le Viet Nam parmi les pays les plus expos\u00e9s<\/strong><\/p>\n\n\n\n<p class=\"has-medium-font-size wp-block-paragraph\">Sur la base des chiffres de 2023 sur les transactions de marchandises, il s\u2019agit notamment de la Chine (environ 280 milliards de dollars d\u2019exc\u00e9dent commercial), de l\u2019Inde (45 milliards de dollars), de l\u2019Union europ\u00e9enne (205 milliards de dollars) ainsi que du Vi\u00eat Nam (105 milliards de dollars).<\/p>\n\n\n\n<p class=\"has-medium-font-size wp-block-paragraph\">D\u2019autres pays g\u00e9n\u00e9rant des exc\u00e9dents commerciaux, tels que le Canada (70 milliards de dollars), le Japon (70 milliards de dollars), le Mexique (150 milliards de dollars) et la R\u00e9publique de Cor\u00e9e (50 milliards de dollars), peuvent potentiellement \u00eatre confront\u00e9s \u00e0 un risque de chute, bien que ces derniers imposent des droits de douane relativement moins \u00e9lev\u00e9s sur les importations am\u00e9ricaines, ou bien encore qu\u2019ils aient conclu des accords commerciaux bilat\u00e9raux \u00e0 long terme.<\/p>\n\n\n\n<p class=\"has-medium-font-size wp-block-paragraph\">En outre, la stabilit\u00e9 incertaine du dollar am\u00e9ricain et les changements de politique macro\u00e9conomique aux \u00c9tats-Unis, s\u2019ajoutent aux pr\u00e9occupations commerciales mondiales. Ainsi formul\u00e9, la CNUCED exhorte par la voix de sa Secr\u00e9taire g\u00e9n\u00e9rale Rebeca Grynspan&nbsp;: \u00ab&nbsp;<em>les pays en d\u00e9veloppement \u00e0 adopter des politiques cibl\u00e9es qui favorisent la diversification du commerce<\/em>. <em>Le commerce reste la pierre angulaire du d\u00e9veloppement durable<\/em>. <em>Pour saisir les opportunit\u00e9s en 2025, les \u00e9conomies en d\u00e9veloppement ont besoin d\u2019un soutien coordonn\u00e9 pour naviguer \u00e0 travers l\u2019incertitude, r\u00e9duire les d\u00e9pendances et renforcer leurs liens avec les march\u00e9s mondiaux<\/em> \u00bb.<\/p>\n\n\n\n<p class=\"has-medium-font-size wp-block-paragraph\"><strong>Une hausse pr\u00e9visible de 4% des importations de marchandises aux \u00c9tats-Unis<\/strong><\/p>\n\n\n\n<p class=\"has-medium-font-size wp-block-paragraph\">Le rapport d\u00e9crit en d\u00e9tail et en chiffres, que les pays d\u00e9velopp\u00e9s ont d\u00e9pass\u00e9 les pays en d\u00e9veloppement dans la croissance du commerce au troisi\u00e8me trimestre. Ainsi au troisi\u00e8me trimestre 2024, les \u00e9conomies des pays d\u00e9velopp\u00e9s ont certes men\u00e9 la croissance du commerce mondial, soutenues par une demande stable et une am\u00e9lioration de la conjoncture g\u00e9n\u00e9rale.<\/p>\n\n\n\n<p class=\"has-medium-font-size wp-block-paragraph\">Le Japon a enregistr\u00e9 la plus forte croissance trimestrielle des exportations de marchandises (5 %) et la plus forte hausse annuelle des exportations de services (13 %).<\/p>\n\n\n\n<p class=\"has-medium-font-size wp-block-paragraph\">Outre-Atlantique, les \u00c9tats-Unis ont quant \u00e0 eux vu leurs importations de marchandises progresser de 4% tant sur le trimestre que sur l\u2019ann\u00e9e, les exportations augmentant de 2% sur l\u2019ann\u00e9e et de 1% sur le trimestre seulement.<\/p>\n\n\n\n<p class=\"has-medium-font-size wp-block-paragraph\">Plus pr\u00e8s de nous, l\u2019Union europ\u00e9enne a maintenu une croissance solide notamment dans les transactions de services, les importations et les exportations devant rester \u00e0 priori positives sur l\u2019ensemble de l\u2019ann\u00e9e.<\/p>\n\n\n\n<p class=\"has-medium-font-size wp-block-paragraph\"><strong>Vers une augmentation des importations de services en Chine<\/strong><\/p>\n\n\n\n<p class=\"has-medium-font-size wp-block-paragraph\">En revanche, les zones en d\u00e9veloppement ont connu des difficult\u00e9s au cours de la m\u00eame p\u00e9riode. Les importations ont diminu\u00e9 de 1 % au cours du trimestre, tandis que les exportations n\u2019ont augment\u00e9 que de 1 %. Toutefois, les \u00e9changes des pays en voie de d\u00e9veloppement sont rest\u00e9s positifs sur une base annuelle, flirtant avec une croissance d\u2019environ 3 %.<\/p>\n\n\n\n<p class=\"has-medium-font-size wp-block-paragraph\">Vu de P\u00e9kin, les importations de biens ont diminu\u00e9 de 1 % au cours du trimestre et les exportations de marchandises ont baiss\u00e9 de 2 %, tandis que les importations de services ont diminu\u00e9 de 1 % au cours du trimestre. Toutefois, les exportations de services ont continu\u00e9 de cro\u00eetre, augmentant de 9 % sur le trimestre et de 9 % sur l\u2019ann\u00e9e, tandis que les importations de services ont augment\u00e9 de 17 % sur l\u2019ann\u00e9e.<\/p>\n\n\n\n<p class=\"has-medium-font-size wp-block-paragraph\"><strong>Vers un pic record des \u00e9changes mondiaux<\/strong><\/p>\n\n\n\n<p class=\"has-medium-font-size wp-block-paragraph\">Pas de panique toutefois. Plus globalement, le commerce mondial devrait atteindre un niveau record de pr\u00e8s de 33.000 milliards de dollars en 2024, avec une augmentation de 1.000 milliards de dollars due en grande partie \u00e0 une hausse de 7 % du commerce des services. Le commerce mondial cro\u00eet de 3,3 % en 2024, sous l\u2019effet d\u2019une hausse de 7 % du commerce des services.<\/p>\n\n\n\n<p class=\"has-medium-font-size wp-block-paragraph\">Bien s\u00fbr, les \u00e9conomies d\u00e9velopp\u00e9es et industrialis\u00e9es ont tir\u00e9 vers le haut la croissance du troisi\u00e8me trimestre, la stabilit\u00e9 constante de la demande a quant \u00e0 elle entra\u00een\u00e9 une hausse de 3 % des importations, ainsi que de 2 % des exportations.<\/p>\n\n\n\n<p class=\"has-medium-font-size wp-block-paragraph\">En revanche et face \u00e0 de grandes instabilit\u00e9s g\u00e9opolitiques, les \u00e9conomies en d\u00e9veloppement sont confront\u00e9es \u00e0 un ralentissement de la croissance des \u00e9changes. Habituellement consid\u00e9r\u00e9s comme de puissants leviers du commerce mondial, les pays en d\u00e9veloppement ont \u00e9t\u00e9 confront\u00e9s \u00e0 des vents contraires en 2024, avec une contraction des importations de 1 %, ainsi qu\u2019une baisse du commerce Sud-Sud de la m\u00eame ampleur au troisi\u00e8me trimestre.<\/p>\n\n\n\n<p class=\"has-medium-font-size wp-block-paragraph\">Malgr\u00e9 ces d\u00e9fis, les pays en voie de d\u00e9veloppement notamment africains, ont encore la possibilit\u00e9 de tirer leur \u00e9pingle du jeu, surtout sur les secteurs \u00e0 forte croissance. Le commerce des technologies de l&rsquo;information et de la communication (TIC), ainsi que l\u2019industrie de l\u2019habillement ont fait un bond, avec des augmentations significatives de 13 % et 14 %, respectivement au troisi\u00e8me trimestre 2024. Cette croissance souligne le potentiel de diversification et d\u2019entr\u00e9e dans les industries \u00e0 valeur ajout\u00e9e, notamment du fait de petites mains \u00e0 bas co\u00fbts.<\/p>\n\n\n\n<p class=\"has-medium-font-size wp-block-paragraph\">En conclusion, la stabilit\u00e9 des pr\u00e9visions de croissance mondiale et la baisse de l\u2019inflation offrent la possibilit\u00e9 de renforcer la r\u00e9silience de l\u2019\u00e9conomie en 2025 et ce, pour tous. La seule condition pos\u00e9e\u00a0: la stabilit\u00e9 g\u00e9opolitique et int\u00e9rieure de chacun\u00a0!<\/p>","protected":false},"excerpt":{"rendered":"<p>Le commerce mondial devrait atteindre un niveau record de pr\u00e8s de 33.000 milliards de dollars en 2024, a indiqu\u00e9 jeudi dernier une&hellip;<\/p>","protected":false},"author":93,"featured_media":3247,"comment_status":"open","ping_status":"open","sticky":false,"template":"","format":"standard","meta":{"_lmt_disableupdate":"","_lmt_disable":"","footnotes":""},"categories":[5,4],"tags":[402],"class_list":["post-3246","post","type-post","status-publish","format-standard","has-post-thumbnail","hentry","category-international","category-mis-en-avant","tag-commerce-international"],"yoast_head":"<!-- This site is optimized with the Yoast SEO Premium plugin v28.1 (Yoast SEO v28.1) - https:\/\/yoast.com\/product\/yoast-seo-premium-wordpress\/ -->\n<title>Haro sur les cargos\u00a0! Les risques de guerres commerciales engendrent l\u2019incertitude en 2025 | Geopolitics.fr<\/title>\n<meta name=\"description\" content=\"Le commerce mondial devrait atteindre un niveau record en 2024. Il existe des craintes de protectionnisme renforc\u00e9 avec l&#039;\u00e9lection de Trump.\" \/>\n<meta name=\"robots\" content=\"index, follow, max-snippet:-1, max-image-preview:large, max-video-preview:-1\" \/>\n<link rel=\"canonical\" href=\"https:\/\/www.geopolitics.fr\/en\/2024\/12\/11\/haro-sur-les-cargos-les-risques-de-guerres-commerciales-engendrent-lincertitude-en-2025\/\" \/>\n<meta property=\"og:locale\" content=\"en_GB\" \/>\n<meta property=\"og:type\" content=\"article\" \/>\n<meta property=\"og:title\" content=\"Haro sur les cargos\u00a0! Les risques de guerres commerciales engendrent l\u2019incertitude en 2025\" \/>\n<meta property=\"og:description\" content=\"Le commerce mondial devrait atteindre un niveau record en 2024. Il existe des craintes de protectionnisme renforc\u00e9 avec l&#039;\u00e9lection de Trump.\" \/>\n<meta property=\"og:url\" content=\"https:\/\/www.geopolitics.fr\/en\/2024\/12\/11\/haro-sur-les-cargos-les-risques-de-guerres-commerciales-engendrent-lincertitude-en-2025\/\" \/>\n<meta property=\"og:site_name\" content=\"Geopolitics.fr\" \/>\n<meta property=\"article:publisher\" content=\"https:\/\/www.facebook.com\/people\/Erwan-Davoux\/61557098968092\/\" \/>\n<meta property=\"article:author\" content=\"https:\/\/www.facebook.com\/odelagarde\" \/>\n<meta property=\"article:published_time\" content=\"2024-12-11T11:09:44+00:00\" \/>\n<meta property=\"article:modified_time\" content=\"2024-12-11T11:09:46+00:00\" \/>\n<meta property=\"og:image\" content=\"https:\/\/www.geopolitics.fr\/wp-content\/uploads\/2024\/12\/Commerce-mondial.jpg\" \/>\n\t<meta property=\"og:image:width\" content=\"1178\" \/>\n\t<meta property=\"og:image:height\" content=\"530\" \/>\n\t<meta property=\"og:image:type\" content=\"image\/jpeg\" \/>\n<meta name=\"author\" content=\"Olivier DELAGARDE\" \/>\n<meta name=\"twitter:card\" content=\"summary_large_image\" \/>\n<meta name=\"twitter:creator\" content=\"@Geopolitics_Fr\" \/>\n<meta name=\"twitter:site\" content=\"@Geopolitics_Fr\" \/>\n<meta name=\"twitter:label1\" content=\"Written by\" \/>\n\t<meta name=\"twitter:data1\" content=\"Olivier DELAGARDE\" \/>\n\t<meta name=\"twitter:label2\" content=\"Estimated reading time\" \/>\n\t<meta name=\"twitter:data2\" content=\"6 minutes\" \/>\n<script type=\"application\/ld+json\" class=\"yoast-schema-graph\">{\"@context\":\"https:\\\/\\\/schema.org\",\"@graph\":[{\"@type\":\"Article\",\"@id\":\"https:\\\/\\\/www.geopolitics.fr\\\/2024\\\/12\\\/11\\\/haro-sur-les-cargos-les-risques-de-guerres-commerciales-engendrent-lincertitude-en-2025\\\/#article\",\"isPartOf\":{\"@id\":\"https:\\\/\\\/www.geopolitics.fr\\\/2024\\\/12\\\/11\\\/haro-sur-les-cargos-les-risques-de-guerres-commerciales-engendrent-lincertitude-en-2025\\\/\"},\"author\":{\"name\":\"Olivier DELAGARDE\",\"@id\":\"https:\\\/\\\/www.geopolitics.fr\\\/#\\\/schema\\\/person\\\/9b98d78234af63d6ad71199d66115350\"},\"headline\":\"Haro sur les cargos\u00a0! Les risques de guerres commerciales engendrent l\u2019incertitude en 2025\",\"datePublished\":\"2024-12-11T11:09:44+00:00\",\"dateModified\":\"2024-12-11T11:09:46+00:00\",\"mainEntityOfPage\":{\"@id\":\"https:\\\/\\\/www.geopolitics.fr\\\/2024\\\/12\\\/11\\\/haro-sur-les-cargos-les-risques-de-guerres-commerciales-engendrent-lincertitude-en-2025\\\/\"},\"wordCount\":1045,\"commentCount\":0,\"publisher\":{\"@id\":\"https:\\\/\\\/www.geopolitics.fr\\\/#organization\"},\"image\":{\"@id\":\"https:\\\/\\\/www.geopolitics.fr\\\/2024\\\/12\\\/11\\\/haro-sur-les-cargos-les-risques-de-guerres-commerciales-engendrent-lincertitude-en-2025\\\/#primaryimage\"},\"thumbnailUrl\":\"https:\\\/\\\/www.geopolitics.fr\\\/wp-content\\\/uploads\\\/2024\\\/12\\\/Commerce-mondial.jpg\",\"keywords\":[\"COMMERCE INTERNATIONAL\"],\"articleSection\":[\"International\",\"Mis en AVANT\"],\"inLanguage\":\"en-GB\"},{\"@type\":\"WebPage\",\"@id\":\"https:\\\/\\\/www.geopolitics.fr\\\/2024\\\/12\\\/11\\\/haro-sur-les-cargos-les-risques-de-guerres-commerciales-engendrent-lincertitude-en-2025\\\/\",\"url\":\"https:\\\/\\\/www.geopolitics.fr\\\/2024\\\/12\\\/11\\\/haro-sur-les-cargos-les-risques-de-guerres-commerciales-engendrent-lincertitude-en-2025\\\/\",\"name\":\"Haro sur les cargos\u00a0! Les risques de guerres commerciales engendrent l\u2019incertitude en 2025 | Geopolitics.fr\",\"isPartOf\":{\"@id\":\"https:\\\/\\\/www.geopolitics.fr\\\/#website\"},\"primaryImageOfPage\":{\"@id\":\"https:\\\/\\\/www.geopolitics.fr\\\/2024\\\/12\\\/11\\\/haro-sur-les-cargos-les-risques-de-guerres-commerciales-engendrent-lincertitude-en-2025\\\/#primaryimage\"},\"image\":{\"@id\":\"https:\\\/\\\/www.geopolitics.fr\\\/2024\\\/12\\\/11\\\/haro-sur-les-cargos-les-risques-de-guerres-commerciales-engendrent-lincertitude-en-2025\\\/#primaryimage\"},\"thumbnailUrl\":\"https:\\\/\\\/www.geopolitics.fr\\\/wp-content\\\/uploads\\\/2024\\\/12\\\/Commerce-mondial.jpg\",\"datePublished\":\"2024-12-11T11:09:44+00:00\",\"dateModified\":\"2024-12-11T11:09:46+00:00\",\"description\":\"Le commerce mondial devrait atteindre un niveau record en 2024. Il existe des craintes de protectionnisme renforc\u00e9 avec l'\u00e9lection de Trump.\",\"breadcrumb\":{\"@id\":\"https:\\\/\\\/www.geopolitics.fr\\\/2024\\\/12\\\/11\\\/haro-sur-les-cargos-les-risques-de-guerres-commerciales-engendrent-lincertitude-en-2025\\\/#breadcrumb\"},\"inLanguage\":\"en-GB\",\"potentialAction\":[{\"@type\":\"ReadAction\",\"target\":[\"https:\\\/\\\/www.geopolitics.fr\\\/2024\\\/12\\\/11\\\/haro-sur-les-cargos-les-risques-de-guerres-commerciales-engendrent-lincertitude-en-2025\\\/\"]}]},{\"@type\":\"ImageObject\",\"inLanguage\":\"en-GB\",\"@id\":\"https:\\\/\\\/www.geopolitics.fr\\\/2024\\\/12\\\/11\\\/haro-sur-les-cargos-les-risques-de-guerres-commerciales-engendrent-lincertitude-en-2025\\\/#primaryimage\",\"url\":\"https:\\\/\\\/www.geopolitics.fr\\\/wp-content\\\/uploads\\\/2024\\\/12\\\/Commerce-mondial.jpg\",\"contentUrl\":\"https:\\\/\\\/www.geopolitics.fr\\\/wp-content\\\/uploads\\\/2024\\\/12\\\/Commerce-mondial.jpg\",\"width\":1178,\"height\":530},{\"@type\":\"BreadcrumbList\",\"@id\":\"https:\\\/\\\/www.geopolitics.fr\\\/2024\\\/12\\\/11\\\/haro-sur-les-cargos-les-risques-de-guerres-commerciales-engendrent-lincertitude-en-2025\\\/#breadcrumb\",\"itemListElement\":[{\"@type\":\"ListItem\",\"position\":1,\"name\":\"Accueil\",\"item\":\"https:\\\/\\\/www.geopolitics.fr\\\/\"},{\"@type\":\"ListItem\",\"position\":2,\"name\":\"Haro sur les cargos\u00a0! Les risques de guerres commerciales engendrent l\u2019incertitude en 2025\"}]},{\"@type\":\"WebSite\",\"@id\":\"https:\\\/\\\/www.geopolitics.fr\\\/#website\",\"url\":\"https:\\\/\\\/www.geopolitics.fr\\\/\",\"name\":\"Geopolitics.fr\",\"description\":\"Geopolitics.fr Analyse politique, relations internationales, d\u00e9fense - ligne \u00e9ditoriale gaullo-chiraquienne\",\"publisher\":{\"@id\":\"https:\\\/\\\/www.geopolitics.fr\\\/#organization\"},\"potentialAction\":[{\"@type\":\"SearchAction\",\"target\":{\"@type\":\"EntryPoint\",\"urlTemplate\":\"https:\\\/\\\/www.geopolitics.fr\\\/?s={search_term_string}\"},\"query-input\":{\"@type\":\"PropertyValueSpecification\",\"valueRequired\":true,\"valueName\":\"search_term_string\"}}],\"inLanguage\":\"en-GB\"},{\"@type\":\"Organization\",\"@id\":\"https:\\\/\\\/www.geopolitics.fr\\\/#organization\",\"name\":\"Geopolitics.fr\",\"url\":\"https:\\\/\\\/www.geopolitics.fr\\\/\",\"logo\":{\"@type\":\"ImageObject\",\"inLanguage\":\"en-GB\",\"@id\":\"https:\\\/\\\/www.geopolitics.fr\\\/#\\\/schema\\\/logo\\\/image\\\/\",\"url\":\"https:\\\/\\\/www.geopolitics.fr\\\/wp-content\\\/uploads\\\/2024\\\/01\\\/logo.jpg\",\"contentUrl\":\"https:\\\/\\\/www.geopolitics.fr\\\/wp-content\\\/uploads\\\/2024\\\/01\\\/logo.jpg\",\"width\":500,\"height\":500,\"caption\":\"Geopolitics.fr\"},\"image\":{\"@id\":\"https:\\\/\\\/www.geopolitics.fr\\\/#\\\/schema\\\/logo\\\/image\\\/\"},\"sameAs\":[\"https:\\\/\\\/www.facebook.com\\\/people\\\/Erwan-Davoux\\\/61557098968092\\\/\",\"https:\\\/\\\/x.com\\\/Geopolitics_Fr\"]},{\"@type\":\"Person\",\"@id\":\"https:\\\/\\\/www.geopolitics.fr\\\/#\\\/schema\\\/person\\\/9b98d78234af63d6ad71199d66115350\",\"name\":\"Olivier DELAGARDE\",\"image\":{\"@type\":\"ImageObject\",\"inLanguage\":\"en-GB\",\"@id\":\"https:\\\/\\\/secure.gravatar.com\\\/avatar\\\/2c50afbd303b51697d9591857ee182bf3ead572fa530da00bb0278cf506c3a97?s=96&d=mm&r=g\",\"url\":\"https:\\\/\\\/secure.gravatar.com\\\/avatar\\\/2c50afbd303b51697d9591857ee182bf3ead572fa530da00bb0278cf506c3a97?s=96&d=mm&r=g\",\"contentUrl\":\"https:\\\/\\\/secure.gravatar.com\\\/avatar\\\/2c50afbd303b51697d9591857ee182bf3ead572fa530da00bb0278cf506c3a97?s=96&d=mm&r=g\",\"caption\":\"Olivier DELAGARDE\"},\"description\":\"Journaliste depuis plus de 20 ans, accr\u00e9dit\u00e9 aupr\u00e8s de l'Organisation des Nations Unies, de la Ligue des Etats Arabes, titulaire de la Carte d'Identit\u00e9 des Journalistes Professionnels en France et de la F\u00e9d\u00e9ration Internationale des Journalistes, Olivier a occup\u00e9 le poste de Grand reporter correspondant permanent en \u00c9gypte pour des m\u00e9dias de renomm\u00e9e mondiale tels que TV5 MONDE, le GROUPE M6, le GROUPE TF1 ou encore l\u2019AFP. Durant plus de dix ann\u00e9es, il a produit de nombreux reportages sur la politique internationale en Afrique de l'Est, tout en couvrant les principaux conflits au Proche et Moyen-Orient. En tant que Chef de bureau Proche-Orient pour TV5 MONDE, il \u00e9tait responsable de la production de reportages, des relations institutionnelles et de la repr\u00e9sentation de la cha\u00eene, tout en \u00e9crivant pour plusieurs m\u00e9dias europ\u00e9ens et internationaux.\",\"sameAs\":[\"https:\\\/\\\/www.facebook.com\\\/odelagarde\",\"https:\\\/\\\/www.linkedin.com\\\/in\\\/olivier-delagarde-816b17270\\\/\"],\"url\":\"https:\\\/\\\/www.geopolitics.fr\\\/en\\\/author\\\/odelagarde\\\/\"}]}<\/script>\n<!-- \/ Yoast SEO Premium plugin. -->","yoast_head_json":{"title":"Haro sur les cargos\u00a0! Les risques de guerres commerciales engendrent l\u2019incertitude en 2025 | Geopolitics.fr","description":"Le commerce mondial devrait atteindre un niveau record en 2024. Il existe des craintes de protectionnisme renforc\u00e9 avec l'\u00e9lection de Trump.","robots":{"index":"index","follow":"follow","max-snippet":"max-snippet:-1","max-image-preview":"max-image-preview:large","max-video-preview":"max-video-preview:-1"},"canonical":"https:\/\/www.geopolitics.fr\/en\/2024\/12\/11\/haro-sur-les-cargos-les-risques-de-guerres-commerciales-engendrent-lincertitude-en-2025\/","og_locale":"en_GB","og_type":"article","og_title":"Haro sur les cargos\u00a0! Les risques de guerres commerciales engendrent l\u2019incertitude en 2025","og_description":"Le commerce mondial devrait atteindre un niveau record en 2024. Il existe des craintes de protectionnisme renforc\u00e9 avec l'\u00e9lection de Trump.","og_url":"https:\/\/www.geopolitics.fr\/en\/2024\/12\/11\/haro-sur-les-cargos-les-risques-de-guerres-commerciales-engendrent-lincertitude-en-2025\/","og_site_name":"Geopolitics.fr","article_publisher":"https:\/\/www.facebook.com\/people\/Erwan-Davoux\/61557098968092\/","article_author":"https:\/\/www.facebook.com\/odelagarde","article_published_time":"2024-12-11T11:09:44+00:00","article_modified_time":"2024-12-11T11:09:46+00:00","og_image":[{"width":1178,"height":530,"url":"https:\/\/www.geopolitics.fr\/wp-content\/uploads\/2024\/12\/Commerce-mondial.jpg","type":"image\/jpeg"}],"author":"Olivier DELAGARDE","twitter_card":"summary_large_image","twitter_creator":"@Geopolitics_Fr","twitter_site":"@Geopolitics_Fr","twitter_misc":{"Written by":"Olivier DELAGARDE","Estimated reading time":"6 minutes"},"schema":{"@context":"https:\/\/schema.org","@graph":[{"@type":"Article","@id":"https:\/\/www.geopolitics.fr\/2024\/12\/11\/haro-sur-les-cargos-les-risques-de-guerres-commerciales-engendrent-lincertitude-en-2025\/#article","isPartOf":{"@id":"https:\/\/www.geopolitics.fr\/2024\/12\/11\/haro-sur-les-cargos-les-risques-de-guerres-commerciales-engendrent-lincertitude-en-2025\/"},"author":{"name":"Olivier DELAGARDE","@id":"https:\/\/www.geopolitics.fr\/#\/schema\/person\/9b98d78234af63d6ad71199d66115350"},"headline":"Haro sur les cargos\u00a0! Les risques de guerres commerciales engendrent l\u2019incertitude en 2025","datePublished":"2024-12-11T11:09:44+00:00","dateModified":"2024-12-11T11:09:46+00:00","mainEntityOfPage":{"@id":"https:\/\/www.geopolitics.fr\/2024\/12\/11\/haro-sur-les-cargos-les-risques-de-guerres-commerciales-engendrent-lincertitude-en-2025\/"},"wordCount":1045,"commentCount":0,"publisher":{"@id":"https:\/\/www.geopolitics.fr\/#organization"},"image":{"@id":"https:\/\/www.geopolitics.fr\/2024\/12\/11\/haro-sur-les-cargos-les-risques-de-guerres-commerciales-engendrent-lincertitude-en-2025\/#primaryimage"},"thumbnailUrl":"https:\/\/www.geopolitics.fr\/wp-content\/uploads\/2024\/12\/Commerce-mondial.jpg","keywords":["COMMERCE INTERNATIONAL"],"articleSection":["International","Mis en AVANT"],"inLanguage":"en-GB"},{"@type":"WebPage","@id":"https:\/\/www.geopolitics.fr\/2024\/12\/11\/haro-sur-les-cargos-les-risques-de-guerres-commerciales-engendrent-lincertitude-en-2025\/","url":"https:\/\/www.geopolitics.fr\/2024\/12\/11\/haro-sur-les-cargos-les-risques-de-guerres-commerciales-engendrent-lincertitude-en-2025\/","name":"Haro sur les cargos\u00a0! Les risques de guerres commerciales engendrent l\u2019incertitude en 2025 | Geopolitics.fr","isPartOf":{"@id":"https:\/\/www.geopolitics.fr\/#website"},"primaryImageOfPage":{"@id":"https:\/\/www.geopolitics.fr\/2024\/12\/11\/haro-sur-les-cargos-les-risques-de-guerres-commerciales-engendrent-lincertitude-en-2025\/#primaryimage"},"image":{"@id":"https:\/\/www.geopolitics.fr\/2024\/12\/11\/haro-sur-les-cargos-les-risques-de-guerres-commerciales-engendrent-lincertitude-en-2025\/#primaryimage"},"thumbnailUrl":"https:\/\/www.geopolitics.fr\/wp-content\/uploads\/2024\/12\/Commerce-mondial.jpg","datePublished":"2024-12-11T11:09:44+00:00","dateModified":"2024-12-11T11:09:46+00:00","description":"Le commerce mondial devrait atteindre un niveau record en 2024. Il existe des craintes de protectionnisme renforc\u00e9 avec l'\u00e9lection de Trump.","breadcrumb":{"@id":"https:\/\/www.geopolitics.fr\/2024\/12\/11\/haro-sur-les-cargos-les-risques-de-guerres-commerciales-engendrent-lincertitude-en-2025\/#breadcrumb"},"inLanguage":"en-GB","potentialAction":[{"@type":"ReadAction","target":["https:\/\/www.geopolitics.fr\/2024\/12\/11\/haro-sur-les-cargos-les-risques-de-guerres-commerciales-engendrent-lincertitude-en-2025\/"]}]},{"@type":"ImageObject","inLanguage":"en-GB","@id":"https:\/\/www.geopolitics.fr\/2024\/12\/11\/haro-sur-les-cargos-les-risques-de-guerres-commerciales-engendrent-lincertitude-en-2025\/#primaryimage","url":"https:\/\/www.geopolitics.fr\/wp-content\/uploads\/2024\/12\/Commerce-mondial.jpg","contentUrl":"https:\/\/www.geopolitics.fr\/wp-content\/uploads\/2024\/12\/Commerce-mondial.jpg","width":1178,"height":530},{"@type":"BreadcrumbList","@id":"https:\/\/www.geopolitics.fr\/2024\/12\/11\/haro-sur-les-cargos-les-risques-de-guerres-commerciales-engendrent-lincertitude-en-2025\/#breadcrumb","itemListElement":[{"@type":"ListItem","position":1,"name":"Accueil","item":"https:\/\/www.geopolitics.fr\/"},{"@type":"ListItem","position":2,"name":"Haro sur les cargos\u00a0! Les risques de guerres commerciales engendrent l\u2019incertitude en 2025"}]},{"@type":"WebSite","@id":"https:\/\/www.geopolitics.fr\/#website","url":"https:\/\/www.geopolitics.fr\/","name":"Geopolitics.fr","description":"Geopolitics.fr Analyse politique, relations internationales, d\u00e9fense - ligne \u00e9ditoriale gaullo-chiraquienne","publisher":{"@id":"https:\/\/www.geopolitics.fr\/#organization"},"potentialAction":[{"@type":"SearchAction","target":{"@type":"EntryPoint","urlTemplate":"https:\/\/www.geopolitics.fr\/?s={search_term_string}"},"query-input":{"@type":"PropertyValueSpecification","valueRequired":true,"valueName":"search_term_string"}}],"inLanguage":"en-GB"},{"@type":"Organization","@id":"https:\/\/www.geopolitics.fr\/#organization","name":"Geopolitics.fr","url":"https:\/\/www.geopolitics.fr\/","logo":{"@type":"ImageObject","inLanguage":"en-GB","@id":"https:\/\/www.geopolitics.fr\/#\/schema\/logo\/image\/","url":"https:\/\/www.geopolitics.fr\/wp-content\/uploads\/2024\/01\/logo.jpg","contentUrl":"https:\/\/www.geopolitics.fr\/wp-content\/uploads\/2024\/01\/logo.jpg","width":500,"height":500,"caption":"Geopolitics.fr"},"image":{"@id":"https:\/\/www.geopolitics.fr\/#\/schema\/logo\/image\/"},"sameAs":["https:\/\/www.facebook.com\/people\/Erwan-Davoux\/61557098968092\/","https:\/\/x.com\/Geopolitics_Fr"]},{"@type":"Person","@id":"https:\/\/www.geopolitics.fr\/#\/schema\/person\/9b98d78234af63d6ad71199d66115350","name":"Olivier DELAGARDE","image":{"@type":"ImageObject","inLanguage":"en-GB","@id":"https:\/\/secure.gravatar.com\/avatar\/2c50afbd303b51697d9591857ee182bf3ead572fa530da00bb0278cf506c3a97?s=96&d=mm&r=g","url":"https:\/\/secure.gravatar.com\/avatar\/2c50afbd303b51697d9591857ee182bf3ead572fa530da00bb0278cf506c3a97?s=96&d=mm&r=g","contentUrl":"https:\/\/secure.gravatar.com\/avatar\/2c50afbd303b51697d9591857ee182bf3ead572fa530da00bb0278cf506c3a97?s=96&d=mm&r=g","caption":"Olivier DELAGARDE"},"description":"Journaliste depuis plus de 20 ans, accr\u00e9dit\u00e9 aupr\u00e8s de l'Organisation des Nations Unies, de la Ligue des Etats Arabes, titulaire de la Carte d'Identit\u00e9 des Journalistes Professionnels en France et de la F\u00e9d\u00e9ration Internationale des Journalistes, Olivier a occup\u00e9 le poste de Grand reporter correspondant permanent en \u00c9gypte pour des m\u00e9dias de renomm\u00e9e mondiale tels que TV5 MONDE, le GROUPE M6, le GROUPE TF1 ou encore l\u2019AFP. Durant plus de dix ann\u00e9es, il a produit de nombreux reportages sur la politique internationale en Afrique de l'Est, tout en couvrant les principaux conflits au Proche et Moyen-Orient. En tant que Chef de bureau Proche-Orient pour TV5 MONDE, il \u00e9tait responsable de la production de reportages, des relations institutionnelles et de la repr\u00e9sentation de la cha\u00eene, tout en \u00e9crivant pour plusieurs m\u00e9dias europ\u00e9ens et internationaux.","sameAs":["https:\/\/www.facebook.com\/odelagarde","https:\/\/www.linkedin.com\/in\/olivier-delagarde-816b17270\/"],"url":"https:\/\/www.geopolitics.fr\/en\/author\/odelagarde\/"}]}},"_links":{"self":[{"href":"https:\/\/www.geopolitics.fr\/en\/wp-json\/wp\/v2\/posts\/3246","targetHints":{"allow":["GET"]}}],"collection":[{"href":"https:\/\/www.geopolitics.fr\/en\/wp-json\/wp\/v2\/posts"}],"about":[{"href":"https:\/\/www.geopolitics.fr\/en\/wp-json\/wp\/v2\/types\/post"}],"author":[{"embeddable":true,"href":"https:\/\/www.geopolitics.fr\/en\/wp-json\/wp\/v2\/users\/93"}],"replies":[{"embeddable":true,"href":"https:\/\/www.geopolitics.fr\/en\/wp-json\/wp\/v2\/comments?post=3246"}],"version-history":[{"count":0,"href":"https:\/\/www.geopolitics.fr\/en\/wp-json\/wp\/v2\/posts\/3246\/revisions"}],"wp:featuredmedia":[{"embeddable":true,"href":"https:\/\/www.geopolitics.fr\/en\/wp-json\/wp\/v2\/media\/3247"}],"wp:attachment":[{"href":"https:\/\/www.geopolitics.fr\/en\/wp-json\/wp\/v2\/media?parent=3246"}],"wp:term":[{"taxonomy":"category","embeddable":true,"href":"https:\/\/www.geopolitics.fr\/en\/wp-json\/wp\/v2\/categories?post=3246"},{"taxonomy":"post_tag","embeddable":true,"href":"https:\/\/www.geopolitics.fr\/en\/wp-json\/wp\/v2\/tags?post=3246"}],"curies":[{"name":"wp","href":"https:\/\/api.w.org\/{rel}","templated":true}]}}