{"id":3242,"date":"2024-12-10T18:50:18","date_gmt":"2024-12-10T17:50:18","guid":{"rendered":"https:\/\/www.geopolitics.fr\/?p=3242"},"modified":"2024-12-10T18:50:45","modified_gmt":"2024-12-10T17:50:45","slug":"dans-un-monde-tourmente-ce-10-decembre-marque-la-journee-des-droits-de-lhomme","status":"publish","type":"post","link":"https:\/\/www.geopolitics.fr\/en\/2024\/12\/10\/dans-un-monde-tourmente-ce-10-decembre-marque-la-journee-des-droits-de-lhomme\/","title":{"rendered":"Dans un monde tourment\u00e9, ce 10 d\u00e9cembre marque la Journ\u00e9e des droits de l&rsquo;homme"},"content":{"rendered":"<p class=\"has-medium-font-size wp-block-paragraph\">\u00ab&nbsp;<em>La D\u00e9claration universelle montre la voie \u00e0 suivre vers une communaut\u00e9 de valeurs et d\u2019approches qui peuvent permettre de r\u00e9soudre les tensions et de cr\u00e9er la s\u00e9curit\u00e9 et la stabilit\u00e9 dont notre monde a tant besoin<\/em>&nbsp;\u00bb. Ant\u00f3nio Guterres, Secr\u00e9taire g\u00e9n\u00e9ral des Nations Unies.<\/p>\n\n\n\n<h2 class=\"wp-block-heading\" id=\"h-la-journee-et-la-declaration-universelle-des-droits-de-l-homme-un-acte-fondateur\"><strong>La Journ\u00e9e et la D\u00e9claration universelle des droits de l\u2019homme, un acte fondateur<\/strong><\/h2>\n\n\n\n<p class=\"has-medium-font-size wp-block-paragraph\">Noy\u00e9e certes dans un flot de c\u00e9l\u00e9brations rev\u00eatant pour certaines l\u2019habit pompeux de \u00ab&nbsp;journ\u00e9e internationale de\u2026&nbsp;\u00bb, la <strong>Journ\u00e9e des droits de l&rsquo;homme<\/strong> est c\u00e9l\u00e9br\u00e9e chaque ann\u00e9e le 10 d\u00e9cembre afin de marquer l&rsquo;anniversaire de l&rsquo;un des engagements mondiaux les plus importants : la D\u00e9claration universelle des droits de l&rsquo;homme, cet acte fondateur qui a proclam\u00e9 les droits inali\u00e9nables de chaque individu en tant qu\u2019\u00eatre humain, sans distinction aucune, notamment de race, de couleur, de sexe, de langue, de religion, d\u2019opinion politique ou de toute autre opinion, d\u2019origine nationale ou sociale, de fortune, de naissance ou de toute autre situation.<\/p>\n\n\n\n<p class=\"has-medium-font-size wp-block-paragraph\">Cette D\u00e9claration avec un grand D, f\u00fbt proclam\u00e9e par l&rsquo;Assembl\u00e9e g\u00e9n\u00e9rale des Nations Unies \u00e0 Paris le 10 d\u00e9cembre 1948 et \u00e9nonce pour la premi\u00e8re fois, au sortir de la mortif\u00e8re seconde guerre mondiale, les droits fondamentaux qui doivent \u00eatre universellement prot\u00e9g\u00e9s.<\/p>\n\n\n\n<p class=\"has-medium-font-size wp-block-paragraph\">Imagin\u00e9e comme un \u00ab <em>id\u00e9al commun \u00e0 atteindre par tous les peuples et toutes les nations<\/em> \u00bb, le texte se veut un sch\u00e9ma directeur mondial visant \u00e0 \u00e9tablir et faire respecter des lois et politiques internationales, nationales et locales, ainsi qu&rsquo;un des piliers du Programme de d\u00e9veloppement durable \u00e0 l&rsquo;horizon 2030. Une belle utopie&nbsp;?<\/p>\n\n\n\n<p class=\"has-medium-font-size wp-block-paragraph\">Disponible dans plus de 500 577 langues, de l&rsquo;abkhaze au zoulou, la D\u00e9claration universelle des droits de l&rsquo;homme est le document le plus traduit au monde, apr\u00e8s le Petit Prince d\u2019Antoine de Saint-Exup\u00e9ry.<\/p>\n\n\n\n<p class=\"has-medium-font-size wp-block-paragraph\"><strong>Des droits, un avenir pour tous, maintenant&nbsp;!<\/strong><\/p>\n\n\n\n<p class=\"has-medium-font-size wp-block-paragraph\">\u00ab&nbsp;<em>Les droits humains peuvent donner aux individus et aux communaut\u00e9s les moyens de construire un avenir meilleur. En adoptant et en faisant confiance au plein pouvoir des droits de l&rsquo;homme comme voie vers le monde que nous voulons, nous pouvons devenir plus pacifiques, plus \u00e9gaux et avec un d\u00e9veloppement plus durable<\/em>&nbsp;\u00bb. Voil\u00e0 la composante majeure de l\u2019ADN de la charte.<\/p>\n\n\n\n<p class=\"has-medium-font-size wp-block-paragraph\">Plac\u00e9e sous le th\u00e8me id\u00e9aliste il faut bien l\u2019avouer, de \u00ab <em>Nos droits, notre avenir, maintenant<\/em> \u00bb, l\u2019\u00e9dition 2024 de cette journ\u00e9e internationale, a pour objectif de mettre l&rsquo;accent sur la fa\u00e7on dont les droits de l&rsquo;homme constituent \u00ab&nbsp;<em>une voie vers des solutions pratiques aux grands d\u00e9fis de notre temps, jouant un r\u00f4le essentiel en tant que force pr\u00e9ventive, protectrice et transformatrice pour le bien&nbsp;<\/em>\u00bb. Ainsi l&rsquo;a d\u00e9clar\u00e9 le Secr\u00e9taire g\u00e9n\u00e9ral des Nations Unies Ant\u00f3nio Guterres, avant d\u2019ajouter \u00ab <em>les droits de l&rsquo;homme sont le fondement de soci\u00e9t\u00e9s pacifiques, justes et inclusives<\/em> \u00bb.<\/p>\n\n\n\n<p class=\"has-medium-font-size wp-block-paragraph\">Probablement loin d\u2019envisager les r\u00e9cents bouleversements au Moyen-Orient, cette campagne \u00ab&nbsp;esp\u00e8re enfin inciter chacun \u00e0 reconna\u00eetre l&rsquo;importance et la pertinence des droits de l&rsquo;homme, \u00e0 changer les perceptions en luttant contre les st\u00e9r\u00e9otypes n\u00e9gatifs et les id\u00e9es fausses, et \u00e0 mobiliser pour redynamiser un mouvement mondial en faveur des droits humains&nbsp;\u00bb. Certes pav\u00e9s de bonnes intentions et incantations humanistes, les conseillers onusiens \u00e0 la communication peuvent para\u00eetre habiter sur une autre plan\u00e8te parfois. Sauf \u00e0 nous rappeler les drames se d\u00e9roulant parfois \u00e0 quelques encablures de nos conforts occidentaux, alors qu\u2019il para\u00eet plus ais\u00e9 de regarder ailleurs depuis les dorures et tapis silencieux des palais diplomatiques.<\/p>\n\n\n\n<h2 class=\"wp-block-heading\" id=\"h-pourquoi-des-journees-internationales\"><strong>Pourquoi des journ\u00e9es internationales ?<\/strong><\/h2>\n\n\n\n<p class=\"has-medium-font-size wp-block-paragraph\">Dans l\u2019esprit, chaque journ\u00e9e internationale se veut une opportunit\u00e9 d\u2019informer le grand public sur des th\u00e8mes aux enjeux majeurs. Ces journ\u00e9es sont l\u2019occasion pour les pouvoirs publics mais aussi la soci\u00e9t\u00e9 civile d\u2019organiser des activit\u00e9s de sensibilisation et de mobiliser des ressources.<\/p>\n\n\n\n<p class=\"has-medium-font-size wp-block-paragraph\">L&rsquo;existence des journ\u00e9es internationales est ant\u00e9rieure \u00e0 la cr\u00e9ation des Nations Unies mais l&rsquo;ONU les a adopt\u00e9es comme un puissant outil de sensibilisation. Les Nations Unies observent des journ\u00e9es, des semaines, des ann\u00e9es et des d\u00e9cennies internationales, chacune ayant un th\u00e8me sp\u00e9cifique. En mettant en avant ces c\u00e9l\u00e9brations, les Nations Unies favorisent la sensibilisation et l&rsquo;action internationale sur des sujets vari\u00e9s mais impactant les soci\u00e9t\u00e9s civiles aux quatre coins du monde. Chaque journ\u00e9e internationale permet en effet \u00e0 de nombreux acteurs la possibilit\u00e9 de s\u2019exprimer et d&rsquo;organiser des activit\u00e9s en rapport avec le th\u00e8me de la journ\u00e9e. Les organisations, les agences et les bureaux du syst\u00e8me complexe des Nations Unies, et surtout les gouvernements, la soci\u00e9t\u00e9 civile, les secteurs public et priv\u00e9, les \u00e9coles, les universit\u00e9s et, plus g\u00e9n\u00e9ralement les citoyens du monde, font d&rsquo;une journ\u00e9e internationale un tremplin pour leurs actions de sensibilisation nationale. La majorit\u00e9 des c\u00e9l\u00e9brations ont \u00e9t\u00e9 \u00e9tablies par des r\u00e9solutions de l&rsquo;Assembl\u00e9e g\u00e9n\u00e9rale des Nations Unies, bien que certaines d&rsquo;entre elles aient \u00e9t\u00e9 proclam\u00e9es par ses institutions sp\u00e9cialis\u00e9es. L&rsquo;ONU observe \u00e9galement les anniversaires d&rsquo;\u00e9v\u00e9nements cl\u00e9s de son histoire.<\/p>\n\n\n\n<h2 class=\"wp-block-heading\" id=\"h-qui-decide-de-l-instauration-de-ces-journees\"><strong>Qui d\u00e9cide de l\u2019instauration de ces journ\u00e9es ?<\/strong><\/h2>\n\n\n\n<p class=\"has-medium-font-size wp-block-paragraph\">Les journ\u00e9es internationales sont propos\u00e9es \u00e0 l\u2019Assembl\u00e9e g\u00e9n\u00e9rale des Nations Unies par les \u00c9tats Membres. L\u2019Assembl\u00e9e g\u00e9n\u00e9rale d\u00e9cide par consensus toute nouvelle journ\u00e9e ou cause \u00e0 mettre en avant. C\u2019est la raison pour laquelle, on dit qu\u2019une journ\u00e9e internationale est proclam\u00e9e par l\u2019Assembl\u00e9e g\u00e9n\u00e9rale de l\u2019ONU.<\/p>\n\n\n\n<p class=\"has-medium-font-size wp-block-paragraph\">Toutefois, quelques-unes de ces c\u00e9l\u00e9brations sont aussi cr\u00e9\u00e9es par des institutions sp\u00e9cialis\u00e9es du domaine des Nations Unies afin d\u2019attirer l\u2019attention du public sur des sujets ou causes plus pointus, par exemple dans le domaine de la sant\u00e9 ou en mati\u00e8re de propri\u00e9t\u00e9 intellectuelle. Par exemple, la Journ\u00e9e mondiale de la libert\u00e9 de la presse qui est c\u00e9l\u00e9br\u00e9e le 3 mai, a \u00e9t\u00e9 proclam\u00e9e par l&rsquo;Organisation des Nations unies pour l&rsquo;\u00e9ducation, la science et la culture (UNESCO) bas\u00e9e \u00e0 Paris, ensuite ratifi\u00e9e par l&rsquo;Assembl\u00e9e g\u00e9n\u00e9rale.<\/p>\n\n\n\n<p class=\"has-medium-font-size wp-block-paragraph\">Les th\u00e8mes des journ\u00e9es internationales sont toujours li\u00e9s aux principaux domaines d&rsquo;action des Nations Unies, \u00e0 savoir le maintien de la paix et de la s\u00e9curit\u00e9 internationale, la promotion du d\u00e9veloppement durable, la protection des droits humains et la garantie du droit international et de l&rsquo;action humanitaire.<\/p>\n\n\n\n<p class=\"has-medium-font-size wp-block-paragraph\">Dans ses r\u00e9solutions, l&rsquo;Assembl\u00e9e g\u00e9n\u00e9rale justifie g\u00e9n\u00e9ralement ce qui l&rsquo;a incit\u00e9e \u00e0 proclamer une cause comme Journ\u00e9e internationale. A titre exemple, en d\u00e9clarant le 23 mai Journ\u00e9e internationale pour l&rsquo;\u00e9limination de la fistule obst\u00e9tricale, la r\u00e9solution cite \u00ab<em> les liens entre la pauvret\u00e9, la malnutrition, l&rsquo;absence, l&rsquo;insuffisance ou l&rsquo;inaccessibilit\u00e9 des services de soins de sant\u00e9, la maternit\u00e9 pr\u00e9coce, le mariage des enfants, la violence contre les jeunes femmes et les filles et la discrimination sexuelle comme causes profondes de la fistule obst\u00e9tricale, et le fait que la pauvret\u00e9 reste le principal facteur de risque social<\/em> \u00bb. Quelque peu technique, mais l\u2019essentiel est l\u00e0.<\/p>\n\n\n\n<p class=\"has-medium-font-size wp-block-paragraph\">Le commun des mortels n\u2019a peut-\u00eatre jamais entendu parler de cette maladie, malgr\u00e9 le fait que deux millions de femmes dans les pays en d\u00e9veloppement vivent avec une fistule, et qu&rsquo;entre 50 000 et 100 000 nouveaux cas surviennent chaque ann\u00e9e. Une journ\u00e9e internationale permet un important travail de sensibilisation sur cette question au demeurant bien \u00e9loign\u00e9e de nos JT habituels&nbsp;!<\/p>\n\n\n\n<p class=\"has-medium-font-size wp-block-paragraph\">En outre, l&rsquo;Assembl\u00e9e g\u00e9n\u00e9rale d\u00e9veloppe dans ses r\u00e9solutions les aspects de la question qui pr\u00e9occupent le plus ses \u00c9tats Membres. En d&rsquo;autres termes l&rsquo;humanit\u00e9 dans son ensemble, consid\u00e9rant que l&rsquo;Assembl\u00e9e est compos\u00e9e de 193 pays, c&rsquo;est-\u00e0-dire de la plupart des \u00c9tats du monde. Prenons par exemple, la r\u00e9solution qui d\u00e9signe le 23 juin comme \u00e9tant la Journ\u00e9e internationale des veuves, dans laquelle l&rsquo;Assembl\u00e9e g\u00e9n\u00e9rale se d\u00e9clare \u00ab <em>profond\u00e9ment pr\u00e9occup\u00e9e par le fait que des millions d\u2019enfants dont la m\u00e8re est veuve risquent de conna\u00eetre la faim, la malnutrition, le travail forc\u00e9, des difficult\u00e9s d\u2019acc\u00e8s aux soins de sant\u00e9, \u00e0 l\u2019eau et \u00e0 l\u2019hygi\u00e8ne, la privation de scolarit\u00e9, l\u2019analphab\u00e9tisme et la traite (des \u00eatres humains)<\/em> \u00bb. Finalement pas si \u00e9loign\u00e9 des rues parisiennes \u00e0 la tomb\u00e9e de la nuit pour qui sait regarder.<\/p>\n\n\n\n<p class=\"has-medium-font-size wp-block-paragraph\">En surcro\u00eet de ses missions de sensibilisation dites grand public, l&rsquo;ONU profite de ces occasions pour conseiller les \u00c9tats sur les actions \u00e0 mener afin de tenter de r\u00e9soudre les graves probl\u00e8mes autour desquels gravitent nombre de ces Journ\u00e9es. M\u00e9connue, la r\u00e9solution proclamant la Journ\u00e9e internationale de la diversit\u00e9 biologique c\u00e9l\u00e9br\u00e9e le 22 mai, dans laquelle l&rsquo;ONU invite ses \u00c9tats Membres \u00e0 signer et \u00e0 ratifier le protocole de Cartagena sur la pr\u00e9vention des risques biotechnologiques relatifs \u00e0 la Convention sur la diversit\u00e9 biologique.<\/p>\n\n\n\n<h2 class=\"wp-block-heading\" id=\"h-comment-mesurer-la-portee-de-ces-journees\"><strong>Comment mesurer la port\u00e9e de ces Journ\u00e9es ?<\/strong><\/h2>\n\n\n\n<p class=\"has-medium-font-size wp-block-paragraph\">Selon les services de presse et de communication, les journ\u00e9es internationales sont les pages les plus visit\u00e9es du site web de l&rsquo;ONU&nbsp;! Chaque journ\u00e9e internationale fait l\u2019objet de la conception d\u2019un site web d\u00e9di\u00e9, disponible dans les six langues officielles de l&rsquo;Organisation.<\/p>\n\n\n\n<p class=\"has-medium-font-size wp-block-paragraph\">Ces pages internet servent \u00e9galement d&rsquo;indicateurs de l&rsquo;int\u00e9r\u00eat que suscite un sujet donn\u00e9 dans chaque r\u00e9gion du monde. A cette fin, les services observent le niveau d&rsquo;engagement que ces comm\u00e9morations suscitent dans diff\u00e9rentes r\u00e9gions et langues \u00e0 travers le monde. Bien s\u00fbr aujourd\u2019hui, est la Journ\u00e9e internationale des droits de l&rsquo;homme qui a lieu le 10 d\u00e9cembre de chaque ann\u00e9e. Selon les statistiques officielles, cette journ\u00e9e est c\u00e9l\u00e9br\u00e9e dans le monde entier par de nombreuses initiatives. En Ouganda par exemple, un concours de r\u00e9daction est organis\u00e9, dans le cadre duquel des \u00e9tudiants sont invit\u00e9s \u00e0 r\u00e9fl\u00e9chir sur un large \u00e9ventail de nouvelles questions li\u00e9es aux droits de l\u2019homme dans le contexte de la pand\u00e9mie de COVID-19. Au Cambodge, une campagne ayant pour th\u00e8me le droit \u00e0 la cr\u00e9ation a \u00e9t\u00e9 lanc\u00e9e sur la base d\u2019un processus participatif de production artistique. Enfin en Ukraine, une exposition photo en plein air illustre le v\u00e9cu de celles et ceux qui ont \u00e9t\u00e9 laiss\u00e9s pour compte durant la pand\u00e9mie. En Am\u00e9rique latine, un concert en ligne a \u00e9t\u00e9 organis\u00e9 explorant le r\u00f4le positif de la musique dans les efforts de relance \u00e9conomique.<\/p>\n\n\n\n<p class=\"has-medium-font-size wp-block-paragraph\">Plus pr\u00e8s de nous parce que probablement plus m\u00e9diatis\u00e9es, d&rsquo;autres journ\u00e9es sont aussi tr\u00e8s populaires comme la Journ\u00e9e internationale des femmes (8 mars), la Journ\u00e9e mondiale de l&rsquo;eau (22 mars) ou la Journ\u00e9e internationale de la paix (21 septembre).<\/p>\n\n\n\n<p class=\"has-medium-font-size wp-block-paragraph\">D\u2019autre faits sont int\u00e9ressants \u00e0 propos de ces journ\u00e9es : le 21 mars est la date de cinq journ\u00e9es internationales diff\u00e9rentes, tandis que le mois de juin est celui qui compte le plus grand nombre de journ\u00e9es internationales du calendrier.<\/p>\n\n\n\n<h2 class=\"wp-block-heading\" id=\"h-celebrer-le-multilinguisme-comme-un-symbole-d-universalite\"><strong>C\u00e9l\u00e9brer le multilinguisme comme un symbole d\u2019universalit\u00e9<\/strong><\/h2>\n\n\n\n<p class=\"has-medium-font-size wp-block-paragraph\">Enfin, certaines journ\u00e9es internationales c\u00e9l\u00e8brent les langues officielles de l&rsquo;ONU. Le D\u00e9partement de la communication globale les a cr\u00e9\u00e9es afin de reconna\u00eetre le multilinguisme et la diversit\u00e9 culturelle, ainsi que de promouvoir l&rsquo;utilisation \u00e9gale des six langues officielles au sein de l&rsquo;Organisation. Les diff\u00e9rents lieux d&rsquo;affectation des Nations Unies dans le monde observent donc six journ\u00e9es des langues distinctes, chacune \u00e9tant d\u00e9di\u00e9e \u00e0 l&rsquo;une des six langues officielles de l&rsquo;Organisation. Les Journ\u00e9es des langues \u00e0 l&rsquo;ONU ont pour but de divertir, d&rsquo;informer et de renforcer la sensibilisation et le respect de l&rsquo;histoire, de la culture et des r\u00e9alisations de chacune des six langues au sein de la communaut\u00e9 des Nations Unies. Ces journ\u00e9es sont les suivantes :<\/p>\n\n\n\n<p class=\"has-medium-font-size wp-block-paragraph\">20 mars &#8211; Journ\u00e9e de la langue fran\u00e7aise \u00e0 l&rsquo;ONU<\/p>\n\n\n\n<p class=\"has-medium-font-size wp-block-paragraph\">20 avril &#8211; Journ\u00e9e de la langue chinoise \u00e0 l&rsquo;ONU<\/p>\n\n\n\n<p class=\"has-medium-font-size wp-block-paragraph\">23 avril &#8211; Journ\u00e9e de la langue anglaise \u00e0 l&rsquo;ONU<\/p>\n\n\n\n<p class=\"has-medium-font-size wp-block-paragraph\">23 avril &#8211; Journ\u00e9e de la langue espagnole \u00e0 l&rsquo;ONU<\/p>\n\n\n\n<p class=\"has-medium-font-size wp-block-paragraph\">6 juin &#8211; Journ\u00e9e de la langue russe \u00e0 l&rsquo;ONU<\/p>\n\n\n\n<p class=\"has-medium-font-size wp-block-paragraph\">18 d\u00e9cembre &#8211; Journ\u00e9e de la langue arabe \u00e0 l&rsquo;ONU<\/p>\n\n\n\n<p class=\"has-medium-font-size wp-block-paragraph\">Bien d&rsquo;autres c\u00e9l\u00e9brations ont mis en \u00e9vidence ou mettent \u00e9galement l&rsquo;accent sur le multilinguisme comme la Journ\u00e9e internationale de la langue maternelle (21 f\u00e9vrier), la Journ\u00e9e internationale de la traduction (30 septembre), l&rsquo;Ann\u00e9e internationale des langues autochtones (2019) et l&rsquo;Ann\u00e9e internationale des langues (2008).<\/p>","protected":false},"excerpt":{"rendered":"<p>\u00ab&nbsp;La D\u00e9claration universelle montre la voie \u00e0 suivre vers une communaut\u00e9 de valeurs et d\u2019approches qui peuvent permettre de r\u00e9soudre les tensions&hellip;<\/p>","protected":false},"author":93,"featured_media":3243,"comment_status":"open","ping_status":"open","sticky":false,"template":"","format":"standard","meta":{"_lmt_disableupdate":"","_lmt_disable":"","footnotes":""},"categories":[41,5,3],"tags":[217],"class_list":["post-3242","post","type-post","status-publish","format-standard","has-post-thumbnail","hentry","category-actualite","category-international","category-politique","tag-onu"],"yoast_head":"<!-- This site is optimized with the Yoast SEO Premium plugin v28.1 (Yoast SEO v28.1) - https:\/\/yoast.com\/product\/yoast-seo-premium-wordpress\/ -->\n<title>Dans un monde tourment\u00e9, ce 10 d\u00e9cembre marque la Journ\u00e9e des droits de l&#039;homme | Geopolitics.fr<\/title>\n<meta name=\"description\" content=\"La journ\u00e9e internationale des droits de l&#039;homme est l&#039;occasion de rappeler certains principes universels dans un monde tr\u00e8s tourment\u00e9.\" \/>\n<meta name=\"robots\" content=\"index, follow, max-snippet:-1, max-image-preview:large, max-video-preview:-1\" \/>\n<link rel=\"canonical\" href=\"https:\/\/www.geopolitics.fr\/en\/2024\/12\/10\/dans-un-monde-tourmente-ce-10-decembre-marque-la-journee-des-droits-de-lhomme\/\" \/>\n<meta property=\"og:locale\" content=\"en_GB\" \/>\n<meta property=\"og:type\" content=\"article\" \/>\n<meta property=\"og:title\" content=\"Dans un monde tourment\u00e9, ce 10 d\u00e9cembre marque la Journ\u00e9e des droits de l&#039;homme\" \/>\n<meta property=\"og:description\" content=\"La journ\u00e9e internationale des droits de l&#039;homme est l&#039;occasion de rappeler certains principes universels dans un monde tr\u00e8s tourment\u00e9.\" \/>\n<meta property=\"og:url\" content=\"https:\/\/www.geopolitics.fr\/en\/2024\/12\/10\/dans-un-monde-tourmente-ce-10-decembre-marque-la-journee-des-droits-de-lhomme\/\" \/>\n<meta property=\"og:site_name\" content=\"Geopolitics.fr\" \/>\n<meta property=\"article:publisher\" content=\"https:\/\/www.facebook.com\/people\/Erwan-Davoux\/61557098968092\/\" \/>\n<meta property=\"article:author\" content=\"https:\/\/www.facebook.com\/odelagarde\" \/>\n<meta property=\"article:published_time\" content=\"2024-12-10T17:50:18+00:00\" \/>\n<meta property=\"article:modified_time\" content=\"2024-12-10T17:50:45+00:00\" \/>\n<meta property=\"og:image\" content=\"https:\/\/www.geopolitics.fr\/wp-content\/uploads\/2024\/12\/onu-geneve.jpg\" \/>\n\t<meta property=\"og:image:width\" content=\"1920\" \/>\n\t<meta property=\"og:image:height\" content=\"1280\" \/>\n\t<meta property=\"og:image:type\" content=\"image\/jpeg\" \/>\n<meta name=\"author\" content=\"Olivier DELAGARDE\" \/>\n<meta name=\"twitter:card\" content=\"summary_large_image\" \/>\n<meta name=\"twitter:creator\" content=\"@Geopolitics_Fr\" \/>\n<meta name=\"twitter:site\" content=\"@Geopolitics_Fr\" \/>\n<meta name=\"twitter:label1\" content=\"Written by\" \/>\n\t<meta name=\"twitter:data1\" content=\"Olivier DELAGARDE\" \/>\n\t<meta name=\"twitter:label2\" content=\"Estimated reading time\" \/>\n\t<meta name=\"twitter:data2\" content=\"10 minutes\" \/>\n<script type=\"application\/ld+json\" class=\"yoast-schema-graph\">{\"@context\":\"https:\\\/\\\/schema.org\",\"@graph\":[{\"@type\":\"Article\",\"@id\":\"https:\\\/\\\/www.geopolitics.fr\\\/2024\\\/12\\\/10\\\/dans-un-monde-tourmente-ce-10-decembre-marque-la-journee-des-droits-de-lhomme\\\/#article\",\"isPartOf\":{\"@id\":\"https:\\\/\\\/www.geopolitics.fr\\\/2024\\\/12\\\/10\\\/dans-un-monde-tourmente-ce-10-decembre-marque-la-journee-des-droits-de-lhomme\\\/\"},\"author\":{\"name\":\"Olivier DELAGARDE\",\"@id\":\"https:\\\/\\\/www.geopolitics.fr\\\/#\\\/schema\\\/person\\\/9b98d78234af63d6ad71199d66115350\"},\"headline\":\"Dans un monde tourment\u00e9, ce 10 d\u00e9cembre marque la Journ\u00e9e des droits de l&rsquo;homme\",\"datePublished\":\"2024-12-10T17:50:18+00:00\",\"dateModified\":\"2024-12-10T17:50:45+00:00\",\"mainEntityOfPage\":{\"@id\":\"https:\\\/\\\/www.geopolitics.fr\\\/2024\\\/12\\\/10\\\/dans-un-monde-tourmente-ce-10-decembre-marque-la-journee-des-droits-de-lhomme\\\/\"},\"wordCount\":2233,\"commentCount\":0,\"publisher\":{\"@id\":\"https:\\\/\\\/www.geopolitics.fr\\\/#organization\"},\"image\":{\"@id\":\"https:\\\/\\\/www.geopolitics.fr\\\/2024\\\/12\\\/10\\\/dans-un-monde-tourmente-ce-10-decembre-marque-la-journee-des-droits-de-lhomme\\\/#primaryimage\"},\"thumbnailUrl\":\"https:\\\/\\\/www.geopolitics.fr\\\/wp-content\\\/uploads\\\/2024\\\/12\\\/onu-geneve.jpg\",\"keywords\":[\"ONU\"],\"articleSection\":[\"Actualit\u00e9\",\"International\",\"Politique\"],\"inLanguage\":\"en-GB\"},{\"@type\":\"WebPage\",\"@id\":\"https:\\\/\\\/www.geopolitics.fr\\\/2024\\\/12\\\/10\\\/dans-un-monde-tourmente-ce-10-decembre-marque-la-journee-des-droits-de-lhomme\\\/\",\"url\":\"https:\\\/\\\/www.geopolitics.fr\\\/2024\\\/12\\\/10\\\/dans-un-monde-tourmente-ce-10-decembre-marque-la-journee-des-droits-de-lhomme\\\/\",\"name\":\"Dans un monde tourment\u00e9, ce 10 d\u00e9cembre marque la Journ\u00e9e des droits de l'homme | Geopolitics.fr\",\"isPartOf\":{\"@id\":\"https:\\\/\\\/www.geopolitics.fr\\\/#website\"},\"primaryImageOfPage\":{\"@id\":\"https:\\\/\\\/www.geopolitics.fr\\\/2024\\\/12\\\/10\\\/dans-un-monde-tourmente-ce-10-decembre-marque-la-journee-des-droits-de-lhomme\\\/#primaryimage\"},\"image\":{\"@id\":\"https:\\\/\\\/www.geopolitics.fr\\\/2024\\\/12\\\/10\\\/dans-un-monde-tourmente-ce-10-decembre-marque-la-journee-des-droits-de-lhomme\\\/#primaryimage\"},\"thumbnailUrl\":\"https:\\\/\\\/www.geopolitics.fr\\\/wp-content\\\/uploads\\\/2024\\\/12\\\/onu-geneve.jpg\",\"datePublished\":\"2024-12-10T17:50:18+00:00\",\"dateModified\":\"2024-12-10T17:50:45+00:00\",\"description\":\"La journ\u00e9e internationale des droits de l'homme est l'occasion de rappeler certains principes universels dans un monde tr\u00e8s tourment\u00e9.\",\"breadcrumb\":{\"@id\":\"https:\\\/\\\/www.geopolitics.fr\\\/2024\\\/12\\\/10\\\/dans-un-monde-tourmente-ce-10-decembre-marque-la-journee-des-droits-de-lhomme\\\/#breadcrumb\"},\"inLanguage\":\"en-GB\",\"potentialAction\":[{\"@type\":\"ReadAction\",\"target\":[\"https:\\\/\\\/www.geopolitics.fr\\\/2024\\\/12\\\/10\\\/dans-un-monde-tourmente-ce-10-decembre-marque-la-journee-des-droits-de-lhomme\\\/\"]}]},{\"@type\":\"ImageObject\",\"inLanguage\":\"en-GB\",\"@id\":\"https:\\\/\\\/www.geopolitics.fr\\\/2024\\\/12\\\/10\\\/dans-un-monde-tourmente-ce-10-decembre-marque-la-journee-des-droits-de-lhomme\\\/#primaryimage\",\"url\":\"https:\\\/\\\/www.geopolitics.fr\\\/wp-content\\\/uploads\\\/2024\\\/12\\\/onu-geneve.jpg\",\"contentUrl\":\"https:\\\/\\\/www.geopolitics.fr\\\/wp-content\\\/uploads\\\/2024\\\/12\\\/onu-geneve.jpg\",\"width\":1920,\"height\":1280},{\"@type\":\"BreadcrumbList\",\"@id\":\"https:\\\/\\\/www.geopolitics.fr\\\/2024\\\/12\\\/10\\\/dans-un-monde-tourmente-ce-10-decembre-marque-la-journee-des-droits-de-lhomme\\\/#breadcrumb\",\"itemListElement\":[{\"@type\":\"ListItem\",\"position\":1,\"name\":\"Accueil\",\"item\":\"https:\\\/\\\/www.geopolitics.fr\\\/\"},{\"@type\":\"ListItem\",\"position\":2,\"name\":\"Dans un monde tourment\u00e9, ce 10 d\u00e9cembre marque la Journ\u00e9e des droits de l&#8217;homme\"}]},{\"@type\":\"WebSite\",\"@id\":\"https:\\\/\\\/www.geopolitics.fr\\\/#website\",\"url\":\"https:\\\/\\\/www.geopolitics.fr\\\/\",\"name\":\"Geopolitics.fr\",\"description\":\"Geopolitics.fr Analyse politique, relations internationales, d\u00e9fense - ligne \u00e9ditoriale gaullo-chiraquienne\",\"publisher\":{\"@id\":\"https:\\\/\\\/www.geopolitics.fr\\\/#organization\"},\"potentialAction\":[{\"@type\":\"SearchAction\",\"target\":{\"@type\":\"EntryPoint\",\"urlTemplate\":\"https:\\\/\\\/www.geopolitics.fr\\\/?s={search_term_string}\"},\"query-input\":{\"@type\":\"PropertyValueSpecification\",\"valueRequired\":true,\"valueName\":\"search_term_string\"}}],\"inLanguage\":\"en-GB\"},{\"@type\":\"Organization\",\"@id\":\"https:\\\/\\\/www.geopolitics.fr\\\/#organization\",\"name\":\"Geopolitics.fr\",\"url\":\"https:\\\/\\\/www.geopolitics.fr\\\/\",\"logo\":{\"@type\":\"ImageObject\",\"inLanguage\":\"en-GB\",\"@id\":\"https:\\\/\\\/www.geopolitics.fr\\\/#\\\/schema\\\/logo\\\/image\\\/\",\"url\":\"https:\\\/\\\/www.geopolitics.fr\\\/wp-content\\\/uploads\\\/2024\\\/01\\\/logo.jpg\",\"contentUrl\":\"https:\\\/\\\/www.geopolitics.fr\\\/wp-content\\\/uploads\\\/2024\\\/01\\\/logo.jpg\",\"width\":500,\"height\":500,\"caption\":\"Geopolitics.fr\"},\"image\":{\"@id\":\"https:\\\/\\\/www.geopolitics.fr\\\/#\\\/schema\\\/logo\\\/image\\\/\"},\"sameAs\":[\"https:\\\/\\\/www.facebook.com\\\/people\\\/Erwan-Davoux\\\/61557098968092\\\/\",\"https:\\\/\\\/x.com\\\/Geopolitics_Fr\"]},{\"@type\":\"Person\",\"@id\":\"https:\\\/\\\/www.geopolitics.fr\\\/#\\\/schema\\\/person\\\/9b98d78234af63d6ad71199d66115350\",\"name\":\"Olivier DELAGARDE\",\"image\":{\"@type\":\"ImageObject\",\"inLanguage\":\"en-GB\",\"@id\":\"https:\\\/\\\/secure.gravatar.com\\\/avatar\\\/2c50afbd303b51697d9591857ee182bf3ead572fa530da00bb0278cf506c3a97?s=96&d=mm&r=g\",\"url\":\"https:\\\/\\\/secure.gravatar.com\\\/avatar\\\/2c50afbd303b51697d9591857ee182bf3ead572fa530da00bb0278cf506c3a97?s=96&d=mm&r=g\",\"contentUrl\":\"https:\\\/\\\/secure.gravatar.com\\\/avatar\\\/2c50afbd303b51697d9591857ee182bf3ead572fa530da00bb0278cf506c3a97?s=96&d=mm&r=g\",\"caption\":\"Olivier DELAGARDE\"},\"description\":\"Journaliste depuis plus de 20 ans, accr\u00e9dit\u00e9 aupr\u00e8s de l'Organisation des Nations Unies, de la Ligue des Etats Arabes, titulaire de la Carte d'Identit\u00e9 des Journalistes Professionnels en France et de la F\u00e9d\u00e9ration Internationale des Journalistes, Olivier a occup\u00e9 le poste de Grand reporter correspondant permanent en \u00c9gypte pour des m\u00e9dias de renomm\u00e9e mondiale tels que TV5 MONDE, le GROUPE M6, le GROUPE TF1 ou encore l\u2019AFP. Durant plus de dix ann\u00e9es, il a produit de nombreux reportages sur la politique internationale en Afrique de l'Est, tout en couvrant les principaux conflits au Proche et Moyen-Orient. En tant que Chef de bureau Proche-Orient pour TV5 MONDE, il \u00e9tait responsable de la production de reportages, des relations institutionnelles et de la repr\u00e9sentation de la cha\u00eene, tout en \u00e9crivant pour plusieurs m\u00e9dias europ\u00e9ens et internationaux.\",\"sameAs\":[\"https:\\\/\\\/www.facebook.com\\\/odelagarde\",\"https:\\\/\\\/www.linkedin.com\\\/in\\\/olivier-delagarde-816b17270\\\/\"],\"url\":\"https:\\\/\\\/www.geopolitics.fr\\\/en\\\/author\\\/odelagarde\\\/\"}]}<\/script>\n<!-- \/ Yoast SEO Premium plugin. -->","yoast_head_json":{"title":"Dans un monde tourment\u00e9, ce 10 d\u00e9cembre marque la Journ\u00e9e des droits de l'homme | Geopolitics.fr","description":"La journ\u00e9e internationale des droits de l'homme est l'occasion de rappeler certains principes universels dans un monde tr\u00e8s tourment\u00e9.","robots":{"index":"index","follow":"follow","max-snippet":"max-snippet:-1","max-image-preview":"max-image-preview:large","max-video-preview":"max-video-preview:-1"},"canonical":"https:\/\/www.geopolitics.fr\/en\/2024\/12\/10\/dans-un-monde-tourmente-ce-10-decembre-marque-la-journee-des-droits-de-lhomme\/","og_locale":"en_GB","og_type":"article","og_title":"Dans un monde tourment\u00e9, ce 10 d\u00e9cembre marque la Journ\u00e9e des droits de l'homme","og_description":"La journ\u00e9e internationale des droits de l'homme est l'occasion de rappeler certains principes universels dans un monde tr\u00e8s tourment\u00e9.","og_url":"https:\/\/www.geopolitics.fr\/en\/2024\/12\/10\/dans-un-monde-tourmente-ce-10-decembre-marque-la-journee-des-droits-de-lhomme\/","og_site_name":"Geopolitics.fr","article_publisher":"https:\/\/www.facebook.com\/people\/Erwan-Davoux\/61557098968092\/","article_author":"https:\/\/www.facebook.com\/odelagarde","article_published_time":"2024-12-10T17:50:18+00:00","article_modified_time":"2024-12-10T17:50:45+00:00","og_image":[{"width":1920,"height":1280,"url":"https:\/\/www.geopolitics.fr\/wp-content\/uploads\/2024\/12\/onu-geneve.jpg","type":"image\/jpeg"}],"author":"Olivier DELAGARDE","twitter_card":"summary_large_image","twitter_creator":"@Geopolitics_Fr","twitter_site":"@Geopolitics_Fr","twitter_misc":{"Written by":"Olivier DELAGARDE","Estimated reading time":"10 minutes"},"schema":{"@context":"https:\/\/schema.org","@graph":[{"@type":"Article","@id":"https:\/\/www.geopolitics.fr\/2024\/12\/10\/dans-un-monde-tourmente-ce-10-decembre-marque-la-journee-des-droits-de-lhomme\/#article","isPartOf":{"@id":"https:\/\/www.geopolitics.fr\/2024\/12\/10\/dans-un-monde-tourmente-ce-10-decembre-marque-la-journee-des-droits-de-lhomme\/"},"author":{"name":"Olivier DELAGARDE","@id":"https:\/\/www.geopolitics.fr\/#\/schema\/person\/9b98d78234af63d6ad71199d66115350"},"headline":"Dans un monde tourment\u00e9, ce 10 d\u00e9cembre marque la Journ\u00e9e des droits de l&rsquo;homme","datePublished":"2024-12-10T17:50:18+00:00","dateModified":"2024-12-10T17:50:45+00:00","mainEntityOfPage":{"@id":"https:\/\/www.geopolitics.fr\/2024\/12\/10\/dans-un-monde-tourmente-ce-10-decembre-marque-la-journee-des-droits-de-lhomme\/"},"wordCount":2233,"commentCount":0,"publisher":{"@id":"https:\/\/www.geopolitics.fr\/#organization"},"image":{"@id":"https:\/\/www.geopolitics.fr\/2024\/12\/10\/dans-un-monde-tourmente-ce-10-decembre-marque-la-journee-des-droits-de-lhomme\/#primaryimage"},"thumbnailUrl":"https:\/\/www.geopolitics.fr\/wp-content\/uploads\/2024\/12\/onu-geneve.jpg","keywords":["ONU"],"articleSection":["Actualit\u00e9","International","Politique"],"inLanguage":"en-GB"},{"@type":"WebPage","@id":"https:\/\/www.geopolitics.fr\/2024\/12\/10\/dans-un-monde-tourmente-ce-10-decembre-marque-la-journee-des-droits-de-lhomme\/","url":"https:\/\/www.geopolitics.fr\/2024\/12\/10\/dans-un-monde-tourmente-ce-10-decembre-marque-la-journee-des-droits-de-lhomme\/","name":"Dans un monde tourment\u00e9, ce 10 d\u00e9cembre marque la Journ\u00e9e des droits de l'homme | Geopolitics.fr","isPartOf":{"@id":"https:\/\/www.geopolitics.fr\/#website"},"primaryImageOfPage":{"@id":"https:\/\/www.geopolitics.fr\/2024\/12\/10\/dans-un-monde-tourmente-ce-10-decembre-marque-la-journee-des-droits-de-lhomme\/#primaryimage"},"image":{"@id":"https:\/\/www.geopolitics.fr\/2024\/12\/10\/dans-un-monde-tourmente-ce-10-decembre-marque-la-journee-des-droits-de-lhomme\/#primaryimage"},"thumbnailUrl":"https:\/\/www.geopolitics.fr\/wp-content\/uploads\/2024\/12\/onu-geneve.jpg","datePublished":"2024-12-10T17:50:18+00:00","dateModified":"2024-12-10T17:50:45+00:00","description":"La journ\u00e9e internationale des droits de l'homme est l'occasion de rappeler certains principes universels dans un monde tr\u00e8s tourment\u00e9.","breadcrumb":{"@id":"https:\/\/www.geopolitics.fr\/2024\/12\/10\/dans-un-monde-tourmente-ce-10-decembre-marque-la-journee-des-droits-de-lhomme\/#breadcrumb"},"inLanguage":"en-GB","potentialAction":[{"@type":"ReadAction","target":["https:\/\/www.geopolitics.fr\/2024\/12\/10\/dans-un-monde-tourmente-ce-10-decembre-marque-la-journee-des-droits-de-lhomme\/"]}]},{"@type":"ImageObject","inLanguage":"en-GB","@id":"https:\/\/www.geopolitics.fr\/2024\/12\/10\/dans-un-monde-tourmente-ce-10-decembre-marque-la-journee-des-droits-de-lhomme\/#primaryimage","url":"https:\/\/www.geopolitics.fr\/wp-content\/uploads\/2024\/12\/onu-geneve.jpg","contentUrl":"https:\/\/www.geopolitics.fr\/wp-content\/uploads\/2024\/12\/onu-geneve.jpg","width":1920,"height":1280},{"@type":"BreadcrumbList","@id":"https:\/\/www.geopolitics.fr\/2024\/12\/10\/dans-un-monde-tourmente-ce-10-decembre-marque-la-journee-des-droits-de-lhomme\/#breadcrumb","itemListElement":[{"@type":"ListItem","position":1,"name":"Accueil","item":"https:\/\/www.geopolitics.fr\/"},{"@type":"ListItem","position":2,"name":"Dans un monde tourment\u00e9, ce 10 d\u00e9cembre marque la Journ\u00e9e des droits de l&#8217;homme"}]},{"@type":"WebSite","@id":"https:\/\/www.geopolitics.fr\/#website","url":"https:\/\/www.geopolitics.fr\/","name":"Geopolitics.fr","description":"Geopolitics.fr Analyse politique, relations internationales, d\u00e9fense - ligne \u00e9ditoriale gaullo-chiraquienne","publisher":{"@id":"https:\/\/www.geopolitics.fr\/#organization"},"potentialAction":[{"@type":"SearchAction","target":{"@type":"EntryPoint","urlTemplate":"https:\/\/www.geopolitics.fr\/?s={search_term_string}"},"query-input":{"@type":"PropertyValueSpecification","valueRequired":true,"valueName":"search_term_string"}}],"inLanguage":"en-GB"},{"@type":"Organization","@id":"https:\/\/www.geopolitics.fr\/#organization","name":"Geopolitics.fr","url":"https:\/\/www.geopolitics.fr\/","logo":{"@type":"ImageObject","inLanguage":"en-GB","@id":"https:\/\/www.geopolitics.fr\/#\/schema\/logo\/image\/","url":"https:\/\/www.geopolitics.fr\/wp-content\/uploads\/2024\/01\/logo.jpg","contentUrl":"https:\/\/www.geopolitics.fr\/wp-content\/uploads\/2024\/01\/logo.jpg","width":500,"height":500,"caption":"Geopolitics.fr"},"image":{"@id":"https:\/\/www.geopolitics.fr\/#\/schema\/logo\/image\/"},"sameAs":["https:\/\/www.facebook.com\/people\/Erwan-Davoux\/61557098968092\/","https:\/\/x.com\/Geopolitics_Fr"]},{"@type":"Person","@id":"https:\/\/www.geopolitics.fr\/#\/schema\/person\/9b98d78234af63d6ad71199d66115350","name":"Olivier DELAGARDE","image":{"@type":"ImageObject","inLanguage":"en-GB","@id":"https:\/\/secure.gravatar.com\/avatar\/2c50afbd303b51697d9591857ee182bf3ead572fa530da00bb0278cf506c3a97?s=96&d=mm&r=g","url":"https:\/\/secure.gravatar.com\/avatar\/2c50afbd303b51697d9591857ee182bf3ead572fa530da00bb0278cf506c3a97?s=96&d=mm&r=g","contentUrl":"https:\/\/secure.gravatar.com\/avatar\/2c50afbd303b51697d9591857ee182bf3ead572fa530da00bb0278cf506c3a97?s=96&d=mm&r=g","caption":"Olivier DELAGARDE"},"description":"Journaliste depuis plus de 20 ans, accr\u00e9dit\u00e9 aupr\u00e8s de l'Organisation des Nations Unies, de la Ligue des Etats Arabes, titulaire de la Carte d'Identit\u00e9 des Journalistes Professionnels en France et de la F\u00e9d\u00e9ration Internationale des Journalistes, Olivier a occup\u00e9 le poste de Grand reporter correspondant permanent en \u00c9gypte pour des m\u00e9dias de renomm\u00e9e mondiale tels que TV5 MONDE, le GROUPE M6, le GROUPE TF1 ou encore l\u2019AFP. Durant plus de dix ann\u00e9es, il a produit de nombreux reportages sur la politique internationale en Afrique de l'Est, tout en couvrant les principaux conflits au Proche et Moyen-Orient. En tant que Chef de bureau Proche-Orient pour TV5 MONDE, il \u00e9tait responsable de la production de reportages, des relations institutionnelles et de la repr\u00e9sentation de la cha\u00eene, tout en \u00e9crivant pour plusieurs m\u00e9dias europ\u00e9ens et internationaux.","sameAs":["https:\/\/www.facebook.com\/odelagarde","https:\/\/www.linkedin.com\/in\/olivier-delagarde-816b17270\/"],"url":"https:\/\/www.geopolitics.fr\/en\/author\/odelagarde\/"}]}},"_links":{"self":[{"href":"https:\/\/www.geopolitics.fr\/en\/wp-json\/wp\/v2\/posts\/3242","targetHints":{"allow":["GET"]}}],"collection":[{"href":"https:\/\/www.geopolitics.fr\/en\/wp-json\/wp\/v2\/posts"}],"about":[{"href":"https:\/\/www.geopolitics.fr\/en\/wp-json\/wp\/v2\/types\/post"}],"author":[{"embeddable":true,"href":"https:\/\/www.geopolitics.fr\/en\/wp-json\/wp\/v2\/users\/93"}],"replies":[{"embeddable":true,"href":"https:\/\/www.geopolitics.fr\/en\/wp-json\/wp\/v2\/comments?post=3242"}],"version-history":[{"count":0,"href":"https:\/\/www.geopolitics.fr\/en\/wp-json\/wp\/v2\/posts\/3242\/revisions"}],"wp:featuredmedia":[{"embeddable":true,"href":"https:\/\/www.geopolitics.fr\/en\/wp-json\/wp\/v2\/media\/3243"}],"wp:attachment":[{"href":"https:\/\/www.geopolitics.fr\/en\/wp-json\/wp\/v2\/media?parent=3242"}],"wp:term":[{"taxonomy":"category","embeddable":true,"href":"https:\/\/www.geopolitics.fr\/en\/wp-json\/wp\/v2\/categories?post=3242"},{"taxonomy":"post_tag","embeddable":true,"href":"https:\/\/www.geopolitics.fr\/en\/wp-json\/wp\/v2\/tags?post=3242"}],"curies":[{"name":"wp","href":"https:\/\/api.w.org\/{rel}","templated":true}]}}