{"id":3239,"date":"2024-12-10T09:52:07","date_gmt":"2024-12-10T08:52:07","guid":{"rendered":"https:\/\/www.geopolitics.fr\/?p=3239"},"modified":"2024-12-10T09:52:09","modified_gmt":"2024-12-10T08:52:09","slug":"syrie-suite-les-recents-combats-ont-deplace-plus-de-280-000-personnes-dans-le-nord-de-la-syrie-selon-lonu","status":"publish","type":"post","link":"https:\/\/www.geopolitics.fr\/en\/2024\/12\/10\/syrie-suite-les-recents-combats-ont-deplace-plus-de-280-000-personnes-dans-le-nord-de-la-syrie-selon-lonu\/","title":{"rendered":"[Syrie, suite] Les r\u00e9cents combats ont d\u00e9plac\u00e9 plus de 280.000 personnes dans le nord de la Syrie, selon l\u2019ONU"},"content":{"rendered":"<p class=\"has-medium-font-size wp-block-paragraph\"><em>Depuis le d\u00e9but de l\u2019offensive \u00e9clair men\u00e9e par le groupe djihadiste Hay\u2019at Tahrir al-Cham (HTC) associ\u00e9 \u00e0 d\u2019autres factions rebelles en Syrie, plus de 280.000 personnes ont \u00e9t\u00e9 d\u00e9plac\u00e9es par les combats dans le nord du pays, ont indiqu\u00e9 vendredi dernier des agences des Nations Unies, craignant que ce nombre puisse encore s\u2019aggraver pour atteindre \u00e0 1,5 million d\u2019individus.<\/em><\/p>\n\n\n\n<p class=\"has-medium-font-size wp-block-paragraph\">\u00ab <em>Les chiffres dont nous disposons sont de 280.000 personnes depuis le 27 novembre. C\u2019est le chiffre mis \u00e0 jour en date d\u2019hier soir. Et cela n\u2019inclut pas le nombre de personnes qui ont fui le Liban, lors de la r\u00e9cente escalade des combats&nbsp; entre le Hezbollah et Isra\u00ebl<\/em>&nbsp;\u00bb, a d\u00e9clar\u00e9 Samer AbdelJaber, Directeur de la coordination des urgences du Programme alimentaire mondial (PAM), lors d\u2019un point de presse r\u00e9gulier de l\u2019ONU \u00e0 Gen\u00e8ve.<\/p>\n\n\n\n<p class=\"has-medium-font-size wp-block-paragraph\">A l\u2019heure o\u00f9 nous publions, il ne fait plus myst\u00e8re que les hostilit\u00e9s dans le nord de la Syrie ont fait tache d\u2019huile \u00e0 d\u2019autres parties du pays, mettant en \u00ab <em>danger les civils et les travailleurs humanitaires, causant de graves dommages aux infrastructures essentielles et perturbant les op\u00e9rations humanitaires<\/em> \u00bb, comme le craint \u00e0 juste raison l\u2019agence onusienne.<\/p>\n\n\n\n<h2 class=\"wp-block-heading has-medium-font-size\" id=\"h-l-onu-craint-que-le-nombre-de-deplaces-atteigne-le-chiffre-alarmant-de-1-5-million\"><strong>L\u2019ONU craint que le nombre de d\u00e9plac\u00e9s atteigne le chiffre alarmant de 1,5 million<\/strong><\/h2>\n\n\n\n<p class=\"has-medium-font-size wp-block-paragraph\">\u00ab <em>Et si la situation continue d\u2019\u00e9voluer \u00e0 ce rythme, nous nous attendons \u00e0 ce que, collectivement, environ 1,5 million de personnes soient d\u00e9plac\u00e9es et aient besoin de notre soutien<\/em> \u00bb, a ajout\u00e9 Samer AbdelJaber.<\/p>\n\n\n\n<p class=\"has-medium-font-size wp-block-paragraph\">En effet, un rapport pr\u00e9sent\u00e9 la veille par le Bureau de coordination des affaires humanitaires de l\u2019ONU (OCHA) indiquait qu\u2019au moins 178.000 personnes ont \u00e9t\u00e9 d\u00e9plac\u00e9es en raison des r\u00e9centes escalades dans le nord de la Syrie, selon un d\u00e9compte effectu\u00e9 le jeudi 5 d\u00e9cembre dernier. Parmi ces d\u00e9plac\u00e9s, 128.000 sont de nouveaux d\u00e9plac\u00e9s et 39.000 ont \u00e9t\u00e9 contraints de fuir leur domicile au moins deux fois. Un bien triste chiffre.<\/p>\n\n\n\n<p class=\"has-medium-font-size wp-block-paragraph\">Des milliers de personnes affect\u00e9es continuent de fuir les zones et de chercher refuge dans des endroits plus s\u00fbrs \u00e0 l\u2019int\u00e9rieur des gouvernorats affect\u00e9s et dans d\u2019autres gouvernorats. Des milliers de personnes se sont temporairement d\u00e9plac\u00e9es vers le nord-est de la Syrie, en passant par les points de passage de Tabqa et de Bu Assi.<\/p>\n\n\n\n<p class=\"has-medium-font-size wp-block-paragraph\">\u00c0 Tabqa, 35 b\u00e2timents ont \u00e9t\u00e9 affect\u00e9s \u00e0 l\u2019accueil des personnes d\u00e9plac\u00e9es. La situation \u00e0 Ar-Raqqa est chaotique, bien que plus de 70 b\u00e2timents aient \u00e9t\u00e9 d\u00e9sign\u00e9s comme centres collectifs temporaires, la vague de d\u00e9placement d\u00e9passe la capacit\u00e9 d\u2019accueil, obligeant les gens \u00e0 dormir dans les rues et dans leurs voitures. Depuis le 4 d\u00e9cembre, quatre nouveaux sites d\u2019accueil ont \u00e9t\u00e9 \u00e9tablis dans les villes d\u2019Ain Al-Arab, Al-Hasakeh et Qamishli, o\u00f9 plus de 400 familles sont d\u00e9j\u00e0 h\u00e9berg\u00e9es.<\/p>\n\n\n\n<p class=\"has-medium-font-size wp-block-paragraph\">En somme, ce constat factuel et chiffres est bien \u00e9loign\u00e9 des imaginaires sc\u00e8nes de liesse des commentateurs occidentaux peu avis\u00e9s. Ou int\u00e9ress\u00e9s&nbsp;?<\/p>\n\n\n\n<p class=\"has-medium-font-size wp-block-paragraph\"><strong>Un lourd tribut pour les populations civiles<\/strong><\/p>\n\n\n\n<p class=\"has-medium-font-size wp-block-paragraph\">D\u2019une mani\u00e8re g\u00e9n\u00e9rale, la situation s\u00e9curitaire en Syrie reste tr\u00e8s pr\u00e9occupante avec une intensification des hostilit\u00e9s depuis le 27 novembre, en particulier dans les r\u00e9gions du nord et du nord-ouest, notamment dans les gouvernorats d\u2019Alep, d\u2019Idleb, de Hama et Homs. Bien que le nombre exact de victimes reste \u00e0 confirmer, l\u2019ONU estime que des centaines de civils ont perdu la vie ou ont \u00e9t\u00e9 bless\u00e9s au cours des sept derniers jours.<\/p>\n\n\n\n<p class=\"has-medium-font-size wp-block-paragraph\">\u00ab <em>Au moins 69 civils auraient \u00e9t\u00e9 tu\u00e9s, dont 26 enfants et 11 femmes, et plus de 200 bless\u00e9s ont d\u2019ores et d\u00e9j\u00e0 recenc\u00e9s, principalement dans le nord-ouest de la Syrie. Par ailleurs, plus de 370 civils auraient \u00e9t\u00e9 tu\u00e9s \u00e0 Hama en raison des affrontements en cours<\/em> \u00bb, pr\u00e9cise l\u2019OCHA dans son dernier rapport de situation humanitaire.<\/p>\n\n\n\n<p class=\"has-medium-font-size wp-block-paragraph\"><strong>Faute d\u2019approvisionnements suffisants, une ins\u00e9curit\u00e9 alimentaire grandissante<\/strong><\/p>\n\n\n\n<p class=\"has-medium-font-size wp-block-paragraph\">Faute de livraisons et d\u2019approvisionnements suffisants, les produits alimentaires de base se rar\u00e9fient, en particulier le pain, aggravant notablement les fluctuations des taux de change et l\u2019inflation qui ont d\u00e9j\u00e0 entra\u00een\u00e9 une forte hausse des prix des denr\u00e9es alimentaires et d\u2019autres produits de base. \u00ab <em>Compte tenu de la fluidit\u00e9 du conflit, il est difficile d\u2019estimer avec pr\u00e9cision les niveaux de stocks dans les boulangeries, et cela n\u00e9cessitera une surveillance continue<\/em> \u00bb, estime l\u2019organisation onusienne.<\/p>\n\n\n\n<p class=\"has-medium-font-size wp-block-paragraph\">Sur la base des retours de terrain datant de quelques jours, les boulangeries de la ville d\u2019Alep ne seront en mesure de fonctionner que pendant environ un mois. Aussi, un manque \u00e9vident de rations \u00ab&nbsp;pr\u00eates \u00e0 manger d\u2019urgence&nbsp;\u00bb distribu\u00e9es aux populations d\u00e9plac\u00e9es dans la r\u00e9gion d\u2019Idleb se fait belle et bien sentir. \u00ab <em>Les besoins exacts sont difficiles \u00e0 estimer, la situation \u00e9voluant quotidiennement, le nombre d\u2019arriv\u00e9es augmentant et les d\u00e9placements des partenaires humanitaires \u00e9tant limit\u00e9s par les hostilit\u00e9s en cours et l\u2019ins\u00e9curit\u00e9 qui r\u00e8gne <\/em>\u00bb, constatent les observateurs sur place.<\/p>\n\n\n\n<p class=\"has-medium-font-size wp-block-paragraph\">En outre \u00e0 Alep, dans le nord de Hama et \u00e0 Idleb, l\u2019acc\u00e8s aux soins ainsi qu\u2019\u00e0 l\u2019aide humanitaire a \u00e9t\u00e9 s\u00e9v\u00e8rement limit\u00e9. Les d\u00e9placements ont exacerb\u00e9 des conditions de vie d\u00e9j\u00e0 difficiles des populations civiles, augmentant le risque de malnutrition en particulier pour les enfants de moins de cinq ans.<\/p>\n\n\n\n<p class=\"has-medium-font-size wp-block-paragraph\"><strong>Une disparition compl\u00e8te des services publics \u00e0 Alep<\/strong><\/p>\n\n\n\n<p class=\"has-medium-font-size wp-block-paragraph\">Sur un autre plan et faute d\u2019un syst\u00e8me institutionnel en ordre de marche, les services publics et les installations essentielles \u00e0 Alep sont interrompus ou ne peuvent fonctionner en raison de la p\u00e9nurie de fournitures m\u00e9dicales et de personnel mobilis\u00e9 sur les diff\u00e9rents fronts. L\u2019escalade de la violence a gravement affect\u00e9 le syst\u00e8me de sant\u00e9 local, entra\u00eenant la suspension des interventions chirurgicales et de la distribution de traitements lourds dans les pathologies chroniques et ce, dans les principaux \u00e9tablissements de sant\u00e9 d\u2019Alep et d\u2019Idleb.<\/p>\n\n\n\n<p class=\"has-medium-font-size wp-block-paragraph\">Dans le nord-est, non seulement les centres collectifs d\u2019urgences se remplissent en quelques heures d\u00e8s qu\u2019ils sont mis en place, mais les centres d\u2019accueil permanents sont \u00e9galement d\u00e9pass\u00e9s par l\u2019afflux et, par des temp\u00e9ratures n\u00e9gatives, nombre de familles n\u2019ont d\u2019autres recours que de dormirent dans les rues et dans leurs voitures quand elles ont la chance d\u2019en poss\u00e9der. Sur place, de nouvelles \u00e9valuations sont en cours afin d\u2019identifier les besoins des familles nouvellement arriv\u00e9es.<\/p>\n\n\n\n<p class=\"has-medium-font-size wp-block-paragraph\">\u00ab <em>Bien entendu, les partenaires humanitaires travaillent des deux c\u00f4t\u00e9s de la ligne de front. Nous essayons d\u2019atteindre les communaut\u00e9s l\u00e0 o\u00f9 elles ont besoin d\u2019aide et nous travaillons avec nos \u00e9quipes sur le terrain pour s\u00e9curiser les itin\u00e9raires afin de pouvoir acheminer l\u2019aide et l\u2019assistance aux communaut\u00e9s qui en ont besoin<\/em> \u00bb, a ajout\u00e9 Samer AbdelJaber.<\/p>\n\n\n\n<p class=\"has-medium-font-size wp-block-paragraph\"><strong>1,5 million d\u2019enfants priv\u00e9s d\u2019\u00e9cole \u00e0 Idleb, Alep et Raqqa<\/strong><\/p>\n\n\n\n<p class=\"has-medium-font-size wp-block-paragraph\">Par ailleurs, pr\u00e8s de 1,5 million d\u2019enfants sont d\u00e9sormais priv\u00e9s d\u2019\u00e9ducation \u00e0 Idleb, Alep et Ar-Raqqa en raison de la fermeture des \u00e9coles. Plus de 1.000 \u00e9tablissements scolaires sont maintenant utilis\u00e9es comme abris de fortune. En cons\u00e9quence des \u00e9v\u00e9nements r\u00e9cents, plus de 60 \u00e9coles \u00e0 Ar-Raqqa et Tabqa sont maintenant utilis\u00e9es afin d\u2019accueillir les populations d\u00e9plac\u00e9es.<\/p>\n\n\n\n<p class=\"has-medium-font-size wp-block-paragraph\">\u00ab <em>Comme le nombre d\u2019arriv\u00e9es continue d\u2019augmenter, on s\u2019attend \u00e0 ce que d\u2019autres \u00e9coles soient r\u00e9affect\u00e9es \u00e0 Ar-Raqqa, Tabqa, Ain Al Arab, Al-Hasakeh et Quamishli, ce qui entra\u00eenera l\u2019interruption de l\u2019enseignement<\/em> \u00bb, rapporte les personnels humanitaires sur place.<\/p>\n\n\n\n<p class=\"has-medium-font-size wp-block-paragraph\">Ces m\u00eames partenaires humanitaires ayant fait le choix de rester dans les diff\u00e9rentes zones d\u2019intervention, se coordonnent \u00e9troitement afin d\u2019assurer un partage rapide des informations sur les d\u00e9placements, la localisation des sites d\u2019accueil potentiels et bien \u00e9videmment sur les besoins nouveaux.<\/p>\n\n\n\n<p class=\"has-medium-font-size wp-block-paragraph\">\u00ab <em>Je dois dire que nous savons collectivement que la situation en Syrie n\u2019\u00e9tait pas facile avant cette escalade. C\u2019est pourquoi nous insistons sur le besoin urgent de financement, d\u2019un financement flexible afin que nous puissions soutenir tous les efforts des partenaires humanitaires pour se pr\u00e9positionner et \u00eatre pr\u00eats \u00e0 faire face \u00e0 n\u2019importe quel sc\u00e9nario en termes de d\u00e9placements qui pourrait \u00e9voluer dans les jours ou les mois \u00e0 venir<\/em> \u00bb, a conclu le Directeur de la Coordination des urgences et de la diplomatie humanitaire du PAM.<\/p>\n\n\n\n<p class=\"wp-block-paragraph\"><\/p>","protected":false},"excerpt":{"rendered":"<p>Depuis le d\u00e9but de l\u2019offensive \u00e9clair men\u00e9e par le groupe djihadiste Hay\u2019at Tahrir al-Cham (HTC) associ\u00e9 \u00e0 d\u2019autres factions rebelles en Syrie,&hellip;<\/p>","protected":false},"author":93,"featured_media":3240,"comment_status":"open","ping_status":"open","sticky":false,"template":"","format":"standard","meta":{"_lmt_disableupdate":"","_lmt_disable":"","footnotes":""},"categories":[5,4],"tags":[400,396],"class_list":["post-3239","post","type-post","status-publish","format-standard","has-post-thumbnail","hentry","category-international","category-mis-en-avant","tag-refugies","tag-syrie"],"yoast_head":"<!-- This site is optimized with the Yoast SEO Premium plugin v28.1 (Yoast SEO v28.1) - https:\/\/yoast.com\/product\/yoast-seo-premium-wordpress\/ -->\n<title>[Syrie, suite] Les r\u00e9cents combats ont d\u00e9plac\u00e9 plus de 280.000 personnes dans le nord de la Syrie, selon l\u2019ONU | Geopolitics.fr<\/title>\n<meta name=\"description\" content=\"Les r\u00e9cents combats en Syrie ont entrain\u00e9 un grand nombre de d\u00e9plac\u00e9s et r\u00e9fugi\u00e9s qui pourrait prochainement monter \u00e0 1,5 million\" \/>\n<meta name=\"robots\" content=\"index, follow, max-snippet:-1, max-image-preview:large, max-video-preview:-1\" \/>\n<link rel=\"canonical\" href=\"https:\/\/www.geopolitics.fr\/en\/2024\/12\/10\/syrie-suite-les-recents-combats-ont-deplace-plus-de-280-000-personnes-dans-le-nord-de-la-syrie-selon-lonu\/\" \/>\n<meta property=\"og:locale\" content=\"en_GB\" \/>\n<meta property=\"og:type\" content=\"article\" \/>\n<meta property=\"og:title\" content=\"[Syrie, suite] Les r\u00e9cents combats ont d\u00e9plac\u00e9 plus de 280.000 personnes dans le nord de la Syrie, selon l\u2019ONU\" \/>\n<meta property=\"og:description\" content=\"Les r\u00e9cents combats en Syrie ont entrain\u00e9 un grand nombre de d\u00e9plac\u00e9s et r\u00e9fugi\u00e9s qui pourrait prochainement monter \u00e0 1,5 million\" \/>\n<meta property=\"og:url\" content=\"https:\/\/www.geopolitics.fr\/en\/2024\/12\/10\/syrie-suite-les-recents-combats-ont-deplace-plus-de-280-000-personnes-dans-le-nord-de-la-syrie-selon-lonu\/\" \/>\n<meta property=\"og:site_name\" content=\"Geopolitics.fr\" \/>\n<meta property=\"article:publisher\" content=\"https:\/\/www.facebook.com\/people\/Erwan-Davoux\/61557098968092\/\" \/>\n<meta property=\"article:author\" content=\"https:\/\/www.facebook.com\/odelagarde\" \/>\n<meta property=\"article:published_time\" content=\"2024-12-10T08:52:07+00:00\" \/>\n<meta property=\"article:modified_time\" content=\"2024-12-10T08:52:09+00:00\" \/>\n<meta property=\"og:image\" content=\"https:\/\/www.geopolitics.fr\/wp-content\/uploads\/2024\/12\/refugies-sy.jpg\" \/>\n\t<meta property=\"og:image:width\" content=\"1024\" \/>\n\t<meta property=\"og:image:height\" content=\"682\" \/>\n\t<meta property=\"og:image:type\" content=\"image\/jpeg\" \/>\n<meta name=\"author\" content=\"Olivier DELAGARDE\" \/>\n<meta name=\"twitter:card\" content=\"summary_large_image\" \/>\n<meta name=\"twitter:creator\" content=\"@Geopolitics_Fr\" \/>\n<meta name=\"twitter:site\" content=\"@Geopolitics_Fr\" \/>\n<meta name=\"twitter:label1\" content=\"Written by\" \/>\n\t<meta name=\"twitter:data1\" content=\"Olivier DELAGARDE\" \/>\n\t<meta name=\"twitter:label2\" content=\"Estimated reading time\" \/>\n\t<meta name=\"twitter:data2\" content=\"7 minutes\" \/>\n<script type=\"application\/ld+json\" class=\"yoast-schema-graph\">{\"@context\":\"https:\\\/\\\/schema.org\",\"@graph\":[{\"@type\":\"Article\",\"@id\":\"https:\\\/\\\/www.geopolitics.fr\\\/2024\\\/12\\\/10\\\/syrie-suite-les-recents-combats-ont-deplace-plus-de-280-000-personnes-dans-le-nord-de-la-syrie-selon-lonu\\\/#article\",\"isPartOf\":{\"@id\":\"https:\\\/\\\/www.geopolitics.fr\\\/2024\\\/12\\\/10\\\/syrie-suite-les-recents-combats-ont-deplace-plus-de-280-000-personnes-dans-le-nord-de-la-syrie-selon-lonu\\\/\"},\"author\":{\"name\":\"Olivier DELAGARDE\",\"@id\":\"https:\\\/\\\/www.geopolitics.fr\\\/#\\\/schema\\\/person\\\/9b98d78234af63d6ad71199d66115350\"},\"headline\":\"[Syrie, suite] Les r\u00e9cents combats ont d\u00e9plac\u00e9 plus de 280.000 personnes dans le nord de la Syrie, selon l\u2019ONU\",\"datePublished\":\"2024-12-10T08:52:07+00:00\",\"dateModified\":\"2024-12-10T08:52:09+00:00\",\"mainEntityOfPage\":{\"@id\":\"https:\\\/\\\/www.geopolitics.fr\\\/2024\\\/12\\\/10\\\/syrie-suite-les-recents-combats-ont-deplace-plus-de-280-000-personnes-dans-le-nord-de-la-syrie-selon-lonu\\\/\"},\"wordCount\":1445,\"commentCount\":0,\"publisher\":{\"@id\":\"https:\\\/\\\/www.geopolitics.fr\\\/#organization\"},\"image\":{\"@id\":\"https:\\\/\\\/www.geopolitics.fr\\\/2024\\\/12\\\/10\\\/syrie-suite-les-recents-combats-ont-deplace-plus-de-280-000-personnes-dans-le-nord-de-la-syrie-selon-lonu\\\/#primaryimage\"},\"thumbnailUrl\":\"https:\\\/\\\/www.geopolitics.fr\\\/wp-content\\\/uploads\\\/2024\\\/12\\\/refugies-sy.jpg\",\"keywords\":[\"REFUGIES\",\"SYRIE\"],\"articleSection\":[\"International\",\"Mis en AVANT\"],\"inLanguage\":\"en-GB\"},{\"@type\":\"WebPage\",\"@id\":\"https:\\\/\\\/www.geopolitics.fr\\\/2024\\\/12\\\/10\\\/syrie-suite-les-recents-combats-ont-deplace-plus-de-280-000-personnes-dans-le-nord-de-la-syrie-selon-lonu\\\/\",\"url\":\"https:\\\/\\\/www.geopolitics.fr\\\/2024\\\/12\\\/10\\\/syrie-suite-les-recents-combats-ont-deplace-plus-de-280-000-personnes-dans-le-nord-de-la-syrie-selon-lonu\\\/\",\"name\":\"[Syrie, suite] Les r\u00e9cents combats ont d\u00e9plac\u00e9 plus de 280.000 personnes dans le nord de la Syrie, selon l\u2019ONU | Geopolitics.fr\",\"isPartOf\":{\"@id\":\"https:\\\/\\\/www.geopolitics.fr\\\/#website\"},\"primaryImageOfPage\":{\"@id\":\"https:\\\/\\\/www.geopolitics.fr\\\/2024\\\/12\\\/10\\\/syrie-suite-les-recents-combats-ont-deplace-plus-de-280-000-personnes-dans-le-nord-de-la-syrie-selon-lonu\\\/#primaryimage\"},\"image\":{\"@id\":\"https:\\\/\\\/www.geopolitics.fr\\\/2024\\\/12\\\/10\\\/syrie-suite-les-recents-combats-ont-deplace-plus-de-280-000-personnes-dans-le-nord-de-la-syrie-selon-lonu\\\/#primaryimage\"},\"thumbnailUrl\":\"https:\\\/\\\/www.geopolitics.fr\\\/wp-content\\\/uploads\\\/2024\\\/12\\\/refugies-sy.jpg\",\"datePublished\":\"2024-12-10T08:52:07+00:00\",\"dateModified\":\"2024-12-10T08:52:09+00:00\",\"description\":\"Les r\u00e9cents combats en Syrie ont entrain\u00e9 un grand nombre de d\u00e9plac\u00e9s et r\u00e9fugi\u00e9s qui pourrait prochainement monter \u00e0 1,5 million\",\"breadcrumb\":{\"@id\":\"https:\\\/\\\/www.geopolitics.fr\\\/2024\\\/12\\\/10\\\/syrie-suite-les-recents-combats-ont-deplace-plus-de-280-000-personnes-dans-le-nord-de-la-syrie-selon-lonu\\\/#breadcrumb\"},\"inLanguage\":\"en-GB\",\"potentialAction\":[{\"@type\":\"ReadAction\",\"target\":[\"https:\\\/\\\/www.geopolitics.fr\\\/2024\\\/12\\\/10\\\/syrie-suite-les-recents-combats-ont-deplace-plus-de-280-000-personnes-dans-le-nord-de-la-syrie-selon-lonu\\\/\"]}]},{\"@type\":\"ImageObject\",\"inLanguage\":\"en-GB\",\"@id\":\"https:\\\/\\\/www.geopolitics.fr\\\/2024\\\/12\\\/10\\\/syrie-suite-les-recents-combats-ont-deplace-plus-de-280-000-personnes-dans-le-nord-de-la-syrie-selon-lonu\\\/#primaryimage\",\"url\":\"https:\\\/\\\/www.geopolitics.fr\\\/wp-content\\\/uploads\\\/2024\\\/12\\\/refugies-sy.jpg\",\"contentUrl\":\"https:\\\/\\\/www.geopolitics.fr\\\/wp-content\\\/uploads\\\/2024\\\/12\\\/refugies-sy.jpg\",\"width\":1024,\"height\":682},{\"@type\":\"BreadcrumbList\",\"@id\":\"https:\\\/\\\/www.geopolitics.fr\\\/2024\\\/12\\\/10\\\/syrie-suite-les-recents-combats-ont-deplace-plus-de-280-000-personnes-dans-le-nord-de-la-syrie-selon-lonu\\\/#breadcrumb\",\"itemListElement\":[{\"@type\":\"ListItem\",\"position\":1,\"name\":\"Accueil\",\"item\":\"https:\\\/\\\/www.geopolitics.fr\\\/\"},{\"@type\":\"ListItem\",\"position\":2,\"name\":\"[Syrie, suite] Les r\u00e9cents combats ont d\u00e9plac\u00e9 plus de 280.000 personnes dans le nord de la Syrie, selon l\u2019ONU\"}]},{\"@type\":\"WebSite\",\"@id\":\"https:\\\/\\\/www.geopolitics.fr\\\/#website\",\"url\":\"https:\\\/\\\/www.geopolitics.fr\\\/\",\"name\":\"Geopolitics.fr\",\"description\":\"Geopolitics.fr Analyse politique, relations internationales, d\u00e9fense - ligne \u00e9ditoriale gaullo-chiraquienne\",\"publisher\":{\"@id\":\"https:\\\/\\\/www.geopolitics.fr\\\/#organization\"},\"potentialAction\":[{\"@type\":\"SearchAction\",\"target\":{\"@type\":\"EntryPoint\",\"urlTemplate\":\"https:\\\/\\\/www.geopolitics.fr\\\/?s={search_term_string}\"},\"query-input\":{\"@type\":\"PropertyValueSpecification\",\"valueRequired\":true,\"valueName\":\"search_term_string\"}}],\"inLanguage\":\"en-GB\"},{\"@type\":\"Organization\",\"@id\":\"https:\\\/\\\/www.geopolitics.fr\\\/#organization\",\"name\":\"Geopolitics.fr\",\"url\":\"https:\\\/\\\/www.geopolitics.fr\\\/\",\"logo\":{\"@type\":\"ImageObject\",\"inLanguage\":\"en-GB\",\"@id\":\"https:\\\/\\\/www.geopolitics.fr\\\/#\\\/schema\\\/logo\\\/image\\\/\",\"url\":\"https:\\\/\\\/www.geopolitics.fr\\\/wp-content\\\/uploads\\\/2024\\\/01\\\/logo.jpg\",\"contentUrl\":\"https:\\\/\\\/www.geopolitics.fr\\\/wp-content\\\/uploads\\\/2024\\\/01\\\/logo.jpg\",\"width\":500,\"height\":500,\"caption\":\"Geopolitics.fr\"},\"image\":{\"@id\":\"https:\\\/\\\/www.geopolitics.fr\\\/#\\\/schema\\\/logo\\\/image\\\/\"},\"sameAs\":[\"https:\\\/\\\/www.facebook.com\\\/people\\\/Erwan-Davoux\\\/61557098968092\\\/\",\"https:\\\/\\\/x.com\\\/Geopolitics_Fr\"]},{\"@type\":\"Person\",\"@id\":\"https:\\\/\\\/www.geopolitics.fr\\\/#\\\/schema\\\/person\\\/9b98d78234af63d6ad71199d66115350\",\"name\":\"Olivier DELAGARDE\",\"image\":{\"@type\":\"ImageObject\",\"inLanguage\":\"en-GB\",\"@id\":\"https:\\\/\\\/secure.gravatar.com\\\/avatar\\\/2c50afbd303b51697d9591857ee182bf3ead572fa530da00bb0278cf506c3a97?s=96&d=mm&r=g\",\"url\":\"https:\\\/\\\/secure.gravatar.com\\\/avatar\\\/2c50afbd303b51697d9591857ee182bf3ead572fa530da00bb0278cf506c3a97?s=96&d=mm&r=g\",\"contentUrl\":\"https:\\\/\\\/secure.gravatar.com\\\/avatar\\\/2c50afbd303b51697d9591857ee182bf3ead572fa530da00bb0278cf506c3a97?s=96&d=mm&r=g\",\"caption\":\"Olivier DELAGARDE\"},\"description\":\"Journaliste depuis plus de 20 ans, accr\u00e9dit\u00e9 aupr\u00e8s de l'Organisation des Nations Unies, de la Ligue des Etats Arabes, titulaire de la Carte d'Identit\u00e9 des Journalistes Professionnels en France et de la F\u00e9d\u00e9ration Internationale des Journalistes, Olivier a occup\u00e9 le poste de Grand reporter correspondant permanent en \u00c9gypte pour des m\u00e9dias de renomm\u00e9e mondiale tels que TV5 MONDE, le GROUPE M6, le GROUPE TF1 ou encore l\u2019AFP. Durant plus de dix ann\u00e9es, il a produit de nombreux reportages sur la politique internationale en Afrique de l'Est, tout en couvrant les principaux conflits au Proche et Moyen-Orient. En tant que Chef de bureau Proche-Orient pour TV5 MONDE, il \u00e9tait responsable de la production de reportages, des relations institutionnelles et de la repr\u00e9sentation de la cha\u00eene, tout en \u00e9crivant pour plusieurs m\u00e9dias europ\u00e9ens et internationaux.\",\"sameAs\":[\"https:\\\/\\\/www.facebook.com\\\/odelagarde\",\"https:\\\/\\\/www.linkedin.com\\\/in\\\/olivier-delagarde-816b17270\\\/\"],\"url\":\"https:\\\/\\\/www.geopolitics.fr\\\/en\\\/author\\\/odelagarde\\\/\"}]}<\/script>\n<!-- \/ Yoast SEO Premium plugin. -->","yoast_head_json":{"title":"[Syrie, suite] Les r\u00e9cents combats ont d\u00e9plac\u00e9 plus de 280.000 personnes dans le nord de la Syrie, selon l\u2019ONU | Geopolitics.fr","description":"Les r\u00e9cents combats en Syrie ont entrain\u00e9 un grand nombre de d\u00e9plac\u00e9s et r\u00e9fugi\u00e9s qui pourrait prochainement monter \u00e0 1,5 million","robots":{"index":"index","follow":"follow","max-snippet":"max-snippet:-1","max-image-preview":"max-image-preview:large","max-video-preview":"max-video-preview:-1"},"canonical":"https:\/\/www.geopolitics.fr\/en\/2024\/12\/10\/syrie-suite-les-recents-combats-ont-deplace-plus-de-280-000-personnes-dans-le-nord-de-la-syrie-selon-lonu\/","og_locale":"en_GB","og_type":"article","og_title":"[Syrie, suite] Les r\u00e9cents combats ont d\u00e9plac\u00e9 plus de 280.000 personnes dans le nord de la Syrie, selon l\u2019ONU","og_description":"Les r\u00e9cents combats en Syrie ont entrain\u00e9 un grand nombre de d\u00e9plac\u00e9s et r\u00e9fugi\u00e9s qui pourrait prochainement monter \u00e0 1,5 million","og_url":"https:\/\/www.geopolitics.fr\/en\/2024\/12\/10\/syrie-suite-les-recents-combats-ont-deplace-plus-de-280-000-personnes-dans-le-nord-de-la-syrie-selon-lonu\/","og_site_name":"Geopolitics.fr","article_publisher":"https:\/\/www.facebook.com\/people\/Erwan-Davoux\/61557098968092\/","article_author":"https:\/\/www.facebook.com\/odelagarde","article_published_time":"2024-12-10T08:52:07+00:00","article_modified_time":"2024-12-10T08:52:09+00:00","og_image":[{"width":1024,"height":682,"url":"https:\/\/www.geopolitics.fr\/wp-content\/uploads\/2024\/12\/refugies-sy.jpg","type":"image\/jpeg"}],"author":"Olivier DELAGARDE","twitter_card":"summary_large_image","twitter_creator":"@Geopolitics_Fr","twitter_site":"@Geopolitics_Fr","twitter_misc":{"Written by":"Olivier DELAGARDE","Estimated reading time":"7 minutes"},"schema":{"@context":"https:\/\/schema.org","@graph":[{"@type":"Article","@id":"https:\/\/www.geopolitics.fr\/2024\/12\/10\/syrie-suite-les-recents-combats-ont-deplace-plus-de-280-000-personnes-dans-le-nord-de-la-syrie-selon-lonu\/#article","isPartOf":{"@id":"https:\/\/www.geopolitics.fr\/2024\/12\/10\/syrie-suite-les-recents-combats-ont-deplace-plus-de-280-000-personnes-dans-le-nord-de-la-syrie-selon-lonu\/"},"author":{"name":"Olivier DELAGARDE","@id":"https:\/\/www.geopolitics.fr\/#\/schema\/person\/9b98d78234af63d6ad71199d66115350"},"headline":"[Syrie, suite] Les r\u00e9cents combats ont d\u00e9plac\u00e9 plus de 280.000 personnes dans le nord de la Syrie, selon l\u2019ONU","datePublished":"2024-12-10T08:52:07+00:00","dateModified":"2024-12-10T08:52:09+00:00","mainEntityOfPage":{"@id":"https:\/\/www.geopolitics.fr\/2024\/12\/10\/syrie-suite-les-recents-combats-ont-deplace-plus-de-280-000-personnes-dans-le-nord-de-la-syrie-selon-lonu\/"},"wordCount":1445,"commentCount":0,"publisher":{"@id":"https:\/\/www.geopolitics.fr\/#organization"},"image":{"@id":"https:\/\/www.geopolitics.fr\/2024\/12\/10\/syrie-suite-les-recents-combats-ont-deplace-plus-de-280-000-personnes-dans-le-nord-de-la-syrie-selon-lonu\/#primaryimage"},"thumbnailUrl":"https:\/\/www.geopolitics.fr\/wp-content\/uploads\/2024\/12\/refugies-sy.jpg","keywords":["REFUGIES","SYRIE"],"articleSection":["International","Mis en AVANT"],"inLanguage":"en-GB"},{"@type":"WebPage","@id":"https:\/\/www.geopolitics.fr\/2024\/12\/10\/syrie-suite-les-recents-combats-ont-deplace-plus-de-280-000-personnes-dans-le-nord-de-la-syrie-selon-lonu\/","url":"https:\/\/www.geopolitics.fr\/2024\/12\/10\/syrie-suite-les-recents-combats-ont-deplace-plus-de-280-000-personnes-dans-le-nord-de-la-syrie-selon-lonu\/","name":"[Syrie, suite] Les r\u00e9cents combats ont d\u00e9plac\u00e9 plus de 280.000 personnes dans le nord de la Syrie, selon l\u2019ONU | Geopolitics.fr","isPartOf":{"@id":"https:\/\/www.geopolitics.fr\/#website"},"primaryImageOfPage":{"@id":"https:\/\/www.geopolitics.fr\/2024\/12\/10\/syrie-suite-les-recents-combats-ont-deplace-plus-de-280-000-personnes-dans-le-nord-de-la-syrie-selon-lonu\/#primaryimage"},"image":{"@id":"https:\/\/www.geopolitics.fr\/2024\/12\/10\/syrie-suite-les-recents-combats-ont-deplace-plus-de-280-000-personnes-dans-le-nord-de-la-syrie-selon-lonu\/#primaryimage"},"thumbnailUrl":"https:\/\/www.geopolitics.fr\/wp-content\/uploads\/2024\/12\/refugies-sy.jpg","datePublished":"2024-12-10T08:52:07+00:00","dateModified":"2024-12-10T08:52:09+00:00","description":"Les r\u00e9cents combats en Syrie ont entrain\u00e9 un grand nombre de d\u00e9plac\u00e9s et r\u00e9fugi\u00e9s qui pourrait prochainement monter \u00e0 1,5 million","breadcrumb":{"@id":"https:\/\/www.geopolitics.fr\/2024\/12\/10\/syrie-suite-les-recents-combats-ont-deplace-plus-de-280-000-personnes-dans-le-nord-de-la-syrie-selon-lonu\/#breadcrumb"},"inLanguage":"en-GB","potentialAction":[{"@type":"ReadAction","target":["https:\/\/www.geopolitics.fr\/2024\/12\/10\/syrie-suite-les-recents-combats-ont-deplace-plus-de-280-000-personnes-dans-le-nord-de-la-syrie-selon-lonu\/"]}]},{"@type":"ImageObject","inLanguage":"en-GB","@id":"https:\/\/www.geopolitics.fr\/2024\/12\/10\/syrie-suite-les-recents-combats-ont-deplace-plus-de-280-000-personnes-dans-le-nord-de-la-syrie-selon-lonu\/#primaryimage","url":"https:\/\/www.geopolitics.fr\/wp-content\/uploads\/2024\/12\/refugies-sy.jpg","contentUrl":"https:\/\/www.geopolitics.fr\/wp-content\/uploads\/2024\/12\/refugies-sy.jpg","width":1024,"height":682},{"@type":"BreadcrumbList","@id":"https:\/\/www.geopolitics.fr\/2024\/12\/10\/syrie-suite-les-recents-combats-ont-deplace-plus-de-280-000-personnes-dans-le-nord-de-la-syrie-selon-lonu\/#breadcrumb","itemListElement":[{"@type":"ListItem","position":1,"name":"Accueil","item":"https:\/\/www.geopolitics.fr\/"},{"@type":"ListItem","position":2,"name":"[Syrie, suite] Les r\u00e9cents combats ont d\u00e9plac\u00e9 plus de 280.000 personnes dans le nord de la Syrie, selon l\u2019ONU"}]},{"@type":"WebSite","@id":"https:\/\/www.geopolitics.fr\/#website","url":"https:\/\/www.geopolitics.fr\/","name":"Geopolitics.fr","description":"Geopolitics.fr Analyse politique, relations internationales, d\u00e9fense - ligne \u00e9ditoriale gaullo-chiraquienne","publisher":{"@id":"https:\/\/www.geopolitics.fr\/#organization"},"potentialAction":[{"@type":"SearchAction","target":{"@type":"EntryPoint","urlTemplate":"https:\/\/www.geopolitics.fr\/?s={search_term_string}"},"query-input":{"@type":"PropertyValueSpecification","valueRequired":true,"valueName":"search_term_string"}}],"inLanguage":"en-GB"},{"@type":"Organization","@id":"https:\/\/www.geopolitics.fr\/#organization","name":"Geopolitics.fr","url":"https:\/\/www.geopolitics.fr\/","logo":{"@type":"ImageObject","inLanguage":"en-GB","@id":"https:\/\/www.geopolitics.fr\/#\/schema\/logo\/image\/","url":"https:\/\/www.geopolitics.fr\/wp-content\/uploads\/2024\/01\/logo.jpg","contentUrl":"https:\/\/www.geopolitics.fr\/wp-content\/uploads\/2024\/01\/logo.jpg","width":500,"height":500,"caption":"Geopolitics.fr"},"image":{"@id":"https:\/\/www.geopolitics.fr\/#\/schema\/logo\/image\/"},"sameAs":["https:\/\/www.facebook.com\/people\/Erwan-Davoux\/61557098968092\/","https:\/\/x.com\/Geopolitics_Fr"]},{"@type":"Person","@id":"https:\/\/www.geopolitics.fr\/#\/schema\/person\/9b98d78234af63d6ad71199d66115350","name":"Olivier DELAGARDE","image":{"@type":"ImageObject","inLanguage":"en-GB","@id":"https:\/\/secure.gravatar.com\/avatar\/2c50afbd303b51697d9591857ee182bf3ead572fa530da00bb0278cf506c3a97?s=96&d=mm&r=g","url":"https:\/\/secure.gravatar.com\/avatar\/2c50afbd303b51697d9591857ee182bf3ead572fa530da00bb0278cf506c3a97?s=96&d=mm&r=g","contentUrl":"https:\/\/secure.gravatar.com\/avatar\/2c50afbd303b51697d9591857ee182bf3ead572fa530da00bb0278cf506c3a97?s=96&d=mm&r=g","caption":"Olivier DELAGARDE"},"description":"Journaliste depuis plus de 20 ans, accr\u00e9dit\u00e9 aupr\u00e8s de l'Organisation des Nations Unies, de la Ligue des Etats Arabes, titulaire de la Carte d'Identit\u00e9 des Journalistes Professionnels en France et de la F\u00e9d\u00e9ration Internationale des Journalistes, Olivier a occup\u00e9 le poste de Grand reporter correspondant permanent en \u00c9gypte pour des m\u00e9dias de renomm\u00e9e mondiale tels que TV5 MONDE, le GROUPE M6, le GROUPE TF1 ou encore l\u2019AFP. Durant plus de dix ann\u00e9es, il a produit de nombreux reportages sur la politique internationale en Afrique de l'Est, tout en couvrant les principaux conflits au Proche et Moyen-Orient. En tant que Chef de bureau Proche-Orient pour TV5 MONDE, il \u00e9tait responsable de la production de reportages, des relations institutionnelles et de la repr\u00e9sentation de la cha\u00eene, tout en \u00e9crivant pour plusieurs m\u00e9dias europ\u00e9ens et internationaux.","sameAs":["https:\/\/www.facebook.com\/odelagarde","https:\/\/www.linkedin.com\/in\/olivier-delagarde-816b17270\/"],"url":"https:\/\/www.geopolitics.fr\/en\/author\/odelagarde\/"}]}},"_links":{"self":[{"href":"https:\/\/www.geopolitics.fr\/en\/wp-json\/wp\/v2\/posts\/3239","targetHints":{"allow":["GET"]}}],"collection":[{"href":"https:\/\/www.geopolitics.fr\/en\/wp-json\/wp\/v2\/posts"}],"about":[{"href":"https:\/\/www.geopolitics.fr\/en\/wp-json\/wp\/v2\/types\/post"}],"author":[{"embeddable":true,"href":"https:\/\/www.geopolitics.fr\/en\/wp-json\/wp\/v2\/users\/93"}],"replies":[{"embeddable":true,"href":"https:\/\/www.geopolitics.fr\/en\/wp-json\/wp\/v2\/comments?post=3239"}],"version-history":[{"count":0,"href":"https:\/\/www.geopolitics.fr\/en\/wp-json\/wp\/v2\/posts\/3239\/revisions"}],"wp:featuredmedia":[{"embeddable":true,"href":"https:\/\/www.geopolitics.fr\/en\/wp-json\/wp\/v2\/media\/3240"}],"wp:attachment":[{"href":"https:\/\/www.geopolitics.fr\/en\/wp-json\/wp\/v2\/media?parent=3239"}],"wp:term":[{"taxonomy":"category","embeddable":true,"href":"https:\/\/www.geopolitics.fr\/en\/wp-json\/wp\/v2\/categories?post=3239"},{"taxonomy":"post_tag","embeddable":true,"href":"https:\/\/www.geopolitics.fr\/en\/wp-json\/wp\/v2\/tags?post=3239"}],"curies":[{"name":"wp","href":"https:\/\/api.w.org\/{rel}","templated":true}]}}