{"id":3236,"date":"2024-12-09T09:28:19","date_gmt":"2024-12-09T08:28:19","guid":{"rendered":"https:\/\/www.geopolitics.fr\/?p=3236"},"modified":"2024-12-09T09:28:21","modified_gmt":"2024-12-09T08:28:21","slug":"chute-du-clan-assad-a-qui-cela-profitera-t-il","status":"publish","type":"post","link":"https:\/\/www.geopolitics.fr\/en\/2024\/12\/09\/chute-du-clan-assad-a-qui-cela-profitera-t-il\/","title":{"rendered":"Chute du clan Assad : \u00e0 qui cela profitera-t-il ?"},"content":{"rendered":"<p class=\"has-medium-font-size wp-block-paragraph\"><em>Hormis quelques br\u00e8ves pour la plupart peu document\u00e9es ou se contentant de reprises de d\u00e9p\u00eaches d\u2019agences, les grands m\u00e9dias occidentaux ont \u00e9clips\u00e9 cette nouvelle objectivement dramatique et inqui\u00e9tante : le r\u00e9gime de Bachar el-Assad en Syrie, s\u2019est effondr\u00e9. Dans les rues de Damas, les colonnes de ceux appel\u00e9s pudiquement par la communaut\u00e9 internationale \u00ab les rebelles \u00bb, d\u00e9filent glorieusement tandis que toutes les effigies du clan Assad sont d\u00e9boulonn\u00e9es et que le palais du dictateur d\u00e9chu est livr\u00e9 au pillage, comme l\u2019a survol\u00e9 ce dimanche soir le JT de TF1.<\/em><\/p>\n\n\n\n<h2 class=\"wp-block-heading has-medium-font-size\" id=\"h-quelles-lecons-tirer-de-ce-nouveau-bouleversement-au-levant-quelles-lecons-pour-la-region-mais-surtout-au-regard-de-nos-propres-politiques-et-positionnements-a-cet-egard\">Quelles le\u00e7ons tirer de ce nouveau bouleversement au levant\u00a0? Quelles le\u00e7ons pour la r\u00e9gion mais surtout au regard de nos propres politiques et positionnements \u00e0 cet \u00e9gard\u00a0?<\/h2>\n\n\n\n<p class=\"has-medium-font-size wp-block-paragraph\">Le Kremlin, qui avait d\u00e9sert\u00e9 le front r\u00e9gional pour recentrer ses forces en Ukraine, n\u2019\u00e9tait pas au secours de son vieil alli\u00e9. Bachar el-Assad s\u2019est envol\u00e9, bien probablement en embarquant femme et enfants. Evidemment loin d\u2019un grand d\u00e9mocrate, encore moins humaniste, dirigeant d\u2019une main de fer, il est convenu de nommer le personnage de dictateur impitoyable, c\u2019est un fait. <strong>En digne h\u00e9ritier de son p\u00e8re Hafez, dont le nom de famille originel n\u2019\u00e9tait pas el-Assad (\u00ab le lion \u00bb) mais al-Hawch (\u00ab la b\u00eate sauvage \u00bb). Selon l\u2019adage romain Nomen omen, le nom est un pr\u00e9sage et la famille Assad &#8211; le clan Assad, pour les journalistes &#8211; avait m\u00e9rit\u00e9 le sien.<\/strong><\/p>\n\n\n\n<p class=\"has-medium-font-size wp-block-paragraph\"><strong>Qu\u2019on le veuille ou non, la Syrie jusqu\u2019\u00e0 ces derniers jours \u00e9tait l\u2019un des derniers pays peu ou prou stables de la r\u00e9gion, malgr\u00e9 les bisbilles int\u00e9rieures et les tentatives d\u2019incursions \u00e9trang\u00e8res<\/strong> (NDLR\u00a0: notamment turque fin 2019). Les remparts bien fragiles de cette stabilit\u00e9 se sont effondr\u00e9s en une semaine, sous la pression d\u2019un Calife tout autant arrogant qu\u2019agressif, dont les victoires \u00ab\u00a0hautes en couleurs\u00a0\u00bb ont \u00e9t\u00e9 abondamment relay\u00e9es sur X et Telegram. Sur la quasi-totalit\u00e9 du territoire, les nouveaux ma\u00eetres de la Syrie font flotter le drapeau noir frapp\u00e9 de la chahada d\u2019une main, de l\u2019autre l\u2019index vers le ciel remerciant Allah de leur avoir accord\u00e9 la victoire. Ces \u00ab rebelles \u00bb \u00e0 l\u2019ancien r\u00e9gime versus islamistes et pour cause : leur principal ADN n\u2019est autre que le Hayat Tahrir al-Sham (NDLR\u00a0: organisation de lib\u00e9ration du Levant en arabe), HTS en langage grand public, \u00e0 l\u2019origine sous l\u2019appellation tristement connue de Front al-Nosra, une ramification d\u2019al-Qa\u00efda en Syrie.<\/p>\n\n\n\n<h2 class=\"wp-block-heading has-medium-font-size\" id=\"h-rappelons-nous-al-nosra-qui-faisait-du-bon-boulot-comme-le-beuglait-laurent-fabius\"><strong>Rappelons-nous, al-Nosra qui faisait \u00ab <em>du bon boulot <\/em>\u00bb, comme le beuglait Laurent Fabius.<\/strong><\/h2>\n\n\n\n<p class=\"has-medium-font-size wp-block-paragraph\">Le chef de cette nouvelle recette \u00e0 la sauce islamiste donc, vient d\u2019\u00eatre propuls\u00e9 \u00ab&nbsp;pr\u00e9sident&nbsp;\u00bb de la Syrie. Un islamiste certes, mais \u00ab radical pragmatique \u00bb, selon l\u2019AFP qui tortille les \u00e9l\u00e9ments de vocabulaire \u00e0 foison. Apr\u00e8s avoir purg\u00e9 cinq ans de prison en Irak avant de fonder al-Nosra, pr\u00e9f\u00e9rant al-Qa\u00efda \u00e0 Daech. \u00c0 l\u2019instar de tous les djihadistes, Ahmed al-Chareh avait en son temps, adopt\u00e9 un nom de guerre compos\u00e9 selon la tradition, du pr\u00e9nom de son fils a\u00een\u00e9 et de sa r\u00e9gion d\u2019origine, entrant ainsi dans la clandestinit\u00e9 : Abou Mohammed al-Jolani.<\/p>\n\n\n\n<p class=\"has-medium-font-size wp-block-paragraph\">C&rsquo;est sous ce nom qu&rsquo;il est d\u00e9sormais chef d&rsquo;\u00c9tat, avec lequel et \u00e9ventuellement, il faudra \u00ab\u00a0discuter\u00a0\u00bb. <strong>En outre Al-Jolani signifie \u00ab originaire du Golan \u00bb, l\u2019Etat H\u00e9breu ayant chass\u00e9 sa famille de la r\u00e9gion. L\u00e0 aussi, nomen omen : ce week-end et cette fois-ci \u00e0 grands renforts de presse, Isra\u00ebl s\u2019est empress\u00e9 de se ravir de la chute de Bachar el-Assad, tout en annon\u00e7ant imm\u00e9diatement la rupture des accords du Golan, sign\u00e9s en 1967<\/strong>. Ainsi pour de nombreux analystes, Tel-Aviv a dor\u00e9navant le champ libre afin d\u2019engager de nouvelles op\u00e9rations de conqu\u00eates sur le territoire syrien, tandis que le nouveau pr\u00e9sident syrien se dit pr\u00eat \u00e0 \u00ab\u00a0se battre jusqu&rsquo;\u00e0 la mort\u00a0\u00bb pour le plateau du Golan. <strong>Un nouveau champ de bataille en perspective donc.<\/strong><\/p>\n\n\n\n<p class=\"has-medium-font-size wp-block-paragraph\">Au lendemain de ses grands \u00e9lans de foi chr\u00e9tienne, la France glousse. A l\u2019image et en t\u00eate son Pr\u00e9sident de la R\u00e9publique Emmanuel Macron, saluant sur X la chute du dictateur syrien. Peut-\u00eatre s\u2019imagine-t-il qu\u2019en se lib\u00e9rant du joug du clan Assad, cela ira mieux avec al-Jolani pour les syriens ? C\u2019est avoir la m\u00e9moire s\u00e9lective \u00e0 tout le moins bien courte, s\u2019agissant de ce que sont devenus notamment l\u2019Irak d\u2019apr\u00e8s Saddam ou bien encore la Libye d\u2019apr\u00e8s Kadhafi.<\/p>\n\n\n\n<p class=\"has-medium-font-size wp-block-paragraph\">Conclusion : aux quatre coins du monde, un r\u00e9gime de plusieurs d\u00e9cennies peut tomber en quelques huit jours, par le fait d\u2019un t\u00e9lescopage entre une coalition de fanatiques et une population \u00e9puis\u00e9e, une arm\u00e9e d\u00e9missionnaire et des pouvoirs publics opportunistes.<\/p>\n\n\n\n<p class=\"has-medium-font-size wp-block-paragraph\"><strong>Du c\u00f4t\u00e9 du Quai d\u2019Orsay, on n\u2019a pas encore envoy\u00e9 Jean-No\u00ebl Barrot \u00e0 Damas. La chute du gouvernement Barnier nous \u00e9pargnera un nouveau ridicule souhaitons-le.<\/strong><\/p>","protected":false},"excerpt":{"rendered":"<p>Hormis quelques br\u00e8ves pour la plupart peu document\u00e9es ou se contentant de reprises de d\u00e9p\u00eaches d\u2019agences, les grands m\u00e9dias occidentaux ont \u00e9clips\u00e9&hellip;<\/p>","protected":false},"author":93,"featured_media":3237,"comment_status":"open","ping_status":"open","sticky":false,"template":"","format":"standard","meta":{"_lmt_disableupdate":"","_lmt_disable":"","footnotes":""},"categories":[41,5,4],"tags":[],"class_list":["post-3236","post","type-post","status-publish","format-standard","has-post-thumbnail","hentry","category-actualite","category-international","category-mis-en-avant"],"yoast_head":"<!-- This site is optimized with the Yoast SEO Premium plugin v28.1 (Yoast SEO v28.1) - https:\/\/yoast.com\/product\/yoast-seo-premium-wordpress\/ -->\n<title>Chute du clan Assad : \u00e0 qui cela profitera-t-il ? | Geopolitics.fr<\/title>\n<meta name=\"description\" content=\"Personne ne regrettera la barbarie du clan Assad, mais n&#039;est-il pas illusoire d&#039;estimer que la Syrie est lib\u00e9r\u00e9e avec un djihadiste \u00e0 sa t\u00eate?\" \/>\n<meta name=\"robots\" content=\"index, follow, max-snippet:-1, max-image-preview:large, max-video-preview:-1\" \/>\n<link rel=\"canonical\" href=\"https:\/\/www.geopolitics.fr\/en\/2024\/12\/09\/chute-du-clan-assad-a-qui-cela-profitera-t-il\/\" \/>\n<meta property=\"og:locale\" content=\"en_GB\" \/>\n<meta property=\"og:type\" content=\"article\" \/>\n<meta property=\"og:title\" content=\"Chute du clan Assad : \u00e0 qui cela profitera-t-il ?\" \/>\n<meta property=\"og:description\" content=\"Personne ne regrettera la barbarie du clan Assad, mais n&#039;est-il pas illusoire d&#039;estimer que la Syrie est lib\u00e9r\u00e9e avec un djihadiste \u00e0 sa t\u00eate?\" \/>\n<meta property=\"og:url\" content=\"https:\/\/www.geopolitics.fr\/en\/2024\/12\/09\/chute-du-clan-assad-a-qui-cela-profitera-t-il\/\" \/>\n<meta property=\"og:site_name\" content=\"Geopolitics.fr\" \/>\n<meta property=\"article:publisher\" content=\"https:\/\/www.facebook.com\/people\/Erwan-Davoux\/61557098968092\/\" \/>\n<meta property=\"article:author\" content=\"https:\/\/www.facebook.com\/odelagarde\" \/>\n<meta property=\"article:published_time\" content=\"2024-12-09T08:28:19+00:00\" \/>\n<meta property=\"article:modified_time\" content=\"2024-12-09T08:28:21+00:00\" \/>\n<meta property=\"og:image\" content=\"https:\/\/www.geopolitics.fr\/wp-content\/uploads\/2024\/12\/STATUE-ASSAD.jpg\" \/>\n\t<meta property=\"og:image:width\" content=\"1358\" \/>\n\t<meta property=\"og:image:height\" content=\"886\" \/>\n\t<meta property=\"og:image:type\" content=\"image\/jpeg\" \/>\n<meta name=\"author\" content=\"Olivier DELAGARDE\" \/>\n<meta name=\"twitter:card\" content=\"summary_large_image\" \/>\n<meta name=\"twitter:creator\" content=\"@Geopolitics_Fr\" \/>\n<meta name=\"twitter:site\" content=\"@Geopolitics_Fr\" \/>\n<meta name=\"twitter:label1\" content=\"Written by\" \/>\n\t<meta name=\"twitter:data1\" content=\"Olivier DELAGARDE\" \/>\n\t<meta name=\"twitter:label2\" content=\"Estimated reading time\" \/>\n\t<meta name=\"twitter:data2\" content=\"5 minutes\" \/>\n<script type=\"application\/ld+json\" class=\"yoast-schema-graph\">{\"@context\":\"https:\\\/\\\/schema.org\",\"@graph\":[{\"@type\":\"Article\",\"@id\":\"https:\\\/\\\/www.geopolitics.fr\\\/2024\\\/12\\\/09\\\/chute-du-clan-assad-a-qui-cela-profitera-t-il\\\/#article\",\"isPartOf\":{\"@id\":\"https:\\\/\\\/www.geopolitics.fr\\\/2024\\\/12\\\/09\\\/chute-du-clan-assad-a-qui-cela-profitera-t-il\\\/\"},\"author\":{\"name\":\"Olivier DELAGARDE\",\"@id\":\"https:\\\/\\\/www.geopolitics.fr\\\/#\\\/schema\\\/person\\\/9b98d78234af63d6ad71199d66115350\"},\"headline\":\"Chute du clan Assad : \u00e0 qui cela profitera-t-il ?\",\"datePublished\":\"2024-12-09T08:28:19+00:00\",\"dateModified\":\"2024-12-09T08:28:21+00:00\",\"mainEntityOfPage\":{\"@id\":\"https:\\\/\\\/www.geopolitics.fr\\\/2024\\\/12\\\/09\\\/chute-du-clan-assad-a-qui-cela-profitera-t-il\\\/\"},\"wordCount\":855,\"commentCount\":0,\"publisher\":{\"@id\":\"https:\\\/\\\/www.geopolitics.fr\\\/#organization\"},\"image\":{\"@id\":\"https:\\\/\\\/www.geopolitics.fr\\\/2024\\\/12\\\/09\\\/chute-du-clan-assad-a-qui-cela-profitera-t-il\\\/#primaryimage\"},\"thumbnailUrl\":\"https:\\\/\\\/www.geopolitics.fr\\\/wp-content\\\/uploads\\\/2024\\\/12\\\/STATUE-ASSAD.jpg\",\"articleSection\":[\"Actualit\u00e9\",\"International\",\"Mis en AVANT\"],\"inLanguage\":\"en-GB\"},{\"@type\":\"WebPage\",\"@id\":\"https:\\\/\\\/www.geopolitics.fr\\\/2024\\\/12\\\/09\\\/chute-du-clan-assad-a-qui-cela-profitera-t-il\\\/\",\"url\":\"https:\\\/\\\/www.geopolitics.fr\\\/2024\\\/12\\\/09\\\/chute-du-clan-assad-a-qui-cela-profitera-t-il\\\/\",\"name\":\"Chute du clan Assad : \u00e0 qui cela profitera-t-il ? | Geopolitics.fr\",\"isPartOf\":{\"@id\":\"https:\\\/\\\/www.geopolitics.fr\\\/#website\"},\"primaryImageOfPage\":{\"@id\":\"https:\\\/\\\/www.geopolitics.fr\\\/2024\\\/12\\\/09\\\/chute-du-clan-assad-a-qui-cela-profitera-t-il\\\/#primaryimage\"},\"image\":{\"@id\":\"https:\\\/\\\/www.geopolitics.fr\\\/2024\\\/12\\\/09\\\/chute-du-clan-assad-a-qui-cela-profitera-t-il\\\/#primaryimage\"},\"thumbnailUrl\":\"https:\\\/\\\/www.geopolitics.fr\\\/wp-content\\\/uploads\\\/2024\\\/12\\\/STATUE-ASSAD.jpg\",\"datePublished\":\"2024-12-09T08:28:19+00:00\",\"dateModified\":\"2024-12-09T08:28:21+00:00\",\"description\":\"Personne ne regrettera la barbarie du clan Assad, mais n'est-il pas illusoire d'estimer que la Syrie est lib\u00e9r\u00e9e avec un djihadiste \u00e0 sa t\u00eate?\",\"breadcrumb\":{\"@id\":\"https:\\\/\\\/www.geopolitics.fr\\\/2024\\\/12\\\/09\\\/chute-du-clan-assad-a-qui-cela-profitera-t-il\\\/#breadcrumb\"},\"inLanguage\":\"en-GB\",\"potentialAction\":[{\"@type\":\"ReadAction\",\"target\":[\"https:\\\/\\\/www.geopolitics.fr\\\/2024\\\/12\\\/09\\\/chute-du-clan-assad-a-qui-cela-profitera-t-il\\\/\"]}]},{\"@type\":\"ImageObject\",\"inLanguage\":\"en-GB\",\"@id\":\"https:\\\/\\\/www.geopolitics.fr\\\/2024\\\/12\\\/09\\\/chute-du-clan-assad-a-qui-cela-profitera-t-il\\\/#primaryimage\",\"url\":\"https:\\\/\\\/www.geopolitics.fr\\\/wp-content\\\/uploads\\\/2024\\\/12\\\/STATUE-ASSAD.jpg\",\"contentUrl\":\"https:\\\/\\\/www.geopolitics.fr\\\/wp-content\\\/uploads\\\/2024\\\/12\\\/STATUE-ASSAD.jpg\",\"width\":1358,\"height\":886},{\"@type\":\"BreadcrumbList\",\"@id\":\"https:\\\/\\\/www.geopolitics.fr\\\/2024\\\/12\\\/09\\\/chute-du-clan-assad-a-qui-cela-profitera-t-il\\\/#breadcrumb\",\"itemListElement\":[{\"@type\":\"ListItem\",\"position\":1,\"name\":\"Accueil\",\"item\":\"https:\\\/\\\/www.geopolitics.fr\\\/\"},{\"@type\":\"ListItem\",\"position\":2,\"name\":\"Chute du clan Assad : \u00e0 qui cela profitera-t-il ?\"}]},{\"@type\":\"WebSite\",\"@id\":\"https:\\\/\\\/www.geopolitics.fr\\\/#website\",\"url\":\"https:\\\/\\\/www.geopolitics.fr\\\/\",\"name\":\"Geopolitics.fr\",\"description\":\"Geopolitics.fr Analyse politique, relations internationales, d\u00e9fense - ligne \u00e9ditoriale gaullo-chiraquienne\",\"publisher\":{\"@id\":\"https:\\\/\\\/www.geopolitics.fr\\\/#organization\"},\"potentialAction\":[{\"@type\":\"SearchAction\",\"target\":{\"@type\":\"EntryPoint\",\"urlTemplate\":\"https:\\\/\\\/www.geopolitics.fr\\\/?s={search_term_string}\"},\"query-input\":{\"@type\":\"PropertyValueSpecification\",\"valueRequired\":true,\"valueName\":\"search_term_string\"}}],\"inLanguage\":\"en-GB\"},{\"@type\":\"Organization\",\"@id\":\"https:\\\/\\\/www.geopolitics.fr\\\/#organization\",\"name\":\"Geopolitics.fr\",\"url\":\"https:\\\/\\\/www.geopolitics.fr\\\/\",\"logo\":{\"@type\":\"ImageObject\",\"inLanguage\":\"en-GB\",\"@id\":\"https:\\\/\\\/www.geopolitics.fr\\\/#\\\/schema\\\/logo\\\/image\\\/\",\"url\":\"https:\\\/\\\/www.geopolitics.fr\\\/wp-content\\\/uploads\\\/2024\\\/01\\\/logo.jpg\",\"contentUrl\":\"https:\\\/\\\/www.geopolitics.fr\\\/wp-content\\\/uploads\\\/2024\\\/01\\\/logo.jpg\",\"width\":500,\"height\":500,\"caption\":\"Geopolitics.fr\"},\"image\":{\"@id\":\"https:\\\/\\\/www.geopolitics.fr\\\/#\\\/schema\\\/logo\\\/image\\\/\"},\"sameAs\":[\"https:\\\/\\\/www.facebook.com\\\/people\\\/Erwan-Davoux\\\/61557098968092\\\/\",\"https:\\\/\\\/x.com\\\/Geopolitics_Fr\"]},{\"@type\":\"Person\",\"@id\":\"https:\\\/\\\/www.geopolitics.fr\\\/#\\\/schema\\\/person\\\/9b98d78234af63d6ad71199d66115350\",\"name\":\"Olivier DELAGARDE\",\"image\":{\"@type\":\"ImageObject\",\"inLanguage\":\"en-GB\",\"@id\":\"https:\\\/\\\/secure.gravatar.com\\\/avatar\\\/2c50afbd303b51697d9591857ee182bf3ead572fa530da00bb0278cf506c3a97?s=96&d=mm&r=g\",\"url\":\"https:\\\/\\\/secure.gravatar.com\\\/avatar\\\/2c50afbd303b51697d9591857ee182bf3ead572fa530da00bb0278cf506c3a97?s=96&d=mm&r=g\",\"contentUrl\":\"https:\\\/\\\/secure.gravatar.com\\\/avatar\\\/2c50afbd303b51697d9591857ee182bf3ead572fa530da00bb0278cf506c3a97?s=96&d=mm&r=g\",\"caption\":\"Olivier DELAGARDE\"},\"description\":\"Journaliste depuis plus de 20 ans, accr\u00e9dit\u00e9 aupr\u00e8s de l'Organisation des Nations Unies, de la Ligue des Etats Arabes, titulaire de la Carte d'Identit\u00e9 des Journalistes Professionnels en France et de la F\u00e9d\u00e9ration Internationale des Journalistes, Olivier a occup\u00e9 le poste de Grand reporter correspondant permanent en \u00c9gypte pour des m\u00e9dias de renomm\u00e9e mondiale tels que TV5 MONDE, le GROUPE M6, le GROUPE TF1 ou encore l\u2019AFP. Durant plus de dix ann\u00e9es, il a produit de nombreux reportages sur la politique internationale en Afrique de l'Est, tout en couvrant les principaux conflits au Proche et Moyen-Orient. En tant que Chef de bureau Proche-Orient pour TV5 MONDE, il \u00e9tait responsable de la production de reportages, des relations institutionnelles et de la repr\u00e9sentation de la cha\u00eene, tout en \u00e9crivant pour plusieurs m\u00e9dias europ\u00e9ens et internationaux.\",\"sameAs\":[\"https:\\\/\\\/www.facebook.com\\\/odelagarde\",\"https:\\\/\\\/www.linkedin.com\\\/in\\\/olivier-delagarde-816b17270\\\/\"],\"url\":\"https:\\\/\\\/www.geopolitics.fr\\\/en\\\/author\\\/odelagarde\\\/\"}]}<\/script>\n<!-- \/ Yoast SEO Premium plugin. -->","yoast_head_json":{"title":"Chute du clan Assad : \u00e0 qui cela profitera-t-il ? | Geopolitics.fr","description":"Personne ne regrettera la barbarie du clan Assad, mais n'est-il pas illusoire d'estimer que la Syrie est lib\u00e9r\u00e9e avec un djihadiste \u00e0 sa t\u00eate?","robots":{"index":"index","follow":"follow","max-snippet":"max-snippet:-1","max-image-preview":"max-image-preview:large","max-video-preview":"max-video-preview:-1"},"canonical":"https:\/\/www.geopolitics.fr\/en\/2024\/12\/09\/chute-du-clan-assad-a-qui-cela-profitera-t-il\/","og_locale":"en_GB","og_type":"article","og_title":"Chute du clan Assad : \u00e0 qui cela profitera-t-il ?","og_description":"Personne ne regrettera la barbarie du clan Assad, mais n'est-il pas illusoire d'estimer que la Syrie est lib\u00e9r\u00e9e avec un djihadiste \u00e0 sa t\u00eate?","og_url":"https:\/\/www.geopolitics.fr\/en\/2024\/12\/09\/chute-du-clan-assad-a-qui-cela-profitera-t-il\/","og_site_name":"Geopolitics.fr","article_publisher":"https:\/\/www.facebook.com\/people\/Erwan-Davoux\/61557098968092\/","article_author":"https:\/\/www.facebook.com\/odelagarde","article_published_time":"2024-12-09T08:28:19+00:00","article_modified_time":"2024-12-09T08:28:21+00:00","og_image":[{"width":1358,"height":886,"url":"https:\/\/www.geopolitics.fr\/wp-content\/uploads\/2024\/12\/STATUE-ASSAD.jpg","type":"image\/jpeg"}],"author":"Olivier DELAGARDE","twitter_card":"summary_large_image","twitter_creator":"@Geopolitics_Fr","twitter_site":"@Geopolitics_Fr","twitter_misc":{"Written by":"Olivier DELAGARDE","Estimated reading time":"5 minutes"},"schema":{"@context":"https:\/\/schema.org","@graph":[{"@type":"Article","@id":"https:\/\/www.geopolitics.fr\/2024\/12\/09\/chute-du-clan-assad-a-qui-cela-profitera-t-il\/#article","isPartOf":{"@id":"https:\/\/www.geopolitics.fr\/2024\/12\/09\/chute-du-clan-assad-a-qui-cela-profitera-t-il\/"},"author":{"name":"Olivier DELAGARDE","@id":"https:\/\/www.geopolitics.fr\/#\/schema\/person\/9b98d78234af63d6ad71199d66115350"},"headline":"Chute du clan Assad : \u00e0 qui cela profitera-t-il ?","datePublished":"2024-12-09T08:28:19+00:00","dateModified":"2024-12-09T08:28:21+00:00","mainEntityOfPage":{"@id":"https:\/\/www.geopolitics.fr\/2024\/12\/09\/chute-du-clan-assad-a-qui-cela-profitera-t-il\/"},"wordCount":855,"commentCount":0,"publisher":{"@id":"https:\/\/www.geopolitics.fr\/#organization"},"image":{"@id":"https:\/\/www.geopolitics.fr\/2024\/12\/09\/chute-du-clan-assad-a-qui-cela-profitera-t-il\/#primaryimage"},"thumbnailUrl":"https:\/\/www.geopolitics.fr\/wp-content\/uploads\/2024\/12\/STATUE-ASSAD.jpg","articleSection":["Actualit\u00e9","International","Mis en AVANT"],"inLanguage":"en-GB"},{"@type":"WebPage","@id":"https:\/\/www.geopolitics.fr\/2024\/12\/09\/chute-du-clan-assad-a-qui-cela-profitera-t-il\/","url":"https:\/\/www.geopolitics.fr\/2024\/12\/09\/chute-du-clan-assad-a-qui-cela-profitera-t-il\/","name":"Chute du clan Assad : \u00e0 qui cela profitera-t-il ? | Geopolitics.fr","isPartOf":{"@id":"https:\/\/www.geopolitics.fr\/#website"},"primaryImageOfPage":{"@id":"https:\/\/www.geopolitics.fr\/2024\/12\/09\/chute-du-clan-assad-a-qui-cela-profitera-t-il\/#primaryimage"},"image":{"@id":"https:\/\/www.geopolitics.fr\/2024\/12\/09\/chute-du-clan-assad-a-qui-cela-profitera-t-il\/#primaryimage"},"thumbnailUrl":"https:\/\/www.geopolitics.fr\/wp-content\/uploads\/2024\/12\/STATUE-ASSAD.jpg","datePublished":"2024-12-09T08:28:19+00:00","dateModified":"2024-12-09T08:28:21+00:00","description":"Personne ne regrettera la barbarie du clan Assad, mais n'est-il pas illusoire d'estimer que la Syrie est lib\u00e9r\u00e9e avec un djihadiste \u00e0 sa t\u00eate?","breadcrumb":{"@id":"https:\/\/www.geopolitics.fr\/2024\/12\/09\/chute-du-clan-assad-a-qui-cela-profitera-t-il\/#breadcrumb"},"inLanguage":"en-GB","potentialAction":[{"@type":"ReadAction","target":["https:\/\/www.geopolitics.fr\/2024\/12\/09\/chute-du-clan-assad-a-qui-cela-profitera-t-il\/"]}]},{"@type":"ImageObject","inLanguage":"en-GB","@id":"https:\/\/www.geopolitics.fr\/2024\/12\/09\/chute-du-clan-assad-a-qui-cela-profitera-t-il\/#primaryimage","url":"https:\/\/www.geopolitics.fr\/wp-content\/uploads\/2024\/12\/STATUE-ASSAD.jpg","contentUrl":"https:\/\/www.geopolitics.fr\/wp-content\/uploads\/2024\/12\/STATUE-ASSAD.jpg","width":1358,"height":886},{"@type":"BreadcrumbList","@id":"https:\/\/www.geopolitics.fr\/2024\/12\/09\/chute-du-clan-assad-a-qui-cela-profitera-t-il\/#breadcrumb","itemListElement":[{"@type":"ListItem","position":1,"name":"Accueil","item":"https:\/\/www.geopolitics.fr\/"},{"@type":"ListItem","position":2,"name":"Chute du clan Assad : \u00e0 qui cela profitera-t-il ?"}]},{"@type":"WebSite","@id":"https:\/\/www.geopolitics.fr\/#website","url":"https:\/\/www.geopolitics.fr\/","name":"Geopolitics.fr","description":"Geopolitics.fr Analyse politique, relations internationales, d\u00e9fense - ligne \u00e9ditoriale gaullo-chiraquienne","publisher":{"@id":"https:\/\/www.geopolitics.fr\/#organization"},"potentialAction":[{"@type":"SearchAction","target":{"@type":"EntryPoint","urlTemplate":"https:\/\/www.geopolitics.fr\/?s={search_term_string}"},"query-input":{"@type":"PropertyValueSpecification","valueRequired":true,"valueName":"search_term_string"}}],"inLanguage":"en-GB"},{"@type":"Organization","@id":"https:\/\/www.geopolitics.fr\/#organization","name":"Geopolitics.fr","url":"https:\/\/www.geopolitics.fr\/","logo":{"@type":"ImageObject","inLanguage":"en-GB","@id":"https:\/\/www.geopolitics.fr\/#\/schema\/logo\/image\/","url":"https:\/\/www.geopolitics.fr\/wp-content\/uploads\/2024\/01\/logo.jpg","contentUrl":"https:\/\/www.geopolitics.fr\/wp-content\/uploads\/2024\/01\/logo.jpg","width":500,"height":500,"caption":"Geopolitics.fr"},"image":{"@id":"https:\/\/www.geopolitics.fr\/#\/schema\/logo\/image\/"},"sameAs":["https:\/\/www.facebook.com\/people\/Erwan-Davoux\/61557098968092\/","https:\/\/x.com\/Geopolitics_Fr"]},{"@type":"Person","@id":"https:\/\/www.geopolitics.fr\/#\/schema\/person\/9b98d78234af63d6ad71199d66115350","name":"Olivier DELAGARDE","image":{"@type":"ImageObject","inLanguage":"en-GB","@id":"https:\/\/secure.gravatar.com\/avatar\/2c50afbd303b51697d9591857ee182bf3ead572fa530da00bb0278cf506c3a97?s=96&d=mm&r=g","url":"https:\/\/secure.gravatar.com\/avatar\/2c50afbd303b51697d9591857ee182bf3ead572fa530da00bb0278cf506c3a97?s=96&d=mm&r=g","contentUrl":"https:\/\/secure.gravatar.com\/avatar\/2c50afbd303b51697d9591857ee182bf3ead572fa530da00bb0278cf506c3a97?s=96&d=mm&r=g","caption":"Olivier DELAGARDE"},"description":"Journaliste depuis plus de 20 ans, accr\u00e9dit\u00e9 aupr\u00e8s de l'Organisation des Nations Unies, de la Ligue des Etats Arabes, titulaire de la Carte d'Identit\u00e9 des Journalistes Professionnels en France et de la F\u00e9d\u00e9ration Internationale des Journalistes, Olivier a occup\u00e9 le poste de Grand reporter correspondant permanent en \u00c9gypte pour des m\u00e9dias de renomm\u00e9e mondiale tels que TV5 MONDE, le GROUPE M6, le GROUPE TF1 ou encore l\u2019AFP. Durant plus de dix ann\u00e9es, il a produit de nombreux reportages sur la politique internationale en Afrique de l'Est, tout en couvrant les principaux conflits au Proche et Moyen-Orient. En tant que Chef de bureau Proche-Orient pour TV5 MONDE, il \u00e9tait responsable de la production de reportages, des relations institutionnelles et de la repr\u00e9sentation de la cha\u00eene, tout en \u00e9crivant pour plusieurs m\u00e9dias europ\u00e9ens et internationaux.","sameAs":["https:\/\/www.facebook.com\/odelagarde","https:\/\/www.linkedin.com\/in\/olivier-delagarde-816b17270\/"],"url":"https:\/\/www.geopolitics.fr\/en\/author\/odelagarde\/"}]}},"_links":{"self":[{"href":"https:\/\/www.geopolitics.fr\/en\/wp-json\/wp\/v2\/posts\/3236","targetHints":{"allow":["GET"]}}],"collection":[{"href":"https:\/\/www.geopolitics.fr\/en\/wp-json\/wp\/v2\/posts"}],"about":[{"href":"https:\/\/www.geopolitics.fr\/en\/wp-json\/wp\/v2\/types\/post"}],"author":[{"embeddable":true,"href":"https:\/\/www.geopolitics.fr\/en\/wp-json\/wp\/v2\/users\/93"}],"replies":[{"embeddable":true,"href":"https:\/\/www.geopolitics.fr\/en\/wp-json\/wp\/v2\/comments?post=3236"}],"version-history":[{"count":0,"href":"https:\/\/www.geopolitics.fr\/en\/wp-json\/wp\/v2\/posts\/3236\/revisions"}],"wp:featuredmedia":[{"embeddable":true,"href":"https:\/\/www.geopolitics.fr\/en\/wp-json\/wp\/v2\/media\/3237"}],"wp:attachment":[{"href":"https:\/\/www.geopolitics.fr\/en\/wp-json\/wp\/v2\/media?parent=3236"}],"wp:term":[{"taxonomy":"category","embeddable":true,"href":"https:\/\/www.geopolitics.fr\/en\/wp-json\/wp\/v2\/categories?post=3236"},{"taxonomy":"post_tag","embeddable":true,"href":"https:\/\/www.geopolitics.fr\/en\/wp-json\/wp\/v2\/tags?post=3236"}],"curies":[{"name":"wp","href":"https:\/\/api.w.org\/{rel}","templated":true}]}}