{"id":3233,"date":"2024-12-08T10:30:03","date_gmt":"2024-12-08T09:30:03","guid":{"rendered":"https:\/\/www.geopolitics.fr\/?p=3233"},"modified":"2024-12-08T10:30:06","modified_gmt":"2024-12-08T09:30:06","slug":"que-penser-de-la-chute-dassad","status":"publish","type":"post","link":"https:\/\/www.geopolitics.fr\/en\/2024\/12\/08\/que-penser-de-la-chute-dassad\/","title":{"rendered":"Que penser de la chute d&rsquo;Assad ?"},"content":{"rendered":"<p class=\"has-medium-font-size wp-block-paragraph\"><strong>Le premier r\u00e9flexe est de se r\u00e9jouir<\/strong> de la disparition du \u00ab\u00a0tueur en Syrie\u00a0\u00bb qui a opprim\u00e9 et d\u00e9cim\u00e9 l&rsquo;un des peuples les plus hospitaliers et raffin\u00e9s de la plan\u00e8te. Et qui n&rsquo;a rien fait pour cicatriser les blessures.<br>Mais il est difficile de comprendre la <strong>mansu\u00e9tude dont font preuve les Occidentaux \u00e0 l&rsquo;\u00e9gard des djihadistes <\/strong>qui prennent le pouvoir. Eux, et pas du tout le Hamas, comme veulent nous faire croire les m\u00e9dias de d\u00e9sinformation, sont de la m\u00eame esp\u00e8ce que ceux qui ont commis le Bataclan.<br><strong>Le croissant chiite (Iran, Syrie, Hezbollah) en d\u00e9sagr\u00e9gation \u00e9tait-il plus dangereux que les mouvements djihadistes \u00e9manant d&rsquo;Al Qaida ou de Daesh ? cela reste largement \u00e0 prouver.<\/strong> La prise de pouvoir extr\u00eamement rapide des islamistes syriens rappelle celle des Talibans en Afghanistan.<br>L&rsquo;Occident applaudit puis r\u00e9alise que ces barbares restent des &#8230;. barbares.<br>Il est bien trop t\u00f4t pour tirer des conclusions. Mais deux r\u00e9flexions :<br>1) <strong>La Syrie est lib\u00e9r\u00e9e d&rsquo;une dictature pour passer, temporairement (il faut l&rsquo;esp\u00e9rer), \u00e0 une th\u00e9ocratie.<\/strong><br>2) Il existe <strong>deux grands gagnant<\/strong>s : <\/p>\n\n\n\n<p class=\"has-medium-font-size wp-block-paragraph\"><strong>la Turquie <\/strong>qui voulait une Syrie affaiblie, renvoyer les r\u00e9fugi\u00e9s et une zone tampon pour \u00e9loigner les Kurdes.<br><strong>Isra\u00ebl<\/strong> dont l&rsquo;objectif depuis le d\u00e9but des ann\u00e9es 2000 est un r\u00e9gime syrien faible qu&rsquo;il s&rsquo;agisse d&rsquo;un Assad sous sanctions et infr\u00e9quentable ou, mieux, la partition de la Syrie en micro-Etats insignifiants.<br>Le bouleversements des rapports de force actuel du Moyen est massif, pas termin\u00e9 et se fait sans les Arabes et contre eux.<\/p>","protected":false},"excerpt":{"rendered":"<p>Le premier r\u00e9flexe est de se r\u00e9jouir de la disparition du \u00ab\u00a0tueur en Syrie\u00a0\u00bb qui a opprim\u00e9 et d\u00e9cim\u00e9 l&rsquo;un des peuples&hellip;<\/p>","protected":false},"author":16,"featured_media":3234,"comment_status":"open","ping_status":"open","sticky":false,"template":"","format":"standard","meta":{"_lmt_disableupdate":"","_lmt_disable":"","footnotes":""},"categories":[34,4],"tags":[],"class_list":["post-3233","post","type-post","status-publish","format-standard","has-post-thumbnail","hentry","category-editorial","category-mis-en-avant"],"yoast_head":"<!-- This site is optimized with the Yoast SEO Premium plugin v28.1 (Yoast SEO v28.1) - https:\/\/yoast.com\/product\/yoast-seo-premium-wordpress\/ -->\n<title>Que penser de la chute d&#039;Assad ? | Geopolitics.fr<\/title>\n<meta name=\"description\" content=\"Le premier r\u00e9flexe est de se f\u00e9liciter de la chute d&#039;Assad en Syrie; N\u00e9anmoins, les perspectives sont sombres pour l&#039;avenir de ce pays.\" \/>\n<meta name=\"robots\" content=\"index, follow, max-snippet:-1, max-image-preview:large, max-video-preview:-1\" \/>\n<link rel=\"canonical\" href=\"https:\/\/www.geopolitics.fr\/en\/2024\/12\/08\/que-penser-de-la-chute-dassad\/\" \/>\n<meta property=\"og:locale\" content=\"en_GB\" \/>\n<meta property=\"og:type\" content=\"article\" \/>\n<meta property=\"og:title\" content=\"Que penser de la chute d&#039;Assad ?\" \/>\n<meta property=\"og:description\" content=\"Le premier r\u00e9flexe est de se f\u00e9liciter de la chute d&#039;Assad en Syrie; N\u00e9anmoins, les perspectives sont sombres pour l&#039;avenir de ce pays.\" \/>\n<meta property=\"og:url\" content=\"https:\/\/www.geopolitics.fr\/en\/2024\/12\/08\/que-penser-de-la-chute-dassad\/\" \/>\n<meta property=\"og:site_name\" content=\"Geopolitics.fr\" \/>\n<meta property=\"article:publisher\" content=\"https:\/\/www.facebook.com\/people\/Erwan-Davoux\/61557098968092\/\" \/>\n<meta property=\"article:author\" content=\"Erwan Davoux\" \/>\n<meta property=\"article:published_time\" content=\"2024-12-08T09:30:03+00:00\" \/>\n<meta property=\"article:modified_time\" content=\"2024-12-08T09:30:06+00:00\" \/>\n<meta property=\"og:image\" content=\"https:\/\/www.geopolitics.fr\/wp-content\/uploads\/2024\/12\/SYRIE-BARBARE.jpg\" \/>\n\t<meta property=\"og:image:width\" content=\"1054\" \/>\n\t<meta property=\"og:image:height\" content=\"690\" \/>\n\t<meta property=\"og:image:type\" content=\"image\/jpeg\" \/>\n<meta name=\"author\" content=\"Erwan Davoux\" \/>\n<meta name=\"twitter:card\" content=\"summary_large_image\" \/>\n<meta name=\"twitter:creator\" content=\"@erwandavoux @Geo_politicsfr\" \/>\n<meta name=\"twitter:site\" content=\"@Geopolitics_Fr\" \/>\n<meta name=\"twitter:label1\" content=\"Written by\" \/>\n\t<meta name=\"twitter:data1\" content=\"Erwan Davoux\" \/>\n\t<meta name=\"twitter:label2\" content=\"Estimated reading time\" \/>\n\t<meta name=\"twitter:data2\" content=\"2 minutes\" \/>\n<script type=\"application\/ld+json\" class=\"yoast-schema-graph\">{\"@context\":\"https:\\\/\\\/schema.org\",\"@graph\":[{\"@type\":\"Article\",\"@id\":\"https:\\\/\\\/www.geopolitics.fr\\\/2024\\\/12\\\/08\\\/que-penser-de-la-chute-dassad\\\/#article\",\"isPartOf\":{\"@id\":\"https:\\\/\\\/www.geopolitics.fr\\\/2024\\\/12\\\/08\\\/que-penser-de-la-chute-dassad\\\/\"},\"author\":{\"name\":\"Erwan Davoux\",\"@id\":\"https:\\\/\\\/www.geopolitics.fr\\\/#\\\/schema\\\/person\\\/a487273e91313e368925717400fa1b11\"},\"headline\":\"Que penser de la chute d&rsquo;Assad ?\",\"datePublished\":\"2024-12-08T09:30:03+00:00\",\"dateModified\":\"2024-12-08T09:30:06+00:00\",\"mainEntityOfPage\":{\"@id\":\"https:\\\/\\\/www.geopolitics.fr\\\/2024\\\/12\\\/08\\\/que-penser-de-la-chute-dassad\\\/\"},\"wordCount\":284,\"commentCount\":0,\"publisher\":{\"@id\":\"https:\\\/\\\/www.geopolitics.fr\\\/#organization\"},\"image\":{\"@id\":\"https:\\\/\\\/www.geopolitics.fr\\\/2024\\\/12\\\/08\\\/que-penser-de-la-chute-dassad\\\/#primaryimage\"},\"thumbnailUrl\":\"https:\\\/\\\/www.geopolitics.fr\\\/wp-content\\\/uploads\\\/2024\\\/12\\\/SYRIE-BARBARE.jpg\",\"articleSection\":[\"Editorial\",\"Mis en AVANT\"],\"inLanguage\":\"en-GB\"},{\"@type\":\"WebPage\",\"@id\":\"https:\\\/\\\/www.geopolitics.fr\\\/2024\\\/12\\\/08\\\/que-penser-de-la-chute-dassad\\\/\",\"url\":\"https:\\\/\\\/www.geopolitics.fr\\\/2024\\\/12\\\/08\\\/que-penser-de-la-chute-dassad\\\/\",\"name\":\"Que penser de la chute d'Assad ? | Geopolitics.fr\",\"isPartOf\":{\"@id\":\"https:\\\/\\\/www.geopolitics.fr\\\/#website\"},\"primaryImageOfPage\":{\"@id\":\"https:\\\/\\\/www.geopolitics.fr\\\/2024\\\/12\\\/08\\\/que-penser-de-la-chute-dassad\\\/#primaryimage\"},\"image\":{\"@id\":\"https:\\\/\\\/www.geopolitics.fr\\\/2024\\\/12\\\/08\\\/que-penser-de-la-chute-dassad\\\/#primaryimage\"},\"thumbnailUrl\":\"https:\\\/\\\/www.geopolitics.fr\\\/wp-content\\\/uploads\\\/2024\\\/12\\\/SYRIE-BARBARE.jpg\",\"datePublished\":\"2024-12-08T09:30:03+00:00\",\"dateModified\":\"2024-12-08T09:30:06+00:00\",\"description\":\"Le premier r\u00e9flexe est de se f\u00e9liciter de la chute d'Assad en Syrie; N\u00e9anmoins, les perspectives sont sombres pour l'avenir de ce pays.\",\"breadcrumb\":{\"@id\":\"https:\\\/\\\/www.geopolitics.fr\\\/2024\\\/12\\\/08\\\/que-penser-de-la-chute-dassad\\\/#breadcrumb\"},\"inLanguage\":\"en-GB\",\"potentialAction\":[{\"@type\":\"ReadAction\",\"target\":[\"https:\\\/\\\/www.geopolitics.fr\\\/2024\\\/12\\\/08\\\/que-penser-de-la-chute-dassad\\\/\"]}]},{\"@type\":\"ImageObject\",\"inLanguage\":\"en-GB\",\"@id\":\"https:\\\/\\\/www.geopolitics.fr\\\/2024\\\/12\\\/08\\\/que-penser-de-la-chute-dassad\\\/#primaryimage\",\"url\":\"https:\\\/\\\/www.geopolitics.fr\\\/wp-content\\\/uploads\\\/2024\\\/12\\\/SYRIE-BARBARE.jpg\",\"contentUrl\":\"https:\\\/\\\/www.geopolitics.fr\\\/wp-content\\\/uploads\\\/2024\\\/12\\\/SYRIE-BARBARE.jpg\",\"width\":1054,\"height\":690},{\"@type\":\"BreadcrumbList\",\"@id\":\"https:\\\/\\\/www.geopolitics.fr\\\/2024\\\/12\\\/08\\\/que-penser-de-la-chute-dassad\\\/#breadcrumb\",\"itemListElement\":[{\"@type\":\"ListItem\",\"position\":1,\"name\":\"Accueil\",\"item\":\"https:\\\/\\\/www.geopolitics.fr\\\/\"},{\"@type\":\"ListItem\",\"position\":2,\"name\":\"Que penser de la chute d&#8217;Assad ?\"}]},{\"@type\":\"WebSite\",\"@id\":\"https:\\\/\\\/www.geopolitics.fr\\\/#website\",\"url\":\"https:\\\/\\\/www.geopolitics.fr\\\/\",\"name\":\"Geopolitics.fr\",\"description\":\"Geopolitics.fr Analyse politique, relations internationales, d\u00e9fense - ligne \u00e9ditoriale gaullo-chiraquienne\",\"publisher\":{\"@id\":\"https:\\\/\\\/www.geopolitics.fr\\\/#organization\"},\"potentialAction\":[{\"@type\":\"SearchAction\",\"target\":{\"@type\":\"EntryPoint\",\"urlTemplate\":\"https:\\\/\\\/www.geopolitics.fr\\\/?s={search_term_string}\"},\"query-input\":{\"@type\":\"PropertyValueSpecification\",\"valueRequired\":true,\"valueName\":\"search_term_string\"}}],\"inLanguage\":\"en-GB\"},{\"@type\":\"Organization\",\"@id\":\"https:\\\/\\\/www.geopolitics.fr\\\/#organization\",\"name\":\"Geopolitics.fr\",\"url\":\"https:\\\/\\\/www.geopolitics.fr\\\/\",\"logo\":{\"@type\":\"ImageObject\",\"inLanguage\":\"en-GB\",\"@id\":\"https:\\\/\\\/www.geopolitics.fr\\\/#\\\/schema\\\/logo\\\/image\\\/\",\"url\":\"https:\\\/\\\/www.geopolitics.fr\\\/wp-content\\\/uploads\\\/2024\\\/01\\\/logo.jpg\",\"contentUrl\":\"https:\\\/\\\/www.geopolitics.fr\\\/wp-content\\\/uploads\\\/2024\\\/01\\\/logo.jpg\",\"width\":500,\"height\":500,\"caption\":\"Geopolitics.fr\"},\"image\":{\"@id\":\"https:\\\/\\\/www.geopolitics.fr\\\/#\\\/schema\\\/logo\\\/image\\\/\"},\"sameAs\":[\"https:\\\/\\\/www.facebook.com\\\/people\\\/Erwan-Davoux\\\/61557098968092\\\/\",\"https:\\\/\\\/x.com\\\/Geopolitics_Fr\"]},{\"@type\":\"Person\",\"@id\":\"https:\\\/\\\/www.geopolitics.fr\\\/#\\\/schema\\\/person\\\/a487273e91313e368925717400fa1b11\",\"name\":\"Erwan Davoux\",\"image\":{\"@type\":\"ImageObject\",\"inLanguage\":\"en-GB\",\"@id\":\"https:\\\/\\\/www.geopolitics.fr\\\/wp-content\\\/uploads\\\/2026\\\/05\\\/moi-96x96.jpg\",\"url\":\"https:\\\/\\\/www.geopolitics.fr\\\/wp-content\\\/uploads\\\/2026\\\/05\\\/moi-96x96.jpg\",\"contentUrl\":\"https:\\\/\\\/www.geopolitics.fr\\\/wp-content\\\/uploads\\\/2026\\\/05\\\/moi-96x96.jpg\",\"caption\":\"Erwan Davoux\"},\"description\":\"Erwan DAVOUX est Pr\u00e9sident de LMD CONSEIL, (conseil strat\u00e9gique, intelligence \u00e9conomique, risque g\u00e9opolitique, influence politique, diplomatie \u00e9conomique). Dipl\u00f4m\u00e9 de l'IEP de Paris et de l'INALCO (d\u00e9partement d'\u00e9tudes arabes), il est directeur de la publication de geopolitics.fr. Ancien fonctionnaire au Minist\u00e8re de l'Int\u00e9rieur et de la D\u00e9fense (DGSE) Ancien charg\u00e9 de Mission \u00e0 la Pr\u00e9sidence de la R\u00e9publique (cellule diplomatique) Conseil de nombreuses personnalit\u00e9s politiques \u00e0 l'International (dont deux anciens Premiers ministres).\",\"sameAs\":[\"Erwan Davoux\",\"@erwandavoux\",\"https:\\\/\\\/www.linkedin.com\\\/in\\\/erwan-davoux-6800b289\\\/\",\"https:\\\/\\\/x.com\\\/@erwandavoux @Geo_politicsfr\"],\"url\":\"https:\\\/\\\/www.geopolitics.fr\\\/en\\\/author\\\/erwan-davoux\\\/\"}]}<\/script>\n<!-- \/ Yoast SEO Premium plugin. -->","yoast_head_json":{"title":"Que penser de la chute d'Assad ? | Geopolitics.fr","description":"Le premier r\u00e9flexe est de se f\u00e9liciter de la chute d'Assad en Syrie; N\u00e9anmoins, les perspectives sont sombres pour l'avenir de ce pays.","robots":{"index":"index","follow":"follow","max-snippet":"max-snippet:-1","max-image-preview":"max-image-preview:large","max-video-preview":"max-video-preview:-1"},"canonical":"https:\/\/www.geopolitics.fr\/en\/2024\/12\/08\/que-penser-de-la-chute-dassad\/","og_locale":"en_GB","og_type":"article","og_title":"Que penser de la chute d'Assad ?","og_description":"Le premier r\u00e9flexe est de se f\u00e9liciter de la chute d'Assad en Syrie; N\u00e9anmoins, les perspectives sont sombres pour l'avenir de ce pays.","og_url":"https:\/\/www.geopolitics.fr\/en\/2024\/12\/08\/que-penser-de-la-chute-dassad\/","og_site_name":"Geopolitics.fr","article_publisher":"https:\/\/www.facebook.com\/people\/Erwan-Davoux\/61557098968092\/","article_author":"Erwan Davoux","article_published_time":"2024-12-08T09:30:03+00:00","article_modified_time":"2024-12-08T09:30:06+00:00","og_image":[{"width":1054,"height":690,"url":"https:\/\/www.geopolitics.fr\/wp-content\/uploads\/2024\/12\/SYRIE-BARBARE.jpg","type":"image\/jpeg"}],"author":"Erwan Davoux","twitter_card":"summary_large_image","twitter_creator":"@erwandavoux @Geo_politicsfr","twitter_site":"@Geopolitics_Fr","twitter_misc":{"Written by":"Erwan Davoux","Estimated reading time":"2 minutes"},"schema":{"@context":"https:\/\/schema.org","@graph":[{"@type":"Article","@id":"https:\/\/www.geopolitics.fr\/2024\/12\/08\/que-penser-de-la-chute-dassad\/#article","isPartOf":{"@id":"https:\/\/www.geopolitics.fr\/2024\/12\/08\/que-penser-de-la-chute-dassad\/"},"author":{"name":"Erwan Davoux","@id":"https:\/\/www.geopolitics.fr\/#\/schema\/person\/a487273e91313e368925717400fa1b11"},"headline":"Que penser de la chute d&rsquo;Assad ?","datePublished":"2024-12-08T09:30:03+00:00","dateModified":"2024-12-08T09:30:06+00:00","mainEntityOfPage":{"@id":"https:\/\/www.geopolitics.fr\/2024\/12\/08\/que-penser-de-la-chute-dassad\/"},"wordCount":284,"commentCount":0,"publisher":{"@id":"https:\/\/www.geopolitics.fr\/#organization"},"image":{"@id":"https:\/\/www.geopolitics.fr\/2024\/12\/08\/que-penser-de-la-chute-dassad\/#primaryimage"},"thumbnailUrl":"https:\/\/www.geopolitics.fr\/wp-content\/uploads\/2024\/12\/SYRIE-BARBARE.jpg","articleSection":["Editorial","Mis en AVANT"],"inLanguage":"en-GB"},{"@type":"WebPage","@id":"https:\/\/www.geopolitics.fr\/2024\/12\/08\/que-penser-de-la-chute-dassad\/","url":"https:\/\/www.geopolitics.fr\/2024\/12\/08\/que-penser-de-la-chute-dassad\/","name":"Que penser de la chute d'Assad ? | Geopolitics.fr","isPartOf":{"@id":"https:\/\/www.geopolitics.fr\/#website"},"primaryImageOfPage":{"@id":"https:\/\/www.geopolitics.fr\/2024\/12\/08\/que-penser-de-la-chute-dassad\/#primaryimage"},"image":{"@id":"https:\/\/www.geopolitics.fr\/2024\/12\/08\/que-penser-de-la-chute-dassad\/#primaryimage"},"thumbnailUrl":"https:\/\/www.geopolitics.fr\/wp-content\/uploads\/2024\/12\/SYRIE-BARBARE.jpg","datePublished":"2024-12-08T09:30:03+00:00","dateModified":"2024-12-08T09:30:06+00:00","description":"Le premier r\u00e9flexe est de se f\u00e9liciter de la chute d'Assad en Syrie; N\u00e9anmoins, les perspectives sont sombres pour l'avenir de ce pays.","breadcrumb":{"@id":"https:\/\/www.geopolitics.fr\/2024\/12\/08\/que-penser-de-la-chute-dassad\/#breadcrumb"},"inLanguage":"en-GB","potentialAction":[{"@type":"ReadAction","target":["https:\/\/www.geopolitics.fr\/2024\/12\/08\/que-penser-de-la-chute-dassad\/"]}]},{"@type":"ImageObject","inLanguage":"en-GB","@id":"https:\/\/www.geopolitics.fr\/2024\/12\/08\/que-penser-de-la-chute-dassad\/#primaryimage","url":"https:\/\/www.geopolitics.fr\/wp-content\/uploads\/2024\/12\/SYRIE-BARBARE.jpg","contentUrl":"https:\/\/www.geopolitics.fr\/wp-content\/uploads\/2024\/12\/SYRIE-BARBARE.jpg","width":1054,"height":690},{"@type":"BreadcrumbList","@id":"https:\/\/www.geopolitics.fr\/2024\/12\/08\/que-penser-de-la-chute-dassad\/#breadcrumb","itemListElement":[{"@type":"ListItem","position":1,"name":"Accueil","item":"https:\/\/www.geopolitics.fr\/"},{"@type":"ListItem","position":2,"name":"Que penser de la chute d&#8217;Assad ?"}]},{"@type":"WebSite","@id":"https:\/\/www.geopolitics.fr\/#website","url":"https:\/\/www.geopolitics.fr\/","name":"Geopolitics.fr","description":"Geopolitics.fr Analyse politique, relations internationales, d\u00e9fense - ligne \u00e9ditoriale gaullo-chiraquienne","publisher":{"@id":"https:\/\/www.geopolitics.fr\/#organization"},"potentialAction":[{"@type":"SearchAction","target":{"@type":"EntryPoint","urlTemplate":"https:\/\/www.geopolitics.fr\/?s={search_term_string}"},"query-input":{"@type":"PropertyValueSpecification","valueRequired":true,"valueName":"search_term_string"}}],"inLanguage":"en-GB"},{"@type":"Organization","@id":"https:\/\/www.geopolitics.fr\/#organization","name":"Geopolitics.fr","url":"https:\/\/www.geopolitics.fr\/","logo":{"@type":"ImageObject","inLanguage":"en-GB","@id":"https:\/\/www.geopolitics.fr\/#\/schema\/logo\/image\/","url":"https:\/\/www.geopolitics.fr\/wp-content\/uploads\/2024\/01\/logo.jpg","contentUrl":"https:\/\/www.geopolitics.fr\/wp-content\/uploads\/2024\/01\/logo.jpg","width":500,"height":500,"caption":"Geopolitics.fr"},"image":{"@id":"https:\/\/www.geopolitics.fr\/#\/schema\/logo\/image\/"},"sameAs":["https:\/\/www.facebook.com\/people\/Erwan-Davoux\/61557098968092\/","https:\/\/x.com\/Geopolitics_Fr"]},{"@type":"Person","@id":"https:\/\/www.geopolitics.fr\/#\/schema\/person\/a487273e91313e368925717400fa1b11","name":"Erwan Davoux","image":{"@type":"ImageObject","inLanguage":"en-GB","@id":"https:\/\/www.geopolitics.fr\/wp-content\/uploads\/2026\/05\/moi-96x96.jpg","url":"https:\/\/www.geopolitics.fr\/wp-content\/uploads\/2026\/05\/moi-96x96.jpg","contentUrl":"https:\/\/www.geopolitics.fr\/wp-content\/uploads\/2026\/05\/moi-96x96.jpg","caption":"Erwan Davoux"},"description":"Erwan DAVOUX est Pr\u00e9sident de LMD CONSEIL, (conseil strat\u00e9gique, intelligence \u00e9conomique, risque g\u00e9opolitique, influence politique, diplomatie \u00e9conomique). Dipl\u00f4m\u00e9 de l'IEP de Paris et de l'INALCO (d\u00e9partement d'\u00e9tudes arabes), il est directeur de la publication de geopolitics.fr. Ancien fonctionnaire au Minist\u00e8re de l'Int\u00e9rieur et de la D\u00e9fense (DGSE) Ancien charg\u00e9 de Mission \u00e0 la Pr\u00e9sidence de la R\u00e9publique (cellule diplomatique) Conseil de nombreuses personnalit\u00e9s politiques \u00e0 l'International (dont deux anciens Premiers ministres).","sameAs":["Erwan Davoux","@erwandavoux","https:\/\/www.linkedin.com\/in\/erwan-davoux-6800b289\/","https:\/\/x.com\/@erwandavoux @Geo_politicsfr"],"url":"https:\/\/www.geopolitics.fr\/en\/author\/erwan-davoux\/"}]}},"_links":{"self":[{"href":"https:\/\/www.geopolitics.fr\/en\/wp-json\/wp\/v2\/posts\/3233","targetHints":{"allow":["GET"]}}],"collection":[{"href":"https:\/\/www.geopolitics.fr\/en\/wp-json\/wp\/v2\/posts"}],"about":[{"href":"https:\/\/www.geopolitics.fr\/en\/wp-json\/wp\/v2\/types\/post"}],"author":[{"embeddable":true,"href":"https:\/\/www.geopolitics.fr\/en\/wp-json\/wp\/v2\/users\/16"}],"replies":[{"embeddable":true,"href":"https:\/\/www.geopolitics.fr\/en\/wp-json\/wp\/v2\/comments?post=3233"}],"version-history":[{"count":0,"href":"https:\/\/www.geopolitics.fr\/en\/wp-json\/wp\/v2\/posts\/3233\/revisions"}],"wp:featuredmedia":[{"embeddable":true,"href":"https:\/\/www.geopolitics.fr\/en\/wp-json\/wp\/v2\/media\/3234"}],"wp:attachment":[{"href":"https:\/\/www.geopolitics.fr\/en\/wp-json\/wp\/v2\/media?parent=3233"}],"wp:term":[{"taxonomy":"category","embeddable":true,"href":"https:\/\/www.geopolitics.fr\/en\/wp-json\/wp\/v2\/categories?post=3233"},{"taxonomy":"post_tag","embeddable":true,"href":"https:\/\/www.geopolitics.fr\/en\/wp-json\/wp\/v2\/tags?post=3233"}],"curies":[{"name":"wp","href":"https:\/\/api.w.org\/{rel}","templated":true}]}}