{"id":3230,"date":"2024-12-06T11:37:51","date_gmt":"2024-12-06T10:37:51","guid":{"rendered":"https:\/\/www.geopolitics.fr\/?p=3230"},"modified":"2024-12-06T11:37:53","modified_gmt":"2024-12-06T10:37:53","slug":"premier-voyage-dans-lue-du-chef-de-la-diplomatie-russe-depuis-le-conflit-en-lukraine","status":"publish","type":"post","link":"https:\/\/www.geopolitics.fr\/en\/2024\/12\/06\/premier-voyage-dans-lue-du-chef-de-la-diplomatie-russe-depuis-le-conflit-en-lukraine\/","title":{"rendered":"Premier voyage dans l&rsquo;UE du chef de la diplomatie russe depuis le conflit en l&rsquo;Ukraine"},"content":{"rendered":"<p class=\"has-medium-font-size wp-block-paragraph\"><em>Le ministre des Affaires \u00e9trang\u00e8res russe Sergue\u00ef Lavrov, \u00e9tait pr\u00e9sent ce jeudi \u00e0 Malte, o\u00f9 se trouvait \u00e9galement son homologue ukrainien. Fait marquant alors qu\u2019il s\u2019agissait de sa premi\u00e8re visite dans un pays de l&rsquo;Union europ\u00e9enne depuis le d\u00e9but de la guerre en Ukraine en f\u00e9vrier 2022. Les deux hommes participent \u00e0 une r\u00e9union de l\u2019Organisation pour la s\u00e9curit\u00e9 et la coop\u00e9ration en Europe.<\/em><\/p>\n\n\n\n<p class=\"has-medium-font-size wp-block-paragraph\"><strong>Une premi\u00e8re depuis pr\u00e8s de trois ans pour un dignitaire du Kremlin. <\/strong>Le chef de la diplomatie russe Sergue\u00ef Lavrov est arriv\u00e9 \u00e0 Malte ce jeudi 5 d\u00e9cembre, <strong>o\u00f9 il a effectu\u00e9 sa premi\u00e8re visite dans un pays de l&rsquo;UE depuis le d\u00e9but du conflit sanglant en Ukraine,<\/strong> d\u00e9clench\u00e9 le 24 f\u00e9vrier 2022.<\/p>\n\n\n\n<p class=\"has-medium-font-size wp-block-paragraph\"><strong>Son homologue ukrainien lui aussi, s\u2019est rendu sur place encourag\u00e9 par le repr\u00e9sentant US Antony Blinken<\/strong>. Mais si le secr\u00e9taire d&rsquo;\u00c9tat am\u00e9ricain a bien assist\u00e9 \u00e0 la r\u00e9union de l&rsquo;Organisation pour la s\u00e9curit\u00e9 et la coop\u00e9ration en Europe (OSCE) organis\u00e9e \u00e0 Ta&rsquo;Qali, aucune rencontre avec Sergue\u00ef Lavrov n\u2019a \u00e9t\u00e9 envisag\u00e9e.<\/p>\n\n\n\n<p class=\"has-medium-font-size wp-block-paragraph\">Fait notable car le diplomate russe, frapp\u00e9 de sanctions par l&rsquo;UE, n\u2019avait pas franchi les fronti\u00e8res de l&rsquo;Union europ\u00e9enne depuis un voyage \u00e0 Stockholm en d\u00e9cembre 2021, toujours pour une r\u00e9union de l&rsquo;OSCE selon les m\u00e9dias russes.<\/p>\n\n\n\n<p class=\"has-medium-font-size wp-block-paragraph\">Pour l\u2019histoire, L&rsquo;OSCE a \u00e9t\u00e9 fond\u00e9e en 1975 sur les fonds baptismaux d\u2019un apaisement des tensions entre l&rsquo;Est et l&rsquo;Ouest durant la guerre froide. A ce jour, l\u2019organisation internationale compte 57 membres, de la Turquie \u00e0 la Mongolie, en passant par le Royaume-Uni et le Canada, ainsi que les \u00c9tats-Unis, l&rsquo;Ukraine et la Russie.<\/p>\n\n\n\n<p class=\"has-medium-font-size wp-block-paragraph\">Son objectif&nbsp;? Favoriser et inciter ses membres \u00e0 se coordonner sur des questions larges telles que les droits humains et le contr\u00f4le des armements. Toutefois, Moscou se montre de plus en plus critique \u00e0 l\u2019\u00e9gard de de l\u2019organisation, estimant que le groupe \u00ab&nbsp;s\u2019\u00e9loigne de ses principes fondateurs&nbsp;\u00bb.<\/p>\n\n\n\n<h2 class=\"wp-block-heading\" id=\"h-un-ministre-russe-aux-avoirs-geles-mais-libre-de-ses-deplacements-internationaux\"><strong>Un ministre russe aux avoirs gel\u00e9s mais libre de ses d\u00e9placements internationaux<\/strong><\/h2>\n\n\n\n<p class=\"has-medium-font-size wp-block-paragraph\">Lors du dernier sommet minist\u00e9riel il y a un an en Mac\u00e9doine du Nord, Sergue\u00ef Lavrov avait d\u00e9j\u00e0 accus\u00e9 l&rsquo;OSCE de devenir un \u00ab&nbsp;appendice de l&rsquo;Otan et de l&rsquo;UE&nbsp;\u00bb. En r\u00e9torque, l&rsquo;Ukraine avait exhort\u00e9 que la Russie soit exclue de l&rsquo;organisation, pr\u00e9f\u00e9rant la politique de la chaise vide durant le sommet de Skopje, en raison de la pr\u00e9sence du chef de la diplomatie russe.<\/p>\n\n\n\n<p class=\"has-medium-font-size wp-block-paragraph\">D\u00e8s ce mercredi et semblant cette fois privil\u00e9gier la voie diplomatique, Kiev avait d\u00e9clar\u00e9 que son ministre des Affaires \u00e9trang\u00e8res Andri\u00ef Sybiga, participerait aux discussions \u00e0 Malte \u00ab&nbsp;<em>qui interviennent \u00e0 un moment d\u00e9licat pour le pays<\/em>&nbsp;\u00bb.<\/p>\n\n\n\n<p class=\"has-medium-font-size wp-block-paragraph\">Le pr\u00e9sident am\u00e9ricain r\u00e9cemment \u00e9lu Donald Trump, a quant \u00e0 lui fait la promesse de faire pression afin qu\u2019un accord rapide soit trouv\u00e9 et qu\u2019il soit mis fin \u00e0 la guerre, tout en laissant Kiev se d\u00e9mener pour se positionner avant son investiture en janvier.<\/p>\n\n\n\n<p class=\"has-medium-font-size wp-block-paragraph\">Quant \u00e0 Antony Blinken pour m\u00e9moire, chemin faisant vers Malte apr\u00e8s avoir effectu\u00e9 sa derni\u00e8re visite au si\u00e8ge de l&rsquo;Otan \u00e0 Bruxelles mardi, n\u2019avait plus rencontrer Sergue\u00ef Lavrov depuis le G20 \u00e0 New Delhi, en mars 2023.<\/p>\n\n\n\n<p class=\"has-medium-font-size wp-block-paragraph\"><strong>Aussi en 2022, la Pologne pays h\u00f4te de l&rsquo;OSCE, avait refus\u00e9 la venue de Sergue\u00ef Lavrov en l\u2019interdisant \u00e0 ses fronti\u00e8res, ce qui avait bien entendu provoqu\u00e9 la lyre du Kremlin<\/strong>.<\/p>\n\n\n\n<p class=\"has-medium-font-size wp-block-paragraph\"><strong>Pour autant, la temp\u00e9rature ambiante de ce sommet reste proche de la cong\u00e9lation<\/strong>. Le ministre polonais des Affaires \u00e9trang\u00e8res Radoslaw Sikorski, alli\u00e9 historique de l&rsquo;Ukraine, d\u00e9clarant en pr\u00e9alable d\u00e8s mercredi \u00ab\u00a0<em>qu&rsquo;il n&rsquo;y aurait aucune discussion avec le chef de la diplomatie russe \u00e0 Malte\u00a0<\/em>\u00bb, tout en s\u2019interrogeant sur \u00ab\u00a0<em>pourquoi Moscou est toujours autoris\u00e9 \u00e0 faire partie de l&rsquo;OSCE\u00a0<\/em>\u00bb.<\/p>\n\n\n\n<p class=\"has-medium-font-size wp-block-paragraph\"><strong>Non sans une certaine cacophonie dont les grandes organisations internationales commencent \u00e0 nous habituer et plus particuli\u00e8rement l\u2019UE<\/strong>, le porte-parole de Malte pays h\u00f4te du sommet, a estim\u00e9 que Sergue\u00ef Lavrov \u00ab\u00a0<em>faisait l&rsquo;objet d&rsquo;un gel des avoirs de la part de l&rsquo;UE, mais qu&rsquo;il n&rsquo;\u00e9tait pas interdit de voyager et que le ministre russe des Affaires \u00e9trang\u00e8res avait \u00e9t\u00e9 invit\u00e9 afin de maintenir certains canaux de communication ouverts<\/em>\u00a0\u00bb. Fermez le banc.<\/p>\n\n\n\n<h2 class=\"wp-block-heading\" id=\"h-blocages-a-tous-les-etages-au-sein-de-l-osce-vers-une-mort-annoncee\"><strong>Blocages \u00e0 tous les \u00e9tages au sein de l&rsquo;OSCE, vers une mort annonc\u00e9e<\/strong><\/h2>\n\n\n\n<p class=\"has-medium-font-size wp-block-paragraph\">En signe d\u2019avertissement d\u00e8s mercredi, la porte-parole du minist\u00e8re russe des Affaires \u00e9trang\u00e8res Maria Zakharova d\u00e9clarait que Sergue\u00ef Lavrov \u00ab&nbsp;<em>profitera de l&rsquo;\u00e9v\u00e9nement pour d\u00e9noncer la crise institutionnelle de l&rsquo;organisation&nbsp;<\/em>\u00bb. Enfon\u00e7ant le clou \u00ab&nbsp;<em>alors qu&rsquo;un certain nombre de pays occidentaux utilisaient cette plateforme pour leurs propres int\u00e9r\u00eats et que l&rsquo;organisation avait \u00e9t\u00e9 \u00ab\u00a0ukrainis\u00e9e\u00a0\u00bb<\/em>&nbsp;\u00bb. Ambiance de f\u00eate compromise donc.<\/p>\n\n\n\n<p class=\"has-medium-font-size wp-block-paragraph\"><strong>En effet, il est \u00e9vident que l&rsquo;OSCE est totalement paralys\u00e9e depuis le d\u00e9clenchement des hostilit\u00e9s russo-ukrainiennes d\u00e9but 2022, la Russie opposant r\u00e9guli\u00e8rement son veto \u00e0 plusieurs d\u00e9cisions majeures n\u00e9cessitant un consensus.<\/strong> Ainsi, les si\u00e8ges de secr\u00e9taire g\u00e9n\u00e9ral et de trois autres hauts fonctionnaires sont toujours vacants depuis septembre, faute d&rsquo;accord sur les candidatures. La secr\u00e9taire g\u00e9n\u00e9rale sortante l&rsquo;Allemande Helga Maria Schmid, avait \u00e9t\u00e9 nomm\u00e9e en d\u00e9cembre 2020 pour un mandat de trois ans, mais son mandat avait d\u00e9j\u00e0 \u00e9t\u00e9 prorog\u00e9 une fois \u00a0jusqu&rsquo;en septembre.<\/p>\n\n\n\n<p class=\"has-medium-font-size wp-block-paragraph\"><strong>Il semblerait toutefois que les ambassadeurs si\u00e9geant au sein de l&rsquo;OSCE se soient mis d&rsquo;accord en coulisses, sur la candidature du diplomate turc Feridun Sinirlioglu afin de lui succ\u00e9der,<\/strong> rapporte l&rsquo;AFP, mais cette d\u00e9cision doit \u00eatre encore \u00eatre approuv\u00e9e par les ministres r\u00e9unis \u00e0 Malte. Ces derniers devront \u00e9galement se mettre d&rsquo;accord sur le pays qui pr\u00e9sidera l&rsquo;OSCE pour la p\u00e9riode de 2026 \u00e0 2027.<\/p>\n\n\n\n<p class=\"has-medium-font-size wp-block-paragraph\">D\u00e9j\u00e0 au registre des marasmes de l\u2019organisation, la Russie avait emp\u00each\u00e9 l&rsquo;Estonie membre de l&rsquo;Otan, d&rsquo;assurer la pr\u00e9sidence cette ann\u00e9e, alors qu&rsquo;en 2025 c&rsquo;est la Finlande, nouvellement membre de l\u2019alliance atlantique, qui devrait en assurer la pr\u00e9sidence.<\/p>\n\n\n\n<p class=\"has-medium-font-size wp-block-paragraph\">Enfin, il n\u2019est pas inutile de rappeler que l&rsquo;OSCE a aussi pour pr\u00e9rogative statutaire et diplomatique, l\u2019envoie possible d\u2019observateurs lors de conflits, mais aussi d&rsquo;\u00e9lections dans le monde entier&nbsp;! En outre, cette derni\u00e8re g\u00e8re \u00e9galement des programmes visant \u00e0 lutter contre la traite des \u00eatres humains et&nbsp; garantir la libert\u00e9 des m\u00e9dias. De quoi agacer de fait le Kremlin, mais pas que.<\/p>\n\n\n\n<p class=\"has-medium-font-size wp-block-paragraph\">N\u00e9anmoins, la plupart des dispositifs de pr\u00e9rogatives de l&rsquo;OSCE ont \u00e9t\u00e9 entrav\u00e9s par l&rsquo;impossibilit\u00e9 d&rsquo;un accord sur un budget viable depuis 2021&nbsp;!<\/p>","protected":false},"excerpt":{"rendered":"<p>Le ministre des Affaires \u00e9trang\u00e8res russe Sergue\u00ef Lavrov, \u00e9tait pr\u00e9sent ce jeudi \u00e0 Malte, o\u00f9 se trouvait \u00e9galement son homologue ukrainien. Fait&hellip;<\/p>","protected":false},"author":93,"featured_media":3231,"comment_status":"open","ping_status":"open","sticky":false,"template":"","format":"standard","meta":{"_lmt_disableupdate":"","_lmt_disable":"","footnotes":""},"categories":[41,5,4],"tags":[261,394,393],"class_list":["post-3230","post","type-post","status-publish","format-standard","has-post-thumbnail","hentry","category-actualite","category-international","category-mis-en-avant","tag-conflit-russie-ukraine","tag-lavrov","tag-osce"],"yoast_head":"<!-- This site is optimized with the Yoast SEO Premium plugin v28.1 (Yoast SEO v28.1) - https:\/\/yoast.com\/product\/yoast-seo-premium-wordpress\/ -->\n<title>Premier voyage dans l&#039;UE du chef de la diplomatie russe depuis le conflit en l&#039;Ukraine | Geopolitics.fr<\/title>\n<meta name=\"description\" content=\"Premier d\u00e9placement dans l&#039;UE d&#039;un haut dignitaire russe, Serguei Lavrov, \u00e0 l&#039;occasion du Sommet de l&#039;OSCE qui se tient \u00e0 Malte\" \/>\n<meta name=\"robots\" content=\"index, follow, max-snippet:-1, max-image-preview:large, max-video-preview:-1\" \/>\n<link rel=\"canonical\" href=\"https:\/\/www.geopolitics.fr\/en\/2024\/12\/06\/premier-voyage-dans-lue-du-chef-de-la-diplomatie-russe-depuis-le-conflit-en-lukraine\/\" \/>\n<meta property=\"og:locale\" content=\"en_GB\" \/>\n<meta property=\"og:type\" content=\"article\" \/>\n<meta property=\"og:title\" content=\"Premier voyage dans l&#039;UE du chef de la diplomatie russe depuis le conflit en l&#039;Ukraine\" \/>\n<meta property=\"og:description\" content=\"Premier d\u00e9placement dans l&#039;UE d&#039;un haut dignitaire russe, Serguei Lavrov, \u00e0 l&#039;occasion du Sommet de l&#039;OSCE qui se tient \u00e0 Malte\" \/>\n<meta property=\"og:url\" content=\"https:\/\/www.geopolitics.fr\/en\/2024\/12\/06\/premier-voyage-dans-lue-du-chef-de-la-diplomatie-russe-depuis-le-conflit-en-lukraine\/\" \/>\n<meta property=\"og:site_name\" content=\"Geopolitics.fr\" \/>\n<meta property=\"article:publisher\" content=\"https:\/\/www.facebook.com\/people\/Erwan-Davoux\/61557098968092\/\" \/>\n<meta property=\"article:author\" content=\"https:\/\/www.facebook.com\/odelagarde\" \/>\n<meta property=\"article:published_time\" content=\"2024-12-06T10:37:51+00:00\" \/>\n<meta property=\"article:modified_time\" content=\"2024-12-06T10:37:53+00:00\" \/>\n<meta property=\"og:image\" content=\"https:\/\/www.geopolitics.fr\/wp-content\/uploads\/2024\/12\/Serguei-Lavrov.jpg\" \/>\n\t<meta property=\"og:image:width\" content=\"1920\" \/>\n\t<meta property=\"og:image:height\" content=\"1200\" \/>\n\t<meta property=\"og:image:type\" content=\"image\/jpeg\" \/>\n<meta name=\"author\" content=\"Olivier DELAGARDE\" \/>\n<meta name=\"twitter:card\" content=\"summary_large_image\" \/>\n<meta name=\"twitter:creator\" content=\"@Geopolitics_Fr\" \/>\n<meta name=\"twitter:site\" content=\"@Geopolitics_Fr\" \/>\n<meta name=\"twitter:label1\" content=\"Written by\" \/>\n\t<meta name=\"twitter:data1\" content=\"Olivier DELAGARDE\" \/>\n\t<meta name=\"twitter:label2\" content=\"Estimated reading time\" \/>\n\t<meta name=\"twitter:data2\" content=\"6 minutes\" \/>\n<script type=\"application\/ld+json\" class=\"yoast-schema-graph\">{\"@context\":\"https:\\\/\\\/schema.org\",\"@graph\":[{\"@type\":\"Article\",\"@id\":\"https:\\\/\\\/www.geopolitics.fr\\\/2024\\\/12\\\/06\\\/premier-voyage-dans-lue-du-chef-de-la-diplomatie-russe-depuis-le-conflit-en-lukraine\\\/#article\",\"isPartOf\":{\"@id\":\"https:\\\/\\\/www.geopolitics.fr\\\/2024\\\/12\\\/06\\\/premier-voyage-dans-lue-du-chef-de-la-diplomatie-russe-depuis-le-conflit-en-lukraine\\\/\"},\"author\":{\"name\":\"Olivier DELAGARDE\",\"@id\":\"https:\\\/\\\/www.geopolitics.fr\\\/#\\\/schema\\\/person\\\/9b98d78234af63d6ad71199d66115350\"},\"headline\":\"Premier voyage dans l&rsquo;UE du chef de la diplomatie russe depuis le conflit en l&rsquo;Ukraine\",\"datePublished\":\"2024-12-06T10:37:51+00:00\",\"dateModified\":\"2024-12-06T10:37:53+00:00\",\"mainEntityOfPage\":{\"@id\":\"https:\\\/\\\/www.geopolitics.fr\\\/2024\\\/12\\\/06\\\/premier-voyage-dans-lue-du-chef-de-la-diplomatie-russe-depuis-le-conflit-en-lukraine\\\/\"},\"wordCount\":1179,\"commentCount\":0,\"publisher\":{\"@id\":\"https:\\\/\\\/www.geopolitics.fr\\\/#organization\"},\"image\":{\"@id\":\"https:\\\/\\\/www.geopolitics.fr\\\/2024\\\/12\\\/06\\\/premier-voyage-dans-lue-du-chef-de-la-diplomatie-russe-depuis-le-conflit-en-lukraine\\\/#primaryimage\"},\"thumbnailUrl\":\"https:\\\/\\\/www.geopolitics.fr\\\/wp-content\\\/uploads\\\/2024\\\/12\\\/Serguei-Lavrov.jpg\",\"keywords\":[\"conflit russie ukraine\",\"LAVROV\",\"OSCE\"],\"articleSection\":[\"Actualit\u00e9\",\"International\",\"Mis en AVANT\"],\"inLanguage\":\"en-GB\"},{\"@type\":\"WebPage\",\"@id\":\"https:\\\/\\\/www.geopolitics.fr\\\/2024\\\/12\\\/06\\\/premier-voyage-dans-lue-du-chef-de-la-diplomatie-russe-depuis-le-conflit-en-lukraine\\\/\",\"url\":\"https:\\\/\\\/www.geopolitics.fr\\\/2024\\\/12\\\/06\\\/premier-voyage-dans-lue-du-chef-de-la-diplomatie-russe-depuis-le-conflit-en-lukraine\\\/\",\"name\":\"Premier voyage dans l'UE du chef de la diplomatie russe depuis le conflit en l'Ukraine | Geopolitics.fr\",\"isPartOf\":{\"@id\":\"https:\\\/\\\/www.geopolitics.fr\\\/#website\"},\"primaryImageOfPage\":{\"@id\":\"https:\\\/\\\/www.geopolitics.fr\\\/2024\\\/12\\\/06\\\/premier-voyage-dans-lue-du-chef-de-la-diplomatie-russe-depuis-le-conflit-en-lukraine\\\/#primaryimage\"},\"image\":{\"@id\":\"https:\\\/\\\/www.geopolitics.fr\\\/2024\\\/12\\\/06\\\/premier-voyage-dans-lue-du-chef-de-la-diplomatie-russe-depuis-le-conflit-en-lukraine\\\/#primaryimage\"},\"thumbnailUrl\":\"https:\\\/\\\/www.geopolitics.fr\\\/wp-content\\\/uploads\\\/2024\\\/12\\\/Serguei-Lavrov.jpg\",\"datePublished\":\"2024-12-06T10:37:51+00:00\",\"dateModified\":\"2024-12-06T10:37:53+00:00\",\"description\":\"Premier d\u00e9placement dans l'UE d'un haut dignitaire russe, Serguei Lavrov, \u00e0 l'occasion du Sommet de l'OSCE qui se tient \u00e0 Malte\",\"breadcrumb\":{\"@id\":\"https:\\\/\\\/www.geopolitics.fr\\\/2024\\\/12\\\/06\\\/premier-voyage-dans-lue-du-chef-de-la-diplomatie-russe-depuis-le-conflit-en-lukraine\\\/#breadcrumb\"},\"inLanguage\":\"en-GB\",\"potentialAction\":[{\"@type\":\"ReadAction\",\"target\":[\"https:\\\/\\\/www.geopolitics.fr\\\/2024\\\/12\\\/06\\\/premier-voyage-dans-lue-du-chef-de-la-diplomatie-russe-depuis-le-conflit-en-lukraine\\\/\"]}]},{\"@type\":\"ImageObject\",\"inLanguage\":\"en-GB\",\"@id\":\"https:\\\/\\\/www.geopolitics.fr\\\/2024\\\/12\\\/06\\\/premier-voyage-dans-lue-du-chef-de-la-diplomatie-russe-depuis-le-conflit-en-lukraine\\\/#primaryimage\",\"url\":\"https:\\\/\\\/www.geopolitics.fr\\\/wp-content\\\/uploads\\\/2024\\\/12\\\/Serguei-Lavrov.jpg\",\"contentUrl\":\"https:\\\/\\\/www.geopolitics.fr\\\/wp-content\\\/uploads\\\/2024\\\/12\\\/Serguei-Lavrov.jpg\",\"width\":1920,\"height\":1200},{\"@type\":\"BreadcrumbList\",\"@id\":\"https:\\\/\\\/www.geopolitics.fr\\\/2024\\\/12\\\/06\\\/premier-voyage-dans-lue-du-chef-de-la-diplomatie-russe-depuis-le-conflit-en-lukraine\\\/#breadcrumb\",\"itemListElement\":[{\"@type\":\"ListItem\",\"position\":1,\"name\":\"Accueil\",\"item\":\"https:\\\/\\\/www.geopolitics.fr\\\/\"},{\"@type\":\"ListItem\",\"position\":2,\"name\":\"Premier voyage dans l&#8217;UE du chef de la diplomatie russe depuis le conflit en l&#8217;Ukraine\"}]},{\"@type\":\"WebSite\",\"@id\":\"https:\\\/\\\/www.geopolitics.fr\\\/#website\",\"url\":\"https:\\\/\\\/www.geopolitics.fr\\\/\",\"name\":\"Geopolitics.fr\",\"description\":\"Geopolitics.fr Analyse politique, relations internationales, d\u00e9fense - ligne \u00e9ditoriale gaullo-chiraquienne\",\"publisher\":{\"@id\":\"https:\\\/\\\/www.geopolitics.fr\\\/#organization\"},\"potentialAction\":[{\"@type\":\"SearchAction\",\"target\":{\"@type\":\"EntryPoint\",\"urlTemplate\":\"https:\\\/\\\/www.geopolitics.fr\\\/?s={search_term_string}\"},\"query-input\":{\"@type\":\"PropertyValueSpecification\",\"valueRequired\":true,\"valueName\":\"search_term_string\"}}],\"inLanguage\":\"en-GB\"},{\"@type\":\"Organization\",\"@id\":\"https:\\\/\\\/www.geopolitics.fr\\\/#organization\",\"name\":\"Geopolitics.fr\",\"url\":\"https:\\\/\\\/www.geopolitics.fr\\\/\",\"logo\":{\"@type\":\"ImageObject\",\"inLanguage\":\"en-GB\",\"@id\":\"https:\\\/\\\/www.geopolitics.fr\\\/#\\\/schema\\\/logo\\\/image\\\/\",\"url\":\"https:\\\/\\\/www.geopolitics.fr\\\/wp-content\\\/uploads\\\/2024\\\/01\\\/logo.jpg\",\"contentUrl\":\"https:\\\/\\\/www.geopolitics.fr\\\/wp-content\\\/uploads\\\/2024\\\/01\\\/logo.jpg\",\"width\":500,\"height\":500,\"caption\":\"Geopolitics.fr\"},\"image\":{\"@id\":\"https:\\\/\\\/www.geopolitics.fr\\\/#\\\/schema\\\/logo\\\/image\\\/\"},\"sameAs\":[\"https:\\\/\\\/www.facebook.com\\\/people\\\/Erwan-Davoux\\\/61557098968092\\\/\",\"https:\\\/\\\/x.com\\\/Geopolitics_Fr\"]},{\"@type\":\"Person\",\"@id\":\"https:\\\/\\\/www.geopolitics.fr\\\/#\\\/schema\\\/person\\\/9b98d78234af63d6ad71199d66115350\",\"name\":\"Olivier DELAGARDE\",\"image\":{\"@type\":\"ImageObject\",\"inLanguage\":\"en-GB\",\"@id\":\"https:\\\/\\\/secure.gravatar.com\\\/avatar\\\/2c50afbd303b51697d9591857ee182bf3ead572fa530da00bb0278cf506c3a97?s=96&d=mm&r=g\",\"url\":\"https:\\\/\\\/secure.gravatar.com\\\/avatar\\\/2c50afbd303b51697d9591857ee182bf3ead572fa530da00bb0278cf506c3a97?s=96&d=mm&r=g\",\"contentUrl\":\"https:\\\/\\\/secure.gravatar.com\\\/avatar\\\/2c50afbd303b51697d9591857ee182bf3ead572fa530da00bb0278cf506c3a97?s=96&d=mm&r=g\",\"caption\":\"Olivier DELAGARDE\"},\"description\":\"Journaliste depuis plus de 20 ans, accr\u00e9dit\u00e9 aupr\u00e8s de l'Organisation des Nations Unies, de la Ligue des Etats Arabes, titulaire de la Carte d'Identit\u00e9 des Journalistes Professionnels en France et de la F\u00e9d\u00e9ration Internationale des Journalistes, Olivier a occup\u00e9 le poste de Grand reporter correspondant permanent en \u00c9gypte pour des m\u00e9dias de renomm\u00e9e mondiale tels que TV5 MONDE, le GROUPE M6, le GROUPE TF1 ou encore l\u2019AFP. Durant plus de dix ann\u00e9es, il a produit de nombreux reportages sur la politique internationale en Afrique de l'Est, tout en couvrant les principaux conflits au Proche et Moyen-Orient. En tant que Chef de bureau Proche-Orient pour TV5 MONDE, il \u00e9tait responsable de la production de reportages, des relations institutionnelles et de la repr\u00e9sentation de la cha\u00eene, tout en \u00e9crivant pour plusieurs m\u00e9dias europ\u00e9ens et internationaux.\",\"sameAs\":[\"https:\\\/\\\/www.facebook.com\\\/odelagarde\",\"https:\\\/\\\/www.linkedin.com\\\/in\\\/olivier-delagarde-816b17270\\\/\"],\"url\":\"https:\\\/\\\/www.geopolitics.fr\\\/en\\\/author\\\/odelagarde\\\/\"}]}<\/script>\n<!-- \/ Yoast SEO Premium plugin. -->","yoast_head_json":{"title":"Premier voyage dans l'UE du chef de la diplomatie russe depuis le conflit en l'Ukraine | Geopolitics.fr","description":"Premier d\u00e9placement dans l'UE d'un haut dignitaire russe, Serguei Lavrov, \u00e0 l'occasion du Sommet de l'OSCE qui se tient \u00e0 Malte","robots":{"index":"index","follow":"follow","max-snippet":"max-snippet:-1","max-image-preview":"max-image-preview:large","max-video-preview":"max-video-preview:-1"},"canonical":"https:\/\/www.geopolitics.fr\/en\/2024\/12\/06\/premier-voyage-dans-lue-du-chef-de-la-diplomatie-russe-depuis-le-conflit-en-lukraine\/","og_locale":"en_GB","og_type":"article","og_title":"Premier voyage dans l'UE du chef de la diplomatie russe depuis le conflit en l'Ukraine","og_description":"Premier d\u00e9placement dans l'UE d'un haut dignitaire russe, Serguei Lavrov, \u00e0 l'occasion du Sommet de l'OSCE qui se tient \u00e0 Malte","og_url":"https:\/\/www.geopolitics.fr\/en\/2024\/12\/06\/premier-voyage-dans-lue-du-chef-de-la-diplomatie-russe-depuis-le-conflit-en-lukraine\/","og_site_name":"Geopolitics.fr","article_publisher":"https:\/\/www.facebook.com\/people\/Erwan-Davoux\/61557098968092\/","article_author":"https:\/\/www.facebook.com\/odelagarde","article_published_time":"2024-12-06T10:37:51+00:00","article_modified_time":"2024-12-06T10:37:53+00:00","og_image":[{"width":1920,"height":1200,"url":"https:\/\/www.geopolitics.fr\/wp-content\/uploads\/2024\/12\/Serguei-Lavrov.jpg","type":"image\/jpeg"}],"author":"Olivier DELAGARDE","twitter_card":"summary_large_image","twitter_creator":"@Geopolitics_Fr","twitter_site":"@Geopolitics_Fr","twitter_misc":{"Written by":"Olivier DELAGARDE","Estimated reading time":"6 minutes"},"schema":{"@context":"https:\/\/schema.org","@graph":[{"@type":"Article","@id":"https:\/\/www.geopolitics.fr\/2024\/12\/06\/premier-voyage-dans-lue-du-chef-de-la-diplomatie-russe-depuis-le-conflit-en-lukraine\/#article","isPartOf":{"@id":"https:\/\/www.geopolitics.fr\/2024\/12\/06\/premier-voyage-dans-lue-du-chef-de-la-diplomatie-russe-depuis-le-conflit-en-lukraine\/"},"author":{"name":"Olivier DELAGARDE","@id":"https:\/\/www.geopolitics.fr\/#\/schema\/person\/9b98d78234af63d6ad71199d66115350"},"headline":"Premier voyage dans l&rsquo;UE du chef de la diplomatie russe depuis le conflit en l&rsquo;Ukraine","datePublished":"2024-12-06T10:37:51+00:00","dateModified":"2024-12-06T10:37:53+00:00","mainEntityOfPage":{"@id":"https:\/\/www.geopolitics.fr\/2024\/12\/06\/premier-voyage-dans-lue-du-chef-de-la-diplomatie-russe-depuis-le-conflit-en-lukraine\/"},"wordCount":1179,"commentCount":0,"publisher":{"@id":"https:\/\/www.geopolitics.fr\/#organization"},"image":{"@id":"https:\/\/www.geopolitics.fr\/2024\/12\/06\/premier-voyage-dans-lue-du-chef-de-la-diplomatie-russe-depuis-le-conflit-en-lukraine\/#primaryimage"},"thumbnailUrl":"https:\/\/www.geopolitics.fr\/wp-content\/uploads\/2024\/12\/Serguei-Lavrov.jpg","keywords":["conflit russie ukraine","LAVROV","OSCE"],"articleSection":["Actualit\u00e9","International","Mis en AVANT"],"inLanguage":"en-GB"},{"@type":"WebPage","@id":"https:\/\/www.geopolitics.fr\/2024\/12\/06\/premier-voyage-dans-lue-du-chef-de-la-diplomatie-russe-depuis-le-conflit-en-lukraine\/","url":"https:\/\/www.geopolitics.fr\/2024\/12\/06\/premier-voyage-dans-lue-du-chef-de-la-diplomatie-russe-depuis-le-conflit-en-lukraine\/","name":"Premier voyage dans l'UE du chef de la diplomatie russe depuis le conflit en l'Ukraine | Geopolitics.fr","isPartOf":{"@id":"https:\/\/www.geopolitics.fr\/#website"},"primaryImageOfPage":{"@id":"https:\/\/www.geopolitics.fr\/2024\/12\/06\/premier-voyage-dans-lue-du-chef-de-la-diplomatie-russe-depuis-le-conflit-en-lukraine\/#primaryimage"},"image":{"@id":"https:\/\/www.geopolitics.fr\/2024\/12\/06\/premier-voyage-dans-lue-du-chef-de-la-diplomatie-russe-depuis-le-conflit-en-lukraine\/#primaryimage"},"thumbnailUrl":"https:\/\/www.geopolitics.fr\/wp-content\/uploads\/2024\/12\/Serguei-Lavrov.jpg","datePublished":"2024-12-06T10:37:51+00:00","dateModified":"2024-12-06T10:37:53+00:00","description":"Premier d\u00e9placement dans l'UE d'un haut dignitaire russe, Serguei Lavrov, \u00e0 l'occasion du Sommet de l'OSCE qui se tient \u00e0 Malte","breadcrumb":{"@id":"https:\/\/www.geopolitics.fr\/2024\/12\/06\/premier-voyage-dans-lue-du-chef-de-la-diplomatie-russe-depuis-le-conflit-en-lukraine\/#breadcrumb"},"inLanguage":"en-GB","potentialAction":[{"@type":"ReadAction","target":["https:\/\/www.geopolitics.fr\/2024\/12\/06\/premier-voyage-dans-lue-du-chef-de-la-diplomatie-russe-depuis-le-conflit-en-lukraine\/"]}]},{"@type":"ImageObject","inLanguage":"en-GB","@id":"https:\/\/www.geopolitics.fr\/2024\/12\/06\/premier-voyage-dans-lue-du-chef-de-la-diplomatie-russe-depuis-le-conflit-en-lukraine\/#primaryimage","url":"https:\/\/www.geopolitics.fr\/wp-content\/uploads\/2024\/12\/Serguei-Lavrov.jpg","contentUrl":"https:\/\/www.geopolitics.fr\/wp-content\/uploads\/2024\/12\/Serguei-Lavrov.jpg","width":1920,"height":1200},{"@type":"BreadcrumbList","@id":"https:\/\/www.geopolitics.fr\/2024\/12\/06\/premier-voyage-dans-lue-du-chef-de-la-diplomatie-russe-depuis-le-conflit-en-lukraine\/#breadcrumb","itemListElement":[{"@type":"ListItem","position":1,"name":"Accueil","item":"https:\/\/www.geopolitics.fr\/"},{"@type":"ListItem","position":2,"name":"Premier voyage dans l&#8217;UE du chef de la diplomatie russe depuis le conflit en l&#8217;Ukraine"}]},{"@type":"WebSite","@id":"https:\/\/www.geopolitics.fr\/#website","url":"https:\/\/www.geopolitics.fr\/","name":"Geopolitics.fr","description":"Geopolitics.fr Analyse politique, relations internationales, d\u00e9fense - ligne \u00e9ditoriale gaullo-chiraquienne","publisher":{"@id":"https:\/\/www.geopolitics.fr\/#organization"},"potentialAction":[{"@type":"SearchAction","target":{"@type":"EntryPoint","urlTemplate":"https:\/\/www.geopolitics.fr\/?s={search_term_string}"},"query-input":{"@type":"PropertyValueSpecification","valueRequired":true,"valueName":"search_term_string"}}],"inLanguage":"en-GB"},{"@type":"Organization","@id":"https:\/\/www.geopolitics.fr\/#organization","name":"Geopolitics.fr","url":"https:\/\/www.geopolitics.fr\/","logo":{"@type":"ImageObject","inLanguage":"en-GB","@id":"https:\/\/www.geopolitics.fr\/#\/schema\/logo\/image\/","url":"https:\/\/www.geopolitics.fr\/wp-content\/uploads\/2024\/01\/logo.jpg","contentUrl":"https:\/\/www.geopolitics.fr\/wp-content\/uploads\/2024\/01\/logo.jpg","width":500,"height":500,"caption":"Geopolitics.fr"},"image":{"@id":"https:\/\/www.geopolitics.fr\/#\/schema\/logo\/image\/"},"sameAs":["https:\/\/www.facebook.com\/people\/Erwan-Davoux\/61557098968092\/","https:\/\/x.com\/Geopolitics_Fr"]},{"@type":"Person","@id":"https:\/\/www.geopolitics.fr\/#\/schema\/person\/9b98d78234af63d6ad71199d66115350","name":"Olivier DELAGARDE","image":{"@type":"ImageObject","inLanguage":"en-GB","@id":"https:\/\/secure.gravatar.com\/avatar\/2c50afbd303b51697d9591857ee182bf3ead572fa530da00bb0278cf506c3a97?s=96&d=mm&r=g","url":"https:\/\/secure.gravatar.com\/avatar\/2c50afbd303b51697d9591857ee182bf3ead572fa530da00bb0278cf506c3a97?s=96&d=mm&r=g","contentUrl":"https:\/\/secure.gravatar.com\/avatar\/2c50afbd303b51697d9591857ee182bf3ead572fa530da00bb0278cf506c3a97?s=96&d=mm&r=g","caption":"Olivier DELAGARDE"},"description":"Journaliste depuis plus de 20 ans, accr\u00e9dit\u00e9 aupr\u00e8s de l'Organisation des Nations Unies, de la Ligue des Etats Arabes, titulaire de la Carte d'Identit\u00e9 des Journalistes Professionnels en France et de la F\u00e9d\u00e9ration Internationale des Journalistes, Olivier a occup\u00e9 le poste de Grand reporter correspondant permanent en \u00c9gypte pour des m\u00e9dias de renomm\u00e9e mondiale tels que TV5 MONDE, le GROUPE M6, le GROUPE TF1 ou encore l\u2019AFP. Durant plus de dix ann\u00e9es, il a produit de nombreux reportages sur la politique internationale en Afrique de l'Est, tout en couvrant les principaux conflits au Proche et Moyen-Orient. En tant que Chef de bureau Proche-Orient pour TV5 MONDE, il \u00e9tait responsable de la production de reportages, des relations institutionnelles et de la repr\u00e9sentation de la cha\u00eene, tout en \u00e9crivant pour plusieurs m\u00e9dias europ\u00e9ens et internationaux.","sameAs":["https:\/\/www.facebook.com\/odelagarde","https:\/\/www.linkedin.com\/in\/olivier-delagarde-816b17270\/"],"url":"https:\/\/www.geopolitics.fr\/en\/author\/odelagarde\/"}]}},"_links":{"self":[{"href":"https:\/\/www.geopolitics.fr\/en\/wp-json\/wp\/v2\/posts\/3230","targetHints":{"allow":["GET"]}}],"collection":[{"href":"https:\/\/www.geopolitics.fr\/en\/wp-json\/wp\/v2\/posts"}],"about":[{"href":"https:\/\/www.geopolitics.fr\/en\/wp-json\/wp\/v2\/types\/post"}],"author":[{"embeddable":true,"href":"https:\/\/www.geopolitics.fr\/en\/wp-json\/wp\/v2\/users\/93"}],"replies":[{"embeddable":true,"href":"https:\/\/www.geopolitics.fr\/en\/wp-json\/wp\/v2\/comments?post=3230"}],"version-history":[{"count":0,"href":"https:\/\/www.geopolitics.fr\/en\/wp-json\/wp\/v2\/posts\/3230\/revisions"}],"wp:featuredmedia":[{"embeddable":true,"href":"https:\/\/www.geopolitics.fr\/en\/wp-json\/wp\/v2\/media\/3231"}],"wp:attachment":[{"href":"https:\/\/www.geopolitics.fr\/en\/wp-json\/wp\/v2\/media?parent=3230"}],"wp:term":[{"taxonomy":"category","embeddable":true,"href":"https:\/\/www.geopolitics.fr\/en\/wp-json\/wp\/v2\/categories?post=3230"},{"taxonomy":"post_tag","embeddable":true,"href":"https:\/\/www.geopolitics.fr\/en\/wp-json\/wp\/v2\/tags?post=3230"}],"curies":[{"name":"wp","href":"https:\/\/api.w.org\/{rel}","templated":true}]}}