{"id":3223,"date":"2024-12-05T17:00:00","date_gmt":"2024-12-05T16:00:00","guid":{"rendered":"https:\/\/www.geopolitics.fr\/?p=3223"},"modified":"2024-12-05T11:33:51","modified_gmt":"2024-12-05T10:33:51","slug":"enquete-crise-en-haiti-loin-des-yeux-loin-du-coeur-de-la-communaute-internationale","status":"publish","type":"post","link":"https:\/\/www.geopolitics.fr\/en\/2024\/12\/05\/enquete-crise-en-haiti-loin-des-yeux-loin-du-coeur-de-la-communaute-internationale\/","title":{"rendered":"[Enqu\u00eate] Crise en Ha\u00efti : loin des yeux, loin du c\u0153ur de la communaut\u00e9 internationale"},"content":{"rendered":"<p class=\"has-medium-font-size wp-block-paragraph\"><em>Plus de 20.000<\/em><em>\u202fpersonnes ont <\/em><em>\u00e9t<\/em><em>\u00e9 d<\/em><em>\u00e9plac<\/em><em>\u00e9es dans la capitale ha<\/em><em>\u00eftienne Port-au-Prince en seulement quatre jours, alors que la violence des gangs s<\/em><em>\u2019intensifie, tente d\u2019alerter l<\/em><em>\u2019Organisation internationale pour les migrations (OIM) dans un r\u00e9cent communiqu\u00e9. L\u2019ONU de son c\u00f4t\u00e9, exhorte la communaut\u00e9 internationale \u00e0 ne pas d\u00e9tourner le regard.<\/em><\/p>\n\n\n\n<p class=\"has-medium-font-size wp-block-paragraph\"><strong>\u00ab&nbsp;<em>La crise emp\u00eache les cha\u00eenes d\u2019approvisionnement essentielles et isole la<\/em> ville&nbsp;\u00bb, alerte l\u2019OIM dans un communiqu\u00e9 de presse publi\u00e9 vendredi dernier.<\/strong><\/p>\n\n\n\n<p class=\"has-medium-font-size wp-block-paragraph\">Ces milliers d\u2019ha\u00eftiens sont d\u00e9sormais confront\u00e9s \u00e0 de multiples d\u00e9placements, forc\u00e9s \u00e0 fuir l\u2019escalade et la permanence des violences en laissant derri\u00e8re eux le peu qu\u2019ils avaient r\u00e9ussi \u00e0 b\u00e2tir. Une telle ampleur de d\u00e9placement n\u2019a pas \u00e9t\u00e9 observ\u00e9e depuis l\u2019embrasement du pays en ao\u00fbt 2023.<\/p>\n\n\n\n<h2 class=\"wp-block-heading\" id=\"h-un-trafic-aerien-civil-a-l-arret\"><strong>Un trafic a\u00e9rien civil \u00e0 l\u2019arr\u00eat<\/strong><\/h2>\n\n\n\n<p class=\"has-medium-font-size wp-block-paragraph\">La fermeture du trafic a\u00e9rien cons\u00e9cutive aux tirs cibl\u00e9s sur trois avions commerciaux survolant Port-au-Prince, assorti d\u2019un acc\u00e8s restreint au principal port maritime du pays, les routes peu s\u00fbres contr\u00f4l\u00e9es par des groupes arm\u00e9s, ont laiss\u00e9 <strong>la zone m\u00e9tropolitaine dans un \u00e9tat de paralysie quasi-totale, aggravant les conditions de vie de populations d\u00e9j\u00e0 naturellement en situation de grande vuln\u00e9rabilit\u00e9 \u00e9conomique.<\/strong><\/p>\n\n\n\n<p class=\"has-medium-font-size wp-block-paragraph\">L\u2019OIM note dans son alerte \u00e0 l\u2019endroit de la communaut\u00e9 internationale, \u00ab&nbsp;que les groupes criminels de la capitale poursuivent leur expansion, prenant le contr\u00f4le de nouveaux quartiers et isolant davantage les communaut\u00e9s&nbsp;\u00bb. <strong>Les factions mafieuses autrefois rivales qui s\u2019affrontaient dans des conflits territoriaux, ont dor\u00e9navant uni leurs forces tant en formant des alliances de circonstance visant \u00e0 une confrontation de plus en plus violente \u00e0 l\u2019encontre des forces de s\u00e9curit\u00e9s nationales.<\/strong> <strong>Ces m\u00eames forces confront\u00e9es \u00e0 un manque de ressources humaines et mat\u00e9rielles, restent totalement d\u00e9bord\u00e9es en tentant de faire face \u00e0 l\u2019escalade des violences urbaines.<\/strong><\/p>\n\n\n\n<p class=\"has-medium-font-size wp-block-paragraph\">Selon le Haut-Commissariat des Nations Unies aux droits de l\u2019homme, les confrontations li\u00e9es aux gangs ont fait pr\u00e8s de 4.000\u202fvictimes en 2024. Les atteintes bas\u00e9es sur le genre, y compris la violence sexuelle utilis\u00e9e comme arme de terreur, a atteint des niveaux alarmants. <strong>Les femmes et les enfants sont touch<\/strong><strong>\u00e9s de mani<\/strong><strong>\u00e8re disproportionn<\/strong><strong>\u00e9e, 94<\/strong><strong>\u202f% des femmes et des filles d<\/strong><strong>\u00e9plac<\/strong><strong>\u00e9es <\/strong><strong>\u00e9tant expos<\/strong><strong>\u00e9es <\/strong><strong>\u00e0 un risque <\/strong><strong>d\u2019exactions in\u00e9gal\u00e9.<\/strong><\/p>\n\n\n\n<p class=\"has-medium-font-size wp-block-paragraph\">\u00ab\u2009<em>L<\/em><em>\u2019isolement de Port-au-Prince amplifie une situation humanitaire d<\/em><em>\u00e9j<\/em><em>\u00e0 d<\/em><em>\u00e9sastreuse<\/em><em>\u2009<\/em><em>\u00bb,<\/em> a d\u00e9clar\u00e9 Gr\u00e9goire Goodstein, Chef de mission de l\u2019OIM en Ha\u00efti. \u00ab\u2009<em>Notre capacit<\/em><em>\u00e9 <\/em><em>\u00e0 fournir de l<\/em><em>\u2019aide est <\/em><em>\u00e0 la limite de ses possibilit<\/em><em>\u00e9s. Sans une aide internationale imm<\/em><em>\u00e9diate, les souffrances s<\/em><em>\u2019aggraveront de mani<\/em><em>\u00e8re exponentielle. Avec seulement 20<\/em><em>\u202f% de Port-au-Prince accessible, les travailleurs humanitaires font face <\/em><em>\u00e0 d<\/em><em>\u2019immenses d<\/em><em>\u00e9fis pour atteindre les populations affect<\/em><em>\u00e9es<\/em>\u2009\u00bb., poursuit-il.<\/p>\n\n\n\n<h2 class=\"wp-block-heading\" id=\"h-dans-un-climat-de-haute-insecurite-des-humanitaires-tres-exposes\"><strong>Dans un climat de haute ins\u00e9curit\u00e9, des humanitaires tr\u00e8s expos\u00e9s<\/strong><\/h2>\n\n\n\n<p class=\"has-medium-font-size wp-block-paragraph\">Malgr\u00e9 ces difficult\u00e9s s\u00e9curitaires locales et au-del\u00e0 de la multiplication des conflits mondiaux, l\u2019OIM et ses partenaires restent d\u00e9termin\u00e9s \u00e0 fournir une aide vitale aux populations ha\u00eftiennes. L\u2019agence onusienne assiste notamment activement les personnes d\u00e9plac\u00e9es en leur fournissant des allocations de logement, ainsi qu\u2019en d\u00e9ployant des cliniques mobiles afin de tenter de garantir des soins m\u00e9dicaux de base, des m\u00e9dicaments et des services de protection tels que le soutien psychosocial, ou bien encore la r\u00e9unification des familles et l\u2019aide aux survivants de la violence bas\u00e9e sur le genre.<\/p>\n\n\n\n<p class=\"has-medium-font-size wp-block-paragraph\"><strong>Ainsi dans un silence assourdissant de la communaut\u00e9 internationale, l\u2019OIM continue en Ha\u00efti de coordonner la gestion des sites et l\u2019acheminement de l\u2019eau par camion au profit des personnes d\u00e9plac\u00e9es<\/strong>. De nombres autres op\u00e9rations dans le reste du pays se poursuivent, y compris le soutien aux migrants reconduits \u00e0 la fronti\u00e8re, la r\u00e9habilitation des centres de protection des migrants, et divers projets de stabilisation des communaut\u00e9s. Mais tout cela co\u00fbte cher.<\/p>\n\n\n\n<p class=\"has-medium-font-size wp-block-paragraph\">L\u2019OIM souligne \u00ab&nbsp;l\u2019importance cruciale du respect des principes humanitaires dans un contexte d\u2019escalade de la crise&nbsp;\u00bb, en Ha\u00efti aussi&nbsp;! <strong>Evidemment, il est primordial d\u2019assurer la s\u00e9curit\u00e9 du personnel humanitaire et des civils engag\u00e9s. A qui veut bien l\u2019entendre, notamment par les voies diplomatiques par devant le Conseil de s\u00e9curit\u00e9 des Nations Unies, l\u2019agence onusienne demande \u00ab&nbsp;\u00e0 tous de respecter la neutralit\u00e9 et l\u2019impartialit\u00e9 des op\u00e9rations humanitaires, en permettant un acc\u00e8s sans entrave aux personnes dans le besoin tout en pr\u00e9servant l\u2019int\u00e9grit\u00e9 de l\u2019aide humanitaire&nbsp;\u00bb.<\/strong> Une bouteille \u00e0 la mer&nbsp;?<\/p>\n\n\n\n<p class=\"has-medium-font-size wp-block-paragraph\">Nerf de la guerre, l\u2019OIM appelle \u00e9galement dans son plaidoyer \u00e0 augmenter d\u2019urgence le financement et le soutien des op\u00e9rations humanitaires en Ha\u00efti. Alors qu\u2019en novembre, le plan de r\u00e9ponse des Nations Unies d\u2019un montant de 674\u202fmillions de dollars, n\u2019\u00e9tait financ\u00e9 qu\u2019\u00e0 hauteur de 42\u202f% par les Etats membres&nbsp;!<\/p>\n\n\n\n<h2 class=\"wp-block-heading\" id=\"h-en-un-an-le-nombre-d-enfants-recrutes-par-des-groupes-armes-a-augmente-de-70\"><strong>En un an, le nombre d\u2019enfants recrut\u00e9s par des groupes arm\u00e9s a augment\u00e9 de 70 %<\/strong><\/h2>\n\n\n\n<p class=\"has-medium-font-size wp-block-paragraph\">Une hausse sans pr\u00e9c\u00e9dent, qui t\u00e9moigne d\u2019une aggravation de la crise en mati\u00e8re de protection de l\u2019enfance observ\u00e9e dans ce pays des Cara\u00efbes, ravag\u00e9 par la violence d\u00e9crite plus haut.<\/p>\n\n\n\n<p class=\"has-medium-font-size wp-block-paragraph\"><strong>\u00c0 l\u2019heure o\u00f9 <em>GEOpolitics.fr<\/em> se fait l\u2019\u00e9cho de ce bout du monde oubli\u00e9, les enfants constituent jusqu\u2019\u00e0 la moiti\u00e9 des effectifs des groupes arm\u00e9s en puissance !<\/strong><\/p>\n\n\n\n<p class=\"has-medium-font-size wp-block-paragraph\">Interrog\u00e9e par notre r\u00e9daction, la Directrice g\u00e9n\u00e9rale de l\u2019UNICEF et D\u00e9fenseure principale de la situation humanitaire en Ha\u00efti au sein du Comit\u00e9 permanent inter organisations <strong>Catherine Russell, nous r\u00e9pond&nbsp;: \u00ab <em>Pris dans un cercle vicieux, les enfants en Ha\u00efti sont de plus en plus nombreux \u00e0 rejoindre les groupes arm\u00e9s directement responsables de la situation d\u00e9sesp\u00e9r\u00e9e dans laquelle ils se trouvent <\/em>\u00bb.<\/strong><\/p>\n\n\n\n<p class=\"has-medium-font-size wp-block-paragraph\">En effet, le recrutement des enfants au sein des groupes arm\u00e9s s\u2019est acc\u00e9l\u00e9r\u00e9 sous l\u2019effet de l\u2019intensification des affrontements, de la pauvret\u00e9 g\u00e9n\u00e9ralis\u00e9e, <strong>de l\u2019absence d\u2019\u00e9ducation et du quasi-effondrement des infrastructures et des services sociaux essentiels en Ha\u00efti.<\/strong><\/p>\n\n\n\n<p class=\"has-medium-font-size wp-block-paragraph\">Pour une poign\u00e9e de dollars, les enfants sont bien souvent contraints d\u2019int\u00e9grer des groupes arm\u00e9s afin de subvenir aux besoins de leurs familles, ou bien encore par crainte pour leur propre s\u00e9curit\u00e9. Bon nombre d\u2019entre eux sont ainsi enr\u00f4l\u00e9s apr\u00e8s avoir \u00e9t\u00e9 s\u00e9par\u00e9s des personnes cens\u00e9es s\u2019occuper d\u2019eux, \u00e0 d\u00e9faut d\u2019autres solutions de survie ou encore de b\u00e9n\u00e9ficier d\u2019une pseudo protection.<\/p>\n\n\n\n<p class=\"has-medium-font-size wp-block-paragraph\">\u00ab <em>Il est imp\u00e9ratif d\u2019inverser cette tendance inacceptable en veillant \u00e0 ce que toutes les parties hissent la s\u00e9curit\u00e9 et le bien-\u00eatre des enfants au rang des priorit\u00e9s<\/em> \u00bb, ajoute Catherine Russell.<\/p>\n\n\n\n<p class=\"has-medium-font-size wp-block-paragraph\">Dans le m\u00eame temps, les enfants survivants dans les rares zones \u00e9chappant encore au contr\u00f4le des groupes arm\u00e9s, \u00e9veillent fr\u00e9quemment les soup\u00e7ons et encourent alors le risque d\u2019\u00eatre consid\u00e9r\u00e9s comme des espions, voire d\u2019\u00eatre tu\u00e9s par des mouvements d\u2019autod\u00e9fense.<\/p>\n\n\n\n<p class=\"has-medium-font-size wp-block-paragraph\">En cas de d\u00e9fection ou de refus de participer aux actes de violence devenus tristement ordinaires, leur vie et leur s\u00e9curit\u00e9 sont imm\u00e9diatement menac\u00e9es.<\/p>\n\n\n\n<p class=\"has-medium-font-size wp-block-paragraph\">\u00ab <strong><em>Dans de nombreuses r\u00e9gions du pays, les enfants sont victimes d\u2019atrocit\u00e9s qu\u2019aucun d\u2019eux ne devrait conna\u00eetre et dont ils risquent de garder des s\u00e9quelles psychologiques et \u00e9motionnelles ind\u00e9l\u00e9biles \u00bb, <\/em>explique Catherine Russell<em>.<\/em><\/strong><em> \u00ab Le chaos et l\u2019horreur font partie int\u00e9grante de leur vie quotidienne dans l\u2019indiff\u00e9rence g\u00e9n\u00e9rale<\/em> \u00bb, ajoute-t-elle.<\/p>\n\n\n\n<p class=\"has-medium-font-size wp-block-paragraph\">Dans la capitale Port-au-Prince, l\u2019on estime qu\u20191,2 million d\u2019enfants vivent sous le spectre de la violence arm\u00e9e. Selon ces estimations difficiles \u00e0 quantifier, 25 % des 703.000 personnes d\u00e9plac\u00e9es \u00e0 l\u2019int\u00e9rieur du pays (NDLR&nbsp;: parmi lesquelles on recense 365.000 enfants), se trouvent actuellement dans des bidonvilles \u00e9pars de la capitale, d\u2019o\u00f9 elles doivent faire face \u00e0 des conditions de vie extr\u00eamement difficiles, ainsi bien s\u00fbr qu\u2019\u00e0 diverses menaces quotidiennes d\u2019intimidations.<\/p>\n\n\n\n<p class=\"has-medium-font-size wp-block-paragraph\">C&rsquo;est ce message brutal qu\u2019ont re\u00e7u, lors d&rsquo;une session sp\u00e9ciale organis\u00e9e ce lundi par le Conseil \u00e9conomique et social des Nations Unies (ECOSOC), les Ambassadeurs des Nations, des fonctionnaires de l&rsquo;ONU, des responsables humanitaires et de ce qu\u2019il reste de responsables politiques Ha\u00eftiens, rappelant ainsi la situation d\u00e9sastreuse faisant office de r\u00e8gne en Ha\u00efti, appelant \u00e0 une action imm\u00e9diate des Etats membres.<\/p>\n\n\n\n<p class=\"has-medium-font-size wp-block-paragraph\">Avec pr\u00e8s de 5,4 millions de personnes confront\u00e9es \u00e0 une ins\u00e9curit\u00e9 alimentaire patente (NDLR&nbsp;: la moiti\u00e9 de la population, dont la moiti\u00e9 sont des enfants) et 700.000 personnes d\u00e9plac\u00e9es, une intervention internationale urgente est plus que n\u00e9cessaire afin de faire face \u00e0 une crise aggrav\u00e9e par la violence montante et sans limites des groupes arm\u00e9s, l&rsquo;instabilit\u00e9 \u00e9conomique et l&rsquo;insuffisance des fonds humanitaires alors que le \u00ab&nbsp;monde regarde ailleurs&nbsp;\u00bb.<\/p>\n\n\n\n<h2 class=\"wp-block-heading\" id=\"h-pourquoi-est-il-plus-facile-pour-un-jeune-d-obtenir-un-fusil-qu-un-repas-en-haiti\"><strong>\u00ab Pourquoi est-il plus facile pour un jeune d\u2019obtenir un fusil qu\u2019un repas en Ha\u00efti ? \u00bb<\/strong><\/h2>\n\n\n\n<p class=\"has-medium-font-size wp-block-paragraph\">En donnant le coup d\u2019envoi de cette assembl\u00e9e extraordinaire, le diplomate canadien et actuel Pr\u00e9sident de l\u2019ECOSOC Bob Rae, a tenu \u00e0 t\u00e9moigner des propos tenus par un jeune ha\u00eftien \u00e2g\u00e9 de 17 ans qui survie Cit\u00e9 Soleil, l\u2019un des quartiers les plus durement touch\u00e9s par la violence des gangs dans la capitale du pays, \u00e0 qui on avait demand\u00e9 d\u2019envoyer un message \u00e0 la conf\u00e9rence.<\/p>\n\n\n\n<p class=\"has-medium-font-size wp-block-paragraph\"><strong>Ainsi ce jeune a-t-il r\u00e9pondu en posant simplement une question : \u00ab&nbsp;<em>Pourquoi est-il plus facile pour un jeune d\u2019obtenir un fusil qu\u2019un repas en Ha\u00efti ?<\/em> \u00bb. Il appara\u00eet comme bien \u00e9vident de r\u00e9fl\u00e9chir \u00e0 cette question, que trop peu de journalistes et autres analystes internationaux se posent&nbsp;!<\/strong><\/p>\n\n\n\n<p class=\"has-medium-font-size wp-block-paragraph\">\u00ab <em>Que faut-il faire maintenant pour donner la priorit\u00e9 aux besoins des enfants, aux besoins des jeunes ? Sur quoi devant nous travailler \u00e0 moyen et \u00e0 long terme pour nous attaquer aux causes profondes de la crise ha\u00eftienne ? Comment d\u00e9ployer tous ces outils et toutes ces ressources dont nous disposons collectivement pour soutenir la prochaine g\u00e9n\u00e9ration en Ha\u00efti afin qu&rsquo;elle puisse vivre une vie digne, sans violence, sans pauvret\u00e9 et sans discrimination ?&nbsp; Comment pouvons-nous assurer la coordination de notre soutien aux efforts ha\u00eftiens visant \u00e0 promouvoir la s\u00e9curit\u00e9, la stabilit\u00e9 et la prosp\u00e9rit\u00e9 en Ha\u00efti ?<\/em> \u00bb, a lanc\u00e9 en forme de tentative de r\u00e9ponse, le diplomate en ouvrant les travaux de cette hypoth\u00e9tique conf\u00e9rence.<\/p>\n\n\n\n<h2 class=\"wp-block-heading\" id=\"h-en-une-annee-dix-fois-plus-d-enfants-exposes-a-la-violence-sexuelle\"><strong>En une ann\u00e9e, dix fois plus d\u2019enfants expos\u00e9s \u00e0 la violence sexuelle<\/strong><\/h2>\n\n\n\n<p class=\"has-medium-font-size wp-block-paragraph\">Ha\u00efti fait de surcro\u00eet face une recrudescence d\u2019agressions sexuelles et de viols perp\u00e9tr\u00e9e sur les mineurs. <strong>Dans le cours de cette enqu\u00eate de <em>GEOpolitics.fr <\/em>par ailleurs assidu des bruissements de tapis et autres bureaux onusiens<em>,<\/em> et en consultant le \u00ab&nbsp;Bureau de la Repr\u00e9sentante sp\u00e9ciale du Secr\u00e9taire g\u00e9n\u00e9ral pour la question des enfants et des conflits arm\u00e9s&nbsp;\u00bb, il s\u2019est av\u00e9r\u00e9 que le nombre d\u2019enfants expos\u00e9s \u00e0 la violence sexuelle a \u00e9t\u00e9 multipli\u00e9 par dix au cours de cette seule ann\u00e9e, tous conflits confondus&nbsp;!<\/strong><\/p>\n\n\n\n<p class=\"has-medium-font-size wp-block-paragraph\">Ainsi en 2024, l\u2019UNICEF (NDLR&nbsp;: organisation et agence des Nations Unies) a fourni une assistance et un accompagnement en rapport avec la violence sexuelle et celle li\u00e9e au genre (prise en charge multisectorielle, soutien psychosocial, sensibilisation communautaire, entre autres) \u00e0 plus de 25.000 personnes.<\/p>\n\n\n\n<p class=\"has-medium-font-size wp-block-paragraph\">En r\u00e9ponse \u00e0 la crise en mati\u00e8re de protection \u00e0 laquelle sont confront\u00e9s les enfants recrut\u00e9s par des groupes arm\u00e9s en Ha\u00efti (ou risquant de l\u2019\u00eatre), l\u2019UNICEF a notamment dispens\u00e9 une formation \u00e0 l\u2019intention des forces de s\u00e9curit\u00e9 gouvernementales et des organisations de la soci\u00e9t\u00e9 civile, sur les mesures \u00e0 prendre pour prot\u00e9ger les enfants et ainsi tenter de sauvegarder leurs droits les plus \u00e9l\u00e9mentaires.<\/p>\n\n\n\n<p class=\"has-medium-font-size wp-block-paragraph\">L\u2019agence onusienne a par ailleurs assur\u00e9 la prise en charge temporaire d\u2019enfants pr\u00e9c\u00e9demment enr\u00f4l\u00e9s dans des groupes arm\u00e9s, en leur procurant un soutien psychosocial, de la nourriture ainsi que des services visant \u00e0 rechercher leurs familles afin de r\u00e9unir ces derni\u00e8res.<\/p>\n\n\n\n<p class=\"has-medium-font-size wp-block-paragraph\"><strong>Dans sa r\u00e9ponse \u00e0 <em>GEOpolitics.fr<\/em>, l\u2019UNICEF exhorte toutes les parties en Ha\u00efti, y compris les forces de s\u00e9curit\u00e9 et le Gouvernement, \u00e0&nbsp;:<\/strong><\/p>\n\n\n\n<ul class=\"wp-block-list\">\n<li class=\"has-medium-font-size\"><em>Garantir en priorit\u00e9 la s\u00e9curit\u00e9 et la protection de tous les enfants, et \u00e0 veiller \u00e0 ce que ces derniers soient trait\u00e9s avant tout comme des enfants, en prenant toutes les mesures n\u00e9cessaires pour \u00e9viter que d\u2019autres enfants, y compris ceux recrut\u00e9s par des groupes arm\u00e9s, ne soient tu\u00e9s ou bless\u00e9s\u00a0;<\/em><\/li>\n\n\n\n<li class=\"has-medium-font-size\"><em>Appuyer la lib\u00e9ration imm\u00e9diate des enfants recrut\u00e9s par des groupes arm\u00e9s, lesquels devront \u00eatre confi\u00e9s sans attendre \u00e0 des acteurs civils de la protection de l\u2019enfance en vue de leur r\u00e9tablissement et de leur r\u00e9int\u00e9gration\u00a0;<\/em><\/li>\n\n\n\n<li class=\"has-medium-font-size\"><em>Placer les droits et la protection de tous les enfants en Ha\u00efti au c\u0153ur des programmes d\u2019action actuels et futurs. Il est imp\u00e9ratif de prot\u00e9ger les enfants des tentatives de recrutement et de la violence, qu\u2019elle soit sexuelle ou de toute autre nature, et de faire en sorte que ces derniers aient acc\u00e8s aux services de base, notamment en mati\u00e8re d\u2019\u00e9ducation, de sant\u00e9, de nutrition et de protection de l\u2019enfance.<\/em><\/li>\n<\/ul>\n\n\n\n<h2 class=\"wp-block-heading\" id=\"h-un-appel-a-la-solidarite-internationale-a-cet-endroit-du-monde-aussi\"><strong>Un appel \u00e0 la solidarit\u00e9 internationale, \u00e0 cet endroit du monde aussi<\/strong><\/h2>\n\n\n\n<p class=\"has-medium-font-size wp-block-paragraph\">Bien entendu, les intervenants de cette session extraordinaire de l&rsquo;ECOSOC n\u2019ont pas manqu\u00e9 de souligner la n\u00e9cessit\u00e9 d&rsquo;une action coordonn\u00e9e internationale imm\u00e9diate afin de combler les d\u00e9ficits de financement notamment, visant \u00e0 prot\u00e9ger les enfants ha\u00eftiens de toutes formes d&rsquo;exploitation et afin de reconstruire les services essentiels \u00e0 la population. Dont acte.<\/p>\n\n\n\n<p class=\"has-medium-font-size wp-block-paragraph\">La repr\u00e9sentante sp\u00e9ciale du Secr\u00e9taire g\u00e9n\u00e9ral pour Ha\u00efti Maria Isabel Salvador, qui dirige \u00e9galement le Bureau int\u00e9gr\u00e9 des Nations Unies en Ha\u00efti (BINUH), a de son c\u00f4t\u00e9 exhort\u00e9 la communaut\u00e9 internationale \u00e0 s&rsquo;attaquer aux causes profondes de la crise r\u00e9gionale : \u00ab <em>Les d\u00e9fis auxquels Ha\u00efti est confront\u00e9 sont immenses, mais une v\u00e9rit\u00e9 est ind\u00e9niable : aucun progr\u00e8s ne peut \u00eatre r\u00e9alis\u00e9 sans s&rsquo;attaquer \u00e0 l&rsquo;ins\u00e9curit\u00e9 omnipr\u00e9sente caus\u00e9e par les gangs arm\u00e9s <\/em>\u00bb.<\/p>\n\n\n\n<p class=\"has-medium-font-size wp-block-paragraph\">L&rsquo;UNICEF et \u00e0 l\u2019unisson d&rsquo;autres repr\u00e9sentants d\u2019organisations humanitaires, ont \u00e9galement demand\u00e9 \u00e0 la Mission multinationale d&rsquo;appui \u00e0 la s\u00e9curit\u00e9 (MSS), organisation soutenue par le Conseil de s\u00e9curit\u00e9 des Nations Unies, ainsi qu\u2019aux autorit\u00e9s ha\u00eftiennes, de donner la priorit\u00e9 \u00e0 la protection des mineurs durant les op\u00e9rations, en assurant une r\u00e9int\u00e9gration en toute s\u00e9curit\u00e9 des enfants recrut\u00e9s par les groupes arm\u00e9s.<\/p>\n\n\n\n<p class=\"has-medium-font-size wp-block-paragraph\">Finalisant cette enqu\u00eate, votre serviteur de <em>GEOpolitics <\/em>a tent\u00e9 d\u2019interroger le sacro-saint Quai d\u2019Orsay fran\u00e7ais sur cette question. En cette p\u00e9riode nationale fort troubl\u00e9e, ce dernier n\u2019a pas encore donn\u00e9 suite sur la position fran\u00e7aise \u00e0 l\u2019\u00e9gard d\u2019Ha\u00efti, \u00e0 l\u2019heure o\u00f9 nous publions ce sujet.<\/p>","protected":false},"excerpt":{"rendered":"<p>Plus de 20.000\u202fpersonnes ont \u00e9t\u00e9 d\u00e9plac\u00e9es dans la capitale ha\u00eftienne Port-au-Prince en seulement quatre jours, alors que la violence des gangs s\u2019intensifie,&hellip;<\/p>","protected":false},"author":93,"featured_media":3224,"comment_status":"open","ping_status":"open","sticky":false,"template":"","format":"standard","meta":{"_lmt_disableupdate":"","_lmt_disable":"","footnotes":""},"categories":[5,4],"tags":[],"class_list":["post-3223","post","type-post","status-publish","format-standard","has-post-thumbnail","hentry","category-international","category-mis-en-avant"],"yoast_head":"<!-- This site is optimized with the Yoast SEO Premium plugin v28.1 (Yoast SEO v28.1) - https:\/\/yoast.com\/product\/yoast-seo-premium-wordpress\/ -->\n<title>[Enqu\u00eate] Crise en Ha\u00efti : loin des yeux, loin du c\u0153ur de la communaut\u00e9 internationale | Geopolitics.fr<\/title>\n<meta name=\"description\" content=\"Ha\u00efti sombre dans le chaos complet, les enfants sont particuli\u00e8rement expos\u00e9s, dans l&#039;indiff\u00e9rence de la communaut\u00e9 internationale\" \/>\n<meta name=\"robots\" content=\"index, follow, max-snippet:-1, max-image-preview:large, max-video-preview:-1\" \/>\n<link rel=\"canonical\" href=\"https:\/\/www.geopolitics.fr\/en\/2024\/12\/05\/enquete-crise-en-haiti-loin-des-yeux-loin-du-coeur-de-la-communaute-internationale\/\" \/>\n<meta property=\"og:locale\" content=\"en_GB\" \/>\n<meta property=\"og:type\" content=\"article\" \/>\n<meta property=\"og:title\" content=\"[Enqu\u00eate] Crise en Ha\u00efti : loin des yeux, loin du c\u0153ur de la communaut\u00e9 internationale\" \/>\n<meta property=\"og:description\" content=\"Ha\u00efti sombre dans le chaos complet, les enfants sont particuli\u00e8rement expos\u00e9s, dans l&#039;indiff\u00e9rence de la communaut\u00e9 internationale\" \/>\n<meta property=\"og:url\" content=\"https:\/\/www.geopolitics.fr\/en\/2024\/12\/05\/enquete-crise-en-haiti-loin-des-yeux-loin-du-coeur-de-la-communaute-internationale\/\" \/>\n<meta property=\"og:site_name\" content=\"Geopolitics.fr\" \/>\n<meta property=\"article:publisher\" content=\"https:\/\/www.facebook.com\/people\/Erwan-Davoux\/61557098968092\/\" \/>\n<meta property=\"article:author\" content=\"https:\/\/www.facebook.com\/odelagarde\" \/>\n<meta property=\"article:published_time\" content=\"2024-12-05T16:00:00+00:00\" \/>\n<meta property=\"og:image\" content=\"https:\/\/www.geopolitics.fr\/wp-content\/uploads\/2024\/12\/Crise-en-Haiti.jpg\" \/>\n\t<meta property=\"og:image:width\" content=\"1920\" \/>\n\t<meta property=\"og:image:height\" content=\"1280\" \/>\n\t<meta property=\"og:image:type\" content=\"image\/jpeg\" \/>\n<meta name=\"author\" content=\"Olivier DELAGARDE\" \/>\n<meta name=\"twitter:card\" content=\"summary_large_image\" \/>\n<meta name=\"twitter:creator\" content=\"@Geopolitics_Fr\" \/>\n<meta name=\"twitter:site\" content=\"@Geopolitics_Fr\" \/>\n<meta name=\"twitter:label1\" content=\"Written by\" \/>\n\t<meta name=\"twitter:data1\" content=\"Olivier DELAGARDE\" \/>\n\t<meta name=\"twitter:label2\" content=\"Estimated reading time\" \/>\n\t<meta name=\"twitter:data2\" content=\"12 minutes\" \/>\n<script type=\"application\/ld+json\" class=\"yoast-schema-graph\">{\"@context\":\"https:\\\/\\\/schema.org\",\"@graph\":[{\"@type\":\"Article\",\"@id\":\"https:\\\/\\\/www.geopolitics.fr\\\/2024\\\/12\\\/05\\\/enquete-crise-en-haiti-loin-des-yeux-loin-du-coeur-de-la-communaute-internationale\\\/#article\",\"isPartOf\":{\"@id\":\"https:\\\/\\\/www.geopolitics.fr\\\/2024\\\/12\\\/05\\\/enquete-crise-en-haiti-loin-des-yeux-loin-du-coeur-de-la-communaute-internationale\\\/\"},\"author\":{\"name\":\"Olivier DELAGARDE\",\"@id\":\"https:\\\/\\\/www.geopolitics.fr\\\/#\\\/schema\\\/person\\\/9b98d78234af63d6ad71199d66115350\"},\"headline\":\"[Enqu\u00eate] Crise en Ha\u00efti : loin des yeux, loin du c\u0153ur de la communaut\u00e9 internationale\",\"datePublished\":\"2024-12-05T16:00:00+00:00\",\"mainEntityOfPage\":{\"@id\":\"https:\\\/\\\/www.geopolitics.fr\\\/2024\\\/12\\\/05\\\/enquete-crise-en-haiti-loin-des-yeux-loin-du-coeur-de-la-communaute-internationale\\\/\"},\"wordCount\":2591,\"commentCount\":0,\"publisher\":{\"@id\":\"https:\\\/\\\/www.geopolitics.fr\\\/#organization\"},\"image\":{\"@id\":\"https:\\\/\\\/www.geopolitics.fr\\\/2024\\\/12\\\/05\\\/enquete-crise-en-haiti-loin-des-yeux-loin-du-coeur-de-la-communaute-internationale\\\/#primaryimage\"},\"thumbnailUrl\":\"https:\\\/\\\/www.geopolitics.fr\\\/wp-content\\\/uploads\\\/2024\\\/12\\\/Crise-en-Haiti.jpg\",\"articleSection\":[\"International\",\"Mis en AVANT\"],\"inLanguage\":\"en-GB\"},{\"@type\":\"WebPage\",\"@id\":\"https:\\\/\\\/www.geopolitics.fr\\\/2024\\\/12\\\/05\\\/enquete-crise-en-haiti-loin-des-yeux-loin-du-coeur-de-la-communaute-internationale\\\/\",\"url\":\"https:\\\/\\\/www.geopolitics.fr\\\/2024\\\/12\\\/05\\\/enquete-crise-en-haiti-loin-des-yeux-loin-du-coeur-de-la-communaute-internationale\\\/\",\"name\":\"[Enqu\u00eate] Crise en Ha\u00efti : loin des yeux, loin du c\u0153ur de la communaut\u00e9 internationale | Geopolitics.fr\",\"isPartOf\":{\"@id\":\"https:\\\/\\\/www.geopolitics.fr\\\/#website\"},\"primaryImageOfPage\":{\"@id\":\"https:\\\/\\\/www.geopolitics.fr\\\/2024\\\/12\\\/05\\\/enquete-crise-en-haiti-loin-des-yeux-loin-du-coeur-de-la-communaute-internationale\\\/#primaryimage\"},\"image\":{\"@id\":\"https:\\\/\\\/www.geopolitics.fr\\\/2024\\\/12\\\/05\\\/enquete-crise-en-haiti-loin-des-yeux-loin-du-coeur-de-la-communaute-internationale\\\/#primaryimage\"},\"thumbnailUrl\":\"https:\\\/\\\/www.geopolitics.fr\\\/wp-content\\\/uploads\\\/2024\\\/12\\\/Crise-en-Haiti.jpg\",\"datePublished\":\"2024-12-05T16:00:00+00:00\",\"description\":\"Ha\u00efti sombre dans le chaos complet, les enfants sont particuli\u00e8rement expos\u00e9s, dans l'indiff\u00e9rence de la communaut\u00e9 internationale\",\"breadcrumb\":{\"@id\":\"https:\\\/\\\/www.geopolitics.fr\\\/2024\\\/12\\\/05\\\/enquete-crise-en-haiti-loin-des-yeux-loin-du-coeur-de-la-communaute-internationale\\\/#breadcrumb\"},\"inLanguage\":\"en-GB\",\"potentialAction\":[{\"@type\":\"ReadAction\",\"target\":[\"https:\\\/\\\/www.geopolitics.fr\\\/2024\\\/12\\\/05\\\/enquete-crise-en-haiti-loin-des-yeux-loin-du-coeur-de-la-communaute-internationale\\\/\"]}]},{\"@type\":\"ImageObject\",\"inLanguage\":\"en-GB\",\"@id\":\"https:\\\/\\\/www.geopolitics.fr\\\/2024\\\/12\\\/05\\\/enquete-crise-en-haiti-loin-des-yeux-loin-du-coeur-de-la-communaute-internationale\\\/#primaryimage\",\"url\":\"https:\\\/\\\/www.geopolitics.fr\\\/wp-content\\\/uploads\\\/2024\\\/12\\\/Crise-en-Haiti.jpg\",\"contentUrl\":\"https:\\\/\\\/www.geopolitics.fr\\\/wp-content\\\/uploads\\\/2024\\\/12\\\/Crise-en-Haiti.jpg\",\"width\":1920,\"height\":1280,\"caption\":\"A man walks through a Petion-Ville street market in Port-au-Prince, Haiti July 18, 2021. REUTERS\\\/Ricardo Arduengo\"},{\"@type\":\"BreadcrumbList\",\"@id\":\"https:\\\/\\\/www.geopolitics.fr\\\/2024\\\/12\\\/05\\\/enquete-crise-en-haiti-loin-des-yeux-loin-du-coeur-de-la-communaute-internationale\\\/#breadcrumb\",\"itemListElement\":[{\"@type\":\"ListItem\",\"position\":1,\"name\":\"Accueil\",\"item\":\"https:\\\/\\\/www.geopolitics.fr\\\/\"},{\"@type\":\"ListItem\",\"position\":2,\"name\":\"[Enqu\u00eate] Crise en Ha\u00efti : loin des yeux, loin du c\u0153ur de la communaut\u00e9 internationale\"}]},{\"@type\":\"WebSite\",\"@id\":\"https:\\\/\\\/www.geopolitics.fr\\\/#website\",\"url\":\"https:\\\/\\\/www.geopolitics.fr\\\/\",\"name\":\"Geopolitics.fr\",\"description\":\"Geopolitics.fr Analyse politique, relations internationales, d\u00e9fense - ligne \u00e9ditoriale gaullo-chiraquienne\",\"publisher\":{\"@id\":\"https:\\\/\\\/www.geopolitics.fr\\\/#organization\"},\"potentialAction\":[{\"@type\":\"SearchAction\",\"target\":{\"@type\":\"EntryPoint\",\"urlTemplate\":\"https:\\\/\\\/www.geopolitics.fr\\\/?s={search_term_string}\"},\"query-input\":{\"@type\":\"PropertyValueSpecification\",\"valueRequired\":true,\"valueName\":\"search_term_string\"}}],\"inLanguage\":\"en-GB\"},{\"@type\":\"Organization\",\"@id\":\"https:\\\/\\\/www.geopolitics.fr\\\/#organization\",\"name\":\"Geopolitics.fr\",\"url\":\"https:\\\/\\\/www.geopolitics.fr\\\/\",\"logo\":{\"@type\":\"ImageObject\",\"inLanguage\":\"en-GB\",\"@id\":\"https:\\\/\\\/www.geopolitics.fr\\\/#\\\/schema\\\/logo\\\/image\\\/\",\"url\":\"https:\\\/\\\/www.geopolitics.fr\\\/wp-content\\\/uploads\\\/2024\\\/01\\\/logo.jpg\",\"contentUrl\":\"https:\\\/\\\/www.geopolitics.fr\\\/wp-content\\\/uploads\\\/2024\\\/01\\\/logo.jpg\",\"width\":500,\"height\":500,\"caption\":\"Geopolitics.fr\"},\"image\":{\"@id\":\"https:\\\/\\\/www.geopolitics.fr\\\/#\\\/schema\\\/logo\\\/image\\\/\"},\"sameAs\":[\"https:\\\/\\\/www.facebook.com\\\/people\\\/Erwan-Davoux\\\/61557098968092\\\/\",\"https:\\\/\\\/x.com\\\/Geopolitics_Fr\"]},{\"@type\":\"Person\",\"@id\":\"https:\\\/\\\/www.geopolitics.fr\\\/#\\\/schema\\\/person\\\/9b98d78234af63d6ad71199d66115350\",\"name\":\"Olivier DELAGARDE\",\"image\":{\"@type\":\"ImageObject\",\"inLanguage\":\"en-GB\",\"@id\":\"https:\\\/\\\/secure.gravatar.com\\\/avatar\\\/2c50afbd303b51697d9591857ee182bf3ead572fa530da00bb0278cf506c3a97?s=96&d=mm&r=g\",\"url\":\"https:\\\/\\\/secure.gravatar.com\\\/avatar\\\/2c50afbd303b51697d9591857ee182bf3ead572fa530da00bb0278cf506c3a97?s=96&d=mm&r=g\",\"contentUrl\":\"https:\\\/\\\/secure.gravatar.com\\\/avatar\\\/2c50afbd303b51697d9591857ee182bf3ead572fa530da00bb0278cf506c3a97?s=96&d=mm&r=g\",\"caption\":\"Olivier DELAGARDE\"},\"description\":\"Journaliste depuis plus de 20 ans, accr\u00e9dit\u00e9 aupr\u00e8s de l'Organisation des Nations Unies, de la Ligue des Etats Arabes, titulaire de la Carte d'Identit\u00e9 des Journalistes Professionnels en France et de la F\u00e9d\u00e9ration Internationale des Journalistes, Olivier a occup\u00e9 le poste de Grand reporter correspondant permanent en \u00c9gypte pour des m\u00e9dias de renomm\u00e9e mondiale tels que TV5 MONDE, le GROUPE M6, le GROUPE TF1 ou encore l\u2019AFP. Durant plus de dix ann\u00e9es, il a produit de nombreux reportages sur la politique internationale en Afrique de l'Est, tout en couvrant les principaux conflits au Proche et Moyen-Orient. En tant que Chef de bureau Proche-Orient pour TV5 MONDE, il \u00e9tait responsable de la production de reportages, des relations institutionnelles et de la repr\u00e9sentation de la cha\u00eene, tout en \u00e9crivant pour plusieurs m\u00e9dias europ\u00e9ens et internationaux.\",\"sameAs\":[\"https:\\\/\\\/www.facebook.com\\\/odelagarde\",\"https:\\\/\\\/www.linkedin.com\\\/in\\\/olivier-delagarde-816b17270\\\/\"],\"url\":\"https:\\\/\\\/www.geopolitics.fr\\\/en\\\/author\\\/odelagarde\\\/\"}]}<\/script>\n<!-- \/ Yoast SEO Premium plugin. -->","yoast_head_json":{"title":"[Enqu\u00eate] Crise en Ha\u00efti : loin des yeux, loin du c\u0153ur de la communaut\u00e9 internationale | Geopolitics.fr","description":"Ha\u00efti sombre dans le chaos complet, les enfants sont particuli\u00e8rement expos\u00e9s, dans l'indiff\u00e9rence de la communaut\u00e9 internationale","robots":{"index":"index","follow":"follow","max-snippet":"max-snippet:-1","max-image-preview":"max-image-preview:large","max-video-preview":"max-video-preview:-1"},"canonical":"https:\/\/www.geopolitics.fr\/en\/2024\/12\/05\/enquete-crise-en-haiti-loin-des-yeux-loin-du-coeur-de-la-communaute-internationale\/","og_locale":"en_GB","og_type":"article","og_title":"[Enqu\u00eate] Crise en Ha\u00efti : loin des yeux, loin du c\u0153ur de la communaut\u00e9 internationale","og_description":"Ha\u00efti sombre dans le chaos complet, les enfants sont particuli\u00e8rement expos\u00e9s, dans l'indiff\u00e9rence de la communaut\u00e9 internationale","og_url":"https:\/\/www.geopolitics.fr\/en\/2024\/12\/05\/enquete-crise-en-haiti-loin-des-yeux-loin-du-coeur-de-la-communaute-internationale\/","og_site_name":"Geopolitics.fr","article_publisher":"https:\/\/www.facebook.com\/people\/Erwan-Davoux\/61557098968092\/","article_author":"https:\/\/www.facebook.com\/odelagarde","article_published_time":"2024-12-05T16:00:00+00:00","og_image":[{"width":1920,"height":1280,"url":"https:\/\/www.geopolitics.fr\/wp-content\/uploads\/2024\/12\/Crise-en-Haiti.jpg","type":"image\/jpeg"}],"author":"Olivier DELAGARDE","twitter_card":"summary_large_image","twitter_creator":"@Geopolitics_Fr","twitter_site":"@Geopolitics_Fr","twitter_misc":{"Written by":"Olivier DELAGARDE","Estimated reading time":"12 minutes"},"schema":{"@context":"https:\/\/schema.org","@graph":[{"@type":"Article","@id":"https:\/\/www.geopolitics.fr\/2024\/12\/05\/enquete-crise-en-haiti-loin-des-yeux-loin-du-coeur-de-la-communaute-internationale\/#article","isPartOf":{"@id":"https:\/\/www.geopolitics.fr\/2024\/12\/05\/enquete-crise-en-haiti-loin-des-yeux-loin-du-coeur-de-la-communaute-internationale\/"},"author":{"name":"Olivier DELAGARDE","@id":"https:\/\/www.geopolitics.fr\/#\/schema\/person\/9b98d78234af63d6ad71199d66115350"},"headline":"[Enqu\u00eate] Crise en Ha\u00efti : loin des yeux, loin du c\u0153ur de la communaut\u00e9 internationale","datePublished":"2024-12-05T16:00:00+00:00","mainEntityOfPage":{"@id":"https:\/\/www.geopolitics.fr\/2024\/12\/05\/enquete-crise-en-haiti-loin-des-yeux-loin-du-coeur-de-la-communaute-internationale\/"},"wordCount":2591,"commentCount":0,"publisher":{"@id":"https:\/\/www.geopolitics.fr\/#organization"},"image":{"@id":"https:\/\/www.geopolitics.fr\/2024\/12\/05\/enquete-crise-en-haiti-loin-des-yeux-loin-du-coeur-de-la-communaute-internationale\/#primaryimage"},"thumbnailUrl":"https:\/\/www.geopolitics.fr\/wp-content\/uploads\/2024\/12\/Crise-en-Haiti.jpg","articleSection":["International","Mis en AVANT"],"inLanguage":"en-GB"},{"@type":"WebPage","@id":"https:\/\/www.geopolitics.fr\/2024\/12\/05\/enquete-crise-en-haiti-loin-des-yeux-loin-du-coeur-de-la-communaute-internationale\/","url":"https:\/\/www.geopolitics.fr\/2024\/12\/05\/enquete-crise-en-haiti-loin-des-yeux-loin-du-coeur-de-la-communaute-internationale\/","name":"[Enqu\u00eate] Crise en Ha\u00efti : loin des yeux, loin du c\u0153ur de la communaut\u00e9 internationale | Geopolitics.fr","isPartOf":{"@id":"https:\/\/www.geopolitics.fr\/#website"},"primaryImageOfPage":{"@id":"https:\/\/www.geopolitics.fr\/2024\/12\/05\/enquete-crise-en-haiti-loin-des-yeux-loin-du-coeur-de-la-communaute-internationale\/#primaryimage"},"image":{"@id":"https:\/\/www.geopolitics.fr\/2024\/12\/05\/enquete-crise-en-haiti-loin-des-yeux-loin-du-coeur-de-la-communaute-internationale\/#primaryimage"},"thumbnailUrl":"https:\/\/www.geopolitics.fr\/wp-content\/uploads\/2024\/12\/Crise-en-Haiti.jpg","datePublished":"2024-12-05T16:00:00+00:00","description":"Ha\u00efti sombre dans le chaos complet, les enfants sont particuli\u00e8rement expos\u00e9s, dans l'indiff\u00e9rence de la communaut\u00e9 internationale","breadcrumb":{"@id":"https:\/\/www.geopolitics.fr\/2024\/12\/05\/enquete-crise-en-haiti-loin-des-yeux-loin-du-coeur-de-la-communaute-internationale\/#breadcrumb"},"inLanguage":"en-GB","potentialAction":[{"@type":"ReadAction","target":["https:\/\/www.geopolitics.fr\/2024\/12\/05\/enquete-crise-en-haiti-loin-des-yeux-loin-du-coeur-de-la-communaute-internationale\/"]}]},{"@type":"ImageObject","inLanguage":"en-GB","@id":"https:\/\/www.geopolitics.fr\/2024\/12\/05\/enquete-crise-en-haiti-loin-des-yeux-loin-du-coeur-de-la-communaute-internationale\/#primaryimage","url":"https:\/\/www.geopolitics.fr\/wp-content\/uploads\/2024\/12\/Crise-en-Haiti.jpg","contentUrl":"https:\/\/www.geopolitics.fr\/wp-content\/uploads\/2024\/12\/Crise-en-Haiti.jpg","width":1920,"height":1280,"caption":"A man walks through a Petion-Ville street market in Port-au-Prince, Haiti July 18, 2021. REUTERS\/Ricardo Arduengo"},{"@type":"BreadcrumbList","@id":"https:\/\/www.geopolitics.fr\/2024\/12\/05\/enquete-crise-en-haiti-loin-des-yeux-loin-du-coeur-de-la-communaute-internationale\/#breadcrumb","itemListElement":[{"@type":"ListItem","position":1,"name":"Accueil","item":"https:\/\/www.geopolitics.fr\/"},{"@type":"ListItem","position":2,"name":"[Enqu\u00eate] Crise en Ha\u00efti : loin des yeux, loin du c\u0153ur de la communaut\u00e9 internationale"}]},{"@type":"WebSite","@id":"https:\/\/www.geopolitics.fr\/#website","url":"https:\/\/www.geopolitics.fr\/","name":"Geopolitics.fr","description":"Geopolitics.fr Analyse politique, relations internationales, d\u00e9fense - ligne \u00e9ditoriale gaullo-chiraquienne","publisher":{"@id":"https:\/\/www.geopolitics.fr\/#organization"},"potentialAction":[{"@type":"SearchAction","target":{"@type":"EntryPoint","urlTemplate":"https:\/\/www.geopolitics.fr\/?s={search_term_string}"},"query-input":{"@type":"PropertyValueSpecification","valueRequired":true,"valueName":"search_term_string"}}],"inLanguage":"en-GB"},{"@type":"Organization","@id":"https:\/\/www.geopolitics.fr\/#organization","name":"Geopolitics.fr","url":"https:\/\/www.geopolitics.fr\/","logo":{"@type":"ImageObject","inLanguage":"en-GB","@id":"https:\/\/www.geopolitics.fr\/#\/schema\/logo\/image\/","url":"https:\/\/www.geopolitics.fr\/wp-content\/uploads\/2024\/01\/logo.jpg","contentUrl":"https:\/\/www.geopolitics.fr\/wp-content\/uploads\/2024\/01\/logo.jpg","width":500,"height":500,"caption":"Geopolitics.fr"},"image":{"@id":"https:\/\/www.geopolitics.fr\/#\/schema\/logo\/image\/"},"sameAs":["https:\/\/www.facebook.com\/people\/Erwan-Davoux\/61557098968092\/","https:\/\/x.com\/Geopolitics_Fr"]},{"@type":"Person","@id":"https:\/\/www.geopolitics.fr\/#\/schema\/person\/9b98d78234af63d6ad71199d66115350","name":"Olivier DELAGARDE","image":{"@type":"ImageObject","inLanguage":"en-GB","@id":"https:\/\/secure.gravatar.com\/avatar\/2c50afbd303b51697d9591857ee182bf3ead572fa530da00bb0278cf506c3a97?s=96&d=mm&r=g","url":"https:\/\/secure.gravatar.com\/avatar\/2c50afbd303b51697d9591857ee182bf3ead572fa530da00bb0278cf506c3a97?s=96&d=mm&r=g","contentUrl":"https:\/\/secure.gravatar.com\/avatar\/2c50afbd303b51697d9591857ee182bf3ead572fa530da00bb0278cf506c3a97?s=96&d=mm&r=g","caption":"Olivier DELAGARDE"},"description":"Journaliste depuis plus de 20 ans, accr\u00e9dit\u00e9 aupr\u00e8s de l'Organisation des Nations Unies, de la Ligue des Etats Arabes, titulaire de la Carte d'Identit\u00e9 des Journalistes Professionnels en France et de la F\u00e9d\u00e9ration Internationale des Journalistes, Olivier a occup\u00e9 le poste de Grand reporter correspondant permanent en \u00c9gypte pour des m\u00e9dias de renomm\u00e9e mondiale tels que TV5 MONDE, le GROUPE M6, le GROUPE TF1 ou encore l\u2019AFP. Durant plus de dix ann\u00e9es, il a produit de nombreux reportages sur la politique internationale en Afrique de l'Est, tout en couvrant les principaux conflits au Proche et Moyen-Orient. En tant que Chef de bureau Proche-Orient pour TV5 MONDE, il \u00e9tait responsable de la production de reportages, des relations institutionnelles et de la repr\u00e9sentation de la cha\u00eene, tout en \u00e9crivant pour plusieurs m\u00e9dias europ\u00e9ens et internationaux.","sameAs":["https:\/\/www.facebook.com\/odelagarde","https:\/\/www.linkedin.com\/in\/olivier-delagarde-816b17270\/"],"url":"https:\/\/www.geopolitics.fr\/en\/author\/odelagarde\/"}]}},"_links":{"self":[{"href":"https:\/\/www.geopolitics.fr\/en\/wp-json\/wp\/v2\/posts\/3223","targetHints":{"allow":["GET"]}}],"collection":[{"href":"https:\/\/www.geopolitics.fr\/en\/wp-json\/wp\/v2\/posts"}],"about":[{"href":"https:\/\/www.geopolitics.fr\/en\/wp-json\/wp\/v2\/types\/post"}],"author":[{"embeddable":true,"href":"https:\/\/www.geopolitics.fr\/en\/wp-json\/wp\/v2\/users\/93"}],"replies":[{"embeddable":true,"href":"https:\/\/www.geopolitics.fr\/en\/wp-json\/wp\/v2\/comments?post=3223"}],"version-history":[{"count":0,"href":"https:\/\/www.geopolitics.fr\/en\/wp-json\/wp\/v2\/posts\/3223\/revisions"}],"wp:featuredmedia":[{"embeddable":true,"href":"https:\/\/www.geopolitics.fr\/en\/wp-json\/wp\/v2\/media\/3224"}],"wp:attachment":[{"href":"https:\/\/www.geopolitics.fr\/en\/wp-json\/wp\/v2\/media?parent=3223"}],"wp:term":[{"taxonomy":"category","embeddable":true,"href":"https:\/\/www.geopolitics.fr\/en\/wp-json\/wp\/v2\/categories?post=3223"},{"taxonomy":"post_tag","embeddable":true,"href":"https:\/\/www.geopolitics.fr\/en\/wp-json\/wp\/v2\/tags?post=3223"}],"curies":[{"name":"wp","href":"https:\/\/api.w.org\/{rel}","templated":true}]}}