{"id":3206,"date":"2024-12-04T11:06:16","date_gmt":"2024-12-04T10:06:16","guid":{"rendered":"https:\/\/www.geopolitics.fr\/?p=3206"},"modified":"2024-12-05T16:58:37","modified_gmt":"2024-12-05T15:58:37","slug":"interview-de-monsieur-anicet-georges-dologuele","status":"publish","type":"post","link":"https:\/\/www.geopolitics.fr\/en\/2024\/12\/04\/interview-de-monsieur-anicet-georges-dologuele\/","title":{"rendered":"INTERVIEW DE MONSIEUR ANICET GEORGES DOLOGUELE Ancien Premier ministre de la R\u00e9publique centrafricaine"},"content":{"rendered":"<p class=\"has-text-align-center has-medium-font-size wp-block-paragraph\">\u00ab\u00a0<em style=\"font-weight: bold;\">Si la France avait fourni au Pr\u00e9sident de mon pays les quelques armes qu\u2019il sollicitait en 2016 pour \u00e9quiper l\u2019embryon de l\u2019arm\u00e9e nationale, Wagner ne serait jamais arriv\u00e9 en Centrafrique<\/em>\u00ab\u00a0<\/p>\n\n\n\n<p class=\"wp-block-paragraph\"><em>&nbsp;&nbsp;&nbsp;&nbsp;&nbsp;&nbsp;&nbsp;&nbsp;&nbsp;<strong>&nbsp;&nbsp;&nbsp;&nbsp; (R\u00e9alis\u00e9e par Monsieur Erwan DAVOUX)<\/strong><\/em><\/p>\n\n\n\n<p class=\"has-medium-font-size wp-block-paragraph\"><strong>Geopolitics.fr<\/strong> : <strong>Monsieur le Premier Ministre, comment qualifierez-vous la situation politique actuelle en R\u00e9publique centrafricaine ?<\/strong><\/p>\n\n\n\n<p class=\"has-medium-font-size wp-block-paragraph\">La situation politique de la R\u00e9publique centrafricaine s\u2019est progressivement d\u00e9grad\u00e9e depuis d\u00e9cembre 2020 et a atteint une situation de v\u00e9ritable crise. <strong>Pour faire court, mon pays a cess\u00e9 d\u2019\u00eatre une R\u00e9publique et s\u2019enfonce jour apr\u00e8s jour dans le totalitarisme.<\/strong><\/p>\n\n\n\n<p class=\"has-medium-font-size wp-block-paragraph\">Il faut dire qu\u2019en d\u00e9cembre 2020, les \u00e9lections g\u00e9n\u00e9rales avaient \u00e9t\u00e9 gravement perturb\u00e9es par une s\u00e9rie d\u2019attaques arm\u00e9es perp\u00e9tr\u00e9es par une coalition de forces rebelles regroup\u00e9es sous le commandement de l\u2019ancien Pr\u00e9sident Fran\u00e7ois Boziz\u00e9. Une tentative d\u2019assaut de la ville de Bangui a, notamment, \u00e9t\u00e9 repouss\u00e9e. Cette situation a eu des cons\u00e9quences qui peuvent \u00eatre class\u00e9es en deux volets\u00a0: s\u00e9curitaire et diplomatique.<\/p>\n\n\n\n<p class=\"has-medium-font-size wp-block-paragraph\"><strong>Au niveau s\u00e9curitaire, les effectifs du groupe Wagner ont tr\u00e8s vite \u00e9t\u00e9 multipli\u00e9s par 4, ceux des forces sp\u00e9ciales rwandaises ont \u00e9galement \u00e9t\u00e9 largement revus \u00e0 la hausse et la s\u00e9curit\u00e9 pr\u00e9sidentielle a \u00e9t\u00e9 fortement tribalis\u00e9e<\/strong>, avec un effectif pl\u00e9thorique. Au niveau diplomatique, la crainte d\u2019un nouveau cycle d\u2019instabilit\u00e9 a orient\u00e9 les projecteurs de mani\u00e8re exclusive sur Boziz\u00e9 et ses combattants de la Coalition des Patriotes pour le Changement (CPC), avec une logique de surprotection du r\u00e9gime de Touad\u00e9ra.<\/p>\n\n\n\n<p class=\"has-medium-font-size wp-block-paragraph\">A partir de l\u00e0, tout lui a \u00e9t\u00e9 tol\u00e9r\u00e9&nbsp;: &nbsp;le forcing des r\u00e9sultats de l\u2019\u00e9lection pr\u00e9sidentielle de 2020-2021 pour se d\u00e9clarer vainqueur au premier tour&nbsp;; l\u2019interdiction de sortie de territoire de son principal challenger et la demande de sa lev\u00e9e d\u2019immunit\u00e9&nbsp;; la traque des leaders d\u2019opposition&nbsp;; la condamnation \u00e0 des peines de prison ferme des leaders d\u2019opinion de la diaspora&nbsp;; l\u2019interdiction des meetings de l\u2019opposition et de l\u2019acc\u00e8s de leur leaders aux m\u00e9dias publics&nbsp;; l\u2019arrestation d&rsquo;un d\u00e9put\u00e9 sans le pr\u00e9alable obligatoire de sa lev\u00e9e d\u2019immunit\u00e9&nbsp;; <strong>le limogeage de la Pr\u00e9sidente de la Cour Constitutionnelle <\/strong>parce que son Institution a dit le droit en s\u2019opposant \u00e0 la modification ou au changement de la constitution&nbsp;du 30 mars 2016&nbsp;; l\u2019Imposition aux Centrafricains d\u2019une nouvelle Constitution qui <strong>fait sauter le verrou de la limitation des mandats<\/strong>, consacre la cat\u00e9gorisation des citoyens et l\u2019ostracisation de certains d\u2019entre eux, bloque l\u2019acc\u00e8s \u00e0 la magistrature supr\u00eame \u00e0 tous ses adversaires politiques et lui garantit une pr\u00e9sidence \u00e0 vie.<\/p>\n\n\n\n<p class=\"has-medium-font-size wp-block-paragraph\"><strong>En clair, nous avons bascul\u00e9 dans la dictature \u00e0 une vitesse tr\u00e8s acc\u00e9l\u00e9r\u00e9e, avec le constat d\u2019une indiff\u00e9rence complice de la Communaut\u00e9 internationale, uniquement pr\u00e9occup\u00e9e par une lutte d\u2019influence avec la Russie dans mon pays.<\/strong><\/p>\n\n\n\n<p class=\"has-medium-font-size wp-block-paragraph\">Pendant ce temps, la R\u00e9publique Centrafricaine s\u2019enfonce, chaque jour un plus, dans l\u2019extr\u00eame pauvret\u00e9.<\/p>\n\n\n\n<h2 class=\"wp-block-heading\" id=\"h-geopolitics-fr-le-leader-de-l-opposition-que-vous-etes-dispose-t-il-de-la-liberte-et-des-moyens-necessaires-pour-assumer-ce-role-nbsp\"><strong>Geopolitics.fr<\/strong> : <strong>Le Leader de l\u2019Opposition que vous \u00eates, dispose-t-il de la libert\u00e9 et des moyens n\u00e9cessaires pour assumer ce r\u00f4le&nbsp;?<\/strong><\/h2>\n\n\n\n<p class=\"has-medium-font-size wp-block-paragraph\"><strong>Une Loi avait \u00e9t\u00e9 vot\u00e9e en 2020, qui organisait le fonctionnement des partis politiques, d\u00e9finissait le statut de l\u2019opposition et de son chef et pr\u00e9voyait un budget de fonctionnement pour ce dernier<\/strong>. Cette Loi avait \u00e9t\u00e9 fortement recommand\u00e9e par certains bailleurs de mon pays. Naturellement, vous pouvez comprendre que la promulgation d\u2019une pareille loi par Monsieur Touad\u00e9ra aurait contredit sa logique d\u2019\u00e9craser tous les opposants pour r\u00e9gner en monarque absolu. <strong>R\u00e9sultat des courses&nbsp;: elle est rest\u00e9e lettre morte.<\/strong><\/p>\n\n\n\n<p class=\"has-medium-font-size wp-block-paragraph\">Ceci dit, dans mon parti politique nous demeurons constants et d\u00e9termin\u00e9s dans notre opposition \u00e0 ce r\u00e9gime depuis 2016.<\/p>\n\n\n\n<p class=\"has-medium-font-size wp-block-paragraph\"><strong>Geopolitics.fr<\/strong> : <strong>Vous avez \u00e9t\u00e9 candidat \u00e0 l\u2019\u00e9lection pr\u00e9sidentielle en 2016 et 2020. Arriv\u00e9 en t\u00eate au premier tour en 2016, vous avez finalement \u00e9t\u00e9 battu au second tour dans le cadre d\u2019un scrutin confus et contest\u00e9. En 2020, vos deviez affronter Monsieur Touad\u00e9ra au second tour, mais il a \u00e9t\u00e9 d\u00e9clar\u00e9 vainqueur au premier tour. Comment l\u2019avez-vous v\u00e9cu&nbsp;?<\/strong><\/p>\n\n\n\n<p class=\"has-medium-font-size wp-block-paragraph\">Ce que je ressens \u00e0 titre personnel n\u2019est pas si important. Par contre, ce que je vis le plus mal, c\u2019est ce qu\u2019est devenu mon pays depuis bient\u00f4t 9 ans\u00a0: un champ de ruines, le dernier de la plan\u00e8te, pratiquement sur tous les plans. <strong>Nous parlons l\u00e0 de la vie au quotidien de millions d\u2019\u00eatres humains qui manquent de tout et \u00e0 qui on offre aucune perspective.<\/strong> <strong>Cette situation aurait pu \u00eatre \u00e9vit\u00e9e, si la v\u00e9rit\u00e9 des urnes avait \u00e9t\u00e9 respect\u00e9e. Chacun de ceux qui ont impos\u00e9 Touad\u00e9ra \u00e0 notre pays savait que ce dernier n\u2019aurait jamais la capacit\u00e9 de faire progresser notre pays<\/strong>. Tous le connaissaient, ils l\u2019ont vu \u00e0 l\u2019\u0153uvre pendant 5 ans, quand il \u00e9tait le dernier Premier Ministre de Fran\u00e7ois Boziz\u00e9. Comme son s\u00e9jour \u00e0 la Primature avait \u00e9t\u00e9 caract\u00e9ris\u00e9 par beaucoup d\u2019ind\u00e9cision, une absence totale d\u2019autorit\u00e9 et d\u2019actions et une apparente faiblesse de caract\u00e8re, tous ont sp\u00e9cul\u00e9 sur ces faiblesses pour esp\u00e9rer prendre l\u2019ascendant sur lui et g\u00e9rer son pouvoir \u00e0 sa place. Il les a bien \u00ab\u00a0bais\u00e9s\u00a0\u00bb, pour utiliser une expression populaire.\u00a0 Depuis presque 9 ans, il s\u2019est inscrit sur un rattrapage acc\u00e9l\u00e9r\u00e9 de sa vie d\u2019avant le pouvoir. Il a d\u00e9couvert que la vie pouvait \u00eatre belle, voire tr\u00e8s belle . Surtout quand tout est fourni gratuitement par l\u2019\u00c9tat. <strong>Malheureusement, plus ce Monsieur est heureux, plus son peuple est malheureux.<\/strong><\/p>\n\n\n\n<p class=\"has-medium-font-size wp-block-paragraph\">J\u2019avais pourtant fait ce qu\u2019il fallait pour gagner l\u2019\u00e9lection pr\u00e9sidentielle. Mon parti politique et moi, nous sommes tr\u00e8s organis\u00e9s et pr\u00e9par\u00e9s pour transformer positivement mon pays. Je continue de travailler dans ce sens. Nous sommes dans la logique de faire appel \u00e0 tous les talents de ce pays, o\u00f9 qu\u2019ils se trouvent, y compris dans l\u2019actuel r\u00e9gime. <strong>Reconstruire ce que Touad\u00e9ra d\u00e9truit au quotidien sera une \u0153uvre titanesque<\/strong>, qui n\u00e9cessitera l\u2019agr\u00e9gation et la conjugaison de toutes les \u00e9nergies.<\/p>\n\n\n\n<h2 class=\"wp-block-heading\" id=\"h-geopolitics-fr-serez-vous-candidat-a-la-prochaine-election-presidentielle-en-2025-nbsp-comment-garantir-la-sincerite-du-scrutin-nbsp\"><strong>Geopolitics.fr<\/strong> : <strong>Serez-vous candidat \u00e0 la prochaine \u00e9lection pr\u00e9sidentielle en 2025&nbsp;? Comment garantir la sinc\u00e9rit\u00e9 du scrutin&nbsp;?<\/strong><\/h2>\n\n\n\n<p class=\"has-medium-font-size wp-block-paragraph\">La r\u00e9ponse se trouve dans la seconde partie de votre question. Avec la constitution que Faustin Archange Touad\u00e9ra a impos\u00e9e aux centrafricains, avec la composition et le fonctionnement des Institutions charg\u00e9es d\u2019organiser les \u00e9lections, <strong>la sinc\u00e9rit\u00e9 du scrutin ne sera pas du tout garantie. C\u2019est pour cela que tous les leaders de l\u2019opposition d\u00e9mocratique sont unanimes pour r\u00e9clamer le retour \u00e0 la Constitution du 30 mars 2016 et la r\u00e9forme des Institutions en charge des \u00e9lections. <\/strong>Ils ont formellement demand\u00e9 qu\u2019un dialogue avec le pouvoir soit organis\u00e9 pour traiter de ces questions qui sont d\u2019une importance capitale. L\u2019avenir et la stabilit\u00e9 du pays en d\u00e9pendent.<\/p>\n\n\n\n<p class=\"has-medium-font-size wp-block-paragraph\"><strong>Quelles seraient vos priorit\u00e9s si vous \u00e9tiez \u00e9lu&nbsp;? Comment assurer une stabilit\u00e9 politique de long terme&nbsp;? Comment cr\u00e9er la confiance pour les investisseurs&nbsp;?<\/strong><\/p>\n\n\n\n<p class=\"has-medium-font-size wp-block-paragraph\">Le programme du candidat de mon parti est en cours de r\u00e9daction et, tant que les pr\u00e9alables pos\u00e9s par l\u2019opposition n\u2019ont pas trouv\u00e9 de r\u00e9ponse, il est pr\u00e9matur\u00e9 de parler des priorit\u00e9s en cas de victoire \u00e0 l\u2019\u00e9lection pr\u00e9sidentielle. Cela manquerait de coh\u00e9rence.<\/p>\n\n\n\n<p class=\"has-medium-font-size wp-block-paragraph\">Cependant, il y a un sujet qui me tient \u00e0 c\u0153ur, c\u2019est pr\u00e9cis\u00e9ment comment <strong>apaiser le c\u0153ur de mes compatriotes.<\/strong> Je trouve que dans ce beau pays dont nous a dot\u00e9 la nature, <strong>nous d\u00e9pensons beaucoup d\u2019\u00e9nergie \u00e0 nous ha\u00efr<\/strong>. Je trouve que beaucoup trop de monde s\u2019exerce \u00e0 n\u2019exceller que dans la violence verbale, voire plus. Je trouve que la pratique de la politique a tendance \u00e0 se r\u00e9sumer en une comp\u00e9tition de d\u00e9testation mutuelle.<\/p>\n\n\n\n<p class=\"has-medium-font-size wp-block-paragraph\">Les probl\u00e8mes \u00e9conomiques de la RCA sont tr\u00e8s nombreux et n\u00e9cessitent des solutions concr\u00e8tes, pour donner \u00e0 chaque citoyen des raisons de se lever chaque matin avec l\u2019espoir d\u2019une vie meilleure. Mais mon pays a \u00e9galement besoin de respiration. Il a besoin qu\u2019on y encourage des sentiments plus positifs. Il a besoin d\u2019amour. Alors oui je serai, dans tous les cas, candidat \u00e0 construire plus d\u2019amour entre les Centrafricains.<\/p>\n\n\n\n<p class=\"has-medium-font-size wp-block-paragraph\"><strong>Geopolitics.fr<\/strong> <strong>:<\/strong> <strong>La R\u00e9publique centrafricaine fut la premi\u00e8re \u00e0 voir Wagner s\u2019installer sur son territoire puis ensuite basculer dans l\u2019orbite russe. Comment l\u2019expliquer&nbsp;? Existe-t-il un fort sentiment anti-France ou anti-fran\u00e7ais&nbsp;?<\/strong><\/p>\n\n\n\n<p class=\"has-medium-font-size wp-block-paragraph\"><strong>Si la France avait fourni au Pr\u00e9sident de mon pays les quelques armes qu\u2019il sollicitait en 2016 pour \u00e9quiper l\u2019embryon de l\u2019arm\u00e9e nationale, Wagner ne serait jamais arriv\u00e9 en Centrafrique. Ce sont les autorit\u00e9s fran\u00e7aises qui ont favoris\u00e9 le contact avec la Russie. On a trop tendance \u00e0 l\u2019oublier.<\/strong> Si les groupes arm\u00e9s pr\u00e9sents dans mon pays n\u2019avaient pas attaqu\u00e9 la ville de Bangui en janvier 2021, les effectifs du groupe Wagner n\u2019auraient jamais d\u00e9pass\u00e9 le chiffre de 500 hommes. <strong>La Russie n\u2019a fait que profiter des erreurs des autres pour s\u2019incruster.<\/strong><\/p>\n\n\n\n<p class=\"has-medium-font-size wp-block-paragraph\">S\u2019agissant du sentiment anti-fran\u00e7ais, il n\u2019existe pas en RCA. Faustin Archange Touad\u00e9ra et le groupe Wagner ont bien essay\u00e9 d\u2019instrumentaliser la jeunesse dans ce sens, mais cela n\u2019a pas pris. <strong>Pr\u00e9cis\u00e9ment parce que nous les leaders de l\u2019opposition, nous n\u2019avons jamais eu un discours anti-fran\u00e7ais. Et la jeunesse centrafricaine est beaucoup plus sensible aux mots d\u2019ordre&nbsp;des leaders de l\u2019opposition qu\u2019\u00e0 ceux du pouvoir, qu\u2019elle per\u00e7oit comme la cause de ses malheurs.<\/strong><\/p>\n\n\n\n<p class=\"has-medium-font-size wp-block-paragraph\"><strong>Ceci dit, je note que, plus le pouvoir de Bangui v\u00e9hicule des messages anti-fran\u00e7ais, plus les autorit\u00e9s fran\u00e7aises ont des yeux de Chim\u00e8ne pour Faustin Archange Touadera et plus la Russie gagne du terrain dans mon pays. Quel paradoxe&nbsp;!<\/strong><\/p>\n\n\n\n<p class=\"has-medium-font-size wp-block-paragraph\"><strong>Geopolitics.fr : Quelles doivent \u00eatre les priorit\u00e9s diplomatiques&nbsp;?<\/strong><\/p>\n\n\n\n<p class=\"has-medium-font-size wp-block-paragraph\">Renforcer davantage les relations avec les pays voisins&nbsp;; <strong>consacrer plus d\u2019efforts dans l\u2019int\u00e9gration sous r\u00e9gionale et r\u00e9gionale, essentiellement dans les domaines des infrastructures socio-\u00e9conomiques&nbsp;et des \u00e9changes commerciaux; tirer un maximum de profit de notre situation g\u00e9ographique au niveau du continent africain<\/strong>&nbsp;; nouer des partenariats intelligents avec tous les pays et toutes les institutions qui peuvent apporter leur concours multiformes \u00e0 une transformation radicale de de la R\u00e9publique centrafricaine, en particulier dans les domaine de la s\u00e9curit\u00e9, de l\u2019efficacit\u00e9 de l\u2019Administration publique, du d\u00e9veloppement \u00e9conomique et de l\u2019am\u00e9lioration en quantit\u00e9 et en qualit\u00e9 des ressources humaines (sant\u00e9 et \u00e9ducation).<\/p>","protected":false},"excerpt":{"rendered":"<p>\u00ab\u00a0Si la France avait fourni au Pr\u00e9sident de mon pays les quelques armes qu\u2019il sollicitait en 2016 pour \u00e9quiper l\u2019embryon de l\u2019arm\u00e9e&hellip;<\/p>","protected":false},"author":16,"featured_media":3216,"comment_status":"open","ping_status":"open","sticky":false,"template":"","format":"standard","meta":{"_lmt_disableupdate":"","_lmt_disable":"","footnotes":""},"categories":[4,3],"tags":[],"class_list":["post-3206","post","type-post","status-publish","format-standard","has-post-thumbnail","hentry","category-mis-en-avant","category-politique"],"yoast_head":"<!-- This site is optimized with the Yoast SEO Premium plugin v28.1 (Yoast SEO v28.1) - https:\/\/yoast.com\/product\/yoast-seo-premium-wordpress\/ -->\n<title>INTERVIEW DE MONSIEUR ANICET GEORGES DOLOGUELE Ancien Premier ministre de la R\u00e9publique centrafricaine | Geopolitics.fr<\/title>\n<meta name=\"robots\" content=\"index, follow, max-snippet:-1, max-image-preview:large, max-video-preview:-1\" \/>\n<link rel=\"canonical\" href=\"https:\/\/www.geopolitics.fr\/en\/2024\/12\/04\/interview-de-monsieur-anicet-georges-dologuele\/\" \/>\n<meta property=\"og:locale\" content=\"en_GB\" \/>\n<meta property=\"og:type\" content=\"article\" \/>\n<meta property=\"og:title\" content=\"INTERVIEW DE MONSIEUR ANICET GEORGES DOLOGUELE Ancien Premier ministre de la R\u00e9publique centrafricaine\" \/>\n<meta property=\"og:description\" content=\"\u00ab\u00a0Si la France avait fourni au Pr\u00e9sident de mon pays les quelques armes qu\u2019il sollicitait en 2016 pour \u00e9quiper l\u2019embryon de l\u2019arm\u00e9e&hellip;\" \/>\n<meta property=\"og:url\" content=\"https:\/\/www.geopolitics.fr\/en\/2024\/12\/04\/interview-de-monsieur-anicet-georges-dologuele\/\" \/>\n<meta property=\"og:site_name\" content=\"Geopolitics.fr\" \/>\n<meta property=\"article:publisher\" content=\"https:\/\/www.facebook.com\/people\/Erwan-Davoux\/61557098968092\/\" \/>\n<meta property=\"article:author\" content=\"Erwan Davoux\" \/>\n<meta property=\"article:published_time\" content=\"2024-12-04T10:06:16+00:00\" \/>\n<meta property=\"article:modified_time\" content=\"2024-12-05T15:58:37+00:00\" \/>\n<meta property=\"og:image\" content=\"https:\/\/www.geopolitics.fr\/wp-content\/uploads\/2024\/12\/dologo-final.jpg\" \/>\n\t<meta property=\"og:image:width\" content=\"1455\" \/>\n\t<meta property=\"og:image:height\" content=\"1257\" \/>\n\t<meta property=\"og:image:type\" content=\"image\/jpeg\" \/>\n<meta name=\"author\" content=\"Erwan Davoux\" \/>\n<meta name=\"twitter:card\" content=\"summary_large_image\" \/>\n<meta name=\"twitter:creator\" content=\"@erwandavoux @Geo_politicsfr\" \/>\n<meta name=\"twitter:site\" content=\"@Geopolitics_Fr\" \/>\n<meta name=\"twitter:label1\" content=\"Written by\" \/>\n\t<meta name=\"twitter:data1\" content=\"Erwan Davoux\" \/>\n\t<meta name=\"twitter:label2\" content=\"Estimated reading time\" \/>\n\t<meta name=\"twitter:data2\" content=\"9 minutes\" \/>\n<script type=\"application\/ld+json\" class=\"yoast-schema-graph\">{\"@context\":\"https:\\\/\\\/schema.org\",\"@graph\":[{\"@type\":\"Article\",\"@id\":\"https:\\\/\\\/www.geopolitics.fr\\\/2024\\\/12\\\/04\\\/interview-de-monsieur-anicet-georges-dologuele\\\/#article\",\"isPartOf\":{\"@id\":\"https:\\\/\\\/www.geopolitics.fr\\\/2024\\\/12\\\/04\\\/interview-de-monsieur-anicet-georges-dologuele\\\/\"},\"author\":{\"name\":\"Erwan Davoux\",\"@id\":\"https:\\\/\\\/www.geopolitics.fr\\\/#\\\/schema\\\/person\\\/a487273e91313e368925717400fa1b11\"},\"headline\":\"INTERVIEW DE MONSIEUR ANICET GEORGES DOLOGUELE Ancien Premier ministre de la R\u00e9publique centrafricaine\",\"datePublished\":\"2024-12-04T10:06:16+00:00\",\"dateModified\":\"2024-12-05T15:58:37+00:00\",\"mainEntityOfPage\":{\"@id\":\"https:\\\/\\\/www.geopolitics.fr\\\/2024\\\/12\\\/04\\\/interview-de-monsieur-anicet-georges-dologuele\\\/\"},\"wordCount\":1876,\"commentCount\":0,\"publisher\":{\"@id\":\"https:\\\/\\\/www.geopolitics.fr\\\/#organization\"},\"image\":{\"@id\":\"https:\\\/\\\/www.geopolitics.fr\\\/2024\\\/12\\\/04\\\/interview-de-monsieur-anicet-georges-dologuele\\\/#primaryimage\"},\"thumbnailUrl\":\"https:\\\/\\\/www.geopolitics.fr\\\/wp-content\\\/uploads\\\/2024\\\/12\\\/dologo-final.jpg\",\"articleSection\":[\"Mis en AVANT\",\"Politique\"],\"inLanguage\":\"en-GB\"},{\"@type\":\"WebPage\",\"@id\":\"https:\\\/\\\/www.geopolitics.fr\\\/2024\\\/12\\\/04\\\/interview-de-monsieur-anicet-georges-dologuele\\\/\",\"url\":\"https:\\\/\\\/www.geopolitics.fr\\\/2024\\\/12\\\/04\\\/interview-de-monsieur-anicet-georges-dologuele\\\/\",\"name\":\"INTERVIEW DE MONSIEUR ANICET GEORGES DOLOGUELE Ancien Premier ministre de la R\u00e9publique centrafricaine | Geopolitics.fr\",\"isPartOf\":{\"@id\":\"https:\\\/\\\/www.geopolitics.fr\\\/#website\"},\"primaryImageOfPage\":{\"@id\":\"https:\\\/\\\/www.geopolitics.fr\\\/2024\\\/12\\\/04\\\/interview-de-monsieur-anicet-georges-dologuele\\\/#primaryimage\"},\"image\":{\"@id\":\"https:\\\/\\\/www.geopolitics.fr\\\/2024\\\/12\\\/04\\\/interview-de-monsieur-anicet-georges-dologuele\\\/#primaryimage\"},\"thumbnailUrl\":\"https:\\\/\\\/www.geopolitics.fr\\\/wp-content\\\/uploads\\\/2024\\\/12\\\/dologo-final.jpg\",\"datePublished\":\"2024-12-04T10:06:16+00:00\",\"dateModified\":\"2024-12-05T15:58:37+00:00\",\"breadcrumb\":{\"@id\":\"https:\\\/\\\/www.geopolitics.fr\\\/2024\\\/12\\\/04\\\/interview-de-monsieur-anicet-georges-dologuele\\\/#breadcrumb\"},\"inLanguage\":\"en-GB\",\"potentialAction\":[{\"@type\":\"ReadAction\",\"target\":[\"https:\\\/\\\/www.geopolitics.fr\\\/2024\\\/12\\\/04\\\/interview-de-monsieur-anicet-georges-dologuele\\\/\"]}]},{\"@type\":\"ImageObject\",\"inLanguage\":\"en-GB\",\"@id\":\"https:\\\/\\\/www.geopolitics.fr\\\/2024\\\/12\\\/04\\\/interview-de-monsieur-anicet-georges-dologuele\\\/#primaryimage\",\"url\":\"https:\\\/\\\/www.geopolitics.fr\\\/wp-content\\\/uploads\\\/2024\\\/12\\\/dologo-final.jpg\",\"contentUrl\":\"https:\\\/\\\/www.geopolitics.fr\\\/wp-content\\\/uploads\\\/2024\\\/12\\\/dologo-final.jpg\",\"width\":1455,\"height\":1257},{\"@type\":\"BreadcrumbList\",\"@id\":\"https:\\\/\\\/www.geopolitics.fr\\\/2024\\\/12\\\/04\\\/interview-de-monsieur-anicet-georges-dologuele\\\/#breadcrumb\",\"itemListElement\":[{\"@type\":\"ListItem\",\"position\":1,\"name\":\"Accueil\",\"item\":\"https:\\\/\\\/www.geopolitics.fr\\\/\"},{\"@type\":\"ListItem\",\"position\":2,\"name\":\"INTERVIEW DE MONSIEUR ANICET GEORGES DOLOGUELE Ancien Premier ministre de la R\u00e9publique centrafricaine\"}]},{\"@type\":\"WebSite\",\"@id\":\"https:\\\/\\\/www.geopolitics.fr\\\/#website\",\"url\":\"https:\\\/\\\/www.geopolitics.fr\\\/\",\"name\":\"Geopolitics.fr\",\"description\":\"Geopolitics.fr Analyse politique, relations internationales, d\u00e9fense - ligne \u00e9ditoriale gaullo-chiraquienne\",\"publisher\":{\"@id\":\"https:\\\/\\\/www.geopolitics.fr\\\/#organization\"},\"potentialAction\":[{\"@type\":\"SearchAction\",\"target\":{\"@type\":\"EntryPoint\",\"urlTemplate\":\"https:\\\/\\\/www.geopolitics.fr\\\/?s={search_term_string}\"},\"query-input\":{\"@type\":\"PropertyValueSpecification\",\"valueRequired\":true,\"valueName\":\"search_term_string\"}}],\"inLanguage\":\"en-GB\"},{\"@type\":\"Organization\",\"@id\":\"https:\\\/\\\/www.geopolitics.fr\\\/#organization\",\"name\":\"Geopolitics.fr\",\"url\":\"https:\\\/\\\/www.geopolitics.fr\\\/\",\"logo\":{\"@type\":\"ImageObject\",\"inLanguage\":\"en-GB\",\"@id\":\"https:\\\/\\\/www.geopolitics.fr\\\/#\\\/schema\\\/logo\\\/image\\\/\",\"url\":\"https:\\\/\\\/www.geopolitics.fr\\\/wp-content\\\/uploads\\\/2024\\\/01\\\/logo.jpg\",\"contentUrl\":\"https:\\\/\\\/www.geopolitics.fr\\\/wp-content\\\/uploads\\\/2024\\\/01\\\/logo.jpg\",\"width\":500,\"height\":500,\"caption\":\"Geopolitics.fr\"},\"image\":{\"@id\":\"https:\\\/\\\/www.geopolitics.fr\\\/#\\\/schema\\\/logo\\\/image\\\/\"},\"sameAs\":[\"https:\\\/\\\/www.facebook.com\\\/people\\\/Erwan-Davoux\\\/61557098968092\\\/\",\"https:\\\/\\\/x.com\\\/Geopolitics_Fr\"]},{\"@type\":\"Person\",\"@id\":\"https:\\\/\\\/www.geopolitics.fr\\\/#\\\/schema\\\/person\\\/a487273e91313e368925717400fa1b11\",\"name\":\"Erwan Davoux\",\"image\":{\"@type\":\"ImageObject\",\"inLanguage\":\"en-GB\",\"@id\":\"https:\\\/\\\/www.geopolitics.fr\\\/wp-content\\\/uploads\\\/2026\\\/05\\\/moi-96x96.jpg\",\"url\":\"https:\\\/\\\/www.geopolitics.fr\\\/wp-content\\\/uploads\\\/2026\\\/05\\\/moi-96x96.jpg\",\"contentUrl\":\"https:\\\/\\\/www.geopolitics.fr\\\/wp-content\\\/uploads\\\/2026\\\/05\\\/moi-96x96.jpg\",\"caption\":\"Erwan Davoux\"},\"description\":\"Erwan DAVOUX est Pr\u00e9sident de LMD CONSEIL, (conseil strat\u00e9gique, intelligence \u00e9conomique, risque g\u00e9opolitique, influence politique, diplomatie \u00e9conomique). Dipl\u00f4m\u00e9 de l'IEP de Paris et de l'INALCO (d\u00e9partement d'\u00e9tudes arabes), il est directeur de la publication de geopolitics.fr. Ancien fonctionnaire au Minist\u00e8re de l'Int\u00e9rieur et de la D\u00e9fense (DGSE) Ancien charg\u00e9 de Mission \u00e0 la Pr\u00e9sidence de la R\u00e9publique (cellule diplomatique) Conseil de nombreuses personnalit\u00e9s politiques \u00e0 l'International (dont deux anciens Premiers ministres).\",\"sameAs\":[\"Erwan Davoux\",\"@erwandavoux\",\"https:\\\/\\\/www.linkedin.com\\\/in\\\/erwan-davoux-6800b289\\\/\",\"https:\\\/\\\/x.com\\\/@erwandavoux @Geo_politicsfr\"],\"url\":\"https:\\\/\\\/www.geopolitics.fr\\\/en\\\/author\\\/erwan-davoux\\\/\"}]}<\/script>\n<!-- \/ Yoast SEO Premium plugin. -->","yoast_head_json":{"title":"INTERVIEW DE MONSIEUR ANICET GEORGES DOLOGUELE Ancien Premier ministre de la R\u00e9publique centrafricaine | Geopolitics.fr","robots":{"index":"index","follow":"follow","max-snippet":"max-snippet:-1","max-image-preview":"max-image-preview:large","max-video-preview":"max-video-preview:-1"},"canonical":"https:\/\/www.geopolitics.fr\/en\/2024\/12\/04\/interview-de-monsieur-anicet-georges-dologuele\/","og_locale":"en_GB","og_type":"article","og_title":"INTERVIEW DE MONSIEUR ANICET GEORGES DOLOGUELE Ancien Premier ministre de la R\u00e9publique centrafricaine","og_description":"\u00ab\u00a0Si la France avait fourni au Pr\u00e9sident de mon pays les quelques armes qu\u2019il sollicitait en 2016 pour \u00e9quiper l\u2019embryon de l\u2019arm\u00e9e&hellip;","og_url":"https:\/\/www.geopolitics.fr\/en\/2024\/12\/04\/interview-de-monsieur-anicet-georges-dologuele\/","og_site_name":"Geopolitics.fr","article_publisher":"https:\/\/www.facebook.com\/people\/Erwan-Davoux\/61557098968092\/","article_author":"Erwan Davoux","article_published_time":"2024-12-04T10:06:16+00:00","article_modified_time":"2024-12-05T15:58:37+00:00","og_image":[{"width":1455,"height":1257,"url":"https:\/\/www.geopolitics.fr\/wp-content\/uploads\/2024\/12\/dologo-final.jpg","type":"image\/jpeg"}],"author":"Erwan Davoux","twitter_card":"summary_large_image","twitter_creator":"@erwandavoux @Geo_politicsfr","twitter_site":"@Geopolitics_Fr","twitter_misc":{"Written by":"Erwan Davoux","Estimated reading time":"9 minutes"},"schema":{"@context":"https:\/\/schema.org","@graph":[{"@type":"Article","@id":"https:\/\/www.geopolitics.fr\/2024\/12\/04\/interview-de-monsieur-anicet-georges-dologuele\/#article","isPartOf":{"@id":"https:\/\/www.geopolitics.fr\/2024\/12\/04\/interview-de-monsieur-anicet-georges-dologuele\/"},"author":{"name":"Erwan Davoux","@id":"https:\/\/www.geopolitics.fr\/#\/schema\/person\/a487273e91313e368925717400fa1b11"},"headline":"INTERVIEW DE MONSIEUR ANICET GEORGES DOLOGUELE Ancien Premier ministre de la R\u00e9publique centrafricaine","datePublished":"2024-12-04T10:06:16+00:00","dateModified":"2024-12-05T15:58:37+00:00","mainEntityOfPage":{"@id":"https:\/\/www.geopolitics.fr\/2024\/12\/04\/interview-de-monsieur-anicet-georges-dologuele\/"},"wordCount":1876,"commentCount":0,"publisher":{"@id":"https:\/\/www.geopolitics.fr\/#organization"},"image":{"@id":"https:\/\/www.geopolitics.fr\/2024\/12\/04\/interview-de-monsieur-anicet-georges-dologuele\/#primaryimage"},"thumbnailUrl":"https:\/\/www.geopolitics.fr\/wp-content\/uploads\/2024\/12\/dologo-final.jpg","articleSection":["Mis en AVANT","Politique"],"inLanguage":"en-GB"},{"@type":"WebPage","@id":"https:\/\/www.geopolitics.fr\/2024\/12\/04\/interview-de-monsieur-anicet-georges-dologuele\/","url":"https:\/\/www.geopolitics.fr\/2024\/12\/04\/interview-de-monsieur-anicet-georges-dologuele\/","name":"INTERVIEW DE MONSIEUR ANICET GEORGES DOLOGUELE Ancien Premier ministre de la R\u00e9publique centrafricaine | Geopolitics.fr","isPartOf":{"@id":"https:\/\/www.geopolitics.fr\/#website"},"primaryImageOfPage":{"@id":"https:\/\/www.geopolitics.fr\/2024\/12\/04\/interview-de-monsieur-anicet-georges-dologuele\/#primaryimage"},"image":{"@id":"https:\/\/www.geopolitics.fr\/2024\/12\/04\/interview-de-monsieur-anicet-georges-dologuele\/#primaryimage"},"thumbnailUrl":"https:\/\/www.geopolitics.fr\/wp-content\/uploads\/2024\/12\/dologo-final.jpg","datePublished":"2024-12-04T10:06:16+00:00","dateModified":"2024-12-05T15:58:37+00:00","breadcrumb":{"@id":"https:\/\/www.geopolitics.fr\/2024\/12\/04\/interview-de-monsieur-anicet-georges-dologuele\/#breadcrumb"},"inLanguage":"en-GB","potentialAction":[{"@type":"ReadAction","target":["https:\/\/www.geopolitics.fr\/2024\/12\/04\/interview-de-monsieur-anicet-georges-dologuele\/"]}]},{"@type":"ImageObject","inLanguage":"en-GB","@id":"https:\/\/www.geopolitics.fr\/2024\/12\/04\/interview-de-monsieur-anicet-georges-dologuele\/#primaryimage","url":"https:\/\/www.geopolitics.fr\/wp-content\/uploads\/2024\/12\/dologo-final.jpg","contentUrl":"https:\/\/www.geopolitics.fr\/wp-content\/uploads\/2024\/12\/dologo-final.jpg","width":1455,"height":1257},{"@type":"BreadcrumbList","@id":"https:\/\/www.geopolitics.fr\/2024\/12\/04\/interview-de-monsieur-anicet-georges-dologuele\/#breadcrumb","itemListElement":[{"@type":"ListItem","position":1,"name":"Accueil","item":"https:\/\/www.geopolitics.fr\/"},{"@type":"ListItem","position":2,"name":"INTERVIEW DE MONSIEUR ANICET GEORGES DOLOGUELE Ancien Premier ministre de la R\u00e9publique centrafricaine"}]},{"@type":"WebSite","@id":"https:\/\/www.geopolitics.fr\/#website","url":"https:\/\/www.geopolitics.fr\/","name":"Geopolitics.fr","description":"Geopolitics.fr Analyse politique, relations internationales, d\u00e9fense - ligne \u00e9ditoriale gaullo-chiraquienne","publisher":{"@id":"https:\/\/www.geopolitics.fr\/#organization"},"potentialAction":[{"@type":"SearchAction","target":{"@type":"EntryPoint","urlTemplate":"https:\/\/www.geopolitics.fr\/?s={search_term_string}"},"query-input":{"@type":"PropertyValueSpecification","valueRequired":true,"valueName":"search_term_string"}}],"inLanguage":"en-GB"},{"@type":"Organization","@id":"https:\/\/www.geopolitics.fr\/#organization","name":"Geopolitics.fr","url":"https:\/\/www.geopolitics.fr\/","logo":{"@type":"ImageObject","inLanguage":"en-GB","@id":"https:\/\/www.geopolitics.fr\/#\/schema\/logo\/image\/","url":"https:\/\/www.geopolitics.fr\/wp-content\/uploads\/2024\/01\/logo.jpg","contentUrl":"https:\/\/www.geopolitics.fr\/wp-content\/uploads\/2024\/01\/logo.jpg","width":500,"height":500,"caption":"Geopolitics.fr"},"image":{"@id":"https:\/\/www.geopolitics.fr\/#\/schema\/logo\/image\/"},"sameAs":["https:\/\/www.facebook.com\/people\/Erwan-Davoux\/61557098968092\/","https:\/\/x.com\/Geopolitics_Fr"]},{"@type":"Person","@id":"https:\/\/www.geopolitics.fr\/#\/schema\/person\/a487273e91313e368925717400fa1b11","name":"Erwan Davoux","image":{"@type":"ImageObject","inLanguage":"en-GB","@id":"https:\/\/www.geopolitics.fr\/wp-content\/uploads\/2026\/05\/moi-96x96.jpg","url":"https:\/\/www.geopolitics.fr\/wp-content\/uploads\/2026\/05\/moi-96x96.jpg","contentUrl":"https:\/\/www.geopolitics.fr\/wp-content\/uploads\/2026\/05\/moi-96x96.jpg","caption":"Erwan Davoux"},"description":"Erwan DAVOUX est Pr\u00e9sident de LMD CONSEIL, (conseil strat\u00e9gique, intelligence \u00e9conomique, risque g\u00e9opolitique, influence politique, diplomatie \u00e9conomique). Dipl\u00f4m\u00e9 de l'IEP de Paris et de l'INALCO (d\u00e9partement d'\u00e9tudes arabes), il est directeur de la publication de geopolitics.fr. Ancien fonctionnaire au Minist\u00e8re de l'Int\u00e9rieur et de la D\u00e9fense (DGSE) Ancien charg\u00e9 de Mission \u00e0 la Pr\u00e9sidence de la R\u00e9publique (cellule diplomatique) Conseil de nombreuses personnalit\u00e9s politiques \u00e0 l'International (dont deux anciens Premiers ministres).","sameAs":["Erwan Davoux","@erwandavoux","https:\/\/www.linkedin.com\/in\/erwan-davoux-6800b289\/","https:\/\/x.com\/@erwandavoux @Geo_politicsfr"],"url":"https:\/\/www.geopolitics.fr\/en\/author\/erwan-davoux\/"}]}},"_links":{"self":[{"href":"https:\/\/www.geopolitics.fr\/en\/wp-json\/wp\/v2\/posts\/3206","targetHints":{"allow":["GET"]}}],"collection":[{"href":"https:\/\/www.geopolitics.fr\/en\/wp-json\/wp\/v2\/posts"}],"about":[{"href":"https:\/\/www.geopolitics.fr\/en\/wp-json\/wp\/v2\/types\/post"}],"author":[{"embeddable":true,"href":"https:\/\/www.geopolitics.fr\/en\/wp-json\/wp\/v2\/users\/16"}],"replies":[{"embeddable":true,"href":"https:\/\/www.geopolitics.fr\/en\/wp-json\/wp\/v2\/comments?post=3206"}],"version-history":[{"count":0,"href":"https:\/\/www.geopolitics.fr\/en\/wp-json\/wp\/v2\/posts\/3206\/revisions"}],"wp:featuredmedia":[{"embeddable":true,"href":"https:\/\/www.geopolitics.fr\/en\/wp-json\/wp\/v2\/media\/3216"}],"wp:attachment":[{"href":"https:\/\/www.geopolitics.fr\/en\/wp-json\/wp\/v2\/media?parent=3206"}],"wp:term":[{"taxonomy":"category","embeddable":true,"href":"https:\/\/www.geopolitics.fr\/en\/wp-json\/wp\/v2\/categories?post=3206"},{"taxonomy":"post_tag","embeddable":true,"href":"https:\/\/www.geopolitics.fr\/en\/wp-json\/wp\/v2\/tags?post=3206"}],"curies":[{"name":"wp","href":"https:\/\/api.w.org\/{rel}","templated":true}]}}