{"id":3198,"date":"2024-11-29T17:35:23","date_gmt":"2024-11-29T16:35:23","guid":{"rendered":"https:\/\/www.geopolitics.fr\/?p=3198"},"modified":"2024-11-29T17:35:25","modified_gmt":"2024-11-29T16:35:25","slug":"nouvelle-embrouille-sur-laide-humanitaire-europeenne-lue-rappelle-son-ambassadeur-au-niger","status":"publish","type":"post","link":"https:\/\/www.geopolitics.fr\/en\/2024\/11\/29\/nouvelle-embrouille-sur-laide-humanitaire-europeenne-lue-rappelle-son-ambassadeur-au-niger\/","title":{"rendered":"Nouvelle embrouille sur l&rsquo;aide humanitaire europ\u00e9enne, l&rsquo;UE rappelle son ambassadeur au Niger"},"content":{"rendered":"<p class=\"has-medium-font-size wp-block-paragraph\"><em>Information pass\u00e9e sous les radars, l&rsquo;ambassadeur repr\u00e9sentant l&rsquo;Union Europ\u00e9enne au Niger a \u00e9t\u00e9 rappel\u00e9 \u00e0 Bruxelles pour consultations, a-t-on appris samedi dernier. L&rsquo;Union europ\u00e9enne d\u00e9nonce une \u00ab&nbsp;remise en cause&nbsp;\u00bb des modalit\u00e9s de gestion de l&rsquo;aide humanitaire qu&rsquo;elle a apport\u00e9e dans le pays apr\u00e8s des inondations, tandis que Niamey n&rsquo;a pas appr\u00e9ci\u00e9 de ne pas avoir \u00e9t\u00e9 inform\u00e9 de l&rsquo;octroi d&rsquo;une enveloppe d&rsquo;aide de 1,3 million d&rsquo;euros \u00e0 des ONG.<\/em><\/p>\n\n\n\n<p class=\"has-medium-font-size wp-block-paragraph\">Nouvelle tension entre le r\u00e9gime militaire nig\u00e9rien et Bruxelles. L&rsquo;Union europ\u00e9enne a annonc\u00e9, samedi 23 novembre dernier, avoir rappel\u00e9 pour consultations son ambassadeur au Niger.<\/p>\n\n\n\n<p class=\"has-medium-font-size wp-block-paragraph\">La commission Bruxelloise justifie le rappel de son repr\u00e9sentant en raison de son \u00ab\u00a0<strong>profond d\u00e9saccord\u00a0\u00bb apr\u00e8s ce qu&rsquo;elle d\u00e9nonce comme une \u00ab\u00a0remise en cause\u00a0\u00bb des modalit\u00e9s de gestion de l&rsquo;aide humanitaire qu&rsquo;elle a apport\u00e9e aux victimes des graves inondations ayant frapp\u00e9 le pays, a indiqu\u00e9 un porte-parole du service diplomatique europ\u00e9en \u00e0 <em>GEOpolitic<\/em>s.fr<\/strong><\/p>\n\n\n\n<p class=\"has-medium-font-size wp-block-paragraph\">Les autorit\u00e9s de transition du Nig\u00e9riennes ont quant \u00e0 eux, d\u00e9nonc\u00e9 vendredi dernier par voie de communiqu\u00e9, l&rsquo;octroi par l&rsquo;UE d&rsquo;une aide humanitaire de 1,3 million d&rsquo;euros \u00e0 des ONG, sans qu&rsquo;elles en aient \u00e9t\u00e9 inform\u00e9es au pr\u00e9alable.<\/p>\n\n\n\n<h2 class=\"wp-block-heading\" id=\"h-le-niger-demande-un-audit-sur-la-gestion-des-fonds-octroyes-aux-ong\"><strong>Le Niger demande un audit sur la gestion des fonds octroy\u00e9s aux ONG<\/strong><\/h2>\n\n\n\n<p class=\"has-medium-font-size wp-block-paragraph\">\u00ab\u00a0<strong><em>L&rsquo;ambassadeur de l&rsquo;UE au Niger a, de mani\u00e8re unilat\u00e9rale\u00a0<\/em>\u00bb, redistribu\u00e9 cette aide \u00e0 des ONG, \u00ab\u00a0<em>au m\u00e9pris des principes de transparence et de bonne collaboration avec les autorit\u00e9s nig\u00e9riennes comp\u00e9tentes<\/em>\u00a0\u00bb,<\/strong> apprend-t-on dans ce communiqu\u00e9, qui ajoute \u00e9galement qu&rsquo;un <strong>\u00ab<em>\u00a0audit<\/em>\u00a0\u00bb<\/strong> sur la gestion des fonds en question a \u00e9t\u00e9 demand\u00e9. Clairement\u00a0: \u00e0 qui, o\u00f9, quand et pourquoi faire\u00a0?<\/p>\n\n\n\n<p class=\"has-medium-font-size wp-block-paragraph\">De son c\u00f4t\u00e9, la commission de l\u2019Union Europ\u00e9enne se dit \u00ab\u00a0<em>vouloir continuer \u00e0 soutenir la population<\/em>\u00a0\u00bb, selon son porte-parole. \u00ab\u00a0<em>L&rsquo;aide humanitaire est essentielle, elle est apport\u00e9e de mani\u00e8re neutre, impartiale et ind\u00e9pendante, et est mise en \u0153uvre par des agences des Nations unies et des organisations et ONG internationales. Rien ne devrait justifier l&rsquo;instrumentalisation de l&rsquo;aide humanitaire \u00e0 des fins politiques.<\/em>\u00a0\u00bb <strong>Alors pourquoi s\u2019opposer \u00e0 cette demande souveraine d\u2019\u00e9claircissements, peu importe la qualit\u00e9 du r\u00e9gime actuel et que ce dernier convienne ou non \u00e0 l\u2019Occident\u00a0?<\/strong><\/p>\n\n\n\n<p class=\"has-medium-font-size wp-block-paragraph\">Le r\u00e9gime militaire au Niger entretient certes des relations compliqu\u00e9es avec les Europ\u00e9ens, en particulier avec la France son ancienne puissance coloniale, c\u2019est un fait.<\/p>\n\n\n\n<p class=\"has-medium-font-size wp-block-paragraph\">Les relations diplomatiques entre Paris et Niamey sont quasiment rompues depuis l&rsquo;arriv\u00e9e au pouvoir des g\u00e9n\u00e9raux par un coup d&rsquo;\u00c9tat en juillet 2023 ayant eu pour effet de renverser le pr\u00e9sident Mohamed Bazoum.<\/p>\n\n\n\n<p class=\"has-medium-font-size wp-block-paragraph\">Pour autant, l\u2019Union Europ\u00e9enne est loin d\u2019\u00eatre un exemple en mati\u00e8re de transparence quant \u00e0 la gestion de ses fonds humanitaires, comme l\u2019a d\u00e9j\u00e0 relev\u00e9 <em>GEOpolitics<\/em>.fr et \u00e0 relire ici\u00a0:<\/p>\n\n\n\n<p class=\"wp-block-paragraph\"><a href=\"https:\/\/www.geopolitics.fr\/en\/2024\/11\/19\/les-finances-de-lunion-europeenne-sont-elles-au-service-des-violations-des-droits-de-lhomme-et-des-trafiquants\/\">Les finances de l&rsquo;Union Europ\u00e9enne sont-elles au service des violations des droits de l&rsquo;homme et des trafiquants&nbsp;? | Geopolitics.fr<\/a><\/p>","protected":false},"excerpt":{"rendered":"<p>Information pass\u00e9e sous les radars, l&rsquo;ambassadeur repr\u00e9sentant l&rsquo;Union Europ\u00e9enne au Niger a \u00e9t\u00e9 rappel\u00e9 \u00e0 Bruxelles pour consultations, a-t-on appris samedi dernier.&hellip;<\/p>","protected":false},"author":93,"featured_media":3199,"comment_status":"open","ping_status":"open","sticky":false,"template":"","format":"standard","meta":{"_lmt_disableupdate":"","_lmt_disable":"","footnotes":""},"categories":[41,5],"tags":[],"class_list":["post-3198","post","type-post","status-publish","format-standard","has-post-thumbnail","hentry","category-actualite","category-international"],"yoast_head":"<!-- This site is optimized with the Yoast SEO Premium plugin v28.1 (Yoast SEO v28.1) - https:\/\/yoast.com\/product\/yoast-seo-premium-wordpress\/ -->\n<title>Nouvelle embrouille sur l&#039;aide humanitaire europ\u00e9enne, l&#039;UE rappelle son ambassadeur au Niger | Geopolitics.fr<\/title>\n<meta name=\"description\" content=\"L&#039;Union Europ\u00e9enne rappelle son ambassadeur \u00e0 Niamey suite \u00e0 des injonctions du r\u00e9gime militaire de contr\u00f4ler l&#039;aide humanitaire\" \/>\n<meta name=\"robots\" content=\"index, follow, max-snippet:-1, max-image-preview:large, max-video-preview:-1\" \/>\n<link rel=\"canonical\" href=\"https:\/\/www.geopolitics.fr\/en\/2024\/11\/29\/nouvelle-embrouille-sur-laide-humanitaire-europeenne-lue-rappelle-son-ambassadeur-au-niger\/\" \/>\n<meta property=\"og:locale\" content=\"en_GB\" \/>\n<meta property=\"og:type\" content=\"article\" \/>\n<meta property=\"og:title\" content=\"Nouvelle embrouille sur l&#039;aide humanitaire europ\u00e9enne, l&#039;UE rappelle son ambassadeur au Niger\" \/>\n<meta property=\"og:description\" content=\"L&#039;Union Europ\u00e9enne rappelle son ambassadeur \u00e0 Niamey suite \u00e0 des injonctions du r\u00e9gime militaire de contr\u00f4ler l&#039;aide humanitaire\" \/>\n<meta property=\"og:url\" content=\"https:\/\/www.geopolitics.fr\/en\/2024\/11\/29\/nouvelle-embrouille-sur-laide-humanitaire-europeenne-lue-rappelle-son-ambassadeur-au-niger\/\" \/>\n<meta property=\"og:site_name\" content=\"Geopolitics.fr\" \/>\n<meta property=\"article:publisher\" content=\"https:\/\/www.facebook.com\/people\/Erwan-Davoux\/61557098968092\/\" \/>\n<meta property=\"article:author\" content=\"https:\/\/www.facebook.com\/odelagarde\" \/>\n<meta property=\"article:published_time\" content=\"2024-11-29T16:35:23+00:00\" \/>\n<meta property=\"article:modified_time\" content=\"2024-11-29T16:35:25+00:00\" \/>\n<meta property=\"og:image\" content=\"https:\/\/www.geopolitics.fr\/wp-content\/uploads\/2024\/11\/Siege-UE-Bruxelles.jpg\" \/>\n\t<meta property=\"og:image:width\" content=\"1280\" \/>\n\t<meta property=\"og:image:height\" content=\"854\" \/>\n\t<meta property=\"og:image:type\" content=\"image\/jpeg\" \/>\n<meta name=\"author\" content=\"Olivier DELAGARDE\" \/>\n<meta name=\"twitter:card\" content=\"summary_large_image\" \/>\n<meta name=\"twitter:creator\" content=\"@Geopolitics_Fr\" \/>\n<meta name=\"twitter:site\" content=\"@Geopolitics_Fr\" \/>\n<meta name=\"twitter:label1\" content=\"Written by\" \/>\n\t<meta name=\"twitter:data1\" content=\"Olivier DELAGARDE\" \/>\n\t<meta name=\"twitter:label2\" content=\"Estimated reading time\" \/>\n\t<meta name=\"twitter:data2\" content=\"3 minutes\" \/>\n<script type=\"application\/ld+json\" class=\"yoast-schema-graph\">{\"@context\":\"https:\\\/\\\/schema.org\",\"@graph\":[{\"@type\":\"Article\",\"@id\":\"https:\\\/\\\/www.geopolitics.fr\\\/2024\\\/11\\\/29\\\/nouvelle-embrouille-sur-laide-humanitaire-europeenne-lue-rappelle-son-ambassadeur-au-niger\\\/#article\",\"isPartOf\":{\"@id\":\"https:\\\/\\\/www.geopolitics.fr\\\/2024\\\/11\\\/29\\\/nouvelle-embrouille-sur-laide-humanitaire-europeenne-lue-rappelle-son-ambassadeur-au-niger\\\/\"},\"author\":{\"name\":\"Olivier DELAGARDE\",\"@id\":\"https:\\\/\\\/www.geopolitics.fr\\\/#\\\/schema\\\/person\\\/9b98d78234af63d6ad71199d66115350\"},\"headline\":\"Nouvelle embrouille sur l&rsquo;aide humanitaire europ\u00e9enne, l&rsquo;UE rappelle son ambassadeur au Niger\",\"datePublished\":\"2024-11-29T16:35:23+00:00\",\"dateModified\":\"2024-11-29T16:35:25+00:00\",\"mainEntityOfPage\":{\"@id\":\"https:\\\/\\\/www.geopolitics.fr\\\/2024\\\/11\\\/29\\\/nouvelle-embrouille-sur-laide-humanitaire-europeenne-lue-rappelle-son-ambassadeur-au-niger\\\/\"},\"wordCount\":535,\"commentCount\":0,\"publisher\":{\"@id\":\"https:\\\/\\\/www.geopolitics.fr\\\/#organization\"},\"image\":{\"@id\":\"https:\\\/\\\/www.geopolitics.fr\\\/2024\\\/11\\\/29\\\/nouvelle-embrouille-sur-laide-humanitaire-europeenne-lue-rappelle-son-ambassadeur-au-niger\\\/#primaryimage\"},\"thumbnailUrl\":\"https:\\\/\\\/www.geopolitics.fr\\\/wp-content\\\/uploads\\\/2024\\\/11\\\/Siege-UE-Bruxelles.jpg\",\"articleSection\":[\"Actualit\u00e9\",\"International\"],\"inLanguage\":\"en-GB\"},{\"@type\":\"WebPage\",\"@id\":\"https:\\\/\\\/www.geopolitics.fr\\\/2024\\\/11\\\/29\\\/nouvelle-embrouille-sur-laide-humanitaire-europeenne-lue-rappelle-son-ambassadeur-au-niger\\\/\",\"url\":\"https:\\\/\\\/www.geopolitics.fr\\\/2024\\\/11\\\/29\\\/nouvelle-embrouille-sur-laide-humanitaire-europeenne-lue-rappelle-son-ambassadeur-au-niger\\\/\",\"name\":\"Nouvelle embrouille sur l'aide humanitaire europ\u00e9enne, l'UE rappelle son ambassadeur au Niger | Geopolitics.fr\",\"isPartOf\":{\"@id\":\"https:\\\/\\\/www.geopolitics.fr\\\/#website\"},\"primaryImageOfPage\":{\"@id\":\"https:\\\/\\\/www.geopolitics.fr\\\/2024\\\/11\\\/29\\\/nouvelle-embrouille-sur-laide-humanitaire-europeenne-lue-rappelle-son-ambassadeur-au-niger\\\/#primaryimage\"},\"image\":{\"@id\":\"https:\\\/\\\/www.geopolitics.fr\\\/2024\\\/11\\\/29\\\/nouvelle-embrouille-sur-laide-humanitaire-europeenne-lue-rappelle-son-ambassadeur-au-niger\\\/#primaryimage\"},\"thumbnailUrl\":\"https:\\\/\\\/www.geopolitics.fr\\\/wp-content\\\/uploads\\\/2024\\\/11\\\/Siege-UE-Bruxelles.jpg\",\"datePublished\":\"2024-11-29T16:35:23+00:00\",\"dateModified\":\"2024-11-29T16:35:25+00:00\",\"description\":\"L'Union Europ\u00e9enne rappelle son ambassadeur \u00e0 Niamey suite \u00e0 des injonctions du r\u00e9gime militaire de contr\u00f4ler l'aide humanitaire\",\"breadcrumb\":{\"@id\":\"https:\\\/\\\/www.geopolitics.fr\\\/2024\\\/11\\\/29\\\/nouvelle-embrouille-sur-laide-humanitaire-europeenne-lue-rappelle-son-ambassadeur-au-niger\\\/#breadcrumb\"},\"inLanguage\":\"en-GB\",\"potentialAction\":[{\"@type\":\"ReadAction\",\"target\":[\"https:\\\/\\\/www.geopolitics.fr\\\/2024\\\/11\\\/29\\\/nouvelle-embrouille-sur-laide-humanitaire-europeenne-lue-rappelle-son-ambassadeur-au-niger\\\/\"]}]},{\"@type\":\"ImageObject\",\"inLanguage\":\"en-GB\",\"@id\":\"https:\\\/\\\/www.geopolitics.fr\\\/2024\\\/11\\\/29\\\/nouvelle-embrouille-sur-laide-humanitaire-europeenne-lue-rappelle-son-ambassadeur-au-niger\\\/#primaryimage\",\"url\":\"https:\\\/\\\/www.geopolitics.fr\\\/wp-content\\\/uploads\\\/2024\\\/11\\\/Siege-UE-Bruxelles.jpg\",\"contentUrl\":\"https:\\\/\\\/www.geopolitics.fr\\\/wp-content\\\/uploads\\\/2024\\\/11\\\/Siege-UE-Bruxelles.jpg\",\"width\":1280,\"height\":854},{\"@type\":\"BreadcrumbList\",\"@id\":\"https:\\\/\\\/www.geopolitics.fr\\\/2024\\\/11\\\/29\\\/nouvelle-embrouille-sur-laide-humanitaire-europeenne-lue-rappelle-son-ambassadeur-au-niger\\\/#breadcrumb\",\"itemListElement\":[{\"@type\":\"ListItem\",\"position\":1,\"name\":\"Accueil\",\"item\":\"https:\\\/\\\/www.geopolitics.fr\\\/\"},{\"@type\":\"ListItem\",\"position\":2,\"name\":\"Nouvelle embrouille sur l&#8217;aide humanitaire europ\u00e9enne, l&#8217;UE rappelle son ambassadeur au Niger\"}]},{\"@type\":\"WebSite\",\"@id\":\"https:\\\/\\\/www.geopolitics.fr\\\/#website\",\"url\":\"https:\\\/\\\/www.geopolitics.fr\\\/\",\"name\":\"Geopolitics.fr\",\"description\":\"Geopolitics.fr Analyse politique, relations internationales, d\u00e9fense - ligne \u00e9ditoriale gaullo-chiraquienne\",\"publisher\":{\"@id\":\"https:\\\/\\\/www.geopolitics.fr\\\/#organization\"},\"potentialAction\":[{\"@type\":\"SearchAction\",\"target\":{\"@type\":\"EntryPoint\",\"urlTemplate\":\"https:\\\/\\\/www.geopolitics.fr\\\/?s={search_term_string}\"},\"query-input\":{\"@type\":\"PropertyValueSpecification\",\"valueRequired\":true,\"valueName\":\"search_term_string\"}}],\"inLanguage\":\"en-GB\"},{\"@type\":\"Organization\",\"@id\":\"https:\\\/\\\/www.geopolitics.fr\\\/#organization\",\"name\":\"Geopolitics.fr\",\"url\":\"https:\\\/\\\/www.geopolitics.fr\\\/\",\"logo\":{\"@type\":\"ImageObject\",\"inLanguage\":\"en-GB\",\"@id\":\"https:\\\/\\\/www.geopolitics.fr\\\/#\\\/schema\\\/logo\\\/image\\\/\",\"url\":\"https:\\\/\\\/www.geopolitics.fr\\\/wp-content\\\/uploads\\\/2024\\\/01\\\/logo.jpg\",\"contentUrl\":\"https:\\\/\\\/www.geopolitics.fr\\\/wp-content\\\/uploads\\\/2024\\\/01\\\/logo.jpg\",\"width\":500,\"height\":500,\"caption\":\"Geopolitics.fr\"},\"image\":{\"@id\":\"https:\\\/\\\/www.geopolitics.fr\\\/#\\\/schema\\\/logo\\\/image\\\/\"},\"sameAs\":[\"https:\\\/\\\/www.facebook.com\\\/people\\\/Erwan-Davoux\\\/61557098968092\\\/\",\"https:\\\/\\\/x.com\\\/Geopolitics_Fr\"]},{\"@type\":\"Person\",\"@id\":\"https:\\\/\\\/www.geopolitics.fr\\\/#\\\/schema\\\/person\\\/9b98d78234af63d6ad71199d66115350\",\"name\":\"Olivier DELAGARDE\",\"image\":{\"@type\":\"ImageObject\",\"inLanguage\":\"en-GB\",\"@id\":\"https:\\\/\\\/secure.gravatar.com\\\/avatar\\\/2c50afbd303b51697d9591857ee182bf3ead572fa530da00bb0278cf506c3a97?s=96&d=mm&r=g\",\"url\":\"https:\\\/\\\/secure.gravatar.com\\\/avatar\\\/2c50afbd303b51697d9591857ee182bf3ead572fa530da00bb0278cf506c3a97?s=96&d=mm&r=g\",\"contentUrl\":\"https:\\\/\\\/secure.gravatar.com\\\/avatar\\\/2c50afbd303b51697d9591857ee182bf3ead572fa530da00bb0278cf506c3a97?s=96&d=mm&r=g\",\"caption\":\"Olivier DELAGARDE\"},\"description\":\"Journaliste depuis plus de 20 ans, accr\u00e9dit\u00e9 aupr\u00e8s de l'Organisation des Nations Unies, de la Ligue des Etats Arabes, titulaire de la Carte d'Identit\u00e9 des Journalistes Professionnels en France et de la F\u00e9d\u00e9ration Internationale des Journalistes, Olivier a occup\u00e9 le poste de Grand reporter correspondant permanent en \u00c9gypte pour des m\u00e9dias de renomm\u00e9e mondiale tels que TV5 MONDE, le GROUPE M6, le GROUPE TF1 ou encore l\u2019AFP. Durant plus de dix ann\u00e9es, il a produit de nombreux reportages sur la politique internationale en Afrique de l'Est, tout en couvrant les principaux conflits au Proche et Moyen-Orient. En tant que Chef de bureau Proche-Orient pour TV5 MONDE, il \u00e9tait responsable de la production de reportages, des relations institutionnelles et de la repr\u00e9sentation de la cha\u00eene, tout en \u00e9crivant pour plusieurs m\u00e9dias europ\u00e9ens et internationaux.\",\"sameAs\":[\"https:\\\/\\\/www.facebook.com\\\/odelagarde\",\"https:\\\/\\\/www.linkedin.com\\\/in\\\/olivier-delagarde-816b17270\\\/\"],\"url\":\"https:\\\/\\\/www.geopolitics.fr\\\/en\\\/author\\\/odelagarde\\\/\"}]}<\/script>\n<!-- \/ Yoast SEO Premium plugin. -->","yoast_head_json":{"title":"Nouvelle embrouille sur l'aide humanitaire europ\u00e9enne, l'UE rappelle son ambassadeur au Niger | Geopolitics.fr","description":"L'Union Europ\u00e9enne rappelle son ambassadeur \u00e0 Niamey suite \u00e0 des injonctions du r\u00e9gime militaire de contr\u00f4ler l'aide humanitaire","robots":{"index":"index","follow":"follow","max-snippet":"max-snippet:-1","max-image-preview":"max-image-preview:large","max-video-preview":"max-video-preview:-1"},"canonical":"https:\/\/www.geopolitics.fr\/en\/2024\/11\/29\/nouvelle-embrouille-sur-laide-humanitaire-europeenne-lue-rappelle-son-ambassadeur-au-niger\/","og_locale":"en_GB","og_type":"article","og_title":"Nouvelle embrouille sur l'aide humanitaire europ\u00e9enne, l'UE rappelle son ambassadeur au Niger","og_description":"L'Union Europ\u00e9enne rappelle son ambassadeur \u00e0 Niamey suite \u00e0 des injonctions du r\u00e9gime militaire de contr\u00f4ler l'aide humanitaire","og_url":"https:\/\/www.geopolitics.fr\/en\/2024\/11\/29\/nouvelle-embrouille-sur-laide-humanitaire-europeenne-lue-rappelle-son-ambassadeur-au-niger\/","og_site_name":"Geopolitics.fr","article_publisher":"https:\/\/www.facebook.com\/people\/Erwan-Davoux\/61557098968092\/","article_author":"https:\/\/www.facebook.com\/odelagarde","article_published_time":"2024-11-29T16:35:23+00:00","article_modified_time":"2024-11-29T16:35:25+00:00","og_image":[{"width":1280,"height":854,"url":"https:\/\/www.geopolitics.fr\/wp-content\/uploads\/2024\/11\/Siege-UE-Bruxelles.jpg","type":"image\/jpeg"}],"author":"Olivier DELAGARDE","twitter_card":"summary_large_image","twitter_creator":"@Geopolitics_Fr","twitter_site":"@Geopolitics_Fr","twitter_misc":{"Written by":"Olivier DELAGARDE","Estimated reading time":"3 minutes"},"schema":{"@context":"https:\/\/schema.org","@graph":[{"@type":"Article","@id":"https:\/\/www.geopolitics.fr\/2024\/11\/29\/nouvelle-embrouille-sur-laide-humanitaire-europeenne-lue-rappelle-son-ambassadeur-au-niger\/#article","isPartOf":{"@id":"https:\/\/www.geopolitics.fr\/2024\/11\/29\/nouvelle-embrouille-sur-laide-humanitaire-europeenne-lue-rappelle-son-ambassadeur-au-niger\/"},"author":{"name":"Olivier DELAGARDE","@id":"https:\/\/www.geopolitics.fr\/#\/schema\/person\/9b98d78234af63d6ad71199d66115350"},"headline":"Nouvelle embrouille sur l&rsquo;aide humanitaire europ\u00e9enne, l&rsquo;UE rappelle son ambassadeur au Niger","datePublished":"2024-11-29T16:35:23+00:00","dateModified":"2024-11-29T16:35:25+00:00","mainEntityOfPage":{"@id":"https:\/\/www.geopolitics.fr\/2024\/11\/29\/nouvelle-embrouille-sur-laide-humanitaire-europeenne-lue-rappelle-son-ambassadeur-au-niger\/"},"wordCount":535,"commentCount":0,"publisher":{"@id":"https:\/\/www.geopolitics.fr\/#organization"},"image":{"@id":"https:\/\/www.geopolitics.fr\/2024\/11\/29\/nouvelle-embrouille-sur-laide-humanitaire-europeenne-lue-rappelle-son-ambassadeur-au-niger\/#primaryimage"},"thumbnailUrl":"https:\/\/www.geopolitics.fr\/wp-content\/uploads\/2024\/11\/Siege-UE-Bruxelles.jpg","articleSection":["Actualit\u00e9","International"],"inLanguage":"en-GB"},{"@type":"WebPage","@id":"https:\/\/www.geopolitics.fr\/2024\/11\/29\/nouvelle-embrouille-sur-laide-humanitaire-europeenne-lue-rappelle-son-ambassadeur-au-niger\/","url":"https:\/\/www.geopolitics.fr\/2024\/11\/29\/nouvelle-embrouille-sur-laide-humanitaire-europeenne-lue-rappelle-son-ambassadeur-au-niger\/","name":"Nouvelle embrouille sur l'aide humanitaire europ\u00e9enne, l'UE rappelle son ambassadeur au Niger | Geopolitics.fr","isPartOf":{"@id":"https:\/\/www.geopolitics.fr\/#website"},"primaryImageOfPage":{"@id":"https:\/\/www.geopolitics.fr\/2024\/11\/29\/nouvelle-embrouille-sur-laide-humanitaire-europeenne-lue-rappelle-son-ambassadeur-au-niger\/#primaryimage"},"image":{"@id":"https:\/\/www.geopolitics.fr\/2024\/11\/29\/nouvelle-embrouille-sur-laide-humanitaire-europeenne-lue-rappelle-son-ambassadeur-au-niger\/#primaryimage"},"thumbnailUrl":"https:\/\/www.geopolitics.fr\/wp-content\/uploads\/2024\/11\/Siege-UE-Bruxelles.jpg","datePublished":"2024-11-29T16:35:23+00:00","dateModified":"2024-11-29T16:35:25+00:00","description":"L'Union Europ\u00e9enne rappelle son ambassadeur \u00e0 Niamey suite \u00e0 des injonctions du r\u00e9gime militaire de contr\u00f4ler l'aide humanitaire","breadcrumb":{"@id":"https:\/\/www.geopolitics.fr\/2024\/11\/29\/nouvelle-embrouille-sur-laide-humanitaire-europeenne-lue-rappelle-son-ambassadeur-au-niger\/#breadcrumb"},"inLanguage":"en-GB","potentialAction":[{"@type":"ReadAction","target":["https:\/\/www.geopolitics.fr\/2024\/11\/29\/nouvelle-embrouille-sur-laide-humanitaire-europeenne-lue-rappelle-son-ambassadeur-au-niger\/"]}]},{"@type":"ImageObject","inLanguage":"en-GB","@id":"https:\/\/www.geopolitics.fr\/2024\/11\/29\/nouvelle-embrouille-sur-laide-humanitaire-europeenne-lue-rappelle-son-ambassadeur-au-niger\/#primaryimage","url":"https:\/\/www.geopolitics.fr\/wp-content\/uploads\/2024\/11\/Siege-UE-Bruxelles.jpg","contentUrl":"https:\/\/www.geopolitics.fr\/wp-content\/uploads\/2024\/11\/Siege-UE-Bruxelles.jpg","width":1280,"height":854},{"@type":"BreadcrumbList","@id":"https:\/\/www.geopolitics.fr\/2024\/11\/29\/nouvelle-embrouille-sur-laide-humanitaire-europeenne-lue-rappelle-son-ambassadeur-au-niger\/#breadcrumb","itemListElement":[{"@type":"ListItem","position":1,"name":"Accueil","item":"https:\/\/www.geopolitics.fr\/"},{"@type":"ListItem","position":2,"name":"Nouvelle embrouille sur l&#8217;aide humanitaire europ\u00e9enne, l&#8217;UE rappelle son ambassadeur au Niger"}]},{"@type":"WebSite","@id":"https:\/\/www.geopolitics.fr\/#website","url":"https:\/\/www.geopolitics.fr\/","name":"Geopolitics.fr","description":"Geopolitics.fr Analyse politique, relations internationales, d\u00e9fense - ligne \u00e9ditoriale gaullo-chiraquienne","publisher":{"@id":"https:\/\/www.geopolitics.fr\/#organization"},"potentialAction":[{"@type":"SearchAction","target":{"@type":"EntryPoint","urlTemplate":"https:\/\/www.geopolitics.fr\/?s={search_term_string}"},"query-input":{"@type":"PropertyValueSpecification","valueRequired":true,"valueName":"search_term_string"}}],"inLanguage":"en-GB"},{"@type":"Organization","@id":"https:\/\/www.geopolitics.fr\/#organization","name":"Geopolitics.fr","url":"https:\/\/www.geopolitics.fr\/","logo":{"@type":"ImageObject","inLanguage":"en-GB","@id":"https:\/\/www.geopolitics.fr\/#\/schema\/logo\/image\/","url":"https:\/\/www.geopolitics.fr\/wp-content\/uploads\/2024\/01\/logo.jpg","contentUrl":"https:\/\/www.geopolitics.fr\/wp-content\/uploads\/2024\/01\/logo.jpg","width":500,"height":500,"caption":"Geopolitics.fr"},"image":{"@id":"https:\/\/www.geopolitics.fr\/#\/schema\/logo\/image\/"},"sameAs":["https:\/\/www.facebook.com\/people\/Erwan-Davoux\/61557098968092\/","https:\/\/x.com\/Geopolitics_Fr"]},{"@type":"Person","@id":"https:\/\/www.geopolitics.fr\/#\/schema\/person\/9b98d78234af63d6ad71199d66115350","name":"Olivier DELAGARDE","image":{"@type":"ImageObject","inLanguage":"en-GB","@id":"https:\/\/secure.gravatar.com\/avatar\/2c50afbd303b51697d9591857ee182bf3ead572fa530da00bb0278cf506c3a97?s=96&d=mm&r=g","url":"https:\/\/secure.gravatar.com\/avatar\/2c50afbd303b51697d9591857ee182bf3ead572fa530da00bb0278cf506c3a97?s=96&d=mm&r=g","contentUrl":"https:\/\/secure.gravatar.com\/avatar\/2c50afbd303b51697d9591857ee182bf3ead572fa530da00bb0278cf506c3a97?s=96&d=mm&r=g","caption":"Olivier DELAGARDE"},"description":"Journaliste depuis plus de 20 ans, accr\u00e9dit\u00e9 aupr\u00e8s de l'Organisation des Nations Unies, de la Ligue des Etats Arabes, titulaire de la Carte d'Identit\u00e9 des Journalistes Professionnels en France et de la F\u00e9d\u00e9ration Internationale des Journalistes, Olivier a occup\u00e9 le poste de Grand reporter correspondant permanent en \u00c9gypte pour des m\u00e9dias de renomm\u00e9e mondiale tels que TV5 MONDE, le GROUPE M6, le GROUPE TF1 ou encore l\u2019AFP. Durant plus de dix ann\u00e9es, il a produit de nombreux reportages sur la politique internationale en Afrique de l'Est, tout en couvrant les principaux conflits au Proche et Moyen-Orient. En tant que Chef de bureau Proche-Orient pour TV5 MONDE, il \u00e9tait responsable de la production de reportages, des relations institutionnelles et de la repr\u00e9sentation de la cha\u00eene, tout en \u00e9crivant pour plusieurs m\u00e9dias europ\u00e9ens et internationaux.","sameAs":["https:\/\/www.facebook.com\/odelagarde","https:\/\/www.linkedin.com\/in\/olivier-delagarde-816b17270\/"],"url":"https:\/\/www.geopolitics.fr\/en\/author\/odelagarde\/"}]}},"_links":{"self":[{"href":"https:\/\/www.geopolitics.fr\/en\/wp-json\/wp\/v2\/posts\/3198","targetHints":{"allow":["GET"]}}],"collection":[{"href":"https:\/\/www.geopolitics.fr\/en\/wp-json\/wp\/v2\/posts"}],"about":[{"href":"https:\/\/www.geopolitics.fr\/en\/wp-json\/wp\/v2\/types\/post"}],"author":[{"embeddable":true,"href":"https:\/\/www.geopolitics.fr\/en\/wp-json\/wp\/v2\/users\/93"}],"replies":[{"embeddable":true,"href":"https:\/\/www.geopolitics.fr\/en\/wp-json\/wp\/v2\/comments?post=3198"}],"version-history":[{"count":0,"href":"https:\/\/www.geopolitics.fr\/en\/wp-json\/wp\/v2\/posts\/3198\/revisions"}],"wp:featuredmedia":[{"embeddable":true,"href":"https:\/\/www.geopolitics.fr\/en\/wp-json\/wp\/v2\/media\/3199"}],"wp:attachment":[{"href":"https:\/\/www.geopolitics.fr\/en\/wp-json\/wp\/v2\/media?parent=3198"}],"wp:term":[{"taxonomy":"category","embeddable":true,"href":"https:\/\/www.geopolitics.fr\/en\/wp-json\/wp\/v2\/categories?post=3198"},{"taxonomy":"post_tag","embeddable":true,"href":"https:\/\/www.geopolitics.fr\/en\/wp-json\/wp\/v2\/tags?post=3198"}],"curies":[{"name":"wp","href":"https:\/\/api.w.org\/{rel}","templated":true}]}}