{"id":3196,"date":"2024-11-29T12:38:45","date_gmt":"2024-11-29T11:38:45","guid":{"rendered":"https:\/\/www.geopolitics.fr\/?p=3196"},"modified":"2024-11-29T12:38:48","modified_gmt":"2024-11-29T11:38:48","slug":"leurope-est-elle-prete-a-faire-face-a-une-guerre","status":"publish","type":"post","link":"https:\/\/www.geopolitics.fr\/en\/2024\/11\/29\/leurope-est-elle-prete-a-faire-face-a-une-guerre\/","title":{"rendered":"L\u2019Europe est-elle pr\u00eate \u00e0 faire face \u00e0 une guerre ?"},"content":{"rendered":"<p class=\"has-medium-font-size wp-block-paragraph\"><strong>Contre toute attente, l&rsquo;administration sortante de Joe Biden a op\u00e9r\u00e9 un revirement surprenant en mati\u00e8re de politique \u00e9trang\u00e8re \u00e0 l&rsquo;\u00e9gard de l&rsquo;Ukraine, en autorisant Kiev, le 9 novembre, \u00e0 utiliser ses missiles \u00e0 longue port\u00e9e sur cibles russes.<\/strong> Ce qui est suspect dans cette d\u00e9cision, pr\u00e8s de deux mois avant le transfert du pouvoir au pr\u00e9sident \u00e9lu Donald Trump, c&rsquo;est qu&rsquo;elle contraste avec la position de Washington, qui avait auparavant rejet\u00e9 cette option en raison du risque d&rsquo;une escalade qui mettrait les \u00c9tats-Unis et leurs autres partenaires de l&rsquo;OTAN en conflit direct avec Moscou.<\/p>\n\n\n\n<h2 class=\"wp-block-heading\" id=\"h-quelles-sont-les-motivations-de-l-administration-biden-sortante\">Quelles sont les motivations de l&rsquo;Administration Biden sortante ?<\/h2>\n\n\n\n<p class=\"has-medium-font-size wp-block-paragraph\">Peut-\u00eatre certains analystes pourraient-ils estimer qu&rsquo;il s&rsquo;agit d&rsquo;une <strong>nouvelle gaffe<\/strong> de l&rsquo;administration Biden finissante. Mais elle pourrait constituer <strong>une strat\u00e9gie dangereuse qui, dans un \u00e9ventuel sc\u00e9nario de guerre avec la Russie, lui permettrait d&rsquo;invoquer la loi Marshall pour retarder le transfert de pouvoir \u00e0 Trump. <\/strong>Nous faisons cette consid\u00e9ration au vu du peu d&rsquo;informations fournies par la Maison Blanche sur cette d\u00e9cision soudaine prise unilat\u00e9ralement et \u00e0 l&rsquo;insu de l&rsquo;OTAN.<\/p>\n\n\n\n<p class=\"has-medium-font-size wp-block-paragraph\">Nous ne pensons pas non plus qu&rsquo;il soit r\u00e9aliste que ces attaques puissent avoir un caract\u00e8re dissuasif face aux progr\u00e8s acc\u00e9l\u00e9r\u00e9s de la Russie dans un futur cycle de n\u00e9gociations. <strong>Au contraire, cela donne \u00e0 Poutine suffisamment de raisons politiques pour r\u00e9pondre en l\u00e9gitime d\u00e9fense non seulement \u00e0 ces attaques mais aussi d\u2019observer que les partenaires europ\u00e9ens des \u00c9tats-Unis cautionnent ce genre de provocation dans une passivit\u00e9 diplomatique totale, qui peut \u00eatre consid\u00e9r\u00e9e par le Kremlin comme <em>\u00ab casus belli \u00bb.<\/em><\/strong><\/p>\n\n\n\n<h1 class=\"wp-block-heading has-medium-font-size\" id=\"h-les-consequences-n-ont-pas-tarde-a-arriver\"><strong>Les cons\u00e9quences n\u2019ont pas tard\u00e9 \u00e0 arriver<\/strong><\/h1>\n\n\n\n<p class=\"has-medium-font-size wp-block-paragraph\"><strong>Poutine avait d\u00e9j\u00e0 pr\u00e9venu que si l&rsquo;Occident acceptait d&rsquo;autoriser des frappes contre la Russie avec ses missiles \u00e0 longue port\u00e9e, cela changerait \u00ab l&rsquo;essence \u00bb et \u00ab la nature \u00bb du conflit en Ukraine<\/strong>. \u00ab Cela signifiera que les pays de l&rsquo;OTAN, les \u00c9tats-Unis et les \u00c9tats europ\u00e9ens se battent avec la Russie \u00bb, a d\u00e9clar\u00e9 Poutine le 13 septembre. <strong>Mais Zelensky continue de sous-estimer Poutine en r\u00e9pondant que \u00ab les missiles parleront d&rsquo;eux-m\u00eames \u00bb apr\u00e8s avoir re\u00e7u l&rsquo;autorisation de Washington de mener des frappes avec des missiles AtacMS fabriqu\u00e9s aux \u00c9tats-Unis<\/strong>. En cons\u00e9quence, la r\u00e9ponse de Moscou a \u00e9t\u00e9 de lancer le missile balistique intercontinental de derni\u00e8re g\u00e9n\u00e9ration \u00ab Oreshnik \u00bb sur la ville ukrainienne de Dnipro, qui aurait pu transporter une ogive nucl\u00e9aire. En effet, Vladimir Poutine a r\u00e9it\u00e9r\u00e9 sa menace d&rsquo;attaquer directement les pays qui autorisent l&rsquo;Ukraine \u00e0 utiliser ses missiles contre la Russie. <strong>Il serait donc na\u00eff de penser que Poutine aurait \u00e9t\u00e9 intimid\u00e9 et qu\u2019il pourrait renoncer \u00e0 ses projets de gagner cette guerre contre l\u2019Ukraine et ainsi avancer vers un processus expansionniste visant \u00e0 r\u00e9cup\u00e9rer d\u2019autres \u00c9tats ex-sovi\u00e9tiques.<\/strong><\/p>\n\n\n\n<p class=\"has-medium-font-size wp-block-paragraph\"><strong>L\u2019UE, un r\u00f4le contestable et irresponsable face \u00e0 l\u2019Histoire<\/strong><\/p>\n\n\n\n<p class=\"has-medium-font-size wp-block-paragraph\">Le repr\u00e9sentant de l&rsquo;UE aux Affaires \u00e9trang\u00e8res, Joseph Borrell, a condamn\u00e9 la d\u00e9cision de Poutine de r\u00e9duire les conditions internes de la Russie pour le lancement d&rsquo;armes nucl\u00e9aires. Ce changement de doctrine indique que la Russie peut consid\u00e9rer toute attaque conventionnelle soutenue par une puissance nucl\u00e9aire comme une menace directe, justifiant potentiellement une r\u00e9ponse nucl\u00e9aire. <strong>Mais le probl\u00e8me de la diplomatie europ\u00e9enne ne r\u00e9side pas seulement son inertie, mais la perte de leadership accentu\u00e9e par une caste bureaucratique\/aristocratique qui sous-estime les intentions de Poutine et de ses alli\u00e9s autoritaires dans toutes les r\u00e9gions du monde.<\/strong><\/p>\n\n\n\n<p class=\"has-medium-font-size wp-block-paragraph\"><strong>C&rsquo;est ce qu&rsquo;a d\u00e9montr\u00e9 le r\u00e9cent sommet des BRICS, qui ne visait manifestement pas \u00e0 signer des accords majeurs, mais \u00e0 aborder deux questions essentielles : l&rsquo;engagement et la loyaut\u00e9 politique de ses membres \u00e0 l&rsquo;\u00e9gard de la Russie et l&rsquo;adh\u00e9sion formelle de nouveaux membres : L&rsquo;Egypte, l&rsquo;Ethiopie, l&rsquo;Iran et les Emirats Arabes.<\/strong> Le Venezuela \u00e9tait absent, bloqu\u00e9 par la non-reconnaissance par le Br\u00e9sil de Maduro en tant que pr\u00e9sident \u00e9lu. <strong>Le manque de perspicacit\u00e9 politique de l&rsquo;Europe ne lui permet pas de comprendre que les objectifs de la Russie vont au-del\u00e0 de la guerre en Ukraine. Avec ses partenaires des BRICS, la Russie repr\u00e9sente l&rsquo;alliance anti-occidentale la plus dangereuse qui ait jamais exist\u00e9, non seulement contre une conception culturelle et civilisatrice du monde, mais aussi contre l&rsquo;\u00c9tat de droit international et les entit\u00e9s d\u00e9mocratiques qui le composent.<\/strong><\/p>\n\n\n\n<h2 class=\"wp-block-heading\" id=\"h-existe-t-il-vraiment-un-embryon-de-diplomatie-europeenne\">Existe-t-il vraiment un embryon de diplomatie europ\u00e9enne ?<\/h2>\n\n\n\n<p class=\"has-medium-font-size wp-block-paragraph\"><strong>Borrell<\/strong>, qui ne restera pas dans les m\u00e9moires pour son audace politique et encore moins pour sa qualification au poste qu&rsquo;il occupe, sera, avec <strong>Jens Stoltenberg<\/strong>, ancien secr\u00e9taire g\u00e9n\u00e9ral de l&rsquo;OTAN, et son successeur Mark Rutte, <strong>les principaux responsables de ce qui pourrait arriver en Europe<\/strong>, \u00e9tant donn\u00e9 que <strong>l&rsquo;Union europ\u00e9enne n&rsquo;a m\u00eame pas \u00e9t\u00e9 capable de trouver un consensus minimal sur la position qu&rsquo;elle devrait adopter vis-\u00e0-vis de la Russie.<\/strong> Les dirigeants de l&rsquo;UE restent prisonniers de la logique des partis europ\u00e9istes, qui les emp\u00eache de sortir de leur zone de confort, mais qui, dans l&rsquo;exercice de leur praxis politique, sont d\u00e9cadents et inefficaces pour r\u00e9soudre communautairement la question de savoir <strong>comment prot\u00e9ger l&rsquo;Europe apr\u00e8s la victoire de la Russie en Ukraine<\/strong>. <strong>La conclusion de cette tribune d\u2019opinion est tr\u00e8s simple : l&rsquo;Europe a beaucoup plus \u00e0 perdre que la Russie dans cette guerre en Ukraine<\/strong>, en particulier face au renforcement militaire des troupes nord-cor\u00e9ennes par la Russie.<\/p>\n\n\n\n<p class=\"has-medium-font-size wp-block-paragraph\">Les actions de l&rsquo;UE refl\u00e8tent \u00e9galement une \u00e9norme dispersion diplomatique en mati\u00e8re de gestion des conflits, y compris des nuances marqu\u00e9es dans les positions unilat\u00e9rales, ainsi que dans la transparence d&rsquo;admettre que l&rsquo;Ukraine ne peut pas gagner la guerre contre la Russie sans l&rsquo;intervention d&rsquo;autres puissances alli\u00e9es. <strong>La diff\u00e9rence r\u00e9side dans la mani\u00e8re dont l&rsquo;Europe devra faire face \u00e0 cette r\u00e9alit\u00e9, soit par un processus de n\u00e9gociation-reconstruction, soit dans l&rsquo;aventure irresponsable qui consisterait \u00e0 entra\u00eener le monde dans une troisi\u00e8me guerre mondiale.<\/strong> <strong>En bref, l&rsquo;UE n&rsquo;est pas une garantie de protection pour les Europ\u00e9ens.<\/strong><\/p>\n\n\n\n<p class=\"has-medium-font-size wp-block-paragraph\"><strong>L&rsquo;arriv\u00e9e de Trump au pouvoir, un soulagement pour Poutine ?<\/strong><\/p>\n\n\n\n<p class=\"has-medium-font-size wp-block-paragraph\">Tant que l&rsquo;OTAN continuera \u00e0 croire que les objectifs de Poutine n&rsquo;aboutiront pas, \u00ab&nbsp;le monde libre&nbsp;\u00bb sera en ins\u00e9curit\u00e9 car cette organisation qui est un \u00e9norme fardeau financier pour les citoyens des pays membres perdra en cr\u00e9dibilit\u00e9 aux yeux de l&rsquo;opinion publique. Pour ces raisons, le temps a donn\u00e9 raison au pr\u00e9sident Trump de critiquer vivement l&rsquo;OTAN, qui exige de ses membres qu&rsquo;ils investissent au moins 2 % de leur PIB dans les d\u00e9penses de d\u00e9fense, alors que plusieurs de ses membres ne respectent pas cet engagement<strong>. Trump a r\u00e9ussi \u00e0 convaincre ses \u00e9lecteurs que dans cette guerre en Ukraine, le pays le plus touch\u00e9, non europ\u00e9en, est les \u00c9tats-Unis, qui ont fourni plus de 100 milliards de dollars depuis l&rsquo;invasion russe en 2022.<\/strong> Trump ne fait pas confiance \u00e0 l&rsquo;UE, car il estime que ses membres ne sont pas capables de s&rsquo;entendre entre eux. <strong>Et cela s\u2019est encore une fois manifest\u00e9 avec les d\u00e9cisions prises unilat\u00e9ralement par la Norv\u00e8ge, la Su\u00e8de, la Finlande et m\u00eame l\u2019Allemagne, qui ont commenc\u00e9 \u00e0 pr\u00e9parer leurs populations et de rouvrir leurs bunkers face une \u00e9ventuelle guerre.<\/strong><\/p>\n\n\n\n<p class=\"has-medium-font-size wp-block-paragraph\"><strong>Contrairement \u00e0 ce que pensent certains experts, nous pensons que l&rsquo;une des premi\u00e8res mesures prises par Trump d\u00e8s son entr\u00e9e en fonction sera de revenir sur la d\u00e9cision de Biden et de demander imm\u00e9diatement une rencontre avec Poutine pour obtenir un cessez-le-feu<\/strong>, y compris la mise en place d&rsquo;un canal de dialogue qui, sous son leadership et non celle de l&rsquo;Union europ\u00e9enne, \u00e9tablirait une feuille de route pour mettre fin \u00e0 la guerre en Ukraine. <strong>D\u2019autre part les \u00c9tats-Unis, au lieu de renforcer la capacit\u00e9 militaire de l&rsquo;Ukraine, r\u00e9orienteraient leur aide financi\u00e8re vers sa reconstruction et n\u00e9gocient avec Zelensky une cessation des hostilit\u00e9s \u00e0 des conditions \u00e0 d\u00e9finir dans l&rsquo;int\u00e9r\u00eat de la paix de l&rsquo;Europe et du reste du monde.<\/strong> Cela permettrait d&rsquo;exiger le retrait des troupes nord-cor\u00e9ennes du territoire europ\u00e9en et de reprendre les axes de travail d\u00e9finis avec Kim Jong-un en 2019.&nbsp; <strong>L&rsquo;autre grande difficult\u00e9 de l&rsquo;UE, et Trump le sait, est la situation interne de ses deux principaux membres : la France et l&rsquo;Allemagne, qui traversent des crises politiques majeures et des probl\u00e8mes \u00e9conomiques qui, ajout\u00e9s \u00e0 la perte de popularit\u00e9 de leurs gouvernements respectifs, ont \u00e9t\u00e9 assi\u00e9g\u00e9s par la mont\u00e9e de la droite la plus conservatrice, qui en est venu \u00e0 remettre en question l&rsquo;existence m\u00eame du bloc europ\u00e9en en raison de son inefficacit\u00e9.<\/strong><\/p>\n\n\n\n<p class=\"wp-block-paragraph\"><\/p>","protected":false},"excerpt":{"rendered":"<p>Contre toute attente, l&rsquo;administration sortante de Joe Biden a op\u00e9r\u00e9 un revirement surprenant en mati\u00e8re de politique \u00e9trang\u00e8re \u00e0 l&rsquo;\u00e9gard de l&rsquo;Ukraine,&hellip;<\/p>","protected":false},"author":35,"featured_media":2704,"comment_status":"open","ping_status":"open","sticky":false,"template":"","format":"standard","meta":{"_lmt_disableupdate":"","_lmt_disable":"","footnotes":""},"categories":[6,5,4],"tags":[],"class_list":["post-3196","post","type-post","status-publish","format-standard","has-post-thumbnail","hentry","category-defense-et-armees","category-international","category-mis-en-avant"],"yoast_head":"<!-- This site is optimized with the Yoast SEO Premium plugin v28.1 (Yoast SEO v28.1) - https:\/\/yoast.com\/product\/yoast-seo-premium-wordpress\/ -->\n<title>L\u2019Europe est-elle pr\u00eate \u00e0 faire face \u00e0 une guerre ? | Geopolitics.fr<\/title>\n<meta name=\"description\" content=\"Biden s&#039;engage dans une voie tr\u00e8s p\u00e9rilleuse sur le conflit russo-ukrainien, l&#039;Europe est-elle vraiment pr\u00eate \u00e0 faire face \u00e0 une guerre ?\" \/>\n<meta name=\"robots\" content=\"index, follow, max-snippet:-1, max-image-preview:large, max-video-preview:-1\" \/>\n<link rel=\"canonical\" href=\"https:\/\/www.geopolitics.fr\/en\/2024\/11\/29\/leurope-est-elle-prete-a-faire-face-a-une-guerre\/\" \/>\n<meta property=\"og:locale\" content=\"en_GB\" \/>\n<meta property=\"og:type\" content=\"article\" \/>\n<meta property=\"og:title\" content=\"L\u2019Europe est-elle pr\u00eate \u00e0 faire face \u00e0 une guerre ?\" \/>\n<meta property=\"og:description\" content=\"Biden s&#039;engage dans une voie tr\u00e8s p\u00e9rilleuse sur le conflit russo-ukrainien, l&#039;Europe est-elle vraiment pr\u00eate \u00e0 faire face \u00e0 une guerre ?\" \/>\n<meta property=\"og:url\" content=\"https:\/\/www.geopolitics.fr\/en\/2024\/11\/29\/leurope-est-elle-prete-a-faire-face-a-une-guerre\/\" \/>\n<meta property=\"og:site_name\" content=\"Geopolitics.fr\" \/>\n<meta property=\"article:publisher\" content=\"https:\/\/www.facebook.com\/people\/Erwan-Davoux\/61557098968092\/\" \/>\n<meta property=\"article:published_time\" content=\"2024-11-29T11:38:45+00:00\" \/>\n<meta property=\"article:modified_time\" content=\"2024-11-29T11:38:48+00:00\" \/>\n<meta property=\"og:image\" content=\"https:\/\/www.geopolitics.fr\/wp-content\/uploads\/2024\/05\/CONFLIT-RUSSIE-UKRAINE.jpg\" \/>\n\t<meta property=\"og:image:width\" content=\"1920\" \/>\n\t<meta property=\"og:image:height\" content=\"1280\" \/>\n\t<meta property=\"og:image:type\" content=\"image\/jpeg\" \/>\n<meta name=\"author\" content=\"David OSORIO\" \/>\n<meta name=\"twitter:card\" content=\"summary_large_image\" \/>\n<meta name=\"twitter:creator\" content=\"@Geopolitics_Fr\" \/>\n<meta name=\"twitter:site\" content=\"@Geopolitics_Fr\" \/>\n<meta name=\"twitter:label1\" content=\"Written by\" \/>\n\t<meta name=\"twitter:data1\" content=\"David OSORIO\" \/>\n\t<meta name=\"twitter:label2\" content=\"Estimated reading time\" \/>\n\t<meta name=\"twitter:data2\" content=\"8 minutes\" \/>\n<script type=\"application\/ld+json\" class=\"yoast-schema-graph\">{\"@context\":\"https:\\\/\\\/schema.org\",\"@graph\":[{\"@type\":\"Article\",\"@id\":\"https:\\\/\\\/www.geopolitics.fr\\\/2024\\\/11\\\/29\\\/leurope-est-elle-prete-a-faire-face-a-une-guerre\\\/#article\",\"isPartOf\":{\"@id\":\"https:\\\/\\\/www.geopolitics.fr\\\/2024\\\/11\\\/29\\\/leurope-est-elle-prete-a-faire-face-a-une-guerre\\\/\"},\"author\":{\"name\":\"David OSORIO\",\"@id\":\"https:\\\/\\\/www.geopolitics.fr\\\/#\\\/schema\\\/person\\\/02c106c0272bd8f8e39e0adf38864870\"},\"headline\":\"L\u2019Europe est-elle pr\u00eate \u00e0 faire face \u00e0 une guerre ?\",\"datePublished\":\"2024-11-29T11:38:45+00:00\",\"dateModified\":\"2024-11-29T11:38:48+00:00\",\"mainEntityOfPage\":{\"@id\":\"https:\\\/\\\/www.geopolitics.fr\\\/2024\\\/11\\\/29\\\/leurope-est-elle-prete-a-faire-face-a-une-guerre\\\/\"},\"wordCount\":1543,\"commentCount\":0,\"publisher\":{\"@id\":\"https:\\\/\\\/www.geopolitics.fr\\\/#organization\"},\"image\":{\"@id\":\"https:\\\/\\\/www.geopolitics.fr\\\/2024\\\/11\\\/29\\\/leurope-est-elle-prete-a-faire-face-a-une-guerre\\\/#primaryimage\"},\"thumbnailUrl\":\"https:\\\/\\\/www.geopolitics.fr\\\/wp-content\\\/uploads\\\/2024\\\/05\\\/CONFLIT-RUSSIE-UKRAINE.jpg\",\"articleSection\":[\"D\u00e9fense\",\"International\",\"Mis en AVANT\"],\"inLanguage\":\"en-GB\"},{\"@type\":\"WebPage\",\"@id\":\"https:\\\/\\\/www.geopolitics.fr\\\/2024\\\/11\\\/29\\\/leurope-est-elle-prete-a-faire-face-a-une-guerre\\\/\",\"url\":\"https:\\\/\\\/www.geopolitics.fr\\\/2024\\\/11\\\/29\\\/leurope-est-elle-prete-a-faire-face-a-une-guerre\\\/\",\"name\":\"L\u2019Europe est-elle pr\u00eate \u00e0 faire face \u00e0 une guerre ? | Geopolitics.fr\",\"isPartOf\":{\"@id\":\"https:\\\/\\\/www.geopolitics.fr\\\/#website\"},\"primaryImageOfPage\":{\"@id\":\"https:\\\/\\\/www.geopolitics.fr\\\/2024\\\/11\\\/29\\\/leurope-est-elle-prete-a-faire-face-a-une-guerre\\\/#primaryimage\"},\"image\":{\"@id\":\"https:\\\/\\\/www.geopolitics.fr\\\/2024\\\/11\\\/29\\\/leurope-est-elle-prete-a-faire-face-a-une-guerre\\\/#primaryimage\"},\"thumbnailUrl\":\"https:\\\/\\\/www.geopolitics.fr\\\/wp-content\\\/uploads\\\/2024\\\/05\\\/CONFLIT-RUSSIE-UKRAINE.jpg\",\"datePublished\":\"2024-11-29T11:38:45+00:00\",\"dateModified\":\"2024-11-29T11:38:48+00:00\",\"description\":\"Biden s'engage dans une voie tr\u00e8s p\u00e9rilleuse sur le conflit russo-ukrainien, l'Europe est-elle vraiment pr\u00eate \u00e0 faire face \u00e0 une guerre ?\",\"breadcrumb\":{\"@id\":\"https:\\\/\\\/www.geopolitics.fr\\\/2024\\\/11\\\/29\\\/leurope-est-elle-prete-a-faire-face-a-une-guerre\\\/#breadcrumb\"},\"inLanguage\":\"en-GB\",\"potentialAction\":[{\"@type\":\"ReadAction\",\"target\":[\"https:\\\/\\\/www.geopolitics.fr\\\/2024\\\/11\\\/29\\\/leurope-est-elle-prete-a-faire-face-a-une-guerre\\\/\"]}]},{\"@type\":\"ImageObject\",\"inLanguage\":\"en-GB\",\"@id\":\"https:\\\/\\\/www.geopolitics.fr\\\/2024\\\/11\\\/29\\\/leurope-est-elle-prete-a-faire-face-a-une-guerre\\\/#primaryimage\",\"url\":\"https:\\\/\\\/www.geopolitics.fr\\\/wp-content\\\/uploads\\\/2024\\\/05\\\/CONFLIT-RUSSIE-UKRAINE.jpg\",\"contentUrl\":\"https:\\\/\\\/www.geopolitics.fr\\\/wp-content\\\/uploads\\\/2024\\\/05\\\/CONFLIT-RUSSIE-UKRAINE.jpg\",\"width\":1920,\"height\":1280},{\"@type\":\"BreadcrumbList\",\"@id\":\"https:\\\/\\\/www.geopolitics.fr\\\/2024\\\/11\\\/29\\\/leurope-est-elle-prete-a-faire-face-a-une-guerre\\\/#breadcrumb\",\"itemListElement\":[{\"@type\":\"ListItem\",\"position\":1,\"name\":\"Accueil\",\"item\":\"https:\\\/\\\/www.geopolitics.fr\\\/\"},{\"@type\":\"ListItem\",\"position\":2,\"name\":\"L\u2019Europe est-elle pr\u00eate \u00e0 faire face \u00e0 une guerre ?\"}]},{\"@type\":\"WebSite\",\"@id\":\"https:\\\/\\\/www.geopolitics.fr\\\/#website\",\"url\":\"https:\\\/\\\/www.geopolitics.fr\\\/\",\"name\":\"Geopolitics.fr\",\"description\":\"Geopolitics.fr Analyse politique, relations internationales, d\u00e9fense - ligne \u00e9ditoriale gaullo-chiraquienne\",\"publisher\":{\"@id\":\"https:\\\/\\\/www.geopolitics.fr\\\/#organization\"},\"potentialAction\":[{\"@type\":\"SearchAction\",\"target\":{\"@type\":\"EntryPoint\",\"urlTemplate\":\"https:\\\/\\\/www.geopolitics.fr\\\/?s={search_term_string}\"},\"query-input\":{\"@type\":\"PropertyValueSpecification\",\"valueRequired\":true,\"valueName\":\"search_term_string\"}}],\"inLanguage\":\"en-GB\"},{\"@type\":\"Organization\",\"@id\":\"https:\\\/\\\/www.geopolitics.fr\\\/#organization\",\"name\":\"Geopolitics.fr\",\"url\":\"https:\\\/\\\/www.geopolitics.fr\\\/\",\"logo\":{\"@type\":\"ImageObject\",\"inLanguage\":\"en-GB\",\"@id\":\"https:\\\/\\\/www.geopolitics.fr\\\/#\\\/schema\\\/logo\\\/image\\\/\",\"url\":\"https:\\\/\\\/www.geopolitics.fr\\\/wp-content\\\/uploads\\\/2024\\\/01\\\/logo.jpg\",\"contentUrl\":\"https:\\\/\\\/www.geopolitics.fr\\\/wp-content\\\/uploads\\\/2024\\\/01\\\/logo.jpg\",\"width\":500,\"height\":500,\"caption\":\"Geopolitics.fr\"},\"image\":{\"@id\":\"https:\\\/\\\/www.geopolitics.fr\\\/#\\\/schema\\\/logo\\\/image\\\/\"},\"sameAs\":[\"https:\\\/\\\/www.facebook.com\\\/people\\\/Erwan-Davoux\\\/61557098968092\\\/\",\"https:\\\/\\\/x.com\\\/Geopolitics_Fr\"]},{\"@type\":\"Person\",\"@id\":\"https:\\\/\\\/www.geopolitics.fr\\\/#\\\/schema\\\/person\\\/02c106c0272bd8f8e39e0adf38864870\",\"name\":\"David OSORIO\",\"image\":{\"@type\":\"ImageObject\",\"inLanguage\":\"en-GB\",\"@id\":\"https:\\\/\\\/www.geopolitics.fr\\\/wp-content\\\/uploads\\\/2025\\\/09\\\/OSORIO-96x96.jpg\",\"url\":\"https:\\\/\\\/www.geopolitics.fr\\\/wp-content\\\/uploads\\\/2025\\\/09\\\/OSORIO-96x96.jpg\",\"contentUrl\":\"https:\\\/\\\/www.geopolitics.fr\\\/wp-content\\\/uploads\\\/2025\\\/09\\\/OSORIO-96x96.jpg\",\"caption\":\"David OSORIO\"},\"description\":\"David Osorio est avocat et ancien diplomate v\u00e9n\u00e9zu\u00e9lien. Expert en droit international, g\u00e9opolitique et affaires multilat\u00e9rales. Essayiste sur l'actualit\u00e9 politique internationale.\",\"sameAs\":[\"https:\\\/\\\/www.linkedin.com\\\/in\\\/davidalejandroosoriomeneses\\\/\"],\"url\":\"https:\\\/\\\/www.geopolitics.fr\\\/en\\\/author\\\/david-osorio\\\/\"}]}<\/script>\n<!-- \/ Yoast SEO Premium plugin. -->","yoast_head_json":{"title":"L\u2019Europe est-elle pr\u00eate \u00e0 faire face \u00e0 une guerre ? | Geopolitics.fr","description":"Biden s'engage dans une voie tr\u00e8s p\u00e9rilleuse sur le conflit russo-ukrainien, l'Europe est-elle vraiment pr\u00eate \u00e0 faire face \u00e0 une guerre ?","robots":{"index":"index","follow":"follow","max-snippet":"max-snippet:-1","max-image-preview":"max-image-preview:large","max-video-preview":"max-video-preview:-1"},"canonical":"https:\/\/www.geopolitics.fr\/en\/2024\/11\/29\/leurope-est-elle-prete-a-faire-face-a-une-guerre\/","og_locale":"en_GB","og_type":"article","og_title":"L\u2019Europe est-elle pr\u00eate \u00e0 faire face \u00e0 une guerre ?","og_description":"Biden s'engage dans une voie tr\u00e8s p\u00e9rilleuse sur le conflit russo-ukrainien, l'Europe est-elle vraiment pr\u00eate \u00e0 faire face \u00e0 une guerre ?","og_url":"https:\/\/www.geopolitics.fr\/en\/2024\/11\/29\/leurope-est-elle-prete-a-faire-face-a-une-guerre\/","og_site_name":"Geopolitics.fr","article_publisher":"https:\/\/www.facebook.com\/people\/Erwan-Davoux\/61557098968092\/","article_published_time":"2024-11-29T11:38:45+00:00","article_modified_time":"2024-11-29T11:38:48+00:00","og_image":[{"width":1920,"height":1280,"url":"https:\/\/www.geopolitics.fr\/wp-content\/uploads\/2024\/05\/CONFLIT-RUSSIE-UKRAINE.jpg","type":"image\/jpeg"}],"author":"David OSORIO","twitter_card":"summary_large_image","twitter_creator":"@Geopolitics_Fr","twitter_site":"@Geopolitics_Fr","twitter_misc":{"Written by":"David OSORIO","Estimated reading time":"8 minutes"},"schema":{"@context":"https:\/\/schema.org","@graph":[{"@type":"Article","@id":"https:\/\/www.geopolitics.fr\/2024\/11\/29\/leurope-est-elle-prete-a-faire-face-a-une-guerre\/#article","isPartOf":{"@id":"https:\/\/www.geopolitics.fr\/2024\/11\/29\/leurope-est-elle-prete-a-faire-face-a-une-guerre\/"},"author":{"name":"David OSORIO","@id":"https:\/\/www.geopolitics.fr\/#\/schema\/person\/02c106c0272bd8f8e39e0adf38864870"},"headline":"L\u2019Europe est-elle pr\u00eate \u00e0 faire face \u00e0 une guerre ?","datePublished":"2024-11-29T11:38:45+00:00","dateModified":"2024-11-29T11:38:48+00:00","mainEntityOfPage":{"@id":"https:\/\/www.geopolitics.fr\/2024\/11\/29\/leurope-est-elle-prete-a-faire-face-a-une-guerre\/"},"wordCount":1543,"commentCount":0,"publisher":{"@id":"https:\/\/www.geopolitics.fr\/#organization"},"image":{"@id":"https:\/\/www.geopolitics.fr\/2024\/11\/29\/leurope-est-elle-prete-a-faire-face-a-une-guerre\/#primaryimage"},"thumbnailUrl":"https:\/\/www.geopolitics.fr\/wp-content\/uploads\/2024\/05\/CONFLIT-RUSSIE-UKRAINE.jpg","articleSection":["D\u00e9fense","International","Mis en AVANT"],"inLanguage":"en-GB"},{"@type":"WebPage","@id":"https:\/\/www.geopolitics.fr\/2024\/11\/29\/leurope-est-elle-prete-a-faire-face-a-une-guerre\/","url":"https:\/\/www.geopolitics.fr\/2024\/11\/29\/leurope-est-elle-prete-a-faire-face-a-une-guerre\/","name":"L\u2019Europe est-elle pr\u00eate \u00e0 faire face \u00e0 une guerre ? | Geopolitics.fr","isPartOf":{"@id":"https:\/\/www.geopolitics.fr\/#website"},"primaryImageOfPage":{"@id":"https:\/\/www.geopolitics.fr\/2024\/11\/29\/leurope-est-elle-prete-a-faire-face-a-une-guerre\/#primaryimage"},"image":{"@id":"https:\/\/www.geopolitics.fr\/2024\/11\/29\/leurope-est-elle-prete-a-faire-face-a-une-guerre\/#primaryimage"},"thumbnailUrl":"https:\/\/www.geopolitics.fr\/wp-content\/uploads\/2024\/05\/CONFLIT-RUSSIE-UKRAINE.jpg","datePublished":"2024-11-29T11:38:45+00:00","dateModified":"2024-11-29T11:38:48+00:00","description":"Biden s'engage dans une voie tr\u00e8s p\u00e9rilleuse sur le conflit russo-ukrainien, l'Europe est-elle vraiment pr\u00eate \u00e0 faire face \u00e0 une guerre ?","breadcrumb":{"@id":"https:\/\/www.geopolitics.fr\/2024\/11\/29\/leurope-est-elle-prete-a-faire-face-a-une-guerre\/#breadcrumb"},"inLanguage":"en-GB","potentialAction":[{"@type":"ReadAction","target":["https:\/\/www.geopolitics.fr\/2024\/11\/29\/leurope-est-elle-prete-a-faire-face-a-une-guerre\/"]}]},{"@type":"ImageObject","inLanguage":"en-GB","@id":"https:\/\/www.geopolitics.fr\/2024\/11\/29\/leurope-est-elle-prete-a-faire-face-a-une-guerre\/#primaryimage","url":"https:\/\/www.geopolitics.fr\/wp-content\/uploads\/2024\/05\/CONFLIT-RUSSIE-UKRAINE.jpg","contentUrl":"https:\/\/www.geopolitics.fr\/wp-content\/uploads\/2024\/05\/CONFLIT-RUSSIE-UKRAINE.jpg","width":1920,"height":1280},{"@type":"BreadcrumbList","@id":"https:\/\/www.geopolitics.fr\/2024\/11\/29\/leurope-est-elle-prete-a-faire-face-a-une-guerre\/#breadcrumb","itemListElement":[{"@type":"ListItem","position":1,"name":"Accueil","item":"https:\/\/www.geopolitics.fr\/"},{"@type":"ListItem","position":2,"name":"L\u2019Europe est-elle pr\u00eate \u00e0 faire face \u00e0 une guerre ?"}]},{"@type":"WebSite","@id":"https:\/\/www.geopolitics.fr\/#website","url":"https:\/\/www.geopolitics.fr\/","name":"Geopolitics.fr","description":"Geopolitics.fr Analyse politique, relations internationales, d\u00e9fense - ligne \u00e9ditoriale gaullo-chiraquienne","publisher":{"@id":"https:\/\/www.geopolitics.fr\/#organization"},"potentialAction":[{"@type":"SearchAction","target":{"@type":"EntryPoint","urlTemplate":"https:\/\/www.geopolitics.fr\/?s={search_term_string}"},"query-input":{"@type":"PropertyValueSpecification","valueRequired":true,"valueName":"search_term_string"}}],"inLanguage":"en-GB"},{"@type":"Organization","@id":"https:\/\/www.geopolitics.fr\/#organization","name":"Geopolitics.fr","url":"https:\/\/www.geopolitics.fr\/","logo":{"@type":"ImageObject","inLanguage":"en-GB","@id":"https:\/\/www.geopolitics.fr\/#\/schema\/logo\/image\/","url":"https:\/\/www.geopolitics.fr\/wp-content\/uploads\/2024\/01\/logo.jpg","contentUrl":"https:\/\/www.geopolitics.fr\/wp-content\/uploads\/2024\/01\/logo.jpg","width":500,"height":500,"caption":"Geopolitics.fr"},"image":{"@id":"https:\/\/www.geopolitics.fr\/#\/schema\/logo\/image\/"},"sameAs":["https:\/\/www.facebook.com\/people\/Erwan-Davoux\/61557098968092\/","https:\/\/x.com\/Geopolitics_Fr"]},{"@type":"Person","@id":"https:\/\/www.geopolitics.fr\/#\/schema\/person\/02c106c0272bd8f8e39e0adf38864870","name":"David OSORIO","image":{"@type":"ImageObject","inLanguage":"en-GB","@id":"https:\/\/www.geopolitics.fr\/wp-content\/uploads\/2025\/09\/OSORIO-96x96.jpg","url":"https:\/\/www.geopolitics.fr\/wp-content\/uploads\/2025\/09\/OSORIO-96x96.jpg","contentUrl":"https:\/\/www.geopolitics.fr\/wp-content\/uploads\/2025\/09\/OSORIO-96x96.jpg","caption":"David OSORIO"},"description":"David Osorio est avocat et ancien diplomate v\u00e9n\u00e9zu\u00e9lien. Expert en droit international, g\u00e9opolitique et affaires multilat\u00e9rales. Essayiste sur l'actualit\u00e9 politique internationale.","sameAs":["https:\/\/www.linkedin.com\/in\/davidalejandroosoriomeneses\/"],"url":"https:\/\/www.geopolitics.fr\/en\/author\/david-osorio\/"}]}},"_links":{"self":[{"href":"https:\/\/www.geopolitics.fr\/en\/wp-json\/wp\/v2\/posts\/3196","targetHints":{"allow":["GET"]}}],"collection":[{"href":"https:\/\/www.geopolitics.fr\/en\/wp-json\/wp\/v2\/posts"}],"about":[{"href":"https:\/\/www.geopolitics.fr\/en\/wp-json\/wp\/v2\/types\/post"}],"author":[{"embeddable":true,"href":"https:\/\/www.geopolitics.fr\/en\/wp-json\/wp\/v2\/users\/35"}],"replies":[{"embeddable":true,"href":"https:\/\/www.geopolitics.fr\/en\/wp-json\/wp\/v2\/comments?post=3196"}],"version-history":[{"count":0,"href":"https:\/\/www.geopolitics.fr\/en\/wp-json\/wp\/v2\/posts\/3196\/revisions"}],"wp:featuredmedia":[{"embeddable":true,"href":"https:\/\/www.geopolitics.fr\/en\/wp-json\/wp\/v2\/media\/2704"}],"wp:attachment":[{"href":"https:\/\/www.geopolitics.fr\/en\/wp-json\/wp\/v2\/media?parent=3196"}],"wp:term":[{"taxonomy":"category","embeddable":true,"href":"https:\/\/www.geopolitics.fr\/en\/wp-json\/wp\/v2\/categories?post=3196"},{"taxonomy":"post_tag","embeddable":true,"href":"https:\/\/www.geopolitics.fr\/en\/wp-json\/wp\/v2\/tags?post=3196"}],"curies":[{"name":"wp","href":"https:\/\/api.w.org\/{rel}","templated":true}]}}