{"id":3185,"date":"2024-11-28T21:04:07","date_gmt":"2024-11-28T20:04:07","guid":{"rendered":"https:\/\/www.geopolitics.fr\/?p=3185"},"modified":"2024-11-28T22:57:27","modified_gmt":"2024-11-28T21:57:27","slug":"jean-louis-billon-convoque-par-la-commission-de-discipline-du-pdci","status":"publish","type":"post","link":"https:\/\/www.geopolitics.fr\/en\/2024\/11\/28\/jean-louis-billon-convoque-par-la-commission-de-discipline-du-pdci\/","title":{"rendered":"Jean-Louis Billon convoqu\u00e9 par la Commission de discipline du PDCI"},"content":{"rendered":"<p class=\"has-medium-font-size wp-block-paragraph\">Cela couvait depuis un certain, temps. <strong>Plus pr\u00e9cis\u00e9ment l&rsquo;annonce de Jean-Louis Billon de se porter candidat \u00e0 l&rsquo;\u00e9lection pr\u00e9sidentielle de 2025 en C\u00f4te d&rsquo;Ivoire.<\/strong> En effet, l&rsquo;Ancien ministre du commerce et patron de Sifca, le premier groupe priv\u00e9 du pays, \u00e2g\u00e9 de 59\u00a0ans a d\u00e9cid\u00e9 de ne pas passer son tour, <strong>se pla\u00e7ant ainsi dans en situation de concurrence et m\u00eame d&rsquo;affrontement direct avec le Pr\u00e9sident du Parti D\u00e9mocratique de C\u00f4te d&rsquo;Ivoire (PDCI), Tidjane Thiam.<\/strong><\/p>\n\n\n\n<p class=\"has-medium-font-size wp-block-paragraph\"><strong>Les instances du PDCI ont r\u00e9agi et le voici convoqu\u00e9  pour s&rsquo;en expliquer devant la commission de discipline<\/strong> du Parti, le 4 d\u00e9cembre prochain. Les motifs rapport\u00e9s dans un documents que Geopolitics.fr a pu se procurer sont les suivants : <strong>\u00ab\u00a0atteinte \u00e0 l&rsquo;unit\u00e9 du Parti et ses int\u00e9r\u00eats et insoumission aux d\u00e9cisions du parti\u00a0\u00bb.<\/strong><\/p>\n\n\n\n<p class=\"has-medium-font-size wp-block-paragraph\">La rupture est donc consomm\u00e9e. Jean-Louis Billon l&rsquo;avait quelque peu anticip\u00e9e en souhaitant pr\u00e9senter sa candidature dans un cadre plus large que le parti dont il fut porte-parole-adjoint.<strong> Se soumettra-t-il au vote des militants qui risque de lui \u00eatre d\u00e9favorable ? Qui sortira vainqueur de ce duel qui n&rsquo;est plus \u00e0 fleurets mouchet\u00e9s ? Avantage Thiam, pour l&rsquo;instant&#8230;<\/strong><\/p>","protected":false},"excerpt":{"rendered":"<p>Cela couvait depuis un certain, temps. Plus pr\u00e9cis\u00e9ment l&rsquo;annonce de Jean-Louis Billon de se porter candidat \u00e0 l&rsquo;\u00e9lection pr\u00e9sidentielle de 2025 en&hellip;<\/p>","protected":false},"author":16,"featured_media":3190,"comment_status":"open","ping_status":"open","sticky":false,"template":"","format":"standard","meta":{"_lmt_disableupdate":"","_lmt_disable":"","footnotes":""},"categories":[5,4,43],"tags":[363],"class_list":["post-3185","post","type-post","status-publish","format-standard","has-post-thumbnail","hentry","category-international","category-mis-en-avant","category-top-secret","tag-cote-ivoire"],"yoast_head":"<!-- This site is optimized with the Yoast SEO Premium plugin v28.1 (Yoast SEO v28.1) - https:\/\/yoast.com\/product\/yoast-seo-premium-wordpress\/ -->\n<title>Jean-Louis Billon convoqu\u00e9 par la Commission de discipline du PDCI | Geopolitics.fr<\/title>\n<meta name=\"description\" content=\"Jean-Louis est candidat \u00e0 l&#039;\u00e9lection pr\u00e9sidentielle de 2025 en C\u00f4te d&#039;Ivoire,en confrontation directe avec le Tidjane Tiam, pr\u00e9sident du PDCI\" \/>\n<meta name=\"robots\" content=\"index, follow, max-snippet:-1, max-image-preview:large, max-video-preview:-1\" \/>\n<link rel=\"canonical\" href=\"https:\/\/www.geopolitics.fr\/en\/2024\/11\/28\/jean-louis-billon-convoque-par-la-commission-de-discipline-du-pdci\/\" \/>\n<meta property=\"og:locale\" content=\"en_GB\" \/>\n<meta property=\"og:type\" content=\"article\" \/>\n<meta property=\"og:title\" content=\"Jean-Louis Billon convoqu\u00e9 par la Commission de discipline du PDCI\" \/>\n<meta property=\"og:description\" content=\"Jean-Louis est candidat \u00e0 l&#039;\u00e9lection pr\u00e9sidentielle de 2025 en C\u00f4te d&#039;Ivoire,en confrontation directe avec le Tidjane Tiam, pr\u00e9sident du PDCI\" \/>\n<meta property=\"og:url\" content=\"https:\/\/www.geopolitics.fr\/en\/2024\/11\/28\/jean-louis-billon-convoque-par-la-commission-de-discipline-du-pdci\/\" \/>\n<meta property=\"og:site_name\" content=\"Geopolitics.fr\" \/>\n<meta property=\"article:publisher\" content=\"https:\/\/www.facebook.com\/people\/Erwan-Davoux\/61557098968092\/\" \/>\n<meta property=\"article:author\" content=\"Erwan Davoux\" \/>\n<meta property=\"article:published_time\" content=\"2024-11-28T20:04:07+00:00\" \/>\n<meta property=\"article:modified_time\" content=\"2024-11-28T21:57:27+00:00\" \/>\n<meta property=\"og:image\" content=\"https:\/\/www.geopolitics.fr\/wp-content\/uploads\/2024\/11\/BILLON-BON.jpg\" \/>\n\t<meta property=\"og:image:width\" content=\"519\" \/>\n\t<meta property=\"og:image:height\" content=\"400\" \/>\n\t<meta property=\"og:image:type\" content=\"image\/jpeg\" \/>\n<meta name=\"author\" content=\"Erwan Davoux\" \/>\n<meta name=\"twitter:card\" content=\"summary_large_image\" \/>\n<meta name=\"twitter:creator\" content=\"@erwandavoux @Geo_politicsfr\" \/>\n<meta name=\"twitter:site\" content=\"@Geopolitics_Fr\" \/>\n<meta name=\"twitter:label1\" content=\"Written by\" \/>\n\t<meta name=\"twitter:data1\" content=\"Erwan Davoux\" \/>\n\t<meta name=\"twitter:label2\" content=\"Estimated reading time\" \/>\n\t<meta name=\"twitter:data2\" content=\"2 minutes\" \/>\n<script type=\"application\/ld+json\" class=\"yoast-schema-graph\">{\"@context\":\"https:\\\/\\\/schema.org\",\"@graph\":[{\"@type\":\"Article\",\"@id\":\"https:\\\/\\\/www.geopolitics.fr\\\/2024\\\/11\\\/28\\\/jean-louis-billon-convoque-par-la-commission-de-discipline-du-pdci\\\/#article\",\"isPartOf\":{\"@id\":\"https:\\\/\\\/www.geopolitics.fr\\\/2024\\\/11\\\/28\\\/jean-louis-billon-convoque-par-la-commission-de-discipline-du-pdci\\\/\"},\"author\":{\"name\":\"Erwan Davoux\",\"@id\":\"https:\\\/\\\/www.geopolitics.fr\\\/#\\\/schema\\\/person\\\/a487273e91313e368925717400fa1b11\"},\"headline\":\"Jean-Louis Billon convoqu\u00e9 par la Commission de discipline du PDCI\",\"datePublished\":\"2024-11-28T20:04:07+00:00\",\"dateModified\":\"2024-11-28T21:57:27+00:00\",\"mainEntityOfPage\":{\"@id\":\"https:\\\/\\\/www.geopolitics.fr\\\/2024\\\/11\\\/28\\\/jean-louis-billon-convoque-par-la-commission-de-discipline-du-pdci\\\/\"},\"wordCount\":222,\"commentCount\":0,\"publisher\":{\"@id\":\"https:\\\/\\\/www.geopolitics.fr\\\/#organization\"},\"image\":{\"@id\":\"https:\\\/\\\/www.geopolitics.fr\\\/2024\\\/11\\\/28\\\/jean-louis-billon-convoque-par-la-commission-de-discipline-du-pdci\\\/#primaryimage\"},\"thumbnailUrl\":\"https:\\\/\\\/www.geopolitics.fr\\\/wp-content\\\/uploads\\\/2024\\\/11\\\/BILLON-BON.jpg\",\"keywords\":[\"COTE IVOIRE\"],\"articleSection\":[\"International\",\"Mis en AVANT\",\"Top secret\"],\"inLanguage\":\"en-GB\"},{\"@type\":\"WebPage\",\"@id\":\"https:\\\/\\\/www.geopolitics.fr\\\/2024\\\/11\\\/28\\\/jean-louis-billon-convoque-par-la-commission-de-discipline-du-pdci\\\/\",\"url\":\"https:\\\/\\\/www.geopolitics.fr\\\/2024\\\/11\\\/28\\\/jean-louis-billon-convoque-par-la-commission-de-discipline-du-pdci\\\/\",\"name\":\"Jean-Louis Billon convoqu\u00e9 par la Commission de discipline du PDCI | Geopolitics.fr\",\"isPartOf\":{\"@id\":\"https:\\\/\\\/www.geopolitics.fr\\\/#website\"},\"primaryImageOfPage\":{\"@id\":\"https:\\\/\\\/www.geopolitics.fr\\\/2024\\\/11\\\/28\\\/jean-louis-billon-convoque-par-la-commission-de-discipline-du-pdci\\\/#primaryimage\"},\"image\":{\"@id\":\"https:\\\/\\\/www.geopolitics.fr\\\/2024\\\/11\\\/28\\\/jean-louis-billon-convoque-par-la-commission-de-discipline-du-pdci\\\/#primaryimage\"},\"thumbnailUrl\":\"https:\\\/\\\/www.geopolitics.fr\\\/wp-content\\\/uploads\\\/2024\\\/11\\\/BILLON-BON.jpg\",\"datePublished\":\"2024-11-28T20:04:07+00:00\",\"dateModified\":\"2024-11-28T21:57:27+00:00\",\"description\":\"Jean-Louis est candidat \u00e0 l'\u00e9lection pr\u00e9sidentielle de 2025 en C\u00f4te d'Ivoire,en confrontation directe avec le Tidjane Tiam, pr\u00e9sident du PDCI\",\"breadcrumb\":{\"@id\":\"https:\\\/\\\/www.geopolitics.fr\\\/2024\\\/11\\\/28\\\/jean-louis-billon-convoque-par-la-commission-de-discipline-du-pdci\\\/#breadcrumb\"},\"inLanguage\":\"en-GB\",\"potentialAction\":[{\"@type\":\"ReadAction\",\"target\":[\"https:\\\/\\\/www.geopolitics.fr\\\/2024\\\/11\\\/28\\\/jean-louis-billon-convoque-par-la-commission-de-discipline-du-pdci\\\/\"]}]},{\"@type\":\"ImageObject\",\"inLanguage\":\"en-GB\",\"@id\":\"https:\\\/\\\/www.geopolitics.fr\\\/2024\\\/11\\\/28\\\/jean-louis-billon-convoque-par-la-commission-de-discipline-du-pdci\\\/#primaryimage\",\"url\":\"https:\\\/\\\/www.geopolitics.fr\\\/wp-content\\\/uploads\\\/2024\\\/11\\\/BILLON-BON.jpg\",\"contentUrl\":\"https:\\\/\\\/www.geopolitics.fr\\\/wp-content\\\/uploads\\\/2024\\\/11\\\/BILLON-BON.jpg\",\"width\":519,\"height\":400},{\"@type\":\"BreadcrumbList\",\"@id\":\"https:\\\/\\\/www.geopolitics.fr\\\/2024\\\/11\\\/28\\\/jean-louis-billon-convoque-par-la-commission-de-discipline-du-pdci\\\/#breadcrumb\",\"itemListElement\":[{\"@type\":\"ListItem\",\"position\":1,\"name\":\"Accueil\",\"item\":\"https:\\\/\\\/www.geopolitics.fr\\\/\"},{\"@type\":\"ListItem\",\"position\":2,\"name\":\"Jean-Louis Billon convoqu\u00e9 par la Commission de discipline du PDCI\"}]},{\"@type\":\"WebSite\",\"@id\":\"https:\\\/\\\/www.geopolitics.fr\\\/#website\",\"url\":\"https:\\\/\\\/www.geopolitics.fr\\\/\",\"name\":\"Geopolitics.fr\",\"description\":\"Geopolitics.fr Analyse politique, relations internationales, d\u00e9fense - ligne \u00e9ditoriale gaullo-chiraquienne\",\"publisher\":{\"@id\":\"https:\\\/\\\/www.geopolitics.fr\\\/#organization\"},\"potentialAction\":[{\"@type\":\"SearchAction\",\"target\":{\"@type\":\"EntryPoint\",\"urlTemplate\":\"https:\\\/\\\/www.geopolitics.fr\\\/?s={search_term_string}\"},\"query-input\":{\"@type\":\"PropertyValueSpecification\",\"valueRequired\":true,\"valueName\":\"search_term_string\"}}],\"inLanguage\":\"en-GB\"},{\"@type\":\"Organization\",\"@id\":\"https:\\\/\\\/www.geopolitics.fr\\\/#organization\",\"name\":\"Geopolitics.fr\",\"url\":\"https:\\\/\\\/www.geopolitics.fr\\\/\",\"logo\":{\"@type\":\"ImageObject\",\"inLanguage\":\"en-GB\",\"@id\":\"https:\\\/\\\/www.geopolitics.fr\\\/#\\\/schema\\\/logo\\\/image\\\/\",\"url\":\"https:\\\/\\\/www.geopolitics.fr\\\/wp-content\\\/uploads\\\/2024\\\/01\\\/logo.jpg\",\"contentUrl\":\"https:\\\/\\\/www.geopolitics.fr\\\/wp-content\\\/uploads\\\/2024\\\/01\\\/logo.jpg\",\"width\":500,\"height\":500,\"caption\":\"Geopolitics.fr\"},\"image\":{\"@id\":\"https:\\\/\\\/www.geopolitics.fr\\\/#\\\/schema\\\/logo\\\/image\\\/\"},\"sameAs\":[\"https:\\\/\\\/www.facebook.com\\\/people\\\/Erwan-Davoux\\\/61557098968092\\\/\",\"https:\\\/\\\/x.com\\\/Geopolitics_Fr\"]},{\"@type\":\"Person\",\"@id\":\"https:\\\/\\\/www.geopolitics.fr\\\/#\\\/schema\\\/person\\\/a487273e91313e368925717400fa1b11\",\"name\":\"Erwan Davoux\",\"image\":{\"@type\":\"ImageObject\",\"inLanguage\":\"en-GB\",\"@id\":\"https:\\\/\\\/www.geopolitics.fr\\\/wp-content\\\/uploads\\\/2026\\\/05\\\/moi-96x96.jpg\",\"url\":\"https:\\\/\\\/www.geopolitics.fr\\\/wp-content\\\/uploads\\\/2026\\\/05\\\/moi-96x96.jpg\",\"contentUrl\":\"https:\\\/\\\/www.geopolitics.fr\\\/wp-content\\\/uploads\\\/2026\\\/05\\\/moi-96x96.jpg\",\"caption\":\"Erwan Davoux\"},\"description\":\"Erwan DAVOUX est Pr\u00e9sident de LMD CONSEIL, (conseil strat\u00e9gique, intelligence \u00e9conomique, risque g\u00e9opolitique, influence politique, diplomatie \u00e9conomique). Dipl\u00f4m\u00e9 de l'IEP de Paris et de l'INALCO (d\u00e9partement d'\u00e9tudes arabes), il est directeur de la publication de geopolitics.fr. Ancien fonctionnaire au Minist\u00e8re de l'Int\u00e9rieur et de la D\u00e9fense (DGSE) Ancien charg\u00e9 de Mission \u00e0 la Pr\u00e9sidence de la R\u00e9publique (cellule diplomatique) Conseil de nombreuses personnalit\u00e9s politiques \u00e0 l'International (dont deux anciens Premiers ministres).\",\"sameAs\":[\"Erwan Davoux\",\"@erwandavoux\",\"https:\\\/\\\/www.linkedin.com\\\/in\\\/erwan-davoux-6800b289\\\/\",\"https:\\\/\\\/x.com\\\/@erwandavoux @Geo_politicsfr\"],\"url\":\"https:\\\/\\\/www.geopolitics.fr\\\/en\\\/author\\\/erwan-davoux\\\/\"}]}<\/script>\n<!-- \/ Yoast SEO Premium plugin. -->","yoast_head_json":{"title":"Jean-Louis Billon convoqu\u00e9 par la Commission de discipline du PDCI | Geopolitics.fr","description":"Jean-Louis est candidat \u00e0 l'\u00e9lection pr\u00e9sidentielle de 2025 en C\u00f4te d'Ivoire,en confrontation directe avec le Tidjane Tiam, pr\u00e9sident du PDCI","robots":{"index":"index","follow":"follow","max-snippet":"max-snippet:-1","max-image-preview":"max-image-preview:large","max-video-preview":"max-video-preview:-1"},"canonical":"https:\/\/www.geopolitics.fr\/en\/2024\/11\/28\/jean-louis-billon-convoque-par-la-commission-de-discipline-du-pdci\/","og_locale":"en_GB","og_type":"article","og_title":"Jean-Louis Billon convoqu\u00e9 par la Commission de discipline du PDCI","og_description":"Jean-Louis est candidat \u00e0 l'\u00e9lection pr\u00e9sidentielle de 2025 en C\u00f4te d'Ivoire,en confrontation directe avec le Tidjane Tiam, pr\u00e9sident du PDCI","og_url":"https:\/\/www.geopolitics.fr\/en\/2024\/11\/28\/jean-louis-billon-convoque-par-la-commission-de-discipline-du-pdci\/","og_site_name":"Geopolitics.fr","article_publisher":"https:\/\/www.facebook.com\/people\/Erwan-Davoux\/61557098968092\/","article_author":"Erwan Davoux","article_published_time":"2024-11-28T20:04:07+00:00","article_modified_time":"2024-11-28T21:57:27+00:00","og_image":[{"width":519,"height":400,"url":"https:\/\/www.geopolitics.fr\/wp-content\/uploads\/2024\/11\/BILLON-BON.jpg","type":"image\/jpeg"}],"author":"Erwan Davoux","twitter_card":"summary_large_image","twitter_creator":"@erwandavoux @Geo_politicsfr","twitter_site":"@Geopolitics_Fr","twitter_misc":{"Written by":"Erwan Davoux","Estimated reading time":"2 minutes"},"schema":{"@context":"https:\/\/schema.org","@graph":[{"@type":"Article","@id":"https:\/\/www.geopolitics.fr\/2024\/11\/28\/jean-louis-billon-convoque-par-la-commission-de-discipline-du-pdci\/#article","isPartOf":{"@id":"https:\/\/www.geopolitics.fr\/2024\/11\/28\/jean-louis-billon-convoque-par-la-commission-de-discipline-du-pdci\/"},"author":{"name":"Erwan Davoux","@id":"https:\/\/www.geopolitics.fr\/#\/schema\/person\/a487273e91313e368925717400fa1b11"},"headline":"Jean-Louis Billon convoqu\u00e9 par la Commission de discipline du PDCI","datePublished":"2024-11-28T20:04:07+00:00","dateModified":"2024-11-28T21:57:27+00:00","mainEntityOfPage":{"@id":"https:\/\/www.geopolitics.fr\/2024\/11\/28\/jean-louis-billon-convoque-par-la-commission-de-discipline-du-pdci\/"},"wordCount":222,"commentCount":0,"publisher":{"@id":"https:\/\/www.geopolitics.fr\/#organization"},"image":{"@id":"https:\/\/www.geopolitics.fr\/2024\/11\/28\/jean-louis-billon-convoque-par-la-commission-de-discipline-du-pdci\/#primaryimage"},"thumbnailUrl":"https:\/\/www.geopolitics.fr\/wp-content\/uploads\/2024\/11\/BILLON-BON.jpg","keywords":["COTE IVOIRE"],"articleSection":["International","Mis en AVANT","Top secret"],"inLanguage":"en-GB"},{"@type":"WebPage","@id":"https:\/\/www.geopolitics.fr\/2024\/11\/28\/jean-louis-billon-convoque-par-la-commission-de-discipline-du-pdci\/","url":"https:\/\/www.geopolitics.fr\/2024\/11\/28\/jean-louis-billon-convoque-par-la-commission-de-discipline-du-pdci\/","name":"Jean-Louis Billon convoqu\u00e9 par la Commission de discipline du PDCI | Geopolitics.fr","isPartOf":{"@id":"https:\/\/www.geopolitics.fr\/#website"},"primaryImageOfPage":{"@id":"https:\/\/www.geopolitics.fr\/2024\/11\/28\/jean-louis-billon-convoque-par-la-commission-de-discipline-du-pdci\/#primaryimage"},"image":{"@id":"https:\/\/www.geopolitics.fr\/2024\/11\/28\/jean-louis-billon-convoque-par-la-commission-de-discipline-du-pdci\/#primaryimage"},"thumbnailUrl":"https:\/\/www.geopolitics.fr\/wp-content\/uploads\/2024\/11\/BILLON-BON.jpg","datePublished":"2024-11-28T20:04:07+00:00","dateModified":"2024-11-28T21:57:27+00:00","description":"Jean-Louis est candidat \u00e0 l'\u00e9lection pr\u00e9sidentielle de 2025 en C\u00f4te d'Ivoire,en confrontation directe avec le Tidjane Tiam, pr\u00e9sident du PDCI","breadcrumb":{"@id":"https:\/\/www.geopolitics.fr\/2024\/11\/28\/jean-louis-billon-convoque-par-la-commission-de-discipline-du-pdci\/#breadcrumb"},"inLanguage":"en-GB","potentialAction":[{"@type":"ReadAction","target":["https:\/\/www.geopolitics.fr\/2024\/11\/28\/jean-louis-billon-convoque-par-la-commission-de-discipline-du-pdci\/"]}]},{"@type":"ImageObject","inLanguage":"en-GB","@id":"https:\/\/www.geopolitics.fr\/2024\/11\/28\/jean-louis-billon-convoque-par-la-commission-de-discipline-du-pdci\/#primaryimage","url":"https:\/\/www.geopolitics.fr\/wp-content\/uploads\/2024\/11\/BILLON-BON.jpg","contentUrl":"https:\/\/www.geopolitics.fr\/wp-content\/uploads\/2024\/11\/BILLON-BON.jpg","width":519,"height":400},{"@type":"BreadcrumbList","@id":"https:\/\/www.geopolitics.fr\/2024\/11\/28\/jean-louis-billon-convoque-par-la-commission-de-discipline-du-pdci\/#breadcrumb","itemListElement":[{"@type":"ListItem","position":1,"name":"Accueil","item":"https:\/\/www.geopolitics.fr\/"},{"@type":"ListItem","position":2,"name":"Jean-Louis Billon convoqu\u00e9 par la Commission de discipline du PDCI"}]},{"@type":"WebSite","@id":"https:\/\/www.geopolitics.fr\/#website","url":"https:\/\/www.geopolitics.fr\/","name":"Geopolitics.fr","description":"Geopolitics.fr Analyse politique, relations internationales, d\u00e9fense - ligne \u00e9ditoriale gaullo-chiraquienne","publisher":{"@id":"https:\/\/www.geopolitics.fr\/#organization"},"potentialAction":[{"@type":"SearchAction","target":{"@type":"EntryPoint","urlTemplate":"https:\/\/www.geopolitics.fr\/?s={search_term_string}"},"query-input":{"@type":"PropertyValueSpecification","valueRequired":true,"valueName":"search_term_string"}}],"inLanguage":"en-GB"},{"@type":"Organization","@id":"https:\/\/www.geopolitics.fr\/#organization","name":"Geopolitics.fr","url":"https:\/\/www.geopolitics.fr\/","logo":{"@type":"ImageObject","inLanguage":"en-GB","@id":"https:\/\/www.geopolitics.fr\/#\/schema\/logo\/image\/","url":"https:\/\/www.geopolitics.fr\/wp-content\/uploads\/2024\/01\/logo.jpg","contentUrl":"https:\/\/www.geopolitics.fr\/wp-content\/uploads\/2024\/01\/logo.jpg","width":500,"height":500,"caption":"Geopolitics.fr"},"image":{"@id":"https:\/\/www.geopolitics.fr\/#\/schema\/logo\/image\/"},"sameAs":["https:\/\/www.facebook.com\/people\/Erwan-Davoux\/61557098968092\/","https:\/\/x.com\/Geopolitics_Fr"]},{"@type":"Person","@id":"https:\/\/www.geopolitics.fr\/#\/schema\/person\/a487273e91313e368925717400fa1b11","name":"Erwan Davoux","image":{"@type":"ImageObject","inLanguage":"en-GB","@id":"https:\/\/www.geopolitics.fr\/wp-content\/uploads\/2026\/05\/moi-96x96.jpg","url":"https:\/\/www.geopolitics.fr\/wp-content\/uploads\/2026\/05\/moi-96x96.jpg","contentUrl":"https:\/\/www.geopolitics.fr\/wp-content\/uploads\/2026\/05\/moi-96x96.jpg","caption":"Erwan Davoux"},"description":"Erwan DAVOUX est Pr\u00e9sident de LMD CONSEIL, (conseil strat\u00e9gique, intelligence \u00e9conomique, risque g\u00e9opolitique, influence politique, diplomatie \u00e9conomique). Dipl\u00f4m\u00e9 de l'IEP de Paris et de l'INALCO (d\u00e9partement d'\u00e9tudes arabes), il est directeur de la publication de geopolitics.fr. Ancien fonctionnaire au Minist\u00e8re de l'Int\u00e9rieur et de la D\u00e9fense (DGSE) Ancien charg\u00e9 de Mission \u00e0 la Pr\u00e9sidence de la R\u00e9publique (cellule diplomatique) Conseil de nombreuses personnalit\u00e9s politiques \u00e0 l'International (dont deux anciens Premiers ministres).","sameAs":["Erwan Davoux","@erwandavoux","https:\/\/www.linkedin.com\/in\/erwan-davoux-6800b289\/","https:\/\/x.com\/@erwandavoux @Geo_politicsfr"],"url":"https:\/\/www.geopolitics.fr\/en\/author\/erwan-davoux\/"}]}},"_links":{"self":[{"href":"https:\/\/www.geopolitics.fr\/en\/wp-json\/wp\/v2\/posts\/3185","targetHints":{"allow":["GET"]}}],"collection":[{"href":"https:\/\/www.geopolitics.fr\/en\/wp-json\/wp\/v2\/posts"}],"about":[{"href":"https:\/\/www.geopolitics.fr\/en\/wp-json\/wp\/v2\/types\/post"}],"author":[{"embeddable":true,"href":"https:\/\/www.geopolitics.fr\/en\/wp-json\/wp\/v2\/users\/16"}],"replies":[{"embeddable":true,"href":"https:\/\/www.geopolitics.fr\/en\/wp-json\/wp\/v2\/comments?post=3185"}],"version-history":[{"count":0,"href":"https:\/\/www.geopolitics.fr\/en\/wp-json\/wp\/v2\/posts\/3185\/revisions"}],"wp:featuredmedia":[{"embeddable":true,"href":"https:\/\/www.geopolitics.fr\/en\/wp-json\/wp\/v2\/media\/3190"}],"wp:attachment":[{"href":"https:\/\/www.geopolitics.fr\/en\/wp-json\/wp\/v2\/media?parent=3185"}],"wp:term":[{"taxonomy":"category","embeddable":true,"href":"https:\/\/www.geopolitics.fr\/en\/wp-json\/wp\/v2\/categories?post=3185"},{"taxonomy":"post_tag","embeddable":true,"href":"https:\/\/www.geopolitics.fr\/en\/wp-json\/wp\/v2\/tags?post=3185"}],"curies":[{"name":"wp","href":"https:\/\/api.w.org\/{rel}","templated":true}]}}