{"id":3178,"date":"2024-11-28T08:44:13","date_gmt":"2024-11-28T07:44:13","guid":{"rendered":"https:\/\/www.geopolitics.fr\/?p=3178"},"modified":"2024-11-28T12:08:43","modified_gmt":"2024-11-28T11:08:43","slug":"les-etats-unis-completement-isoles-sur-gaza-au-sein-du-conseil-de-securite","status":"publish","type":"post","link":"https:\/\/www.geopolitics.fr\/en\/2024\/11\/28\/les-etats-unis-completement-isoles-sur-gaza-au-sein-du-conseil-de-securite\/","title":{"rendered":"Les Etats-Unis compl\u00e8tement isol\u00e9s sur Gaza au sein du Conseil de S\u00e9curit\u00e9"},"content":{"rendered":"<p class=\"has-medium-font-size wp-block-paragraph\"><em>Un nouveau projet de r\u00e9solution concernant la guerre en territoire palestinien, douzi\u00e8me du nom depuis les attentats du 7 octobre 2023, rel\u00e9gu\u00e9 \u00e0 la corbeille \u00e0 papier du Conseil de s\u00e9curit\u00e9. Une nouvelle fois du fait d\u2019un veto des \u00c9tats-Unis. C\u2019est la quatri\u00e8me fois que les \u00c9tats-Unis mettent en \u00e9chec un projet de r\u00e9solution sur la question gazaouie.&nbsp; Les 14 autres membres du Conseil ont vot\u00e9 eux, en sa faveur.<\/em><\/p>\n\n\n\n<p class=\"has-medium-font-size wp-block-paragraph\">A grands renforts habituels d\u2019arguments rh\u00e9toriques voilant \u00e0 peine le fond de leur position \u00e0 l\u2019\u00e9gard de l\u2019Etat H\u00e9breu, les \u00c9tats-Unis ont justifi\u00e9 leur vote en se pourfendant du \u00a0\u00ab cynisme \u00bb de certains membres du Conseil ayant pr\u00e9f\u00e9r\u00e9 \u00ab\u00a0provoquer\u00a0\u00bb leur veto plut\u00f4t que de rechercher une r\u00e9daction \u00ab\u00a0sous forme de compromis\u00a0\u00bb du texte, notamment sur la question des otages \u00ab irr\u00e9m\u00e9diablement li\u00e9e \u00bb \u00e0 celle du cessez-le-feu. <strong>Le pseudo-gendarme du monde a encore frapp\u00e9, bien certainement sur la banni\u00e8re de ses int\u00e9r\u00eats propres\u00a0!<\/strong><\/p>\n\n\n\n<p class=\"has-medium-font-size wp-block-paragraph\">C\u2019est un nouvel \u00e9pisode depuis le 10 juin dernier et l\u2019adoption arrach\u00e9e de la r\u00e9solution 2735-2024, par 14 voix \u00ab\u00a0pour\u00a0\u00bb et l\u2019abstention de la F\u00e9d\u00e9ration de Russie, alors que le Conseil \u00e9tait appel\u00e9 \u00e0 se prononcer sur un texte concernant la guerre \u00e0 Gaza.\u00a0 <strong>Comme l\u2019a dit le repr\u00e9sentant de l\u2019Alg\u00e9rie apr\u00e8s le vote, le projet de r\u00e9solution pr\u00e9sent\u00e9 visait uniquement \u00e0 interrompre le \u00ab <em>silence \u00e9crasant<\/em> \u00bb qui r\u00e8gne depuis cinq mois sur cet interminable conflit ravageur.\u00a0<\/strong> <strong>Le texte, a-t-il ajout\u00e9, \u00ab <em>\u00e9tait loin d\u2019\u00eatre parfait, mais il repr\u00e9sentait le minimum de ce qui aurait d\u00fb nous unir<\/em> \u00bb<\/strong>. Ainsi, la messe est dite.<\/p>\n\n\n\n<h2 class=\"wp-block-heading\" id=\"h-un-texte-a-minima-des-fois-que\"><strong>Un texte \u00e0 minima, d\u00e8s fois que\u2026<\/strong><\/h2>\n\n\n\n<p class=\"has-medium-font-size wp-block-paragraph\">Propos\u00e9 et r\u00e9dig\u00e9 par le Guyana au nom des 10 membres \u00e9lus du Conseil, le texte entendait r\u00e9pondre prioritairement \u00e0 la crise humanitaire frappant de plein fouet les d\u00e9plac\u00e9s de Gaza.&nbsp; Dans un effort notable, la repr\u00e9sentante du Guyana a en pr\u00e9ambule, pr\u00e9sent\u00e9 les points clefs du projet de r\u00e9solution&nbsp;: \u00ab <em>fruit de plusieurs semaines de n\u00e9gociations intensives entre les membres du Conseil <\/em>\u00bb et y a m\u00eame conclu \u00e0 \u00ab <em>une approche inclusive et constructive <\/em>\u00bb.<\/p>\n\n\n\n<p class=\"has-medium-font-size wp-block-paragraph\">Le texte exigeait notamment un \u00ab <strong><em>cessez-le-feu imm\u00e9diat, inconditionnel, permanent et respect\u00e9 par toutes les parties<\/em><\/strong> \u00bb. Evidemment. Tout en soulignant l\u2019importance de \u00ab <strong><em>la lib\u00e9ration imm\u00e9diate et inconditionnelle de tous les otages <\/em><\/strong>\u00bb. Rappelant par la m\u00eame aux parties \u00ab<strong><em>&nbsp;leur devoir de respecter pleinement le droit international et de se conformer aux r\u00e9solutions pr\u00e9c\u00e9dentes du Conseil, en particulier la r\u00e9solution 2735 adopt\u00e9e en juin<\/em><\/strong>&nbsp;\u00bb. Et l\u00e0, au-del\u00e0 des bonnes intentions, cela ne passe plus.<\/p>\n\n\n\n<p class=\"has-medium-font-size wp-block-paragraph\"><strong>Sur le plan humanitaire pour ne dire simplement humain, le projet de r\u00e9solution visait \u00e0 garantir un \u00ab <em>acc\u00e8s imm\u00e9diat aux services de base et \u00e0 l\u2019aide humanitaire essentielle \u00bb<\/em><\/strong><em>, <\/em>et r\u00e9prouvait<em> \u00ab tout effort visant \u00e0 affamer les Palestiniens<\/em> \u00bb. Le texte proposait en outre une entr\u00e9e rapide et sans entrave de l\u2019aide humanitaire \u00e0 travers Gaza, en insistant sur sa distribution \u00e9quitable \u00e0 tous les civils, \u00ab <em>y compris les civils de Gaza-Nord assi\u00e9g\u00e9e<\/em> \u00bb, et ce, \u00ab <em>sous la coordination de l\u2019Organisation des Nations Unies <\/em>\u00bb. Enfin, le propos reconnaissait \u00e9galement le r\u00f4le central de l\u2019UNRWA (NDLR\u00a0: Office de secours et de travaux des Nations Unies pour les r\u00e9fugi\u00e9s de Palestine dans le Proche-Orient), comme \u00ab <em>\u00e9pine dorsale de la r\u00e9ponse humanitaire \u00e0 Gaza<\/em> \u00bb, en engageant toutes les parties au conflit de permettre \u00e0 l\u2019organisation de remplir son mandat dans toute la r\u00e9gion, sans entrave. La goutte de trop pour Washington\u00a0?<\/p>\n\n\n\n<h2 class=\"wp-block-heading\" id=\"h-une-tentative-d-arguments-etats-uniens-america-first-nbsp\"><strong>Une tentative d\u2019arguments \u00c9tats-Uniens : America first&nbsp;?<\/strong><\/h2>\n\n\n\n<p class=\"has-medium-font-size wp-block-paragraph\">\u00ab <em>Nous avons dit tr\u00e8s clairement que nous ne pourrions pas appuyer un cessez-le-feu sans condition n\u2019aboutissant pas \u00e0 la lib\u00e9ration des otages<\/em> \u00bb, a r\u00e9torqu\u00e9 le repr\u00e9sentant des \u00c9tats-Unis, pour qui ces deux objectifs sont \u00ab <em>irr\u00e9m\u00e9diablement li\u00e9s<\/em> \u00bb.&nbsp; Selon ce dernier, la r\u00e9solution envisag\u00e9e aurait envoy\u00e9 un \u00ab <em>message dangereux au Hamas<\/em> \u00bb, leur sugg\u00e9rant qu\u2019il n\u2019est plus n\u00e9cessaire de n\u00e9gocier alors que plus de 100 otages, dont des citoyens am\u00e9ricains sont toujours d\u00e9tenus. Nous y voil\u00e0.<\/p>\n\n\n\n<p class=\"has-medium-font-size wp-block-paragraph\">Critiquant, dans l\u2019envol\u00e9e de leur repr\u00e9sentant, la r\u00e9ticence de certains membres du Conseil \u00e0 condamner sans r\u00e9serve les attaques du 7 octobre, les \u00c9tats-Unis ont rejet\u00e9 sur le Hamas la responsabilit\u00e9 de la mise en danger de millions de civils palestiniens, ainsi que de l\u2019embrasement de la r\u00e9gion.&nbsp; En outre, pour la diplomatie de l\u2019oncle Sam de rappeler leur collaboration constante avec l\u2019Etat H\u00e9breu visant \u00e0 renforcer l\u2019acheminement de l\u2019aide humanitaire et minimiser les souffrances civiles.&nbsp; \u00ab <em>Un cessez-le-feu sans condition avec le Hamas signifierait l\u2019acceptation de leur mainmise sur Gaza.&nbsp; Nous ne l\u2019accepterons jamais<\/em> \u00bb, a ass\u00e9n\u00e9 leur repr\u00e9sentant avant de r\u00e9it\u00e9rer l\u2019engagement de son pays \u00e0 poursuivre ses efforts diplomatiques.<\/p>\n\n\n\n<p class=\"has-medium-font-size wp-block-paragraph\">Il n\u2019en aura gu\u00e8re fallut plus \u00e0 la <strong>F\u00e9d\u00e9ration de Russie<\/strong> de r\u00e9agir en accusant les \u00c9tats-Unis de signer un \u00ab\u00a0<em>nouvel arr\u00eat de mort de dizaines de milliers de Palestiniens<\/em>\u00a0\u00bb. Saisissant la balle au bond, le repr\u00e9sentant russe a ainsi qualifi\u00e9 la position am\u00e9riaine d\u2019agissement \u00ab <em>inhumain et irresponsable<\/em> \u00bb, allant m\u00eame \u00e0 l\u2019encontre des int\u00e9r\u00eats Isra\u00e9liens. Voyant dans ce veto \u00ab\u00a0<em>la manifestation de la propension des \u00c9tats-Unis \u00e0 attiser des conflits et \u00e0 violer la souverainet\u00e9 des pays dans les affaires desquelles ils s\u2019ing\u00e8rent\u00a0<\/em>\u00bb. Ambiance.<\/p>\n\n\n\n<h2 class=\"wp-block-heading\" id=\"h-un-veto-americain-intolerable-pour-la-federation-de-russie\"><strong>Un veto am\u00e9ricain intol\u00e9rable pour la F\u00e9d\u00e9ration de Russie<\/strong><\/h2>\n\n\n\n<p class=\"has-medium-font-size wp-block-paragraph\">Il n\u2019en fallait pas moins pour faire r\u00e9agir Moscou. <strong>Si le texte propos\u00e9 par le Guyana avait \u00e9t\u00e9 adopt\u00e9, toutes les revendications des \u00c9tats-Unis auraient pu \u00eatre satisfaites selon le diplomate russe, qui n\u2019a pas manqu\u00e9 de pointer du doigt les raisons \u00ab<em> incompr\u00e9hensibles<\/em> \u00bb donn\u00e9es par ce membre permanent<\/strong>, afin de justifier une nouvelle fois son faire-valoir au sein du Conseil.\u00a0 Puis de rappeler que \u00ab\u00a0<em>la d\u00e9l\u00e9gation am\u00e9ricaine a, par exemple, exerc\u00e9 son droit de veto le 18 octobre 2023 pour bloquer un texte qui condamnait noir sur blanc les attaques du 7 octobre\u00a0<\/em>\u00bb.\u00a0 Puis d\u2019ajouter dans un r\u00e9cit plut\u00f4t clair et \u00e9tay\u00e9 que \u00ab\u00a0<em>les causes des atrocit\u00e9s commises depuis cette date sont ancr\u00e9es dans le fait historique que des pays occidentaux ont laiss\u00e9 se cr\u00e9er un \u00c9tat aux d\u00e9pens d\u2019un autre au Moyen-Orient<\/em>, a-t-il encore accus\u00e9. \u00ab <strong><em>Nous ne laisserons pas les Am\u00e9ricains faire taire le Conseil et la voix des Palestiniens<\/em> \u00bb, a-t-il enfin promis moquant ainsi la tendance outre-Atlantique \u00e0 faire vivre \u00ab <em>un jour sans fin<\/em> \u00bb <\/strong>en se targuant syst\u00e9matiquement de la m\u00eame rh\u00e9torique. En clair, celle de ses propres int\u00e9r\u00eats avant tout.<\/p>\n\n\n\n<p class=\"has-medium-font-size wp-block-paragraph\"><strong>La Chine<\/strong> n\u2019a pas manqu\u00e9 \u00e9galement de fait part de sa d\u00e9ception, le veto am\u00e9ricain ayant selon son repr\u00e9sentant, \u00ab <em>balay\u00e9 tous les espoirs du peuple de Gaza <\/em>\u00bb. \u00ab <em>L\u2019histoire sera juge de nos actes comme de nos inactions, et les g\u00e9n\u00e9rations futures sauront qu\u2019apr\u00e8s chaque veto am\u00e9ricain le tribut du conflit \u00e0 Gaza n\u2019a cess\u00e9 d\u2019augmenter<\/em> \u00bb, a-t-il affirm\u00e9.\u00a0 <strong>Pour P\u00e9kin, mettre son veto aux yeux du monde \u00e0 un tel texte, \u00ab\u00a0<em>revient \u00e0 donner carte blanche \u00e0 Isra\u00ebl afin que ce dernier poursuive sa tuerie de masse\u00a0<\/em>\u00bb.<\/strong>\u00a0 Une accusation plusieurs fois d\u00e9j\u00e0 formul\u00e9e par l\u2019Alg\u00e9rie, dont le repr\u00e9sentant s\u2019est dit l\u00e0 encore \u00ab\u00a0<em>d\u00e9sol\u00e9 qu\u2019un membre permanent envoie le message insens\u00e9 que la puissance occupante isra\u00e9lienne peut continuer \u00e0 punir collectivement le peuple palestinien et \u00e0 poursuivre son g\u00e9nocide en toute impunit\u00e9<\/em> \u00bb.\u00a0 \u00ab\u00a0<em>Les \u00c9tats-Unis doivent cesser d\u2019\u00eatre passifs et permettre au Conseil de s\u00e9curit\u00e9 d\u2019imposer sans d\u00e9lais un cessez-le-feu<\/em>\u00a0\u00bb, a encore soulign\u00e9 le repr\u00e9sentant chinois.<\/p>\n\n\n\n<p class=\"has-medium-font-size wp-block-paragraph\"><strong>D\u2019une m\u00eame voix bien que f\u00e9brile, La France et le Royaume-Uni<\/strong> (NDLR\u00a0: la France qui a rappel\u00e9 par la m\u00eame que deux de ses ressortissants font toujours partie des otages du Hamas), ont regrett\u00e9 que le texte dont ils ont dit partager la vision et les objectifs humanitaires, n\u2019ait pas pu \u00eatre adopt\u00e9. R\u00e9it\u00e9rant au passage leur engagement de continuer \u00e0 \u0153uvrer aux c\u00f4t\u00e9s de leurs partenaires afin de mettre un terme \u00e0 cette guerre, puis d\u2019obtenir la lib\u00e9ration de tous les otages, prot\u00e9ger les civils et enfin garantir l\u2019acheminement de la quantit\u00e9 d\u2019aide humanitaire requise. Cela ne manque pas pain, comme dirait l\u2019autre\u2026<\/p>\n\n\n\n<h2 class=\"wp-block-heading has-medium-font-size\" id=\"h-du-cote-des-sans-voix-autrement-dit-les-10-membres\">Du c\u00f4t\u00e9 des \u00ab\u00a0sans voix\u00a0\u00bb, autrement dit les 10 membres<\/h2>\n\n\n\n<p class=\"has-medium-font-size wp-block-paragraph\"> Coauteurs du texte, tous ont fait part de leur profonde d\u00e9ception.\u00a0 D\u00e9j\u00e0 pr\u00e9c\u00e9demment cit\u00e9e, Alger a \u00e9voqu\u00e9 un \u00ab <em>jour triste pour le Conseil de s\u00e9curit\u00e9, l\u2019ONU et la communaut\u00e9 internationale<\/em>. <em>Gaza, la ville des enfants, est devenue la ville des orphelins<\/em> \u00bb, s\u2019est-elle lament\u00e9e.<\/p>\n\n\n\n<p class=\"has-medium-font-size wp-block-paragraph\">\u00ab <em>Plus de cinq mois apr\u00e8s l\u2019adoption de la r\u00e9solution 2735, ce projet r\u00e9affirmait notre engagement pour un cessez-le-feu imm\u00e9diat, inconditionnel et permanent, pour la lib\u00e9ration imm\u00e9diate et inconditionnelle de tous les otages et pour l\u2019acheminement s\u00fbr, rapide et sans entrave de l\u2019aide humanitaire aux populations civiles<\/em> \u00bb, a indiqu\u00e9 de son c\u00f4t\u00e9 la traditionnelle aidante <strong>Suisse<\/strong>. <strong>Malte<\/strong> la discr\u00e8te, lui embo\u00eetant le pas d\u00e9plorant que \u00ab\u00a0<em>le Conseil n\u2019ait pas \u00e9t\u00e9 en mesure d\u2019adopter un projet de r\u00e9solution, qui repr\u00e9sentait pourtant le minimum pour commencer \u00e0 rem\u00e9dier \u00e0 une situation catastrophique devenue indicible<\/em>\u00a0\u00bb.<\/p>\n\n\n\n<p class=\"has-medium-font-size wp-block-paragraph\">Pour sa part, <strong>le repr\u00e9sentant nippon<\/strong> a quant \u00e0 lui consid\u00e9r\u00e9 que \u00ab\u00a0<em>cette non-adoption ne devait pas \u00eatre l\u2019occasion d\u2019\u00e9changer des accusations vaines et a tenu \u00e0 rappeler que le membre permanent du Conseil qui n\u2019a pas pu soutenir le projet de r\u00e9solution travaille sans rel\u00e2che pour mettre fin cauchemar de Gaza<\/em>\u00a0\u00bb. Fin de citation.<\/p>\n\n\n\n<h2 class=\"wp-block-heading\" id=\"h-une-passe-d-armes-sans-gout-ni-saveur-sans-meme-un-sens-commun-un-sens-tout-court\"><strong>Une passe d\u2019armes sans go\u00fbt ni saveur, sans m\u00eame un sens commun, un sens tout court<\/strong><\/h2>\n\n\n\n<p class=\"has-medium-font-size wp-block-paragraph\">Prenant la parole apr\u00e8s un nouvel \u00e9change d\u2019invectives st\u00e9riles entre la banni\u00e8re \u00e9toil\u00e9e et le Kremlin, s\u2019accusant mutuellement dans un m\u00e9lange des genres \u00e0 peine audible d\u2019actes de \u00ab barbarie \u00bb au Moyen-Orient et en Ukraine, le repr\u00e9sentant de (ce qui devrait \u00eatre) <strong>l\u2019\u00c9tat de Palestine a d\u00e9nonc\u00e9 une \u00ab <em>tentative d\u2019annihilation orchestr\u00e9e par Isra\u00ebl, affirmant qu\u2019il n\u2019existe aucun droit justifiant les massacres, les d\u00e9placements forc\u00e9s ou l\u2019affamement des civils<\/em>\u00a0\u00bb. Sans blague\u2026<\/strong><\/p>\n\n\n\n<p class=\"has-medium-font-size wp-block-paragraph\">L\u2019\u00e9missaire palestinien rappelant que \u00ab\u00a0<em>des milliers de Palestiniens, y compris des enfants, ont p\u00e9ri sous les d\u00e9combres \u00e0 Gaza et que la famine s\u2019y propage<\/em>, d\u00e9crivant une \u00ab <em>r\u00e9alit\u00e9 quotidienne insupportable<\/em> \u00bb. S\u2019indignant du traitement inflig\u00e9 \u00e0 son peuple, ce dernier a lanc\u00e9 non sans tapant du poing sur la table : \u00ab <strong><em>Nous avons la mauvaise nationalit\u00e9, la mauvaise religion, la mauvaise couleur de peau, mais nous sommes des humains avant tout et devons \u00eatre trait\u00e9s comme tels! <\/em>\u00bb. Point.<\/strong><\/p>\n\n\n\n<p class=\"has-medium-font-size wp-block-paragraph\">Bien entendu le repr\u00e9sentant palestinien a vu dans le blocage made in USA, un \u00ab <em>message dangereux encourageant l\u2019\u00e9ternel alli\u00e9 Isra\u00ebl \u00e0 poursuivre ses actions en toute impunit\u00e9&nbsp;<\/em>\u00bb. Accusant m\u00eame ce dernier de rejeter toute offre de cessez-le-feu qui ne serait pas de sa propre conception, autorisant ainsi l\u2019Etat H\u00e9breu \u00e0 annexer davantage encore de terres palestiniennes.&nbsp; En appelant en outre l\u2019Assembl\u00e9e g\u00e9n\u00e9rale des Nations Unies \u00e0 agir l\u00e0 o\u00f9 son Conseil de s\u00e9curit\u00e9 a \u00e9chou\u00e9, le diplomate palestinien a plaid\u00e9 pour un avenir lib\u00e9r\u00e9 de l\u2019occupation et des violences, en concluant: \u00ab <em>Ce monde peut exister aujourd\u2019hui si nous d\u00e9cidons d\u2019agir.<\/em> \u00bb<\/p>\n\n\n\n<p class=\"has-medium-font-size wp-block-paragraph\">Dans le match oratoire auquel le Conseil nous a tristement habitu\u00e9, l<strong>e repr\u00e9sentant d\u2019Isra\u00ebl <\/strong>s\u2019est quant \u00e0 lui fendu d\u2019une condamnation ferme de ce projet de r\u00e9solution, affirmant \u00ab<em>\u00a0ignorer les souffrances des otages et l\u00e9gitimant la brutalit\u00e9 du Hamas<\/em>\u00a0\u00bb.\u00a0 Accusant m\u00eame \u00ab <em>la plupart des membres du Conseil <\/em>\u00bb d\u2019avoir \u00ab <em>trahi leurs propres principes, leur devoir de d\u00e9fendre la justice<\/em> \u00bb. Puis enfin d\u2019estimer qu\u2019en adoptant le texte, le Conseil \u00ab <em>aurait envoy\u00e9 un message au monde disant que les terroristes peuvent agir en toute impunit\u00e9, que l\u2019ONU prot\u00e9gera ces assassins ces violeurs, plut\u00f4t que de les traduire en justice<\/em> \u00bb.<\/p>\n\n\n\n<p class=\"has-medium-font-size wp-block-paragraph\">Puis de se pourfendre d\u2019un \u00ab <em>l\u2019Etat d\u2019Isra\u00ebl<\/em> <em>remercie les \u00c9tats-Unis d\u2019\u00eatre rest\u00e9s du c\u00f4t\u00e9 de la morale et de la justice, d\u2019avoir refus\u00e9 d\u2019abandonner les otages et leurs familles<\/em> \u00bb, se plaisant \u00e0 rappeler des fois que, les 101 otages restant d\u00e9tenus dans des conditions inhumaines et dans les mains arabes.&nbsp; Rappelant \u00e0 qui veut bien l\u2019entendre de nouveau, l\u00e0 encore des fois que, l\u2019attribution au Hamas de la responsabilit\u00e9 du conflit et des pertes civiles.<\/p>\n\n\n\n<p class=\"has-medium-font-size wp-block-paragraph\">Dans ses \u00e9l\u00e9ments de langage habituels, incontestables sur le fond pour tout Etat qui se respecte et \u00e0 minima sa population, Isra\u00ebl a r\u00e9affirm\u00e9 que sa priorit\u00e9 \u00e9tait de prot\u00e9ger ses citoyens et de lib\u00e9rer les otages.&nbsp; \u00ab <em>Nous ne cesserons jamais de combattre pour obtenir leur lib\u00e9ration <\/em>\u00bb, a martel\u00e9 ainsi le d\u00e9l\u00e9gu\u00e9, rejetant tout cessez-le-feu \u00ab&nbsp;<em>tant que le Hamas ne d\u00e9poserait pas les armes&nbsp;<\/em>\u00bb.&nbsp; En concluant comme un rappel subliminal \u00e0 l\u2019histoire des 19<sup>\u00e8me<\/sup> et 20<sup>\u00e8me<\/sup> si\u00e8cles&nbsp;: \u00ab <em>l\u2019histoire se souviendra de ceux qui ont d\u00e9fendu les principes de paix et de ceux qui les ont trahis <\/em>\u00bb. Balle de match, la balle au centre. Et durant ce temps, les vraies balles elles, continuent de siffler.<\/p>\n\n\n\n<h2 class=\"wp-block-heading\" id=\"h-droit-de-veto-au-conseil-de-securite-des-nations-unies-ce-serpent-de-mer-infernal\"><strong>Droit de veto au Conseil de s\u00e9curit\u00e9 des Nations unies, ce serpent de mer infernal<\/strong><\/h2>\n\n\n\n<p class=\"has-medium-font-size wp-block-paragraph\">Droit de veto ou droit de blocage du monde\u00a0? Cette disposition du Conseil de s\u00e9curit\u00e9 des Nations unies est un droit accord\u00e9 uniquement aux cinq membres permanents de ce Conseil, \u00e0 savoir la Chine, la France, le Royaume-Uni, la Russie et les \u00c9tats-Unis. Cette pr\u00e9rogative et non des moindres, leur permet de bloquer toute r\u00e9solution \u00ab de fond \u00bb, quelle que soit l&rsquo;opinion majoritaire au Conseil. Ces cinq membres permanents exercent ce droit quand ils votent par la n\u00e9gative, en sachant que toutefois une abstention ou une absence de position n&rsquo;est pas consid\u00e9r\u00e9e comme un veto. <strong>Pour les votes concernant les questions de proc\u00e9dure, le droit de veto ne peut pas \u00eatre exerc\u00e9, ce qui permet ainsi au Conseil de pouvoir d\u00e9battre d&rsquo;un projet de r\u00e9solution m\u00eame s&rsquo;il est fort probable qu&rsquo;un des cinq y mette son veto.<\/strong><\/p>\n\n\n\n<p class=\"has-medium-font-size wp-block-paragraph\"><strong>Le droit de veto est de plus en plus controvers\u00e9.<\/strong> De nombreux analystes et sp\u00e9cialistes du droit international, voient dans cette disposition l&rsquo;\u00e9l\u00e9ment le plus antid\u00e9mocratique de l&rsquo;ONU, et la principale cause d&rsquo;inaction concernant les crimes de guerre et les crimes contre l&rsquo;humanit\u00e9. En effet et cela se v\u00e9rifie largement dans les faits, ce droit emp\u00eache concr\u00e8tement les Nations Unies et ses multiples agences, d\u2019une part d\u2019ent\u00e9riner une r\u00e9solution qui para\u00eet juste \u00e0 la majorit\u00e9, mais aussi d\u2019autre part de les imposer aux membres permanents et leurs alli\u00e9s respectifs du moment. Bien s\u00fbr pour les partisans de ce droit de veto, le consid\u00e8rent comme un facteur de stabilit\u00e9 internationale, et un moyen de contr\u00f4ler les interventions militaires.<\/p>\n\n\n\n<p class=\"has-medium-font-size wp-block-paragraph\"><strong>Historiquement, le principe du veto a \u00e9t\u00e9 ainsi \u00e9tabli afin de prot\u00e9ger les int\u00e9r\u00eats des membres fondateurs des Nations unies, \u00e0 l\u2019issue victorieuse de la Seconde Guerre mondiale.<\/strong> Instaur\u00e9 lors de la conf\u00e9rence de Dumbarton Oaks en 1944, pr\u00e9valant \u00e0 la cr\u00e9ation de l&rsquo;ONU, par les repr\u00e9sentants de la r\u00e9publique de Chine, des \u00c9tats-Unis, du Royaume-Uni, de l&rsquo;ex-Union sovi\u00e9tique et de la France, ceux-ci adoptant en outre le statut de membres permanents. La France, m\u00eame battue et occup\u00e9e par l&rsquo;Allemagne nazie, \u00e9tait alors reconnue comme primordiale dans sa position permanente de la Soci\u00e9t\u00e9 des Nations, \u00e9galement comme une puissance coloniale de premi\u00e8re importance, en Afrique notamment. Les activit\u00e9s des Forces fran\u00e7aises libres aux c\u00f4t\u00e9s des Alli\u00e9s ont ainsi permis au petit pays gaulois de s&rsquo;asseoir \u00e0 la m\u00eame table que les Quatre Grands. <strong>Dans son ADN, le droit de veto \u00e9tait notamment justifi\u00e9 par la volont\u00e9 d&rsquo;assurer la pleine participation des grandes puissances au sein de l&rsquo;ONU, \u00e0 long terme.<\/strong><\/p>\n\n\n\n<p class=\"has-medium-font-size wp-block-paragraph\">Toutefois, l\u2019Histoire aura eu raison de feu la Soci\u00e9t\u00e9 des Nations &#8211; notamment les retraits de l&rsquo;Allemagne, de l&rsquo;Italie et du Japon, grandes puissances de l&rsquo;\u00e9poque &#8211; vidant l\u2019organisation de sa substance m\u00eame. Cherchant \u00e0 \u00e9viter que ne se renouvellent de tels retraits, l&rsquo;octroi du droit de veto devait garantir une implication plus prononc\u00e9e et formelle des grandes puissances, et donc du moins en th\u00e9orie, l&rsquo;efficacit\u00e9 de la flambante ONU. De parole d\u2019analystes, Il est plus que probable que l&rsquo;un ou l&rsquo;autre des membres permanents n\u2019aurait pas adh\u00e9rer \u00e0 la nouvelle organisation internationale, en l&rsquo;absence du droit de veto.<\/p>\n\n\n\n<p class=\"has-medium-font-size wp-block-paragraph\"><strong>Il faudra attendre avril 2022, pour que l&rsquo;Assembl\u00e9e g\u00e9n\u00e9rale des Nations unies ent\u00e9rine la mise en place d\u2019une condition visant \u00e0 \u00ab\u00a0une explication orale devant l&rsquo;Assembl\u00e9e g\u00e9n\u00e9rale dans les 10 jours ouvrables apr\u00e8s chaque veto \u00e9mis par un membre du Conseil de s\u00e9curit\u00e9\u00a0\u00bb. <\/strong>Cependant ce texte non contraignant, n&rsquo;induit pas de sanctions si cette obligation n&rsquo;est pas op\u00e9r\u00e9e par l&rsquo;\u00c9tat membre.<\/p>","protected":false},"excerpt":{"rendered":"<p>Un nouveau projet de r\u00e9solution concernant la guerre en territoire palestinien, douzi\u00e8me du nom depuis les attentats du 7 octobre 2023, rel\u00e9gu\u00e9&hellip;<\/p>","protected":false},"author":93,"featured_media":3179,"comment_status":"open","ping_status":"open","sticky":false,"template":"","format":"standard","meta":{"_lmt_disableupdate":"","_lmt_disable":"","footnotes":""},"categories":[5,4,3],"tags":[],"class_list":["post-3178","post","type-post","status-publish","format-standard","has-post-thumbnail","hentry","category-international","category-mis-en-avant","category-politique"],"yoast_head":"<!-- This site is optimized with the Yoast SEO Premium plugin v28.1 (Yoast SEO v28.1) - https:\/\/yoast.com\/product\/yoast-seo-premium-wordpress\/ -->\n<title>Les Etats-Unis compl\u00e8tement isol\u00e9s sur Gaza au sein du Conseil de S\u00e9curit\u00e9 | Geopolitics.fr<\/title>\n<meta name=\"description\" content=\"Totalement isol\u00e9s et tr\u00e8s critiqu\u00e9s, les Etats-Unis ont, une fois de plus, apposer leur v\u00e9to \u00e0 une r\u00e9solution sur Gaza sur un cessez-le-feu.\" \/>\n<meta name=\"robots\" content=\"index, follow, max-snippet:-1, max-image-preview:large, max-video-preview:-1\" \/>\n<link rel=\"canonical\" href=\"https:\/\/www.geopolitics.fr\/en\/2024\/11\/28\/les-etats-unis-completement-isoles-sur-gaza-au-sein-du-conseil-de-securite\/\" \/>\n<meta property=\"og:locale\" content=\"en_GB\" \/>\n<meta property=\"og:type\" content=\"article\" \/>\n<meta property=\"og:title\" content=\"Les Etats-Unis compl\u00e8tement isol\u00e9s sur Gaza au sein du Conseil de S\u00e9curit\u00e9\" \/>\n<meta property=\"og:description\" content=\"Totalement isol\u00e9s et tr\u00e8s critiqu\u00e9s, les Etats-Unis ont, une fois de plus, apposer leur v\u00e9to \u00e0 une r\u00e9solution sur Gaza sur un cessez-le-feu.\" \/>\n<meta property=\"og:url\" content=\"https:\/\/www.geopolitics.fr\/en\/2024\/11\/28\/les-etats-unis-completement-isoles-sur-gaza-au-sein-du-conseil-de-securite\/\" \/>\n<meta property=\"og:site_name\" content=\"Geopolitics.fr\" \/>\n<meta property=\"article:publisher\" content=\"https:\/\/www.facebook.com\/people\/Erwan-Davoux\/61557098968092\/\" \/>\n<meta property=\"article:author\" content=\"https:\/\/www.facebook.com\/odelagarde\" \/>\n<meta property=\"article:published_time\" content=\"2024-11-28T07:44:13+00:00\" \/>\n<meta property=\"article:modified_time\" content=\"2024-11-28T11:08:43+00:00\" \/>\n<meta property=\"og:image\" content=\"https:\/\/www.geopolitics.fr\/wp-content\/uploads\/2024\/11\/Veto-US-a-lONU.jpg\" \/>\n\t<meta property=\"og:image:width\" content=\"1170\" \/>\n\t<meta property=\"og:image:height\" content=\"530\" \/>\n\t<meta property=\"og:image:type\" content=\"image\/jpeg\" \/>\n<meta name=\"author\" content=\"Olivier DELAGARDE\" \/>\n<meta name=\"twitter:card\" content=\"summary_large_image\" \/>\n<meta name=\"twitter:creator\" content=\"@Geopolitics_Fr\" \/>\n<meta name=\"twitter:site\" content=\"@Geopolitics_Fr\" \/>\n<meta name=\"twitter:label1\" content=\"Written by\" \/>\n\t<meta name=\"twitter:data1\" content=\"Olivier DELAGARDE\" \/>\n\t<meta name=\"twitter:label2\" content=\"Estimated reading time\" \/>\n\t<meta name=\"twitter:data2\" content=\"14 minutes\" \/>\n<script type=\"application\/ld+json\" class=\"yoast-schema-graph\">{\"@context\":\"https:\\\/\\\/schema.org\",\"@graph\":[{\"@type\":\"Article\",\"@id\":\"https:\\\/\\\/www.geopolitics.fr\\\/2024\\\/11\\\/28\\\/les-etats-unis-completement-isoles-sur-gaza-au-sein-du-conseil-de-securite\\\/#article\",\"isPartOf\":{\"@id\":\"https:\\\/\\\/www.geopolitics.fr\\\/2024\\\/11\\\/28\\\/les-etats-unis-completement-isoles-sur-gaza-au-sein-du-conseil-de-securite\\\/\"},\"author\":{\"name\":\"Olivier DELAGARDE\",\"@id\":\"https:\\\/\\\/www.geopolitics.fr\\\/#\\\/schema\\\/person\\\/9b98d78234af63d6ad71199d66115350\"},\"headline\":\"Les Etats-Unis compl\u00e8tement isol\u00e9s sur Gaza au sein du Conseil de S\u00e9curit\u00e9\",\"datePublished\":\"2024-11-28T07:44:13+00:00\",\"dateModified\":\"2024-11-28T11:08:43+00:00\",\"mainEntityOfPage\":{\"@id\":\"https:\\\/\\\/www.geopolitics.fr\\\/2024\\\/11\\\/28\\\/les-etats-unis-completement-isoles-sur-gaza-au-sein-du-conseil-de-securite\\\/\"},\"wordCount\":2977,\"commentCount\":0,\"publisher\":{\"@id\":\"https:\\\/\\\/www.geopolitics.fr\\\/#organization\"},\"image\":{\"@id\":\"https:\\\/\\\/www.geopolitics.fr\\\/2024\\\/11\\\/28\\\/les-etats-unis-completement-isoles-sur-gaza-au-sein-du-conseil-de-securite\\\/#primaryimage\"},\"thumbnailUrl\":\"https:\\\/\\\/www.geopolitics.fr\\\/wp-content\\\/uploads\\\/2024\\\/11\\\/Veto-US-a-lONU.jpg\",\"articleSection\":[\"International\",\"Mis en AVANT\",\"Politique\"],\"inLanguage\":\"en-GB\"},{\"@type\":\"WebPage\",\"@id\":\"https:\\\/\\\/www.geopolitics.fr\\\/2024\\\/11\\\/28\\\/les-etats-unis-completement-isoles-sur-gaza-au-sein-du-conseil-de-securite\\\/\",\"url\":\"https:\\\/\\\/www.geopolitics.fr\\\/2024\\\/11\\\/28\\\/les-etats-unis-completement-isoles-sur-gaza-au-sein-du-conseil-de-securite\\\/\",\"name\":\"Les Etats-Unis compl\u00e8tement isol\u00e9s sur Gaza au sein du Conseil de S\u00e9curit\u00e9 | Geopolitics.fr\",\"isPartOf\":{\"@id\":\"https:\\\/\\\/www.geopolitics.fr\\\/#website\"},\"primaryImageOfPage\":{\"@id\":\"https:\\\/\\\/www.geopolitics.fr\\\/2024\\\/11\\\/28\\\/les-etats-unis-completement-isoles-sur-gaza-au-sein-du-conseil-de-securite\\\/#primaryimage\"},\"image\":{\"@id\":\"https:\\\/\\\/www.geopolitics.fr\\\/2024\\\/11\\\/28\\\/les-etats-unis-completement-isoles-sur-gaza-au-sein-du-conseil-de-securite\\\/#primaryimage\"},\"thumbnailUrl\":\"https:\\\/\\\/www.geopolitics.fr\\\/wp-content\\\/uploads\\\/2024\\\/11\\\/Veto-US-a-lONU.jpg\",\"datePublished\":\"2024-11-28T07:44:13+00:00\",\"dateModified\":\"2024-11-28T11:08:43+00:00\",\"description\":\"Totalement isol\u00e9s et tr\u00e8s critiqu\u00e9s, les Etats-Unis ont, une fois de plus, apposer leur v\u00e9to \u00e0 une r\u00e9solution sur Gaza sur un cessez-le-feu.\",\"breadcrumb\":{\"@id\":\"https:\\\/\\\/www.geopolitics.fr\\\/2024\\\/11\\\/28\\\/les-etats-unis-completement-isoles-sur-gaza-au-sein-du-conseil-de-securite\\\/#breadcrumb\"},\"inLanguage\":\"en-GB\",\"potentialAction\":[{\"@type\":\"ReadAction\",\"target\":[\"https:\\\/\\\/www.geopolitics.fr\\\/2024\\\/11\\\/28\\\/les-etats-unis-completement-isoles-sur-gaza-au-sein-du-conseil-de-securite\\\/\"]}]},{\"@type\":\"ImageObject\",\"inLanguage\":\"en-GB\",\"@id\":\"https:\\\/\\\/www.geopolitics.fr\\\/2024\\\/11\\\/28\\\/les-etats-unis-completement-isoles-sur-gaza-au-sein-du-conseil-de-securite\\\/#primaryimage\",\"url\":\"https:\\\/\\\/www.geopolitics.fr\\\/wp-content\\\/uploads\\\/2024\\\/11\\\/Veto-US-a-lONU.jpg\",\"contentUrl\":\"https:\\\/\\\/www.geopolitics.fr\\\/wp-content\\\/uploads\\\/2024\\\/11\\\/Veto-US-a-lONU.jpg\",\"width\":1170,\"height\":530},{\"@type\":\"BreadcrumbList\",\"@id\":\"https:\\\/\\\/www.geopolitics.fr\\\/2024\\\/11\\\/28\\\/les-etats-unis-completement-isoles-sur-gaza-au-sein-du-conseil-de-securite\\\/#breadcrumb\",\"itemListElement\":[{\"@type\":\"ListItem\",\"position\":1,\"name\":\"Accueil\",\"item\":\"https:\\\/\\\/www.geopolitics.fr\\\/\"},{\"@type\":\"ListItem\",\"position\":2,\"name\":\"Les Etats-Unis compl\u00e8tement isol\u00e9s sur Gaza au sein du Conseil de S\u00e9curit\u00e9\"}]},{\"@type\":\"WebSite\",\"@id\":\"https:\\\/\\\/www.geopolitics.fr\\\/#website\",\"url\":\"https:\\\/\\\/www.geopolitics.fr\\\/\",\"name\":\"Geopolitics.fr\",\"description\":\"Geopolitics.fr Analyse politique, relations internationales, d\u00e9fense - ligne \u00e9ditoriale gaullo-chiraquienne\",\"publisher\":{\"@id\":\"https:\\\/\\\/www.geopolitics.fr\\\/#organization\"},\"potentialAction\":[{\"@type\":\"SearchAction\",\"target\":{\"@type\":\"EntryPoint\",\"urlTemplate\":\"https:\\\/\\\/www.geopolitics.fr\\\/?s={search_term_string}\"},\"query-input\":{\"@type\":\"PropertyValueSpecification\",\"valueRequired\":true,\"valueName\":\"search_term_string\"}}],\"inLanguage\":\"en-GB\"},{\"@type\":\"Organization\",\"@id\":\"https:\\\/\\\/www.geopolitics.fr\\\/#organization\",\"name\":\"Geopolitics.fr\",\"url\":\"https:\\\/\\\/www.geopolitics.fr\\\/\",\"logo\":{\"@type\":\"ImageObject\",\"inLanguage\":\"en-GB\",\"@id\":\"https:\\\/\\\/www.geopolitics.fr\\\/#\\\/schema\\\/logo\\\/image\\\/\",\"url\":\"https:\\\/\\\/www.geopolitics.fr\\\/wp-content\\\/uploads\\\/2024\\\/01\\\/logo.jpg\",\"contentUrl\":\"https:\\\/\\\/www.geopolitics.fr\\\/wp-content\\\/uploads\\\/2024\\\/01\\\/logo.jpg\",\"width\":500,\"height\":500,\"caption\":\"Geopolitics.fr\"},\"image\":{\"@id\":\"https:\\\/\\\/www.geopolitics.fr\\\/#\\\/schema\\\/logo\\\/image\\\/\"},\"sameAs\":[\"https:\\\/\\\/www.facebook.com\\\/people\\\/Erwan-Davoux\\\/61557098968092\\\/\",\"https:\\\/\\\/x.com\\\/Geopolitics_Fr\"]},{\"@type\":\"Person\",\"@id\":\"https:\\\/\\\/www.geopolitics.fr\\\/#\\\/schema\\\/person\\\/9b98d78234af63d6ad71199d66115350\",\"name\":\"Olivier DELAGARDE\",\"image\":{\"@type\":\"ImageObject\",\"inLanguage\":\"en-GB\",\"@id\":\"https:\\\/\\\/secure.gravatar.com\\\/avatar\\\/2c50afbd303b51697d9591857ee182bf3ead572fa530da00bb0278cf506c3a97?s=96&d=mm&r=g\",\"url\":\"https:\\\/\\\/secure.gravatar.com\\\/avatar\\\/2c50afbd303b51697d9591857ee182bf3ead572fa530da00bb0278cf506c3a97?s=96&d=mm&r=g\",\"contentUrl\":\"https:\\\/\\\/secure.gravatar.com\\\/avatar\\\/2c50afbd303b51697d9591857ee182bf3ead572fa530da00bb0278cf506c3a97?s=96&d=mm&r=g\",\"caption\":\"Olivier DELAGARDE\"},\"description\":\"Journaliste depuis plus de 20 ans, accr\u00e9dit\u00e9 aupr\u00e8s de l'Organisation des Nations Unies, de la Ligue des Etats Arabes, titulaire de la Carte d'Identit\u00e9 des Journalistes Professionnels en France et de la F\u00e9d\u00e9ration Internationale des Journalistes, Olivier a occup\u00e9 le poste de Grand reporter correspondant permanent en \u00c9gypte pour des m\u00e9dias de renomm\u00e9e mondiale tels que TV5 MONDE, le GROUPE M6, le GROUPE TF1 ou encore l\u2019AFP. Durant plus de dix ann\u00e9es, il a produit de nombreux reportages sur la politique internationale en Afrique de l'Est, tout en couvrant les principaux conflits au Proche et Moyen-Orient. En tant que Chef de bureau Proche-Orient pour TV5 MONDE, il \u00e9tait responsable de la production de reportages, des relations institutionnelles et de la repr\u00e9sentation de la cha\u00eene, tout en \u00e9crivant pour plusieurs m\u00e9dias europ\u00e9ens et internationaux.\",\"sameAs\":[\"https:\\\/\\\/www.facebook.com\\\/odelagarde\",\"https:\\\/\\\/www.linkedin.com\\\/in\\\/olivier-delagarde-816b17270\\\/\"],\"url\":\"https:\\\/\\\/www.geopolitics.fr\\\/en\\\/author\\\/odelagarde\\\/\"}]}<\/script>\n<!-- \/ Yoast SEO Premium plugin. -->","yoast_head_json":{"title":"Les Etats-Unis compl\u00e8tement isol\u00e9s sur Gaza au sein du Conseil de S\u00e9curit\u00e9 | Geopolitics.fr","description":"Totalement isol\u00e9s et tr\u00e8s critiqu\u00e9s, les Etats-Unis ont, une fois de plus, apposer leur v\u00e9to \u00e0 une r\u00e9solution sur Gaza sur un cessez-le-feu.","robots":{"index":"index","follow":"follow","max-snippet":"max-snippet:-1","max-image-preview":"max-image-preview:large","max-video-preview":"max-video-preview:-1"},"canonical":"https:\/\/www.geopolitics.fr\/en\/2024\/11\/28\/les-etats-unis-completement-isoles-sur-gaza-au-sein-du-conseil-de-securite\/","og_locale":"en_GB","og_type":"article","og_title":"Les Etats-Unis compl\u00e8tement isol\u00e9s sur Gaza au sein du Conseil de S\u00e9curit\u00e9","og_description":"Totalement isol\u00e9s et tr\u00e8s critiqu\u00e9s, les Etats-Unis ont, une fois de plus, apposer leur v\u00e9to \u00e0 une r\u00e9solution sur Gaza sur un cessez-le-feu.","og_url":"https:\/\/www.geopolitics.fr\/en\/2024\/11\/28\/les-etats-unis-completement-isoles-sur-gaza-au-sein-du-conseil-de-securite\/","og_site_name":"Geopolitics.fr","article_publisher":"https:\/\/www.facebook.com\/people\/Erwan-Davoux\/61557098968092\/","article_author":"https:\/\/www.facebook.com\/odelagarde","article_published_time":"2024-11-28T07:44:13+00:00","article_modified_time":"2024-11-28T11:08:43+00:00","og_image":[{"width":1170,"height":530,"url":"https:\/\/www.geopolitics.fr\/wp-content\/uploads\/2024\/11\/Veto-US-a-lONU.jpg","type":"image\/jpeg"}],"author":"Olivier DELAGARDE","twitter_card":"summary_large_image","twitter_creator":"@Geopolitics_Fr","twitter_site":"@Geopolitics_Fr","twitter_misc":{"Written by":"Olivier DELAGARDE","Estimated reading time":"14 minutes"},"schema":{"@context":"https:\/\/schema.org","@graph":[{"@type":"Article","@id":"https:\/\/www.geopolitics.fr\/2024\/11\/28\/les-etats-unis-completement-isoles-sur-gaza-au-sein-du-conseil-de-securite\/#article","isPartOf":{"@id":"https:\/\/www.geopolitics.fr\/2024\/11\/28\/les-etats-unis-completement-isoles-sur-gaza-au-sein-du-conseil-de-securite\/"},"author":{"name":"Olivier DELAGARDE","@id":"https:\/\/www.geopolitics.fr\/#\/schema\/person\/9b98d78234af63d6ad71199d66115350"},"headline":"Les Etats-Unis compl\u00e8tement isol\u00e9s sur Gaza au sein du Conseil de S\u00e9curit\u00e9","datePublished":"2024-11-28T07:44:13+00:00","dateModified":"2024-11-28T11:08:43+00:00","mainEntityOfPage":{"@id":"https:\/\/www.geopolitics.fr\/2024\/11\/28\/les-etats-unis-completement-isoles-sur-gaza-au-sein-du-conseil-de-securite\/"},"wordCount":2977,"commentCount":0,"publisher":{"@id":"https:\/\/www.geopolitics.fr\/#organization"},"image":{"@id":"https:\/\/www.geopolitics.fr\/2024\/11\/28\/les-etats-unis-completement-isoles-sur-gaza-au-sein-du-conseil-de-securite\/#primaryimage"},"thumbnailUrl":"https:\/\/www.geopolitics.fr\/wp-content\/uploads\/2024\/11\/Veto-US-a-lONU.jpg","articleSection":["International","Mis en AVANT","Politique"],"inLanguage":"en-GB"},{"@type":"WebPage","@id":"https:\/\/www.geopolitics.fr\/2024\/11\/28\/les-etats-unis-completement-isoles-sur-gaza-au-sein-du-conseil-de-securite\/","url":"https:\/\/www.geopolitics.fr\/2024\/11\/28\/les-etats-unis-completement-isoles-sur-gaza-au-sein-du-conseil-de-securite\/","name":"Les Etats-Unis compl\u00e8tement isol\u00e9s sur Gaza au sein du Conseil de S\u00e9curit\u00e9 | Geopolitics.fr","isPartOf":{"@id":"https:\/\/www.geopolitics.fr\/#website"},"primaryImageOfPage":{"@id":"https:\/\/www.geopolitics.fr\/2024\/11\/28\/les-etats-unis-completement-isoles-sur-gaza-au-sein-du-conseil-de-securite\/#primaryimage"},"image":{"@id":"https:\/\/www.geopolitics.fr\/2024\/11\/28\/les-etats-unis-completement-isoles-sur-gaza-au-sein-du-conseil-de-securite\/#primaryimage"},"thumbnailUrl":"https:\/\/www.geopolitics.fr\/wp-content\/uploads\/2024\/11\/Veto-US-a-lONU.jpg","datePublished":"2024-11-28T07:44:13+00:00","dateModified":"2024-11-28T11:08:43+00:00","description":"Totalement isol\u00e9s et tr\u00e8s critiqu\u00e9s, les Etats-Unis ont, une fois de plus, apposer leur v\u00e9to \u00e0 une r\u00e9solution sur Gaza sur un cessez-le-feu.","breadcrumb":{"@id":"https:\/\/www.geopolitics.fr\/2024\/11\/28\/les-etats-unis-completement-isoles-sur-gaza-au-sein-du-conseil-de-securite\/#breadcrumb"},"inLanguage":"en-GB","potentialAction":[{"@type":"ReadAction","target":["https:\/\/www.geopolitics.fr\/2024\/11\/28\/les-etats-unis-completement-isoles-sur-gaza-au-sein-du-conseil-de-securite\/"]}]},{"@type":"ImageObject","inLanguage":"en-GB","@id":"https:\/\/www.geopolitics.fr\/2024\/11\/28\/les-etats-unis-completement-isoles-sur-gaza-au-sein-du-conseil-de-securite\/#primaryimage","url":"https:\/\/www.geopolitics.fr\/wp-content\/uploads\/2024\/11\/Veto-US-a-lONU.jpg","contentUrl":"https:\/\/www.geopolitics.fr\/wp-content\/uploads\/2024\/11\/Veto-US-a-lONU.jpg","width":1170,"height":530},{"@type":"BreadcrumbList","@id":"https:\/\/www.geopolitics.fr\/2024\/11\/28\/les-etats-unis-completement-isoles-sur-gaza-au-sein-du-conseil-de-securite\/#breadcrumb","itemListElement":[{"@type":"ListItem","position":1,"name":"Accueil","item":"https:\/\/www.geopolitics.fr\/"},{"@type":"ListItem","position":2,"name":"Les Etats-Unis compl\u00e8tement isol\u00e9s sur Gaza au sein du Conseil de S\u00e9curit\u00e9"}]},{"@type":"WebSite","@id":"https:\/\/www.geopolitics.fr\/#website","url":"https:\/\/www.geopolitics.fr\/","name":"Geopolitics.fr","description":"Geopolitics.fr Analyse politique, relations internationales, d\u00e9fense - ligne \u00e9ditoriale gaullo-chiraquienne","publisher":{"@id":"https:\/\/www.geopolitics.fr\/#organization"},"potentialAction":[{"@type":"SearchAction","target":{"@type":"EntryPoint","urlTemplate":"https:\/\/www.geopolitics.fr\/?s={search_term_string}"},"query-input":{"@type":"PropertyValueSpecification","valueRequired":true,"valueName":"search_term_string"}}],"inLanguage":"en-GB"},{"@type":"Organization","@id":"https:\/\/www.geopolitics.fr\/#organization","name":"Geopolitics.fr","url":"https:\/\/www.geopolitics.fr\/","logo":{"@type":"ImageObject","inLanguage":"en-GB","@id":"https:\/\/www.geopolitics.fr\/#\/schema\/logo\/image\/","url":"https:\/\/www.geopolitics.fr\/wp-content\/uploads\/2024\/01\/logo.jpg","contentUrl":"https:\/\/www.geopolitics.fr\/wp-content\/uploads\/2024\/01\/logo.jpg","width":500,"height":500,"caption":"Geopolitics.fr"},"image":{"@id":"https:\/\/www.geopolitics.fr\/#\/schema\/logo\/image\/"},"sameAs":["https:\/\/www.facebook.com\/people\/Erwan-Davoux\/61557098968092\/","https:\/\/x.com\/Geopolitics_Fr"]},{"@type":"Person","@id":"https:\/\/www.geopolitics.fr\/#\/schema\/person\/9b98d78234af63d6ad71199d66115350","name":"Olivier DELAGARDE","image":{"@type":"ImageObject","inLanguage":"en-GB","@id":"https:\/\/secure.gravatar.com\/avatar\/2c50afbd303b51697d9591857ee182bf3ead572fa530da00bb0278cf506c3a97?s=96&d=mm&r=g","url":"https:\/\/secure.gravatar.com\/avatar\/2c50afbd303b51697d9591857ee182bf3ead572fa530da00bb0278cf506c3a97?s=96&d=mm&r=g","contentUrl":"https:\/\/secure.gravatar.com\/avatar\/2c50afbd303b51697d9591857ee182bf3ead572fa530da00bb0278cf506c3a97?s=96&d=mm&r=g","caption":"Olivier DELAGARDE"},"description":"Journaliste depuis plus de 20 ans, accr\u00e9dit\u00e9 aupr\u00e8s de l'Organisation des Nations Unies, de la Ligue des Etats Arabes, titulaire de la Carte d'Identit\u00e9 des Journalistes Professionnels en France et de la F\u00e9d\u00e9ration Internationale des Journalistes, Olivier a occup\u00e9 le poste de Grand reporter correspondant permanent en \u00c9gypte pour des m\u00e9dias de renomm\u00e9e mondiale tels que TV5 MONDE, le GROUPE M6, le GROUPE TF1 ou encore l\u2019AFP. Durant plus de dix ann\u00e9es, il a produit de nombreux reportages sur la politique internationale en Afrique de l'Est, tout en couvrant les principaux conflits au Proche et Moyen-Orient. En tant que Chef de bureau Proche-Orient pour TV5 MONDE, il \u00e9tait responsable de la production de reportages, des relations institutionnelles et de la repr\u00e9sentation de la cha\u00eene, tout en \u00e9crivant pour plusieurs m\u00e9dias europ\u00e9ens et internationaux.","sameAs":["https:\/\/www.facebook.com\/odelagarde","https:\/\/www.linkedin.com\/in\/olivier-delagarde-816b17270\/"],"url":"https:\/\/www.geopolitics.fr\/en\/author\/odelagarde\/"}]}},"_links":{"self":[{"href":"https:\/\/www.geopolitics.fr\/en\/wp-json\/wp\/v2\/posts\/3178","targetHints":{"allow":["GET"]}}],"collection":[{"href":"https:\/\/www.geopolitics.fr\/en\/wp-json\/wp\/v2\/posts"}],"about":[{"href":"https:\/\/www.geopolitics.fr\/en\/wp-json\/wp\/v2\/types\/post"}],"author":[{"embeddable":true,"href":"https:\/\/www.geopolitics.fr\/en\/wp-json\/wp\/v2\/users\/93"}],"replies":[{"embeddable":true,"href":"https:\/\/www.geopolitics.fr\/en\/wp-json\/wp\/v2\/comments?post=3178"}],"version-history":[{"count":0,"href":"https:\/\/www.geopolitics.fr\/en\/wp-json\/wp\/v2\/posts\/3178\/revisions"}],"wp:featuredmedia":[{"embeddable":true,"href":"https:\/\/www.geopolitics.fr\/en\/wp-json\/wp\/v2\/media\/3179"}],"wp:attachment":[{"href":"https:\/\/www.geopolitics.fr\/en\/wp-json\/wp\/v2\/media?parent=3178"}],"wp:term":[{"taxonomy":"category","embeddable":true,"href":"https:\/\/www.geopolitics.fr\/en\/wp-json\/wp\/v2\/categories?post=3178"},{"taxonomy":"post_tag","embeddable":true,"href":"https:\/\/www.geopolitics.fr\/en\/wp-json\/wp\/v2\/tags?post=3178"}],"curies":[{"name":"wp","href":"https:\/\/api.w.org\/{rel}","templated":true}]}}