{"id":3174,"date":"2024-11-26T19:18:54","date_gmt":"2024-11-26T18:18:54","guid":{"rendered":"https:\/\/www.geopolitics.fr\/?p=3174"},"modified":"2024-11-26T19:18:56","modified_gmt":"2024-11-26T18:18:56","slug":"reportage-exclusif-au-liban-le-hamas-comble-la-disparition-des-services-publics-aupres-des-communautes-palestiniennes","status":"publish","type":"post","link":"https:\/\/www.geopolitics.fr\/en\/2024\/11\/26\/reportage-exclusif-au-liban-le-hamas-comble-la-disparition-des-services-publics-aupres-des-communautes-palestiniennes\/","title":{"rendered":"[REPORTAGE EXCLUSIF] Au Liban, le Hamas comble la disparition des services publics aupr\u00e8s des communaut\u00e9s palestiniennes"},"content":{"rendered":"\n<p class=\"has-medium-font-size wp-block-paragraph\"><strong>[REPORTAGE EXCLUSIF] Au Liban, le Hamas comble la disparition des services publics aupr\u00e8s des communaut\u00e9s palestiniennes<\/strong><\/p>\n\n\n\n<p class=\"has-medium-font-size wp-block-paragraph\"><em>La nature a horreur du vide, tel est l\u2019adage. Le mouvement arm\u00e9 tr\u00f4nant en bonne place de l\u2019actualit\u00e9 internationale fournit des services et de l\u2019aide aux r\u00e9fugi\u00e9s palestiniens au Liban, o\u00f9 il surfe sur une vague de popularit\u00e9 li\u00e9e \u00e0 son implication dans les combats contre Isra\u00ebl \u00e0 Gaza.<\/em><\/p>\n\n\n\n<h2 class=\"wp-block-heading\" id=\"h-a-saida-l-acces-aux-services-de-base-et-sociaux-organise-par-le-hamas\">A Sa\u00efda, l&rsquo;acc\u00e8s aux services de base et sociaux organis\u00e9 par le Hamas<\/h2>\n\n\n\n<p class=\"has-medium-font-size wp-block-paragraph\">Un petit quartier de la ville de Sidon, dans le sud du Liban, \u00e9galement connue sous le nom de Sa\u00efda, fait figure de petit paradis par rapport aux communaut\u00e9s avoisinantes.<\/p>\n\n\n\n<p class=\"has-medium-font-size wp-block-paragraph\"><strong>Les pr\u00e8s de 3 000 habitants du quartier, dont la grande majorit\u00e9 sont palestiniens, ont acc\u00e8s \u00e0 un large \u00e9ventail de services disparus depuis de longs mois maintenant au Liban, <\/strong>un pays o\u00f9 les services publics se sont pour la plupart effondr\u00e9s apr\u00e8s des ann\u00e9es de crise \u00e9conomique, mais aussi de grande instabilit\u00e9 politique.<\/p>\n\n\n\n<p class=\"has-medium-font-size wp-block-paragraph\">En qu\u00eate permanente de popularit\u00e9, fort de son pros\u00e9lytisme tant religieux que politique, <strong>le curieux m\u00e9rite des services rendus au sein de cette communaut\u00e9 de quartier revient au groupe arm\u00e9 et mouvement politique palestinien Hamas.<\/strong><\/p>\n\n\n\n<p class=\"has-medium-font-size wp-block-paragraph\">C\u2019est ainsi que gr\u00e2ce au denier ainsi qu\u2019\u00e0 la logistique de l\u2019organisation, qualifi\u00e9e de terroriste par la communaut\u00e9 internationale, les habitants ont acc\u00e8s \u00e0 l\u2019eau potable fra\u00eeche quatre jours par semaine. Les rues sont propres et bien \u00e9clair\u00e9es la nuit, l\u2019acc\u00e8s \u00e0 l\u2019\u00e9lectricit\u00e9 domestique est r\u00e9gul\u00e9 et distribu\u00e9 aux m\u00e9nages. Les jeunes du quartier ont m\u00eame acc\u00e8s \u00e0 un centre de loisirs \u00e9quip\u00e9 d\u2019un baby-foot, de sacs de boxe et d\u2019\u00e9quipements de musculation qu\u2019ils peuvent utiliser \u00e0 volont\u00e9, mais surtout gratuitement.<\/p>\n\n\n\n<h2 class=\"wp-block-heading\" id=\"h-la-crise-economique-et-le-desordre-politique-au-liban-isole-les-refugies-palestiniens-au-pays-du-cedre\">La crise \u00e9conomique et le d\u00e9sordre politique au Liban isole les r\u00e9fugi\u00e9s palestiniens au pays du c\u00e8dre.<\/h2>\n\n\n\n<p class=\"has-medium-font-size wp-block-paragraph\">Avant la crise, la communaut\u00e9 des r\u00e9fugi\u00e9s et globalement peu importe leurs provenances, \u00e9tait confront\u00e9e \u00e0 une discrimination syst\u00e9mique ainsi qu\u2019\u00e0 de nombreux obstacles juridiques la plongeant dans une pauvret\u00e9 certaine. <strong>Il est peu dire que la \u00ab\u00a0g\u00e9n\u00e9rosit\u00e9\u00a0d\u2019apparence\u00a0\u00bb du Hamas est donc accueillie \u00e0 bras ouverts, pros\u00e9lytisme inclus.<\/strong><\/p>\n\n\n\n<p class=\"has-medium-font-size wp-block-paragraph\">Le mouvement extr\u00e9miste, dans une organisation rigoureuse proche du mod\u00e8le de pays d\u00e9velopp\u00e9s, <strong>a r\u00e9ussi \u00e0 mettre en place une forme de services sociaux de base dont le budget est inconnu, tant dans son montant que sa provenance.<\/strong><\/p>\n\n\n\n<p class=\"has-medium-font-size wp-block-paragraph\">Et le succ\u00e8s politique est au rendez-vous. Ses r\u00e9seaux non officiels de protection sociale \u00e0 Gaza et en Cisjordanie ont largement contribu\u00e9 \u00e0 sa victoire \u00e9lectorale en Palestine en 2006. <strong>Au Liban, la popularit\u00e9 du Hamas est aujourd\u2019hui en pleine croissance alors que le groupe combat l\u2019arm\u00e9e isra\u00e9lienne \u00e0 Gaza.<\/strong><\/p>\n\n\n\n<p class=\"has-medium-font-size wp-block-paragraph\">\u00ab <em>Nous continuons \u00e0 servir notre peuple avec ce que nous avons et ce que nous pouvons faire<\/em> \u00bb, me confie un dirigeant local du Hamas \u00e0 Sidon, sous le pseudonyme de guerre Abou Abed Shanaa.<\/p>\n\n\n\n<p class=\"has-medium-font-size wp-block-paragraph\">\u00ab <em>Nous ferons tout ce qui pourrait b\u00e9n\u00e9ficier au peuple palestinien<\/em> \u00bb, assure l\u2019homme de 53 ans qui accepte de me rencontrer dans un ancien parking du quartier, qu\u2019il a contribu\u00e9 \u00e0 transformer en mosqu\u00e9e.<\/p>\n\n\n\n<p class=\"has-medium-font-size wp-block-paragraph\">Ce lieu de culte est par ailleurs devenu rapidement un centre communautaire anim\u00e9 pour la petite communaut\u00e9 de Sidon, o\u00f9 sont r\u00e9guli\u00e8rement organis\u00e9s des pri\u00e8res bien s\u00fbr, mais aussi \u00ab&nbsp;des programmes&nbsp;\u00bb pour les jeunes, des mariages pour les couples qui n\u2019ont pas les moyens de se payer une salle de r\u00e9ception ailleurs.<\/p>\n\n\n\n<p class=\"has-medium-font-size wp-block-paragraph\">Quand je rencontre Abou Shanaa, durant le mois sacr\u00e9 musulman du Ramadan, la mosqu\u00e9e est un lieu de vie particuli\u00e8rement anim\u00e9. Les gar\u00e7ons sont nombreux \u00e0 suivre un cours d\u2019\u00e9ducation islamique, qui se d\u00e9roule dans une pi\u00e8ce adjacente, tandis que hommes chefs de familles viennent s\u2019enqu\u00e9rir aupr\u00e8s du ma\u00eetre des lieux, quand seraient pr\u00eats les colis alimentaires du Ramadan.<\/p>\n\n\n\n<p class=\"has-medium-font-size wp-block-paragraph\">Le Hamas, comme d\u2019autres partis propalestiniens au Liban tel que le Hezbollah bien que chiite, effectue \u00e9galement des dons mon\u00e9taires et alimentaires pendant le mois sacr\u00e9 musulman, m\u00eame si cette ann\u00e9e, d\u2019apr\u00e8s Abou Shanaa, les dons pour le Ramadan sont r\u00e9duits en raison de l\u2019implication du Hamas dans les combats \u00e0 Gaza.<\/p>\n\n\n\n<p class=\"has-medium-font-size wp-block-paragraph\">Au-del\u00e0 de l\u2019aide alimentaire pour le Ramadan, \u00ab&nbsp;le chef local&nbsp;\u00bb coordonne des camps d\u2019\u00e9t\u00e9 \u00e0 destination des jeunes, promeut des \u00e9quipes sportives, organise des collectes de fonds pour les malades et les femmes qui ont r\u00e9cemment accouch\u00e9, et r\u00e9sout m\u00eame les conflits interfamiliaux&nbsp;!<\/p>\n\n\n\n<p class=\"has-medium-font-size wp-block-paragraph\">\u00ab&nbsp;L\u2019organisation&nbsp;\u00bb a \u00e9galement \u00e9t\u00e9 l\u2019artisan de plusieurs projets d\u2019infrastructures communautaires qui, selon lui et d\u2019une mani\u00e8re sans \u00e9quivoque, ont tous contribu\u00e9 \u00e0 \u00ab rapprocher les familles \u00bb du Hamas et de sa ligne de conduite.<\/p>\n\n\n\n<h2 class=\"wp-block-heading\" id=\"h-instaurer-la-confiance-par-une-diplomatie-informelle\"><strong>Instaurer la confiance par une diplomatie informelle<\/strong><\/h2>\n\n\n\n<p class=\"has-medium-font-size wp-block-paragraph\">En voisinage tr\u00e8s proche de la communaut\u00e9 palestinienne, <strong>\u00e0 une minute de route \u00e0 peine du quartier dirig\u00e9 par le Hamas, se trouve un village chr\u00e9tien. Abou Shanaa m\u2019explique que la cl\u00e9 pour instaurer la confiance quant \u00e0 la pr\u00e9sence du groupe dans la r\u00e9gion, a \u00e9t\u00e9 la coop\u00e9ration avec leurs voisins chr\u00e9tiens et la municipalit\u00e9 libanaise.<\/strong><\/p>\n\n\n\n<p class=\"has-medium-font-size wp-block-paragraph\">Pourtant, l\u2019essentiel des critiques et r\u00e9actions concernant la pr\u00e9sence de groupes arm\u00e9s palestiniens sur le sol libanais, est toujours venu historiquement des communaut\u00e9s et des partis chr\u00e9tiens du pays.<\/p>\n\n\n\n<p class=\"has-medium-font-size wp-block-paragraph\">D\u2019ailleurs, cela a \u00e9t\u00e9 largement confirm\u00e9 dans un sondage r\u00e9alis\u00e9 par le Washington Institute apr\u00e8s l\u2019attaque du Hamas en Isra\u00ebl ce 7 octobre, 79 % des Libanais ont g\u00e9n\u00e9ralement exprim\u00e9 une opinion positive du mouvement palestinien, mais parmi les chr\u00e9tiens, les avis positifs sont moins importants, 59 % des interrog\u00e9s.<\/p>\n\n\n\n<p class=\"has-medium-font-size wp-block-paragraph\">Mon guide pour ce reportage, a d\u00e9m\u00e9nag\u00e9 dans le quartier en 2000 et indique qu\u2019\u00e0 l\u2019\u00e9poque, l\u2019eau ne coulait qu\u2019une fois toutes les deux semaines environ. Il n\u2019y avait pas d\u2019\u00e9clairage public et les routes \u00e9taient \u00e0 peine praticables du fait de leur \u00e9tat.<\/p>\n\n\n\n<p class=\"has-medium-font-size wp-block-paragraph\">Ce dernier vivait auparavant \u00e0 Ain al-Helweh, \u00e0 Sidon, le plus grand camp de r\u00e9fugi\u00e9s palestiniens du pays. D\u00e9j\u00e0 son p\u00e8re, enfant, avait d\u00fb fuir le village familial pr\u00e8s d\u2019Akka, au nord du territoire palestinien, lors de son attaque par les forces isra\u00e9liennes en 1948.<\/p>\n\n\n\n<p class=\"has-medium-font-size wp-block-paragraph\">M\u00eame si les chiffres \u00e9voluent au gr\u00e9 des flux de populations et des \u00e9v\u00e9nements r\u00e9gionaux, l\u2019UNRWA estime qu\u2019environ 250 000 r\u00e9fugi\u00e9s palestiniens r\u00e9sident au Liban d\u2019une mani\u00e8re permanente. Bien que nombre d\u2019entre eux vivent dans le pays du c\u00e8dre depuis plus de 75 ans, ils n\u2019ont toujours pas acc\u00e8s \u00e0 plusieurs droits fondamentaux, dont celui \u00e0 la propri\u00e9t\u00e9 fonci\u00e8re, le droit de vote, le peu d\u2019aides sociales ou m\u00e9dicales existantes au Liban.<\/p>\n\n\n\n<p class=\"has-medium-font-size wp-block-paragraph\">Pour Abou Shanaa, il n\u2019est pas question de parler d\u2019une quelconque \u00ab\u00a0conqu\u00eate de territoire\u00a0\u00bb ou d\u2019une \u00ab\u00a0nouvelle colonisation\u00a0\u00bb d\u2019opportunisme\u00a0! <strong>Peu apr\u00e8s son arriv\u00e9e dans le quartier, ce dernier m\u2019explique qu\u2019elle a \u00e9t\u00e9 la \u00ab\u00a0m\u00e9thode\u00a0\u00bb\u00a0: en parfaite collaboration avec la municipalit\u00e9 de Sidon, il a \u00e9t\u00e9 question de former un comit\u00e9 avec \u00ab toutes les courants religieux et tous les partis \u00bb, \u00e0 la fois libanais et palestiniens, dans le but d\u2019\u00e9laborer des projets d\u2019infrastructure.<\/strong><\/p>\n\n\n\n<p class=\"has-medium-font-size wp-block-paragraph\">El les bras de ce comit\u00e9 a commenc\u00e9 par creuser des puits d\u2019eau potable, pour un co\u00fbt total d\u2019environ 5 000 dollars. Le Hamas aurait de son c\u00f4t\u00e9 fait don de 2 000 dollars, toujours selon Abou Shanaa, sans pr\u00e9cisions sur le pays \u00e9metteur. La seconde op\u00e9ration a port\u00e9 sur la r\u00e9fection des routes d\u2019acc\u00e8s au quartier, ainsi qu\u2019\u00e0 la mise en place de l\u2019\u00e9clairage public et des r\u00e9seaux \u00e9lectriques.<\/p>\n\n\n\n<p class=\"has-medium-font-size wp-block-paragraph\">\u00ab <em>Le maire \u00e9tait tr\u00e8s content de notre travail<\/em> \u00bb, me rapporte non sans un sourire aux l\u00e8vres, Abou Shanaa. \u00ab <em>Nos efforts ont permis aux familles, aux forces [de s\u00e9curit\u00e9] libanaises et \u00e0 la municipalit\u00e9 de nous appr\u00e9cier davantage parce que les choses \u00e9taient mieux organis\u00e9es<\/em>. \u00bb Evidemment.<\/p>\n\n\n\n<p class=\"has-medium-font-size wp-block-paragraph\">Quelques ann\u00e9es plus tard en 2004, le chef de clan a organis\u00e9 un projet de construction d\u2019un trottoir et d\u2019une zone pi\u00e9tonne menant au quartier : l\u00e0 encore, financ\u00e9 \u00e0 80 % par le Hamas et 20 % par la municipalit\u00e9.<\/p>\n\n\n\n<p class=\"has-medium-font-size wp-block-paragraph\">Puis en 2009, le comit\u00e9 s\u2019est rapproch\u00e9 d\u2019un chr\u00e9tien libanais propri\u00e9taire d\u2019un terrain inutilis\u00e9 dans la zone, visant \u00e0 le transformer en terrain de football. Nouveau succ\u00e8s. Le Hamas a contribu\u00e9 au projet \u00e0 hauteur de 11 000 dollars, m\u2019indique Abou Shanna.<\/p>\n\n\n\n<p class=\"has-medium-font-size wp-block-paragraph\">\u00ab&nbsp;<em>Avec l\u2019espace n\u00e9cessaire pour s\u2019engager dans des activit\u00e9s saines et participer \u00e0 des programmes communautaires, les jeunes ont vu diminuer leurs taux de consommation de drogues et d\u2019alcool<\/em>&nbsp;\u00bb, me pr\u00e9cise Abou Shanaa. \u00ab <em>Nous avons contribu\u00e9 \u00e0 r\u00e9tablir l\u2019ordre, les gens nous ont accept\u00e9s et nous ont davantage respect\u00e9s<\/em> \u00bb r\u00e9sume-t-il.<\/p>\n\n\n\n<p class=\"has-medium-font-size wp-block-paragraph\">Sous sa banni\u00e8re, le Hamas a depuis coordonn\u00e9 une vari\u00e9t\u00e9 de projets et de programmes pour le quartier. Abou Shanaa note qu\u2019il existe de nombreuses autres communaut\u00e9s soutenues par le Hamas au Liban, similaires \u00e0 celle de Sidon.<\/p>\n\n\n\n<h2 class=\"wp-block-heading\" id=\"h-une-popularite-croissante-au-liban-une-cohabitation-paisible-mais-des-interets-certains\"><strong>Une popularit\u00e9 croissante au Liban, une cohabitation paisible mais des int\u00e9r\u00eats certains<\/strong><\/h2>\n\n\n\n<p class=\"has-medium-font-size wp-block-paragraph\"><strong>M\u00eame si le Hamas est pr\u00e9sent au Liban d\u2019une mani\u00e8re plus visible depuis les ann\u00e9es 1990, beaucoup le consid\u00e9raient jusqu\u2019alors comme un \u00ab groupe marginal \u00bb par rapport aux acteurs politiques palestiniens majeurs comme le Fatah<\/strong>, indique Mohanad Hage Ali, chercheur au Carnegie Middle East Center bas\u00e9 \u00e0 Beyrouth.<\/p>\n\n\n\n<p class=\"has-medium-font-size wp-block-paragraph\">\u00ab\u00a0<em>Au d\u00e9but, les branches libanaises du Hamas ne se concentraient pas sur la lutte arm\u00e9e<\/em>\u00a0\u00bb, m\u2019explique-t-il. \u00ab\u00a0<strong><em>Ce n\u2019est qu\u2019en 2017, lorsque le Hamas s\u2019est r\u00e9concili\u00e9 avec le Hezbollah \u00e0 la suite d\u2019un schisme li\u00e9 \u00e0 la guerre civile en Syrie, que le groupe est devenu plus militant et a commenc\u00e9 \u00e0 s\u2019\u00e9tendre consid\u00e9rablement dans le pays<\/em>\u00a0\u00bb, <\/strong>d\u00e9veloppe le chercheur.<\/p>\n\n\n\n<p class=\"has-medium-font-size wp-block-paragraph\"><strong>En suite du krach financier de 2019 et la \u00ab mort lente de l\u2019\u00c9tat libanais \u00bb en pleine crise \u00e9conomique mais aussi de d\u00e9b\u00e2cle politique, le Hamas a vu une opportunit\u00e9 de se d\u00e9velopper davantage dans les camps palestiniens et de lancer des activit\u00e9s militaires qui n\u2019\u00e9taient pas possibles auparavant, analyse Mohanad Hage Ali.<\/strong><\/p>\n\n\n\n<p class=\"has-medium-font-size wp-block-paragraph\"><strong>Depuis le 7 octobre, la branche militaire du Hamas et ses brigades al-Qassam, a men\u00e9 de multiples attaques contre Isra\u00ebl depuis le sol libanais. <\/strong>Le groupe arm\u00e9 g\u00e8re \u00e9galement un vaste r\u00e9seau de recrutement et d\u2019entra\u00eenement depuis le Liban.<\/p>\n\n\n\n<p class=\"has-medium-font-size wp-block-paragraph\">\u00ab&nbsp;<em>Aujourd\u2019hui, en temps de guerre, la popularit\u00e9 du groupe lui permet de recruter \u00e0 des \u00ab niveaux sans pr\u00e9c\u00e9dent \u00bb au Liban, aid\u00e9 par des financements relativement importants, probablement en provenance d\u2019Iran<\/em>&nbsp;\u00bb, m\u2019explique Hage Ali.<\/p>\n\n\n\n<p class=\"has-medium-font-size wp-block-paragraph\">Malak al-Ali, une jeune femme de 26 ans qui vit dans le camp d\u2019Ain al-Helweh, estime-t-elle aussi que le Hamas a gagn\u00e9 en popularit\u00e9&nbsp;: \u00ab <em>Nous sommes tr\u00e8s fiers du Hamas en ce moment<\/em>. <em>Je suis si fi\u00e8re de ce qu\u2019ils font pour combattre le g\u00e9nocide \u00e0 Gaza <\/em>\u00bb, exprime-t-elle.<\/p>\n\n\n\n<p class=\"has-medium-font-size wp-block-paragraph\"><strong>La popularit\u00e9 croissante du Hamas a une cons\u00e9quence\u00a0: la perte d\u2019influence notable du Fatah, son adversaire politique au Liban.<\/strong><\/p>\n\n\n\n<p class=\"has-medium-font-size wp-block-paragraph\">Ces derni\u00e8res ann\u00e9es, le Fatah dont la strat\u00e9gie \u00e0 l\u2019\u00e9gard Isra\u00ebl consiste principalement \u00e0 s\u2019engager dans la voie des n\u00e9gociations plut\u00f4t que la lutte arm\u00e9e, est de longue date affaiblie notamment du fait de l\u2019\u00e9chec du processus de paix isra\u00e9lo-palestinien, mais aussi plus globalement de part son incapacit\u00e9 \u00e0 apporter des r\u00e9sultats concrets sur le quotidien localement.<\/p>\n\n\n\n<p class=\"has-medium-font-size wp-block-paragraph\">Le Hamas quant \u00e0 lui, travaille sa g\u00e9n\u00e9reuse popularit\u00e9 sur le terrain, alors que son concurrent \u00e0 l\u2019humilit\u00e9 s\u00e9lective, est r\u00e9put\u00e9 pour distribuer de l\u2019aide uniquement aux membres du parti \u00e0 Sidon.<\/p>\n\n\n\n<p class=\"has-medium-font-size wp-block-paragraph\">Malak estime quant \u00e0 elle, que le Hamas est la faction politique palestinienne la plus honn\u00eate : \u00ab <em>Le Hamas aide tout le monde, tandis que d\u2019autres volent plus qu\u2019ils n\u2019aident<\/em> \u00bb, me confirme-t-elle.<\/p>\n\n\n\n<p class=\"has-medium-font-size wp-block-paragraph\">La jeune femme a deux enfants, \u00e2g\u00e9s de sept et huit ans, inscrits dans les \u00e9coles du camp g\u00e9r\u00e9es par l\u2019UNRWA. Cette derni\u00e8re trouve que ces \u00e9coles sont surpeupl\u00e9es et que la qualit\u00e9 de l\u2019\u00e9ducation y est m\u00e9diocre, car l\u2019agence onusienne pour les r\u00e9fugi\u00e9s palestiniens, \u00e0 l\u2019instar d\u2019autres organisations humanitaires, sont souvent \u00e0 court d\u2019argent.<\/p>\n\n\n\n<p class=\"has-medium-font-size wp-block-paragraph\">\u00ab <em>Je ne vois pas <\/em>[les agences humanitaires]<em> aider beaucoup. Elles ne peuvent pas aider tout le monde<\/em> \u00bb, observe Malak.<\/p>\n\n\n\n<p class=\"has-medium-font-size wp-block-paragraph\">De sources isra\u00e9liennes, jusqu\u2019ici non d\u00e9montr\u00e9es et m\u00eame contredites par le \u00ab\u00a0rapport Colonna\u00a0\u00bb, selon lesquelles plusieurs membres du personnel de l\u2019UNRWA auraient \u00e9t\u00e9 impliqu\u00e9s dans l\u2019attaque du Hamas du 7 octobre dernier, les principaux donateurs de l\u2019agence onusienne ont retir\u00e9 leur financement, remettant ainsi en cause la survie de cette derni\u00e8re, qui \u00e9tait d\u00e9j\u00e0 en difficult\u00e9 financi\u00e8re. Depuis, l\u2019organisation a repris une activit\u00e9 sans pour autant plus de moyens.<\/p>\n\n\n\n<p class=\"has-medium-font-size wp-block-paragraph\"><strong>Dans les couloirs feutr\u00e9s des chancelleries, l\u2019analyse a sembl\u00e9 \u00e9vidente\u00a0: l\u2019arr\u00eat des services de l\u2019UNRWA sous contr\u00f4le occidental, pourrait constituer une opportunit\u00e9 suppl\u00e9mentaire pour le Hamas d\u2019\u00e9tendre son influence sur de nouveaux quartiers d\u00e9sert\u00e9s par les ONG.<\/strong><\/p>\n\n\n\n<p class=\"has-medium-font-size wp-block-paragraph\">\u00ab <em>L\u2019UNRWA est cens\u00e9e apporter une aide globale destin\u00e9s aux Palestiniens, mais elle a \u00e9t\u00e9 entrav\u00e9e par les int\u00e9r\u00eats sionistes du monde entier qui veulent que la question palestinienne soit abandonn\u00e9e <\/em>\u00bb, d\u00e9plore le chef de quartier Abou Shanaa.<\/p>\n\n\n\n<p class=\"has-medium-font-size wp-block-paragraph\">\u00ab <em>Malgr\u00e9 tout ce qui se passe, le Hamas demeure solide et reste aux c\u00f4t\u00e9s de son peuple. Nous n\u2019abandonnerons jamais notre peuple<\/em> \u00bb, conclut-il.<\/p>\n\n\n\n<p class=\"has-medium-font-size wp-block-paragraph\">Avant de se s\u00e9parer, Abou Shanaa tient \u00e0 me montrer un document pr\u00e9cieux\u00a0: <strong>le titre de propri\u00e9t\u00e9 de ses quelques terres en Palestine, qu\u2019il continuera de conserver jusqu\u2019au retour de sa famille.<\/strong> \u00ab <em>La terre nous appartient et nous y avons droit. Des gens sont venus et ont vol\u00e9 nos maisons. Nous voulons nos maisons, rendez-les-nous<\/em>. <em>Voil\u00e0 ce que vous devez rapporter au monde entier, vous les journalistes\u00a0<\/em>\u00bb.<\/p>\n\n\n\n<p class=\"has-medium-font-size wp-block-paragraph\">Sur la route du retour vers Beyrouth et alors que je quitte Sa\u00efda, un curieux sentiment me traverse. Je suis tr\u00e8s partag\u00e9. Et si finalement dans ce pays d\u00e9vast\u00e9 par des d\u00e9cennies de conflits, tant civils que militaires, entre autres catastrophes, je n\u2019avais pas vu le \u00ab&nbsp;moins pire&nbsp;\u00bb. Bien qu\u2019il m\u2019ai \u00e9t\u00e9 tr\u00e8s compliqu\u00e9 de recueillir des t\u00e9moignages contradictoires, l\u00e0 o\u00f9 la discr\u00e9tion et l\u2019int\u00e9r\u00eat bien l\u00e9gitime d\u2019une obligation d\u2019adh\u00e9sion est question de survie.<\/p>\n\n\n\n<p class=\"has-medium-font-size wp-block-paragraph\"><strong><em>En cette entr\u00e9e dans l\u2019hiver et alors que je m\u2019appr\u00eate \u00e0 publier ce reportage r\u00e9alis\u00e9 au printemps dernier, il n\u2019\u00e9chappera \u00e0 personne que la situation au Liban a tristement \u00e9volu\u00e9e.<\/em><\/strong><\/p>\n\n\n\n<h2 class=\"wp-block-heading\" id=\"h-un-hezbollah-local-et-regional-bien-trop-occupe-a-guerroyer\"><strong>Un Hezbollah local et r\u00e9gional bien trop occup\u00e9 \u00e0 guerroyer<\/strong><\/h2>\n\n\n\n<p class=\"has-medium-font-size wp-block-paragraph\">Le mouvement chiite libanais est lui, bien plus occup\u00e9 \u00e0 jeter de l\u2019huile sur le feu r\u00e9gional qu\u2019\u00e0 se soucier de la mis\u00e8re galopante sur son propre territoire. Soutenu dans son action arm\u00e9e, tout autant politique que terroriste, et tr\u00e8s largement financi\u00e8rement par le r\u00e9gime iranien depuis les ann\u00e9es 80, l\u2019histoire du Hezbollah (\u00ab Parti de Dieu \u00bb) est intimement li\u00e9e \u00e0 la r\u00e9sistance arm\u00e9e contre Isra\u00ebl, rev\u00eatant l\u2019habit d\u2019une milice incontr\u00f4lable aux yeux de la communaut\u00e9 internationale. Double discours, double visage&nbsp;: dans sa vaine tentative de se voir blanchir au regard du monde, le Hezbollah prend syst\u00e9matiquement place aux \u00e9lections nationales libanaises depuis 1992 comme une force politique int\u00e9rieure majeure.<\/p>\n\n\n\n<p class=\"has-medium-font-size wp-block-paragraph\">Consid\u00e9r\u00e9 comme une organisation terroriste par les pays occidentaux, Isra\u00ebl, les pays arabes du Golfe et la Ligue arabe, ses attaques sporadiques \u00e0 l\u2019\u00e9gard d\u2019Isra\u00ebl se sont intensifi\u00e9s le 8 octobre dernier, au lendemain de l&rsquo;attaque sans pr\u00e9c\u00e9dent du Hamas contre I \u2019Etat h\u00e9breux.<\/p>\n\n\n\n<p class=\"has-medium-font-size wp-block-paragraph\">Selon les Nations Unies, cette nouvelle guerre a forc\u00e9 1,2 millions de Libanais \u00e0 quitter leur domicile et le bilan s&rsquo;\u00e9l\u00e8ve \u00e0 3670 tu\u00e9s. Jusqu\u2019alors et malgr\u00e9 les tensions visc\u00e9rales entre les deux pays, les observateurs affirmaient que, les deux parties s\u2019effor\u00e7aient de contenir les hostilit\u00e9s sans franchir la ligne d&rsquo;une guerre \u00e0 grande \u00e9chelle. L\u2019\u00e9pisode in\u00e9dit de l\u2019explosion \u00ab\u00a0des pagers\u00a0\u00bb viendra incontestablement contredire cette analyse.<\/p>\n\n\n\n<h2 class=\"wp-block-heading\" id=\"h-les-libanais-abandonnes\">Les Libanais abandonn\u00e9s<\/h2>\n\n\n\n<p class=\"has-medium-font-size wp-block-paragraph\">Compte tenu de la complexit\u00e9 du syst\u00e8me politique libanais, bas\u00e9 sur une r\u00e9partition des pouvoirs entre diff\u00e9rentes communaut\u00e9s religieuses, il est impossible pour le Hezbollah de gouverner seul au Liban. Il est ainsi contraint de se forger des alliances multiconfessionnelles. Sans consensus politique entre les diff\u00e9rentes communaut\u00e9s depuis 2022, le Liban se retrouve compl\u00e8tement paralys\u00e9. <strong>Plus personne ne gouverne, l\u2019Etat a disparu tout comme un quelconque espoir de sa population. De l\u2019actuel gouvernement fantoche, seuls deux ministres sont issus du Hezbollah : celui charg\u00e9 des Travaux publics et celui de la Culture.<\/strong><\/p>\n\n\n\n<p class=\"has-medium-font-size wp-block-paragraph\">Force est de constater que bien loin de se pr\u00e9occuper de la survie de la population libanaise, <strong>le Hezbollah poss\u00e8de m\u00eame un r\u00e9seau financier parall\u00e8le \u00e0 celui de l\u2019\u00c9tat m\u00eame dont il est cens\u00e9 faire partie, op\u00e9rant en marge du syst\u00e8me bancaire libanais. <\/strong>Aussi, le Hezbollah est le seul \u00ab\u00a0parti politique libanais arm\u00e9\u00a0\u00bb \u00a0depuis la fin de la guerre civile des ann\u00e9es 1990.<\/p>\n\n\n\n<p class=\"has-medium-font-size wp-block-paragraph\">Alors, loin des yeux, loin du c\u0153ur de la communaut\u00e9 internationale&nbsp;? C\u2019\u00e9tait sans conteste le cas jusqu\u2019\u00e0 ce que ce 28 septembre plonge le Liban dans le chaos, comme un bien triste remake de 2006.<\/p>\n\n\n\n<p class=\"has-medium-font-size wp-block-paragraph\">Ce jour o\u00f9 Tsahal, dans les frappes meurtri\u00e8res monopolisant les antennes du monde entier poussant enfin les regards vers le pays du c\u00e8dre, a \u00e9limin\u00e9 le Chef de guerre du Hezbollah Hassan Nasrallah.<\/p>\n\n\n\n<p class=\"has-medium-font-size wp-block-paragraph\">L\u2019\u00e9ternelle question, ce vieux serpent de mer libanais\u00a0: <strong>Qui ou que viendra combler une nouvelle fois le vide sid\u00e9ral laiss\u00e9 derri\u00e8re les multiples catastrophes, quasiment toutes g\u00e9n\u00e9r\u00e9es par l\u2019homme \u00e0 l\u2019encontre de l\u2019homme, de ce confetti sur la carte \u00f4 combien mill\u00e9naire des rives de la m\u00e9diterran\u00e9e\u00a0?<\/strong><\/p>\n","protected":false},"excerpt":{"rendered":"<p>[REPORTAGE EXCLUSIF] Au Liban, le Hamas comble la disparition des services publics aupr\u00e8s des communaut\u00e9s palestiniennes La nature a horreur du vide,&hellip;<\/p>\n","protected":false},"author":93,"featured_media":3175,"comment_status":"open","ping_status":"open","sticky":false,"template":"","format":"standard","meta":{"_lmt_disableupdate":"","_lmt_disable":"","footnotes":""},"categories":[4],"tags":[99,77],"class_list":["post-3174","post","type-post","status-publish","format-standard","has-post-thumbnail","hentry","category-mis-en-avant","tag-hamas","tag-liban"],"yoast_head":"<!-- This site is optimized with the Yoast SEO Premium plugin v28.1 (Yoast SEO v28.1) - https:\/\/yoast.com\/product\/yoast-seo-premium-wordpress\/ -->\n<title>[REPORTAGE EXCLUSIF] Au Liban, le Hamas comble la disparition des services publics aupr\u00e8s des communaut\u00e9s palestiniennes | Geopolitics.fr<\/title>\n<meta name=\"description\" content=\"Au Liban, le Hamas a gagn\u00e9 en influence, se substituant \u00e0 l&#039;Etat d\u00e9faillant, au Fatah inerte et au Hezbollah repli\u00e9s sur ses int\u00e9r\u00eats propres\" \/>\n<meta name=\"robots\" content=\"index, follow, max-snippet:-1, max-image-preview:large, max-video-preview:-1\" \/>\n<link rel=\"canonical\" href=\"https:\/\/www.geopolitics.fr\/en\/2024\/11\/26\/reportage-exclusif-au-liban-le-hamas-comble-la-disparition-des-services-publics-aupres-des-communautes-palestiniennes\/\" \/>\n<meta property=\"og:locale\" content=\"en_GB\" \/>\n<meta property=\"og:type\" content=\"article\" \/>\n<meta property=\"og:title\" content=\"[REPORTAGE EXCLUSIF] Au Liban, le Hamas comble la disparition des services publics aupr\u00e8s des communaut\u00e9s palestiniennes\" \/>\n<meta property=\"og:description\" content=\"Au Liban, le Hamas a gagn\u00e9 en influence, se substituant \u00e0 l&#039;Etat d\u00e9faillant, au Fatah inerte et au Hezbollah repli\u00e9s sur ses int\u00e9r\u00eats propres\" \/>\n<meta property=\"og:url\" content=\"https:\/\/www.geopolitics.fr\/en\/2024\/11\/26\/reportage-exclusif-au-liban-le-hamas-comble-la-disparition-des-services-publics-aupres-des-communautes-palestiniennes\/\" \/>\n<meta property=\"og:site_name\" content=\"Geopolitics.fr\" \/>\n<meta property=\"article:publisher\" content=\"https:\/\/www.facebook.com\/people\/Erwan-Davoux\/61557098968092\/\" \/>\n<meta property=\"article:author\" content=\"https:\/\/www.facebook.com\/odelagarde\" \/>\n<meta property=\"article:published_time\" content=\"2024-11-26T18:18:54+00:00\" \/>\n<meta property=\"article:modified_time\" content=\"2024-11-26T18:18:56+00:00\" \/>\n<meta property=\"og:image\" content=\"https:\/\/www.geopolitics.fr\/wp-content\/uploads\/2024\/11\/Hamas-au-Liban.jpg\" \/>\n\t<meta property=\"og:image:width\" content=\"1920\" \/>\n\t<meta property=\"og:image:height\" content=\"960\" \/>\n\t<meta property=\"og:image:type\" content=\"image\/jpeg\" \/>\n<meta name=\"author\" content=\"Olivier DELAGARDE\" \/>\n<meta name=\"twitter:card\" content=\"summary_large_image\" \/>\n<meta name=\"twitter:creator\" content=\"@Geopolitics_Fr\" \/>\n<meta name=\"twitter:site\" content=\"@Geopolitics_Fr\" \/>\n<meta name=\"twitter:label1\" content=\"Written by\" \/>\n\t<meta name=\"twitter:data1\" content=\"Olivier DELAGARDE\" \/>\n\t<meta name=\"twitter:label2\" content=\"Estimated reading time\" \/>\n\t<meta name=\"twitter:data2\" content=\"15 minutes\" \/>\n<script type=\"application\/ld+json\" class=\"yoast-schema-graph\">{\"@context\":\"https:\\\/\\\/schema.org\",\"@graph\":[{\"@type\":\"Article\",\"@id\":\"https:\\\/\\\/www.geopolitics.fr\\\/2024\\\/11\\\/26\\\/reportage-exclusif-au-liban-le-hamas-comble-la-disparition-des-services-publics-aupres-des-communautes-palestiniennes\\\/#article\",\"isPartOf\":{\"@id\":\"https:\\\/\\\/www.geopolitics.fr\\\/2024\\\/11\\\/26\\\/reportage-exclusif-au-liban-le-hamas-comble-la-disparition-des-services-publics-aupres-des-communautes-palestiniennes\\\/\"},\"author\":{\"name\":\"Olivier DELAGARDE\",\"@id\":\"https:\\\/\\\/www.geopolitics.fr\\\/#\\\/schema\\\/person\\\/9b98d78234af63d6ad71199d66115350\"},\"headline\":\"[REPORTAGE EXCLUSIF] Au Liban, le Hamas comble la disparition des services publics aupr\u00e8s des communaut\u00e9s palestiniennes\",\"datePublished\":\"2024-11-26T18:18:54+00:00\",\"dateModified\":\"2024-11-26T18:18:56+00:00\",\"mainEntityOfPage\":{\"@id\":\"https:\\\/\\\/www.geopolitics.fr\\\/2024\\\/11\\\/26\\\/reportage-exclusif-au-liban-le-hamas-comble-la-disparition-des-services-publics-aupres-des-communautes-palestiniennes\\\/\"},\"wordCount\":3101,\"commentCount\":0,\"publisher\":{\"@id\":\"https:\\\/\\\/www.geopolitics.fr\\\/#organization\"},\"image\":{\"@id\":\"https:\\\/\\\/www.geopolitics.fr\\\/2024\\\/11\\\/26\\\/reportage-exclusif-au-liban-le-hamas-comble-la-disparition-des-services-publics-aupres-des-communautes-palestiniennes\\\/#primaryimage\"},\"thumbnailUrl\":\"https:\\\/\\\/www.geopolitics.fr\\\/wp-content\\\/uploads\\\/2024\\\/11\\\/Hamas-au-Liban.jpg\",\"keywords\":[\"hamas\",\"liban\"],\"articleSection\":[\"Mis en AVANT\"],\"inLanguage\":\"en-GB\"},{\"@type\":\"WebPage\",\"@id\":\"https:\\\/\\\/www.geopolitics.fr\\\/2024\\\/11\\\/26\\\/reportage-exclusif-au-liban-le-hamas-comble-la-disparition-des-services-publics-aupres-des-communautes-palestiniennes\\\/\",\"url\":\"https:\\\/\\\/www.geopolitics.fr\\\/2024\\\/11\\\/26\\\/reportage-exclusif-au-liban-le-hamas-comble-la-disparition-des-services-publics-aupres-des-communautes-palestiniennes\\\/\",\"name\":\"[REPORTAGE EXCLUSIF] Au Liban, le Hamas comble la disparition des services publics aupr\u00e8s des communaut\u00e9s palestiniennes | Geopolitics.fr\",\"isPartOf\":{\"@id\":\"https:\\\/\\\/www.geopolitics.fr\\\/#website\"},\"primaryImageOfPage\":{\"@id\":\"https:\\\/\\\/www.geopolitics.fr\\\/2024\\\/11\\\/26\\\/reportage-exclusif-au-liban-le-hamas-comble-la-disparition-des-services-publics-aupres-des-communautes-palestiniennes\\\/#primaryimage\"},\"image\":{\"@id\":\"https:\\\/\\\/www.geopolitics.fr\\\/2024\\\/11\\\/26\\\/reportage-exclusif-au-liban-le-hamas-comble-la-disparition-des-services-publics-aupres-des-communautes-palestiniennes\\\/#primaryimage\"},\"thumbnailUrl\":\"https:\\\/\\\/www.geopolitics.fr\\\/wp-content\\\/uploads\\\/2024\\\/11\\\/Hamas-au-Liban.jpg\",\"datePublished\":\"2024-11-26T18:18:54+00:00\",\"dateModified\":\"2024-11-26T18:18:56+00:00\",\"description\":\"Au Liban, le Hamas a gagn\u00e9 en influence, se substituant \u00e0 l'Etat d\u00e9faillant, au Fatah inerte et au Hezbollah repli\u00e9s sur ses int\u00e9r\u00eats propres\",\"breadcrumb\":{\"@id\":\"https:\\\/\\\/www.geopolitics.fr\\\/2024\\\/11\\\/26\\\/reportage-exclusif-au-liban-le-hamas-comble-la-disparition-des-services-publics-aupres-des-communautes-palestiniennes\\\/#breadcrumb\"},\"inLanguage\":\"en-GB\",\"potentialAction\":[{\"@type\":\"ReadAction\",\"target\":[\"https:\\\/\\\/www.geopolitics.fr\\\/2024\\\/11\\\/26\\\/reportage-exclusif-au-liban-le-hamas-comble-la-disparition-des-services-publics-aupres-des-communautes-palestiniennes\\\/\"]}]},{\"@type\":\"ImageObject\",\"inLanguage\":\"en-GB\",\"@id\":\"https:\\\/\\\/www.geopolitics.fr\\\/2024\\\/11\\\/26\\\/reportage-exclusif-au-liban-le-hamas-comble-la-disparition-des-services-publics-aupres-des-communautes-palestiniennes\\\/#primaryimage\",\"url\":\"https:\\\/\\\/www.geopolitics.fr\\\/wp-content\\\/uploads\\\/2024\\\/11\\\/Hamas-au-Liban.jpg\",\"contentUrl\":\"https:\\\/\\\/www.geopolitics.fr\\\/wp-content\\\/uploads\\\/2024\\\/11\\\/Hamas-au-Liban.jpg\",\"width\":1920,\"height\":960},{\"@type\":\"BreadcrumbList\",\"@id\":\"https:\\\/\\\/www.geopolitics.fr\\\/2024\\\/11\\\/26\\\/reportage-exclusif-au-liban-le-hamas-comble-la-disparition-des-services-publics-aupres-des-communautes-palestiniennes\\\/#breadcrumb\",\"itemListElement\":[{\"@type\":\"ListItem\",\"position\":1,\"name\":\"Accueil\",\"item\":\"https:\\\/\\\/www.geopolitics.fr\\\/\"},{\"@type\":\"ListItem\",\"position\":2,\"name\":\"[REPORTAGE EXCLUSIF] Au Liban, le Hamas comble la disparition des services publics aupr\u00e8s des communaut\u00e9s palestiniennes\"}]},{\"@type\":\"WebSite\",\"@id\":\"https:\\\/\\\/www.geopolitics.fr\\\/#website\",\"url\":\"https:\\\/\\\/www.geopolitics.fr\\\/\",\"name\":\"Geopolitics.fr\",\"description\":\"Geopolitics.fr Analyse politique, relations internationales, d\u00e9fense - ligne \u00e9ditoriale gaullo-chiraquienne\",\"publisher\":{\"@id\":\"https:\\\/\\\/www.geopolitics.fr\\\/#organization\"},\"potentialAction\":[{\"@type\":\"SearchAction\",\"target\":{\"@type\":\"EntryPoint\",\"urlTemplate\":\"https:\\\/\\\/www.geopolitics.fr\\\/?s={search_term_string}\"},\"query-input\":{\"@type\":\"PropertyValueSpecification\",\"valueRequired\":true,\"valueName\":\"search_term_string\"}}],\"inLanguage\":\"en-GB\"},{\"@type\":\"Organization\",\"@id\":\"https:\\\/\\\/www.geopolitics.fr\\\/#organization\",\"name\":\"Geopolitics.fr\",\"url\":\"https:\\\/\\\/www.geopolitics.fr\\\/\",\"logo\":{\"@type\":\"ImageObject\",\"inLanguage\":\"en-GB\",\"@id\":\"https:\\\/\\\/www.geopolitics.fr\\\/#\\\/schema\\\/logo\\\/image\\\/\",\"url\":\"https:\\\/\\\/www.geopolitics.fr\\\/wp-content\\\/uploads\\\/2024\\\/01\\\/logo.jpg\",\"contentUrl\":\"https:\\\/\\\/www.geopolitics.fr\\\/wp-content\\\/uploads\\\/2024\\\/01\\\/logo.jpg\",\"width\":500,\"height\":500,\"caption\":\"Geopolitics.fr\"},\"image\":{\"@id\":\"https:\\\/\\\/www.geopolitics.fr\\\/#\\\/schema\\\/logo\\\/image\\\/\"},\"sameAs\":[\"https:\\\/\\\/www.facebook.com\\\/people\\\/Erwan-Davoux\\\/61557098968092\\\/\",\"https:\\\/\\\/x.com\\\/Geopolitics_Fr\"]},{\"@type\":\"Person\",\"@id\":\"https:\\\/\\\/www.geopolitics.fr\\\/#\\\/schema\\\/person\\\/9b98d78234af63d6ad71199d66115350\",\"name\":\"Olivier DELAGARDE\",\"image\":{\"@type\":\"ImageObject\",\"inLanguage\":\"en-GB\",\"@id\":\"https:\\\/\\\/secure.gravatar.com\\\/avatar\\\/2c50afbd303b51697d9591857ee182bf3ead572fa530da00bb0278cf506c3a97?s=96&d=mm&r=g\",\"url\":\"https:\\\/\\\/secure.gravatar.com\\\/avatar\\\/2c50afbd303b51697d9591857ee182bf3ead572fa530da00bb0278cf506c3a97?s=96&d=mm&r=g\",\"contentUrl\":\"https:\\\/\\\/secure.gravatar.com\\\/avatar\\\/2c50afbd303b51697d9591857ee182bf3ead572fa530da00bb0278cf506c3a97?s=96&d=mm&r=g\",\"caption\":\"Olivier DELAGARDE\"},\"description\":\"Journaliste depuis plus de 20 ans, accr\u00e9dit\u00e9 aupr\u00e8s de l'Organisation des Nations Unies, de la Ligue des Etats Arabes, titulaire de la Carte d'Identit\u00e9 des Journalistes Professionnels en France et de la F\u00e9d\u00e9ration Internationale des Journalistes, Olivier a occup\u00e9 le poste de Grand reporter correspondant permanent en \u00c9gypte pour des m\u00e9dias de renomm\u00e9e mondiale tels que TV5 MONDE, le GROUPE M6, le GROUPE TF1 ou encore l\u2019AFP. Durant plus de dix ann\u00e9es, il a produit de nombreux reportages sur la politique internationale en Afrique de l'Est, tout en couvrant les principaux conflits au Proche et Moyen-Orient. En tant que Chef de bureau Proche-Orient pour TV5 MONDE, il \u00e9tait responsable de la production de reportages, des relations institutionnelles et de la repr\u00e9sentation de la cha\u00eene, tout en \u00e9crivant pour plusieurs m\u00e9dias europ\u00e9ens et internationaux.\",\"sameAs\":[\"https:\\\/\\\/www.facebook.com\\\/odelagarde\",\"https:\\\/\\\/www.linkedin.com\\\/in\\\/olivier-delagarde-816b17270\\\/\"],\"url\":\"https:\\\/\\\/www.geopolitics.fr\\\/en\\\/author\\\/odelagarde\\\/\"}]}<\/script>\n<!-- \/ Yoast SEO Premium plugin. -->","yoast_head_json":{"title":"[REPORTAGE EXCLUSIF] Au Liban, le Hamas comble la disparition des services publics aupr\u00e8s des communaut\u00e9s palestiniennes | Geopolitics.fr","description":"Au Liban, le Hamas a gagn\u00e9 en influence, se substituant \u00e0 l'Etat d\u00e9faillant, au Fatah inerte et au Hezbollah repli\u00e9s sur ses int\u00e9r\u00eats propres","robots":{"index":"index","follow":"follow","max-snippet":"max-snippet:-1","max-image-preview":"max-image-preview:large","max-video-preview":"max-video-preview:-1"},"canonical":"https:\/\/www.geopolitics.fr\/en\/2024\/11\/26\/reportage-exclusif-au-liban-le-hamas-comble-la-disparition-des-services-publics-aupres-des-communautes-palestiniennes\/","og_locale":"en_GB","og_type":"article","og_title":"[REPORTAGE EXCLUSIF] Au Liban, le Hamas comble la disparition des services publics aupr\u00e8s des communaut\u00e9s palestiniennes","og_description":"Au Liban, le Hamas a gagn\u00e9 en influence, se substituant \u00e0 l'Etat d\u00e9faillant, au Fatah inerte et au Hezbollah repli\u00e9s sur ses int\u00e9r\u00eats propres","og_url":"https:\/\/www.geopolitics.fr\/en\/2024\/11\/26\/reportage-exclusif-au-liban-le-hamas-comble-la-disparition-des-services-publics-aupres-des-communautes-palestiniennes\/","og_site_name":"Geopolitics.fr","article_publisher":"https:\/\/www.facebook.com\/people\/Erwan-Davoux\/61557098968092\/","article_author":"https:\/\/www.facebook.com\/odelagarde","article_published_time":"2024-11-26T18:18:54+00:00","article_modified_time":"2024-11-26T18:18:56+00:00","og_image":[{"width":1920,"height":960,"url":"https:\/\/www.geopolitics.fr\/wp-content\/uploads\/2024\/11\/Hamas-au-Liban.jpg","type":"image\/jpeg"}],"author":"Olivier DELAGARDE","twitter_card":"summary_large_image","twitter_creator":"@Geopolitics_Fr","twitter_site":"@Geopolitics_Fr","twitter_misc":{"Written by":"Olivier DELAGARDE","Estimated reading time":"15 minutes"},"schema":{"@context":"https:\/\/schema.org","@graph":[{"@type":"Article","@id":"https:\/\/www.geopolitics.fr\/2024\/11\/26\/reportage-exclusif-au-liban-le-hamas-comble-la-disparition-des-services-publics-aupres-des-communautes-palestiniennes\/#article","isPartOf":{"@id":"https:\/\/www.geopolitics.fr\/2024\/11\/26\/reportage-exclusif-au-liban-le-hamas-comble-la-disparition-des-services-publics-aupres-des-communautes-palestiniennes\/"},"author":{"name":"Olivier DELAGARDE","@id":"https:\/\/www.geopolitics.fr\/#\/schema\/person\/9b98d78234af63d6ad71199d66115350"},"headline":"[REPORTAGE EXCLUSIF] Au Liban, le Hamas comble la disparition des services publics aupr\u00e8s des communaut\u00e9s palestiniennes","datePublished":"2024-11-26T18:18:54+00:00","dateModified":"2024-11-26T18:18:56+00:00","mainEntityOfPage":{"@id":"https:\/\/www.geopolitics.fr\/2024\/11\/26\/reportage-exclusif-au-liban-le-hamas-comble-la-disparition-des-services-publics-aupres-des-communautes-palestiniennes\/"},"wordCount":3101,"commentCount":0,"publisher":{"@id":"https:\/\/www.geopolitics.fr\/#organization"},"image":{"@id":"https:\/\/www.geopolitics.fr\/2024\/11\/26\/reportage-exclusif-au-liban-le-hamas-comble-la-disparition-des-services-publics-aupres-des-communautes-palestiniennes\/#primaryimage"},"thumbnailUrl":"https:\/\/www.geopolitics.fr\/wp-content\/uploads\/2024\/11\/Hamas-au-Liban.jpg","keywords":["hamas","liban"],"articleSection":["Mis en AVANT"],"inLanguage":"en-GB"},{"@type":"WebPage","@id":"https:\/\/www.geopolitics.fr\/2024\/11\/26\/reportage-exclusif-au-liban-le-hamas-comble-la-disparition-des-services-publics-aupres-des-communautes-palestiniennes\/","url":"https:\/\/www.geopolitics.fr\/2024\/11\/26\/reportage-exclusif-au-liban-le-hamas-comble-la-disparition-des-services-publics-aupres-des-communautes-palestiniennes\/","name":"[REPORTAGE EXCLUSIF] Au Liban, le Hamas comble la disparition des services publics aupr\u00e8s des communaut\u00e9s palestiniennes | Geopolitics.fr","isPartOf":{"@id":"https:\/\/www.geopolitics.fr\/#website"},"primaryImageOfPage":{"@id":"https:\/\/www.geopolitics.fr\/2024\/11\/26\/reportage-exclusif-au-liban-le-hamas-comble-la-disparition-des-services-publics-aupres-des-communautes-palestiniennes\/#primaryimage"},"image":{"@id":"https:\/\/www.geopolitics.fr\/2024\/11\/26\/reportage-exclusif-au-liban-le-hamas-comble-la-disparition-des-services-publics-aupres-des-communautes-palestiniennes\/#primaryimage"},"thumbnailUrl":"https:\/\/www.geopolitics.fr\/wp-content\/uploads\/2024\/11\/Hamas-au-Liban.jpg","datePublished":"2024-11-26T18:18:54+00:00","dateModified":"2024-11-26T18:18:56+00:00","description":"Au Liban, le Hamas a gagn\u00e9 en influence, se substituant \u00e0 l'Etat d\u00e9faillant, au Fatah inerte et au Hezbollah repli\u00e9s sur ses int\u00e9r\u00eats propres","breadcrumb":{"@id":"https:\/\/www.geopolitics.fr\/2024\/11\/26\/reportage-exclusif-au-liban-le-hamas-comble-la-disparition-des-services-publics-aupres-des-communautes-palestiniennes\/#breadcrumb"},"inLanguage":"en-GB","potentialAction":[{"@type":"ReadAction","target":["https:\/\/www.geopolitics.fr\/2024\/11\/26\/reportage-exclusif-au-liban-le-hamas-comble-la-disparition-des-services-publics-aupres-des-communautes-palestiniennes\/"]}]},{"@type":"ImageObject","inLanguage":"en-GB","@id":"https:\/\/www.geopolitics.fr\/2024\/11\/26\/reportage-exclusif-au-liban-le-hamas-comble-la-disparition-des-services-publics-aupres-des-communautes-palestiniennes\/#primaryimage","url":"https:\/\/www.geopolitics.fr\/wp-content\/uploads\/2024\/11\/Hamas-au-Liban.jpg","contentUrl":"https:\/\/www.geopolitics.fr\/wp-content\/uploads\/2024\/11\/Hamas-au-Liban.jpg","width":1920,"height":960},{"@type":"BreadcrumbList","@id":"https:\/\/www.geopolitics.fr\/2024\/11\/26\/reportage-exclusif-au-liban-le-hamas-comble-la-disparition-des-services-publics-aupres-des-communautes-palestiniennes\/#breadcrumb","itemListElement":[{"@type":"ListItem","position":1,"name":"Accueil","item":"https:\/\/www.geopolitics.fr\/"},{"@type":"ListItem","position":2,"name":"[REPORTAGE EXCLUSIF] Au Liban, le Hamas comble la disparition des services publics aupr\u00e8s des communaut\u00e9s palestiniennes"}]},{"@type":"WebSite","@id":"https:\/\/www.geopolitics.fr\/#website","url":"https:\/\/www.geopolitics.fr\/","name":"Geopolitics.fr","description":"Geopolitics.fr Analyse politique, relations internationales, d\u00e9fense - ligne \u00e9ditoriale gaullo-chiraquienne","publisher":{"@id":"https:\/\/www.geopolitics.fr\/#organization"},"potentialAction":[{"@type":"SearchAction","target":{"@type":"EntryPoint","urlTemplate":"https:\/\/www.geopolitics.fr\/?s={search_term_string}"},"query-input":{"@type":"PropertyValueSpecification","valueRequired":true,"valueName":"search_term_string"}}],"inLanguage":"en-GB"},{"@type":"Organization","@id":"https:\/\/www.geopolitics.fr\/#organization","name":"Geopolitics.fr","url":"https:\/\/www.geopolitics.fr\/","logo":{"@type":"ImageObject","inLanguage":"en-GB","@id":"https:\/\/www.geopolitics.fr\/#\/schema\/logo\/image\/","url":"https:\/\/www.geopolitics.fr\/wp-content\/uploads\/2024\/01\/logo.jpg","contentUrl":"https:\/\/www.geopolitics.fr\/wp-content\/uploads\/2024\/01\/logo.jpg","width":500,"height":500,"caption":"Geopolitics.fr"},"image":{"@id":"https:\/\/www.geopolitics.fr\/#\/schema\/logo\/image\/"},"sameAs":["https:\/\/www.facebook.com\/people\/Erwan-Davoux\/61557098968092\/","https:\/\/x.com\/Geopolitics_Fr"]},{"@type":"Person","@id":"https:\/\/www.geopolitics.fr\/#\/schema\/person\/9b98d78234af63d6ad71199d66115350","name":"Olivier DELAGARDE","image":{"@type":"ImageObject","inLanguage":"en-GB","@id":"https:\/\/secure.gravatar.com\/avatar\/2c50afbd303b51697d9591857ee182bf3ead572fa530da00bb0278cf506c3a97?s=96&d=mm&r=g","url":"https:\/\/secure.gravatar.com\/avatar\/2c50afbd303b51697d9591857ee182bf3ead572fa530da00bb0278cf506c3a97?s=96&d=mm&r=g","contentUrl":"https:\/\/secure.gravatar.com\/avatar\/2c50afbd303b51697d9591857ee182bf3ead572fa530da00bb0278cf506c3a97?s=96&d=mm&r=g","caption":"Olivier DELAGARDE"},"description":"Journaliste depuis plus de 20 ans, accr\u00e9dit\u00e9 aupr\u00e8s de l'Organisation des Nations Unies, de la Ligue des Etats Arabes, titulaire de la Carte d'Identit\u00e9 des Journalistes Professionnels en France et de la F\u00e9d\u00e9ration Internationale des Journalistes, Olivier a occup\u00e9 le poste de Grand reporter correspondant permanent en \u00c9gypte pour des m\u00e9dias de renomm\u00e9e mondiale tels que TV5 MONDE, le GROUPE M6, le GROUPE TF1 ou encore l\u2019AFP. Durant plus de dix ann\u00e9es, il a produit de nombreux reportages sur la politique internationale en Afrique de l'Est, tout en couvrant les principaux conflits au Proche et Moyen-Orient. En tant que Chef de bureau Proche-Orient pour TV5 MONDE, il \u00e9tait responsable de la production de reportages, des relations institutionnelles et de la repr\u00e9sentation de la cha\u00eene, tout en \u00e9crivant pour plusieurs m\u00e9dias europ\u00e9ens et internationaux.","sameAs":["https:\/\/www.facebook.com\/odelagarde","https:\/\/www.linkedin.com\/in\/olivier-delagarde-816b17270\/"],"url":"https:\/\/www.geopolitics.fr\/en\/author\/odelagarde\/"}]}},"_links":{"self":[{"href":"https:\/\/www.geopolitics.fr\/en\/wp-json\/wp\/v2\/posts\/3174","targetHints":{"allow":["GET"]}}],"collection":[{"href":"https:\/\/www.geopolitics.fr\/en\/wp-json\/wp\/v2\/posts"}],"about":[{"href":"https:\/\/www.geopolitics.fr\/en\/wp-json\/wp\/v2\/types\/post"}],"author":[{"embeddable":true,"href":"https:\/\/www.geopolitics.fr\/en\/wp-json\/wp\/v2\/users\/93"}],"replies":[{"embeddable":true,"href":"https:\/\/www.geopolitics.fr\/en\/wp-json\/wp\/v2\/comments?post=3174"}],"version-history":[{"count":0,"href":"https:\/\/www.geopolitics.fr\/en\/wp-json\/wp\/v2\/posts\/3174\/revisions"}],"wp:featuredmedia":[{"embeddable":true,"href":"https:\/\/www.geopolitics.fr\/en\/wp-json\/wp\/v2\/media\/3175"}],"wp:attachment":[{"href":"https:\/\/www.geopolitics.fr\/en\/wp-json\/wp\/v2\/media?parent=3174"}],"wp:term":[{"taxonomy":"category","embeddable":true,"href":"https:\/\/www.geopolitics.fr\/en\/wp-json\/wp\/v2\/categories?post=3174"},{"taxonomy":"post_tag","embeddable":true,"href":"https:\/\/www.geopolitics.fr\/en\/wp-json\/wp\/v2\/tags?post=3174"}],"curies":[{"name":"wp","href":"https:\/\/api.w.org\/{rel}","templated":true}]}}