{"id":3166,"date":"2024-11-25T16:06:29","date_gmt":"2024-11-25T15:06:29","guid":{"rendered":"https:\/\/www.geopolitics.fr\/?p=3166"},"modified":"2024-11-25T16:06:31","modified_gmt":"2024-11-25T15:06:31","slug":"le-ministere-des-armees-exige-de-dassault-daccelerer-la-livraison-de-chasseurs-rafale","status":"publish","type":"post","link":"https:\/\/www.geopolitics.fr\/en\/2024\/11\/25\/le-ministere-des-armees-exige-de-dassault-daccelerer-la-livraison-de-chasseurs-rafale\/","title":{"rendered":"Le Minist\u00e8re des Arm\u00e9es exige de Dassault d\u2019acc\u00e9l\u00e9rer la livraison de chasseurs Rafale"},"content":{"rendered":"<p class=\"has-medium-font-size wp-block-paragraph\"><em>Le chef d\u2019\u00e9tat-major des arm\u00e9es de l\u2019air et de l\u2019espace J\u00e9r\u00f4me Bellanger, a exprim\u00e9 son inqui\u00e9tude mercredi 20 novembre dernier \u00e0 l\u2019AFP, face \u00e0 la p\u00e9nurie \u00e0 venir d\u2019avions de chasse de la flotte fran\u00e7aise.<\/em><\/p>\n\n\n\n<p class=\"has-medium-font-size wp-block-paragraph\"><strong>Pas moins de trois avions Rafale par mois \u00e0 produire minimum pour rattraper le retard\u00a0! <\/strong>Lors d\u2019une rencontre organis\u00e9e par l\u2019Association des journalistes de d\u00e9fense ce mercredi 20 novembre, le chef d\u2019\u00e9tat-major J\u00e9r\u00f4me Bellanger n\u2019a pas cach\u00e9 son angoisse : \u00ab <em>Nous allons vers un d\u00e9ficit d\u2019armement criant si nous ne corrigeons pas le tir <\/em>\u00bb. Doux euph\u00e9misme s\u2019agissant de tir. \u00a0<strong>Sans conteste, la raison en est limpide\u00a0: cette situation d\u00e9coule de notre aide militaire fournie \u00e0 l\u2019Ukraine depuis quelques mois.<\/strong><\/p>\n\n\n\n<p class=\"has-medium-font-size wp-block-paragraph\">En effet en juin dernier, Emmanuel Macron avait annonc\u00e9 la suspension de nos livraisons d\u2019avions de chasse au profit des livraisons ukrainiennes. Qui va \u00e0 la chasse\u2026<\/p>\n\n\n\n<p class=\"has-medium-font-size wp-block-paragraph\">Sur le sacro-saint autel sacrificiel jusqu\u2019alors parfaitement assum\u00e9 par le gouvernement et les pr\u00e9c\u00e9dents, l\u2019\u00e9tat des stock inqui\u00e8te in\u00e9vitablement le secteur, plus rationnel lui : \u00ab <em>Forc\u00e9ment, cela percute un peu le format de l\u2019aviation de chasse. Le minist\u00e8re l\u2019a tr\u00e8s bien compris et on a regard\u00e9 comment on pouvait pallier cette cession<\/em> \u00bb, a alors indiqu\u00e9 J\u00e9r\u00f4me Bellanger.<\/p>\n\n\n\n<h2 class=\"wp-block-heading\" id=\"h-dassault-aviation-pris-a-ses-propres-imperatifs-economiques\"><strong>Dassault Aviation pris a ses propres imp\u00e9ratifs \u00e9conomiques<\/strong><\/h2>\n\n\n\n<p class=\"has-medium-font-size wp-block-paragraph\">En r\u00e9ponse, le minist\u00e8re des Arm\u00e9es, non sans une certaine pression de la tr\u00e8s s\u00e9rieuse DGA (NLDR&nbsp;: Direction g\u00e9n\u00e9rale de l\u2019armement), propose une acc\u00e9l\u00e9ration de production du fleuron tricolore, mais cela risque d\u2019\u00eatre difficile \u00e0 mettre en \u0153uvre, compte tenu de l\u2019\u00e9tat de chaine industrielle et logistique sous-traitante. Le groupe Dassault Aviation est certes un constructeur a\u00e9ronautique fran\u00e7ais longtemps reconnu dans le monde entier, qui dispose en outre d\u2019un carnet de commandes bien rempli. Et la France n\u2019est pas toujours prioritaire, mod\u00e8le \u00e9conomique oblige. Pour l\u2019exemple l\u2019an dernier, 63% de ses avions produits par l\u2019avionneur partaient \u00e0 l\u2019\u00e9tranger.<\/p>\n\n\n\n<p class=\"has-medium-font-size wp-block-paragraph\"><strong>Alors demander \u00e0 l\u2019entreprise aujourd\u2019hui de changer sa strat\u00e9gie de vente, produire plus sans n\u00e9cessairement gagner plus, et compromettre la qualit\u00e9 de ses avions semble relever d\u2019une m\u00e9connaissance de cette industrie particuli\u00e8re, caract\u00e9risant parfaitement la politique de d\u00e9fense de ces derni\u00e8res ann\u00e9es<\/strong>. Parce que la question du financement est aussi au centre des discussions : <strong>acc\u00e9l\u00e9rer la production signifie dans le m\u00eame temps augmenter les co\u00fbts de production, notamment en termes de main d\u2019\u0153uvre ultra qualifi\u00e9e.<\/strong> Pour avoir un ordre d\u2019id\u00e9e, le co\u00fbt de revient unitaire d\u2019un Rafale est estim\u00e9 \u00e0 80 millions d\u2019euros minimum. Et encore faut-il le rappeler, la chaine de sous-traitance de fabrication d\u2019un avion est complexe, Dassault ne fabriquant pas en \u00ab\u00a0interne\u00a0\u00bb de nombreux \u00e9l\u00e9ments \u00e9lectroniques ou bien encore de m\u00e9taux d\u2019alliages n\u00e9cessaires.<\/p>\n\n\n\n<p class=\"has-medium-font-size wp-block-paragraph\"><strong>Et Dassault Aviation doit aussi honorer ses diff\u00e9rents engagements aupr\u00e8s des pays \u00e9trangers, tout simplement pour ne pas froisser ses diff\u00e9rents partenaires commerciaux et cr\u00e9er ainsi de nouvelles crises diplomatiques, qui occupent d\u00e9j\u00e0 bien assez le Quai d\u2019Orsay\u00a0!<\/strong><\/p>\n\n\n\n<p class=\"has-medium-font-size wp-block-paragraph\"><strong>Diff\u00e9rentes pistes \u00e0 l\u2019instar du fameux \u00ab&nbsp;Quoi qu\u2019il en co\u00fbte&nbsp;\u00bb<\/strong><\/p>\n\n\n\n<p class=\"has-medium-font-size wp-block-paragraph\">Beaucoup d\u2019obstacles sont encore \u00e0 franchir pour les forces arm\u00e9es fran\u00e7aises avant de profiter d\u2019un r\u00e9armement massif, politique oblige. <strong>Mais le minist\u00e8re des Arm\u00e9es tente d\u2019avancer quelques pistes plus ou moins r\u00e9alisables, comme d\u2019augmenter tout simplement de \u00ab\u00a0mani\u00e8re temporaire\u00a0\u00bb la capacit\u00e9 de production du groupe Dassault. Autrement dit, embaucher plus. Mais embaucher qui\u00a0? Combien de temps et \u00e0 quel co\u00fbt\u00a0?<\/strong><\/p>\n\n\n\n<p class=\"has-medium-font-size wp-block-paragraph\">Au registre de la realpolitik, l\u2019\u00c9tat met aussi sur la table des discussions \u00ab&nbsp;la possibilit\u00e9 de prioriser la France&nbsp;\u00bb, encore une fois temporairement, afin d\u2019\u00e9viter la p\u00e9nurie. Puis la \u00ab&nbsp;possibilit\u00e9 d\u2019utiliser des Rafale d\u00e9j\u00e0 produits, en simplifiant la proc\u00e9dure de mise en route&nbsp;\u00bb. Comprendra qui veut, ou du moins, qui peut comprendre.<\/p>\n\n\n\n<p class=\"has-medium-font-size wp-block-paragraph\">Prendre des d\u00e9cisions si hautement strat\u00e9giques et \u00e9quilibr\u00e9es en \u00e9vitant de froisser les clients de Dassault Aviation d\u2019une part, tout en garantissant des livraisons plus rapides d\u2019autre part\u2026<\/p>\n\n\n\n<p class=\"has-medium-font-size wp-block-paragraph\">L\u00e0 est l\u2019\u00e9quation pour l\u2019heure bien discr\u00e8te, alors que le gouvernement Barnier fraichement au affaires vacille d\u00e9j\u00e0.<\/p>","protected":false},"excerpt":{"rendered":"<p>Le chef d\u2019\u00e9tat-major des arm\u00e9es de l\u2019air et de l\u2019espace J\u00e9r\u00f4me Bellanger, a exprim\u00e9 son inqui\u00e9tude mercredi 20 novembre dernier \u00e0 l\u2019AFP,&hellip;<\/p>","protected":false},"author":93,"featured_media":3168,"comment_status":"open","ping_status":"open","sticky":false,"template":"","format":"standard","meta":{"_lmt_disableupdate":"","_lmt_disable":"","footnotes":""},"categories":[41,6,4],"tags":[374,372],"class_list":["post-3166","post","type-post","status-publish","format-standard","has-post-thumbnail","hentry","category-actualite","category-defense-et-armees","category-mis-en-avant","tag-dassault","tag-rafale"],"yoast_head":"<!-- This site is optimized with the Yoast SEO Premium plugin v28.1 (Yoast SEO v28.1) - https:\/\/yoast.com\/product\/yoast-seo-premium-wordpress\/ -->\n<title>Le Minist\u00e8re des Arm\u00e9es exige de Dassault d\u2019acc\u00e9l\u00e9rer la livraison de chasseurs Rafale | Geopolitics.fr<\/title>\n<meta name=\"description\" content=\"L&#039;Arm\u00e9e de l&#039;Air met en garde contre une p\u00e9nurie de &quot;Rafales&quot; et demande \u00e0 Dassault d&#039;acc\u00e9l\u00e9rer la cadence. Mais est-ce bien r\u00e9aliste ?\" \/>\n<meta name=\"robots\" content=\"index, follow, max-snippet:-1, max-image-preview:large, max-video-preview:-1\" \/>\n<link rel=\"canonical\" href=\"https:\/\/www.geopolitics.fr\/en\/2024\/11\/25\/le-ministere-des-armees-exige-de-dassault-daccelerer-la-livraison-de-chasseurs-rafale\/\" \/>\n<meta property=\"og:locale\" content=\"en_GB\" \/>\n<meta property=\"og:type\" content=\"article\" \/>\n<meta property=\"og:title\" content=\"Le Minist\u00e8re des Arm\u00e9es exige de Dassault d\u2019acc\u00e9l\u00e9rer la livraison de chasseurs Rafale\" \/>\n<meta property=\"og:description\" content=\"L&#039;Arm\u00e9e de l&#039;Air met en garde contre une p\u00e9nurie de &quot;Rafales&quot; et demande \u00e0 Dassault d&#039;acc\u00e9l\u00e9rer la cadence. Mais est-ce bien r\u00e9aliste ?\" \/>\n<meta property=\"og:url\" content=\"https:\/\/www.geopolitics.fr\/en\/2024\/11\/25\/le-ministere-des-armees-exige-de-dassault-daccelerer-la-livraison-de-chasseurs-rafale\/\" \/>\n<meta property=\"og:site_name\" content=\"Geopolitics.fr\" \/>\n<meta property=\"article:publisher\" content=\"https:\/\/www.facebook.com\/people\/Erwan-Davoux\/61557098968092\/\" \/>\n<meta property=\"article:author\" content=\"https:\/\/www.facebook.com\/odelagarde\" \/>\n<meta property=\"article:published_time\" content=\"2024-11-25T15:06:29+00:00\" \/>\n<meta property=\"article:modified_time\" content=\"2024-11-25T15:06:31+00:00\" \/>\n<meta property=\"og:image\" content=\"https:\/\/www.geopolitics.fr\/wp-content\/uploads\/2024\/11\/Rafale-francais-1.jpg\" \/>\n\t<meta property=\"og:image:width\" content=\"1000\" \/>\n\t<meta property=\"og:image:height\" content=\"667\" \/>\n\t<meta property=\"og:image:type\" content=\"image\/jpeg\" \/>\n<meta name=\"author\" content=\"Olivier DELAGARDE\" \/>\n<meta name=\"twitter:card\" content=\"summary_large_image\" \/>\n<meta name=\"twitter:creator\" content=\"@Geopolitics_Fr\" \/>\n<meta name=\"twitter:site\" content=\"@Geopolitics_Fr\" \/>\n<meta name=\"twitter:label1\" content=\"Written by\" \/>\n\t<meta name=\"twitter:data1\" content=\"Olivier DELAGARDE\" \/>\n\t<meta name=\"twitter:label2\" content=\"Estimated reading time\" \/>\n\t<meta name=\"twitter:data2\" content=\"4 minutes\" \/>\n<script type=\"application\/ld+json\" class=\"yoast-schema-graph\">{\"@context\":\"https:\\\/\\\/schema.org\",\"@graph\":[{\"@type\":\"Article\",\"@id\":\"https:\\\/\\\/www.geopolitics.fr\\\/2024\\\/11\\\/25\\\/le-ministere-des-armees-exige-de-dassault-daccelerer-la-livraison-de-chasseurs-rafale\\\/#article\",\"isPartOf\":{\"@id\":\"https:\\\/\\\/www.geopolitics.fr\\\/2024\\\/11\\\/25\\\/le-ministere-des-armees-exige-de-dassault-daccelerer-la-livraison-de-chasseurs-rafale\\\/\"},\"author\":{\"name\":\"Olivier DELAGARDE\",\"@id\":\"https:\\\/\\\/www.geopolitics.fr\\\/#\\\/schema\\\/person\\\/9b98d78234af63d6ad71199d66115350\"},\"headline\":\"Le Minist\u00e8re des Arm\u00e9es exige de Dassault d\u2019acc\u00e9l\u00e9rer la livraison de chasseurs Rafale\",\"datePublished\":\"2024-11-25T15:06:29+00:00\",\"dateModified\":\"2024-11-25T15:06:31+00:00\",\"mainEntityOfPage\":{\"@id\":\"https:\\\/\\\/www.geopolitics.fr\\\/2024\\\/11\\\/25\\\/le-ministere-des-armees-exige-de-dassault-daccelerer-la-livraison-de-chasseurs-rafale\\\/\"},\"wordCount\":766,\"commentCount\":0,\"publisher\":{\"@id\":\"https:\\\/\\\/www.geopolitics.fr\\\/#organization\"},\"image\":{\"@id\":\"https:\\\/\\\/www.geopolitics.fr\\\/2024\\\/11\\\/25\\\/le-ministere-des-armees-exige-de-dassault-daccelerer-la-livraison-de-chasseurs-rafale\\\/#primaryimage\"},\"thumbnailUrl\":\"https:\\\/\\\/www.geopolitics.fr\\\/wp-content\\\/uploads\\\/2024\\\/11\\\/Rafale-francais-1.jpg\",\"keywords\":[\"DASSAULT\",\"RAFALE\"],\"articleSection\":[\"Actualit\u00e9\",\"D\u00e9fense\",\"Mis en AVANT\"],\"inLanguage\":\"en-GB\"},{\"@type\":\"WebPage\",\"@id\":\"https:\\\/\\\/www.geopolitics.fr\\\/2024\\\/11\\\/25\\\/le-ministere-des-armees-exige-de-dassault-daccelerer-la-livraison-de-chasseurs-rafale\\\/\",\"url\":\"https:\\\/\\\/www.geopolitics.fr\\\/2024\\\/11\\\/25\\\/le-ministere-des-armees-exige-de-dassault-daccelerer-la-livraison-de-chasseurs-rafale\\\/\",\"name\":\"Le Minist\u00e8re des Arm\u00e9es exige de Dassault d\u2019acc\u00e9l\u00e9rer la livraison de chasseurs Rafale | Geopolitics.fr\",\"isPartOf\":{\"@id\":\"https:\\\/\\\/www.geopolitics.fr\\\/#website\"},\"primaryImageOfPage\":{\"@id\":\"https:\\\/\\\/www.geopolitics.fr\\\/2024\\\/11\\\/25\\\/le-ministere-des-armees-exige-de-dassault-daccelerer-la-livraison-de-chasseurs-rafale\\\/#primaryimage\"},\"image\":{\"@id\":\"https:\\\/\\\/www.geopolitics.fr\\\/2024\\\/11\\\/25\\\/le-ministere-des-armees-exige-de-dassault-daccelerer-la-livraison-de-chasseurs-rafale\\\/#primaryimage\"},\"thumbnailUrl\":\"https:\\\/\\\/www.geopolitics.fr\\\/wp-content\\\/uploads\\\/2024\\\/11\\\/Rafale-francais-1.jpg\",\"datePublished\":\"2024-11-25T15:06:29+00:00\",\"dateModified\":\"2024-11-25T15:06:31+00:00\",\"description\":\"L'Arm\u00e9e de l'Air met en garde contre une p\u00e9nurie de \\\"Rafales\\\" et demande \u00e0 Dassault d'acc\u00e9l\u00e9rer la cadence. Mais est-ce bien r\u00e9aliste ?\",\"breadcrumb\":{\"@id\":\"https:\\\/\\\/www.geopolitics.fr\\\/2024\\\/11\\\/25\\\/le-ministere-des-armees-exige-de-dassault-daccelerer-la-livraison-de-chasseurs-rafale\\\/#breadcrumb\"},\"inLanguage\":\"en-GB\",\"potentialAction\":[{\"@type\":\"ReadAction\",\"target\":[\"https:\\\/\\\/www.geopolitics.fr\\\/2024\\\/11\\\/25\\\/le-ministere-des-armees-exige-de-dassault-daccelerer-la-livraison-de-chasseurs-rafale\\\/\"]}]},{\"@type\":\"ImageObject\",\"inLanguage\":\"en-GB\",\"@id\":\"https:\\\/\\\/www.geopolitics.fr\\\/2024\\\/11\\\/25\\\/le-ministere-des-armees-exige-de-dassault-daccelerer-la-livraison-de-chasseurs-rafale\\\/#primaryimage\",\"url\":\"https:\\\/\\\/www.geopolitics.fr\\\/wp-content\\\/uploads\\\/2024\\\/11\\\/Rafale-francais-1.jpg\",\"contentUrl\":\"https:\\\/\\\/www.geopolitics.fr\\\/wp-content\\\/uploads\\\/2024\\\/11\\\/Rafale-francais-1.jpg\",\"width\":1000,\"height\":667},{\"@type\":\"BreadcrumbList\",\"@id\":\"https:\\\/\\\/www.geopolitics.fr\\\/2024\\\/11\\\/25\\\/le-ministere-des-armees-exige-de-dassault-daccelerer-la-livraison-de-chasseurs-rafale\\\/#breadcrumb\",\"itemListElement\":[{\"@type\":\"ListItem\",\"position\":1,\"name\":\"Accueil\",\"item\":\"https:\\\/\\\/www.geopolitics.fr\\\/\"},{\"@type\":\"ListItem\",\"position\":2,\"name\":\"Le Minist\u00e8re des Arm\u00e9es exige de Dassault d\u2019acc\u00e9l\u00e9rer la livraison de chasseurs Rafale\"}]},{\"@type\":\"WebSite\",\"@id\":\"https:\\\/\\\/www.geopolitics.fr\\\/#website\",\"url\":\"https:\\\/\\\/www.geopolitics.fr\\\/\",\"name\":\"Geopolitics.fr\",\"description\":\"Geopolitics.fr Analyse politique, relations internationales, d\u00e9fense - ligne \u00e9ditoriale gaullo-chiraquienne\",\"publisher\":{\"@id\":\"https:\\\/\\\/www.geopolitics.fr\\\/#organization\"},\"potentialAction\":[{\"@type\":\"SearchAction\",\"target\":{\"@type\":\"EntryPoint\",\"urlTemplate\":\"https:\\\/\\\/www.geopolitics.fr\\\/?s={search_term_string}\"},\"query-input\":{\"@type\":\"PropertyValueSpecification\",\"valueRequired\":true,\"valueName\":\"search_term_string\"}}],\"inLanguage\":\"en-GB\"},{\"@type\":\"Organization\",\"@id\":\"https:\\\/\\\/www.geopolitics.fr\\\/#organization\",\"name\":\"Geopolitics.fr\",\"url\":\"https:\\\/\\\/www.geopolitics.fr\\\/\",\"logo\":{\"@type\":\"ImageObject\",\"inLanguage\":\"en-GB\",\"@id\":\"https:\\\/\\\/www.geopolitics.fr\\\/#\\\/schema\\\/logo\\\/image\\\/\",\"url\":\"https:\\\/\\\/www.geopolitics.fr\\\/wp-content\\\/uploads\\\/2024\\\/01\\\/logo.jpg\",\"contentUrl\":\"https:\\\/\\\/www.geopolitics.fr\\\/wp-content\\\/uploads\\\/2024\\\/01\\\/logo.jpg\",\"width\":500,\"height\":500,\"caption\":\"Geopolitics.fr\"},\"image\":{\"@id\":\"https:\\\/\\\/www.geopolitics.fr\\\/#\\\/schema\\\/logo\\\/image\\\/\"},\"sameAs\":[\"https:\\\/\\\/www.facebook.com\\\/people\\\/Erwan-Davoux\\\/61557098968092\\\/\",\"https:\\\/\\\/x.com\\\/Geopolitics_Fr\"]},{\"@type\":\"Person\",\"@id\":\"https:\\\/\\\/www.geopolitics.fr\\\/#\\\/schema\\\/person\\\/9b98d78234af63d6ad71199d66115350\",\"name\":\"Olivier DELAGARDE\",\"image\":{\"@type\":\"ImageObject\",\"inLanguage\":\"en-GB\",\"@id\":\"https:\\\/\\\/secure.gravatar.com\\\/avatar\\\/2c50afbd303b51697d9591857ee182bf3ead572fa530da00bb0278cf506c3a97?s=96&d=mm&r=g\",\"url\":\"https:\\\/\\\/secure.gravatar.com\\\/avatar\\\/2c50afbd303b51697d9591857ee182bf3ead572fa530da00bb0278cf506c3a97?s=96&d=mm&r=g\",\"contentUrl\":\"https:\\\/\\\/secure.gravatar.com\\\/avatar\\\/2c50afbd303b51697d9591857ee182bf3ead572fa530da00bb0278cf506c3a97?s=96&d=mm&r=g\",\"caption\":\"Olivier DELAGARDE\"},\"description\":\"Journaliste depuis plus de 20 ans, accr\u00e9dit\u00e9 aupr\u00e8s de l'Organisation des Nations Unies, de la Ligue des Etats Arabes, titulaire de la Carte d'Identit\u00e9 des Journalistes Professionnels en France et de la F\u00e9d\u00e9ration Internationale des Journalistes, Olivier a occup\u00e9 le poste de Grand reporter correspondant permanent en \u00c9gypte pour des m\u00e9dias de renomm\u00e9e mondiale tels que TV5 MONDE, le GROUPE M6, le GROUPE TF1 ou encore l\u2019AFP. Durant plus de dix ann\u00e9es, il a produit de nombreux reportages sur la politique internationale en Afrique de l'Est, tout en couvrant les principaux conflits au Proche et Moyen-Orient. En tant que Chef de bureau Proche-Orient pour TV5 MONDE, il \u00e9tait responsable de la production de reportages, des relations institutionnelles et de la repr\u00e9sentation de la cha\u00eene, tout en \u00e9crivant pour plusieurs m\u00e9dias europ\u00e9ens et internationaux.\",\"sameAs\":[\"https:\\\/\\\/www.facebook.com\\\/odelagarde\",\"https:\\\/\\\/www.linkedin.com\\\/in\\\/olivier-delagarde-816b17270\\\/\"],\"url\":\"https:\\\/\\\/www.geopolitics.fr\\\/en\\\/author\\\/odelagarde\\\/\"}]}<\/script>\n<!-- \/ Yoast SEO Premium plugin. -->","yoast_head_json":{"title":"Le Minist\u00e8re des Arm\u00e9es exige de Dassault d\u2019acc\u00e9l\u00e9rer la livraison de chasseurs Rafale | Geopolitics.fr","description":"L'Arm\u00e9e de l'Air met en garde contre une p\u00e9nurie de \"Rafales\" et demande \u00e0 Dassault d'acc\u00e9l\u00e9rer la cadence. Mais est-ce bien r\u00e9aliste ?","robots":{"index":"index","follow":"follow","max-snippet":"max-snippet:-1","max-image-preview":"max-image-preview:large","max-video-preview":"max-video-preview:-1"},"canonical":"https:\/\/www.geopolitics.fr\/en\/2024\/11\/25\/le-ministere-des-armees-exige-de-dassault-daccelerer-la-livraison-de-chasseurs-rafale\/","og_locale":"en_GB","og_type":"article","og_title":"Le Minist\u00e8re des Arm\u00e9es exige de Dassault d\u2019acc\u00e9l\u00e9rer la livraison de chasseurs Rafale","og_description":"L'Arm\u00e9e de l'Air met en garde contre une p\u00e9nurie de \"Rafales\" et demande \u00e0 Dassault d'acc\u00e9l\u00e9rer la cadence. Mais est-ce bien r\u00e9aliste ?","og_url":"https:\/\/www.geopolitics.fr\/en\/2024\/11\/25\/le-ministere-des-armees-exige-de-dassault-daccelerer-la-livraison-de-chasseurs-rafale\/","og_site_name":"Geopolitics.fr","article_publisher":"https:\/\/www.facebook.com\/people\/Erwan-Davoux\/61557098968092\/","article_author":"https:\/\/www.facebook.com\/odelagarde","article_published_time":"2024-11-25T15:06:29+00:00","article_modified_time":"2024-11-25T15:06:31+00:00","og_image":[{"width":1000,"height":667,"url":"https:\/\/www.geopolitics.fr\/wp-content\/uploads\/2024\/11\/Rafale-francais-1.jpg","type":"image\/jpeg"}],"author":"Olivier DELAGARDE","twitter_card":"summary_large_image","twitter_creator":"@Geopolitics_Fr","twitter_site":"@Geopolitics_Fr","twitter_misc":{"Written by":"Olivier DELAGARDE","Estimated reading time":"4 minutes"},"schema":{"@context":"https:\/\/schema.org","@graph":[{"@type":"Article","@id":"https:\/\/www.geopolitics.fr\/2024\/11\/25\/le-ministere-des-armees-exige-de-dassault-daccelerer-la-livraison-de-chasseurs-rafale\/#article","isPartOf":{"@id":"https:\/\/www.geopolitics.fr\/2024\/11\/25\/le-ministere-des-armees-exige-de-dassault-daccelerer-la-livraison-de-chasseurs-rafale\/"},"author":{"name":"Olivier DELAGARDE","@id":"https:\/\/www.geopolitics.fr\/#\/schema\/person\/9b98d78234af63d6ad71199d66115350"},"headline":"Le Minist\u00e8re des Arm\u00e9es exige de Dassault d\u2019acc\u00e9l\u00e9rer la livraison de chasseurs Rafale","datePublished":"2024-11-25T15:06:29+00:00","dateModified":"2024-11-25T15:06:31+00:00","mainEntityOfPage":{"@id":"https:\/\/www.geopolitics.fr\/2024\/11\/25\/le-ministere-des-armees-exige-de-dassault-daccelerer-la-livraison-de-chasseurs-rafale\/"},"wordCount":766,"commentCount":0,"publisher":{"@id":"https:\/\/www.geopolitics.fr\/#organization"},"image":{"@id":"https:\/\/www.geopolitics.fr\/2024\/11\/25\/le-ministere-des-armees-exige-de-dassault-daccelerer-la-livraison-de-chasseurs-rafale\/#primaryimage"},"thumbnailUrl":"https:\/\/www.geopolitics.fr\/wp-content\/uploads\/2024\/11\/Rafale-francais-1.jpg","keywords":["DASSAULT","RAFALE"],"articleSection":["Actualit\u00e9","D\u00e9fense","Mis en AVANT"],"inLanguage":"en-GB"},{"@type":"WebPage","@id":"https:\/\/www.geopolitics.fr\/2024\/11\/25\/le-ministere-des-armees-exige-de-dassault-daccelerer-la-livraison-de-chasseurs-rafale\/","url":"https:\/\/www.geopolitics.fr\/2024\/11\/25\/le-ministere-des-armees-exige-de-dassault-daccelerer-la-livraison-de-chasseurs-rafale\/","name":"Le Minist\u00e8re des Arm\u00e9es exige de Dassault d\u2019acc\u00e9l\u00e9rer la livraison de chasseurs Rafale | Geopolitics.fr","isPartOf":{"@id":"https:\/\/www.geopolitics.fr\/#website"},"primaryImageOfPage":{"@id":"https:\/\/www.geopolitics.fr\/2024\/11\/25\/le-ministere-des-armees-exige-de-dassault-daccelerer-la-livraison-de-chasseurs-rafale\/#primaryimage"},"image":{"@id":"https:\/\/www.geopolitics.fr\/2024\/11\/25\/le-ministere-des-armees-exige-de-dassault-daccelerer-la-livraison-de-chasseurs-rafale\/#primaryimage"},"thumbnailUrl":"https:\/\/www.geopolitics.fr\/wp-content\/uploads\/2024\/11\/Rafale-francais-1.jpg","datePublished":"2024-11-25T15:06:29+00:00","dateModified":"2024-11-25T15:06:31+00:00","description":"L'Arm\u00e9e de l'Air met en garde contre une p\u00e9nurie de \"Rafales\" et demande \u00e0 Dassault d'acc\u00e9l\u00e9rer la cadence. Mais est-ce bien r\u00e9aliste ?","breadcrumb":{"@id":"https:\/\/www.geopolitics.fr\/2024\/11\/25\/le-ministere-des-armees-exige-de-dassault-daccelerer-la-livraison-de-chasseurs-rafale\/#breadcrumb"},"inLanguage":"en-GB","potentialAction":[{"@type":"ReadAction","target":["https:\/\/www.geopolitics.fr\/2024\/11\/25\/le-ministere-des-armees-exige-de-dassault-daccelerer-la-livraison-de-chasseurs-rafale\/"]}]},{"@type":"ImageObject","inLanguage":"en-GB","@id":"https:\/\/www.geopolitics.fr\/2024\/11\/25\/le-ministere-des-armees-exige-de-dassault-daccelerer-la-livraison-de-chasseurs-rafale\/#primaryimage","url":"https:\/\/www.geopolitics.fr\/wp-content\/uploads\/2024\/11\/Rafale-francais-1.jpg","contentUrl":"https:\/\/www.geopolitics.fr\/wp-content\/uploads\/2024\/11\/Rafale-francais-1.jpg","width":1000,"height":667},{"@type":"BreadcrumbList","@id":"https:\/\/www.geopolitics.fr\/2024\/11\/25\/le-ministere-des-armees-exige-de-dassault-daccelerer-la-livraison-de-chasseurs-rafale\/#breadcrumb","itemListElement":[{"@type":"ListItem","position":1,"name":"Accueil","item":"https:\/\/www.geopolitics.fr\/"},{"@type":"ListItem","position":2,"name":"Le Minist\u00e8re des Arm\u00e9es exige de Dassault d\u2019acc\u00e9l\u00e9rer la livraison de chasseurs Rafale"}]},{"@type":"WebSite","@id":"https:\/\/www.geopolitics.fr\/#website","url":"https:\/\/www.geopolitics.fr\/","name":"Geopolitics.fr","description":"Geopolitics.fr Analyse politique, relations internationales, d\u00e9fense - ligne \u00e9ditoriale gaullo-chiraquienne","publisher":{"@id":"https:\/\/www.geopolitics.fr\/#organization"},"potentialAction":[{"@type":"SearchAction","target":{"@type":"EntryPoint","urlTemplate":"https:\/\/www.geopolitics.fr\/?s={search_term_string}"},"query-input":{"@type":"PropertyValueSpecification","valueRequired":true,"valueName":"search_term_string"}}],"inLanguage":"en-GB"},{"@type":"Organization","@id":"https:\/\/www.geopolitics.fr\/#organization","name":"Geopolitics.fr","url":"https:\/\/www.geopolitics.fr\/","logo":{"@type":"ImageObject","inLanguage":"en-GB","@id":"https:\/\/www.geopolitics.fr\/#\/schema\/logo\/image\/","url":"https:\/\/www.geopolitics.fr\/wp-content\/uploads\/2024\/01\/logo.jpg","contentUrl":"https:\/\/www.geopolitics.fr\/wp-content\/uploads\/2024\/01\/logo.jpg","width":500,"height":500,"caption":"Geopolitics.fr"},"image":{"@id":"https:\/\/www.geopolitics.fr\/#\/schema\/logo\/image\/"},"sameAs":["https:\/\/www.facebook.com\/people\/Erwan-Davoux\/61557098968092\/","https:\/\/x.com\/Geopolitics_Fr"]},{"@type":"Person","@id":"https:\/\/www.geopolitics.fr\/#\/schema\/person\/9b98d78234af63d6ad71199d66115350","name":"Olivier DELAGARDE","image":{"@type":"ImageObject","inLanguage":"en-GB","@id":"https:\/\/secure.gravatar.com\/avatar\/2c50afbd303b51697d9591857ee182bf3ead572fa530da00bb0278cf506c3a97?s=96&d=mm&r=g","url":"https:\/\/secure.gravatar.com\/avatar\/2c50afbd303b51697d9591857ee182bf3ead572fa530da00bb0278cf506c3a97?s=96&d=mm&r=g","contentUrl":"https:\/\/secure.gravatar.com\/avatar\/2c50afbd303b51697d9591857ee182bf3ead572fa530da00bb0278cf506c3a97?s=96&d=mm&r=g","caption":"Olivier DELAGARDE"},"description":"Journaliste depuis plus de 20 ans, accr\u00e9dit\u00e9 aupr\u00e8s de l'Organisation des Nations Unies, de la Ligue des Etats Arabes, titulaire de la Carte d'Identit\u00e9 des Journalistes Professionnels en France et de la F\u00e9d\u00e9ration Internationale des Journalistes, Olivier a occup\u00e9 le poste de Grand reporter correspondant permanent en \u00c9gypte pour des m\u00e9dias de renomm\u00e9e mondiale tels que TV5 MONDE, le GROUPE M6, le GROUPE TF1 ou encore l\u2019AFP. Durant plus de dix ann\u00e9es, il a produit de nombreux reportages sur la politique internationale en Afrique de l'Est, tout en couvrant les principaux conflits au Proche et Moyen-Orient. En tant que Chef de bureau Proche-Orient pour TV5 MONDE, il \u00e9tait responsable de la production de reportages, des relations institutionnelles et de la repr\u00e9sentation de la cha\u00eene, tout en \u00e9crivant pour plusieurs m\u00e9dias europ\u00e9ens et internationaux.","sameAs":["https:\/\/www.facebook.com\/odelagarde","https:\/\/www.linkedin.com\/in\/olivier-delagarde-816b17270\/"],"url":"https:\/\/www.geopolitics.fr\/en\/author\/odelagarde\/"}]}},"_links":{"self":[{"href":"https:\/\/www.geopolitics.fr\/en\/wp-json\/wp\/v2\/posts\/3166","targetHints":{"allow":["GET"]}}],"collection":[{"href":"https:\/\/www.geopolitics.fr\/en\/wp-json\/wp\/v2\/posts"}],"about":[{"href":"https:\/\/www.geopolitics.fr\/en\/wp-json\/wp\/v2\/types\/post"}],"author":[{"embeddable":true,"href":"https:\/\/www.geopolitics.fr\/en\/wp-json\/wp\/v2\/users\/93"}],"replies":[{"embeddable":true,"href":"https:\/\/www.geopolitics.fr\/en\/wp-json\/wp\/v2\/comments?post=3166"}],"version-history":[{"count":0,"href":"https:\/\/www.geopolitics.fr\/en\/wp-json\/wp\/v2\/posts\/3166\/revisions"}],"wp:featuredmedia":[{"embeddable":true,"href":"https:\/\/www.geopolitics.fr\/en\/wp-json\/wp\/v2\/media\/3168"}],"wp:attachment":[{"href":"https:\/\/www.geopolitics.fr\/en\/wp-json\/wp\/v2\/media?parent=3166"}],"wp:term":[{"taxonomy":"category","embeddable":true,"href":"https:\/\/www.geopolitics.fr\/en\/wp-json\/wp\/v2\/categories?post=3166"},{"taxonomy":"post_tag","embeddable":true,"href":"https:\/\/www.geopolitics.fr\/en\/wp-json\/wp\/v2\/tags?post=3166"}],"curies":[{"name":"wp","href":"https:\/\/api.w.org\/{rel}","templated":true}]}}