{"id":3156,"date":"2024-11-24T11:54:39","date_gmt":"2024-11-24T10:54:39","guid":{"rendered":"https:\/\/www.geopolitics.fr\/?p=3156"},"modified":"2024-11-24T12:03:06","modified_gmt":"2024-11-24T11:03:06","slug":"le-forum-francophone-des-affaires-a-tenu-des-assises-tres-remarquees-de-la-francophonie-economique-au-senat","status":"publish","type":"post","link":"https:\/\/www.geopolitics.fr\/en\/2024\/11\/24\/le-forum-francophone-des-affaires-a-tenu-des-assises-tres-remarquees-de-la-francophonie-economique-au-senat\/","title":{"rendered":"Le Forum Francophone des Affaires (FFA) a tenu des assises tr\u00e8s remarqu\u00e9es au S\u00e9nat"},"content":{"rendered":"<h2 class=\"wp-block-heading has-medium-font-size\" id=\"h-le-nbsp-forum-francophone-des-affaires-nbsp-est-un-partenaire-reconnu-des-instances-publiques-nationales-et-internationales-nbsp-qui-promeut-l-usage-du-francais-comme-langue-de-travail-et-d-echanges-economiques-sur-la-scene-internationale\"><strong>Le&nbsp;Forum Francophone des Affaires&nbsp;est un partenaire reconnu des instances publiques nationales et internationales&nbsp;qui promeut l\u2019usage du Fran\u00e7ais comme langue de travail et d\u2019\u00e9changes \u00e9conomiques sur la sc\u00e8ne internationale<\/strong><\/h2>\n\n\n\n<p class=\"has-medium-font-size wp-block-paragraph\"><strong>Cr\u00e9\u00e9 en 1987 par St\u00e8ve Gentili, le FFA est l\u2019un des tout premiers r\u00e9seaux mondiaux d\u2019entreprises internationales.<\/strong> En effet, Pr\u00e9sent sur les cinq continents, il f\u00e9d\u00e8re les acteurs \u00e9conomiques par professions, par zones g\u00e9ographiques et par pays. Il a conclu des accords avec :<\/p>\n\n\n\n<ul class=\"wp-block-list\">\n<li class=\"has-medium-font-size\">des organisations \u00e9conomiques similaires&nbsp;dans des r\u00e9gions anglophones, arabophones, hispanophones et lusophones&nbsp;;<\/li>\n\n\n\n<li class=\"has-medium-font-size\"><strong>il contribue au d\u00e9veloppement d\u2019une vie \u00e9conomique internationale qui valorise les partenariats public\/priv\u00e9 et favorise les \u00e9changes&nbsp;en fran\u00e7ais.<\/strong><\/li>\n<\/ul>\n\n\n\n<p class=\"has-medium-font-size wp-block-paragraph\"><strong>Le Forum Francophone des Affaires est agr\u00e9\u00e9 par les agences des&nbsp;Nations-Unies<\/strong><\/p>\n\n\n\n<p class=\"has-medium-font-size wp-block-paragraph\">Avec l\u2019<strong>Organisation Internationale de la Francophonie<\/strong> (OIF), le Forum Francophone des Affaires contribue \u00e0 de nombreuses initiatives (programmes d\u2019envergure destin\u00e9s \u00e0 impliquer les acteurs \u00e9conomiques dans dynamique francophone).<\/p>\n\n\n\n<p class=\"has-medium-font-size wp-block-paragraph\">Avec l\u2019OIF, le FFA a con\u00e7u et promeut la <strong>Charte \u00e9thique des entreprises francophones<\/strong>. Elle s\u2019appuie sur les principes de la Responsabilit\u00e9 Sociale d\u2019Entreprise (RSE).<\/p>\n\n\n\n<p class=\"has-medium-font-size wp-block-paragraph\">L\u2019action du Forum Francophone des Affaires vise principalement \u00e0 soutenir et \u00e0 valoriser la langue fran\u00e7aise dans l\u2019action et le d\u00e9veloppement \u00e9conomiques.<\/p>\n\n\n\n<h2 class=\"wp-block-heading\" id=\"h-les-assises-de-la-francophonie-economique-se-sont-recemment-tenues-au-senat-sous-la-houlette-du-president-du-forum-francophone-des-affaires-ffa-steve-gentili\">Les assises de la francophonie \u00e9conomique se sont r\u00e9cemment tenues au S\u00e9nat, sous la houlette du Pr\u00e9sident du Forum Francophone des Affaires (FFA), St\u00e8ve Gentili.<\/h2>\n\n\n\n<p class=\"has-medium-font-size wp-block-paragraph\">C\u2019est un plateau de tr\u00e8s haut niveau qui \u00e9t\u00e9 r\u00e9uni pour d\u00e9velopper une vision moderne et offensive de la Francophonie \u00e9conomique. Citons, entre-autres <strong>Antoine Gosset-Grainville <\/strong>(Pr\u00e9sident d\u2019Axa), <strong>B\u00e9atrice Kosowski <\/strong>(Pr\u00e9sidente d\u2019IBM France), <strong>Laurent Solly<\/strong> (Directeur G\u00e9n\u00e9ral de Meta France), <strong>Xavier Durand<\/strong> (Directeur G\u00e9n\u00e9ral de la COFACE) ou encore <strong>Sa\u00efd Ibrahimi<\/strong> (Pr\u00e9sident de Casablanca Finance City).<\/p>\n\n\n\n<p class=\"has-medium-font-size wp-block-paragraph\"><strong>Anicet-Georges Dologu\u00e9l\u00e9<\/strong>, Ancien Premier ministre de la R\u00e9publique centrafricaine et actuel leader de l\u2019opposition \u00e9tait \u00e9galement pr\u00e9sent.<\/p>\n\n\n\n<p class=\"has-medium-font-size wp-block-paragraph\">Dans un discours tr\u00e8s remarqu\u00e9, <strong>Slim Khalbous<\/strong> (Recteur de l&rsquo;Agence Universitaire de la Francophonie), a propos\u00e9 l\u2019ajout d\u2019une clause de pr\u00e9f\u00e9rence francophone dans les appels d\u2019offre, pratique largement d\u00e9velopp\u00e9e dans le monde anglophone&nbsp;et d\u00e9nonc\u00e9 une sorte d\u2019aberration dans l\u2019incitation financi\u00e8re, en France, pour les chercheurs qui publient en anglais. Il a rappel\u00e9 qu\u2019une \u00ab&nbsp;communaut\u00e9 \u00e9conomique se construit par la formation et la recherche&nbsp;\u00bb.<\/p>\n\n\n\n<p class=\"has-medium-font-size wp-block-paragraph\">Dans un expos\u00e9 tr\u00e8s vivant et dynamique sur les perspectives de l&rsquo;\u00e9conomie mondiale, <strong>Marc Touati <\/strong>a relev\u00e9 que l\u2019<strong>Inde \u00e9tait devenu le principal moteur de la croissance mondiale <\/strong>et d\u00e9nonc\u00e9 l\u2019inertie publique face aux creusement de la dette publique France&nbsp;: 850 milliards de dette suppl\u00e9mentaire alors que le PIB cro\u00eet de 400 milliards\u2026 Le double AA de la France ne tient qu\u2019\u00e0 un fil, certains investisseurs \u00e9trangers majeurs ont amorc\u00e9 un retrait. Une r\u00e9trogradation signifierait des difficult\u00e9s accrues \u00e0 financer la dette. La France emprunte d\u00e9sormais \u00e0 des conditions bien moins avantageuses que la Gr\u00e8ce.<\/p>\n\n\n\n<p class=\"has-medium-font-size wp-block-paragraph\"><strong>Ces assises ont \u00e9t\u00e9 l&rsquo;occasion de remettre  le prix du livre \u00e9conomique francophone \u00e0<\/strong> <strong>Kako Nubukpo pour son dernier ouvrage intitul\u00e9 : \u00abL\u2019Afrique et le reste du monde: de la d\u00e9pendance \u00e0 la souverainet\u00e9\u00bb<\/strong>, paru le 23 octobre 2024 aux \u00e9ditions \u00abOdile Jacob\u00bb Ancien ministre, Commissaire de l\u2019UEMO, le laur\u00e9at&nbsp;a d\u00e9di\u00e9 \u00abcette r\u00e9compense \u00e0 la jeunesse africaine, source de mon inspiration\u00bb. Pourfendeur du Franc CFA, Kako Nubukpo a d\u00e9livr\u00e9 un exposant brillant et \u00e9tay\u00e9 sur la question en le repla\u00e7ant dans son contexte politico-historique. Steve Gentili a, tr\u00e8s opportun\u00e9ment, fait remarquer que, sans le G\u00e9n\u00e9ral de Gaulle, les Am\u00e9ricains s\u2019appr\u00eataient d\u00e9j\u00e0 \u00e0 battre monnaie en Afrique et que nous aurions connu le \u00ab&nbsp;dollar CFA&nbsp;\u00bb. Kako Nubukpo a plaid\u00e9 pour un mod\u00e8le de d\u00e9veloppement dans lequel la valeur ajout\u00e9e est apport\u00e9e sur le continent africain.<\/p>\n\n\n\n<p class=\"has-medium-font-size wp-block-paragraph\">Ces assises ont \u00e9t\u00e9 conclues par une visite-conf\u00e9rence de la Cit\u00e9 Internationale de la Langue Fran\u00e7aise, au Ch\u00e2teau de Villers-C\u00f4tteret.<\/p>\n\n\n\n<p class=\"wp-block-paragraph\"><\/p>\n\n\n\n<div data-wp-interactive=\"core\/file\" class=\"wp-block-file\"><object data-wp-bind--hidden=\"!state.hasPdfPreview\" hidden class=\"wp-block-file__embed\" data=\"https:\/\/www.geopolitics.fr\/wp-content\/uploads\/2024\/11\/programme-ffa.pdf\" type=\"application\/pdf\" style=\"width:100%;height:600px\" aria-label=\"Embed of programme ffa.\"><\/object><a id=\"wp-block-file--media-a0b962f7-c201-4b65-bc1f-78b6443c0595\" href=\"https:\/\/www.geopolitics.fr\/wp-content\/uploads\/2024\/11\/programme-ffa.pdf\">programme ffa<\/a><a href=\"https:\/\/www.geopolitics.fr\/wp-content\/uploads\/2024\/11\/programme-ffa.pdf\" class=\"wp-block-file__button wp-element-button\" download aria-describedby=\"wp-block-file--media-a0b962f7-c201-4b65-bc1f-78b6443c0595\">T\u00e9l\u00e9charger<\/a><\/div>","protected":false},"excerpt":{"rendered":"<p>Le&nbsp;Forum Francophone des Affaires&nbsp;est un partenaire reconnu des instances publiques nationales et internationales&nbsp;qui promeut l\u2019usage du Fran\u00e7ais comme langue de travail et&hellip;<\/p>","protected":false},"author":16,"featured_media":3157,"comment_status":"open","ping_status":"open","sticky":false,"template":"","format":"standard","meta":{"_lmt_disableupdate":"","_lmt_disable":"","footnotes":""},"categories":[5,4,43],"tags":[371,370],"class_list":["post-3156","post","type-post","status-publish","format-standard","has-post-thumbnail","hentry","category-international","category-mis-en-avant","category-top-secret","tag-francophonie-economique","tag-steve-gentili"],"yoast_head":"<!-- This site is optimized with the Yoast SEO Premium plugin v28.1 (Yoast SEO v28.1) - https:\/\/yoast.com\/product\/yoast-seo-premium-wordpress\/ -->\n<title>Le Forum Francophone des Affaires (FFA) a tenu des assises tr\u00e8s remarqu\u00e9es au S\u00e9nat | Geopolitics.fr<\/title>\n<meta name=\"description\" content=\"Le Forum Francophone des Affaires a tenu des assises de haut-niveau. L&#039;occasion de r\u00e9compenser Kako Nubukpo pour son dernier ouvrage.\" \/>\n<meta name=\"robots\" content=\"index, follow, max-snippet:-1, max-image-preview:large, max-video-preview:-1\" \/>\n<link rel=\"canonical\" href=\"https:\/\/www.geopolitics.fr\/en\/2024\/11\/24\/le-forum-francophone-des-affaires-a-tenu-des-assises-tres-remarquees-de-la-francophonie-economique-au-senat\/\" \/>\n<meta property=\"og:locale\" content=\"en_GB\" \/>\n<meta property=\"og:type\" content=\"article\" \/>\n<meta property=\"og:title\" content=\"Le Forum Francophone des Affaires (FFA) a tenu des assises tr\u00e8s remarqu\u00e9es au S\u00e9nat\" \/>\n<meta property=\"og:description\" content=\"Le Forum Francophone des Affaires a tenu des assises de haut-niveau. L&#039;occasion de r\u00e9compenser Kako Nubukpo pour son dernier ouvrage.\" \/>\n<meta property=\"og:url\" content=\"https:\/\/www.geopolitics.fr\/en\/2024\/11\/24\/le-forum-francophone-des-affaires-a-tenu-des-assises-tres-remarquees-de-la-francophonie-economique-au-senat\/\" \/>\n<meta property=\"og:site_name\" content=\"Geopolitics.fr\" \/>\n<meta property=\"article:publisher\" content=\"https:\/\/www.facebook.com\/people\/Erwan-Davoux\/61557098968092\/\" \/>\n<meta property=\"article:author\" content=\"Erwan Davoux\" \/>\n<meta property=\"article:published_time\" content=\"2024-11-24T10:54:39+00:00\" \/>\n<meta property=\"article:modified_time\" content=\"2024-11-24T11:03:06+00:00\" \/>\n<meta property=\"og:image\" content=\"https:\/\/www.geopolitics.fr\/wp-content\/uploads\/2024\/11\/FFA.jpg\" \/>\n\t<meta property=\"og:image:width\" content=\"1920\" \/>\n\t<meta property=\"og:image:height\" content=\"950\" \/>\n\t<meta property=\"og:image:type\" content=\"image\/jpeg\" \/>\n<meta name=\"author\" content=\"Erwan Davoux\" \/>\n<meta name=\"twitter:card\" content=\"summary_large_image\" \/>\n<meta name=\"twitter:creator\" content=\"@erwandavoux @Geo_politicsfr\" \/>\n<meta name=\"twitter:site\" content=\"@Geopolitics_Fr\" \/>\n<meta name=\"twitter:label1\" content=\"Written by\" \/>\n\t<meta name=\"twitter:data1\" content=\"Erwan Davoux\" \/>\n\t<meta name=\"twitter:label2\" content=\"Estimated reading time\" \/>\n\t<meta name=\"twitter:data2\" content=\"4 minutes\" \/>\n<script type=\"application\/ld+json\" class=\"yoast-schema-graph\">{\"@context\":\"https:\\\/\\\/schema.org\",\"@graph\":[{\"@type\":\"Article\",\"@id\":\"https:\\\/\\\/www.geopolitics.fr\\\/2024\\\/11\\\/24\\\/le-forum-francophone-des-affaires-a-tenu-des-assises-tres-remarquees-de-la-francophonie-economique-au-senat\\\/#article\",\"isPartOf\":{\"@id\":\"https:\\\/\\\/www.geopolitics.fr\\\/2024\\\/11\\\/24\\\/le-forum-francophone-des-affaires-a-tenu-des-assises-tres-remarquees-de-la-francophonie-economique-au-senat\\\/\"},\"author\":{\"name\":\"Erwan Davoux\",\"@id\":\"https:\\\/\\\/www.geopolitics.fr\\\/#\\\/schema\\\/person\\\/a487273e91313e368925717400fa1b11\"},\"headline\":\"Le Forum Francophone des Affaires (FFA) a tenu des assises tr\u00e8s remarqu\u00e9es au S\u00e9nat\",\"datePublished\":\"2024-11-24T10:54:39+00:00\",\"dateModified\":\"2024-11-24T11:03:06+00:00\",\"mainEntityOfPage\":{\"@id\":\"https:\\\/\\\/www.geopolitics.fr\\\/2024\\\/11\\\/24\\\/le-forum-francophone-des-affaires-a-tenu-des-assises-tres-remarquees-de-la-francophonie-economique-au-senat\\\/\"},\"wordCount\":724,\"commentCount\":0,\"publisher\":{\"@id\":\"https:\\\/\\\/www.geopolitics.fr\\\/#organization\"},\"image\":{\"@id\":\"https:\\\/\\\/www.geopolitics.fr\\\/2024\\\/11\\\/24\\\/le-forum-francophone-des-affaires-a-tenu-des-assises-tres-remarquees-de-la-francophonie-economique-au-senat\\\/#primaryimage\"},\"thumbnailUrl\":\"https:\\\/\\\/www.geopolitics.fr\\\/wp-content\\\/uploads\\\/2024\\\/11\\\/FFA.jpg\",\"keywords\":[\"francophonie \u00e9conomique\",\"steve gentili\"],\"articleSection\":[\"International\",\"Mis en AVANT\",\"Top secret\"],\"inLanguage\":\"en-GB\"},{\"@type\":\"WebPage\",\"@id\":\"https:\\\/\\\/www.geopolitics.fr\\\/2024\\\/11\\\/24\\\/le-forum-francophone-des-affaires-a-tenu-des-assises-tres-remarquees-de-la-francophonie-economique-au-senat\\\/\",\"url\":\"https:\\\/\\\/www.geopolitics.fr\\\/2024\\\/11\\\/24\\\/le-forum-francophone-des-affaires-a-tenu-des-assises-tres-remarquees-de-la-francophonie-economique-au-senat\\\/\",\"name\":\"Le Forum Francophone des Affaires (FFA) a tenu des assises tr\u00e8s remarqu\u00e9es au S\u00e9nat | Geopolitics.fr\",\"isPartOf\":{\"@id\":\"https:\\\/\\\/www.geopolitics.fr\\\/#website\"},\"primaryImageOfPage\":{\"@id\":\"https:\\\/\\\/www.geopolitics.fr\\\/2024\\\/11\\\/24\\\/le-forum-francophone-des-affaires-a-tenu-des-assises-tres-remarquees-de-la-francophonie-economique-au-senat\\\/#primaryimage\"},\"image\":{\"@id\":\"https:\\\/\\\/www.geopolitics.fr\\\/2024\\\/11\\\/24\\\/le-forum-francophone-des-affaires-a-tenu-des-assises-tres-remarquees-de-la-francophonie-economique-au-senat\\\/#primaryimage\"},\"thumbnailUrl\":\"https:\\\/\\\/www.geopolitics.fr\\\/wp-content\\\/uploads\\\/2024\\\/11\\\/FFA.jpg\",\"datePublished\":\"2024-11-24T10:54:39+00:00\",\"dateModified\":\"2024-11-24T11:03:06+00:00\",\"description\":\"Le Forum Francophone des Affaires a tenu des assises de haut-niveau. L'occasion de r\u00e9compenser Kako Nubukpo pour son dernier ouvrage.\",\"breadcrumb\":{\"@id\":\"https:\\\/\\\/www.geopolitics.fr\\\/2024\\\/11\\\/24\\\/le-forum-francophone-des-affaires-a-tenu-des-assises-tres-remarquees-de-la-francophonie-economique-au-senat\\\/#breadcrumb\"},\"inLanguage\":\"en-GB\",\"potentialAction\":[{\"@type\":\"ReadAction\",\"target\":[\"https:\\\/\\\/www.geopolitics.fr\\\/2024\\\/11\\\/24\\\/le-forum-francophone-des-affaires-a-tenu-des-assises-tres-remarquees-de-la-francophonie-economique-au-senat\\\/\"]}]},{\"@type\":\"ImageObject\",\"inLanguage\":\"en-GB\",\"@id\":\"https:\\\/\\\/www.geopolitics.fr\\\/2024\\\/11\\\/24\\\/le-forum-francophone-des-affaires-a-tenu-des-assises-tres-remarquees-de-la-francophonie-economique-au-senat\\\/#primaryimage\",\"url\":\"https:\\\/\\\/www.geopolitics.fr\\\/wp-content\\\/uploads\\\/2024\\\/11\\\/FFA.jpg\",\"contentUrl\":\"https:\\\/\\\/www.geopolitics.fr\\\/wp-content\\\/uploads\\\/2024\\\/11\\\/FFA.jpg\",\"width\":1920,\"height\":950},{\"@type\":\"BreadcrumbList\",\"@id\":\"https:\\\/\\\/www.geopolitics.fr\\\/2024\\\/11\\\/24\\\/le-forum-francophone-des-affaires-a-tenu-des-assises-tres-remarquees-de-la-francophonie-economique-au-senat\\\/#breadcrumb\",\"itemListElement\":[{\"@type\":\"ListItem\",\"position\":1,\"name\":\"Accueil\",\"item\":\"https:\\\/\\\/www.geopolitics.fr\\\/\"},{\"@type\":\"ListItem\",\"position\":2,\"name\":\"Le Forum Francophone des Affaires (FFA) a tenu des assises tr\u00e8s remarqu\u00e9es au S\u00e9nat\"}]},{\"@type\":\"WebSite\",\"@id\":\"https:\\\/\\\/www.geopolitics.fr\\\/#website\",\"url\":\"https:\\\/\\\/www.geopolitics.fr\\\/\",\"name\":\"Geopolitics.fr\",\"description\":\"Geopolitics.fr Analyse politique, relations internationales, d\u00e9fense - ligne \u00e9ditoriale gaullo-chiraquienne\",\"publisher\":{\"@id\":\"https:\\\/\\\/www.geopolitics.fr\\\/#organization\"},\"potentialAction\":[{\"@type\":\"SearchAction\",\"target\":{\"@type\":\"EntryPoint\",\"urlTemplate\":\"https:\\\/\\\/www.geopolitics.fr\\\/?s={search_term_string}\"},\"query-input\":{\"@type\":\"PropertyValueSpecification\",\"valueRequired\":true,\"valueName\":\"search_term_string\"}}],\"inLanguage\":\"en-GB\"},{\"@type\":\"Organization\",\"@id\":\"https:\\\/\\\/www.geopolitics.fr\\\/#organization\",\"name\":\"Geopolitics.fr\",\"url\":\"https:\\\/\\\/www.geopolitics.fr\\\/\",\"logo\":{\"@type\":\"ImageObject\",\"inLanguage\":\"en-GB\",\"@id\":\"https:\\\/\\\/www.geopolitics.fr\\\/#\\\/schema\\\/logo\\\/image\\\/\",\"url\":\"https:\\\/\\\/www.geopolitics.fr\\\/wp-content\\\/uploads\\\/2024\\\/01\\\/logo.jpg\",\"contentUrl\":\"https:\\\/\\\/www.geopolitics.fr\\\/wp-content\\\/uploads\\\/2024\\\/01\\\/logo.jpg\",\"width\":500,\"height\":500,\"caption\":\"Geopolitics.fr\"},\"image\":{\"@id\":\"https:\\\/\\\/www.geopolitics.fr\\\/#\\\/schema\\\/logo\\\/image\\\/\"},\"sameAs\":[\"https:\\\/\\\/www.facebook.com\\\/people\\\/Erwan-Davoux\\\/61557098968092\\\/\",\"https:\\\/\\\/x.com\\\/Geopolitics_Fr\"]},{\"@type\":\"Person\",\"@id\":\"https:\\\/\\\/www.geopolitics.fr\\\/#\\\/schema\\\/person\\\/a487273e91313e368925717400fa1b11\",\"name\":\"Erwan Davoux\",\"image\":{\"@type\":\"ImageObject\",\"inLanguage\":\"en-GB\",\"@id\":\"https:\\\/\\\/www.geopolitics.fr\\\/wp-content\\\/uploads\\\/2026\\\/05\\\/moi-96x96.jpg\",\"url\":\"https:\\\/\\\/www.geopolitics.fr\\\/wp-content\\\/uploads\\\/2026\\\/05\\\/moi-96x96.jpg\",\"contentUrl\":\"https:\\\/\\\/www.geopolitics.fr\\\/wp-content\\\/uploads\\\/2026\\\/05\\\/moi-96x96.jpg\",\"caption\":\"Erwan Davoux\"},\"description\":\"Erwan DAVOUX est Pr\u00e9sident de LMD CONSEIL, (conseil strat\u00e9gique, intelligence \u00e9conomique, risque g\u00e9opolitique, influence politique, diplomatie \u00e9conomique). Dipl\u00f4m\u00e9 de l'IEP de Paris et de l'INALCO (d\u00e9partement d'\u00e9tudes arabes), il est directeur de la publication de geopolitics.fr. Ancien fonctionnaire au Minist\u00e8re de l'Int\u00e9rieur et de la D\u00e9fense (DGSE) Ancien charg\u00e9 de Mission \u00e0 la Pr\u00e9sidence de la R\u00e9publique (cellule diplomatique) Conseil de nombreuses personnalit\u00e9s politiques \u00e0 l'International (dont deux anciens Premiers ministres).\",\"sameAs\":[\"Erwan Davoux\",\"@erwandavoux\",\"https:\\\/\\\/www.linkedin.com\\\/in\\\/erwan-davoux-6800b289\\\/\",\"https:\\\/\\\/x.com\\\/@erwandavoux @Geo_politicsfr\"],\"url\":\"https:\\\/\\\/www.geopolitics.fr\\\/en\\\/author\\\/erwan-davoux\\\/\"}]}<\/script>\n<!-- \/ Yoast SEO Premium plugin. -->","yoast_head_json":{"title":"Le Forum Francophone des Affaires (FFA) a tenu des assises tr\u00e8s remarqu\u00e9es au S\u00e9nat | Geopolitics.fr","description":"Le Forum Francophone des Affaires a tenu des assises de haut-niveau. L'occasion de r\u00e9compenser Kako Nubukpo pour son dernier ouvrage.","robots":{"index":"index","follow":"follow","max-snippet":"max-snippet:-1","max-image-preview":"max-image-preview:large","max-video-preview":"max-video-preview:-1"},"canonical":"https:\/\/www.geopolitics.fr\/en\/2024\/11\/24\/le-forum-francophone-des-affaires-a-tenu-des-assises-tres-remarquees-de-la-francophonie-economique-au-senat\/","og_locale":"en_GB","og_type":"article","og_title":"Le Forum Francophone des Affaires (FFA) a tenu des assises tr\u00e8s remarqu\u00e9es au S\u00e9nat","og_description":"Le Forum Francophone des Affaires a tenu des assises de haut-niveau. L'occasion de r\u00e9compenser Kako Nubukpo pour son dernier ouvrage.","og_url":"https:\/\/www.geopolitics.fr\/en\/2024\/11\/24\/le-forum-francophone-des-affaires-a-tenu-des-assises-tres-remarquees-de-la-francophonie-economique-au-senat\/","og_site_name":"Geopolitics.fr","article_publisher":"https:\/\/www.facebook.com\/people\/Erwan-Davoux\/61557098968092\/","article_author":"Erwan Davoux","article_published_time":"2024-11-24T10:54:39+00:00","article_modified_time":"2024-11-24T11:03:06+00:00","og_image":[{"width":1920,"height":950,"url":"https:\/\/www.geopolitics.fr\/wp-content\/uploads\/2024\/11\/FFA.jpg","type":"image\/jpeg"}],"author":"Erwan Davoux","twitter_card":"summary_large_image","twitter_creator":"@erwandavoux @Geo_politicsfr","twitter_site":"@Geopolitics_Fr","twitter_misc":{"Written by":"Erwan Davoux","Estimated reading time":"4 minutes"},"schema":{"@context":"https:\/\/schema.org","@graph":[{"@type":"Article","@id":"https:\/\/www.geopolitics.fr\/2024\/11\/24\/le-forum-francophone-des-affaires-a-tenu-des-assises-tres-remarquees-de-la-francophonie-economique-au-senat\/#article","isPartOf":{"@id":"https:\/\/www.geopolitics.fr\/2024\/11\/24\/le-forum-francophone-des-affaires-a-tenu-des-assises-tres-remarquees-de-la-francophonie-economique-au-senat\/"},"author":{"name":"Erwan Davoux","@id":"https:\/\/www.geopolitics.fr\/#\/schema\/person\/a487273e91313e368925717400fa1b11"},"headline":"Le Forum Francophone des Affaires (FFA) a tenu des assises tr\u00e8s remarqu\u00e9es au S\u00e9nat","datePublished":"2024-11-24T10:54:39+00:00","dateModified":"2024-11-24T11:03:06+00:00","mainEntityOfPage":{"@id":"https:\/\/www.geopolitics.fr\/2024\/11\/24\/le-forum-francophone-des-affaires-a-tenu-des-assises-tres-remarquees-de-la-francophonie-economique-au-senat\/"},"wordCount":724,"commentCount":0,"publisher":{"@id":"https:\/\/www.geopolitics.fr\/#organization"},"image":{"@id":"https:\/\/www.geopolitics.fr\/2024\/11\/24\/le-forum-francophone-des-affaires-a-tenu-des-assises-tres-remarquees-de-la-francophonie-economique-au-senat\/#primaryimage"},"thumbnailUrl":"https:\/\/www.geopolitics.fr\/wp-content\/uploads\/2024\/11\/FFA.jpg","keywords":["francophonie \u00e9conomique","steve gentili"],"articleSection":["International","Mis en AVANT","Top secret"],"inLanguage":"en-GB"},{"@type":"WebPage","@id":"https:\/\/www.geopolitics.fr\/2024\/11\/24\/le-forum-francophone-des-affaires-a-tenu-des-assises-tres-remarquees-de-la-francophonie-economique-au-senat\/","url":"https:\/\/www.geopolitics.fr\/2024\/11\/24\/le-forum-francophone-des-affaires-a-tenu-des-assises-tres-remarquees-de-la-francophonie-economique-au-senat\/","name":"Le Forum Francophone des Affaires (FFA) a tenu des assises tr\u00e8s remarqu\u00e9es au S\u00e9nat | Geopolitics.fr","isPartOf":{"@id":"https:\/\/www.geopolitics.fr\/#website"},"primaryImageOfPage":{"@id":"https:\/\/www.geopolitics.fr\/2024\/11\/24\/le-forum-francophone-des-affaires-a-tenu-des-assises-tres-remarquees-de-la-francophonie-economique-au-senat\/#primaryimage"},"image":{"@id":"https:\/\/www.geopolitics.fr\/2024\/11\/24\/le-forum-francophone-des-affaires-a-tenu-des-assises-tres-remarquees-de-la-francophonie-economique-au-senat\/#primaryimage"},"thumbnailUrl":"https:\/\/www.geopolitics.fr\/wp-content\/uploads\/2024\/11\/FFA.jpg","datePublished":"2024-11-24T10:54:39+00:00","dateModified":"2024-11-24T11:03:06+00:00","description":"Le Forum Francophone des Affaires a tenu des assises de haut-niveau. L'occasion de r\u00e9compenser Kako Nubukpo pour son dernier ouvrage.","breadcrumb":{"@id":"https:\/\/www.geopolitics.fr\/2024\/11\/24\/le-forum-francophone-des-affaires-a-tenu-des-assises-tres-remarquees-de-la-francophonie-economique-au-senat\/#breadcrumb"},"inLanguage":"en-GB","potentialAction":[{"@type":"ReadAction","target":["https:\/\/www.geopolitics.fr\/2024\/11\/24\/le-forum-francophone-des-affaires-a-tenu-des-assises-tres-remarquees-de-la-francophonie-economique-au-senat\/"]}]},{"@type":"ImageObject","inLanguage":"en-GB","@id":"https:\/\/www.geopolitics.fr\/2024\/11\/24\/le-forum-francophone-des-affaires-a-tenu-des-assises-tres-remarquees-de-la-francophonie-economique-au-senat\/#primaryimage","url":"https:\/\/www.geopolitics.fr\/wp-content\/uploads\/2024\/11\/FFA.jpg","contentUrl":"https:\/\/www.geopolitics.fr\/wp-content\/uploads\/2024\/11\/FFA.jpg","width":1920,"height":950},{"@type":"BreadcrumbList","@id":"https:\/\/www.geopolitics.fr\/2024\/11\/24\/le-forum-francophone-des-affaires-a-tenu-des-assises-tres-remarquees-de-la-francophonie-economique-au-senat\/#breadcrumb","itemListElement":[{"@type":"ListItem","position":1,"name":"Accueil","item":"https:\/\/www.geopolitics.fr\/"},{"@type":"ListItem","position":2,"name":"Le Forum Francophone des Affaires (FFA) a tenu des assises tr\u00e8s remarqu\u00e9es au S\u00e9nat"}]},{"@type":"WebSite","@id":"https:\/\/www.geopolitics.fr\/#website","url":"https:\/\/www.geopolitics.fr\/","name":"Geopolitics.fr","description":"Geopolitics.fr Analyse politique, relations internationales, d\u00e9fense - ligne \u00e9ditoriale gaullo-chiraquienne","publisher":{"@id":"https:\/\/www.geopolitics.fr\/#organization"},"potentialAction":[{"@type":"SearchAction","target":{"@type":"EntryPoint","urlTemplate":"https:\/\/www.geopolitics.fr\/?s={search_term_string}"},"query-input":{"@type":"PropertyValueSpecification","valueRequired":true,"valueName":"search_term_string"}}],"inLanguage":"en-GB"},{"@type":"Organization","@id":"https:\/\/www.geopolitics.fr\/#organization","name":"Geopolitics.fr","url":"https:\/\/www.geopolitics.fr\/","logo":{"@type":"ImageObject","inLanguage":"en-GB","@id":"https:\/\/www.geopolitics.fr\/#\/schema\/logo\/image\/","url":"https:\/\/www.geopolitics.fr\/wp-content\/uploads\/2024\/01\/logo.jpg","contentUrl":"https:\/\/www.geopolitics.fr\/wp-content\/uploads\/2024\/01\/logo.jpg","width":500,"height":500,"caption":"Geopolitics.fr"},"image":{"@id":"https:\/\/www.geopolitics.fr\/#\/schema\/logo\/image\/"},"sameAs":["https:\/\/www.facebook.com\/people\/Erwan-Davoux\/61557098968092\/","https:\/\/x.com\/Geopolitics_Fr"]},{"@type":"Person","@id":"https:\/\/www.geopolitics.fr\/#\/schema\/person\/a487273e91313e368925717400fa1b11","name":"Erwan Davoux","image":{"@type":"ImageObject","inLanguage":"en-GB","@id":"https:\/\/www.geopolitics.fr\/wp-content\/uploads\/2026\/05\/moi-96x96.jpg","url":"https:\/\/www.geopolitics.fr\/wp-content\/uploads\/2026\/05\/moi-96x96.jpg","contentUrl":"https:\/\/www.geopolitics.fr\/wp-content\/uploads\/2026\/05\/moi-96x96.jpg","caption":"Erwan Davoux"},"description":"Erwan DAVOUX est Pr\u00e9sident de LMD CONSEIL, (conseil strat\u00e9gique, intelligence \u00e9conomique, risque g\u00e9opolitique, influence politique, diplomatie \u00e9conomique). Dipl\u00f4m\u00e9 de l'IEP de Paris et de l'INALCO (d\u00e9partement d'\u00e9tudes arabes), il est directeur de la publication de geopolitics.fr. Ancien fonctionnaire au Minist\u00e8re de l'Int\u00e9rieur et de la D\u00e9fense (DGSE) Ancien charg\u00e9 de Mission \u00e0 la Pr\u00e9sidence de la R\u00e9publique (cellule diplomatique) Conseil de nombreuses personnalit\u00e9s politiques \u00e0 l'International (dont deux anciens Premiers ministres).","sameAs":["Erwan Davoux","@erwandavoux","https:\/\/www.linkedin.com\/in\/erwan-davoux-6800b289\/","https:\/\/x.com\/@erwandavoux @Geo_politicsfr"],"url":"https:\/\/www.geopolitics.fr\/en\/author\/erwan-davoux\/"}]}},"_links":{"self":[{"href":"https:\/\/www.geopolitics.fr\/en\/wp-json\/wp\/v2\/posts\/3156","targetHints":{"allow":["GET"]}}],"collection":[{"href":"https:\/\/www.geopolitics.fr\/en\/wp-json\/wp\/v2\/posts"}],"about":[{"href":"https:\/\/www.geopolitics.fr\/en\/wp-json\/wp\/v2\/types\/post"}],"author":[{"embeddable":true,"href":"https:\/\/www.geopolitics.fr\/en\/wp-json\/wp\/v2\/users\/16"}],"replies":[{"embeddable":true,"href":"https:\/\/www.geopolitics.fr\/en\/wp-json\/wp\/v2\/comments?post=3156"}],"version-history":[{"count":0,"href":"https:\/\/www.geopolitics.fr\/en\/wp-json\/wp\/v2\/posts\/3156\/revisions"}],"wp:featuredmedia":[{"embeddable":true,"href":"https:\/\/www.geopolitics.fr\/en\/wp-json\/wp\/v2\/media\/3157"}],"wp:attachment":[{"href":"https:\/\/www.geopolitics.fr\/en\/wp-json\/wp\/v2\/media?parent=3156"}],"wp:term":[{"taxonomy":"category","embeddable":true,"href":"https:\/\/www.geopolitics.fr\/en\/wp-json\/wp\/v2\/categories?post=3156"},{"taxonomy":"post_tag","embeddable":true,"href":"https:\/\/www.geopolitics.fr\/en\/wp-json\/wp\/v2\/tags?post=3156"}],"curies":[{"name":"wp","href":"https:\/\/api.w.org\/{rel}","templated":true}]}}