{"id":3152,"date":"2024-11-22T08:47:25","date_gmt":"2024-11-22T07:47:25","guid":{"rendered":"https:\/\/www.geopolitics.fr\/?p=3152"},"modified":"2024-11-22T08:47:27","modified_gmt":"2024-11-22T07:47:27","slug":"le-mandat-darret-de-la-cour-penale-internationale-de-quoi-parle-t-on","status":"publish","type":"post","link":"https:\/\/www.geopolitics.fr\/en\/2024\/11\/22\/le-mandat-darret-de-la-cour-penale-internationale-de-quoi-parle-t-on\/","title":{"rendered":"Le mandat d&rsquo;arr\u00eat de la Cour P\u00e9nale Internationale, de quoi parle-t-on\u00a0?"},"content":{"rendered":"<p class=\"has-medium-font-size wp-block-paragraph\"><em>La Cour p\u00e9nale internationale (CPI) a \u00e9mis ce 21 novembre, des mandats d\u2019arr\u00eat contre le Premier ministre isra\u00e9lien Benjamin Netanyahu et l\u2019ancien ministre de la D\u00e9fense Yoav Gallant pour des crimes de guerre commis dans les territoires palestiniens, y compris Gaza. La CPI a \u00e9galement \u00e9mis un mandat d\u2019arr\u00eat contre Mohammed Diab Ibrahim Al-Masri, connu sous le nom de Deif, un haut dirigeant du Hamas. Quelles cons\u00e9quences&nbsp;?<\/em><\/p>\n\n\n\n<h2 class=\"wp-block-heading has-medium-font-size\" id=\"h-le-mandat-d-arret-au-sens-du-statut-de-rome\">Le mandat d&rsquo;arr\u00eat, au sens du Statut de Rome<\/h2>\n\n\n\n<p class=\"has-medium-font-size wp-block-paragraph\">Il s&rsquo;agit d&rsquo;un document judiciaire \u00e9mis par la Cour p\u00e9nale internationale (CPI) pour ordonner l&rsquo;arrestation d&rsquo;une personne suspect\u00e9e de crimes relevant de sa comp\u00e9tence.<\/p>\n\n\n\n<p class=\"has-medium-font-size wp-block-paragraph\">Voici quelques points cl\u00e9s \u00e0 comprendre concernant le mandat d&rsquo;arr\u00eat selon le Statut de Rome :<\/p>\n\n\n\n<p class=\"has-medium-font-size wp-block-paragraph\">Le mandat d&rsquo;arr\u00eat est pr\u00e9vu par l&rsquo;article 58 du Statut de Rome. Cet article stipule les conditions dans lesquelles un mandat peut \u00eatre \u00e9mis par la Cour. Un mandat d&rsquo;arr\u00eat peut \u00eatre d\u00e9livr\u00e9 lorsqu&rsquo;il y a des motifs raisonnables de croire qu&rsquo;une personne a commis un crime relevant de la comp\u00e9tence de la CPI, \u00e0 savoir le g\u00e9nocide, les crimes contre l&rsquo;humanit\u00e9, les crimes de guerre et le crime d&rsquo;agression. Le mandat d&rsquo;arr\u00eat doit indiquer clairement l&rsquo;identit\u00e9 de la personne recherch\u00e9e, les crimes qui lui sont reproch\u00e9s et un r\u00e9sum\u00e9 des faits all\u00e9gu\u00e9s. Il doit aussi inclure des informations sur les \u00e9l\u00e9ments de preuve qui justifient l&rsquo;\u00e9mission du mandat.<\/p>\n\n\n\n<p class=\"has-medium-font-size wp-block-paragraph\">Le mandat d&rsquo;arr\u00eat vise \u00e0 garantir la comparution de l&rsquo;accus\u00e9 devant la Cour, \u00e0 emp\u00eacher l&rsquo;ing\u00e9rence dans l&rsquo;enqu\u00eate ou la proc\u00e9dure judiciaire, et \u00e0 \u00e9viter que le suspect ne commette de nouveaux crimes.<\/p>\n\n\n\n<p class=\"has-medium-font-size wp-block-paragraph\">Les \u00c9tats parties au Statut de Rome sont tenus de coop\u00e9rer pleinement avec la CPI dans l&rsquo;ex\u00e9cution des mandats d&rsquo;arr\u00eat. Cela inclut l&rsquo;arrestation et la remise des suspects \u00e0 la Cour.<\/p>\n\n\n\n<p class=\"has-medium-font-size wp-block-paragraph\">Le mandat d&rsquo;arr\u00eat est un outil essentiel pour la CPI, lui permettant de poursuivre efficacement les individus accus\u00e9s des crimes les plus graves affectant la communaut\u00e9 internationale.<\/p>\n\n\n\n<h2 class=\"wp-block-heading\" id=\"h-une-procedure-bien-definie\">Une proc\u00e9dure bien d\u00e9finie<\/h2>\n\n\n\n<p class=\"has-medium-font-size wp-block-paragraph\">Plus exactement, apr\u00e8s l&rsquo;ouverture de l&rsquo;enqu\u00eate, la chambre pr\u00e9liminaire peut, \u00e0 la demande du Procureur, \u00e9mettre \u00e0 tout moment un mandat d&rsquo;arr\u00eat contre des personnes soup\u00e7onn\u00e9es d&rsquo;avoir commis un crime relevant de la comp\u00e9tence de la Cour. Un mandat d&rsquo;arr\u00eat ou une citation \u00e0 compara\u00eetre ne peut \u00eatre d\u00e9livr\u00e9 qu&rsquo;\u00e0 l&rsquo;encontre d&rsquo;un suspect ou d&rsquo;un accus\u00e9, et non d&rsquo;un t\u00e9moin ou d&rsquo;un expert. La base l\u00e9gale de cette proc\u00e9dure est tr\u00e8s claire \u00e0 l&rsquo;article 58 du Statut de Rome.<\/p>\n\n\n\n<p class=\"has-medium-font-size wp-block-paragraph\">Afin de garantir la comparution du suspect ou de l&rsquo;accus\u00e9 devant la Cour, le Procureur doit assurer la pr\u00e9sence de l&rsquo;accus\u00e9 devant la Cour pour r\u00e9pondre aux accusations port\u00e9es contre lui. Le Procureur doit \u00e9galement veiller \u00e0 ce que l&rsquo;accus\u00e9 participe au processus judiciaire de mani\u00e8re appropri\u00e9e et conforme aux r\u00e8gles, emp\u00eacher l&rsquo;ing\u00e9rence dans l&rsquo;enqu\u00eate ou la proc\u00e9dure judiciaire ; il doit \u00e9galement pr\u00e9venir la commission de nouveaux crimes par le suspect. Par exemple, le premier mandat d\u00e9livr\u00e9 par la Chambre pr\u00e9liminaire \u00e9tait celui d\u00e9livr\u00e9 \u00e0 l&rsquo;encontre de Thomas Lubanga Dyilo (Situation R\u00e9publique D\u00e9mocratique du Congo), Le Procureur c. Thomas Lubanga Dyilo, Affaire n\u00b0 ICC-01\/04-01\/06, Mandat d&rsquo;Arr\u00eat, 10 f\u00e9vrier 2006.<\/p>\n\n\n\n<p class=\"has-medium-font-size wp-block-paragraph\">Ce mandat rev\u00eat un caract\u00e8re contraignant pour les \u00c9tats parties. Ces derniers ont une obligation de coop\u00e9rer avec la CPI. Il est important de signaler que le mandat d&rsquo;arr\u00eat a une port\u00e9e internationale, s&rsquo;appliquant \u00e0 tous les \u00c9tats parties du Statut de Rome. <em>Il oblige les \u00c9tats membres \u00e0 coop\u00e9rer pour l&rsquo;arrestation et la remise du suspect \u00e0 la Cour<\/em>.<\/p>\n\n\n\n<h2 class=\"wp-block-heading\" id=\"h-le-mandat-d-arret-fait-suite-a-une-enquete-etayee\">Le mandat d&rsquo;arr\u00eat fait suite \u00e0 une enqu\u00eat\u00e9 \u00e9tay\u00e9e<\/h2>\n\n\n\n<p class=\"has-medium-font-size wp-block-paragraph\">Autrement dit, l&rsquo;\u00e9mission du mandat n\u00e9cessite des motifs raisonnables de croire qu&rsquo;un crime relevant de la comp\u00e9tence de la Cour a \u00e9t\u00e9 commis.<\/p>\n\n\n\n<p class=\"has-medium-font-size wp-block-paragraph\">Ces motifs doivent \u00eatre soutenus par des preuves suffisantes pr\u00e9sent\u00e9es par le Procureur. C&rsquo;est en ce moment pr\u00e9cis que se d\u00e9clenche le processus judiciaire : les juges de la CPI examinent les preuves et les arguments pr\u00e9sent\u00e9s par le Procureur avant de d\u00e9livrer un mandat d&rsquo;arr\u00eat. Les \u00e9valuent en outre si les crit\u00e8res l\u00e9gaux et les conditions n\u00e9cessaires sont remplis pour justifier l&rsquo;\u00e9mission du mandat.<\/p>\n\n\n\n<p class=\"has-medium-font-size wp-block-paragraph\">Les \u00c9tats parties ont l&rsquo;obligation l\u00e9gale de coop\u00e9rer pleinement avec la CPI, notamment en ex\u00e9cutant les mandats d&rsquo;arr\u00eat d\u00e9livr\u00e9s par la Cour. Cette coop\u00e9ration inclut des actions pratiques telles que l&rsquo;arrestation des suspects et leur remise aux autorit\u00e9s de la CPI, comme dans le cas de l&rsquo;arrestation de Jean-Pierre Bemba par la Belgique en 2008. La remise des suspects peut \u00e9galement se faire par le biais de m\u00e9canismes de coop\u00e9ration internationale, comme dans le cas de l&rsquo;extradition de Bosco Ntaganda par le Rwanda \u00e0 la CPI en 2013.<\/p>\n\n\n\n<h2 class=\"wp-block-heading\" id=\"h-garanties-d-un-proces-equitable-et-respect-des-droits-de-la-defense\"><strong>Garanties d&rsquo;un proc\u00e8s \u00e9quitable et respect des droits de la d\u00e9fense<\/strong><\/h2>\n\n\n\n<p class=\"has-medium-font-size wp-block-paragraph\">La CPI assure des garanties d&rsquo;un proc\u00e8s \u00e9quitable, comprenant le droit \u00e0 un proc\u00e8s public, \u00e0 une d\u00e9fense ad\u00e9quate et \u00e0 la pr\u00e9somption d&rsquo;innocence, conform\u00e9ment aux principes du droit international. Les droits de la d\u00e9fense, tels que le droit \u00e0 un avocat et \u00e0 un contre-interrogatoire des t\u00e9moins, sont scrupuleusement respect\u00e9s pour assurer l&rsquo;\u00e9quit\u00e9 du proc\u00e8s.<\/p>\n\n\n\n<h2 class=\"wp-block-heading\" id=\"h-implications-pour-les-etats-parties-qui-refusent-de-cooperer\"><strong>Implications pour les \u00c9tats parties qui refusent de coop\u00e9rer<\/strong><\/h2>\n\n\n\n<p class=\"has-medium-font-size wp-block-paragraph\">Le refus de coop\u00e9rer avec la CPI par les \u00c9tats parties peut entra\u00eener des cons\u00e9quences telles que des sanctions diplomatiques ou des pressions internationales, en raison de l&rsquo;obligation des \u00c9tats de respecter leurs engagements en vertu du Statut de Rome et du droit international. Ces actions peuvent \u00e9galement compromettre la cr\u00e9dibilit\u00e9 et l&rsquo;efficacit\u00e9 de la Cour dans la lutte contre l&rsquo;impunit\u00e9 pour les crimes les plus graves qui touchent la communaut\u00e9 internationale.<\/p>\n\n\n\n<h2 class=\"wp-block-heading\" id=\"h-sanctions-et-mesures-possibles-contre-les-etats-non-cooperatifs\"><strong>Sanctions et mesures possibles contre les \u00c9tats non coop\u00e9ratifs<\/strong><\/h2>\n\n\n\n<p class=\"has-medium-font-size wp-block-paragraph\">Les \u00c9tats non coop\u00e9ratifs avec la CPI peuvent \u00eatre soumis \u00e0 des mesures telles que des restrictions diplomatiques, des sanctions \u00e9conomiques ou des r\u00e9percussions sur leur r\u00e9putation internationale, visant \u00e0 les inciter \u00e0 respecter leurs obligations de coop\u00e9ration envers la Cour et \u00e0 promouvoir l&rsquo;efficacit\u00e9 de la justice internationale.<\/p>\n\n\n\n<h2 class=\"wp-block-heading\" id=\"h-les-etats-parties-au-statut-de-rome\"><strong>Les \u00c9tats parties au Statut de Rome<\/strong><\/h2>\n\n\n\n<p class=\"has-medium-font-size wp-block-paragraph\">124 pays sont \u00c9tats Parties au Statut de Rome de la Cour p\u00e9nale internationale. Parmi eux, 33 sont membres du groupe des \u00c9tats d&rsquo;Afrique, 19 sont des \u00c9tats d\u2019Asie et du Pacifique, 19 sont des \u00c9tats d&rsquo;Europe Orientale 28 sont des \u00c9tats d&rsquo;Am\u00e9rique Latine et des Cara\u00efbes, et 25 sont membres du Groupe des \u00c9tats d&rsquo;Europe occidentale et autres \u00c9tats.<\/p>\n\n\n\n<p class=\"has-medium-font-size wp-block-paragraph\">Dont acte\u2026<\/p>","protected":false},"excerpt":{"rendered":"<p>La Cour p\u00e9nale internationale (CPI) a \u00e9mis ce 21 novembre, des mandats d\u2019arr\u00eat contre le Premier ministre isra\u00e9lien Benjamin Netanyahu et l\u2019ancien&hellip;<\/p>","protected":false},"author":93,"featured_media":3154,"comment_status":"open","ping_status":"open","sticky":false,"template":"","format":"standard","meta":{"_lmt_disableupdate":"","_lmt_disable":"","footnotes":""},"categories":[4,3],"tags":[],"class_list":["post-3152","post","type-post","status-publish","format-standard","has-post-thumbnail","hentry","category-mis-en-avant","category-politique"],"yoast_head":"<!-- This site is optimized with the Yoast SEO Premium plugin v28.1 (Yoast SEO v28.1) - https:\/\/yoast.com\/product\/yoast-seo-premium-wordpress\/ -->\n<title>Le mandat d&#039;arr\u00eat de la Cour P\u00e9nale Internationale, de quoi parle-t-on\u00a0? | Geopolitics.fr<\/title>\n<meta name=\"description\" content=\"Le mandat d&#039;arr\u00eat pour crimes de guerre ou contre l&#039;humanit\u00e9, origine et cons\u00e9quences, dans les statuts de la CPI\" \/>\n<meta name=\"robots\" content=\"index, follow, max-snippet:-1, max-image-preview:large, max-video-preview:-1\" \/>\n<link rel=\"canonical\" href=\"https:\/\/www.geopolitics.fr\/en\/2024\/11\/22\/le-mandat-darret-de-la-cour-penale-internationale-de-quoi-parle-t-on\/\" \/>\n<meta property=\"og:locale\" content=\"en_GB\" \/>\n<meta property=\"og:type\" content=\"article\" \/>\n<meta property=\"og:title\" content=\"Le mandat d&#039;arr\u00eat de la Cour P\u00e9nale Internationale, de quoi parle-t-on\u00a0?\" \/>\n<meta property=\"og:description\" content=\"Le mandat d&#039;arr\u00eat pour crimes de guerre ou contre l&#039;humanit\u00e9, origine et cons\u00e9quences, dans les statuts de la CPI\" \/>\n<meta property=\"og:url\" content=\"https:\/\/www.geopolitics.fr\/en\/2024\/11\/22\/le-mandat-darret-de-la-cour-penale-internationale-de-quoi-parle-t-on\/\" \/>\n<meta property=\"og:site_name\" content=\"Geopolitics.fr\" \/>\n<meta property=\"article:publisher\" content=\"https:\/\/www.facebook.com\/people\/Erwan-Davoux\/61557098968092\/\" \/>\n<meta property=\"article:author\" content=\"https:\/\/www.facebook.com\/odelagarde\" \/>\n<meta property=\"article:published_time\" content=\"2024-11-22T07:47:25+00:00\" \/>\n<meta property=\"article:modified_time\" content=\"2024-11-22T07:47:27+00:00\" \/>\n<meta property=\"og:image\" content=\"https:\/\/www.geopolitics.fr\/wp-content\/uploads\/2024\/11\/bonne-image-CPI.jpg\" \/>\n\t<meta property=\"og:image:width\" content=\"1455\" \/>\n\t<meta property=\"og:image:height\" content=\"668\" \/>\n\t<meta property=\"og:image:type\" content=\"image\/jpeg\" \/>\n<meta name=\"author\" content=\"Olivier DELAGARDE\" \/>\n<meta name=\"twitter:card\" content=\"summary_large_image\" \/>\n<meta name=\"twitter:creator\" content=\"@Geopolitics_Fr\" \/>\n<meta name=\"twitter:site\" content=\"@Geopolitics_Fr\" \/>\n<meta name=\"twitter:label1\" content=\"Written by\" \/>\n\t<meta name=\"twitter:data1\" content=\"Olivier DELAGARDE\" \/>\n\t<meta name=\"twitter:label2\" content=\"Estimated reading time\" \/>\n\t<meta name=\"twitter:data2\" content=\"6 minutes\" \/>\n<script type=\"application\/ld+json\" class=\"yoast-schema-graph\">{\"@context\":\"https:\\\/\\\/schema.org\",\"@graph\":[{\"@type\":\"Article\",\"@id\":\"https:\\\/\\\/www.geopolitics.fr\\\/2024\\\/11\\\/22\\\/le-mandat-darret-de-la-cour-penale-internationale-de-quoi-parle-t-on\\\/#article\",\"isPartOf\":{\"@id\":\"https:\\\/\\\/www.geopolitics.fr\\\/2024\\\/11\\\/22\\\/le-mandat-darret-de-la-cour-penale-internationale-de-quoi-parle-t-on\\\/\"},\"author\":{\"name\":\"Olivier DELAGARDE\",\"@id\":\"https:\\\/\\\/www.geopolitics.fr\\\/#\\\/schema\\\/person\\\/9b98d78234af63d6ad71199d66115350\"},\"headline\":\"Le mandat d&rsquo;arr\u00eat de la Cour P\u00e9nale Internationale, de quoi parle-t-on\u00a0?\",\"datePublished\":\"2024-11-22T07:47:25+00:00\",\"dateModified\":\"2024-11-22T07:47:27+00:00\",\"mainEntityOfPage\":{\"@id\":\"https:\\\/\\\/www.geopolitics.fr\\\/2024\\\/11\\\/22\\\/le-mandat-darret-de-la-cour-penale-internationale-de-quoi-parle-t-on\\\/\"},\"wordCount\":1201,\"commentCount\":0,\"publisher\":{\"@id\":\"https:\\\/\\\/www.geopolitics.fr\\\/#organization\"},\"image\":{\"@id\":\"https:\\\/\\\/www.geopolitics.fr\\\/2024\\\/11\\\/22\\\/le-mandat-darret-de-la-cour-penale-internationale-de-quoi-parle-t-on\\\/#primaryimage\"},\"thumbnailUrl\":\"https:\\\/\\\/www.geopolitics.fr\\\/wp-content\\\/uploads\\\/2024\\\/11\\\/bonne-image-CPI.jpg\",\"articleSection\":[\"Mis en AVANT\",\"Politique\"],\"inLanguage\":\"en-GB\"},{\"@type\":\"WebPage\",\"@id\":\"https:\\\/\\\/www.geopolitics.fr\\\/2024\\\/11\\\/22\\\/le-mandat-darret-de-la-cour-penale-internationale-de-quoi-parle-t-on\\\/\",\"url\":\"https:\\\/\\\/www.geopolitics.fr\\\/2024\\\/11\\\/22\\\/le-mandat-darret-de-la-cour-penale-internationale-de-quoi-parle-t-on\\\/\",\"name\":\"Le mandat d'arr\u00eat de la Cour P\u00e9nale Internationale, de quoi parle-t-on\u00a0? | Geopolitics.fr\",\"isPartOf\":{\"@id\":\"https:\\\/\\\/www.geopolitics.fr\\\/#website\"},\"primaryImageOfPage\":{\"@id\":\"https:\\\/\\\/www.geopolitics.fr\\\/2024\\\/11\\\/22\\\/le-mandat-darret-de-la-cour-penale-internationale-de-quoi-parle-t-on\\\/#primaryimage\"},\"image\":{\"@id\":\"https:\\\/\\\/www.geopolitics.fr\\\/2024\\\/11\\\/22\\\/le-mandat-darret-de-la-cour-penale-internationale-de-quoi-parle-t-on\\\/#primaryimage\"},\"thumbnailUrl\":\"https:\\\/\\\/www.geopolitics.fr\\\/wp-content\\\/uploads\\\/2024\\\/11\\\/bonne-image-CPI.jpg\",\"datePublished\":\"2024-11-22T07:47:25+00:00\",\"dateModified\":\"2024-11-22T07:47:27+00:00\",\"description\":\"Le mandat d'arr\u00eat pour crimes de guerre ou contre l'humanit\u00e9, origine et cons\u00e9quences, dans les statuts de la CPI\",\"breadcrumb\":{\"@id\":\"https:\\\/\\\/www.geopolitics.fr\\\/2024\\\/11\\\/22\\\/le-mandat-darret-de-la-cour-penale-internationale-de-quoi-parle-t-on\\\/#breadcrumb\"},\"inLanguage\":\"en-GB\",\"potentialAction\":[{\"@type\":\"ReadAction\",\"target\":[\"https:\\\/\\\/www.geopolitics.fr\\\/2024\\\/11\\\/22\\\/le-mandat-darret-de-la-cour-penale-internationale-de-quoi-parle-t-on\\\/\"]}]},{\"@type\":\"ImageObject\",\"inLanguage\":\"en-GB\",\"@id\":\"https:\\\/\\\/www.geopolitics.fr\\\/2024\\\/11\\\/22\\\/le-mandat-darret-de-la-cour-penale-internationale-de-quoi-parle-t-on\\\/#primaryimage\",\"url\":\"https:\\\/\\\/www.geopolitics.fr\\\/wp-content\\\/uploads\\\/2024\\\/11\\\/bonne-image-CPI.jpg\",\"contentUrl\":\"https:\\\/\\\/www.geopolitics.fr\\\/wp-content\\\/uploads\\\/2024\\\/11\\\/bonne-image-CPI.jpg\",\"width\":1455,\"height\":668},{\"@type\":\"BreadcrumbList\",\"@id\":\"https:\\\/\\\/www.geopolitics.fr\\\/2024\\\/11\\\/22\\\/le-mandat-darret-de-la-cour-penale-internationale-de-quoi-parle-t-on\\\/#breadcrumb\",\"itemListElement\":[{\"@type\":\"ListItem\",\"position\":1,\"name\":\"Accueil\",\"item\":\"https:\\\/\\\/www.geopolitics.fr\\\/\"},{\"@type\":\"ListItem\",\"position\":2,\"name\":\"Le mandat d&#8217;arr\u00eat de la Cour P\u00e9nale Internationale, de quoi parle-t-on\u00a0?\"}]},{\"@type\":\"WebSite\",\"@id\":\"https:\\\/\\\/www.geopolitics.fr\\\/#website\",\"url\":\"https:\\\/\\\/www.geopolitics.fr\\\/\",\"name\":\"Geopolitics.fr\",\"description\":\"Geopolitics.fr Analyse politique, relations internationales, d\u00e9fense - ligne \u00e9ditoriale gaullo-chiraquienne\",\"publisher\":{\"@id\":\"https:\\\/\\\/www.geopolitics.fr\\\/#organization\"},\"potentialAction\":[{\"@type\":\"SearchAction\",\"target\":{\"@type\":\"EntryPoint\",\"urlTemplate\":\"https:\\\/\\\/www.geopolitics.fr\\\/?s={search_term_string}\"},\"query-input\":{\"@type\":\"PropertyValueSpecification\",\"valueRequired\":true,\"valueName\":\"search_term_string\"}}],\"inLanguage\":\"en-GB\"},{\"@type\":\"Organization\",\"@id\":\"https:\\\/\\\/www.geopolitics.fr\\\/#organization\",\"name\":\"Geopolitics.fr\",\"url\":\"https:\\\/\\\/www.geopolitics.fr\\\/\",\"logo\":{\"@type\":\"ImageObject\",\"inLanguage\":\"en-GB\",\"@id\":\"https:\\\/\\\/www.geopolitics.fr\\\/#\\\/schema\\\/logo\\\/image\\\/\",\"url\":\"https:\\\/\\\/www.geopolitics.fr\\\/wp-content\\\/uploads\\\/2024\\\/01\\\/logo.jpg\",\"contentUrl\":\"https:\\\/\\\/www.geopolitics.fr\\\/wp-content\\\/uploads\\\/2024\\\/01\\\/logo.jpg\",\"width\":500,\"height\":500,\"caption\":\"Geopolitics.fr\"},\"image\":{\"@id\":\"https:\\\/\\\/www.geopolitics.fr\\\/#\\\/schema\\\/logo\\\/image\\\/\"},\"sameAs\":[\"https:\\\/\\\/www.facebook.com\\\/people\\\/Erwan-Davoux\\\/61557098968092\\\/\",\"https:\\\/\\\/x.com\\\/Geopolitics_Fr\"]},{\"@type\":\"Person\",\"@id\":\"https:\\\/\\\/www.geopolitics.fr\\\/#\\\/schema\\\/person\\\/9b98d78234af63d6ad71199d66115350\",\"name\":\"Olivier DELAGARDE\",\"image\":{\"@type\":\"ImageObject\",\"inLanguage\":\"en-GB\",\"@id\":\"https:\\\/\\\/secure.gravatar.com\\\/avatar\\\/2c50afbd303b51697d9591857ee182bf3ead572fa530da00bb0278cf506c3a97?s=96&d=mm&r=g\",\"url\":\"https:\\\/\\\/secure.gravatar.com\\\/avatar\\\/2c50afbd303b51697d9591857ee182bf3ead572fa530da00bb0278cf506c3a97?s=96&d=mm&r=g\",\"contentUrl\":\"https:\\\/\\\/secure.gravatar.com\\\/avatar\\\/2c50afbd303b51697d9591857ee182bf3ead572fa530da00bb0278cf506c3a97?s=96&d=mm&r=g\",\"caption\":\"Olivier DELAGARDE\"},\"description\":\"Journaliste depuis plus de 20 ans, accr\u00e9dit\u00e9 aupr\u00e8s de l'Organisation des Nations Unies, de la Ligue des Etats Arabes, titulaire de la Carte d'Identit\u00e9 des Journalistes Professionnels en France et de la F\u00e9d\u00e9ration Internationale des Journalistes, Olivier a occup\u00e9 le poste de Grand reporter correspondant permanent en \u00c9gypte pour des m\u00e9dias de renomm\u00e9e mondiale tels que TV5 MONDE, le GROUPE M6, le GROUPE TF1 ou encore l\u2019AFP. Durant plus de dix ann\u00e9es, il a produit de nombreux reportages sur la politique internationale en Afrique de l'Est, tout en couvrant les principaux conflits au Proche et Moyen-Orient. En tant que Chef de bureau Proche-Orient pour TV5 MONDE, il \u00e9tait responsable de la production de reportages, des relations institutionnelles et de la repr\u00e9sentation de la cha\u00eene, tout en \u00e9crivant pour plusieurs m\u00e9dias europ\u00e9ens et internationaux.\",\"sameAs\":[\"https:\\\/\\\/www.facebook.com\\\/odelagarde\",\"https:\\\/\\\/www.linkedin.com\\\/in\\\/olivier-delagarde-816b17270\\\/\"],\"url\":\"https:\\\/\\\/www.geopolitics.fr\\\/en\\\/author\\\/odelagarde\\\/\"}]}<\/script>\n<!-- \/ Yoast SEO Premium plugin. -->","yoast_head_json":{"title":"Le mandat d'arr\u00eat de la Cour P\u00e9nale Internationale, de quoi parle-t-on\u00a0? | Geopolitics.fr","description":"Le mandat d'arr\u00eat pour crimes de guerre ou contre l'humanit\u00e9, origine et cons\u00e9quences, dans les statuts de la CPI","robots":{"index":"index","follow":"follow","max-snippet":"max-snippet:-1","max-image-preview":"max-image-preview:large","max-video-preview":"max-video-preview:-1"},"canonical":"https:\/\/www.geopolitics.fr\/en\/2024\/11\/22\/le-mandat-darret-de-la-cour-penale-internationale-de-quoi-parle-t-on\/","og_locale":"en_GB","og_type":"article","og_title":"Le mandat d'arr\u00eat de la Cour P\u00e9nale Internationale, de quoi parle-t-on\u00a0?","og_description":"Le mandat d'arr\u00eat pour crimes de guerre ou contre l'humanit\u00e9, origine et cons\u00e9quences, dans les statuts de la CPI","og_url":"https:\/\/www.geopolitics.fr\/en\/2024\/11\/22\/le-mandat-darret-de-la-cour-penale-internationale-de-quoi-parle-t-on\/","og_site_name":"Geopolitics.fr","article_publisher":"https:\/\/www.facebook.com\/people\/Erwan-Davoux\/61557098968092\/","article_author":"https:\/\/www.facebook.com\/odelagarde","article_published_time":"2024-11-22T07:47:25+00:00","article_modified_time":"2024-11-22T07:47:27+00:00","og_image":[{"width":1455,"height":668,"url":"https:\/\/www.geopolitics.fr\/wp-content\/uploads\/2024\/11\/bonne-image-CPI.jpg","type":"image\/jpeg"}],"author":"Olivier DELAGARDE","twitter_card":"summary_large_image","twitter_creator":"@Geopolitics_Fr","twitter_site":"@Geopolitics_Fr","twitter_misc":{"Written by":"Olivier DELAGARDE","Estimated reading time":"6 minutes"},"schema":{"@context":"https:\/\/schema.org","@graph":[{"@type":"Article","@id":"https:\/\/www.geopolitics.fr\/2024\/11\/22\/le-mandat-darret-de-la-cour-penale-internationale-de-quoi-parle-t-on\/#article","isPartOf":{"@id":"https:\/\/www.geopolitics.fr\/2024\/11\/22\/le-mandat-darret-de-la-cour-penale-internationale-de-quoi-parle-t-on\/"},"author":{"name":"Olivier DELAGARDE","@id":"https:\/\/www.geopolitics.fr\/#\/schema\/person\/9b98d78234af63d6ad71199d66115350"},"headline":"Le mandat d&rsquo;arr\u00eat de la Cour P\u00e9nale Internationale, de quoi parle-t-on\u00a0?","datePublished":"2024-11-22T07:47:25+00:00","dateModified":"2024-11-22T07:47:27+00:00","mainEntityOfPage":{"@id":"https:\/\/www.geopolitics.fr\/2024\/11\/22\/le-mandat-darret-de-la-cour-penale-internationale-de-quoi-parle-t-on\/"},"wordCount":1201,"commentCount":0,"publisher":{"@id":"https:\/\/www.geopolitics.fr\/#organization"},"image":{"@id":"https:\/\/www.geopolitics.fr\/2024\/11\/22\/le-mandat-darret-de-la-cour-penale-internationale-de-quoi-parle-t-on\/#primaryimage"},"thumbnailUrl":"https:\/\/www.geopolitics.fr\/wp-content\/uploads\/2024\/11\/bonne-image-CPI.jpg","articleSection":["Mis en AVANT","Politique"],"inLanguage":"en-GB"},{"@type":"WebPage","@id":"https:\/\/www.geopolitics.fr\/2024\/11\/22\/le-mandat-darret-de-la-cour-penale-internationale-de-quoi-parle-t-on\/","url":"https:\/\/www.geopolitics.fr\/2024\/11\/22\/le-mandat-darret-de-la-cour-penale-internationale-de-quoi-parle-t-on\/","name":"Le mandat d'arr\u00eat de la Cour P\u00e9nale Internationale, de quoi parle-t-on\u00a0? | Geopolitics.fr","isPartOf":{"@id":"https:\/\/www.geopolitics.fr\/#website"},"primaryImageOfPage":{"@id":"https:\/\/www.geopolitics.fr\/2024\/11\/22\/le-mandat-darret-de-la-cour-penale-internationale-de-quoi-parle-t-on\/#primaryimage"},"image":{"@id":"https:\/\/www.geopolitics.fr\/2024\/11\/22\/le-mandat-darret-de-la-cour-penale-internationale-de-quoi-parle-t-on\/#primaryimage"},"thumbnailUrl":"https:\/\/www.geopolitics.fr\/wp-content\/uploads\/2024\/11\/bonne-image-CPI.jpg","datePublished":"2024-11-22T07:47:25+00:00","dateModified":"2024-11-22T07:47:27+00:00","description":"Le mandat d'arr\u00eat pour crimes de guerre ou contre l'humanit\u00e9, origine et cons\u00e9quences, dans les statuts de la CPI","breadcrumb":{"@id":"https:\/\/www.geopolitics.fr\/2024\/11\/22\/le-mandat-darret-de-la-cour-penale-internationale-de-quoi-parle-t-on\/#breadcrumb"},"inLanguage":"en-GB","potentialAction":[{"@type":"ReadAction","target":["https:\/\/www.geopolitics.fr\/2024\/11\/22\/le-mandat-darret-de-la-cour-penale-internationale-de-quoi-parle-t-on\/"]}]},{"@type":"ImageObject","inLanguage":"en-GB","@id":"https:\/\/www.geopolitics.fr\/2024\/11\/22\/le-mandat-darret-de-la-cour-penale-internationale-de-quoi-parle-t-on\/#primaryimage","url":"https:\/\/www.geopolitics.fr\/wp-content\/uploads\/2024\/11\/bonne-image-CPI.jpg","contentUrl":"https:\/\/www.geopolitics.fr\/wp-content\/uploads\/2024\/11\/bonne-image-CPI.jpg","width":1455,"height":668},{"@type":"BreadcrumbList","@id":"https:\/\/www.geopolitics.fr\/2024\/11\/22\/le-mandat-darret-de-la-cour-penale-internationale-de-quoi-parle-t-on\/#breadcrumb","itemListElement":[{"@type":"ListItem","position":1,"name":"Accueil","item":"https:\/\/www.geopolitics.fr\/"},{"@type":"ListItem","position":2,"name":"Le mandat d&#8217;arr\u00eat de la Cour P\u00e9nale Internationale, de quoi parle-t-on\u00a0?"}]},{"@type":"WebSite","@id":"https:\/\/www.geopolitics.fr\/#website","url":"https:\/\/www.geopolitics.fr\/","name":"Geopolitics.fr","description":"Geopolitics.fr Analyse politique, relations internationales, d\u00e9fense - ligne \u00e9ditoriale gaullo-chiraquienne","publisher":{"@id":"https:\/\/www.geopolitics.fr\/#organization"},"potentialAction":[{"@type":"SearchAction","target":{"@type":"EntryPoint","urlTemplate":"https:\/\/www.geopolitics.fr\/?s={search_term_string}"},"query-input":{"@type":"PropertyValueSpecification","valueRequired":true,"valueName":"search_term_string"}}],"inLanguage":"en-GB"},{"@type":"Organization","@id":"https:\/\/www.geopolitics.fr\/#organization","name":"Geopolitics.fr","url":"https:\/\/www.geopolitics.fr\/","logo":{"@type":"ImageObject","inLanguage":"en-GB","@id":"https:\/\/www.geopolitics.fr\/#\/schema\/logo\/image\/","url":"https:\/\/www.geopolitics.fr\/wp-content\/uploads\/2024\/01\/logo.jpg","contentUrl":"https:\/\/www.geopolitics.fr\/wp-content\/uploads\/2024\/01\/logo.jpg","width":500,"height":500,"caption":"Geopolitics.fr"},"image":{"@id":"https:\/\/www.geopolitics.fr\/#\/schema\/logo\/image\/"},"sameAs":["https:\/\/www.facebook.com\/people\/Erwan-Davoux\/61557098968092\/","https:\/\/x.com\/Geopolitics_Fr"]},{"@type":"Person","@id":"https:\/\/www.geopolitics.fr\/#\/schema\/person\/9b98d78234af63d6ad71199d66115350","name":"Olivier DELAGARDE","image":{"@type":"ImageObject","inLanguage":"en-GB","@id":"https:\/\/secure.gravatar.com\/avatar\/2c50afbd303b51697d9591857ee182bf3ead572fa530da00bb0278cf506c3a97?s=96&d=mm&r=g","url":"https:\/\/secure.gravatar.com\/avatar\/2c50afbd303b51697d9591857ee182bf3ead572fa530da00bb0278cf506c3a97?s=96&d=mm&r=g","contentUrl":"https:\/\/secure.gravatar.com\/avatar\/2c50afbd303b51697d9591857ee182bf3ead572fa530da00bb0278cf506c3a97?s=96&d=mm&r=g","caption":"Olivier DELAGARDE"},"description":"Journaliste depuis plus de 20 ans, accr\u00e9dit\u00e9 aupr\u00e8s de l'Organisation des Nations Unies, de la Ligue des Etats Arabes, titulaire de la Carte d'Identit\u00e9 des Journalistes Professionnels en France et de la F\u00e9d\u00e9ration Internationale des Journalistes, Olivier a occup\u00e9 le poste de Grand reporter correspondant permanent en \u00c9gypte pour des m\u00e9dias de renomm\u00e9e mondiale tels que TV5 MONDE, le GROUPE M6, le GROUPE TF1 ou encore l\u2019AFP. Durant plus de dix ann\u00e9es, il a produit de nombreux reportages sur la politique internationale en Afrique de l'Est, tout en couvrant les principaux conflits au Proche et Moyen-Orient. En tant que Chef de bureau Proche-Orient pour TV5 MONDE, il \u00e9tait responsable de la production de reportages, des relations institutionnelles et de la repr\u00e9sentation de la cha\u00eene, tout en \u00e9crivant pour plusieurs m\u00e9dias europ\u00e9ens et internationaux.","sameAs":["https:\/\/www.facebook.com\/odelagarde","https:\/\/www.linkedin.com\/in\/olivier-delagarde-816b17270\/"],"url":"https:\/\/www.geopolitics.fr\/en\/author\/odelagarde\/"}]}},"_links":{"self":[{"href":"https:\/\/www.geopolitics.fr\/en\/wp-json\/wp\/v2\/posts\/3152","targetHints":{"allow":["GET"]}}],"collection":[{"href":"https:\/\/www.geopolitics.fr\/en\/wp-json\/wp\/v2\/posts"}],"about":[{"href":"https:\/\/www.geopolitics.fr\/en\/wp-json\/wp\/v2\/types\/post"}],"author":[{"embeddable":true,"href":"https:\/\/www.geopolitics.fr\/en\/wp-json\/wp\/v2\/users\/93"}],"replies":[{"embeddable":true,"href":"https:\/\/www.geopolitics.fr\/en\/wp-json\/wp\/v2\/comments?post=3152"}],"version-history":[{"count":0,"href":"https:\/\/www.geopolitics.fr\/en\/wp-json\/wp\/v2\/posts\/3152\/revisions"}],"wp:featuredmedia":[{"embeddable":true,"href":"https:\/\/www.geopolitics.fr\/en\/wp-json\/wp\/v2\/media\/3154"}],"wp:attachment":[{"href":"https:\/\/www.geopolitics.fr\/en\/wp-json\/wp\/v2\/media?parent=3152"}],"wp:term":[{"taxonomy":"category","embeddable":true,"href":"https:\/\/www.geopolitics.fr\/en\/wp-json\/wp\/v2\/categories?post=3152"},{"taxonomy":"post_tag","embeddable":true,"href":"https:\/\/www.geopolitics.fr\/en\/wp-json\/wp\/v2\/tags?post=3152"}],"curies":[{"name":"wp","href":"https:\/\/api.w.org\/{rel}","templated":true}]}}