{"id":3150,"date":"2024-11-21T15:53:01","date_gmt":"2024-11-21T14:53:01","guid":{"rendered":"https:\/\/www.geopolitics.fr\/?p=3150"},"modified":"2024-11-21T15:53:03","modified_gmt":"2024-11-21T14:53:03","slug":"mandat-darret-emis-a-lencontre-de-netanyahou-il-etait-temps","status":"publish","type":"post","link":"https:\/\/www.geopolitics.fr\/en\/2024\/11\/21\/mandat-darret-emis-a-lencontre-de-netanyahou-il-etait-temps\/","title":{"rendered":"Mandat d&rsquo;arr\u00eat \u00e9mis \u00e0 l&rsquo;encontre de Netanyahou : il \u00e9tait temps !"},"content":{"rendered":"<p class=\"wp-block-paragraph\">Le mandat d&rsquo;arr\u00eat \u00e9mis par La Court P\u00e9nale Internationale \u00e0 l&rsquo;encontre de Netanyahou (ainsi que Gallant et Deif) pour crimes de guerre et crimes contre l&rsquo;humanit\u00e9 est des plus logiques. Seules les intenses pressions subies par la Cour et les tentatives de d\u00e9stabilisation \u00e0 l&rsquo;encontre de son procureur, Karim Khan, laissaient planer un doute.<br>Sur les fond, Netanyahou est responsable de massacres de masse (potentiellement g\u00e9nocide, \u00e0 la Cour Internationale de Justice de le d\u00e9cider) ayant fait des dizaines de milliers de victimes civiles \u00e0 Gaza et au Liban, touchant \u00e0 70% des femmes et des enfants. Tout le syst\u00e8me onusien mis en place \u00e0 l&rsquo;issue de la 2nde Guerre Mondiale a \u00e9t\u00e9 pi\u00e9tin\u00e9, et m\u00eame une tentative de d\u00e9l\u00e9gitimation de l&rsquo;ONU enclench\u00e9e. Alors m\u00eame que cette instance est seule \u00e0 l&rsquo;origine de la cr\u00e9ation de l&rsquo;Etat d&rsquo;Isra\u00ebl (il est fort regrettable qu&rsquo;Emmanuel Macron ait d\u00e9menti ses propos sur le sujet).<br>Ces massacres de masse, ces charniers ne peuvent, en aucun cas, se justifier par les horreurs du 7 octobre, \u00e0 moins de hi\u00e9rarchises les vies humaines et d&rsquo;\u00eatre dans une logique supr\u00e9maciste identique \u00e0 celle de la 2\u00e8me Guerre Mondiale.<br>En effet, les repr\u00e9sailles sont totalement disproportionn\u00e9es et commises par un \u00c9tat, non une organisation terroriste, sans autre objectif cr\u00e9dible que semer la mort et la d\u00e9solation, sans aucune strat\u00e9gie.<br>Tout cela s&rsquo;est accompagn\u00e9 de la cr\u00e9ation totalement artificielle d&rsquo;une famine de masse en stoppant les convois humanitaires et en cherchant \u00e0 d\u00e9cr\u00e9dibiliser globalement l&rsquo;UNRWA pourtant largement d\u00e9douan\u00e9e par l&rsquo;enqu\u00eate internationale conduite par Catherine Colonna.<br>Aujourd&rsquo;hui rien n&rsquo;est r\u00e9gl\u00e9, le Proche-Orient est toujours \u00e0 feu et \u00e0 sang, et le sera tant que Netanyahou sera aux commandes. Mais la justice internationale et l&rsquo;humanit\u00e9 ont fait un grand pas en avant.<\/p>","protected":false},"excerpt":{"rendered":"<p>Le mandat d&rsquo;arr\u00eat \u00e9mis par La Court P\u00e9nale Internationale \u00e0 l&rsquo;encontre de Netanyahou (ainsi que Gallant et Deif) pour crimes de guerre&hellip;<\/p>","protected":false},"author":16,"featured_media":2327,"comment_status":"open","ping_status":"open","sticky":false,"template":"","format":"standard","meta":{"_lmt_disableupdate":"","_lmt_disable":"","footnotes":""},"categories":[34,4],"tags":[],"class_list":["post-3150","post","type-post","status-publish","format-standard","has-post-thumbnail","hentry","category-editorial","category-mis-en-avant"],"yoast_head":"<!-- This site is optimized with the Yoast SEO Premium plugin v28.1 (Yoast SEO v28.1) - https:\/\/yoast.com\/product\/yoast-seo-premium-wordpress\/ -->\n<title>Mandat d&#039;arr\u00eat \u00e9mis \u00e0 l&#039;encontre de Netanyahou : il \u00e9tait temps ! | Geopolitics.fr<\/title>\n<meta name=\"description\" content=\"La Cour P\u00e9nale Internationale r\u00e9siste aux pressions : un mandat d&#039;arr\u00eat \u00e0 l&#039;encontre de Netanyahou pour crimes de guerre et contre l&#039;humanit\u00e9\" \/>\n<meta name=\"robots\" content=\"index, follow, max-snippet:-1, max-image-preview:large, max-video-preview:-1\" \/>\n<link rel=\"canonical\" href=\"https:\/\/www.geopolitics.fr\/en\/2024\/11\/21\/mandat-darret-emis-a-lencontre-de-netanyahou-il-etait-temps\/\" \/>\n<meta property=\"og:locale\" content=\"en_GB\" \/>\n<meta property=\"og:type\" content=\"article\" \/>\n<meta property=\"og:title\" content=\"Mandat d&#039;arr\u00eat \u00e9mis \u00e0 l&#039;encontre de Netanyahou : il \u00e9tait temps !\" \/>\n<meta property=\"og:description\" content=\"La Cour P\u00e9nale Internationale r\u00e9siste aux pressions : un mandat d&#039;arr\u00eat \u00e0 l&#039;encontre de Netanyahou pour crimes de guerre et contre l&#039;humanit\u00e9\" \/>\n<meta property=\"og:url\" content=\"https:\/\/www.geopolitics.fr\/en\/2024\/11\/21\/mandat-darret-emis-a-lencontre-de-netanyahou-il-etait-temps\/\" \/>\n<meta property=\"og:site_name\" content=\"Geopolitics.fr\" \/>\n<meta property=\"article:publisher\" content=\"https:\/\/www.facebook.com\/people\/Erwan-Davoux\/61557098968092\/\" \/>\n<meta property=\"article:author\" content=\"Erwan Davoux\" \/>\n<meta property=\"article:published_time\" content=\"2024-11-21T14:53:01+00:00\" \/>\n<meta property=\"article:modified_time\" content=\"2024-11-21T14:53:03+00:00\" \/>\n<meta property=\"og:image\" content=\"https:\/\/www.geopolitics.fr\/wp-content\/uploads\/2024\/03\/war-criminal-8327918_1280.jpg\" \/>\n\t<meta property=\"og:image:width\" content=\"1280\" \/>\n\t<meta property=\"og:image:height\" content=\"1280\" \/>\n\t<meta property=\"og:image:type\" content=\"image\/jpeg\" \/>\n<meta name=\"author\" content=\"Erwan Davoux\" \/>\n<meta name=\"twitter:card\" content=\"summary_large_image\" \/>\n<meta name=\"twitter:creator\" content=\"@erwandavoux @Geo_politicsfr\" \/>\n<meta name=\"twitter:site\" content=\"@Geopolitics_Fr\" \/>\n<meta name=\"twitter:label1\" content=\"Written by\" \/>\n\t<meta name=\"twitter:data1\" content=\"Erwan Davoux\" \/>\n\t<meta name=\"twitter:label2\" content=\"Estimated reading time\" \/>\n\t<meta name=\"twitter:data2\" content=\"2 minutes\" \/>\n<script type=\"application\/ld+json\" class=\"yoast-schema-graph\">{\"@context\":\"https:\\\/\\\/schema.org\",\"@graph\":[{\"@type\":\"Article\",\"@id\":\"https:\\\/\\\/www.geopolitics.fr\\\/2024\\\/11\\\/21\\\/mandat-darret-emis-a-lencontre-de-netanyahou-il-etait-temps\\\/#article\",\"isPartOf\":{\"@id\":\"https:\\\/\\\/www.geopolitics.fr\\\/2024\\\/11\\\/21\\\/mandat-darret-emis-a-lencontre-de-netanyahou-il-etait-temps\\\/\"},\"author\":{\"name\":\"Erwan Davoux\",\"@id\":\"https:\\\/\\\/www.geopolitics.fr\\\/#\\\/schema\\\/person\\\/a487273e91313e368925717400fa1b11\"},\"headline\":\"Mandat d&rsquo;arr\u00eat \u00e9mis \u00e0 l&rsquo;encontre de Netanyahou : il \u00e9tait temps !\",\"datePublished\":\"2024-11-21T14:53:01+00:00\",\"dateModified\":\"2024-11-21T14:53:03+00:00\",\"mainEntityOfPage\":{\"@id\":\"https:\\\/\\\/www.geopolitics.fr\\\/2024\\\/11\\\/21\\\/mandat-darret-emis-a-lencontre-de-netanyahou-il-etait-temps\\\/\"},\"wordCount\":336,\"commentCount\":0,\"publisher\":{\"@id\":\"https:\\\/\\\/www.geopolitics.fr\\\/#organization\"},\"image\":{\"@id\":\"https:\\\/\\\/www.geopolitics.fr\\\/2024\\\/11\\\/21\\\/mandat-darret-emis-a-lencontre-de-netanyahou-il-etait-temps\\\/#primaryimage\"},\"thumbnailUrl\":\"https:\\\/\\\/www.geopolitics.fr\\\/wp-content\\\/uploads\\\/2024\\\/03\\\/war-criminal-8327918_1280.jpg\",\"articleSection\":[\"Editorial\",\"Mis en AVANT\"],\"inLanguage\":\"en-GB\"},{\"@type\":\"WebPage\",\"@id\":\"https:\\\/\\\/www.geopolitics.fr\\\/2024\\\/11\\\/21\\\/mandat-darret-emis-a-lencontre-de-netanyahou-il-etait-temps\\\/\",\"url\":\"https:\\\/\\\/www.geopolitics.fr\\\/2024\\\/11\\\/21\\\/mandat-darret-emis-a-lencontre-de-netanyahou-il-etait-temps\\\/\",\"name\":\"Mandat d'arr\u00eat \u00e9mis \u00e0 l'encontre de Netanyahou : il \u00e9tait temps ! | Geopolitics.fr\",\"isPartOf\":{\"@id\":\"https:\\\/\\\/www.geopolitics.fr\\\/#website\"},\"primaryImageOfPage\":{\"@id\":\"https:\\\/\\\/www.geopolitics.fr\\\/2024\\\/11\\\/21\\\/mandat-darret-emis-a-lencontre-de-netanyahou-il-etait-temps\\\/#primaryimage\"},\"image\":{\"@id\":\"https:\\\/\\\/www.geopolitics.fr\\\/2024\\\/11\\\/21\\\/mandat-darret-emis-a-lencontre-de-netanyahou-il-etait-temps\\\/#primaryimage\"},\"thumbnailUrl\":\"https:\\\/\\\/www.geopolitics.fr\\\/wp-content\\\/uploads\\\/2024\\\/03\\\/war-criminal-8327918_1280.jpg\",\"datePublished\":\"2024-11-21T14:53:01+00:00\",\"dateModified\":\"2024-11-21T14:53:03+00:00\",\"description\":\"La Cour P\u00e9nale Internationale r\u00e9siste aux pressions : un mandat d'arr\u00eat \u00e0 l'encontre de Netanyahou pour crimes de guerre et contre l'humanit\u00e9\",\"breadcrumb\":{\"@id\":\"https:\\\/\\\/www.geopolitics.fr\\\/2024\\\/11\\\/21\\\/mandat-darret-emis-a-lencontre-de-netanyahou-il-etait-temps\\\/#breadcrumb\"},\"inLanguage\":\"en-GB\",\"potentialAction\":[{\"@type\":\"ReadAction\",\"target\":[\"https:\\\/\\\/www.geopolitics.fr\\\/2024\\\/11\\\/21\\\/mandat-darret-emis-a-lencontre-de-netanyahou-il-etait-temps\\\/\"]}]},{\"@type\":\"ImageObject\",\"inLanguage\":\"en-GB\",\"@id\":\"https:\\\/\\\/www.geopolitics.fr\\\/2024\\\/11\\\/21\\\/mandat-darret-emis-a-lencontre-de-netanyahou-il-etait-temps\\\/#primaryimage\",\"url\":\"https:\\\/\\\/www.geopolitics.fr\\\/wp-content\\\/uploads\\\/2024\\\/03\\\/war-criminal-8327918_1280.jpg\",\"contentUrl\":\"https:\\\/\\\/www.geopolitics.fr\\\/wp-content\\\/uploads\\\/2024\\\/03\\\/war-criminal-8327918_1280.jpg\",\"width\":1280,\"height\":1280},{\"@type\":\"BreadcrumbList\",\"@id\":\"https:\\\/\\\/www.geopolitics.fr\\\/2024\\\/11\\\/21\\\/mandat-darret-emis-a-lencontre-de-netanyahou-il-etait-temps\\\/#breadcrumb\",\"itemListElement\":[{\"@type\":\"ListItem\",\"position\":1,\"name\":\"Accueil\",\"item\":\"https:\\\/\\\/www.geopolitics.fr\\\/\"},{\"@type\":\"ListItem\",\"position\":2,\"name\":\"Mandat d&#8217;arr\u00eat \u00e9mis \u00e0 l&#8217;encontre de Netanyahou : il \u00e9tait temps !\"}]},{\"@type\":\"WebSite\",\"@id\":\"https:\\\/\\\/www.geopolitics.fr\\\/#website\",\"url\":\"https:\\\/\\\/www.geopolitics.fr\\\/\",\"name\":\"Geopolitics.fr\",\"description\":\"Geopolitics.fr Analyse politique, relations internationales, d\u00e9fense - ligne \u00e9ditoriale gaullo-chiraquienne\",\"publisher\":{\"@id\":\"https:\\\/\\\/www.geopolitics.fr\\\/#organization\"},\"potentialAction\":[{\"@type\":\"SearchAction\",\"target\":{\"@type\":\"EntryPoint\",\"urlTemplate\":\"https:\\\/\\\/www.geopolitics.fr\\\/?s={search_term_string}\"},\"query-input\":{\"@type\":\"PropertyValueSpecification\",\"valueRequired\":true,\"valueName\":\"search_term_string\"}}],\"inLanguage\":\"en-GB\"},{\"@type\":\"Organization\",\"@id\":\"https:\\\/\\\/www.geopolitics.fr\\\/#organization\",\"name\":\"Geopolitics.fr\",\"url\":\"https:\\\/\\\/www.geopolitics.fr\\\/\",\"logo\":{\"@type\":\"ImageObject\",\"inLanguage\":\"en-GB\",\"@id\":\"https:\\\/\\\/www.geopolitics.fr\\\/#\\\/schema\\\/logo\\\/image\\\/\",\"url\":\"https:\\\/\\\/www.geopolitics.fr\\\/wp-content\\\/uploads\\\/2024\\\/01\\\/logo.jpg\",\"contentUrl\":\"https:\\\/\\\/www.geopolitics.fr\\\/wp-content\\\/uploads\\\/2024\\\/01\\\/logo.jpg\",\"width\":500,\"height\":500,\"caption\":\"Geopolitics.fr\"},\"image\":{\"@id\":\"https:\\\/\\\/www.geopolitics.fr\\\/#\\\/schema\\\/logo\\\/image\\\/\"},\"sameAs\":[\"https:\\\/\\\/www.facebook.com\\\/people\\\/Erwan-Davoux\\\/61557098968092\\\/\",\"https:\\\/\\\/x.com\\\/Geopolitics_Fr\"]},{\"@type\":\"Person\",\"@id\":\"https:\\\/\\\/www.geopolitics.fr\\\/#\\\/schema\\\/person\\\/a487273e91313e368925717400fa1b11\",\"name\":\"Erwan Davoux\",\"image\":{\"@type\":\"ImageObject\",\"inLanguage\":\"en-GB\",\"@id\":\"https:\\\/\\\/www.geopolitics.fr\\\/wp-content\\\/uploads\\\/2026\\\/05\\\/moi-96x96.jpg\",\"url\":\"https:\\\/\\\/www.geopolitics.fr\\\/wp-content\\\/uploads\\\/2026\\\/05\\\/moi-96x96.jpg\",\"contentUrl\":\"https:\\\/\\\/www.geopolitics.fr\\\/wp-content\\\/uploads\\\/2026\\\/05\\\/moi-96x96.jpg\",\"caption\":\"Erwan Davoux\"},\"description\":\"Erwan DAVOUX est Pr\u00e9sident de LMD CONSEIL, (conseil strat\u00e9gique, intelligence \u00e9conomique, risque g\u00e9opolitique, influence politique, diplomatie \u00e9conomique). Dipl\u00f4m\u00e9 de l'IEP de Paris et de l'INALCO (d\u00e9partement d'\u00e9tudes arabes), il est directeur de la publication de geopolitics.fr. Ancien fonctionnaire au Minist\u00e8re de l'Int\u00e9rieur et de la D\u00e9fense (DGSE) Ancien charg\u00e9 de Mission \u00e0 la Pr\u00e9sidence de la R\u00e9publique (cellule diplomatique) Conseil de nombreuses personnalit\u00e9s politiques \u00e0 l'International (dont deux anciens Premiers ministres).\",\"sameAs\":[\"Erwan Davoux\",\"@erwandavoux\",\"https:\\\/\\\/www.linkedin.com\\\/in\\\/erwan-davoux-6800b289\\\/\",\"https:\\\/\\\/x.com\\\/@erwandavoux @Geo_politicsfr\"],\"url\":\"https:\\\/\\\/www.geopolitics.fr\\\/en\\\/author\\\/erwan-davoux\\\/\"}]}<\/script>\n<!-- \/ Yoast SEO Premium plugin. -->","yoast_head_json":{"title":"Mandat d'arr\u00eat \u00e9mis \u00e0 l'encontre de Netanyahou : il \u00e9tait temps ! | Geopolitics.fr","description":"La Cour P\u00e9nale Internationale r\u00e9siste aux pressions : un mandat d'arr\u00eat \u00e0 l'encontre de Netanyahou pour crimes de guerre et contre l'humanit\u00e9","robots":{"index":"index","follow":"follow","max-snippet":"max-snippet:-1","max-image-preview":"max-image-preview:large","max-video-preview":"max-video-preview:-1"},"canonical":"https:\/\/www.geopolitics.fr\/en\/2024\/11\/21\/mandat-darret-emis-a-lencontre-de-netanyahou-il-etait-temps\/","og_locale":"en_GB","og_type":"article","og_title":"Mandat d'arr\u00eat \u00e9mis \u00e0 l'encontre de Netanyahou : il \u00e9tait temps !","og_description":"La Cour P\u00e9nale Internationale r\u00e9siste aux pressions : un mandat d'arr\u00eat \u00e0 l'encontre de Netanyahou pour crimes de guerre et contre l'humanit\u00e9","og_url":"https:\/\/www.geopolitics.fr\/en\/2024\/11\/21\/mandat-darret-emis-a-lencontre-de-netanyahou-il-etait-temps\/","og_site_name":"Geopolitics.fr","article_publisher":"https:\/\/www.facebook.com\/people\/Erwan-Davoux\/61557098968092\/","article_author":"Erwan Davoux","article_published_time":"2024-11-21T14:53:01+00:00","article_modified_time":"2024-11-21T14:53:03+00:00","og_image":[{"width":1280,"height":1280,"url":"https:\/\/www.geopolitics.fr\/wp-content\/uploads\/2024\/03\/war-criminal-8327918_1280.jpg","type":"image\/jpeg"}],"author":"Erwan Davoux","twitter_card":"summary_large_image","twitter_creator":"@erwandavoux @Geo_politicsfr","twitter_site":"@Geopolitics_Fr","twitter_misc":{"Written by":"Erwan Davoux","Estimated reading time":"2 minutes"},"schema":{"@context":"https:\/\/schema.org","@graph":[{"@type":"Article","@id":"https:\/\/www.geopolitics.fr\/2024\/11\/21\/mandat-darret-emis-a-lencontre-de-netanyahou-il-etait-temps\/#article","isPartOf":{"@id":"https:\/\/www.geopolitics.fr\/2024\/11\/21\/mandat-darret-emis-a-lencontre-de-netanyahou-il-etait-temps\/"},"author":{"name":"Erwan Davoux","@id":"https:\/\/www.geopolitics.fr\/#\/schema\/person\/a487273e91313e368925717400fa1b11"},"headline":"Mandat d&rsquo;arr\u00eat \u00e9mis \u00e0 l&rsquo;encontre de Netanyahou : il \u00e9tait temps !","datePublished":"2024-11-21T14:53:01+00:00","dateModified":"2024-11-21T14:53:03+00:00","mainEntityOfPage":{"@id":"https:\/\/www.geopolitics.fr\/2024\/11\/21\/mandat-darret-emis-a-lencontre-de-netanyahou-il-etait-temps\/"},"wordCount":336,"commentCount":0,"publisher":{"@id":"https:\/\/www.geopolitics.fr\/#organization"},"image":{"@id":"https:\/\/www.geopolitics.fr\/2024\/11\/21\/mandat-darret-emis-a-lencontre-de-netanyahou-il-etait-temps\/#primaryimage"},"thumbnailUrl":"https:\/\/www.geopolitics.fr\/wp-content\/uploads\/2024\/03\/war-criminal-8327918_1280.jpg","articleSection":["Editorial","Mis en AVANT"],"inLanguage":"en-GB"},{"@type":"WebPage","@id":"https:\/\/www.geopolitics.fr\/2024\/11\/21\/mandat-darret-emis-a-lencontre-de-netanyahou-il-etait-temps\/","url":"https:\/\/www.geopolitics.fr\/2024\/11\/21\/mandat-darret-emis-a-lencontre-de-netanyahou-il-etait-temps\/","name":"Mandat d'arr\u00eat \u00e9mis \u00e0 l'encontre de Netanyahou : il \u00e9tait temps ! | Geopolitics.fr","isPartOf":{"@id":"https:\/\/www.geopolitics.fr\/#website"},"primaryImageOfPage":{"@id":"https:\/\/www.geopolitics.fr\/2024\/11\/21\/mandat-darret-emis-a-lencontre-de-netanyahou-il-etait-temps\/#primaryimage"},"image":{"@id":"https:\/\/www.geopolitics.fr\/2024\/11\/21\/mandat-darret-emis-a-lencontre-de-netanyahou-il-etait-temps\/#primaryimage"},"thumbnailUrl":"https:\/\/www.geopolitics.fr\/wp-content\/uploads\/2024\/03\/war-criminal-8327918_1280.jpg","datePublished":"2024-11-21T14:53:01+00:00","dateModified":"2024-11-21T14:53:03+00:00","description":"La Cour P\u00e9nale Internationale r\u00e9siste aux pressions : un mandat d'arr\u00eat \u00e0 l'encontre de Netanyahou pour crimes de guerre et contre l'humanit\u00e9","breadcrumb":{"@id":"https:\/\/www.geopolitics.fr\/2024\/11\/21\/mandat-darret-emis-a-lencontre-de-netanyahou-il-etait-temps\/#breadcrumb"},"inLanguage":"en-GB","potentialAction":[{"@type":"ReadAction","target":["https:\/\/www.geopolitics.fr\/2024\/11\/21\/mandat-darret-emis-a-lencontre-de-netanyahou-il-etait-temps\/"]}]},{"@type":"ImageObject","inLanguage":"en-GB","@id":"https:\/\/www.geopolitics.fr\/2024\/11\/21\/mandat-darret-emis-a-lencontre-de-netanyahou-il-etait-temps\/#primaryimage","url":"https:\/\/www.geopolitics.fr\/wp-content\/uploads\/2024\/03\/war-criminal-8327918_1280.jpg","contentUrl":"https:\/\/www.geopolitics.fr\/wp-content\/uploads\/2024\/03\/war-criminal-8327918_1280.jpg","width":1280,"height":1280},{"@type":"BreadcrumbList","@id":"https:\/\/www.geopolitics.fr\/2024\/11\/21\/mandat-darret-emis-a-lencontre-de-netanyahou-il-etait-temps\/#breadcrumb","itemListElement":[{"@type":"ListItem","position":1,"name":"Accueil","item":"https:\/\/www.geopolitics.fr\/"},{"@type":"ListItem","position":2,"name":"Mandat d&#8217;arr\u00eat \u00e9mis \u00e0 l&#8217;encontre de Netanyahou : il \u00e9tait temps !"}]},{"@type":"WebSite","@id":"https:\/\/www.geopolitics.fr\/#website","url":"https:\/\/www.geopolitics.fr\/","name":"Geopolitics.fr","description":"Geopolitics.fr Analyse politique, relations internationales, d\u00e9fense - ligne \u00e9ditoriale gaullo-chiraquienne","publisher":{"@id":"https:\/\/www.geopolitics.fr\/#organization"},"potentialAction":[{"@type":"SearchAction","target":{"@type":"EntryPoint","urlTemplate":"https:\/\/www.geopolitics.fr\/?s={search_term_string}"},"query-input":{"@type":"PropertyValueSpecification","valueRequired":true,"valueName":"search_term_string"}}],"inLanguage":"en-GB"},{"@type":"Organization","@id":"https:\/\/www.geopolitics.fr\/#organization","name":"Geopolitics.fr","url":"https:\/\/www.geopolitics.fr\/","logo":{"@type":"ImageObject","inLanguage":"en-GB","@id":"https:\/\/www.geopolitics.fr\/#\/schema\/logo\/image\/","url":"https:\/\/www.geopolitics.fr\/wp-content\/uploads\/2024\/01\/logo.jpg","contentUrl":"https:\/\/www.geopolitics.fr\/wp-content\/uploads\/2024\/01\/logo.jpg","width":500,"height":500,"caption":"Geopolitics.fr"},"image":{"@id":"https:\/\/www.geopolitics.fr\/#\/schema\/logo\/image\/"},"sameAs":["https:\/\/www.facebook.com\/people\/Erwan-Davoux\/61557098968092\/","https:\/\/x.com\/Geopolitics_Fr"]},{"@type":"Person","@id":"https:\/\/www.geopolitics.fr\/#\/schema\/person\/a487273e91313e368925717400fa1b11","name":"Erwan Davoux","image":{"@type":"ImageObject","inLanguage":"en-GB","@id":"https:\/\/www.geopolitics.fr\/wp-content\/uploads\/2026\/05\/moi-96x96.jpg","url":"https:\/\/www.geopolitics.fr\/wp-content\/uploads\/2026\/05\/moi-96x96.jpg","contentUrl":"https:\/\/www.geopolitics.fr\/wp-content\/uploads\/2026\/05\/moi-96x96.jpg","caption":"Erwan Davoux"},"description":"Erwan DAVOUX est Pr\u00e9sident de LMD CONSEIL, (conseil strat\u00e9gique, intelligence \u00e9conomique, risque g\u00e9opolitique, influence politique, diplomatie \u00e9conomique). Dipl\u00f4m\u00e9 de l'IEP de Paris et de l'INALCO (d\u00e9partement d'\u00e9tudes arabes), il est directeur de la publication de geopolitics.fr. Ancien fonctionnaire au Minist\u00e8re de l'Int\u00e9rieur et de la D\u00e9fense (DGSE) Ancien charg\u00e9 de Mission \u00e0 la Pr\u00e9sidence de la R\u00e9publique (cellule diplomatique) Conseil de nombreuses personnalit\u00e9s politiques \u00e0 l'International (dont deux anciens Premiers ministres).","sameAs":["Erwan Davoux","@erwandavoux","https:\/\/www.linkedin.com\/in\/erwan-davoux-6800b289\/","https:\/\/x.com\/@erwandavoux @Geo_politicsfr"],"url":"https:\/\/www.geopolitics.fr\/en\/author\/erwan-davoux\/"}]}},"_links":{"self":[{"href":"https:\/\/www.geopolitics.fr\/en\/wp-json\/wp\/v2\/posts\/3150","targetHints":{"allow":["GET"]}}],"collection":[{"href":"https:\/\/www.geopolitics.fr\/en\/wp-json\/wp\/v2\/posts"}],"about":[{"href":"https:\/\/www.geopolitics.fr\/en\/wp-json\/wp\/v2\/types\/post"}],"author":[{"embeddable":true,"href":"https:\/\/www.geopolitics.fr\/en\/wp-json\/wp\/v2\/users\/16"}],"replies":[{"embeddable":true,"href":"https:\/\/www.geopolitics.fr\/en\/wp-json\/wp\/v2\/comments?post=3150"}],"version-history":[{"count":0,"href":"https:\/\/www.geopolitics.fr\/en\/wp-json\/wp\/v2\/posts\/3150\/revisions"}],"wp:featuredmedia":[{"embeddable":true,"href":"https:\/\/www.geopolitics.fr\/en\/wp-json\/wp\/v2\/media\/2327"}],"wp:attachment":[{"href":"https:\/\/www.geopolitics.fr\/en\/wp-json\/wp\/v2\/media?parent=3150"}],"wp:term":[{"taxonomy":"category","embeddable":true,"href":"https:\/\/www.geopolitics.fr\/en\/wp-json\/wp\/v2\/categories?post=3150"},{"taxonomy":"post_tag","embeddable":true,"href":"https:\/\/www.geopolitics.fr\/en\/wp-json\/wp\/v2\/tags?post=3150"}],"curies":[{"name":"wp","href":"https:\/\/api.w.org\/{rel}","templated":true}]}}