{"id":3147,"date":"2024-11-21T13:42:46","date_gmt":"2024-11-21T12:42:46","guid":{"rendered":"https:\/\/www.geopolitics.fr\/?p=3147"},"modified":"2024-11-21T13:42:48","modified_gmt":"2024-11-21T12:42:48","slug":"liban-la-resolution-1701-reste-le-cadre-unique-pour-revenir-a-la-stabilite-selon-le-chef-des-operations-de-paix-de-lonu","status":"publish","type":"post","link":"https:\/\/www.geopolitics.fr\/en\/2024\/11\/21\/liban-la-resolution-1701-reste-le-cadre-unique-pour-revenir-a-la-stabilite-selon-le-chef-des-operations-de-paix-de-lonu\/","title":{"rendered":"Liban : la r\u00e9solution 1701 reste le cadre unique pour revenir \u00e0 la stabilit\u00e9, selon le chef des op\u00e9rations de paix de l\u2019ONU."},"content":{"rendered":"<p class=\"has-medium-font-size wp-block-paragraph\"><em>Durant sa tourn\u00e9e r\u00e9gionale et au terme d\u2019une visite de trois jours au Liban, le chef des op\u00e9rations de paix de l\u2019ONU Jean-Pierre Lacroix, a d\u00e9clar\u00e9 ce jeudi par voie de communiqu\u00e9, que la r\u00e9solution 1701 du Conseil de s\u00e9curit\u00e9 reste le cadre pour revenir \u00e0 la stabilit\u00e9 et la consolider.<\/em><\/p>\n\n\n\n<p class=\"has-medium-font-size wp-block-paragraph\">Durant trois jours et avant de s\u2019envoler vers Isra\u00ebl, le chef des op\u00e9rations de paix a enchain\u00e9 les r\u00e9unions avec de hauts responsables libanais, dont le Pr\u00e9sident du Parlement Nabih Berri, le Premier ministre Najib Mikati, le ministre de la D\u00e9fense Maurice Sleem, le ministre des Affaires \u00e9trang\u00e8res Abdallah Bou Habib et le commandant de l\u2019arm\u00e9e libanaise, le g\u00e9n\u00e9ral Joseph Aoun. Portant haut le message onusien et notamment celui du Conseil de s\u00e9curit\u00e9, Jean-Pierre Lacroix en bon diplomate, a de nouveau plaider sur la n\u00e9cessit\u00e9 pour le Liban et Isra\u00ebl de s\u2019engager \u00e0 mettre pleinement en \u0153uvre leurs obligations au titre de la r\u00e9solution.<\/p>\n\n\n\n<p class=\"has-medium-font-size wp-block-paragraph\">Lors de sa rencontre avec des membres du corps diplomatique et des repr\u00e9sentants des pays contributeurs de troupes \u00e0 la Force int\u00e9rimaire des Nations Unies au Liban (FINUL), le porte-parole des Nations Unies en a profit\u00e9 pour exprimer \u00ab&nbsp;<em>sa sinc\u00e8re gratitude pour leur soutien continu \u00e0 la mission<\/em>&nbsp;\u00bb, ainsi qu\u2019\u00e0 la s\u00e9curit\u00e9 et \u00e0 la stabilit\u00e9 le long de la Ligne bleue, qui s\u00e9pare le Liban et Isra\u00ebl.<\/p>\n\n\n\n<p class=\"has-medium-font-size wp-block-paragraph\">\u00ab <em>Les Casques bleus de pr\u00e8s de 50 pays contributeurs de troupes continuent de faire tout leur possible pour s\u2019acquitter de leurs t\u00e2ches, dans des conditions tr\u00e8s difficiles et \u00e9prouvantes<\/em>. <em>Ce faisant, ils contribuent \u00e0 cr\u00e9er et \u00e0 maintenir l\u2019espace n\u00e9cessaire \u00e0 l\u2019\u00e9mergence d\u2019une solution politique et diplomatique. Nous leur sommes extr\u00eamement reconnaissants pour leur d\u00e9vouement et leur engagement<\/em> \u00bb, a ainsi d\u00e9clar\u00e9 Jean-Pierre Lacroix.<\/p>\n\n\n\n<h2 class=\"wp-block-heading\" id=\"h-les-casques-bleus-regulierement-vises-et-blesses\"><strong>Les Casques bleus r\u00e9guli\u00e8rement vis\u00e9s et bless\u00e9s<\/strong><\/h2>\n\n\n\n<p class=\"has-medium-font-size wp-block-paragraph\">Lors d\u2019une visite \u00e0 une position de la FINUL \u00e0 Mansouri et au quartier g\u00e9n\u00e9ral de la mission \u00e0 Naqoura, Jean-Pierre Lacroix a rencontr\u00e9 des Casques bleus civils et militaires, dont certains avaient \u00e9t\u00e9 bless\u00e9s lors d\u2019attaques directes et d\u2019\u00e9changes de tirs.<\/p>\n\n\n\n<p class=\"has-medium-font-size wp-block-paragraph\">\u00ab <em>Je r\u00e9it\u00e8re l\u2019appel de l\u2019ONU \u00e0 une cessation des hostilit\u00e9s<\/em>.<em> L\u2019ONU soutient les efforts diplomatiques visant \u00e0 atteindre cet objectif et \u00e0 une mise en \u0153uvre compl\u00e8te de la r\u00e9solution 1701<\/em> \u00bb, a-t-il martel\u00e9 \u00e0 qui voulait l\u2019entendre.<\/p>\n\n\n\n<p class=\"has-medium-font-size wp-block-paragraph\">Il s\u2019agissait de la troisi\u00e8me visite de l\u2019\u00e9missaire des op\u00e9rations de paix au Liban cette ann\u00e9e. Ce dernier doit se rendre d\u00e8s ce vendredi en Isra\u00ebl afin d\u2019y rencontrer des \u00ab&nbsp;responsables politiques&nbsp;\u00bb sans aucune pr\u00e9cision tant sur l\u2019agenda que ces personnalit\u00e9s\u2026<\/p>\n\n\n\n<h2 class=\"wp-block-heading has-medium-font-size\" id=\"h-durant-ce-temps-perdurent-les-hostilites-sur-les-populations-civiles\"><strong>Durant ce temps, perdurent les hostilit\u00e9s sur les populations civiles<\/strong><\/h2>\n\n\n\n<p class=\"has-medium-font-size wp-block-paragraph\">De son c\u00f4t\u00e9, le porte-parole du Secr\u00e9taire g\u00e9n\u00e9ral de l\u2019ONU St\u00e9phane Dujarric, a indiqu\u00e9 jeudi, lors d\u2019un point de presse, que l\u2019Organisation reste \u00ab <em>tr\u00e8s pr\u00e9occup\u00e9e par les \u00e9changes de tirs incessants entre l\u2019arm\u00e9e isra\u00e9lienne et le Hezbollah. De minuit \u00e0 midi aujourd\u2019hui, heure locale au Liban, treize frappes a\u00e9riennes ont \u00e9t\u00e9 enregistr\u00e9es par la FINUL dans toute sa zone d\u2019op\u00e9rations. La FINUL rapporte que les op\u00e9rations de l\u2019arm\u00e9e isra\u00e9lienne dans le sud du Liban et les affrontements avec le Hezbollah se poursuivent<\/em> \u00bb, a pr\u00e9cis\u00e9 St\u00e9phane Dujarric. Et de poursuivre&nbsp;: \u00ab <em>Nos soldats de la paix signalent d\u2019intenses affrontements, des frappes a\u00e9riennes et des tirs indirects dans la zone de Shama (secteur ouest). L\u2019activit\u00e9 de l\u2019arm\u00e9e isra\u00e9lienne s\u2019est \u00e9galement poursuivie dans l\u2019est de la zone d\u2019op\u00e9rations de la FINUL avec des affrontements pr\u00e8s de Houla. Nous rappelons \u00e0 toutes les parties leur obligation d\u2019assurer la s\u00e9curit\u00e9 du personnel et des biens de l\u2019ONU et de respecter l\u2019inviolabilit\u00e9 des locaux des Nations Unies \u00e0 tout moment<\/em> \u00bb, a ajout\u00e9 le porte-parole, comme un pr\u00eache dans le chaos&nbsp;!<\/p>\n\n\n\n<p class=\"has-medium-font-size wp-block-paragraph\">Et comme un \u00e9ni\u00e8me bouteille \u00e0 la mer&nbsp;: \u00ab <em>Les parties au conflit doivent respecter le droit international et prot\u00e9ger les civils et les infrastructures civiles. Nous continuons de soutenir les efforts visant \u00e0 un cessez-le-feu et \u00e0 une solution diplomatique<\/em> \u00bb.<\/p>\n\n\n\n<h2 class=\"wp-block-heading\" id=\"h-une-avancee-sur-la-livraison-d-aide-humanitaire-dans-la-region-de-baalbek\"><strong>Une avanc\u00e9e sur la livraison d&rsquo;aide humanitaire dans la r\u00e9gion de Baalbek<\/strong><\/h2>\n\n\n\n<p class=\"has-medium-font-size wp-block-paragraph\">S\u2019agissant de l\u2019aide humanitaire, le porte-parole du Secr\u00e9taire g\u00e9n\u00e9ral de l\u2019ONU a indiqu\u00e9 que d\u00e9j\u00e0 mercredi, un convoi d\u2019aide humanitaire de 14 camions a pu livrer une cargaison d\u2019urgence \u2013 notamment de la nourriture, des fournitures m\u00e9dicales, de l\u2019eau, des produits d\u2019hygi\u00e8ne et d\u2019assainissement \u2013 \u200b\u200bdans la r\u00e9gion de Ras Baalbek situ\u00e9 dans le gouvernorat de Baalbek-Hermel. Il s\u2019agit du premier convoi depuis le 23 septembre de cette ann\u00e9e.<\/p>\n\n\n\n<p class=\"has-medium-font-size wp-block-paragraph\">Toutefois loin d\u2019un d\u00e9but de discussion p\u00e9renne, durant ce temps les frappes a\u00e9riennes se poursuivent dans tout le pays, en particulier dans les zones dens\u00e9ment peupl\u00e9es des banlieues sud de Beyrouth, provoquant de lourds d\u00e9g\u00e2ts tant mat\u00e9riels qu\u2019humains et acc\u00e9l\u00e9rant les d\u00e9placements. \u00ab <em>Nous r\u00e9it\u00e9rons une fois de plus que l\u2019utilisation d\u2019armes lourdes dans les zones dens\u00e9ment peupl\u00e9es doit \u00eatre \u00e9vit\u00e9e<\/em> \u00bb, a conjur\u00e9 St\u00e9phane Dujarric.<\/p>\n\n\n\n<p class=\"has-medium-font-size wp-block-paragraph\">L\u2019UNICEF souligne quant \u00e0 elle et de son c\u00f4t\u00e9 que les enfants du Liban subissent actuellement la phase la plus meurtri\u00e8re de la guerre. Plus de 80 % de tous les enfants tu\u00e9s au Liban au cours de l\u2019ann\u00e9e \u00e9coul\u00e9e l\u2019ont \u00e9t\u00e9 au cours des 50 derniers jours.<\/p>\n\n\n\n<p class=\"has-medium-font-size wp-block-paragraph\">Mercredi, en une seule journ\u00e9e, 13 enfants ont \u00e9t\u00e9 tu\u00e9s dans trois frappes a\u00e9riennes isra\u00e9liennes distinctes sur le gouvernorat du Mont Liban, d\u2019apr\u00e8s les autorit\u00e9s libanaises.<\/p>\n\n\n\n<p class=\"has-medium-font-size wp-block-paragraph\">Le nombre de bless\u00e9s est \u00e9galement en hausse. Les autorit\u00e9s libanaises signalent que plus de 14.000 personnes ont \u00e9t\u00e9 bless\u00e9es depuis octobre de l\u2019ann\u00e9e derni\u00e8re, ce qui met \u00e0 rude \u00e9preuve un syst\u00e8me de sant\u00e9 d\u00e9j\u00e0 tr\u00e8s sollicit\u00e9 dans ce pays.<\/p>","protected":false},"excerpt":{"rendered":"<p>Durant sa tourn\u00e9e r\u00e9gionale et au terme d\u2019une visite de trois jours au Liban, le chef des op\u00e9rations de paix de l\u2019ONU&hellip;<\/p>","protected":false},"author":93,"featured_media":3148,"comment_status":"open","ping_status":"open","sticky":false,"template":"","format":"standard","meta":{"_lmt_disableupdate":"","_lmt_disable":"","footnotes":""},"categories":[5,4],"tags":[],"class_list":["post-3147","post","type-post","status-publish","format-standard","has-post-thumbnail","hentry","category-international","category-mis-en-avant"],"yoast_head":"<!-- This site is optimized with the Yoast SEO Premium plugin v28.1 (Yoast SEO v28.1) - https:\/\/yoast.com\/product\/yoast-seo-premium-wordpress\/ -->\n<title>Liban : la r\u00e9solution 1701 reste le cadre unique pour revenir \u00e0 la stabilit\u00e9, selon le chef des op\u00e9rations de paix de l\u2019ONU. | Geopolitics.fr<\/title>\n<meta name=\"description\" content=\"Au Liban d\u00e9vast\u00e9, Jean-Pierre Lacroix a r\u00e9affirm\u00e9 que la R\u00e9solution 1701 restait le seul cadre pour un cessez-le-feu.\" \/>\n<meta name=\"robots\" content=\"index, follow, max-snippet:-1, max-image-preview:large, max-video-preview:-1\" \/>\n<link rel=\"canonical\" href=\"https:\/\/www.geopolitics.fr\/en\/2024\/11\/21\/liban-la-resolution-1701-reste-le-cadre-unique-pour-revenir-a-la-stabilite-selon-le-chef-des-operations-de-paix-de-lonu\/\" \/>\n<meta property=\"og:locale\" content=\"en_GB\" \/>\n<meta property=\"og:type\" content=\"article\" \/>\n<meta property=\"og:title\" content=\"Liban : la r\u00e9solution 1701 reste le cadre unique pour revenir \u00e0 la stabilit\u00e9, selon le chef des op\u00e9rations de paix de l\u2019ONU.\" \/>\n<meta property=\"og:description\" content=\"Au Liban d\u00e9vast\u00e9, Jean-Pierre Lacroix a r\u00e9affirm\u00e9 que la R\u00e9solution 1701 restait le seul cadre pour un cessez-le-feu.\" \/>\n<meta property=\"og:url\" content=\"https:\/\/www.geopolitics.fr\/en\/2024\/11\/21\/liban-la-resolution-1701-reste-le-cadre-unique-pour-revenir-a-la-stabilite-selon-le-chef-des-operations-de-paix-de-lonu\/\" \/>\n<meta property=\"og:site_name\" content=\"Geopolitics.fr\" \/>\n<meta property=\"article:publisher\" content=\"https:\/\/www.facebook.com\/people\/Erwan-Davoux\/61557098968092\/\" \/>\n<meta property=\"article:author\" content=\"https:\/\/www.facebook.com\/odelagarde\" \/>\n<meta property=\"article:published_time\" content=\"2024-11-21T12:42:46+00:00\" \/>\n<meta property=\"article:modified_time\" content=\"2024-11-21T12:42:48+00:00\" \/>\n<meta property=\"og:image\" content=\"https:\/\/www.geopolitics.fr\/wp-content\/uploads\/2024\/11\/Chef-des-operations-de-paix-ONU.jpg\" \/>\n\t<meta property=\"og:image:width\" content=\"1170\" \/>\n\t<meta property=\"og:image:height\" content=\"530\" \/>\n\t<meta property=\"og:image:type\" content=\"image\/jpeg\" \/>\n<meta name=\"author\" content=\"Olivier DELAGARDE\" \/>\n<meta name=\"twitter:card\" content=\"summary_large_image\" \/>\n<meta name=\"twitter:creator\" content=\"@Geopolitics_Fr\" \/>\n<meta name=\"twitter:site\" content=\"@Geopolitics_Fr\" \/>\n<meta name=\"twitter:label1\" content=\"Written by\" \/>\n\t<meta name=\"twitter:data1\" content=\"Olivier DELAGARDE\" \/>\n\t<meta name=\"twitter:label2\" content=\"Estimated reading time\" \/>\n\t<meta name=\"twitter:data2\" content=\"5 minutes\" \/>\n<script type=\"application\/ld+json\" class=\"yoast-schema-graph\">{\"@context\":\"https:\\\/\\\/schema.org\",\"@graph\":[{\"@type\":\"Article\",\"@id\":\"https:\\\/\\\/www.geopolitics.fr\\\/2024\\\/11\\\/21\\\/liban-la-resolution-1701-reste-le-cadre-unique-pour-revenir-a-la-stabilite-selon-le-chef-des-operations-de-paix-de-lonu\\\/#article\",\"isPartOf\":{\"@id\":\"https:\\\/\\\/www.geopolitics.fr\\\/2024\\\/11\\\/21\\\/liban-la-resolution-1701-reste-le-cadre-unique-pour-revenir-a-la-stabilite-selon-le-chef-des-operations-de-paix-de-lonu\\\/\"},\"author\":{\"name\":\"Olivier DELAGARDE\",\"@id\":\"https:\\\/\\\/www.geopolitics.fr\\\/#\\\/schema\\\/person\\\/9b98d78234af63d6ad71199d66115350\"},\"headline\":\"Liban : la r\u00e9solution 1701 reste le cadre unique pour revenir \u00e0 la stabilit\u00e9, selon le chef des op\u00e9rations de paix de l\u2019ONU.\",\"datePublished\":\"2024-11-21T12:42:46+00:00\",\"dateModified\":\"2024-11-21T12:42:48+00:00\",\"mainEntityOfPage\":{\"@id\":\"https:\\\/\\\/www.geopolitics.fr\\\/2024\\\/11\\\/21\\\/liban-la-resolution-1701-reste-le-cadre-unique-pour-revenir-a-la-stabilite-selon-le-chef-des-operations-de-paix-de-lonu\\\/\"},\"wordCount\":1072,\"commentCount\":0,\"publisher\":{\"@id\":\"https:\\\/\\\/www.geopolitics.fr\\\/#organization\"},\"image\":{\"@id\":\"https:\\\/\\\/www.geopolitics.fr\\\/2024\\\/11\\\/21\\\/liban-la-resolution-1701-reste-le-cadre-unique-pour-revenir-a-la-stabilite-selon-le-chef-des-operations-de-paix-de-lonu\\\/#primaryimage\"},\"thumbnailUrl\":\"https:\\\/\\\/www.geopolitics.fr\\\/wp-content\\\/uploads\\\/2024\\\/11\\\/Chef-des-operations-de-paix-ONU.jpg\",\"articleSection\":[\"International\",\"Mis en AVANT\"],\"inLanguage\":\"en-GB\"},{\"@type\":\"WebPage\",\"@id\":\"https:\\\/\\\/www.geopolitics.fr\\\/2024\\\/11\\\/21\\\/liban-la-resolution-1701-reste-le-cadre-unique-pour-revenir-a-la-stabilite-selon-le-chef-des-operations-de-paix-de-lonu\\\/\",\"url\":\"https:\\\/\\\/www.geopolitics.fr\\\/2024\\\/11\\\/21\\\/liban-la-resolution-1701-reste-le-cadre-unique-pour-revenir-a-la-stabilite-selon-le-chef-des-operations-de-paix-de-lonu\\\/\",\"name\":\"Liban : la r\u00e9solution 1701 reste le cadre unique pour revenir \u00e0 la stabilit\u00e9, selon le chef des op\u00e9rations de paix de l\u2019ONU. | Geopolitics.fr\",\"isPartOf\":{\"@id\":\"https:\\\/\\\/www.geopolitics.fr\\\/#website\"},\"primaryImageOfPage\":{\"@id\":\"https:\\\/\\\/www.geopolitics.fr\\\/2024\\\/11\\\/21\\\/liban-la-resolution-1701-reste-le-cadre-unique-pour-revenir-a-la-stabilite-selon-le-chef-des-operations-de-paix-de-lonu\\\/#primaryimage\"},\"image\":{\"@id\":\"https:\\\/\\\/www.geopolitics.fr\\\/2024\\\/11\\\/21\\\/liban-la-resolution-1701-reste-le-cadre-unique-pour-revenir-a-la-stabilite-selon-le-chef-des-operations-de-paix-de-lonu\\\/#primaryimage\"},\"thumbnailUrl\":\"https:\\\/\\\/www.geopolitics.fr\\\/wp-content\\\/uploads\\\/2024\\\/11\\\/Chef-des-operations-de-paix-ONU.jpg\",\"datePublished\":\"2024-11-21T12:42:46+00:00\",\"dateModified\":\"2024-11-21T12:42:48+00:00\",\"description\":\"Au Liban d\u00e9vast\u00e9, Jean-Pierre Lacroix a r\u00e9affirm\u00e9 que la R\u00e9solution 1701 restait le seul cadre pour un cessez-le-feu.\",\"breadcrumb\":{\"@id\":\"https:\\\/\\\/www.geopolitics.fr\\\/2024\\\/11\\\/21\\\/liban-la-resolution-1701-reste-le-cadre-unique-pour-revenir-a-la-stabilite-selon-le-chef-des-operations-de-paix-de-lonu\\\/#breadcrumb\"},\"inLanguage\":\"en-GB\",\"potentialAction\":[{\"@type\":\"ReadAction\",\"target\":[\"https:\\\/\\\/www.geopolitics.fr\\\/2024\\\/11\\\/21\\\/liban-la-resolution-1701-reste-le-cadre-unique-pour-revenir-a-la-stabilite-selon-le-chef-des-operations-de-paix-de-lonu\\\/\"]}]},{\"@type\":\"ImageObject\",\"inLanguage\":\"en-GB\",\"@id\":\"https:\\\/\\\/www.geopolitics.fr\\\/2024\\\/11\\\/21\\\/liban-la-resolution-1701-reste-le-cadre-unique-pour-revenir-a-la-stabilite-selon-le-chef-des-operations-de-paix-de-lonu\\\/#primaryimage\",\"url\":\"https:\\\/\\\/www.geopolitics.fr\\\/wp-content\\\/uploads\\\/2024\\\/11\\\/Chef-des-operations-de-paix-ONU.jpg\",\"contentUrl\":\"https:\\\/\\\/www.geopolitics.fr\\\/wp-content\\\/uploads\\\/2024\\\/11\\\/Chef-des-operations-de-paix-ONU.jpg\",\"width\":1170,\"height\":530},{\"@type\":\"BreadcrumbList\",\"@id\":\"https:\\\/\\\/www.geopolitics.fr\\\/2024\\\/11\\\/21\\\/liban-la-resolution-1701-reste-le-cadre-unique-pour-revenir-a-la-stabilite-selon-le-chef-des-operations-de-paix-de-lonu\\\/#breadcrumb\",\"itemListElement\":[{\"@type\":\"ListItem\",\"position\":1,\"name\":\"Accueil\",\"item\":\"https:\\\/\\\/www.geopolitics.fr\\\/\"},{\"@type\":\"ListItem\",\"position\":2,\"name\":\"Liban : la r\u00e9solution 1701 reste le cadre unique pour revenir \u00e0 la stabilit\u00e9, selon le chef des op\u00e9rations de paix de l\u2019ONU.\"}]},{\"@type\":\"WebSite\",\"@id\":\"https:\\\/\\\/www.geopolitics.fr\\\/#website\",\"url\":\"https:\\\/\\\/www.geopolitics.fr\\\/\",\"name\":\"Geopolitics.fr\",\"description\":\"Geopolitics.fr Analyse politique, relations internationales, d\u00e9fense - ligne \u00e9ditoriale gaullo-chiraquienne\",\"publisher\":{\"@id\":\"https:\\\/\\\/www.geopolitics.fr\\\/#organization\"},\"potentialAction\":[{\"@type\":\"SearchAction\",\"target\":{\"@type\":\"EntryPoint\",\"urlTemplate\":\"https:\\\/\\\/www.geopolitics.fr\\\/?s={search_term_string}\"},\"query-input\":{\"@type\":\"PropertyValueSpecification\",\"valueRequired\":true,\"valueName\":\"search_term_string\"}}],\"inLanguage\":\"en-GB\"},{\"@type\":\"Organization\",\"@id\":\"https:\\\/\\\/www.geopolitics.fr\\\/#organization\",\"name\":\"Geopolitics.fr\",\"url\":\"https:\\\/\\\/www.geopolitics.fr\\\/\",\"logo\":{\"@type\":\"ImageObject\",\"inLanguage\":\"en-GB\",\"@id\":\"https:\\\/\\\/www.geopolitics.fr\\\/#\\\/schema\\\/logo\\\/image\\\/\",\"url\":\"https:\\\/\\\/www.geopolitics.fr\\\/wp-content\\\/uploads\\\/2024\\\/01\\\/logo.jpg\",\"contentUrl\":\"https:\\\/\\\/www.geopolitics.fr\\\/wp-content\\\/uploads\\\/2024\\\/01\\\/logo.jpg\",\"width\":500,\"height\":500,\"caption\":\"Geopolitics.fr\"},\"image\":{\"@id\":\"https:\\\/\\\/www.geopolitics.fr\\\/#\\\/schema\\\/logo\\\/image\\\/\"},\"sameAs\":[\"https:\\\/\\\/www.facebook.com\\\/people\\\/Erwan-Davoux\\\/61557098968092\\\/\",\"https:\\\/\\\/x.com\\\/Geopolitics_Fr\"]},{\"@type\":\"Person\",\"@id\":\"https:\\\/\\\/www.geopolitics.fr\\\/#\\\/schema\\\/person\\\/9b98d78234af63d6ad71199d66115350\",\"name\":\"Olivier DELAGARDE\",\"image\":{\"@type\":\"ImageObject\",\"inLanguage\":\"en-GB\",\"@id\":\"https:\\\/\\\/secure.gravatar.com\\\/avatar\\\/2c50afbd303b51697d9591857ee182bf3ead572fa530da00bb0278cf506c3a97?s=96&d=mm&r=g\",\"url\":\"https:\\\/\\\/secure.gravatar.com\\\/avatar\\\/2c50afbd303b51697d9591857ee182bf3ead572fa530da00bb0278cf506c3a97?s=96&d=mm&r=g\",\"contentUrl\":\"https:\\\/\\\/secure.gravatar.com\\\/avatar\\\/2c50afbd303b51697d9591857ee182bf3ead572fa530da00bb0278cf506c3a97?s=96&d=mm&r=g\",\"caption\":\"Olivier DELAGARDE\"},\"description\":\"Journaliste depuis plus de 20 ans, accr\u00e9dit\u00e9 aupr\u00e8s de l'Organisation des Nations Unies, de la Ligue des Etats Arabes, titulaire de la Carte d'Identit\u00e9 des Journalistes Professionnels en France et de la F\u00e9d\u00e9ration Internationale des Journalistes, Olivier a occup\u00e9 le poste de Grand reporter correspondant permanent en \u00c9gypte pour des m\u00e9dias de renomm\u00e9e mondiale tels que TV5 MONDE, le GROUPE M6, le GROUPE TF1 ou encore l\u2019AFP. Durant plus de dix ann\u00e9es, il a produit de nombreux reportages sur la politique internationale en Afrique de l'Est, tout en couvrant les principaux conflits au Proche et Moyen-Orient. En tant que Chef de bureau Proche-Orient pour TV5 MONDE, il \u00e9tait responsable de la production de reportages, des relations institutionnelles et de la repr\u00e9sentation de la cha\u00eene, tout en \u00e9crivant pour plusieurs m\u00e9dias europ\u00e9ens et internationaux.\",\"sameAs\":[\"https:\\\/\\\/www.facebook.com\\\/odelagarde\",\"https:\\\/\\\/www.linkedin.com\\\/in\\\/olivier-delagarde-816b17270\\\/\"],\"url\":\"https:\\\/\\\/www.geopolitics.fr\\\/en\\\/author\\\/odelagarde\\\/\"}]}<\/script>\n<!-- \/ Yoast SEO Premium plugin. -->","yoast_head_json":{"title":"Liban : la r\u00e9solution 1701 reste le cadre unique pour revenir \u00e0 la stabilit\u00e9, selon le chef des op\u00e9rations de paix de l\u2019ONU. | Geopolitics.fr","description":"Au Liban d\u00e9vast\u00e9, Jean-Pierre Lacroix a r\u00e9affirm\u00e9 que la R\u00e9solution 1701 restait le seul cadre pour un cessez-le-feu.","robots":{"index":"index","follow":"follow","max-snippet":"max-snippet:-1","max-image-preview":"max-image-preview:large","max-video-preview":"max-video-preview:-1"},"canonical":"https:\/\/www.geopolitics.fr\/en\/2024\/11\/21\/liban-la-resolution-1701-reste-le-cadre-unique-pour-revenir-a-la-stabilite-selon-le-chef-des-operations-de-paix-de-lonu\/","og_locale":"en_GB","og_type":"article","og_title":"Liban : la r\u00e9solution 1701 reste le cadre unique pour revenir \u00e0 la stabilit\u00e9, selon le chef des op\u00e9rations de paix de l\u2019ONU.","og_description":"Au Liban d\u00e9vast\u00e9, Jean-Pierre Lacroix a r\u00e9affirm\u00e9 que la R\u00e9solution 1701 restait le seul cadre pour un cessez-le-feu.","og_url":"https:\/\/www.geopolitics.fr\/en\/2024\/11\/21\/liban-la-resolution-1701-reste-le-cadre-unique-pour-revenir-a-la-stabilite-selon-le-chef-des-operations-de-paix-de-lonu\/","og_site_name":"Geopolitics.fr","article_publisher":"https:\/\/www.facebook.com\/people\/Erwan-Davoux\/61557098968092\/","article_author":"https:\/\/www.facebook.com\/odelagarde","article_published_time":"2024-11-21T12:42:46+00:00","article_modified_time":"2024-11-21T12:42:48+00:00","og_image":[{"width":1170,"height":530,"url":"https:\/\/www.geopolitics.fr\/wp-content\/uploads\/2024\/11\/Chef-des-operations-de-paix-ONU.jpg","type":"image\/jpeg"}],"author":"Olivier DELAGARDE","twitter_card":"summary_large_image","twitter_creator":"@Geopolitics_Fr","twitter_site":"@Geopolitics_Fr","twitter_misc":{"Written by":"Olivier DELAGARDE","Estimated reading time":"5 minutes"},"schema":{"@context":"https:\/\/schema.org","@graph":[{"@type":"Article","@id":"https:\/\/www.geopolitics.fr\/2024\/11\/21\/liban-la-resolution-1701-reste-le-cadre-unique-pour-revenir-a-la-stabilite-selon-le-chef-des-operations-de-paix-de-lonu\/#article","isPartOf":{"@id":"https:\/\/www.geopolitics.fr\/2024\/11\/21\/liban-la-resolution-1701-reste-le-cadre-unique-pour-revenir-a-la-stabilite-selon-le-chef-des-operations-de-paix-de-lonu\/"},"author":{"name":"Olivier DELAGARDE","@id":"https:\/\/www.geopolitics.fr\/#\/schema\/person\/9b98d78234af63d6ad71199d66115350"},"headline":"Liban : la r\u00e9solution 1701 reste le cadre unique pour revenir \u00e0 la stabilit\u00e9, selon le chef des op\u00e9rations de paix de l\u2019ONU.","datePublished":"2024-11-21T12:42:46+00:00","dateModified":"2024-11-21T12:42:48+00:00","mainEntityOfPage":{"@id":"https:\/\/www.geopolitics.fr\/2024\/11\/21\/liban-la-resolution-1701-reste-le-cadre-unique-pour-revenir-a-la-stabilite-selon-le-chef-des-operations-de-paix-de-lonu\/"},"wordCount":1072,"commentCount":0,"publisher":{"@id":"https:\/\/www.geopolitics.fr\/#organization"},"image":{"@id":"https:\/\/www.geopolitics.fr\/2024\/11\/21\/liban-la-resolution-1701-reste-le-cadre-unique-pour-revenir-a-la-stabilite-selon-le-chef-des-operations-de-paix-de-lonu\/#primaryimage"},"thumbnailUrl":"https:\/\/www.geopolitics.fr\/wp-content\/uploads\/2024\/11\/Chef-des-operations-de-paix-ONU.jpg","articleSection":["International","Mis en AVANT"],"inLanguage":"en-GB"},{"@type":"WebPage","@id":"https:\/\/www.geopolitics.fr\/2024\/11\/21\/liban-la-resolution-1701-reste-le-cadre-unique-pour-revenir-a-la-stabilite-selon-le-chef-des-operations-de-paix-de-lonu\/","url":"https:\/\/www.geopolitics.fr\/2024\/11\/21\/liban-la-resolution-1701-reste-le-cadre-unique-pour-revenir-a-la-stabilite-selon-le-chef-des-operations-de-paix-de-lonu\/","name":"Liban : la r\u00e9solution 1701 reste le cadre unique pour revenir \u00e0 la stabilit\u00e9, selon le chef des op\u00e9rations de paix de l\u2019ONU. | Geopolitics.fr","isPartOf":{"@id":"https:\/\/www.geopolitics.fr\/#website"},"primaryImageOfPage":{"@id":"https:\/\/www.geopolitics.fr\/2024\/11\/21\/liban-la-resolution-1701-reste-le-cadre-unique-pour-revenir-a-la-stabilite-selon-le-chef-des-operations-de-paix-de-lonu\/#primaryimage"},"image":{"@id":"https:\/\/www.geopolitics.fr\/2024\/11\/21\/liban-la-resolution-1701-reste-le-cadre-unique-pour-revenir-a-la-stabilite-selon-le-chef-des-operations-de-paix-de-lonu\/#primaryimage"},"thumbnailUrl":"https:\/\/www.geopolitics.fr\/wp-content\/uploads\/2024\/11\/Chef-des-operations-de-paix-ONU.jpg","datePublished":"2024-11-21T12:42:46+00:00","dateModified":"2024-11-21T12:42:48+00:00","description":"Au Liban d\u00e9vast\u00e9, Jean-Pierre Lacroix a r\u00e9affirm\u00e9 que la R\u00e9solution 1701 restait le seul cadre pour un cessez-le-feu.","breadcrumb":{"@id":"https:\/\/www.geopolitics.fr\/2024\/11\/21\/liban-la-resolution-1701-reste-le-cadre-unique-pour-revenir-a-la-stabilite-selon-le-chef-des-operations-de-paix-de-lonu\/#breadcrumb"},"inLanguage":"en-GB","potentialAction":[{"@type":"ReadAction","target":["https:\/\/www.geopolitics.fr\/2024\/11\/21\/liban-la-resolution-1701-reste-le-cadre-unique-pour-revenir-a-la-stabilite-selon-le-chef-des-operations-de-paix-de-lonu\/"]}]},{"@type":"ImageObject","inLanguage":"en-GB","@id":"https:\/\/www.geopolitics.fr\/2024\/11\/21\/liban-la-resolution-1701-reste-le-cadre-unique-pour-revenir-a-la-stabilite-selon-le-chef-des-operations-de-paix-de-lonu\/#primaryimage","url":"https:\/\/www.geopolitics.fr\/wp-content\/uploads\/2024\/11\/Chef-des-operations-de-paix-ONU.jpg","contentUrl":"https:\/\/www.geopolitics.fr\/wp-content\/uploads\/2024\/11\/Chef-des-operations-de-paix-ONU.jpg","width":1170,"height":530},{"@type":"BreadcrumbList","@id":"https:\/\/www.geopolitics.fr\/2024\/11\/21\/liban-la-resolution-1701-reste-le-cadre-unique-pour-revenir-a-la-stabilite-selon-le-chef-des-operations-de-paix-de-lonu\/#breadcrumb","itemListElement":[{"@type":"ListItem","position":1,"name":"Accueil","item":"https:\/\/www.geopolitics.fr\/"},{"@type":"ListItem","position":2,"name":"Liban : la r\u00e9solution 1701 reste le cadre unique pour revenir \u00e0 la stabilit\u00e9, selon le chef des op\u00e9rations de paix de l\u2019ONU."}]},{"@type":"WebSite","@id":"https:\/\/www.geopolitics.fr\/#website","url":"https:\/\/www.geopolitics.fr\/","name":"Geopolitics.fr","description":"Geopolitics.fr Analyse politique, relations internationales, d\u00e9fense - ligne \u00e9ditoriale gaullo-chiraquienne","publisher":{"@id":"https:\/\/www.geopolitics.fr\/#organization"},"potentialAction":[{"@type":"SearchAction","target":{"@type":"EntryPoint","urlTemplate":"https:\/\/www.geopolitics.fr\/?s={search_term_string}"},"query-input":{"@type":"PropertyValueSpecification","valueRequired":true,"valueName":"search_term_string"}}],"inLanguage":"en-GB"},{"@type":"Organization","@id":"https:\/\/www.geopolitics.fr\/#organization","name":"Geopolitics.fr","url":"https:\/\/www.geopolitics.fr\/","logo":{"@type":"ImageObject","inLanguage":"en-GB","@id":"https:\/\/www.geopolitics.fr\/#\/schema\/logo\/image\/","url":"https:\/\/www.geopolitics.fr\/wp-content\/uploads\/2024\/01\/logo.jpg","contentUrl":"https:\/\/www.geopolitics.fr\/wp-content\/uploads\/2024\/01\/logo.jpg","width":500,"height":500,"caption":"Geopolitics.fr"},"image":{"@id":"https:\/\/www.geopolitics.fr\/#\/schema\/logo\/image\/"},"sameAs":["https:\/\/www.facebook.com\/people\/Erwan-Davoux\/61557098968092\/","https:\/\/x.com\/Geopolitics_Fr"]},{"@type":"Person","@id":"https:\/\/www.geopolitics.fr\/#\/schema\/person\/9b98d78234af63d6ad71199d66115350","name":"Olivier DELAGARDE","image":{"@type":"ImageObject","inLanguage":"en-GB","@id":"https:\/\/secure.gravatar.com\/avatar\/2c50afbd303b51697d9591857ee182bf3ead572fa530da00bb0278cf506c3a97?s=96&d=mm&r=g","url":"https:\/\/secure.gravatar.com\/avatar\/2c50afbd303b51697d9591857ee182bf3ead572fa530da00bb0278cf506c3a97?s=96&d=mm&r=g","contentUrl":"https:\/\/secure.gravatar.com\/avatar\/2c50afbd303b51697d9591857ee182bf3ead572fa530da00bb0278cf506c3a97?s=96&d=mm&r=g","caption":"Olivier DELAGARDE"},"description":"Journaliste depuis plus de 20 ans, accr\u00e9dit\u00e9 aupr\u00e8s de l'Organisation des Nations Unies, de la Ligue des Etats Arabes, titulaire de la Carte d'Identit\u00e9 des Journalistes Professionnels en France et de la F\u00e9d\u00e9ration Internationale des Journalistes, Olivier a occup\u00e9 le poste de Grand reporter correspondant permanent en \u00c9gypte pour des m\u00e9dias de renomm\u00e9e mondiale tels que TV5 MONDE, le GROUPE M6, le GROUPE TF1 ou encore l\u2019AFP. Durant plus de dix ann\u00e9es, il a produit de nombreux reportages sur la politique internationale en Afrique de l'Est, tout en couvrant les principaux conflits au Proche et Moyen-Orient. En tant que Chef de bureau Proche-Orient pour TV5 MONDE, il \u00e9tait responsable de la production de reportages, des relations institutionnelles et de la repr\u00e9sentation de la cha\u00eene, tout en \u00e9crivant pour plusieurs m\u00e9dias europ\u00e9ens et internationaux.","sameAs":["https:\/\/www.facebook.com\/odelagarde","https:\/\/www.linkedin.com\/in\/olivier-delagarde-816b17270\/"],"url":"https:\/\/www.geopolitics.fr\/en\/author\/odelagarde\/"}]}},"_links":{"self":[{"href":"https:\/\/www.geopolitics.fr\/en\/wp-json\/wp\/v2\/posts\/3147","targetHints":{"allow":["GET"]}}],"collection":[{"href":"https:\/\/www.geopolitics.fr\/en\/wp-json\/wp\/v2\/posts"}],"about":[{"href":"https:\/\/www.geopolitics.fr\/en\/wp-json\/wp\/v2\/types\/post"}],"author":[{"embeddable":true,"href":"https:\/\/www.geopolitics.fr\/en\/wp-json\/wp\/v2\/users\/93"}],"replies":[{"embeddable":true,"href":"https:\/\/www.geopolitics.fr\/en\/wp-json\/wp\/v2\/comments?post=3147"}],"version-history":[{"count":0,"href":"https:\/\/www.geopolitics.fr\/en\/wp-json\/wp\/v2\/posts\/3147\/revisions"}],"wp:featuredmedia":[{"embeddable":true,"href":"https:\/\/www.geopolitics.fr\/en\/wp-json\/wp\/v2\/media\/3148"}],"wp:attachment":[{"href":"https:\/\/www.geopolitics.fr\/en\/wp-json\/wp\/v2\/media?parent=3147"}],"wp:term":[{"taxonomy":"category","embeddable":true,"href":"https:\/\/www.geopolitics.fr\/en\/wp-json\/wp\/v2\/categories?post=3147"},{"taxonomy":"post_tag","embeddable":true,"href":"https:\/\/www.geopolitics.fr\/en\/wp-json\/wp\/v2\/tags?post=3147"}],"curies":[{"name":"wp","href":"https:\/\/api.w.org\/{rel}","templated":true}]}}