{"id":3136,"date":"2024-11-20T19:15:28","date_gmt":"2024-11-20T18:15:28","guid":{"rendered":"https:\/\/www.geopolitics.fr\/?p=3136"},"modified":"2024-11-20T19:17:06","modified_gmt":"2024-11-20T18:17:06","slug":"soudan-du-sud-la-russie-refuse-un-cessez-le-feu","status":"publish","type":"post","link":"https:\/\/www.geopolitics.fr\/en\/2024\/11\/20\/soudan-du-sud-la-russie-refuse-un-cessez-le-feu\/","title":{"rendered":"Soudan du Sud :   situation insoutenable, La Russie refuse un cessez-le-feu\u00a0!"},"content":{"rendered":"\n<p class=\"has-medium-font-size wp-block-paragraph\"><strong><em>La Russie a mis son veto ce lundi, \u00e0 un projet de r\u00e9solution du Conseil de s\u00e9curit\u00e9 de l&rsquo;ONU pour un cessez-le-feu au Soudan<\/em><\/strong><em>. Des dizaines de milliers de personnes sont d\u00e9j\u00e0 mortes dans cette guerre. Pr\u00e8s de 60 % de la population du Soudan du Sud sera en situation d\u2019ins\u00e9curit\u00e9 alimentaire aigu\u00eb en 2025, ont indiqu\u00e9 lundi les diff\u00e9rentes agences des Nations Unies, relevant que les rapatri\u00e9s fuyant la guerre au Soudan voisin et les jeunes enfants sont confront\u00e9s \u00e0 des niveaux de faim et de malnutrition parmi les plus \u00e9lev\u00e9s, alors que les pressions \u00e9conomiques, les extr\u00eames climatiques et les effets de la guerre au Soudan aggravent la faim.<\/em><\/p>\n\n\n\n<p class=\"has-medium-font-size wp-block-paragraph\">Il est plus que probable qu\u2019environ 7,69 millions de personnes se trouveront dans une situation alimentaire de crise (phase 3 du Cadre int\u00e9gr\u00e9 de classification de la s\u00e9curit\u00e9 alimentaire, l&rsquo;IPC) ou sup\u00e9rieure. Ce chiffre inclut 2,53 millions de personnes susceptibles d\u2019\u00eatre en phase 4 (ins\u00e9curit\u00e9 alimentaire d&rsquo;urgence) et 63.000 personnes susceptibles d\u2019\u00eatre en phase 5 (catastrophe), si un apaisement ou \u00e0 tout le moins un arr\u00eat des combats n\u2019intervient pas rapidement.<\/p>\n\n\n\n<p class=\"has-medium-font-size wp-block-paragraph\">Ces nouvelles donn\u00e9es alarmantes, unanimes toutes organisations confondues, montrent que l\u2019ins\u00e9curit\u00e9 alimentaire aigu\u00eb et la malnutrition se d\u00e9t\u00e9riorent en raison de la crise \u00e9conomique, des chocs climatiques r\u00e9p\u00e9t\u00e9s &#8211; principalement des inondations g\u00e9n\u00e9ralis\u00e9es \u2013 cons\u00e9quences directes du conflit et de l\u2019ins\u00e9curit\u00e9 permanente.<\/p>\n\n\n\n<p class=\"has-medium-font-size wp-block-paragraph\">L\u2019afflux de rapatri\u00e9s et de r\u00e9fugi\u00e9s fuyant le conflit au Soudan exacerbe la situation et accro\u00eet la pression sur un pays d\u00e9j\u00e0 ravag\u00e9.<\/p>\n\n\n\n<h2 class=\"wp-block-heading\" id=\"h-une-famine-catastrophique-menace-les-rapatries-fuyant-le-soudan\"><strong>Une famine catastrophique menace les rapatri\u00e9s fuyant le Soudan<\/strong><\/h2>\n\n\n\n<p class=\"has-medium-font-size wp-block-paragraph\">Selon les derni\u00e8res donn\u00e9es du Cadre de classification int\u00e9gr\u00e9e de la s\u00e9curit\u00e9 alimentaire (IPC), plus de 85 % des rapatri\u00e9s fuyant le Soudan seront en situation d\u2019ins\u00e9curit\u00e9 alimentaire aigu\u00eb au cours de la prochaine p\u00e9riode d\u2019observation, qui d\u00e9butera en avril 2025. Quelles que soit leurs destinations d\u2019exil, ces derniers repr\u00e9senteront \u00e9galement pr\u00e8s de la moiti\u00e9 des personnes confront\u00e9es \u00e0 une faim catastrophique dans le monde.&nbsp;&nbsp;<\/p>\n\n\n\n<p class=\"has-medium-font-size wp-block-paragraph\">\u00ab <em>Ann\u00e9e apr\u00e8s ann\u00e9e, nous constatons que la faim atteint des niveaux parmi les plus \u00e9lev\u00e9s que nous ayons connus au Soudan du Sud et, lorsque nous examinons les zones o\u00f9 les niveaux d\u2019ins\u00e9curit\u00e9 alimentaire sont les plus \u00e9lev\u00e9s, il est clair qu\u2019un cocktail de d\u00e9sespoir &#8211; conflit et crise climatique &#8211; en est le principal moteur <\/em>\u00bb, a d\u00e9clar\u00e9 Mary-Ellen McGroarty, la Repr\u00e9sentante du Programme alimentaire mondial des Nations unies (PAM) dans le pays devant le Conseil de s\u00e9curit\u00e9, en vain.<\/p>\n\n\n\n<p class=\"has-medium-font-size wp-block-paragraph\">Entre septembre et novembre 2024, l\u2019ONU estime que 6,3 millions de personnes (47 % de la population analys\u00e9e) sont class\u00e9es dans la phase 3 de l\u2019IPC ou dans une phase sup\u00e9rieure (crise ou pire). Sur ce total, 1,71 million de personnes sont confront\u00e9es \u00e0 des niveaux critiques d\u2019ins\u00e9curit\u00e9 alimentaire aigu\u00eb &#8211; class\u00e9s dans la phase 4 de l\u2019IPC (urgence) &#8211; et 41.000 autres personnes sont confront\u00e9es \u00e0 des niveaux catastrophiques d\u2019ins\u00e9curit\u00e9 alimentaire aigu\u00eb ou phase 5 de l\u2019IPC (catastrophe).<\/p>\n\n\n\n<h2 class=\"wp-block-heading\" id=\"h-des-chiffres-implacables-nbsp-pres-de-2-1-millions-d-enfants-menaces-de-malnutrition\"><strong>Des chiffres implacables&nbsp;: pr\u00e8s de 2,1 millions d\u2019enfants menac\u00e9s de malnutrition<\/strong><\/h2>\n\n\n\n<p class=\"has-medium-font-size wp-block-paragraph\">La population en phase 5 (catastrophe) comprend 10.000 personnes dans le comt\u00e9 de Malakal (\u00c9tat du Nil sup\u00e9rieur) et environ 31.000 rapatri\u00e9s du Soudan du Sud qui ont fui le Soudan en raison du conflit en cours. Par rapport \u00e0 la m\u00eame p\u00e9riode de l\u2019ann\u00e9e derni\u00e8re, cela indique une augmentation d\u2019environ 500.000 personnes en phase 3 ou sup\u00e9rieure.<\/p>\n\n\n\n<p class=\"has-medium-font-size wp-block-paragraph\">Par ailleurs, pr\u00e8s de 2,1 millions d\u2019enfants sont menac\u00e9s de malnutrition, contre 1,65 million auparavant. Les enfants, premi\u00e8res victimes, se r\u00e9fugient dans les centres de nutrition plusieurs fois par an, car ils continuent de souffrir d\u2019un acc\u00e8s insuffisant \u00e0 l\u2019eau potable ainsi qu\u2019\u00e0 l\u2019assainissement.<\/p>\n\n\n\n<p class=\"has-medium-font-size wp-block-paragraph\">La maladie est un facteur majeur de malnutrition et pr\u00e8s de la moiti\u00e9 des enfants inclus dans les donn\u00e9es collect\u00e9es avaient \u00e9t\u00e9 malades au cours des deux semaines pr\u00e9c\u00e9dentes.<\/p>\n\n\n\n<p class=\"has-medium-font-size wp-block-paragraph\">\u00ab <em>La malnutrition est le r\u00e9sultat final d\u2019une s\u00e9rie de crises, dont la plus notable pour le Sud-Soudan est le manque d\u2019assainissement et la pr\u00e9valence des maladies d\u2019origine hydrique, ainsi qu\u2019une grave ins\u00e9curit\u00e9 alimentaire.<\/em> \u00bb, d\u00e9clare pour sa part Hamida Lasseko, Repr\u00e9sentante de l\u2019UNICEF dans ce pays d\u2019Afrique de l\u2019Est.<\/p>\n\n\n\n<p class=\"has-medium-font-size wp-block-paragraph\">L\u2019UNICEF s\u2019est dit profond\u00e9ment pr\u00e9occup\u00e9 par le fait que le nombre d\u2019enfants et de m\u00e8res expos\u00e9s au risque de malnutrition va continuer \u00e0 augmenter in\u00e9luctablement si aucun cessez- le-feu n\u2019intervient et permettant un d\u00e9veloppement de l\u2019aide humanitaire internationale. Il s\u2019agit ainsi de s\u2019attaquer \u00e0 ces causes profondes, parall\u00e8lement \u00e0 \u00ab <em>l\u2019apport d\u2019un soutien nutritionnel imm\u00e9diat pour traiter la malnutrition chez les enfants qui risquent davantage de mourir<\/em> \u00bb.<\/p>\n\n\n\n<h2 class=\"wp-block-heading\" id=\"h-des-exactions-multiples-nbsp-dans-certains-camps-on-ne-voit-plus-de-jeunes-femmes\"><strong>Des exactions multiples&nbsp;: dans certains camps, on ne voit plus de jeunes femmes<\/strong><\/h2>\n\n\n\n<p class=\"has-medium-font-size wp-block-paragraph\">\u00ab&nbsp;<em>Certains parents ont \u00e9t\u00e9 tu\u00e9s alors qu\u2019ils tentaient de prot\u00e9ger leurs filles du viol<\/em> \u00bb, affirme Sara*, conseill\u00e8re dans l\u2019\u00c9tat d\u2019Al Jazirah dans l\u2019est du Soudan, et l\u2019une des nombreuses personnes travaillant dans le secteur de la sant\u00e9 qui ont relat\u00e9 des r\u00e9cits choquants de violences sexuelles au cours des derni\u00e8res semaines.<\/p>\n\n\n\n<p class=\"has-medium-font-size wp-block-paragraph\">Depuis le 20 octobre, l\u2019escalade du conflit dans l\u2019\u00c9tat d\u2019Al Jazirah a entra\u00een\u00e9 la mort de plus de 100 personnes, dont des professionnels locaux de la sant\u00e9, contraignant plus de 135.000 personnes \u00e0 fuir leur domicile afin de trouver un hypoth\u00e9tique refuge dans les \u00c9tats voisins.<\/p>\n\n\n\n<p class=\"has-medium-font-size wp-block-paragraph\">Avec au moins six \u00e9tablissements de sant\u00e9 attaqu\u00e9s ces derniers mois, les soins de premi\u00e8res urgences ont \u00e9t\u00e9 gravement perturb\u00e9s et les patients transf\u00e9r\u00e9s vers d\u2019autres centres de sant\u00e9, bien que seul un sur quatre soit actuellement op\u00e9rationnel \u00e0 Al Jazirah.<\/p>\n\n\n\n<p class=\"has-medium-font-size wp-block-paragraph\">Les rapports du minist\u00e8re de la Sant\u00e9 de l\u2019\u00c9tat indiquent la recrudescence de graves violations des droits de l\u2019homme commises au cours d\u2019attaques de rebelles, des femmes et des filles \u00e2g\u00e9es de 6 \u00e0 60 ans ayant \u00e9t\u00e9 victimes de viols et d\u2019agressions sexuelles.<\/p>\n\n\n\n<h2 class=\"wp-block-heading\" id=\"h-des-femmes-se-jettent-dans-la-riviere-pour-eviter-d-etre-abusees\"><strong>Des femmes se jettent dans la rivi\u00e8re pour \u00e9viter d\u2019\u00eatre abus\u00e9es<\/strong><\/h2>\n\n\n\n<p class=\"has-medium-font-size wp-block-paragraph\">\u00ab <em>Dans certains camps, on ne voit plus de jeunes femmes<\/em> \u00bb, rapporte un agent de sant\u00e9 \u00e0 l\u2019UNFPA, l\u2019agence des Nations Unies en charge des questions de sant\u00e9 sexuelle et reproductive.<\/p>\n\n\n\n<p class=\"has-medium-font-size wp-block-paragraph\">\u00ab <em>Certaines filles qui sont arriv\u00e9es \u00e0 Gedaref ont dit que leurs amies avaient \u00e9t\u00e9 abandonn\u00e9es<\/em> \u00bb.<\/p>\n\n\n\n<p class=\"has-medium-font-size wp-block-paragraph\">Les agents de l\u2019UNFPA \u00e0 Gedaref ont pour mission de prendre en charge des femmes et jeunes filles qui ont r\u00e9cemment d\u00fb fuir Al Jazirah, dans les refuges financ\u00e9s \u00e0 cet effet, avec une premi\u00e8re mission \u00e0 peine imaginable&nbsp;: \u00ab&nbsp;<em>emp\u00eacher des femmes de se jeter dans la rivi\u00e8re pour \u00e9viter d\u2019\u00eatre abus\u00e9es par des hommes arm\u00e9s<\/em>&nbsp;\u00bb. Dans un autre camp de d\u00e9plac\u00e9s \u00e0 Kassala, certains t\u00e9moignent des douloureux avertissements de leur famille avant leur d\u00e9part&nbsp;: \u00ab <em>Si nous voyons des combattants arm\u00e9s venir au village et tenter de vous violer, nous vous tuerons pour vous prot\u00e9ger avant que cela n\u2019arrive<\/em> \u00bb.<\/p>\n\n\n\n<h2 class=\"wp-block-heading\" id=\"h-un-drame-humain-accentue-par-la-stigmatisation-des-violences-sexuelles\"><strong>Un drame humain accentu\u00e9 par la stigmatisation des violences sexuelles<\/strong><\/h2>\n\n\n\n<p class=\"has-medium-font-size wp-block-paragraph\">La stigmatisation des victimes de viols \u2013 et de leurs proches \u2013 est telle que nombre d\u2019entre elles se tournent vers des mesures d\u00e9vastatrices et radicales pour y faire face.<\/p>\n\n\n\n<p class=\"has-medium-font-size wp-block-paragraph\">\u00ab <em>Les victimes de violences sexuelles s\u2019enfuient et se cachent parce que leur famille menace de mettre fin \u00e0 leur vie pour laver le d\u00e9shonneur<\/em> \u00bb, explique une conseill\u00e8re de Gedaraef, qui ne souhaite pas \u00eatre nomm\u00e9 pour des raisons de s\u00e9curit\u00e9.<\/p>\n\n\n\n<p class=\"has-medium-font-size wp-block-paragraph\">Un certain nombre de filles ont d\u00e9clar\u00e9 que leurs fr\u00e8res, p\u00e8res et oncles leur avaient fourni des couteaux et leur avaient demand\u00e9 de \u00ab mettre fin \u00e0 leurs jours si elles \u00e9taient menac\u00e9es de viol \u00bb.<\/p>\n\n\n\n<p class=\"has-medium-font-size wp-block-paragraph\">\u00ab <em>Nous ne pouvons pas acc\u00e9der \u00e0 la plupart [des survivantes] parce que, premi\u00e8rement, elles nient la r\u00e9alit\u00e9 ou ont peur d\u2019\u00eatre accus\u00e9es ou prises pour cible<\/em>. <em>Deuxi\u00e8mement, elles craignent de perdre la vie si elles r\u00e9v\u00e8lent ce qu\u2019elles ont v\u00e9cu<\/em> \u00bb. Poursuit-elle.<\/p>\n\n\n\n<p class=\"has-medium-font-size wp-block-paragraph\"><strong>Des vies d\u00e9racin\u00e9es, des t\u00e9moignages pourtant nombreux, un cadre g\u00e9nocidaire av\u00e9r\u00e9<\/strong><\/p>\n\n\n\n<p class=\"has-medium-font-size wp-block-paragraph\">L\u2019agence onusienne a \u00e9galement partag\u00e9 des rapports alarmants devant ce Conseil de s\u00e9curit\u00e9. Pillages, attaques g\u00e9n\u00e9ralis\u00e9es d\u2019abris dans les camps, provoquant des d\u00e9placements massifs incessants.<\/p>\n\n\n\n<p class=\"has-medium-font-size wp-block-paragraph\">La famille d\u2019Aliya* a \u00e9t\u00e9 attaqu\u00e9e \u00e0 Al Jazirah, ce qui l\u2019a oblig\u00e9e \u00e0 fuir \u00e0 pied. \u00ab <em>Ils nous ont tout pris, nous sommes partis sans rien. Ils nous ont battus comme des chiens <\/em>\u00bb, t\u00e9moigne-t-elle dans le rapport des ONG. Leur voyage n\u2019en a pas \u00e9t\u00e9 moins ardu et dangereux&nbsp;: \u00ab <em>Nous avons march\u00e9 pendant sept jours sous le soleil, sans rien manger. Certaines femmes sont mortes en chemin &#8211; il n\u2019y avait pas d\u2019eau \u00e0 boire, elles sont mortes de soif<\/em> \u00bb.<\/p>\n\n\n\n<p class=\"has-medium-font-size wp-block-paragraph\">Comme d\u2019innombrables autres femmes prises dans cette spirale de violence, Aliya est aujourd\u2019hui la seule \u00e0 s\u2019occuper et \u00e0 subvenir aux besoins de sa famille d\u00e9racin\u00e9e. \u00ab <em>Nos hommes sont rest\u00e9s au village. Je ne sais pas o\u00f9 est mon mari&#8230; Ils l\u2019ont peut-\u00eatre tu\u00e9. Je jure que je ne sais pas ce qu\u2019il est devenu<\/em>. <em>J\u2019ai six enfants. Nous avons besoin de v\u00eatements, de chaussures, de nourriture, de savon &#8211; nous n\u2019avons plus rien<\/em> \u00bb.<\/p>\n\n\n\n<p class=\"has-medium-font-size wp-block-paragraph\">Mariam*, s\u2019est enfuie \u00e0 Kassala apr\u00e8s que son mari a \u00e9t\u00e9 assassin\u00e9 sans raisons.<\/p>\n\n\n\n<p class=\"has-medium-font-size wp-block-paragraph\">\u00ab <em>Ils sont venus chez nous, nous ont menac\u00e9s et ont essay\u00e9 de prendre mes filles. Je leur ai dit que mes filles \u00e9taient mari\u00e9es. Ils ont ensuite exig\u00e9 de l\u2019or et de l\u2019argent, mais je leur ai dit que je n\u2019en avais pas. Ils nous ont alors emmen\u00e9es, ma fille a\u00een\u00e9e et moi, et nous ont battues. L\u2019une de mes filles est immunod\u00e9prim\u00e9e et je crains qu\u2019elle ne meure de malnutrition<\/em> \u00bb, poursuit-elle. \u00ab <em>J\u2019utilise mes propres v\u00eatements pour couvrir mon nouveau-n\u00e9, qui n\u2019a que quatre mois<\/em> \u00bb.<\/p>\n\n\n\n<p class=\"wp-block-paragraph\"><strong>Une r\u00e9ponse humanitaire, mais le financement est d\u00e9ficient<\/strong><\/p>\n\n\n\n<p class=\"has-medium-font-size wp-block-paragraph\">Depuis l\u2019escalade de la violence \u00e0 Al Jazirah, l\u2019UNFPA a fourni plus de cinq \u00e9quipes sanitaires mobiles d\u00e9ploy\u00e9es dans l\u2019\u00c9tat de Gedaref, financ\u00e9es par les gouvernements du Canada, de la R\u00e9publique de Cor\u00e9e, de la Su\u00e8de, du Royaume-Uni et des \u00c9tats-Unis.<\/p>\n\n\n\n<p class=\"has-medium-font-size wp-block-paragraph\">L\u2019ONU a pr\u00e9vu d\u2019envoyer une \u00e9quipe de sant\u00e9 suppl\u00e9mentaire \u00e0 Al Butana, ainsi qu\u2019une unit\u00e9 mobile de sant\u00e9 et de soutien psychosocial \u00e0 l\u2019h\u00f4pital d\u2019Elfao, que d\u2019ores et d\u00e9j\u00e0 l\u2019UNFPA a \u00e9quip\u00e9 de mat\u00e9riel clinique en relations directe avec la r\u00e9paration physique d\u2019agressions sexuelles.<\/p>\n\n\n\n<p class=\"has-medium-font-size wp-block-paragraph\">Les h\u00f4pitaux de New Halfa et de Khashm El Girba \u00e0 Kassala ont \u00e9galement re\u00e7u ces \u00e9quipements m\u00e9dicaux essentiels.<\/p>\n\n\n\n<p class=\"has-medium-font-size wp-block-paragraph\">L&rsquo;UNFPA soutient actuellement 49 espaces de s\u00e9curit\u00e9 pour les femmes et jeunes filles \u00e0 travers le Soudan, fournissant des services essentiels de pr\u00e9vention et de r\u00e9ponse \u00e0 la violence bas\u00e9e sur le genre. Mais face \u00e0 l&rsquo;escalade de la violence et l&rsquo;ins\u00e9curit\u00e9 croissante, il faut faire beaucoup plus pour garantir un acc\u00e8s s\u00fbr et rapide \u00e0 un soutien vital pour toutes les femmes et jeunes filles qui en ont un besoin urgent.<\/p>\n\n\n\n<h2 class=\"wp-block-heading\" id=\"h-le-veto-de-moscou-au-conseil-de-securite-sur-le-soudan-met-des-millions-de-civils-en-danger\"><strong>Le veto de Moscou au Conseil de s\u00e9curit\u00e9 sur le Soudan met des millions de civils en danger<\/strong><\/h2>\n\n\n\n<p class=\"has-medium-font-size wp-block-paragraph\">Loin des yeux, loin du c\u0153ur. Tel pourrait \u00eatre le triste adage de ce conflit arm\u00e9 qui oppose depuis pr\u00e8s de 2 ans maintenant au Soudan, les Forces arm\u00e9es soudanaises (SAF) aux Forces de s\u00e9curit\u00e9 soudanaises (RSF), ce dernier ayant \u00e9clat\u00e9 en avril 2023. Le projet de r\u00e9solution du Conseil de s\u00e9curit\u00e9 des Nations unies du 18 novembre dernier fait part, entre autres, de son inqui\u00e9tude et condamne les violations des droits humains et du droit international humanitaire. En outre, il exhorte \u00ab&nbsp;<em>toutes les parties au conflit \u00e0 prot\u00e9ger les infrastructures civiles n\u00e9cessaires \u00e0 l\u2019acheminement de l\u2019aide humanitaire et \u00e0 permettre et faciliter l\u2019acc\u00e8s de cette aide, tout en encourageant les partenaires internationaux \u00e0 l\u2019augmenter<\/em>&nbsp;\u00bb. Tel est synth\u00e9tiquement l\u2019objet du texte, semblant d\u00e9rangeant pour le Kremlin.<\/p>\n\n\n\n<p class=\"has-medium-font-size wp-block-paragraph\">De nombreuses ONG, dont certaines op\u00e9rant \u00e9galement dans le Caucase proche de la Russie, ont d\u2019ores et d\u00e9j\u00e0 r\u00e9agit \u00e0 la position de Moscou. Amnesty International a notamment fait part de sa vive d\u00e9ception face \u00e0 ce veto honteux. \u00ab&nbsp;<em>Une fois encore, la politique fait barrage \u00e0 la protection des civils et le Conseil de s\u00e9curit\u00e9 des Nations unies n\u2019a pas rempli son mandat<\/em>&nbsp;\u00bb, a d\u00e9clar\u00e9 Tigere Chagutah, directeur r\u00e9gional pour l\u2019Afrique de l\u2019Est et l\u2019Afrique australe \u00e0 Amnesty International.<\/p>\n\n\n\n<p class=\"has-medium-font-size wp-block-paragraph\">\u00ab <em>Le Soudan conna\u00eet la plus grande crise de personnes d\u00e9plac\u00e9es au monde. Faciliter l\u2019acheminement de l\u2019aide humanitaire, tel que pr\u00e9vu dans le projet de r\u00e9solution, aurait permis de soulager temporairement des millions de personnes d\u00e9plac\u00e9es \u00e0 l\u2019int\u00e9rieur du pays ayant besoin d\u2019assistance de toute urgence. Tous les pays qui alimentent le conflit doivent imm\u00e9diatement cesser les livraisons directes et indirectes d\u2019armes et de munitions aux deux parties et respecter et faire respecter l\u2019embargo du Conseil de s\u00e9curit\u00e9 de l\u2019ONU sur le Darfour. Le Conseil de s\u00e9curit\u00e9 doit donner la priorit\u00e9 \u00e0 la protection de la population civile en \u00e9tendant l\u2019embargo actuel sur les armes au reste du Soudan<\/em>. \u00bb s\u2019est-il press\u00e9 d\u2019ench\u00e9rir.<\/p>\n\n\n\n<p class=\"has-medium-font-size wp-block-paragraph\">Ce veto russe \u00e0 l&rsquo;ONU rappelle \u00e0 quel point les rivalit\u00e9s internationales, les ing\u00e9rences r\u00e9elles ou suppos\u00e9es compliquent encore un peu plus la donne dans ce conflit, qui a d\u00e9j\u00e0 fait des dizaines de milliers de morts et d\u00e9plac\u00e9s&nbsp;: plus de 11 millions de personnes, dont 3,1 millions \u00e0 l&rsquo;ext\u00e9rieur du pays, selon l&rsquo;ONU.<\/p>\n\n\n\n<p class=\"has-medium-font-size wp-block-paragraph\">Si la Russie s&rsquo;\u00e9tait abstenue lors des pr\u00e9c\u00e9dentes r\u00e9solutions sur cette guerre, ce veto confirme un alignement de plus en plus clair avec le camp du g\u00e9n\u00e9ral Burhane, selon les experts interrog\u00e9s par <em>GEOpolitics<\/em>.fr<\/p>\n\n\n\n<p class=\"has-medium-font-size wp-block-paragraph\">Au-del\u00e0 de ces chiffres qui en disent long sur l&rsquo;ampleur de la crise humanitaire au Soudan, les deux camps se livrent simultan\u00e9ment \u00e0 des crimes de guerre \u00e0 grande \u00e9chelle, allant du bombardement de zones r\u00e9sidentielles au pillage de l&rsquo;aide humanitaire, en passant par l&rsquo;utilisation syst\u00e9mique du viol contre les Soudanaises.<\/p>\n\n\n\n<p class=\"has-medium-font-size wp-block-paragraph\"><em>*Les noms ont \u00e9t\u00e9 modifi\u00e9s pour des raisons de confidentialit\u00e9 et de protection.<\/em><\/p>\n","protected":false},"excerpt":{"rendered":"<p>La Russie a mis son veto ce lundi, \u00e0 un projet de r\u00e9solution du Conseil de s\u00e9curit\u00e9 de l&rsquo;ONU pour un cessez-le-feu&hellip;<\/p>","protected":false},"author":93,"featured_media":3137,"comment_status":"open","ping_status":"open","sticky":false,"template":"","format":"standard","meta":{"_lmt_disableupdate":"","_lmt_disable":"","footnotes":""},"categories":[41,4],"tags":[368],"class_list":["post-3136","post","type-post","status-publish","format-standard","has-post-thumbnail","hentry","category-actualite","category-mis-en-avant","tag-soudan-du-sud"],"yoast_head":"<!-- This site is optimized with the Yoast SEO Premium plugin v28.1 (Yoast SEO v28.1) - https:\/\/yoast.com\/product\/yoast-seo-premium-wordpress\/ -->\n<title>Soudan du Sud :  situation insoutenable, La Russie refuse un cessez-le-feu\u00a0! | Geopolitics.fr<\/title>\n<meta name=\"description\" content=\"Le veto russe au Conseil de S\u00e9curit\u00e9 bloque un cessez-le-feu au Soudan du Sud alors que le situation sur le terrain est insoutenable.\" \/>\n<meta name=\"robots\" content=\"index, follow, max-snippet:-1, max-image-preview:large, max-video-preview:-1\" \/>\n<link rel=\"canonical\" href=\"https:\/\/www.geopolitics.fr\/en\/2024\/11\/20\/soudan-du-sud-la-russie-refuse-un-cessez-le-feu\/\" \/>\n<meta property=\"og:locale\" content=\"en_GB\" \/>\n<meta property=\"og:type\" content=\"article\" \/>\n<meta property=\"og:title\" content=\"Soudan du Sud :  situation insoutenable, La Russie refuse un cessez-le-feu\u00a0!\" \/>\n<meta property=\"og:description\" content=\"Le veto russe au Conseil de S\u00e9curit\u00e9 bloque un cessez-le-feu au Soudan du Sud alors que le situation sur le terrain est insoutenable.\" \/>\n<meta property=\"og:url\" content=\"https:\/\/www.geopolitics.fr\/en\/2024\/11\/20\/soudan-du-sud-la-russie-refuse-un-cessez-le-feu\/\" \/>\n<meta property=\"og:site_name\" content=\"Geopolitics.fr\" \/>\n<meta property=\"article:publisher\" content=\"https:\/\/www.facebook.com\/people\/Erwan-Davoux\/61557098968092\/\" \/>\n<meta property=\"article:author\" content=\"https:\/\/www.facebook.com\/odelagarde\" \/>\n<meta property=\"article:published_time\" content=\"2024-11-20T18:15:28+00:00\" \/>\n<meta property=\"article:modified_time\" content=\"2024-11-20T18:17:06+00:00\" \/>\n<meta property=\"og:image\" content=\"https:\/\/www.geopolitics.fr\/wp-content\/uploads\/2024\/11\/Sud-Soudan.jpg\" \/>\n\t<meta property=\"og:image:width\" content=\"1170\" \/>\n\t<meta property=\"og:image:height\" content=\"531\" \/>\n\t<meta property=\"og:image:type\" content=\"image\/jpeg\" \/>\n<meta name=\"author\" content=\"Olivier DELAGARDE\" \/>\n<meta name=\"twitter:card\" content=\"summary_large_image\" \/>\n<meta name=\"twitter:creator\" content=\"@Geopolitics_Fr\" \/>\n<meta name=\"twitter:site\" content=\"@Geopolitics_Fr\" \/>\n<meta name=\"twitter:label1\" content=\"Written by\" \/>\n\t<meta name=\"twitter:data1\" content=\"Olivier DELAGARDE\" \/>\n\t<meta name=\"twitter:label2\" content=\"Estimated reading time\" \/>\n\t<meta name=\"twitter:data2\" content=\"12 minutes\" \/>\n<script type=\"application\/ld+json\" class=\"yoast-schema-graph\">{\"@context\":\"https:\\\/\\\/schema.org\",\"@graph\":[{\"@type\":\"Article\",\"@id\":\"https:\\\/\\\/www.geopolitics.fr\\\/2024\\\/11\\\/20\\\/soudan-du-sud-la-russie-refuse-un-cessez-le-feu\\\/#article\",\"isPartOf\":{\"@id\":\"https:\\\/\\\/www.geopolitics.fr\\\/2024\\\/11\\\/20\\\/soudan-du-sud-la-russie-refuse-un-cessez-le-feu\\\/\"},\"author\":{\"name\":\"Olivier DELAGARDE\",\"@id\":\"https:\\\/\\\/www.geopolitics.fr\\\/#\\\/schema\\\/person\\\/9b98d78234af63d6ad71199d66115350\"},\"headline\":\"Soudan du Sud : situation insoutenable, La Russie refuse un cessez-le-feu\u00a0!\",\"datePublished\":\"2024-11-20T18:15:28+00:00\",\"dateModified\":\"2024-11-20T18:17:06+00:00\",\"mainEntityOfPage\":{\"@id\":\"https:\\\/\\\/www.geopolitics.fr\\\/2024\\\/11\\\/20\\\/soudan-du-sud-la-russie-refuse-un-cessez-le-feu\\\/\"},\"wordCount\":2508,\"commentCount\":0,\"publisher\":{\"@id\":\"https:\\\/\\\/www.geopolitics.fr\\\/#organization\"},\"image\":{\"@id\":\"https:\\\/\\\/www.geopolitics.fr\\\/2024\\\/11\\\/20\\\/soudan-du-sud-la-russie-refuse-un-cessez-le-feu\\\/#primaryimage\"},\"thumbnailUrl\":\"https:\\\/\\\/www.geopolitics.fr\\\/wp-content\\\/uploads\\\/2024\\\/11\\\/Sud-Soudan.jpg\",\"keywords\":[\"SOUDAN DU SUD\"],\"articleSection\":[\"Actualit\u00e9\",\"Mis en AVANT\"],\"inLanguage\":\"en-GB\"},{\"@type\":\"WebPage\",\"@id\":\"https:\\\/\\\/www.geopolitics.fr\\\/2024\\\/11\\\/20\\\/soudan-du-sud-la-russie-refuse-un-cessez-le-feu\\\/\",\"url\":\"https:\\\/\\\/www.geopolitics.fr\\\/2024\\\/11\\\/20\\\/soudan-du-sud-la-russie-refuse-un-cessez-le-feu\\\/\",\"name\":\"Soudan du Sud : situation insoutenable, La Russie refuse un cessez-le-feu\u00a0! | Geopolitics.fr\",\"isPartOf\":{\"@id\":\"https:\\\/\\\/www.geopolitics.fr\\\/#website\"},\"primaryImageOfPage\":{\"@id\":\"https:\\\/\\\/www.geopolitics.fr\\\/2024\\\/11\\\/20\\\/soudan-du-sud-la-russie-refuse-un-cessez-le-feu\\\/#primaryimage\"},\"image\":{\"@id\":\"https:\\\/\\\/www.geopolitics.fr\\\/2024\\\/11\\\/20\\\/soudan-du-sud-la-russie-refuse-un-cessez-le-feu\\\/#primaryimage\"},\"thumbnailUrl\":\"https:\\\/\\\/www.geopolitics.fr\\\/wp-content\\\/uploads\\\/2024\\\/11\\\/Sud-Soudan.jpg\",\"datePublished\":\"2024-11-20T18:15:28+00:00\",\"dateModified\":\"2024-11-20T18:17:06+00:00\",\"description\":\"Le veto russe au Conseil de S\u00e9curit\u00e9 bloque un cessez-le-feu au Soudan du Sud alors que le situation sur le terrain est insoutenable.\",\"breadcrumb\":{\"@id\":\"https:\\\/\\\/www.geopolitics.fr\\\/2024\\\/11\\\/20\\\/soudan-du-sud-la-russie-refuse-un-cessez-le-feu\\\/#breadcrumb\"},\"inLanguage\":\"en-GB\",\"potentialAction\":[{\"@type\":\"ReadAction\",\"target\":[\"https:\\\/\\\/www.geopolitics.fr\\\/2024\\\/11\\\/20\\\/soudan-du-sud-la-russie-refuse-un-cessez-le-feu\\\/\"]}]},{\"@type\":\"ImageObject\",\"inLanguage\":\"en-GB\",\"@id\":\"https:\\\/\\\/www.geopolitics.fr\\\/2024\\\/11\\\/20\\\/soudan-du-sud-la-russie-refuse-un-cessez-le-feu\\\/#primaryimage\",\"url\":\"https:\\\/\\\/www.geopolitics.fr\\\/wp-content\\\/uploads\\\/2024\\\/11\\\/Sud-Soudan.jpg\",\"contentUrl\":\"https:\\\/\\\/www.geopolitics.fr\\\/wp-content\\\/uploads\\\/2024\\\/11\\\/Sud-Soudan.jpg\",\"width\":1170,\"height\":531},{\"@type\":\"BreadcrumbList\",\"@id\":\"https:\\\/\\\/www.geopolitics.fr\\\/2024\\\/11\\\/20\\\/soudan-du-sud-la-russie-refuse-un-cessez-le-feu\\\/#breadcrumb\",\"itemListElement\":[{\"@type\":\"ListItem\",\"position\":1,\"name\":\"Accueil\",\"item\":\"https:\\\/\\\/www.geopolitics.fr\\\/\"},{\"@type\":\"ListItem\",\"position\":2,\"name\":\"Soudan du Sud : situation insoutenable, La Russie refuse un cessez-le-feu\u00a0!\"}]},{\"@type\":\"WebSite\",\"@id\":\"https:\\\/\\\/www.geopolitics.fr\\\/#website\",\"url\":\"https:\\\/\\\/www.geopolitics.fr\\\/\",\"name\":\"Geopolitics.fr\",\"description\":\"Geopolitics.fr Analyse politique, relations internationales, d\u00e9fense - ligne \u00e9ditoriale gaullo-chiraquienne\",\"publisher\":{\"@id\":\"https:\\\/\\\/www.geopolitics.fr\\\/#organization\"},\"potentialAction\":[{\"@type\":\"SearchAction\",\"target\":{\"@type\":\"EntryPoint\",\"urlTemplate\":\"https:\\\/\\\/www.geopolitics.fr\\\/?s={search_term_string}\"},\"query-input\":{\"@type\":\"PropertyValueSpecification\",\"valueRequired\":true,\"valueName\":\"search_term_string\"}}],\"inLanguage\":\"en-GB\"},{\"@type\":\"Organization\",\"@id\":\"https:\\\/\\\/www.geopolitics.fr\\\/#organization\",\"name\":\"Geopolitics.fr\",\"url\":\"https:\\\/\\\/www.geopolitics.fr\\\/\",\"logo\":{\"@type\":\"ImageObject\",\"inLanguage\":\"en-GB\",\"@id\":\"https:\\\/\\\/www.geopolitics.fr\\\/#\\\/schema\\\/logo\\\/image\\\/\",\"url\":\"https:\\\/\\\/www.geopolitics.fr\\\/wp-content\\\/uploads\\\/2024\\\/01\\\/logo.jpg\",\"contentUrl\":\"https:\\\/\\\/www.geopolitics.fr\\\/wp-content\\\/uploads\\\/2024\\\/01\\\/logo.jpg\",\"width\":500,\"height\":500,\"caption\":\"Geopolitics.fr\"},\"image\":{\"@id\":\"https:\\\/\\\/www.geopolitics.fr\\\/#\\\/schema\\\/logo\\\/image\\\/\"},\"sameAs\":[\"https:\\\/\\\/www.facebook.com\\\/people\\\/Erwan-Davoux\\\/61557098968092\\\/\",\"https:\\\/\\\/x.com\\\/Geopolitics_Fr\"]},{\"@type\":\"Person\",\"@id\":\"https:\\\/\\\/www.geopolitics.fr\\\/#\\\/schema\\\/person\\\/9b98d78234af63d6ad71199d66115350\",\"name\":\"Olivier DELAGARDE\",\"image\":{\"@type\":\"ImageObject\",\"inLanguage\":\"en-GB\",\"@id\":\"https:\\\/\\\/secure.gravatar.com\\\/avatar\\\/2c50afbd303b51697d9591857ee182bf3ead572fa530da00bb0278cf506c3a97?s=96&d=mm&r=g\",\"url\":\"https:\\\/\\\/secure.gravatar.com\\\/avatar\\\/2c50afbd303b51697d9591857ee182bf3ead572fa530da00bb0278cf506c3a97?s=96&d=mm&r=g\",\"contentUrl\":\"https:\\\/\\\/secure.gravatar.com\\\/avatar\\\/2c50afbd303b51697d9591857ee182bf3ead572fa530da00bb0278cf506c3a97?s=96&d=mm&r=g\",\"caption\":\"Olivier DELAGARDE\"},\"description\":\"Journaliste depuis plus de 20 ans, accr\u00e9dit\u00e9 aupr\u00e8s de l'Organisation des Nations Unies, de la Ligue des Etats Arabes, titulaire de la Carte d'Identit\u00e9 des Journalistes Professionnels en France et de la F\u00e9d\u00e9ration Internationale des Journalistes, Olivier a occup\u00e9 le poste de Grand reporter correspondant permanent en \u00c9gypte pour des m\u00e9dias de renomm\u00e9e mondiale tels que TV5 MONDE, le GROUPE M6, le GROUPE TF1 ou encore l\u2019AFP. Durant plus de dix ann\u00e9es, il a produit de nombreux reportages sur la politique internationale en Afrique de l'Est, tout en couvrant les principaux conflits au Proche et Moyen-Orient. En tant que Chef de bureau Proche-Orient pour TV5 MONDE, il \u00e9tait responsable de la production de reportages, des relations institutionnelles et de la repr\u00e9sentation de la cha\u00eene, tout en \u00e9crivant pour plusieurs m\u00e9dias europ\u00e9ens et internationaux.\",\"sameAs\":[\"https:\\\/\\\/www.facebook.com\\\/odelagarde\",\"https:\\\/\\\/www.linkedin.com\\\/in\\\/olivier-delagarde-816b17270\\\/\"],\"url\":\"https:\\\/\\\/www.geopolitics.fr\\\/en\\\/author\\\/odelagarde\\\/\"}]}<\/script>\n<!-- \/ Yoast SEO Premium plugin. -->","yoast_head_json":{"title":"Soudan du Sud :  situation insoutenable, La Russie refuse un cessez-le-feu\u00a0! | Geopolitics.fr","description":"Le veto russe au Conseil de S\u00e9curit\u00e9 bloque un cessez-le-feu au Soudan du Sud alors que le situation sur le terrain est insoutenable.","robots":{"index":"index","follow":"follow","max-snippet":"max-snippet:-1","max-image-preview":"max-image-preview:large","max-video-preview":"max-video-preview:-1"},"canonical":"https:\/\/www.geopolitics.fr\/en\/2024\/11\/20\/soudan-du-sud-la-russie-refuse-un-cessez-le-feu\/","og_locale":"en_GB","og_type":"article","og_title":"Soudan du Sud :  situation insoutenable, La Russie refuse un cessez-le-feu\u00a0!","og_description":"Le veto russe au Conseil de S\u00e9curit\u00e9 bloque un cessez-le-feu au Soudan du Sud alors que le situation sur le terrain est insoutenable.","og_url":"https:\/\/www.geopolitics.fr\/en\/2024\/11\/20\/soudan-du-sud-la-russie-refuse-un-cessez-le-feu\/","og_site_name":"Geopolitics.fr","article_publisher":"https:\/\/www.facebook.com\/people\/Erwan-Davoux\/61557098968092\/","article_author":"https:\/\/www.facebook.com\/odelagarde","article_published_time":"2024-11-20T18:15:28+00:00","article_modified_time":"2024-11-20T18:17:06+00:00","og_image":[{"width":1170,"height":531,"url":"https:\/\/www.geopolitics.fr\/wp-content\/uploads\/2024\/11\/Sud-Soudan.jpg","type":"image\/jpeg"}],"author":"Olivier DELAGARDE","twitter_card":"summary_large_image","twitter_creator":"@Geopolitics_Fr","twitter_site":"@Geopolitics_Fr","twitter_misc":{"Written by":"Olivier DELAGARDE","Estimated reading time":"12 minutes"},"schema":{"@context":"https:\/\/schema.org","@graph":[{"@type":"Article","@id":"https:\/\/www.geopolitics.fr\/2024\/11\/20\/soudan-du-sud-la-russie-refuse-un-cessez-le-feu\/#article","isPartOf":{"@id":"https:\/\/www.geopolitics.fr\/2024\/11\/20\/soudan-du-sud-la-russie-refuse-un-cessez-le-feu\/"},"author":{"name":"Olivier DELAGARDE","@id":"https:\/\/www.geopolitics.fr\/#\/schema\/person\/9b98d78234af63d6ad71199d66115350"},"headline":"Soudan du Sud : situation insoutenable, La Russie refuse un cessez-le-feu\u00a0!","datePublished":"2024-11-20T18:15:28+00:00","dateModified":"2024-11-20T18:17:06+00:00","mainEntityOfPage":{"@id":"https:\/\/www.geopolitics.fr\/2024\/11\/20\/soudan-du-sud-la-russie-refuse-un-cessez-le-feu\/"},"wordCount":2508,"commentCount":0,"publisher":{"@id":"https:\/\/www.geopolitics.fr\/#organization"},"image":{"@id":"https:\/\/www.geopolitics.fr\/2024\/11\/20\/soudan-du-sud-la-russie-refuse-un-cessez-le-feu\/#primaryimage"},"thumbnailUrl":"https:\/\/www.geopolitics.fr\/wp-content\/uploads\/2024\/11\/Sud-Soudan.jpg","keywords":["SOUDAN DU SUD"],"articleSection":["Actualit\u00e9","Mis en AVANT"],"inLanguage":"en-GB"},{"@type":"WebPage","@id":"https:\/\/www.geopolitics.fr\/2024\/11\/20\/soudan-du-sud-la-russie-refuse-un-cessez-le-feu\/","url":"https:\/\/www.geopolitics.fr\/2024\/11\/20\/soudan-du-sud-la-russie-refuse-un-cessez-le-feu\/","name":"Soudan du Sud : situation insoutenable, La Russie refuse un cessez-le-feu\u00a0! | Geopolitics.fr","isPartOf":{"@id":"https:\/\/www.geopolitics.fr\/#website"},"primaryImageOfPage":{"@id":"https:\/\/www.geopolitics.fr\/2024\/11\/20\/soudan-du-sud-la-russie-refuse-un-cessez-le-feu\/#primaryimage"},"image":{"@id":"https:\/\/www.geopolitics.fr\/2024\/11\/20\/soudan-du-sud-la-russie-refuse-un-cessez-le-feu\/#primaryimage"},"thumbnailUrl":"https:\/\/www.geopolitics.fr\/wp-content\/uploads\/2024\/11\/Sud-Soudan.jpg","datePublished":"2024-11-20T18:15:28+00:00","dateModified":"2024-11-20T18:17:06+00:00","description":"Le veto russe au Conseil de S\u00e9curit\u00e9 bloque un cessez-le-feu au Soudan du Sud alors que le situation sur le terrain est insoutenable.","breadcrumb":{"@id":"https:\/\/www.geopolitics.fr\/2024\/11\/20\/soudan-du-sud-la-russie-refuse-un-cessez-le-feu\/#breadcrumb"},"inLanguage":"en-GB","potentialAction":[{"@type":"ReadAction","target":["https:\/\/www.geopolitics.fr\/2024\/11\/20\/soudan-du-sud-la-russie-refuse-un-cessez-le-feu\/"]}]},{"@type":"ImageObject","inLanguage":"en-GB","@id":"https:\/\/www.geopolitics.fr\/2024\/11\/20\/soudan-du-sud-la-russie-refuse-un-cessez-le-feu\/#primaryimage","url":"https:\/\/www.geopolitics.fr\/wp-content\/uploads\/2024\/11\/Sud-Soudan.jpg","contentUrl":"https:\/\/www.geopolitics.fr\/wp-content\/uploads\/2024\/11\/Sud-Soudan.jpg","width":1170,"height":531},{"@type":"BreadcrumbList","@id":"https:\/\/www.geopolitics.fr\/2024\/11\/20\/soudan-du-sud-la-russie-refuse-un-cessez-le-feu\/#breadcrumb","itemListElement":[{"@type":"ListItem","position":1,"name":"Accueil","item":"https:\/\/www.geopolitics.fr\/"},{"@type":"ListItem","position":2,"name":"Soudan du Sud : situation insoutenable, La Russie refuse un cessez-le-feu\u00a0!"}]},{"@type":"WebSite","@id":"https:\/\/www.geopolitics.fr\/#website","url":"https:\/\/www.geopolitics.fr\/","name":"Geopolitics.fr","description":"Geopolitics.fr Analyse politique, relations internationales, d\u00e9fense - ligne \u00e9ditoriale gaullo-chiraquienne","publisher":{"@id":"https:\/\/www.geopolitics.fr\/#organization"},"potentialAction":[{"@type":"SearchAction","target":{"@type":"EntryPoint","urlTemplate":"https:\/\/www.geopolitics.fr\/?s={search_term_string}"},"query-input":{"@type":"PropertyValueSpecification","valueRequired":true,"valueName":"search_term_string"}}],"inLanguage":"en-GB"},{"@type":"Organization","@id":"https:\/\/www.geopolitics.fr\/#organization","name":"Geopolitics.fr","url":"https:\/\/www.geopolitics.fr\/","logo":{"@type":"ImageObject","inLanguage":"en-GB","@id":"https:\/\/www.geopolitics.fr\/#\/schema\/logo\/image\/","url":"https:\/\/www.geopolitics.fr\/wp-content\/uploads\/2024\/01\/logo.jpg","contentUrl":"https:\/\/www.geopolitics.fr\/wp-content\/uploads\/2024\/01\/logo.jpg","width":500,"height":500,"caption":"Geopolitics.fr"},"image":{"@id":"https:\/\/www.geopolitics.fr\/#\/schema\/logo\/image\/"},"sameAs":["https:\/\/www.facebook.com\/people\/Erwan-Davoux\/61557098968092\/","https:\/\/x.com\/Geopolitics_Fr"]},{"@type":"Person","@id":"https:\/\/www.geopolitics.fr\/#\/schema\/person\/9b98d78234af63d6ad71199d66115350","name":"Olivier DELAGARDE","image":{"@type":"ImageObject","inLanguage":"en-GB","@id":"https:\/\/secure.gravatar.com\/avatar\/2c50afbd303b51697d9591857ee182bf3ead572fa530da00bb0278cf506c3a97?s=96&d=mm&r=g","url":"https:\/\/secure.gravatar.com\/avatar\/2c50afbd303b51697d9591857ee182bf3ead572fa530da00bb0278cf506c3a97?s=96&d=mm&r=g","contentUrl":"https:\/\/secure.gravatar.com\/avatar\/2c50afbd303b51697d9591857ee182bf3ead572fa530da00bb0278cf506c3a97?s=96&d=mm&r=g","caption":"Olivier DELAGARDE"},"description":"Journaliste depuis plus de 20 ans, accr\u00e9dit\u00e9 aupr\u00e8s de l'Organisation des Nations Unies, de la Ligue des Etats Arabes, titulaire de la Carte d'Identit\u00e9 des Journalistes Professionnels en France et de la F\u00e9d\u00e9ration Internationale des Journalistes, Olivier a occup\u00e9 le poste de Grand reporter correspondant permanent en \u00c9gypte pour des m\u00e9dias de renomm\u00e9e mondiale tels que TV5 MONDE, le GROUPE M6, le GROUPE TF1 ou encore l\u2019AFP. Durant plus de dix ann\u00e9es, il a produit de nombreux reportages sur la politique internationale en Afrique de l'Est, tout en couvrant les principaux conflits au Proche et Moyen-Orient. En tant que Chef de bureau Proche-Orient pour TV5 MONDE, il \u00e9tait responsable de la production de reportages, des relations institutionnelles et de la repr\u00e9sentation de la cha\u00eene, tout en \u00e9crivant pour plusieurs m\u00e9dias europ\u00e9ens et internationaux.","sameAs":["https:\/\/www.facebook.com\/odelagarde","https:\/\/www.linkedin.com\/in\/olivier-delagarde-816b17270\/"],"url":"https:\/\/www.geopolitics.fr\/en\/author\/odelagarde\/"}]}},"_links":{"self":[{"href":"https:\/\/www.geopolitics.fr\/en\/wp-json\/wp\/v2\/posts\/3136","targetHints":{"allow":["GET"]}}],"collection":[{"href":"https:\/\/www.geopolitics.fr\/en\/wp-json\/wp\/v2\/posts"}],"about":[{"href":"https:\/\/www.geopolitics.fr\/en\/wp-json\/wp\/v2\/types\/post"}],"author":[{"embeddable":true,"href":"https:\/\/www.geopolitics.fr\/en\/wp-json\/wp\/v2\/users\/93"}],"replies":[{"embeddable":true,"href":"https:\/\/www.geopolitics.fr\/en\/wp-json\/wp\/v2\/comments?post=3136"}],"version-history":[{"count":0,"href":"https:\/\/www.geopolitics.fr\/en\/wp-json\/wp\/v2\/posts\/3136\/revisions"}],"wp:featuredmedia":[{"embeddable":true,"href":"https:\/\/www.geopolitics.fr\/en\/wp-json\/wp\/v2\/media\/3137"}],"wp:attachment":[{"href":"https:\/\/www.geopolitics.fr\/en\/wp-json\/wp\/v2\/media?parent=3136"}],"wp:term":[{"taxonomy":"category","embeddable":true,"href":"https:\/\/www.geopolitics.fr\/en\/wp-json\/wp\/v2\/categories?post=3136"},{"taxonomy":"post_tag","embeddable":true,"href":"https:\/\/www.geopolitics.fr\/en\/wp-json\/wp\/v2\/tags?post=3136"}],"curies":[{"name":"wp","href":"https:\/\/api.w.org\/{rel}","templated":true}]}}